{"id":23377,"date":"2022-09-05T06:39:06","date_gmt":"2022-09-04T21:39:06","guid":{"rendered":"https:\/\/portal.hokuryu.info\/?p=23377"},"modified":"2024-12-30T14:45:59","modified_gmt":"2024-12-30T05:45:59","slug":"%e7%a5%9d%ef%bc%81%e5%8c%97%e7%ab%9c%e7%94%ba%e9%96%8b%e7%94%ba%ef%bc%91%ef%bc%93%ef%bc%90%e5%b9%b4%e8%a8%98%e5%bf%b5%e5%bc%8f%e5%85%b8","status":"publish","type":"post","link":"https:\/\/portal.hokuryu.info\/pt\/23377\/","title":{"rendered":"Comemorando o 130\u00ba anivers\u00e1rio da cidade de Hokuryu!"},"content":{"rendered":"<p>Segunda-feira, 5 de setembro de 2022<\/p>\n<p>A cerim\u00f4nia de comemora\u00e7\u00e3o do 130\u00ba anivers\u00e1rio da cidade de Hokuryu foi realizada no Sal\u00e3o Nobre do Centro Comunit\u00e1rio de Hokuryu a partir das 10h do s\u00e1bado, 3 de setembro de 2022.<\/p>\n<p>Para celebrar o 130\u00ba anivers\u00e1rio da funda\u00e7\u00e3o da cidade de Hokuryu e reconhecer as grandes contribui\u00e7\u00f5es para o desenvolvimento da cidade, 65 moradores receberam cartas de agradecimento. Gostar\u00edamos de expressar nossos sinceros parab\u00e9ns.<\/p>\n<h2>Cerim\u00f4nia e local comemorativos do 130\u00ba anivers\u00e1rio da cidade de Hokuryu<\/h2>\n<h3>Centro Comunit\u00e1rio da Cidade de Hokuryu<\/h3>\n<figure class=\"wp-caption aligncenter\"><a href=\"https:\/\/photos.google.com\/share\/AF1QipNU1Tuhn9Ovwt-oSJZuuwPsbSIUkTSCSDJdiMVO4rYl49n-UDQyDFfz6IVqewlXtg\/photo\/AF1QipNQtKyLhCx8IKJGN51qQ36LOd8s7Yt0Ipn54Iw?key=WGg3Y0cyUk0yWUIyTTZkeEhWUFZQTkFxeUdTdW9B\" target=\"_blank\" rel=\"noopener\"><img decoding=\"async\" class=\"size-full\" src=\"https:\/\/lh3.googleusercontent.com\/pw\/AL9nZEUFXVslQ9nUHX_f3kO7TRePO31B51RY8YEcj4I9w4r3oo2SMwNraeQWkUfX0nF4Tr76RjRZIKOE2Ysg5JUJH5DmhOT23t_nWQxM2cOwqZVV9qrgnE8ZLZri1XpN1F17LcssGxiosboYrFwK0G2xxdif=w2528-h1896-no?authuser=1\" alt=\"Realizado no Centro Comunit\u00e1rio da Cidade de Hokuryu\" width=\"2528\" height=\"1896\" \/><\/a><figcaption class=\"wp-caption-text\">Realizado no Centro Comunit\u00e1rio da Cidade de Hokuryu<\/figcaption><\/figure>\n<figure class=\"wp-caption aligncenter\"><a href=\"https:\/\/photos.google.com\/share\/AF1QipNU1Tuhn9Ovwt-oSJZuuwPsbSIUkTSCSDJdiMVO4rYl49n-UDQyDFfz6IVqewlXtg\/photo\/AF1QipOv6H5IpPiHGQwsQrwjydaWoMs80MLsdS_THk8?key=WGg3Y0cyUk0yWUIyTTZkeEhWUFZQTkFxeUdTdW9B\" target=\"_blank\" rel=\"noopener\"><img decoding=\"async\" class=\"size-full\" src=\"https:\/\/lh3.googleusercontent.com\/pw\/AL9nZEV1so9WY4eYvG-6NzsoRIXgbnbh77SyfR1WqO3d5F5kq6NUkZbdALjImGTPFAvLngd_QyGDH_FyI-NdFeCR9x1KTIDXcXd826eR8SzvGyFbi-yCezY2C-zxE6EHEcuVPleJuVDEtVCmcY-DJLhTZIPd=w2844-h1896-no?authuser=0\" alt=\"Cerim\u00f4nia de Comemora\u00e7\u00e3o do 130\u00ba Anivers\u00e1rio da Cidade de Hokuryu\" width=\"2844\" height=\"1896\" \/><\/a><figcaption class=\"wp-caption-text\">Cerim\u00f4nia de Comemora\u00e7\u00e3o do 130\u00ba Anivers\u00e1rio da Cidade de Hokuryu<\/figcaption><\/figure>\n<h2>Cerim\u00f4nia de Comemora\u00e7\u00e3o do 130\u00ba Anivers\u00e1rio da Cidade de Hokuryu<\/h2>\n<h3>Procedimento da cerim\u00f4nia<\/h3>\n<figure class=\"wp-caption aligncenter\"><a href=\"https:\/\/photos.google.com\/share\/AF1QipNU1Tuhn9Ovwt-oSJZuuwPsbSIUkTSCSDJdiMVO4rYl49n-UDQyDFfz6IVqewlXtg\/photo\/AF1QipNjVQHtDzaW_buEmAzX-Ik1Sd8GXncvq1_Qqm8?key=WGg3Y0cyUk0yWUIyTTZkeEhWUFZQTkFxeUdTdW9B\" target=\"_blank\" rel=\"noopener\"><img decoding=\"async\" class=\"size-full\" src=\"https:\/\/lh3.googleusercontent.com\/pw\/AL9nZEXd25ASYG8RoyoYkz0_MJdVNYIY7J0lGzfwmT4xXrdPBVZJK7H7g7n7XnFOoWe9FAO89YuOEZAEUpcItjvS4mJY1RiNoqi2oTIQZrHTOIeEjV_6IuX0bYpxGc5Ydk6OZJoeDeSTh54TWQjAEOTwCZnd=w2844-h1896-no?authuser=0\" alt=\"Dependendo da cerim\u00f4nia comemorativa\" width=\"2844\" height=\"1896\" \/><\/a><figcaption class=\"wp-caption-text\">Dependendo da cerim\u00f4nia comemorativa<\/figcaption><\/figure>\n<h3>Moderador: Hajime Nanba, Gerente da Divis\u00e3o de Assuntos Gerais<\/h3>\n<p>O evento come\u00e7ou de forma solene e tranquila com as palavras de abertura de Hajime Minami, Chefe da Divis\u00e3o de Assuntos Gerais da cidade de Hokuryu.<\/p>\n<figure class=\"wp-caption aligncenter\"><a href=\"https:\/\/photos.google.com\/share\/AF1QipNU1Tuhn9Ovwt-oSJZuuwPsbSIUkTSCSDJdiMVO4rYl49n-UDQyDFfz6IVqewlXtg\/photo\/AF1QipOCr3R2YE5NAz1JY8cG7kPIKURdQ6fT-nvgTpQ?key=WGg3Y0cyUk0yWUIyTTZkeEhWUFZQTkFxeUdTdW9B\" target=\"_blank\" rel=\"noopener\"><img decoding=\"async\" class=\"size-full\" src=\"https:\/\/lh3.googleusercontent.com\/pw\/AL9nZEVnyfZWr8XT5k8W0YhThIAhz3k4xsVLcOoADvaOAp3Ja0xpLDrgvucTLu24_HPohScaVbf9XnzzVjNiAh_iI8vKlp2MmPCgLUCiXMpyKSztdLab4ypoomjxaQYPCayiqeLZ6FUxEN7KG3D7K4dS5HKn=w2844-h1896-no?authuser=0\" alt=\"Moderador geral: Hajime Nanba, Diretor da Divis\u00e3o de Planejamento e Promo\u00e7\u00e3o da cidade de Hokuryu\" width=\"2844\" height=\"1896\" \/><\/a><figcaption class=\"wp-caption-text\">Moderador geral: Hajime Nanba, Diretor da Divis\u00e3o de Planejamento e Promo\u00e7\u00e3o da cidade de Hokuryu<\/figcaption><\/figure>\n<h3>Cantando o hino nacional<\/h3>\n<p>C\u00e2nticos silenciosos como medida preventiva contra a infec\u00e7\u00e3o por coronav\u00edrus.<\/p>\n<h3>ora\u00e7\u00e3o silenciosa<\/h3>\n<p>Expressamos nossa mais profunda gratid\u00e3o aos nossos ancestrais falecidos e oramos para que suas almas descansem em paz. Dedicamos um momento de sil\u00eancio a essa ocasi\u00e3o.<\/p>\n<figure class=\"wp-caption aligncenter\"><a href=\"https:\/\/photos.google.com\/share\/AF1QipNU1Tuhn9Ovwt-oSJZuuwPsbSIUkTSCSDJdiMVO4rYl49n-UDQyDFfz6IVqewlXtg\/photo\/AF1QipMO2sRCobCJN359ND2Km-cIrWFewqOszNf_wqg?key=WGg3Y0cyUk0yWUIyTTZkeEhWUFZQTkFxeUdTdW9B\" target=\"_blank\" rel=\"noopener\"><img decoding=\"async\" class=\"size-full\" src=\"https:\/\/lh3.googleusercontent.com\/pw\/AL9nZEUur8g97VBFX0HTyzP2ym3JzgWq2IwByjVhC52d3f95-hbYEqJvwnFypFU6ruiQ79C86JYrpNhYwkG3Nmme9pEVaA9j4yFylnU4nyo1EuSmy_Rt_PeprT1DLBHVutVLi6cDIFenDgUox63vkhb_za9g=w2844-h1896-no?authuser=0\" alt=\"Hino nacional e minuto de sil\u00eancio\" width=\"2844\" height=\"1896\" \/><\/a><figcaption class=\"wp-caption-text\">Hino nacional e minuto de sil\u00eancio<\/figcaption><\/figure>\n<h3>Discurso do prefeito Yutaka Sano da cidade de Hokuryu<\/h3>\n<figure class=\"wp-caption aligncenter\"><a href=\"https:\/\/photos.google.com\/share\/AF1QipNU1Tuhn9Ovwt-oSJZuuwPsbSIUkTSCSDJdiMVO4rYl49n-UDQyDFfz6IVqewlXtg\/photo\/AF1QipPhT06L0QpkppqDkRqWxylSMguwyICxJYwuH9A?key=WGg3Y0cyUk0yWUIyTTZkeEhWUFZQTkFxeUdTdW9B\" target=\"_blank\" rel=\"noopener\"><img decoding=\"async\" class=\"size-full\" src=\"https:\/\/lh3.googleusercontent.com\/pw\/AL9nZEUcHjLoMADcucgHvYCnVS5JUnjmYwQoY1LQl6RV3gpRG1l4KZIK-0DEMoJ3ItSPvvKQw_-cAbrx2kHjr6R5YUCjETHfsMU4RFCBev-tLyNmtjTzR1E9avpCRw3sHhHHu21rDVPOd6yHnF14WYD0dgA9=w2844-h1896-no?authuser=0\" alt=\"Prefeito Yutaka Sano faz discurso de abertura\" width=\"2844\" height=\"1896\" \/><\/a><figcaption class=\"wp-caption-text\">Prefeito Yutaka Sano faz discurso de abertura<\/figcaption><\/figure>\n<p>&quot;Gostaria de expressar minha sincera gratid\u00e3o a todos voc\u00eas por dedicarem um tempo de suas agendas ocupadas, tanto p\u00fablicas quanto privadas, para comparecer a esta cerim\u00f4nia em comemora\u00e7\u00e3o ao 130\u00ba anivers\u00e1rio da funda\u00e7\u00e3o da cidade de Hokuryu.&quot;<\/p>\n<p>Este ano significativo marca o 130\u00ba anivers\u00e1rio dos pioneiros que deixaram sua marca neste territ\u00f3rio inexplorado em 1893. Estou muito feliz por poder celebrar esta data com todos os moradores da cidade.<\/p>\n<p>Olhando para tr\u00e1s, as bases para o desenvolvimento foram lan\u00e7adas quando um grupo de pessoas migrou da vila de Motono, na prov\u00edncia de Chiba, e empunharam machados e enxadas na floresta virgem, enfrentando os elementos rigorosos e lutando contra in\u00fameros desastres naturais, fome e doen\u00e7as, mas continuaram a desenvolver a \u00e1rea com um esp\u00edrito indom\u00e1vel.<\/p>\n<p>Ap\u00f3s isso, uma s\u00e9rie de migra\u00e7\u00f5es em massa de Akita, Ehime, Toyama, Ishikawa e outras prefeituras levou ao desenvolvimento desta cidade, lan\u00e7ando as bases para a cidade de Hokuryu que conhecemos hoje. Gostar\u00edamos de expressar nosso mais sincero respeito e gratid\u00e3o aos nossos ancestrais por suas grandes conquistas.<\/p>\n<p>A agricultura, principal atividade econ\u00f4mica da cidade, \u00e9 privilegiada com solo f\u00e9rtil e \u00e1gua abundante nas bacias dos rios Uryu, Edaibetsu, Mibaushi e Azusawa, e nossos antecessores e antepassados t\u00eam desenvolvido de forma constante a infraestrutura e as instala\u00e7\u00f5es agr\u00edcolas desde os prim\u00f3rdios, superando in\u00fameras dificuldades.<\/p>\n<p>No setor de arrozais, o Arroz Girassol Hokuryu conquistou o Grande Pr\u00eamio na categoria Organiza\u00e7\u00e3o Coletiva do Pr\u00eamio Agr\u00edcola do Jap\u00e3o em 2017.<\/p>\n<p>Gra\u00e7as aos esfor\u00e7os dos nossos produtores, os nossos outros produtos agr\u00edcolas tamb\u00e9m t\u00eam recebido muitos elogios, e estamos a desempenhar um papel importante como base de produ\u00e7\u00e3o de alimentos seguros, que protege a vida e a sa\u00fade das pessoas.<\/p>\n<p>Atualmente, est\u00e3o em curso esfor\u00e7os para melhorar ainda mais a produtividade agr\u00edcola e agregar valor aos produtos agr\u00edcolas.<\/p>\n<p>Al\u00e9m disso, para promover e desenvolver a cidade, temos trabalhado para modernizar a agricultura, conservar o solo e a \u00e1gua, melhorar a constru\u00e7\u00e3o de estradas e pontes, aprimorar as instala\u00e7\u00f5es educacionais e de assist\u00eancia social e promover o turismo, melhorando assim o bem-estar dos moradores e impulsionando a ind\u00fastria.<\/p>\n<p>Gostaria de entregar uma carta de agradecimento aos representantes da ind\u00fastria e do governo local presentes hoje, por suas contribui\u00e7\u00f5es. Gostaria tamb\u00e9m de expressar minha sincera gratid\u00e3o e respeito aos meus antecessores, que contribu\u00edram pessoalmente para a promo\u00e7\u00e3o e o desenvolvimento da cidade.<\/p>\n<p>Com o objetivo de alcan\u00e7ar maior desenvolvimento e progresso, a cidade de Hokuryu est\u00e1 atualmente formulando o Plano B\u00e1sico da Vila dos Girass\u00f3is e o Plano de Reloca\u00e7\u00e3o de Instala\u00e7\u00f5es P\u00fablicas da cidade de Hokuryu, e est\u00e1 trabalhando para aprimorar a Vila dos Girass\u00f3is como um polo tur\u00edstico, garantir vidas seguras e protegidas para os moradores e promover o desenvolvimento de uma cidade pr\u00f3spera.<\/p>\n<p>A situa\u00e7\u00e3o social atual apresenta sinais de agita\u00e7\u00e3o devido \u00e0 dissemina\u00e7\u00e3o global da COVID-19 e \u00e0 instabilidade pol\u00edtica.<\/p>\n<p>A agricultura tamb\u00e9m enfrenta tempos dif\u00edceis, com consumo de arroz em baixa, aumento dos custos de mat\u00e9ria-prima e escassez de m\u00e3o de obra.<\/p>\n<p>Continuaremos trabalhando para consolidar as principais ind\u00fastrias da nossa cidade e desenvolver o turismo relacionado aos girass\u00f3is, e sentimos a responsabilidade de avan\u00e7ar ainda mais para torn\u00e1-la uma bela cidade de girass\u00f3is, uma cidade onde as pessoas queiram continuar vivendo e que queiram transmitir para a pr\u00f3xima gera\u00e7\u00e3o.<\/p>\n<p>Estamos determinados a continuar nossos esfor\u00e7os para fazer de Hokuryu uma cidade brilhante, habit\u00e1vel e pr\u00f3spera, e pedimos sinceramente sua cont\u00ednua orienta\u00e7\u00e3o e coopera\u00e7\u00e3o, como voc\u00eas t\u00eam nos proporcionado at\u00e9 agora.<\/p>\n<p>Gostaria de expressar mais uma vez minha gratid\u00e3o pelo \u00e1rduo trabalho de nossos antecessores e concluir meu discurso orando pela sa\u00fade e felicidade de todos os presentes hoje, bem como de todos os moradores da cidade.<\/p>\n<p>3 de setembro de 2022 Prefeito da cidade de Hokuryu, Yutaka Sano<\/p>\n<figure class=\"wp-caption aligncenter\"><a href=\"https:\/\/photos.google.com\/share\/AF1QipNU1Tuhn9Ovwt-oSJZuuwPsbSIUkTSCSDJdiMVO4rYl49n-UDQyDFfz6IVqewlXtg\/photo\/AF1QipPT1KX8X5SE21U_xf-GrGSftk8oqmRsbNQTy-c?key=WGg3Y0cyUk0yWUIyTTZkeEhWUFZQTkFxeUdTdW9B\" target=\"_blank\" rel=\"noopener\"><img decoding=\"async\" class=\"size-full\" src=\"https:\/\/lh3.googleusercontent.com\/pw\/AL9nZEU9GS1Y36udNjAw7cjw0PLaMn0wAxm93YLKfAu5gbptPP3ORpSY12PNGXYR4EAmHygzIbK4G4MtYzT3jV-luKTqlNWDbKObGXtQDXKYj_VVfSaMNxQlMipAyEQ89XzQVBpVneUuOW5Ez9brQWEStA6Q=w2844-h1896-no?authuser=0\" alt=\"Participantes\" width=\"2844\" height=\"1896\" \/><\/a><figcaption class=\"wp-caption-text\">Participantes<\/figcaption><\/figure>\n<h3>Apresenta\u00e7\u00e3o de uma carta de agradecimento.<\/h3>\n<p>Tr\u00eas pessoas receberam os certificados de agradecimento em nome dos doadores.<\/p>\n<h4>Grande doador: Hisao Shinoda<\/h4>\n<figure class=\"wp-caption aligncenter\"><a href=\"https:\/\/photos.google.com\/share\/AF1QipNU1Tuhn9Ovwt-oSJZuuwPsbSIUkTSCSDJdiMVO4rYl49n-UDQyDFfz6IVqewlXtg\/photo\/AF1QipOIfEa5xGOxwug9jN_UZVtA8KhDuXC2F1N6_6M?key=WGg3Y0cyUk0yWUIyTTZkeEhWUFZQTkFxeUdTdW9B\" target=\"_blank\" rel=\"noopener\"><img decoding=\"async\" class=\"size-full\" src=\"https:\/\/lh3.googleusercontent.com\/pw\/AL9nZEXpDOsVwzRBgUnKIPMav2XnlDEv3TAT4mb8O4UpGsOYLz2K9gFAzUlPqQa_GjtU0FkYBfiocGofr-ZaO8eEKQfFzuHxrSmNYFxiWmSmC6Ts0KhNWV3Mf4KbI7g2h9g3R-Nm75nGd16L1oNOmgLKOJw2=w2844-h1896-no?authuser=0\" alt=\"Grande doador: Hisao Shinoda\" width=\"2844\" height=\"1896\" \/><\/a><figcaption class=\"wp-caption-text\">Grande doador: Hisao Shinoda<\/figcaption><\/figure>\n<figure class=\"wp-caption aligncenter\"><a href=\"https:\/\/photos.google.com\/share\/AF1QipNU1Tuhn9Ovwt-oSJZuuwPsbSIUkTSCSDJdiMVO4rYl49n-UDQyDFfz6IVqewlXtg\/photo\/AF1QipMJoRF6U3M1nESI7DYIWzDcDTsoMbuOwt9xPpY?key=WGg3Y0cyUk0yWUIyTTZkeEhWUFZQTkFxeUdTdW9B\" target=\"_blank\" rel=\"noopener\"><img decoding=\"async\" class=\"size-full\" src=\"https:\/\/lh3.googleusercontent.com\/pw\/AL9nZEXXiYH_YiY2MEv6K1OP0zT_VdvCRCPiw6ahwgKSYmb_akn7YtU1KehgXin-Ee66aLaugbxE4pMVfe4EtBvN8PeChrDY97FGf0wSXYFHOiNA5KhrtFGlj3jTL640DIbocR71ApYhWXlpMPPEDyW2--Gw=w2844-h1896-no?authuser=0\" alt=\"Destinat\u00e1rios com Certificado de Aprecia\u00e7\u00e3o\" width=\"2844\" height=\"1896\" \/><\/a><figcaption class=\"wp-caption-text\">Destinat\u00e1rios com Certificado de Aprecia\u00e7\u00e3o<\/figcaption><\/figure>\n<figure class=\"wp-caption aligncenter\"><a href=\"https:\/\/photos.google.com\/share\/AF1QipNU1Tuhn9Ovwt-oSJZuuwPsbSIUkTSCSDJdiMVO4rYl49n-UDQyDFfz6IVqewlXtg\/photo\/AF1QipPQ4ezmcNCoqDdQETfxmQBimNrJGJbUweZqa2E?key=WGg3Y0cyUk0yWUIyTTZkeEhWUFZQTkFxeUdTdW9B\" target=\"_blank\" rel=\"noopener\"><img decoding=\"async\" class=\"size-full\" src=\"https:\/\/lh3.googleusercontent.com\/pw\/AL9nZEUwCtVB_4dS-I-bdS1NrpBduYdavZjtAsGNBVMg1xHN-Ud1grw7cl-zQq8fN_ZE33Sdq8W_mONxbf657gYfwKTkHmSt4pB9ICbsa_g2SumaF-D_7qwGLGZiWJQfLbHjN6VOA6S2kK7R8_DuWdspCCdQ=w2844-h1896-no?authuser=0\" alt=\"A todos os participantes da cerim\u00f4nia\" width=\"2844\" height=\"1896\" \/><\/a><figcaption class=\"wp-caption-text\">A todos os participantes da cerim\u00f4nia<\/figcaption><\/figure>\n<h4>Pr\u00eamio de M\u00e9rito Municipal: Membro da Assembleia (Dois mandatos como membro da assembleia, servindo por mais de oito anos, mas sem receber o pr\u00eamio)<br \/>\nSenhor Masami Komatsu<\/h4>\n<figure class=\"wp-caption aligncenter\"><a href=\"https:\/\/photos.google.com\/share\/AF1QipNU1Tuhn9Ovwt-oSJZuuwPsbSIUkTSCSDJdiMVO4rYl49n-UDQyDFfz6IVqewlXtg\/photo\/AF1QipN2fV5JQWtoxa_EIhS9EZKLhEHZ3XDjRg5i_4Q?key=WGg3Y0cyUk0yWUIyTTZkeEhWUFZQTkFxeUdTdW9B\" target=\"_blank\" rel=\"noopener\"><img decoding=\"async\" class=\"size-full\" src=\"https:\/\/lh3.googleusercontent.com\/pw\/AL9nZEUV-EDiISKIDwkAmO4Q9KvM5mD0mlnqIYUQS8oWnSx7jQeQGIkjfuIDlNpIldAfE9sCirqa8zvHHOj2ies7sAwIIH8gNxOPQ30lrqziH3ALFACVC7_rWQvWlkhP1QEA8TTvXJoJHpRXDqjKseVlAfhW=w2844-h1896-no?authuser=0\" alt=\"Representante do Pr\u00eamio Municipal por Servi\u00e7os Merit\u00f3rios, Sr. Masami Komatsu\" width=\"2844\" height=\"1896\" \/><\/a><figcaption class=\"wp-caption-text\">Representante do Pr\u00eamio Municipal por Servi\u00e7os Merit\u00f3rios, Sr. Masami Komatsu<\/figcaption><\/figure>\n<h4>Premiado com o Pr\u00eamio de M\u00e9rito da Ind\u00fastria: Dirigente de Cooperativa Agr\u00edcola (para aqueles que atuaram como dirigentes de cooperativas agr\u00edcolas por 15 anos ou mais e ainda n\u00e3o receberam o pr\u00eamio)<br \/>\nSenhor Masakazu Yoshio<\/h4>\n<figure class=\"wp-caption aligncenter\"><a href=\"https:\/\/photos.google.com\/share\/AF1QipNU1Tuhn9Ovwt-oSJZuuwPsbSIUkTSCSDJdiMVO4rYl49n-UDQyDFfz6IVqewlXtg\/photo\/AF1QipMvm0zi_T5oKnOfPZy2yESPh08BuIJoEO6aDTE?key=WGg3Y0cyUk0yWUIyTTZkeEhWUFZQTkFxeUdTdW9B\" target=\"_blank\" rel=\"noopener\"><img decoding=\"async\" class=\"size-full\" src=\"https:\/\/lh3.googleusercontent.com\/pw\/AL9nZEVvftd-X3sXv0PuTQAGMytu3Qtv76_0fIJ6o8S2fxjlGLFZo6cBhtc98REW4IPbpCGA4S99vAYyaD1bfPpKQRV-FOuejgJQdaV67YQWKQDBSeuvUK_Dgu10fkBZOgXt93Ei4uTLn5QEtoGifbuS25tc=w2844-h1896-no?authuser=0\" alt=\"Representante dos Colaboradores de M\u00e9rito da Ind\u00fastria: Masakazu Yoshio\" width=\"2844\" height=\"1896\" \/><\/a><figcaption class=\"wp-caption-text\">Representante dos Colaboradores de M\u00e9rito da Ind\u00fastria: Masakazu Yoshio<\/figcaption><\/figure>\n<h2>Nome do destinat\u00e1rio da carta de agradecimento (t\u00edtulos omitidos)<\/h2>\n<h3>Grandes doadores<\/h3>\n<p>\u30fbHisao Shinoda<\/p>\n<h3>Pr\u00eamio de M\u00e9rito Municipal<\/h3>\n<h4>Membro do Parlamento (Dois mandatos como membro do parlamento, servindo por mais de oito anos, sem receber a premia\u00e7\u00e3o)<\/h4>\n<p>\u30fbMasami Komatsu<\/p>\n<h4>Comiss\u00e1rio Agr\u00edcola (atuou como comiss\u00e1rio agr\u00edcola por quatro mandatos, mais de 12 anos, e n\u00e3o recebeu a premia\u00e7\u00e3o)<\/h4>\n<p>Shigeki Mizutani e Hirokuni Kitakiyo<\/p>\n<h4>Funcion\u00e1rio em regime especial (aqueles que est\u00e3o atualmente exercendo fun\u00e7\u00f5es especiais como funcion\u00e1rios municipais e que ainda n\u00e3o receberam a premia\u00e7\u00e3o)<\/h4>\n<p>Hiroyuki Honke, Kazushi Honda, Noriyuki Takeuchi<\/p>\n<h4>Membros do Conselho de Educa\u00e7\u00e3o (aqueles que atuaram como membros do conselho por 12 anos ou mais e n\u00e3o receberam o pr\u00eamio)<\/h4>\n<p>Reiko Yamamoto, Toshiyuki Takada, Yoshiko Hayashi, Nobuyuki Takebayashi e Kimimasa Mikami<\/p>\n<h4>Membro do Comit\u00ea Nacional de Seguro Sa\u00fade (atua como membro do Comit\u00ea Nacional de Seguro Sa\u00fade h\u00e1 mais de 20 anos e n\u00e3o recebeu a premia\u00e7\u00e3o)<\/h4>\n<p>Yukihiko Uramoto, Hisayuki Shinohara e Takashi Watanabe<\/p>\n<h4>Comiss\u00e1rio de Bem-Estar Social (aqueles que atuaram como comiss\u00e1rios de bem-estar social por 12 anos ou mais e ainda n\u00e3o receberam a premia\u00e7\u00e3o)<\/h4>\n<p>\u30fbYutaka Nakamura<\/p>\n<h4>Agente de liberdade condicional volunt\u00e1rio (aqueles que trabalharam como agentes de liberdade condicional volunt\u00e1rios por 15 anos ou mais e n\u00e3o receberam o pr\u00eamio)<\/h4>\n<p>\u30fbKatsuhiro Nagai<\/p>\n<h4>Comiss\u00e1rio Eleitoral (aqueles que atuaram como comiss\u00e1rios eleitorais por 12 anos ou mais e n\u00e3o receberam a premia\u00e7\u00e3o)<\/h4>\n<p>\u30fbNaoichi Nakamura, Yasushi Takahashi e Yuji Ishibashi<\/p>\n<h4>Membro do Comit\u00ea de Avalia\u00e7\u00e3o de Ativos Fixos (membro do Comit\u00ea de Avalia\u00e7\u00e3o de Ativos Fixos que atuou por mais de 12 anos e n\u00e3o recebeu o pr\u00eamio)<\/h4>\n<p>\u30fbYukio Takada<\/p>\n<h4>Membro do Comit\u00ea de Imparcialidade (pessoa que atuou como membro do comit\u00ea de imparcialidade por 12 anos ou mais e n\u00e3o recebeu o pr\u00eamio)<\/h4>\n<p>Seiichi Eda, Nobuyoshi Teragaki, Yasunori Watanabe<\/p>\n<h4>Bombeiros (aqueles que atuaram como bombeiros ou oficiais por mais de 30 anos, mas n\u00e3o receberam a premia\u00e7\u00e3o)<\/h4>\n<p>\u30fbNakayama Shigeyuki e Ukai Takashi<\/p>\n<h4>Instrutor de tr\u00e2nsito (aqueles que trabalharam como instrutores de tr\u00e2nsito por 15 anos ou mais e n\u00e3o receberam o pr\u00eamio)<\/h4>\n<p>Koichi Oshima, Tsuyoshi Michishita, Masayoshi Misaki, Takao Yamada, Akio Fujii, Toshiaki Tachikawa, Junichi Fukase, Tsuyoshi Kobayashi, Masatoshi Kagami e Naoki Shiraoka<\/p>\n<h4>Promotor esportivo (aqueles que trabalharam como promotores esportivos por 15 anos ou mais e n\u00e3o receberam o pr\u00eamio)<\/h4>\n<p>Eriko Oya, Takashi Hatsuda e Misuzu Nanba<\/p>\n<h4>Cidad\u00e3o (funcion\u00e1rio municipal com mais de 35 anos de servi\u00e7o que n\u00e3o recebeu o pr\u00eamio)<\/h4>\n<p>Masanobu Fujinai, Takashi Inoue, Hideki Yamada, Yoshiyuki Oya, Takeshi Otomo, Nobuhiro Yamada, Yumiko Minami, Michihito Nakamura, Yasuhiro Sugiyama, Hideyuki Minami, Hiroyuki Takimoto, Yoshinori Mori, Keiko Tsuzuki, Hiroe Kitakiyo e Kumi Yamamoto<\/p>\n<h3>pessoa de m\u00e9rito na ind\u00fastria<\/h3>\n<h4>Dirigente de Cooperativa Agr\u00edcola (aqueles que atuaram como dirigentes de cooperativas agr\u00edcolas por 15 anos ou mais e ainda n\u00e3o receberam a premia\u00e7\u00e3o)<\/h4>\n<p>Masakazu Yoshio e Katsuzo Ito<\/p>\n<h4>Oficial do Distrito de Melhoramento de Terras (aqueles que atuaram como oficiais do distrito de melhoramento de terras por 15 anos ou mais e ainda n\u00e3o receberam o pr\u00eamio)<\/h4>\n<p>\u30fbHironobu Omi e Akira Kono<\/p>\n<h4>Funcion\u00e1rio da C\u00e2mara de Com\u00e9rcio (aqueles que atuaram como funcion\u00e1rios da C\u00e2mara de Com\u00e9rcio por 15 anos ou mais e n\u00e3o receberam o pr\u00eamio)<\/h4>\n<p>Akio Okino, Hajime Futagami, Masahito Fujii, Kenji Sazaki e Katsutoshi Yamamoto<\/p>\n<h4>Funcion\u00e1rios da cooperativa agr\u00edcola (aqueles que trabalharam na Cooperativa Agr\u00edcola Hokuryu por mais de 35 anos e ocupam o cargo de chefe de departamento ou superior)<\/h4>\n<p>Kenichi Sakuraniwa e Kazuaki Takigami<\/p>\n<figure class=\"wp-caption aligncenter\"><a href=\"https:\/\/photos.google.com\/share\/AF1QipNU1Tuhn9Ovwt-oSJZuuwPsbSIUkTSCSDJdiMVO4rYl49n-UDQyDFfz6IVqewlXtg\/photo\/AF1QipM538-yOTUpC7m_p5tFWmS1So0peysmONeQA4M?key=WGg3Y0cyUk0yWUIyTTZkeEhWUFZQTkFxeUdTdW9B\" target=\"_blank\" rel=\"noopener\"><img decoding=\"async\" class=\"size-full\" src=\"https:\/\/lh3.googleusercontent.com\/pw\/AL9nZEVejZltuj9riZpNaYQA99C5knR1TZuru46K5UIoYuNPK5ixkJWkSeU2P94pCPLVwLbLhn-iPXl8b0y_qxhp9GELGaE56-HZ-SZR_I2QBruXZgViPb6ggeeJ41AD7ezgNV1BSP08yqOyTU4LmdPqvIpq=w2844-h1896-no?authuser=0\" alt=\"Obrigado pela sua grande conquista...\" width=\"2844\" height=\"1896\" \/><\/a><figcaption class=\"wp-caption-text\">Obrigado pela sua grande conquista...<\/figcaption><\/figure>\n<h3>Discurso de congratula\u00e7\u00f5es: Yasuhiro Sasaki, Presidente do Conselho Municipal de Hokuryu<\/h3>\n<figure class=\"wp-caption aligncenter\"><a href=\"https:\/\/photos.google.com\/share\/AF1QipNU1Tuhn9Ovwt-oSJZuuwPsbSIUkTSCSDJdiMVO4rYl49n-UDQyDFfz6IVqewlXtg\/photo\/AF1QipNRqcSuLIbykXtmGdLXQQcebXo5oiSZFZU70tQ?key=WGg3Y0cyUk0yWUIyTTZkeEhWUFZQTkFxeUdTdW9B\" target=\"_blank\" rel=\"noopener\"><img decoding=\"async\" class=\"size-full\" src=\"https:\/\/lh3.googleusercontent.com\/pw\/AL9nZEWRVo2TG1PhrqvzJhZEITOrZIG4J44uViBg6Kamp-MpRrhRu_uv3kFWD64Gy60pfm3ve8pU5HRJdnje6XcjsTNCIbVOrcbqGobPaPgpuM15AuDpOdTcLaSpO7FeOq6SskkCcQNK6duxWxGjmCqx8vNF=w2844-h1896-no?authuser=0\" alt=\"O Sr. Yasuhiro Sasaki, Presidente do Conselho Municipal de Hokuryu, declarou:\" width=\"2844\" height=\"1896\" \/><\/a><figcaption class=\"wp-caption-text\">O Sr. Yasuhiro Sasaki, Presidente do Conselho Municipal de Hokuryu, declarou:<\/figcaption><\/figure>\n<p>&quot;Hoje comemoramos o 130\u00ba anivers\u00e1rio da funda\u00e7\u00e3o da cidade de Hokuryu e, como morador desta cidade, ofere\u00e7o minhas felicita\u00e7\u00f5es com grande orgulho e profundo amor por ela.&quot;<\/p>\n<p>O Sr. Hisao Shinoda, que fez uma doa\u00e7\u00e3o t\u00e3o generosa, \u00e9 ex-presidente do Conselho Municipal de Numata e ex-prefeito da cidade de Numata, e acredito que seja uma pessoa de grande m\u00e9rito que contribuiu muito para o governo local de Sorachi. Sou verdadeiramente grato pelo seu apoio. Muito obrigado novamente.<\/p>\n<p>Ao ver o rosto de cada um de voc\u00eas na cidade, lembro-me das dificuldades que enfrentaram e meus olhos se enchem de l\u00e1grimas. Muito obrigada. Espero que continuem se cuidando e buscando apoio da comunidade.<\/p>\n<p>Ao entrar no centro comunit\u00e1rio onde a cerim\u00f4nia estava sendo realizada hoje, vi atletas da equipe de atletismo da Universidade Kokugakuin no estacionamento.<\/p>\n<p>Os atletas me perguntaram: &quot;Est\u00e1 acontecendo alguma coisa hoje?&quot;, e eu respondi: &quot;Faz 130 anos que a cidade de Hokuryu foi fundada. Uma cerim\u00f4nia comemorativa est\u00e1 sendo realizada.&quot; Os atletas de atletismo ent\u00e3o se reuniram e me cumprimentaram, dizendo: &quot;Parab\u00e9ns pelo 130\u00ba anivers\u00e1rio da funda\u00e7\u00e3o da cidade de Hokuryu!&quot;<\/p>\n<p>Sinceramente, senti que atletas t\u00e3o educados v\u00eam para Hokuryu porque constru\u00edmos uma boa cidade.<\/p>\n<p>O Jap\u00e3o est\u00e1 passando por transforma\u00e7\u00f5es. Com uma popula\u00e7\u00e3o em decl\u00ednio, uma sociedade envelhecida, desastres frequentes devido \u00e0s mudan\u00e7as clim\u00e1ticas, a dissemina\u00e7\u00e3o inesperada da COVID-19 e problemas internacionais como a invas\u00e3o da Ucr\u00e2nia pela R\u00fassia, o cen\u00e1rio em torno de Hokkaido e da cidade de Hokuryu, no Jap\u00e3o, \u00e9 cr\u00edtico, e estamos preocupados com o seu futuro.<\/p>\n<p>Os primeiros passos da cidade foram dados h\u00e1 130 anos por pessoas que se mudaram da vila de Motono, na prov\u00edncia de Chiba. Ao longo da hist\u00f3ria, nossos ancestrais enfrentaram muitas dificuldades, desde o desmatamento at\u00e9 o desenvolvimento da regi\u00e3o. A vida pac\u00edfica da cidade de Hokuryu foi constru\u00edda sobre os alicerces do trabalho \u00e1rduo de seus antepassados em cada etapa de sua hist\u00f3ria.<\/p>\n<p>Vivemos agora em um pa\u00eds livre e pac\u00edfico. No entanto, devemos proteger essa liberdade e democracia com nossas pr\u00f3prias m\u00e3os. Proteger nossos valores e ideais mais caros significa proteger nossa p\u00e1tria e tamb\u00e9m nossas amadas fam\u00edlias. Acredito que essa \u00e9 a grande responsabilidade que nos foi confiada hoje.<\/p>\n<p>Acredito que seja nosso papel transmitir as sementes que foram plantadas para a pr\u00f3xima gera\u00e7\u00e3o.<\/p>\n<p>H\u00e1 trinta anos, no centen\u00e1rio da cidade, crian\u00e7as enterraram uma &quot;c\u00e1psula do tempo&quot; ao lado do mastro da bandeira. Ela s\u00f3 ser\u00e1 aberta daqui a 20 anos, mas eu me pergunto o que aquelas crian\u00e7as estavam pensando na \u00e9poca, e o que imaginavam em seus cora\u00e7\u00f5es para o futuro brilhante de Hokuryu, 30 anos atr\u00e1s.<\/p>\n<p>Conforme estabelecido na carta municipal, queremos criar uma cidade de Hokuryu que olhe firmemente para o futuro de nossas crian\u00e7as. Queremos unir for\u00e7as para construir uma cidade brilhante em Hokuryu.<\/p>\n<p>Celebramos e oramos para que a cidade de Hokuryu, apesar de seu pequeno tamanho, continue a brilhar intensamente daqui a 10, 50 e 100 anos, e que esta cidade com grande potencial continue a florescer como um grande girassol.<\/p>\n<p>3 de setembro de 2022 Yasuhiro Sasaki, Presidente do Conselho Municipal de Hokuryu<\/p>\n<figure class=\"wp-caption aligncenter\"><a href=\"https:\/\/photos.google.com\/share\/AF1QipNU1Tuhn9Ovwt-oSJZuuwPsbSIUkTSCSDJdiMVO4rYl49n-UDQyDFfz6IVqewlXtg\/photo\/AF1QipPoEihkNx8b_UoP2K3JOLYlZm3Dy7b8YgEeRLc?key=WGg3Y0cyUk0yWUIyTTZkeEhWUFZQTkFxeUdTdW9B\" target=\"_blank\" rel=\"noopener\"><img decoding=\"async\" class=\"size-full\" src=\"https:\/\/lh3.googleusercontent.com\/pw\/AL9nZEU1b-jDS6BKXOCqI9HaZEmbiT30ZBLgwD9yXxdoOYOyrM6S-vilD_zcdH1ewukMiaYGi_DyXKia2KXMlKwdYb6USLVa1SxnuaAcBhQz60bb_AGk-Sre8e34-s5osRHCc6LNJGxQSkyYvdZi9MkMJF5j=w2844-h1896-no?authuser=0\" alt=\"Rezo pelo desenvolvimento cont\u00ednuo da cidade de Hokuryu.\" width=\"2844\" height=\"1896\" \/><\/a><figcaption class=\"wp-caption-text\">Rezo pelo desenvolvimento cont\u00ednuo da cidade de Hokuryu.<\/figcaption><\/figure>\n<h2>Atra\u00e7\u00f5es<\/h2>\n<p>Os membros do Hokuryu Taiko tocaram &quot;Hayabusa&quot;, &quot;Harvest Celebration Taiko&quot; e &quot;Yamabiko&quot;.<br \/>\n\u00c9 um momento maravilhoso quando o som majestoso dos tambores Hokuryu Taiko ressoa com as batidas do cora\u00e7\u00e3o, reverberando alto e criando uma enorme onda de emo\u00e7\u00e3o.<\/p>\n<h3>Uma apresenta\u00e7\u00e3o heroica dos membros do grupo Hokuryu Taiko.<\/h3>\n<figure class=\"wp-caption aligncenter\"><a href=\"https:\/\/photos.google.com\/share\/AF1QipNU1Tuhn9Ovwt-oSJZuuwPsbSIUkTSCSDJdiMVO4rYl49n-UDQyDFfz6IVqewlXtg\/photo\/AF1QipN8NS0AnGxnHk0iW_b3i6aoElkwMdL-2DbrRBo?key=WGg3Y0cyUk0yWUIyTTZkeEhWUFZQTkFxeUdTdW9B\" target=\"_blank\" rel=\"noopener\"><img decoding=\"async\" class=\"size-full\" src=\"https:\/\/lh3.googleusercontent.com\/pw\/AL9nZEU9i6RImtf2pzjNfD6y3ESd5nLpBpwuHyVJaPGAoychN7YAPmTjR2-SbR1or80ExwT1AYyD9AgM5SbRCflPMu10fSp5m6hdoCfmONR_f0obhkoEtV099yDVe-qpHpsarpUOg8lHHDuTGd8Uzqocli7j=w2844-h1896-no?authuser=0\" alt=\"Uma apresenta\u00e7\u00e3o heroica dos membros do grupo Hokuryu Taiko.\" width=\"2844\" height=\"1896\" \/><\/a><figcaption class=\"wp-caption-text\">Uma apresenta\u00e7\u00e3o heroica dos membros do grupo Hokuryu Taiko.<\/figcaption><\/figure>\n<h3>Golpes poderosos<\/h3>\n<figure class=\"wp-caption aligncenter\"><a href=\"https:\/\/photos.google.com\/share\/AF1QipNU1Tuhn9Ovwt-oSJZuuwPsbSIUkTSCSDJdiMVO4rYl49n-UDQyDFfz6IVqewlXtg\/photo\/AF1QipMWRmR2JkJfD2m7GENGjQ3c0oOkCcb2Rz8s6uk?key=WGg3Y0cyUk0yWUIyTTZkeEhWUFZQTkFxeUdTdW9B\" target=\"_blank\" rel=\"noopener\"><img decoding=\"async\" class=\"size-full\" src=\"https:\/\/lh3.googleusercontent.com\/pw\/AL9nZEXfcwYvVw9DC-5yd9cUZuyN58ZqqiHj7suOKjuUThMtGPDXtIXJxrU97s-nBupvVnjPrGyLEfZeGTGwXC14-kMhgQ6QK-ZQGtEdoyk8gN72T5E7j9n0bfV3Z2FmvS63mOJFo24BmHx6wtt4HST7YNca=w2844-h1896-no?authuser=0\" alt=\"Golpes poderosos\" width=\"2844\" height=\"1896\" \/><\/a><figcaption class=\"wp-caption-text\">Golpes poderosos<\/figcaption><\/figure>\n<h3>O som poderoso dos tambores japoneses<\/h3>\n<figure class=\"wp-caption aligncenter\"><a href=\"https:\/\/photos.google.com\/share\/AF1QipNU1Tuhn9Ovwt-oSJZuuwPsbSIUkTSCSDJdiMVO4rYl49n-UDQyDFfz6IVqewlXtg\/photo\/AF1QipMfdmtG9tTenW2Eo7WezcAGOp2urgr7PF6kzts?key=WGg3Y0cyUk0yWUIyTTZkeEhWUFZQTkFxeUdTdW9B\" target=\"_blank\" rel=\"noopener\"><img decoding=\"async\" class=\"size-full\" src=\"https:\/\/lh3.googleusercontent.com\/pw\/AL9nZEUtTIxFA67g_H6zNRCvsCwPaCxs_EmhRIEHukeuQGheikLglvoyE4XfkNGgK4FWHPGIMtNh6b01_Mf8WKDfkiYJlfg_h-4uDtPtK3cs7I-h6eFTEV1IzZOlGIP-wbsq4cC-p0uhbQEDwmiFapN2_6q0=w2844-h1896-no?authuser=0\" alt=\"O som poderoso dos tambores japoneses\" width=\"2844\" height=\"1896\" \/><\/a><figcaption class=\"wp-caption-text\">O som poderoso dos tambores japoneses<\/figcaption><\/figure>\n<h3>Aplausos emocionantes!<\/h3>\n<figure class=\"wp-caption aligncenter\"><a href=\"https:\/\/photos.google.com\/share\/AF1QipNU1Tuhn9Ovwt-oSJZuuwPsbSIUkTSCSDJdiMVO4rYl49n-UDQyDFfz6IVqewlXtg\/photo\/AF1QipPRHN85m75azdoeqGm_VRZwYi9gwWGAWWCnD0Y?key=WGg3Y0cyUk0yWUIyTTZkeEhWUFZQTkFxeUdTdW9B\" target=\"_blank\" rel=\"noopener\"><img decoding=\"async\" class=\"size-full\" src=\"https:\/\/lh3.googleusercontent.com\/pw\/AL9nZEU-hmTRwj0LR5sm2Tic6zRQzuDnvYxwQ59qULV3J02m-FUKhPzUIBiitO3MnF8_9fk1kEGKALDx2D_qz7Kl6HAb2xuGZJLI2BqsfjptCw3GKAtIgGw9bCe99xoaCfcWClSM8wCbMFOPOCFLmUg3N5hL=w2844-h1896-no?authuser=0\" alt=\"Uma salva de palmas emocionante!\" width=\"2844\" height=\"1896\" \/><\/a><figcaption class=\"wp-caption-text\">Uma salva de palmas emocionante!<\/figcaption><\/figure>\n<p>O grande esp\u00edrito dos habitantes da cidade foi transmitido e preservado por mais de 130 anos...<\/p>\n<p>Com amor, gratid\u00e3o e ora\u00e7\u00f5es infinitas \u00e0s almas nobres da cidade de Hokuryu, que continuam a trabalhar com o m\u00e1ximo de suas capacidades, vislumbrando um futuro brilhante em seus cora\u00e7\u00f5es, mesmo em um ambiente dif\u00edcil e em constante mudan\u00e7a...<br \/>\n\u3000<br \/>\n<figure class=\"wp-caption aligncenter\"><a href=\"https:\/\/photos.google.com\/share\/AF1QipNU1Tuhn9Ovwt-oSJZuuwPsbSIUkTSCSDJdiMVO4rYl49n-UDQyDFfz6IVqewlXtg\/photo\/AF1QipOOtGU62f-UW1w1cK6ygDP1_j1eENYAvSH3Yzc?key=WGg3Y0cyUk0yWUIyTTZkeEhWUFZQTkFxeUdTdW9B\" target=\"_blank\" rel=\"noopener\"><img decoding=\"async\" class=\"size-full\" src=\"https:\/\/lh3.googleusercontent.com\/pw\/AL9nZEXaT41Is7bbGItBZ94RzW5bIgXSZeXzUXGnWJIF2DV27kulwlMRF4uKaf_Jlwe9CCRumesW-xAKQOvPgrslu3-tgW29pXyRlZLXv6OygXoHIOjV1ykk3MB_H7z5-jStnI7nlPGcHwPab2krs79-ybR2=w2844-h1896-no?authuser=0\" alt=\"Com gratid\u00e3o ao grande esp\u00edrito que foi transmitido atrav\u00e9s da cidade de Hokuryu...\" width=\"2844\" height=\"1896\" \/><\/a><figcaption class=\"wp-caption-text\">Com gratid\u00e3o ao grande esp\u00edrito que foi transmitido atrav\u00e9s da cidade de Hokuryu...<\/figcaption><\/figure>\n<h2>Jornal Kita Sorachi<\/h2>\n<figure class=\"wp-caption aligncenter\"><a href=\"https:\/\/photos.google.com\/share\/AF1QipNU1Tuhn9Ovwt-oSJZuuwPsbSIUkTSCSDJdiMVO4rYl49n-UDQyDFfz6IVqewlXtg\/photo\/AF1QipNUeMpTjFKOQuWmkq9ctAQD3dFnwybk-I2TfDQ?key=WGg3Y0cyUk0yWUIyTTZkeEhWUFZQTkFxeUdTdW9B\" target=\"_blank\" rel=\"noopener\"><img decoding=\"async\" src=\"https:\/\/lh3.googleusercontent.com\/pw\/AL9nZEV17FLkIrc_FhXcPj0ANadKKwd7Msp4OQdb7ferO2zbcpLcFE5szdjGfEx1y5pRwYqKuuwabSgEZaoC7xb_F12RbLTbnAKcXJvcK0hF1m5ZasGVGIq-ieWpRuRi9s94p3Lgr1wng5Ki_9h1KcAAIwQz=w1433-h1868-no?authuser=0\" width=\"1432\" height=\"1868\" alt=\"Comemorando 130 anos desde a funda\u00e7\u00e3o da cidade de Hokuryu [Kita Sorachi Shimbun]\" class=\"size-full\" \/><\/a><figcaption class=\"wp-caption-text\">Comemorando 130 anos desde a funda\u00e7\u00e3o da cidade de Hokuryu [Kita Sorachi Shimbun]<\/figcaption><\/figure>\n<h2>v\u00eddeos do YouTube<\/h2>\n<h3>Cerim\u00f4nia Comemorativa<\/h3>\n<div class=\"youtube\"><iframe title=\"Cerim\u00f4nia de Comemora\u00e7\u00e3o do 130\u00ba Anivers\u00e1rio da Cidade de Hokuryu 2022\" src=\"https:\/\/www.youtube.com\/embed\/pRGf2-oJxLE?feature=oembed\" frameborder=\"0\" allow=\"accelerometer; autoplay; clipboard-write; encrypted-media; gyroscope; picture-in-picture\" allowfullscreen><\/iframe><\/div>\n<h3>Hokuryu Taiko (vers\u00e3o completa)<\/h3>\n<div class=\"youtube\"><iframe title=\"Hokuryu Taiko na cerim\u00f4nia do 130\u00ba anivers\u00e1rio da cidade de Hokuryu (cidade de Hokuryu, Hokkaido)\" src=\"https:\/\/www.youtube.com\/embed\/MBs9jIAPoKc?feature=oembed\" frameborder=\"0\" allow=\"accelerometer; autoplay; clipboard-write; encrypted-media; gyroscope; picture-in-picture\" allowfullscreen><\/iframe><\/div>\n\n        <div class=\"site-blogcard-premium\">\n            <div class=\"bc-label-custom\">Artigos relacionados<\/div>\n            <div class=\"bc-flex-container\">\n                <div class=\"bc-main-text\">\n                    <div class=\"bc-title-link-box\">\n                        <a href=\"https:\/\/portal.hokuryu.info\/pt\/topics\/culture\/20140219\/\" target=\"_blank\">https:\/\/portal.hokuryu.info\/topics\/culture\/20140219<\/a>\n                    <\/div>\n                    <div class=\"bc-excerpt-box\">N\u00e3o foi poss\u00edvel recuperar as informa\u00e7\u00f5es da p\u00e1gina.<\/div>\n                <\/div>\n                <div class=\"bc-thumbnail-box\">\n                    <a href=\"https:\/\/portal.hokuryu.info\/pt\/topics\/culture\/20140219\/\" target=\"_blank\">\n                        <div class=\"bc-img-zoom-wrap\">\n                            <img decoding=\"async\" src=\"https:\/\/portal.hokuryu.info\/wp\/wp-content\/uploads\/2026\/02\/20230802DSC06445_1.jpg\" alt=\"https:\/\/portal.hokuryu.info\/topics\/culture\/20140219\">\n                        <\/div>\n                    <\/a>\n                <\/div>\n            <\/div>\n        <\/div>\n<p>\u3000<\/p>\n<h2>Outras fotos<\/h2>\n<div class=\"img-move\">\n<img decoding=\"async\" src=\"https:\/\/ehokkaido.net\/wp-content\/uploads\/2021\/12\/2021-12-06-11.41.12.png\" style=\"vertical-align:middle;\"> <a href=\"https:\/\/photos.app.goo.gl\/enz3zz14Fe7PfWm78\" target=\"_blank\" rel=\"noopener noreferrer\">Fotos (86 fotos) da Cerim\u00f4nia do 130\u00ba Anivers\u00e1rio da Cidade de Hokuryu em 2022 est\u00e3o aqui &gt;&gt;<\/a><\/div>\n<h2>Artigos relacionados<\/h2>\n\n        <div class=\"site-blogcard-premium\">\n            <div class=\"bc-label-custom\">Artigos relacionados<\/div>\n            <div class=\"bc-flex-container\">\n                <div class=\"bc-main-text\">\n                    <div class=\"bc-title-link-box\">\n                        <a href=\"https:\/\/portal.hokuryu.info\/pt\/22149\/\" target=\"_blank\">https:\/\/portal.hokuryu.info\/22149<\/a>\n                    <\/div>\n                    <div class=\"bc-excerpt-box\">N\u00e3o foi poss\u00edvel recuperar as informa\u00e7\u00f5es da p\u00e1gina.<\/div>\n                <\/div>\n                <div class=\"bc-thumbnail-box\">\n                    <a href=\"https:\/\/portal.hokuryu.info\/pt\/22149\/\" target=\"_blank\">\n                        <div class=\"bc-img-zoom-wrap\">\n                            <img decoding=\"async\" src=\"https:\/\/portal.hokuryu.info\/wp\/wp-content\/uploads\/2026\/02\/20230802DSC06445_1.jpg\" alt=\"https:\/\/portal.hokuryu.info\/22149\">\n                        <\/div>\n                    <\/a>\n                <\/div>\n            <\/div>\n        <\/div>\n\u3000<br \/>\n\n        <div class=\"site-blogcard-premium\">\n            <div class=\"bc-label-custom\">Artigos relacionados<\/div>\n            <div class=\"bc-flex-container\">\n                <div class=\"bc-main-text\">\n                    <div class=\"bc-title-link-box\">\n                        <a href=\"https:\/\/portal.hokuryu.info\/pt\/topics\/culture\/20120902.html\/\" target=\"_blank\">Cerim\u00f4nia de Comemora\u00e7\u00e3o do 120\u00ba Anivers\u00e1rio da Cidade de Hokuryu - Portal da Cidade de Hokuryu (Hokkaido) - A Vila dos Girass\u00f3is n\u00ba 1 do Jap\u00e3o<\/a>\n                    <\/div>\n                    <div class=\"bc-excerpt-box\">Apresentamos o &quot;presente&quot; de uma cidade vibrante com 2.100 habitantes e uma taxa de envelhecimento de 401.000.000. Assim como os girass\u00f3is, as fam\u00edlias vivem em harmonia...<\/div>\n                <\/div>\n                <div class=\"bc-thumbnail-box\">\n                    <a href=\"https:\/\/portal.hokuryu.info\/pt\/topics\/culture\/20120902.html\/\" target=\"_blank\">\n                        <div class=\"bc-img-zoom-wrap\">\n                            <img decoding=\"async\" src=\"https:\/\/lh3.googleusercontent.com\/-N9-WvFclqcY\/UEHvTfKoQrI\/AAAAAAAAdAE\/aDP3lDqX8x4\/s720\/IMGP8262.JPG\" alt=\"Cerim\u00f4nia de Comemora\u00e7\u00e3o do 120\u00ba Anivers\u00e1rio da Cidade de Hokuryu - Portal da Cidade de Hokuryu (Hokkaido) - A Vila dos Girass\u00f3is n\u00ba 1 do Jap\u00e3o\">\n                        <\/div>\n                    <\/a>\n                <\/div>\n            <\/div>\n        <\/div>\n\n        <div class=\"site-blogcard-premium\">\n            <div class=\"bc-label-custom\">Artigos relacionados<\/div>\n            <div class=\"bc-flex-container\">\n                <div class=\"bc-main-text\">\n                    <div class=\"bc-title-link-box\">\n                        <a href=\"https:\/\/portal.hokuryu.info\/pt\/hokuryu-town\/120anniversary.html\/\" target=\"_blank\">120\u00ba Anivers\u00e1rio da Funda\u00e7\u00e3o da Cidade e Eventos Relacionados (2012) - Portal da Cidade de Hokuryu (Hokkaido) - A Vila dos Girass\u00f3is n\u00ba 1 do Jap\u00e3o<\/a>\n                    <\/div>\n                    <div class=\"bc-excerpt-box\">Uma paisagem japonesa de tirar o f\u00f4lego: a &quot;Vila dos Girass\u00f3is&quot; na cidade de Hokuryu, Hokkaido. Um ponto tur\u00edstico popular em Hokkaido. Visite pelo menos uma vez. (Sommelier de Arroz...).<\/div>\n                <\/div>\n                <div class=\"bc-thumbnail-box\">\n                    <a href=\"https:\/\/portal.hokuryu.info\/pt\/hokuryu-town\/120anniversary.html\/\" target=\"_blank\">\n                        <div class=\"bc-img-zoom-wrap\">\n                            <img decoding=\"async\" src=\"https:\/\/lh4.googleusercontent.com\/-fAsssRA5rn8\/T8bn53J22QI\/AAAAAAAATwQ\/vaxjWMLumaY\/s720\/_IGP2854.JPG\" alt=\"120\u00ba Anivers\u00e1rio da Funda\u00e7\u00e3o da Cidade e Eventos Relacionados (2012) - Portal da Cidade de Hokuryu (Hokkaido) - A Vila dos Girass\u00f3is n\u00ba 1 do Jap\u00e3o\">\n                        <\/div>\n                    <\/a>\n                <\/div>\n            <\/div>\n        <\/div>\n<p>\u25c7 Fotografia e edi\u00e7\u00e3o: Noboru Terauchi Entrevista e texto: Ikuko Terauchi<\/p>","protected":false},"excerpt":{"rendered":"<p>\uff12\uff10\uff12\uff12\u5e74\uff19\u6708\uff15\u65e5\uff08\u6708\uff09 \uff12\uff10\uff12\uff12\u5e74\uff19\u6708\uff13\u65e5\uff08\u571f\uff09\uff11\uff10\uff1a\uff10\uff10\u301c\u3001\u5317\u7adc\u753a\u958b\u753a\uff11\uff13\uff10\u5e74\u8a18\u5ff5\u5f0f\u5178\u304c\u5317\u7adc\u753a\u516c\u6c11\u9928\u5927\u30db\u30fc\u30eb\u306b\u3066\u884c\u306a\u308f\u308c\u307e\u3057\u305f\u3002 \u5317\u7adc\u753a\u958b\u753a\uff11\uff13\uff10\u5e74\u3092\u304a\u795d\u3044\u3059\u308b\u3068\u3068\u3082\u306b\u3001\u3053\u308c\u307e\u3067\u753a\u306e\u767a\u5c55\u306b\u5bc4\u4e0e\u3055\u308c [&hellip;]<\/p>\n","protected":false},"author":1,"featured_media":23378,"comment_status":"open","ping_status":"open","sticky":false,"template":"","format":"standard","meta":{"footnotes":""},"categories":[4,14,91],"tags":[],"class_list":["post-23377","post","type-post","status-publish","format-standard","has-post-thumbnail","hentry","category-cover-story","category-hokuryu-town","category-91"],"_links":{"self":[{"href":"https:\/\/portal.hokuryu.info\/pt\/wp-json\/wp\/v2\/posts\/23377","targetHints":{"allow":["GET"]}}],"collection":[{"href":"https:\/\/portal.hokuryu.info\/pt\/wp-json\/wp\/v2\/posts"}],"about":[{"href":"https:\/\/portal.hokuryu.info\/pt\/wp-json\/wp\/v2\/types\/post"}],"author":[{"embeddable":true,"href":"https:\/\/portal.hokuryu.info\/pt\/wp-json\/wp\/v2\/users\/1"}],"replies":[{"embeddable":true,"href":"https:\/\/portal.hokuryu.info\/pt\/wp-json\/wp\/v2\/comments?post=23377"}],"version-history":[{"count":0,"href":"https:\/\/portal.hokuryu.info\/pt\/wp-json\/wp\/v2\/posts\/23377\/revisions"}],"wp:featuredmedia":[{"embeddable":true,"href":"https:\/\/portal.hokuryu.info\/pt\/wp-json\/wp\/v2\/media\/23378"}],"wp:attachment":[{"href":"https:\/\/portal.hokuryu.info\/pt\/wp-json\/wp\/v2\/media?parent=23377"}],"wp:term":[{"taxonomy":"category","embeddable":true,"href":"https:\/\/portal.hokuryu.info\/pt\/wp-json\/wp\/v2\/categories?post=23377"},{"taxonomy":"post_tag","embeddable":true,"href":"https:\/\/portal.hokuryu.info\/pt\/wp-json\/wp\/v2\/tags?post=23377"}],"curies":[{"name":"wp","href":"https:\/\/api.w.org\/{rel}","templated":true}]}}