{"id":19546,"date":"2022-06-27T06:39:49","date_gmt":"2022-06-26T21:39:49","guid":{"rendered":"https:\/\/portal.hokuryu.info\/?p=19546"},"modified":"2026-03-19T17:26:01","modified_gmt":"2026-03-19T08:26:01","slug":"%e5%8c%97%e7%ab%9c%e7%94%ba%e4%b9%be%e7%94%b0%e7%9b%b4%e6%92%ad%e7%b1%b3%e3%81%ae%e5%81%a5%e3%82%84%e3%81%8b%e3%81%aa%e3%82%8b%e6%88%90%e9%95%b7","status":"publish","type":"post","link":"https:\/\/portal.hokuryu.info\/pt\/19546\/","title":{"rendered":"O crescimento saud\u00e1vel de &quot;Emimaru&quot;, uma variedade de arroz semeada a seco cultivada pelo Sr. Koki Takada (Cidade de Hokuryu)."},"content":{"rendered":"<p>Segunda-feira, 27 de junho de 2022<\/p>\n<p>As mudas de &quot;Emimaru&quot;, uma variedade de arroz de semente seca cultivada por Takada Yukiyoshi, um morador da cidade de Hokuryu, est\u00e3o ficando mais verdes e saud\u00e1veis a cada dia que passa.<\/p>\n<p>Passaram-se dois meses desde a semeadura no final de abril, e foram realizados trabalhos como compacta\u00e7\u00e3o, cobertura com terra, rega e aplica\u00e7\u00e3o de herbicida. Desde ent\u00e3o, as sementes germinaram, estabeleceram-se, ramificaram e est\u00e3o crescendo bem.<\/p>\n<p>Com amor, gratid\u00e3o e ora\u00e7\u00f5es infinitas pelo arroz semeado diretamente &quot;Emimaru&quot;, que cresce livre e vigorosamente, banhado pela energia da generosidade da natureza, incluindo solo f\u00e9rtil, \u00e1gua pura e a abundante luz do sol...<\/p>\n<h2>&quot;Emimaru&quot; est\u00e1 crescendo forte (foto tirada em 20 de junho)<\/h2>\n<h4>O arroz semeado diretamente &quot;Emimaru&quot; cresce vigorosamente.<\/h4>\n<p>\ufffc<br \/>\n<figure class=\"wp-caption aligncenter\"><a href=\"https:\/\/photos.google.com\/share\/AF1QipMl76hq8q2GlhuSPSfpBgws1gP-B-bw-mjnyvSYvdZXsq2iJX2IZKmXQ3ZEc-Trnw\/photo\/AF1QipNO37evsByceP3Q-POMPZfOIK6dD3wVl_Wk4SM?key=bjhCdUNpSnJ0QUZlbDktTWp3Ql83OXczcDhhXzVR\" target=\"_balnk\" rel=\"noopener\"><img decoding=\"async\" src=\"https:\/\/lh3.googleusercontent.com\/pw\/AM-JKLUkMrCuOQsl3K9zE9egPq7sJNZcynOa36PR7YBMozq_m7TlDrQtYNf2MpPS1OCXZRal5L_F51bpxw1zB63p2aKw8P766A3L2l6dywn3O_0XG93Z5cJAkivt5e_qpk5phl_fD76gvPFGJZSalcLB_tkh=w2000-h1333-no?authuser=0\" width=\"2000\" height=\"1333\" alt=\"O arroz semeado diretamente &quot;Emimaru&quot; cresce vigorosamente (fotografado na segunda-feira, 20 de junho).\" class=\"size-full\" \/><\/a><figcaption class=\"wp-caption-text\">O arroz semeado diretamente &quot;Emimaru&quot; cresce vigorosamente (fotografado na segunda-feira, 20 de junho).<\/figcaption><\/figure>\n<h4>Dia ap\u00f3s dia, as \u00e1rvores ficam mais verdes e saud\u00e1veis.<\/h4>\n<figure class=\"wp-caption aligncenter\"><a href=\"https:\/\/photos.google.com\/share\/AF1QipMl76hq8q2GlhuSPSfpBgws1gP-B-bw-mjnyvSYvdZXsq2iJX2IZKmXQ3ZEc-Trnw\/photo\/AF1QipPfhMFgGHMiwEM6SUAgB5xRkEt8G42BRP0b9GE?key=bjhCdUNpSnJ0QUZlbDktTWp3Ql83OXczcDhhXzVR\" target=\"_balnk\" rel=\"noopener\"><img decoding=\"async\" src=\"https:\/\/lh3.googleusercontent.com\/pw\/AM-JKLUVh_29g7P4bSM12L7iPgoCUhVdvERisEDZBQPPTlFajETLPgdQDn5fUUK7GVT5mkrG_tKnaiFCr8kNcJBJrUiulwxiWF0Ex1OTuMEIgN1samrPQLUdq0vVQXlZKjRiOLPaUAM0B0Sdw7Iiw-J7twov=w2000-h1333-no?authuser=0\" width=\"2000\" height=\"1333\" alt=\"As plantas ficam mais verdes e saud\u00e1veis a cada dia: Foto tirada na segunda-feira, 20 de junho.\" class=\"size-full\" \/><\/a><figcaption class=\"wp-caption-text\">As plantas ficam mais verdes e saud\u00e1veis a cada dia: Foto tirada na segunda-feira, 20 de junho.<\/figcaption><\/figure>\n<h2>Aqui est\u00e1 uma foto do progresso do campo ap\u00f3s a semeadura.<\/h2>\n<h4>Enchendo com \u00e1gua: Fotografia tirada na segunda-feira, 2 de maio.<\/h4>\n<figure class=\"wp-caption aligncenter\"><a href=\"https:\/\/photos.google.com\/share\/AF1QipMl76hq8q2GlhuSPSfpBgws1gP-B-bw-mjnyvSYvdZXsq2iJX2IZKmXQ3ZEc-Trnw\/photo\/AF1QipOjJVK4eml28Qs_mXkNl0ImQvMfuOvr-YVguxA?key=bjhCdUNpSnJ0QUZlbDktTWp3Ql83OXczcDhhXzVR\" target=\"_balnk\" rel=\"noopener\"><img decoding=\"async\" src=\"https:\/\/lh3.googleusercontent.com\/pw\/AM-JKLW7EJt-7T0mTf7rieY5rUgNc4x6dde0rwlQ7QJJsDN-BGKrIJyZh25r4suVl6NiIlwJhoZ_8uedoqHx8ZzaDI6o1wE-ynUYBBbD9uRjzbj9WHpi85YJQw7_z9I7GWVyORNQ_xRzkcaYNNLaw8KgMMid=w2000-h1333-no?authuser=0\" width=\"2000\" height=\"1333\" alt=\"Rega: Fotografia tirada na segunda-feira, 2 de maio.\" class=\"size-full\" \/><\/a><figcaption class=\"wp-caption-text\">Rega: Fotografia tirada na segunda-feira, 2 de maio.<\/figcaption><\/figure>\n<h4>Uma semana ap\u00f3s adicionar \u00e1gua: Foto tirada no domingo, 8 de maio.<\/h4>\n<figure class=\"wp-caption aligncenter\"><a href=\"https:\/\/photos.google.com\/share\/AF1QipMl76hq8q2GlhuSPSfpBgws1gP-B-bw-mjnyvSYvdZXsq2iJX2IZKmXQ3ZEc-Trnw\/photo\/AF1QipN4OCm3C3JDaJBIDIG6kosFqWn1eJ5eV5D6npU?key=bjhCdUNpSnJ0QUZlbDktTWp3Ql83OXczcDhhXzVR\" target=\"_balnk\" rel=\"noopener\"><img decoding=\"async\" src=\"https:\/\/lh3.googleusercontent.com\/pw\/AM-JKLX024xVSq3n13WqjA1KNJcE7SIj5DVJniftOhNy6sKkZBKXUf76c78JAjA81pzsUH4wVyOKItnJnYavA9mnQ-7pUFvFpBQSa0PBverYl5PH3IBuNf2t5Q2CKpk4Xld-pBiVfaAYaocOzPRONOPHLKRu=w2000-h1333-no?authuser=0\" width=\"2000\" height=\"1333\" alt=\"Uma semana ap\u00f3s adicionar \u00e1gua: Foto tirada em 8 de maio (domingo)\" class=\"size-full\" \/><\/a><figcaption class=\"wp-caption-text\">Uma semana ap\u00f3s adicionar \u00e1gua: Foto tirada em 8 de maio (domingo)<\/figcaption><\/figure>\n<h4>O campo ap\u00f3s a \u00e1gua ter baixado: Foto tirada na segunda-feira, 23 de maio.<\/h4>\n<figure class=\"wp-caption aligncenter\"><a href=\"https:\/\/photos.google.com\/share\/AF1QipMl76hq8q2GlhuSPSfpBgws1gP-B-bw-mjnyvSYvdZXsq2iJX2IZKmXQ3ZEc-Trnw\/photo\/AF1QipPw_-5_9qlSalIHRX0hxLoLPUlWnccJEiBc5zA?key=bjhCdUNpSnJ0QUZlbDktTWp3Ql83OXczcDhhXzVR\" target=\"_balnk\" rel=\"noopener\"><img decoding=\"async\" src=\"https:\/\/lh3.googleusercontent.com\/pw\/AM-JKLVYAe0xg_R41uSih3ehp9Zl1biGnx1EzmYbP_D7w7GAj977vF7v-AXFeOYFP2L8LX8TDaCaYxjGY-Bck3T4jvlR1r0FFGuBYsg4ANeMzxypfPpujLBef-1NWFDMiuVi1zcjd53DeCVEeiDBTmFeea3Y=w2000-h1333-no?authuser=0\" width=\"2000\" height=\"1333\" alt=\"O campo ap\u00f3s a \u00e1gua ter baixado: Foto tirada na segunda-feira, 23 de maio.\" class=\"size-full\" \/><\/a><figcaption class=\"wp-caption-text\">O campo ap\u00f3s a \u00e1gua ter baixado: Foto tirada na segunda-feira, 23 de maio.<\/figcaption><\/figure>\n<h4>Germina\u00e7\u00e3o: Fotografia tirada na segunda-feira, 30 de maio.<\/h4>\n<figure class=\"wp-caption aligncenter\"><a href=\"https:\/\/photos.google.com\/share\/AF1QipMl76hq8q2GlhuSPSfpBgws1gP-B-bw-mjnyvSYvdZXsq2iJX2IZKmXQ3ZEc-Trnw\/photo\/AF1QipP2obPNLuobxEFou3FpSHALd6ymB_kZBxcbH2Q?key=bjhCdUNpSnJ0QUZlbDktTWp3Ql83OXczcDhhXzVR\" target=\"_balnk\" rel=\"noopener\"><img decoding=\"async\" src=\"https:\/\/lh3.googleusercontent.com\/pw\/AM-JKLXJzC9-4uqeypMBl1bdDaMXNkvNEbwsEFwm4__TjRB-rQ-038Fn2AfPsBQt1Ny5GMSLOj6s4PaFpSHt6L3G4uXvqFvet8JJTL2LS3yS4HTdZsQeteynzDG8uHYjuFgxCq9olXairmjO8U6roslzAvq1=w2000-h1333-no?authuser=0\" width=\"2000\" height=\"1333\" alt=\"Estado de germina\u00e7\u00e3o\" class=\"size-full\" \/><\/a><figcaption class=\"wp-caption-text\">Estado de germina\u00e7\u00e3o<\/figcaption><\/figure>\n<p>&quot;Cres\u00e7a saud\u00e1vel e forte!&quot;<br \/>\nEstamos gratos pelo crescimento saud\u00e1vel de Emimaru, que est\u00e1 crescendo forte e saud\u00e1vel!<\/p>\n<figure class=\"wp-caption aligncenter\"><a href=\"https:\/\/photos.google.com\/share\/AF1QipMl76hq8q2GlhuSPSfpBgws1gP-B-bw-mjnyvSYvdZXsq2iJX2IZKmXQ3ZEc-Trnw\/photo\/AF1QipMTROwQbV5QoNOr9NLIKDEx55Fb4e3hoxLibTY?key=bjhCdUNpSnJ0QUZlbDktTWp3Ql83OXczcDhhXzVR\" target=\"_balnk\" rel=\"noopener\"><img decoding=\"async\" src=\"https:\/\/lh3.googleusercontent.com\/pw\/AM-JKLWIzffuWmRz_AC8fyp6-O8swgab94le8_BnIDBf2fRMXKD--WFdi1p7lUgmpRFCTBG-01WU5VjpmDCfCW83xcBLEtSbQ4zQ4cRRtCqft-HJ6YRTiBu7KUWrvjEKLRREqiSLmtf10YQb1bfTl0RC_zWe=w2000-h1333-no?authuser=0\" width=\"2000\" height=\"1333\" alt=\"&quot;Cres\u00e7a saud\u00e1vel e forte!&quot;\" class=\"size-full\" \/><\/a><figcaption class=\"wp-caption-text\">&quot;Cres\u00e7a saud\u00e1vel e forte!&quot;<\/figcaption><\/figure>\n<h2>v\u00eddeos do YouTube<\/h2>\n<div class=\"youtube\"><iframe title=\"Cultivo de arroz de semente seca &quot;Emimaru&quot; pelo Sr. Koki Takada (Cidade de Hokuryu)\" src=\"https:\/\/www.youtube.com\/embed\/-MX4a_SJmYQ?feature=oembed\" frameborder=\"0\" allow=\"accelerometer; autoplay; clipboard-write; encrypted-media; gyroscope; picture-in-picture\" allowfullscreen><\/iframe><\/div>\n<h2>Artigos relacionados<\/h2>\n\n        <div class=\"site-blogcard-premium\">\n            <div class=\"bc-label-custom\">Artigos relacionados<\/div>\n            <div class=\"bc-flex-container\">\n                <div class=\"bc-main-text\">\n                    <div class=\"bc-title-link-box\">\n                        <a href=\"https:\/\/portal.hokuryu.info\/pt\/20241\/\" target=\"_blank\">https:\/\/portal.hokuryu.info\/20241<\/a>\n                    <\/div>\n                    <div class=\"bc-excerpt-box\">N\u00e3o foi poss\u00edvel recuperar as informa\u00e7\u00f5es da p\u00e1gina.<\/div>\n                <\/div>\n                <div class=\"bc-thumbnail-box\">\n                    <a href=\"https:\/\/portal.hokuryu.info\/pt\/20241\/\" target=\"_blank\">\n                        <div class=\"bc-img-zoom-wrap\">\n                            <img decoding=\"async\" src=\"https:\/\/portal.hokuryu.info\/wp\/wp-content\/uploads\/2026\/02\/20230802DSC06445_1.jpg\" alt=\"https:\/\/portal.hokuryu.info\/20241\">\n                        <\/div>\n                    <\/a>\n                <\/div>\n            <\/div>\n        <\/div>\n\n        <div class=\"site-blogcard-premium\">\n            <div class=\"bc-label-custom\">Artigos relacionados<\/div>\n            <div class=\"bc-flex-container\">\n                <div class=\"bc-main-text\">\n                    <div class=\"bc-title-link-box\">\n                        <a href=\"https:\/\/portal.hokuryu.info\/pt\/18333\/\" target=\"_blank\">https:\/\/portal.hokuryu.info\/18333<\/a>\n                    <\/div>\n                    <div class=\"bc-excerpt-box\">N\u00e3o foi poss\u00edvel recuperar as informa\u00e7\u00f5es da p\u00e1gina.<\/div>\n                <\/div>\n                <div class=\"bc-thumbnail-box\">\n                    <a href=\"https:\/\/portal.hokuryu.info\/pt\/18333\/\" target=\"_blank\">\n                        <div class=\"bc-img-zoom-wrap\">\n                            <img decoding=\"async\" src=\"https:\/\/portal.hokuryu.info\/wp\/wp-content\/uploads\/2026\/02\/20230802DSC06445_1.jpg\" alt=\"https:\/\/portal.hokuryu.info\/18333\">\n                        <\/div>\n                    <\/a>\n                <\/div>\n            <\/div>\n        <\/div>\n\u3000<br \/>\n\n        <div class=\"site-blogcard-premium\">\n            <div class=\"bc-label-custom\">Artigos relacionados<\/div>\n            <div class=\"bc-flex-container\">\n                <div class=\"bc-main-text\">\n                    <div class=\"bc-title-link-box\">\n                        <a href=\"https:\/\/portal.hokuryu.info\/pt\/kurosengokubean\/farmer\/005.html\/\" target=\"_blank\">Koki Takada [cidade de Hokuryu] - Portal da cidade de Hokuryu (Hokkaido) - Vila de girass\u00f3is n\u00famero 1 do Jap\u00e3o<\/a>\n                    <\/div>\n                    <div class=\"bc-excerpt-box\">Apresentamos o &quot;presente&quot; de uma cidade vibrante com 2.100 habitantes e uma taxa de envelhecimento de 401.000.000. Assim como os girass\u00f3is, as fam\u00edlias vivem em harmonia...<\/div>\n                <\/div>\n                <div class=\"bc-thumbnail-box\">\n                    <a href=\"https:\/\/portal.hokuryu.info\/pt\/kurosengokubean\/farmer\/005.html\/\" target=\"_blank\">\n                        <div class=\"bc-img-zoom-wrap\">\n                            <img decoding=\"async\" src=\"https:\/\/lh5.googleusercontent.com\/-rXU4TxxyOPE\/VI0QDqkL6GI\/AAAAAAABmek\/_gtLPh8j8CU\/w1297-h864-no\/K5%2B55101\" alt=\"Koki Takada [cidade de Hokuryu] - Portal da cidade de Hokuryu (Hokkaido) - Vila de girass\u00f3is n\u00famero 1 do Jap\u00e3o\">\n                        <\/div>\n                    <\/a>\n                <\/div>\n            <\/div>\n        <\/div>\n<p>\u3000<\/p>\n<p>\u25c7 noboru e ikuko<\/p>","protected":false},"excerpt":{"rendered":"<p>\uff12\uff10\uff12\uff12\u5e74\uff16\u6708\uff12\uff17\u65e5\uff08\u6708\uff09 \u5317\u7adc\u753a\u5728\u4f4f\u306e\u9ad8\u7530\u5e78\u559c\u3055\u3093\u304c\u683d\u57f9\u3059\u308b\u4e7e\u7530\u76f4\u64ad\u7c73\u300c\u3048\u307f\u307e\u308b\u300d\u306e\u82d7\u304c\u3001\u65e5\u6bce\u306b\u7dd1\u6fc3\u304f\u3001\u3050\u3093\u3050\u3093\u5143\u6c17\u306b\u6210\u9577\u3057\u3066\u3044\u307e\u3059\u3002 \uff14\u6708\u672b\u306e\u64ad\u7a2e\u4f5c\u696d\u304b\u3089\uff12\u304b\u6708\u3001\u93ae\u5727\u30fb\u8986\u571f\u4f5c\u696d\u3001\u6c34\u5165\u308c\u4f5c\u696d\u3001\u9664\u8349\u5264 [&hellip;]<\/p>\n","protected":false},"author":1,"featured_media":19547,"comment_status":"open","ping_status":"open","sticky":false,"template":"","format":"standard","meta":{"footnotes":""},"categories":[119],"tags":[],"class_list":["post-19546","post","type-post","status-publish","format-standard","has-post-thumbnail","hentry","category-scene"],"_links":{"self":[{"href":"https:\/\/portal.hokuryu.info\/pt\/wp-json\/wp\/v2\/posts\/19546","targetHints":{"allow":["GET"]}}],"collection":[{"href":"https:\/\/portal.hokuryu.info\/pt\/wp-json\/wp\/v2\/posts"}],"about":[{"href":"https:\/\/portal.hokuryu.info\/pt\/wp-json\/wp\/v2\/types\/post"}],"author":[{"embeddable":true,"href":"https:\/\/portal.hokuryu.info\/pt\/wp-json\/wp\/v2\/users\/1"}],"replies":[{"embeddable":true,"href":"https:\/\/portal.hokuryu.info\/pt\/wp-json\/wp\/v2\/comments?post=19546"}],"version-history":[{"count":1,"href":"https:\/\/portal.hokuryu.info\/pt\/wp-json\/wp\/v2\/posts\/19546\/revisions"}],"predecessor-version":[{"id":71234,"href":"https:\/\/portal.hokuryu.info\/pt\/wp-json\/wp\/v2\/posts\/19546\/revisions\/71234"}],"wp:featuredmedia":[{"embeddable":true,"href":"https:\/\/portal.hokuryu.info\/pt\/wp-json\/wp\/v2\/media\/19547"}],"wp:attachment":[{"href":"https:\/\/portal.hokuryu.info\/pt\/wp-json\/wp\/v2\/media?parent=19546"}],"wp:term":[{"taxonomy":"category","embeddable":true,"href":"https:\/\/portal.hokuryu.info\/pt\/wp-json\/wp\/v2\/categories?post=19546"},{"taxonomy":"post_tag","embeddable":true,"href":"https:\/\/portal.hokuryu.info\/pt\/wp-json\/wp\/v2\/tags?post=19546"}],"curies":[{"name":"wp","href":"https:\/\/api.w.org\/{rel}","templated":true}]}}