{"id":17223,"date":"2022-03-15T13:40:56","date_gmt":"2022-03-15T04:40:56","guid":{"rendered":"https:\/\/portal.hokuryu.info\/?p=17223"},"modified":"2022-03-18T11:45:02","modified_gmt":"2022-03-18T02:45:02","slug":"%e5%8c%97%e7%ab%9c%e7%94%ba%e7%ab%8b-%e5%8c%97%e7%ab%9c%e4%b8%ad%e5%ad%a6%e6%a0%a1-%e7%ac%ac75%e5%9b%9e%e5%8d%92%e6%a5%ad%e8%a8%bc%e6%9b%b8%e6%8e%88%e4%b8%8e%e5%bc%8f%e3%83%bb%e5%8d%92%e6%a5%ad","status":"publish","type":"post","link":"https:\/\/portal.hokuryu.info\/pt\/17223\/","title":{"rendered":"Cerim\u00f4nia de Formatura do 75\u00ba Ano da Escola Secund\u00e1ria Hokuryu, Cidade de Hokuryu - Arte em Mosaico para Celebrar as Formaturas"},"content":{"rendered":"<p>Ter\u00e7a-feira, 15 de mar\u00e7o de 2022<\/p>\n<p>A 75\u00aa cerim\u00f4nia de formatura da Escola Secund\u00e1ria Hokuryu da cidade de Hokuryu foi realizada no s\u00e1bado, 12 de mar\u00e7o, a partir das 9h40.<\/p>\n<h2>Cidade de Hokuryu, Escola Secund\u00e1ria Hokuryu<\/h2>\n<figure class=\"wp-caption aligncenter\"><a href=\"https:\/\/photos.google.com\/share\/AF1QipMZfYJhXqWMgGA4TeVuWMd--AkdgOJdBIgauUvGSwRkJNFCW7HvmuafjiMoyY-nzw\/photo\/AF1QipNwaZGqeMb7iLFYinQ_ILwXetyMvh_PuyBQXGw?key=OXpBaTN4Nkc4RGFVc3NwQmo4dHhhRGxrdkhxWERR\" target=\"_blank\" rel=\"noopener\"><img decoding=\"async\" src=\"https:\/\/lh3.googleusercontent.com\/pw\/AM-JKLXD-nnweCHonXGnNkXTJKtJgHAoc8Pis3vF_jDaWK41XA6FMBxP34qkaDCx5UmyMmdxpfLErAqwF37h3s-46UmBOpOTh5NiLHOSGzz27z2PImC3wu1TD49twppnYtuGXSbGElTVrAIAISn92WgStnfI=w2000-h1333-no?authuser=0\" width=\"2000\" height=\"1333\" alt=\"Cidade de Hokuryu, Escola Secund\u00e1ria Hokuryu, Port\u00e3o Principal\" class=\"size-full\" \/><\/a><figcaption class=\"wp-caption-text\">Cidade de Hokuryu, Escola Secund\u00e1ria Hokuryu, Port\u00e3o Principal<\/figcaption><\/figure>\n<figure class=\"wp-caption aligncenter\"><a href=\"https:\/\/photos.google.com\/share\/AF1QipMZfYJhXqWMgGA4TeVuWMd--AkdgOJdBIgauUvGSwRkJNFCW7HvmuafjiMoyY-nzw\/photo\/AF1QipNb2wd4O-PB8XFUScRuGLzsZRWn671HmKKraoc?key=OXpBaTN4Nkc4RGFVc3NwQmo4dHhhRGxrdkhxWERR\" target=\"_blank\" rel=\"noopener\"><img decoding=\"async\" src=\"https:\/\/lh3.googleusercontent.com\/pw\/AM-JKLUUxG3_F7EAqtlb9HOH9wcnQbnsSGPiWNM0z3dphKovUrGjJb_P-fuGYbeeK_jVgYP1PsW9KHo0KjdJfPrwsjj63PmDWuxEV5T1X52Sa-l2Ce6N-uqwRyXMpXgfVKvNnBDzZI-GeH4zFe5Wa5HiFhbx=w2000-h1333-no?authuser=0\" width=\"2000\" height=\"1333\" alt=\"Cidade de Hokuryu, entrada da Escola Secund\u00e1ria Hokuryu.\" class=\"size-full\" \/><\/a><figcaption class=\"wp-caption-text\">Cidade de Hokuryu, entrada da Escola Secund\u00e1ria Hokuryu.<\/figcaption><\/figure>\n<h2>Local da cerim\u00f4nia de formatura (gin\u00e1sio)<\/h2>\n<p>Este ano, como medida para prevenir a propaga\u00e7\u00e3o da COVID-19, o n\u00famero de alunos e a carga hor\u00e1ria das aulas foram reduzidos, mas 13 formandos deixaram a escola onde passaram momentos preciosos, levando consigo mem\u00f3rias inesquec\u00edveis.<\/p>\n<h3>Brilhem intensamente no futuro, amigos da Escola Secund\u00e1ria Kita!<\/h3>\n<figure class=\"wp-caption aligncenter\"><a href=\"https:\/\/photos.google.com\/share\/AF1QipMZfYJhXqWMgGA4TeVuWMd--AkdgOJdBIgauUvGSwRkJNFCW7HvmuafjiMoyY-nzw\/photo\/AF1QipMFefVcCDLpXUcFMgz-m-eotoeOXRo0SCs0254?key=OXpBaTN4Nkc4RGFVc3NwQmo4dHhhRGxrdkhxWERR\" target=\"_blank\" rel=\"noopener\"><img decoding=\"async\" src=\"https:\/\/lh3.googleusercontent.com\/pw\/AM-JKLWAT8IF90Fhz1lmyQCMSYUlxRtiIjEjSt4vfU_r5q2dlFz6rPleVXkXJyDlSpkdzzqOyHN3BF3DZG0HaEC7uqCfI5KW77TnM-U1tz8b0cWbNGlCSkTrMfnuzXoUpV7d9yKWN9lwIHcJT__JEkm25dbh=w2000-h1333-no?authuser=0\" width=\"2000\" height=\"1333\" alt=\"Brilhem intensamente no futuro, amigos da Escola Secund\u00e1ria Kita!\" class=\"size-full\" \/><\/a><figcaption class=\"wp-caption-text\">Brilhem intensamente no futuro, amigos da Escola Secund\u00e1ria Kita!<\/figcaption><\/figure>\n<h2>Arte em mosaico feita por todos os alunos<\/h2>\n<p>O gin\u00e1sio onde o evento foi realizado estava decorado com &quot;arte em mosaico&quot; feita por todos os alunos. Mosaico \u00e9 uma forma de arte em que pe\u00e7as s\u00e3o cortadas em pequenos peda\u00e7os e coladas para criar uma \u00fanica imagem.<\/p>\n<p>As fam\u00edlias que visitaram o local ficaram cativadas e atra\u00eddas pelas obras de beleza estonteante, contemplando-as por um bom tempo.<\/p>\n<figure class=\"wp-caption aligncenter\"><a href=\"https:\/\/photos.google.com\/share\/AF1QipMZfYJhXqWMgGA4TeVuWMd--AkdgOJdBIgauUvGSwRkJNFCW7HvmuafjiMoyY-nzw\/photo\/AF1QipOLld3JqTjcV8B2je7Px70ACMuKR3qKt0YhKnY?key=OXpBaTN4Nkc4RGFVc3NwQmo4dHhhRGxrdkhxWERR\" target=\"_blank\" rel=\"noopener\"><img decoding=\"async\" src=\"https:\/\/lh3.googleusercontent.com\/pw\/AM-JKLWIiwPymv0eW8emYeJGHB9IDO1brKAiOQD7hzqU5iqO_ch6ReQC4M7EnKbKLSTnGg2puJYz7dcYdIco9S7kMYx2TDGaziqkVxREaWELxPkbiSSYk9IPTb5h4nM79QqmYvPhxhxRfjdA0po86l7f9teX=w2000-h1333-no?authuser=0\" width=\"2000\" height=\"1333\" alt=\"Arte em mosaico deslumbrante\" class=\"size-full\" \/><\/a><figcaption class=\"wp-caption-text\">Arte em mosaico deslumbrante<\/figcaption><\/figure>\n<h3>Abrindo novos caminhos mesmo em situa\u00e7\u00f5es onde isso n\u00e3o \u00e9 poss\u00edvel.<\/h3>\n<p>Como n\u00e3o \u00e9 poss\u00edvel que toda a escola cante junta, a ideia foi proposta pelo Sr. Tomonori Matsuno em uma reuni\u00e3o onde os professores compartilharam ideias, com o objetivo de ajudar os alunos a desenvolver &quot;a for\u00e7a e a vitalidade para trilhar novos caminhos mesmo em situa\u00e7\u00f5es em que cantar juntos n\u00e3o seja poss\u00edvel&quot;.<\/p>\n<h3>Todos os 32 alunos se dedicaram de corpo e alma \u00e0 cria\u00e7\u00e3o de uma \u00fanica obra.<\/h3>\n<p>O mosaico apresenta as silhuetas dos formandos, seus nomes e girass\u00f3is. Toda a escola, composta por 32 alunos (10 do primeiro ano, 9 do segundo ano e 13 do terceiro ano), trabalhou no projeto.<\/p>\n<p>Cada aluno recebeu duas folhas de papel A3, cada uma com uma pequena se\u00e7\u00e3o quadrada e uma cor designada para cada quadrado. Os alunos coloriram cada quadrado (sete cores: preto, roxo, azul, azul claro, verde, vermelho e amarelo, deixando o branco em branco).<br \/>\n\u3000<\/p>\n<div class=\"img-move\">\n<div class=\"column column-2\">\n<div class=\"column__item\"><a href=\"https:\/\/photos.google.com\/share\/AF1QipMZfYJhXqWMgGA4TeVuWMd--AkdgOJdBIgauUvGSwRkJNFCW7HvmuafjiMoyY-nzw\/photo\/AF1QipNi1ZxI7baawfKo9E8tjTsffZ04AfcJ7NG0OXY?key=OXpBaTN4Nkc4RGFVc3NwQmo4dHhhRGxrdkhxWERR\" target=\"_blank\" rel=\"noopener\"><img decoding=\"async\" src=\"https:\/\/lh3.googleusercontent.com\/pw\/AM-JKLVbBZp9psrXV45gc32_R5xv2uiQzniovzyNR9N6OacLhCunheiKI_T40h0KrS6gpOFlrXZc6IWxfGQ7sfuoRpZjqXY395cXW8ua_eQ5-tcLsLR26K6-66mQe86NJnsGxYLWVGfKvkgY91IiOj9Hdjrv=w2000-h1500-no?authuser=0\" alt=\"Imagem original\" \/><br \/>\n<span style=\"font-size: 10pt\">Imagem original<\/span><\/a><\/div>\n<div class=\"column__item\"><a href=\"https:\/\/photos.google.com\/share\/AF1QipMZfYJhXqWMgGA4TeVuWMd--AkdgOJdBIgauUvGSwRkJNFCW7HvmuafjiMoyY-nzw\/photo\/AF1QipMo-vbTWUkdzVd2OyP7dHBrqOODTxRsQREn94M?key=OXpBaTN4Nkc4RGFVc3NwQmo4dHhhRGxrdkhxWERR\" target=\"_blank\" rel=\"noopener\"><img decoding=\"async\" src=\"https:\/\/lh3.googleusercontent.com\/pw\/AM-JKLVuV52UE5c9-WQ2jBXG9oqPu-u3_4SLuNjgY94loOXwd-xXXDL4ooU3KyEuL2PIVlJLbpAx_Inh5gf-2auaBQUMLTNUkEy0HT5gnuhoEe2teqvJfzDcvpqtJIMkrwTexCJu35MfvO7L845TVpjzqfZh=w2000-h1500-no?authuser=0\" alt=\"Imagem em mosaico\" \/><br \/>\n<span style=\"font-size: 10pt\">Imagem em mosaico<\/span><\/a><\/div>\n<\/div>\n<\/div>\n<div class=\"img-move\">\n<div class=\"column column-2\">\n<div class=\"column__item\"><a href=\"https:\/\/photos.google.com\/share\/AF1QipMZfYJhXqWMgGA4TeVuWMd--AkdgOJdBIgauUvGSwRkJNFCW7HvmuafjiMoyY-nzw\/photo\/AF1QipNi45cTOavf3w1MGrfuuzt5uSqxbtHun4jddRs?key=OXpBaTN4Nkc4RGFVc3NwQmo4dHhhRGxrdkhxWERR\" target=\"_blank\" rel=\"noopener\"><img decoding=\"async\" src=\"https:\/\/lh3.googleusercontent.com\/pw\/AM-JKLXQe_uyWHt8TD_rkO-Y8RmVfC0HXMYhkeJjewnY1_EHDLWXlcbcXWQEpKBfwmlZv1JtiGehlkXzQqrJIPGO0W63Ko41als6OdgD9ok937YAHF65yuc_u5XlZHV7KjWFdOsn3dsf-MjKw8-_7Lkj0h78=w2000-h1500-no?authuser=0\" alt=\"Pinte cada quadrado.\" \/><br \/>\n<span style=\"font-size: 10pt\">Pinte cada quadrado.<\/span><\/a><\/div>\n<div class=\"column__item\"><a href=\"https:\/\/photos.google.com\/share\/AF1QipMZfYJhXqWMgGA4TeVuWMd--AkdgOJdBIgauUvGSwRkJNFCW7HvmuafjiMoyY-nzw\/photo\/AF1QipP7ggxm7Fa5aEyUy6_BQa_L-3UIXaACnqeSdXY?key=OXpBaTN4Nkc4RGFVc3NwQmo4dHhhRGxrdkhxWERR\" target=\"_blank\" rel=\"noopener\"><img decoding=\"async\" src=\"https:\/\/lh3.googleusercontent.com\/pw\/AM-JKLUPtadEP1iaGUydFM-pr9_Za8sePG2sLo2KOelc25Y_XobV_5_DYslUBJ5A7WxTRIu-HSB-08VX_qCoJBETZ8vjSoyCaZ4zb1sKinwJjm06c4qyHqOCyJJbjyKNWRPyU67xWiZ24Zkosj4qVAHYrf97=w2000-h1500-no?authuser=0\" alt=\"Imagine como seria a imagem.\" \/><br \/>\n<span style=\"font-size: 10pt\">Imagine como seria a imagem.<\/span><\/a><\/div>\n<\/div>\n<\/div>\n<h3>Os sentimentos intensos de alegria, gratid\u00e3o, esperan\u00e7a e determina\u00e7\u00e3o dos formandos.<\/h3>\n<p>Os alunos passaram cerca de duas semanas colorindo o papel sem saber como ficaria o produto final. Depois disso, eles juntaram e colaram todas as 64 folhas coloridas em uma base, e suas maravilhosas obras estavam conclu\u00eddas!<\/p>\n<p>A obra est\u00e1 repleta dos sentimentos de parab\u00e9ns e gratid\u00e3o dos alunos atuais para com os formandos, assim como dos sentimentos apaixonados de alegria, gratid\u00e3o, esperan\u00e7a e determina\u00e7\u00e3o dos pr\u00f3prios formandos.<\/p>\n<figure class=\"wp-caption aligncenter\"><a href=\"https:\/\/photos.google.com\/share\/AF1QipMZfYJhXqWMgGA4TeVuWMd--AkdgOJdBIgauUvGSwRkJNFCW7HvmuafjiMoyY-nzw\/photo\/AF1QipO6FUjnpN9uq3BTZWKKGuseNcQacQwVR7p7-_4?key=OXpBaTN4Nkc4RGFVc3NwQmo4dHhhRGxrdkhxWERR\" target=\"_blank\" rel=\"noopener\"><img decoding=\"async\" src=\"https:\/\/lh3.googleusercontent.com\/pw\/AM-JKLVI8gd4Qv00EWR-bRl_qXrRJs3yC3IQuDV0DhUkjFFK8doiQnQkV-nRtK66b47X-oTbKupdUZdtL5es0Q1xz-QV0ewuENt86u3rrvY78faXNj87Yoi4J2Qq6M0_oVvbIfs6kIencHdY97-OROo4NAB8=w2000-h1333-no?authuser=0\" width=\"2000\" height=\"1333\" alt=\"Arte em mosaico repleta dos pensamentos de todos os alunos.\" class=\"size-full\" \/><\/a><figcaption class=\"wp-caption-text\">Arte em mosaico repleta dos pensamentos de todos os alunos.<\/figcaption><\/figure>\n<h2>Trabalhos dos formandos: &quot;Dispensador de \u00e1lcool&quot; e &quot;Escultura em selo&quot;<\/h2>\n<p>Al\u00e9m disso, trabalhos de conclus\u00e3o de curso, como um &quot;dispensador de \u00e1lcool&quot; e uma &quot;entalhe de selos (esculpir nomes em pedra)&quot;, estar\u00e3o em exposi\u00e7\u00e3o.<\/p>\n<h3>&quot;Dispensador de \u00e1lcool&quot; fabricado na classe tecnol\u00f3gica<\/h3>\n<figure class=\"wp-caption aligncenter\"><a href=\"https:\/\/photos.google.com\/share\/AF1QipMZfYJhXqWMgGA4TeVuWMd--AkdgOJdBIgauUvGSwRkJNFCW7HvmuafjiMoyY-nzw\/photo\/AF1QipO98toPgPpTuVzGQcU1K-olxUafrOCrU6JyRes?key=OXpBaTN4Nkc4RGFVc3NwQmo4dHhhRGxrdkhxWERR\" target=\"_blank\" rel=\"noopener\"><img decoding=\"async\" src=\"https:\/\/lh3.googleusercontent.com\/pw\/AM-JKLW8Kf3v0_jK9rS-lqmfTey7OYGONGDd_STm3PYO_HHLqNa9qGFfSFoROSpjDSOsLwIr7fLaQMJMYGr09gJdPb6X2YJ-gP5OeF8C_NHKQxctr7XL0aWAzkXCPHbR7rWXQPBhzcCCdKd95P6nsoshr948=w2000-h1333-no?authuser=0\" width=\"2000\" height=\"1333\" alt=\"produ\u00e7\u00e3o de dispensadores de \u00e1lcool\" class=\"size-full\" \/><\/a><figcaption class=\"wp-caption-text\">produ\u00e7\u00e3o de dispensadores de \u00e1lcool<\/figcaption><\/figure>\n<h3>Escultura comemorativa do selo de formatura<\/h3>\n<figure class=\"wp-caption aligncenter\"><a href=\"https:\/\/photos.google.com\/share\/AF1QipMZfYJhXqWMgGA4TeVuWMd--AkdgOJdBIgauUvGSwRkJNFCW7HvmuafjiMoyY-nzw\/photo\/AF1QipMLswvOQypHHHaYTBkxy0f7MFr3ntIDHN_HxSU?key=OXpBaTN4Nkc4RGFVc3NwQmo4dHhhRGxrdkhxWERR\" target=\"_blank\" rel=\"noopener\"><img decoding=\"async\" src=\"https:\/\/lh3.googleusercontent.com\/pw\/AM-JKLU9AIGZc-bpiz65kEPd4_scGd6SZ3a0fUzOdSZKVwiXKO6184tLi91SzQzw1yuFyNFW-KHRxndHM5JGtBe6ju8bh5wZ26Ug4Sl5luV6SmbDroSaYBAbBbt_iP1FbBnA04k2G4Ue_zmi300f8NvKNeJH=w2000-h1333-no?authuser=0\" width=\"2000\" height=\"1333\" alt=\"Escultura comemorativa do selo de formatura\" class=\"size-full\" \/><\/a><figcaption class=\"wp-caption-text\">Escultura comemorativa do selo de formatura<\/figcaption><\/figure>\n<figure class=\"wp-caption aligncenter\"><a href=\"https:\/\/photos.google.com\/share\/AF1QipMZfYJhXqWMgGA4TeVuWMd--AkdgOJdBIgauUvGSwRkJNFCW7HvmuafjiMoyY-nzw\/photo\/AF1QipNfWDSJTUPiOTBfL9Wa3XfQDrSQG2VYbLKdcC8?key=OXpBaTN4Nkc4RGFVc3NwQmo4dHhhRGxrdkhxWERR\" target=\"_blank\" rel=\"noopener\"><img decoding=\"async\" src=\"https:\/\/lh3.googleusercontent.com\/pw\/AM-JKLWqcbpfxUXKeiAtP4EmlZW3cLCrHNcdxHZnxI2rcC-j2F-zDIw4FiCKJ2fjJkK6RPqajvr6cWfrSDTT97b38EL0pAD4JsiuuzAqzvSVVUfTJZ9KONgqe0J3WUcWIVr1P--tJlJOs9oSD9bSS9h-nVKA=w2000-h1500-no?authuser=0\" width=\"2000\" height=\"1500\" alt=\"Alunos atuais e pais aguardando a formatura.\" class=\"size-full\" \/><\/a><figcaption class=\"wp-caption-text\">Alunos atuais e pais aguardando a formatura.<\/figcaption><\/figure>\n<h2>Cerim\u00f4nia de formatura do 75\u00ba ano da Escola Secund\u00e1ria Hokuryu, Cidade de Hokuryu<\/h2>\n<h3>Entrada de graduados<\/h3>\n<figure class=\"wp-caption aligncenter\"><a href=\"https:\/\/photos.google.com\/share\/AF1QipMZfYJhXqWMgGA4TeVuWMd--AkdgOJdBIgauUvGSwRkJNFCW7HvmuafjiMoyY-nzw\/photo\/AF1QipMi07OnJtbkWGnVi945N1Uibp9N1wwvj4U2Lcc?key=OXpBaTN4Nkc4RGFVc3NwQmo4dHhhRGxrdkhxWERR\" target=\"_blank\" rel=\"noopener\"><img decoding=\"async\" src=\"https:\/\/lh3.googleusercontent.com\/pw\/AM-JKLX88R4AGeZ8zghrXGXJdF3ur5Hq7VN0IMGBnWZF9pdv1WpHC8m63XeawxdDADAOqSmT-0girKUvYeH_XTlRpXq7812ZQN80z4NFfLiJdW6eY92Pux6TW76HiBNZWSdknjz2FEFUsqSppHD_NYfL0d1b=w2000-h1333-no?authuser=0\" width=\"2000\" height=\"1333\" alt=\"Entrada de graduados\" class=\"size-full\" \/><\/a><figcaption class=\"wp-caption-text\">Entrada de graduados<\/figcaption><\/figure>\n<figure class=\"wp-caption aligncenter\"><a href=\"https:\/\/photos.google.com\/share\/AF1QipMZfYJhXqWMgGA4TeVuWMd--AkdgOJdBIgauUvGSwRkJNFCW7HvmuafjiMoyY-nzw\/photo\/AF1QipP_BChLYQK-28weKSj4T2n9yJDbrDsKm8s_K1M?key=OXpBaTN4Nkc4RGFVc3NwQmo4dHhhRGxrdkhxWERR\" target=\"_blank\" rel=\"noopener\"><img decoding=\"async\" src=\"https:\/\/lh3.googleusercontent.com\/pw\/AM-JKLX8HaY-Cr5OqRvOKBWz0jUbJgBrkJmO0ukOzPi9hoE7o27rUcflQesiRiKcDOwrbr3Ok84rQ35bFq69VA-5i47jHvZ2uUZQRS0yWjddz879MKoGywRV2MnZBoee-71gbHzpAXVqjyHhvlTKO-4Rymsv=w2000-h1333-no?authuser=0\" width=\"2000\" height=\"1333\" alt=\"Prezados formandos,\" class=\"size-full\" \/><\/a><figcaption class=\"wp-caption-text\">Prezados formandos,<\/figcaption><\/figure>\n<h3>Discurso de abertura: Vice-diretor Atsushi Sasaki<\/h3>\n<figure class=\"wp-caption aligncenter\"><a href=\"https:\/\/photos.google.com\/share\/AF1QipMZfYJhXqWMgGA4TeVuWMd--AkdgOJdBIgauUvGSwRkJNFCW7HvmuafjiMoyY-nzw\/photo\/AF1QipO3N5-So3gBAHC1JLtObZNOEmEoQ6T3KJHinks?key=OXpBaTN4Nkc4RGFVc3NwQmo4dHhhRGxrdkhxWERR\" target=\"_blank\" rel=\"noopener\"><img decoding=\"async\" src=\"https:\/\/lh3.googleusercontent.com\/pw\/AM-JKLVu0-48rExx-jb4Ker4tOOt1ux-Oca-XVrr0fwRP8dN1Pkc0NcN99BdfU0I75mC-It-Ji9NitSpW13AIOv_jKz0gEpznNkxqPxidyINfxmfgsgEvSp3TmD7lJGf4p934PyH7PsZ5lpgHh5Qffth2sN1=w2000-h1333-no?authuser=0\" width=\"2000\" height=\"1333\" alt=\"Discurso de abertura do vice-diretor Atsushi Sasaki\" class=\"size-full\" \/><\/a><figcaption class=\"wp-caption-text\">Discurso de abertura do vice-diretor Atsushi Sasaki<\/figcaption><\/figure>\n<figure class=\"wp-caption aligncenter\"><a href=\"https:\/\/photos.google.com\/share\/AF1QipMZfYJhXqWMgGA4TeVuWMd--AkdgOJdBIgauUvGSwRkJNFCW7HvmuafjiMoyY-nzw\/photo\/AF1QipNLjk_kNbod6wOZAhbzX0gvSWUD1vM4qp1O5H8?key=OXpBaTN4Nkc4RGFVc3NwQmo4dHhhRGxrdkhxWERR\" target=\"_blank\" rel=\"noopener\"><img decoding=\"async\" src=\"https:\/\/lh3.googleusercontent.com\/pw\/AM-JKLXgoPt-T5XUKwqAHEmKi3CFdb2jFBPQj21kg3H1oduLRC1XcZAIMp7lIfVNE3n3X3cYhsbeIZrvsd06mE9zx-Fu_mDy898pkjBHU2BJtqujQuGcY-wkVQJOg7J5xxY7hVobNTLvMhhQJg13_4i30OXk=w2000-h1333-no?authuser=0\" width=\"2000\" height=\"1333\" alt=\"Procedimento da cerim\u00f4nia\" class=\"size-full\" \/><\/a><figcaption class=\"wp-caption-text\">Procedimento da cerim\u00f4nia<\/figcaption><\/figure>\n<h3>Hino nacional\/can\u00e7\u00e3o escolar<\/h3>\n<p>O hino nacional e o hino da escola n\u00e3o foram cantados em un\u00edssono, mas sim ouvidos enquanto eram tocados.<\/p>\n<figure class=\"wp-caption aligncenter\"><a href=\"https:\/\/photos.google.com\/share\/AF1QipMZfYJhXqWMgGA4TeVuWMd--AkdgOJdBIgauUvGSwRkJNFCW7HvmuafjiMoyY-nzw\/photo\/AF1QipPN-jvUFBOocuUGjW9FSYGJGxl0hK-IH1amztE?key=OXpBaTN4Nkc4RGFVc3NwQmo4dHhhRGxrdkhxWERR\" target=\"_blank\" rel=\"noopener\"><img decoding=\"async\" src=\"https:\/\/lh3.googleusercontent.com\/pw\/AM-JKLUA1I3l6df2Jd_LAWJ9MyOip9uiBgka1Xjt7LUhu0hKz_R7EKm9l5w3BS_l5kd8xp_11C1Hm2p1QA8CNSW-5IefyUavx7aIhzFHcigoVtt106TbGWI8MDSJUToACvEnmXd6nT883HQ0wgo2mW1QRrwf=w2000-h1500-no?authuser=0\" width=\"2000\" height=\"1500\" alt=\"Apresenta\u00e7\u00e3o do hino nacional\/hino escolar\" class=\"size-full\" \/><\/a><figcaption class=\"wp-caption-text\">Apresenta\u00e7\u00e3o do hino nacional\/hino escolar<\/figcaption><\/figure>\n<h3>relat\u00f3rio acad\u00eamico<\/h3>\n<p>Para reduzir o tempo da cerim\u00f4nia, os relat\u00f3rios acad\u00eamicos, a entrega de presentes comemorativos e a apresenta\u00e7\u00e3o dos convidados foram feitos por escrito.<\/p>\n<figure class=\"wp-caption aligncenter\"><a href=\"https:\/\/photos.google.com\/share\/AF1QipMZfYJhXqWMgGA4TeVuWMd--AkdgOJdBIgauUvGSwRkJNFCW7HvmuafjiMoyY-nzw\/photo\/AF1QipM8Lm8Wb1WPgmVDCwyfCCt6Q3G9D5ewTY631sA?key=OXpBaTN4Nkc4RGFVc3NwQmo4dHhhRGxrdkhxWERR\" target=\"_blank\" rel=\"noopener\"><img decoding=\"async\" src=\"https:\/\/lh3.googleusercontent.com\/pw\/AM-JKLXfOsy4abSycEfJzaN-8VgwcXhhfPUX5M-nC3mxYdCcNC93rMQ2HwOjHqKyRc5Fbhy5pgcCoRq-g0Fi9l6y-YdYR4_pHA792FRC_38K1WsIDGFJqcWh5nXTNcsVQ13RDXZV7tNSpXdz0rWH_BerE6NY=w2000-h1333-no?authuser=0\" width=\"2000\" height=\"1333\" alt=\"Os relat\u00f3rios acad\u00eamicos devem ser entregues por escrito.\" class=\"size-full\" \/><\/a><figcaption class=\"wp-caption-text\">Os relat\u00f3rios acad\u00eamicos devem ser entregues por escrito.<\/figcaption><\/figure>\n<h3>Apresenta\u00e7\u00e3o do telegrama de felicita\u00e7\u00f5es<\/h3>\n<p>Estava afixado no corredor.<\/p>\n<figure class=\"wp-caption aligncenter\"><a href=\"https:\/\/photos.google.com\/share\/AF1QipMZfYJhXqWMgGA4TeVuWMd--AkdgOJdBIgauUvGSwRkJNFCW7HvmuafjiMoyY-nzw\/photo\/AF1QipMPeF6daqgZCBvMkFrpePVR6ypWnZb9ICWC32M?key=OXpBaTN4Nkc4RGFVc3NwQmo4dHhhRGxrdkhxWERR\" target=\"_blank\" rel=\"noopener\"><img decoding=\"async\" src=\"https:\/\/lh3.googleusercontent.com\/pw\/AM-JKLWht-YHIYMdcNE4OK2eCE6cO6TDaa7DJ2gDR-k7-51Sde7KzPnQyTmbWqAbq0LJVAmqktfyIzvWxwdJkX05qkWV9_waysXFtzKdzmWYGwC1aWXjkUJ1HLPCQquEJgBi2lxjzzXBO4Cew5ME7RDVcHOu=w2000-h1333-no?authuser=0\" width=\"2000\" height=\"1333\" alt=\"Numerosos telegramas de felicita\u00e7\u00f5es\" class=\"size-full\" \/><\/a><figcaption class=\"wp-caption-text\">Numerosos telegramas de felicita\u00e7\u00f5es<\/figcaption><\/figure>\n<p>A mensagem de felicita\u00e7\u00f5es foi enviada por escrito.<\/p>\n<h3>Discurso de felicita\u00e7\u00f5es do prefeito Yutaka Sano da cidade de Hokuryu<\/h3>\n<p>&quot;Parab\u00e9ns a todos os formandos.&quot;<\/p>\n<p>A todos os pais, parab\u00e9ns pela formatura de seus filhos. Temos certeza de que todos voc\u00eas est\u00e3o especialmente felizes em ver seus filhos crescerem e se fortalecerem, tanto f\u00edsica quanto mentalmente, ao alcan\u00e7arem esse importante marco da conclus\u00e3o da educa\u00e7\u00e3o obrigat\u00f3ria. Nossos sinceros parab\u00e9ns.<\/p>\n<p>Agora, formandos, voc\u00eas conclu\u00edram sua educa\u00e7\u00e3o obrigat\u00f3ria e come\u00e7ar\u00e3o a trilhar seus pr\u00f3prios caminhos.<\/p>\n<p>\u00c0s vezes pode ser divertido, outras vezes pode ser dif\u00edcil e \u00e1rduo. Quando voc\u00ea estiver inseguro sobre o seu caminho, pode pedir ajuda aos seus pais ou amigos. Nesses casos, n\u00e3o hesite em pedir ajuda. Com certeza voc\u00ea receber\u00e1 \u00f3timos conselhos.<\/p>\n<p>Estamos todos ansiosos para ver seu crescimento cont\u00ednuo.<\/p>\n<p>Para concluir, gostaria de expressar minha gratid\u00e3o e respeito ao diretor, \u00e0 equipe e \u00e0 comunidade local por seu trabalho \u00e1rduo e dedica\u00e7\u00e3o, e gostaria de finalizar minha mensagem desejando a todos os formandos, que est\u00e3o prestes a dar os pr\u00f3ximos passos, ainda mais sucesso.<\/p>\n<p>12 de mar\u00e7o de 2022 Prefeito da cidade de Hokuryu, Yutaka Sano<\/p>\n<h3>Discurso do Conselho de Educa\u00e7\u00e3o da Cidade de Hokuryu<\/h3>\n<p>&quot;Parab\u00e9ns a todos os formandos. Desde que ingressaram na Escola Secund\u00e1ria Hokuryu em abril de 2019, voc\u00eas se dedicaram diligentemente nos \u00faltimos tr\u00eas anos aos estudos, \u00e0s atividades do gr\u00eamio estudantil, \u00e0s atividades extracurriculares, aos eventos escolares e muito mais, concluindo com sucesso todo o curr\u00edculo escolar. O esfor\u00e7o de voc\u00eas ao longo desses tr\u00eas anos \u00e9 evidente na brilhante apar\u00eancia que exibem hoje.&quot;<\/p>\n<p>A todos os pais, parab\u00e9ns pela formatura de seus filhos. Imaginamos que os \u00faltimos tr\u00eas anos tenham sido repletos de altos e baixos, enquanto voc\u00eas acompanhavam o crescimento e as novas experi\u00eancias de seus filhos. Durante esse per\u00edodo de grandes mudan\u00e7as f\u00edsicas e mentais, o apoio carinhoso dos pais certamente foi o maior incentivo para seus filhos. Esperamos que voc\u00eas continuem a acompanhar o desenvolvimento deles.<\/p>\n<p>Para os formandos, este ano tamb\u00e9m foi um ano de novos desafios, como a transmiss\u00e3o ao vivo de v\u00eddeos dos girass\u00f3is que cultivaram ao redor do mundo. No festival escolar, os alunos do terceiro ano lideraram a cria\u00e7\u00e3o de uma atmosfera divertida, apesar da pandemia de coronav\u00edrus, e ver todos os alunos trabalhando juntos para preparar o festival foi realmente inspirador. Al\u00e9m disso, durante a viagem escolar \u00e0 prov\u00edncia de Aomori e \u00e0 cidade de Hakodate, eles puderam visitar instala\u00e7\u00f5es, experimentar artesanato e estudar de forma independente com seus amigos insubstitu\u00edveis, o que certamente ficar\u00e1 guardado em seus cora\u00e7\u00f5es como lembran\u00e7as preciosas do ensino fundamental.<\/p>\n<p>Hoje, voc\u00eas est\u00e3o se formando no ensino fundamental II, e a nova vida que est\u00e1 prestes a come\u00e7ar exigir\u00e1 que voc\u00eas assumam mais responsabilidade e consci\u00eancia do que nunca. Voc\u00eas tamb\u00e9m poder\u00e3o enfrentar diversos desafios e dificuldades, mas espero que sigam em frente com coragem, utilizando os pontos fortes e as qualidades que cultivaram at\u00e9 agora.<\/p>\n<p>Espero que no futuro todos voc\u00eas desempenhem um papel importante em diversas fun\u00e7\u00f5es, contribuindo para a paz e o desenvolvimento da cidade de Hokuryu, do Jap\u00e3o e do mundo.<\/p>\n<p>Por fim, gostaria de expressar minha sincera gratid\u00e3o a todos os professores e funcion\u00e1rios que nos ensinaram e guiaram com tanta gentileza, aos pais e membros da comunidade local que demonstraram grande apoio e coopera\u00e7\u00e3o \u00e0 educa\u00e7\u00e3o em nossa escola. Com isso, concluo meu discurso como membro do Conselho de Educa\u00e7\u00e3o da cidade de Hokuryu na 75\u00aa cerim\u00f4nia de formatura da Escola Secund\u00e1ria de Hokuryu.<\/p>\n<p>12 de mar\u00e7o de 2020, Conselho de Educa\u00e7\u00e3o da Cidade de Hokusei<\/p>\n<h3>Discurso de felicita\u00e7\u00f5es do Sr. Tsuyoshi Michishita, Presidente da Associa\u00e7\u00e3o de Pais e Mestres da Escola Secund\u00e1ria Hokuryu.<\/h3>\n<p>&quot;Hoje, o frio intenso deu uma tr\u00e9gua e podemos sentir a chegada da primavera. Em nome dos pais dos alunos que participaram da 75\u00aa cerim\u00f4nia de formatura da Escola Secund\u00e1ria Hokuryu, gostaria de proferir algumas palavras de felicita\u00e7\u00e3o.&quot;<\/p>\n<p>Parab\u00e9ns a todos os formandos. E aos pais e familiares, parab\u00e9ns a todos pela formatura de seus filhos.<\/p>\n<p>Como presidente da Associa\u00e7\u00e3o de Pais e Mestres e como m\u00e3e, estou muito feliz que todos voc\u00eas puderam comparecer a esta cerim\u00f4nia de formatura.<\/p>\n<p>Tenho certeza de que muitas coisas aconteceram com todos voc\u00eas, formandos, ao longo dos \u00faltimos tr\u00eas anos. Embora tenha havido dias em que voc\u00eas estavam animados com eventos divertidos, tamb\u00e9m houve dias em que se sentiram deprimidos e tiveram que ir para a escola a contragosto. Voc\u00eas devem se lembrar de muitos momentos preciosos, como competi\u00e7\u00f5es de atletismo, festivais escolares, treinos noturnos, a viagem escolar para Aomori (embora n\u00e3o tenhamos ido a Okinawa), a associa\u00e7\u00e3o de atletismo do ensino fundamental e a competi\u00e7\u00e3o de bandas marciais, e o tempo precioso que passaram com seus amigos.<\/p>\n<p>Do ponto de vista de um pai, parece que os \u00faltimos tr\u00eas anos passaram voando, com meus filhos tendo come\u00e7ado a escola outro dia e agora atingindo o marco da formatura hoje.<\/p>\n<p>Agora, a todos os formandos, voc\u00eas dar\u00e3o mais um passo rumo a um novo mundo e uma nova sociedade. A vida daqui para frente n\u00e3o ser\u00e1 f\u00e1cil e provavelmente enfrentar\u00e3o muitas dificuldades. Mesmo que passem por momentos de ansiedade, espero que sigam em frente com orgulho e confian\u00e7a, orgulhosos das diversas experi\u00eancias que tiveram no ensino fundamental e como formandos da Escola Secund\u00e1ria Hokuryu.<\/p>\n<p>Por fim, gostaria de expressar minha sincera gratid\u00e3o \u00e0 diretora e a todos os professores por respeitarem a individualidade das crian\u00e7as e por oferecerem uma orienta\u00e7\u00e3o divertida, embora por vezes rigorosa.<\/p>\n<p>Gostaria de expressar meus sinceros parab\u00e9ns e votos de muita sa\u00fade e sucesso a todos os formandos.<\/p>\n<p>12 de mar\u00e7o de 2022, Presidente do PTA da Hokuryu Junior High School, Tsuyoshi Michishita<\/p>\n<figure class=\"wp-caption aligncenter\"><a href=\"https:\/\/photos.google.com\/share\/AF1QipMZfYJhXqWMgGA4TeVuWMd--AkdgOJdBIgauUvGSwRkJNFCW7HvmuafjiMoyY-nzw\/photo\/AF1QipNBD08x0mnkxjappjEL8_P2VreUIzGUhHIjIPM?key=OXpBaTN4Nkc4RGFVc3NwQmo4dHhhRGxrdkhxWERR\"><img decoding=\"async\" src=\"https:\/\/lh3.googleusercontent.com\/pw\/AM-JKLUY1s4nXonJpf5DWdR0roff_fYG5tgxagi67XMNktwsnqSwKembWHJUXDi-LShqjXdEhYHbiF7Mq7UHPMkIDfryWijwW5hYPTqsKF9gohhesnx-gzG31keKpzQ5GwJWVQBjHNmvraJtrv89Q4IMrWG2=w2000-h1333-no?authuser=0\" width=\"2000\" height=\"1333\" alt=\"Lindas flores festivas para decorar a cerim\u00f4nia.\" class=\"size-full\" \/><\/a><figcaption class=\"wp-caption-text\">Lindas flores festivas para decorar a cerim\u00f4nia.<\/figcaption><\/figure>\n<h3>Cerim\u00f4nia de formatura<\/h3>\n<p>Enquanto pais e alunos atuais assistiam, os 13 formandos caminharam lentamente at\u00e9 o palco, um a um, e receberam seus diplomas do diretor Kodama Tsuyoshi.<\/p>\n<figure class=\"wp-caption aligncenter\"><a href=\"https:\/\/photos.google.com\/share\/AF1QipMZfYJhXqWMgGA4TeVuWMd--AkdgOJdBIgauUvGSwRkJNFCW7HvmuafjiMoyY-nzw\/photo\/AF1QipOiaWtazhfRuWxMU3E8SKaYBMV6ttyPt1j1oZ0?key=OXpBaTN4Nkc4RGFVc3NwQmo4dHhhRGxrdkhxWERR\" target=\"_blank\" rel=\"noopener\"><img decoding=\"async\" src=\"https:\/\/lh3.googleusercontent.com\/pw\/AM-JKLW4xoy63dr7BGbb5Oc2a_SJrNm63vHc31ODUeDFKfFYzUMsmx_XOvuC87uQYh05z7BWStU8721UW-aNbvEqnukpJ2_Nh-2qqI0BBuw1p1p3eqOTyNu7svCe2ebSbSmcJ2n2b1BL4rPPiBFbPiUq68Im=w2000-h1333-no?authuser=0\" width=\"2000\" height=\"1333\" alt=\"Cerim\u00f4nia de formatura\" class=\"size-full\" \/><\/a><figcaption class=\"wp-caption-text\">Cerim\u00f4nia de formatura<\/figcaption><\/figure>\n<figure class=\"wp-caption aligncenter\"><a href=\"https:\/\/photos.google.com\/share\/AF1QipMZfYJhXqWMgGA4TeVuWMd--AkdgOJdBIgauUvGSwRkJNFCW7HvmuafjiMoyY-nzw\/photo\/AF1QipO0ZGkNhtPPZRE_B0Feiv2Z7Pi0EiG6WYsdj78?key=OXpBaTN4Nkc4RGFVc3NwQmo4dHhhRGxrdkhxWERR\" target=\"_blank\" rel=\"noopener\"><img decoding=\"async\" src=\"https:\/\/lh3.googleusercontent.com\/pw\/AM-JKLUgwtT-OIlVYoAv6z7mn-I7eXZJdrTiNnLpizcfDnwsbXpSXMPsfbEvnd6SrDWS-H6cvQfk9wXAwVtL8rRpafMiuJrkCXR1KwbLgbdymMdHO8XNGZ9Si7UNUaQSXSHyC2Sj2LYnxEKQ637oaHwiUn1O=w2000-h1333-no?authuser=0\" width=\"2000\" height=\"1333\" alt=\"Concedido pelo Diretor Tsuyoshi Kodama\" class=\"size-full\" \/><\/a><figcaption class=\"wp-caption-text\">Concedido pelo Diretor Tsuyoshi Kodama<\/figcaption><\/figure>\n<figure class=\"wp-caption aligncenter\"><a href=\"https:\/\/photos.google.com\/share\/AF1QipMZfYJhXqWMgGA4TeVuWMd--AkdgOJdBIgauUvGSwRkJNFCW7HvmuafjiMoyY-nzw\/photo\/AF1QipNd5AEju2QM5dH1yyWj8-ppfksXssfBbTC_M-M?key=OXpBaTN4Nkc4RGFVc3NwQmo4dHhhRGxrdkhxWERR\" target=\"_blank\" rel=\"noopener\"><img decoding=\"async\" src=\"https:\/\/lh3.googleusercontent.com\/pw\/AM-JKLXZ9ZjPQ7qfrCzrubS16vNYL8mygax9QpFsEj4Gcmt7TfmyHVT1r2xU7X1Kj_7LZjTwAmwvNcj4FgBvr0lleYd5genDCgU-DdWc5sjZTTCu_Tl4yzVG5BPslaC5HaFh3oL4F4JkeEa0Spo8XUsWCsCu=w2000-h1333-no?authuser=0\" width=\"2000\" height=\"1333\" alt=\"Com cada um de nossos pensamentos...\" class=\"size-full\" \/><\/a><figcaption class=\"wp-caption-text\">Com cada um de nossos pensamentos...<\/figcaption><\/figure>\n<figure class=\"wp-caption aligncenter\"><a href=\"https:\/\/photos.google.com\/share\/AF1QipMZfYJhXqWMgGA4TeVuWMd--AkdgOJdBIgauUvGSwRkJNFCW7HvmuafjiMoyY-nzw\/photo\/AF1QipMrUuEMgg7pa_wqPBiy6g7HY8TwiUbhMJkrYVs?key=OXpBaTN4Nkc4RGFVc3NwQmo4dHhhRGxrdkhxWERR\" target=\"_blank\" rel=\"noopener\"><img decoding=\"async\" src=\"https:\/\/lh3.googleusercontent.com\/pw\/AM-JKLVK4sd926jHojLjx0J6onrvwZ5ZHopnvWv4KWDOOX6JYof8fu0Swsz8NvEX5qoFk9kNSiBA9xLPcvOdCZmZ_Tfqs1dKfMCZzF4pguOQydCzFMm-SPgNQzOmoH-BcVZWwrWQT9PmRdqBGqjBzWmKoBXC=w2000-h1333-no?authuser=0\" width=\"2000\" height=\"1333\" alt=\"Valorize seu diploma...\" class=\"size-full\" \/><\/a><figcaption class=\"wp-caption-text\">Valorize seu diploma...<\/figcaption><\/figure>\n<h3>Discurso do Diretor da Escola: Diretor Tsuyoshi Kodama<\/h3>\n<figure class=\"wp-caption aligncenter\"><a href=\"https:\/\/photos.google.com\/share\/AF1QipMZfYJhXqWMgGA4TeVuWMd--AkdgOJdBIgauUvGSwRkJNFCW7HvmuafjiMoyY-nzw\/photo\/AF1QipMENjVXntKxK1vkDkWpc1bla7asQM8TWy7zO68?key=OXpBaTN4Nkc4RGFVc3NwQmo4dHhhRGxrdkhxWERR\" target=\"_blank\" rel=\"noopener\"><img decoding=\"async\" src=\"https:\/\/lh3.googleusercontent.com\/pw\/AM-JKLU6BsbAdc8hsX3MWELHlSsO5EHXa9SEJQlzYmcEvMKjyTPgzNXcDMcZNkfgK0uYMuz9W_IBbuNsJbgaKmRN8npA7dkzlIlEXqcB_9G11EqAm0uLJ0nQkhbYm6zdW4Xodd8x7H7GLz8ijz2c09Q8oKrr=w2000-h1333-no?authuser=0\" width=\"2000\" height=\"1333\" alt=\"Diretor Tsuyoshi Kodama\" class=\"size-full\" \/><\/a><figcaption class=\"wp-caption-text\">Diretor Tsuyoshi Kodama<\/figcaption><\/figure>\n<p>&quot;Neste belo dia, quando o rigoroso inverno chega ao fim e a chuva fria anuncia a chegada da primavera, parabenizo todos os alunos do terceiro ano que se formam na Escola Municipal de Ensino Fundamental Hokuryu, a 75\u00aa turma. Apresento meus sinceros parab\u00e9ns.&quot;<\/p>\n<p>Normalmente, as cerim\u00f4nias de formatura s\u00e3o repletas de apresenta\u00e7\u00f5es emocionantes do coral, mas a cerim\u00f4nia deste ano teve que ser reduzida. Pedimos sinceras desculpas por isso. Fa\u00e7o estas palavras em nome de todos que desejam compartilhar suas felicita\u00e7\u00f5es.<\/p>\n<p>O certificado de conclus\u00e3o de curso que voc\u00ea acaba de receber \u00e9 a prova de que voc\u00ea enfrentou diversos desafios e cresceu por meio de seus estudos, atividades extracurriculares, atividades do gr\u00eamio estudantil e assim por diante, e que voc\u00ea concluiu com sucesso os \u00faltimos tr\u00eas e nove anos de educa\u00e7\u00e3o obrigat\u00f3ria.<\/p>\n<p>Contudo, n\u00e3o podemos esquecer que n\u00e3o conseguimos chegar at\u00e9 aqui apenas com nossos pr\u00f3prios esfor\u00e7os. Crescemos gra\u00e7as ao apoio da comunidade local, dos professores, dos idosos, dos amigos e de muitas outras pessoas envolvidas e, acima de tudo, ao profundo amor das fam\u00edlias de nossos pais.<\/p>\n<p>Espero que voc\u00ea nunca se esque\u00e7a de ser grato por isso.<\/p>\n<p>Embora eu s\u00f3 os conhe\u00e7a h\u00e1 um curto per\u00edodo de um ano, sou verdadeiramente grato por terem herdado fielmente as tradi\u00e7\u00f5es de seus antecessores e constru\u00eddo uma escola tranquila e agrad\u00e1vel.<\/p>\n<p>Acredito que tudo isso se deve ao gr\u00eamio estudantil, que sempre liderou a escola como um todo, aos alunos do \u00faltimo ano que se dedicaram nas competi\u00e7\u00f5es di\u00e1rias de atletismo e nos eventos do festival escolar, e \u00e0s atividades de cultivo de girass\u00f3is, onde trabalharam com um sorriso no rosto \u2013 a todos os alunos do terceiro ano que demonstraram s\u00f3lida lideran\u00e7a em todas as situa\u00e7\u00f5es e se esfor\u00e7aram para tornar nossa escola um lugar melhor. Gostaria tamb\u00e9m de agradecer a todos voc\u00eas.<\/p>\n<p>Gostaria de compartilhar duas hist\u00f3rias com todos voc\u00eas, enquanto iniciam sua jornada.<\/p>\n<p>Uma delas \u00e9: &quot;Quero que voc\u00ea valorize seus encontros.&quot;<\/p>\n<p>Voc\u00ea est\u00e1 prestes a embarcar em uma jornada pelo mundo. Valorize as muitas pessoas que encontrar\u00e1, pois isso o ajudar\u00e1 a cuidar de si mesmo. Ser gentil com os outros, por sua vez, aumentar\u00e1 o n\u00famero de pessoas que o ajudar\u00e3o.<\/p>\n<p>A partir de agora, voc\u00ea poder\u00e1 sentir ansiedade e frustra\u00e7\u00e3o como nunca antes. Nesses momentos, as pessoas ao seu redor certamente lhe dar\u00e3o apoio. Est\u00e1 tudo bem! No fim das contas, voc\u00ea tem sua fam\u00edlia ao seu lado. Siga em frente com tranquilidade.<\/p>\n<p>A segunda \u00e9: &quot;Quero que voc\u00ea se torne algu\u00e9m que criar\u00e1 o futuro.&quot;<\/p>\n<p>A sociedade est\u00e1 passando por mudan\u00e7as dr\u00e1sticas devido ao coronav\u00edrus e ao desenvolvimento da IA. \u00c9 justamente em momentos como este que n\u00e3o podemos mais esperar que algo nos seja dado de bandeja. Exorto cada um de n\u00f3s a pensar por si mesmo, unir nossas for\u00e7as com as de nossos colegas e construir um futuro novo e empolgante.<\/p>\n<p>Sei que voc\u00ea consegue, e te desejo tudo de bom.<\/p>\n<p>Agora que chegamos ao final do ano, gostaria de estender meus sinceros parab\u00e9ns a todos os pais que dedicaram seu amor e trabalho \u00e1rduo a este programa. Acredito que voc\u00eas chegaram at\u00e9 aqui com muita garra. Seus filhos cresceram muito e hoje est\u00e3o se formando.<\/p>\n<p>&quot;Gostaria tamb\u00e9m de expressar minha gratid\u00e3o pela compreens\u00e3o e coopera\u00e7\u00e3o de todos na educa\u00e7\u00e3o de nossa escola ao longo dos \u00faltimos tr\u00eas anos. Conto com o apoio cont\u00ednuo de voc\u00eas no futuro&quot;, disse o diretor Kodama em suas valiosas palavras.<\/p>\n<figure class=\"wp-caption aligncenter\"><a href=\"https:\/\/photos.google.com\/share\/AF1QipMZfYJhXqWMgGA4TeVuWMd--AkdgOJdBIgauUvGSwRkJNFCW7HvmuafjiMoyY-nzw\/photo\/AF1QipMzO8MRfnaJLf5TNPBX7HUyOTtwkezPEIb_qjM?key=OXpBaTN4Nkc4RGFVc3NwQmo4dHhhRGxrdkhxWERR\" target=\"_blank\" rel=\"noopener\"><img decoding=\"async\" src=\"https:\/\/lh3.googleusercontent.com\/pw\/AM-JKLVcQlOV-DimHbnceRbt1n0XPeLb4kosX6lEVeXGvAv9OikdOh2U5GTWz9jPQw0SPGf8r-CZAQeP-U63HxBtR8Hxey1t-6LLqXyhGKq7-fRx0Y0W-JyuivymY7Fva5Cg4qGLJollgLCnPL7_WbJvEDYB=w2000-h1333-no?authuser=0\" width=\"2000\" height=\"1333\" alt=\"As palavras comoventes do diretor Tsuyoshi Kodama\" class=\"size-full\" \/><\/a><figcaption class=\"wp-caption-text\">As palavras comoventes do diretor Tsuyoshi Kodama<\/figcaption><\/figure>\n<h3>Despedida e palavras de despedida<\/h3>\n<h4>Discurso de despedida da aluna Anju Fujii.<\/h4>\n<figure class=\"wp-caption aligncenter\"><a href=\"https:\/\/photos.google.com\/share\/AF1QipMZfYJhXqWMgGA4TeVuWMd--AkdgOJdBIgauUvGSwRkJNFCW7HvmuafjiMoyY-nzw?key=OXpBaTN4Nkc4RGFVc3NwQmo4dHhhRGxrdkhxWERR\" target=\"_blank\" rel=\"noopener\"><img decoding=\"async\" src=\"https:\/\/lh3.googleusercontent.com\/pw\/AM-JKLWpcLVdkMgcEHj4YQ4rMQRSFGAoYissXoB8rJRYdH54Qxgshux0nyB_Vvlz9h_n3KkiEhPZoMfoOeF2bfcwj7-_sXfSjgjyjDasAqsu3ch6OGsGoordNaRFzNm9_9eSwEleZNqiYqIsEMUAvsf3DxpN=w2000-h1333-no?authuser=0\" width=\"2000\" height=\"1333\" alt=\"Discurso de despedida da atual representante estudantil Anju Fujii\" class=\"size-full\" \/><\/a><figcaption class=\"wp-caption-text\">Discurso de despedida da atual representante estudantil Anju Fujii<\/figcaption><\/figure>\n<p>&quot;Embora o frio intenso ainda persista, a chegada da primavera come\u00e7a a se fazer sentir, e a \u00e9poca de dar um novo passo chegou aqui na cidade de Hokuryu. Hoje, neste dia auspicioso, parab\u00e9ns a todos voc\u00eas que est\u00e3o se formando e completando os tr\u00eas anos do ensino fundamental. Todos n\u00f3s da escola oferecemos nossos sinceros parab\u00e9ns.&quot;<\/p>\n<p>H\u00e1 tr\u00eas anos, voc\u00eas todos entraram na Escola Secund\u00e1ria Hokuryu com uma mistura de expectativas e ansiedade. Independentemente do clima, seja calor, frio ou neve, voc\u00eas vinham a esta escola todos os dias, percorrendo as mesmas ruas e contemplando a mesma paisagem como se fosse a coisa mais natural do mundo.<\/p>\n<p>No entanto, o tempo voa, e agora estamos aqui na cerim\u00f4nia de formatura. Hoje \u00e9 o seu \u00faltimo dia como aluno da Escola Secund\u00e1ria Hokuryu. Tenho certeza de que cada um de voc\u00eas est\u00e1 relembrando com carinho os tr\u00eas anos que passaram no ensino fundamental.<\/p>\n<p>Ao relembrar minhas mem\u00f3rias, lembro-me dos veteranos que passavam todos os dias com um sorriso no rosto, liderando-nos em diversas atividades, como comiss\u00f5es e clubes.<\/p>\n<p>Ao trabalharmos juntos, observamos muitos exemplos que dever\u00edamos seguir, como a gentileza com que sempre nos encorajavam quando est\u00e1vamos em apuros e a proatividade com que agiam sem que lhes fosse pedido. O que aprendemos com nossos veteranos durante aqueles dias insubstitu\u00edveis nos ajudou a crescer muito.<\/p>\n<p>No ano passado, muitos eventos foram cancelados devido ao impacto da COVID-19, mas este ano conseguimos realizar uma variedade de eventos apesar das restri\u00e7\u00f5es. Na corrida de revezamento do encontro de atletismo, todos estavam cansados na \u00faltima prova, mas passaram o bast\u00e3o uns para os outros e correram toda a dist\u00e2ncia, o que lhes deu uma sensa\u00e7\u00e3o de realiza\u00e7\u00e3o.<\/p>\n<p>Como l\u00edderes do grupo, eles ensinaram pacientemente a n\u00f3s, que n\u00e3o t\u00ednhamos experi\u00eancia, como cultivar girass\u00f3is. Gra\u00e7as aos mais experientes, o trabalho correu bem e conseguimos produzir lindos girass\u00f3is.<\/p>\n<p>No festival escolar, eles apresentaram o cl\u00e1ssico &quot;Hamlet&quot;, cativando a plateia com sua atua\u00e7\u00e3o realista e brilhante interpreta\u00e7\u00e3o dos di\u00e1logos.<\/p>\n<p>No recital de coral adiado, os alunos do terceiro ano assumiram a lideran\u00e7a e, embora tivessem dificuldades com a falta de ensaio, uniram-se e apresentaram um coral maravilhoso que lotou o gin\u00e1sio.<\/p>\n<p>A partir de agora, os atuais alunos do primeiro ano se tornar\u00e3o alunos do segundo ano e buscar\u00e3o ser exemplos para os novos alunos do primeiro ano, e os alunos do segundo ano se tornar\u00e3o os alunos mais velhos e buscar\u00e3o liderar a escola, trabalhando arduamente para se tornarem pessoas em quem muitos confiam, assim como seus veteranos.<\/p>\n<p>Agora, em meio \u00e0 esperan\u00e7a e \u00e0 ansiedade, cada um de voc\u00eas est\u00e1 tentando al\u00e7ar voo rumo aos seus sonhos. \u00c0s vezes, voc\u00eas podem enfrentar dificuldades e desafios. Quando esses momentos chegarem, lembrem-se dos tempos do ensino fundamental, acreditem em seus amigos e em si mesmos, e continuem em frente.<\/p>\n<p>O momento da despedida est\u00e1 se aproximando rapidamente. A todos os formandos, por favor, voltem a visitar esta escola de vez em quando ap\u00f3s a formatura. Aguardamos ansiosamente o reencontro com voc\u00eas, nossos estimados veteranos.<\/p>\n<p>Por fim, em nome dos alunos atuais, gostaria de expressar meus sinceros votos de sucesso a todos os formandos em seus futuros projetos. Muito obrigado.<\/p>\n<p>12 de mar\u00e7o de 2020 - Representante Estudantil Atual: Anju Fujii<\/p>\n<h4>Discurso de formatura: &quot;Palavras de despedida&quot; por Aoi Kosuge, representante da turma de formandos.<\/h4>\n<figure class=\"wp-caption aligncenter\"><a href=\"https:\/\/photos.google.com\/share\/AF1QipMZfYJhXqWMgGA4TeVuWMd--AkdgOJdBIgauUvGSwRkJNFCW7HvmuafjiMoyY-nzw\/photo\/AF1QipNw1FDNPouTRK3_yG_exUqlHTlxanGBCdSmHt4?key=OXpBaTN4Nkc4RGFVc3NwQmo4dHhhRGxrdkhxWERR\" target=\"_blank\" rel=\"noopener\"><img decoding=\"async\" src=\"https:\/\/lh3.googleusercontent.com\/pw\/AM-JKLUvX6kbzbV2Z-wNzx_F-zRDSMT4A6S94Fpe3pSNyUAm-l9UXBt64RR3MBaTff6UFOpAdUflx2V5TBMvfNMWTKwC01wXmxQepuVBuM3z1xO3qvtjFHZpFJoulXayR0ICxZo8rFEx69RNg-fIjAN9Pd8l=w2000-h1333-no?authuser=0\" width=\"2000\" height=\"1333\" alt=\"&quot;Palavras de despedida&quot; da representante da turma de formandos, Aoi Kosuge.\" class=\"size-full\" \/><\/a><figcaption class=\"wp-caption-text\">&quot;Palavras de despedida&quot; da representante da turma de formandos, Aoi Kosuge.<\/figcaption><\/figure>\n<p>&quot;A luz suave do sol brilha l\u00e1 fora, e podemos sentir a chegada da primavera. Agradecemos por realizarem esta cerim\u00f4nia para n\u00f3s, formandos, hoje, nestas circunst\u00e2ncias.&quot;<\/p>\n<p>Quando nos demos conta, j\u00e1 haviam se passado tr\u00eas anos desde que nos matriculamos, e agora estamos nos formando. O tempo voou.<\/p>\n<p>Nossa turma era animada, e a individualidade de cada aluno transparecia. Eu adorava o clima da turma e o dia a dia. Das lembran\u00e7as que tenho com todos, as que mais me marcaram foram a festa junina e a excurs\u00e3o da escola.<\/p>\n<p>Para o festival escolar, todos os alunos do terceiro ano criaram uma pe\u00e7a chamada &quot;Hamlet&quot;. Trabalhamos juntos e nos esfor\u00e7amos muito, o que nos deu uma grande sensa\u00e7\u00e3o de realiza\u00e7\u00e3o, e fiquei muito feliz por ter conseguido interpretar o papel principal da melhor forma poss\u00edvel. Conseguimos apresentar uma performance \u00fanica, que representou muito bem o nosso estilo, e foi um \u00f3timo encerramento para o festival escolar.<\/p>\n<p>Embora n\u00e3o tenhamos conseguido ir a Okinawa como planejado em nossa viagem escolar, aproveitamos ao m\u00e1ximo Aomori e Hakodate. Viajamos de avi\u00e3o e trem-bala, algo que n\u00e3o fazemos com frequ\u00eancia, comemos bastante e participamos de atividades pr\u00e1ticas, que foram experi\u00eancias muito valiosas. Tamb\u00e9m fizemos uma surpresa para o Sr. Hashimoto, caminhamos bastante durante nosso estudo independente e conseguimos aprender nos divertindo ao fazer as coisas por conta pr\u00f3pria, o que tornou a viagem escolar muito gratificante.<\/p>\n<p>Tamb\u00e9m aprendi muito com as atividades do clube e consegui crescer. Durante meus tr\u00eas anos jogando v\u00f4lei, houve momentos em que as coisas n\u00e3o iam bem, eu estava mentalmente fragilizada e chorava com frequ\u00eancia. No entanto, gra\u00e7as ao incentivo e apoio das minhas companheiras de equipe, consegui superar esses momentos e gradualmente me tornei mais forte mentalmente.<\/p>\n<p>Todos na equipe trabalharam em prol do mesmo objetivo, se esfor\u00e7aram juntos e cresceram como pessoas. Eu tamb\u00e9m ganhei confian\u00e7a em mim mesma e realmente senti que o v\u00f4lei era divertido. Atrav\u00e9s das atividades do clube, pude crescer tanto f\u00edsica quanto mentalmente, e aprendi n\u00e3o apenas sobre t\u00e9cnica, mas tamb\u00e9m sobre coisas importantes para a vida, como a import\u00e2ncia dos companheiros de equipe, a atitude correta para enfrentar os desafios e a autoconfian\u00e7a.<\/p>\n<p>Al\u00e9m disso, participamos de v\u00e1rios outros eventos e atividades, e enfrentamos novos desafios, criando muitas lembran\u00e7as de momentos dif\u00edceis e divertidos, o que nos ajudou a crescer juntos.<\/p>\n<p>No entanto, n\u00e3o ter\u00edamos conseguido isso sozinhos. S\u00f3 fomos capazes gra\u00e7as aos professores que nos orientaram nas aulas e nas atividades extracurriculares, e aos pais que nos apoiaram e cuidaram de n\u00f3s todos os dias. Somos verdadeiramente gratos.<\/p>\n<p>Ao longo desses tr\u00eas anos, percebi que as coisas que considero garantidas nem sempre o s\u00e3o, e decidi valorizar a gratid\u00e3o at\u00e9 pelas menores coisas. Mais uma vez, gostaria de agradecer a todos os professores e pais por tudo o que fizeram.<\/p>\n<p>A todos os alunos do primeiro e segundo ano, agrade\u00e7o por tudo o que fizeram at\u00e9 agora. De agora em diante, como veteranos e os melhores alunos da escola, espero que continuem a animar a cidade de Hokuryu e a Escola Secund\u00e1ria Hokuryu. Para isso, dediquem-se a tudo o que fizerem, incluindo os estudos, eventos e atividades extracurriculares. E espero que todos continuem a crescer juntos e a criar um ambiente positivo na nossa escola.<\/p>\n<p>Por fim, gostaria de mencionar os alunos do terceiro ano que conhe\u00e7o desde o jardim de inf\u00e2ncia. Cada aluno desta turma \u00e9 realmente excepcional, e foi maravilhoso conviver com eles. Sei que esta \u00e9 uma turma acolhedora, onde os alunos se ajudam mutuamente quando est\u00e3o com dificuldades e se preocupam uns com os outros.<\/p>\n<p>Tenho orgulho de fazer parte desta turma e estou muito feliz por todos n\u00f3s sermos membros dela. Cometemos erros \u00e0s vezes, mas unimos for\u00e7as, transformamos esses erros em grande for\u00e7a e os superamos juntos.<\/p>\n<p>A partir de abril, cada um de n\u00f3s dar\u00e1 um novo passo em frente e n\u00e3o poderemos mais passar tempo juntos como um grupo de 13, como faz\u00edamos at\u00e9 agora. Ficaremos tristes, mas continuaremos sendo os melhores amigos. Embora sigamos caminhos diferentes, queremos continuar avan\u00e7ando, encarando o futuro com base em nossas experi\u00eancias at\u00e9 o momento.<\/p>\n<p>12 de mar\u00e7o de 2022: Representante da 75\u00aa turma de formandos, Aoi Kosuge<\/p>\n<h3>Considera\u00e7\u00f5es finais<\/h3>\n<h3>Os graduados deixam<\/h3>\n<figure class=\"wp-caption aligncenter\"><a href=\"https:\/\/photos.google.com\/share\/AF1QipMZfYJhXqWMgGA4TeVuWMd--AkdgOJdBIgauUvGSwRkJNFCW7HvmuafjiMoyY-nzw\/photo\/AF1QipMJm51kEc-VIYdaOKEHALq7EFsllzcsX89mAKM?key=OXpBaTN4Nkc4RGFVc3NwQmo4dHhhRGxrdkhxWERR\" target=\"_blank\" rel=\"noopener\"><img decoding=\"async\" src=\"https:\/\/lh3.googleusercontent.com\/pw\/AM-JKLWAEdEZBaBnm0ga0zSbA67K5-WPOTJ57EM35inmSalGDlUp3_jx_ty6D6QsdDBz3yhMbSPhJtUqnZ14PlIhWC-FkujaMzgtdf0Opf-ViZ5KHlcwidADY3eMoZyf3SYfkuFaEU5c149BYZI41_Cr9ODV=w2000-h1333-no?authuser=0\" width=\"2000\" height=\"1333\" alt=\"Os graduados deixam\" class=\"size-full\" \/><\/a><figcaption class=\"wp-caption-text\">Os graduados deixam<br \/><\/figcaption><\/figure>\n<figure class=\"wp-caption aligncenter\"><a href=\"https:\/\/photos.google.com\/share\/AF1QipMZfYJhXqWMgGA4TeVuWMd--AkdgOJdBIgauUvGSwRkJNFCW7HvmuafjiMoyY-nzw\/photo\/AF1QipOp6kKUGiUxv6HnirmO2GxoT1gPJ2YJaELcVZU?key=OXpBaTN4Nkc4RGFVc3NwQmo4dHhhRGxrdkhxWERR\" target=\"_blank\" rel=\"noopener\"><img decoding=\"async\" src=\"https:\/\/lh3.googleusercontent.com\/pw\/AM-JKLWvmepNq-B-x32ufPOChOTqBH9j--VCSnxR2o6-7Guz-a2n9E9RST1SgVyPLQxfQdu-B0Z8d9q2v8PVicS1Z0qZt54e8K_yeI3871xwvjG6uaVft4gEeLFVqV-hIYfMgz-FMHGSq2TzU8WX-H68h_IX=w2000-h1333-no?authuser=0\" width=\"2000\" height=\"1333\" alt=\"Parab\u00e9ns pela sua formatura!\" class=\"size-full\" \/><\/a><figcaption class=\"wp-caption-text\">Parab\u00e9ns pela sua formatura!<\/figcaption><\/figure>\n<figure class=\"wp-caption aligncenter\"><a href=\"https:\/\/photos.google.com\/share\/AF1QipMZfYJhXqWMgGA4TeVuWMd--AkdgOJdBIgauUvGSwRkJNFCW7HvmuafjiMoyY-nzw\/photo\/AF1QipMLwFz99iufNwrJEteaYvkXb3zx629sMvL-xGI?key=OXpBaTN4Nkc4RGFVc3NwQmo4dHhhRGxrdkhxWERR\" target=\"_blank\" rel=\"noopener\"><img decoding=\"async\" src=\"https:\/\/lh3.googleusercontent.com\/pw\/AM-JKLVnFabL9AbWaoC90u_NohsIjEQS2WWzbj4uPdOBZnmhPJ2QJrtmpammUjMb_yfEW79LYKHKaXu1d92KLjmzVtuncb65vgtlFTTGXws-GdOtrAtJHwx9fcei0aq0JTva4Iyb8iChFZbcJeLaASPviwUW=w2000-h1333-no?authuser=0\" width=\"2000\" height=\"1333\" alt=\"O dia da partida!\" class=\"size-full\" \/><\/a><figcaption class=\"wp-caption-text\">O dia da partida!<\/figcaption><\/figure>\n<h2>A obra comemorativa da formatura &quot;Hokuryu Emaki&quot; est\u00e1 exposta no corredor.<\/h2>\n<figure class=\"wp-caption aligncenter\"><a href=\"https:\/\/photos.google.com\/share\/AF1QipMZfYJhXqWMgGA4TeVuWMd--AkdgOJdBIgauUvGSwRkJNFCW7HvmuafjiMoyY-nzw\/photo\/AF1QipO-u10rVJW5p3TLAFjGhfjX8yOt5nALqEe5_yg?key=OXpBaTN4Nkc4RGFVc3NwQmo4dHhhRGxrdkhxWERR\" target=\"_blank\" rel=\"noopener\"><img decoding=\"async\" src=\"https:\/\/lh3.googleusercontent.com\/pw\/AM-JKLV3NUnaGOHhf34TGVPIP2vNc0JYTaWQUyUM9R4nMc-jSg2G1x_g9Y4hdHqF1vmsACcMIfcD7A_Toc2AX5X5oPljTYzi_DgHU-Anf3nwvTGdgzQB3J6bgGzez_BFbulZk2Izq_OWDh8ev2jzOl0QQTCF=w2000-h1333-no?authuser=0\" width=\"2000\" height=\"1333\" alt=\"Trabalho comemorativo de formatura &quot;Hokuryu Emaki&quot;\" class=\"size-full\" \/><\/a><figcaption class=\"wp-caption-text\">Trabalho comemorativo de formatura &quot;Hokuryu Emaki&quot;<\/figcaption><\/figure>\n<figure class=\"wp-caption aligncenter\"><a href=\"https:\/\/photos.google.com\/share\/AF1QipMZfYJhXqWMgGA4TeVuWMd--AkdgOJdBIgauUvGSwRkJNFCW7HvmuafjiMoyY-nzw\/photo\/AF1QipMsA4q6y_8sqmg-s79CB_GvMcM9VYIdHWSUGqo?key=OXpBaTN4Nkc4RGFVc3NwQmo4dHhhRGxrdkhxWERR\" target=\"_blank\" rel=\"noopener\"><img decoding=\"async\" src=\"https:\/\/lh3.googleusercontent.com\/pw\/AM-JKLWoe-4arhw5r2YZhefhF4cEFG3sNwTic6YoRL9JlEcQoU9bc2J0fLCJJ1AYAC6U5-iwMbRteNuXtD1TyALXHc_2N5Tr4OhtUkSZ90k6gAem4elQacUzhBqSWltDG7WShKGIJd9h3cgJd9LRwlOmIydi=w2000-h1333-no?authuser=0\" width=\"2000\" height=\"1333\" alt=\"Dividido em grupos para criar\" class=\"size-full\" \/><\/a><figcaption class=\"wp-caption-text\">Dividido em grupos para criar<\/figcaption><\/figure>\n\ufffc<br \/>\n<figure class=\"wp-caption aligncenter\"><a href=\"https:\/\/photos.google.com\/share\/AF1QipMZfYJhXqWMgGA4TeVuWMd--AkdgOJdBIgauUvGSwRkJNFCW7HvmuafjiMoyY-nzw\/photo\/AF1QipO4hq7ubjenA0oycnVf_BUERFqpU4YUlObMZ98?key=OXpBaTN4Nkc4RGFVc3NwQmo4dHhhRGxrdkhxWERR\" target=\"_blank\" rel=\"noopener\"><img decoding=\"async\" src=\"https:\/\/lh3.googleusercontent.com\/pw\/AM-JKLVsSEuXKzSWSbYd8AaYdMievRklP3ppY9qIdRqfJlMRvD0BBZDKKyGM0o1Yzp3xVO1NRMqqBjkdE6Yhm6K3LCM-zBcSgYUCe6B3vXDIeUKNjQGiaSO2sR_Rs6_Kja46_l-bQAmNSupwfzN8MYAk1AnG=w2000-h1333-no?authuser=0\" width=\"2000\" height=\"1333\" alt=\"Uma explos\u00e3o de cores\" class=\"size-full\" \/><\/a><figcaption class=\"wp-caption-text\">Uma explos\u00e3o de cores<\/figcaption><\/figure>\n<h2>&quot;A Trilha Gloriosa&quot; em exibi\u00e7\u00e3o<\/h2>\n<figure class=\"wp-caption aligncenter\"><a href=\"https:\/\/photos.google.com\/share\/AF1QipMZfYJhXqWMgGA4TeVuWMd--AkdgOJdBIgauUvGSwRkJNFCW7HvmuafjiMoyY-nzw\/photo\/AF1QipPS0VWHTUc19w2OCgSjEeIwp11LqoOJj3cNpBg?key=OXpBaTN4Nkc4RGFVc3NwQmo4dHhhRGxrdkhxWERR\" target=\"_blank\" rel=\"noopener\"><img decoding=\"async\" src=\"https:\/\/lh3.googleusercontent.com\/pw\/AM-JKLXzGTJNNBuDcIWmJUuxsHvns3tJ_1kv3SbCK-QP8MPl3GTj0u9vXp5k1wKMiV23TsmYswv8EW-fy2QUfQ67R9NDUegoqp4ELuzt8kjBW0ragbJEFjAenjTm7NLw6_uZz5m9g7Sp6rFt1IQD1fy-rd6N=w2000-h1500-no?authuser=0\" width=\"2000\" height=\"1500\" alt=\"Trilha Gloriosa\" class=\"size-full\" \/><\/a><figcaption class=\"wp-caption-text\">Trilha Gloriosa<\/figcaption><\/figure>\n\ufffc<br \/>\nNascidas e criadas em Hokuryu, essas s\u00e3o amigas queridas que passaram a inf\u00e2ncia, o ensino fundamental e o ensino m\u00e9dio juntas.<\/p>\n<p>A todos os formandos que partem para um novo mundo, guardando com carinho em seus cora\u00e7\u00f5es a preciosa confian\u00e7a que se construiu ao longo desses 15 anos de alegrias e tristezas compartilhadas, de ajuda e apoio m\u00fatuos, envio meu amor infinito, minha gratid\u00e3o e minhas ora\u00e7\u00f5es.<\/p>\n<h2>Outras fotos<\/h2>\n<div class=\"img-move\">\n<img decoding=\"async\" src=\"https:\/\/ehokkaido.net\/wp-content\/uploads\/2021\/12\/2021-12-06-11.41.12.png\" style=\"vertical-align:middle;\"> <a href=\"https:\/\/photos.app.goo.gl\/spqLt5ZMsnRvKRuo6\" target=\"_blank\" rel=\"noopener noreferrer\">Fotos (94 fotos) da 75\u00aa Cerim\u00f4nia de Formatura da Escola Secund\u00e1ria Hokuryu da Cidade de Hokuryu em 2021 est\u00e3o aqui &gt;&gt;<\/a><\/div>\n<h2>Sites e artigos relacionados<\/h2>\n<div class=\"img-move\">\n<div class=\"sitecard\">\n<div class=\"sitecard__subtitle\"> Cidade de Hokuryu, Escola Secund\u00e1ria Hokuryu<\/div>\n<div class=\"column column-273\">\n<div class=\"column__item\"><span style=\"font-size:medium\">Escola Secund\u00e1ria Hokuryu Town Hokuryu. Esta \u00e9 a p\u00e1gina inicial da Escola Secund\u00e1ria Hokuryu Town Hokuryu. Menu: \u00daltimas not\u00edcias Apresenta\u00e7\u00e3o da escola Girass\u00f3is do mundo (passado) Girass\u00f3is do mundo<\/span><span style=\"color: #ff9900;\">\u25b6<\/span> <a href=\"http:\/\/hokuryu.sakura.ne.jp\/\" target=\"_blank\" rel=\"noopener\"><b style=\"font-size:large\">Clique aqui para mais detalhes &gt;&gt;<\/b><\/div>\n<div class=\"column__item\"><img decoding=\"async\" src=\"https:\/\/portal.hokuryu.info\/wp\/wp-content\/uploads\/2022\/03\/202203152022-03-15-11.56.44.jpg\" alt=\"Cidade de Hokuryu, Escola Secund\u00e1ria Hokuryu\" style=\"border:solid 1px blue\" \/><\/a><\/div>\n<\/div>\n<\/div>\n<\/div>\n\n        <div class=\"site-blogcard-premium\">\n            <div class=\"bc-label-custom\">Artigos relacionados<\/div>\n            <div class=\"bc-flex-container\">\n                <div class=\"bc-main-text\">\n                    <div class=\"bc-title-link-box\">\n                        <a href=\"https:\/\/portal.hokuryu.info\/pt\/12064\/\" target=\"_blank\">https:\/\/portal.hokuryu.info\/12064<\/a>\n                    <\/div>\n                    <div class=\"bc-excerpt-box\">N\u00e3o foi poss\u00edvel recuperar as informa\u00e7\u00f5es da p\u00e1gina.<\/div>\n                <\/div>\n                <div class=\"bc-thumbnail-box\">\n                    <a href=\"https:\/\/portal.hokuryu.info\/pt\/12064\/\" target=\"_blank\">\n                        <div class=\"bc-img-zoom-wrap\">\n                            <img decoding=\"async\" src=\"https:\/\/portal.hokuryu.info\/wp\/wp-content\/uploads\/2026\/02\/20230802DSC06445_1.jpg\" alt=\"https:\/\/portal.hokuryu.info\/12064\">\n                        <\/div>\n                    <\/a>\n                <\/div>\n            <\/div>\n        <\/div>\n<p>\u25c7 Fotografia e edi\u00e7\u00e3o: Noboru Terauchi Entrevista e texto: Ikuko Terauchi<\/p>","protected":false},"excerpt":{"rendered":"<p>\uff12\uff10\uff12\uff12\u5e74\uff13\u6708\uff11\uff15\u65e5\uff08\u706b\uff09 \uff13\u6708\uff11\uff12\u65e5\uff08\u571f\uff09\uff10\uff19\uff1a\uff14\uff10\u301c\u3001\u5317\u7adc\u753a\u7acb \u5317\u7adc\u4e2d\u5b66\u6821 \u7b2c\uff17\uff15\u56de\u5352\u696d\u8a3c\u66f8\u6388\u4e0e\u5f0f\u304c\u884c\u308f\u308c\u307e\u3057\u305f\u3002 \u5317\u7adc\u753a\u7acb \u5317\u7adc\u4e2d\u5b66\u6821 \u5352\u696d\u8a3c\u66f8\u6388\u4e0e\u5f0f\u4f1a\u5834\uff08\u4f53\u80b2\u9928\uff09 \u4eca\u5e74\u3082\u65b0\u578b\u30b3\u30ed\u30ca\u30a6\u30a4\u30eb\u611f\u67d3\u5bfe [&hellip;]<\/p>\n","protected":false},"author":1,"featured_media":17225,"comment_status":"open","ping_status":"open","sticky":false,"template":"","format":"standard","meta":{"footnotes":""},"categories":[4,42],"tags":[],"class_list":["post-17223","post","type-post","status-publish","format-standard","has-post-thumbnail","hentry","category-cover-story","category-42"],"_links":{"self":[{"href":"https:\/\/portal.hokuryu.info\/pt\/wp-json\/wp\/v2\/posts\/17223","targetHints":{"allow":["GET"]}}],"collection":[{"href":"https:\/\/portal.hokuryu.info\/pt\/wp-json\/wp\/v2\/posts"}],"about":[{"href":"https:\/\/portal.hokuryu.info\/pt\/wp-json\/wp\/v2\/types\/post"}],"author":[{"embeddable":true,"href":"https:\/\/portal.hokuryu.info\/pt\/wp-json\/wp\/v2\/users\/1"}],"replies":[{"embeddable":true,"href":"https:\/\/portal.hokuryu.info\/pt\/wp-json\/wp\/v2\/comments?post=17223"}],"version-history":[{"count":0,"href":"https:\/\/portal.hokuryu.info\/pt\/wp-json\/wp\/v2\/posts\/17223\/revisions"}],"wp:featuredmedia":[{"embeddable":true,"href":"https:\/\/portal.hokuryu.info\/pt\/wp-json\/wp\/v2\/media\/17225"}],"wp:attachment":[{"href":"https:\/\/portal.hokuryu.info\/pt\/wp-json\/wp\/v2\/media?parent=17223"}],"wp:term":[{"taxonomy":"category","embeddable":true,"href":"https:\/\/portal.hokuryu.info\/pt\/wp-json\/wp\/v2\/categories?post=17223"},{"taxonomy":"post_tag","embeddable":true,"href":"https:\/\/portal.hokuryu.info\/pt\/wp-json\/wp\/v2\/tags?post=17223"}],"curies":[{"name":"wp","href":"https:\/\/api.w.org\/{rel}","templated":true}]}}