{"id":16334,"date":"2022-02-01T10:17:31","date_gmt":"2022-02-01T01:17:31","guid":{"rendered":"https:\/\/portal.hokuryu.info\/?p=16334"},"modified":"2022-02-20T08:32:20","modified_gmt":"2022-02-19T23:32:20","slug":"%e4%b8%ad%e5%b0%8f%e4%bc%81%e6%a5%ad%e5%ba%81%e3%81%ae%ef%bc%92%ef%bc%90%ef%bc%92%ef%bc%91%e5%b9%b4%e3%80%8c%e3%81%af%e3%81%b0%e3%81%9f%e3%81%8f%e4%b8%ad%e5%b0%8f%e4%bc%81%e6%a5%ad%e3%83%bb%e5%b0%8f","status":"publish","type":"post","link":"https:\/\/portal.hokuryu.info\/pt\/16334\/","title":{"rendered":"A Cooperativa Empresarial Kurosengoku foi selecionada na categoria de aquisi\u00e7\u00e3o de demanda do programa &quot;300 Pequenas e M\u00e9dias Empresas Emergentes e Pequenos Neg\u00f3cios&quot; de 2021 do Minist\u00e9rio da Economia, Com\u00e9rcio e Ind\u00fastria, e recebeu uma carta de agradecimento!"},"content":{"rendered":"<p>Ter\u00e7a-feira, 1 de fevereiro de 2022<\/p>\n<p>A Cooperativa Empresarial Kurosengoku (Cidade de Hokuryu, Presidente Takada Yukio) foi selecionada na categoria de aquisi\u00e7\u00e3o de demanda do programa &quot;300 Pequenas e M\u00e9dias Empresas Emergentes e Pequenos Neg\u00f3cios&quot; de 2021, promovido pelo Minist\u00e9rio da Economia, Com\u00e9rcio e Ind\u00fastria e pela Ag\u00eancia de Pequenas e M\u00e9dias Empresas. Parab\u00e9ns!!!<\/p>\n<p>Da regi\u00e3o de Sorachi, em Hokkaido, recebemos a fabricante e varejista de doces &quot;Jouvel Co., Ltd.&quot;, localizada na cidade de Iwamizawa.<a href=\"https:\/\/ehokkaido.net\/archives\/35162\" rel=\"noopener\" target=\"_blank\">Pastelaria Soraka<\/a>A Associa\u00e7\u00e3o Cooperativa Comercial Kurosengoku, na cidade de Hokuryu, foi uma das selecionadas. No total, 15 organiza\u00e7\u00f5es foram escolhidas em Hokkaido.<\/p>\n<h2>300 Pequenas e M\u00e9dias Empresas e Neg\u00f3cios de Pequeno Porte em Ascens\u00e3o, 30 Distritos Comerciais em 2021<\/h2>\n<p>Os pr\u00e9mios &quot;Top 300 PMEs e Pequenas Empresas e Top 30 Distritos Comerciais&quot; s\u00e3o selecionados e atribu\u00eddos pela Ag\u00eancia das Pequenas e M\u00e9dias Empresas a PMEs e pequenas empresas, bem como a lojas, que se destacam pelos seus esfor\u00e7os no desenvolvimento de produtos e servi\u00e7os inovadores, na revitaliza\u00e7\u00e3o da economia local e na utiliza\u00e7\u00e3o de recursos humanos diversificados.<\/p>\n<figure class=\"wp-caption aligncenter\"><a href=\"https:\/\/lh3.googleusercontent.com\/pw\/AM-JKLUtO36k7VTo2-2xlnRj5ijLC_LIrFSBpLNT55B6ZCUNJDEkIU7fGQI6J-FdZ_pC2zriT4wlsG3LT3bsqIMR6aurQ2Ebe54Bhi-88oEfmPyuu0h3T1R6A0M7uOOLt7ESzt9TlCp39YayJZS1eVIf7tj8=w2000-h1333-no?authuser=0\" target=\"_blank\" rel=\"noopener\"><img decoding=\"async\" src=\"https:\/\/lh3.googleusercontent.com\/pw\/AM-JKLUtO36k7VTo2-2xlnRj5ijLC_LIrFSBpLNT55B6ZCUNJDEkIU7fGQI6J-FdZ_pC2zriT4wlsG3LT3bsqIMR6aurQ2Ebe54Bhi-88oEfmPyuu0h3T1R6A0M7uOOLt7ESzt9TlCp39YayJZS1eVIf7tj8=w2000-h1333-no?authuser=1\" width=\"2000\" height=\"1333\" alt=\"Cole\u00e7\u00e3o de estudos de caso: &quot;300 Pequenas e M\u00e9dias Empresas e Neg\u00f3cios de Pequeno Porte em Pr\u00f3spero, 30 Empresas de Distritos Comerciais em 2021&quot;\" class=\"size-full\" \/><\/a><figcaption class=\"wp-caption-text\">Cole\u00e7\u00e3o de estudos de caso: &quot;300 Pequenas e M\u00e9dias Empresas e Neg\u00f3cios de Pequeno Porte em Pr\u00f3spero, 30 Empresas de Distritos Comerciais em 2021&quot;<\/figcaption><\/figure>\n<h3>Yukio Takada, presidente da Associa\u00e7\u00e3o Cooperativa Empresarial Kurosengoku<\/h3>\n<figure class=\"wp-caption aligncenter\"><a href=\"https:\/\/photos.google.com\/share\/AF1QipP7bArCwerBSdrJmubalC0lcOm1eRRPnDjvSgZ0RNrbyhW4Bu2hD_xjG5SQIJhqHw\/photo\/AF1QipMhrSa2kFVW-3_T57ZIIhjMxzV67wyW0An4srI?key=S0FJX1FibjAtTkphbG5VbnRzWThOX3VUeVZGYUpn\" target=\"_blank\" rel=\"noopener\"><img decoding=\"async\" src=\"https:\/\/lh3.googleusercontent.com\/pw\/AM-JKLU-SsQxNiQS8Cd1KLfvpETBVjpOHXos8s7QFP4p4VUIgFFZMSxhu_H6gqB1GvUW_ji_QX_-bvGsmr8gURTxBne2K0Paz0Aic2tOicV892eBsnBnx-sjyKkzj3WvpTp2WIJe_HNPyJnocLTX5ANTgYR-=w2000-h1333-no?authuser=0\" width=\"2000\" height=\"1333\" alt=\"Yukio Takada, presidente da Associa\u00e7\u00e3o Cooperativa Empresarial Kurosengoku\" class=\"size-full\" \/><\/a><figcaption class=\"wp-caption-text\">Yukio Takada, presidente da Associa\u00e7\u00e3o Cooperativa Empresarial Kurosengoku<\/figcaption><\/figure>\n<figure class=\"wp-caption aligncenter\"><a href=\"https:\/\/photos.google.com\/share\/AF1QipP7bArCwerBSdrJmubalC0lcOm1eRRPnDjvSgZ0RNrbyhW4Bu2hD_xjG5SQIJhqHw\/photo\/AF1QipP0VooI4cy2AulMwnpZOSqTwMmFUf3MpCv7r3o?key=S0FJX1FibjAtTkphbG5VbnRzWThOX3VUeVZGYUpn\" target=\"_blank\" rel=\"noopener\"><img decoding=\"async\" src=\"https:\/\/lh3.googleusercontent.com\/pw\/AM-JKLUcP6weosIZfGdkGiyQvF5ijCPMlrVSzg8d8EY9UAPi-A7FgZQshBUG0RZ8gqw_QPrhmbhTCXprj9Tl5SDyVdTgaKMNOluHh4agX_9MPBQx5_wt-2qUkPWBRN9JbO509SRXcX-Lk7DS7vlISxv3v0Bi=w1258-h1774-no?authuser=0\" width=\"400\" alt=\"Associa\u00e7\u00e3o Cooperativa Empresarial de Kurosengoku (Presidente Takada Yukio)\" class=\"size-full\" style=\"border:solid 1px blue\"\/><figcaption class=\"wp-caption-text\">Yukio Takada, presidente da Associa\u00e7\u00e3o Cooperativa Empresarial Kurosengoku<\/a><\/figcaption><\/figure>\n<h2>Relatando o pr\u00eamio ao prefeito Yutaka Sano<\/h2>\n<p>A Ag\u00eancia para Pequenas e M\u00e9dias Empresas enviou e entregou recentemente uma carta de agradecimento, uma cole\u00e7\u00e3o de estudos de caso, um porta-retratos e um broche \u00e0 Associa\u00e7\u00e3o Cooperativa Empresarial de Kurosengoku (presidente Takada Yukio). O presidente Takada comunicou a premia\u00e7\u00e3o ao prefeito Sano.<\/p>\n<figure class=\"wp-caption aligncenter\"><a href=\"https:\/\/photos.google.com\/share\/AF1QipP7bArCwerBSdrJmubalC0lcOm1eRRPnDjvSgZ0RNrbyhW4Bu2hD_xjG5SQIJhqHw\/photo\/AF1QipPVT0f4Z9U0xb-hQCYj80jLmA8uY33EoSBX06A?key=S0FJX1FibjAtTkphbG5VbnRzWThOX3VUeVZGYUpn\" target=\"_blank\" rel=\"noopener\"><img decoding=\"async\" src=\"https:\/\/lh3.googleusercontent.com\/pw\/AM-JKLV81t6PurrxYfp5BWpkSNfuOKAHNxuFj-mgV1q2Uj9f4rck8UKv8xUCMZDYPFcmlEmCrkeaCiG6ZSjpvkAJkA2ldhVc0jKv8btjvlkAkefhRelMviVc7t5ybnQCfKXxmX70wkhIPm-feijKNvTrTMk3=w2000-h1333-no?authuser=0\" width=\"2000\" height=\"1333\" alt=\"Comunicar a premia\u00e7\u00e3o ao prefeito Sano\" class=\"size-full\" \/><\/a><figcaption class=\"wp-caption-text\">Comunicar a premia\u00e7\u00e3o ao prefeito Sano<\/figcaption><\/figure>\n<h3>As atividades da Associa\u00e7\u00e3o Cooperativa Comercial Kurosengoku contribuem para a revitaliza\u00e7\u00e3o da economia local.<\/h3>\n<p>A Cooperativa Empresarial Kurosengoku foi fundada em 2005 e est\u00e1 agora em seu 17\u00ba ano. Atualmente, 52 fazendas em Hokkaido cultivam arroz.<\/p>\n<p>Al\u00e9m de fornecer para os principais fabricantes de natto e outros produtos, tamb\u00e9m processamos nossos pr\u00f3prios produtos (lavagem, secagem, detec\u00e7\u00e3o de corpos estranhos usando m\u00e1quinas de classifica\u00e7\u00e3o por cor, embalagem, etc.), como kinako (farinha de soja torrada) e kurosengokudon (bolinhos de arroz fritos), e os vendemos no varejo, garantindo qualidade e seguran\u00e7a.<\/p>\n<p>As vendas est\u00e3o se expandindo dentro e fora de Hokkaido, bem como no exterior. A empresa tamb\u00e9m participa ativamente de diversos eventos em todo o pa\u00eds, priorizando a intera\u00e7\u00e3o com os consumidores. H\u00e1 v\u00e1rios anos, seus produtos s\u00e3o expostos em supermercados em Taiwan e, nos \u00faltimos anos, a empresa expandiu suas vendas para o mercado americano por meio de plataformas como a Amazon.<\/p>\n<p>Al\u00e9m disso, em resposta \u00e0 crescente preocupa\u00e7\u00e3o com a sa\u00fade, temos trabalhado no desenvolvimento de produtos seguros e come\u00e7amos a desenvolver e vender a &quot;Carne de Soja Kurosengoku&quot;.<\/p>\n<p>O desenvolvimento da Cooperativa Empresarial Kurosengoku at\u00e9 o momento tem sido muito elogiado por sua gest\u00e3o s\u00f3lida, esfor\u00e7os proativos para desenvolver novos produtos processados e muitas atividades dedicadas sob a forte lideran\u00e7a do Diretor Representante Yukio Takada, que contribu\u00edram significativamente para a revitaliza\u00e7\u00e3o da economia local.<\/p>\n<h3>Koichi Hagiuda recebe uma carta de agradecimento do Ministro da Economia, Com\u00e9rcio e Ind\u00fastria.<\/h3>\n<figure class=\"wp-caption aligncenter\"><a href=\"https:\/\/photos.google.com\/share\/AF1QipP7bArCwerBSdrJmubalC0lcOm1eRRPnDjvSgZ0RNrbyhW4Bu2hD_xjG5SQIJhqHw\/photo\/AF1QipMy_s3Ew_UGDq_XZU19dC1YITfoP9l4fcwXUJQ?key=S0FJX1FibjAtTkphbG5VbnRzWThOX3VUeVZGYUpn\" target=\"_blank\" rel=\"noopener\"><img decoding=\"async\" src=\"https:\/\/lh3.googleusercontent.com\/pw\/AM-JKLW2JbKen3r3gPGpna2xg0C4q4wvEMMo0GiweFdn7ejOvkrCza0FNW9G3eJP91B-OSaM6kLI80gG5xfEnZbOqpTtCv6cMX8QO0IxYqxLtg53X8lx7fJK-U5nPHmMg1GkpSuQJblTlkKTa8ddjVTqRMuO=w2000-h1333-no?authuser=0\" width=\"2000\" height=\"1333\" alt=\"Carta de agradecimento\" class=\"size-full\" \/><\/a><figcaption class=\"wp-caption-text\">Carta de agradecimento<\/figcaption><\/figure>\n<h3>Porta-retratos<\/h3>\n<figure class=\"wp-caption aligncenter\"><a href=\"https:\/\/photos.google.com\/share\/AF1QipP7bArCwerBSdrJmubalC0lcOm1eRRPnDjvSgZ0RNrbyhW4Bu2hD_xjG5SQIJhqHw\/photo\/AF1QipNmrzPfBEoPaZ4Cy34FNrGAYmhnmbdk96dPoa8?key=S0FJX1FibjAtTkphbG5VbnRzWThOX3VUeVZGYUpn\" target=\"_blank\" rel=\"noopener\"><img decoding=\"async\" src=\"https:\/\/lh3.googleusercontent.com\/pw\/AM-JKLUgacePxtEd8XQ8iCWmjCR3Naz5CWjKnhZQQHxsX0v26p9Ak1-dfwdlbj04Nqk0-1QAX3i8F2BSI7SqlFmIadyACiq_GyTd1L_udRpxuVBh35MtDyFPMNzHEMafy4k7W-rjXIz3vTnovzYqbWxut7zL=w2000-h1333-no?authuser=0\" width=\"2000\" height=\"1333\" alt=\"Porta-retratos\" class=\"size-full\" \/><\/a><figcaption class=\"wp-caption-text\">Porta-retratos<\/figcaption><\/figure>\n<h3>broche<\/h3>\n<figure class=\"wp-caption aligncenter\"><a href=\"https:\/\/photos.google.com\/share\/AF1QipP7bArCwerBSdrJmubalC0lcOm1eRRPnDjvSgZ0RNrbyhW4Bu2hD_xjG5SQIJhqHw\/photo\/AF1QipMfZeVnCOn8tqxyusmdbKFPOVF3nMEOk4BqtMI?key=S0FJX1FibjAtTkphbG5VbnRzWThOX3VUeVZGYUpn\" target=\"_blank\" rel=\"noopener\"><img decoding=\"async\" src=\"https:\/\/lh3.googleusercontent.com\/pw\/AM-JKLUwQ6pJHpGCqyS3K1XwYcVYq087MERpcfLeaon7Hqyol93zG5ZotpAzjnVi5sTTG0LXapl19eYqE7PiyS0BzhvXrZKMJ_Pouo96BwkbmZAqiVD1B9OeiirjMKqUUcU3AHcoHZefS9lDASIUftmjikoC=w1260-h1888-no?authuser=0\" width=\"400\" alt=\"broche\" class=\"size-full\" \/><\/a><figcaption class=\"wp-caption-text\">broche<\/figcaption><\/figure>\n<h3>Palavras de agradecimento do Presidente Yukio Takada<\/h3>\n<p>&quot;Conceder este tipo de pr\u00eamio \u00e9 um grande incentivo aos produtores. Isso lhes proporcionar\u00e1 uma grande motiva\u00e7\u00e3o para melhorar sua produtividade, por isso sou extremamente grato. Muito obrigado&quot;, disse o presidente Takada em suas palavras de agradecimento.<\/p>\n<figure class=\"wp-caption aligncenter\"><a href=\"https:\/\/photos.google.com\/share\/AF1QipP7bArCwerBSdrJmubalC0lcOm1eRRPnDjvSgZ0RNrbyhW4Bu2hD_xjG5SQIJhqHw\/photo\/AF1QipPWfgjddRKnPXbGwLSNHMOiytIo9xScKjSVZaI?key=S0FJX1FibjAtTkphbG5VbnRzWThOX3VUeVZGYUpn\" target=\"_blank\" rel=\"noopener\"><img decoding=\"async\" src=\"https:\/\/lh3.googleusercontent.com\/pw\/AM-JKLVZwn40Yua5BfXK7wMbzK0V_WLHGPzpl0RZqXadIOEo-g9LZ4CoNfuXotT3D66oc-f0qVK_JmcaWN4q-cw8YWkHew9kuMc5CyP-vH0JQUrirSXc7_Kma0xG6ZveT9jQu2GHDQ2W6dd42-AyyM0D3PCs=w2000-h1333-no?authuser=0\" width=\"2000\" height=\"1333\" alt=\"Presidente Takada\" class=\"size-full\" \/><\/a><figcaption class=\"wp-caption-text\">Presidente Takada<\/figcaption><\/figure>\n<h3>Mensagem do prefeito Yutaka Sano<\/h3>\n<figure class=\"wp-caption aligncenter\"><a href=\"https:\/\/photos.google.com\/share\/AF1QipP7bArCwerBSdrJmubalC0lcOm1eRRPnDjvSgZ0RNrbyhW4Bu2hD_xjG5SQIJhqHw\/photo\/AF1QipMg2Z8RCbOOZhJc-qyKuki_pswrJ12lF9OKc6M?key=S0FJX1FibjAtTkphbG5VbnRzWThOX3VUeVZGYUpn\" target=\"_blank\" rel=\"noopener\"><img decoding=\"async\" src=\"https:\/\/lh3.googleusercontent.com\/pw\/AM-JKLXuNdVNx6VWIPMNasJfZTuklhgXogjSkERTD2anXCt9rCESDdIVK4sz0BhHcPliCvgOVrS27FYMQaDQyzUF5Mxhsy7uf5j3dKvSedIUatvwDa52QNIP0nvEjIwzy4EMzH5W6TtadciGPdGBLi2aiWcP=w2000-h1333-no?authuser=0\" width=\"2000\" height=\"1333\" alt=\"Prefeito Sano\" class=\"size-full\" \/><\/a><figcaption class=\"wp-caption-text\">Prefeito Sano<\/figcaption><\/figure>\n<p>&quot;Fico muito satisfeito que seu trabalho \u00e1rduo e suas conquistas ao longo dos anos tenham sido amplamente elogiados em todo o pa\u00eds. Al\u00e9m disso, com o in\u00edcio das vendas da soja Kurosengoku nos Estados Unidos, tenho orgulho de que os produtos agr\u00edcolas seguros e de alta qualidade e os produtos especiais da cidade de Hokuryu estejam se tornando cada vez mais populares. Por favor, continuem com o excelente trabalho&quot;, disse o prefeito Sano em tom encorajador.<\/p>\n<figure class=\"wp-caption aligncenter\"><a href=\"https:\/\/photos.google.com\/share\/AF1QipP7bArCwerBSdrJmubalC0lcOm1eRRPnDjvSgZ0RNrbyhW4Bu2hD_xjG5SQIJhqHw\/photo\/AF1QipMB0Rb1rSKTQ6RmgHPwCnd1cpf434mANjlluUk?key=S0FJX1FibjAtTkphbG5VbnRzWThOX3VUeVZGYUpn\" target=\"_blank\" rel=\"noopener\"><img decoding=\"async\" src=\"https:\/\/lh3.googleusercontent.com\/pw\/AM-JKLWleDDzNHENechQaeGLpwRbUbiyx9NEzOYyG7yo9Nu4Pe92YCkni2dMYvwVI5aVVQb55HV7Qk_MnLfdumpMlYqZH-llV3smqXe1wgsgPdmMCKcKMDBzvPBp3J6yJWsG8nE8YI0xreXLfISjWVOa4Cku=w2000-h1333-no?authuser=0\" width=\"2000\" height=\"1333\" alt=\"Um bate-papo muito agrad\u00e1vel!\" class=\"size-full\" \/><\/a><figcaption class=\"wp-caption-text\">Um bate-papo muito agrad\u00e1vel!<\/figcaption><\/figure>\n<figure class=\"wp-caption aligncenter\"><a href=\"https:\/\/photos.google.com\/share\/AF1QipP7bArCwerBSdrJmubalC0lcOm1eRRPnDjvSgZ0RNrbyhW4Bu2hD_xjG5SQIJhqHw\/photo\/AF1QipM8HRQukfCwV80DnY_Nl5vMoczvZ1eYHk3Of4I?key=S0FJX1FibjAtTkphbG5VbnRzWThOX3VUeVZGYUpn\" target=\"_blank\" rel=\"noopener\"><img decoding=\"async\" src=\"https:\/\/lh3.googleusercontent.com\/pw\/AM-JKLX0dapMiwbUFqe8q24xx1CA-iDabmuDdmN5lsEJXFOhzSN7_Kx4aB5zLammxi1joIfwmniDA5do7t6UWU1FE5HsKQ99TcS_5gcnpD7_v7zY41iYjJXYD0NE9cNTmwFSlTEw0W2v4Br47MewvcvShTrB=w2000-h1333-no?authuser=0\" width=\"2000\" height=\"1333\" alt=\"Obrigado pelo seu trabalho \u00e1rduo e por suas conquistas serem t\u00e3o amplamente reconhecidas!\" class=\"size-full\" \/><\/a><figcaption class=\"wp-caption-text\">Obrigado pelo seu trabalho \u00e1rduo e por suas conquistas serem t\u00e3o amplamente reconhecidas!<\/figcaption><\/figure>\n<p>A soja Kurosengoku \u00e9 cultivada com carinho sob a luz natural da cidade de Hokuryu!<br \/>\nCom amor, gratid\u00e3o e ora\u00e7\u00f5es infinitas pela preciosa soja Kurosengoku, repleta de vitalidade e energia, que continuar\u00e1 a se desenvolver e a expandir seus horizontes em Hokkaido, no Jap\u00e3o, e no mundo...<\/p>\n<p><center><iframe width=\"560\" height=\"315\" src=\"https:\/\/www.youtube.com\/embed\/9uw8w8xvzx8\" title=\"Reprodutor de v\u00eddeo do YouTube\" frameborder=\"0\" allow=\"accelerometer; autoplay; clipboard-write; encrypted-media; gyroscope; picture-in-picture\" allowfullscreen><\/iframe><\/center><\/p>\n<h2>Artigos relacionados<\/h2>\n\n<div class=\"sitecard\">\n<div class=\"sitecard__subtitle\"> Site da Ag\u00eancia para Pequenas e M\u00e9dias Empresas<\/div>\n<div class=\"column column-273\">\n<div class=\"column__item\"><span style=\"font-size:x-large\"><strong><a href=\"https:\/\/www.chusho.meti.go.jp\/keiei\/sapoin\/monozukuri300sha\/index2021.html\" target=\"_blank\" rel=\"noopener\">300 PMEs e pequenas empresas que est\u00e3o prosperando<\/a><\/strong><\/span><br \/>\nEste livro re\u00fane uma lista de &quot;300 PMEs e pequenas empresas que atuam em diversas \u00e1reas&quot; como &quot;PMEs e pequenas empresas que est\u00e3o prosperando&quot;.<br \/>\nEspera-se que os esfor\u00e7os para desenvolver produtos e servi\u00e7os inovadores, revitalizar as economias locais e fortalecer a competitividade internacional sejam acelerados.<span style=\"color: #ff9900;\">\u25b6<\/span> <a href=\"https:\/\/www.chusho.meti.go.jp\/keiei\/sapoin\/monozukuri300sha\/index2021.html\" target=\"_blank\" rel=\"noopener\"><b style=\"font-size:large\">Clique aqui para mais detalhes &gt;&gt;<\/b><\/div>\n<div class=\"column__item\"><img decoding=\"async\" src=\"https:\/\/portal.hokuryu.info\/wp\/wp-content\/uploads\/2021\/12\/book2021.jpg\" alt=\"300 pequenas e m\u00e9dias empresas pr\u00f3speras e pequenos neg\u00f3cios\" style=\"border:solid 1px blue\" \/><\/a><\/div>\n<\/div>\n<\/div>\n\n\n        <div class=\"site-blogcard-premium\">\n            <div class=\"bc-label-custom\">Artigos relacionados<\/div>\n            <div class=\"bc-flex-container\">\n                <div class=\"bc-main-text\">\n                    <div class=\"bc-title-link-box\">\n                        <a href=\"https:\/\/ehokkaido.net\/archives\/35162\" target=\"_blank\">https:\/\/ehokkaido.net\/archives\/35162<\/a>\n                    <\/div>\n                    <div class=\"bc-excerpt-box\">N\u00e3o foi poss\u00edvel recuperar as informa\u00e7\u00f5es da p\u00e1gina.<\/div>\n                <\/div>\n                <div class=\"bc-thumbnail-box\">\n                    <a href=\"https:\/\/ehokkaido.net\/archives\/35162\" target=\"_blank\">\n                        <div class=\"bc-img-zoom-wrap\">\n                            <img decoding=\"async\" src=\"https:\/\/portal.hokuryu.info\/wp\/wp-content\/uploads\/2026\/02\/20230802DSC06445_1.jpg\" alt=\"https:\/\/ehokkaido.net\/archives\/35162\">\n                        <\/div>\n                    <\/a>\n                <\/div>\n            <\/div>\n        <\/div>\n<p>\u25c7 Fotografia e edi\u00e7\u00e3o: Noboru Terauchi Entrevista e texto: Ikuko Terauchi<\/p>","protected":false},"excerpt":{"rendered":"<p>\uff12\uff10\uff12\uff12\u5e74\uff12\u6708\uff11\u65e5\uff08\u706b\uff09 \u7d4c\u6e08\u7523\u696d\u7701\u30fb\u4e2d\u5c0f\u4f01\u696d\u5e81\u306e\uff12\uff10\uff12\uff11\u5e74\u300c\u306f\u3070\u305f\u304f\u4e2d\u5c0f\u4f01\u696d\u30fb\u5c0f\u898f\u6a21\u4e8b\u696d\u8005300\u793e\u300d\u9700\u8981\u7372\u5f97\u90e8\u9580\u306b\u3001\u9ed2\u5343\u77f3\u4e8b\u696d\u5354\u540c\u7d44\u5408\uff08\u5317\u7adc\u753a\u30fb\u9ad8\u7530\u5e78\u7537 \u7406\u4e8b\u9577\uff09\u304c\u9078\u51fa\u3055\u308c\u307e\u3057\u305f\u3002\u304a\u3081\u3067\u3068\u3046\u3054\u3056\u3044\u307e [&hellip;]<\/p>\n","protected":false},"author":1,"featured_media":16340,"comment_status":"open","ping_status":"open","sticky":false,"template":"","format":"standard","meta":{"footnotes":""},"categories":[4,9],"tags":[],"class_list":["post-16334","post","type-post","status-publish","format-standard","has-post-thumbnail","hentry","category-cover-story","category-kurosengoku"],"_links":{"self":[{"href":"https:\/\/portal.hokuryu.info\/pt\/wp-json\/wp\/v2\/posts\/16334","targetHints":{"allow":["GET"]}}],"collection":[{"href":"https:\/\/portal.hokuryu.info\/pt\/wp-json\/wp\/v2\/posts"}],"about":[{"href":"https:\/\/portal.hokuryu.info\/pt\/wp-json\/wp\/v2\/types\/post"}],"author":[{"embeddable":true,"href":"https:\/\/portal.hokuryu.info\/pt\/wp-json\/wp\/v2\/users\/1"}],"replies":[{"embeddable":true,"href":"https:\/\/portal.hokuryu.info\/pt\/wp-json\/wp\/v2\/comments?post=16334"}],"version-history":[{"count":0,"href":"https:\/\/portal.hokuryu.info\/pt\/wp-json\/wp\/v2\/posts\/16334\/revisions"}],"wp:featuredmedia":[{"embeddable":true,"href":"https:\/\/portal.hokuryu.info\/pt\/wp-json\/wp\/v2\/media\/16340"}],"wp:attachment":[{"href":"https:\/\/portal.hokuryu.info\/pt\/wp-json\/wp\/v2\/media?parent=16334"}],"wp:term":[{"taxonomy":"category","embeddable":true,"href":"https:\/\/portal.hokuryu.info\/pt\/wp-json\/wp\/v2\/categories?post=16334"},{"taxonomy":"post_tag","embeddable":true,"href":"https:\/\/portal.hokuryu.info\/pt\/wp-json\/wp\/v2\/tags?post=16334"}],"curies":[{"name":"wp","href":"https:\/\/api.w.org\/{rel}","templated":true}]}}