{"id":16003,"date":"2022-01-24T06:47:07","date_gmt":"2022-01-23T21:47:07","guid":{"rendered":"https:\/\/portal.hokuryu.info\/?p=16003"},"modified":"2022-01-26T20:55:59","modified_gmt":"2022-01-26T11:55:59","slug":"%e7%a5%9d%ef%bc%81%e5%90%89%e5%b0%be%e5%ba%83%e5%ad%90%e3%81%95%e3%82%93%e5%8f%a5%e9%9b%86%e3%80%8e%e8%8a%b1%e7%ad%8f%ef%bc%88%e3%81%af%e3%81%aa%e3%81%84%e3%81%8b%e3%81%a0%ef%bc%89%e3%80%8f%e3%81%8c","status":"publish","type":"post","link":"https:\/\/portal.hokuryu.info\/pt\/16003\/","title":{"rendered":"Parab\u00e9ns! A cole\u00e7\u00e3o de haicais de Hiroko Yoshio, &quot;Hanaikada&quot; (Balsa de Flores), ganhou o 42\u00ba Pr\u00eamio Samejima da Associa\u00e7\u00e3o de Haicai de Hokkaido!"},"content":{"rendered":"<p>Segunda-feira, 24 de janeiro de 2022<\/p>\n<p>Hiroko Yoshio (74 anos), residente de Miboshi, cidade de Hokuryu, e membro da Sociedade de Haiku de Hokkaido, filial de Hokuryu, foi agraciada com o 42\u00ba Pr\u00eamio Samejima pela Associa\u00e7\u00e3o de Haiku de Hokkaido (Presidente: Minamoto Onihiko) por sua colet\u00e2nea de haicais, Hanaikada (Balsa de Flores). Parab\u00e9ns!<\/p>\n<p>Os vencedores do pr\u00eamio foram escolhidos na reuni\u00e3o do comit\u00ea de sele\u00e7\u00e3o do Anu\u00e1rio de Haiku de Hokkaido, realizada na quarta-feira, 12 de janeiro. Os certificados de reconhecimento ser\u00e3o entregues na assembleia geral ordin\u00e1ria de 2022 da Associa\u00e7\u00e3o de Haiku de Hokkaido (em junho).<\/p>\n<h2>Pr\u00eamio Samejima<\/h2>\n<p>O Pr\u00eamio Samejima foi criado ap\u00f3s a morte de Samejima Kogyoshi, fundador e primeiro presidente da Associa\u00e7\u00e3o de Haiku de Hokkaido (fundada em 1995). Este prestigioso pr\u00eamio, concedido a cole\u00e7\u00f5es de haiku, est\u00e1 agora em sua 42\u00aa edi\u00e7\u00e3o (Samejima Kogyoshi: 1888 (Meiji 21) - 1980 (Showa 55), nascido na prov\u00edncia de Nagano).<\/p>\n<p>A Sociedade de Haiku de Hokkaido, filial de Hokuryu, concedeu anteriormente o Pr\u00eamio Samejima ao falecido Hokuto Tanaka em 1995 (Heisei 7). Hiroko Yoshio \u00e9 a segunda pessoa a receber este prestigioso pr\u00eamio.<\/p>\n<div class=\"img-move\">\nAntes de receber o Pr\u00eamio Samejima, Hiroko Yoshio recebeu o pr\u00eamio na Associa\u00e7\u00e3o de Haiku de Hokkaido (organizada por Tayumisaki) em 24 de outubro de 2021.<a href=\"https:\/\/www.douhaikukai.com\/%E3%81%8A%E7%9F%A5%E3%82%89%E3%81%9B\/\" rel=\"noopener\" target=\"_blank\">&quot;Pr\u00eamio Reiwa de Escritor Haiku &#039;Michi&#039; do 3\u00ba ano&quot;<\/a>Ele foi agraciado com o seguinte pr\u00eamio.<\/div>\n<h2>Hiroko Yoshio<\/h2>\n<ul>\n<li>Pseud\u00f4nimo: Yoshio Hiroko Nome verdadeiro: Yoshio Hiroko<\/li>\n<li>Nascido em agosto de 1947 (Showa 22), 74 anos, criado na cidade de Hokuryu.<\/li>\n<li>Em 1969 (Showa 44), ap\u00f3s um romance apaixonado, ela se casou com Masakazu Yoshio, um colega de classe do ensino fundamental, m\u00e9dio e colegial, e teve um filho e duas filhas.<\/li>\n<li>Ele trabalhava como agricultor, cultivando arroz e mel\u00f5es. Aos 65 anos, abandonou suas terras e deixou a agricultura.<\/li>\n<li>Ele ingressou no clube de haicai &quot;Michi&quot; em 1982 (Showa 57) e escreve haicai desde ent\u00e3o, h\u00e1 40 anos.<\/li>\n<li>2002 (Heisei 14) Publicou sua primeira cole\u00e7\u00e3o de haiku, &quot;A Voz da M\u00e3e&quot;<\/li>\n<li>2021 (Reiwa 3) Publica\u00e7\u00e3o da segunda cole\u00e7\u00e3o de poemas \u201cHana Kaida\u201d<\/li>\n<\/ul>\n<p>Ele agora tem a b\u00ean\u00e7\u00e3o de ter seis netos e passa os dias relaxando, ansioso para v\u00ea-los de vez em quando.<\/p>\n<figure class=\"wp-caption aligncenter\"><a href=\"https:\/\/photos.google.com\/share\/AF1QipMFLZu8MsJr-ZkwFAiPaCx0tv-RIiJVJ59lPawEVw5jBJR5ZjrlpXDtrTivBXdAdA\/photo\/AF1QipOHjr60vzhWV3rbH8kfKVVFy60rpb_JtmSeJTE?key=SDc5bW1lQ1dYUWZFcFNaWDM5RGNoRUFJalhHQkF3\" target=\"_blank\" rel=\"noopener\"><img decoding=\"async\" src=\"https:\/\/lh3.googleusercontent.com\/pw\/AM-JKLUDp-y-4FE4D0KkMJ6fDaQTg0_EHik1wivqcqDYGVvv6tDe4fLx9IZXeUhEp1H6gR3SbC4joxpv1Z3GNyDDRI6cTin8kAcQt8LqCtEMlTLAMUYN3bvSDzISvDGQ1sPLpVSM5n-B8vaqYdyo7_xqRvw4=w2000-h1333-no?authuser=0\" width=\"2000\" height=\"1333\" alt=\"Hiroko Yoshio\" class=\"size-full\" \/><\/a><figcaption class=\"wp-caption-text\">Hiroko Yoshio<\/figcaption><\/figure>\n<h3>Primeira colet\u00e2nea de haicais, &quot;Voz da M\u00e3e&quot;, 2002; Segunda colet\u00e2nea de haicais, &quot;Balsa de Flores&quot;, 2021<\/h3>\n<p>Sua primeira colet\u00e2nea de haiku, &quot;Voz da M\u00e3e&quot;, foi publicada em 2002 (Heisei 14), e a segunda, &quot;Balsa de Flores&quot;, foi publicada 19 anos depois, em 2021 (Reiwa 3).<\/p>\n<figure class=\"wp-caption aligncenter\"><a href=\"https:\/\/photos.google.com\/share\/AF1QipMFLZu8MsJr-ZkwFAiPaCx0tv-RIiJVJ59lPawEVw5jBJR5ZjrlpXDtrTivBXdAdA\/photo\/AF1QipPoNDCRKlBv1F7W5QrpjYj7UfcxK5lA5H_hxBE?key=SDc5bW1lQ1dYUWZFcFNaWDM5RGNoRUFJalhHQkF3\" target=\"_blank\" rel=\"noopener\"><img decoding=\"async\" src=\"https:\/\/lh3.googleusercontent.com\/pw\/AM-JKLWIFwvSOkqeXsYu-xmiKBzVk_JAoCKmSaFLp0pJs1ryx3AqX5buXlsXhx3zYFDxZTCR6Juw4LQMhYOjeNfZCLd2putRh5SQ32oYXDiiimo1pao6LAhkWwRPJ28K5TyQfYxDxzwD8IbXdIAcBiZUiYi4=w2000-h1333-no?authuser=0\" width=\"2000\" height=\"1333\" alt=\"Primeira cole\u00e7\u00e3o de haicais &quot;A Voz da M\u00e3e&quot; e segunda cole\u00e7\u00e3o de haicais &quot;Balsa de Flores&quot;\" class=\"size-full\" \/><\/a><figcaption class=\"wp-caption-text\">Primeira cole\u00e7\u00e3o de haicais &quot;A Voz da M\u00e3e&quot; e segunda cole\u00e7\u00e3o de haicais &quot;Balsa de Flores&quot;<\/figcaption><\/figure>\n<h3>Celebra\u00e7\u00e3o para comemorar a publica\u00e7\u00e3o da primeira colet\u00e2nea de poemas haiku, &quot;A Voz da M\u00e3e&quot;.<\/h3>\n<ul>\n<li>&quot;Michi&quot; Bunko: N\u00ba 132<\/li>\n<li>Data de emiss\u00e3o: 31 de maio de 2002 (Heisei 14)<\/li>\n<li>Autor: Hiroko Yoshio<\/li>\n<li>Impressora: Sapporo Printing<\/li>\n<\/ul>\n<p>Em 22 de junho de 2002, foi realizada uma celebra\u00e7\u00e3o no Centro de Bem-Estar para Idosos da cidade de Hokuryu para comemorar a publica\u00e7\u00e3o da cole\u00e7\u00e3o de haicais de Hiroko Yoshio, &quot;A Voz da M\u00e3e&quot;.<\/p>\n<figure class=\"wp-caption aligncenter\"><a href=\"https:\/\/photos.google.com\/share\/AF1QipMFLZu8MsJr-ZkwFAiPaCx0tv-RIiJVJ59lPawEVw5jBJR5ZjrlpXDtrTivBXdAdA\/photo\/AF1QipO8JSWhtcAjR3Q5h_Ujj5IxMwgucxR_UlyA61E?key=SDc5bW1lQ1dYUWZFcFNaWDM5RGNoRUFJalhHQkF3\" target=\"_blank\" rel=\"noopener\"><img decoding=\"async\" src=\"https:\/\/lh3.googleusercontent.com\/pw\/AM-JKLWuaDCHovSq8Cs0lKz8oFRYTShapI4m0d7GcmzWV4odKEb8u8l-EN4ah4SPnUQvCgp6U-NTpVu9PnFNuF6gIqeQG10jooXGFYh66QYWJyE6xwEt5V9y3EkWp9h1etL7ZdnqEHy-sOjG5TTxTp6mU_4Y=w2000-h1333-no?authuser=0\" width=\"2000\" height=\"1333\" alt=\"Celebra\u00e7\u00e3o para comemorar a publica\u00e7\u00e3o da primeira colet\u00e2nea de poemas haiku, &quot;A Voz da M\u00e3e&quot;.\" class=\"size-full\" \/><\/a><figcaption class=\"wp-caption-text\">Celebra\u00e7\u00e3o para comemorar a publica\u00e7\u00e3o da primeira colet\u00e2nea de poemas haiku, &quot;A Voz da M\u00e3e&quot;.<\/figcaption><\/figure>\n<h2>2\u00aa cole\u00e7\u00e3o de poemas \u201cHana Kada\u201d 19 anos, 339 poemas<\/h2>\n<ul>\n<li>&quot;Michi&quot; Bunko: N\u00ba 202<\/li>\n<li>Data de publica\u00e7\u00e3o: 8 de agosto de 2021 (Reiwa 3)<\/li>\n<li>Autor: Hiroko Yoshio<\/li>\n<li>Impress\u00e3o: I-Ward Co., Ltd.<\/li>\n<\/ul>\n<p>A colet\u00e2nea de haikus, &quot;Hanaikada&quot;, \u00e9 composta por 339 trechos de haikus lidos ao longo de um per\u00edodo de 19 anos, de 2001 (Heisei 13) a 2020 (Reiwa 2), e est\u00e1 organizada em cinco cap\u00edtulos em ordem cronol\u00f3gica.<\/p>\n<p>A capa da cole\u00e7\u00e3o de haicais apresenta um belo desenho com p\u00e9talas de cerejeira rosa espalhadas sobre um fundo preto.<\/p>\n<figure class=\"wp-caption aligncenter\"><a href=\"https:\/\/photos.google.com\/share\/AF1QipMFLZu8MsJr-ZkwFAiPaCx0tv-RIiJVJ59lPawEVw5jBJR5ZjrlpXDtrTivBXdAdA\/photo\/AF1QipNbKoxUZkfXXzxCYoAQE1BZfEG9ZXLo3Ko3tyI?key=SDc5bW1lQ1dYUWZFcFNaWDM5RGNoRUFJalhHQkF3\" target=\"_blank\" rel=\"noopener\"><img decoding=\"async\" src=\"https:\/\/lh3.googleusercontent.com\/pw\/AM-JKLU2q_JdpyuM_pgUczmLaW7Av9WIjQorp6wBLP_m8t9u1iomRnqF9paAOlZNXQXnBEXPz_U1Uoo_X7Sgsag0Cimrx5w2E8kKWR3jLq8iOkjP9BDAS70xHoTSXCNwcsQZBzdGWuLZmh7BktGCyX7kMz0c=w2000-h1333-no?authuser=0\" width=\"2000\" height=\"1333\" alt=\"Cole\u00e7\u00e3o de haicais &quot;Balsas de Flores&quot;\" class=\"size-full\" \/><\/a><figcaption class=\"wp-caption-text\">Cole\u00e7\u00e3o de haicais &quot;Balsas de Flores&quot;<\/figcaption><\/figure>\n<h3>Mensagem da Diretora do Clube de Haiku de Estrada, Tayu Misaki<\/h3>\n<p>No pref\u00e1cio da colet\u00e2nea de haicais &quot;Hanaikada&quot;, o presidente da Sociedade de Haicai de Michi, Tayu Misaki, escreve: &quot;Em cada haicai da colet\u00e2nea &#039;Hanaikada&#039;, podemos ver o rosto de Yoshio Hiroko. S\u00e3o &#039;vozes po\u00e9ticas de sensibilidade que incorporam um sentido de vida em seu conte\u00fado&#039;, como ensinado por Hokkosei, e pode-se dizer que \u00e9 uma colet\u00e2nea que coloca em pr\u00e1tica o que Minamoto Onihiko defendia: &#039;a poesia que nos \u00e9 dada pelo despertar e pelo deitar da vida, que nasce do clima local&#039;.&quot;<\/p>\n<h2>Reflex\u00f5es de Hiroko Yoshio sobre &quot;A Jangada de Flores&quot;<\/h2>\n<p>&quot;A palavra &#039;hanaikada&#039; vem da ideia de que as p\u00e9talas espalhadas na superf\u00edcie da \u00e1gua se assemelham a uma jangada.&quot;<\/p>\n<ul>\n<li><strong>Jangadas de flores, um mundo sem guerra, rumo \u00e0 era Reiwa.<\/strong><\/li>\n<\/ul>\n<p>As guerras ocorreram repetidamente desde os tempos antigos at\u00e9 a Segunda Guerra Mundial, mas a era Heisei foi a \u00fanica era de paz sem guerras. Este poema expressa a esperan\u00e7a de que essa paz continue na era Reiwa. A vis\u00e3o de p\u00e9talas de cerejeira espalhadas flutuando sobre o rio \u00e9 a pr\u00f3pria defini\u00e7\u00e3o de paz.<\/p>\n<p>Inclu\u00eddo na primeira cole\u00e7\u00e3o de haiku,<\/p>\n<ul>\n<li><strong>Jangada de flores, a carta da minha m\u00e3e termina com &quot;Aqui&quot;.<\/strong><\/li>\n<\/ul>\n<p>&quot;Havia sentimentos profundos sobre as jangadas de flores nos poemas. Mas eu queria transmitir pelo menos alguns dos meus sentimentos sobre minha m\u00e3e, que sofria de dem\u00eancia (Saki faleceu aos 91 anos, dois anos ap\u00f3s a publica\u00e7\u00e3o de sua primeira colet\u00e2nea de haicais), ent\u00e3o intitulei minha primeira colet\u00e2nea de &#039;A Voz da M\u00e3e&#039;&quot;, diz Hiroko Yoshio, compartilhando seus sentimentos sobre as jangadas de flores.<\/p>\n<figure class=\"wp-caption aligncenter\"><a href=\"https:\/\/photos.google.com\/share\/AF1QipMFLZu8MsJr-ZkwFAiPaCx0tv-RIiJVJ59lPawEVw5jBJR5ZjrlpXDtrTivBXdAdA\/photo\/AF1QipNvTWUaRXdckIhDDNUbUK0nmOhTfvmWvd6M_Og?key=SDc5bW1lQ1dYUWZFcFNaWDM5RGNoRUFJalhHQkF3\" target=\"_blank\" rel=\"noopener\"><img decoding=\"async\" src=\"https:\/\/lh3.googleusercontent.com\/pw\/AM-JKLVyeMUeqTMlXSpFsV7D4RFOn-XO0mOquhf1aydtXfsUeAWaYKieJv_3CsdJOO3tjpnIGSpsM7_3kvf7HSNSkc1sLCcrSCwJpq3GvuKEZl6egJZRAEPBhp_IRFcFw33dLSBT6Rz0buEPzJeQkvMpl75t=w2000-h1333-no?authuser=0\" width=\"2000\" height=\"1333\" alt=\"Com ora\u00e7\u00f5es para as pessoas ligadas a mim que interpretaram Hitohira Hitohira.\" class=\"size-full\" \/><\/a><figcaption class=\"wp-caption-text\">Com ora\u00e7\u00f5es para as pessoas ligadas a mim que interpretaram Hitohira Hitohira.<\/figcaption><\/figure>\n<h2>Hiroko e Haiku<\/h2>\n<h3>Meu Encontro com o Haicai<\/h3>\n<p>Na d\u00e9cada de 1970, Hiroko foi recomendada a estudar haicai por seu vice-diretor, que era apaixonado por haicai, nas escolas prim\u00e1rias e secund\u00e1rias da regi\u00e3o de Mibaushi, e come\u00e7ou a receber aulas de haicai dele.<\/p>\n<p>&quot;Numa reuni\u00e3o de reconhecimento escolar, a vice-diretora me disse: &#039;As crian\u00e7as crescem observando os pais. Seja o que for que voc\u00ea fa\u00e7a, por que n\u00e3o tenta demonstrar sua disposi\u00e7\u00e3o para aprender \u00e0 sua maneira, como m\u00e3e?&#039; Ent\u00e3o, comecei a aprender haicai com a vice-diretora.&quot;<\/p>\n<p>Naquela \u00e9poca, meu professor foi transferido para Iwamizawa, e eu estava pensando em desistir do haicai, mas ele me incentivou a me juntar \u00e0 Sociedade de Haicai de Hokkaido, filial de Hokuryu, e desde ent\u00e3o continuo praticando\u201d, diz Hiroko.<\/p>\n<figure class=\"wp-caption aligncenter\"><a href=\"https:\/\/photos.google.com\/share\/AF1QipMFLZu8MsJr-ZkwFAiPaCx0tv-RIiJVJ59lPawEVw5jBJR5ZjrlpXDtrTivBXdAdA\/photo\/AF1QipNPho3KJejnP3QRCTrqSNoEI5E8lA0t_XJrVXc?key=SDc5bW1lQ1dYUWZFcFNaWDM5RGNoRUFJalhHQkF3\" target=\"_blank\" rel=\"noopener\"><img decoding=\"async\" src=\"https:\/\/lh3.googleusercontent.com\/pw\/AM-JKLVj2_SCkrXWpzoGUNzYgxBP5J8EDucPn4tWci0qGL4mvjSOQIws_0r-JjARh8mBKx69-pGiidcnrG1r1JJMn0t_mBhRQo-js_etRJAAG2SIRYrJeQG4NqMJYjpGV-LymtI8NULqIkb5MAThaU8bKTxd=w2000-h1333-no?authuser=1\" width=\"2000\" height=\"1333\" alt=\"Hiroko fala sobre seus sentimentos em rela\u00e7\u00e3o aos haicais.\" class=\"size-full\" \/><\/a><figcaption class=\"wp-caption-text\">Hiroko fala sobre seus sentimentos em rela\u00e7\u00e3o aos haicais.<\/figcaption><\/figure>\n<h3>Expressando o cotidiano em forma de haicai.<\/h3>\n<p>Na Sociedade de Haiku de Hokkaido, filial de Hokuryu, os membros se re\u00fanem uma vez por m\u00eas, submetem oito haicais cada um e depois participam de uma sess\u00e3o de cr\u00edtica. \u00c9 um momento divertido, com lanches para saborear.<\/p>\n<p>Durante os coment\u00e1rios, frequentemente percebo que o haicai que considero bom \u00e9 diferente do haicai que todos os outros avaliam.<\/p>\n<p>Depois que voc\u00ea se acostuma, tende a tentar deixar tudo mais interessante usando palavras sazonais complicadas, etc. Mas eu n\u00e3o entendo coisas complicadas, ent\u00e3o escrevo haicais que s\u00e3o honestos com meus sentimentos e descrevem o cotidiano como ele \u00e9.<\/p>\n<p>Acho que o motivo de eu ter conseguido continuar por tanto tempo se deve, em grande parte, \u00e0s conex\u00f5es que fiz com meus companheiros de equipe.&quot;<\/p>\n<h4>Anote todas as ideias que tiver no seu smartphone.<\/h4>\n<p>Hiroko costumava anotar seus pensamentos di\u00e1rios em um caderno, mas agora os anota em seu smartphone.<\/p>\n<h3>Interagindo com muitas pessoas atrav\u00e9s de haicai<\/h3>\n<h4>Participa\u00e7\u00e3o no Gingy\u014dkai<\/h4>\n<p>&quot;Participo de encontros de haicai duas vezes por ano, onde os participantes compartilham seus haicais e interagem uns com os outros. Uma das coisas que mais gosto \u00e9 conhecer pessoas que normalmente n\u00e3o conheceria atrav\u00e9s do haicai.&quot;<\/p>\n<h4>Participa\u00e7\u00e3o no Festival Regional de Artes de Sorachi<\/h4>\n<p>&quot;Participamos do Festival Regional de Artes Locais de Sorachi e interagimos com pessoas de cidades e vilas vizinhas. O Festival Regional de Artes Locais de Sorachi visa promover atividades culturais, incentivando o interc\u00e2mbio entre regi\u00f5es no que diz respeito \u00e0s artes c\u00eanicas e atividades culturais locais. \u00c9 um evento que acontece em sistema de rod\u00edzio entre as cidades e vilas da regi\u00e3o de Sorachi desde 1977 (Showa 52)&quot;, diz Hiroko.<\/p>\n<p>Hiroko n\u00e3o s\u00f3 participa de um c\u00edrculo local de haicai, como tamb\u00e9m de v\u00e1rios encontros de cr\u00edtica liter\u00e1ria, apreciando a oportunidade de se conectar e interagir com muitas pessoas.<\/p>\n<h2>Os pensamentos de Hiroko em seu haicai<\/h2>\n<h3>Pensamentos sobre sua m\u00e3e<\/h3>\n<ul>\n<li><strong>Uma lib\u00e9lula vermelha escolheu pousar no dedo da minha m\u00e3e.<\/strong>(Publicado na primeira colet\u00e2nea de haiku, &quot;A Voz da M\u00e3e&quot;)<\/li>\n<\/ul>\n<p>&quot;Minha m\u00e3e era uma pessoa paciente e inteligente, e mesmo durante o dif\u00edcil per\u00edodo p\u00f3s-guerra, ela continuou cuidando do meu sogro como um membro da fam\u00edlia por sete anos, pelo que recebeu uma homenagem do prefeito por seus bons atos&quot;, diz Hiroko, expressando seus profundos sentimentos por sua m\u00e3e.<\/p>\n<figure class=\"wp-caption aligncenter\"><a href=\"https:\/\/photos.google.com\/share\/AF1QipMFLZu8MsJr-ZkwFAiPaCx0tv-RIiJVJ59lPawEVw5jBJR5ZjrlpXDtrTivBXdAdA\/photo\/AF1QipOtPpQo0LYL5OYh3HfNnFDpCWAtwNFCu27omI8?key=SDc5bW1lQ1dYUWZFcFNaWDM5RGNoRUFJalhHQkF3\" target=\"_blank\" rel=\"noopener\"><img decoding=\"async\" src=\"https:\/\/lh3.googleusercontent.com\/pw\/AM-JKLVHCqy0A3XwqXPzyunINYHtX-n7m8NNSa9PX_dyaE9tsHbtS9yLXRyH_Y9n7S869WRlRhYZtcwJhT0aeRJdiHh6wYCj89Bq1q6jjk7YJpURUXB8Oa06oZ0TQ8z-yYsM4DIFZV6inAHVvLP9aJyMX6bo=w2000-h1333-no?authuser=0\" width=\"2000\" height=\"1333\" alt=\"Uma lib\u00e9lula vermelha escolheu pousar no dedo da minha m\u00e3e.\" class=\"size-full\" \/><\/a><figcaption class=\"wp-caption-text\">Uma lib\u00e9lula vermelha escolheu pousar no dedo da minha m\u00e3e.<\/figcaption><\/figure>\n<h3>Sentimentos pelo marido dela<\/h3>\n<p>A cole\u00e7\u00e3o inclui muitos poemas que expressam os sentimentos de Hiroko por seu marido, Masakazu.<\/p>\n<ul>\n<li><strong>Diante de seu marido honesto, Sugina Tomo<\/strong><\/li>\n<li><strong>Meu marido mede a profundidade da neve no arrozal que vendeu.<\/strong><\/li>\n<li><strong>Um casal que se elogia uma vez por dia e espera pela primavera.<\/strong><\/li>\n<li><strong>Matsuteiri, comprometida com a est\u00e9tica do marido.<\/strong><\/li>\n<li><strong>Meu marido, que permanece em sil\u00eancio, admira a lua cheia.<\/strong><\/li>\n<li><strong>As flores murcharam, e agora estou apaixonada pelo meu marido.<\/strong><\/li>\n<\/ul>\n<h4>Seu marido honesto e meticuloso, Masakazu<\/h4>\n<figure class=\"wp-caption aligncenter\"><a href=\"https:\/\/photos.google.com\/share\/AF1QipMFLZu8MsJr-ZkwFAiPaCx0tv-RIiJVJ59lPawEVw5jBJR5ZjrlpXDtrTivBXdAdA\/photo\/AF1QipP8w8qXLOKKHxTcBO9WY6nLxrM4flMaKpcxGpw?key=SDc5bW1lQ1dYUWZFcFNaWDM5RGNoRUFJalhHQkF3\" target=\"_blank\" rel=\"noopener\"><img decoding=\"async\" src=\"https:\/\/lh3.googleusercontent.com\/pw\/AM-JKLWg2PwGoEzNSixwF4cY5zv-mfUSQN6AGL-i-QtkeZzpKVyYpqntMWYC4H9cg2WAY-XVccpNbDY3SdV1GWMbccQO7S-a6vYhAb4tQIH2i5yAHzOzekpo5zvrnHW7n2i0BSMjPKD9sY7bFKmc60vknyCT=w2000-h1333-no?authuser=0\" width=\"2000\" height=\"1333\" alt=\"Seu marido, Masakazu Yoshio\" class=\"size-full\" \/><\/a><figcaption class=\"wp-caption-text\">Seu marido, Masakazu Yoshio<\/figcaption><\/figure>\n<p>Seu marido, Masakazu, era um homem trabalhador, honesto e meticuloso, muito respeitado, que atuou como diretor e vice-presidente da Cooperativa Agr\u00edcola da Cidade de Hokuryu a partir de 1985. Ap\u00f3s a fus\u00e3o, ele atuou como diretor representante da JA Kitasorachi do Distrito de Hokuryu.<\/p>\n<p>Al\u00e9m disso, embora agora esteja aposentado, ele atuou como presidente do Conselho de Bem-Estar Social da cidade de Hokuryu e presidente do Conselho de Exportadores da Loja de Vendas Diretas de Produtos Agr\u00edcolas e Pecu\u00e1rios da cidade de Hokuryu &quot;Minoritchi Hokuryu&quot;, e continuou a trabalhar arduamente pela cidade.<\/p>\n<h3>Reflex\u00f5es sinceras sobre o dia a dia e pensamentos sobre os netos.<\/h3>\n<ul>\n<li><strong>Gal\u00e1xia de Inverno: Uma pe\u00e7a de um neto com uma \u00fanica fala<\/strong><\/li>\n<\/ul>\n<p>Quando uma av\u00f3 vai assistir \u00e0 pe\u00e7a do neto, ele lhe diz para &quot;prestar bastante aten\u00e7\u00e3o e memorizar&quot;, em resposta \u00e0 sua \u00fanica fala na pe\u00e7a, e a av\u00f3 o procura desesperadamente.<\/p>\n<p>Este poema captura os sentimentos do poeta: &quot;H\u00e1 tantas estrelas no c\u00e9u de inverno, mas meu neto \u00e9 apenas uma delas. Passei dois dias visitando este lugar para encontrar essa \u00fanica linha, e agora estou aqui.&quot;<\/p>\n<ul>\n<li><strong>A voz da rec\u00e9m-casada penetra o tubo, Ogatta<\/strong><\/li>\n<\/ul>\n<p>O poeta ficou muito surpreso ao ouvir sua nora, que n\u00e3o tinha experi\u00eancia em agricultura e geralmente era muito quieta, repreendendo o filho na vizinhan\u00e7a. Ele sentiu que as vozes estavam ainda mais aud\u00edveis porque o arroz tinha acabado de ser colhido.<\/p>\n<ul>\n<li><strong>Com a aproxima\u00e7\u00e3o da primavera, j\u00e1 se ouvem as vozes dos s\u00e1bios.<\/strong><\/li>\n<\/ul>\n<p>Este poema expressa os sentimentos de um av\u00f4 que ouve a voz s\u00e1bia de seu beb\u00ea rec\u00e9m-nascido (neto).<\/p>\n<h3>Posf\u00e1cio da colet\u00e2nea de haicais<\/h3>\n<p>Hiroko Yoshio escreveu no posf\u00e1cio da colet\u00e2nea de haicais:<br \/>\n&quot;Espero que todas as pessoas ligadas a mim que atuaram em Flower Raft Petals permane\u00e7am saud\u00e1veis para sempre...&quot;<\/p>\n<h2>Casais juntos!<\/h2>\n<figure class=\"wp-caption aligncenter\"><a href=\"https:\/\/photos.google.com\/share\/AF1QipMFLZu8MsJr-ZkwFAiPaCx0tv-RIiJVJ59lPawEVw5jBJR5ZjrlpXDtrTivBXdAdA\/photo\/AF1QipN4eO8yucVP_mv55IX59GhbtdBOIzY51cvTteo?key=SDc5bW1lQ1dYUWZFcFNaWDM5RGNoRUFJalhHQkF3\" target=\"_blank\" rel=\"noopener\"><img decoding=\"async\" src=\"https:\/\/lh3.googleusercontent.com\/pw\/AM-JKLVC63zA5VVTstv-gV71QyOUOwwl1QF355Gw61z1g9apsvD5jKEjTW3XbSzRYU691gSV5ozft7DtAqGuIuZtKjt2plGOjZUCPqJs8wNDrkDRH23oaZQkt_eiubP1ipQmrdSqqrvzcDfAmpz7tjtcPqMU=w2000-h1333-no?authuser=0\" width=\"2000\" height=\"1333\" alt=\"Casais juntos!\" class=\"size-full\" \/><\/a><figcaption class=\"wp-caption-text\">Casais juntos!<\/figcaption><\/figure>\n<p>Ela apoiava firmemente seu marido, a quem ele tanto respeitava, e embora ele tamb\u00e9m fosse apoiado por seu marido meticuloso, os dois se apoiavam mutuamente enquanto trilhavam seus caminhos juntos...<\/p>\n<p>Com amor infinito, gratid\u00e3o e ora\u00e7\u00f5es pela vida maravilhosa que voc\u00eas dois levar\u00e3o juntos, enquanto descobrem uma nova luz e vivem uma vida tranquila e sem estresse...<\/p>\n<figure class=\"wp-caption aligncenter\"><a href=\"https:\/\/photos.google.com\/share\/AF1QipMFLZu8MsJr-ZkwFAiPaCx0tv-RIiJVJ59lPawEVw5jBJR5ZjrlpXDtrTivBXdAdA\/photo\/AF1QipNZvmRcFDCdYGEYljWr2e0OJlOiZS50kADE_4U?key=SDc5bW1lQ1dYUWZFcFNaWDM5RGNoRUFJalhHQkF3\" target=\"_blank\" rel=\"noopener\"><img decoding=\"async\" src=\"https:\/\/lh3.googleusercontent.com\/pw\/AM-JKLVB80-WJkQf6UPXUau2Q9Kd3Yf-SOl8FWGu56Ina85HECTq8O9F8EV4OVWHBtbggMGPjFzlDIfCXwJzUElt8K3fQo76h-bdjzsgz2mCxZD3RDdl9Csaiqq7_nrY9fXKcLM5sqG7B3CPIFf1OiNcuQ0m=w2000-h1333-no?authuser=0\" width=\"2000\" height=\"1333\" alt=\"Minhas ora\u00e7\u00f5es v\u00e3o para a cole\u00e7\u00e3o de haicais de Hiroko, &quot;Hanaikada&quot;, que retrata a vida como ela \u00e9.\" class=\"size-full\" \/><\/a><figcaption class=\"wp-caption-text\">Minhas ora\u00e7\u00f5es v\u00e3o para a cole\u00e7\u00e3o de haicais de Hiroko, &quot;Hanaikada&quot;, que retrata a vida como ela \u00e9.<\/figcaption><\/figure>\n<h2>Outras fotos<\/h2>\n<div class=\"img-move\">\n<img decoding=\"async\" src=\"https:\/\/ehokkaido.net\/wp-content\/uploads\/2021\/12\/2021-12-06-11.41.12.png\" style=\"vertical-align:middle;\"> <a href=\"https:\/\/photos.google.com\/share\/AF1QipMFLZu8MsJr-ZkwFAiPaCx0tv-RIiJVJ59lPawEVw5jBJR5ZjrlpXDtrTivBXdAdA?key=SDc5bW1lQ1dYUWZFcFNaWDM5RGNoRUFJalhHQkF3\" target=\"_blank\" rel=\"noopener noreferrer\">Parab\u00e9ns! A cole\u00e7\u00e3o de haicais &quot;Hanaikada&quot; de Hiroko Yoshio ganhou o 42\u00ba Pr\u00eamio Samejima da Hokkaido Haiku Association. Veja 30 fotos aqui &gt;&gt;<\/a><\/div>\n<h2>Artigos e sites relacionados<\/h2>\n\n        <div class=\"site-blogcard-premium\">\n            <div class=\"bc-label-custom\">Artigos relacionados<\/div>\n            <div class=\"bc-flex-container\">\n                <div class=\"bc-main-text\">\n                    <div class=\"bc-title-link-box\">\n                        <a href=\"https:\/\/portal.hokuryu.info\/pt\/15991\/\" target=\"_blank\">https:\/\/portal.hokuryu.info\/15991<\/a>\n                    <\/div>\n                    <div class=\"bc-excerpt-box\">N\u00e3o foi poss\u00edvel recuperar as informa\u00e7\u00f5es da p\u00e1gina.<\/div>\n                <\/div>\n                <div class=\"bc-thumbnail-box\">\n                    <a href=\"https:\/\/portal.hokuryu.info\/pt\/15991\/\" target=\"_blank\">\n                        <div class=\"bc-img-zoom-wrap\">\n                            <img decoding=\"async\" src=\"https:\/\/portal.hokuryu.info\/wp\/wp-content\/uploads\/2026\/02\/20230802DSC06445_1.jpg\" alt=\"https:\/\/portal.hokuryu.info\/15991\">\n                        <\/div>\n                    <\/a>\n                <\/div>\n            <\/div>\n        <\/div>\n\n        <div class=\"site-blogcard-premium\">\n            <div class=\"bc-label-custom\">Artigos relacionados<\/div>\n            <div class=\"bc-flex-container\">\n                <div class=\"bc-main-text\">\n                    <div class=\"bc-title-link-box\">\n                        <a href=\"https:\/\/portal.hokuryu.info\/pt\/topics\/circle\/20140213.html\/\" target=\"_blank\">A &quot;Associa\u00e7\u00e3o de Haiku de Hokkaido, Filial de Hokuryu&quot; comp\u00f5e haiku h\u00e1 meio s\u00e9culo - Portal da Cidade de Hokuryu (Hokkaido) - A Vila dos Girass\u00f3is n\u00ba 1 do Jap\u00e3o<\/a>\n                    <\/div>\n                    <div class=\"bc-excerpt-box\">Apresentamos o &quot;presente&quot; de uma cidade vibrante com 2.100 habitantes e uma taxa de envelhecimento de 401.000.000. Assim como os girass\u00f3is, as fam\u00edlias vivem em harmonia...<\/div>\n                <\/div>\n                <div class=\"bc-thumbnail-box\">\n                    <a href=\"https:\/\/portal.hokuryu.info\/pt\/topics\/circle\/20140213.html\/\" target=\"_blank\">\n                        <div class=\"bc-img-zoom-wrap\">\n                            <img decoding=\"async\" src=\"https:\/\/lh4.googleusercontent.com\/-OlqTlGD23Ag\/UvVqH8NejUI\/AAAAAAABA2k\/SWfFzh0Ak-g\/w581-h871-no\/K5+42865\" alt=\"A &quot;Associa\u00e7\u00e3o de Haiku de Hokkaido, Filial de Hokuryu&quot; comp\u00f5e haiku h\u00e1 meio s\u00e9culo - Portal da Cidade de Hokuryu (Hokkaido) - A Vila dos Girass\u00f3is n\u00ba 1 do Jap\u00e3o\">\n                        <\/div>\n                    <\/a>\n                <\/div>\n            <\/div>\n        <\/div>\n\n        <div class=\"site-blogcard-premium\">\n            <div class=\"bc-label-custom\">Artigos relacionados<\/div>\n            <div class=\"bc-flex-container\">\n                <div class=\"bc-main-text\">\n                    <div class=\"bc-title-link-box\">\n                        <a href=\"https:\/\/portal.hokuryu.info\/pt\/5908\/\" target=\"_blank\">https:\/\/portal.hokuryu.info\/5908<\/a>\n                    <\/div>\n                    <div class=\"bc-excerpt-box\">N\u00e3o foi poss\u00edvel recuperar as informa\u00e7\u00f5es da p\u00e1gina.<\/div>\n                <\/div>\n                <div class=\"bc-thumbnail-box\">\n                    <a href=\"https:\/\/portal.hokuryu.info\/pt\/5908\/\" target=\"_blank\">\n                        <div class=\"bc-img-zoom-wrap\">\n                            <img decoding=\"async\" src=\"https:\/\/portal.hokuryu.info\/wp\/wp-content\/uploads\/2026\/02\/20230802DSC06445_1.jpg\" alt=\"https:\/\/portal.hokuryu.info\/5908\">\n                        <\/div>\n                    <\/a>\n                <\/div>\n            <\/div>\n        <\/div>\n\u3000<\/p>\n<div class=\"img-move\">\n<div class=\"sitecard\">\n<div class=\"sitecard__subtitle\"> Clube de Haiku de Estrada<\/div>\n<div class=\"column column-273\">\n<div class=\"column__item\"><span style=\"font-size:medium\">&quot;O haicai \u00e9 uma express\u00e3o po\u00e9tica da sensibilidade japonesa que se baseia em padr\u00f5es sazonais, valoriza as formas tradicionais e incorpora uma consci\u00eancia moderna da vida em seu conte\u00fado. Cont\u00e9m solenidade, lirismo e realidade em um \u00fanico verso, revelando a ess\u00eancia da vida e oferecendo inspira\u00e7\u00e3o e sugest\u00f5es para o futuro.&quot;<\/span><br \/>\n<span style=\"color: #ff9900;\">\u25b6<\/span> <a href=\"https:\/\/www.douhaikukai.com\/\" target=\"_blank\" rel=\"noopener\"><b style=\"font-size:large\">Para obter mais informa\u00e7\u00f5es sobre o Michi Haiku Club, clique aqui &gt;&gt;<\/b><\/div>\n<div class=\"column__item\"><img decoding=\"async\" src=\"https:\/\/portal.hokuryu.info\/wp\/wp-content\/uploads\/2022\/01\/2022-01-24-6.45.42.png\" alt=\"Clube de Haiku de Estrada\" style=\"border:solid 1px blue\" \/><\/a><\/div>\n<\/div>\n<\/div>\n<div class=\"sitecard\">\n<div class=\"sitecard__subtitle\"> Associa\u00e7\u00e3o de Haiku de Hokkaido<\/div>\n<div class=\"column column-273\">\n<div class=\"column__item\"><span style=\"font-size:medium\">O site apresenta o status de v\u00e1rias associa\u00e7\u00f5es e atividades relacionadas ao haicai, cole\u00e7\u00f5es de haicai e tamb\u00e9m anuncia os concursos de poesia da Associa\u00e7\u00e3o de Haicai de Hokkaido, o Pr\u00eamio da Associa\u00e7\u00e3o de Haicai de Hokkaido e o Pr\u00eamio Samejima, concedido a cole\u00e7\u00f5es de haicai de destaque.<\/span><br \/>\n<span style=\"color: #ff9900;\">\u25b6<\/span> <a href=\"https:\/\/www.dohaikyo.net\/\" target=\"_blank\" rel=\"noopener\"><b style=\"font-size:large\">Para obter mais informa\u00e7\u00f5es sobre a Associa\u00e7\u00e3o de Haiku de Hokkaido, clique aqui &gt;&gt;<\/b><\/div>\n<div class=\"column__item\"><img decoding=\"async\" src=\"https:\/\/portal.hokuryu.info\/wp\/wp-content\/uploads\/2022\/01\/2022-01-24-6.46.34.jpg\" alt=\"Associa\u00e7\u00e3o de Haiku de Hokkaido\" style=\"border:solid 1px blue\" \/><\/a><\/div>\n<\/div>\n<\/div>\n<\/div>\n<p>\u25c7 Fotografia e edi\u00e7\u00e3o: Noboru Terauchi Entrevista e texto: Ikuko Terauchi<\/p>","protected":false},"excerpt":{"rendered":"<p>\uff12\uff10\uff12\uff12\u5e74\uff11\u6708\uff12\uff14\u65e5\uff08\u6708\uff09 \u3053\u306e\u5ea6\u3001\u5317\u7adc\u753a\u7f8e\u8449\u725b\u5728\u4f4f\u3001\u300c\u9053\u4ff3\u53e5\u4f1a\u30fb\u5317\u7adc\u652f\u90e8\u300d\u306e\u4f1a\u54e1\u3067\u3042\u308b\u5409\u5c3e\u5e83\u5b50\u3055\u3093\uff08\uff174\u6b73\uff09\u306e\u53e5\u96c6\u300e\u82b1\u7b4f\uff08\u306f\u306a\u3044\u304b\u3060\uff09\u300f\u304c\u3001\u5317\u6d77\u9053\u4ff3\u53e5\u5354\u4f1a\uff08\u6e90\u9b3c\u5f66 \u4f1a\u9577\uff09\u7b2c\uff14\uff12\u56de\u9bab\u5cf6\u8cde\u3092\u53d7\u8cde\u3055\u308c\u307e\u3057 [&hellip;]<\/p>\n","protected":false},"author":1,"featured_media":16005,"comment_status":"open","ping_status":"open","sticky":false,"template":"","format":"standard","meta":{"footnotes":""},"categories":[4,15],"tags":[],"class_list":["post-16003","post","type-post","status-publish","format-standard","has-post-thumbnail","hentry","category-cover-story","category-hokuryu-townsman"],"_links":{"self":[{"href":"https:\/\/portal.hokuryu.info\/pt\/wp-json\/wp\/v2\/posts\/16003","targetHints":{"allow":["GET"]}}],"collection":[{"href":"https:\/\/portal.hokuryu.info\/pt\/wp-json\/wp\/v2\/posts"}],"about":[{"href":"https:\/\/portal.hokuryu.info\/pt\/wp-json\/wp\/v2\/types\/post"}],"author":[{"embeddable":true,"href":"https:\/\/portal.hokuryu.info\/pt\/wp-json\/wp\/v2\/users\/1"}],"replies":[{"embeddable":true,"href":"https:\/\/portal.hokuryu.info\/pt\/wp-json\/wp\/v2\/comments?post=16003"}],"version-history":[{"count":0,"href":"https:\/\/portal.hokuryu.info\/pt\/wp-json\/wp\/v2\/posts\/16003\/revisions"}],"wp:featuredmedia":[{"embeddable":true,"href":"https:\/\/portal.hokuryu.info\/pt\/wp-json\/wp\/v2\/media\/16005"}],"wp:attachment":[{"href":"https:\/\/portal.hokuryu.info\/pt\/wp-json\/wp\/v2\/media?parent=16003"}],"wp:term":[{"taxonomy":"category","embeddable":true,"href":"https:\/\/portal.hokuryu.info\/pt\/wp-json\/wp\/v2\/categories?post=16003"},{"taxonomy":"post_tag","embeddable":true,"href":"https:\/\/portal.hokuryu.info\/pt\/wp-json\/wp\/v2\/tags?post=16003"}],"curies":[{"name":"wp","href":"https:\/\/api.w.org\/{rel}","templated":true}]}}