{"id":13655,"date":"2021-10-25T06:41:18","date_gmt":"2021-10-24T21:41:18","guid":{"rendered":"https:\/\/portal.hokuryu.info\/?p=13655"},"modified":"2021-10-26T07:17:01","modified_gmt":"2021-10-25T22:17:01","slug":"%e4%b8%8b%e5%b7%9d%e7%94%ba%e3%81%a8%e5%8c%97%e7%ab%9c%e7%94%ba%e3%81%ae%e4%ba%a4%e6%b5%81%e4%bc%9a%ef%bc%88%e6%84%8f%e8%a6%8b%e4%ba%a4%e6%8f%9b%e4%bc%9a%ef%bc%89%e3%81%9d%e3%81%ae2","status":"publish","type":"post","link":"https:\/\/portal.hokuryu.info\/pt\/13655\/","title":{"rendered":"Encontro de Interc\u00e2mbio entre as Cidades de Shimokawa e Hokuryu (Encontro de Troca de Opini\u00f5es) - Parte 2"},"content":{"rendered":"<p>Segunda-feira, 25 de outubro de 2021<\/p>\n<p>\u00c0s 14h, nos reunimos com Kameda Shinji, chefe da Divis\u00e3o de Promo\u00e7\u00e3o de Pol\u00edticas da Prefeitura de Shimokawa, e visitamos o centro de revitaliza\u00e7\u00e3o da cidade &quot;Komorebi&quot;.<\/p>\n<h2>Centro de Revitaliza\u00e7\u00e3o Urbana &quot;Komorebi&quot;<\/h2>\n<p>&quot;Komorebi&quot; \u00e9 um centro de informa\u00e7\u00f5es da cidade que conecta coisas, eventos e pessoas.<\/p>\n<figure class=\"wp-caption aligncenter\"><a href=\"https:\/\/photos.google.com\/share\/AF1QipPBGl-8xkJZnHtVXvg0YYrv8yq6w-belMDEHSh7XnyIbBMnaLTOWkQC58y7lu5FZg\/photo\/AF1QipORuM0PYXX-urzYkwDF3cpa0LgNY79rZvLzw7E?key=cUFfZ1FaTmpJZVlneU0xSWVTOURYcGwzUFBLZGtB\" target=\"_blank\" rel=\"noopener\"><img decoding=\"async\" src=\"https:\/\/lh3.googleusercontent.com\/pw\/AM-JKLWcNE05RY_qvJuQvOyKyFgfWvuHnAwE_ys1YKKBhFBSODkH8_XBkm-qP0ZJOn19Vge9hf3ki53r_o8wE3xS-97zsvzi26n2WNO9t7lRXMIgzsEulHB5GhwizK8J6S_kXJsjSrbMLY0RlIZc4zBccyz5=w2000-h1333-no?authuser=0\" width=\"2000\" height=\"1333\" alt=\"Centro de Revitaliza\u00e7\u00e3o Urbana &quot;Komorebi&quot;\" class=\"size-medium\" \/><\/a><figcaption class=\"wp-caption-text\">Centro de Revitaliza\u00e7\u00e3o Urbana &quot;Komorebi&quot;<\/figcaption><\/figure>\n<h3>Mapa do museu<\/h3>\n<p>As organiza\u00e7\u00f5es inquilinas incluem a Cooperativa Industrial da Cidade Natal de Shimokawa, a Organiza\u00e7\u00e3o de Apoio \u00e0 Revitaliza\u00e7\u00e3o Industrial da Cidade de Shimokawa, o Departamento de Promo\u00e7\u00e3o da Cidade, a ONG Associa\u00e7\u00e3o de Turismo de Shimokawa e a filial de Shimokawa da JA Kitaharuka (localizada ao lado).<\/p>\n<figure class=\"wp-caption aligncenter\"><a href=\"https:\/\/photos.google.com\/share\/AF1QipPBGl-8xkJZnHtVXvg0YYrv8yq6w-belMDEHSh7XnyIbBMnaLTOWkQC58y7lu5FZg\/photo\/AF1QipP5ACPfLfB5PUEFVdUFZr3kuyAoqQMdJQ718NE?key=cUFfZ1FaTmpJZVlneU0xSWVTOURYcGwzUFBLZGtB\" target=\"_blank\" rel=\"noopener\"><img decoding=\"async\" src=\"https:\/\/lh3.googleusercontent.com\/pw\/AM-JKLXQ1xwRyrQTx32cmFaSZibiNWd522h_1IefHBm4_bJJdMsEWn1K4SNNKp2EO_Qijaic54HOThiaMlwNw5SDt_pZwxqiYTolwAJFbwD7rLVnuU6s3LELZLz1P6JvAoYeJDg4KVQJTbEJ5Wv_NkTgZ6dN=w2000-h1333-no?authuser=0\" width=\"2000\" height=\"1333\" alt=\"Mapa do museu\" class=\"size-medium\" \/><\/a><figcaption class=\"wp-caption-text\">Mapa do museu<\/figcaption><\/figure>\n<h3>Centro de Informa\u00e7\u00f5es Tur\u00edsticas<\/h3>\n<figure class=\"wp-caption aligncenter\"><a href=\"https:\/\/photos.google.com\/share\/AF1QipPBGl-8xkJZnHtVXvg0YYrv8yq6w-belMDEHSh7XnyIbBMnaLTOWkQC58y7lu5FZg\/photo\/AF1QipNBIRP1_pSUNogdeDPEhMyWzDGeqV9yq_S21k0?key=cUFfZ1FaTmpJZVlneU0xSWVTOURYcGwzUFBLZGtB\" target=\"_blank\" rel=\"noopener\"><img decoding=\"async\" src=\"https:\/\/lh3.googleusercontent.com\/pw\/AM-JKLXRpI5RHTpOBwWVuUkPeyQKFbEr-g4M4hh-fRjpi1E5IEHwLxJdLtK_fTHPEk8MQ3_nzu8xmo7RMh0JwyiYnspSyysf1e8m5OukkhqJ1hUgcMrRlFMr8mNkpbf_xYv6sAOnqFZPoBVkiocA3zH8n2dM=w2000-h1333-no?authuser=0\" width=\"2000\" height=\"1333\" alt=\"Centro de Informa\u00e7\u00f5es Tur\u00edsticas\" class=\"size-medium\" \/><\/a><figcaption class=\"wp-caption-text\">Centro de Informa\u00e7\u00f5es Tur\u00edsticas<\/figcaption><\/figure>\n<h4>Uma sala de exposi\u00e7\u00f5es para especialidades locais e obras feitas por artes\u00e3os.<\/h4>\n<figure class=\"wp-caption aligncenter\"><a href=\"https:\/\/photos.google.com\/share\/AF1QipPBGl-8xkJZnHtVXvg0YYrv8yq6w-belMDEHSh7XnyIbBMnaLTOWkQC58y7lu5FZg\/photo\/AF1QipMJMPXgvAGGJOxhuHb44bm8ztTo4ht3gYSyblE?key=cUFfZ1FaTmpJZVlneU0xSWVTOURYcGwzUFBLZGtB\" target=\"_blank\" rel=\"noopener\"><img decoding=\"async\" src=\"https:\/\/lh3.googleusercontent.com\/pw\/AM-JKLU9Ti1sXzBt-gFsX-y_bs4uECvM5F9YTZB2QiSrcY553SVSxtVX19dRlpoPIcdHBhex6Bt0rQdhSjT7--A1rFBRJ-LLAlqzg-4I8gZcrvDCcmADZBu-BNLvE0xf95Z1oA-zeleypvVHo5JMdecCYYiq=w2000-h1333-no?authuser=0\" width=\"2000\" height=\"1333\" alt=\"Sala de exposi\u00e7\u00f5es para obras de arte\" class=\"size-medium\" \/><\/a><figcaption class=\"wp-caption-text\">Sala de exposi\u00e7\u00f5es para obras de arte<\/figcaption><\/figure>\n<h2>Cidade de Shimokawa: Rumo a uma comunidade local sustent\u00e1vel - Shimokawa, a Cidade do Futuro dos ODS<\/h2>\n<p>No Escrit\u00f3rio de Planejamento e Desenvolvimento do Edif\u00edcio Komorebi, o Chefe Kameda Shinji, da Divis\u00e3o de Promo\u00e7\u00e3o de Pol\u00edticas do Escrit\u00f3rio de Estrat\u00e9gia de Promo\u00e7\u00e3o dos ODS, fez uma apresenta\u00e7\u00e3o sobre a iniciativa da cidade de Shimokawa, &quot;Rumo \u00e0 concretiza\u00e7\u00e3o de uma comunidade local sustent\u00e1vel - Shimokawa, uma Cidade do Futuro dos ODS&quot;. Aya Kameda, da ONG Associa\u00e7\u00e3o de Turismo de Shimokawa, tamb\u00e9m esteve presente.<\/p>\n<figure class=\"wp-caption aligncenter\"><a href=\"https:\/\/photos.google.com\/share\/AF1QipPBGl-8xkJZnHtVXvg0YYrv8yq6w-belMDEHSh7XnyIbBMnaLTOWkQC58y7lu5FZg\/photo\/AF1QipNT7OnvDdIhQotmH5CIrPU1FlfwM9w3XJO9Zno?key=cUFfZ1FaTmpJZVlneU0xSWVTOURYcGwzUFBLZGtB\" target=\"_blank\" rel=\"noopener\"><img decoding=\"async\" src=\"https:\/\/lh3.googleusercontent.com\/pw\/AM-JKLWvyNkfTO9_7yO0LU75_0PHCoynYmTOpZKVCiulqmJkbzj01y3wFcXNn6Zhh-wlp1H7KtwIlfUlyc_psIzHvvm9vqhkivrCUjAL0VpFFNjEpucfrG1Fg3-0qE6awGZ69fXWhAeCeW7lTLElWHTsThEu=w2000-h1333-no?authuser=0\" width=\"2000\" height=\"1333\" alt=\"Shinji Kameda, Chefe da Divis\u00e3o de Promo\u00e7\u00e3o de Pol\u00edticas Sociais, e Aya Kameda, NPO Shimokawa Tourism Association\" class=\"size-medium\" \/><\/a><figcaption class=\"wp-caption-text\">Shinji Kameda, chefe da Divis\u00e3o de Promo\u00e7\u00e3o de Pol\u00edticas da Prefeitura, e Aya Kameda, da ONG Associa\u00e7\u00e3o de Turismo de Shimokawa.<\/figcaption><\/figure>\n<ol>\n<li>Que tipo de cidade \u00e9 Shimokawa?<\/li>\n<li>Esfor\u00e7os anteriores (at\u00e9 2015)<\/li>\n<li>Iniciativas futuras (a partir de 2016)<\/li>\n<li>Parcerias com diversas entidades<\/li>\n<li>Por que incorporar os ODS?<\/li>\n<\/ol>\n<figure class=\"wp-caption aligncenter\"><a href=\"https:\/\/photos.google.com\/share\/AF1QipPBGl-8xkJZnHtVXvg0YYrv8yq6w-belMDEHSh7XnyIbBMnaLTOWkQC58y7lu5FZg\/photo\/AF1QipN6a4StOTcQMkMNWXJq9e81H1L5kNSazrVJ2jU?key=cUFfZ1FaTmpJZVlneU0xSWVTOURYcGwzUFBLZGtB\" target=\"_blank\" rel=\"noopener\"><img decoding=\"async\" src=\"https:\/\/lh3.googleusercontent.com\/pw\/AM-JKLWeU08OoUtffWrM0EeJACjfomEeqF8X4DMDuc5wYBPvlsQLDRYYXzRqztge-wM7VUxtZGYJD6xDHIETjU5q2q2L15cFs1UMAYsqRJABrZAr_UyiDRtiMjWUnpkNd_QyVtcWdYX-D5LYir5-999N9jUP=w2000-h1333-no?authuser=0\" width=\"2000\" height=\"1333\" alt=\"Em dire\u00e7\u00e3o \u00e0 concretiza\u00e7\u00e3o de uma comunidade local sustent\u00e1vel\" class=\"size-medium\" \/><\/a><figcaption class=\"wp-caption-text\">Em dire\u00e7\u00e3o \u00e0 concretiza\u00e7\u00e3o de uma comunidade local sustent\u00e1vel<\/figcaption><\/figure>\n<h3>Que tipo de cidade \u00e9 Shimokawa?<\/h3>\n<h4>Vis\u00e3o geral da cidade de Shimokawa<\/h4>\n<ul>\n<li>O &quot;Shimokawa\u00edsmo&quot; continua a enfrentar crises e dificuldades.<\/li>\n<li>Em dire\u00e7\u00e3o \u00e0 concretiza\u00e7\u00e3o de uma comunidade local sustent\u00e1vel<\/li>\n<li>Gest\u00e3o florestal baseada na reciclagem<\/li>\n<li>Utiliza\u00e7\u00e3o em cascata dos recursos florestais para aproveitar ao m\u00e1ximo as vantagens da floresta.<\/li>\n<li>Sociedade baseada na floresta: melhoria integrada da economia, da sociedade e do meio ambiente.<\/li>\n<li>Modelo de Vila Biol\u00f3gica de Ichinohashi: Modelo de Cidade Ambiental do Futuro.<br \/>\n\u3000<br \/>\nEm 2009, o distrito de Ichinohashi, na cidade de Shimokawa, era uma pequena vila com uma popula\u00e7\u00e3o de 95 pessoas (51,6% idosas). Em 2010, come\u00e7aram os trabalhos de revitaliza\u00e7\u00e3o da vila, criando uma \u00e1rea residencial autossuficiente em energia para atender \u00e0s necessidades de uma popula\u00e7\u00e3o extremamente idosa.<br \/>\n\u3000<br \/>\nConjunto habitacional constru\u00eddo (26 unidades), sistema de aquecimento, restaurante comunit\u00e1rio, centro comunit\u00e1rio (correios, delegacia de pol\u00edcia, espa\u00e7o comum para moradores, centro de pesquisa para cultivo de produtos florestais especiais, cultivo de mudas em cont\u00eaineres, cultivo de mudas de plantas medicinais, etc.)<\/li>\n<\/ul>\n<figure class=\"wp-caption aligncenter\"><a href=\"https:\/\/photos.google.com\/share\/AF1QipPBGl-8xkJZnHtVXvg0YYrv8yq6w-belMDEHSh7XnyIbBMnaLTOWkQC58y7lu5FZg\/photo\/AF1QipNbpvtQqb9fDRHAhEtRpJsc_82SjyDfQr1L9cw?key=cUFfZ1FaTmpJZVlneU0xSWVTOURYcGwzUFBLZGtB\" target=\"_blank\" rel=\"noopener\"><img decoding=\"async\" src=\"https:\/\/lh3.googleusercontent.com\/pw\/AM-JKLVnAHswbPBEQyQYzmjllV5PGx8YN6s1BKHDKruM1Pb5Tl8bN2Rj1iCMIK5RjLMiOpVtFZUss0RRttKqFihgvhB3C8dyH5DntCmRmNwBCMjpzLz2dR--Kq67Vj6zValHwEjJtST_exeED-IUdSj99uiP=w2000-h1333-no?authuser=0\" width=\"2000\" height=\"1333\" alt=\"Modelo de Vila Biol\u00f3gica de Ichinohashi Modelo de Cidade Ambiental do Futuro\" class=\"size-medium\" \/><\/a><figcaption class=\"wp-caption-text\">Modelo de Vila Biol\u00f3gica de Ichinohashi Modelo de Cidade Ambiental do Futuro<\/figcaption><\/figure>\n<h3>Esfor\u00e7os anteriores (at\u00e9 2015)<\/h3>\n<h4>Criar um novo fluxo de pessoas em dire\u00e7\u00e3o a comunidades sustent\u00e1veis.<\/h4>\n<ul>\n<li>Apresentamos a &quot;Equipe de Coopera\u00e7\u00e3o para a Revitaliza\u00e7\u00e3o Regional&quot;, com o objetivo de revitalizar comunidades marginalizadas.<\/li>\n<li>Atividades: Demoli\u00e7\u00e3o de casas abandonadas, monitoramento de TIC, apoio ao estilo de vida e compras, remo\u00e7\u00e3o de neve, gest\u00e3o de restaurantes locais, cultivo em estufa, venda de pizza em forno a lenha, desenvolvimento de produtos, cultivo de plantas funcionais, conserva\u00e7\u00e3o ambiental, apoio a instala\u00e7\u00f5es de apoio a pessoas com defici\u00eancia, apoio a ONGs de apoio comunit\u00e1rio, gest\u00e3o de instala\u00e7\u00f5es, gest\u00e3o de fontes de \u00e1gua, etc.\n<li>Nos \u00faltimos anos: um marceneiro se mudou para c\u00e1 em 2016, um ex-volunt\u00e1rio de revitaliza\u00e7\u00e3o local abriu uma empresa em 2017 e algu\u00e9m que pretende iniciar um neg\u00f3cio de processamento de carne de veado Ezo se mudou para c\u00e1 em 2018.<\/li>\n<li>A popula\u00e7\u00e3o permanecer\u00e1 praticamente a mesma, mas a popula\u00e7\u00e3o em idade ativa aumentar\u00e1. A taxa de envelhecimento ser\u00e1 reduzida pela metade, passando de 51,6% em 2009 para 25,6% em 2021.<\/li>\n<\/ul>\n<h4>Tend\u00eancias recentes<\/h4>\n<ul>\n<li>Imigrantes ativos: Hupu no Mori Co., Ltd., ONG Forest Life, silvicultura x arte com motosserra, marcenaria<\/li>\n<\/ul>\n<h4>Iniciativas e Resultados<\/h4>\n<ul>\n<li>A cidade de Shimokawa recebe o Pr\u00eamio do Primeiro-Ministro na 1\u00aa edi\u00e7\u00e3o do Pr\u00eamio ODS do Jap\u00e3o, em 2017.<\/li>\n<\/ul>\n<h3>Iniciativas futuras (a partir de 2016)<\/h3>\n<h4>b\u00e1sico<\/h4>\n<ul>\n<li>Visando uma &quot;Shimokawa&quot; sustent\u00e1vel, utilizando e desenvolvendo os recursos locais (recursos florestais, etc.) ao m\u00e1ximo e com a maior efici\u00eancia.<\/li>\n<\/ul>\n<h4>Desenvolvimento regional incorporando os ODS: Expandindo tend\u00eancias positivas e solucionando problemas futuros.<\/h4>\n<ul>\n<li>Vis\u00e3o da cidade de Shimokawa para os ODS de Shimokawa at\u00e9 2030<\/li>\n<\/ul>\n<figure class=\"wp-caption aligncenter\"><a href=\"https:\/\/photos.google.com\/share\/AF1QipPBGl-8xkJZnHtVXvg0YYrv8yq6w-belMDEHSh7XnyIbBMnaLTOWkQC58y7lu5FZg\/photo\/AF1QipPg1AVFEFX901NXOKf7FAlpx8xzm4HDLscNGFY?key=cUFfZ1FaTmpJZVlneU0xSWVTOURYcGwzUFBLZGtB\" target=\"_blank\" rel=\"noopener\"><img decoding=\"async\" src=\"https:\/\/lh3.googleusercontent.com\/pw\/AM-JKLX4FNlAcHM5K01g0QKAGQYIDcjK0l0lPGlzU-Qi1-W--5H7XbOGIVZppeIABJCvOCQhKwruM-nF9BdXL3cvror6m48wHu-CDBlGgRr8omBZ2Dz00JtCKrVjzK884ZTfCZ0CQjeNFg0Aw_YnjXk8yQlc=w2000-h1333-no?authuser=0\" width=\"2000\" height=\"1333\" alt=\"Vis\u00e3o da cidade de Shimokawa para os ODS de Shimokawa at\u00e9 2030\" class=\"size-medium\" \/><\/a><figcaption class=\"wp-caption-text\">Vis\u00e3o da cidade de Shimokawa para os ODS de Shimokawa at\u00e9 2030<\/figcaption><\/figure>\n<h4>6\u00ba Plano Diretor da Cidade de Shimokawa (Plano de Alto N\u00edvel) - Plano de Implementa\u00e7\u00e3o da Vis\u00e3o 2030<\/h4>\n<ol>\n<li>Posicionamento como objetivo de planejamento<\/li>\n<li>Posicionando a Vis\u00e3o 2030 como o futuro<\/li>\n<li>Definir indicadores para o estado desejado<\/li>\n<li>Identificar os ODS relevantes para cada \u00e1rea pol\u00edtica.<\/li>\n<li>O que queremos ser<\/li>\n<li>Iniciativas (empresariais)<\/li>\n<\/ol>\n<h4>Indicador dos ODS de Shimokawa<\/h4>\n<ul>\n<li>Desenvolvido em conjunto pela cidade de Shimokawa, pela Universidade Hosei e pelo Instituto de Estrat\u00e9gias Ambientais Globais (IGES).<\/li>\n<\/ul>\n<figure class=\"wp-caption aligncenter\"><a href=\"https:\/\/photos.google.com\/share\/AF1QipPBGl-8xkJZnHtVXvg0YYrv8yq6w-belMDEHSh7XnyIbBMnaLTOWkQC58y7lu5FZg\/photo\/AF1QipN2twZsgnmXS16S7LY6_KhJf92IiA-_xPhCY1E?key=cUFfZ1FaTmpJZVlneU0xSWVTOURYcGwzUFBLZGtB\" target=\"_blank\" rel=\"noopener\"><img decoding=\"async\" src=\"https:\/\/lh3.googleusercontent.com\/pw\/AM-JKLVG31qB2Z46YW4PF4yWrslk8fpyLTI50FbdYRy7G406q0FKMlytiBo0eIt-G5x1vLiN2dnuvs9sPkQow65GQGPT3zurkqQsqKa09JrIJeTnNJ39RCpBwCXg1s_xUTGH7_1IqUhhM2zT5cu3V1ZRRd42=w2000-h1333-no?authuser=0\" width=\"2000\" height=\"1333\" alt=\"Indicador dos ODS de Shimokawa\" class=\"size-medium\" \/><\/a><figcaption class=\"wp-caption-text\">Indicador dos ODS de Shimokawa<\/figcaption><\/figure>\n<h4>A abordagem de Shimokawa para alcan\u00e7ar os ODS<\/h4>\n<ul>\n<li>Economia: Criando uma economia circular<\/li>\n<li>Sociedade: Criando uma cidade sustent\u00e1vel<\/li>\n<li>Meio ambiente: Criando uma sociedade descarbonizada<\/li>\n<\/ul>\n<h3>Parcerias com diversas entidades<\/h3>\n<h4>Movimentos resultantes da ado\u00e7\u00e3o dos ODS<\/h4>\n<figure class=\"wp-caption aligncenter\"><a href=\"https:\/\/photos.google.com\/share\/AF1QipPBGl-8xkJZnHtVXvg0YYrv8yq6w-belMDEHSh7XnyIbBMnaLTOWkQC58y7lu5FZg\/photo\/AF1QipMRafdYQk3X4BHaIyc4FaDWDvzvHHA1jxQ_sTo?key=cUFfZ1FaTmpJZVlneU0xSWVTOURYcGwzUFBLZGtB\" target=\"_blank\" rel=\"noopener\"><img decoding=\"async\" src=\"https:\/\/lh3.googleusercontent.com\/pw\/AM-JKLU6rvpaFEwQIIqYB_VjcT0R8llJUZ3dIs4N0ycLyLD8gBatGW62DDM1P0C7pxv-GEgXRyS3NWZo7nfDIZB9c81D6VD4lgtwtaEYfoJEaeUQNKpDUbHLFlXFxMX0z2EX4aLTcPtjIPip9-kUvQuAO22o=w2000-h1333-no?authuser=0\" width=\"2000\" height=\"1333\" alt=\"Movimentos resultantes da ado\u00e7\u00e3o dos ODS\" class=\"size-medium\" \/><\/a><figcaption class=\"wp-caption-text\">Movimentos resultantes da ado\u00e7\u00e3o dos ODS<\/figcaption><\/figure>\n<h4>Parcerias regionais<\/h4>\n<ul>\n<li>Um grupo de residentes volunt\u00e1rios que est\u00e1 refletindo sobre como concretizar seu estado ideal.<\/li>\n<li>Workshop para discutir o futuro de Shimokawa<\/li>\n<li>Rede de Vida Shimokawa (empoderamento feminino e uma sociedade solid\u00e1ria)<\/li>\n<li>Cria\u00e7\u00e3o do mapa dos ODS de Shimokawa<\/li>\n<\/ul>\n<h4>Parceria fora da regi\u00e3o<\/h4>\n<ul>\n<li>Uma rela\u00e7\u00e3o de cocria\u00e7\u00e3o mutuamente complementar e de apoio.<\/li>\n<li>Mitsui Fudosan, Yoshimoto Kogyo, BP Jap\u00e3o, Unilever Jap\u00e3o, Tokyo Tatemono, Instituto de Estrat\u00e9gias Ambientais Globais, Universidade Hosei, Cidade de Yokohama e Cidade de Sapporo<\/li>\n<\/ul>\n<h4>Yoshimoto Kogyo Co., Ltd. Desenvolvendo conex\u00f5es por meio dos ODS (Objetivos de Desenvolvimento Sustent\u00e1vel)<\/h4>\n<ul>\n<li>1\u00ba Pr\u00eamio ODS do Jap\u00e3o de 2017:<br \/>\nA cidade de Shimokawa recebeu o Pr\u00eamio do Primeiro-Ministro, e a Yoshimoto Kogyo Co., Ltd. recebeu o Pr\u00eamio de Parceria!<\/li>\n<p>\u3000<\/p>\n<li>Criar um bom exemplo de colabora\u00e7\u00e3o com os ODS atrav\u00e9s das &quot;artes locais&quot; e das &quot;artes do entretenimento&quot;.<\/li>\n<li>projeto&quot;<a href=\"http:\/\/shimokawa-inc.com\/\" rel=\"noopener\" target=\"_blank\">Cidade Co. de Shimokawa, Ltd.<\/a>&quot;foi fundada!<\/li>\n<li>O poder do riso foi usado para revitalizar a comunidade, espalhando sorrisos em Shimokawa e concretizando a produ\u00e7\u00e3o e apresenta\u00e7\u00e3o de &quot;Com\u00e9dia na Floresta de Shimokawa&quot; (apresentada em 12 de outubro de 2019), criada por todos os moradores.<\/li>\n<li>Para promover o charme de Shimokawa, o filme &quot;Restart&quot;, dirigido por Hiroshi Shinagawa, foi produzido e ambientado na cidade de Shimokawa (lan\u00e7ado em todo o pa\u00eds em 16 de julho de 2021).<\/li>\n<li>Quadrinhos de quatro quadros de Akira Ishida &quot;Tomato Manzai Artist Shimokawa Haruka Eight&quot;<\/li>\n<\/ul>\n<figure class=\"wp-caption aligncenter\"><a href=\"https:\/\/photos.google.com\/share\/AF1QipPBGl-8xkJZnHtVXvg0YYrv8yq6w-belMDEHSh7XnyIbBMnaLTOWkQC58y7lu5FZg\/photo\/AF1QipPraqWeg8huxY4Af2ULvvC4qHq-hTy4hxK-j74?key=cUFfZ1FaTmpJZVlneU0xSWVTOURYcGwzUFBLZGtB\" target=\"_blank\" rel=\"noopener\"><img decoding=\"async\" src=\"https:\/\/lh3.googleusercontent.com\/pw\/AM-JKLX8pU5HgL3zWjxbJhhSv5pQVjpff5giHzYLftXRfTC5dBMo7ShPH4L5Zq86FVPVU7S8imwDQ2Hdh1QO9kYU-D_gF6A2Z-vAG1E2pm_U8T590iRkTIirb6ZPDAJ38dm5Cz1lypWi-H-YhAtt8EXQWjy7=w2000-h1333-no?authuser=0\" width=\"2000\" height=\"1333\" alt=\"Yoshimoto Kogyo Co., Ltd. Desenvolvendo conex\u00f5es por meio dos ODS (Objetivos de Desenvolvimento Sustent\u00e1vel)\" class=\"size-medium\" \/><\/a><figcaption class=\"wp-caption-text\">Yoshimoto Kogyo Co., Ltd. Desenvolvendo conex\u00f5es por meio dos ODS (Objetivos de Desenvolvimento Sustent\u00e1vel)<\/figcaption><\/figure>\n<h3>Por que incorporar os ODS?<\/h3>\n<ul>\n<li>Utilizando os ODS como ferramenta para o desenvolvimento urbano e a revitaliza\u00e7\u00e3o regional para concretizar uma Shimokawa sustent\u00e1vel.<\/li>\n<li>Divulgar os estudos de caso e modelos de Shimokawa a n\u00edvel nacional e internacional, contribuindo para a concretiza\u00e7\u00e3o dos ODS.<\/li>\n<\/ul>\n<h4>Adotar os ODS para tornar Shimokawa uma cidade sustent\u00e1vel (2016-2021)<\/h4>\n<ol>\n<li><b>Lista de verifica\u00e7\u00e3o:<\/b>Descubra novas quest\u00f5es e obtenha novas perspectivas ao reexaminar a regi\u00e3o por meio dos 17 objetivos.<\/li>\n<li><b>Retrospectiva:<\/b>Analisaremos o presente a partir da perspectiva do futuro (vis\u00e3o de futuro) e implementaremos um desenvolvimento urbano de alta qualidade, tomando medidas para concretizar essa vis\u00e3o.<\/li>\n<li><b>Identidade visual:<\/b>Comunicar vis\u00f5es e iniciativas atrav\u00e9s da estrutura dos ODS levar\u00e1 a melhorias na marca e na apresenta\u00e7\u00e3o.<\/li>\n<li><b>parceria:<\/b>Conhecer diversas pessoas e colaborar para criar novos desenvolvimentos.<\/li>\n<\/ol>\n<p><b style=\"font-size:large\">&quot;Desafio Shimokawa&quot; conecta pessoas e natureza ao Mii<br \/>\nShimokawa: Uma cidade que continua a enfrentar desafios atrav\u00e9s da cocria\u00e7\u00e3o com pessoas diversas.<\/b><\/p>\n<figure class=\"wp-caption aligncenter\"><a href=\"https:\/\/photos.google.com\/share\/AF1QipPBGl-8xkJZnHtVXvg0YYrv8yq6w-belMDEHSh7XnyIbBMnaLTOWkQC58y7lu5FZg\/photo\/AF1QipMRvPlxBOWEb2N6HS7Dc6_s9dM_yXK9ke6w6Nw?key=cUFfZ1FaTmpJZVlneU0xSWVTOURYcGwzUFBLZGtB\" target=\"_blank\" rel=\"noopener\"><img decoding=\"async\" src=\"https:\/\/lh3.googleusercontent.com\/pw\/AM-JKLWom9YE-KA0wmiTFA_d9UkW_ql3-3M9LQ6VBmRzG2QUBcBnEaFVFJLQHlkyjCJnPx5jPj7cmazHvVfl8eEysB7aQktnk76me2H16Bi_gOrn4esLPNSUc74KZkXVc_1ml3Zrw-IJa3rfm_gwe-Frmp-g=w2000-h1333-no?authuser=0\" width=\"2000\" height=\"1333\" alt=\"Por que incorporar os ODS?\" class=\"size-medium\" \/><\/a><figcaption class=\"wp-caption-text\">Por que incorporar os ODS?<\/figcaption><\/figure>\n<p>Obrigado por compartilhar tantas hist\u00f3rias maravilhosas que demonstram a paix\u00e3o da cidade de Shimokawa em sua busca cont\u00ednua por uma comunidade local sustent\u00e1vel.<\/p>\n<figure class=\"wp-caption aligncenter\"><a href=\"https:\/\/photos.google.com\/share\/AF1QipPBGl-8xkJZnHtVXvg0YYrv8yq6w-belMDEHSh7XnyIbBMnaLTOWkQC58y7lu5FZg\/photo\/AF1QipN8GbZXa_If91SyDGM5lBusI3GgeFcfVo0hX5I?key=cUFfZ1FaTmpJZVlneU0xSWVTOURYcGwzUFBLZGtB\" target=\"_blank\" rel=\"noopener\"><img decoding=\"async\" src=\"https:\/\/lh3.googleusercontent.com\/pw\/AM-JKLVs56Ms4ySPH5C14Bb3cdRu8KCLtePtQUVaEWjfiRRJU4J_4xhgyVwTEp1Jpqij5yIAGZpilrR1_o2KsKkgzUM9irpHwr5nQ3t4qFEgNeVt3rh7rbnWf9URj_71TlsrdmZ4yBAumL2tVGYFVmgybiZJ=w960-h720-no?authuser=0\" width=\"960\" height=\"720\" alt=\"Sobre a iniciativa Cidade do Futuro dos ODS Shimokawa!\" class=\"size-medium\" \/><\/a><figcaption class=\"wp-caption-text\">Sobre a iniciativa Cidade do Futuro dos ODS Shimokawa!<\/figcaption><\/figure>\n<p>Vista do p\u00e1tio do centro de desenvolvimento urbano &quot;Komorebi&quot;, um espa\u00e7o onde as informa\u00e7\u00f5es da cidade s\u00e3o reunidas e conectadas.<\/p>\n<figure class=\"wp-caption aligncenter\"><a href=\"https:\/\/photos.google.com\/share\/AF1QipPBGl-8xkJZnHtVXvg0YYrv8yq6w-belMDEHSh7XnyIbBMnaLTOWkQC58y7lu5FZg\/photo\/AF1QipMngvoopmVD6mCB5PWOFYdmFFS9uIZ2lCQOZ9M?key=cUFfZ1FaTmpJZVlneU0xSWVTOURYcGwzUFBLZGtB\" target=\"_blank\" rel=\"noopener\"><img decoding=\"async\" src=\"https:\/\/lh3.googleusercontent.com\/pw\/AM-JKLUCmelgfM1mJ-7xbskPLjozWTE9gR_TJvVUTF_UN_-NGWgRz-GZICDnwPPAzqr7b5JhIs5FP8iDYow-x0CwtiItaZSEVVXhBFhOYOVdo2MQMQ1qUDvuUupSTlWiNnidACmLBRMV311VJIsUg-jay9wb=w2000-h1333-no?authuser=0\" width=\"2000\" height=\"1333\" alt=\"Vista do p\u00e1tio do Centro de Desenvolvimento Comunit\u00e1rio de Komorebi...\" class=\"size-medium\" \/><\/a><figcaption class=\"wp-caption-text\">Vista do p\u00e1tio do Centro de Desenvolvimento Comunit\u00e1rio de Komorebi...<\/figcaption><\/figure>\n<h2>Aldeia Biol\u00f3gica de Ichinohashi<\/h2>\n<p>Ap\u00f3s a reuni\u00e3o informativa, seguimos para a Vila Biol\u00f3gica de Ichinohashi.<\/p>\n<h3>Complexo Habitacional Ichinohashi<\/h3>\n<p>Ichinohashi Bio Village \u00e9 uma \u00e1rea residencial autossuficiente em energia, criada como resposta ao r\u00e1pido envelhecimento da sociedade.<\/p>\n<p>O complexo habitacional coletivo \u00e9 composto por 22 casas interligadas por um corredor externo no estilo de casas geminadas. As unidades variam de 1 quarto, sala e cozinha (1LDK) a 3 quartos, sala e cozinha (3LDK), e toda a \u00e1gua quente e o aquecimento das casas s\u00e3o fornecidos por uma caldeira de biomassa a lenha.<\/p>\n<h3>Centro Habitacional de Ichinohashi <\/h3>\n<p>O edif\u00edcio do Centro Habitacional Ichinohashi abriga uma ag\u00eancia dos correios, uma delegacia de pol\u00edcia e um espa\u00e7o compartilhado para os moradores.<\/p>\n<figure class=\"wp-caption aligncenter\"><a href=\"https:\/\/photos.google.com\/share\/AF1QipPBGl-8xkJZnHtVXvg0YYrv8yq6w-belMDEHSh7XnyIbBMnaLTOWkQC58y7lu5FZg\/photo\/AF1QipOpLm04m3DYeJM5lOp6epyIeZLF_7PkRU4Lh-w?key=cUFfZ1FaTmpJZVlneU0xSWVTOURYcGwzUFBLZGtB\" target=\"_blank\" rel=\"noopener\"><img decoding=\"async\" src=\"https:\/\/lh3.googleusercontent.com\/pw\/AM-JKLU5TsWuESagLrbKu6Fy_8Cb3lzRb7MpRUiw9fi2Wdi_j9idIUQLWKysZgJVKUwk_9lAubH5xP4ueu61MQSKAebE9wQsHPcmxkAUD1PsoOxaK10inP2ZI4hrj2y1-ciHo09BNbtELkbxIdcaj4CKl-tx=w2000-h1333-no?authuser=0\" width=\"2000\" height=\"1333\" alt=\"Centro Habitacional de Ichinohashi\" class=\"size-medium\" \/><\/a><figcaption class=\"wp-caption-text\">Centro Habitacional de Ichinohashi<\/figcaption><\/figure>\n<p>Dentro do centro habitacional, o chefe Kameda explica a regi\u00e3o enquanto observa um mapa que mostra como era a cidade em seu auge.<\/p>\n<figure class=\"wp-caption aligncenter\"><a href=\"https:\/\/photos.google.com\/share\/AF1QipPBGl-8xkJZnHtVXvg0YYrv8yq6w-belMDEHSh7XnyIbBMnaLTOWkQC58y7lu5FZg\/photo\/AF1QipOhTteWApTMmzXDkZQNJAzNgape1BkYTb-xdQg?key=cUFfZ1FaTmpJZVlneU0xSWVTOURYcGwzUFBLZGtB\" target=\"_blank\" rel=\"noopener\"><img decoding=\"async\" src=\"https:\/\/lh3.googleusercontent.com\/pw\/AM-JKLXZqWqQSlypxT29ZuVhOG3WGXSxFOs1opKpK9ikjeJuH0Xov74akwfoHF_n1nOw0ZHyVc5gLSlTBRwBhF8WiHlWZIg3vb1cATjua5tEv-_7XbyUXU6_-EfpjDrB8QTU9PJslZblivqIz1jVu_v8mMrW=w2000-h1333-no?authuser=0\" width=\"2000\" height=\"1333\" alt=\"O chefe Kameda dando explica\u00e7\u00f5es no Centro de Habita\u00e7\u00e3o.\" class=\"size-medium\" \/><\/a><figcaption class=\"wp-caption-text\">O chefe Kameda dando explica\u00e7\u00f5es no Centro de Habita\u00e7\u00e3o.<\/figcaption><\/figure>\n<h3>\u00c1rea residencial de Ichinohashi<\/h3>\n<h4>Plano geral de layout<\/h4>\n<figure class=\"wp-caption aligncenter\"><a href=\"https:\/\/photos.google.com\/share\/AF1QipPBGl-8xkJZnHtVXvg0YYrv8yq6w-belMDEHSh7XnyIbBMnaLTOWkQC58y7lu5FZg\/photo\/AF1QipN5a4VimWbljhc6qgRcEIm-YivscTshs_Mn1WI?key=cUFfZ1FaTmpJZVlneU0xSWVTOURYcGwzUFBLZGtB\" target=\"_blank\" rel=\"noopener\"><img decoding=\"async\" src=\"https:\/\/lh3.googleusercontent.com\/pw\/AM-JKLVVGVwm4BAKNuIfNJ5jZfitoqoCa_K3GyJUGQhjJUkysYmUqniLEnd7uS0wpQlCEPzWV9rh9SJhMa0C1vlTGNBAYDL-xaUB38wua2c94qYr6UOt20G5YcVyoLqv_OEPIk36aL-vcv9HsgMmxcU5HKVX=w2000-h1333-no?authuser=0\" width=\"2000\" height=\"1333\" alt=\"Plano geral de implanta\u00e7\u00e3o da \u00e1rea residencial de Ichinohashi\" class=\"size-medium\" \/><\/a><figcaption class=\"wp-caption-text\">Plano geral de implanta\u00e7\u00e3o da \u00e1rea residencial de Ichinohashi<\/figcaption><\/figure>\n<h4>Layout habitacional concentrado<\/h4>\n<p>Planta do complexo habitacional coletivo conectado ao centro de habita\u00e7\u00e3o por um corredor.<\/p>\n<figure class=\"wp-caption aligncenter\"><a href=\"https:\/\/photos.google.com\/share\/AF1QipPBGl-8xkJZnHtVXvg0YYrv8yq6w-belMDEHSh7XnyIbBMnaLTOWkQC58y7lu5FZg\/photo\/AF1QipPT7yfM2BqEw_gIYH7Fxuz4Pmft2qWY_k6n970?key=cUFfZ1FaTmpJZVlneU0xSWVTOURYcGwzUFBLZGtB\" target=\"_blank\" rel=\"noopener\"><img decoding=\"async\" src=\"https:\/\/lh3.googleusercontent.com\/pw\/AM-JKLWQjVUhlzlQG0jswJcFQNeDb7PhuRbf9Ge6ppaTf2FDmw1KJlxKoAE0S4ULbHtjzSuTdDfnxqOagF9vY7awu5WN80Tc-wRTBpl4Zuw3OPczx52ZmPu4w5_zAaoosabn3pQEQP9ibfUnoXVTkyZDZNrN=w2000-h1333-no?authuser=0\" width=\"2000\" height=\"1333\" alt=\"Layout habitacional concentrado\" class=\"size-medium\" \/><\/a><figcaption class=\"wp-caption-text\">Layout habitacional concentrado<\/figcaption><\/figure>\n<h4>Corredores dentro e fora de edif\u00edcios residenciais<\/h4>\n<figure class=\"wp-caption aligncenter\"><a href=\"https:\/\/photos.google.com\/share\/AF1QipPBGl-8xkJZnHtVXvg0YYrv8yq6w-belMDEHSh7XnyIbBMnaLTOWkQC58y7lu5FZg\/photo\/AF1QipNV5szLjoWYblmXe5Qg7__y4RkaW45VU4pvbkY?key=cUFfZ1FaTmpJZVlneU0xSWVTOURYcGwzUFBLZGtB\" target=\"_blank\" rel=\"noopener\"><img decoding=\"async\" src=\"https:\/\/lh3.googleusercontent.com\/pw\/AM-JKLUOhDFFK_mp-P8gbKeSEdbynkbbd7D2c1j_RgrAcVAeub8KyRHi4TefDqFsRLGCv8taL6YTr-OVl4sAwS4WGUI_EnWJx1K-pJPvSVA5GOo1k4elQPdbfqAZWwn5e1Yl1mwo4BHoy5LTba1Ujas57bE7=w2000-h1333-no?authuser=0\" width=\"2000\" height=\"1333\" alt=\"Corredores dentro e fora de edif\u00edcios residenciais\" class=\"size-medium\" \/><\/a><figcaption class=\"wp-caption-text\">Corredores dentro e fora de edif\u00edcios residenciais<\/figcaption><\/figure>\n<h4>Um complexo residencial rodeado de vegeta\u00e7\u00e3o e com v\u00e1rios caminhos pedonais.<\/h4>\n<figure class=\"wp-caption aligncenter\"><a href=\"https:\/\/photos.google.com\/share\/AF1QipPBGl-8xkJZnHtVXvg0YYrv8yq6w-belMDEHSh7XnyIbBMnaLTOWkQC58y7lu5FZg\/photo\/AF1QipO6eE0t7LQZeXNrh3gDi3YJI_xW7Yy7wMl3xoA?key=cUFfZ1FaTmpJZVlneU0xSWVTOURYcGwzUFBLZGtB\" target=\"_blank\" rel=\"noopener\"><img decoding=\"async\" src=\"https:\/\/lh3.googleusercontent.com\/pw\/AM-JKLXu_ze4lNCJ7uheRp6qD2VTP9NBjLbJ7sMMGgHbPftXweiVEH6ZB8WbM3uey0gOcFisfbANwLqgtFjXvE1UaJU06ph5dXj63HLkqMEiwQ2PEmKZct4DyIFC0m-kD3rUrkuFBo1CJkbxmStuUIKdZ8RV=w2000-h1333-no?authuser=0\" width=\"2000\" height=\"1333\" alt=\"Um complexo residencial rodeado de vegeta\u00e7\u00e3o e com v\u00e1rios caminhos pedonais.\" class=\"size-medium\" \/><\/a><figcaption class=\"wp-caption-text\">Um complexo residencial rodeado de vegeta\u00e7\u00e3o e com v\u00e1rios caminhos pedonais.<\/figcaption><\/figure>\n<h3>Cafeteria local (Caf\u00e9 da Esta\u00e7\u00e3o Ichinohashi)<\/h3>\n<figure class=\"wp-caption aligncenter\"><a href=\"https:\/\/photos.google.com\/share\/AF1QipPBGl-8xkJZnHtVXvg0YYrv8yq6w-belMDEHSh7XnyIbBMnaLTOWkQC58y7lu5FZg\/photo\/AF1QipOEgPaj_oL-_nmBQ-0cEoBSNbe3UtPK7khCm6I?key=cUFfZ1FaTmpJZVlneU0xSWVTOURYcGwzUFBLZGtB\" target=\"_blank\" rel=\"noopener\"><img decoding=\"async\" src=\"https:\/\/lh3.googleusercontent.com\/pw\/AM-JKLUHhlSCwUFmcC5tvxWZCJI8Jv90-nHJhwO0YnoJX5j311m_J7ppFY_y0bRVvqRuU9Hao8HGl_CFdwxcNbUp8RjbXSXmpra8_-M1q5EGN6yQ7_EPI06i_58q5gnNwClTLWoKmgKLJzZrIuAYukMAk05x=w2000-h1333-no?authuser=0\" width=\"2000\" height=\"1333\" alt=\"Cafeteria local (Caf\u00e9 da Esta\u00e7\u00e3o Ichinohashi)\" class=\"size-medium\" \/><\/a><figcaption class=\"wp-caption-text\">Cafeteria local (Caf\u00e9 da Esta\u00e7\u00e3o Ichinohashi)<\/figcaption><\/figure>\n<h3>Sistema de Fornecimento de Calor Urbano do Distrito de Ichinohashi<\/h3>\n<figure class=\"wp-caption aligncenter\"><a href=\"https:\/\/photos.google.com\/share\/AF1QipPBGl-8xkJZnHtVXvg0YYrv8yq6w-belMDEHSh7XnyIbBMnaLTOWkQC58y7lu5FZg\/photo\/AF1QipOXRW5BdoNYnz0_F3HUsqeRbdsibPsulwGepKM?key=cUFfZ1FaTmpJZVlneU0xSWVTOURYcGwzUFBLZGtB\" target=\"_blank\" rel=\"noopener\"><img decoding=\"async\" src=\"https:\/\/lh3.googleusercontent.com\/pw\/AM-JKLVQzyh6xS74m4QJu-wlqcOMDT_uwt17Z6s-28QfqSyLgucrlM8WrTvFRgn4PQJrSFDUQQphXNQoUsqnvByEf1pa7Deci2fIdTITOYtQE-GFuegDuJQs7HyE7_zpPhjw6Y38jhSX2juMjbbd_ejBxAfE=w2000-h1333-no?authuser=0\" width=\"2000\" height=\"1333\" alt=\"Sistema de Fornecimento de Calor Urbano do Distrito de Ichinohashi\" class=\"size-medium\" \/><\/a><figcaption class=\"wp-caption-text\">Sistema de Fornecimento de Calor Urbano do Distrito de Ichinohashi<\/figcaption><\/figure>\n<h4>Silo de lenha (lascas brutas)<\/h4>\n<figure class=\"wp-caption aligncenter\"><a href=\"https:\/\/photos.google.com\/share\/AF1QipPBGl-8xkJZnHtVXvg0YYrv8yq6w-belMDEHSh7XnyIbBMnaLTOWkQC58y7lu5FZg\/photo\/AF1QipNpL1wKPdp9n_nbB68vN4TRjaRhHMfYwTQynGE?key=cUFfZ1FaTmpJZVlneU0xSWVTOURYcGwzUFBLZGtB\" target=\"_blank\" rel=\"noopener\"><img decoding=\"async\" src=\"https:\/\/lh3.googleusercontent.com\/pw\/AM-JKLUF6aa1SQJ3lOr4sXOcugbErqEYCPOhIZ3WsYTmPayrstPSwuY34BzEEVk-rgv6SRwz3aR0qmGqH-N8cmFCavOd9WZZlrAtNBUQ04LtfADQ82E2Ril5kPNyswwpzaP6u5WY1mMbw9JPHagIwrq8U5AL=w2000-h1333-no?authuser=0\" width=\"2000\" height=\"1333\" alt=\"Silo de lenha (lascas brutas)\" class=\"size-medium\" \/><\/a><figcaption class=\"wp-caption-text\">Silo de lenha (lascas brutas)<\/figcaption><\/figure>\n<h4>Caldeira de biomassa de madeira (caldeira de \u00e1gua quente a partir de cavacos de madeira bruta)<\/h4>\n<figure class=\"wp-caption aligncenter\"><a href=\"https:\/\/photos.google.com\/share\/AF1QipPBGl-8xkJZnHtVXvg0YYrv8yq6w-belMDEHSh7XnyIbBMnaLTOWkQC58y7lu5FZg\/photo\/AF1QipMFPgd32ODECPbWEV5J2g8pOMDA4OJOK2oayG8?key=cUFfZ1FaTmpJZVlneU0xSWVTOURYcGwzUFBLZGtB\" target=\"_blank\" rel=\"noopener\"><img decoding=\"async\" src=\"https:\/\/lh3.googleusercontent.com\/pw\/AM-JKLV-d6R5hrC0SYDtyDOWZ2VxtkmuTYNkpleYBuJIHLrfLMDfSh7Seud0iyZ5d47qMqXX_rij9NviaPBY8IUBhet5Ed1FxrNlwHQswtNAxg20dQjPE7qaAalc9H08tNltXLY3Mt2LJAU32IE1-ouMApg5=w2000-h1333-no?authuser=0\" width=\"2000\" height=\"1333\" alt=\"Caldeira de biomassa de madeira (caldeira de \u00e1gua quente a partir de cavacos de madeira bruta)\" class=\"size-medium\" \/><\/a><figcaption class=\"wp-caption-text\">Caldeira de biomassa de madeira (caldeira de \u00e1gua quente a partir de cavacos de madeira bruta)<\/figcaption><\/figure>\n<h4>Dispositivo de controle<\/h4>\n<figure class=\"wp-caption aligncenter\"><a href=\"https:\/\/photos.google.com\/share\/AF1QipPBGl-8xkJZnHtVXvg0YYrv8yq6w-belMDEHSh7XnyIbBMnaLTOWkQC58y7lu5FZg\/photo\/AF1QipOEaWZiSEcvxQC2WahVragajMy-OomzoV8Bs8c?key=cUFfZ1FaTmpJZVlneU0xSWVTOURYcGwzUFBLZGtB\" target=\"_blank\" rel=\"noopener\"><img decoding=\"async\" src=\"https:\/\/lh3.googleusercontent.com\/pw\/AM-JKLXE2WhKyn80v9mpz3f_gds6fpOSnt8cZLR2DuMyJ5-ErUO7ThrpD02LE9-MMEcM0lfpVzBentlyjwvLpOHrwgrzZCIfLmX4IBF21QUZ3DULODJwQUwXExJgZkoNEqw7SIBdsdvqk7TzkCL6JE_zy2hB=w2000-h1333-no?authuser=0\" width=\"2000\" height=\"1333\" alt=\"Dispositivo de controle\" class=\"size-medium\" \/><\/a><figcaption class=\"wp-caption-text\">Dispositivo de controle<\/figcaption><\/figure>\n<h4>Tubula\u00e7\u00e3o de \u00e1gua quente<\/h4>\n<figure class=\"wp-caption aligncenter\"><a href=\"https:\/\/photos.google.com\/share\/AF1QipPBGl-8xkJZnHtVXvg0YYrv8yq6w-belMDEHSh7XnyIbBMnaLTOWkQC58y7lu5FZg\/photo\/AF1QipOlLNa7zo5l1d48cX6m8nkGFfCq6Hu41zZoEG8?key=cUFfZ1FaTmpJZVlneU0xSWVTOURYcGwzUFBLZGtB\" target=\"_blank\" rel=\"noopener\"><img decoding=\"async\" src=\"https:\/\/lh3.googleusercontent.com\/pw\/AM-JKLWYOdl4kx9spMvBhH_utbllB5YIbzjv610SHN43On8SWa-RUTM39fziXIJFJOS4KIs10odoX_TO6FpqOMzWo3GfP6Mi_MpFKsyaD9sTb5mytPHfP79_PkIboJg7JeDAsJqneZubpkqOiUg3oJcioYDD=w2000-h1333-no?authuser=0\" width=\"2000\" height=\"1333\" alt=\"Tubula\u00e7\u00e3o de \u00e1gua quente\" class=\"size-medium\" \/><\/a><figcaption class=\"wp-caption-text\">Tubula\u00e7\u00e3o de \u00e1gua quente<\/figcaption><\/figure>\n<h4>Caldeira de biomassa de madeira<\/h4>\n<p>O chefe Kameda explica.<\/p>\n<figure class=\"wp-caption aligncenter\"><a href=\"https:\/\/photos.google.com\/share\/AF1QipPBGl-8xkJZnHtVXvg0YYrv8yq6w-belMDEHSh7XnyIbBMnaLTOWkQC58y7lu5FZg\/photo\/AF1QipPY9MaYyLoYSBlSS8aelEfmqAFPMFn0lJQwQAE?key=cUFfZ1FaTmpJZVlneU0xSWVTOURYcGwzUFBLZGtB\" target=\"_blank\" rel=\"noopener\"><img decoding=\"async\" src=\"https:\/\/lh3.googleusercontent.com\/pw\/AM-JKLVO1otI39jWRVPt-qXUyMHDfSi8XUAP59OpL8juqNEfSzM5xkA6ahgh-7o8L3YtviYEWHzbFSbqjGAhx1EhHOYOXV1y5RF7F3t1YiOVkhraOmEzUKSJKsW4uI9EriffRHCa3sRizQKTxqY4ioCjTba8=w2000-h1333-no?authuser=0\" width=\"2000\" height=\"1333\" alt=\"O chefe Kameda d\u00e1 uma explica\u00e7\u00e3o.\" class=\"size-medium\" \/><\/a><figcaption class=\"wp-caption-text\">O chefe Kameda d\u00e1 uma explica\u00e7\u00e3o.<\/figcaption><\/figure>\n<h4>Sistema de fornecimento de calor urbano do distrito de Ichinohashi<\/h4>\n<p>Sistema no qual a lenha \u00e9 transportada de um silo equipado com um dispositivo de alimenta\u00e7\u00e3o autom\u00e1tica para a fornalha de combust\u00e3o de uma caldeira por meio de um dispositivo de transporte, e a energia da combust\u00e3o \u00e9 convertida em \u00e1gua quente para fornecimento.<\/p>\n<figure class=\"wp-caption aligncenter\"><a href=\"https:\/\/photos.google.com\/share\/AF1QipPBGl-8xkJZnHtVXvg0YYrv8yq6w-belMDEHSh7XnyIbBMnaLTOWkQC58y7lu5FZg\/photo\/AF1QipMXhc5LQY1Yf9zMD-MP5VQu1i4SDeOP9Ak5oZg?key=cUFfZ1FaTmpJZVlneU0xSWVTOURYcGwzUFBLZGtB\" target=\"_blank\" rel=\"noopener\"><img decoding=\"async\" src=\"https:\/\/lh3.googleusercontent.com\/pw\/AM-JKLXvttGpVizxoMYEUGaNYRqmLvZ8cXT8YNRfRoYLUqi-MaXwUaugqHcwb3-CU-PpO2tedGNe0CoiQBbZKkUqhCgpKmyygh9OpO3Kq9D1mc9Oyk6rhMHTiwhD3VndHwW-3HceaZG0GsYWwx3v2BZZaKPh=w2000-h1333-no?authuser=0\" width=\"2000\" height=\"1333\" alt=\"Diagrama do Sistema de Fornecimento de Calor do Distrito de Ichinohashi\" class=\"size-medium\" \/><\/a><figcaption class=\"wp-caption-text\">Diagrama do Sistema de Fornecimento de Calor do Distrito de Ichinohashi<\/figcaption><\/figure>\n<h3>Instituto de Pesquisa de Cultivo de Produtos Florestais Especiais da Cidade de Shimokawa<\/h3>\n<h4>Estufa para cultivo de cogumelos shiitake<\/h4>\n<p>Os cogumelos shiitake s\u00e3o cultivados em um leito de cogumelos em uma estufa aquecida com o calor de uma caldeira de biomassa de madeira.<\/p>\n<figure class=\"wp-caption aligncenter\"><a href=\"https:\/\/photos.google.com\/share\/AF1QipPBGl-8xkJZnHtVXvg0YYrv8yq6w-belMDEHSh7XnyIbBMnaLTOWkQC58y7lu5FZg\/photo\/AF1QipNlBmab-r29tj9Vv8LC2rXOpxGBsA4-N23vNVE?key=cUFfZ1FaTmpJZVlneU0xSWVTOURYcGwzUFBLZGtB\" target=\"_blank\" rel=\"noopener\"><img decoding=\"async\" src=\"https:\/\/lh3.googleusercontent.com\/pw\/AM-JKLV0AS_t58v6vbsfhwA95iNIF7vzXWvXc3JdPq2LulAbkQxEVb_sB78Z9-1Rqp1rU4TUtZ83OB2EOF_MG-0hVbKq4PHlw6njd_iZvQpVsuV4NKcF2aG4dLtmAPil8Sj2hQFSwQdP8WkEwEMwPsDvHunA=w2000-h1333-no?authuser=0\" width=\"2000\" height=\"1333\" alt=\"Instituto de Pesquisa de Cultivo de Produtos Florestais Especiais da Cidade de Shimokawa - Casa de Cultivo de Cogumelos Shiitake\" class=\"size-medium\" \/><\/a><figcaption class=\"wp-caption-text\">Instituto de Pesquisa de Cultivo de Produtos Florestais Especiais da Cidade de Shimokawa - Casa de Cultivo de Cogumelos Shiitake<\/figcaption><\/figure>\n<h4>Prateleiras forradas com canteiros de cogumelos feitos de serragem.<\/h4>\n<p>Controlar a temperatura, a umidade, o vento e o n\u00famero de dias de cultivo s\u00e3o elementos importantes no cultivo.<\/p>\n<figure class=\"wp-caption aligncenter\"><a href=\"https:\/\/photos.google.com\/share\/AF1QipPBGl-8xkJZnHtVXvg0YYrv8yq6w-belMDEHSh7XnyIbBMnaLTOWkQC58y7lu5FZg\/photo\/AF1QipNmVeQl-MtgHZXi8bfQRvG_8c7NA9cSPNCJIsw?key=cUFfZ1FaTmpJZVlneU0xSWVTOURYcGwzUFBLZGtB\" target=\"_blank\" rel=\"noopener\"><img decoding=\"async\" src=\"https:\/\/lh3.googleusercontent.com\/pw\/AM-JKLXcPykdCOSjRnCOeKAlSGu9ARnlMyCGYkUKS7xwgIl44_L53EeypiJH_er-bNDiDBsEQDxAmm882yS4rGGYONl73TMNPkHD5nX7QW3fJxvHH8gf1I_2LlVgRGM-_VluSEt458e-7EhsCINfcwzIMRRO=w2000-h1333-no?authuser=0\" width=\"2000\" height=\"1333\" alt=\"Prateleiras forradas com canteiros de cogumelos\" class=\"size-medium\" \/><\/a><figcaption class=\"wp-caption-text\">Prateleiras forradas com canteiros de cogumelos<\/figcaption><\/figure>\n<h4>Cogumelos shiitake grossos crescendo em um canteiro de cogumelos.<\/h4>\n<figure class=\"wp-caption aligncenter\"><a href=\"https:\/\/photos.google.com\/share\/AF1QipPBGl-8xkJZnHtVXvg0YYrv8yq6w-belMDEHSh7XnyIbBMnaLTOWkQC58y7lu5FZg\/photo\/AF1QipPuPA5iTwM9LNCrpJKAJv5pKNf469XHpVhX--s?key=cUFfZ1FaTmpJZVlneU0xSWVTOURYcGwzUFBLZGtB\" target=\"_blank\" rel=\"noopener\"><img decoding=\"async\" src=\"https:\/\/lh3.googleusercontent.com\/pw\/AM-JKLXrtFPX_zsnoM1Uo4Ni0-fT8M2u7R33HRhyIwzD5CDDOgc1T3wa_LMun6Y4__BnB4VAMLqf7KFd0RG_llZ2SK3aaz9p-UM8bcmWAHqp_MafCkWVNJ9gGaZWcceDpcy8xnueP5-4cuNphQEk9DzsKtz-=w2000-h1333-no?authuser=0\" width=\"2000\" height=\"1333\" alt=\"Cogumelos shiitake grossos\" class=\"size-medium\" \/><\/a><figcaption class=\"wp-caption-text\">Cogumelos shiitake grossos<\/figcaption><\/figure>\n<h4>Dentro da estufa, fileiras de prateleiras bem cuidadas para o cultivo de cogumelos revestem o ch\u00e3o.<\/h4>\n<figure class=\"wp-caption aligncenter\"><a href=\"https:\/\/photos.google.com\/share\/AF1QipPBGl-8xkJZnHtVXvg0YYrv8yq6w-belMDEHSh7XnyIbBMnaLTOWkQC58y7lu5FZg\/photo\/AF1QipNN8Sf_T5HF2sNqdxOmjb1j5fOU8cnGwZF1qo4?key=cUFfZ1FaTmpJZVlneU0xSWVTOURYcGwzUFBLZGtB\" target=\"_blank\" rel=\"noopener\"><img decoding=\"async\" src=\"https:\/\/lh3.googleusercontent.com\/pw\/AM-JKLXDd_1Ya-ZFS_R2S5ircwHZ7sabclf1QUiuca9JzrAonbLKz1KocJ5JT3xKfotzOCiJXcPJKtEFxVtVIv-M-gUokr3exrSAxJBM3aeLqfxFh2ljkrbgM5dT54_amwDXExzl9ZGI9DZW7fCE_PV0kanZ=w2000-h1333-no?authuser=0\" width=\"2000\" height=\"1333\" alt=\"Prateleiras de canteiros de cogumelos bem conservadas\" class=\"size-medium\" \/><\/a><figcaption class=\"wp-caption-text\">Prateleiras de canteiros de cogumelos bem conservadas<\/figcaption><\/figure>\n<h3>Entrada da oficina<\/h3>\n<figure class=\"wp-caption aligncenter\"><a href=\"https:\/\/photos.google.com\/share\/AF1QipPBGl-8xkJZnHtVXvg0YYrv8yq6w-belMDEHSh7XnyIbBMnaLTOWkQC58y7lu5FZg\/photo\/AF1QipNk5rcKnOajAiaI8p5puCWY7d-KfMj1LbeJFTM?key=cUFfZ1FaTmpJZVlneU0xSWVTOURYcGwzUFBLZGtB\" target=\"_blank\" rel=\"noopener\"><img decoding=\"async\" src=\"https:\/\/lh3.googleusercontent.com\/pw\/AM-JKLUxPJbkWM2hErpbhiPXyM5_zt7pH_k4Af3eLvHX4sm5ZxfPsPGJqbRWBKTIzxw7nkHVBS5CBPQMvtSI4ydZSIkjofsFp9Sx0k982aRAKlx1gtIH1obA4K0iC1ekm_1O9c-CkPaGOFo_d4JgHOnZ8zlt=w2000-h1333-no?authuser=0\" width=\"2000\" height=\"1333\" alt=\"Entrada da oficina\" class=\"size-medium\" \/><\/a><figcaption class=\"wp-caption-text\">Entrada da oficina<\/figcaption><\/figure>\n<h4>Trabalho de embalagem<\/h4>\n<figure class=\"wp-caption aligncenter\"><a href=\"https:\/\/photos.google.com\/share\/AF1QipPBGl-8xkJZnHtVXvg0YYrv8yq6w-belMDEHSh7XnyIbBMnaLTOWkQC58y7lu5FZg\/photo\/AF1QipPCm3rJthmBsaZsUOm-Ju3vsGOpPR5HhJOAQRA?key=cUFfZ1FaTmpJZVlneU0xSWVTOURYcGwzUFBLZGtB\" target=\"_blank\" rel=\"noopener\"><img decoding=\"async\" src=\"https:\/\/lh3.googleusercontent.com\/pw\/AM-JKLUbLEzDM0qA6X4cB6sw_PYm-TFx73Rf3LBpxKOYQpMDQ20gcbCfzUeXezc2aPKJFC8CHiViPSXVnftmD-3ahKZPVijU7eFT3aOEnQJYCQqLhndc9YSgdnDzPsHwdLK4ROl20zCRnLaRdPet0qCg7TiA=w2000-h1333-no?authuser=0\" width=\"2000\" height=\"1333\" alt=\"Trabalho de embalagem\" class=\"size-medium\" \/><\/a><figcaption class=\"wp-caption-text\">Trabalho de embalagem<\/figcaption><\/figure>\n<h4>Tabela de especifica\u00e7\u00f5es do cogumelo shiitake<\/h4>\n<figure class=\"wp-caption aligncenter\"><a href=\"https:\/\/photos.google.com\/share\/AF1QipPBGl-8xkJZnHtVXvg0YYrv8yq6w-belMDEHSh7XnyIbBMnaLTOWkQC58y7lu5FZg\/photo\/AF1QipOYj7exkdgEn_pbKHb69XcHOa2bnBbDh7dzd0M?key=cUFfZ1FaTmpJZVlneU0xSWVTOURYcGwzUFBLZGtB\" target=\"_blank\" rel=\"noopener\"><img decoding=\"async\" src=\"https:\/\/lh3.googleusercontent.com\/pw\/AM-JKLX00EtC2pOthigA4eMedTMcQF4nnfWMrcAFXBhAWeeGxZbAk65cwUjC947OT-frR8RXacF9HoLH5aJbqkBJKTiIX1rMOSm3H4jczt_xhj4A4ldnJag8BK598DNSsHQ5xau8JUD8z_dscW3EQW4q7UVA=w2000-h1333-no?authuser=0\" width=\"2000\" height=\"1333\" alt=\"Tabela de especifica\u00e7\u00f5es do cogumelo shiitake\" class=\"size-medium\" \/><\/a><figcaption class=\"wp-caption-text\">Tabela de especifica\u00e7\u00f5es do cogumelo shiitake<\/figcaption><\/figure>\n<h4>Shimokawa Shiitake &quot;Mori no Kiwami&quot; (cultivado em uma cama de cogumelos)<\/h4>\n<p>Estes s\u00e3o cogumelos shiitake cuidadosamente selecionados, grossos e de \u00f3tima qualidade.<\/p>\n<figure class=\"wp-caption aligncenter\"><a href=\"https:\/\/photos.google.com\/share\/AF1QipPBGl-8xkJZnHtVXvg0YYrv8yq6w-belMDEHSh7XnyIbBMnaLTOWkQC58y7lu5FZg\/photo\/AF1QipM-ZuEIU6SehiCILTf_nJb8NrgKkhJmq-BMTPA?key=cUFfZ1FaTmpJZVlneU0xSWVTOURYcGwzUFBLZGtB\" target=\"_blank\" rel=\"noopener\"><img decoding=\"async\" src=\"https:\/\/lh3.googleusercontent.com\/pw\/AM-JKLXb74OVuQu9Uk22vRkcFOlyTsBLEovVi8DspyZjNNUx9mjnUkrODjAeW_ONnparkJ2WvE1Zky7Dadz7HapI_eHQuMNa3IL3opBQ4-Vq15EBIlXDT4le1VaMJQHJpT6aGdK6z_ct9u7tyTZakQVT0puw=w2000-h1333-no?authuser=0\" width=\"2000\" height=\"1333\" alt=\"Shimokawa Shiitake &quot;Mori no Kiwami&quot;\" class=\"size-medium\" \/><\/a><figcaption class=\"wp-caption-text\">Shimokawa Shiitake &quot;Mori no Kiwami&quot;<\/figcaption><\/figure>\n<h4>Foram instaladas quatro estufas para cultivo de cogumelos shiitake.<\/h4>\n<figure class=\"wp-caption aligncenter\"><a href=\"https:\/\/photos.google.com\/share\/AF1QipPBGl-8xkJZnHtVXvg0YYrv8yq6w-belMDEHSh7XnyIbBMnaLTOWkQC58y7lu5FZg\/photo\/AF1QipNUfnF23ay6cyPz5SftdLeBT-quVEc2uh_6z9I?key=cUFfZ1FaTmpJZVlneU0xSWVTOURYcGwzUFBLZGtB\" target=\"_blank\" rel=\"noopener\"><img decoding=\"async\" src=\"https:\/\/lh3.googleusercontent.com\/pw\/AM-JKLXxk-ZAYRX9H_MCqU89b1NxCmXerp9agQDv8ylnfqNyVaswBhycwouIRIfH2EclJ1cNDxl24wpgGei8UD1Tmxks1Y1cthym7YPrkcWGHragsWoTulbQmi8F-zKAjpqBFZ-pl7fEpur4OXRzGACHMTeP=w2000-h1333-no?authuser=0\" width=\"2000\" height=\"1333\" alt=\"As quatro estufas de cogumelos shiitake que foram instaladas.\" class=\"size-medium\" \/><\/a><figcaption class=\"wp-caption-text\">As quatro estufas de cogumelos shiitake que foram instaladas.<\/figcaption><\/figure>\n<h2>Floresta Hupu<\/h2>\n<p>Depois disso, fomos para a Fupu no Mori Co., Ltd.<\/p>\n<h3>Visita guiada \u00e0 f\u00e1brica da Fupunomori Co., Ltd.<\/h3>\n<p>Produzimos \u00f3leos essenciais utilizando os ramos e folhas da con\u00edfera &quot;Todomatsu&quot; (abeto-de-Sakhalin japon\u00eas) encontrada na floresta &quot;Fupu no Mori&quot; na cidade de Shimokawa.<\/p>\n<figure class=\"wp-caption aligncenter\"><a href=\"https:\/\/photos.google.com\/share\/AF1QipPBGl-8xkJZnHtVXvg0YYrv8yq6w-belMDEHSh7XnyIbBMnaLTOWkQC58y7lu5FZg\/photo\/AF1QipPEac-mlsznPVgvOTHrlBUtQx3wKGWokr64vpA?key=cUFfZ1FaTmpJZVlneU0xSWVTOURYcGwzUFBLZGtB\" target=\"_blank\" rel=\"noopener\"><img decoding=\"async\" src=\"https:\/\/lh3.googleusercontent.com\/pw\/AM-JKLWZx25sELIu4e6lzKC6GY6egx4oTS1rjQ7qHxnuIjQzPZ3__yLZVVmSp_je9-jRtV_RelujniBxAgbBQzX4CVt_ySx-r6HWV9Q-cCXaLGQZwEDQUmPA2dUtTJKNvTbH-UMumKOZSqfPCo3v0UMagAPz=w2000-h1333-no?authuser=0\" width=\"2000\" height=\"1333\" alt=\"f\u00e1brica de fabrica\u00e7\u00e3o\" class=\"size-medium\" \/><\/a><figcaption class=\"wp-caption-text\">f\u00e1brica de fabrica\u00e7\u00e3o<\/figcaption><\/figure>\n<ul>\n<li>O neg\u00f3cio de \u00f3leos essenciais da Associa\u00e7\u00e3o Florestal da Cidade de Shimokawa, estabelecido em 2000, foi assumido pela ONG municipal Mori no Seikatsu, e em 2012, a &quot;Fupunomori&quot; Co., Ltd. foi fundada como uma empresa dedicada exclusivamente ao com\u00e9rcio de \u00f3leos essenciais.<\/li>\n<li>Em 2015, ele lan\u00e7ou a marca de estilo de vida &quot;NALUQ&quot;.<\/li>\n<li>Em 2016, a linha de cosm\u00e9ticos NALUQ ganhou o grande pr\u00eamio no Social Products Awards 2016.<\/li>\n<\/ul>\n<p>* Todomatsu (abies) \u00e9 uma \u00e1rvore perene de grande porte do g\u00eanero Abies, da fam\u00edlia Pinaceae. Seu formato c\u00f4nico e suas belas folhas verde-claras a tornam popular para \u00e1rvores de Natal e decora\u00e7\u00f5es de pinheiro para o Ano Novo.<\/p>\n<h3>Palestra da Diretora Representante Marie Tanabe<\/h3>\n<p>Marie Tanabe mudou-se para Shimokawa em 2007. Ela sempre amou e usou \u00f3leos essenciais, mas quando uma funcion\u00e1ria de sua empresa se aposentou, ela decidiu assumir o cargo e se juntar \u00e0 empresa.<\/p>\n<figure class=\"wp-caption aligncenter\"><a href=\"https:\/\/photos.google.com\/share\/AF1QipPBGl-8xkJZnHtVXvg0YYrv8yq6w-belMDEHSh7XnyIbBMnaLTOWkQC58y7lu5FZg\/photo\/AF1QipNaTH7xpQ_faawkJ3TP123DYOowGRLH42NMxBw?key=cUFfZ1FaTmpJZVlneU0xSWVTOURYcGwzUFBLZGtB\" target=\"_blank\" rel=\"noopener\"><img decoding=\"async\" src=\"https:\/\/lh3.googleusercontent.com\/pw\/AM-JKLXkFgcJGGIXQ4fS7b6BctQsTPihFAtquG6-hXQ6bL--d5QR-H9Z5-rz78mIO0VvOMQ-cCMmnQ97Fp7h8bquYLT2i1bv98vg5p3nniQ2O7V5arGhJmt_ILqiMSgwcYMzyYN50kwBgwiRWJuTYJ5B61h4=w2000-h1333-no?authuser=0\" width=\"2000\" height=\"1333\" alt=\"Diretora Representante Marie Tanabe\" class=\"size-medium\" \/><\/a><figcaption class=\"wp-caption-text\">Diretora Representante Marie Tanabe<\/figcaption><\/figure>\n<p>&quot;O \u00f3leo essencial \u00e9 extra\u00eddo das folhas do abeto Todo.&quot;<br \/>\nShimokawa \u00e9 uma cidade florestal, por isso iniciamos este projeto para aproveitar de forma eficaz os galhos cortados durante o desmatamento. Este ano marca o nono anivers\u00e1rio da cria\u00e7\u00e3o da &quot;Floresta Hupu&quot;. &quot;Hupu&quot; significa &quot;abeto de Sakhalin japon\u00eas&quot; na l\u00edngua Ainu.<\/p>\n<p>Vamos \u00e0s florestas onde as \u00e1rvores est\u00e3o sendo derrubadas, cortamos e coletamos cuidadosamente as folhas do abeto japon\u00eas de Sakhalin \u00e0 m\u00e3o e enchemos cestos com elas para usar como mat\u00e9ria-prima.<\/p>\n<figure class=\"wp-caption aligncenter\"><a href=\"https:\/\/photos.google.com\/share\/AF1QipPBGl-8xkJZnHtVXvg0YYrv8yq6w-belMDEHSh7XnyIbBMnaLTOWkQC58y7lu5FZg\/photo\/AF1QipNUFUCpmGEEZcSXOGlrF5G9NKepZKSvzenBWU4?key=cUFfZ1FaTmpJZVlneU0xSWVTOURYcGwzUFBLZGtB\" target=\"_blank\" rel=\"noopener\"><img decoding=\"async\" src=\"https:\/\/lh3.googleusercontent.com\/pw\/AM-JKLUwyWx6UeHkscRN_iQrECN2MHPQrv-n2n39uNWk9mMJRLZymbj-zSE2kxbAmaUrJx2q4EdjLiWoecrxKaz4vOg4YpWbe80ioAWPjH7EJoQnLCgCZ2qG8qo__HITgwXMZ3zLb9eqIxVkhLCW-IJJwMtU=w2000-h1333-no?authuser=0\" width=\"2000\" height=\"1333\" alt=\"Folhas colhidas \u00e0 m\u00e3o\" class=\"size-medium\" \/><\/a><figcaption class=\"wp-caption-text\">Folhas colhidas \u00e0 m\u00e3o<\/figcaption><\/figure>\n<p>Durante o processo de destila\u00e7\u00e3o, as mat\u00e9rias-primas s\u00e3o colocadas em um forno e vaporizadas. Quando o vapor esfria, ele retorna ao estado l\u00edquido e a \u00e1gua destilada arom\u00e1tica \u00e9 extra\u00edda. Duas camadas s\u00e3o extra\u00eddas: o \u00f3leo na parte superior e a \u00e1gua destilada na parte inferior. As folhas, ap\u00f3s a destila\u00e7\u00e3o, tamb\u00e9m s\u00e3o secas e algumas s\u00e3o aproveitadas, por exemplo, para a confec\u00e7\u00e3o de travesseiros. O restante \u00e9 utilizado como adubo.<\/p>\n<p>&quot;Originalmente, o \u00f3leo de abeto era usado diariamente no exterior, em lugares como a R\u00fassia e a Europa. Sabe-se que \u00e9 eficaz para saunas, cuidados respirat\u00f3rios, preven\u00e7\u00e3o de resfriados e promo\u00e7\u00e3o da circula\u00e7\u00e3o sangu\u00ednea&quot;, diz Tanabe.<\/p>\n<figure class=\"wp-caption aligncenter\"><a href=\"https:\/\/photos.google.com\/share\/AF1QipPBGl-8xkJZnHtVXvg0YYrv8yq6w-belMDEHSh7XnyIbBMnaLTOWkQC58y7lu5FZg\/photo\/AF1QipPpZ6G29BweMBY4sbOdcbO-0AsrInijyN-jsbg?key=cUFfZ1FaTmpJZVlneU0xSWVTOURYcGwzUFBLZGtB\" target=\"_blank\" rel=\"noopener\"><img decoding=\"async\" src=\"https:\/\/lh3.googleusercontent.com\/pw\/AM-JKLXZHqtoPImrRsyi1hKbyeN4VC0CD1teEYO1xGYQZhUmTRAxwOW_lixQVVxMbtVE_gkOkHroD_h551alzGMwP1MC-l3qYvWGTvVB0Esc8QtYpwjJ2fbjodg5G0EEnGiAm7LtkuFUTIm2dTBL2XcISwGZ=w2000-h1333-no?authuser=0\" width=\"2000\" height=\"1333\" alt=\"Como funciona a destila\u00e7\u00e3o\" class=\"size-medium\" \/><\/a><figcaption class=\"wp-caption-text\">Como funciona a destila\u00e7\u00e3o<\/figcaption><\/figure>\n<h3>O \u00f3leo e a \u00e1gua destilada s\u00e3o extra\u00eddos por meio de destila\u00e7\u00e3o a vapor.<\/h3>\n<figure class=\"wp-caption aligncenter\"><a href=\"https:\/\/photos.google.com\/share\/AF1QipPBGl-8xkJZnHtVXvg0YYrv8yq6w-belMDEHSh7XnyIbBMnaLTOWkQC58y7lu5FZg\/photo\/AF1QipML_RnAx9vdrhxNzoYjpw-FkFngpd5mwsGEyXk?key=cUFfZ1FaTmpJZVlneU0xSWVTOURYcGwzUFBLZGtB\" target=\"_blank\" rel=\"noopener\"><img decoding=\"async\" src=\"https:\/\/lh3.googleusercontent.com\/pw\/AM-JKLU11mqSpd1oPSkeZBBeDHN33YaAqvAcKMp2P7uZUcmk2f4YzVBJ2oGs7aAv3r_16pWM45G1XG_6MYUp57du6o_TbCZbS8JgWk_Gdd88OhACwKQP82hFtB3ZjRqWJIE7zZwJP1yyayHXO-Dlb_mlASfg=w2000-h1333-no?authuser=0\" width=\"2000\" height=\"1333\" alt=\"Destila\u00e7\u00e3o a vapor\" class=\"size-medium\" \/><\/a><figcaption class=\"wp-caption-text\">Destila\u00e7\u00e3o a vapor<\/figcaption><\/figure>\n<h3>S\u00e9rie &quot;FUPUNOMORI&quot;<\/h3>\n<p>Uma linha de produtos que captura ao m\u00e1ximo o aroma refrescante do abeto de Hokkaido e o cheiro da floresta.<\/p>\n<figure class=\"wp-caption aligncenter\"><a href=\"https:\/\/lh3.googleusercontent.com\/pw\/AM-JKLW02lET-k9vu2Jvzgz6YjFFs_P3G_noAp3GMyCoAtGFAt0WxCTdUvBMaAXPgEB_n_gj7kMyuSGDH8Ig2ugVo4P5AwFx5iCpEbD-p-S2s7zx1pyDO51-Fumu8Dmr747ALb7ojCUwTfvma-Ybsq4HKMRo=w2000-h1333-no?authuser=0\"><img decoding=\"async\" src=\"https:\/\/lh3.googleusercontent.com\/pw\/AM-JKLW02lET-k9vu2Jvzgz6YjFFs_P3G_noAp3GMyCoAtGFAt0WxCTdUvBMaAXPgEB_n_gj7kMyuSGDH8Ig2ugVo4P5AwFx5iCpEbD-p-S2s7zx1pyDO51-Fumu8Dmr747ALb7ojCUwTfvma-Ybsq4HKMRo=w2000-h1333-no?authuser=0\" width=\"2000\" height=\"1333\" alt=\"S\u00e9rie &quot;FUPUNOMORI&quot;\" class=\"size-medium\" \/><\/a><figcaption class=\"wp-caption-text\">S\u00e9rie &quot;FUPUNOMORI&quot;<\/figcaption><\/figure>\n<h3>&quot;NALUQ&quot;<\/h3>\n<p>Uma marca de estilo de vida ligada \u00e0 floresta que permite desfrutar do aroma das florestas de Hokkaido.<\/p>\n<figure class=\"wp-caption aligncenter\"><a href=\"https:\/\/photos.google.com\/share\/AF1QipPBGl-8xkJZnHtVXvg0YYrv8yq6w-belMDEHSh7XnyIbBMnaLTOWkQC58y7lu5FZg\/photo\/AF1QipNmUoAUsAk5Sqi_C6lQU3N4zXh96nN2EmsYY1Y?key=cUFfZ1FaTmpJZVlneU0xSWVTOURYcGwzUFBLZGtB\" target=\"_blank\" rel=\"noopener\"><img decoding=\"async\" src=\"https:\/\/lh3.googleusercontent.com\/pw\/AM-JKLXaeYFzY3_1j1ms_pnh77YPROxJh7lPWUQp7SJWnS7gNIOcub21EHO-4ucBZXOk2MXp2BLT4oaTto5p33LVbHd1yZHyU5jfjOjKxYHRAtiyqzDlzsLhagxx9D7oGJ1uuA_S7BJ63UFAAMVdDa0B4SI6=w2000-h1333-no?authuser=0\" width=\"2000\" height=\"1333\" alt=\"&quot;NALUQ&quot;\" class=\"size-medium\" \/><\/a><figcaption class=\"wp-caption-text\">&quot;NALUQ&quot;<\/figcaption><\/figure>\n<p>&quot;Inspirado na imagem das florestas de Hokkaido, este \u00f3leo essencial natural \u00e9 uma mistura de v\u00e1rios aromas \u00e0 base de ingredientes de plantas da floresta.&quot;<br \/>\n\ufffc<br \/>\n&quot;Quando voc\u00ea pensa no aroma de Hokkaido, pensa em hortel\u00e3-pimenta e lavanda, mas o aroma do abeto de Sakhalin \u00e9 um aroma fresco de floresta com um toque leve e ex\u00f3tico. Espero que ele venha a ser reconhecido como o terceiro aroma de Hokkaido, evocando um sentimento de nostalgia&quot;, disse Tanabe.<\/p>\n\n        <div class=\"site-blogcard-premium\">\n            <div class=\"bc-label-custom\">Artigos relacionados<\/div>\n            <div class=\"bc-flex-container\">\n                <div class=\"bc-main-text\">\n                    <div class=\"bc-title-link-box\">\n                        <a href=\"https:\/\/fupunomori.net\" target=\"_blank\">\nSite oficial do \u00f3leo essencial de abeto Fupu no Mori Hokkaido\t\t<\/a>\n                    <\/div>\n                    <div class=\"bc-excerpt-box\"><\/div>\n                <\/div>\n                <div class=\"bc-thumbnail-box\">\n                    <a href=\"https:\/\/fupunomori.net\" target=\"_blank\">\n                        <div class=\"bc-img-zoom-wrap\">\n                            <img decoding=\"async\" src=\"https:\/\/img.youtube.com\/vi\/tIgrHrm849I\/mqdefault.jpg\" alt=\"Site oficial do \u00f3leo essencial de abeto Fupu no Mori Hokkaido\t\t\">\n                        <\/div>\n                    <\/a>\n                <\/div>\n            <\/div>\n        <\/div>\n\u3000<br \/>\nAp\u00f3s concluirmos todas as atividades do dia, tivemos um encontro \u00e0 noite no restaurante &quot;Yuzurutei&quot; com o Sr. e a Sra. Kameda e o Sr. Seki. Agradecemos pelo momento agrad\u00e1vel e proveitoso.<\/p>\n<h2>Centro Regional de Interc\u00e2mbio da Cidade de Shimokawa &quot;Yokkuru na Floresta&quot;<\/h2>\n<p>Neste dia, ficamos hospedados no Mori no Naka Yokuru, um centro de interc\u00e2mbio comunit\u00e1rio na cidade de Shimokawa. O Mori no Naka Yokuru \u00e9 uma casa totalmente equipada com tudo o que voc\u00ea precisa para o dia a dia, incluindo uma cozinha, e \u00e9 ideal para estadias de longa dura\u00e7\u00e3o. A ONG Mori no Seikatsu \u00e9 a administradora e respons\u00e1vel pela gest\u00e3o do Yokuru.<\/p>\n<h3>vivendo<\/h3>\n<figure class=\"wp-caption aligncenter\"><a href=\"https:\/\/photos.google.com\/share\/AF1QipPBGl-8xkJZnHtVXvg0YYrv8yq6w-belMDEHSh7XnyIbBMnaLTOWkQC58y7lu5FZg\/photo\/AF1QipOsHioQt8os6edQwBXxFu4v2GrL-5EpnnkdO2M?key=cUFfZ1FaTmpJZVlneU0xSWVTOURYcGwzUFBLZGtB\" target=\"_blank\" rel=\"noopener\"><img decoding=\"async\" src=\"https:\/\/lh3.googleusercontent.com\/pw\/AM-JKLX7JWspLd4NMlUx8L0st7igCQuTMqPPfdF4du0yPaKv4LEsEe0olgsI-O80RUXZN_Am6_SXb6K4qVAOaCoMb5birz2AcB8olnuMb1aHaM9GpQouRWYomLqgdVys-zGnD1QSA5j538pY55kS1fqiHB3j=w2000-h1500-no?authuser=0\" width=\"2000\" height=\"1500\" alt=\"vivendo\" class=\"size-medium\" \/><\/a><figcaption class=\"wp-caption-text\">vivendo<\/figcaption><\/figure>\n<p>Os aquecedores el\u00e9tricos instalados em cada quarto s\u00e3o abastecidos com \u00e1gua quente proveniente de uma caldeira a biomassa de madeira, mantendo voc\u00ea bem aquecido!<\/p>\n<h4>Al\u00e7a t\u00e9rmica do aquecedor de painel<\/h4>\n<figure class=\"wp-caption aligncenter\"><a href=\"https:\/\/photos.google.com\/share\/AF1QipPBGl-8xkJZnHtVXvg0YYrv8yq6w-belMDEHSh7XnyIbBMnaLTOWkQC58y7lu5FZg\/photo\/AF1QipOWFWtEPXjN_7dmy2GdUJ7vFZkYuPPWer5Lpeg?key=cUFfZ1FaTmpJZVlneU0xSWVTOURYcGwzUFBLZGtB\" target=\"_blank\" rel=\"noopener\"><img decoding=\"async\" src=\"https:\/\/lh3.googleusercontent.com\/pw\/AM-JKLWXz_pkc5s2vpj9-pmqrCp_mf9stvxwA1OQ_6iEKS54jLQQ1Nrnm5ZpygJDnuMXe6vXyPOar2E51_5OzWhrl-c0vGCG8RRw6hngPWQe28DnDYgSQb4C9Rm3Vgnepunsm34dwQpndr4tAT8U_TOV7Ia8=w2000-h1500-no?authuser=0\" width=\"2000\" height=\"1500\" alt=\"Al\u00e7a t\u00e9rmica do aquecedor de painel\" class=\"size-medium\" \/><\/a><figcaption class=\"wp-caption-text\">Al\u00e7a t\u00e9rmica do aquecedor de painel<\/figcaption><\/figure>\n<h4>Aquecedor de painel instalado sob a janela.<\/h4>\n<figure class=\"wp-caption aligncenter\"><a href=\"https:\/\/photos.google.com\/share\/AF1QipPBGl-8xkJZnHtVXvg0YYrv8yq6w-belMDEHSh7XnyIbBMnaLTOWkQC58y7lu5FZg\/photo\/AF1QipMoeVjesRSwcnTwq1Cnx0saBvdIBpyZb6ANJYQ?key=cUFfZ1FaTmpJZVlneU0xSWVTOURYcGwzUFBLZGtB\" target=\"_blank\" rel=\"noopener\"><img decoding=\"async\" src=\"https:\/\/lh3.googleusercontent.com\/pw\/AM-JKLWSHuqseiLZlfWwN7qJPsZTEceVjAA1aCY1kprkX0Y8Spu0Gy4sgkHZjlbmYnB-_ycK8ZXrsMozz4P-oSTlEIlFRpWVT-PqQ36jSpa9a401LeymtsFf9EPUGcYShJLUdnqqP4ragdpTa1s6Tisa4kxQ=w2000-h1500-no?authuser=0\" width=\"2000\" height=\"1500\" alt=\"Aquecedor de painel instalado sob a janela.\" class=\"size-medium\" \/><\/a><figcaption class=\"wp-caption-text\">Aquecedor de painel instalado sob a janela.<\/figcaption><\/figure>\n<h3>cozinha<\/h3>\n<figure class=\"wp-caption aligncenter\"><a href=\"https:\/\/photos.google.com\/share\/AF1QipPBGl-8xkJZnHtVXvg0YYrv8yq6w-belMDEHSh7XnyIbBMnaLTOWkQC58y7lu5FZg\/photo\/AF1QipOrc_dLMBKPD9BFjJdu44iI2AzsQBwEwTuXQxg?key=cUFfZ1FaTmpJZVlneU0xSWVTOURYcGwzUFBLZGtB\" target=\"_blank\" rel=\"noopener\"><img decoding=\"async\" src=\"https:\/\/lh3.googleusercontent.com\/pw\/AM-JKLVbmXxeXJU_TKtBJYLdhIKYDlTqjuapBX8a1AWALzP9DXHbU-UJ7asAP57EPTyd-ijVZZ2s31VTurL4lN5ve3nZT4WbNoG97r0czMActCOnGiMQZFCHB4pf-pigy_dUGCvIhs56aPu7NGjFLd0qO2Xh=w2000-h1500-no?authuser=0\" width=\"2000\" height=\"1500\" alt=\"cozinha\" class=\"size-medium\" \/><\/a><figcaption class=\"wp-caption-text\">cozinha<\/figcaption><\/figure>\n<h4>utens\u00edlios de cozinha<\/h4>\n<figure class=\"wp-caption aligncenter\"><a href=\"https:\/\/photos.google.com\/share\/AF1QipPBGl-8xkJZnHtVXvg0YYrv8yq6w-belMDEHSh7XnyIbBMnaLTOWkQC58y7lu5FZg\/photo\/AF1QipOy-tcWrcxojL1wvGy20Tikse0YtWKFwCQlm84?key=cUFfZ1FaTmpJZVlneU0xSWVTOURYcGwzUFBLZGtB\" target=\"_blank\" rel=\"noopener\"><img decoding=\"async\" src=\"https:\/\/lh3.googleusercontent.com\/pw\/AM-JKLWMRKtMW14yVNDASKAt0Wzaca3_lbKT1Sa2ZFlH3RLRtIX1_Sj5o9cnBzSE_5J7uUCKeYoIK3iOqfoEW41yYzzjgdPLxjtIcDxMiCv7RQdB0kAeGUCO8aB1nFHw0ph3nee9MGFOVQLm4Rw1RKBQUh-j=w2000-h1500-no?authuser=0\" width=\"2000\" height=\"1500\" alt=\"utens\u00edlios de cozinha\" class=\"size-medium\" \/><\/a><figcaption class=\"wp-caption-text\">utens\u00edlios de cozinha<\/figcaption><\/figure>\n<h4>Um conjunto de vasos<\/h4>\n<figure class=\"wp-caption aligncenter\"><a href=\"https:\/\/photos.google.com\/share\/AF1QipPBGl-8xkJZnHtVXvg0YYrv8yq6w-belMDEHSh7XnyIbBMnaLTOWkQC58y7lu5FZg\/photo\/AF1QipPySOSycLhnGMSs2KA4cF9Qk6h1h5525O0_R28?key=cUFfZ1FaTmpJZVlneU0xSWVTOURYcGwzUFBLZGtB\" target=\"_blank\" rel=\"noopener\"><img decoding=\"async\" src=\"https:\/\/lh3.googleusercontent.com\/pw\/AM-JKLU3YbVxRk9sC7ZHCniWnKIeVD2oPBKcIeLCgAAVj3ppCnHbFlHXTNt8OuEP43juo2QCmQBnIdzOp6JELkHWg071Lf6ztmgPELGVE6S5HiIE5oVW3vHk478g39wr59XtI4VjBi9EvvTC30clLFYSv9LW=w2000-h1500-no?authuser=0\" width=\"2000\" height=\"1500\" alt=\"Um conjunto de vasos\" class=\"size-medium\" \/><\/a><figcaption class=\"wp-caption-text\">Um conjunto de vasos<\/figcaption><\/figure>\n<h4>Conjunto completo de utens\u00edlios de mesa<\/h4>\n<figure class=\"wp-caption aligncenter\"><a href=\"https:\/\/photos.google.com\/share\/AF1QipPBGl-8xkJZnHtVXvg0YYrv8yq6w-belMDEHSh7XnyIbBMnaLTOWkQC58y7lu5FZg\/photo\/AF1QipMrAG9xOHgJT_iu-FtMu8ih0kBl3wl9S6Ekmqs?key=cUFfZ1FaTmpJZVlneU0xSWVTOURYcGwzUFBLZGtB\" target=\"_blank\" rel=\"noopener\"><img decoding=\"async\" src=\"https:\/\/lh3.googleusercontent.com\/pw\/AM-JKLVSnrLduERqDXuj90Ma1JOjo3Ci_E52jJJuiL1Kycp17Y4X-G3yb3mtmNluI1lohIWLbV7rS9oppHmpKpShcfav9_-pJL0cTxaACwLaGO86CAYNac1yqhrrg1iuDj22yhP9ys7upJxSueQHXuAXS3Kh=w2000-h1500-no?authuser=0\" width=\"2000\" height=\"1500\" alt=\"Conjunto completo de utens\u00edlios de mesa\" class=\"size-medium\" \/><\/a><figcaption class=\"wp-caption-text\">Conjunto completo de utens\u00edlios de mesa<\/figcaption><\/figure>\n<h3>Closet (com pia e m\u00e1quina de lavar roupa)<\/h3>\n<figure class=\"wp-caption aligncenter\"><a href=\"https:\/\/photos.google.com\/share\/AF1QipPBGl-8xkJZnHtVXvg0YYrv8yq6w-belMDEHSh7XnyIbBMnaLTOWkQC58y7lu5FZg\/photo\/AF1QipMY0OmD--bsUeGVoADqVngWsl-9ws9On1GIn9s?key=cUFfZ1FaTmpJZVlneU0xSWVTOURYcGwzUFBLZGtB\" target=\"_blank\" rel=\"noopener\"><img decoding=\"async\" src=\"https:\/\/lh3.googleusercontent.com\/pw\/AM-JKLXMywU5djaBN1DvBayD36drLzQJy6h1qIZugTK_GJXF5Fo5AocMpZkEnd1XfCKLS5frtk8keybMwo0BoxQ9-r5S0AWp5-jz_eb0c7NIqaNLwBnlFlfVt4vb8I-rIHo1oJcCNi1TNXwSKC2fJn6hQS3r=w2000-h1500-no?authuser=0\" width=\"2000\" height=\"1500\" alt=\"Closet (com pia e m\u00e1quina de lavar roupa)\" class=\"size-medium\" \/><\/a><figcaption class=\"wp-caption-text\">Closet (com pia e m\u00e1quina de lavar roupa)<\/figcaption><\/figure>\n<h3>banheiro<\/h3>\n<figure class=\"wp-caption aligncenter\"><a href=\"https:\/\/photos.google.com\/share\/AF1QipPBGl-8xkJZnHtVXvg0YYrv8yq6w-belMDEHSh7XnyIbBMnaLTOWkQC58y7lu5FZg\/photo\/AF1QipPylb0pVO0SZVA-PNzLBUW6EuTJdOAq3z16L00?key=cUFfZ1FaTmpJZVlneU0xSWVTOURYcGwzUFBLZGtB\" target=\"_blank\" rel=\"noopener\"><img decoding=\"async\" src=\"https:\/\/lh3.googleusercontent.com\/pw\/AM-JKLXZ0F8jj2FD6YB97Bje8aSaQfU5eQdWKfTlb9fs9Pmh0xW2UwQDhgLrmqwABcWh9h2DFCZDh60UIdRnixhlFsyKySywvqfr7ivBfsnEw_7H5gj4xyNgMxU_uS-x9pLMkhZyLQVVRpnenNiWtTWt7QIm=w2000-h1500-no?authuser=0\" width=\"2000\" height=\"1500\" alt=\"banheiro\" class=\"size-medium\" \/><\/a><figcaption class=\"wp-caption-text\">banheiro<\/figcaption><\/figure>\n<h3>banheiro<\/h3>\n<figure class=\"wp-caption aligncenter\"><a href=\"https:\/\/photos.google.com\/share\/AF1QipPBGl-8xkJZnHtVXvg0YYrv8yq6w-belMDEHSh7XnyIbBMnaLTOWkQC58y7lu5FZg\/photo\/AF1QipPkhT1hQGAknoodWqhZdqjvodB-7NOMII6apnk?key=cUFfZ1FaTmpJZVlneU0xSWVTOURYcGwzUFBLZGtB\" target=\"_blank\" rel=\"noopener\"><img decoding=\"async\" src=\"https:\/\/lh3.googleusercontent.com\/pw\/AM-JKLVXKjHnHmC2e8aA_dZVWhUtsZMvjlXtjeJMsDJSgdNjq8-mO0pSVsf5oksPvSpHD3X4UCpfZTMz2ZggGrzK_oqux_ij7R7jH2_Jpyr0obnV0T42phG7p4HyD7P2UB1nrLLLVdP8zFSiY95w1xj4Vlz1=w2000-h1500-no?authuser=0\" width=\"2000\" height=\"1500\" alt=\"banheiro\" class=\"size-medium\" \/><\/a><figcaption class=\"wp-caption-text\">banheiro<\/figcaption><\/figure>\n<h3>Quartos (2 quartos)<\/h3>\n<figure class=\"wp-caption aligncenter\"><a href=\"https:\/\/photos.google.com\/share\/AF1QipPBGl-8xkJZnHtVXvg0YYrv8yq6w-belMDEHSh7XnyIbBMnaLTOWkQC58y7lu5FZg\/photo\/AF1QipNTJOhjrq1OZ_VeNjZabjxFQasRmOQE-oWHqDg?key=cUFfZ1FaTmpJZVlneU0xSWVTOURYcGwzUFBLZGtB\" target=\"_blank\" rel=\"noopener\"><img decoding=\"async\" src=\"https:\/\/lh3.googleusercontent.com\/pw\/AM-JKLVlYrOC76dS8zcWGrPOShHkhUXFQ1MjlgKOPKYRlMQ7sCp3X4anklF8Ar2drouv6j5KxLl4zmqpFadNSJEYCQGEss1C9wQu7WaIWzqsLevdwj69w9VSpU6uBSa39eBaedRFWpTmLTfl7tcF8WKomTk2=w2000-h1500-no?authuser=0\" width=\"2000\" height=\"1500\" alt=\"Quartos (2 quartos)\" class=\"size-medium\" \/><\/a><figcaption class=\"wp-caption-text\">Quartos (2 quartos)<\/figcaption><\/figure>\n<figure class=\"wp-caption aligncenter\"><a href=\"https:\/\/photos.google.com\/share\/AF1QipPBGl-8xkJZnHtVXvg0YYrv8yq6w-belMDEHSh7XnyIbBMnaLTOWkQC58y7lu5FZg\/photo\/AF1QipMAOLFTbqjHmpPwK8ZtdF3pwyxRZaLg5BQoF2c?key=cUFfZ1FaTmpJZVlneU0xSWVTOURYcGwzUFBLZGtB\" target=\"_blank\" rel=\"noopener\"><img decoding=\"async\" src=\"https:\/\/lh3.googleusercontent.com\/pw\/AM-JKLVGxH8uFBcDDdjGzYFnJh3pxOOvwyZ3_I5Q0Qk-_9b4k_E6Ot6hiDpEV7DtTgIkBj7__MgN4rmtoWMY0ADi-U1qQZmzVOoQbhMqxOwzf5I5eC5vVhHnm0wUSR9CC6nXAmDsyn83P2Cnn9vlAN8MXC-j=w2000-h1500-no?authuser=0\" width=\"2000\" height=\"1500\" alt=\"quarto\" class=\"size-medium\" \/><\/a><figcaption class=\"wp-caption-text\">quarto<\/figcaption><\/figure>\n<h2>Jardim Yokkuru<\/h2>\n<p>Na manh\u00e3 seguinte, depois de uma boa noite de sono e de acordar nos sentindo revigorados, Seki nos mostrou o Jardim Yokkuru, que fica nas depend\u00eancias do hotel.<\/p>\n<figure class=\"wp-caption aligncenter\"><a href=\"https:\/\/photos.google.com\/share\/AF1QipPBGl-8xkJZnHtVXvg0YYrv8yq6w-belMDEHSh7XnyIbBMnaLTOWkQC58y7lu5FZg\/photo\/AF1QipNFsZkj7E_zBbV-O2RPMiyFSpKtO1ZZkyzJOIM?key=cUFfZ1FaTmpJZVlneU0xSWVTOURYcGwzUFBLZGtB\" target=\"_blank\" rel=\"noopener\"><img decoding=\"async\" src=\"https:\/\/lh3.googleusercontent.com\/pw\/AM-JKLWyGyxfJeiZOSBub1f_b54zQAPwogyLsWGM7K6D6dK6hzAi1HTu_0JlC31ac2sIbk3w0iX-hNjp2CN3FP7UFS0S_PFvLjd35t0WnpCaLcO1Sg2UKnrUKiWPISF07pouDdbHbaERhYl_7WLZj7vbj1wz=w2000-h1333-no?authuser=0\" width=\"2000\" height=\"1333\" alt=\"Sobre Yokkurugarden\" class=\"size-medium\" \/><\/a><figcaption class=\"wp-caption-text\">Sobre Yokkurugarden<\/figcaption><\/figure>\n<p>No Jardim Yokkuru, os vegetais e ervas s\u00e3o cultivados utilizando m\u00e9todos de permacultura, sem pesticidas, sem fertilizantes qu\u00edmicos e com t\u00e9cnicas de agricultura natural.<\/p>\n<p>Os h\u00f3spedes podem colher vegetais da horta e com\u00ea-los no caf\u00e9 da manh\u00e3. Que ideia maravilhosa!<br \/>\nInfelizmente, quando visitei, a maioria dos vegetais j\u00e1 havia acabado.<\/p>\n<p>Se voc\u00ea visitar no auge do ver\u00e3o, poder\u00e1 encontrar muitos vegetais deliciosos...<br \/>\nEstou ansioso por isso!!!<\/p>\n<figure class=\"wp-caption aligncenter\"><a href=\"https:\/\/photos.google.com\/share\/AF1QipPBGl-8xkJZnHtVXvg0YYrv8yq6w-belMDEHSh7XnyIbBMnaLTOWkQC58y7lu5FZg\/photo\/AF1QipP2TumReyO5f2bIB_-253AJDSn2fTsvYUxP63E?key=cUFfZ1FaTmpJZVlneU0xSWVTOURYcGwzUFBLZGtB\" target=\"_blank\" rel=\"noopener\"><img decoding=\"async\" src=\"https:\/\/lh3.googleusercontent.com\/pw\/AM-JKLWGMSNHl0_Tj3oh-40KcPrq_lAGgVt-YY2SqGAFYzUxZLfMDV4emWbPZxhEU7iFJGItqAXL7rF48ESzShV4uR6eiZ5Ku6aK3QxUOC2bAXfjYpYlcFfNxMzz4EcsR9cpy27BWwchMzU7ifMqi-DUeyDR=w2000-h1333-no?authuser=0\" width=\"2000\" height=\"1333\" alt=\"Jardim Yokkuru\" class=\"size-medium\" \/><\/a><figcaption class=\"wp-caption-text\">Jardim Yokkuru<\/figcaption><\/figure>\n<figure class=\"wp-caption aligncenter\"><a href=\"https:\/\/photos.google.com\/share\/AF1QipPBGl-8xkJZnHtVXvg0YYrv8yq6w-belMDEHSh7XnyIbBMnaLTOWkQC58y7lu5FZg\/photo\/AF1QipOeUiPJIkIvbpSjf76Pt6zWiPDfzrHVwloRKy0?key=cUFfZ1FaTmpJZVlneU0xSWVTOURYcGwzUFBLZGtB\" target=\"_blank\" rel=\"noopener\"><img decoding=\"async\" src=\"https:\/\/lh3.googleusercontent.com\/pw\/AM-JKLUPqU-Lfe9JDPH36qud1Tq-MBky_dEzZ_pvCbRcJ0TaL2aYCpFflgtVlABozHWGLpjW6EupaMWRV21OeZYbYF7SahqboJpOnG8UP1aZBtpFl1u8aShJVzivNXIaGHz5x_K1RWM_py8GaLa7WHpl3NU1=w2000-h1333-no?authuser=0\" width=\"2000\" height=\"1333\" alt=\"Um jardim onde se cultivam v\u00e1rios vegetais.\" class=\"size-medium\" \/><\/a><figcaption class=\"wp-caption-text\">Um jardim onde se cultivam v\u00e1rios vegetais.<\/figcaption><\/figure>\n<figure class=\"wp-caption aligncenter\"><a href=\"https:\/\/photos.google.com\/share\/AF1QipPBGl-8xkJZnHtVXvg0YYrv8yq6w-belMDEHSh7XnyIbBMnaLTOWkQC58y7lu5FZg\/photo\/AF1QipNjr-9J9iZUtrxuvxViaYdAKMRGTCYAkVT2s2s?key=cUFfZ1FaTmpJZVlneU0xSWVTOURYcGwzUFBLZGtB\" target=\"_blank\" rel=\"noopener\"><img decoding=\"async\" src=\"https:\/\/lh3.googleusercontent.com\/pw\/AM-JKLVJLXxAzz6pT7OmtyIc7pqLExSBwZUaipDTtwNpkWutWJaFeP96tELw0kA2Zpian9-Ph-Kj5Po29F8YCMErZJUrOel7UCQTWqzN0ioghRM6IQib0mq74cQOQhAbLq9KSezFX0x9cAzQioU4X_q8bb3c=w2000-h1333-no?authuser=0\" width=\"2000\" height=\"1333\" alt=\"Jardim de ervas\" class=\"size-medium\" \/><\/a><figcaption class=\"wp-caption-text\">Jardim de ervas<\/figcaption><\/figure>\n\n        <div class=\"site-blogcard-premium\">\n            <div class=\"bc-label-custom\">Artigos relacionados<\/div>\n            <div class=\"bc-flex-container\">\n                <div class=\"bc-main-text\">\n                    <div class=\"bc-title-link-box\">\n                        <a href=\"https:\/\/morinoseikatsu.org\/yokkuru\" target=\"_blank\">Yokkuru na Floresta: Hospedagem em Hotel e Chal\u00e9s em Shimokawa, Hokkaido | ONG Vida na Floresta<\/a>\n                    <\/div>\n                    <div class=\"bc-excerpt-box\">Acomoda\u00e7\u00e3o em Shimokawa-cho, Kitakami-gun, Hokkaido. Este chal\u00e9, equipado com cozinha, \u00e9 ideal para estadias prolongadas. Tamb\u00e9m funciona como hotel executivo.<\/div>\n                <\/div>\n                <div class=\"bc-thumbnail-box\">\n                    <a href=\"https:\/\/morinoseikatsu.org\/yokkuru\" target=\"_blank\">\n                        <div class=\"bc-img-zoom-wrap\">\n                            <img decoding=\"async\" src=\"https:\/\/morinoseikatsu.org\/wp-content\/themes\/morinoseikatsu2016\/assets\/images\/common\/og_image.jpg\" alt=\"Yokkuru na Floresta: Hospedagem em Hotel e Chal\u00e9s em Shimokawa, Hokkaido | ONG Vida na Floresta\">\n                        <\/div>\n                    <\/a>\n                <\/div>\n            <\/div>\n        <\/div>\n\u3000<br \/>\nGostaria de expressar minha sincera gratid\u00e3o a todos os envolvidos em conduzir Shimokawa a uma grande cidade com um futuro brilhante e em expans\u00e3o.<br \/>\nCom amor, gratid\u00e3o e ora\u00e7\u00f5es infinitas pela maravilhosa cidade de Shimokawa, onde coexistimos com a natureza, a vida flui e tudo est\u00e1 interligado...<br \/>\n\u3000<\/p>\n<h2>Outras fotos<\/h2>\n<p><font color=\"#ff9900\">\u25b6<\/font><a href=\"https:\/\/photos.app.goo.gl\/3gnUNqCvgGtcoH7aA\" target=\"_blank\" rel=\"noopener noreferrer\">As fotos (242 fotos) do evento de interc\u00e2mbio entre Shimokawa e Hokuryu podem ser encontradas aqui &gt;&gt;<\/a><\/p>\n<h2>Artigos relacionados<\/h2>\n\n\u3000\u3000<br \/>\n\u25c7 Fotografia e edi\u00e7\u00e3o: Noboru Terauchi Entrevista e texto: Ikuko Terauchi<br \/>\n\u3000<\/p>\n<h2>Cidade de Shimokawa<\/h2>\n<blockquote><p><span style=\"font-style:normal\"><a href=\"https:\/\/goo.gl\/maps\/Dk2dsECA6davifit8\" target=\"_blank\" rel=\"noopener noreferrer\"><img decoding=\"async\" style=\"border: solid 1px blue;\" src=\"https:\/\/lh3.googleusercontent.com\/pw\/AM-JKLX9KofQqdqSQHXXU7c2Tq-_vKUtw2dXDI8giDk9N0qmO4Vazx_iCsFWhvNNrsXxut6Km9JORT5YwpgG-6Isk_EgEHinzXxfrCtaPTXWmBWtTA_5Bq6nP3tzXkHliIfG2byE9z6eDQhTrRmyS-bWi6kO=w2186-h1594-no?authuser=0\" alt=\"Mapa: Cidade de Shimokawa\" width=\"250\" class=\"alignleft\"\/><\/a>[C\u00e2mara Municipal de Shimokawa]<br \/>\n63 Saiwai-cho, Shimokawa-cho, Kamikawa-gun, Hokkaido<br \/>\nTelefone: 01655-4-2511<br \/>\n[\u00c1rea] 644,2 mil m\u00b2<br \/>\nPopula\u00e7\u00e3o: 3.124 pessoas, 1.687 domic\u00edlios<br \/>\n[N\u00famero de turistas] 2019: 92.390 pessoas (Gomi Onsen, Grande Muralha, etc.)<br \/>\n[Eventos] 2019: 16.200 pessoas (Festival do Udon, Museu da Vela de Gelo, etc.)<a href=\"https:\/\/www.town.shimokawa.hokkaido.jp\/shoukai\/2021\/04\/2020.html\" rel=\"noopener\" target=\"_blank\">Do Guia da Cidade (edi\u00e7\u00e3o de 2020)<\/a>\u300d<br \/>\n[P\u00e1gina inicial]<a href=\"https:\/\/www.town.shimokawa.hokkaido.jp\/\" target=\"_blank\" rel=\"noopener noreferrer\">Cidade de Shimokawa - Norte de Hokkaido, uma cidade onde nasce a emo\u00e7\u00e3o -<\/a><br \/>\n<\/span><\/p><\/blockquote>","protected":false},"excerpt":{"rendered":"<p>\uff12\uff10\uff12\uff11\u5e74\uff11\uff10\u6708\uff12\uff15\u65e5\uff08\u6708\uff09 \u5348\u5f8c\uff12\u6642\u306b\u3001\u4e0b\u5ddd\u753a\u5f79\u5834\u653f\u7b56\u63a8\u9032\u8ab2\u30fb\u4e80\u7530\u614e\u53f8 \u4e3b\u5e79\u3068\u5f85\u3061\u5408\u308f\u305b\u3057\u305f\u3001\u307e\u3061\u304a\u3053\u3057\u30bb\u30f3\u30bf\u30fc\u300c\u30b3\u30e2\u30ec\u30d3\u300d\u3092\u8a2a\u554f\u3002 \u307e\u3061\u304a\u3053\u3057\u30bb\u30f3\u30bf\u30fc\u300c\u30b3\u30e2\u30ec\u30d3\u300d \u300c\u30b3\u30e2\u30ec\u30d3\u300d\u306f\u3001\u30e2\u30ce\u30fb\u30b3\u30c8\u30fb\u30d2\u30c8 [&hellip;]<\/p>\n","protected":false},"author":1,"featured_media":13741,"comment_status":"open","ping_status":"open","sticky":false,"template":"","format":"standard","meta":{"footnotes":""},"categories":[4],"tags":[],"class_list":["post-13655","post","type-post","status-publish","format-standard","has-post-thumbnail","hentry","category-cover-story"],"_links":{"self":[{"href":"https:\/\/portal.hokuryu.info\/pt\/wp-json\/wp\/v2\/posts\/13655","targetHints":{"allow":["GET"]}}],"collection":[{"href":"https:\/\/portal.hokuryu.info\/pt\/wp-json\/wp\/v2\/posts"}],"about":[{"href":"https:\/\/portal.hokuryu.info\/pt\/wp-json\/wp\/v2\/types\/post"}],"author":[{"embeddable":true,"href":"https:\/\/portal.hokuryu.info\/pt\/wp-json\/wp\/v2\/users\/1"}],"replies":[{"embeddable":true,"href":"https:\/\/portal.hokuryu.info\/pt\/wp-json\/wp\/v2\/comments?post=13655"}],"version-history":[{"count":0,"href":"https:\/\/portal.hokuryu.info\/pt\/wp-json\/wp\/v2\/posts\/13655\/revisions"}],"wp:featuredmedia":[{"embeddable":true,"href":"https:\/\/portal.hokuryu.info\/pt\/wp-json\/wp\/v2\/media\/13741"}],"wp:attachment":[{"href":"https:\/\/portal.hokuryu.info\/pt\/wp-json\/wp\/v2\/media?parent=13655"}],"wp:term":[{"taxonomy":"category","embeddable":true,"href":"https:\/\/portal.hokuryu.info\/pt\/wp-json\/wp\/v2\/categories?post=13655"},{"taxonomy":"post_tag","embeddable":true,"href":"https:\/\/portal.hokuryu.info\/pt\/wp-json\/wp\/v2\/tags?post=13655"}],"curies":[{"name":"wp","href":"https:\/\/api.w.org\/{rel}","templated":true}]}}