{"id":1273,"date":"2020-02-26T06:40:35","date_gmt":"2020-02-25T21:40:35","guid":{"rendered":"https:\/\/portal.hokuryu.info\/?p=1273"},"modified":"2020-02-26T07:23:12","modified_gmt":"2020-02-25T22:23:12","slug":"post-1273","status":"publish","type":"post","link":"https:\/\/portal.hokuryu.info\/pt\/1273\/","title":{"rendered":"O prefeito Yutaka Sano faz um discurso apaixonado em seu primeiro dia de trabalho no terceiro mandato."},"content":{"rendered":"<p>Quarta-feira, 26 de fevereiro de 2020<\/p>\n<p>Na ter\u00e7a-feira, 25 de fevereiro de 2020, sob um c\u00e9u azul e l\u00edmpido, o prefeito Yutaka Sano iniciou seu terceiro mandato como prefeito.<\/p>\n<h2>Primeira visita \u00e0 Prefeitura de Hokuryu<\/h2>\n<p>\u00c0s 8h45, o prefeito Yutaka Sano chegou em frente \u00e0 entrada principal da prefeitura e saiu de seu ve\u00edculo oficial. Ele recebeu um buqu\u00ea de flores de funcion\u00e1rios e entrou no pr\u00e9dio sob uma calorosa salva de palmas.<\/p>\n<h3>Apresentando um buqu\u00ea<\/h3>\n<figure class=\"wp-caption aligncenter\"><a href=\"https:\/\/photos.google.com\/share\/AF1QipNnWN4S_o3NJhzQ158v4Jfn5pZyfkqxBKiVjOXLXsj_NOiSkJiYfjuLq3vUcFlhNw\/photo\/AF1QipMOxKSM0mpb8KmpKo3u40ckhVkKI7crbIL_8q0?key=WVBGQk9rd2xxdU5qckVtU1IySHliQ1M3UkY1bHdB\" target=\"_blank\" rel=\"noopener noreferrer\"><img decoding=\"async\" src=\"https:\/\/lh3.googleusercontent.com\/7kgtQBIVMu1OBJPNXsFe382SKxCk2fHF8j2xVjsdvthnFnc8YwhwNJl2VaoEQIM98V8jB6M4qfpHLwetSX9JD2lDHYuID3gIbIAd5T0Bns5cjWUZRzQktusQ4Lv17dGsYKqA0PvGjWRkT_KA-zX5tjfuT0mxYGqdfnDDwpZWr0t7K_71A0NwcPyXmQKDVwbBH53VCZGO3698FXEf6FxvS3-gV1G8Ahwk7lPbHobSjjwz69TFHe6d4ywf9MrdH3V2_Tsj_vtVfOoKvvlB806HcYymBwmUIRD3u3Oouo2CTJoUuyxM5xh1JkHvKrU5WPHOFhA0wxlSluq8R9tdCi0vM05hT5C2929-AymK576eHPWeJMM_QwHkWqlrU9BmZTiJkR6ei75apnMOIF3U03OIouRTdEQFv6w0V8R-xbzuBPmKcgOGLeZXa_nU04oEEFVr79LjsUcRWzUvPqTYz6CsVDsGpgUs2kIyC_wI-urieauRtHf9fpPJXuFzJPC8QuRFuRyHNt6p01IvMyEzwJ-6qYTItB8Gla69nPtNDNA-gGDB6_Skphc3m2RVOYSKbXWpwUMkWGtInZyFL17xhG07-QwBu5YA36VswxN9kzMb6pSlEhvJ5vg6SEIvTOmjynCPxFKyYYwc4sCjlZsdmrCmV2d8THfc0DPr9ni60ruAI_BJ5Zp0xwubu_APRCOO9dtSPrhpUkr6Lk2M5fh2y5LeObCeeOIdRbjtHaf-LkhPSFqS9Snt=w2000-h1332-no\" width=\"1998\" height=\"1332\" alt=\"Prefeito Sano recebendo um buqu\u00ea de boas-vindas\" class=\"size-medium\" \/><\/a><figcaption class=\"wp-caption-text\">Prefeito Sano recebendo um buqu\u00ea de boas-vindas<\/figcaption><\/figure>\n<h3>Os funcion\u00e1rios o receberam com aplausos.<\/h3>\n<figure class=\"wp-caption aligncenter\"><a href=\"https:\/\/photos.google.com\/share\/AF1QipNnWN4S_o3NJhzQ158v4Jfn5pZyfkqxBKiVjOXLXsj_NOiSkJiYfjuLq3vUcFlhNw\/photo\/AF1QipPqrhVZA-0nl1A3Mm8UewEFPSZt1a_osr5eH_U?key=WVBGQk9rd2xxdU5qckVtU1IySHliQ1M3UkY1bHdB\" target=\"_blank\" rel=\"noopener noreferrer\"><img decoding=\"async\" src=\"https:\/\/lh3.googleusercontent.com\/5ax7JDN2H24mXNXJ2OR68bG7aiINT6cqpfjuicr_hLAzgU3psf8wrp4T_DnZb4zsUvWeBfs5Qn063DA1xkAjAPDSf5gfv6eWuoFx18AVG9HGd-8tbFho7OL-ANGpaFonOoSCuUi_kDChPHAgfTKxWb8CS5lCHCRg2FXT5uVHbBz4kL0aFWZNFoabC04gODofbQA65LL53yEWO77ATBZ1rIMwD5Hw2X5Reu6nbO6faoEaDuaQ98pW22MH4biO78lkPQMTo0hV3t_7iWxKgY_jRs-oZjyxjN4NNhSrIec7o25vqkJw-o4z4BWqvAFcmh7wSIjtCAjqF1qLq8O_IQQoitcSn0cUbH9ZxTv4-ouzu8My-foeavpW5LSKb52osG2i3uq57vRchiReqtW-DHrfvKEUxqnnmEQ83tOIEm3BN95bj8WXfr_hyjt2T9dNYo-dozKEDA_EejDDjMFrl5nFIvpmlE_juaIEunjDltND6Fj3ZYti-Cr8X_FusWDZZGHGjIgsIjewNc92VgKCxo1wDfSOZTi-lQ-C9-CHvEePA6ejERcHdLuON7lAwVJrfExgd_jKmxummfQ88CfA6TBRdqz3WNaykrqECDvYvFJ8EJ7bqFvvjsKTMSg5L8SBhCrrP1mhck4rFt_2Zyj6KaauLHEMH2THTmVycn5N5S1aKUxx89XSQ_oe2fFrTM3adijH8FWDYYKDszcArAhjQc7XMZyWglM_7NIrZwtLsVDLxt3URLqO=w2000-h1332-no\" width=\"1998\" height=\"1332\" alt=\"Os funcion\u00e1rios o receberam com aplausos.\" class=\"size-medium\" \/><\/a><figcaption class=\"wp-caption-text\">Os funcion\u00e1rios o receberam com aplausos.<\/figcaption><\/figure>\n<h3>Com gratid\u00e3o!<\/h3>\n<figure class=\"wp-caption aligncenter\"><a href=\"https:\/\/photos.google.com\/share\/AF1QipNnWN4S_o3NJhzQ158v4Jfn5pZyfkqxBKiVjOXLXsj_NOiSkJiYfjuLq3vUcFlhNw\/photo\/AF1QipOXEwToFXrkJsatPNUsvFCR24Ercaq7jK0VnFc?key=WVBGQk9rd2xxdU5qckVtU1IySHliQ1M3UkY1bHdB\" target=\"_blank\" rel=\"noopener noreferrer\"><img decoding=\"async\" src=\"https:\/\/lh3.googleusercontent.com\/vXx1ZZJXntd52I2lPHonhAKW_tXmC45Uly_sZkw8r5rLfLAPCnOgmzo46XTavXRadrzjR_WL9dehUvNRmHHnkb-wJCMsKcNu7SHsEjak7w9nKC3ZIp2rmnc0By2TH5o1iN_IvMlO64TMHQR-ciz9IbSkLcH35Jys_dIFVXsjwY4mIqoIDjk3nfvaF0-hR_w63cGtkP5zgkvW8Q3mdvrlBA_-9LHtO8gyORIuwaIOV2em7rdED8m9xZiFFshvx6CJuU-AOmxQaTXiXJcN5-x9BHnXOm7KiYtQRQWEAu7O3bU5xop8KwtaUjaYwrda_bbJkzWfdu_qjm6mIkmGIGu3ssd7huqs8j6HKUxxDM34wpVsxAUKZfWgB-CgE2tTyhBr1W9JJGG8LGU80YlQC8-98YNAVUwAh5yxPFWecs-pTmfu1j8goWRANjFIsSFeKEO7lxls-dqsIe9iaXFUrcVoF4HMC-A-gMGsKNT-bqLHK-_IdSz5-ftt5kBt-CDu2_3utbr_i6mXY5mBk4Es2qif9uGtcHitCBgQaC8-I2TRV3Oi0QTkiTq7m3hhRN9ibv0CBnQavbVEK1G4xjOjeSX9hWLi1motsQLtkh8VJlpAYJmffh5zoCE3G9K3TBhgMswYiv5PhlXVuzA9SnHazzYjfOGNXI8J8scfUbWRlbbXHEnopIY80lsq53WGYrqtSluqa7htrn-6fUwFX-P-DQYpjZ2Iofup8qqV9pw4kGTLFEJApTl1=w2000-h1332-no\" width=\"1998\" height=\"1332\" alt=\"Obrigada pelo buqu\u00ea!\" class=\"size-medium\" \/><\/a><figcaption class=\"wp-caption-text\">Obrigada pelo buqu\u00ea!<\/figcaption><\/figure>\n<h2>instru\u00e7\u00e3o<\/h2>\n<p>O prefeito Yutaka Sano fez um discurso no plen\u00e1rio da assembleia sobre seu terceiro mandato.<\/p>\n<figure class=\"wp-caption aligncenter\"><a href=\"https:\/\/photos.google.com\/share\/AF1QipNnWN4S_o3NJhzQ158v4Jfn5pZyfkqxBKiVjOXLXsj_NOiSkJiYfjuLq3vUcFlhNw\/photo\/AF1QipMc-euibdHaCdyZlYxGQfcuCiyAqQ_dcm8-0d0?key=WVBGQk9rd2xxdU5qckVtU1IySHliQ1M3UkY1bHdB\" target=\"_blank\" rel=\"noopener noreferrer\"><img decoding=\"async\" src=\"https:\/\/lh3.googleusercontent.com\/LlB0yG4BQuNBEi4CU38h0OvIOl3ZFAzWiChm3muGYEkvolu271924GfyX8V_TX-NqiQY1hHh4J6EGTbm2ag5Cej_RniPMz8f4xGfloDsYhXQz-HLUjq4ldeunp134EgN-L49w9jrD30kh4z9fX7I2pzbrFvNmLuO3VNJpMa099WA27Q8iry6aI11DCz9M2v9To0ocZmKvnkmmpmFCxB0MSQHpuDB49oHdqPO3kCERun0Q-vbiaJ51kR4oK_qbngFM41Hmi67kDs9cPE6qxGWb4gctgWpYnT0MElbemQRqQ3HNuXtP22Y-RX1MpozrDzbdrMOeYqtgzMR2FxKV9PABUg5EGC1UJHXgd--_eZw2KPjJR7HliLCvtkFLrwtz73m-YU2ZxxM6cLpE7MDYIlAsttou2H97vXm23BFlRaFCu-aD_6xdg6K7k3GlypqfyFP6hCUn1da42fwzQq3MQpiUfsmO-AdT1GS-Yf6SreniwtqNCYGlxUoZH-vKMmK88KkyCHc0VhvhQ1adckm0jbmhDV7yEzYnQYF4dJL3gtfBu7AQyyMk57POJ_N--8iNrPchmKHaxZhTnM7lJHzQfsDj7spCOxWeNpY_IYJIknBVpOdS6pTodQRpOsVlF2id9mgnWZLYMRtQRyM2MzdYWqfdv9J_Ga9VoT6a1bQjEg4NnpXN3-RcVfvfiLFb2msgrpyRyE4EIFtva5WyPyout__g-fR8xh42UABeZtqaHMD6IZDHoCA=w2000-h1332-no\" width=\"1998\" height=\"1332\" alt=\"O prefeito Sano discursa no plen\u00e1rio.\" class=\"size-medium\" \/><\/a><figcaption class=\"wp-caption-text\">O prefeito Sano discursa no plen\u00e1rio.<\/figcaption><\/figure>\n<figure class=\"wp-caption aligncenter\"><a href=\"https:\/\/photos.google.com\/share\/AF1QipNnWN4S_o3NJhzQ158v4Jfn5pZyfkqxBKiVjOXLXsj_NOiSkJiYfjuLq3vUcFlhNw\/photo\/AF1QipNcW66OUUemrrG-lDM6E7EeHiaWmIJ9F3Q4FzA?key=WVBGQk9rd2xxdU5qckVtU1IySHliQ1M3UkY1bHdB\" target=\"_blank\" rel=\"noopener noreferrer\"><img decoding=\"async\" src=\"https:\/\/lh3.googleusercontent.com\/oHbj6g5g-m8rE4YoxguAzMUyXkUnQYRkJCbEdle2V4I-EZJD31FTnWYG5RGSxx_m5JUgrOwSa29xcW6yOFS-9pP0U7m1jtcAteoG4746s2Mf0OCKE0pcVfWdGffHeBwPN9_KAQf5Qy6NVtVBHvJrcoykB0rGeIuLrVwaeyn-s9wwePhHEx0xuP0HPdDHONxbw-ruf5VIIe469z3wOYqD9pF3nzqqGiN89UFXzY6TpLn7z7TMHIMwi7hrWyHdFmPBV8E1ICVJ9qZdYgm05wPuetXwx-s9IAcyoVPGQ87dqwhcrpzKOobMwezyZ2EMxJ6wQPjGfdFdGuckyrVpAct4haGpPPFsSwVNuApAkc_kL9Cw9_eWr8i84_AvWlTGqXRvivNFoak7Fj7qFv2XPyukszP3yzCEGleT2Ap4v3waASkEN36rRFQY5QlWJByJFpWD5TPtOwrTYIriLlcDsY84XsCkIpVvKcwGyibO-91uFGDvc-SylNPMfm2nNdh8SXl0GgIyw0MjkZXHyQLSiVafiBrafMyRx_pSAJERhXXjRH4FNWwKE8uYjfNJP4W1oMqVcMvboOjRuicEV14wVOjrbDh_SsSA21LAgy9XTeeNfZZJjEes1DWCoMTUlni6cODjNv_i7H_JRKgT_wOgSauiCWhL3u4O_mUB5sHAXyZf4oYANE2d1EYuuEfvLz2EvFYpVOJdIzjkaUBMmNivXDNI2MNsV1ZYjlo46EmXVCIR_u9O93EX=w2000-h1332-no\" width=\"1998\" height=\"1332\" alt=\"Prefeito Yutaka Sano fazendo discurso\" class=\"size-medium\" \/><\/a><figcaption class=\"wp-caption-text\">Prefeito Yutaka Sano fazendo discurso<\/figcaption><\/figure>\n<p>&quot;Gostaria de lhe transmitir os meus cumprimentos ao iniciar o meu terceiro mandato.&quot;<br \/>\nGra\u00e7as ao apoio esmagador de muitos moradores e ao incentivo caloroso de todos os funcion\u00e1rios da cidade, fui eleito sem oposi\u00e7\u00e3o para o meu terceiro mandato. Estou determinado a dar o meu melhor, assumindo esta grande responsabilidade com sinceridade.<\/p>\n<h3>Um ponto de virada hist\u00f3rico<\/h3>\n<p>\u00c0 medida que a sociedade passa por grandes transforma\u00e7\u00f5es, as pequenas cidades rurais que dependem exclusivamente das ind\u00fastrias prim\u00e1rias e da agricultura enfrentam um desafio verdadeiramente complexo: como vislumbrar seu futuro? Acredito que essa seja uma quest\u00e3o importante. Al\u00e9m disso, estamos em um momento hist\u00f3rico crucial em muitas \u00e1reas, com a necessidade de responder a problemas ambientais globais, \u00e0 ocorr\u00eancia de desastres naturais que causam enormes preju\u00edzos e, agora, \u00e0 pandemia da COVID-19.<\/p>\n<h3>Formular um plano abrangente de 10 anos<\/h3>\n<p>Este ano, a cidade de Hokuryu est\u00e1 formulando um plano abrangente de 10 anos que vigorar\u00e1 at\u00e9 2028.<br \/>\nNesse contexto, a promo\u00e7\u00e3o de uma administra\u00e7\u00e3o que integre agricultura, turismo, com\u00e9rcio, imigra\u00e7\u00e3o, interc\u00e2mbio, sa\u00fade, bem-estar e educa\u00e7\u00e3o \u00e9 necess\u00e1ria para desenvolver uma cidade que utilize Himawari. Para alcan\u00e7ar esse objetivo, apesar da atual situa\u00e7\u00e3o financeira cr\u00edtica, ser\u00e1 necess\u00e1rio abordar a deteriora\u00e7\u00e3o das instala\u00e7\u00f5es p\u00fablicas, revisar os projetos existentes e envolver os moradores no desenvolvimento colaborativo da cidade.<\/p>\n<h3>Unindo a engenhosidade e a sabedoria dos moradores para criar uma cidade de longevidade saud\u00e1vel.<\/h3>\n<p>Portanto, gostar\u00edamos de aproveitar ao m\u00e1ximo os atrativos da cidade de Hokuryu, com foco em gastronomia, turismo e sa\u00fade, e reunir a engenhosidade e a sabedoria dos moradores para torn\u00e1-la uma cidade de longevidade saud\u00e1vel por meio de produtos agr\u00edcolas seguros e confi\u00e1veis e das Termas de Hokuryu, um resort de sa\u00fade.<\/p>\n<p>Em 1\u00ba de fevereiro, a popula\u00e7\u00e3o da cidade de Hokuryu era de 1.796 habitantes. Mesmo sendo uma cidade pequena, \u00e9 importante que seus moradores sejam cheios de vitalidade e riqueza espiritual. Gostaria de trabalhar arduamente para que isso se torne realidade.<\/p>\n<figure class=\"wp-caption aligncenter\"><a href=\"https:\/\/photos.google.com\/share\/AF1QipNnWN4S_o3NJhzQ158v4Jfn5pZyfkqxBKiVjOXLXsj_NOiSkJiYfjuLq3vUcFlhNw\/photo\/AF1QipOGPpeJ-44Wzs3wgBsem7fFHZdXKsiEIHYaIkQ?key=WVBGQk9rd2xxdU5qckVtU1IySHliQ1M3UkY1bHdB\" target=\"_blank\" rel=\"noopener noreferrer\"><img decoding=\"async\" src=\"https:\/\/lh3.googleusercontent.com\/0uc6TecbWFpJcsg-Vnry1L_X0eD5u220_3c2JS_TF4nHPCrgt5DsTDPWG9WAh0GIwPasPePb7p9G48aDmQ6XnIZ7W47O2BBWEKLqhl506OkrUutzSyAhV6WEgEfeYkIcNwYd3BKRjAy29XwnXGZieqnF0pevPpgtbAp7HwxttzPAReqGHwH6peNBQxzXdfK29cEbVWg67eGipzofLB0VqDyocSWo8ejj8-Ut2mnPn65TOBfs5uHYH_IZSSuGSJRcH2MoE5w9nyZiq5HSlaPUr9JdrGsQ60AoTp47JcEsQysIKGhFLMvYKevIgvje2jEHYFpJr0IXuVbUiJ7v87i9zkmaNPqgLHb3PQ_Ir-UfogkrjM-36zbwCmCoxqN_m-jRMIRkMYHdMS5bo6KKtbif-qz4GW4Tk-AAL0PVsKTboRR5zoePu5wJL0wvCuNC-t82dGKBQwqVhhlx-nHTph7vL5MGT1pmDGt7lFTRW2PNgEMFie56ZQyhBlATT7sI-0pT4LAdTnu_01a4WP9z0umOXGySELHsbLx-y35bfeebADOMsleTmvD4sLtTHGY50BdhyA-pVyWStol20QRSFKdSs9imp0ZAeUcThX1SlP9kWTAgPkbNUVI4wLPCM5y0aYns6lmfossNigtRxxhv5SwmdIrcqie2pSyp_PPhXGXS3osq_WMHil6fdRMqPmPkn81a1j7S0rVrRUCnkGJrCz111ZtZC9L8P-LUGPhBEqdu_tJMypsy=w2000-h1332-no\" width=\"1998\" height=\"1332\" alt=\"Nosso objetivo \u00e9 criar uma cidade onde os moradores desempenhem um papel importante!\" class=\"size-medium\" \/><\/a><figcaption class=\"wp-caption-text\">Nosso objetivo \u00e9 criar uma cidade onde os moradores desempenhem um papel importante!<\/figcaption><\/figure>\n<h3>A cidade de Hokuryu \u00e9 muito conceituada em todo o pa\u00eds.<\/h3>\n<p>A cidade de Hokuryu \u00e9 muito conceituada e atrai a aten\u00e7\u00e3o de todo o pa\u00eds.<\/p>\n<h4>Agricultura que produz produtos agr\u00edcolas seguros e confi\u00e1veis.<\/h4>\n<p>Uma delas \u00e9 a agricultura, que produz produtos agr\u00edcolas seguros e confi\u00e1veis. A cidade de Hokuryu tem se empenhado em reduzir o uso de pesticidas nos arrozais e obteve a certifica\u00e7\u00e3o JAS para arrozais, que exige a divulga\u00e7\u00e3o de informa\u00e7\u00f5es sobre a produ\u00e7\u00e3o. Hokuryu \u00e9 a \u00fanica cidade no Jap\u00e3o a possuir tal certifica\u00e7\u00e3o. Como resultado, a cidade recebeu uma quantia impressionante de doa\u00e7\u00f5es por meio do sistema de impostos municipais.<\/p>\n<h4>Uma vila de girass\u00f3is com um novo encanto.<\/h4>\n<p>A paisagem de Himawari no Sato conquistou o cora\u00e7\u00e3o de muitas pessoas e agora atrai a aten\u00e7\u00e3o de todo o pa\u00eds como um dos principais destinos tur\u00edsticos do Jap\u00e3o, com vistas deslumbrantes n\u00e3o s\u00f3 no Jap\u00e3o, mas tamb\u00e9m em todo o mundo. No entanto, como j\u00e1 se passaram mais de 30 anos desde a constru\u00e7\u00e3o de Himawari no Sato, ser\u00e1 necess\u00e1rio lidar com a deteriora\u00e7\u00e3o do mirante e do centro de visitantes.<\/p>\n<p>Como voc\u00ea sabe, o auge da temporada de girass\u00f3is vai do final de julho ao final de agosto, um per\u00edodo de um m\u00eas. Estamos considerando a abordagem geral e gostar\u00edamos de transformar este local em uma vila de girass\u00f3is com um novo apelo, da qual possamos nos orgulhar em todo o pa\u00eds, e uma cidade que os turistas possam visitar durante todo o ano.<\/p>\n<h3>Uma cidade que pode contribuir para a sociedade em termos de bem-estar e educa\u00e7\u00e3o.<\/h3>\n<p>Com base na imagem vibrante e saud\u00e1vel dos girass\u00f3is e na nossa rica agricultura natural, gostar\u00edamos de fazer desta cidade um local que possa contribuir para a sociedade tanto em termos de bem-estar quanto de educa\u00e7\u00e3o.<\/p>\n<p>Meu trabalho como prefeito \u00e9 garantir que os moradores da cidade possam viver em paz e trabalhar pela sua felicidade. Pretendo me empenhar para criar uma cidade onde os cidad\u00e3os sejam os protagonistas.<\/p>\n<h3>Reunindo a sabedoria e a for\u00e7a de todos os membros da equipe.<\/h3>\n<p>&quot;Para alcan\u00e7ar esse objetivo, acredito que devemos trabalhar juntos, unindo a sabedoria e a for\u00e7a de todos os nossos funcion\u00e1rios. Gostaria de pedir a sua cont\u00ednua compreens\u00e3o e coopera\u00e7\u00e3o, e com isso concluo meu discurso ao assumir o cargo para o meu terceiro mandato. Aguardo com expectativa a oportunidade de trabalhar com todos voc\u00eas&quot;, disse o prefeito Yutaka Sano em uma declara\u00e7\u00e3o impactante.<\/p>\n<figure class=\"wp-caption aligncenter\"><a href=\"https:\/\/photos.google.com\/share\/AF1QipNnWN4S_o3NJhzQ158v4Jfn5pZyfkqxBKiVjOXLXsj_NOiSkJiYfjuLq3vUcFlhNw\/photo\/AF1QipMlBpMBrkyJO8E_kWtXyAzVh9FfeqOLx0svnrc?key=WVBGQk9rd2xxdU5qckVtU1IySHliQ1M3UkY1bHdB\" target=\"_blank\" rel=\"noopener noreferrer\"><img decoding=\"async\" src=\"https:\/\/lh3.googleusercontent.com\/GshtPVxDVUs1WP7yte6cW1CBb30wzXddJNpTWDkk108MpItlmnAbigSzwJdcTEFXRDFkHZOJXOD9f9d380n7_Pk33-s7rjJ2dhLV8ZqnkhJLEYGf-Ta0FUvNHw40HUyyRcIqZzYECEyYBpDGSVsJ1VF1KwxqfjsvCmjC3V9peKSsrXLJ0hCeX8v0BpdpligQ7BF4lMCwaSyD2GhMkVGOdCRRQVM_zaql01fdwSrIG1034EvJBCyi0aIfVYmG2RcdjPNTRNcsBWClNas3idTcQ-5Z9Wkh90wZBwZFR7swxdSQGfBSRf0qDLY5F9jkgM5Rqxk8sptgNgiFW4jWW8X6P4oyQ2z5i1ipLMd6-LBGHO5RURAIsPOWzb6VpU3GwHOa9VmOvzdSztMNPnPiimdKU9DSlppC95QJtKPqv1eYjC1OD8qc04Nf9mYSbPU3CLi4Wh07VhvvbqdSm4t2L40KX68LYPojmzRlovGy3ezbqDVVr6GLrmKgxRloLeP_eY6V7nHsX7IPXq7B5zZBY0iVgCRtzyhYju_SjQoEqGDwahwp90QDhO3y8mcm8Kxu9RIL4hfTQo9Olse-Wgkjx6amFyE2AF_F8jDkPXcVOlg3olsL4gSBob9G4qQcGoN9n4KQgEjjqKzykg7X7X-FPbJpSly8tLTBrwxE95OQswpWLJx9-CM1dQeavig3dQ6AvboTQjTVDEIn5tSinfD9ROc2GpN5nLKrW-GggkzR-6cPKTe1m9FK=w2000-h1332-no\" width=\"1998\" height=\"1332\" alt=\"Almejando um futuro brilhante para a cidade de Hokuryu!\" class=\"size-medium\" \/><\/a><figcaption class=\"wp-caption-text\">Almejando um futuro brilhante para a cidade de Hokuryu!<\/figcaption><\/figure>\n<p>A cidade de Hokuryu \u00e9 uma cidade agr\u00edcola onde girass\u00f3is vibrantes e saud\u00e1veis e uma natureza abundante prosperam.<br \/>\nO prefeito Sano tem como objetivo fazer da cidade um lugar que compartilhe a felicidade e a alegria de seus moradores, e seu terceiro mandato ver\u00e1 a cidade crescer e prosperar.<br \/>\nCom amor, gratid\u00e3o e ora\u00e7\u00f5es infinitas...<\/p>\n<figure class=\"wp-caption aligncenter\"><a href=\"https:\/\/photos.google.com\/share\/AF1QipPJHjgKuZ4mcIVhLcOqD8HjMVaWC6u9uwnS5zyc9gdMvbQM1IR8TST1xcrPUPZi6g\/photo\/AF1QipOhsXe99agK2nV553riB1j5OEQ3npk6Gg6fcI4?key=XzFBSzJaalFuWkFrNk55TVdjSU9QTTRYZW1adi13\" target=\"_blank\" rel=\"noopener noreferrer\"><img decoding=\"async\" src=\"https:\/\/lh3.googleusercontent.com\/7hX6ie1CQ5aiOE3qmsV0r7FGRJEKq5Omw5TAYgIzOErw-p4zzrewojuTeG7ByRGhzQjNnJooFraAZ9WKt8Qkdg8xhGQKAQixPmugapCOnMi85cqcoxN7H0LLAOJQFj0EjmYuLudPOE9NMMAmUvzdP_KA_di-PmUScx43U1NDdbs4G_UVSVIhjTzkuWJzoW01kHwWXbojlHOxKS30ypIrEmyrOXdiWKi2Y9-jfF9Cf7nUEZ5yVLFe_dsHxw-uXjl3pf5_0QxH7YyAiKHmArQfYk5kTAmRot0PwqSjUP6DhbEdmOt-AhjgqY6HYjk9ITdgNZHkJ-esEFlrwwg7XmLAxLWTUrdHx9jbuBwhAIslyqVhMRXv-3YXYDuhogl8FRz2xw7Fo-BZE9rDlBoq91--8EbmwpP9DVBcq8qRQ6SaIcP3ZujXDoAn4LAIl6YiyBHe9X6x55eIB43ADZ0C4E_rBQRTXV3i7Ju_C3oiuhPnedzZ7J6exgXb7YkBai3HbWhQd6-qyKhzKT3d5xAYE3i9UI9_e0r7er9QvuZ-JSRhaqg41Cc8_LG1nwJdRZJWBkFgB2SDnivThoM96dP4KpjRRcBRQTdd3S0Y7Q-9gvv6m-Ldtt294P4woKKUXtHwAlBZqJ4RITyQf-GSRuTRpGYq0C7Kv-IU9eAxLrJfAzX22D-dgTg8YcY1OhqsCgDuQ5OGvZKzlH9Qr_ytBlV0JLxXd6ab5ghN6py2B3Lji-h8RbJCJSU5=w2000-h1332-no\" width=\"1998\" height=\"1332\" alt=\"Com amor, gratid\u00e3o e ora\u00e7\u00f5es infinitas...\" class=\"size-medium\" \/><\/a><figcaption class=\"wp-caption-text\">Com amor, gratid\u00e3o e ora\u00e7\u00f5es infinitas...<\/figcaption><\/figure>\n\u3000<\/p>\n<h2>Artigos relacionados<\/h2>\n<p>\u30fb<a href=\"https:\/\/portal.hokuryu.info\/pt\/634\/\">Yutaka Sano vence elei\u00e7\u00e3o sem oposi\u00e7\u00e3o para prefeito da cidade de Hokuryu e faz discurso de rua em apelo por desenvolvimento urbano que &quot;compartilhe alegria&quot;.<\/a>(29 de janeiro de 2020)<br \/>\n\u3000<\/p>\n<p>\u25c7 Fotografia e edi\u00e7\u00e3o: Noboru Terauchi Entrevista e texto: Ikuko Terauchi<\/p>","protected":false},"excerpt":{"rendered":"<p>\uff12\uff10\uff12\uff10\u5e74\uff12\u6708\uff12\uff16\u65e5\uff08\u6c34\uff09 \u4ee4\u548c\uff12\u5e74\uff12\u6708\uff12\uff15\u65e5\uff08\u706b\uff09\u3001\u6674\u308c\u6e21\u308b\u9752\u7a7a\u306e\u5143\u3001\u4f50\u91ce\u8c4a\u753a\u9577\u306e\uff13\u671f\u76ee\u306e\u521d\u767b\u5e81\u306e\u65e5\u3092\u8fce\u3048\u307e\u3057\u305f\u3002 \u5317\u7adc\u753a\u5f79\u5834\u3078\u521d\u767b\u5e81 \u671d\uff18\u6642\uff14\uff15\u5206\u3001\u5e81\u820e\u6b63\u9762\u7384\u95a2\u524d\u306b\u6a2a\u4ed8\u3051\u3055\u308c\u516c\u7528\u8eca\u304b\u3089\u964d\u308a\u3089\u308c\u305f\u4f50 [&hellip;]<\/p>\n","protected":false},"author":1,"featured_media":1279,"comment_status":"open","ping_status":"open","sticky":false,"template":"","format":"standard","meta":{"footnotes":""},"categories":[4],"tags":[],"class_list":["post-1273","post","type-post","status-publish","format-standard","has-post-thumbnail","hentry","category-cover-story"],"_links":{"self":[{"href":"https:\/\/portal.hokuryu.info\/pt\/wp-json\/wp\/v2\/posts\/1273","targetHints":{"allow":["GET"]}}],"collection":[{"href":"https:\/\/portal.hokuryu.info\/pt\/wp-json\/wp\/v2\/posts"}],"about":[{"href":"https:\/\/portal.hokuryu.info\/pt\/wp-json\/wp\/v2\/types\/post"}],"author":[{"embeddable":true,"href":"https:\/\/portal.hokuryu.info\/pt\/wp-json\/wp\/v2\/users\/1"}],"replies":[{"embeddable":true,"href":"https:\/\/portal.hokuryu.info\/pt\/wp-json\/wp\/v2\/comments?post=1273"}],"version-history":[{"count":0,"href":"https:\/\/portal.hokuryu.info\/pt\/wp-json\/wp\/v2\/posts\/1273\/revisions"}],"wp:featuredmedia":[{"embeddable":true,"href":"https:\/\/portal.hokuryu.info\/pt\/wp-json\/wp\/v2\/media\/1279"}],"wp:attachment":[{"href":"https:\/\/portal.hokuryu.info\/pt\/wp-json\/wp\/v2\/media?parent=1273"}],"wp:term":[{"taxonomy":"category","embeddable":true,"href":"https:\/\/portal.hokuryu.info\/pt\/wp-json\/wp\/v2\/categories?post=1273"},{"taxonomy":"post_tag","embeddable":true,"href":"https:\/\/portal.hokuryu.info\/pt\/wp-json\/wp\/v2\/tags?post=1273"}],"curies":[{"name":"wp","href":"https:\/\/api.w.org\/{rel}","templated":true}]}}