{"id":12670,"date":"2021-09-03T06:39:05","date_gmt":"2021-09-02T21:39:05","guid":{"rendered":"https:\/\/portal.hokuryu.info\/?p=12670"},"modified":"2026-03-19T17:34:45","modified_gmt":"2026-03-19T08:34:45","slug":"%e6%b1%a0%e3%81%ab%e6%98%a0%e3%82%8a%e8%be%bc%e3%82%80%e7%a9%ba%e6%a8%a1%e6%a7%98","status":"publish","type":"post","link":"https:\/\/portal.hokuryu.info\/pt\/12670\/","title":{"rendered":"C\u00e9u de outono refletido no lago"},"content":{"rendered":"<p>Sexta-feira, 3 de setembro de 2021<\/p>\n<p>As espigas de capim prateado balan\u00e7am ao vento, e o c\u00e9u azul claro e as nuvens brancas se refletem no reservat\u00f3rio, criando uma paisagem pitoresca.<\/p>\n<figure class=\"wp-caption aligncenter\"><a href=\"https:\/\/photos.google.com\/share\/AF1QipMoNM93UftZnWiXv1Quqov49gQx4fiXKtOKyLkwD7yE_90QynY3VQOvJJRQ7jk0SQ\/photo\/AF1QipM90-QLR_k8Y6KOrls6On-Xhmql4PFbqc5mo9E?key=RHFxYWtsWl9ta19pVVZlY3N6N0ZPRGQ5dzU3WXd3\" target=\"_blank\" rel=\"noopener\"><img decoding=\"async\" class=\"size-medium\" src=\"https:\/\/lh3.googleusercontent.com\/pw\/AM-JKLVwvwOFrDpjXjuqgqW8vw4WdU7HnFNcFHWdi79Z4f3Hlv_Z8RSB8IGMwrTa8v1t5c4Sx-JTdrftYJCPH6HomauAvE0PCqOCSwbYmxKtADSrh2lRMMxro7i86kEMeORM1MkIejHKvy5tQ471THYd2kkB=w2000-h1333-no?authuser=0\" alt=\"O c\u00e9u refletido no lago\" width=\"2000\" height=\"1333\" \/><\/a><figcaption class=\"wp-caption-text\">O c\u00e9u refletido no lago<\/figcaption><\/figure>\n<figure class=\"wp-caption aligncenter\"><a href=\"https:\/\/photos.google.com\/share\/AF1QipMoNM93UftZnWiXv1Quqov49gQx4fiXKtOKyLkwD7yE_90QynY3VQOvJJRQ7jk0SQ\/photo\/AF1QipMRF3wYgP1HY8eFGdhfwWGQqGlEGAEhqSNxuB0?key=RHFxYWtsWl9ta19pVVZlY3N6N0ZPRGQ5dzU3WXd3\" target=\"_blank\" rel=\"noopener\"><img decoding=\"async\" class=\"size-medium\" src=\"https:\/\/lh3.googleusercontent.com\/pw\/AM-JKLVAwz89Eqp9sT-1PsZDl_fydNTpKKtjm7Em8l5gN_kse13AyKTdwwq1YnQsJjbbgbDhBVsLswjECWsYBnPcc-17MeWVbNHmPb943Q8UGXSKNvjSk7KeG9ciCpjhoCrmfj8kQ66z5qXFHTbB_FagESU_=w2000-h1333-no?authuser=0\" alt=\"Grama prateada balan\u00e7ando ao vento\" width=\"2000\" height=\"1333\" \/><\/a><figcaption class=\"wp-caption-text\">Grama prateada balan\u00e7ando ao vento<\/figcaption><\/figure>\n<p>\u25c7 noboru e ikuko<\/p>","protected":false},"excerpt":{"rendered":"<p>Sexta-feira, 3 de setembro de 2021. As espigas de capim prateado balan\u00e7am ao vento, e o c\u00e9u azul claro e as nuvens brancas se refletem no lago, criando uma paisagem pitoresca. \u25c7 noboru &amp; ikuko<\/p>","protected":false},"author":1,"featured_media":12671,"comment_status":"open","ping_status":"open","sticky":false,"template":"","format":"standard","meta":{"footnotes":""},"categories":[119],"tags":[],"class_list":["post-12670","post","type-post","status-publish","format-standard","has-post-thumbnail","hentry","category-scene"],"_links":{"self":[{"href":"https:\/\/portal.hokuryu.info\/pt\/wp-json\/wp\/v2\/posts\/12670","targetHints":{"allow":["GET"]}}],"collection":[{"href":"https:\/\/portal.hokuryu.info\/pt\/wp-json\/wp\/v2\/posts"}],"about":[{"href":"https:\/\/portal.hokuryu.info\/pt\/wp-json\/wp\/v2\/types\/post"}],"author":[{"embeddable":true,"href":"https:\/\/portal.hokuryu.info\/pt\/wp-json\/wp\/v2\/users\/1"}],"replies":[{"embeddable":true,"href":"https:\/\/portal.hokuryu.info\/pt\/wp-json\/wp\/v2\/comments?post=12670"}],"version-history":[{"count":1,"href":"https:\/\/portal.hokuryu.info\/pt\/wp-json\/wp\/v2\/posts\/12670\/revisions"}],"predecessor-version":[{"id":71381,"href":"https:\/\/portal.hokuryu.info\/pt\/wp-json\/wp\/v2\/posts\/12670\/revisions\/71381"}],"wp:featuredmedia":[{"embeddable":true,"href":"https:\/\/portal.hokuryu.info\/pt\/wp-json\/wp\/v2\/media\/12671"}],"wp:attachment":[{"href":"https:\/\/portal.hokuryu.info\/pt\/wp-json\/wp\/v2\/media?parent=12670"}],"wp:term":[{"taxonomy":"category","embeddable":true,"href":"https:\/\/portal.hokuryu.info\/pt\/wp-json\/wp\/v2\/categories?post=12670"},{"taxonomy":"post_tag","embeddable":true,"href":"https:\/\/portal.hokuryu.info\/pt\/wp-json\/wp\/v2\/tags?post=12670"}],"curies":[{"name":"wp","href":"https:\/\/api.w.org\/{rel}","templated":true}]}}