{"id":11992,"date":"2021-08-04T09:17:27","date_gmt":"2021-08-04T00:17:27","guid":{"rendered":"https:\/\/portal.hokuryu.info\/?p=11992"},"modified":"2023-06-15T15:23:32","modified_gmt":"2023-06-15T06:23:32","slug":"%e5%8c%97%e7%ab%9c%e7%94%ba%e3%81%b2%e3%81%be%e3%82%8f%e3%82%8a%e3%81%ae%e9%87%8c%e5%9f%ba%e6%9c%ac%e8%a8%88%e7%94%bb%e3%83%bb%e7%94%ba%e6%b0%91%e8%aa%ac%e6%98%8e%e4%bc%9a%e3%81%8c%e7%94%ba%e5%86%85","status":"publish","type":"post","link":"https:\/\/portal.hokuryu.info\/pt\/11992\/","title":{"rendered":"O Plano Diretor da Vila dos Girass\u00f3is da cidade de Hokuryu e Sess\u00f5es de Informa\u00e7\u00e3o para os Moradores foram realizadas em dois locais da cidade, com os moradores ouvindo atentamente."},"content":{"rendered":"<p>Quarta-feira, 4 de agosto de 2021<\/p>\n<p>Na cidade de Hokuryu, a &quot;Sess\u00e3o de Informa\u00e7\u00e3o aos Cidad\u00e3os sobre o Plano B\u00e1sico da Vila do Girassol&quot; foi realizada na quarta-feira, 28 de julho, a partir das 16h no Centro de Prop\u00f3sito de Vida Heisui e a partir das 18h no Sal\u00e3o Principal do Centro Comunit\u00e1rio.<\/p>\n<h2>Plano Diretor da Vila Sunflower e Sess\u00e3o Informativa para os Moradores<\/h2>\n<p>Cerca de 15 moradores da cidade compareceram \u00e0 palestra no sal\u00e3o principal do centro comunit\u00e1rio e ouviram atentamente.<\/p>\n<figure class=\"wp-caption aligncenter\"><a href=\"https:\/\/photos.google.com\/share\/AF1QipPWzqBSMrANcAW4XE9xfO-kWb-hqPADDaQd7GcrOzVyCYo_phN0YZBmAQrOwmznzw\/photo\/AF1QipMNqNrPzwIMdcLhRmeHOZKTtt8ci3oJFsuuxRI?key=MzB2d2hpZ0RyRzAybWJvS05FZVBJeUdCOHRlZEJB\" target=\"_blank\" rel=\"noopener\"><img decoding=\"async\" src=\"https:\/\/lh3.googleusercontent.com\/pw\/AM-JKLW4msPbzXt7SM_eZKbXvonB1j7FJyR70bpBYJ6uIDwoWBBQr_5Aa7N_moFF57OU7bM8uj80NEzFQLX7xxNmvX__63ON7jFfdzdb0n6bWjgHQIPgYEiFUUkTi6DwrqBaMEG5fd7M5i36Gb-0V70HXcjn=w2000-h1333-no?authuser=0\" width=\"2000\" height=\"1333\" alt=\"Sess\u00e3o Informativa sobre o Plano Diretor da Vila dos Girass\u00f3is da Cidade de Hokuryu\" class=\"size-full\" \/><\/a><figcaption class=\"wp-caption-text\">Sess\u00e3o Informativa sobre o Plano Diretor da Vila dos Girass\u00f3is da Cidade de Hokuryu<\/figcaption><\/figure>\n<figure class=\"wp-caption aligncenter\"><a href=\"https:\/\/photos.google.com\/share\/AF1QipPWzqBSMrANcAW4XE9xfO-kWb-hqPADDaQd7GcrOzVyCYo_phN0YZBmAQrOwmznzw\/photo\/AF1QipO1D7xf1NiIGZrEx_uyXQf6Kq1DUJl1c79Co-E?key=MzB2d2hpZ0RyRzAybWJvS05FZVBJeUdCOHRlZEJB\" target=\"_blank\" rel=\"noopener\"><img decoding=\"async\" src=\"https:\/\/lh3.googleusercontent.com\/pw\/AM-JKLVa2-07hQC2mcGeCXkqRCvi5K4itbUxMqmTeoQ22ETbRQCsB4CXNsqIqGiVjrfsuTDBaS7drQYis5nJMKLvD-qezX-PmxvECBUZCZgxofiHMm6x3eSSfPSzYUvN-QWKOCP_F_WicUx_XEVCBGqjtxlM=w2000-h1333-no?authuser=0\" width=\"2000\" height=\"1333\" alt=\"Os moradores da cidade escutam atentamente.\" class=\"size-full\" \/><\/a><figcaption class=\"wp-caption-text\">Os moradores da cidade escutam atentamente.<\/figcaption><\/figure>\n<h2>Sauda\u00e7\u00f5es do prefeito Yutaka Sano<\/h2>\n<figure class=\"wp-caption aligncenter\"><a href=\"https:\/\/photos.google.com\/share\/AF1QipPWzqBSMrANcAW4XE9xfO-kWb-hqPADDaQd7GcrOzVyCYo_phN0YZBmAQrOwmznzw\/photo\/AF1QipOuYZIG5CSUi7yuXKeHqdhILRwK1TmJeZZWmTI?key=MzB2d2hpZ0RyRzAybWJvS05FZVBJeUdCOHRlZEJB\" target=\"_blank\" rel=\"noopener\"><img decoding=\"async\" src=\"https:\/\/lh3.googleusercontent.com\/pw\/AM-JKLUUvnv5iFT8ZUuCbho8yVaMl0eLcJUIEwabg1HSySWgjcb8W0luHdKauyEIVLy3xNFERRaH5iJ6vcBbogn355RkQfCfoeAmuoqIVVHlethzSa9l824GCB58qQ6MSdJUAwzOhQGdXQo7W-r3zqNxbAt6=w2000-h1333-no?authuser=0\" width=\"2000\" height=\"1333\" alt=\"Sauda\u00e7\u00f5es do prefeito Yutaka Sano\" class=\"size-full\" \/><\/a><figcaption class=\"wp-caption-text\">Sauda\u00e7\u00f5es do prefeito Yutaka Sano<\/figcaption><\/figure>\n<p>&quot;Agrade\u00e7o a todos por dedicarem um tempo de suas agendas lotadas para estarem aqui.&quot;<\/p>\n<p>Temos tido dias muito quentes, com temperaturas acima de 30 graus todos os dias. Tenho certeza de que todos voc\u00eas est\u00e3o se sentindo muito cansados. Ontem, por volta das 15h, fez 35,5 graus e, hoje, \u00e0s 14h, estava fazendo 35,3 graus. Nunca vi um calor t\u00e3o extremo, com temperaturas acima de 35 graus.<\/p>\n<p>Al\u00e9m disso, houve dias sem chuva, o que gera preocupa\u00e7\u00e3o com o crescimento das planta\u00e7\u00f5es. Em termos de precipita\u00e7\u00e3o, ca\u00edram 23,2 mm no dia 4 de junho, 2,5 mm no dia 20 de junho e, nos dias 5 e 6 de julho, choveu de Imoseushicho a Hokuryubashi, mas a chuva se transformou em garoa ao entrarmos em Hokuryucho, com apenas 1 mm acumulado nesses dois dias. Trabalho na prefeitura h\u00e1 cerca de 50 anos, mas nunca vi um ano com t\u00e3o pouca chuva.<\/p>\n<p>Acredito que culturas agr\u00edcolas como trigo, trigo sarraceno e soja estejam em uma situa\u00e7\u00e3o dif\u00edcil devido \u00e0 escassez de \u00e1gua.<\/p>\n<p>Por outro lado, as plantas de arroz j\u00e1 cresceram, as flores desabrocharam e o amadurecimento come\u00e7ou. No entanto, estamos preocupados com o impacto dessa alta temperatura.<\/p>\n<p>Embora a pandemia do coronav\u00edrus j\u00e1 dure um ano e meio, n\u00e3o houve casos confirmados na cidade de Hokuryu. Gostaria de expressar minha sincera gratid\u00e3o aos moradores da cidade por seu alto n\u00edvel de conscientiza\u00e7\u00e3o e esfor\u00e7os no combate ao v\u00edrus. Quanto \u00e0 vacina\u00e7\u00e3o contra a COVID-19, ontem, todos os moradores agendados, incluindo aqueles com idade entre 12 e 16 anos, foram vacinados.<\/p>\n<p>Este ano, plantamos flores em Himawari no Sato, e os lindos girass\u00f3is est\u00e3o em plena flora\u00e7\u00e3o. No entanto, decidimos cancelar o Festival do Girassol e todos os eventos no Centro Tur\u00edstico.<\/p>\n<p>Os girass\u00f3is n\u00e3o est\u00e3o muito altos devido \u00e0 falta de chuva, mas est\u00e3o florescendo lindamente. O campo principal de girass\u00f3is foi plantado com a expectativa de que florescessem nos dias 3 e 4 de agosto, mas hoje cerca de 80% das flores j\u00e1 est\u00e3o desabrochando, e esperamos que estejam em plena flora\u00e7\u00e3o neste fim de semana. Durante o feriado prolongado de quatro dias, a partir de 22 de julho, muitos turistas visitaram a vila e apreciaram os girass\u00f3is.<\/p>\n<p>A esta\u00e7\u00e3o de beira de estrada, Sunflower Park Hokuryu Onsen, estava repleta de visitantes. Ouvimos dizer que o portal da cidade de Hokuryu teve mais que o dobro de acessos este ano em compara\u00e7\u00e3o com o ano passado.<\/p>\n<p>Faremos o poss\u00edvel para garantir que a \u00e1rea esteja totalmente preparada para o Festival do Girassol do pr\u00f3ximo ano.<\/p>\n<p>Hoje estamos realizando uma sess\u00e3o informativa sobre o Plano Diretor da Vila do Girassol. Originalmente, esta sess\u00e3o estava agendada para mar\u00e7o, mas pedimos desculpas pelo atraso devido \u00e0s medidas de controle da COVID-19.<\/p>\n<p>&quot;O respons\u00e1vel dar\u00e1 uma explica\u00e7\u00e3o completa. Gostar\u00edamos de levar em considera\u00e7\u00e3o a opini\u00e3o de muitos de voc\u00eas e prosseguir com os planos de desenvolvimento da Vila Girassol. Contamos com a sua colabora\u00e7\u00e3o&quot;, disse o prefeito Sano em uma sauda\u00e7\u00e3o cordial.<\/p>\n<h2>Explica\u00e7\u00e3o do Plano Diretor de Himawari no Sato<\/h2>\n<p>A explica\u00e7\u00e3o foi dada por Hajime Minami, chefe da Divis\u00e3o Industrial da Prefeitura de Hokuryu.<\/p>\n<figure class=\"wp-caption aligncenter\"><a href=\"https:\/\/photos.google.com\/share\/AF1QipPWzqBSMrANcAW4XE9xfO-kWb-hqPADDaQd7GcrOzVyCYo_phN0YZBmAQrOwmznzw\/photo\/AF1QipNDG6j7Dn88dZSJoXWkiFC0gxGuB5fWPd6XzDc?key=MzB2d2hpZ0RyRzAybWJvS05FZVBJeUdCOHRlZEJB\" target=\"_blank\" rel=\"noopener\"><img decoding=\"async\" src=\"https:\/\/lh3.googleusercontent.com\/pw\/AM-JKLWSF1xdvBa99lD9SgBkCeKg3Gu1cMul8QTiaHjoXpL95Er53v6XNaGEY_hqvxbGFvEDPszoKQb77tBsI_0r8kagumu4fKhQHSG2-l86EbT75kRea3Ddp6SO1Tbc7gA83kwRc0ZJCL3mO02CyRgf4UMQ=w2000-h1333-no?authuser=0\" width=\"2000\" height=\"1333\" alt=\"Explica\u00e7\u00e3o de Hajime Nanba, Diretor da Divis\u00e3o Industrial da Prefeitura de Hokuryu.\" class=\"size-full\" \/><\/a><figcaption class=\"wp-caption-text\">Explica\u00e7\u00e3o de Hajime Nanba, Diretor da Divis\u00e3o Industrial da Prefeitura de Hokuryu.<\/figcaption><\/figure>\n<h3>Vis\u00e3o geral do Plano Diretor da Vila dos Girass\u00f3is da Cidade de Hokuryu<\/h3>\n<h4>1. Plano, contexto e objetivos<\/h4>\n<h4>2. Situa\u00e7\u00e3o atual do turismo na cidade de Hokuryu<\/h4>\n<p>(1) Situa\u00e7\u00e3o em Hokkaido<br \/>\n(2) Tend\u00eancias no n\u00famero de turistas e h\u00f3spedes que pernoitam na cidade de Hokuryu<br \/>\n(3) Tend\u00eancias no n\u00famero de turistas e h\u00f3spedes que pernoitam na cidade de Hokuryu por esta\u00e7\u00e3o do ano<br \/>\n(4) Tend\u00eancias no n\u00famero de visitantes do Festival do Girassol<br \/>\n(5) Caracter\u00edsticas dos visitantes do Festival do Girassol<\/p>\n<h4>3. Desafios enfrentados pelo turismo na cidade de Hokuryu<\/h4>\n<p>(1) Turismo durante todo o ano<br \/>\n(2) Desenvolvimento de especialidades locais e lembran\u00e7as<br \/>\n(3) Divulga\u00e7\u00e3o de informa\u00e7\u00f5es<br \/>\n(4) Descobrir e aprimorar recursos tur\u00edsticos al\u00e9m de Himawari<br \/>\n(5) Garantir recursos financeiros<br \/>\n(6) Desenvolvimento da Vila do Girassol<\/p>\n<h4>4. A vis\u00e3o da cidade de Hokuryu<\/h4>\n<p><strong>filosofia<\/strong><\/p>\n<p><strong>\u30fbPromo\u00e7\u00e3o do Turismo e da Agricultura em Hokuryu:<\/strong>Criar uma cidade sustent\u00e1vel onde os turistas possam relaxar em um ambiente agr\u00edcola seguro e protegido, onde os moradores possam se orgulhar e se envolver em atividades econ\u00f4micas.<\/p>\n<p><strong>\u30fbVila dos Girass\u00f3is:<\/strong>Criar uma paisagem que possa divulgar ao mundo a &quot;Vila dos Girass\u00f3is&quot;, um s\u00edmbolo dos m\u00e9todos de cultivo de girass\u00f3is da cidade de Hokuryu.<\/p>\n<h4>5. Sistema de Promo\u00e7\u00e3o Tur\u00edstica da Cidade de Hokuryu<\/h4>\n<p><strong>\u30fbMoradores da cidade:<\/strong>Espera-se que os moradores aprofundem sua compreens\u00e3o da natureza, hist\u00f3ria e cultura da cidade de Hokuryu, redescubram o encanto do turismo em Hokuryu e se envolvam no turismo local com ainda mais carinho e orgulho por sua cidade natal.<\/p>\n<p><strong>\u30fbOrganiza\u00e7\u00f5es relacionadas ao turismo:<\/strong>Iremos fortalecer a coopera\u00e7\u00e3o entre as organiza\u00e7\u00f5es e trabalhar para coordenar e cooperar com os moradores e o governo, a fim de desenvolver atividades promocionais eficazes para atrair visitantes, promover o turismo entre os moradores e melhorar a hospitalidade.<\/p>\n<p><strong>\u00b7Administra\u00e7\u00e3o:<\/strong>A cidade de Hokuryu promover\u00e1 medidas de fomento ao turismo com a coopera\u00e7\u00e3o dos moradores, organiza\u00e7\u00f5es ligadas ao turismo, o governo nacional e Hokkaido, e se empenhar\u00e1 em apoiar os neg\u00f3cios tur\u00edsticos desenvolvidos de forma independente por cada entidade.<\/p>\n<h3>Uma vila de girass\u00f3is que espalha sua mensagem pelo mundo.<\/h3>\n<figure class=\"wp-caption aligncenter\"><a href=\"https:\/\/photos.google.com\/share\/AF1QipPWzqBSMrANcAW4XE9xfO-kWb-hqPADDaQd7GcrOzVyCYo_phN0YZBmAQrOwmznzw\/photo\/AF1QipOMKSJik_mHuP2d2kpY3MUbysmiwm8YM58cggI?key=MzB2d2hpZ0RyRzAybWJvS05FZVBJeUdCOHRlZEJB\" target=\"_blank\" rel=\"noopener\"><img decoding=\"async\" src=\"https:\/\/lh3.googleusercontent.com\/pw\/AM-JKLXY0ZKvoHyaG09GUVJgTWOB15JaoBUXwSwRLeB5nS3lfGYEQJZpa1Bjg6JRJyaHX7Asg8AP6xWiwLX9Suu1nUkls0RRHRgzzgl6x0zWk3Atax78ISlHtBowwKP7myCZL0LlOVVpuwIJ1tOXo8GVjMuR=w2000-h1333-no?authuser=0\" width=\"2000\" height=\"1333\" alt=\"Uma vila de girass\u00f3is que espalha sua mensagem pelo mundo.\" class=\"size-full\" \/><\/a><figcaption class=\"wp-caption-text\">Uma vila de girass\u00f3is que espalha sua mensagem pelo mundo.<\/figcaption><\/figure>\n<h4>Conceito do projeto: Estrutura de madeira que destaca os girass\u00f3is da cidade de Hokuryu.<\/h4>\n<figure class=\"wp-caption aligncenter\"><a href=\"https:\/\/photos.google.com\/share\/AF1QipPWzqBSMrANcAW4XE9xfO-kWb-hqPADDaQd7GcrOzVyCYo_phN0YZBmAQrOwmznzw\/photo\/AF1QipMneAgG2PXG9SSYDSiD7Q9ilIWVK3QCrMJashE?key=MzB2d2hpZ0RyRzAybWJvS05FZVBJeUdCOHRlZEJB\" target=\"_blank\" rel=\"noopener\"><img decoding=\"async\" src=\"https:\/\/lh3.googleusercontent.com\/pw\/AM-JKLX8sU5RPGa4y_ZzAybibbAoAOc0E-NCnp_2knEeUmWDshm-efvWoxjXTrEolll5kiXf4LpYqh5RDj7aUouGcO_sMGRLGNR7_KZ1JDxxxQzWZ0TWO2jydFLD8yFQ5YVlZg6djTZkwCTg0UbayulnncD8=w2000-h1333-no?authuser=0\" width=\"2000\" height=\"1333\" alt=\"Conceito de design\" class=\"size-full\" \/><\/a><figcaption class=\"wp-caption-text\">Conceito de design<\/figcaption><\/figure>\n<h4>Plano geral de layout<\/h4>\n<figure class=\"wp-caption aligncenter\"><a href=\"https:\/\/photos.google.com\/share\/AF1QipPWzqBSMrANcAW4XE9xfO-kWb-hqPADDaQd7GcrOzVyCYo_phN0YZBmAQrOwmznzw\/photo\/AF1QipPUR4PDImkqwa_Kxs-DJpqcJQ-jT7jrUWLD_hI?key=MzB2d2hpZ0RyRzAybWJvS05FZVBJeUdCOHRlZEJB\" target=\"_blank\" rel=\"noopener\"><img decoding=\"async\" src=\"https:\/\/lh3.googleusercontent.com\/pw\/AM-JKLVzEVPHBEkGWOkLxqfVbO2-tUnYZwoRG2KqR_3mPb0S0oXDOrjwkdt4sLQn7ORVThnyjgqtrEJlRxTU3pIpXn-ty7fUrLMHI73zMljBaaTa2KqkAIbp2yXSuyZT_b5x3c1BYOjvHoEYy-RPBrgX9Zfm=w2000-h1333-no?authuser=0\" width=\"2000\" height=\"1333\" alt=\"Plano geral de layout\" class=\"size-full\" \/><\/a><figcaption class=\"wp-caption-text\">Plano geral de layout<\/figcaption><\/figure>\n<h4>O mirante que serve como \u00e1rvore simb\u00f3lica<\/h4>\n<figure class=\"wp-caption aligncenter\"><a href=\"https:\/\/photos.google.com\/share\/AF1QipPWzqBSMrANcAW4XE9xfO-kWb-hqPADDaQd7GcrOzVyCYo_phN0YZBmAQrOwmznzw\/photo\/AF1QipPWpgbBjZu7YvMc_jJi5SWbij7jdUR7rXaRsM8?key=MzB2d2hpZ0RyRzAybWJvS05FZVBJeUdCOHRlZEJB\" target=\"_blank\" rel=\"noopener\"><img decoding=\"async\" src=\"https:\/\/lh3.googleusercontent.com\/pw\/AM-JKLWTmBLsYPBxFzyVywYAn5LbAzw0kKQB0422cU8AEjLKom8nUm3uTUtyafqS8y2gxTcK89nl5QCfOiapo4b_1i27KmlkO27wrgL0w8l4c-drqHdZwEak-lv_jRoK7gdZdKm4C6I4Dnubqpw6p0t3wLO0=w2000-h1333-no?authuser=0\" width=\"2000\" height=\"1333\" alt=\"O mirante que serve como \u00e1rvore simb\u00f3lica\" class=\"size-full\" \/><\/a><figcaption class=\"wp-caption-text\">O mirante que serve como \u00e1rvore simb\u00f3lica<\/figcaption><\/figure>\n<h4>Centro Tur\u00edstico: Um grande telhado de madeira que acolhe os visitantes.<\/h4>\n<figure class=\"wp-caption aligncenter\"><a href=\"https:\/\/photos.google.com\/share\/AF1QipPWzqBSMrANcAW4XE9xfO-kWb-hqPADDaQd7GcrOzVyCYo_phN0YZBmAQrOwmznzw\/photo\/AF1QipMfCREHHgyf6WyXOXUL8DNc2-NNywv-2xHOzQA?key=MzB2d2hpZ0RyRzAybWJvS05FZVBJeUdCOHRlZEJB\" target=\"_blank\" rel=\"noopener\"><img decoding=\"async\" src=\"https:\/\/lh3.googleusercontent.com\/pw\/AM-JKLU6X7svi4fk9zUsGLoCm9HWSLZJdWXr1vPmsCzEoMMcWy_7S25ir7Xgq5X6AvFVSYYJ1udtFnkPSEsQkHsHlVwygHno8SQbpZY6zX5WfjgaUTp4CkUCD8ncvDEPFykPWtB0O5BMqmx0kjsvhOKcZO2M=w2000-h1333-no?authuser=0\" width=\"2000\" height=\"1333\" alt=\"Centro Tur\u00edstico\" class=\"size-full\" \/><\/a><figcaption class=\"wp-caption-text\">Centro Tur\u00edstico<\/figcaption><\/figure>\n<h4>Centro Tur\u00edstico: Mapa do Andar<\/h4>\n<figure class=\"wp-caption aligncenter\"><a href=\"https:\/\/photos.google.com\/share\/AF1QipPWzqBSMrANcAW4XE9xfO-kWb-hqPADDaQd7GcrOzVyCYo_phN0YZBmAQrOwmznzw\/photo\/AF1QipMwDAL0TFlnrVEaokYlpJj0ZuraE7qQHyC2kZU?key=MzB2d2hpZ0RyRzAybWJvS05FZVBJeUdCOHRlZEJB\" target=\"_blank\" rel=\"noopener\"><img decoding=\"async\" src=\"https:\/\/lh3.googleusercontent.com\/pw\/AM-JKLVoW2Tg2TyZBVVTR183tQ3zgF5uDH6NV8i3knqw1OWpQXO0qB8G8rHovf51XcNxfE3V-Ac1lg1Em3LS7lDSLbQL45fSSfJNJtT6lEj9eG5IFkKHH-OUKJzktOxtIYMpLuNQudYWwyTS8M5imBpZrz1u=w2000-h1333-no?authuser=0\" width=\"2000\" height=\"1333\" alt=\"Centro Tur\u00edstico: Mapa do Andar\" class=\"size-full\" \/><\/a><figcaption class=\"wp-caption-text\">Centro Tur\u00edstico: Mapa do Andar<\/figcaption><\/figure>\n<h4>Centro de Informa\u00e7\u00f5es Tur\u00edsticas: Um centro de informa\u00e7\u00f5es tur\u00edsticas amplo e bem iluminado.<\/h4>\n<figure class=\"wp-caption aligncenter\"><a href=\"https:\/\/photos.google.com\/share\/AF1QipPWzqBSMrANcAW4XE9xfO-kWb-hqPADDaQd7GcrOzVyCYo_phN0YZBmAQrOwmznzw\/photo\/AF1QipO1jnU0v5tPnlKwt1jFUC-JBTxhoxTMaJAkptc?key=MzB2d2hpZ0RyRzAybWJvS05FZVBJeUdCOHRlZEJB\" target=\"_blank\" rel=\"noopener\"><img decoding=\"async\" src=\"https:\/\/lh3.googleusercontent.com\/pw\/AM-JKLXMHcUm5odVPDVS6bTwtqYnimSSRG3Ssbou5RT-iJ-XfIcOW1l-vDDxVAgqY4Ny60uluF96H57rJq7HYow_F-m7PVjesuqO5MUqh-uiii2Xb7LTxRfCF_XDnrpYS8HWXwH5SOH1rVmILGKTKdn2OVhl=w2000-h1333-no?authuser=0\" width=\"2000\" height=\"1333\" alt=\"Centro de Informa\u00e7\u00f5es Tur\u00edsticas\" class=\"size-full\" \/><\/a><figcaption class=\"wp-caption-text\">Centro de Informa\u00e7\u00f5es Tur\u00edsticas<\/figcaption><\/figure>\n<h4>Centro de Informa\u00e7\u00f5es Tur\u00edsticas: Mapa do Andar<\/h4>\n<figure class=\"wp-caption aligncenter\"><a href=\"https:\/\/photos.google.com\/share\/AF1QipPWzqBSMrANcAW4XE9xfO-kWb-hqPADDaQd7GcrOzVyCYo_phN0YZBmAQrOwmznzw\/photo\/AF1QipM3n0IBZ0w3Gpb7CEUcV0FoJErSjKwnwqRx33Q?key=MzB2d2hpZ0RyRzAybWJvS05FZVBJeUdCOHRlZEJB\" target=\"_blank\" rel=\"noopener\"><img decoding=\"async\" src=\"https:\/\/lh3.googleusercontent.com\/pw\/AM-JKLXPWiiRz8EmSnIXcDsGNY57KyipkQqAsUdBeUe1YX7VkaS7c349JkNAZc9fJ3OlAXUIedrZ0doIs2ykwpOWyZTU3eBPi8V4UPhttDIUILjDEwHCRwvShztPC0FJrV4qGcP2Ovdd5va7ft-KLLqmSylJ=w2000-h1333-no?authuser=0\" width=\"2000\" height=\"1333\" alt=\"Centro de Informa\u00e7\u00f5es Tur\u00edsticas: Mapa do Andar\" class=\"size-full\" \/><\/a><figcaption class=\"wp-caption-text\">Centro de Informa\u00e7\u00f5es Tur\u00edsticas: Mapa do Andar<\/figcaption><\/figure>\n<h4>Pra\u00e7a Shiba: Uma colina gramada repleta de atividades<\/h4>\n<figure class=\"wp-caption aligncenter\"><a href=\"https:\/\/photos.google.com\/share\/AF1QipPWzqBSMrANcAW4XE9xfO-kWb-hqPADDaQd7GcrOzVyCYo_phN0YZBmAQrOwmznzw\/photo\/AF1QipNHBKrTLkpQE69MNo1FNWkLO4xO3ZY1ji7mW94?key=MzB2d2hpZ0RyRzAybWJvS05FZVBJeUdCOHRlZEJB\" target=\"_blank\" rel=\"noopener\"><img decoding=\"async\" src=\"https:\/\/lh3.googleusercontent.com\/pw\/AM-JKLVPIPLomIiSL39n1ISDUFPwSvEHRFZc-N0Q6CSw2VP-n9JWYefWp599VBnkMXtbPMENUiV5QLxE4i3utPUXraAXHk289UTWJjaM8_Zz2LBDDKzgbBKvmkgxM4x8NfG8KCc2n2YWnkAUt1PZJUACEex3=w2000-h1333-no?authuser=0\" width=\"2000\" height=\"1333\" alt=\"Pra\u00e7a Shiba\" class=\"size-full\" \/><\/a><figcaption class=\"wp-caption-text\">Pra\u00e7a Shiba<\/figcaption><\/figure>\n<h4>Mobili\u00e1rio urbano<\/h4>\n<figure class=\"wp-caption aligncenter\"><a href=\"https:\/\/photos.google.com\/share\/AF1QipPWzqBSMrANcAW4XE9xfO-kWb-hqPADDaQd7GcrOzVyCYo_phN0YZBmAQrOwmznzw\/photo\/AF1QipMA7jKyzmLFEJq3Vzv8jlGAlnI85t9EfBPkdJA?key=MzB2d2hpZ0RyRzAybWJvS05FZVBJeUdCOHRlZEJB\" target=\"_blank\" rel=\"noopener\"><img decoding=\"async\" src=\"https:\/\/lh3.googleusercontent.com\/pw\/AM-JKLWChP2S4MGxpY0NuVS3Tmyy2aFquk9lV-YRvH6AxnMV0Im1iMvYJrYh09PHsCAycOZEBWhUnpBRneRX8wb7PWPFBpBGv6fpPoJkhRT6-G50CTaICsCn2i9718bO2ulGHUjOuK-mD3lTiPxZV5RV--jZ=w2000-h1333-no?authuser=0\" width=\"2000\" height=\"1333\" alt=\"Mobili\u00e1rio urbano\" class=\"size-full\" \/><\/a><figcaption class=\"wp-caption-text\">Mobili\u00e1rio urbano<\/figcaption><\/figure>\n<h4>Casa m\u00f3vel: Arquitetura de refer\u00eancia<\/h4>\n<figure class=\"wp-caption aligncenter\"><a href=\"https:\/\/photos.google.com\/share\/AF1QipPWzqBSMrANcAW4XE9xfO-kWb-hqPADDaQd7GcrOzVyCYo_phN0YZBmAQrOwmznzw\/photo\/AF1QipPJ0zfK2rHqeMYSrU6CmuExCQxwuZnMfqbhgR4?key=MzB2d2hpZ0RyRzAybWJvS05FZVBJeUdCOHRlZEJB\" target=\"_blank\" rel=\"noopener\"><img decoding=\"async\" src=\"https:\/\/lh3.googleusercontent.com\/pw\/AM-JKLXPhRdEoahxWhbu-zNj39XTS1azlvZYi2HC-1LGjCo--UI1www4GHjX8QO9AwIoQq8tG_KjdvRBtts81yD6TSDhcu6mM9qediXIV7NDu88eOresbly2ERupxuG9Ng-fXsQbc5Dyc-7nfxnwXyTNHgED=w2000-h1333-no?authuser=0\" width=\"2000\" height=\"1333\" alt=\"casa m\u00f3vel\" class=\"size-full\" \/><\/a><figcaption class=\"wp-caption-text\">casa m\u00f3vel<\/figcaption><\/figure>\n<h4>Cronograma: Cronograma para 10 anos a partir de 2020<\/h4>\n<figure class=\"wp-caption aligncenter\"><a href=\"https:\/\/photos.google.com\/share\/AF1QipPWzqBSMrANcAW4XE9xfO-kWb-hqPADDaQd7GcrOzVyCYo_phN0YZBmAQrOwmznzw\/photo\/AF1QipNTGofDr9dnCa9OHVSnPMuNzAbrx10PuBoBwCU?key=MzB2d2hpZ0RyRzAybWJvS05FZVBJeUdCOHRlZEJB\" target=\"_blank\" rel=\"noopener\"><img decoding=\"async\" src=\"https:\/\/lh3.googleusercontent.com\/pw\/AM-JKLV0CusVt9QYvOz7lvg08w7N3XD8RjYWrJgyF1j39faqdSoWiIqVSmJBE6U1DvAob0FUGBlQeq-3a7pAQq-qITJ8j-DGZ0Pj_0i3Wvvuo9z2JeNL6IjqO2qlZ2VndnAVoMoExaRUHJ_lhqtTMwwjD9CG=w2000-h1333-no?authuser=0\" width=\"2000\" height=\"1333\" alt=\"Cronograma: Cronograma para 10 anos a partir de 2020\" class=\"size-full\" \/><\/a><figcaption class=\"wp-caption-text\">Cronograma: Cronograma para 10 anos a partir de 2020<\/figcaption><\/figure>\n\u2028<\/p>\n<h2>troca de opini\u00f5es<\/h2>\n<p>Houve uma sess\u00e3o ativa de perguntas e respostas.<\/p>\n<p>\u30fbAo implementar o Plano Diretor da Vila do Girassol nos pr\u00f3ximos 10 anos, acredito que adicionar explica\u00e7\u00f5es mais detalhadas sobre os efeitos econ\u00f4micos na cidade de Hokuryu, como doa\u00e7\u00f5es de impostos para moradores locais, ajudaria a aprofundar a compreens\u00e3o do plano.<\/p>\n<p>\u30fbGostaria de ouvir suas opini\u00f5es sobre medidas para prevenir os danos causados pelo cultivo cont\u00ednuo em Himawari no Sato.<\/p>\n<p>\u30fbComo a agricultura \u00e9 a principal atividade econ\u00f4mica da cidade de Hokuryu, gostar\u00edamos que a constru\u00e7\u00e3o de instala\u00e7\u00f5es agr\u00edcolas fosse realizada primeiro, e que somente depois fossem considerados os planos para instala\u00e7\u00f5es relacionadas ao turismo.<\/p>\n<figure class=\"wp-caption aligncenter\"><a href=\"https:\/\/photos.google.com\/share\/AF1QipPWzqBSMrANcAW4XE9xfO-kWb-hqPADDaQd7GcrOzVyCYo_phN0YZBmAQrOwmznzw\/photo\/AF1QipOKl4K7Q7EUW5CzP8wMRzUxt07vjAz8xSsCidQ?key=MzB2d2hpZ0RyRzAybWJvS05FZVBJeUdCOHRlZEJB\" target=\"_blank\" rel=\"noopener\"><img decoding=\"async\" src=\"https:\/\/lh3.googleusercontent.com\/pw\/AM-JKLWqS_URo1SO66IbBqlNNN43i6mwRhmx56P4vnjfj9TkZ9-H1KPZt10sGxgL60mzihfH525EBPFBt_QiIk8J77uTBIX65WKpyAtjLnXKfeK3Mf6SV8gG3JaeFl5Cmkwgb-WbKYBg_dtSfJLiRAstrB_K=w2000-h1333-no?authuser=0\" width=\"2000\" height=\"1333\" alt=\"Sess\u00e3o de perguntas e respostas\" class=\"size-full\" \/><\/a><figcaption class=\"wp-caption-text\">Sess\u00e3o de perguntas e respostas<\/figcaption><\/figure>\n<h2>Palavras do prefeito Yutaka Sano<\/h2>\n<figure class=\"wp-caption aligncenter\"><a href=\"https:\/\/photos.google.com\/share\/AF1QipPWzqBSMrANcAW4XE9xfO-kWb-hqPADDaQd7GcrOzVyCYo_phN0YZBmAQrOwmznzw\/photo\/AF1QipMDqJ_ffNKaRbH3fmQx0VgRqmVP3Wn3kKUaGI4?key=MzB2d2hpZ0RyRzAybWJvS05FZVBJeUdCOHRlZEJB\" target=\"_blank\" rel=\"noopener\"><img decoding=\"async\" src=\"https:\/\/lh3.googleusercontent.com\/pw\/AM-JKLVcv1SN5D0Jrjxg98ZTxdYLTtw6BVwE_j2ve1Hi39EDPzdoE9fF_FWbVN3vx8zrOzPHr1bHd2U0_t6F4vIlwbltUK1_IqQa5BlScdoCIs52SXGSadS3KZ2ZQatdHNFJPFl9s16xD2U0YpKj0X42cNgQ=w2000-h1333-no?authuser=0\" width=\"2000\" height=\"1333\" alt=\"Palavras do prefeito Yutaka Sano\" class=\"size-full\" \/><\/a><figcaption class=\"wp-caption-text\">Palavras do prefeito Yutaka Sano<\/figcaption><\/figure>\n<p>Na sexta-feira, 2 de julho, o programa &quot;Hirunandesu&quot; da Nippon Television foi ao ar, e a Vila dos Girass\u00f3is da cidade de Hokuryu foi classificada em 5\u00ba lugar entre os 10 melhores &quot;lugares tur\u00edsticos japoneses de ver\u00e3o que voc\u00ea deve visitar pelo menos uma vez&quot;.<\/p>\n<blockquote><p><strong>1\u00ba lugar:<\/strong>Fazenda Tomita, Hokkaido<strong>2\u00ba lugar:<\/strong>Festival Aomori Nebuta (Prefeitura de Aomori),<strong>3\u00ba lugar:<\/strong>Festival Gion (Prefeitura de Kyoto),<strong>4\u00ba lugar<\/strong>Festival de Fogos de Artif\u00edcio do Rio Sumida (T\u00f3quio),<font color=\"red\"><strong>5\u00ba lugar:<\/strong>Vila dos Girass\u00f3is da Cidade de Hokuryu (Hokkaido)<\/font>\u3001<strong>6\u00ba lugar:<\/strong>Exibi\u00e7\u00e3o de fogos de artif\u00edcio do Festival de Nagaoka (Prefeitura de Niigata),<strong>7\u00ba lugar:<\/strong>Fogos de artif\u00edcio de Omagari (Prefeitura de Akita),<strong>8\u00ba lugar:<\/strong>Kyoto Gozan no Okuribi (Prefeitura de Quioto),<strong>9\u00ba lugar:<\/strong>Dan\u00e7a Awa (Prefeitura de Tokushima),<strong>10\u00ba lugar:<\/strong>Festival Tanabata de Sendai (Prefeitura de Miyagi)<\/p><\/blockquote>\n\n        <div class=\"site-blogcard-premium\">\n            <div class=\"bc-label-custom\">Artigos relacionados<\/div>\n            <div class=\"bc-flex-container\">\n                <div class=\"bc-main-text\">\n                    <div class=\"bc-title-link-box\">\n                        <a href=\"https:\/\/portal.hokuryu.info\/pt\/11404\/\" target=\"_blank\">https:\/\/portal.hokuryu.info\/11404<\/a>\n                    <\/div>\n                    <div class=\"bc-excerpt-box\">N\u00e3o foi poss\u00edvel recuperar as informa\u00e7\u00f5es da p\u00e1gina.<\/div>\n                <\/div>\n                <div class=\"bc-thumbnail-box\">\n                    <a href=\"https:\/\/portal.hokuryu.info\/pt\/11404\/\" target=\"_blank\">\n                        <div class=\"bc-img-zoom-wrap\">\n                            <img decoding=\"async\" src=\"https:\/\/portal.hokuryu.info\/wp\/wp-content\/uploads\/2026\/02\/20230802DSC06445_1.jpg\" alt=\"https:\/\/portal.hokuryu.info\/11404\">\n                        <\/div>\n                    <\/a>\n                <\/div>\n            <\/div>\n        <\/div>\n<p>O fato de Himawari no Sato, na cidade de Hokuryu, em Hokkaido, ter sido classificada em quinto lugar entre esses famosos destinos tur\u00edsticos do Jap\u00e3o \u00e9 a prova de que ela \u00e9 mais conceituada em todo o pa\u00eds do que esper\u00e1vamos e, sinceramente, estamos surpresos.<\/p>\n<p>Algumas das pessoas que participam hoje est\u00e3o envolvidas na cria\u00e7\u00e3o da Vila dos Girass\u00f3is desde o seu in\u00edcio. Acredito que a Vila dos Girass\u00f3is da cidade de Hokuryu hoje \u00e9 o resultado de uma longa hist\u00f3ria que remonta a 1989 e das muitas conquistas alcan\u00e7adas ao longo do caminho.<\/p>\n<p>Trinta e cinco anos se passaram desde a cria\u00e7\u00e3o da instala\u00e7\u00e3o, e cada local tornou-se cada vez mais dilapidado, chegando a um ponto em que precisamos fazer melhorias em v\u00e1rias \u00e1reas.<\/p>\n<p>Existem v\u00e1rios efeitos negativos, como o decl\u00ednio populacional, mas quando pensamos na cidade de Hokuryu nos pr\u00f3ximos 10 a 20 anos, percebemos que \u00e9 necess\u00e1rio desenvolver novamente a Vila do Girassol, e por isso novos planos para a Vila do Girassol acabaram de come\u00e7ar.<\/p>\n<p>Felizmente, o arquiteto mundialmente famoso Kengo Kuma visita a cidade de Hokuryu h\u00e1 25 anos, comentando que a paisagem da Vila dos Girass\u00f3is \u00e9 maravilhosa e dando ao projeto sua aprova\u00e7\u00e3o. Ele tamb\u00e9m tem se envolvido gentilmente no novo projeto da Vila dos Girass\u00f3is. Daqui para frente, gostar\u00edamos de prosseguir com o desenvolvimento da Vila dos Girass\u00f3is de Hokuryu com cuidado e com a ajuda de Kengo Kuma.<\/p>\n<p>O montante total de 1,4 bilh\u00e3o de ienes \u00e9 certamente uma soma enorme, mas gostaria que voc\u00eas entendessem que faremos planos para cada ano ao longo dos pr\u00f3ximos 10 anos e avan\u00e7aremos com cautela e gradualmente, monitorando a situa\u00e7\u00e3o social.<\/p>\n<p>&quot;\u00c9 claro que a quest\u00e3o das instala\u00e7\u00f5es agr\u00edcolas tamb\u00e9m \u00e9 importante, e estamos atualmente considerando o futuro de nossas escolas de ensino fundamental e m\u00e9dio. Al\u00e9m disso, temos muitos projetos ambiciosos, como os planos de reforma do centro comunit\u00e1rio, e estamos considerando o desenvolvimento de Himawari no Sato, levando em conta as quest\u00f5es financeiras. Espero que voc\u00eas compreendam isso como um todo&quot;, disse o prefeito Sano.<\/p>\n<h2>Mensagem do vice-prefeito Toshimasa Takahashi<\/h2>\n<figure class=\"wp-caption aligncenter\"><a href=\"https:\/\/photos.google.com\/share\/AF1QipPWzqBSMrANcAW4XE9xfO-kWb-hqPADDaQd7GcrOzVyCYo_phN0YZBmAQrOwmznzw\/photo\/AF1QipNjDRJmuEbnrJtAoDRqBpNDD9FvN9oyIcXGNTg?key=MzB2d2hpZ0RyRzAybWJvS05FZVBJeUdCOHRlZEJB\" target=\"_blank\" rel=\"noopener\"><img decoding=\"async\" src=\"https:\/\/lh3.googleusercontent.com\/pw\/AM-JKLWy5hLNRy2xei6bZSAGbgxZ62X33rGCKLGYidO3p4FZ80mUVWL9DItfXNKK6QsVhqEsLSN_oiRlKYTUfbHNK7KftHPgPHA9ry35yW9p_MFKIp3gIp1Zta1AhkYlcEQ9PUus9T8EVhVLw3YxUm5jeLAf=w2000-h1333-no?authuser=0\" width=\"2000\" height=\"1333\" alt=\"Mensagem do Vice-Prefeito Takahashi\" class=\"size-full\" \/><\/a><figcaption class=\"wp-caption-text\">Mensagem do Vice-Prefeito Takahashi<\/figcaption><\/figure>\n<p>&quot;Na sess\u00e3o informativa realizada no Centro Hekisui Ikigai, houve uma sess\u00e3o de perguntas e respostas sobre a manuten\u00e7\u00e3o de inverno. Abordaremos essas quest\u00f5es adequadamente no projeto b\u00e1sico daqui para frente e definiremos firmemente nossas iniciativas de manuten\u00e7\u00e3o.&quot;<\/p>\n<p>&quot;Gostar\u00edamos de responder a cada uma das opini\u00f5es positivas que recebemos hoje, superar todos os obst\u00e1culos e seguir em frente da maneira correta. Contamos com o seu apoio cont\u00ednuo&quot;, disse o vice-prefeito Takahashi.<\/p>\n<figure class=\"wp-caption aligncenter\"><a href=\"https:\/\/photos.google.com\/share\/AF1QipMoNM93UftZnWiXv1Quqov49gQx4fiXKtOKyLkwD7yE_90QynY3VQOvJJRQ7jk0SQ\/photo\/AF1QipMZivIrwA276EZowoH1fyW4RLXrGk2pdAvtfEg?key=RHFxYWtsWl9ta19pVVZlY3N6N0ZPRGQ5dzU3WXd3\" target=\"_blank\" rel=\"noopener\"><img decoding=\"async\" src=\"https:\/\/lh3.googleusercontent.com\/pw\/AM-JKLWO-Ol9hAc7zdgiLestNVXw9L0gB5heKXurIjrBbu520V4q_K9HFKy2IL2nzYeijvsQcNaP3fz-Aug4h8AE_slx2PBJUOLYaU9NB1mihuX5tT1AGXU-KlL_0xvkf8APrk6wes2EW6BHTX4B7QmLYG7j=w2000-h1333-no?authuser=1\" width=\"2000\" height=\"1333\" alt=\"A Vila dos Girass\u00f3is transborda energia.\" class=\"size-full\" \/><\/a><figcaption class=\"wp-caption-text\">A Vila dos Girass\u00f3is transborda energia.<\/figcaption><\/figure>\n<p>A Vila dos Girass\u00f3is da Cidade de Hokuryu \u00e9 um lugar onde se escondem os sentimentos apaixonados e o profundo afeto do povo da Cidade de Hokuryu.<br \/>\nAos ador\u00e1veis girass\u00f3is, cheios de vitalidade e energia contagiante,<br \/>\nCom amor, gratid\u00e3o e ora\u00e7\u00f5es infinitas...<\/p>\n<h2>Outras fotos<\/h2>\n<p>\u30fb<a href=\"https:\/\/photos.app.goo.gl\/7kvtGzNwzHWiyeJn8\" rel=\"noopener\" target=\"_blank\">Fotos (32 fotos) do Plano Diretor da Vila dos Girass\u00f3is da Cidade de Hokuryu e da Sess\u00e3o Informativa para os Moradores da Cidade est\u00e3o dispon\u00edveis aqui &gt;&gt;<\/a><\/p>\n<h2>Plano Diretor de Himawari no Sato e artigos relacionados<\/h2>\n\n        <div class=\"site-blogcard-premium\">\n            <div class=\"bc-label-custom\">Artigos relacionados<\/div>\n            <div class=\"bc-flex-container\">\n                <div class=\"bc-main-text\">\n                    <div class=\"bc-title-link-box\">\n                        <a href=\"https:\/\/portal.hokuryu.info\/pt\/5964\/\" target=\"_blank\">https:\/\/portal.hokuryu.info\/5964<\/a>\n                    <\/div>\n                    <div class=\"bc-excerpt-box\">N\u00e3o foi poss\u00edvel recuperar as informa\u00e7\u00f5es da p\u00e1gina.<\/div>\n                <\/div>\n                <div class=\"bc-thumbnail-box\">\n                    <a href=\"https:\/\/portal.hokuryu.info\/pt\/5964\/\" target=\"_blank\">\n                        <div class=\"bc-img-zoom-wrap\">\n                            <img decoding=\"async\" src=\"https:\/\/portal.hokuryu.info\/wp\/wp-content\/uploads\/2026\/02\/20230802DSC06445_1.jpg\" alt=\"https:\/\/portal.hokuryu.info\/5964\">\n                        <\/div>\n                    <\/a>\n                <\/div>\n            <\/div>\n        <\/div>\n\n        <div class=\"site-blogcard-premium\">\n            <div class=\"bc-label-custom\">Artigos relacionados<\/div>\n            <div class=\"bc-flex-container\">\n                <div class=\"bc-main-text\">\n                    <div class=\"bc-title-link-box\">\n                        <a href=\"https:\/\/portal.hokuryu.info\/pt\/5692\/\" target=\"_blank\">https:\/\/portal.hokuryu.info\/5692<\/a>\n                    <\/div>\n                    <div class=\"bc-excerpt-box\">N\u00e3o foi poss\u00edvel recuperar as informa\u00e7\u00f5es da p\u00e1gina.<\/div>\n                <\/div>\n                <div class=\"bc-thumbnail-box\">\n                    <a href=\"https:\/\/portal.hokuryu.info\/pt\/5692\/\" target=\"_blank\">\n                        <div class=\"bc-img-zoom-wrap\">\n                            <img decoding=\"async\" src=\"https:\/\/portal.hokuryu.info\/wp\/wp-content\/uploads\/2026\/02\/20230802DSC06445_1.jpg\" alt=\"https:\/\/portal.hokuryu.info\/5692\">\n                        <\/div>\n                    <\/a>\n                <\/div>\n            <\/div>\n        <\/div>\n\n        <div class=\"site-blogcard-premium\">\n            <div class=\"bc-label-custom\">Artigos relacionados<\/div>\n            <div class=\"bc-flex-container\">\n                <div class=\"bc-main-text\">\n                    <div class=\"bc-title-link-box\">\n                        <a href=\"https:\/\/portal.hokuryu.info\/pt\/111\/\" target=\"_blank\">https:\/\/portal.hokuryu.info\/111<\/a>\n                    <\/div>\n                    <div class=\"bc-excerpt-box\">N\u00e3o foi poss\u00edvel recuperar as informa\u00e7\u00f5es da p\u00e1gina.<\/div>\n                <\/div>\n                <div class=\"bc-thumbnail-box\">\n                    <a href=\"https:\/\/portal.hokuryu.info\/pt\/111\/\" target=\"_blank\">\n                        <div class=\"bc-img-zoom-wrap\">\n                            <img decoding=\"async\" src=\"https:\/\/portal.hokuryu.info\/wp\/wp-content\/uploads\/2026\/02\/20230802DSC06445_1.jpg\" alt=\"https:\/\/portal.hokuryu.info\/111\">\n                        <\/div>\n                    <\/a>\n                <\/div>\n            <\/div>\n        <\/div>\n\n        <div class=\"site-blogcard-premium\">\n            <div class=\"bc-label-custom\">Artigos relacionados<\/div>\n            <div class=\"bc-flex-container\">\n                <div class=\"bc-main-text\">\n                    <div class=\"bc-title-link-box\">\n                        <a href=\"https:\/\/portal.hokuryu.info\/pt\/topics\/culture\/20190823\/\" target=\"_blank\">https:\/\/portal.hokuryu.info\/topics\/culture\/20190823<\/a>\n                    <\/div>\n                    <div class=\"bc-excerpt-box\">N\u00e3o foi poss\u00edvel recuperar as informa\u00e7\u00f5es da p\u00e1gina.<\/div>\n                <\/div>\n                <div class=\"bc-thumbnail-box\">\n                    <a href=\"https:\/\/portal.hokuryu.info\/pt\/topics\/culture\/20190823\/\" target=\"_blank\">\n                        <div class=\"bc-img-zoom-wrap\">\n                            <img decoding=\"async\" src=\"https:\/\/portal.hokuryu.info\/wp\/wp-content\/uploads\/2026\/02\/20230802DSC06445_1.jpg\" alt=\"https:\/\/portal.hokuryu.info\/topics\/culture\/20190823\">\n                        <\/div>\n                    <\/a>\n                <\/div>\n            <\/div>\n        <\/div>\n\n        <div class=\"site-blogcard-premium\">\n            <div class=\"bc-label-custom\">Artigos relacionados<\/div>\n            <div class=\"bc-flex-container\">\n                <div class=\"bc-main-text\">\n                    <div class=\"bc-title-link-box\">\n                        <a href=\"https:\/\/portal.hokuryu.info\/pt\/topics\/culture\/20190429\/\" target=\"_blank\">https:\/\/portal.hokuryu.info\/topics\/culture\/20190429<\/a>\n                    <\/div>\n                    <div class=\"bc-excerpt-box\">N\u00e3o foi poss\u00edvel recuperar as informa\u00e7\u00f5es da p\u00e1gina.<\/div>\n                <\/div>\n                <div class=\"bc-thumbnail-box\">\n                    <a href=\"https:\/\/portal.hokuryu.info\/pt\/topics\/culture\/20190429\/\" target=\"_blank\">\n                        <div class=\"bc-img-zoom-wrap\">\n                            <img decoding=\"async\" src=\"https:\/\/portal.hokuryu.info\/wp\/wp-content\/uploads\/2026\/02\/20230802DSC06445_1.jpg\" alt=\"https:\/\/portal.hokuryu.info\/topics\/culture\/20190429\">\n                        <\/div>\n                    <\/a>\n                <\/div>\n            <\/div>\n        <\/div>\n<p>\u25c7 Fotografia e edi\u00e7\u00e3o: Noboru Terauchi Entrevista e texto: Ikuko Terauchi<\/p>","protected":false},"excerpt":{"rendered":"<p>\uff12\uff10\uff12\uff11\u5e74\uff18\u6708\uff14\u65e5\uff08\u6c34\uff09 \u5317\u7adc\u753a\u3067\u306f\u3001\uff17\u6708\uff12\uff18\u65e5\uff08\u6c34\uff09\uff11\uff16\u6642\u3088\u308a\u300c\u78a7\u6c34\u751f\u304d\u304c\u3044\u30bb\u30f3\u30bf\u30fc\u300d\u306b\u3066\u3001\uff11\uff18\u6642\u3088\u308a\u300c\u516c\u6c11\u9928\u5927\u30db\u30fc\u30eb\u300d\u306b\u3066\u300c\u3072\u307e\u308f\u308a\u306e\u91cc\u57fa\u672c\u8a08\u753b\u30fb\u753a\u6c11\u8aac\u660e\u4f1a\u300d\u304c\u958b\u50ac\u3055\u308c\u307e\u3057\u305f\u3002 \u3072\u307e\u308f\u308a\u306e\u91cc\u57fa\u672c\u8a08 [&hellip;]<\/p>\n","protected":false},"author":1,"featured_media":12024,"comment_status":"open","ping_status":"open","sticky":false,"template":"","format":"standard","meta":{"footnotes":""},"categories":[4,53],"tags":[],"class_list":["post-11992","post","type-post","status-publish","format-standard","has-post-thumbnail","hentry","category-cover-story","category-akaruinoho"],"_links":{"self":[{"href":"https:\/\/portal.hokuryu.info\/pt\/wp-json\/wp\/v2\/posts\/11992","targetHints":{"allow":["GET"]}}],"collection":[{"href":"https:\/\/portal.hokuryu.info\/pt\/wp-json\/wp\/v2\/posts"}],"about":[{"href":"https:\/\/portal.hokuryu.info\/pt\/wp-json\/wp\/v2\/types\/post"}],"author":[{"embeddable":true,"href":"https:\/\/portal.hokuryu.info\/pt\/wp-json\/wp\/v2\/users\/1"}],"replies":[{"embeddable":true,"href":"https:\/\/portal.hokuryu.info\/pt\/wp-json\/wp\/v2\/comments?post=11992"}],"version-history":[{"count":0,"href":"https:\/\/portal.hokuryu.info\/pt\/wp-json\/wp\/v2\/posts\/11992\/revisions"}],"wp:featuredmedia":[{"embeddable":true,"href":"https:\/\/portal.hokuryu.info\/pt\/wp-json\/wp\/v2\/media\/12024"}],"wp:attachment":[{"href":"https:\/\/portal.hokuryu.info\/pt\/wp-json\/wp\/v2\/media?parent=11992"}],"wp:term":[{"taxonomy":"category","embeddable":true,"href":"https:\/\/portal.hokuryu.info\/pt\/wp-json\/wp\/v2\/categories?post=11992"},{"taxonomy":"post_tag","embeddable":true,"href":"https:\/\/portal.hokuryu.info\/pt\/wp-json\/wp\/v2\/tags?post=11992"}],"curies":[{"name":"wp","href":"https:\/\/api.w.org\/{rel}","templated":true}]}}