{"id":111,"date":"2020-01-20T06:39:13","date_gmt":"2020-01-19T21:39:13","guid":{"rendered":"http:\/\/portal.hokuryu.info\/?p=111"},"modified":"2020-01-25T14:00:53","modified_gmt":"2020-01-25T05:00:53","slug":"post-111","status":"publish","type":"post","link":"https:\/\/portal.hokuryu.info\/pt\/111\/","title":{"rendered":"4\u00aa Reuni\u00e3o do Comit\u00ea do Plano Diretor da Vila do Girassol com moradores e Kengo Kuma"},"content":{"rendered":"<p>Segunda-feira, 20 de janeiro de 2020<\/p>\n<p>A 4\u00aa reuni\u00e3o do Comit\u00ea de Formula\u00e7\u00e3o do Plano Diretor da Vila Girassol foi realizada no sal\u00e3o principal do centro comunit\u00e1rio na ter\u00e7a-feira, 22 de outubro de 2019. Uma discuss\u00e3o animada ocorreu entre os membros do comit\u00ea, incluindo Kengo Kuma, e o p\u00fablico presente.<\/p>\n<h2>Cenas da reuni\u00e3o<\/h2>\n<figure class=\"wp-caption aligncenter\"><a href=\"https:\/\/photos.google.com\/share\/AF1QipM2kL1NRAT-8T_VSNcYtFMbj9U1Vedh8exBy2YXCwu0qXR2J48FNJ2KjcL5jbOTag\/photo\/AF1QipN0ZImBttIgQfHELe-8rcI-nvdfBYpwKFjfD5I?key=WWZJR0wwUEc1d3RNYlYzdkpERnlYMDhGMWlNenRR\" target=\"_blank\" rel=\"noopener noreferrer\"><img decoding=\"async\" class=\"size-medium\" src=\"https:\/\/lh3.googleusercontent.com\/7XWUU9h2WwAg6P7CnW4Gau-hUN_c5HA3oLFugcBzKmwnREJdUTAVXwyXfhqOXuomYEDpJW32doCyb7eeyHZxHZgElpS8PEIn2xdDvBKFFcgniEBBIGLozqCtYK2bsx4oW-2JzvJxwZ4xyF6jLlJWO6h5YzlHzl0gmkmf6HQP_Wv268jX7v5RWj3e1leO8FiBJKKyMbXI8ANmwtz2X1RGSKd0NJiZ4-Ef1-HM2xbdgtZ1OecUnbce-5D0hhFMvLLcV4g8Ab2vizGz02iokRAyxeOCimTpc_NBGJe5QvozNtkJPsmapnIYOJr8DgD2lh-UooT0vxAUln82gy5J5I5AGy_dP1KbKf8x-J4jpbalhjVIRIznCqVtTyTny2VjNuNywK4S8Yr7zELnHP7pmsXWvHoDs8zlScbx5gVfdxJfP0lAtAQ_MYLYc6nBW0ilhT-uQf7aL8zuEPQ5WwzhJY_EMCt8DtvdP7Rik3HELM3JkWQmXfYX-KTIImu-VRxW79fieSvgNxxGA6NtuUdBGTscb668kbopnESc5Su6p8bjk872rWcNWNyYroHLdZrzdK3GmP9ZuxFjL1ZD_nb0gyhMf4xMpBU6evy5VkEVhFdnJWCQVgsGwznQ-2wtdxZN7PORnHPSF42pXKr58gowHYRzOP15OCaNtZJD8n3yjBdmfT3kq_eBSswX5xVWFRdQoFGqqCe6cYZRJa9T5UdjPs8EZzWaxMzNArSAKHbZ_bJ_DqpqOnE=w1778-h1184-no\" width=\"1776\" height=\"1184\" \/><\/a><figcaption class=\"wp-caption-text\">Padr\u00e3o geral<\/figcaption><\/figure>\n<figure class=\"wp-caption aligncenter\"><a href=\"https:\/\/photos.google.com\/share\/AF1QipM2kL1NRAT-8T_VSNcYtFMbj9U1Vedh8exBy2YXCwu0qXR2J48FNJ2KjcL5jbOTag\/photo\/AF1QipPKGf-nggfpM8gbStKCAMQXqazWW6tjkEIo67o?key=WWZJR0wwUEc1d3RNYlYzdkpERnlYMDhGMWlNenRR\" target=\"_blank\" rel=\"noopener noreferrer\"><img decoding=\"async\" class=\"size-medium\" src=\"https:\/\/lh3.googleusercontent.com\/HOd9r0q6CSV4htSblRni1iX9KGELsC0TQuYC4IrlbMs-N2YAXw1fsrfEYKef_mGuEMzqN22ep1d_DcKfjgTq2_Fa2Ah-5RuO0C6jaEzE2GcXpvcv2OAkpO3OjBQDUGZoYTWe2e8UKxQyvNuFIh2h0rRd3z9BQZiijP0RjKxHtimqgZbId7L2r-ml89yUHFNXEb2Z7F0f0pdVR7wV3xeRiIgMqcBalweEnxvLZUTx8r_ePWlvx2BP7t46xd6-2153S--38nfDJCFnzfu0Lu5Xio6ZuCu2omPwgRyEzNWnOzqzE0I8LtePrXSPta-O3XpvhtGz6_KsPbFMREUmE9FKtjbWO5ccimiPfGYqfFBRYIKbSfZf05kk4lR-47A0CzRD0R6Xc5ZRnl8bKY-kBDt-UNQKB2W3XS3kInmcqIq3e9s-o0r-cP5FKTJvTH2iZAce_4WfYLdoGOb00qlAOckl3YSH_GjLpg_Ts8Y75OsSYHP0DQZGWFHWfUnQ8e7tGUzATeXUHNfS-hi9XrtJSYri03FonEK2lEtipde89IUeegQis6aruVnOtYyHt8M9QSQmF6y2YRo4GcL9snOwuPAhuM7zQgN30g1sLj-sZ3-oSBqLW8kZiYWt0k3IUdH6JkZ9ZCT4m4ZJuw1JqPd7z8nDwd0IzT6enAyfRiMmHqnKW26tay8twPaprg8L84W1Yc9MdlIlRTu9b4bzCcTnVwDGHCJUrPJ3MCfNTjXn9RS_u5bZNb4=w1778-h1184-no\" width=\"1776\" height=\"1184\" \/><\/a><figcaption class=\"wp-caption-text\">Os espectadores tamb\u00e9m participaram.<\/figcaption><\/figure>\n<h3>Apresentador: Hiroyuki Yoshida, Chefe da Divis\u00e3o de Com\u00e9rcio, Turismo e Silvicultura, Departamento da Ind\u00fastria, Prefeitura de Hokuryu<\/h3>\n<figure class=\"wp-caption aligncenter\"><a href=\"https:\/\/photos.google.com\/share\/AF1QipM2kL1NRAT-8T_VSNcYtFMbj9U1Vedh8exBy2YXCwu0qXR2J48FNJ2KjcL5jbOTag\/photo\/AF1QipOCLQvWBrepRpGZFF_WkD7sssFfsBEtyHX27pE?key=WWZJR0wwUEc1d3RNYlYzdkpERnlYMDhGMWlNenRR\" target=\"_blank\" rel=\"noopener noreferrer\"><img decoding=\"async\" class=\"size-medium\" src=\"https:\/\/lh3.googleusercontent.com\/0oph-dIJYEXaCHjbx6x2dqKPBXesit9aa62G9bvJPr9GsHdfz2SeVCUFa5QqCdSH48Dq9yG3ENYPH_K29e-Dth5yVLss2f33QZucXEXHgOCFWOQulHsLIKE3rAUqo_HMcBEQ5siV5x6ONu5o2L264wgpGR5CMbM1LE3YqhjFUznfqcY1Wl7zcICFjNWemFOiVrAi3nQQwsrcnTF1hnhrfnoVbAi2-VAW2TyAa079-oV2DqQ6V6tSvU9yhh-ZL7rbAWoy2JQDtdEdSDAjhBjOJxQE1lXj8QxSU4446gSh6YQbTW_LgBKx43-SCDk3DIBsgFG66xrw0T-PPZdIyfTYhiB3hdZfviwpA2Ssinc6h5dhj3jZxih3SBz20JUaZORNgyAo5ET3IwDxYdp1UitNMPP8R9HDp6xHV-DOZ9nHV2zb_79bRnpHYQ0eAesH63PSIGH7iHOTGfaG53RwVToJyl87RPbSizjhN0Zrp2hbTtOxkmOWyzNL0C9EjVdXyafcM2jJazFUYcWq6-W2C7f-gFJ0DmAedzScfUNWfPJJGLAMXNnGLG00NVWmihNATOXD7f2TLWVdp-hXerUa8_X4NTsTLwFMxOlSY_EMSDre9733ho3W9D9o3gY4o7mQ1poupSIPEJYyzqBVx1eddGvd2WNhSVzFZao315n6jIZyAdiQruZGIzuQAQu30miQLSLuyNg3WbgAjrSmq-L9yxMVbUHHScgjHbwYijuar6XjJOPnMa4=w1778-h1184-no\" width=\"1776\" height=\"1184\" \/><\/a><figcaption class=\"wp-caption-text\">Hiroyuki Yoshida, Chefe da Se\u00e7\u00e3o de Turismo e Silvicultura<\/figcaption><\/figure>\n<p>&quot;Queremos aumentar o conhecimento sobre a cidade de Hokuryu, incentivar as pessoas a visit\u00e1-la durante todo o ano e expandir ainda mais as vendas. Para atingir esse objetivo, gostar\u00edamos de considerar como desenvolver a cidade de Hokuryu como um todo, incluindo Himawari no Sato.&quot;<\/p>\n<p>&quot;Pensando no futuro da cidade de Hokuryu, gostar\u00edamos de criar uma cidade atraente que entusiasme a todos, tanto os que vivem aqui quanto os que v\u00eam de fora, por isso agradecemos o seu apoio&quot;, disse Yoshida.<\/p>\n<h3>Presidente: Professor Terutaka Suzuki, Universidade Rissho<\/h3>\n<figure class=\"wp-caption alignnone\"><img decoding=\"async\" class=\"size-medium\" src=\"https:\/\/lh3.googleusercontent.com\/4OaZaFwWooe0lNr8Vn9aeBT0j4p1fDMvhrYy9p959amHeYXbco7oKLhFzZl-cKIkIj5VxhCIeoaWhkTimDDBGHUVmDF287vnsJN8Egaz3i1Pqp-U6AdUjmlybmZafVfjk7eVCxkhKaFKQsNeUg4mZSxsq9333DQzBCwQeZ_5UtMj0XFCjSxev98gVchzMMl1HajkE6WA_lVLxqdJ49CYsC9rS6kfSuOuRACl5lQGA2Gze7MLRXayvl_RKE9WmUOhftMjZfy4nzfJWeBHG3eKFau-Gd3vG7V2g3hI92useAoYMXP7P9ArniTDbsv2mKwzgtUxKH4bmgNIB6XESo9tmdSUafUfUm2PFn0V4m9WuawoHJOUkzhtys77VDp-hc7EUlO6aNMxY0o_GBE6Db4sNt-dLXTCOPZXfzFrmvDsiW3OtigxzFtTeEhe35yEYP8ima_tdAzi36CZHonVN4B61i8XHEisNDjkJ84vMVDf0SN1WY3R_uD4F7oCZZJd-VkGuA1kUN0CV171cD2yUzwXmO_x4yEKv3tAnh-Gctdm0kONV5cPdIItzhkiACKxdTz_NHBkMxC42XUubP8OG4QDPlyU3c8U6v1zwkZkehhb03dvdCxkXaOHKftYjAg-cFr4B66-MNZHHm6GtyJv3PED4xpjYSqa1ggILQk6Kv8tYmRzOLgfEcnHCM6O4ne0dilntIfGqXR4vmrXhm1JZlsl-W5PD18rn5olxdAVeiriOZl0lJg=w1778-h1184-no\" width=\"1776\" height=\"1184\" \/><figcaption class=\"wp-caption-text\">Kengo Kuma e Terutaka Suzuki<\/figcaption><\/figure>\n<h2>Arquiteto Kengo Kuma: Na dire\u00e7\u00e3o de Himawari no Sato<\/h2>\n<figure class=\"wp-caption aligncenter\"><a href=\"https:\/\/photos.google.com\/share\/AF1QipM2kL1NRAT-8T_VSNcYtFMbj9U1Vedh8exBy2YXCwu0qXR2J48FNJ2KjcL5jbOTag\/photo\/AF1QipMBRTGELVRl9HQ4IfNliLwFEuzDPKTOcuOW3CY?key=WWZJR0wwUEc1d3RNYlYzdkpERnlYMDhGMWlNenRR\" target=\"_blank\" rel=\"noopener noreferrer\"><img decoding=\"async\" class=\"size-medium\" src=\"https:\/\/lh3.googleusercontent.com\/byKu2JmpSmyvrnQEFmwf0mZ1co_5skxYZY1CUywVKqEfCeubDr2ezKdNWUHC13vWbwZHVMzeS-G1f0QCNtdvnIK6MAKUlUbDSbl2i16caMfWvK3kf_s0fX6ZNz5ldAPZuylprkoLZdLl3EQPwUYxnVgg3DCj3hJLniyrctB6RQ3XSVZz_KWtw6CKDbGUtgZ0V6tCsimkNlLDKh4O32Hjhp__2u3GWE0BdiWM8gl3XBeHAHw7IGeiQfDP8CssgZlFs7Pgd95pgU4iEFCjD3mFOrNl-APWoAY8cRgja4oQlSx9RT_84k5iUUZ7Gd2iRRVAi_8vas0Xt7dGyP_mK3J6bgOw9K7HzkprlqiocTlK_pGpcbzPDxm4aoIjdh1oHslrS_VPkvKxZRi-FZEZgumdBM1C7covP1mKXiquA6OtKUm39RPGAN2MQt3upPgtRtNLMH8h4uqApx5eux6UA5LV2srkHXD2HA2cVJVMcZZg-L4Q2miyGZpwk2jz_NW919AQaj6b5dZI72ZaXEZp5n_FPdhYsFVDNtUK4t-dhcYd8OGiB-zqDHbqu5zaH7YCUTpylrVpAwSYnSeVOeF9RBAexjNenXIaO3dcukjgUzZNJDpolN21QbTVhdrvXqM8ZTfqPIsr--HjAzRTxcc-u6EtQ4KexfQAUMgeJGJw9qMQycvyMwshwKC1CIyu97CqIic1nCjtc1FJxylu1_vdcfed76z5deJg4TPHKXAjAthjKjSY3pc=w1778-h1184-no\" width=\"1776\" height=\"1184\" \/><\/a><figcaption class=\"wp-caption-text\">Senhor Kengo Kuma<\/figcaption><\/figure>\n<p>&quot;Himawari no Sato possui muitos elementos maravilhosos. No geral, estamos pensando em conectar esses elementos. Dependendo de como eles forem conectados, um efeito sin\u00e9rgico ser\u00e1 criado. Nosso objetivo \u00e9 torn\u00e1-lo muito mais atraente e cativante sem gastar muito dinheiro, para que muitas pessoas se interessem por ele.&quot;<\/p>\n<figure class=\"wp-caption aligncenter\"><a href=\"https:\/\/photos.google.com\/share\/AF1QipM2kL1NRAT-8T_VSNcYtFMbj9U1Vedh8exBy2YXCwu0qXR2J48FNJ2KjcL5jbOTag\/photo\/AF1QipNu6M-TXg6r-GigDrym9x-q_DOVqZ2V1s7cUR8?key=WWZJR0wwUEc1d3RNYlYzdkpERnlYMDhGMWlNenRR\" target=\"_blank\" rel=\"noopener noreferrer\"><img decoding=\"async\" class=\"size-medium\" src=\"https:\/\/lh3.googleusercontent.com\/KCd5RquMImV5qJn1w4QD1MSqv-xgVIdd_MY44DZ4fHWDq7ejZadMyNbiULKbTyVY0dt3VlCxmq49mrKzDyg0ZLaI6yve8c10sl415OWfxf1XPoqz8Fc86mOKMotsKXpGmbPUXe-BTrzHCYP0X7njmHhAHRcn9Jn-7S4ze2lPMwuMFiQWImOUqR911PRpvzkJFtQNrTVK5AYk8UB8uyuYJbKbAzJCHQ-6wJ4R03KTlfzOskenIQRDj8-T1C7_UZ-FEEhgq8qIWq2ISbTolW9hVHdOKHycyOyzBxYGL6ErNHkq2anFNDxtcg6nIhfjjLCwp3MZtZBGBjiGchpV1tgF4TWsVITqLUfPNsi5JmlJ0DLiCJTWyiRiVwV6ZFl_kpw3XaqMcfvXMX8ZXgdjEFJ9-YSfJicMODU7KKaFoStRknYxhFMqnE85QFnO8p7UYham_84hwcCwtioaF_7NioRWfN3NQGISE979KQ4hIFwqEQNrY68s7Nvx95U95FYWySpEnpMmol1xC91vEV0c24PfERudVtyEFY9v4fo0o0XpU851X_n12M6S3hdIh04698BwUxVbJ0Lh-OkZbmZOrTa0tzGOpJTPMFENXft52jmiudJ4ftjPSLZl4uxT2kE67S5mJjFBaebFNLTX2k7Fafr_dQbDLQ__Y7aK7Ca12fXfWxXwHcHshqKGNuhH3R-NpEeAf-YZLxenHJ-5LwwJyI7wpWVCBt_9vmErYsjogDOYqixCOrA=w1239-h859-no\" alt=\"Plano geral de layout\" width=\"1776\" height=\"1184\" \/><\/a><figcaption class=\"wp-caption-text\">Plano geral de layout<\/figcaption><\/figure>\n<h3>1. Novo mirante &quot;Big Tree Observation Deck&quot;: A \u00e1rvore s\u00edmbolo do campo de girass\u00f3is<\/h3>\n<p>Tendo como s\u00edmbolo o campo de girass\u00f3is, criamos um projeto que tornaria o mirante mais alto e atraente, al\u00e9m de gerar um novo monumento.<\/p>\n<p>O mirante \u00e9 acess\u00edvel a pessoas com mobilidade reduzida e possui elevador. Tem 9 metros de altura e tamb\u00e9m pode ser acessado por escadas. O terra\u00e7o superior mede 6m x 7m e foi projetado para proporcionar uma vista panor\u00e2mica mesmo durante a alta temporada. O elevador \u00e9 panor\u00e2mico, permitindo que os visitantes apreciem as vistas sempre mut\u00e1veis da Vila dos Girass\u00f3is enquanto sobem.<\/p>\n<p>A estrutura principal \u00e9 de a\u00e7o, mas quer\u00edamos aproveitar ao m\u00e1ximo a madeira para criar um design natural que se integrasse \u00e0 paisagem. A vista muda conforme o terra\u00e7o em diferentes alturas, e projetamos um espa\u00e7o de observa\u00e7\u00e3o coberto com vista de 360 graus.<\/p>\n<figure class=\"wp-caption aligncenter\"><a href=\"https:\/\/photos.google.com\/share\/AF1QipM2kL1NRAT-8T_VSNcYtFMbj9U1Vedh8exBy2YXCwu0qXR2J48FNJ2KjcL5jbOTag\/photo\/AF1QipM2w_7srygg5XT1Tod0ASt4YI29m6Kc7dlSLfs?key=WWZJR0wwUEc1d3RNYlYzdkpERnlYMDhGMWlNenRR\" target=\"_blank\" rel=\"noopener noreferrer\"><img decoding=\"async\" class=\"size-medium\" src=\"https:\/\/lh3.googleusercontent.com\/R56NUF63HwSZhVRpoHYz3x0pANiaPuF66g9WmUlutYvCHQ-xw1xliEqoeRo5fr0P-3bS52GAdWb0zki2CblpEqp7mLm0-09e2mu9SOaIeFfjgXC7_NOFQ-l5ca6K3rIOC96dgPRtsHydB5HNNZasc38ENIrveiesJDtWGui9S7ymJlK-KW0uCKWSEf2PeoI3ZEQwkw0k5x-TE0Kf46HjKafBCc6W_MmA7WzUcN-ZUQNeIW4Xg28khNGculFPtKgVUePX69_HfUr6wxdS_ZKG7OrUElt4d2Dsxm-zjNHBodno9Uyics23bMuGhfbF8Mb0xGPBd2sU2YaW9twWdVVVMVdAq-FF2HYELLZvSu3uxA8IfwsNra-BYIc4GmPGA6I2a9mWrqCC-wLPI-4-P2ANoxLBkd1ENtASVkvvr3nBHXJn8Mch-CuEHfZLB1ux0z1J_jgvh31hBKLimrqdh9C-vC-SehIpNE0tbLj1rgbT2MUHwwmdBh6oIhkGsE1LZiJ0AS1BS-v1V-3Mu8ZWPNXF2wk9KKLM-4qi8UcwsEN3LzNOycMBMV64OUodwzsfWzruREfLJOy8dkNQn3Y_LSRfiFwFqDbGRZtj_Hnbad0tFjQZ8Kg0lCj3ViuB3aJeoZIeyvU68y3K6d3Q8XrrNxNjYRi0i2pl2c1grjTx8Zp-5S81qYC-h87yjvVRcMf5gOUcTIMyfnqzn0kOexMoIAmS529HSVdOen5Hjbc4r2W42NpY9pk=w1239-h842-no\" alt=\"Grande plataforma de observa\u00e7\u00e3o de madeira\" width=\"1776\" height=\"1184\" \/><\/a><figcaption class=\"wp-caption-text\">Grande plataforma de observa\u00e7\u00e3o de madeira<\/figcaption><\/figure>\n<h4>Planta baixa e planta de eleva\u00e7\u00e3o<\/h4>\n<p>\u30fbEspa\u00e7o de visualiza\u00e7\u00e3o amplo<br \/>\n\u30fbAcessibilidade para pessoas com barreiras arquitet\u00f4nicas, com elevador instalado<br \/>\n\u30fbConsideramos alterar a altura e criar um espa\u00e7o de observa\u00e7\u00e3o coberto com vista de 360 graus. O terra\u00e7o \u00e9 aberto.<\/p>\n<figure class=\"wp-caption aligncenter\"><a href=\"https:\/\/photos.google.com\/share\/AF1QipM2kL1NRAT-8T_VSNcYtFMbj9U1Vedh8exBy2YXCwu0qXR2J48FNJ2KjcL5jbOTag\/photo\/AF1QipNc5YodHcvKY8cMv8sHS9XA40YYMES9MYxzz7c?key=WWZJR0wwUEc1d3RNYlYzdkpERnlYMDhGMWlNenRR\" target=\"_blank\" rel=\"noopener noreferrer\"><img decoding=\"async\" class=\"size-medium\" src=\"https:\/\/lh3.googleusercontent.com\/T0h8KTL-RrCO89tmihbgkapqjgRRKJY8hxA4SXOxu3rsiHna3p99ScAkerBzcM91uIDk5dBaAWmBfvyGb0yf9EPJOV2o7FJ87mc2sxEizlMvDaSGxJWEyCR1IFKHxulEMo4SGU5-mQzo46Xn-Eq_M1Tl31ESr0S8dD4GR4WYfEoqYtOvlukTrUVa4gL1vuEXYsnqCtL5YHd2bpJpZrjg3ECQg4GHhU3p_t0RjVF4m9WTT4U1MjqTLnNVkz895SmeSkVq9b0R4jnrNFz2PGax2iM9m6aJJhE8lgkob_iaSEP7Jvoca0wwotBbAVu-Q5Dnf01LCbd_y_f7gPSmW-zRzfxqlwKPa8TUIdwUaeJyVwG_KyGLM8m_o4-YEVHz-dDNLvkSfzN5MtsyoO52n_Nh3a2a28Aa6nF17-nlNHCI6XBNcwotc-zbcFg_4sH6GiFORjw6XMaK1G-RpnzwJNWLw94EfaFUmuImKhNl94IhW4bbiUzaBRy5aMtTrdXXMkU4yLDX5I39LK_t6icf93yb_BtS4Acx0EOVAt6U0I2O72CzDH3CZbJ9D6uNB91K9QlPAtiAQfowLnmHqBfdBSIB4Cj7l6vdgwaNi2HwxXXNV8-IkEohZ-fIbWEPY0wbq1OvSjnRqgdwfFXI9rcRXV1ooW4LEh237oNvNFkoc_QGNwH5MYqDxbQq8EQzTwdoFt3wlsix_R5TXaWVsjjQGw2igyMqu9xCiF1yNP-5_MsFuFPF4kg=w1239-h863-no\" alt=\"Grande Observat\u00f3rio de Madeira &quot;Planta e Eleva\u00e7\u00e3o&quot;\" width=\"1776\" height=\"1184\" \/><\/a><figcaption class=\"wp-caption-text\">Grande Observat\u00f3rio de Madeira &quot;Planta e Eleva\u00e7\u00e3o&quot;<\/figcaption><\/figure>\n<h3>Plataforma de observa\u00e7\u00e3o em forma de grande \u00e1rvore - imagem de refer\u00eancia<\/h3>\n<h4>1. COEDA HOUSE, um caf\u00e9 na cidade de Atami, prov\u00edncia de Shizuoka<\/h4>\n<p>A ideia \u00e9 combinar aleatoriamente varas de cipreste de 8 cm de lado para criar uma constru\u00e7\u00e3o que se assemelhe a uma \u00e1rvore gigante.<\/p>\n<h4>2. Centro de Medita\u00e7\u00e3o &quot;WOOD PILE&quot; em Munique, Alemanha<\/h4>\n<p>Este edif\u00edcio de medita\u00e7\u00e3o est\u00e1 localizado na floresta perto do Castelo de Neuschwanstein de Ludwig II e \u00e9 constru\u00eddo com paredes de vidro que permitem ver as \u00e1rvores.<\/p>\n<figure class=\"wp-caption aligncenter\"><a href=\"https:\/\/photos.google.com\/share\/AF1QipM2kL1NRAT-8T_VSNcYtFMbj9U1Vedh8exBy2YXCwu0qXR2J48FNJ2KjcL5jbOTag\/photo\/AF1QipPf4rzGW5m6gwtOPhWg90_DRx0O2lkQPOpNny0?key=WWZJR0wwUEc1d3RNYlYzdkpERnlYMDhGMWlNenRR\" target=\"_blank\" rel=\"noopener noreferrer\"><img decoding=\"async\" class=\"size-medium\" src=\"https:\/\/lh3.googleusercontent.com\/m6S0MYjVtBAP2JLZvl2WlF2OAFFxHWnI3g2k2EgdXf3WnngIWHfn4JENJTIEjyjWxQsCSSOSCf_789klJdyoG9McC-Skx1_E7aMuTSqh99jN7KKm6aDZaDH-ZOe9cpBgfoNolMSKJ299aLSCNhDXpUTQwSqgO70lDpAOv7-yBqjldAe9b1qlav7wdI6w-qzgW7W6HLYJI-kioDGgT2V2YYgb4KYA75-0M___LqnNWVVyFGjBCk0E-RMaMN3oQJLNBe6dcWAeS29nFZE4ljOu92Fnvx0vNTgqsAA_ozay4o1PhYiO-02WwBeNj9S_7FC8HThEjpowpfOds7RwmyOOBTw5WMdk3S2nXuit5Pg_oGYt1EecdsZNhGAKYujyY1ci8vvFlG2IxB9Lwl2s4hZm0H85NPeuDfSor0AV9Z0sCmvL24iV_pfHEYh9E4RbjzHnD4Me40yV9r4El22lyUwAVFoIhlpZo6Atgp47KxbN_yqWehRPltVOOzXrXEo7uC6E1ZNNBVow4NHDSUwxyrBWhILbCqhBqPNlm3QR238CO-QzlWCJBo3Hv8AcQR36xyg4HPgomFKx4HzDgpcpw0sEi94Nv6kfTz2_jelQHvt55ReKvSk-Uwy9aPHZlVVZigLFjHH5UF73UdPldbGq9Ge7jIBuqtVjfzoqsMN_jvzgbDYHMy5R__4glKM7r5EK1T7yMHfDr8ZPPrca_VSnk3_f0WHpcVJi4ek8Ge74fsu7BMTUnK0=w1239-h855-no\" alt=\"Caf\u00e9 &quot;COEDA HOUSE&quot; em Atami, prov\u00edncia de Shizuoka; centro de medita\u00e7\u00e3o &quot;WOOD PILE&quot; em Munique, Alemanha.\" width=\"1776\" height=\"1184\" \/><\/a><figcaption class=\"wp-caption-text\">Caf\u00e9 &quot;COEDA HOUSE&quot; em Atami, prov\u00edncia de Shizuoka; centro de medita\u00e7\u00e3o &quot;WOOD PILE&quot; em Munique, Alemanha.<\/figcaption><\/figure>\n<h3>2. Novo Centro Tur\u00edstico<\/h3>\n<p>Como novo centro tur\u00edstico, estamos considerando uma estrutura que ofere\u00e7a aluguel de bicicletas e recep\u00e7\u00e3o para visitantes do labirinto.<\/p>\n<p>O projeto incorpora a ideia de uma moldura. Constru\u00edmos um edif\u00edcio em forma de L e o projetamos de forma que a Vila dos Girass\u00f3is seja vis\u00edvel simbolicamente a partir do espa\u00e7o central do edif\u00edcio. A Vila dos Girass\u00f3is \u00e9 emoldurada como uma pintura, o que lhe confere um aspecto impactante.<\/p>\n<figure class=\"wp-caption aligncenter\"><a href=\"https:\/\/photos.google.com\/share\/AF1QipM2kL1NRAT-8T_VSNcYtFMbj9U1Vedh8exBy2YXCwu0qXR2J48FNJ2KjcL5jbOTag\/photo\/AF1QipPnzKB0KBNmTxTdSOCfUbH3286aTEJgZbyObA0?key=WWZJR0wwUEc1d3RNYlYzdkpERnlYMDhGMWlNenRR\" target=\"_blank\" rel=\"noopener noreferrer\"><img decoding=\"async\" class=\"size-medium\" src=\"https:\/\/lh3.googleusercontent.com\/U5phdtIz0L6_F8C-6IGvxHFX-gNJEV6jGW8QaQybH00qv5trz1f9qn1Eg6GAdp0ek67JZIHpGw9lkKGwoeeaS-Ykoy4MUPb4VQ_Ysaa66jq-Wy3aF1CpGYkXPM2Q9gwJBHc15UwQG5RwAZbdHzX17xxDAlQN3JRVsJRPRHcb1nRg8hTx1M1gWSuy-th86g0jWIhAV2bFLLy1YFQW8UNBL1H3WrJaNdOqndnImRIXw05JL3W-E2VXdGJ3TnVV_a7L5BED-QY_Pb2gywSbC2dqNI18BBVxMVZ8DQxsY_ghQwx_1fTX9zlhU7doHqwH0TqIeS29bagoBrLSlEiI0NkHu-ItR08g669ZeYFxnpFJ5HOARf_nwAV853JRNXXdiyfclp-dZqa4a2G2z3Mitz52wySohhCR6b6V6St0pBc5xQ5jbJNoAT19wcGwO7G6bx1kr7p3nkOnpVSTnxS5pZVhPuGCwjLAXcFmc2Omo-95OAeHQfvmoB_sm14GV50Lxhk_ft-9uIra-2hn33R5_a1DVeOvDh1rfyabtL_X6JVWffwnvbD4JXb1uU586FugySI-QKT35rYQ8tKNdv0LZLZmYQwvUGH0Ti_GmZFO-BTyteY71Yy6iugjUkfAr8m-JM5X0zhFF-RhVSW5afQoRhJMHBEJPGdPLAFGC5D11OwPm70IIxspNhzGFQ5cG_W0BGMLya5CHOJ7iWYypWSkWFaJ3bsKpoOgRF1NZm3MvjR9cOnj3gM=w1239-h854-no\" alt=\"Centro tur\u00edstico com tem\u00e1tica de girassol\" width=\"1776\" height=\"1184\" \/><\/a><figcaption class=\"wp-caption-text\">Centro tur\u00edstico com tem\u00e1tica de girassol<\/figcaption><\/figure>\n<h4>Um tra\u00e7ado em forma de U que se cruza com campos de girass\u00f3is: um lugar encantador onde voc\u00ea pode ter uma experi\u00eancia especial na cidade de Hokuryu.<\/h4>\n<p>Ao entrar pelo estacionamento, voc\u00ea ser\u00e1 atra\u00eddo pelo &quot;Port\u00e3o dos Girass\u00f3is&quot; e a vila de girass\u00f3is surgir\u00e1 \u00e0 sua frente. O &quot;Port\u00e3o dos Girass\u00f3is&quot; cria um efeito de moldura, fazendo com que o campo de girass\u00f3is pare\u00e7a uma pintura emoldurada, tornando a vista ainda mais deslumbrante.<\/p>\n<p>Se voc\u00ea seguir para a direita, encontrar\u00e1 um mirante, e se continuar andando, chegar\u00e1 \u00e0 Floresta de Nonno.<\/p>\n<p>A ampla \u00e1rea de alimenta\u00e7\u00e3o em frente \u00e0 \u00e1rea comercial ser\u00e1 semelhante \u00e0 do atual centro tur\u00edstico. No entanto, a \u00e1rea com os campos de girass\u00f3is em frente ser\u00e1 diferente da anterior. Os visitantes poder\u00e3o conversar enquanto admiram os girass\u00f3is e desfrutam de refei\u00e7\u00f5es e bebidas (Esquema: Verde: \u00c1rea comercial, Amarelo: \u00c1rea de alimenta\u00e7\u00e3o, Rosa: Pra\u00e7a).<\/p>\n<p>A cidade de Hokuryu, por si s\u00f3, \u00e9 um lugar atraente onde voc\u00ea pode vivenciar algo especial.<\/p>\n<h4>Varanda de Girass\u00f3is<\/h4>\n<p>H\u00e1 apenas um teto, e o espa\u00e7o externo possui um deck embaixo. Mesas podem ser colocadas do lado de fora para criar um cantinho onde se pode comer e beber.<\/p>\n<figure class=\"wp-caption aligncenter\"><a href=\"https:\/\/photos.google.com\/share\/AF1QipM2kL1NRAT-8T_VSNcYtFMbj9U1Vedh8exBy2YXCwu0qXR2J48FNJ2KjcL5jbOTag\/photo\/AF1QipPurRFJkqAU8INWPNWJjhp_GL-AIQRJjka44_4?key=WWZJR0wwUEc1d3RNYlYzdkpERnlYMDhGMWlNenRR\" target=\"_blank\" rel=\"noopener noreferrer\"><img decoding=\"async\" class=\"size-medium\" src=\"https:\/\/lh3.googleusercontent.com\/MzwQO2eSBD6EO4die0y4ENLLWySSt-9aKzfbEk5on81KtfjBksudZvrpDmaeSFd3ENDwaxEM8RVfbCT1Mn_EjjYP9AqSsZL-qqn_89axWGxjp4W3mUDON33asi7OovnRW3vS00D65iJVQ4Xpu4kOK3TSMfsdbQ15Gc9Vvxkwn8oL10C8NsS4P0MP6C8jdOI6CEPlO-Lqr-BlCX5aJrqHR63WcUXqNPBACZsolowHRtTrs4yclXnNE1GQ1V-SEVHZN0LwMpQyOTMqdkEl9Z846Ajcr5iucH5TGVHQnKvxjFETrTNoQlfap4M0c2Onfl2buVCFBioTNILcwy3DP2I-d46AD5Uyi5sDgP-tggZEBFq3nRLUsT_HwUF0wRCJTfZm5xXcZvbGXYskxos_um5BVvgb43MZI4a-dXXcbyqdTYgzu_JjeZX8WmCiSsd9ds3kALBooamJeIcK2gLVnTb2999Nt_g9SVK5Ip2pNlqkjynurKAar03TKrXnsBEpy8NoiH0Akq2nWWmvRvW7k4B6OSGHihWwYCm0jecS_oz_ZnWls3RV33_YwbABXi2ypBuTneRH4eVHF-sDUL3hgh_YNZWqENbQ_qglv0eqo2OC8KxpTYnDgiAg4NsGJKOxAJeR6J_lGKfeMsjeNJqj2xRHtYMoclsHcAdYyPAhN8GigJERr1k3lZcN63CxmO2jiwO6r48uAnVX8MweHP3QZcUTDHzW9wWV7xz6-hsXXctD5oK_Uac=w1239-h863-no\" alt=\"Centro tur\u00edstico com tem\u00e1tica de girass\u00f3is &quot;Layout e planta baixa&quot;\" width=\"1776\" height=\"1184\" \/><\/a><figcaption class=\"wp-caption-text\">Centro tur\u00edstico com tem\u00e1tica de girass\u00f3is &quot;Layout e planta baixa&quot;<\/figcaption><\/figure>\n<h3>3. Novo Centro de Informa\u00e7\u00f5es Tur\u00edsticas<\/h3>\n<p>O atual centro tur\u00edstico ser\u00e1 reformado e transformado em um espa\u00e7o especializado em esportes e informa\u00e7\u00f5es tur\u00edsticas. O projeto permitir\u00e1 a continuidade da fun\u00e7\u00e3o atual como centro de esportes de inverno, ao mesmo tempo que incorporar\u00e1 as fun\u00e7\u00f5es de informa\u00e7\u00e3o tur\u00edstica.<\/p>\n<p>A esquina em frente ao estacionamento ser\u00e1 reformada e transformada em um centro de informa\u00e7\u00f5es tur\u00edsticas e balc\u00e3o de recebimento de doa\u00e7\u00f5es, e a parede externa dessa \u00e1rea ser\u00e1 de vidro, tornando-a um ponto tur\u00edstico de grande visibilidade.<\/p>\n<p>A arena central ser\u00e1 uma instala\u00e7\u00e3o esportiva que poder\u00e1 ser usada durante todo o ano. Ser\u00e1 poss\u00edvel praticar esportes mesmo durante a temporada de girass\u00f3is no ver\u00e3o. O pr\u00e9dio atual apresenta infiltra\u00e7\u00f5es, portanto, precisar\u00e1 ser reformado, incluindo a impermeabiliza\u00e7\u00e3o.<\/p>\n<h3>Floresta Nonno, um lugar de relaxamento.<\/h3>\n<p>Vamos melhorar a estrada que liga ao mirante, instalar mobili\u00e1rio urbano para relaxamento na floresta e ampliar o gramado ao sul, criando atra\u00e7\u00f5es al\u00e9m dos girass\u00f3is.<\/p>\n<p>Vamos desenvolver a Floresta Nonno. Construiremos uma trilha para pedestres que a conectar\u00e1 ao campo de girass\u00f3is. Estamos considerando remover a passarela de concreto atual, expandir o campo de girass\u00f3is, plantar grama na Floresta Nonno e projet\u00e1-la de forma que a grama proporcione uma vista panor\u00e2mica do campo de girass\u00f3is.<\/p>\n<p>Vamos considerar v\u00e1rias maneiras de usar (uso m\u00faltiplo) a \u00e1rea gramada no lado sul.<\/p>\n<h4>Mobili\u00e1rio urbano<\/h4>\n<p>Vamos instalar mobili\u00e1rio urbano e gramados como elementos de mobili\u00e1rio de rua. Como exemplo, apresentaremos o pavilh\u00e3o franc\u00eas &quot;KOMOREBI (Ch\u00e2teau La Coste, Fran\u00e7a)&quot;. Este pavilh\u00e3o org\u00e2nico, com formato que lembra uma \u00e1rvore, est\u00e1 localizado em uma colina com vista para o Mont Sainte-Victoire, no sul da Fran\u00e7a, um lugar muito apreciado por C\u00e9zanne.<\/p>\n<p>O pavilh\u00e3o italiano &quot;CODAMA (Arte Sera, It\u00e1lia)&quot; \u00e9 uma estrutura esf\u00e9rica de 4 metros de altura, feita de madeira maci\u00e7a de lari\u00e7o com 58 mm de espessura, na floresta de Arte Sera, um polo da arte ambiental na It\u00e1lia, sem o uso de ferragens met\u00e1licas ou cola. Acredito que, se um pavilh\u00e3o t\u00e3o ic\u00f4nico for instalado, as pessoas se reunir\u00e3o para apreci\u00e1-lo.<\/p>\n<figure class=\"wp-caption aligncenter\"><a href=\"https:\/\/photos.google.com\/share\/AF1QipM2kL1NRAT-8T_VSNcYtFMbj9U1Vedh8exBy2YXCwu0qXR2J48FNJ2KjcL5jbOTag\/photo\/AF1QipNaQZ1-G1nWo4eBH9yHH8UJA_0pb2Bvpg1Nyao?key=WWZJR0wwUEc1d3RNYlYzdkpERnlYMDhGMWlNenRR\" target=\"_blank\" rel=\"noopener noreferrer\"><img decoding=\"async\" class=\"size-medium\" src=\"https:\/\/lh3.googleusercontent.com\/I2RigkSOvrwaYNJvLCho2gqPagxwkFbqvJ_7pQ0qe2jZkA2u0NjhkSBbTBpwlKLx4ySIaqXY3eegrfaMCCiAEBccP3mH9m20MycJmyRmXQI_C2dLSm1EOJKp9vl9HXamswZObvjL39WhANZkInOPLKPZPUmeTQ0WVBWX9chlRjDmelCNDegX5Ei2Hdw348Nn6X8kGWIe0MG8ouqtNrqMcOYqS8vYx350uPV0fdJqp7MuijgC2FMf1X74uOCuPjHO-XyTmHXbqsXLMIYo08U8DLv56B-6Sd7sh9D5OlcBYDOdQKJMSG2rJDCMLgSM2W-mL_0TimnLRkt7_v1rKoxo-hKG_O4PmoEzn4eHgqp3tzMJ1h43mmG2KI-nCIVU6JLckwf9zpEu_xrELoWGP9eZZjjb-tRRz2cPf8m3wguFedQ7Y7qbnv272n20EKvivWoDV9V7yUpapqZMAgVtLaQxqBquPUBDya6OIGpPK6yysSrccZOTr1aXh7ylq3ti0sQf32jbVZWMhspuSVNgmD1g-W04cRSScOGM3t7IdpBkXb24AXjisJe-AiyvnJeOcyE_nkWkvDzVY33PSmZX1rfyX3TLYoKdVuMTG_aDYD1HIccYL2VKsPAnjEgn_T3OXnoVJlzxN6ucILaJnWEuKoe001hrQf0RMBOhpJPud13LftG6j0lgNSLc50MN0F6i_824iG7twBYg7jT-XzgaPLSdMxEiUs8JFMtqKREU5LbA9Wdr0Q0=w1239-h868-no\" alt=\"Floresta Nonno: Um lugar de relaxamento e mobili\u00e1rio urbano.\" width=\"1776\" height=\"1184\" \/><\/a><figcaption class=\"wp-caption-text\">Floresta Nonno: Um lugar de relaxamento e mobili\u00e1rio urbano.<\/figcaption><\/figure>\n<h3>5. Casa M\u00f3vel<\/h3>\n<p>O caf\u00e9 ser\u00e1 transferido para coincidir com a \u00e9poca de flora\u00e7\u00e3o dos girass\u00f3is, a fim de aumentar a acessibilidade. Ao conectar toda a \u00e1rea, criamos um projeto que duplicar\u00e1 o valor da paisagem circular.<\/p>\n<p>Uma loja m\u00f3vel que harmonize em design com o mirante e o centro de informa\u00e7\u00f5es tur\u00edsticas. Estamos pensando em instalar uma casa m\u00f3vel na encosta com uma tenda, proporcionando sombra nos dias quentes e um local para descansar quando chover.<\/p>\n<figure class=\"wp-caption aligncenter\"><a href=\"https:\/\/photos.google.com\/share\/AF1QipM2kL1NRAT-8T_VSNcYtFMbj9U1Vedh8exBy2YXCwu0qXR2J48FNJ2KjcL5jbOTag\/photo\/AF1QipP3xq-owae_31Z98mofDcMrsuNRuyriCAD9DI0?key=WWZJR0wwUEc1d3RNYlYzdkpERnlYMDhGMWlNenRR\" target=\"_blank\" rel=\"noopener noreferrer\"><img decoding=\"async\" class=\"size-medium\" src=\"https:\/\/lh3.googleusercontent.com\/rVbUALs-xe4ClhgiG6T8EL7oPjHZeTcwrCj589GnsugrSb8q9PRxRowATDjLnhQWs9pSpinLddGjdltsIRg2QuaFfp9dJqx7J7j_l7xtZTh6HAgVV2IyCy6INwXf8hilTmPwNh896E9gFSC4ddNi2-vJn1qaMVn4q4bTh66odl6uNqdrYHyuYWw6HmVubqSK0QgZyuPjq6viwlUTfQRVxgsQ0b2hZ-LmiHxmOhOax8MFqjfOB65y-WfCJhuld7YW1JT-LcYhUvnmfqUQ7zuilKWhfrGCYEDM9vSzGbHNqWuebu-oYWpcHpkxDc-nrXBmMYG6wXmKKtq9rvGU57BoMM_Bn9YDY7w1GiSWIbwaNwVUjB_SsqYf6irscGoNLUPaa5oK3vOwB6O-u6RuD6Bbw8qdURVDH0YFOlIPLrM6CdJ4wn-b8b4DMB64NbX4WN_eY_7P2-JQwVRVe6-NIU_kbSM-uJ5KOnte_q0BwyJd5VXWTkdxVKcOGoBeTD4AM5bmWzXDWtsW-8EjL26TAlDGqvX_qnCYGXdr5kZEKtZdNjfEfX_fo21DvVvjz-j5O-bSaZWGVUGZAJu2B147O23eVn1A4U4_5iD334DQp4Y74r7iQFuQ8lHP4Jsu-uoL2aS3cT0MH4r17qBgut2WaJ2SNCPL9jOLh4ICSND8o1jzcMpcwJ2o6rvihfpED6cYfr8TyfK8RZ07X23oTSTE5xysay3DwTGSR7Cd8LncKaC3Ys2tFA8=w1239-h867-no\" alt=\"Trailer House Cafe\" width=\"1776\" height=\"1184\" \/><\/a><figcaption class=\"wp-caption-text\">Trailer House Cafe<\/figcaption><\/figure>\n<h2>troca de opini\u00f5es<\/h2>\n<p>Em seguida, houve uma discuss\u00e3o com os moradores da cidade, abordando diversas perspectivas.<\/p>\n<p>\u2022 Luz solar direta na lateral da loja<br \/>\n- Em rela\u00e7\u00e3o a beirais, vidros, etc.<br \/>\n\u30fbSobre o elevador do mirante<br \/>\n\u2022 Instala\u00e7\u00f5es que podem ser utilizadas durante todo o ano<br \/>\n\u30fbNovos recursos tur\u00edsticos<br \/>\n\u30fbSobre o mirante, que ser\u00e1 o s\u00edmbolo da estrutura de madeira.<br \/>\n-Sobre o &quot;Port\u00e3o do Girassol&quot; com efeito de moldura<br \/>\n\u30fbInstala\u00e7\u00e3o de banheiros<br \/>\n\u30fbSobre a Iniciativa da Vila dos Girass\u00f3is dos Sonhos<br \/>\n\u30fbFiquei impressionado com o plano empolgante.<br \/>\n- Em rela\u00e7\u00e3o ao quintal da loja e aos corredores de entrega<\/p>\n<figure class=\"wp-caption aligncenter\"><a href=\"https:\/\/photos.google.com\/share\/AF1QipM2kL1NRAT-8T_VSNcYtFMbj9U1Vedh8exBy2YXCwu0qXR2J48FNJ2KjcL5jbOTag\/photo\/AF1QipOD7q4x0GcWF01A_Sd4UH9pQ3iJP7fGWwVPvgo?key=WWZJR0wwUEc1d3RNYlYzdkpERnlYMDhGMWlNenRR\" target=\"_blank\" rel=\"noopener noreferrer\"><img decoding=\"async\" class=\"size-medium\" src=\"https:\/\/lh3.googleusercontent.com\/EQ3OjKqbyQc7c9IXIeHzef0LH0pP3I57WAshyQDGMtNfpqtYPkl8HMZyzsVlP5SVz75gQVrZ2DMbAT8mwbBCyJ8a4cXQ9VGC2OyunSzx0e6W-2xn0uzC77kVM0KTAXh0V7hIv7Glglo-EgeqBX0exasgUwoOHCcg8Mon2FCAYwOVrqgeftXqL0J4LaFxg4Cx8NS2CSarAmCDEsxyv1OxyzZygIHh6bDJQvGbPSC9HCR-XDLGIT-mgqUN32_h3y_BZ058I6AhugMPtJKFAGbPtcV_30f-2BEhU4CXzgzYqYkdwc2r_USaoWmQZSg4MSpng1blq7jPlximZ0oWzR2wwhZchRlNdN5ZxdTo0yQzsPd1HASZMuf4fgnggtr360TY37WO8_7MkyzOkVYdRwKDLCsmcKbs-_QwVJ20qOwRX3Jyp8QnWeHT1IkLS6DyxtxVslYkcREEcxusmQSTON64xljN_1fXny_4lwplJjaJyFuoAJrdLC6sDAWS-YngnMPSaDfuOTbrrrndbsgxCWKDxqJ7pJnVX7OkCtMfDM0Aix8_8qXhZOC0qoIk1s_3sviDlqfsqhC4QdoS03307y8WnXpCer2rY3CAT7XpTEtMK1s_whNoovXE1DA_8eeOHzY86As91W50WKo2xG3i2nwsPocn4qsMOrbQwXUcY5OyRHRg6bKpzDJQID3cFy5SYLiQ9YaXgfTD5m5A93xcruuLj7Jdcz1UNDfw3_sS_vyn_0yu58I=w1778-h1184-no\" width=\"1776\" height=\"1184\" \/><\/a><figcaption class=\"wp-caption-text\">Troca de opini\u00f5es animada<\/figcaption><\/figure>\n<figure class=\"wp-caption aligncenter\"><a href=\"https:\/\/photos.google.com\/share\/AF1QipM2kL1NRAT-8T_VSNcYtFMbj9U1Vedh8exBy2YXCwu0qXR2J48FNJ2KjcL5jbOTag\/photo\/AF1QipMsaSHamhJX1bLp0pCW9705GU5_xEfjq-tRS_8?key=WWZJR0wwUEc1d3RNYlYzdkpERnlYMDhGMWlNenRR\" target=\"_blank\" rel=\"noopener noreferrer\"><img decoding=\"async\" class=\"size-medium\" src=\"https:\/\/lh3.googleusercontent.com\/K_k_dgj78cmxrAO8f3W4prcUolBxupVdCRg5TTB6iD00NROwABrztlWoaYUUdIVe7-PinUO0XFOQ1I7wCjDHlehGmdRI4IkqX8vhVuD6FM80DWipjet2efDhzQVk17rDj3Ouk-Rx9kyLOZEz3j-8SxXUa45TeZF6HooXIqV66rp-Gt7SQvc3qRCUU0TNhPQmcKO7Xt7RvwNYGNtpF1mFNzWrjT0lZ2F-sysFdUkYx5_mcMPxZIuTXYmh_ZKT8Ks2_2Kgix4TZcZ1z1LofjtaiRZVaAnRKeniO8Ce2fXxIOgha0cmea4emyghI18vM1r_vQU0LAwg5KuOSI1M1y30E10zf8X_kBVjqu0vYjOeNB5HvnKASYSHS89UB6As41vFFvsVoRatsA7SijjhFncRdqEffc388WTax_8nFMInBOt2ZtK86647UnLIKOOp9jIQRzWNgK-1NzWuisqWeMUmB5Fpf1zD0N2NJ2gN-86zMIJUeaVNahV-bWxUhPCk6F-UJbe6de0wQ4bjJL7_7zznfoFGY-eupuN9ky_DifZ4IBjMC-SkoE8tiU-Q4uAyLDHz80iH890ELZeEWgsCMOI4U5KaPRTSQelbom5cII2K3ksuwRabAr_jB8fXzfnX_NaJ_rskUKQ9wDBw80CntaKZAfXoGJQIZfTsUXtEISpf0iOsSnhvA_kkbQ96rQ-RDnz9sqFLEakcOll0aeIiocB18vdKUETt3hWDUaeLr2B3dau9d_c=w1778-h1184-no\" width=\"1776\" height=\"1184\" \/><\/a><figcaption class=\"wp-caption-text\">Discuss\u00e3o<\/figcaption><\/figure>\n<h2>Considera\u00e7\u00f5es finais de Kengo Kuma<\/h2>\n<figure class=\"wp-caption alignnone\"><a href=\"https:\/\/photos.google.com\/share\/AF1QipM2kL1NRAT-8T_VSNcYtFMbj9U1Vedh8exBy2YXCwu0qXR2J48FNJ2KjcL5jbOTag\/photo\/AF1QipMNRck4R8fe6AWr-dlB1nL1aGumI2w8OkqD97c?key=WWZJR0wwUEc1d3RNYlYzdkpERnlYMDhGMWlNenRR\" target=\"_blank\" rel=\"noopener noreferrer\"><img decoding=\"async\" class=\"size-medium\" src=\"https:\/\/lh3.googleusercontent.com\/YWHlnetRFCY0N1kXvKtMykHi4cZwNpNJiGRqRh2bMZ17ipKllLIfgi_FqpsO-cJmlJVAIQWITxGjpfciwkwvE6U2VRu9FiKDEs3fJVqVtI0ebmpANGhmR4WUFI-kV3zhAHOQzgIA_QFAmjq7fSULx14MMxCj9OU7DJKPUUHr0stsRgBPaqv9ajYa5XYYOWLHKBXDMwFjkfICL2_MrHWM8w8fHFDE2Y0fcm3dSqQxxr-_JMcz0D7tUKLXE5iqinkjwrt7Homg3_umvSX86dphBOVXg7j8SQMuWac2XrFYaU4piM0HrRO5lDP6-WHwEiHvW65RNWrPug4Q2TN67hyrInb5Kid9Qv841vrj0x_40xd6fxomPhQ4kGzKf0uwvePsOx0xHw3BZXPzBYjYq8fZRJcI5pa8Rnaauh0DsJksfauRIzjOCgqHsnN9gm0rxLettLhjwWn4UKkU8u7pR9npvRmVWMjtpDNjGIAMPRkJOFTOz27VnZgf5M6iQyCOcs0h0Ph1X2WE-t3AgH3-PoNLWFWRQcYoKERrSMEbsDZQQdyRZ9bLaap4HiTvk-tBlJ4UGYbP5-RffwpTTOV0V9sM-FzxAkGSE2q_3C3U47YL4DiGdjvZ7zuQ0-FSHOAynnTzZpHj0wFzDSwWnCmYqLKj-3YpCn-S6wwJ0Av8KLAYdybVfLPn-5MdvqvQCCNEQ5FOHddiVZeLBNrYP1dnoH0uWuC9ShBBgJDXOgQ65bWSoHttBlk=w1778-h1184-no\" width=\"1776\" height=\"1184\" \/><\/a><figcaption class=\"wp-caption-text\">Considera\u00e7\u00f5es finais<\/figcaption><\/figure>\n<p>&quot;Estas s\u00e3o apenas ideias, e prosseguiremos ap\u00f3s finalizarmos v\u00e1rias quest\u00f5es, como o or\u00e7amento. Gostar\u00edamos de buscar algo que seja o mais adequado poss\u00edvel para a cidade de Hokuriku&quot;, disse Kengo Kuma em suas considera\u00e7\u00f5es finais, antes de deixar o local devido a restri\u00e7\u00f5es de hor\u00e1rio de voo.<\/p>\n<h2>Masayuki Tanigaki, presidente da Marche Co., Ltd.<\/h2>\n<h3>Uma hist\u00f3ria sobre o &quot;Concurso de Bolinhos de Arroz&quot;<\/h3>\n<figure class=\"wp-caption aligncenter\"><a href=\"https:\/\/photos.google.com\/share\/AF1QipM2kL1NRAT-8T_VSNcYtFMbj9U1Vedh8exBy2YXCwu0qXR2J48FNJ2KjcL5jbOTag\/photo\/AF1QipMRYg1TcjarXqUEgGHRxzX4MHWfKhRAwnnsXKA?key=WWZJR0wwUEc1d3RNYlYzdkpERnlYMDhGMWlNenRR\" target=\"_blank\" rel=\"noopener noreferrer\"><img decoding=\"async\" class=\"size-medium\" src=\"https:\/\/lh3.googleusercontent.com\/-6c7hIZOVewerBS3mKofZ75ku1KafYJpcYJbOAJMkK3P11nY9sso56iGcMtSeP7ohmsT8rIBtdH1-lah_lrRCebbUAcEM-ZD0CMN95tfLaaYPQju76T6CjssBXXS-Su3Wf4_qfrbXe1k1IduJKFf9xXYaF3p5VswUSR_ixCP9BEmicuMhYE7mHw5w8D-saxTvklc8yz64OYPoI_7XKLYnrWFBjaF4r_f-WC6N8LTn-f6qNOPbGT75mHFuuTGoE--96H9vjmCrJ9NmH2Dk11Ov2a4dOhZvj0cKEB_5jdJFWOkidALGhjGVGoruMj4d8KFqddXU7AVm15IG8-cwrU82tZexi1kn8cCs_2sw2VGN6Yrh4L-cJI2CqM-Aca_nKqUCxvhLBzxqUzI4uw86Ll5CUMlylf--IK6YDsEL4uGO19Io8wHbvQPbSyHfw_qVBnToY9DzSZg_mUpiaZeCoHmqyrQoVjHKxUoXQEDlbSCzdVTD3iWbhjBWnSz2ggnNHrv2JuCdQS0J0DUnk2InIMsurw7Xgw7S_UVEOZVzn_eb5a3zh08x7qwk_eYXHYdCswkeDu6MqMAXU_FRWX7BPRcs5FyYPo-gAERx89xHOpXvgSYxXFUJS0_1-4UdSWi95hFfjmL1Sx3qbDxdTPOYt0lq5b_nFjJg-8qUQFf06RqcF4QmHG7iIuchMeSCvhbNzc1P3sxksT-cxgkMt4KK_CWN-zM_GEdAYR23MyxPiIweMK23zw=w1778-h1184-no\" width=\"1776\" height=\"1184\" \/><\/a><figcaption class=\"wp-caption-text\">Masayuki Tanigaki, presidente da Marche Co., Ltd.<\/figcaption><\/figure>\n<p>&quot;A paisagem da cidade de Hokuryu \u00e9 maravilhosa, mas tamb\u00e9m acho que o arroz de girassol de Hokuryu tem um grande valor. Refletimos bastante sobre como poder\u00edamos processar o arroz de girassol em algo que agradasse aos moradores de Hokuryu. No dia 25 de agosto, realizamos um concurso de &#039;Omusubi&#039; no Parque dos Girass\u00f3is de Hokuryu Onsen.&quot;<\/p>\n<p>A receita vencedora do concurso de bolinhos de arroz foi testada em 20 lojas da regi\u00e3o de Kansai durante um per\u00edodo de dois meses, a partir de setembro. No total, foram vendidas 2.000 por\u00e7\u00f5es dos dois produtos: &quot;Bolinho de Arroz com Queijo e Bacon&quot; e &quot;Bolinho de Arroz Grelhado ao Estilo Okonomiyaki&quot;. Os funcion\u00e1rios ficaram surpresos com a enorme receptividade do p\u00fablico.<\/p>\n<p>Muitos clientes comentaram que este bolinho de arroz \u00e9 delicioso e que adoraram, o que comprova que ele certamente ser\u00e1 um sucesso de vendas. A partir de agora, espero sinceramente que esta receita de bolinho de arroz se espalhe rapidamente por toda a regi\u00e3o de Kita Sorachi (Sorachi), com foco na cidade de Hokuryu.<\/p>\n<h3>Equipe de Apoio Estudantil<\/h3>\n<p>Sou professor no Departamento de Administra\u00e7\u00e3o de Empresas da Universidade da Prefeitura de Osaka, e a prova final da minha disciplina foi sobre um tema intitulado &quot;Ideias de Neg\u00f3cios para Arroz de Girassol e Turismo na Cidade de Hokuryu&quot;.<\/p>\n<p>Acho que seria interessante se alguns dos 80 alunos matriculados pudessem ser organizados em um grupo de apoio estudantil, realizando trabalho volunt\u00e1rio na cidade de Hokuryu ou criando ideias para passeios de turismo ecol\u00f3gico com foco em experi\u00eancias agr\u00edcolas.<\/p>\n<h3>Representa\u00e7\u00e3o art\u00edstica de girass\u00f3is<\/h3>\n<figure class=\"wp-caption aligncenter\"><a href=\"https:\/\/photos.google.com\/share\/AF1QipM2kL1NRAT-8T_VSNcYtFMbj9U1Vedh8exBy2YXCwu0qXR2J48FNJ2KjcL5jbOTag\/photo\/AF1QipMM3yM-B0A2RdTTu8xISR_KpYcnYNptXYp6gBE?key=WWZJR0wwUEc1d3RNYlYzdkpERnlYMDhGMWlNenRR\" target=\"_blank\" rel=\"noopener noreferrer\"><img decoding=\"async\" class=\"size-medium\" src=\"https:\/\/lh3.googleusercontent.com\/0GQmuFvHc81RKMnPhWRQFjGbIwEqCqDeTtZZY2XdaVGEkSM1BbiT2xtfgXrupTW-7dmlL8Qk8nsmsatnb8VuIgPC1sb9AdFAB7SaXmsmkHfwJVYdVoCZ7vqOf-spO7hOCEzaWXdvbUYJskoqqqUAjqIAoW5xn_3G9qSc7q506E2GveOCsIvJeerhqmq3A-ybIBYAm31U2UBsm8DKzqWRN7mDHn9tYRlHULNwY24TJxCvqmtXlWHqUdDm2XOzA0aenl2t1z1sRwZENMk4DgxfkqoyArIYYSKH-MwNq1ouTw5tD3i-JEefgsOsajoTv8O4q1gIJ08PE_1xbKh-GsYU7qGh6bkT_KXimpzvcE77uqPucAvpVHqwzhc1iQRB0i0HE0XTZKwqrMWA3zdZKxD--CuA8a3Ckc0iKyYRPIG1eo4m9TEWAkA84De9dbBknLVJkJsprtthoqRQTFEaqN9B4YEweKyZtohDzKsHyqjg5UwrhjuD0Pn2a-bqdQZytQ7UbsMuBKEUvHLQI3Fcdb1sERP-xhDuLtIZe2Q94_J9P5bCM6zNqQGCikXM9l7fD4V-6uKjMvm_JirgNpiGT-zWDSLim72fvXIy7mMMIqFhk4cvGFx5E5XXfbFVxyIFkC7-VFPIvg_CJjWie196mF5tP_DvjhvTI5Pp-9JGEW8h25K2Ddbvri_mZ1RZ4op5gK4LE--Ajr9p5MUjy9B8e8UA6RuvkdihAK1HMf1VcQRnRRYz3qE=w1778-h1184-no\" width=\"1776\" height=\"1184\" \/><\/a><figcaption class=\"wp-caption-text\">Representa\u00e7\u00e3o art\u00edstica de girass\u00f3is<\/figcaption><\/figure>\n<p>Descobri a obra &quot;Girass\u00f3is Murchos&quot; no Museu Nacional de Arte de Osaka. Antes, eu pensava que os girass\u00f3is s\u00f3 tinham valor quando estavam floridos, mas ao ver &quot;Girass\u00f3is Murchos&quot;, senti uma sensa\u00e7\u00e3o de &quot;vida e morte&quot; e percebi que isso tamb\u00e9m faz parte da vida. Como os girass\u00f3is murchos tamb\u00e9m carregam mensagens, percebi que eles podem ser expressos artisticamente.<\/p>\n<h2>Naoya Ishikawa, gerente do escrit\u00f3rio de T\u00f3quio, JAZY Tax Accounting Office<\/h2>\n<h3>Um novo modelo de neg\u00f3cios na cidade de Hokuryu<\/h3>\n<figure class=\"wp-caption aligncenter\"><a href=\"https:\/\/photos.google.com\/share\/AF1QipM2kL1NRAT-8T_VSNcYtFMbj9U1Vedh8exBy2YXCwu0qXR2J48FNJ2KjcL5jbOTag\/photo\/AF1QipMQHipIrya3NgTBsHsz2dI58mTWYzEYTjHQnm8?key=WWZJR0wwUEc1d3RNYlYzdkpERnlYMDhGMWlNenRR\" target=\"_blank\" rel=\"noopener noreferrer\"><img decoding=\"async\" class=\"size-medium\" src=\"https:\/\/lh3.googleusercontent.com\/Y19RQGaUdswGreGW77TRJG2_77HgY4oXgqBP0Z_jq_LX0Qdm7FM9fhfrm4hQID5Z4H0HSBKkCWSkCij729MdoUb8aLtpmh5ug7iO_XSEOfJkYRJRSvZ4yuB_nQvj_rXDBa4Lx9MBjSTcjdlh3m1_STNDQFJFe69F-ibcP7hsLONVlQujcJSvyLjBUz4NDXXJNDmXQgRcMUQGa8xCpzYPudB_kG-skEJMHZsGQfBO3wwfZbqjxryZqCbiB2G5IKODcD9dFFJ_MLLs9aXNJfREhyKyZiksR58Deil7pHfehix-JmvCq2YataJPuU21GzlUflaTt2auEW5vI_QVH1Nd6TLHHyo7pIm9-nchJSlOk9w1lXcZzPbbXbORgMYwkFXVXU5C_G7W9x3jcNU3HDBBQ5UlM_qd5_KuhTCeXMVoJpdOmvWOPHQ4LN8vQH4btqU9DjLylT7O0Lv2EAjlt73RgLXTnEm2og9It1z7KX5PRB0273klKaoquPXmoosCBwU2w4BtwTO4AKQ8R66pmwSim8VaBOACCcHZ6Gm8ykWQdPyBmx2HMKt3esWh5t-Y6UlRT6K3iAlHhXzkM46cM8hpe0O2Ie2sh5upo69asEtDiGUp2cX1Xp4U02yF5nt4IzHJ7ZPCLCnMqbxDGVp9bic9KAJAVK3NSUT1Zc6reWR9HP5QuRksypcsvUaxcGbg8y_lxuJjvBhBLKHouqH1xiccJfXPEWdK3vPzH0JlX6h8CgPHj2E=w1778-h1184-no\" width=\"1776\" height=\"1184\" \/><\/a><figcaption class=\"wp-caption-text\">Naoya Ishikawa, gerente do escrit\u00f3rio de T\u00f3quio, JAZY Tax Accounting Office<\/figcaption><\/figure>\n<figure class=\"wp-caption aligncenter\"><a href=\"https:\/\/photos.google.com\/share\/AF1QipM2kL1NRAT-8T_VSNcYtFMbj9U1Vedh8exBy2YXCwu0qXR2J48FNJ2KjcL5jbOTag\/photo\/AF1QipNW7q-gT9Q_O9_IY2ncuvV2CWwAt8ugJp1dtJs?key=WWZJR0wwUEc1d3RNYlYzdkpERnlYMDhGMWlNenRR\" target=\"_blank\" rel=\"noopener noreferrer\"><img decoding=\"async\" class=\"size-medium\" src=\"https:\/\/lh3.googleusercontent.com\/5h_022Sm4sDa12Cz_UfTKt81l80gw2TKtBrkdZMydZqh3wj_plSFMMF3ibXJsqRpZsu87LXNjTVk1FpI8i4ACpxwhJ3fcnuEPBpxXp6RTaqWk6IPvZ3zA7BnmxhLD8c54grqkP4Auc1fv4kVFByFKkaVP7N9lEF0GgIlmDrqEpwhclMmRZ1n9LTJY0w2NilAmIAHuN7qtRK73fQTlVfjya1OyfIrXZzboxBDtzuA_xOiq0kRzWbPTXx4UxhnriZv8XjOzSKRVtaH0UlqXYu3PjwzaYI21iSb1WUU3zCZiJvdn3wdhtkmhrhyfFA-9ywgOYGjgbDsyyV3H6Z72DHCs8gKNr7gAyaaw-kdFRxA7by58Isjde4WAodsoGFrQEq0EJ_Hs-s1WX1_YJ3BMaqF6FnAo5RvECo28KmEnB5iQx-8ao3UpL1LTpS3pM5OG3XM8ersnGvWAJFz7vyMV6L5bov3pY8kBtBpFgoSzPwpAxkGSDXnXJT1NRsLyPQ0jFTCScr-A5BtxcBKSKtA3Xp48AtwcDFQdYyvXYmI-BkF2GxnXF67aZc7agBoeUPF4Xli_DdIQ5pU9ATxMufOBP3yVfypAuavUe9XHg2F51QR6tVrnywD9NOPcrehcGoastX32qAWZFX7xgviqcIGT9mSyJOZUvPB0yhfvw7KKGUq2ILueCBqJ_P2i4CU6jAp-GSL4pge12hYMsqKqglNOCao_XODp-qxIqUUz40hicZ88wwO6q0=w1778-h1184-no\" width=\"1776\" height=\"1184\" \/><\/a><figcaption class=\"wp-caption-text\">Modelo de neg\u00f3cio<\/figcaption><\/figure>\n<p>Propusemos uma empresa que permitiria aos moradores locais, turistas e alunos do ensino fundamental e m\u00e9dio vivenciar uma variedade de atividades, incluindo agricultura e oficinas.<\/p>\n<p>Como parte de uma estrat\u00e9gia anual para o centro tur\u00edstico, realizaremos feiras regulares e buscaremos atrair visitantes com diversos planos de experi\u00eancia (experi\u00eancia agr\u00edcola, experi\u00eancia com girass\u00f3is, experi\u00eancia de fabrica\u00e7\u00e3o de macarr\u00e3o soba, oficinas, etc.) para aumentar o n\u00famero de visitantes.<\/p>\n<p>\u30fbExemplos de experi\u00eancia agr\u00edcola, materiais do Simp\u00f3sio de Estadia em Fazendas de Hokkaido<br \/>\n\u30fbExemplos de planos de neg\u00f3cios<\/p>\n<h2>Sr. Yuji Sasaki, Divis\u00e3o de Planejamento, Departamento de Planejamento e Coordena\u00e7\u00e3o, Sede de Pesquisa Arquitet\u00f4nica, Organiza\u00e7\u00e3o de Pesquisa de Hokkaido, uma institui\u00e7\u00e3o administrativa local independente.<\/h2>\n<h3>Resultados da pesquisa sobre o Festival do Girassol<\/h3>\n<figure class=\"wp-caption aligncenter\"><a href=\"https:\/\/photos.google.com\/share\/AF1QipM2kL1NRAT-8T_VSNcYtFMbj9U1Vedh8exBy2YXCwu0qXR2J48FNJ2KjcL5jbOTag\/photo\/AF1QipM1I7MTszYWrgo1G978TsXRT0apw9DEJ4YLUcQ?key=WWZJR0wwUEc1d3RNYlYzdkpERnlYMDhGMWlNenRR\" target=\"_blank\" rel=\"noopener noreferrer\"><img decoding=\"async\" class=\"size-medium\" src=\"https:\/\/lh3.googleusercontent.com\/F1gTNSxGGk4xB4ZfFYVhC8bxPbq3DfZ_JTN39KANTG3rVIHaQ0fiimAuoUTqL3Ni1VKHWvZybIjBtw_1irUYrruhKNMBWpvZLFtJKCNJh50AKnCRX--OGvGv3RNqsdunCxK8tXuwUfPCRk1v6doAs3TYUdcH0uvwDzDjiDLmeD6ICIwupRlLOgjI7z2h1ly8aNFog35SSMQtnBNkuo9BR-BwQFGo84-LioxhhaD_tAUU_5gcy_USt1C8yJIr7Qv4dZVtIuOIiF7kGDjD2POcKvlcLzFzmmUD8vGNqAI09vnVhTdChO61bhX-MYxkcOIuTGhhuOL6syNNpE_xc1YEQybZwKyBAMp03XFgKvuUvY6YX3GbpZkHTcoA8y676gudhTgrXn6w8jfl8Vk1lEPeE6CG0Vo16nuYpZupoagPa9Y-gjpalDhjgoEv2iucoA_UNOZ9Ol77-ls-rYigfpF3FWPR7z7TlSUcdwU3zVg4qAAdfoJPKZ2XriDIsbMh9_kniXQXm4ZN7GxRoR_6A9yybZZ2FfsDHTvYrifpQpZP0o55Oq_5ipRiGQL_qOOBLo3XnPmh5g6XAd-PWZZrXUrJeL1C8SYkQEtTyKSInWdrXuX-H48L2WQp_kqFUbp0IbUGKywl7WCZC7Bxy7gtFcM7Uzuy_X4x-gdNALj2WaIexlZdjOKKTRQ2WD3NDLJwM__cWdu9YCAZszL8bBR7yOALkmxnQ53OFTvaPhRIZ6gabGzyVMU=w1778-h1184-no\" width=\"1776\" height=\"1184\" \/><\/a><figcaption class=\"wp-caption-text\">Sr. Yuji Sasaki, Divis\u00e3o de Planejamento, Departamento de Planejamento e Coordena\u00e7\u00e3o, Sede de Pesquisa Arquitet\u00f4nica, Organiza\u00e7\u00e3o de Pesquisa de Hokkaido, uma institui\u00e7\u00e3o administrativa local independente.<\/figcaption><\/figure>\n<p>Foi realizado um levantamento direcionado aos visitantes do Festival do Girassol, e aproximadamente 1.500 question\u00e1rios foram analisados.<\/p>\n<figure class=\"wp-caption aligncenter\"><a href=\"https:\/\/photos.google.com\/share\/AF1QipM2kL1NRAT-8T_VSNcYtFMbj9U1Vedh8exBy2YXCwu0qXR2J48FNJ2KjcL5jbOTag\/photo\/AF1QipN7wsFV-ec8hNo08mjaQn5npp_vqMUu0avFsB8?key=WWZJR0wwUEc1d3RNYlYzdkpERnlYMDhGMWlNenRR\" target=\"_blank\" rel=\"noopener noreferrer\"><img decoding=\"async\" class=\"size-medium\" src=\"https:\/\/lh3.googleusercontent.com\/6Fe6sQGmJ0xBAro9_KbIl5FBGSEGYBvlLGhTMG3xI-WYloEs5OIb-naVhmC56umdDRN81KstTQ4GNjpz5IfJ1E6aa_kylmAmHcqwpMfslKyG6F9I6qBThaL3rG1Nn6YrLho5RJKeT3_7koajnRYTymh-Dr6lPl2AsPNFAYvHoBH19twNO8FY8Js9j6LeqzrY2ggT58HSL8J-4eeZ3c3FT8qv1Z8lSjowjUXr0saHHqr2JC6hllzWnA2eGvBkBme6dbQDNF4TalzUbQXp4wcFvuZi8UjZ1OhhTt3Lf0B_6_GZnyaoZqaS2hyEEnUANCvg5sTZfP455G2_waTWIIAi-I1CBjs05H2FC-1icqHE77g3ponrJ48oJczxcfUExjrKYcuT-8UoCuBMoDhJXqA4pBiC8LVfQPOp5gVnLdMZuXn1HDVC0iebvNkooXBF553SphxxYkVtlcnK6-nhEpHI6e87G2FIdDMXfn2uCMkgDNwh6n3qcxmOw6GqWIHeH6Rdsy8mYsRr_W3r1Nw-KSInzkIXpBKl9d8BIT2RIlRgK4n902qPVdmVHWCp9bWi9dJGW6-S1JHZgyCMv1qj3NXBeIAQIXLHOBTswVvj4m-fnxttkQbYhVQ6EZvof5UxfEZPEU12Y5dDedL54cWr1ZD8czAN1Fk0nG2chd2ykzW3ZCmiDv07HLvRQtK-BKOkSell4Os6tme22bNcTFQLg6BVBgH8EOIG99lu6MGQ9ENKz7Yg-5s=w1778-h1184-no\" width=\"1776\" height=\"1184\" \/><\/a><figcaption class=\"wp-caption-text\">Resultados da pesquisa<\/figcaption><\/figure>\n<p>Muitos s\u00e3o fam\u00edlias com crian\u00e7as e jovens, sendo que 40% s\u00e3o clientes habituais.<br \/>\n\u30fbA maioria dos visitantes chega de carro vindo de Sapporo, e a perman\u00eancia m\u00e9dia \u00e9 de 1,7 horas.<br \/>\n\u30fbMuitas pessoas ficaram sabendo do Festival do Girassol por meio de recomenda\u00e7\u00f5es e compareceram ao evento.<br \/>\n\u30fbAlta avalia\u00e7\u00e3o e satisfa\u00e7\u00e3o com as refei\u00e7\u00f5es e lembrancinhas<br \/>\n\u2022 A inten\u00e7\u00e3o de participar do pr\u00f3ximo Festival do Girassol e a avalia\u00e7\u00e3o do Festival do Girassol s\u00e3o, em geral, altas.<\/p>\n<h3>Como um desafio<\/h3>\n<p>Durante a perman\u00eancia de duas horas, aproximadamente 41% das pessoas comeram. A avalia\u00e7\u00e3o m\u00e9dia da comida foi de 4,6 pontos.<br \/>\n\u2022 14% das pessoas compraram lembrancinhas, com uma avalia\u00e7\u00e3o m\u00e9dia de satisfa\u00e7\u00e3o de 4,6 pontos. Quando perguntadas sobre quais lembrancinhas seriam boas para elas, muitas pessoas escolheram alimentos relacionados a girass\u00f3is.<br \/>\nA imagem da cidade de Hokuryu est\u00e1 fortemente associada aos girass\u00f3is e, em menor grau, ao arroz. Ser\u00e1 necess\u00e1rio promover o arroz produzido em Hokuryu no futuro. Acredito que ser\u00e1 preciso criar ideias inovadoras, como vend\u00ea-lo em embalagens de duas x\u00edcaras, facilitando o transporte para casa como lembran\u00e7a.<\/p>\n<h3>Como uma &quot;perspectiva de desenvolvimento urbano&quot; que precisa ser considerada no futuro.<\/h3>\n<p>\u2022 Criar novo valor para a cidade de Hokuryu atraindo imigrantes e empreendedores<br \/>\n\u30fbEstamos \u00e0 procura de pessoas que partilhem os nossos valores e apoiem o desenvolvimento da cidade de Hokuryu.<br \/>\n-Precisamos de uma nova perspectiva sobre o desenvolvimento urbano, algo que outras cidades n\u00e3o est\u00e3o adotando.<\/p>\n<h2>Coment\u00e1rios do designer Makoto Umehara<\/h2>\n<figure class=\"wp-caption aligncenter\"><a href=\"https:\/\/photos.google.com\/share\/AF1QipM2kL1NRAT-8T_VSNcYtFMbj9U1Vedh8exBy2YXCwu0qXR2J48FNJ2KjcL5jbOTag\/photo\/AF1QipNUHS4IGkfTXzFcr-qAb-OPZ3D8QP3cEXn5Rtk?key=WWZJR0wwUEc1d3RNYlYzdkpERnlYMDhGMWlNenRR\" target=\"_blank\" rel=\"noopener noreferrer\"><img decoding=\"async\" class=\"size-medium\" src=\"https:\/\/lh3.googleusercontent.com\/0vgo1BekRscdGKie9NVYpns4idubVdwSMlaWnU2Te6XdrTRybgKrEJcpq3xiQ08OrhXqnjRtD0oRAgSZWRGhcs3vs_AyNPmf8wYR-VgNdHQYlijLBKYc6Dyyyum460u4GBizm1y65XFKIf83bp3vMFZlK1Ig0dZz-7fvzIiC1RWk_HG2rLEZxEvL4tHSUymb_xmNBP590Am7JkvwVU6CrgDXtLFjE77URDthKualmO4ZyqVXL0r13yTOi_CmWuFWQ-fcdhufttOfandHWhY9i04bmVutCx7uPszrG-0TC9b8dNssJhS9528SqI1rczwQI2SbiLkFHitFLpyrEa2fVSr58wtXGI-zF4hsJD6rdcByvKFWAkNategf46-OrFMms5y0C-ajKIpfixv3RpzonHPjhkJXEFyyBch2GODSfy1KNOasgYIxeZDVw2syHoEFU1T2_PW0NWuJ0aukukhj9fDBZs4P7wDDt9GkilFfEz4NBT01LjfuIL6CRumpJqsVPz2PDXincVKk6OTXVvgXm2qPYm0E7-hfEMrBpinx_OHj6lj1VphPWjcG4y-nKb2DwfJdgxEypnUyZqDvnYmxMD35CFJMSEtzsLNHJmViO_rH9BTxgtxmUi7NyBauPxeRgAUDNJcKaGaOI2fC7XhwifOYSrshH8_Zs68niF3ffsK3lT0y0ZbSQS6sdYS9K1Pc8YhMAX997G-eWozL86zufHC807uTWjiVVXS1Iq1ggxB01JU=w1778-h1184-no\" width=\"1776\" height=\"1184\" \/><\/a><figcaption class=\"wp-caption-text\">Makoto Umehara<\/figcaption><\/figure>\n<p>&quot;Em rela\u00e7\u00e3o \u00e0 proposta para o Sunflower Sable, em vez de usar a forma de um girassol tal como est\u00e1, algo que incorpore casualmente o simbolismo do girassol no design ter\u00e1 um impacto maior.&quot;<\/p>\n<p>Mesmo que uma \u00fanica marta Himawari custe 200 ienes, \u00e9 uma \u00f3tima lembran\u00e7a. \u00c9 uma forma de propaganda para promover a cidade de Hokuryu e, ao mesmo tempo, gerar lucro. Quando as pessoas as levam para casa como lembran\u00e7a, todos os seus familiares e amigos ficam sabendo da cidade de Hokuryu. A embalagem traz a marca da cidade de Hokuryu, o que ajuda a divulgar a cidade.<\/p>\n<p>H\u00e1 cerca de 20 anos, um curry de conchas de turbante foi lan\u00e7ado na cidade de Ama, uma ilha remota no arquip\u00e9lago de Oki, na prov\u00edncia de Shimane, tendo as conchas de turbante como ingrediente principal, j\u00e1 que s\u00e3o comumente pescadas em Ama. Eu criei a embalagem com o t\u00edtulo &quot;Curry de Conchas de Turbante - Bom Senso na Ilha&quot;.<\/p>\n<p>Nesta ilha, existem coisas que s\u00e3o de senso comum, mas que s\u00f3 podem ser feitas em uma cidade pequena. As palavras &quot;Naimono wa Nai (N\u00e3o h\u00e1 nada que n\u00e3o tenhamos)&quot; foram criadas como o logotipo da ilha. Este ano (2019), a cidade de Ama foi homenageada por essas palavras no 50\u00ba anivers\u00e1rio de sua funda\u00e7\u00e3o.<\/p>\n<p>As opini\u00f5es expressas nesta reuni\u00e3o do comit\u00ea variaram desde discuss\u00f5es sobre o trabalho em equipe at\u00e9 a cria\u00e7\u00e3o de ideias para produtos. Em outras palavras, fazer algo com prop\u00f3sito ser\u00e1 aceito pela sociedade.<\/p>\n<p>&quot;Espero que, no futuro, Himawari Sable nas\u00e7a na cidade de Hokuryu&quot;, diz Umehara.<\/p>\n<h2>Considera\u00e7\u00f5es finais por Terutaka Suzuki<\/h2>\n<p>&quot;No futuro, a &#039;agricultura brilhante&#039; poder\u00e1 tornar o mundo um lugar mais brilhante, mais rico e mais feliz. Acredito que a forma como a vontade e as aspira\u00e7\u00f5es do povo de Hokuryu forem expressas determinar\u00e1 o desenvolvimento futuro de Hokuryu.&quot;<\/p>\n<p>\u00c9 importante para n\u00f3s avan\u00e7armos de forma positiva. Hoje, levamos em considera\u00e7\u00e3o e sintetizamos as opini\u00f5es de muitas das pessoas envolvidas, incluindo Kengo Kuma, e gostar\u00edamos de continuar a apoi\u00e1-los no futuro. Muito obrigado&quot;, disse Suzuki.<\/p>\n<p>A 5\u00aa reuni\u00e3o do Comit\u00ea de Desenvolvimento do Plano B\u00e1sico da Vila do Girassol est\u00e1 agendada para o final de fevereiro de 2020.<\/p>\n<figure class=\"wp-caption aligncenter\"><a href=\"https:\/\/photos.google.com\/share\/AF1QipMp4UHn2lTYRamnZu6zyPgVXsjcG3_-46tnURLkgFu8mw2KmuPaomalLBukxUW_zg\/photo\/AF1QipOBVsHYpgsrHq4bwPlTm-4EySIfjlCRF3_iX2c?key=N2hjajNBcU9UY0FUY2w2Vzl2MzN0cVNJdDEwVFNR\" target=\"_blank\" rel=\"noopener noreferrer\"><img decoding=\"async\" class=\"size-medium\" src=\"https:\/\/lh3.googleusercontent.com\/1zVtMJILN0VEMKKy_oWV1a82oNNX-HixjJKk6CLqT5LA-3BS_UoO7f8xbhEMEi8SVgVz45Y_Ncwb53YIbniDv-4R7qCJmC6T7HBQK81odnG_9f2Ubi2CQkpFwgahM6oIbDbduiIPq6TVP6oAgWQS0w89plAXfFp3-VKXkeAbUG_4HER6PprG3jH9RbHbEHoU8BQcP0LurfsR2gzQKJxaUjMLQeh_BzC_lYEHSQUc3yg7DxO123NIz8pyy2R2QaWZ6CR-czzvEut0DlmTzA_ENGBr1aDHRsk7Mn1Fj-ACTL98VoGwtObpGczl2_zQmLZu-a_cl79_PiXJ3kkXc9HBFjhC7jxrntC_HgyPDJbTekBJEUTsFliWhamteJDjXqL0kIfAswV4o-u3n4IpBPDu1bGkApbxqyhoysaZKubdUanyjHzyKBlIaZGZf6GnSr5VuFbgxH3smsoEF7oHgpcgpQZ2Um2XOcIW3OwwNIU3jHgoQEJlOYHi7Fa_ejfFgPCnM_0wJOUVU_HUP83oVYF_KesM7snIaCrPNIosOG-clxnCgC0vFWsYHZCaKd1H0X3T1f1rDzv0KL9eOnimA54lfKpeFjPeP5Y5hKckeJXrv5rn2l7VXzE0XJYIDIUYJT06C0DsoJdMCL8vD32CrMfHg7Ylew1cCxk0Ed5bnRC-nfyg_wkA0rW39audtymMxTL3BCBEPlxFMgtSISIry6xlFg3EXoA0Dytny6J0a_NbrJrjD7I=w1778-h1184-no\" width=\"1776\" height=\"1184\" \/><\/a><figcaption class=\"wp-caption-text\">Vila dos Girass\u00f3is Nevosa<\/figcaption><\/figure>\n<p>\u00c9 com amor, gratid\u00e3o e ora\u00e7\u00f5es ilimitadas que enviamos nosso amor e gratid\u00e3o infinitos a este fascinante e encantador projeto da vila de girass\u00f3is, que certamente encantar\u00e1 os cora\u00e7\u00f5es tanto dos moradores de Hokuryu quanto dos turistas.<\/p>\n<h2>Outras fotos<\/h2>\n<p>\u30fb<a href=\"https:\/\/photos.google.com\/share\/AF1QipORiaDc_HPjbJrSQOabDuV_WkGD7wEK1_-LjwX_xRmnv2RJf72SGhHZ5Db0-7X28A?key=TWU2MVpuQ0lFZnp1THNmdjNPWG9IbDF3YUZxdWJ3\" target=\"_blank\" rel=\"noopener noreferrer\">Fotos (109 fotos) aqui &gt;&gt;<\/a><\/p>\n<h2>Portal da cidade de Hokuryu e artigos relacionados<\/h2>\n<p>\u30fb<a href=\"http:\/\/portal.hokuryu.info\/pt\/111\/\" target=\"_blank\" rel=\"noopener noreferrer\">4\u00aa Reuni\u00e3o do Comit\u00ea do Plano Diretor da Vila do Girassol: Rumo a uma cidade Hokuryu vibrante e atraente<\/a>(20 de janeiro de 2020)<br \/>\n\u30fb<a href=\"http:\/\/portal.hokuryu.info\/pt\/topics\/culture\/20190830\/\" target=\"_blank\" rel=\"noopener noreferrer\">An\u00fancio dos resultados, cerim\u00f4nia de premia\u00e7\u00e3o e festa de confraterniza\u00e7\u00e3o do Concurso de Bolinhos de Arroz com Girassol 2019.<\/a>(30 de agosto de 2019)<br \/>\n\u30fb<a href=\"http:\/\/portal.hokuryu.info\/pt\/topics\/culture\/20190823\/\" target=\"_blank\" rel=\"noopener noreferrer\">2\u00ba Comit\u00ea de Formula\u00e7\u00e3o do Plano B\u00e1sico Himawari no Sato - Conceito Geral do Novo Himawari no Sato<\/a>(23 de agosto de 2019)<br \/>\n\u30fb<a href=\"http:\/\/portal.hokuryu.info\/pt\/topics\/culture\/20190429\/\" target=\"_blank\" rel=\"noopener noreferrer\">A primeira reuni\u00e3o do Comit\u00ea do Plano Diretor da Vila dos Girass\u00f3is inicia as discuss\u00f5es sobre a Vila dos Girass\u00f3is da era Reiwa.<\/a>(29 de abril de 2019)<\/p>\n<p>\u30fb<a href=\"http:\/\/portal.hokuryu.info\/pt\/topics\/culture\/20191227-1\/\" target=\"_blank\" rel=\"noopener noreferrer\">A constru\u00e7\u00e3o da Escola Infantil Yawara, na cidade de Hokuryu, projetada por Kengo Kuma, foi aprovada e a inaugura\u00e7\u00e3o est\u00e1 prevista para abril de 2020.<\/a>(27 de dezembro de 2019)<br \/>\n\u30fb<a href=\"http:\/\/portal.hokuryu.info\/pt\/topics\/culture\/20190924\/\" target=\"_blank\" rel=\"noopener noreferrer\">O Sr. Masahiro Kawata, Engenheiro Chefe, fala sobre a implementa\u00e7\u00e3o de um sistema de bomba de calor geot\u00e9rmica em uma nova escola infantil na cidade de Hokuryu.<\/a>(24 de setembro de 2019)<br \/>\n\u30fb<a href=\"http:\/\/portal.hokuryu.info\/pt\/topics\/culture\/20191031\/\" target=\"_blank\" rel=\"noopener noreferrer\">Kengo Kuma e Terutaka Suzuki ministram uma palestra sobre desenvolvimento urbano na cidade de Hokuryu, intitulada &quot;Do Novo Est\u00e1dio Nacional \u00e0 cidade de Hokuryu&quot;.<\/a>(31 de outubro de 2019)<br \/>\n\u30fb<a href=\"http:\/\/portal.hokuryu.info\/pt\/informations\/20191007\/\" target=\"_blank\" rel=\"noopener noreferrer\">(Aviso) 22 de outubro (ter\u00e7a-feira) Palestra sobre Desenvolvimento Urbano da Cidade de Hokuryu &quot;Do Novo Est\u00e1dio Nacional \u00e0 Cidade de Hokuryu&quot;<\/a>(7 de outubro de 2019)<br \/>\n\u30fb<a href=\"http:\/\/portal.hokuryu.info\/pt\/treasure\/20190724\/\" target=\"_blank\" rel=\"noopener noreferrer\">A constru\u00e7\u00e3o de uma nova escola infantil, projetada por Kengo Kuma and Associates, est\u00e1 em andamento.<\/a>(24 de julho de 2019)<\/p>\n<p>\u30fb<a href=\"http:\/\/portal.hokuryu.info\/pt\/topics\/culture\/20190225\/\" target=\"_blank\" rel=\"noopener noreferrer\">Palestra de Terutaka Suzuki, Embaixador do Turismo de Girass\u00f3is da Cidade de Hokuryu, sobre &quot;Agricultura, Turismo, Design e Desenvolvimento Urbano&quot;.<\/a>(25 de fevereiro de 2019)<br \/>\n\u30fb<a href=\"http:\/\/portal.hokuryu.info\/pt\/topics\/culture\/20180813-1\/\" target=\"_blank\" rel=\"noopener noreferrer\">Dia 1 (1) Visita ao projeto de revitaliza\u00e7\u00e3o da cidade de Hokuryu atrav\u00e9s do design<\/a>(13 de agosto de 2018)<br \/>\n\u30fb<a href=\"http:\/\/portal.hokuryu.info\/pt\/topics\/culture\/20180813-2\/\" target=\"_blank\" rel=\"noopener noreferrer\">Dia 1 (2) Reuni\u00e3o de Discuss\u00e3o sobre o Desenvolvimento Urbano da Cidade de Hokuryu: Projeto para Revitalizar a Cidade de Hokuryu por meio do Design<\/a>(13 de agosto de 2018)<br \/>\n\u30fb<a href=\"http:\/\/portal.hokuryu.info\/pt\/topics\/culture\/20180813-3\/\" target=\"_blank\" rel=\"noopener noreferrer\">Dia 2: Inspe\u00e7\u00e3o e reuni\u00e3o de discuss\u00e3o sobre o desenvolvimento urbano da cidade de Hokuryu; Projeto de revitaliza\u00e7\u00e3o da cidade de Hokuryu por meio do design.<\/a>(13 de agosto de 2018)<\/p>\n<p>\u30fb<a href=\"http:\/\/portal.hokuryu.info\/pt\/topics\/culture\/20180405\/\" target=\"_blank\" rel=\"noopener noreferrer\">Kengo Kuma est\u00e1 atualmente projetando a Escola Infantil da Cidade de Hokuryu. Exposi\u00e7\u00e3o &quot;As Coisas de Kuma - Kengo Kuma e Materiais Sussurrantes, Materiais Falantes&quot; @ Galeria da Esta\u00e7\u00e3o de T\u00f3quio (Esta\u00e7\u00e3o de T\u00f3quio)<\/a>(5 de abril de 2018)<br \/>\n\u30fb<a href=\"http:\/\/portal.hokuryu.info\/pt\/topics\/culture\/20180328\/\" target=\"_blank\" rel=\"noopener noreferrer\">Logotipo da cidade de Hokuryu e saco de arroz com o selo de imposto local para o projeto &quot;M\u00e9todos de Cultivo Inteligentes: Cidade de Hokuryu, a Cidade dos Girass\u00f3is de Hokkaido&quot;, criado por Makoto Umehara. Apresenta\u00e7\u00e3o feita por moradores da cidade.<\/a>(28 de mar\u00e7o de 2018)<\/p>\n<h2>Site de refer\u00eancia de Kengo Kuma<\/h2>\n<p>\u30fb<a href=\"https:\/\/kkaa.co.jp\/\" target=\"_blank\" rel=\"noopener noreferrer\">Site de Kengo Kuma e associados<\/a><\/p>\n<p>\u30fb\u3008Edif\u00edcio de funda\u00e7\u00e3o do Jardim de Inf\u00e2ncia Takagi Gakuen (Cidade de Yokohama, Prefeitura de Kanagawa)\u3009<a href=\"https:\/\/takagi-kids.ed.jp\/building\/design\/\" target=\"_blank\" rel=\"noopener noreferrer\">Planejamento e projeto de edif\u00edcios de jardim de inf\u00e2ncia <\/a><br \/>\n\u30fb&lt;Site da cidade de Yusuhara&gt;\u00a0<a href=\"http:\/\/www.town.yusuhara.kochi.jp\/kanko\/kuma-kengo\/\" target=\"_blank\" rel=\"noopener noreferrer\">Cidade de Yusuhara x Arquitetura Kengo Kuma<\/a><br \/>\n\u30fb\uff1cHearst Fujingahosha\uff1e\u00a0<a href=\"http:\/\/modernliving.jp\/info\/MLguide68\" target=\"_blank\" rel=\"noopener noreferrer\">Entrevista com o arquiteto Kengo Kuma: &quot;Brincar com blocos de constru\u00e7\u00e3o \u00e9 o meu ponto de partida&quot;<\/a><br \/>\n\u30fb&lt;Funda\u00e7\u00e3o de Interesse P\u00fablico Nippon.com&gt;\u00a0<a href=\"https:\/\/www.nippon.com\/ja\/people\/e00101\/\" target=\"_blank\" rel=\"noopener noreferrer\">A mensagem por tr\u00e1s do Novo Est\u00e1dio Nacional: o arquiteto Kengo Kuma<\/a><br \/>\n\u30fb&lt;Imprensa de Moda&gt;\u00a0<a href=\"https:\/\/www.fashion-press.net\/news\/20667\" target=\"_blank\" rel=\"noopener noreferrer\">O novo Est\u00e1dio Nacional de Kengo Kuma, &quot;Est\u00e1dio da Floresta&quot;<\/a><\/p>\n<h2>Blog da Arai Construction Co., Ltd.<\/h2>\n<p>\u30fb<a href=\"http:\/\/www.araikensetsu.co.jp\/archives\/8964\" target=\"_blank\" rel=\"noopener noreferrer\">O presidente realizou uma inspe\u00e7\u00e3o no local do &quot;Projeto de Constru\u00e7\u00e3o da Escola Infantil Yawara&quot;.<\/a>(15 de outubro de 2019)<\/p>\n<p>\u25c7 Fotografia e edi\u00e7\u00e3o: Noboru Terauchi Entrevista e texto: Ikuko Terauchi<\/p>","protected":false},"excerpt":{"rendered":"<p>\uff12\uff10\uff12\uff10\u5e74\uff11\u6708\uff12\uff10\u65e5\uff08\u6708\uff09 \uff12\uff10\uff11\uff19\u5e74\uff11\uff10\u6708\uff12\uff12\u65e5\uff08\u706b\uff09\u3001\u516c\u6c11\u9928\u5927\u30db\u30fc\u30eb\u306b\u3066\u3001\u300c\u7b2c\uff14\u56de\u3072\u307e\u308f\u308a\u306e\u91cc\u57fa\u672c\u8a08\u753b\u7b56\u5b9a\u59d4\u54e1\u4f1a\u300d\u304c\u5b9f\u65bd\u3055\u308c\u307e\u3057\u305f\u3002\u9688\u7814\u543e\u6c0f\u3092\u306f\u3058\u3081\u3001\u59d4\u54e1\u306e\u65b9\u3005\u3092\u4e2d\u5fc3\u306b\u3001\u508d\u8074\u8005\u306e\u65b9\u3005\u3082\u4ea4\u3048\u3066\u3001\u6d3b\u767a [&hellip;]<\/p>\n","protected":false},"author":1,"featured_media":294,"comment_status":"open","ping_status":"open","sticky":false,"template":"","format":"standard","meta":{"footnotes":""},"categories":[4],"tags":[],"class_list":["post-111","post","type-post","status-publish","format-standard","has-post-thumbnail","hentry","category-cover-story"],"_links":{"self":[{"href":"https:\/\/portal.hokuryu.info\/pt\/wp-json\/wp\/v2\/posts\/111","targetHints":{"allow":["GET"]}}],"collection":[{"href":"https:\/\/portal.hokuryu.info\/pt\/wp-json\/wp\/v2\/posts"}],"about":[{"href":"https:\/\/portal.hokuryu.info\/pt\/wp-json\/wp\/v2\/types\/post"}],"author":[{"embeddable":true,"href":"https:\/\/portal.hokuryu.info\/pt\/wp-json\/wp\/v2\/users\/1"}],"replies":[{"embeddable":true,"href":"https:\/\/portal.hokuryu.info\/pt\/wp-json\/wp\/v2\/comments?post=111"}],"version-history":[{"count":0,"href":"https:\/\/portal.hokuryu.info\/pt\/wp-json\/wp\/v2\/posts\/111\/revisions"}],"wp:featuredmedia":[{"embeddable":true,"href":"https:\/\/portal.hokuryu.info\/pt\/wp-json\/wp\/v2\/media\/294"}],"wp:attachment":[{"href":"https:\/\/portal.hokuryu.info\/pt\/wp-json\/wp\/v2\/media?parent=111"}],"wp:term":[{"taxonomy":"category","embeddable":true,"href":"https:\/\/portal.hokuryu.info\/pt\/wp-json\/wp\/v2\/categories?post=111"},{"taxonomy":"post_tag","embeddable":true,"href":"https:\/\/portal.hokuryu.info\/pt\/wp-json\/wp\/v2\/tags?post=111"}],"curies":[{"name":"wp","href":"https:\/\/api.w.org\/{rel}","templated":true}]}}