{"id":1084,"date":"2020-02-20T08:44:26","date_gmt":"2020-02-19T23:44:26","guid":{"rendered":"https:\/\/portal.hokuryu.info\/?p=1084"},"modified":"2020-03-23T07:26:45","modified_gmt":"2020-03-22T22:26:45","slug":"post-1084","status":"publish","type":"post","link":"https:\/\/portal.hokuryu.info\/pt\/1084\/","title":{"rendered":"A receita total ultrapassa 200 milh\u00f5es de ienes! A Cooperativa Agr\u00edcola Honoka realiza sua 6\u00aa Assembleia Geral Ordin\u00e1ria de 2019, fruto de organiza\u00e7\u00e3o e esfor\u00e7os participativos!"},"content":{"rendered":"<p>Quinta-feira, 20 de fevereiro de 2020<\/p>\n<p>Na segunda-feira, 10 de fevereiro de 2020, foi realizada a 6\u00aa Assembleia Geral Ordin\u00e1ria da Cooperativa Agr\u00edcola Honoka no Sal\u00e3o Multiuso do Sunflower Park Kitaryu Onsen.<\/p>\n<figure class=\"wp-caption aligncenter\"><a href=\"https:\/\/photos.google.com\/share\/AF1QipMQnu1fjUBOkXD7Jl35AUBFzvNSnyPZBfb0hI8jP4eP71444-nbG4a8wQsmjthvUA\/photo\/AF1QipN8Z0e-reYDG5gsWIxE3wqYe_40eFbY0YXfCqQ?key=ZHFXYlNKTzVIdEpaM0t6TTZKTEo0dzJHVGFoRVZR\" target=\"_blank\" rel=\"noopener noreferrer\"><img decoding=\"async\" src=\"https:\/\/lh3.googleusercontent.com\/U8ifFZSHCQgNc93tCa9oDQOcvP5eLIKRpX-aZR3ZloOSasAJ0pTJkM-w51gHlJRmmg9ifRYzZ0Ad9l1xS0mXPz-mFbVrs2znR8OGnYlnyF4rPRabjWO2uLKociTzcMj3MlZEQe8Vi_hOA57xQUv0NMkODjGk0BxxfWWLuyOBgs4WwllX3L50sV1p1ZsRlxvfsgk_l1XChQHt23f9b6i_G5VDWVg0ZvSSX1BM83V3xcgN32OYTeV010teRxl5yOxfFx5ATJ3yf9UXYGHc9Z49EfvvbEmHeWzxNaBsZBSVMPrZ3uaO8q9d0Z0YBWraIXO8dOlva2eYxmSGm73Ksq7ouSJTn3vwTKxXhiK0QE75YkwdZfEispzMTpDlsejEqOb35ZRjc4-v1wBVPOwTQmvMiGPGB5CvjqZWSuV_pqSRBsKvaeMyVaDOMKmuqRgOt2dxpMJ0M3GopSD5dsV8S-uP9Vu8u2dEC6I7xGau6vkiFoBQKyphAqxyCq9_LlFLvTC2jieJOnsMEH1SWjFvfA1UgoL30fPF62Ix8tq50Q3liuOnwxI75aVXyJG_g8xAAQJDGDeqlnooT77or8v-3KxxwUjlblUXnw-lr69xlgsqWHh2Zp6UI03d3M3SWF4-uI4Peb58I82KWN38DWbUhvnSrgC9ulqt1XZiKq41ujIcxcWiJCYHxoacdMklv4osFmCwjbHhDDzQzPXPAVTfq7pkw6ck73AtjayCnttiEE_8FnBqLI_X=w1988-h1324-no\" width=\"1986\" height=\"1324\" alt=\"6\u00aa Assembleia Geral Ordin\u00e1ria da Cooperativa Agr\u00edcola de Honoka\" class=\"size-medium\" \/><\/a><figcaption class=\"wp-caption-text\">6\u00aa Assembleia Geral Ordin\u00e1ria da Cooperativa Agr\u00edcola de Honoka<\/figcaption><\/figure>\n<h2>A reuni\u00e3o geral teve in\u00edcio com a modera\u00e7\u00e3o e facilita\u00e7\u00e3o do auditor, Yoshikazu Itagaki.<\/h2>\n<figure class=\"wp-caption aligncenter\"><a href=\"https:\/\/photos.google.com\/share\/AF1QipMQnu1fjUBOkXD7Jl35AUBFzvNSnyPZBfb0hI8jP4eP71444-nbG4a8wQsmjthvUA\/photo\/AF1QipPTw_BcF4BWx5FOt3eHNM2VvZwB4h-BXzJRVKs?key=ZHFXYlNKTzVIdEpaM0t6TTZKTEo0dzJHVGFoRVZR\" target=\"_blank\" rel=\"noopener noreferrer\"><img decoding=\"async\" src=\"https:\/\/lh3.googleusercontent.com\/nYFld7I5BIyZ7JB2_HKu1jrASswc9Ij8DowAYlF0G8V-xAOPfx8w-F0wncq5pUmConH278BHT1xzz0vqyBhY1KlUWU6p7JAnZEsoqKyUSkWtyUB2YyuAvpQof_JpzmvN-L3gnP4-oLhvmqmMYtfPBIED8JMcnXH_yFk8IDWA0r5fZX2hhgfrHJgrCv2Y7caupha3FhGJmPvxOeUg_QvStv9G2Er-FxOvu8TEs2cC5HMmSsBwVbwvoyNrZznjsRXofNfKV-zqcdHgFZe-Gs_p9qJdggZL8_Jec9HYR_ce3Xd2ztwjybF8BmVbmBEUljUDXygzkj8uJnBQxSDOpAzq_BihoSL46lHSBOCxuO9hSEfg9qwNkpMpHqYIUbrbxEr-7dxr4zCJGqEZgXMriACPlxR0t7rwACPdaajnjFnP22604rEANJtfVlrhokYtS3ucM0mTn9OmtOGET2Atw-fG6syl6pRFZdmcj6asbyPHXrijz7Ov-21lzxgSXL6vxmB-jQ7PSgZ13DwPgQDAdSTYbMlH5zpfStD5uoIjvrI4pix_XhjuxM_yuQYVHcRkvvepSWwjOrRwz1zsej1fT8MxQuWhWbfEPm6uyGTSCl_a-EoVcd3f_f1yL4g3_dwRH1kDDYTymzCbyref67DO6LQPC1sDHP3S3j6FGKopagxiFMhsFo7dMtYYyKDvwUc6eO6dJI8Qsyzqofe9yu2sCN9Qv0f8RKQzyga_AkGIxjPb9_rA0wmX=w1988-h1324-no\" width=\"1986\" height=\"1324\" alt=\"Moderador e moderador: Yoshikazu Itagaki, auditor\" class=\"size-medium\" \/><\/a><figcaption class=\"wp-caption-text\">Moderador e moderador: Yoshikazu Itagaki, auditor<\/figcaption><\/figure>\n<h2>Observa\u00e7\u00f5es iniciais: Shigeki Mizutani, Diretor Representante<\/h2>\n<figure class=\"wp-caption aligncenter\"><a href=\"https:\/\/photos.google.com\/share\/AF1QipMQnu1fjUBOkXD7Jl35AUBFzvNSnyPZBfb0hI8jP4eP71444-nbG4a8wQsmjthvUA\/photo\/AF1QipPPc9zbZ1KW8TQwq8cfSs3mqPo2xXXRLL6IgpM?key=ZHFXYlNKTzVIdEpaM0t6TTZKTEo0dzJHVGFoRVZR\" target=\"_blank\" rel=\"noopener noreferrer\"><img decoding=\"async\" src=\"https:\/\/lh3.googleusercontent.com\/XF8gprsWLpD72yW1A1uwRJlWfeYNYwalsmHMkwfSdQv8aVYqk9BMk3gEFTQn2Pu6ge2PdI7w5qhl5OSWCPV5_hOZ1uRnwuD93tJ6qpPoEi3MS_H6mzpDS1cUblx0kGuco7afyRwcm1NLa68DikgWFlkTsWi_61MS1RLyyMOegub_zKWAA5SSgHybsFB6XMjx-_InB8njgaM3WMUOw1oOuk8LPmIaGGK5xiSYl89ZPdOkv06YJx9BdSaULTbiDOvC4feaRlNLbh-sOzKuXiK7ZnCQlKDAezNe9yv0hA7dFQ4tUQ1AvivQXUpyEd8jpRAfjZyyIgT91bNSWkGMiLeFyOcpxoYuwppXIP40FGVqMoCGbGpsB4X0MeRHODashTs8N_xGeSuuFBuuEBNfHokFdP4NNKDFjlQ5B1Yhu9IciYM1KdCM9T8TpcTbOBnCrKWw4V6aGibSvy20tNp2wHOeVkTykczTLPLoVMn2zYkFObe_SfFzZ36NVuB8PMsN1B7_OYPRN_hOSd1he1Sv4sQqfBIqVqNLqz7jHQGkGvGlMN_ZqV_TWNOKMfiMoxlW2JPLX3_2oyA5uV1mTYhNhF_AEaLIlzljsq_58mjiA1Eu4h2lIZvARLp3PTDoXoJnf4Sq-0oMBmb3BlNCvtuggPI84Tj2zbX7DyPJmqRewReUDNVVQUTVTvAsF-E0NxTnOt0re3KhLKKqqgOe1Gnjt9smnwdWwb7BSlhE3sQlhdAwQLymLvI_=w1988-h1324-no\" width=\"1986\" height=\"1324\" alt=\"Diretor Representante Shigeki Mizutani\" class=\"size-medium\" \/><\/a><figcaption class=\"wp-caption-text\">Diretor Representante Shigeki Mizutani<\/figcaption><\/figure>\n<p>&quot;Seis anos se passaram num piscar de olhos. Dizem que as empresas chegam a um ponto de virada no sexto ano. Elas se acostumam, fazem concess\u00f5es e desistem. N\u00e3o sei o que acontecer\u00e1 com a nossa empresa, mas superamos esse ponto de virada.&quot;<\/p>\n<p>Com a chegada de Sakamaki-san como membro, as coisas pareceram um pouco mais f\u00e1ceis e pudemos aproveitar ao m\u00e1ximo nosso s\u00e9timo ano.<\/p>\n<p>&quot;Nossa convidada especial desta vez \u00e9 Hase Makiko, chefe assistente da Se\u00e7\u00e3o de Ind\u00fastria da Prefeitura de Hokuryu, que faz parte do Comit\u00ea Agr\u00edcola e tem nos apoiado desde a funda\u00e7\u00e3o da Honoka, h\u00e1 seis anos. Tamb\u00e9m convidamos como convidados as pessoas que t\u00eam nos ajudado na filial de Hokuryu da JA Kitasorachi e o escrit\u00f3rio de contabilidade Kojima Accounting&quot;, disse o Diretor Representante Mizutani.<\/p>\n<figure class=\"wp-caption aligncenter\"><a href=\"https:\/\/photos.google.com\/share\/AF1QipMQnu1fjUBOkXD7Jl35AUBFzvNSnyPZBfb0hI8jP4eP71444-nbG4a8wQsmjthvUA\/photo\/AF1QipP-VfWC_1WwreBr0_CbX3S-OgIvb3nw1O9_s4g?key=ZHFXYlNKTzVIdEpaM0t6TTZKTEo0dzJHVGFoRVZR\" target=\"_blank\" rel=\"noopener noreferrer\"><img decoding=\"async\" src=\"https:\/\/lh3.googleusercontent.com\/xfsXFi1Y6TH2sW6CG08egVWgU6YOqSInRSRS80lJ21fzg4S2w9kPvfrOLSZqeoj0hHHSKfwnqyh-3kGaPfvx1KN75i8pb4iclIbknNzzV4oeBmcodEOH6-Fl2mrz1LVvEiXMwaJEXhNh4b4VLjRTVA0fZQe-sDL92f3Bs6K396_Adnp8qU1A08L7ZJNE7hQFxE4d-4VyBLI4rHhP90w9RKO_LoU73XPNNZh5DSXNxKrHS7Gd2nsBWdTgBdN1GqnUl8Hza6VqqT4kqJxK6rmy3PFR_usrPUM-9N77D_RrV-qyHwllTfTM-qdSeIXc2wi34o1S5h7e2jh4CPccoRYlqnnj4P2fHPZIdQyS1QCSRKM45GyisqY04QRmmTQzxF3OpOY_xf5UgbrJLfcZA7Qk2xSWYb9Ucpdnbda6bOnQNuI70DnfOc18sf68vtSwuuiEn0b5yyBd02N_Ys_03tXMPUDsS62W_p43D0VVuSpC5nhelveSsJkyweJu24dRbj0GXgwzjjWrXqN8GReVRCpPbKDEQt_zC3ysEus4Mm0jqwTil7Tlz1m3Um29x71wwTTb4lRKlFvvulAgtonPTiyU6fFZwj4zD1hLGlcCHLQjRujxopA7fCbHbXzBWu7KPVtlNry_YvRMspthrzOKWwTxxXnkfIm-BPPFkPMfRJeCJFwSahImab86e6EfWe8Yba27O2dR7Hymte7dq_2_IQNILs587X-2uoIEFKhfxDxHC7sLRMCI=w1988-h1324-no\" width=\"1986\" height=\"1324\" alt=\"Convidados\" class=\"size-medium\" \/><\/a><figcaption class=\"wp-caption-text\">Convidados<\/figcaption><\/figure>\n<h2>Apresenta\u00e7\u00e3o do convidado<\/h2>\n<figure class=\"wp-caption aligncenter\"><a href=\"https:\/\/photos.google.com\/share\/AF1QipMQnu1fjUBOkXD7Jl35AUBFzvNSnyPZBfb0hI8jP4eP71444-nbG4a8wQsmjthvUA\/photo\/AF1QipMQ1Zjop2kAXEJf4mM2n2LMfzyWg3Ear32EX8U?key=ZHFXYlNKTzVIdEpaM0t6TTZKTEo0dzJHVGFoRVZR\" target=\"_blank\" rel=\"noopener noreferrer\"><img decoding=\"async\" src=\"https:\/\/lh3.googleusercontent.com\/UjN87Dz2Zl8DJYpnc437UmBtrg-E4CrFpuS4L9fYitWps1LqT-c-59y4s_2JMiA5peLX_JDftx6uTnbPnK9XApRZHDXYu26gQMSkkTx7MpmRIPDVvy-fgQiqkHrA_IqK6AfyKfLrC6EktWMetwZJq2vcr3Ky17Yp9xX8uaKVrxD__TTFaTDj3YhKtG40h1lj2uxCnk-GMqoK8SXUhdGVFqGWcmrLZ_7U_KE9OvZavjPRfJF-4WVdoPX3UzQM7fn9jYKcVYZwcnmUFKur7TPAN6j9bBnvgZ4Ee9TB6MPmqk-2Ou-Sa0Mw998EO2Ij5RgXKL-1eyjEO-bNBDmMLiCqM7eN1uinQomSduYbpqyg-f3yv-PYC1JqasQPZk6BFdMekNJQSvIA4lcTIRglY15VxnurYg-mgSoUUe0mmSD5wjKc3C4JoowBP-eFeDtDLh52b714q4aKdt_AhFJ7F4rSwgstH4R5On7veJo5saTMFaRCkpWnJyHVhLGK2mptBTU-GvsSrBS0HO7B19fJs5rFc7HXzbEeNshq5eqGOpUJOUkAGrk18-NeHsSGwOLeHt8yYvPMfD-mWX-gh_J-U4bj4qTYbYLs0TFj_xwZ4WcLiB5AMRb9exQ70ooMVoKEjov_O7bynFlhEppr21tKVtpr6h2LzY8rD_H_lqxKAT6ZoxhpIEjhrBaPhx1MrG9kLoRCn6b1SqNzQemC7SHY22DfBlxXylhs8px9y6eUPril3CPVcqJP=w1988-h1324-no\" width=\"1986\" height=\"1324\" alt=\"Tadao Hoshino, Gerente de Filial\" class=\"size-medium\" \/><\/a><figcaption class=\"wp-caption-text\">Tadao Hoshino, Gerente de Filial<\/figcaption><\/figure>\n<p>\u30fb Filial de JA Kitasorachi Hokuryu, Gerente de Filial Hoshino Tadao, Divis\u00e3o de Ind\u00fastria do Escrit\u00f3rio Municipal de Hokuryu, Gerente Assistente Hase Makiko, Divis\u00e3o de Finan\u00e7as e Ajuda M\u00fatua da Filial de JA Kitasorachi Hokuryu, Gerente Ota Hisashi, Divis\u00e3o de Materiais da Filial de JA Kitasorachi Hokuryu, Gerente Takeda Yuji, Divis\u00e3o Agr\u00edcola da Filial de JA Kitasorachi Hokuryu, Gerente Kawamoto Tomohiro, Contabilidade Kojima, P\u00fablico Certificado Tax Accountants Corporation, s\u00f3cio representante Kojima Takuya, e Okazaki Kenichi, Kojima Accounting, Certified Public Tax Accountants Corporation<\/p>\n<h3>Uma hist\u00f3ria de Takuya Kojima, S\u00f3cio Representante da Kojima Accounting Corporation.<\/h3>\n<figure class=\"wp-caption aligncenter\"><a href=\"https:\/\/photos.google.com\/share\/AF1QipMQnu1fjUBOkXD7Jl35AUBFzvNSnyPZBfb0hI8jP4eP71444-nbG4a8wQsmjthvUA\/photo\/AF1QipMMBTRqpn2R8DYlZ5z3OuTwWJ9oPJGz0gEJJc0?key=ZHFXYlNKTzVIdEpaM0t6TTZKTEo0dzJHVGFoRVZR\" target=\"_blank\" rel=\"noopener noreferrer\"><img decoding=\"async\" src=\"https:\/\/lh3.googleusercontent.com\/SqYq1FnJpANnIXVIGh0nBKOkgCRYJIrAFx57b_PergVwgi20LES4dBsAgfwjdOD9fMHNyu6pV6CqT2ImaB_MrW-H71Avdpl-wGCfrVEWMFnHzzbIKhSSL5hDLbPJHIM9HmqOVQPFJk2Gig4wO4YLI7DYPCK_GfmBpS3sdpsz3eQwvz0QD1G3_Bd_1Dulr56MW4IB8zN-b5kYoK9wVNgAPP5kWyF9rauyHJa9xkIMZpLTAUAXLf_LOQINoyUt2PawCO-q0hcVxlsh0SMmK3ZZG8mm5np0eqEAE4VSpLHyZ2BQTqXSqPKWINtEbfTsi4hoLfPphAJsLK4FBvnmc0ieLJPSylgvJYi4EvxMpsU9LNBHiuKJvLhqb7rDp9WIPkJKWyut9fsZPb5kEk_TCICHZmPwmJj-46nXotU8OhS6vqw8Oc9Ed9wOSNsv-z_DRRyOhqlwYf8QJiKjUM-WEiKeZxvyxYOyX8kx8irRANY4CrGtZVcHBgKrDLSaNCTHCgqoQOVdR0sQLx7VKflfVBv0DHijoGFvizJNFd-Gqj1xM7Pyudc95-apIUqQ2hQB3hrVarbL8ycFL4rAPejq0ehesAKkRrRO8x-xi3SF4sr_SPLRIYWTWj1LVXHrE80GAO2O08YL3ipxNJqXkye9C4-eweVLDe0hUgXjoC3_REE7TLYs5H-YxRm9R-hkZsNXkHwVDfZ12BMOdZWk8OeviCvBE3YcVcH-w4Ru4K6iRztf7sEwfqdh=w1988-h1324-no\" width=\"1986\" height=\"1324\" alt=\"Takuya Kojima, s\u00f3cio representante da Kojima Accounting Corporation\" class=\"size-medium\" \/><\/a><figcaption class=\"wp-caption-text\">Takuya Kojima, s\u00f3cio representante da Kojima Accounting Corporation<\/figcaption><\/figure>\n<p>Atualmente, a estrutura das corpora\u00e7\u00f5es est\u00e1 sendo repensada e atraindo aten\u00e7\u00e3o. Quando visito e converso com agricultores em Hokkaido, todos dizem que est\u00e3o atingindo os limites de uma empresa familiar. Muitos deles afirmam querer criar uma organiza\u00e7\u00e3o s\u00f3lida como uma corpora\u00e7\u00e3o. A maioria das consultas que recebemos agora se concentra em como criar uma organiza\u00e7\u00e3o. Mas \u00e9 dif\u00edcil se organizar dessa forma.<\/p>\n<h4>Honoka \u00e9 bem organizada.<\/h4>\n<p>Uma das grandes qualidades da Honoka \u00e9 a sua excelente organiza\u00e7\u00e3o. Espera-se que as pessoas criem organogramas e gerenciem suas organiza\u00e7\u00f5es da mesma forma que a Honoka.<\/p>\n<figure class=\"wp-caption aligncenter\"><a href=\"https:\/\/photos.google.com\/share\/AF1QipMQnu1fjUBOkXD7Jl35AUBFzvNSnyPZBfb0hI8jP4eP71444-nbG4a8wQsmjthvUA\/photo\/AF1QipPL2z62DQ8FZuuZK-I_WirqTxw5AU92tAQM8nw?key=ZHFXYlNKTzVIdEpaM0t6TTZKTEo0dzJHVGFoRVZR\" target=\"_blank\" rel=\"noopener noreferrer\"><img decoding=\"async\" src=\"https:\/\/lh3.googleusercontent.com\/XF-NcJTy5CAm6SV-1sWRdN6Tq-Up871qBOj4GpTV3MIWNzW8tGsIhyh_P6SevA-FN9Z9hkuMJ7ltQ-Dke05iR5lsprr-o3bdKR5nWEDPqTvgbr9So7G7O320Mn9NDCvQlUJZCtXFClIADiKoqwYr7xYjF5UBq9qI3xC8UoDajxyuc_pqqiW7ZsYDTrAnllEeFJYvc-AwmtM0JwV5kmGAC9GzG1Ba_9ME57DFuPuhJzXtxH_6ndIiUX8z5oiOaYsfqlKktHwpRZKC_uEw4LFgByfYKpX6pqIMdLeoAVEKDoX0Iu7YNk5-ySI0lqPybZiSvVy6rCqJy3FgptiavTmR8IS4rRU8lOTPpSbfIeUhr4XUzPBARdOJCSU2kOskk_WZAhP9hFbUtQJyFDRlwpzDQ42UYqBMkPVPY9K2b3FmBSZh4v-dKcDnU_W1jwPsH_jTi2Z9giEgE12llM6dKPczW2eVZ9IE3wW9MzxPhmwqi2VSxxt7eyzo-aIG0PfYsXzUEPJW_yRRyV_80D19L7pycG8vEOmNf3ZMgNlfSm7cCkc7LXFbSxSB0x0rbdW01ASwxD-0VIixYQh9xMNZX1Ha3oYHqoQIUL5InUzGp_Ez5R3tjYU3zRsW6fpvjXZHaWIbblN0YKPwBDAtaFbKcOZdLzWxB3WTNr3zBRlxVOGzAXJQzZgE4NXkPHkiNFfJglPjcbAz2rXqi6rGmKkUUpXpvzaqv_FU_QV8QGS8LYvSh5BdI-wR=w1420-h946-no\" width=\"1986\" alt=\"Estrutura organizacional e divis\u00e3o de fun\u00e7\u00f5es em 2020\" class=\"size-medium\" \/><\/a><figcaption class=\"wp-caption-text\">Estrutura organizacional e divis\u00e3o de fun\u00e7\u00f5es em 2020<\/figcaption><\/figure>\n<h4>&quot;Honoka&quot; \u00e9 &quot;de baixo para cima&quot;<\/h4>\n<p>Outra coisa que eu sinto \u00e9 que &quot;Honoka&quot; \u00e9 &quot;de baixo para cima&quot; em vez de &quot;de cima para baixo&quot;.<\/p>\n<p>O representante, Sr. Mizutani, n\u00e3o imp\u00f5e essa forma de atua\u00e7\u00e3o a todos, mas sim promove a colabora\u00e7\u00e3o de todos para a produ\u00e7\u00e3o do &quot;Honoka&quot;. Isso \u00e9 algo que outros agricultores n\u00e3o conseguem fazer com facilidade. Acredito que seja isso que torna a corpora\u00e7\u00e3o &quot;Honoka&quot; t\u00e3o excepcional.<\/p>\n<p>&quot;Espero que voc\u00eas continuem fazendo isso e criem uma empresa modelo. Isso \u00e9 algo que o CEO n\u00e3o pode fazer sozinho, e s\u00f3 \u00e9 poss\u00edvel com o apoio de todos, desde a base. Espero que voc\u00eas continuem a criar grandes empresas. Conto com o apoio cont\u00ednuo de voc\u00eas&quot;, disse o CEO Kojima, falando sobre os pontos fortes da Honoka Corporation.<\/p>\n<figure class=\"wp-caption aligncenter\"><a href=\"https:\/\/photos.google.com\/share\/AF1QipMQnu1fjUBOkXD7Jl35AUBFzvNSnyPZBfb0hI8jP4eP71444-nbG4a8wQsmjthvUA\/photo\/AF1QipNYlRFEF8UztTd1JmE8o_EAlVdFli9mNiKSPa4?key=ZHFXYlNKTzVIdEpaM0t6TTZKTEo0dzJHVGFoRVZR\" target=\"_blank\" rel=\"noopener noreferrer\"><img decoding=\"async\" src=\"https:\/\/lh3.googleusercontent.com\/oIqsMzHXLQFb9A44xb-WMncOafJZg-C0yjGylHdjzQir340BQ69Kt0dTvTgs8QMfIyJLDZQlUfR2o7NCHyTr1prw4UXfYZ96ZqdP88ss3nE8ZlbDPCcRzraZde2w492q3ebsPkBHQEpkjjppx1ff4uoSD0C1vNGBbbtCfAMz2zteWqBetuVLFPxjJ3Fr4H-DLbKkqK_CaQk6ky-GQIvMC25yH3vHwOmGAED1T_gWmYRyCnaztmDOE4-DHGf-YmCul-usgCCiHqnKFgwMQZSm3nnNJ6JRXEzq4039jEBDtDvHwextfhrXAw6p1M_cau89mskRORP7bvFq_pVgswoHK9k1fKlQe0sxsxkAjxqEcLqED9wzQVjNSxTnSGT_dUStkPSXNx-9qISzCTGveDXDF64H-mrvH7SPJtKiy2LM-SthLP3XHSMJs5gbkjC79pBWp2NkkHlT3gWv7kjmXNSy1siFcGTPbBBgNgdth1u4dyXb1i-Vm1vImc5RqoAve_2M7L2tS1vXDXnADF01kHNRbwTI2tGFnfIJmV_bQMCwcIR2Y2hBuJVxZcWJ1nhUI6zerok9lfgWzNpaIZoporu51-SvbIh50bnC0VZBdBOlwMxKmOJXbS1ICgSL1ne7vTnyBY3BWKtX-PBtVsZepW04_P311-3YaZZp5lHTeObiGh6t5mH86DzwWy_23YIn006lM14tomZ41zuvEI0JadkzKgV_TJdxvoYLPpVSgDwAlEfr6o3g=w1988-h1324-no\" width=\"1986\" height=\"1324\" alt=\"Poder organizacional de baixo para cima!\" class=\"size-medium\" \/><\/a><figcaption class=\"wp-caption-text\">Poder organizacional de baixo para cima!<\/figcaption><\/figure>\n<h2>Elei\u00e7\u00e3o do Presidente<\/h2>\n<p>O Sr. Hiroto Sakamaki foi eleito presidente, e foram apresentados relat\u00f3rios e realizadas discuss\u00f5es sobre o relat\u00f3rio de neg\u00f3cios, balan\u00e7o patrimonial, demonstra\u00e7\u00e3o de resultados e proposta de destina\u00e7\u00e3o do excedente para o ano fiscal de 2019, o plano de neg\u00f3cios para o ano fiscal de 2020 e a elei\u00e7\u00e3o dos dirigentes da associa\u00e7\u00e3o de produ\u00e7\u00e3o de milho-mi\u00fado.<\/p>\n<figure class=\"wp-caption aligncenter\"><a href=\"https:\/\/photos.google.com\/share\/AF1QipMQnu1fjUBOkXD7Jl35AUBFzvNSnyPZBfb0hI8jP4eP71444-nbG4a8wQsmjthvUA\/photo\/AF1QipNdmJtVyzgaK_3qy90VWoxjxDmSo9-cHgVFrT4?key=ZHFXYlNKTzVIdEpaM0t6TTZKTEo0dzJHVGFoRVZR\" target=\"_blank\" rel=\"noopener noreferrer\"><img decoding=\"async\" src=\"https:\/\/lh3.googleusercontent.com\/fYJl8ACXTdG6oWFZKkw65ZdxzYgw8OGIXIXXfdTWKSWcbQBHzm8kiQQ7YnNRREwz3mL1S3CcuTNx9_bVd30-1B0VngV0qcuzkOrXJ85bCyggrOA3Qj9oI7yI0O7ak7N8bYPU3iJy5WseywJo4toCKwtkt4caCFPUIrbBSwDpIoKS41UIW1FKJh5Tpfsbv1T_kxx7_b9wAbMz7UUL2JEGZDXteXKmskfShvmAKv8u-mCRT1KiNyICXLvughkc5fE-UADm3uWE341pA3mQdFr0-7FE66scmL3WFWrZ8qBZXrolsT85h9tkHCawe-wubwVAIvkY9FBuS31equS1EtyGANOa0Hi1vtqGdGO7_mWNshl4N7nN9T6yqV3R0UoDFr0zIzENpLICHpcBx6PeP2rtLhOOql7ITNPdmod2BVTlDvMHQNvCZvrAiT2aVNqRbRbJ8Ijj2lMDsMa52TF-Qi0wrbUFj6Tct6kbAx9btGZ0I3lrACS0B7CNSj6-_rrKUB3eQsQlOJpQPM4gIdGEFkCFHDbnzYarGnVebYxYOfzLpYC4icnWW_Uc3gqIsMBx6L7EYp6FPieKVltetIAYdnn7bcszwwmQT6txXhbRmHyW-tq2RnNtWkOtNwxRvkAgSCb6ZzU8L6Ybe02HAl5vC4FqbCrAcxSWBZ68Nff-HuYzTbwSgUhcqABzzRCMA_8kAf5NdBXz8tWU6AGWUipXOWnuv5IffPJGXJghKY0E_NpDWGTvXEm1=w1988-h1324-no\" width=\"1986\" height=\"1324\" alt=\"O Sr. Hiroto Sakamaki, que foi eleito presidente.\" class=\"size-medium\" \/><\/a><figcaption class=\"wp-caption-text\">O Sr. Hiroto Sakamaki, que foi eleito presidente.<\/figcaption><\/figure>\n<h2>Nomea\u00e7\u00e3o do Secret\u00e1rio e do Signat\u00e1rio da Ata<\/h2>\n<p>\u30fbRyoichi Minamiguchi, Kotaro Nakayama, Nozomi Yamada<\/p>\n<h2>Itens do relat\u00f3rio<\/h2>\n<h3>1. Pr\u00eamios da Associa\u00e7\u00e3o de Agricultura de Terras Altas<\/h3>\n<p>\u30fbEm 7 de fevereiro, &quot;Honoka&quot; recebeu um pr\u00eamio na Assembleia Geral da Associa\u00e7\u00e3o de Apoio \u00e0 Produ\u00e7\u00e3o de Culturas Agr\u00edcolas.<\/p>\n<h3>2. Premiado no Concurso de Produ\u00e7\u00e3o e Distribui\u00e7\u00e3o de Arroz de Hokkaido.<\/h3>\n<p>\u30fbComo grupo de produ\u00e7\u00e3o, a Associa\u00e7\u00e3o Agr\u00edcola Miwagyu da cidade de Hokuryu ganhou o pr\u00eamio m\u00e1ximo de arroz de qualidade superior (cerim\u00f4nia de premia\u00e7\u00e3o realizada em Sapporo no final de fevereiro).<\/p>\n<h2>Agenda<\/h2>\n<h3>1. Proposta n\u00ba 1<\/h3>\n<p>\u2022 Relat\u00f3rio de neg\u00f3cios, balan\u00e7o patrimonial, demonstra\u00e7\u00e3o de resultados e plano de destina\u00e7\u00e3o de recursos para o exerc\u00edcio fiscal de 2019, bem como relat\u00f3rio de auditoria.<\/p>\n<h4>Relat\u00f3rio de neg\u00f3cios de 2019: Explica\u00e7\u00e3o do Diretor Shigeyuki Nakayama<\/h4>\n<figure class=\"wp-caption aligncenter\"><a href=\"https:\/\/photos.google.com\/share\/AF1QipMQnu1fjUBOkXD7Jl35AUBFzvNSnyPZBfb0hI8jP4eP71444-nbG4a8wQsmjthvUA\/photo\/AF1QipOAnjKYR1AsD-ye_MmEfUQ9EERSdVOTjB0I_m0?key=ZHFXYlNKTzVIdEpaM0t6TTZKTEo0dzJHVGFoRVZR\" target=\"_blank\" rel=\"noopener noreferrer\"><img decoding=\"async\" src=\"https:\/\/lh3.googleusercontent.com\/8dBXC2HF_w28Kr01qv-hGTI7qKMDHMMzeJ-vKlPkL_w9x2rs75vjra1y1FyLuw_M8eSAlS-W4MoePyuXpA-hcOjhLExlLOzjh4xQreKdWfERMCzDxcdPVDUzyvGDXFPHRyB1abUWXEL6v_wdbY5T3yHzBB_yd3k8xXJwCXWSs_NtJhUzM-BkXyQjsQNOipLIHaxfRte55r-4ZC9Xi1TssUC_so6I21F2zwG_aRiTHFJ7Aw32G61vVNr-t-oxoMCEXYCst33Kg9oPHkgDoiOBVf_4PXrqtJ0P4dWpF25K6m-pI41O62zBcGHT_p5DtH739sWWBiIFdadyOuXEDkQ_A5UT8B9l0OuugJCffnB6tH-6l10G8Biew9fZSe3uxAf8oT1XTJpftjoyTSMm-AB85n1UhkPkp-6Bqw0PFj22rSSM51EqOqE2Ce_uf5j033wWRYjnvsnHazqU0dXIwFowWSJPYwzZYBL3KaKNt7JDQjnFm9efFsSxueeuT4aM6Y7RICChOh3OsYkDrXWjSSL_vG2223-8rJZI0EmfuEOpp06rCOFj-i0Ssu4OYhvmBopgzfzwU__Ee7m8RB5GAx17qvhuh5Sp2O6ygdBobMCxsttGbw8hFpjYjbbLzbl5cDNEQEWDhlxb34HszwzcF9Qp2Q4gN0uaiXtgyRSG5qVD9a8eMOyDwf0BeDmE4tuEiyFeIEtvBaA8L_NABBZ3cwl4NdRu7rNJL57Xe0dogP_3jyGBj4Bs=w1988-h1324-no\" width=\"1986\" height=\"1324\" alt=\"O diretor Shigeyuki Nakayama apresenta um relat\u00f3rio de neg\u00f3cios\" class=\"size-medium\" \/><\/a><figcaption class=\"wp-caption-text\">O diretor Shigeyuki Nakayama apresenta um relat\u00f3rio de neg\u00f3cios<\/figcaption><\/figure>\n<p><span style=\"font-weight:bold\">&lt;Vis\u00e3o geral de 2019&gt;<\/span><\/p>\n<p>4 de fevereiro: 5\u00aa Assembleia Geral Ordin\u00e1ria<br \/>\n3 de mar\u00e7o: Remo\u00e7\u00e3o de neve da estufa; in\u00edcio do contrato de arrendamento - t\u00e9rmino no dia 7.<br \/>\n8 de mar\u00e7o: A Shiomi Construction inicia a remo\u00e7\u00e3o de neve e a constru\u00e7\u00e3o da estufa ~ 16 de mar\u00e7o: Remo\u00e7\u00e3o de neve e constru\u00e7\u00e3o da estufa conclu\u00eddas<br \/>\n14 de abril: Primeiro plantio de mel\u00e3o (13 plantas no total), in\u00edcio da semeadura de arroz - termina no dia 21.<br \/>\n\u30fb23 de abril: In\u00edcio da ara\u00e7\u00e3o dos arrozais<br \/>\n5 de maio: Semeadura de girassol para produ\u00e7\u00e3o de \u00f3leo<br \/>\n10 de maio: Semeadura de sementes de girassol<br \/>\n17 de maio: In\u00edcio do plantio de arroz e semeadura de feij\u00e3o azuki.<br \/>\n19 a 20 de maio: Semeadura da soja<br \/>\n25 a 26 de maio: Semeadura do pain\u00e7o<br \/>\n\u30fb26 de maio: Plantio de arroz conclu\u00eddo<br \/>\n\u30fb29 a 31 de maio: Semeadura de trigo sarraceno<br \/>\n8 de junho: Semeadura de girass\u00f3is em \u00e1reas ajardinadas<br \/>\n14 de junho: Treinamento agr\u00edcola na Academia de Fazenda Leiteira<br \/>\n12 de julho: Treinamento agr\u00edcola na Academia de Fazenda Leiteira<br \/>\n22 de julho: Treinamento agr\u00edcola para alunos do ensino fundamental II<br \/>\n28 de julho: Excurs\u00e3o de Experi\u00eancia em Turismo Cooperativo Agr\u00edcola<br \/>\n6 de agosto: Visita de Tokyo Inua e Biei Libre<br \/>\n7 de agosto: Visita guiada para uma experi\u00eancia de turismo cooperativo agr\u00edcola<br \/>\n8 de agosto: Shimizu Himawari (Embaixadora do Turismo da Cidade de Hokuryu) visita.<br \/>\n2 a 4 de setembro: Colheita de sementes de girassol<br \/>\n17 de setembro: Colheita de arroz e pain\u00e7o, colheita de girassol para produ\u00e7\u00e3o de \u00f3leo.<br \/>\n\u30fbA colheita de arroz come\u00e7a em 18 de setembro e vai at\u00e9 11 de outubro.<br \/>\n\u30fb2 de outubro: Treinamento Agr\u00edcola da Academia de Fazendas Leiteiras<br \/>\n\u30fb16 de outubro: Colheita do feij\u00e3o azuki - 18 de outubro<br \/>\n\u30fb25 de outubro: Sele\u00e7\u00e3o de sementes de girassol - 29 de outubro<br \/>\nObras de renova\u00e7\u00e3o do celeiro de Yoshida Kiichiro, conclus\u00e3o da constru\u00e7\u00e3o da ponte sobre o rio Numanosawa e da ponte sobre o rio Shirinashi.<br \/>\n22 de dezembro: Assembleia geral de fim de ano e festa.<\/p>\n<figure class=\"wp-caption aligncenter\"><a href=\"https:\/\/photos.google.com\/share\/AF1QipMQnu1fjUBOkXD7Jl35AUBFzvNSnyPZBfb0hI8jP4eP71444-nbG4a8wQsmjthvUA\/photo\/AF1QipNkNuEXW2aLSJjtFJeNnQ76ex3eTp8PrFM3UEc?key=ZHFXYlNKTzVIdEpaM0t6TTZKTEo0dzJHVGFoRVZR\" target=\"_blank\" rel=\"noopener noreferrer\"><img decoding=\"async\" src=\"https:\/\/lh3.googleusercontent.com\/cliv5aovhNvR0UrY8XyJZxxjgB1ey1qPo-bVBAsYkLMIBcYaiY0pYIxhSuEZDXPXzWQIN04DNSJXk335S4IkU7L38kfkyVepGOzlSoZdydj_9c0hIyQvrIj0QCpEU5B2ltbZ4lqiiBFFGyD8I-RTphO5jOdBydlloVmQd2u6IeyAbJ4-8O5AmUs6SNJTt00llAlctOxuaj3Rh5QTVlNIAnBAClX-1hGbo_Mvk5dkVebiJTHcdIA0nzmHrlbUVfJ6A77fZrwJYrRlEJepYARJVTB-saHiVLphmgav5js3jTht9uk6DJm8XPWI-l2O74_iHiPqRR7hCemn024RtUVAsSwmMoliwwvtn1wuW9Rm7jXwmi8MS_pccNgRMhFKXLCqfxZusXJWLnT4MOVtdSlRUSP8wdBV-p-9yfijyT5ctNnDxgONc0rBRI4nJ9wp_NfQadP68xQS9vEkog44rHbbKn-jcP7tdVK0LEVwojqMcaFcnajXl6AkNSSH0jGPu6TMLY8Pac8XKnFcTOLjjHAVKMp83IRxaf7wD_iFvDDJyYJmSV5TVjSJRpdHhDqkxILDWhJ_m1vgdE_fWWOP2eEFOwuIDg-xPBAff3vC-6cJYBnRSNkvwFGTbKxp65hTWnU_P5_sQSJknHf6iWdJgsUvd6lC874XlSakWGG1PfsRMEjxz5J_wIfU8-mR741L2Q8YiSSW_lQiM4i-NgZAdheU9LtqHI1R29xJDarTPfsSmkHvqxsN=w1420-h946-no\" width=\"1986\" height=\"1324\" alt=\"Relat\u00f3rio de Neg\u00f3cios e Vis\u00e3o Geral do Trabalho\/Vis\u00e3o Geral da Produ\u00e7\u00e3o da Era Reiwa 1\" class=\"size-medium\" \/><\/a><figcaption class=\"wp-caption-text\">Relat\u00f3rio de Neg\u00f3cios e Vis\u00e3o Geral do Trabalho\/Vis\u00e3o Geral da Produ\u00e7\u00e3o da Era Reiwa 1<\/figcaption><\/figure>\n<p><span style=\"font-weight:bold\">&lt;Status da produ\u00e7\u00e3o&gt;<\/span><\/p>\n<p>\u30fbTotal de arroz: 10.741a (Kitakurin: 7.423a, Nanatsuboshi: 5.134a, Yumepirika: 4.865a)<br \/>\n\u30fbCulturas agr\u00edcolas: 3.689 hectares (soja, trigo sarraceno, \u00f3leo de girassol, mel\u00f5es, sementes de girassol, trigo de outono, milho-mi\u00fado, feij\u00e3o azuki)<\/p>\n<h4>Balan\u00e7o patrimonial, demonstra\u00e7\u00e3o de resultados e destina\u00e7\u00e3o dos lucros retidos (minuta): Explica\u00e7\u00e3o do Diretor do Laborat\u00f3rio Kabata<\/h4>\n<p>A receita total ultrapassou os 200 milh\u00f5es de ienes pela primeira vez.<\/p>\n<p>\u30fbRenda total: 203 milh\u00f5es de ienes (arroz em casca: 147 milh\u00f5es de ienes, culturas agr\u00edcolas: 15 milh\u00f5es de ienes, contratos de trabalho: 12 milh\u00f5es de ienes, rendimentos diversos: 29 milh\u00f5es de ienes)<br \/>\n\u30fbLucros retidos no per\u00edodo atual: 6,7 milh\u00f5es de ienes<\/p>\n<figure class=\"wp-caption aligncenter\"><a href=\"https:\/\/photos.google.com\/share\/AF1QipMQnu1fjUBOkXD7Jl35AUBFzvNSnyPZBfb0hI8jP4eP71444-nbG4a8wQsmjthvUA\/photo\/AF1QipOgT8w8wci8_NvML8YaDE-RuTDf5iXePGk3vO8?key=ZHFXYlNKTzVIdEpaM0t6TTZKTEo0dzJHVGFoRVZR\" target=\"_blank\" rel=\"noopener noreferrer\"><img decoding=\"async\" src=\"https:\/\/lh3.googleusercontent.com\/tdgcQ5GD4Bzb4XCagt142dVUYCgVS1WZCi4qMM5lMKI10N5P28n9792aGaSWxrq1JEXfU65uHAcQih7E1YWAsp2JptMW0IMj2S6yMbA68TOh3JhSruR6EDdWaIL7czUuohaS1gJd6ioo8dGVzlsZyjoT6AmjL1cbs3IF2lSjUyYLiO6HXpc0L_elfAFluwYPYJymAI7OHpKsJ1VNuhKtnwelhlR4CryOi7uOFTLlHT8ZNxM-PYOpUey5H4a3fTZ0FXsxBXywuW7vR5I_4lmHeRIx-uiEh1mqQlh2OVDvjeki3cfH6OvE0JOvHa9K0wR0EKQ1DG922X2-cFv1IbHR8xHpMbK4OODkSTiJ6qSpvGJ-UaVHNkq7syxvpwVipel9D0epjSSzEdTo1Lk4jIMKIYNramB5ZkOD6X9TLwSnt0EG_uSy_gSxwUQyGOfzeB9tozU0SSqkNstSTC8Is5ZeqYfioih2OWcp5ryxHGXss0vS6AXvU1_wXu5zJalErSdJEejDNRgk5SLPeBnFn650yWyoewwburOYebCZO-2VhRuslavRwe7g1GSTbSQFQLmFAV_sAWoqoj7hhjY32B8-BFKhjriM48Z7doA8OhjwF4bHn5LS6ZiUuFJF795qurRixw6NUzVxb1-yGDAF5N1-gegSOeTVboj-XNCBTkPdBr8_F-QZ41bEt1IgInwu0LMk9LzuDkbF69IF9K4uz7__pFu3ozCMbUdrNzHktPVKgE08wzhZ=w1988-h1324-no\" width=\"1986\" height=\"1324\" alt=\"Explica\u00e7\u00e3o do Diretor do Laborat\u00f3rio Kabata\" class=\"size-medium\" \/><\/a><figcaption class=\"wp-caption-text\">Explica\u00e7\u00e3o do Diretor do Laborat\u00f3rio Kabata<\/figcaption><\/figure>\n<h4>Relat\u00f3rio de auditoria: Relat\u00f3rio do auditor Mitsuharu Yamada<\/h4>\n<figure class=\"wp-caption aligncenter\"><a href=\"https:\/\/photos.google.com\/share\/AF1QipMQnu1fjUBOkXD7Jl35AUBFzvNSnyPZBfb0hI8jP4eP71444-nbG4a8wQsmjthvUA\/photo\/AF1QipMFLdPuh9s--_iQZp-1HwrdESKk7AvVKZdILEg?key=ZHFXYlNKTzVIdEpaM0t6TTZKTEo0dzJHVGFoRVZR\" target=\"_blank\" rel=\"noopener noreferrer\"><img decoding=\"async\" src=\"https:\/\/lh3.googleusercontent.com\/bJLwDtFZQDqfitJqinEyqIdFp6ZZ1FyLe7zCBEyaXBbp4Y06KdJtn2VsEn9U5zIze87ThiE7KwEjchQyM1yH0KeVszgqFLuwlG6bdA3psT7l_RCcwFLi3hh8MBO9oJZ_2wPatFozOmStuhIx_KwIyHfQuFf1I65Ev8gnXDxoRBGDqGjovlWrI1HrahaITgBGaxJRE4E6k_ESqXeudlsTJO4JGPp3WwSIW6rzCCweDPbCjSz5azYBe3V6gSAoHsiNe8oJal0wAtEwM4bXHUp6Cc4Z1YbeBXSeM6_eQ4EeAcC5JcAzOF9skW-WZCLGTveccc115QtSe4gI8pV6ek1iBO-cEkfVyL0zRbCUcYKN8LG_iqe_1U8oTrdEaD_1q8sPHuWV0raJWQUKEhM0U3wzeAPHAXhu3Zd2L2LgrH3jYLKjAwSc3ymoHATccn2kFZb7wS3vYXsZRaFcrmZMxS5eqh3jRTz2IWpd-zi8pS_UYwVKWaXGIy5pvlc-udJaw5OVvNEYWD4lFTWoHg8niK9-8-wOWB50xXJ4M0KMIac1PAzwNFWfd_Ud9Wpj-G4oDiukUCdXByNmA3EOVBTThnuSQLGr-EJz5h5quTUbLIp2LNq9_VMPl7DkXoUaIQGo0K0YZNMu1lS_vJ-Ap7ZVp2RZEFEtsH-oSxy82Ft1xTjGKK7MGdQbSL6DssxSgk37eFh7PXhrclW2caRLjK-BNHLMZxE-XGpP6a0oIeM78DIhDX_LCt9d=w1988-h1324-no\" width=\"1986\" height=\"1324\" alt=\"Relat\u00f3rio de auditoria do auditor Mitsuharu Yamada\" class=\"size-medium\" \/><\/a><figcaption class=\"wp-caption-text\">Relat\u00f3rio de auditoria do auditor Mitsuharu Yamada<\/figcaption><\/figure>\n<h3>2. Proposta n\u00ba 2<\/h3>\n<p>\u30fbSobre o plano de neg\u00f3cios para o ano fiscal de 2020<br \/>\n\u30fbRemo\u00e7\u00e3o de neve<\/p>\n<h3>3. Proposta n\u00ba 3<\/h3>\n<p>\u30fbElei\u00e7\u00e3o dos dirigentes da associa\u00e7\u00e3o de produtores de milho-mi\u00fado<br \/>\nPor recomenda\u00e7\u00e3o do diretor representante, Asao Morishima foi nomeado dirigente da associa\u00e7\u00e3o de produ\u00e7\u00e3o de milho-mi\u00fado.<\/p>\n<p>Cada proposta foi aprovada por unanimidade.<\/p>\n<figure class=\"wp-caption aligncenter\"><a href=\"https:\/\/photos.google.com\/share\/AF1QipMQnu1fjUBOkXD7Jl35AUBFzvNSnyPZBfb0hI8jP4eP71444-nbG4a8wQsmjthvUA\/photo\/AF1QipOr5Qn4R6lXlJN19QvnpdsMDq7ZNCfJyS6OJqc?key=ZHFXYlNKTzVIdEpaM0t6TTZKTEo0dzJHVGFoRVZR\" target=\"_blank\" rel=\"noopener noreferrer\"><img decoding=\"async\" src=\"https:\/\/lh3.googleusercontent.com\/_1esm9AvYy3zMEOld5qn4QQbv4ax4ajtFaU2P_hC3XmhgLfq9lhIQdXdO7Odo2TAdaDQ_lLd3wQ_LN2alOobhEijW3AI149SuEAqx_-BfC3fddAYoT6owvFqe6Nei5ZIYpuvYmNzs__-znEAU4WB_aBXNSUTh-I5BKZe_RtYm1wmjV6jZJzCq1iwPxrmVRDWoEPMKk_YVBgJ1YR0nqDcYNGuYyGs5SFSc9fzsf2ndBIxKLUJe3LWbf3tEHmd9iQZsQbVo-tXiTG_LB6i5Ncp3YvRwxsUUBSKoXYyA2V7jpocVaDhRicf9usYpoKIovLWg7f0REqx809z9PYKQpJROCQrlSj49I_G0l5V1zZcfATbpxFFhzYY1KbK2izXO2Mrpb3CCdv4dvHf0kcOaIVptoa5qt5WedsiOrEeovK6pNMZUVJn7zcKhP92goOzgafLzxOQoIX-B0UjFO6QYoUtNBoLaSzQ4PKZZWUt_NhP9KfvWv9TRyJPJP5xRiXhCH0hFI3igTui5blx_Qt0GpU3Bq7ZSBvPCBU8ryCBkaZmAoc1ERhIuUw-zDzZvnC3ppGpof56oJmDVQ4d2KkUmWY170Ot-0kvJqTZLPhUQDRu6u8P7-Ws1fxCexnZTR0pkgwcApdcFJYNJeKHZgjwdYTxeMcHv0-bhkZkTeiQqjIRl6K-WdLPYFOKkVAr5505OC6yxpodGKvqCQWfxmWyrY6aNjBquvQIuA8gWaybePXnb9gSn63P=w1988-h1324-no\" width=\"1986\" height=\"1324\" alt=\"Todas as propostas foram aprovadas por unanimidade.\" class=\"size-medium\" \/><\/a><figcaption class=\"wp-caption-text\">Todas as propostas foram aprovadas por unanimidade.<\/figcaption><\/figure>\n<h3>4. Outros: Explica\u00e7\u00e3o do Diretor Representante Shigeki Mizutani<\/h3>\n<h4>Em rela\u00e7\u00e3o \u00e0 falta de sucessores e gestores<\/h4>\n<p>As empresas agr\u00edcolas em Hokkaido enfrentam o problema da falta de sucessores, com os jovens agricultores sem o devido preparo. Na Honoka, esperamos encontrar jovens sucessores e continuar a fazer o nosso melhor, pensando nos pr\u00f3ximos tr\u00eas anos.<\/p>\n<h4>Considerando o seguro de renda<\/h4>\n<p>Em rela\u00e7\u00e3o \u00e0 compara\u00e7\u00e3o entre seguro de renda e aux\u00edlio m\u00fatuo agr\u00edcola, ele disse que gostaria de realizar v\u00e1rias simula\u00e7\u00f5es e analisar cuidadosamente a quest\u00e3o antes de decidir se participaria ou n\u00e3o.<\/p>\n<h2>O presidente renuncia e a reuni\u00e3o \u00e9 encerrada.<\/h2>\n<p>A assembleia geral terminou sem problemas. Em seguida, houve um encontro social.<\/p>\n<p>Com muita for\u00e7a e coopera\u00e7\u00e3o, o povo de Honoka desfruta da agricultura com sorrisos no rosto.<br \/>\nCom grande respeito, gratid\u00e3o e ora\u00e7\u00f5es, gostaria de expressar minha sincera gratid\u00e3o ao grande poder da Cooperativa Agr\u00edcola Honoka, que gerou uma receita anual total de mais de 200 milh\u00f5es de ienes apenas seis anos ap\u00f3s sua funda\u00e7\u00e3o.<\/p>\n<figure class=\"wp-caption aligncenter\"><a href=\"https:\/\/photos.google.com\/share\/AF1QipPJHjgKuZ4mcIVhLcOqD8HjMVaWC6u9uwnS5zyc9gdMvbQM1IR8TST1xcrPUPZi6g\/photo\/AF1QipOt7HVv-DW1v6xwBvaR_rpRSoYdrRwmbNvRGKg?key=XzFBSzJaalFuWkFrNk55TVdjSU9QTTRYZW1adi13\" target=\"_blank\" rel=\"noopener noreferrer\"><img decoding=\"async\" src=\"https:\/\/lh3.googleusercontent.com\/hfNbDGH_Ek7ANQQRjiyia3kNg3LEbVD47Tex5cpFTB540ZVfAlB9v8i9R1aZpvBCUpfD9bvMbsXMBO1uhTTinigZXVMNcY5_KD9XetedUBJY7tHWenn-b_eTF4j--lmHyHsrBnWs4pqHlTp-Ymv9Qoar6udgKrKBFFu0UOHqc_UncOCT3XOaeSkrQhL7EHl2jhJo5ZRkgYkNdMPPQX6m6LvbqzvcHaQaa5lJdT-wgJuCVSZwZK3k9UzTTq1CRMeaIB_s4RYD3Jr0RiGh-4Yc97pGBsT_r4J8brIk3ICfeNKEuTAZqXHGxZ5IcFFyyUWab8eliUBFeHACwNjmtojZw03XZsoj2mhaYnR40b_wBYgVcvVVEBIvPVB9zdTmJ6n3fSp_QB2k9wIaDMOjPrtySIo8u46dmM7ic1Eu8YDzo-CqNcH8dZD4TPcOIhTbGw9Fkgo3xPVVAq4h5VzFRzAxfhJTPaXxDEROecWAU3iMLwEZh3esuUpEX0YPVi7z_GS3okirEAUSNYdrZc94uhQAGAvh3a_ONC3sneNmiMsfgUU9_dcYTBVp7lSYMW4V7aElk1tQfPiP_FeLEAMV0_SrFK4tBSVrgsnaOHuZjd7OM4sH7siSfL54nYwYNj3dwYHUb9P3nLrfl6Wq6ALzOsAOQ1WcxrMO0sJg4pEXRBb-0PGwuTXFeXwMCs9r6bPyFruZBgasL5FIHWoPWhi7rMr3gNqMwkwam-2A4abGyZTMsj3sfhxr=w1988-h1324-no\" width=\"1986\" height=\"1324\" alt=\"Com grande respeito, gratid\u00e3o e ora\u00e7\u00f5es pelo grande poder da Cooperativa Agr\u00edcola de Honoka...\" class=\"size-medium\" \/><\/a><figcaption class=\"wp-caption-text\">Com grande respeito, gratid\u00e3o e ora\u00e7\u00f5es pelo grande poder da Cooperativa Agr\u00edcola de Honoka...<\/figcaption><\/figure>\n<h2>Outras fotos<\/h2>\n<p>\u30fb<a href=\"https:\/\/photos.google.com\/share\/AF1QipMQnu1fjUBOkXD7Jl35AUBFzvNSnyPZBfb0hI8jP4eP71444-nbG4a8wQsmjthvUA?key=ZHFXYlNKTzVIdEpaM0t6TTZKTEo0dzJHVGFoRVZR\" rel=\"noopener noreferrer\" target=\"_blank\">As fotos (28 fotos) da Assembleia Geral Anual de 2019 da Associa\u00e7\u00e3o Cooperativa Agr\u00edcola de Honoka (6\u00aa legislatura) est\u00e3o dispon\u00edveis aqui &gt;&gt;<\/a><\/p>\n<h2>Artigos relacionados<\/h2>\n<p>\u30fb<a href=\"https:\/\/portal.hokuryu.info\/pt\/honoka.html\/\">P\u00e1gina de Apresenta\u00e7\u00e3o da Associa\u00e7\u00e3o Cooperativa Agr\u00edcola de Honoka<\/a><br \/>\n\u3000<\/p>\n<p>\u25c7 Fotografia e edi\u00e7\u00e3o: Noboru Terauchi Entrevista e texto: Ikuko Terauchi<\/p>","protected":false},"excerpt":{"rendered":"<p>\uff12\uff10\uff12\uff10\u5e74\uff12\u6708\uff12\uff10\u65e5\uff08\u6728\uff09 \u4ee4\u548c\uff12\u5e74\uff12\u6708\uff11\uff10\u65e5\uff08\u6708\uff09\u3001\u30b5\u30f3\u30d5\u30e9\u30ef\u30fc\u30d1\u30fc\u30af\u5317\u7adc\u6e29\u6cc9\u591a\u76ee\u7684\u30db\u30fc\u30eb\u306b\u3066\u3001\u8fb2\u4e8b\u7d44\u5408\u6cd5\u4eba\u307b\u306e\u304b\u7b2c\uff16\u671f\u5b9a\u671f\u7dcf\u4f1a\u304c\u958b\u50ac\u3055\u308c\u307e\u3057\u305f\u3002 \u677f\u57a3\u7fa9\u4e00 \u76e3\u4e8b\u306e\u53f8\u4f1a\u30fb\u9032\u884c\u306b\u3088\u308a\u7dcf\u4f1a\u304c\u30b9\u30bf\u30fc\u30c8 \u958b [&hellip;]<\/p>\n","protected":false},"author":1,"featured_media":1131,"comment_status":"open","ping_status":"open","sticky":false,"template":"","format":"standard","meta":{"footnotes":""},"categories":[4,27],"tags":[],"class_list":["post-1084","post","type-post","status-publish","format-standard","has-post-thumbnail","hentry","category-cover-story","category-honoka"],"_links":{"self":[{"href":"https:\/\/portal.hokuryu.info\/pt\/wp-json\/wp\/v2\/posts\/1084","targetHints":{"allow":["GET"]}}],"collection":[{"href":"https:\/\/portal.hokuryu.info\/pt\/wp-json\/wp\/v2\/posts"}],"about":[{"href":"https:\/\/portal.hokuryu.info\/pt\/wp-json\/wp\/v2\/types\/post"}],"author":[{"embeddable":true,"href":"https:\/\/portal.hokuryu.info\/pt\/wp-json\/wp\/v2\/users\/1"}],"replies":[{"embeddable":true,"href":"https:\/\/portal.hokuryu.info\/pt\/wp-json\/wp\/v2\/comments?post=1084"}],"version-history":[{"count":0,"href":"https:\/\/portal.hokuryu.info\/pt\/wp-json\/wp\/v2\/posts\/1084\/revisions"}],"wp:featuredmedia":[{"embeddable":true,"href":"https:\/\/portal.hokuryu.info\/pt\/wp-json\/wp\/v2\/media\/1131"}],"wp:attachment":[{"href":"https:\/\/portal.hokuryu.info\/pt\/wp-json\/wp\/v2\/media?parent=1084"}],"wp:term":[{"taxonomy":"category","embeddable":true,"href":"https:\/\/portal.hokuryu.info\/pt\/wp-json\/wp\/v2\/categories?post=1084"},{"taxonomy":"post_tag","embeddable":true,"href":"https:\/\/portal.hokuryu.info\/pt\/wp-json\/wp\/v2\/tags?post=1084"}],"curies":[{"name":"wp","href":"https:\/\/api.w.org\/{rel}","templated":true}]}}