{"id":8500,"date":"2021-04-28T06:48:30","date_gmt":"2021-04-27T21:48:30","guid":{"rendered":"https:\/\/portal.hokuryu.info\/?p=8500"},"modified":"2021-05-26T08:13:46","modified_gmt":"2021-05-25T23:13:46","slug":"post-8500","status":"publish","type":"post","link":"https:\/\/portal.hokuryu.info\/es\/8500\/","title":{"rendered":"Despidi\u00e9ndose de la familia Kubo, Isamu y Nobuko, quienes se establecieron en la ciudad de Hokuryu hace 102 a\u00f1os."},"content":{"rendered":"<p>Mi\u00e9rcoles 28 de abril de 2021<\/p>\n<p>El martes 27 de abril de 2021 a las 8:00 a. m., Isamu y Nobuko Kubo se mudar\u00e1n a Sapporo, donde vive su hijo.<\/p>\n<p>Los miembros de la asociaci\u00f3n de vecinos de Wa y otros habitantes del pueblo que ten\u00edan alg\u00fan v\u00ednculo con los fallecidos se reunieron en el jard\u00edn de la casa de la familia Kubo y, de mala gana, cantaron &quot;Banzai&quot; tres veces al un\u00edsono para despedirlos.<\/p>\n<figure class=\"wp-caption aligncenter\"><a href=\"https:\/\/photos.google.com\/share\/AF1QipPBOscPqyvZuyERZugkT2mlRBywbLCUkQvCq0FcD49BNvi3qn-xQG4xYsd2JZwSYw\/photo\/AF1QipMMZPeHP6ljBaIFre_NPJpKr7_nlA0HqrHX_kQ?key=LVJ5ZEktcU1GU2owek5Ham1ycjRNNXFzS3pia0dR\" target=\"_blank\" rel=\"noopener\"><img decoding=\"async\" src=\"https:\/\/lh3.googleusercontent.com\/pw\/ACtC-3eJtmg49u_s9gqjKnXW9ZnvWZNDYJcRE49Wdxy9EDV0YdVeWZQslx1c7OZcz_FOnbo_Vm1BYNcZstV1WhLg_h5A4FBMLcYgOGVBS_Gao3N9JTo46Bf1iwiDwLpLTw9HeJv8j8Hwu7OIzh7TpIfO8viV=w2000-h1500-no?authuser=0\" width=\"2000\" height=\"1500\" alt=\"Despedirlos con tres hurras\" class=\"size-medium\" \/><\/a><figcaption class=\"wp-caption-text\">Despedirlos con tres hurras<\/figcaption><\/figure>\n<p>La familia Kubo ha hecho grandes contribuciones a la construcci\u00f3n de las bases agr\u00edcolas de la ciudad de Hokuryu durante los \u00faltimos 102 a\u00f1os, desde que el abuelo del Sr. Isamu Kubo se estableci\u00f3 en la ciudad de Hokuryu en 1920. Tambi\u00e9n se desempe\u00f1\u00f3 como presidente de la asociaci\u00f3n de vecinos y brind\u00f3 un generoso apoyo.<\/p>\n<h2>Palabras del presidente Hideyuki Hasegawa de la Asociaci\u00f3n de Vecinos de Wa<\/h2>\n<figure class=\"wp-caption aligncenter\"><a href=\"https:\/\/photos.google.com\/share\/AF1QipPBOscPqyvZuyERZugkT2mlRBywbLCUkQvCq0FcD49BNvi3qn-xQG4xYsd2JZwSYw\/photo\/AF1QipOWIdHiXsgzZjqTqmAq9qAUlGVZaXvJi22E3ow?key=LVJ5ZEktcU1GU2owek5Ham1ycjRNNXFzS3pia0dR\" target=\"_blank\" rel=\"noopener\"><img decoding=\"async\" src=\"https:\/\/lh3.googleusercontent.com\/pw\/ACtC-3eZ9g5DvhordzI350FMVP8lvewqfaWZ_FufP-ADODv-95rQXBdiikcngmN6mZmx2XRphj20oKf64eJhB9HmUhiwz9KjT7kJG2BMjMdeoHhUNizmPBA62C1ZFLNcou5XFVjHnszjNyYH4JbtLeyos1wO=w2000-h1500-no?authuser=0\" width=\"2000\" height=\"1500\" alt=\"Palabras de agradecimiento del representante de la asociaci\u00f3n de vecinos, Sr. Hideyuki Hasegawa\" class=\"size-medium\" \/><\/a><figcaption class=\"wp-caption-text\">Palabras de agradecimiento del representante de la asociaci\u00f3n de vecinos, Sr. Hideyuki Hasegawa<\/figcaption><\/figure>\n<p>Escuch\u00e9 que, en la \u00e9poca del abuelo del Sr. Isamu Kubo, vinieron de la ciudad de Uryuu a la ciudad de Hokuryu en busca de tierras de cultivo. Se establecieron en la ciudad de Hokuryu hace m\u00e1s de 100 a\u00f1os.<\/p>\n<p>En aquella \u00e9poca, la ciudad de Hokuryu no era como los arrozales de hoy; la tierra era de diversos tama\u00f1os y elevaciones, y los canales de irrigaci\u00f3n y las zanjas de drenaje no estaban bien desarrollados, por lo que fue una \u00e9poca muy dif\u00edcil para los colonos establecerse all\u00ed.<\/p>\n<p>Posteriormente, se mejor\u00f3 la infraestructura, y creo que los cimientos de los arrozales actuales se sentaron alrededor de 1965 como parte de un proyecto de mejora estructural. En aquel entonces, el joven Kubo-san se convirti\u00f3 en una figura central de la comunidad, trabajando arduamente para desarrollar la infraestructura para la agricultura moderna.<\/p>\n<p>En la era Heisei, la Asociaci\u00f3n de Vecinos de Wa se fusion\u00f3 con la Asociaci\u00f3n de Vecinos de Baemoto (alrededor de 2005). Al principio, hubo algunas diferencias en los acuerdos y otros aspectos de la asociaci\u00f3n de vecinos fusionada. Sin embargo, Kubo-san, como presidente de la asociaci\u00f3n de vecinos, coordin\u00f3 h\u00e1bilmente los asuntos y se asegur\u00f3 de que la asociaci\u00f3n funcionara sin problemas, algo que recuerdo v\u00edvidamente.<\/p>\n<p>Nos gustar\u00eda expresar nuestro sincero agradecimiento al Sr. Kubo por su dedicaci\u00f3n a largo plazo a la comunidad.<\/p>\n<p>Despu\u00e9s de esto, el Sr. y la Sra. Kubo se mudar\u00e1n a Sapporo, donde vive su hijo, y se establecer\u00e1n all\u00ed. Esperamos que puedan pasar tiempo de calidad juntos.<\/p>\n<p>Esperamos que durante este tiempo, el Sr. Kubo recuerde el pueblo de Hokuryu. Tambi\u00e9n les agradecer\u00edamos que asistieran al Festival del Girasol u otros eventos, y si por casualidad se encuentran con alguna cara conocida, por favor, sal\u00fadennos.<\/p>\n<p>Hemos recibido una donaci\u00f3n del Sr. Kubo como muestra de agradecimiento por el apoyo recibido de la asociaci\u00f3n de vecinos. Queremos expresarle nuestra gratitud una vez m\u00e1s.<\/p>\n<p>&quot;Adem\u00e1s, de acuerdo con las normas de la asociaci\u00f3n de vecinos, nos gustar\u00eda entregarle un obsequio de despedida al Sr. Kubo en nombre de la asociaci\u00f3n. Lo extra\u00f1aremos, pero le expresamos nuestro m\u00e1s sincero agradecimiento por todo su arduo trabajo a lo largo de los a\u00f1os&quot;, declar\u00f3 el presidente Hasegawa, en representaci\u00f3n de la asociaci\u00f3n de vecinos de Wa.<\/p>\n<figure class=\"wp-caption aligncenter\"><a href=\"https:\/\/photos.google.com\/share\/AF1QipPBOscPqyvZuyERZugkT2mlRBywbLCUkQvCq0FcD49BNvi3qn-xQG4xYsd2JZwSYw\/photo\/AF1QipPu8yuQXeSvkIzQUBmh4NNjupH_gCSdVPZMIu8?key=LVJ5ZEktcU1GU2owek5Ham1ycjRNNXFzS3pia0dR\" target=\"_blank\" rel=\"noopener\"><img decoding=\"async\" src=\"https:\/\/lh3.googleusercontent.com\/pw\/ACtC-3cp8j34XjAO4DYJhvufIqQBuD6dI30BD6L5PPJGleTWav33rXbQP_cg_gFtxE-iiaJJKjj6GKqpMcVNDDo2a1Nml5TjCNsq8yiIcOpinbhbxhPKrfGAxHduJEqwU2ugZQuk6l2JT4QUMEXsp0uTatPY=w2000-h1500-no?authuser=0\" width=\"2000\" height=\"1500\" alt=\"Honorarios\" class=\"size-medium\" \/><\/a><figcaption class=\"wp-caption-text\">Honorarios<\/figcaption><\/figure>\n<h2>Palabras de Isamu Kubo<\/h2>\n<p>&quot;Me gustar\u00eda expresar mi sincero agradecimiento a todos por tomarse el tiempo de sus ocupadas agendas para venir a despedirme temprano en la ma\u00f1ana.<\/p>\n<p>Este a\u00f1o se cumplen 102 a\u00f1os desde que mi abuelo se mud\u00f3 de lo que entonces era la aldea de Uryu a la aldea de Hokuryu en marzo de 1920. Me gustar\u00eda expresar mi sincero agradecimiento a todos los que nos han cuidado durante tres generaciones.<\/p>\n<p>Espero que todos cuiden su salud y recen por su bienestar y felicidad. Muchas gracias por venir hoy a pesar del fr\u00edo.<\/p>\n<figure class=\"wp-caption aligncenter\"><a href=\"https:\/\/photos.google.com\/share\/AF1QipPBOscPqyvZuyERZugkT2mlRBywbLCUkQvCq0FcD49BNvi3qn-xQG4xYsd2JZwSYw\/photo\/AF1QipMYIShsaWfPNM-NwsssnR210KvIZadQM2VFHneg?key=LVJ5ZEktcU1GU2owek5Ham1ycjRNNXFzS3pia0dR\" target=\"_blank\" rel=\"noopener\"><img decoding=\"async\" src=\"https:\/\/lh3.googleusercontent.com\/pw\/ACtC-3ekaqncdF3NjSszr5LsgXvF_r6mzD1KyFFS0Aytxc7GgB42cyO2dLlOLN1EgWNtw7wmauJv4nvV0G3SLQljsrIcc1ra3Rp0SqD700gff8Q2CKVxmBT-Q560hizHxmtMnFCylGk5QbFlbmqO8kG3Kldbhw=w1416-h1888-no?authuser=0\" width=\"400\" alt=\"Sr. y Sra. Isamu y Nobuko Kubo\" class=\"size-medium\" \/><\/a><figcaption class=\"wp-caption-text\">Sr. y Sra. Isamu y Nobuko Kubo<\/figcaption><\/figure>\n<figure class=\"wp-caption aligncenter\"><a href=\"https:\/\/photos.google.com\/share\/AF1QipPBOscPqyvZuyERZugkT2mlRBywbLCUkQvCq0FcD49BNvi3qn-xQG4xYsd2JZwSYw\/photo\/AF1QipMTwDFJS-V6yl91kkMTCHRmDMi-9KEg-6AI1IA?key=LVJ5ZEktcU1GU2owek5Ham1ycjRNNXFzS3pia0dR\" target=\"_blank\" rel=\"noopener\"><img decoding=\"async\" src=\"https:\/\/lh3.googleusercontent.com\/pw\/ACtC-3fAOg4cX8X1xLAoPZLLvwHFiSuwqdw-PI1jV_RnE-Nx6W6PfsnqLtHqZPN_NRkhrTvznaxTei3zwEn1QvXBMip_yvT6DrpZ41pfKgHi5p7MFxdidsqkIMgE-TRLMXpLKnvsHOTVo1ESOoqUuGJzXRsk=w2000-h1500-no?authuser=0\" width=\"2000\" height=\"1500\" alt=\"Familia Kubo\" class=\"size-medium\" \/><\/a><figcaption class=\"wp-caption-text\">Familia Kubo<\/figcaption><\/figure>\n<h2>Tres hurras al despedirnos de ellos<\/h2>\n<p>Todos coreamos &quot;Banzai&quot; tres veces al un\u00edsono para despedirlos.<\/p>\n<figure class=\"wp-caption aligncenter\"><a href=\"https:\/\/photos.google.com\/share\/AF1QipPBOscPqyvZuyERZugkT2mlRBywbLCUkQvCq0FcD49BNvi3qn-xQG4xYsd2JZwSYw\/photo\/AF1QipNS7Im9Gun640YKtjI2VTb7TR3RReRAiXOau5M?key=LVJ5ZEktcU1GU2owek5Ham1ycjRNNXFzS3pia0dR\" target=\"_blank\" rel=\"noopener\"><img decoding=\"async\" src=\"https:\/\/lh3.googleusercontent.com\/pw\/ACtC-3fHnhkQNE9WowxNvguBpjlo34d7XdA78blgRmggfqBA3-_RUJWMm05u6l2hAdZ34WXHIzCJl9VCzoWe6lNjhyjFm8JPHUmdzrF2higowt2tbSSeOLnVYou-pFeKSgYuTB4TcvbLYxO2wB83LgUVPYPD=w2000-h1500-no?authuser=0\" width=\"2000\" height=\"1500\" alt=\"Despedirlos con tres hurras\" class=\"size-medium\" \/><\/a><figcaption class=\"wp-caption-text\">Despedirlos con tres hurras<\/figcaption><\/figure>\n<p>Con amor ilimitado, gratitud y oraciones, nos extendemos a la gente de Hokuryu, que ama tanto a su ciudad y coopera, ayuda y apoya mutuamente para proteger y transmitir el esp\u00edritu de armon\u00eda que ha perdurado en su ciudad.<\/p>\n<figure class=\"wp-caption aligncenter\"><a href=\"https:\/\/photos.google.com\/share\/AF1QipPBOscPqyvZuyERZugkT2mlRBywbLCUkQvCq0FcD49BNvi3qn-xQG4xYsd2JZwSYw\/photo\/AF1QipNRUc0ExgjfhsbUQI0YdK-g91Fu7afqG70rXcw?key=LVJ5ZEktcU1GU2owek5Ham1ycjRNNXFzS3pia0dR\" target=\"_blank\" rel=\"noopener\"><img decoding=\"async\" src=\"https:\/\/lh3.googleusercontent.com\/pw\/ACtC-3fdVzba2lUBRWXtpuRMinivpiHJpg14kSYuodOYw7Hg5fbOYXsK_kjqRkh2Mb5lXQOLAHBEE3eA2TbF2hYq7aHpF4yvoKBFo3U5p8Eov3nX22cjefq86z5nWejqdgvqghxYWzTw5P_gIClVUuovEzxr=w2000-h1500-no?authuser=0\" width=\"2000\" height=\"1500\" alt=\"El paisaje urbano vigilado por el monte Edai\" class=\"size-medium\" \/><\/a><figcaption class=\"wp-caption-text\">El paisaje urbano vigilado por el monte Edai<\/figcaption><\/figure>\n<p>\u25c7 Fotograf\u00eda y edici\u00f3n: Noboru Terauchi Entrevista y texto: Ikuko Terauchi<\/p>","protected":false},"excerpt":{"rendered":"<p>\uff12\uff10\uff12\uff11\u5e74\uff14\u6708\uff12\uff18\u65e5\uff08\u6c34\uff09 \u4ee4\u548c\uff13\u5e74\uff14\u6708\uff12\uff17\u65e5\uff08\u706b\uff09\uff10\uff18\uff1a\uff10\uff10\u3001\u4e45\u4fdd\u52c7\u30fb\u4fe1\u5b50\u3054\u592b\u59bb\u304c\u3001\u5fa1\u5b50\u606f\u304c\u304a\u4f4f\u307e\u3044\u306e\u672d\u5e4c\u3078\u8ee2\u51fa\u3055\u308c\u308b\u3053\u3068\u3068\u306a\u308a\u307e\u3057\u305f\u3002 \u548c\u753a\u5185\u4f1a\u306e\u7686\u3055\u3093\u3001\u3054\u7e01\u306e\u3042\u308b\u753a\u6c11\u304c\u4e45\u4fdd\u5bb6\u306e\u304a\u5ead\u306b\u96c6\u3044\u3001\u540d\u6b8b\u60dc [&hellip;]<\/p>\n","protected":false},"author":1,"featured_media":8501,"comment_status":"open","ping_status":"open","sticky":false,"template":"","format":"standard","meta":{"footnotes":""},"categories":[4],"tags":[],"class_list":["post-8500","post","type-post","status-publish","format-standard","has-post-thumbnail","hentry","category-cover-story"],"_links":{"self":[{"href":"https:\/\/portal.hokuryu.info\/es\/wp-json\/wp\/v2\/posts\/8500","targetHints":{"allow":["GET"]}}],"collection":[{"href":"https:\/\/portal.hokuryu.info\/es\/wp-json\/wp\/v2\/posts"}],"about":[{"href":"https:\/\/portal.hokuryu.info\/es\/wp-json\/wp\/v2\/types\/post"}],"author":[{"embeddable":true,"href":"https:\/\/portal.hokuryu.info\/es\/wp-json\/wp\/v2\/users\/1"}],"replies":[{"embeddable":true,"href":"https:\/\/portal.hokuryu.info\/es\/wp-json\/wp\/v2\/comments?post=8500"}],"version-history":[{"count":0,"href":"https:\/\/portal.hokuryu.info\/es\/wp-json\/wp\/v2\/posts\/8500\/revisions"}],"wp:featuredmedia":[{"embeddable":true,"href":"https:\/\/portal.hokuryu.info\/es\/wp-json\/wp\/v2\/media\/8501"}],"wp:attachment":[{"href":"https:\/\/portal.hokuryu.info\/es\/wp-json\/wp\/v2\/media?parent=8500"}],"wp:term":[{"taxonomy":"category","embeddable":true,"href":"https:\/\/portal.hokuryu.info\/es\/wp-json\/wp\/v2\/categories?post=8500"},{"taxonomy":"post_tag","embeddable":true,"href":"https:\/\/portal.hokuryu.info\/es\/wp-json\/wp\/v2\/tags?post=8500"}],"curies":[{"name":"wp","href":"https:\/\/api.w.org\/{rel}","templated":true}]}}