{"id":66058,"date":"2025-11-04T09:36:08","date_gmt":"2025-11-04T00:36:08","guid":{"rendered":"https:\/\/portal.hokuryu.info\/?p=66058"},"modified":"2025-11-17T14:24:15","modified_gmt":"2025-11-17T05:24:15","slug":"%e7%a5%9d%e3%83%bb%e3%83%80%e3%83%96%e3%83%ab%e5%8f%97%e8%b3%9e%ef%bc%81-%e9%bb%92%e5%8d%83%e7%9f%b3%e4%ba%8b%e6%a5%ad%e5%8d%94%e5%90%8c%e7%b5%84%e5%90%88%e3%83%bb%e9%ab%98%e7%94%b0%e5%b9%b8%e7%94%b7","status":"publish","type":"post","link":"https:\/\/portal.hokuryu.info\/es\/66058\/","title":{"rendered":"\u00a1Felicitaciones por un doble triunfo! El presidente de la Asociaci\u00f3n de Cooperativas Empresariales de Kurosengoku, Yukio Takada, recibi\u00f3 el Premio a la Contribuci\u00f3n a la Industria de Hokkaido y el Premio al Servicio Meritorio del 70.\u00ba Aniversario de la Asociaci\u00f3n Central."},"content":{"rendered":"<p>Martes 4 de noviembre de 2025<\/p>\n<div class=\"ep-box es-BpaperRight es-grid bgc-VPsky\">El viernes 31 de octubre, se celebr\u00f3 la memoria de Yukio Takada, presidente de la Asociaci\u00f3n de Cooperativas Empresariales de Kurosengoku, quien recibi\u00f3 el Premio a la Contribuci\u00f3n a la Industria de Hokkaido y el Premio Conmemorativo al Servicio Meritorio del 70.\u00ba Aniversario de la Federaci\u00f3n de Peque\u00f1as y Medianas Empresas de Hokkaido. Los logros de Takada, a los que dedic\u00f3 su vida para revivir y comercializar la legendaria soja negra &quot;Kurosengoku&quot;, fueron celebrados por sus compa\u00f1eros de clase en el &quot;12.\u00ba Encuentro de Exalumnos de la Escuela Secundaria de Hokuryu&quot;. Fue una conmovedora historia de una noche en la que floreci\u00f3 el c\u00e1lido esp\u00edritu de armon\u00eda de la ciudad de Hokuryu, donde toda la ciudad honra y apoya a quienes contribuyen a la comunidad.<\/div>\n<h2>\u00a1Felicitaciones por un doble triunfo! El presidente de la Asociaci\u00f3n de Cooperativas Empresariales de Kurosengoku, Yukio Takada, recibi\u00f3 el Premio a la Contribuci\u00f3n a la Industria de Hokkaido y el Premio al Servicio Meritorio del 70.\u00ba Aniversario de la Asociaci\u00f3n Central.<\/h2>\n<p>El viernes 31 de octubre a las 17:00 h, se celebr\u00f3 una gran celebraci\u00f3n en Sunflower Park Hokuryu Onsen para celebrar la doble condecoraci\u00f3n del presidente de la Asociaci\u00f3n de Cooperativas Empresariales Kurosengoku, Takada Yukio, quien recibi\u00f3 el Premio a la Contribuci\u00f3n a la Industria de Hokkaido (por su m\u00e9rito en el comercio, la industria y la miner\u00eda) y el Premio de la Federaci\u00f3n de Peque\u00f1as y Medianas Empresas de Hokkaido (por su m\u00e9rito en conmemoraci\u00f3n del 70.\u00ba aniversario de la fundaci\u00f3n de la empresa). El evento fue patrocinado por el 12.\u00ba Encuentro de Exalumnos de la Escuela Secundaria Hokuryu.<\/p>\n<p>Al evento asistieron personas con estrechos v\u00ednculos con la organizaci\u00f3n, entre ellas el representante fundador, el Sr. Susumu Asano, el Sr. Yoshiharu Yamashita, el Sr. Masatoshi Yamagishi y catorce compa\u00f1eros de secundaria del presidente Yukio Takada. Todos se reunieron para rendir homenaje a quienes han contribuido al desarrollo de este tesoro local.<\/p>\n<h3>Una celebraci\u00f3n conmovedora<\/h3>\n<p>La celebraci\u00f3n se llev\u00f3 a cabo en un ambiente amistoso bajo la gu\u00eda del anfitri\u00f3n, el Sr. Yoshiharu Yamashita.<\/p>\n<h4>Palabras de apertura: Yoshiharu Yamashita<\/h4>\n<figure class=\"wp-caption aligncenter\"><a href=\"https:\/\/photos.google.com\/share\/AF1QipPnPxUhimexFd87y9OY0wEWC_-mSgnFigoJwefCsSixBhef5QkTiws-XoQKezfHdQ\/photo\/AF1QipOPk0v8VnYSwSR-AvTkfY1CYQImTNkRen0QulQ?key=NGpfV1pWSzdfSGxaNTZ1eGF1LVNGRjR6Q0FiMGhB\" target=\"_blank\"><img decoding=\"async\" src=\"https:\/\/lh3.googleusercontent.com\/pw\/AP1GczNUjDNKfjy7SF6s51C3_uSgAV1JHUzei4AezrzMkCiOSLXjdFvIxyljtCO4VVQ-ryCVfz_oEQnDp07OeGk5etIFs_z0XenVh4Br6RMpP7PZRiPlKWcrlG979SPHUakgaoIyzUYQ-QBxWvo6hqJrpLsL=w2000-h1125-s-no-gm?authuser=0\" width=\"2000\" height=\"1125\" alt=\"Moderado por Yoshiharu Yamashita\" class=\"size-medium\" \/><\/a><figcaption class=\"wp-caption-text\">Moderado por Yoshiharu Yamashita<\/figcaption><\/figure>\n<h4>Discurso del fundador: Susumu Asano<\/h4>\n<figure class=\"wp-caption aligncenter\"><a href=\"https:\/\/photos.google.com\/share\/AF1QipPnPxUhimexFd87y9OY0wEWC_-mSgnFigoJwefCsSixBhef5QkTiws-XoQKezfHdQ\/photo\/AF1QipN626fKlIEWLzSrjhM9WejhHyBHY7bZuFZrmRo?key=NGpfV1pWSzdfSGxaNTZ1eGF1LVNGRjR6Q0FiMGhB\" target=\"_blank\"><img decoding=\"async\" src=\"https:\/\/lh3.googleusercontent.com\/pw\/AP1GczMaG-PORLzm_OQEZUs588hqq3xOzqsxddgJvQXC3CwYMkdiB9_8LtSyDqScLQIPxEb2XbEgIKlw8oFeSu7rakQ_QdFYjPLrEs-6k4kULD-SiIo1Sd6plNRkrhAS_xqjYa74qHQ7csdGVTAv_GsaXvPY=w2000-h1125-s-no-gm?authuser=0\" width=\"2000\" height=\"1125\" alt=\"Representante fundador Susumu Asano\" class=\"size-medium\" \/><\/a><figcaption class=\"wp-caption-text\">Representante fundador Susumu Asano<\/figcaption><\/figure>\n<p>Muchas gracias a todos por tomarse el tiempo de sus apretadas agendas para asistir hoy. Quisiera expresarles mi m\u00e1s sincero agradecimiento.<\/p>\n<p>Inicialmente, como acaba de mencionar nuestro moderador, el Sr. Yamashita, est\u00e1bamos pensando en celebrar una reuni\u00f3n de clase.<\/p>\n<p>Sin embargo, el 6 de agosto, Takada Yukio recibi\u00f3 el Premio a la Contribuci\u00f3n a la Industria de Hokkaido por parte del Gobernador, y tambi\u00e9n recibi\u00f3 un premio doble: el Premio al Servicio Meritorio del 70\u00ba Aniversario de la Federaci\u00f3n de Peque\u00f1as y Medianas Empresas de Hokkaido.<\/p>\n<p>Entonces, nosotros, los organizadores, pensamos en realizar una celebraci\u00f3n para Yukio-san, y con el permiso de Takada Yukio, le pedimos que realizara el evento solo con sus compa\u00f1eros de clase.<\/p>\n<p>Creemos que este premio es un reconocimiento a los muchos a\u00f1os de trayectoria de Yukio al frente de la asociaci\u00f3n y a sus contribuciones a la industria local.<\/p>\n<p>En 2004 inspeccion\u00f3 varias zonas, en 2005 hizo llamamientos a varios lugares de Hokkaido y dos a\u00f1os m\u00e1s tarde estableci\u00f3 la Cooperativa Empresarial Kurosengoku, que contin\u00faa hasta el d\u00eda de hoy.<\/p>\n<p>La empresa celebr\u00f3 su d\u00e9cimo aniversario desde su fundaci\u00f3n y esta primavera celebr\u00f3 su vig\u00e9simo aniversario. Adem\u00e1s, trabaja en el desarrollo de productos con mayor valor a\u00f1adido, export\u00e1ndolos no solo a Jap\u00f3n, sino tambi\u00e9n al extranjero. Espero que sigan esforz\u00e1ndose en sus estudios.<\/p>\n<p>Espero que usted contin\u00fae cuidando bien su salud y que, junto con su esposa Noriko, permanezcan con buena salud y sirvan como un modelo a seguir para nosotros en esta era en la que las personas pueden vivir hasta los 80 o incluso 100 a\u00f1os.<\/p>\n<p>Estoy seguro de que el propio Sr. Takada proporcionar\u00e1 m\u00e1s detalles en sus palabras de apertura.<\/p>\n<p>Para terminar, quisiera expresar mis mejores deseos de prosperidad para la familia Takada y la Cooperativa Empresarial Kurosengoku, as\u00ed como de salud y felicidad para todos los presentes. Muchas gracias.<\/p>\n<h4>Presentaci\u00f3n del ramo: Sra. Mie Iwakura, representante de los asistentes<\/h4>\n<figure class=\"wp-caption alignnone\"><a href=\"https:\/\/photos.google.com\/share\/AF1QipPnPxUhimexFd87y9OY0wEWC_-mSgnFigoJwefCsSixBhef5QkTiws-XoQKezfHdQ\/photo\/AF1QipN0hPI6ka6gBMUW8JwyMdwfEe2RUJfBaxUKd1w?key=NGpfV1pWSzdfSGxaNTZ1eGF1LVNGRjR6Q0FiMGhB\" target=\"_blank\"><img decoding=\"async\" src=\"https:\/\/lh3.googleusercontent.com\/pw\/AP1GczNu8uuFOzfEQj1vAh0lpq9Mj-Tq4T_yfmNVIZ2LuljaXfgvecu33-cFNsUMbGmmnzeHLmcuJ70xxU3ywcBnr-SL1V0Ug9JB-KO9mXG2z5Bp7JzWjv-G3-sARB7_abD6MzhHlEB2h8wou9lAgC2ri3YS=w2000-h1125-s-no-gm?authuser=0\" width=\"2000\" height=\"1125\" alt=\"Presentando un ramo\" class=\"size-medium\" \/><\/a><figcaption class=\"wp-caption-text\">Presentando un ramo<\/figcaption><\/figure>\n<h4>Discurso de felicitaci\u00f3n: Sr. Noboru Terauchi, defensor de la comunidad de la ciudad de Hokuryu<\/h4>\n<p>A continuaci\u00f3n, el Sr. Noboru Terauchi, un partidario de la aldea de la ciudad de Hokuryu, pronunci\u00f3 un emotivo discurso de felicitaci\u00f3n.<\/p>\n<figure class=\"wp-caption aligncenter\"><a href=\"https:\/\/photos.google.com\/share\/AF1QipPnPxUhimexFd87y9OY0wEWC_-mSgnFigoJwefCsSixBhef5QkTiws-XoQKezfHdQ\/photo\/AF1QipM_HA4GT_iIYLouTDAzc34rtFWuN2AnX6ohicc?key=NGpfV1pWSzdfSGxaNTZ1eGF1LVNGRjR6Q0FiMGhB\" target=\"_blank\"><img decoding=\"async\" src=\"https:\/\/lh3.googleusercontent.com\/pw\/AP1GczO7D5GYY6Y_bxVtZf_z6im6IX2q2_2Err_Hy5vnyQycD1UMjvugC0Uh-FFGPK4lBTocRj5_xwBQdyJa5rrLtO5us_EHIBoFpIFd23tP9EfSSWUNOTc9W8tleQhJvK0d6GqMAKLoVHIksZIXibMvg4aV=w2000-h1125-s-no-gm?authuser=0\" width=\"2000\" height=\"1125\" alt=\"Discurso de felicitaci\u00f3n: Noboru Terauchi\" class=\"size-medium\" \/><\/a><figcaption class=\"wp-caption-text\">Discurso de felicitaci\u00f3n: Noboru Terauchi<\/figcaption><\/figure>\n<p>Me siento verdaderamente honrado y agradecido por haber sido invitado a este evento de celebraci\u00f3n hoy y por haber tenido la oportunidad de pronunciar un discurso de felicitaci\u00f3n. Muchas gracias.<\/p>\n<p>Felicitaciones al Sr. Yukio Takada y a su esposa, Noriko, por recibir el Premio a la Contribuci\u00f3n de la Industria de Hokkaido y el Premio al Servicio Meritorio del 70\u00b0 Aniversario de la Asociaci\u00f3n Central.<\/p>\n<p>Hoy, me conmueve profundamente ver al Sr. Takada, quien ya tiene m\u00e1s de 80 a\u00f1os, celebrar este d\u00eda especial con la fuerte amistad que comparti\u00f3 con sus compa\u00f1eros de su juventud. Estoy seguro de que ver a su querido amigo en un estado tan especial les llena de alegr\u00eda.<\/p>\n<p>Cuando elogiamos los logros del Sr. Takada, lo primero que pensamos es en su firme liderazgo y su pasi\u00f3n por la salud de las personas, plasmada en la soja Kurosengoku. Su fe en el poder de esta soja milagrosa y su pasi\u00f3n por difundir sus beneficios para la salud en todo el mundo han contribuido enormemente a la industria de Hokkaido.<\/p>\n<p>Y en el centro de su liderazgo se encuentran los v\u00ednculos con sus colegas, que el Sr. Takada siempre ha valorado por encima de todo. Incluso en las desesperadas dificultades de 2009, el Sr. Takada logr\u00f3 salir adelante precisamente porque cre\u00eda en sus colegas y ellos cre\u00edan en \u00e9l. Esa sinceridad, confianza y compasi\u00f3n son los cimientos de Kurosengoku hoy.<\/p>\n<p>Sin embargo, damas y caballeros, hay una persona que ha hecho la mayor contribuci\u00f3n a mantener ese esp\u00edritu indomable y esa llama de pasi\u00f3n encendida hasta el d\u00eda de hoy: la esposa del Sr. Takada, Noriko Takada, quien lo ha apoyado detr\u00e1s de escena en todo lo que ha hecho.<\/p>\n<p>Mientras Takada-sama segu\u00eda corriendo por ah\u00ed, arriesgando su vida, estoy seguro de que atravesaba dificultades y ansiedades inimaginables. Sin Kyoko-sama, quien acept\u00f3 todo eso, simplemente crey\u00f3 en su esposo y se entreg\u00f3 con todo su coraz\u00f3n, el Takada-sama de hoy, y el milagro de Kurosenkoku, no habr\u00edan sido posibles.<\/p>\n<p>Este premio no es s\u00f3lo un reconocimiento a los logros del Sr. Takada, sino tambi\u00e9n el m\u00e1ximo honor que se le otorga en reconocimiento al amor devoto de Noriko y la &quot;historia de matrimonio&quot; que ambos han recorrido juntos.<\/p>\n<p>Para finalizar, quisiera expresar mis m\u00e1s sinceras felicitaciones al Sr. y la Sra. Takada Yukio y Noriko, y a todos los asistentes, dese\u00e1ndoles que sigan teniendo buena salud y felicidad.<br \/>\n&quot;Felicitaciones por su \u00e9xito hoy.&quot;<\/p>\n<h4>Agradecimientos: Yukio Takada<\/h4>\n<p>Despu\u00e9s de la gran celebraci\u00f3n, el presidente Takada Yukio subi\u00f3 al escenario para expresar su gratitud.<\/p>\n<figure class=\"wp-caption aligncenter\"><a href=\"https:\/\/photos.google.com\/share\/AF1QipPnPxUhimexFd87y9OY0wEWC_-mSgnFigoJwefCsSixBhef5QkTiws-XoQKezfHdQ\/photo\/AF1QipPVbc-AK3sTg-CjTEtOhd16-RLvxp2wHP4nHMQ?key=NGpfV1pWSzdfSGxaNTZ1eGF1LVNGRjR6Q0FiMGhB\" target=\"_blank\"><img decoding=\"async\" src=\"https:\/\/lh3.googleusercontent.com\/pw\/AP1GczOylY5VFrMO1DIopc94i0b_3wIr7FWbO3SXlY2gk-7_bIYEKHN_-guJJIaq9_mb63DByPpiaZFFyvMFB0Cgc3NVfPfAIKBLhKNnqD0rwH9DXyiqIvYw7agzlbgGEgp0KFMBnhCpnkFNI4gvXR54o1Lk=w2000-h1125-s-no-gm?authuser=0\" width=\"2000\" height=\"1125\" alt=\"Agradecimientos: Yukio Takada\" class=\"size-medium\" \/><\/a><figcaption class=\"wp-caption-text\">Agradecimientos: Yukio Takada<\/figcaption><\/figure>\n<p>&quot;Mi coraz\u00f3n est\u00e1 lleno de gratitud y estoy tan agradecido que no encuentro palabras para expresarlo. Muchas gracias.<\/p>\n<p>Este a\u00f1o hemos recibido dos premios: el Premio a la Contribuci\u00f3n Industrial de Hokkaido y el Premio al Logro Conmemorativo del 70\u00ba Aniversario de la Federaci\u00f3n Japonesa de Asociaciones de Peque\u00f1as Empresas.<\/p>\n<p>El Sr. Susumu Asano organiz\u00f3 r\u00e1pidamente la fiesta de celebraci\u00f3n y nos gustar\u00eda expresar nuestro m\u00e1s profundo agradecimiento por su ayuda.<\/p>\n<p>El programa de la ceremonia de hoy fue preparado por el Sr. Yamagishi. Queremos expresar nuestro sincero agradecimiento por su minuciosa atenci\u00f3n al detalle y su meticuloso programa.<\/p>\n<p>Tambi\u00e9n quisiera expresar mi sincero agradecimiento al Sr. Yamashita por toda su ayuda. Muchas gracias.<\/p>\n<p>Tambi\u00e9n me gustar\u00eda agradecer al Sr. Terauchi, quien pronunci\u00f3 su discurso de felicitaci\u00f3n anteriormente, por su tremendo apoyo durante la \u00faltima d\u00e9cada en diversos asuntos relacionados con Kurosengoku.<\/p>\n<p>El Sr. Terauchi asistir\u00e1 a esta reuni\u00f3n de ex alumnos gracias a una invitaci\u00f3n del Sr. Yamagishi.<\/p>\n<p>Creo que la celebraci\u00f3n de hoy fue posible gracias a todos ustedes, y me gustar\u00eda expresar mi m\u00e1s profundo agradecimiento a todos los que se tomaron el tiempo de asistir a pesar de sus ocupadas agendas y el clima fr\u00edo.<\/p>\n<p>Tambi\u00e9n me gustar\u00eda hablar un poco sobre Kurosengoku.<\/p>\n<p>Creo que fue en septiembre u octubre de 2004 cuando Nobuo Murai, miembro de la Asamblea de la Prefectura de Hokkaido, me dio semillas de soja Kurosengoku y me dijo: \u00abYukio, planta estas semillas. Empieza a plantarlas as\u00ed a partir del a\u00f1o que viene\u00bb. Empec\u00e9 a plantarlas en 2005.<\/p>\n<p>En aquel entonces, estaba completamente absorto en el proyecto y sembr\u00e9 frijoles sin ning\u00fan conocimiento previo. En aquel momento, el alcalde Terashima de Otobe se uni\u00f3 al proyecto y dijo: \u00abEsto revitalizar\u00e1 Hokkaido\u00bb. Estaba completamente absorto en el entusiasmo de los miembros de la asamblea de la prefectura y del alcalde, quienes dijeron: \u00abEsto revitalizar\u00e1 Hokkaido, lo revitalizaremos\u00bb, y segu\u00ed trabajando en ello.<\/p>\n<p>En aquel entonces, acompa\u00f1\u00e9 a Murai-san, miembro de la Asamblea de la Prefectura de Hokkaido, a varios lugares, como la Oficina de Desarrollo Regional y la Oficina del Gobierno de la Prefectura de Hokkaido. Sol\u00eda caminar junto a Murai-san, y ahora, 20 a\u00f1os despu\u00e9s, me he convertido en esto. Creo que todo esto es gracias al apoyo de todos. Muchas gracias.<\/p>\n<p>Ya tengo m\u00e1s de 2500 tarjetas de presentaci\u00f3n en mi oficina. Han pasado 20 a\u00f1os desde que conoc\u00ed y recib\u00ed la gu\u00eda de tantas personas. Jam\u00e1s habr\u00eda logrado lo que soy hoy por mi propio esfuerzo, y realmente se lo debo todo a la ayuda y el apoyo de todos, por lo que estoy profundamente agradecido.<\/p>\n<p>Al principio, creo que \u00e9ramos unos 15 o 18 productores. Ahora tenemos unos 50. Nuestras ventas iniciales fueron de poco m\u00e1s de un mill\u00f3n de yenes, pero ahora, despu\u00e9s de m\u00e1s de 20 a\u00f1os, hemos crecido a m\u00e1s de 100 millones de yenes, e incluso a m\u00e1s de 200 millones.<\/p>\n<p>Siento que finalmente hemos cumplido las palabras del alcalde Terashima: \u00abHokkaido se revitalizar\u00e1 gracias a Kurosengoku\u00bb. Sin embargo, creo que a\u00fan queda mucho por hacer.<\/p>\n<p>El Premio al Logro Conmemorativo del 70\u00b0 Aniversario de la Federaci\u00f3n de Asociaciones de Peque\u00f1as y Medianas Empresas de Hokkaido, que tambi\u00e9n se recibi\u00f3 adem\u00e1s del Premio a la Contribuci\u00f3n de la Industria de Hokkaido, marca el 70\u00b0 aniversario de la fundaci\u00f3n de la Federaci\u00f3n de Asociaciones de Peque\u00f1as y Medianas Empresas de Hokkaido en Jap\u00f3n, as\u00ed como el 70\u00b0 aniversario de la sucursal de Hokkaido.<\/p>\n<p>Actualmente, la Cooperativa Empresarial Kurosengoku es la \u00fanica en la ciudad de Hokuryu miembro de la Federaci\u00f3n de Peque\u00f1as y Medianas Empresas de Hokkaido, pero parece que se formar\u00e1 otra cooperativa empresarial este a\u00f1o. En otras ciudades grandes, entidades empresariales como los sindicatos de gas, electricidad y agua han formado sindicatos, y actualmente el n\u00famero de empresas participantes en todo Hokkaido ronda las 1208.<\/p>\n<p>Entonces, han pasado 20 a\u00f1os desde que lo not\u00e9 por primera vez, y estoy sirviendo como secretario de la Asociaci\u00f3n Central, por lo que creo que el premio me fue otorgado como reconocimiento a mi servicio como funcionario.<\/p>\n<p>Recib\u00ed el Premio a la Contribuci\u00f3n Industrial de Hokkaido directamente del Director del Departamento de Asuntos Econ\u00f3micos de Hokkaido en el Palacio del Jard\u00edn de Sapporo el 6 de agosto. En ese momento, 17 personas en Hokkaido lo hab\u00edan recibido. Yo era el \u00fanico de Sorachi, pero creo que muchas personas lo han recibido en el pasado.<\/p>\n<p>Ahora que tenemos m\u00e1s de 80 a\u00f1os, creo que disfrutar se trata, en \u00faltima instancia, de estar sano. Creo que disfrutar del ejercicio, vivir una vida feliz y llevar una dieta saludable es lo que nos mantiene sanos. Tambi\u00e9n considero que la soja Kurosengoku es un alimento saludable y la consumo a diario. Espero que sigan viviendo una vida feliz durante los pr\u00f3ximos 10 o 20 a\u00f1os, con el objetivo de llegar a los 100.<\/p>\n<p>Espero que todos cuiden bien su salud y vivan una vida feliz y placentera.<\/p>\n<p>\u00a1Estoy sinceramente agradecido! Muchas gracias.<\/p>\n<p>Finalmente, este folleto fue creado por el Sr. Terauchi, un simpatizante de la aldea de Hokuryu. Creo que este folleto contiene todas las l\u00e1grimas, el sudor y la sabidur\u00eda de Kurosengoku, as\u00ed como la historia de la Asociaci\u00f3n Cooperativa Empresarial de Kurosengoku. Quisiera expresar mi sincero agradecimiento al Sr. Terauchi una vez m\u00e1s. Muchas gracias.<\/p>\n<h3>Celebraci\u00f3n: Rodeados de sonrisas y armon\u00eda.<\/h3>\n<h4>Brindis: Compa\u00f1ero de clase Yoshinobu Shibeya<\/h4>\n<p>La celebraci\u00f3n comenz\u00f3 con un brindis del compa\u00f1ero de clase Yoshinobu Shibeya.<\/p>\n<figure class=\"wp-caption aligncenter\"><a href=\"https:\/\/photos.google.com\/share\/AF1QipPnPxUhimexFd87y9OY0wEWC_-mSgnFigoJwefCsSixBhef5QkTiws-XoQKezfHdQ\/photo\/AF1QipOuYjD-Yr4JEXyqLobCTk9x7G_e-dgktn2hhjk?key=NGpfV1pWSzdfSGxaNTZ1eGF1LVNGRjR6Q0FiMGhB\" target=\"_blank\"><img decoding=\"async\" src=\"https:\/\/lh3.googleusercontent.com\/pw\/AP1GczMcP2JHrvhnBc3MmG7GwL32jdnTQOjgk7MN9UzNqi4-FTPvfhpeeAvOwWfvV1bC2w37Fg7DONe0mJ2seTpFQ7vlrGG99dN3TslfydOmeTmEZp795vpAPIGC6MT-kYl7NaMapVFAmgSe16CG_o8bh7Fd=w2000-h1125-s-no-gm?authuser=0\" width=\"2000\" height=\"1125\" alt=\"Compa\u00f1ero de clase Yoshinobu Shibeya\" class=\"size-medium\" \/><\/a><figcaption class=\"wp-caption-text\">Compa\u00f1ero de clase Yoshinobu Shibeya<\/figcaption><\/figure>\n<p>&quot;Pues bien, ya que usted ha tenido la amabilidad de nominarme, me gustar\u00eda decirle unas palabras de saludo.<\/p>\n<p>En primer lugar, felicitaciones a Takada Yukio por recibir el Premio a la Contribuci\u00f3n Industrial de Hokkaido.<\/p>\n<p>Como presidente de la Cooperativa Empresarial Kurosengoku, ha viajado por todo el pa\u00eds, trabajando duro para desarrollar productos, y creo que a lo largo de las d\u00e9cadas ha construido una base para este negocio.<\/p>\n<p>En esta situaci\u00f3n, probablemente todav\u00eda queden mundos desconocidos por delante, pero espero que sig\u00e1is forjando nuevos caminos junto con vuestros compa\u00f1eros de la Cooperativa Empresarial Kurosengoku.<\/p>\n<p>No estoy del todo preparado para expresar mis felicitaciones, pero me gustar\u00eda felicitarles, al igual que los voluntarios. No soy de Hokuryu, sino de otro pueblo, as\u00ed que no estoy muy familiarizado con la soja Kurosengoku, pero me gustar\u00eda proponer un brindis para expresar mi alegr\u00eda.<\/p>\n<p>\u00a1Para celebrar que Takada Yukio recibi\u00f3 el Premio a la Contribuci\u00f3n Industrial de Hokkaido! \u00a1Salud! \u00a1Felicidades!<\/p>\n<figure class=\"wp-caption aligncenter\"><a href=\"https:\/\/photos.google.com\/share\/AF1QipPnPxUhimexFd87y9OY0wEWC_-mSgnFigoJwefCsSixBhef5QkTiws-XoQKezfHdQ\/photo\/AF1QipNgH-KBFL5VpuHsRlg1sM5qOGaYsvNZRpKbIM4?key=NGpfV1pWSzdfSGxaNTZ1eGF1LVNGRjR6Q0FiMGhB\" target=\"_blank\"><img decoding=\"async\" src=\"https:\/\/lh3.googleusercontent.com\/pw\/AP1GczPITRDhg0v0Rz5O62u65Vq2gHsy1_Vyt46FUD2G1fYgXqFldp5DrZxB2M8wAtp5YBpfQWvkG_4eAPZeVyThrjxQM5alQJQ2gEAs4TLEm1wylVJ1s0zkurZ2eEEU_bRfs_HbUiMh1rVKME_wjNvFfIiY=w2000-h1125-s-no-gm?authuser=0\" width=\"2000\" height=\"1125\" alt=\"\u00a1salud!\" class=\"size-medium\" \/><\/a><figcaption class=\"wp-caption-text\">\u00a1salud!<\/figcaption><\/figure>\n<h4>celebraci\u00f3n<\/h4>\n<p>Los compa\u00f1eros de clase y otras personas involucradas que se reunieron se regocijaron como si fuera su propio d\u00eda, marcando la culminaci\u00f3n de muchos a\u00f1os de arduo trabajo, pasi\u00f3n y creencia inquebrantable del Presidente Takada.<\/p>\n<p>&quot;Estoy realmente contento de no haberme rendido en aquel entonces&quot; y &quot;El entusiasmo de Takada conmovi\u00f3 a la ciudad&quot;.<\/p>\n<p>Palabras c\u00e1lidas y sonrisas llenaron el lugar, uniendo verdaderamente el esp\u00edritu de armon\u00eda y la compasi\u00f3n del pueblo de Hokuryu. Toda la comunidad elogi\u00f3 y apoy\u00f3 efusivamente el gran logro de una persona. Todo el lugar se sinti\u00f3 profundamente conmovido por este hermoso momento.<\/p>\n<h4>cocinando<\/p>\n<h4>\n<figure class=\"wp-caption aligncenter\"><a href=\"https:\/\/photos.google.com\/share\/AF1QipPnPxUhimexFd87y9OY0wEWC_-mSgnFigoJwefCsSixBhef5QkTiws-XoQKezfHdQ\/photo\/AF1QipNS3caqUC8_v8NulugA2ivaSPMZ9_4_y2MwwP8?key=NGpfV1pWSzdfSGxaNTZ1eGF1LVNGRjR6Q0FiMGhB\" target=\"_blank\"><img decoding=\"async\" src=\"https:\/\/lh3.googleusercontent.com\/pw\/AP1GczNPzOBPrxmq5KnKdQ4st1LHn2y7ZVzUsM93eVic6FaKSv-Neklt7iX17Oabt0iYvdD91rnCS5Ma0jzJXx4UD3MLs4nVxU5XFNe4eS9HM2iZ1GZbucdRTcxtOs81ahSfQagieRyJ4f6pZutOYRbtDa6F=w2000-h1500-s-no-gm?authuser=0\" width=\"2000\" height=\"1500\" alt=\"Comida de celebraci\u00f3n\" class=\"size-medium\" \/><\/a><figcaption class=\"wp-caption-text\">Comida de celebraci\u00f3n<\/figcaption><\/figure>\n<h4>Un momento lleno de alegr\u00eda y sonrisas.<\/h4>\n<figure class=\"wp-caption aligncenter\"><a href=\"https:\/\/photos.google.com\/share\/AF1QipPnPxUhimexFd87y9OY0wEWC_-mSgnFigoJwefCsSixBhef5QkTiws-XoQKezfHdQ\/photo\/AF1QipNPuwCcl6EBvbdWZH8hVeUSdcsn1_ACgtq8TDg?key=NGpfV1pWSzdfSGxaNTZ1eGF1LVNGRjR6Q0FiMGhB\" target=\"_blank\"><img decoding=\"async\" src=\"https:\/\/lh3.googleusercontent.com\/pw\/AP1GczM4_F70LLyGO95IG8mR6V7sHtuiLlyT_-4FgEHWnU-PbekzbrnrphYy7OfUsWNTu82IMIpV9qVopm7VFA9VwavcT5q78B9vqqVnjoEY-RMW46YsHgIcZuc7embyGq-p1Fu9SdzqrHU4hGeLXC9WQTnt=w2000-h1125-s-no-gm?authuser=0\" width=\"2000\" height=\"1125\" alt=\"Un brindis de alegr\u00eda\" class=\"size-medium\" \/><\/a><figcaption class=\"wp-caption-text\">Un brindis de alegr\u00eda<\/figcaption><\/figure>\n<figure class=\"wp-caption alignnone\"><a href=\"https:\/\/photos.google.com\/share\/AF1QipPnPxUhimexFd87y9OY0wEWC_-mSgnFigoJwefCsSixBhef5QkTiws-XoQKezfHdQ\/photo\/AF1QipMbbdX7mh5hF3no0y8ffjSmvBPEYk48Sy77HFk?key=NGpfV1pWSzdfSGxaNTZ1eGF1LVNGRjR6Q0FiMGhB\" target=\"_blank\"><img decoding=\"async\" src=\"https:\/\/lh3.googleusercontent.com\/pw\/AP1GczMvnATgGFsXbRt0_5_xJIkL4rB-JMU5HTfbHCvxzps-kgNX4CtLXqWxBx6SkgBi6rGbg4zDjd2uU99cm6hiydH3K3qqvf36lOREH6AdjFzx8phAYHWI_8wYQSqwRxJN5_p4-2uC8lylQua2hhvLgdVC=w2000-h1125-s-no-gm?authuser=0\" width=\"2000\" height=\"1125\" alt=\"Conversaci\u00f3n animada\" class=\"size-medium\" \/><\/a><figcaption class=\"wp-caption-text\">Conversaci\u00f3n animada<\/figcaption><\/figure>\n<figure class=\"wp-caption aligncenter\"><a href=\"https:\/\/photos.google.com\/share\/AF1QipPnPxUhimexFd87y9OY0wEWC_-mSgnFigoJwefCsSixBhef5QkTiws-XoQKezfHdQ\/photo\/AF1QipMFZDTVk380LWBK-4ZowPgwtt0Fq-pQYJOK1C4?key=NGpfV1pWSzdfSGxaNTZ1eGF1LVNGRjR6Q0FiMGhB\" target=\"_blank\"><img decoding=\"async\" src=\"https:\/\/lh3.googleusercontent.com\/pw\/AP1GczP9wfr9-SSh1Sy587HwXivf07aFksauERigUmAx8XgPRsDDDRlzv1CFzr6dyJDoj3Rcj14S1bJWD3sNbHcPPa1OAWmhxdZT3Y8CWlLp1_mxMVhmU525QS6kAhfBkgatmgFv3UhtX2YCmhkDPkQikonD=w2000-h1125-s-no-gm?authuser=0\" width=\"2000\" height=\"1125\" alt=\"Un ambiente agradable\" class=\"size-medium\" \/><\/a><figcaption class=\"wp-caption-text\">Un ambiente agradable<\/figcaption><\/figure>\n<figure class=\"wp-caption alignnone\"><a href=\"https:\/\/photos.google.com\/share\/AF1QipPnPxUhimexFd87y9OY0wEWC_-mSgnFigoJwefCsSixBhef5QkTiws-XoQKezfHdQ\/photo\/AF1QipPHBaERtaM7thuHmCgfAuEyHh9ojU6EOkXwe7A?key=NGpfV1pWSzdfSGxaNTZ1eGF1LVNGRjR6Q0FiMGhB\" target=\"_blank\"><img decoding=\"async\" src=\"https:\/\/lh3.googleusercontent.com\/pw\/AP1GczNGvVN_v9QOmWTicUsksbH4-1OFYoedELdGqxoH44Eis5-rGvDDX15MasuICGHP1Co48yf2rwptTuviuUCNJqdZK4ZHVF-AM3I7x25nIxcjv_cZJn5tB2TNor8mp8bGDOQUG2jmFNE4VbvsMxENW6KF=w2000-h1125-s-no-gm?authuser=0\" width=\"2000\" height=\"1125\" alt=\"Un momento de sonrisas\" class=\"size-medium\" \/><\/a><figcaption class=\"wp-caption-text\">Un momento de sonrisas<\/figcaption><\/figure>\n<figure class=\"wp-caption aligncenter\"><a href=\"https:\/\/photos.google.com\/share\/AF1QipPnPxUhimexFd87y9OY0wEWC_-mSgnFigoJwefCsSixBhef5QkTiws-XoQKezfHdQ\/photo\/AF1QipMDWtWejV2_5RC2iPmp-s_Fk2afL0eieBguoGo?key=NGpfV1pWSzdfSGxaNTZ1eGF1LVNGRjR6Q0FiMGhB\" target=\"_blank\"><img decoding=\"async\" src=\"https:\/\/lh3.googleusercontent.com\/pw\/AP1GczP0dC9y6FrCCDLmn5DCVJS5Lb9SbjkoAa3qWTOA5c_hgZe_z126W7vHAjybPxWWlw1XlBt9m3h8obZ2rTjvX6kJr1lSyffgsjXlsmkgW1F1eENXF0QEgFUC_pUOhzxG7-NMWrGSzoF01C7lOvwibFQs=w2000-h1125-s-no-gm?authuser=0\" width=\"2000\" height=\"1125\" alt=\"En una conversaci\u00f3n nost\u00e1lgica...\" class=\"size-medium\" \/><\/a><figcaption class=\"wp-caption-text\">En una conversaci\u00f3n nost\u00e1lgica...<\/figcaption><\/figure>\n<figure class=\"wp-caption aligncenter\"><a href=\"https:\/\/photos.google.com\/share\/AF1QipPnPxUhimexFd87y9OY0wEWC_-mSgnFigoJwefCsSixBhef5QkTiws-XoQKezfHdQ\/photo\/AF1QipM8IDt0I_2ME50EhUTiXOhbB041VEEsBCjfYk4?key=NGpfV1pWSzdfSGxaNTZ1eGF1LVNGRjR6Q0FiMGhB\" target=\"_blank\"><img decoding=\"async\" src=\"https:\/\/lh3.googleusercontent.com\/pw\/AP1GczNNqqC5auQeEIU6iWGcXrgxwoi1gQPMWBgFXuNl9okf2zoDJ3sMJE45dpuutqgY5aRq1zjoPguIAaZNmCECGWEibPEijMaIy3a4v1nVS5HPISQINTIkanIxm4eebtcBM8ICaDC_duN7Msqelkibu4xW=w2000-h1125-s-no-gm?authuser=0\" width=\"2000\" height=\"1125\" alt=\"Una conversaci\u00f3n interminable...\" class=\"size-medium\" \/><\/a><figcaption class=\"wp-caption-text\">Una conversaci\u00f3n interminable...<\/figcaption><\/figure>\n<h4>Tres hurras: compa\u00f1era de clase Kaori Sato<\/h4>\n<p>El banquete concluy\u00f3 con tres v\u00edtores encabezados por su compa\u00f1era de clase Sato Kaori.<\/p>\n<figure class=\"wp-caption aligncenter\"><a href=\"https:\/\/photos.google.com\/share\/AF1QipPnPxUhimexFd87y9OY0wEWC_-mSgnFigoJwefCsSixBhef5QkTiws-XoQKezfHdQ\/photo\/AF1QipPnjDe4-ob_gPhOFPJv_ugY-rElYfKLMfM1zKA?key=NGpfV1pWSzdfSGxaNTZ1eGF1LVNGRjR6Q0FiMGhB\" target=\"_blank\"><img decoding=\"async\" src=\"https:\/\/lh3.googleusercontent.com\/pw\/AP1GczPWIHZJWK4ELPwmEqc5R4UaaAl4ela9jMxQbo61GHGz32AVNWI5Q31U0UtrxnSjFGBVgMKpvPJyTQC0Ppd4xcpy2BdjYKn88jdoAMxP9TLtbGAA-uJ2Ldn_90jybz0yV3RUr5QtgDUKH_c5ypvzxxZ-=w2000-h1125-s-no-gm?authuser=0\" width=\"2000\" height=\"1125\" alt=\"Saludos de la Sra. Kaori Ito\" class=\"size-medium\" \/><\/a><figcaption class=\"wp-caption-text\">Saludos de la Sra. Kaori Ito<\/figcaption><\/figure>\n<p>Felicitaciones a Yukio Takada por haber recibido el Premio a la Contribuci\u00f3n Industrial de Hokkaido. Me uno a todos para expresar mis m\u00e1s sinceras felicitaciones.<\/p>\n<p>Llevo mucho tiempo escuchando historias sobre el Kurosengoku del Sr. Takada. Es una variedad verdaderamente rara, y hab\u00eda o\u00eddo que quiz\u00e1 todos la hab\u00edan abandonado, pero \u00e9l se atrevi\u00f3 a la dif\u00edcil tarea de cultivarla y restaurarla. Ahora, con t\u00e9cnicas de cultivo realmente mejoradas, se ha convertido en una variedad magn\u00edfica.<\/p>\n<p>Tambi\u00e9n desarrollaba nuevos productos y se dedicaba a la promoci\u00f3n de ventas y las relaciones p\u00fablicas. Lo vi en YouTube y me impresion\u00f3 c\u00f3mo \u00e9l y su esposa siempre promocionaban sus productos juntos.<\/p>\n<p>Posteriormente, fund\u00f3 la Asociaci\u00f3n Cooperativa Empresarial Kurosengoku, asumi\u00f3 la presidencia y lider\u00f3 el establecimiento de su puesto actual. Quisiera expresar mi respeto por todas estas actividades. Espero que contin\u00fae aprovechando la experiencia, los logros y las realizaciones que ha cultivado hasta ahora en sus proyectos futuros.<\/p>\n<p>El kurosengoku tambi\u00e9n se est\u00e1 haciendo famoso como alimento saludable. Cuando voy a los puestos callejeros y doy un paseo, veo kurosengoku en los estantes. Me alegra mucho que se haya convertido en un producto especial de la ciudad de Hokuryu, junto con los girasoles.<\/p>\n<p>Me gustar\u00eda expresar mi sincero respeto por los maravillosos logros que han alcanzado hasta ahora.<\/p>\n<p>Esperamos que en el futuro sigan teniendo salud y \u00e9xito junto con sus hijos, que la Cooperativa Empresarial Kurosengoku siga creciendo y que se concentren en el desarrollo de productos y las ventas.<\/p>\n<p>Ahora, quiero gritar &quot;Banzai&quot; tres veces para desearles salud y felicidad a todos los que participan hoy. Por favor, \u00fananse a la ovaci\u00f3n.<\/p>\n<p>\u00a1Larga vida al se\u00f1or y la se\u00f1ora Takada! \u00a1Larga vida!<\/p>\n<figure class=\"wp-caption aligncenter\"><a href=\"https:\/\/photos.google.com\/share\/AF1QipPnPxUhimexFd87y9OY0wEWC_-mSgnFigoJwefCsSixBhef5QkTiws-XoQKezfHdQ\/photo\/AF1QipPX_sFeymUyCUULNXEhjj15EpTA1ZUZWMIAw9o?key=NGpfV1pWSzdfSGxaNTZ1eGF1LVNGRjR6Q0FiMGhB\" target=\"_blank\"><img decoding=\"async\" src=\"https:\/\/lh3.googleusercontent.com\/pw\/AP1GczNtziCuzq7nM8nsQf9hVH_IyGmiucJKJkIEnNZavrcmgsDvaJ4V6MelMRcCpwTvnNyjn71aqKeRgcs5yOt_rPNux-y8DWgkwgsZNFHgLicBDO-V_SKieUQt66D1RMIsJ0pdBf9w3eleiLGWsAsA0jYt=w2000-h1125-s-no-gm?authuser=0\" width=\"2000\" height=\"1125\" alt=\"\u00a1\u00a1\u00a1Tres hurras!!!\" class=\"size-medium\" \/><\/a><figcaption class=\"wp-caption-text\">\u00a1\u00a1\u00a1Tres hurras!!!<\/figcaption><\/figure>\n<p>Todos los participantes oraron por el brillante futuro del presidente Takada y por un mayor desarrollo de la ciudad de Hokuryu.<\/p>\n<p>Luego la celebraci\u00f3n se traslad\u00f3 a una sala de karaoke para una fiesta posterior, y la noche en la ciudad de Hokuryu continu\u00f3 con cantos de celebraci\u00f3n y sonrisas.<\/p>\n<h3>Foto conmemorativa<\/h3>\n<figure class=\"wp-caption aligncenter\"><a href=\"https:\/\/photos.google.com\/share\/AF1QipPnPxUhimexFd87y9OY0wEWC_-mSgnFigoJwefCsSixBhef5QkTiws-XoQKezfHdQ\/photo\/AF1QipOJ3ezkT3y-b6zntO1sKdCX88ZnWUkJctwuFQE?key=NGpfV1pWSzdfSGxaNTZ1eGF1LVNGRjR6Q0FiMGhB\" target=\"_blank\"><img decoding=\"async\" src=\"https:\/\/lh3.googleusercontent.com\/pw\/AP1GczPIg5-850VajabIvX5IQqgOu24tCYqyzNOMKh66tgUIjt-NXoOMAhdP7RvxYZfBQAKk_c_USr9jyVibm7CWL59A6zpu2CkUeaxNkQfRVZOjXVpTDQCH-dopHzsaO_g04zimsKjZ2e2C08siFIcA3T5P=w2000-h1500-s-no-gm?authuser=0\" width=\"2000\" height=\"1500\" alt=\"Foto conmemorativa\" class=\"size-medium\" \/><\/a><figcaption class=\"wp-caption-text\">Foto conmemorativa<\/figcaption><\/figure>\n<p>A lo largo de 20 a\u00f1os, la milagrosa soja Kurosengoku ha soportado dificultades, se ha apoyado entre s\u00ed y ha generado semillas de inspiraci\u00f3n y coraje.<\/p>\n<p>Es con infinito amor, gratitud y oraci\u00f3n que celebramos los muchos grandes logros que se han alcanzado hasta ahora y compartimos la alegr\u00eda de celebrarlos con nuestros compa\u00f1eros de clase en esta conmovedora celebraci\u00f3n.<\/p>\n<figure class=\"wp-caption alignnone\"><a href=\"https:\/\/photos.google.com\/share\/AF1QipPnPxUhimexFd87y9OY0wEWC_-mSgnFigoJwefCsSixBhef5QkTiws-XoQKezfHdQ\/photo\/AF1QipPrsoYY0lNA1LtAgkUv7kvPgu8-wAPcqCBBE2w?key=NGpfV1pWSzdfSGxaNTZ1eGF1LVNGRjR6Q0FiMGhB\" target=\"_blank\"><img decoding=\"async\" src=\"https:\/\/lh3.googleusercontent.com\/pw\/AP1GczMlukDH1hgK-bm8YzbvSpeRMT4kAjnfUgW7B8RBjr0GRx2G1IKjQDsohCdsv9rQeMUOOaARvK9tUTn-L6Wc9RYpT4MC4Zji6Kl-koQgyJ10Q_MZY0SkmNkUWHJ0owJ0o5dg4XjsB0Wr1yTCAYVsdxb7=w2000-h1500-s-no-gm?authuser=0\" width=\"2000\" height=\"1500\" alt=\"\u00a1Nuestro m\u00e1s sincero agradecimiento por la alegre celebraci\u00f3n!\" class=\"size-medium\" \/><\/a><figcaption class=\"wp-caption-text\">\u00a1Nuestro m\u00e1s sincero agradecimiento por la alegre celebraci\u00f3n!<\/figcaption><\/figure>\n<h2>V\u00eddeos de YouTube<\/h2>\n<div class=\"youtube\"><iframe title=\"\u00a1Felicitaciones por un doble triunfo! El presidente de la Asociaci\u00f3n de Cooperativas Empresariales de Kurosengoku, Yukio Takada, recibi\u00f3 el Premio a la Contribuci\u00f3n a la Industria de Hokkaido y el Premio al Servicio Meritorio del 70.\u00ba Aniversario de la Asociaci\u00f3n Central.\" src=\"https:\/\/www.youtube.com\/embed\/2dVSHTttUOQ?feature=oembed\" frameborder=\"0\" allow=\"accelerometer; autoplay; clipboard-write; encrypted-media; gyroscope; picture-in-picture; web-share\" referrerpolicy=\"strict-origin-when-cross-origin\" allowfullscreen><\/iframe><\/div>\n<h2>Otras fotos<\/h2>\n<div class=\"img-move\"><img decoding=\"async\" style=\"vertical-align: middle;\" src=\"https:\/\/ehokkaido.net\/wp-content\/uploads\/2021\/12\/2021-12-06-11.41.12.png\" \/> <a href=\"https:\/\/photos.app.goo.gl\/RjHbA5cdfhKiALnk8\" target=\"_blank\" rel=\"noopener noreferrer\">92 fotos del presidente Takada Yukio recibiendo el Premio a la Contribuci\u00f3n a la Industria de Hokkaido y el Premio al Servicio Meritorio del 70.\u00ba Aniversario de la Asociaci\u00f3n Central est\u00e1n aqu\u00ed &gt;&gt;<\/a><\/div>\n<h2>Art\u00edculos relacionados<\/h2>\n\n        <div class=\"site-blogcard-premium\">\n            <div class=\"bc-label-custom\">Art\u00edculos relacionados<\/div>\n            <div class=\"bc-flex-container\">\n                <div class=\"bc-main-text\">\n                    <div class=\"bc-title-link-box\">\n                        <a href=\"https:\/\/portal.hokuryu.info\/es\/52307\/\" target=\"_blank\">https:\/\/portal.hokuryu.info\/52307<\/a>\n                    <\/div>\n                    <div class=\"bc-excerpt-box\">No se puede recuperar la informaci\u00f3n de la p\u00e1gina.<\/div>\n                <\/div>\n                <div class=\"bc-thumbnail-box\">\n                    <a href=\"https:\/\/portal.hokuryu.info\/es\/52307\/\" target=\"_blank\">\n                        <div class=\"bc-img-zoom-wrap\">\n                            <img decoding=\"async\" src=\"https:\/\/portal.hokuryu.info\/wp\/wp-content\/uploads\/2026\/02\/20230802DSC06445_1.jpg\" alt=\"https:\/\/portal.hokuryu.info\/52307\">\n                        <\/div>\n                    <\/a>\n                <\/div>\n            <\/div>\n        <\/div>\n\u3000<br \/>\n\u25c7 <a href=\"https:\/\/portal.hokuryu.info\/es\/62509\/\">\ud83d\udd8b\ufe0f Planificaci\u00f3n de contenido, redacci\u00f3n de art\u00edculos, selecci\u00f3n de fotograf\u00edas y creaci\u00f3n de v\u00eddeos: Ikuko Terauchi<img decoding=\"async\" style=\"vertical-align: middle;\" src=\"https:\/\/ehokkaido.net\/wp-content\/uploads\/2021\/12\/2021-12-06-11.41.12.png\" \/> Fotograf\u00eda, edici\u00f3n y gesti\u00f3n del sitio web: Noboru Terauchi<\/a><\/p>","protected":false},"excerpt":{"rendered":"<p>2025\u5e7411\u67084\u65e5\uff08\u706b\uff09 10\u670831\u65e5\uff08\u91d1\uff09\u3001\u9ed2\u5343\u77f3\u4e8b\u696d\u5354\u540c\u7d44\u5408\u306e\u9ad8\u7530\u5e78\u7537\u7406\u4e8b\u9577\u304c\u300c\u5317\u6d77\u9053\u7523\u696d\u8ca2\u732e\u8cde\u300d\u3068\u300c\u5317\u6d77\u9053\u4e2d\u5c0f\u4f01\u696d\u4e2d\u592e\u4f1a70\u5468\u5e74\u8a18\u5ff5\u529f\u52b4\u8005\u8868\u5f70\u300d\u3092\u30c0\u30d6\u30eb\u53d7\u8cde\u3055\u308c\u3001\u795d\u8cc0\u4f1a\u304c\u958b\u50ac\u3055\u308c\u307e\u3057\u305f\u3002\u5e7b\u306e\u9ed2 [&hellip;]<\/p>\n","protected":false},"author":1,"featured_media":66071,"comment_status":"open","ping_status":"open","sticky":false,"template":"","format":"standard","meta":{"footnotes":""},"categories":[4,9],"tags":[],"class_list":["post-66058","post","type-post","status-publish","format-standard","has-post-thumbnail","hentry","category-cover-story","category-kurosengoku"],"_links":{"self":[{"href":"https:\/\/portal.hokuryu.info\/es\/wp-json\/wp\/v2\/posts\/66058","targetHints":{"allow":["GET"]}}],"collection":[{"href":"https:\/\/portal.hokuryu.info\/es\/wp-json\/wp\/v2\/posts"}],"about":[{"href":"https:\/\/portal.hokuryu.info\/es\/wp-json\/wp\/v2\/types\/post"}],"author":[{"embeddable":true,"href":"https:\/\/portal.hokuryu.info\/es\/wp-json\/wp\/v2\/users\/1"}],"replies":[{"embeddable":true,"href":"https:\/\/portal.hokuryu.info\/es\/wp-json\/wp\/v2\/comments?post=66058"}],"version-history":[{"count":0,"href":"https:\/\/portal.hokuryu.info\/es\/wp-json\/wp\/v2\/posts\/66058\/revisions"}],"wp:featuredmedia":[{"embeddable":true,"href":"https:\/\/portal.hokuryu.info\/es\/wp-json\/wp\/v2\/media\/66071"}],"wp:attachment":[{"href":"https:\/\/portal.hokuryu.info\/es\/wp-json\/wp\/v2\/media?parent=66058"}],"wp:term":[{"taxonomy":"category","embeddable":true,"href":"https:\/\/portal.hokuryu.info\/es\/wp-json\/wp\/v2\/categories?post=66058"},{"taxonomy":"post_tag","embeddable":true,"href":"https:\/\/portal.hokuryu.info\/es\/wp-json\/wp\/v2\/tags?post=66058"}],"curies":[{"name":"wp","href":"https:\/\/api.w.org\/{rel}","templated":true}]}}