{"id":65776,"date":"2025-10-27T09:36:19","date_gmt":"2025-10-27T00:36:19","guid":{"rendered":"https:\/\/portal.hokuryu.info\/?p=65776"},"modified":"2026-01-31T22:22:15","modified_gmt":"2026-01-31T13:22:15","slug":"%e5%8c%97%e7%ab%9c%e7%94%ba%e3%83%ad%e3%82%b4-%e3%83%af%e3%83%bc%e3%82%af%e3%82%b7%e3%83%a7%e3%83%83%e3%83%97%ef%bc%9a%e3%83%87%e3%82%b6%e3%82%a4%e3%83%b3%e3%81%af%e3%80%8c%e6%80%9d%e3%81%84%e3%82%84","status":"publish","type":"post","link":"https:\/\/portal.hokuryu.info\/es\/65776\/","title":{"rendered":"Taller de logotipos de Hokuryu: El dise\u00f1o es una forma de compasi\u00f3n. Los colores y el esp\u00edritu de armon\u00eda de los estudiantes de primaria y secundaria de Hokuryu dar\u00e1n color al futuro de Hokuryu."},"content":{"rendered":"<p>Lunes 27 de octubre de 2025<\/p>\n<div class=\"ep-box es-BpaperRight es-grid bgc-VPsky\">El jueves 23 de octubre, estudiantes de primaria y secundaria de Hokuryu participaron en un taller en l\u00ednea como parte de un proyecto municipal para crear un nuevo logotipo. Los ni\u00f1os aprendieron de profesionales que &quot;el dise\u00f1o se basa en la consideraci\u00f3n&quot;. Presentaron una variedad de &quot;colores&quot; que representaban sus sentimientos por su ciudad natal, como &quot;el color de la nieve y el hielo&quot; y &quot;el color de la tierra&quot;. La individualidad de cada participante conectar\u00e1 y contribuir\u00e1 al futuro de la ciudad.<\/div>\n<h2>El dise\u00f1o es un s\u00edmbolo de consideraci\u00f3n. Los colores de los ni\u00f1os y el esp\u00edritu de armon\u00eda colorear\u00e1n el futuro de la ciudad de Hokuryu.<\/h2>\n<p>El jueves 23 de octubre, las aulas de la Escuela Primaria Shinryu y la Escuela Secundaria Hokuryu, en la ciudad de Hokuryu, se conectaron en l\u00ednea con dise\u00f1adores profesionales de Tokio. Esto form\u00f3 parte de un proyecto municipal para crear un nuevo logotipo y un lema para la ciudad de Hokuryu: &quot;\u00bfQu\u00e9 florecer\u00e1 despu\u00e9s?&quot;.<\/p>\n<p>Esta clase especial se dise\u00f1\u00f3 para que los ni\u00f1os responsables del futuro de Hokuryu se familiarizaran con el placer del dise\u00f1o y les brindaran la oportunidad de reflexionar sobre el futuro de su ciudad como algo que les concierne personalmente. En la Escuela Primaria Shinryu, los alumnos de cuarto, quinto y sexto grado se reunieron en la biblioteca, mientras que en la Escuela Secundaria Hokuryu, los alumnos de primero, segundo y tercer grado se reunieron en un aula para una clase conjunta.<\/p>\n<p>En ambos casos, el aula se muestra en un monitor grande.<\/p>\n<figure class=\"wp-caption aligncenter\"><a href=\"https:\/\/photos.google.com\/share\/AF1QipMvBYom8t3y2cvf5rDdue5MwVRvR75SOYlRfT1HGtnAeoo7dKPblV6IthdcUa-cnw\/photo\/AF1QipOeNFY3MlsdesYsQh2N2UECXUzB_dQtnc46xVc?key=N0xjUzl5dkM2cHI3SWZEQ18tY0I5T0xLZXRKU0Z3\" target=\"_blank\"><img decoding=\"async\" src=\"https:\/\/lh3.googleusercontent.com\/pw\/AP1GczOrlNeEa1oRo2rbghRdiTwlkpTH0CqgGWH4mHL0H6WO36YAItdG3lFvsnLVP3BWZrMGTWVOldCSPyaT6vIObglZvHSOqWQoh7LqdlNch-SVHUf9sSy9OnSf0dY-VXFEcigT8bOX-Irto3XABV0ZFrQn=w2000-h1333-s-no-gm?authuser=0\" width=\"2000\" height=\"1333\" alt=\"Clases en l\u00ednea\" class=\"size-medium\" \/><\/a><figcaption class=\"wp-caption-text\">Clases en l\u00ednea<\/figcaption><\/figure>\n<figure class=\"wp-caption aligncenter\"><a href=\"https:\/\/photos.google.com\/share\/AF1QipMvBYom8t3y2cvf5rDdue5MwVRvR75SOYlRfT1HGtnAeoo7dKPblV6IthdcUa-cnw\/photo\/AF1QipOTIWbCq5rRxxIU_XHrt60axpip4Njq784EaxA?key=N0xjUzl5dkM2cHI3SWZEQ18tY0I5T0xLZXRKU0Z3\" target=\"_blank\"><img decoding=\"async\" src=\"https:\/\/lh3.googleusercontent.com\/pw\/AP1GczN3WYYjemZyTG2ojsE7YaIlLC_AgQYIJGcounAOO2us99UFwVBGPdFrOtRRS1KMNS29smItVGBgqmR4kKolkMHP3Zl_A64yHsRqi3yRA_h3IVxwg3tlmAoAzhrvQcBcDGvE8A6GCUNrNMt2xof7BARO=w2000-h1125-s-no-gm?authuser=0\" width=\"2000\" height=\"1125\" alt=\"Clase conjunta para alumnos de 4\u00ba, 5\u00ba y 6\u00ba grado en la Escuela Primaria Shinryu\" class=\"size-medium\" \/><\/a><figcaption class=\"wp-caption-text\">Clase conjunta para alumnos de 4\u00ba, 5\u00ba y 6\u00ba grado en la Escuela Primaria Shinryu<\/figcaption><\/figure>\n<h3>Dando forma al atractivo de la ciudad: Katsuyoshi Takahashi, Director de Planificaci\u00f3n de Pol\u00edticas<\/h3>\n<p>Al comienzo de la clase, Katsuyoshi Takahashi, oficial de pol\u00edtica general del Ayuntamiento de Hokuryu, quien planific\u00f3 la clase, habl\u00f3 con los ni\u00f1os:<\/p>\n<figure class=\"wp-caption aligncenter\"><a href=\"https:\/\/photos.google.com\/share\/AF1QipMvBYom8t3y2cvf5rDdue5MwVRvR75SOYlRfT1HGtnAeoo7dKPblV6IthdcUa-cnw\/photo\/AF1QipPuwOztBXP6Xa--dXfsbNuK77OtA4tr4K8DlVc?key=N0xjUzl5dkM2cHI3SWZEQ18tY0I5T0xLZXRKU0Z3\" target=\"_blank\"><img decoding=\"async\" src=\"https:\/\/lh3.googleusercontent.com\/pw\/AP1GczOpnFhChd3Bk6DDly_7cBArWPopvQIp6-C7hIjtpdhZuJVfkskGwDjxuvlxvqcCc7kRWoVcX57GETMqmPkpYuYjeiru83fRHE_6QgyY58oKYpW_8jhb3Xp_AoZd_v8ljkPi9yG7SQSWyM37dZL59F1s=w2000-h1333-s-no-gm?authuser=0\" width=\"2000\" height=\"1333\" alt=\"Saludos del Director General de Estudios Pol\u00edticos, Katsuyoshi Takahashi\" class=\"size-medium\" \/><\/a><figcaption class=\"wp-caption-text\">Saludos del Director General de Estudios Pol\u00edticos, Katsuyoshi Takahashi<\/figcaption><\/figure>\n<p>El prop\u00f3sito de crear este logotipo es que todos puedan apreciar los encantos de Hokuryu y dar forma a sus aspiraciones. Hokuryu cuenta con una naturaleza exuberante, gente c\u00e1lida y la capacidad de seguir afrontando desaf\u00edos. Este logotipo y lema representan nuestro progreso pasado, los desaf\u00edos que enfrentamos en el futuro y nuestro deseo de conectar a las personas.<\/p>\n<p>El motivo del nuevo logotipo son los &quot;p\u00e9talos de girasol&quot;. Representan la individualidad y las conexiones de cada persona en Hokuryu. Al unirse, contribuir\u00e1n al florecimiento del futuro de la gran ciudad de Hokuryu. Esta c\u00e1lida imagen fue compartida.<\/p>\n<p>Todos los estudiantes usaron cuadernos conectados al wifi de la Escuela Primaria Shinryu para compartir la informaci\u00f3n de sus dise\u00f1os. Me sorprendi\u00f3 la naturalidad con la que los usaron.<\/p>\n<figure class=\"wp-caption aligncenter\"><a href=\"https:\/\/photos.google.com\/share\/AF1QipMvBYom8t3y2cvf5rDdue5MwVRvR75SOYlRfT1HGtnAeoo7dKPblV6IthdcUa-cnw\/photo\/AF1QipOGh7FnISXQTbwxZpq1LRz06Z-HmpfzT8q0q7k?key=N0xjUzl5dkM2cHI3SWZEQ18tY0I5T0xLZXRKU0Z3\" target=\"_blank\"><img decoding=\"async\" src=\"https:\/\/lh3.googleusercontent.com\/pw\/AP1GczPz9CnfF0ensJbgjJ5AjssSRvGeeuoPaibXn5_P3VutDD9N98fMHymwbU7SlSxsHQ6qlFZ7OTC2K5V_WKyGsJdQuKKvLD6giihQsbfVXZt6aQdqAxxDhFYX2_h_IjkWB1AXaUptz-sG2_GbzLqI3uUA=w2000-h1332-s-no-gm?authuser=0\" width=\"2000\" height=\"1332\" alt=\"Estudiantes comparten informaci\u00f3n mediante blocs de notas conectados a Wi-Fi\" class=\"size-medium\" \/><\/a><figcaption class=\"wp-caption-text\">Estudiantes comparten informaci\u00f3n mediante blocs de notas conectados a Wi-Fi<\/figcaption><\/figure>\n<h2>El dise\u00f1o es \u201csoluci\u00f3n de problemas\u201d y \u201ccompasi\u00f3n\u201d<\/h2>\n<p>Los conferenciantes de este evento ser\u00e1n personas de SoldOut Inc. (Bunkyo-ku, Tokio), la empresa que tambi\u00e9n cre\u00f3 el logotipo y el sitio web del Festival del Girasol.<\/p>\n<p>El evento fue moderado por Yamagami Naoto, y el director de arte Ozawa Naho comenz\u00f3 con una conferencia que profundiz\u00f3 en la esencia de &quot;\u00bfQu\u00e9 es el dise\u00f1o?&quot;.<\/p>\n\n        <div class=\"site-blogcard-premium\">\n            <div class=\"bc-label-custom\">Art\u00edculos relacionados<\/div>\n            <div class=\"bc-flex-container\">\n                <div class=\"bc-main-text\">\n                    <div class=\"bc-title-link-box\">\n                        <a href=\"https:\/\/www.sold-out.co.jp\" target=\"_blank\">Agotado Inc.<\/a>\n                    <\/div>\n                    <div class=\"bc-excerpt-box\">SOLDOUT apoya el crecimiento de peque\u00f1as y medianas empresas (PYMES) y empresas emergentes en todo Jap\u00f3n, incluidas las zonas regionales, a trav\u00e9s del marketing digital y el desarrollo de software...<\/div>\n                <\/div>\n                <div class=\"bc-thumbnail-box\">\n                    <a href=\"https:\/\/www.sold-out.co.jp\" target=\"_blank\">\n                        <div class=\"bc-img-zoom-wrap\">\n                            <img decoding=\"async\" src=\"https:\/\/www.sold-out.co.jp\/themes\/custom\/soldout_site\/img\/top\/mission_image00.png\" alt=\"Agotado Inc.\">\n                        <\/div>\n                    <\/a>\n                <\/div>\n            <\/div>\n        <\/div>\n<figure class=\"wp-caption aligncenter\"><a href=\"https:\/\/photos.google.com\/share\/AF1QipMvBYom8t3y2cvf5rDdue5MwVRvR75SOYlRfT1HGtnAeoo7dKPblV6IthdcUa-cnw\/photo\/AF1QipOFQ_EZoIHcKGQg_decDc4MuftY40ZLes-n6-8?key=N0xjUzl5dkM2cHI3SWZEQ18tY0I5T0xLZXRKU0Z3\" target=\"_blank\"><img decoding=\"async\" src=\"https:\/\/lh3.googleusercontent.com\/pw\/AP1GczPGxdP0dnz41Y3EjAG1JYjRvIXIxkN1asGl1_5INvB4KHzNVNrFHMZFOw4gHCdeHJz1V8ORlHN41kukS_8j_Skfje0TCvK9EY_i3mCoHfV_6ZpXZes6TwtndRAfn3R0KLeYxbteqyD9nv9iqHMr0qIf=w2000-h1333-s-no-gm?authuser=0\" width=\"2000\" height=\"1333\" alt=\"Explicaci\u00f3n del dise\u00f1o de Ozawa\" class=\"size-medium\" \/><\/a><figcaption class=\"wp-caption-text\">Explicaci\u00f3n del dise\u00f1o de Ozawa<\/figcaption><\/figure>\n<h3>Un mundo rodeado de dise\u00f1os familiares: Naho Ozawa<\/h3>\n<p>\u00bfQu\u00e9 te viene a la mente cuando escuchas la palabra \u201cdise\u00f1o\u201d?<\/p>\n<p>Ozawa explica c\u00f3mo nuestras vidas est\u00e1n rodeadas de dise\u00f1o, como nuestro manga favorito, los bocadillos que solemos comer y los videojuegos que jugamos. El dise\u00f1o se puede dividir en diferentes tipos, como el dise\u00f1o de moda, el dise\u00f1o espacial, el dise\u00f1o de producto y el dise\u00f1o visual (dise\u00f1o gr\u00e1fico).<\/p>\n<p>Entre ellos, explica que el papel del &quot;dise\u00f1o visual&quot;, que se ocupa de carteles, logotipos, envases, etc., es &quot;comunicar instant\u00e1neamente a trav\u00e9s de la vista (sentido visual)&quot;.<\/p>\n<figure class=\"wp-caption aligncenter\"><a href=\"https:\/\/photos.google.com\/share\/AF1QipMvBYom8t3y2cvf5rDdue5MwVRvR75SOYlRfT1HGtnAeoo7dKPblV6IthdcUa-cnw\/photo\/AF1QipPCy0OYbIqWDLl-8ytOWc3HnAzgRKfn0TsBN4E?key=N0xjUzl5dkM2cHI3SWZEQ18tY0I5T0xLZXRKU0Z3\" target=\"_blank\"><img decoding=\"async\" src=\"https:\/\/lh3.googleusercontent.com\/pw\/AP1GczM6CGxB2qWaF9ygLr-8YFd1k7mNQ5ihvoawiURYDal-BVgtVHf9Tp1MwAyin86vIEdfvwW1r8li7XY3mYoJ_7TWHtb0EIHVCqqTmLqc1rrsJd4G3nSfouA1mISZrhDQbehAsWELbr31sHZLzgU8b0Wi=w2000-h1333-s-no-gm?authuser=0\" width=\"2000\" height=\"1333\" alt=\"Tipo de dise\u00f1o\" class=\"size-medium\" \/><\/a><figcaption class=\"wp-caption-text\">Tipo de dise\u00f1o<\/figcaption><\/figure>\n<h4>El &quot;mal dise\u00f1o&quot; que se esconde en los botones del ascensor<\/h4>\n<p>En ese momento, Ozawa plante\u00f3 una pregunta: &quot;Un bot\u00f3n de ascensor t\u00edpico&quot;.<\/p>\n<figure class=\"wp-caption aligncenter\"><a href=\"https:\/\/photos.google.com\/share\/AF1QipMvBYom8t3y2cvf5rDdue5MwVRvR75SOYlRfT1HGtnAeoo7dKPblV6IthdcUa-cnw\/photo\/AF1QipPRVdSoQi0SlbWhdKW1OGTHjbiyQk1cpbeWrGU?key=N0xjUzl5dkM2cHI3SWZEQ18tY0I5T0xLZXRKU0Z3\" target=\"_blank\"><img decoding=\"async\" src=\"https:\/\/lh3.googleusercontent.com\/pw\/AP1GczMYVZtGpzFlWQuU0zoPigi4PWRt5bkuTIMLsQrCQodlVYJ6Fs24vO3vjFdArCKfYRXqRZGPnHQMxV-YPNSaOwVC23cmyoulTzeTSP5ikExANbhQzehD__maflQWCEhsCI5S9letEgthJC-0j-PAKci8=w2000-h1333-s-no-gm?authuser=0\" width=\"2000\" height=\"1333\" alt=\"\u00bfCual es el problema?\" class=\"size-medium\" \/><\/a><figcaption class=\"wp-caption-text\">\u00bfCual es el problema?<\/figcaption><\/figure>\n<p>&quot;\u00bfQu\u00e9 no tiene esto de bueno?&quot;<\/p>\n<p>Los estudiantes nominados dieron una respuesta precisa tras otra, como: &quot;Los caracteres kanji para &#039;abierto&#039; y &#039;cerrado&#039; se ven borrosos para las personas con problemas de visi\u00f3n, por lo que no pueden distinguir cu\u00e1l es cu\u00e1l&quot;, &quot;Tienen casi la misma forma&quot; y &quot;Ser\u00eda m\u00e1s f\u00e1cil de entender si se convirtieran en flechas (en lugar de kanji)&quot;.<\/p>\n<p>Ozawa asinti\u00f3 profundamente y explic\u00f3 que ese era precisamente el problema del dise\u00f1o. \u00abEn un ascensor, hay que pulsar el bot\u00f3n al instante, pero los kanji se parecen y son dif\u00edciles de entender. Y hay gente que ni siquiera sabe leerlos\u00bb.<\/p>\n<figure class=\"wp-caption aligncenter\"><a href=\"https:\/\/photos.google.com\/share\/AF1QipMvBYom8t3y2cvf5rDdue5MwVRvR75SOYlRfT1HGtnAeoo7dKPblV6IthdcUa-cnw\/photo\/AF1QipNrfW9eFp2ivVXhV480KE9I5boLYBselS8TuAc?key=N0xjUzl5dkM2cHI3SWZEQ18tY0I5T0xLZXRKU0Z3\" target=\"_blank\"><img decoding=\"async\" src=\"https:\/\/lh3.googleusercontent.com\/pw\/AP1GczOAAv-9gkRHrbLS4hVtih2D1g7-h7kz4nk31ick8QMMidCwg9Febs-gMTOQuRTXq_pEZYl9rmhk99sdPmdI51ZKipUVqxwTOOrGGKzukI13uXbJs1WTvdKN_BUDO16lr-xCKAH9Gjj9T-owdJVdODlM=w2000-h1333-s-no-gm?authuser=0\" width=\"2000\" height=\"1333\" alt=\"\u00bfQu\u00e9 es un dise\u00f1o f\u00e1cil de entender?\" class=\"size-medium\" \/><\/a><figcaption class=\"wp-caption-text\">\u00bfQu\u00e9 es un dise\u00f1o f\u00e1cil de entender?<\/figcaption><\/figure>\n<h4>Un trabajo de dise\u00f1o que da forma a la \u201ccompasi\u00f3n\u201d<\/h4>\n<p>&quot;El trabajo de dise\u00f1o comienza con la identificaci\u00f3n de un problema.<\/p>\n<p>Los dise\u00f1adores intentan resolver el problema de la dificultad de comprensi\u00f3n de los caracteres kanji. Piensan: &quot;\u00bfY si lo expresamos con la orientaci\u00f3n de un tri\u00e1ngulo?&quot;, &quot;\u00bfSer\u00eda m\u00e1s f\u00e1cil de entender si a\u00f1adi\u00e9ramos hiragana?&quot;, &quot;Si hay mucha gente mayor, agrandemos las letras&quot;, &quot;Si hay muchos extranjeros en la zona, a\u00f1adamos ingl\u00e9s&quot;, &quot;Si hay mucha gente con prisa, cambiemos el color para que sea m\u00e1s f\u00e1cil distinguirlo&quot;.<\/p>\n<p>Adem\u00e1s, a veces usamos ilustraciones y s\u00edmbolos sencillos para comunicarnos con personas que no hablan nuestro mismo idioma. Esto permite transmitir el significado de forma intuitiva y amena. Intentamos imaginar cosas que cualquier persona pueda transmitir con mayor rapidez.<\/p>\n<p>&quot;\u00bfQu\u00e9 forma, qu\u00e9 letras, qu\u00e9 colores debo usar para comunicar lo que quiero decir directamente a las personas con las que quiero comunicarme? En eso consiste el trabajo de un dise\u00f1ador gr\u00e1fico&quot;, explica Ozawa.<\/p>\n<p>Este es exactamente el acto de poner en pr\u00e1ctica la \u201ccompasi\u00f3n\u201d empatizando con la otra persona, poni\u00e9ndose en su lugar e imaginando profundamente su situaci\u00f3n.<\/p>\n<h2>La historia de c\u00f3mo naci\u00f3 el logo &quot;Girasol&quot; de la ciudad de Hokuryu<\/h2>\n<p>Ozawa tambi\u00e9n explic\u00f3 los antecedentes detr\u00e1s de la creaci\u00f3n del logotipo actual del Festival del Girasol.<\/p>\n<figure class=\"wp-caption aligncenter\"><a href=\"https:\/\/photos.google.com\/share\/AF1QipMvBYom8t3y2cvf5rDdue5MwVRvR75SOYlRfT1HGtnAeoo7dKPblV6IthdcUa-cnw\/photo\/AF1QipPo-I3Gv4hxJMmopiMdewUYXWtRp7UvZjbRxPc?key=N0xjUzl5dkM2cHI3SWZEQ18tY0I5T0xLZXRKU0Z3\" target=\"_blank\"><img decoding=\"async\" src=\"https:\/\/lh3.googleusercontent.com\/pw\/AP1GczMn5071mFR2dEVAqWhi9fGqAFfiAh4cOfp8tMDIkLQtf904eadgfXYeEp_7J6_7Nooj6lGRoO3OpVUeZML5ZgVjN22LqITl8vNXO75Xrkty0dRQpPizVtPGDi7qjU99K3n1gLaH6CON4wEPIOOROoIj=w2000-h1333-s-no-gm?authuser=0\" width=\"2000\" height=\"1333\" alt=\"El proceso de creaci\u00f3n del logotipo\" class=\"size-medium\" \/><\/a><figcaption class=\"wp-caption-text\">El proceso de creaci\u00f3n del logotipo<\/figcaption><\/figure>\n<h3>Explorando las caracter\u00edsticas \u00fanicas de la ciudad de Hokuryu<\/h3>\n<p>Al crear un logotipo, el dise\u00f1ador empieza por conocer bien el lugar. Construye una imagen escuchando diversas historias de los habitantes del pueblo, como &quot;2 millones de girasoles&quot;, &quot;el amarillo es el color del pueblo&quot; y &quot;es un lugar que te llena de energ\u00eda con solo visitarlo&quot;.<\/p>\n<p>Al principio, se nos ocurri\u00f3 una idea que combinaba el paisaje de un campo de girasoles, la belleza de los girasoles y la energ\u00eda del sol. Sin embargo, nos quedamos con la pregunta: &quot;\u00bfNo ser\u00eda este un logotipo que tambi\u00e9n podr\u00eda usarse para otros campos de girasoles?&quot;.<\/p>\n<h3>Un dise\u00f1o que incorpora la pasi\u00f3n por el cultivo del suelo.<\/h3>\n<p>As\u00ed que fuimos m\u00e1s all\u00e1 para explorar las caracter\u00edsticas \u00fanicas de la ciudad de Hokuryu. Aprendimos que \u00ablos campos de girasoles son colinas\u00bb y que \u00abla preparaci\u00f3n del suelo es fundamental para asegurar que los girasoles sigan floreciendo cada a\u00f1o\u00bb.<\/p>\n<p>Al extraer estos elementos que son exclusivos de la ciudad de Hokuryu, se cre\u00f3 el logotipo para incorporar no solo la forma de una flor, sino tambi\u00e9n la silueta de las colinas de Sunflower Village, la puesta de sol y la pasi\u00f3n por el cultivo de la tierra.<\/p>\n<figure class=\"wp-caption aligncenter\"><a href=\"https:\/\/photos.google.com\/share\/AF1QipMvBYom8t3y2cvf5rDdue5MwVRvR75SOYlRfT1HGtnAeoo7dKPblV6IthdcUa-cnw\/photo\/AF1QipNhLAsiq-LYdF3FVlKq20JoHmCQIs2_udUz7Do?key=N0xjUzl5dkM2cHI3SWZEQ18tY0I5T0xLZXRKU0Z3\" target=\"_blank\"><img decoding=\"async\" src=\"https:\/\/lh3.googleusercontent.com\/pw\/AP1GczP79MAUYyyXyFwaD7h5cnuN4027tlawQUiU7ivkI5wp4rxlbQiOg37Dlo4zxmsfRfzRevK_5SKIJMo4X3sLjdBTdCCoYgMtX_JSaPER_BjdgbJLcWO1gt6PvZphK3EZSJXxlXZ2dFONtVJk1NYk0Oq8=w2000-h1333-s-no-gm?authuser=0\" width=\"2000\" height=\"1333\" alt=\"Imagen de girasoles\" class=\"size-medium\" \/><\/a><figcaption class=\"wp-caption-text\">Imagen de girasoles<\/figcaption><\/figure>\n<p>&quot;Como dise\u00f1ador, estoy muy contento de que se haya creado esta marca, de que la gente de Hokuryu la haya aceptado y de que la utilicen con cuidado&quot;, dijo Ozawa con una sonrisa.<\/p>\n<figure class=\"wp-caption aligncenter\"><a href=\"https:\/\/photos.google.com\/share\/AF1QipMvBYom8t3y2cvf5rDdue5MwVRvR75SOYlRfT1HGtnAeoo7dKPblV6IthdcUa-cnw\/photo\/AF1QipOImNSpguM2hXhQM16_4ID-QcT-F_H0zmhqK2E?key=N0xjUzl5dkM2cHI3SWZEQ18tY0I5T0xLZXRKU0Z3\" target=\"_blank\"><img decoding=\"async\" src=\"https:\/\/lh3.googleusercontent.com\/pw\/AP1GczP54dUU604KwgJrK1jKgq3-Q6VI4qhHrsyHqyheex3ZvT-Ho4nBYFyn0N0VWkID_a33RY53Qj538ko5hgdxr25EvyrgArOFpn2Y2TfwqQ6-v5YQr9SoRUj2hpCbeMhrU0zH9Zbk2488WYcyHJNLHDi-=w2000-h1333-s-no-gm?authuser=0\" width=\"2000\" height=\"1333\" alt=\"La marca de dise\u00f1o utilizada en la ciudad de Hokuryu\" class=\"size-medium\" \/><\/a><figcaption class=\"wp-caption-text\">La marca de dise\u00f1o utilizada en la ciudad de Hokuryu<\/figcaption><\/figure>\n<h2>El nuevo logotipo incorpora &quot;individualidad&quot; y &quot;conexi\u00f3n&quot;.<\/h2>\n<p>&quot;Ahora necesitamos una nueva marca que represente no s\u00f3lo el Festival del Girasol, sino a toda la ciudad.<\/p>\n<p>Este es el nuevo dise\u00f1o del logotipo que se convirti\u00f3 en el tema de este taller. Si bien hereda el esp\u00edritu del logotipo del Festival del Girasol, el motivo de los p\u00e9talos de girasol se expresa deliberadamente como cuadrados de diferentes formas y tama\u00f1os, y el conjunto representa los 12 meses del a\u00f1o en la ciudad de Hokuryu. &quot;La imagen es de los p\u00e9talos girando, sin fin&quot;, dice Ozawa.<\/p>\n<p>Esto representa la riqueza de la \u201cindividualidad\u201d de cada ciudadano, y c\u00f3mo estas se superponen y se conectan para formar una \u00fanica \u201carmon\u00eda\u201d.<\/p>\n<p>&quot;\u00bfQu\u00e9 deber\u00eda hacer florecer a continuaci\u00f3n?&quot;<\/p>\n<p>Este lema encierra una pregunta para el futuro: no s\u00f3lo debemos preservar la tradici\u00f3n, sino tambi\u00e9n debemos trabajar juntos para valorar y cuidar los nuevos desaf\u00edos que surgir\u00e1n en el futuro\u201d.<\/p>\n<figure class=\"wp-caption aligncenter\"><a href=\"https:\/\/photos.google.com\/share\/AF1QipMvBYom8t3y2cvf5rDdue5MwVRvR75SOYlRfT1HGtnAeoo7dKPblV6IthdcUa-cnw\/photo\/AF1QipMxR2gdAqZcCF9IYYtyRMoqiJ0rYXdKLeStDrI?key=N0xjUzl5dkM2cHI3SWZEQ18tY0I5T0xLZXRKU0Z3\" target=\"_blank\"><img decoding=\"async\" src=\"https:\/\/lh3.googleusercontent.com\/pw\/AP1GczPFscyY3Gij-0KYld1bIBJRmOL7NACJtYdcwEvrqqoqRwT2wKKUbmB9cGVr2CHeq1_jQesBpxroy841XLdiS48AgxnSAnd6F9eO-F_rR-uyrGYfxy5rqj_4fdPOTxhXBfppQB4nJKLzBN-UZA5urQPp=w2000-h1333-s-no-gm?authuser=0\" width=\"2000\" height=\"1333\" alt=\"Dise\u00f1o de color que evoca los 12 meses de la ciudad de Hokuryu\" class=\"size-medium\" \/><\/a><figcaption class=\"wp-caption-text\">Dise\u00f1o de color que evoca los 12 meses de la ciudad de Hokuryu<\/figcaption><\/figure>\n<h2>Los &quot;colores&quot; de la ciudad de Hokuryu elegidos por los ni\u00f1os<\/h2>\n<p>Para este taller, a los ni\u00f1os se les dio la tarea de pintar el logotipo con un color que representa cada mes en la ciudad de Hokuryu.<\/p>\n<p>&quot;Aunque es diciembre, me parece interesante ver que cada persona tiene un color diferente&quot;, dijo el presentador Naoto Yamagami.<\/p>\n<p>Los ni\u00f1os comparan su trabajo con el de sus amigos sentados a su lado y comentan por qu\u00e9 eligieron los colores que eligieron.<\/p>\n<figure class=\"wp-caption aligncenter\"><a href=\"https:\/\/photos.google.com\/share\/AF1QipMvBYom8t3y2cvf5rDdue5MwVRvR75SOYlRfT1HGtnAeoo7dKPblV6IthdcUa-cnw\/photo\/AF1QipOJrmXDi2gFx3ZusLAv6RX-rA8PbFVXVz_FvP4?key=N0xjUzl5dkM2cHI3SWZEQ18tY0I5T0xLZXRKU0Z3\" target=\"_blank\"><img decoding=\"async\" src=\"https:\/\/lh3.googleusercontent.com\/pw\/AP1GczNsVw1GbMbp8-LTExRQSndT7rFgKBu7Q224UFAsPPgQL9IZmJiUIG5D4KkZoIfDS8UURkriyiS0iNUarIHadatztYsMqQePyVrhPJRsOjGFWQqMh4GyqIRhqSVZD8RwQys4VqxfGwWBLXfS7lCdqF60=w2000-h1125-s-no-gm?authuser=0\" width=\"2000\" height=\"1125\" alt=\"Discusi\u00f3n entre estudiantes\" class=\"size-medium\" \/><\/a><figcaption class=\"wp-caption-text\">Discusi\u00f3n entre estudiantes<\/figcaption><\/figure>\n<h3>Los 12 meses del a\u00f1o: Katsuya Aonuma<\/h3>\n<p>Desde all\u00ed, Aonuma Katsuya se encarg\u00f3 de la comunicaci\u00f3n con los estudiantes. \u00abEste taller con los estudiantes de hoy es un proceso importante que les ser\u00e1 de gran ayuda para crear logotipos en el futuro\u00bb, afirm\u00f3 Aonuma.<\/p>\n<p>Luego, varios estudiantes explicaron las razones de los colores que eligieron.<\/p>\n<p>Aunque es agosto y muchos estudiantes asocian el amarillo de los girasoles con la estaci\u00f3n c\u00e1lida, algunos estudiantes eligen el \u201crojo\u201d y otros eligen el \u201cazul\u201d del cielo.<\/p>\n<p>Cuando un estudiante anunci\u00f3 que septiembre y octubre ser\u00edan &quot;grises&quot;, Aonuma pregunt\u00f3 por qu\u00e9. &quot;Los adultos tienden a imaginar una paleta de colores r\u00edgida, pero todos tienen ideas muy diferentes, y es muy interesante escucharlo&quot;, dijo, impresionado por las ideas de los estudiantes.<\/p>\n<figure class=\"wp-caption aligncenter\"><a href=\"https:\/\/photos.google.com\/share\/AF1QipMvBYom8t3y2cvf5rDdue5MwVRvR75SOYlRfT1HGtnAeoo7dKPblV6IthdcUa-cnw\/photo\/AF1QipO5tygq1vjVO6MONQdFnEhVxHtH7CkezXPsEoA?key=N0xjUzl5dkM2cHI3SWZEQ18tY0I5T0xLZXRKU0Z3\" target=\"_blank\"><img decoding=\"async\" src=\"https:\/\/lh3.googleusercontent.com\/pw\/AP1GczMPmyX-vI1IXkxaxb1Y5Lagfj7VGXkqdyYE8q_66dRdew-qbCieU8LsJN-V1Ko0k8GfiWGCxUp6N-qac58hbpvIaToqN-aQEPKsw1cHX3MJcQwfPZ8_2cLJqDSeeDv2tleJkdSfhQA_wWxW8a8PcO3w=w2000-h1333-s-no-gm?authuser=0\" width=\"2000\" height=\"1333\" alt=\"Pregunta de Aonuma\" class=\"size-medium\" \/><\/a><figcaption class=\"wp-caption-text\">Pregunta de Aonuma<\/figcaption><\/figure>\n<h4>El azul claro representa el hielo, el beige representa la tierra.<\/h4>\n<ul>\n<li>Un estudiante que eligi\u00f3 el azul claro como color para junio dijo: &quot;Eleg\u00ed el azul claro porque la nieve se derrite y el cielo se vuelve azul&quot;.<br \/>\n\u3000<\/li>\n<li>Un estudiante que eligi\u00f3 el morado para junio dijo: &quot;Es la temporada de lluvias, cuando las hortensias comienzan a florecer, as\u00ed que eleg\u00ed el color de las hortensias&quot;.<br \/>\n\u3000<\/li>\n<li>El estudiante que eligi\u00f3 el amarillo verdoso para octubre dijo: &quot;Eleg\u00ed el amarillo verdoso porque octubre es el mes en que las plantas de arroz adquieren ese color&quot;.<br \/>\n\u3000<\/li>\n<li>Por otro lado, un estudiante dijo: &quot;En octubre, la hierba y otras plantas comienzan a marchitarse y volverse marrones, as\u00ed que eleg\u00ed el marr\u00f3n&quot;.<br \/>\n\u3000<\/li>\n<li>El estudiante que eligi\u00f3 azul claro para diciembre dijo: &quot;Cuando empieza a nevar, a veces se congela. Eleg\u00ed azul claro para representar ese hielo&quot;.<br \/>\n\u3000<\/li>\n<li>El estudiante que eligi\u00f3 el color beige para marzo hizo una presentaci\u00f3n \u00fanica: &quot;Pens\u00e9 que cuando la nieve comenzara a derretirse, saldr\u00edan tierra y otras cosas&quot;.<br \/>\nLa transparencia del hielo en el crudo invierno de Hokuryu. La calidez del suelo que se percibe al derretirse la nieve.<br \/>\n\u3000<\/li>\n<\/ul>\n<p>Estos son &quot;colores&quot; de alta resoluci\u00f3n que solo pueden elegir quienes viven en Hokuryu y conocen la ciudad en primera persona. La sensibilidad pura de los ni\u00f1os captur\u00f3 v\u00edvidamente el paisaje de su ciudad natal.<\/p>\n<figure class=\"wp-caption aligncenter\"><a href=\"https:\/\/photos.google.com\/share\/AF1QipMvBYom8t3y2cvf5rDdue5MwVRvR75SOYlRfT1HGtnAeoo7dKPblV6IthdcUa-cnw\/photo\/AF1QipPTDfS0LcPcp7C3lb5gYArTkAY3X6XR1xPHH0U?key=N0xjUzl5dkM2cHI3SWZEQ18tY0I5T0xLZXRKU0Z3\" target=\"_blank\"><img decoding=\"async\" src=\"https:\/\/lh3.googleusercontent.com\/pw\/AP1GczOBX7FqgvAaKpmrBHkDdkO8vOPW-YqZTJ3tvK2FOMMtEOR_ES8e3bbadyVdQgveVrEvCnLudwJWfBWO9QzX1mEDl2i7G3SB02KVKICpVe6iL9E_8zfeXtv0fd-AHu2Fw6Ea5tFzes03_vNWfwJYmXVr=w2000-h1333-s-no-gm?authuser=0\" width=\"2000\" height=\"1333\" alt=\"Dibuja en el color de la imagen...\" class=\"size-medium\" \/><\/a><figcaption class=\"wp-caption-text\">Dibuja en el color de la imagen...<\/figcaption><\/figure>\n<figure class=\"wp-caption aligncenter\"><a href=\"\/es\/AF1QipMvBYom8t3y2cvf5rDdue5MwVRvR75SOYlRfT1HGtnAeoo7dKPblV6IthdcUa\/\" target=\"_blank\"><img decoding=\"async\" src=\"https:\/\/lh3.googleusercontent.com\/pw\/AP1GczNY1Q4kII3909T5SvEP-noFJ9tuB7DmQucrcBDWYRIe9ni2hFJK_QhQTGUvGp2M_pJVNsLNHO8TXWoXbr3JO9NR-vaG7sH0WvlNZnM0z7hGpos2BbVX2XwEpqN6aLJWLfuKS_CzO7f2eFlHE-bN5vLQ=w2000-h1333-s-no-gm?authuser=0\" width=\"2000\" height=\"1333\" alt=\"Estudiantes transmitiendo su propia imagen\" class=\"size-medium\" \/><\/a><figcaption class=\"wp-caption-text\">Estudiantes transmitiendo su propia imagen<\/figcaption><\/figure>\n<figure class=\"wp-caption aligncenter\"><a href=\"https:\/\/photos.google.com\/share\/AF1QipMvBYom8t3y2cvf5rDdue5MwVRvR75SOYlRfT1HGtnAeoo7dKPblV6IthdcUa-cnw\/photo\/AF1QipNqNqhp0CpetKEukmnX1Fa5oAQ1DfppdhNkZGo?key=N0xjUzl5dkM2cHI3SWZEQ18tY0I5T0xLZXRKU0Z3\" target=\"_blank\"><img decoding=\"async\" src=\"https:\/\/lh3.googleusercontent.com\/pw\/AP1GczP6yRyzwev6G3iAd-TUqtmEkzb_EkErr2X9G7BwAudJYSIsJIR4XS4Vm8EMby9MhX3nL-juO6B-UvAwvRQgWHrGqXDmmWkhG9pen_LWt2HhFUyeIe85pJNMOikynrttVIpCFO9vrBhm5elzvIqL6YUO=w2000-h1125-s-no-gm?authuser=0\" width=\"2000\" height=\"1125\" alt=\"Con un solo coraz\u00f3n y pensando en el futuro de la ciudad de Hokuryu...\" class=\"size-medium\" \/><\/a><figcaption class=\"wp-caption-text\">Con un solo coraz\u00f3n y pensando en el futuro de la ciudad de Hokuryu...<\/figcaption><\/figure>\n<h2>Recopilando los \u201csentimientos\u201d de todo el pueblo para crear un logotipo para el futuro<\/h2>\n<h3>Crearemos un nuevo color de logotipo junto con usted: Naoto Yamagami<\/h3>\n<p>Yamagami Naoto concluy\u00f3 diciendo: &quot;Finalmente, combinaremos los colores de ustedes, de todos los asociados con la ciudad de Hokuryu, y de sus padres, madres, abuelos y dem\u00e1s para crear el nuevo color del logotipo. Planeamos anunciarlo alrededor de diciembre, as\u00ed que esp\u00e9renlo con ansias&quot;.<\/p>\n<h3>Gracias a los ni\u00f1os: Katsuyoshi Takahashi, Director General de Pol\u00edticas<\/h3>\n<p>El Director General de Pol\u00edticas Takahashi tambi\u00e9n expres\u00f3 su gratitud a los ni\u00f1os.<\/p>\n<figure class=\"wp-caption aligncenter\"><a href=\"https:\/\/photos.google.com\/share\/AF1QipMvBYom8t3y2cvf5rDdue5MwVRvR75SOYlRfT1HGtnAeoo7dKPblV6IthdcUa-cnw\/photo\/AF1QipOIQXKL8tTX-D4V042wdaYpeU_L6SzIC-rtKfk?key=N0xjUzl5dkM2cHI3SWZEQ18tY0I5T0xLZXRKU0Z3\" target=\"_blank\"><img decoding=\"async\" src=\"https:\/\/lh3.googleusercontent.com\/pw\/AP1GczMBb08SN6NX0TjPsyIMQViHvXS75kpjoae1Y3Zfo6M9fXTQoi4YOjq_ppWBlTgBemVyg1_SawoVoxXgLcSa1lYkh5oabdnrnBD6QDxT0xHAXi_KTbJb0izel4gf0iV30WlkENIEDRlDWFMnNNuEK16q=w2000-h1333-s-no-gm?authuser=0\" width=\"2000\" height=\"1333\" alt=\"Mensaje de agradecimiento del Director General de Planificaci\u00f3n de Pol\u00edticas, Takahashi\" class=\"size-medium\" \/><\/a><figcaption class=\"wp-caption-text\">Mensaje de agradecimiento del Director General de Planificaci\u00f3n de Pol\u00edticas, Takahashi<\/figcaption><\/figure>\n<p>Fue realmente interesante ver c\u00f3mo los pensamientos de cada persona se plasmaban en los colores. Creo que me hizo darme cuenta de lo profundo que es el dise\u00f1o y lo fascinante que es dar forma a tus propios pensamientos.<\/p>\n<p>Este proyecto no se trata solo de dibujar, sino de que todos descubran los encantos de Hokuryu y forjen un futuro con ellos. Como los p\u00e9talos de un girasol, la individualidad y los pensamientos de cada individuo se unir\u00e1n para hacer florecer la gran flor que es Hokuryu. Creo que su trabajo ser\u00e1 un paso hacia ese objetivo.<\/p>\n<p>Espero que la experiencia de hoy te inspire a intentar expresar tus sentimientos y pensamientos cotidianos con palabras o dise\u00f1o. La ciudad est\u00e1 creando oportunidades para que experimentes y asumas nuevos retos.<\/p>\n<p>&quot;Me alegrar\u00eda que esta experiencia les diera, aunque sea un poquito, la fuerza para sentirse orgullosos de su ciudad. Muchas gracias a todos hoy&quot;, dijo el Director General de Estudios Pol\u00edticos Takahashi en un mensaje de agradecimiento.<\/p>\n<p>La individualidad y la consideraci\u00f3n de cada individuo. Los diversos colores recogidos de los ni\u00f1os se combinar\u00e1n con los m\u00faltiples sentimientos de todo el pueblo y, con el tiempo, florecer\u00e1n en un logotipo \u00fanico del &quot;esp\u00edritu de armon\u00eda&quot; que simboliza el futuro de Hokuryu.<\/p>\n<figure class=\"wp-caption aligncenter\"><a href=\"https:\/\/photos.google.com\/share\/AF1QipMvBYom8t3y2cvf5rDdue5MwVRvR75SOYlRfT1HGtnAeoo7dKPblV6IthdcUa-cnw\/photo\/AF1QipMBwRkIh8OYtbz4_gwaWVLbLOPtFbnwHRk4dyE?key=N0xjUzl5dkM2cHI3SWZEQ18tY0I5T0xLZXRKU0Z3\" target=\"_blank\"><img decoding=\"async\" src=\"https:\/\/lh3.googleusercontent.com\/pw\/AP1GczNdI7NXpdCOinCYNqsDWvSUqcQMY4p0Idzn0l0eO67OCFMLCkqHTlyMOS8uM9TIyFmAbacyZ0zWLwUW99ETSyvfpPuKbipvR0f06cALjxMH2ilwvUkPwNMhnqa9Fyqf-XhYJukC8zvTl5KapfFOdmDx=w2000-h1333-s-no-gm?authuser=0\" width=\"2000\" height=\"1333\" alt=\"\u00a1Dibujemos todos juntos los girasoles gigantes de la ciudad de Hokuryu con la esperanza de hacerlos florecer!\" class=\"size-medium\" \/><\/a><figcaption class=\"wp-caption-text\">\u00a1Dibujemos todos juntos los girasoles gigantes de la ciudad de Hokuryu con la esperanza de hacerlos florecer!<\/figcaption><\/figure>\n<p>Los pensamientos de todos y cada uno de los habitantes del pueblo se unen, uniendo sus corazones para representar un esp\u00edritu de armon\u00eda y compasi\u00f3n, y el \u00fanico logotipo de girasol floreciente de la ciudad de Hokuryu est\u00e1 lleno de amor, gratitud y oraciones ilimitados...<\/p>\n<figure class=\"wp-caption aligncenter\"><a href=\"https:\/\/photos.google.com\/share\/AF1QipMvBYom8t3y2cvf5rDdue5MwVRvR75SOYlRfT1HGtnAeoo7dKPblV6IthdcUa-cnw\/photo\/AF1QipOtTS9VL5nmS9Wob_ZUk04w7sKaUllzFiYUKi8?key=N0xjUzl5dkM2cHI3SWZEQ18tY0I5T0xLZXRKU0Z3\" target=\"_blank\"><img decoding=\"async\" src=\"https:\/\/lh3.googleusercontent.com\/pw\/AP1GczNMXriHy5x8nzihpOOe0hH2m8egUbHzjJlezWhK9cuCfODMM5j4eUMr29zuA87zpuQWG_ulVKRfjEfzo9AoA6apx7wwYUQBNifCgvxCJnZQYK2kMvAR1Ub7_wFZwWQO6EQ3UXbYwdbKosqjR88zaR_G=w1002-h642-s-no-gm?authuser=1\" width=\"1002\" height=\"642\" alt=\"Paisaje estacional de la ciudad de Hokuryu\" class=\"size-medium\" \/><\/a><figcaption class=\"wp-caption-text\">Paisaje estacional de la ciudad de Hokuryu<\/figcaption><\/figure>\n<h2>V\u00eddeos de YouTube<\/h2>\n<div class=\"youtube\"><iframe title=\"Taller de logotipos de Hokuryu: El dise\u00f1o es una forma de compasi\u00f3n. Los colores y el esp\u00edritu de armon\u00eda de los estudiantes de primaria y secundaria de Hokuryu dar\u00e1n color al futuro de Hokuryu.\" src=\"https:\/\/www.youtube.com\/embed\/dvC9tZp4PVg?feature=oembed\" frameborder=\"0\" allow=\"accelerometer; autoplay; clipboard-write; encrypted-media; gyroscope; picture-in-picture; web-share\" referrerpolicy=\"strict-origin-when-cross-origin\" allowfullscreen><\/iframe><\/div>\n<h2>Otras fotos<\/h2>\n<div class=\"img-move\"><img decoding=\"async\" style=\"vertical-align: middle;\" src=\"https:\/\/ehokkaido.net\/wp-content\/uploads\/2021\/12\/2021-12-06-11.41.12.png\" \/> <a href=\"https:\/\/photos.app.goo.gl\/41FRGgPCE1avsK1R9\" target=\"_blank\" rel=\"noopener noreferrer\">Logotipo de la ciudad de Hokuryu. Las fotos del taller y de la escuela primaria y secundaria de la ciudad de Hokuryu (64 fotos) est\u00e1n aqu\u00ed &gt;&gt;<\/a><\/div>\n<h2>Art\u00edculos relacionados<\/h2>\n\n        <div class=\"site-blogcard-premium\">\n            <div class=\"bc-label-custom\">Art\u00edculos relacionados<\/div>\n            <div class=\"bc-flex-container\">\n                <div class=\"bc-main-text\">\n                    <div class=\"bc-title-link-box\">\n                        <a href=\"https:\/\/portal.hokuryu.info\/es\/loiter\/coloring2014.html\/\" target=\"_blank\">El colorido pueblo de Hokuryu 2014 (fotos de paisajes y lugares para fotografiar) - Portal del pueblo de Hokuryu (Hokkaido): el pueblo de girasoles n\u00famero 1 de Jap\u00f3n<\/a>\n                    <\/div>\n                    <div class=\"bc-excerpt-box\">Les presentamos el presente de una ciudad vibrante con una poblaci\u00f3n de 2100 habitantes y una tasa de envejecimiento de 40%. Como girasoles, las familias viven en armon\u00eda...<\/div>\n                <\/div>\n                <div class=\"bc-thumbnail-box\">\n                    <a href=\"https:\/\/portal.hokuryu.info\/es\/loiter\/coloring2014.html\/\" target=\"_blank\">\n                        <div class=\"bc-img-zoom-wrap\">\n                            <img decoding=\"async\" src=\"https:\/\/img.youtube.com\/vi\/ldSjt3sAPeU\/mqdefault.jpg\" alt=\"El colorido pueblo de Hokuryu 2014 (fotos de paisajes y lugares para fotografiar) - Portal del pueblo de Hokuryu (Hokkaido): el pueblo de girasoles n\u00famero 1 de Jap\u00f3n\">\n                        <\/div>\n                    <\/a>\n                <\/div>\n            <\/div>\n        <\/div>\n\n        <div class=\"site-blogcard-premium\">\n            <div class=\"bc-label-custom\">Art\u00edculos relacionados<\/div>\n            <div class=\"bc-flex-container\">\n                <div class=\"bc-main-text\">\n                    <div class=\"bc-title-link-box\">\n                        <a href=\"https:\/\/portal.hokuryu.info\/es\/category\/local_revitalization_2\/\" target=\"_blank\">Revitalizaci\u00f3n Regional 2.0 (Categor\u00eda)<\/a>\n                    <\/div>\n                    <div class=\"bc-excerpt-box\">La ciudad de Hokuryu aprovecha la revitalizaci\u00f3n regional 2.0 para implementar diversas iniciativas de futuro (a partir del 1 de abril de 2025)\n<\/div>\n                <\/div>\n                <div class=\"bc-thumbnail-box\">\n                    <a href=\"https:\/\/portal.hokuryu.info\/es\/category\/local_revitalization_2\/\" target=\"_blank\">\n                        <div class=\"bc-img-zoom-wrap\">\n                            <img decoding=\"async\" src=\"https:\/\/portal.hokuryu.info\/wp\/wp-content\/uploads\/2026\/02\/20230802DSC06445_1.jpg\" alt=\"Revitalizaci\u00f3n Regional 2.0 (Categor\u00eda)\">\n                        <\/div>\n                    <\/a>\n                <\/div>\n            <\/div>\n        <\/div>\n<p>\u25c7 <a href=\"https:\/\/portal.hokuryu.info\/es\/62509\/\">\ud83d\udd8b\ufe0f Planificaci\u00f3n de contenido, redacci\u00f3n de art\u00edculos, selecci\u00f3n de fotograf\u00edas y creaci\u00f3n de v\u00eddeos: Ikuko Terauchi<img decoding=\"async\" style=\"vertical-align: middle;\" src=\"https:\/\/ehokkaido.net\/wp-content\/uploads\/2021\/12\/2021-12-06-11.41.12.png\" \/> Fotograf\u00eda, edici\u00f3n y gesti\u00f3n del sitio web: Noboru Terauchi<\/a><\/p>","protected":false},"excerpt":{"rendered":"<p>2025\u5e7410\u670827\u65e5\uff08\u6708\uff09 10\u670823\u65e5\uff08\u6728\uff09\u3001\u5317\u7adc\u753a\u306e\u65b0\u3057\u3044\u30ed\u30b4\u3092\u300c\u753a\u3050\u308b\u307f\u300d\u3067\u5275\u308b\u30d7\u30ed\u30b8\u30a7\u30af\u30c8\u306e\u4e00\u74b0\u3068\u3057\u3066\u3001\u5317\u7adc\u753a\u306e\u5c0f\u4e2d\u5b66\u751f\u304c\u30aa\u30f3\u30e9\u30a4\u30f3WS\u306b\u53c2\u52a0\u3057\u307e\u3057\u305f\u3002\u30d7\u30ed\u304b\u3089\u300c\u30c7\u30b6\u30a4\u30f3\u306f\u601d\u3044\u3084\u308a\u300d\u3068\u5b66\u3093\u3060 [&hellip;]<\/p>\n","protected":false},"author":1,"featured_media":65806,"comment_status":"open","ping_status":"open","sticky":false,"template":"","format":"standard","meta":{"footnotes":""},"categories":[4,112,42,68],"tags":[],"class_list":["post-65776","post","type-post","status-publish","format-standard","has-post-thumbnail","hentry","category-cover-story","category-local_revitalization_2","category-42","category-68"],"_links":{"self":[{"href":"https:\/\/portal.hokuryu.info\/es\/wp-json\/wp\/v2\/posts\/65776","targetHints":{"allow":["GET"]}}],"collection":[{"href":"https:\/\/portal.hokuryu.info\/es\/wp-json\/wp\/v2\/posts"}],"about":[{"href":"https:\/\/portal.hokuryu.info\/es\/wp-json\/wp\/v2\/types\/post"}],"author":[{"embeddable":true,"href":"https:\/\/portal.hokuryu.info\/es\/wp-json\/wp\/v2\/users\/1"}],"replies":[{"embeddable":true,"href":"https:\/\/portal.hokuryu.info\/es\/wp-json\/wp\/v2\/comments?post=65776"}],"version-history":[{"count":1,"href":"https:\/\/portal.hokuryu.info\/es\/wp-json\/wp\/v2\/posts\/65776\/revisions"}],"predecessor-version":[{"id":69060,"href":"https:\/\/portal.hokuryu.info\/es\/wp-json\/wp\/v2\/posts\/65776\/revisions\/69060"}],"wp:featuredmedia":[{"embeddable":true,"href":"https:\/\/portal.hokuryu.info\/es\/wp-json\/wp\/v2\/media\/65806"}],"wp:attachment":[{"href":"https:\/\/portal.hokuryu.info\/es\/wp-json\/wp\/v2\/media?parent=65776"}],"wp:term":[{"taxonomy":"category","embeddable":true,"href":"https:\/\/portal.hokuryu.info\/es\/wp-json\/wp\/v2\/categories?post=65776"},{"taxonomy":"post_tag","embeddable":true,"href":"https:\/\/portal.hokuryu.info\/es\/wp-json\/wp\/v2\/tags?post=65776"}],"curies":[{"name":"wp","href":"https:\/\/api.w.org\/{rel}","templated":true}]}}