{"id":63172,"date":"2025-08-27T09:36:27","date_gmt":"2025-08-27T00:36:27","guid":{"rendered":"https:\/\/portal.hokuryu.info\/?p=63172"},"modified":"2025-09-04T16:08:31","modified_gmt":"2025-09-04T07:08:31","slug":"%e5%8c%97%e7%ab%9c%e7%94%ba%e3%81%ae%e6%9c%aa%e6%9d%a5%e3%82%92%e5%85%b1%e3%81%ab%e6%8f%8f%e3%81%8f%ef%bc%81%e5%92%8c%e7%94%ba%e5%86%85%e4%bc%9a%e3%80%8c%e3%81%be%e3%81%a1%e3%81%a5%e3%81%8f%e3%82%8a","status":"publish","type":"post","link":"https:\/\/portal.hokuryu.info\/es\/63172\/","title":{"rendered":"\u00a1Imaginando juntos el futuro de Hokuryu! Intercambio de opiniones animado en la &quot;Reuni\u00f3n de Debate sobre Desarrollo Urbano&quot; de la Asociaci\u00f3n de Vecinos de Wa."},"content":{"rendered":"<p>Mi\u00e9rcoles 27 de agosto de 2025<\/p>\n<div class=\"ep-box es-BpaperRight es-grid bgc-VPsky\">El jueves 21 de agosto, se celebr\u00f3 una reuni\u00f3n de debate sobre desarrollo urbano en el Centro Comunitario de Wa, a la que asistieron aproximadamente 20 vecinos. El alcalde Sasaki inform\u00f3 que el municipio hab\u00eda recibido el monto total de la subvenci\u00f3n para la revitalizaci\u00f3n local y, tras explicar los planes futuros del municipio, se inici\u00f3 un animado intercambio de opiniones. La reuni\u00f3n brind\u00f3 una valiosa oportunidad para que los vecinos y el gobierno local debatieran seriamente sobre una amplia gama de temas, como el desarrollo de infraestructura, la administraci\u00f3n digital y el desarrollo de recursos humanos.<\/div>\n<h2>Reuni\u00f3n de debate sobre desarrollo urbano organizada por la Asociaci\u00f3n de Vecinos de Wa para construir juntos el futuro de la ciudad de Hokuryu.<\/h2>\n<p>El mi\u00e9rcoles 21 de agosto, a las 15:00, se celebr\u00f3 una reuni\u00f3n de debate sobre el desarrollo urbano en el Centro Comunitario de Washington. Aproximadamente 20 residentes se reunieron e intercambiaron opiniones activamente.<\/p>\n<p>En la reuni\u00f3n, se explicaron los cambios en las pol\u00edticas y sistemas del gobierno local, como la ejecuci\u00f3n presupuestaria y la reforma organizativa para el a\u00f1o fiscal 2025, y la ampliaci\u00f3n del presupuesto para la Revitalizaci\u00f3n Regional 2.0. Tambi\u00e9n se presentaron informes sobre el \u00e9xito del Festival del Girasol, las nuevas iniciativas relacionadas con las tarifas de estacionamiento y los experimentos con IA para medir el n\u00famero de visitantes.<\/p>\n<figure class=\"wp-caption aligncenter\"><a href=\"https:\/\/photos.google.com\/share\/AF1QipMkrigF2R0Y19iaU0CV4tjOSKKHJ_Rfno43ydos__93a20Xd8I2HVN5Ltx0CmqmUA\/photo\/AF1QipONaLPaXa0rVyb2Nqx6A2cuE4tBDWi4FkzbnKY?key=NmhIWTJsbFNqelZVaUhBN3QtRnhhekZ5X0Roek9n\" target=\"_blank\"><img decoding=\"async\" src=\"https:\/\/lh3.googleusercontent.com\/pw\/AP1GczOliW6MWAgxotiRSJpqk3-RjM_DE4BE8kxK5nn-yfkhntDeCQFlmG-SFOT_hbhpuxSFuVRr8oTS6exYio2C3m3RNb-Ep1xir2isQdiUOO1XYinC-XIIfFWzpkwHVZmj0aD5ibNoeQzeYBc3uup25GKo=w2000-h1500-s-no-gm?authuser=0\" width=\"2000\" height=\"1500\" alt=\"Reuni\u00f3n de discusi\u00f3n sobre planificaci\u00f3n urbana de la Asociaci\u00f3n de Vecinos de Washington\" class=\"size-full\" \/><\/a><figcaption class=\"wp-caption-text\">Reuni\u00f3n de discusi\u00f3n sobre planificaci\u00f3n urbana de la Asociaci\u00f3n de Vecinos de Washington<\/figcaption><\/figure>\n<h3>El evento fue moderado por el vicealcalde Masaaki Okuda.<\/h3>\n<p>La reuni\u00f3n tuvo un comienzo agradable, moderada por el vicealcalde Masaaki Okuda.<\/p>\n<figure class=\"wp-caption aligncenter\"><a href=\"https:\/\/photos.google.com\/share\/AF1QipMkrigF2R0Y19iaU0CV4tjOSKKHJ_Rfno43ydos__93a20Xd8I2HVN5Ltx0CmqmUA\/photo\/AF1QipMjiKoIx4yKAb6OeQUm1SSsGZohW3nDJz3w7aw?key=NmhIWTJsbFNqelZVaUhBN3QtRnhhekZ5X0Roek9n\" target=\"_blank\"><img decoding=\"async\" src=\"https:\/\/lh3.googleusercontent.com\/pw\/AP1GczNhEcNCHXn1GVrO7RocCySgky03Kd_nQ8MvkdapCBgJkkAxFLcJAe1zqJuzptMJAafbBL7yQz-HcBQfqt0pMb9GV2o7FKZwKdjLnWQGlMlms_QNaj30PIxmqprJGOztx87sa9KOqXVAdklAvhvyNAwd=w2000-h1125-s-no-gm?authuser=0\" width=\"2000\" height=\"1125\" alt=\"Moderador: Vicealcalde Masaaki Okuda\" class=\"size-full\" \/><\/a><figcaption class=\"wp-caption-text\">Moderador: Vicealcalde Masaaki Okuda<\/figcaption><\/figure>\n<h2>Saludos del alcalde Yasuhiro Sasaki<\/h2>\n<figure class=\"wp-caption aligncenter\"><a href=\"https:\/\/photos.google.com\/share\/AF1QipMkrigF2R0Y19iaU0CV4tjOSKKHJ_Rfno43ydos__93a20Xd8I2HVN5Ltx0CmqmUA\/photo\/AF1QipNjUxx6j8PI7S8OUuTEOiwQ2XbckiK_JwJ0h8I?key=NmhIWTJsbFNqelZVaUhBN3QtRnhhekZ5X0Roek9n\" target=\"_blank\"><img decoding=\"async\" src=\"https:\/\/lh3.googleusercontent.com\/pw\/AP1GczPDvpr1XKL7A5GzUXPOnGanCG7P6mTdBqJWZ5GflD74_nP1UKpuHhi8CtSDR78HxhH8D2UWi6H6-yA2kY7tvyRQlpnleJNKdpg7Jd5MPT1vcUxh4rE5wu37nOJPAlW8gj5QDqr1GvlFtlpIujwfE4_O=w2000-h1125-s-no-gm?authuser=0\" width=\"2000\" height=\"1125\" alt=\"Saludos del alcalde Yasuhiro Sasaki\" class=\"size-full\" \/><\/a><figcaption class=\"wp-caption-text\">Saludos del alcalde Yasuhiro Sasaki<\/figcaption><\/figure>\n<p>&quot;Me gustar\u00eda expresar mi sincero agradecimiento a todos ustedes por su participaci\u00f3n y por todo su arduo trabajo.<\/p>\n<p>Ahora es la \u00e9poca ideal para orar por una buena cosecha. Afuera, los coloridos arrozales se extienden ante nosotros.<\/p>\n<p>Hasta el a\u00f1o pasado, las asambleas municipales se celebraban en dos lugares: el centro comunitario y el Centro Comunitario Hekisui, donde se reun\u00eda todo el mundo. Del a\u00f1o pasado a este, hemos decidido visitar diez asociaciones de vecinos. Nos gustar\u00eda conocer diversas opiniones, no solo sobre asuntos locales, sino tambi\u00e9n sobre asuntos municipales y relacionados con el arroz.<\/p>\n<p>De acuerdo con la pol\u00edtica nacional, el presupuesto para el a\u00f1o fiscal 2025, que comienza en abril de este a\u00f1o, ha duplicado el presupuesto para subvenciones de revitalizaci\u00f3n regional. Apoyando a los miembros activos de la primera generaci\u00f3n que han cumplido sus 10 a\u00f1os, y con la vista puesta en los pr\u00f3ximos 10 a\u00f1os, la segunda generaci\u00f3n deber\u00e1 considerar c\u00f3mo elaborar un plan de 10 a 20 a\u00f1os para sus hijos y nietos, quienes ser\u00e1n responsables del futuro.<\/p>\n<p>Este a\u00f1o, la ciudad recibi\u00f3 un presupuesto nacional de 200 mil millones de yenes, y sus funcionarios trabajaron arduamente para solicitar la subvenci\u00f3n. La ciudad recibi\u00f3 el 100 % de la subvenci\u00f3n solicitada. Hay 1718 ciudades, pueblos y aldeas en todo Jap\u00f3n, y recibimos la mayor cantidad del m\u00e1ximo de mil millones de yenes.<\/p>\n<p>Utilizaremos este dinero para asignar nuestro presupuesto a partir de abril y esperamos continuar en esta escala durante los pr\u00f3ximos tres a\u00f1os.<\/p>\n<p>Por supuesto, hasta ahora, ha habido solicitudes de empresas existentes que no hemos podido atender por falta de financiaci\u00f3n. Sin embargo, a partir de abril de este a\u00f1o, planeamos utilizar eficazmente la subvenci\u00f3n del gobierno nacional, escuchar las opiniones de todos e implementar el plan para continuar con las operaciones actuales y construir un nuevo futuro para la ciudad de Hokuryu.<\/p>\n<p>Una condici\u00f3n para la revitalizaci\u00f3n regional nacional es que la Subvenci\u00f3n para la Revitalizaci\u00f3n Regional requiere la participaci\u00f3n no solo del gobierno, sino tambi\u00e9n de las asociaciones vecinales y de todos los residentes. Por lo tanto, la reuni\u00f3n de hoy es muy importante. Quisiera escuchar atentamente y tener en cuenta las opiniones de todos al asignar el presupuesto.<\/p>\n<p>&quot;Muchas gracias por venir hoy&quot;, dijo el alcalde Sasaki con gran pasi\u00f3n.<\/p>\n<figure class=\"wp-caption aligncenter\"><a href=\"https:\/\/photos.google.com\/share\/AF1QipMkrigF2R0Y19iaU0CV4tjOSKKHJ_Rfno43ydos__93a20Xd8I2HVN5Ltx0CmqmUA\/photo\/AF1QipO9RF3bfQtY4qzpwMslaInDPg8wqvXvlIorvoc?key=NmhIWTJsbFNqelZVaUhBN3QtRnhhekZ5X0Roek9n\" target=\"_blank\"><img decoding=\"async\" src=\"https:\/\/lh3.googleusercontent.com\/pw\/AP1GczPtZJlEnK8Ay7wfOrOiC-WHeaR9IWgX_vXGaZNTBCo2zXIYRp0OIQrixzSdnvONHReF8EEe8NducS3ofSYbRg8LKyEmyomL6GrE5pkeUBEc591TWvZEweOR5riWpTYB1gt1OeS0tWXcqAPRO63Dhh0M=w2000-h1125-s-no-gm?authuser=0\" width=\"2000\" height=\"1125\" alt=\"Con sentimientos apasionados...\" class=\"size-full\" \/><\/a><figcaption class=\"wp-caption-text\">Con sentimientos apasionados...<\/figcaption><\/figure>\n<h2>Explicaci\u00f3n de los principales proyectos de la ciudad<\/h2>\n<h3>Oficina de Pol\u00edtica General, Vicealcalde Masaaki Okuda<\/h3>\n<figure class=\"wp-caption aligncenter\"><a href=\"https:\/\/photos.google.com\/share\/AF1QipMkrigF2R0Y19iaU0CV4tjOSKKHJ_Rfno43ydos__93a20Xd8I2HVN5Ltx0CmqmUA\/photo\/AF1QipM72r0NXr3pVi8crbG_cGzX-HfRqzF8ZKttNJk?key=NmhIWTJsbFNqelZVaUhBN3QtRnhhekZ5X0Roek9n\" target=\"_blank\"><img decoding=\"async\" src=\"https:\/\/lh3.googleusercontent.com\/pw\/AP1GczMCZwjy8a_maJ6k3laIKrRUo2jgAbqMGby0mYpFp7isrhRTcw9z-hMmGbVieA1ttfbbw-es_0Zn6VOqnDucejmOLtz0UO0doO_YEN3UvxWyMTj7KimRMl4glNtc1Xv2VMgUOZCx06TYumje8gotcXjv=w2000-h1125-s-no-gm?authuser=0\" width=\"2000\" height=\"1125\" alt=\"El vicealcalde Okuda da una sesi\u00f3n informativa\" class=\"size-full\" \/><\/a><figcaption class=\"wp-caption-text\">El vicealcalde Okuda da una sesi\u00f3n informativa<\/figcaption><\/figure>\n<p>El vicealcalde Okuda explic\u00f3 la promoci\u00f3n de la revitalizaci\u00f3n regional, incluyendo la pol\u00edtica b\u00e1sica de la Estrategia Integral de la Ciudad de Hokuryu para la Ciudad, la Gente y la Creaci\u00f3n de Empleo, la nueva Subvenci\u00f3n para la Revitalizaci\u00f3n Econ\u00f3mica Regional y la Creaci\u00f3n de un Entorno de Vida (Subvenci\u00f3n de Segunda Generaci\u00f3n), los &quot;Siete Pilares&quot; del proyecto &quot;Himawari Holding&quot; y el presupuesto del proyecto para el a\u00f1o fiscal 2025.<\/p>\n<h3>Yayoi Kawamoto, Jefe de Secci\u00f3n, Divisi\u00f3n de Estrategia Futura de la Ciudad<\/h3>\n<figure class=\"wp-caption aligncenter\"><a href=\"https:\/\/photos.google.com\/share\/AF1QipMkrigF2R0Y19iaU0CV4tjOSKKHJ_Rfno43ydos__93a20Xd8I2HVN5Ltx0CmqmUA\/photo\/AF1QipPRjYkyLxTuN6akpqsa-YAKySojMBg_2g76LHE?key=NmhIWTJsbFNqelZVaUhBN3QtRnhhekZ5X0Roek9n\" target=\"_blank\"><img decoding=\"async\" src=\"https:\/\/lh3.googleusercontent.com\/pw\/AP1GczP6_WIESwmLcRyvgTFadmu2EE-F9E725fP4DJuRGynxeQZv9edHBaq1VEBaxS2NBr3ACedL2LOSHDSsggCvXs1RVJREPZkZu6cRU1OVhB2pxFT28PpDdU5RI6q_xtT_Ih0aGyYoNav2paS1AgZyiZLw=w2000-h1125-s-no-gm?authuser=0\" width=\"2000\" height=\"1125\" alt=\"Explicaci\u00f3n del jefe de secci\u00f3n Yayoi Kawamoto\" class=\"size-full\" \/><\/a><figcaption class=\"wp-caption-text\">Explicaci\u00f3n del jefe de secci\u00f3n Yayoi Kawamoto<\/figcaption><\/figure>\n<p>El jefe de secci\u00f3n, Kawamoto, realiz\u00f3 una presentaci\u00f3n sobre una amplia gama de campos comerciales.<\/p>\n<ol>\n<li><b>Pago de impuestos locales y transporte p\u00fablico local<\/b><\/li>\n<li><b>Divisi\u00f3n de Apoyo a la Vida Infantil:<\/b>&quot;Contador sin escritura (digitalizaci\u00f3n de los contadores de los gobiernos locales)&quot; y el desarrollo de un sistema de soporte multicapa<\/li>\n<li><b>Divisi\u00f3n de la Industria:<\/b>Medidas para prevenir da\u00f1os causados por aves y animales. Gesti\u00f3n de la Aldea Girasol.<\/li>\n<li><b>Divisi\u00f3n de Construcci\u00f3n:<\/b>&quot;Formulaci\u00f3n de estrategias de gesti\u00f3n para la contabilidad de agua y alcantarillado&quot; &quot;Construcci\u00f3n de un centro de remoci\u00f3n de nieve y una cochera de autobuses&quot;<\/li>\n<li><b>Junta de Educaci\u00f3n:<\/b>Organizar el &quot;(nombre tentativo) Centro Integral de Aprendizaje e Intercambio de la Ciudad de Hokuryu&quot;, la &quot;Escuela Intensiva P\u00fablica en L\u00ednea&quot; y la &quot;Sesi\u00f3n de Capacitaci\u00f3n para la Creaci\u00f3n de Nuevas Escuelas&quot;, y prepararse para solicitar el estatus de &quot;Escuela de Curr\u00edculo Especial&quot;.<\/li>\n<\/ol>\n<h2>Intercambio animado de opiniones<\/h2>\n<p>Despu\u00e9s de escuchar la explicaci\u00f3n del pueblo, los habitantes presentes hicieron diversas preguntas y expresaron sus opiniones, dando lugar a una animada sesi\u00f3n de preguntas y respuestas.<\/p>\n<figure class=\"wp-caption aligncenter\"><a href=\"https:\/\/photos.google.com\/share\/AF1QipMkrigF2R0Y19iaU0CV4tjOSKKHJ_Rfno43ydos__93a20Xd8I2HVN5Ltx0CmqmUA\/photo\/AF1QipPDfkv8yS8gUkRoUprEiqWbi--5_bVD89pDUvY?key=NmhIWTJsbFNqelZVaUhBN3QtRnhhekZ5X0Roek9n\" target=\"_blank\"><img decoding=\"async\" src=\"https:\/\/lh3.googleusercontent.com\/pw\/AP1GczM5NrFNJVQtlxPs_ILJtEE28-cBDeQMOF0HJQOUamN4vSxgVZSm_Ub4zwpIUU_gQhXZ7PEh4UrZeBeGc7QILk_drkvtPRSFl9wDXKl58lPhE4II5iEoh1ROuvUI3D4aBaI0Xi_KFELomYY0UkV-82D5=w2000-h1125-s-no-gm?authuser=0\" width=\"2000\" height=\"1125\" alt=\"intercambio de opiniones\" class=\"size-full\" \/><\/a><figcaption class=\"wp-caption-text\">intercambio de opiniones<\/figcaption><\/figure>\n<figure class=\"wp-caption aligncenter\"><a href=\"https:\/\/photos.google.com\/share\/AF1QipMkrigF2R0Y19iaU0CV4tjOSKKHJ_Rfno43ydos__93a20Xd8I2HVN5Ltx0CmqmUA\/photo\/AF1QipMvUV8F68SF0G_tiMk21CJnPqMlxAFJHSWU7kI?key=NmhIWTJsbFNqelZVaUhBN3QtRnhhekZ5X0Roek9n\" target=\"_blank\"><img decoding=\"async\" src=\"https:\/\/lh3.googleusercontent.com\/pw\/AP1GczPLq-udMllslfTI23PCOraIF6fl2ooHBya9lV1Aubf9vKOha-hH5Hc2OG2paOVkBx5IBisd0XQpEy1fwx9oxOcjGuSAKwohCcGZjWrDEtC0Ip3bK17Az1ABtxcWJ8IYj6KzL_t0anyaWAOkK_fd0Qnj=w2000-h1125-s-no-gm?authuser=0\" width=\"2000\" height=\"1125\" alt=\"Sesi\u00f3n animada de preguntas y respuestas\" class=\"size-full\" \/><\/a><figcaption class=\"wp-caption-text\">Sesi\u00f3n animada de preguntas y respuestas<\/figcaption><\/figure>\n<h3>Principales opiniones y preguntas<\/h3>\n<ol>\n<li><b>Mi Sistema Num\u00e9rico y Gobierno Digital:<\/b>Para aumentar la tasa de adopci\u00f3n, se requieren mejoras en los procedimientos de solicitud en l\u00ednea y en el servicio de ventanilla, y se llevaron a cabo debates sobre la mejora del sistema y el fortalecimiento de la respuesta en el sitio, teniendo en cuenta el impacto en el impuesto de asignaci\u00f3n local.<\/li>\n<li><b>Estado de deterioro y reparaci\u00f3n de la infraestructura vial:<\/b>En cuanto al importante desnivel en el arc\u00e9n de la carretera, el informe indic\u00f3 que un contratista ha estado trabajando en las reparaciones durante los \u00faltimos dos a\u00f1os. Sin embargo, se se\u00f1al\u00f3 que las obras de reparaci\u00f3n podr\u00edan tardar varios a\u00f1os m\u00e1s en completarse, y que parte del trabajo podr\u00eda tener que subcontratarse a otros contratistas.<\/li>\n<li><b>Problemas con las se\u00f1ales y se\u00f1ales de tr\u00e1fico:<\/b>Se reportaron se\u00f1ales rotadas y arrastradas por el viento, y se expres\u00f3 preocupaci\u00f3n por la seguridad de las se\u00f1ales prefabricadas. La propuesta de reubicar la se\u00f1al requerir\u00eda coordinaci\u00f3n con las operaciones de remoci\u00f3n de nieve y autorizaci\u00f3n policial, y el gobierno comenz\u00f3 a considerar maneras de mejorar la situaci\u00f3n.<\/li>\n<li><b>Presupuesto suplementario y prioridades de construcci\u00f3n:<\/b>Se explic\u00f3 la dificultad de elaborar y obtener presupuestos suplementarios y se se\u00f1al\u00f3 el riesgo de que los trabajos de mantenimiento y reparaci\u00f3n necesarios se retrasen debido a d\u00e9ficit presupuestarios.<\/li>\n<li><b>Mejorar la respuesta del personal del Ayuntamiento:<\/b>Se critic\u00f3 la inadecuada respuesta y comunicaci\u00f3n del personal del ayuntamiento en el lugar y se hicieron llamados para un cambio en su actitud respecto al trato con los ciudadanos.<\/li>\n<li><b>Medidas de promoci\u00f3n del desarrollo urbano y desarrollo de recursos humanos:<\/b>Teniendo en cuenta la situaci\u00f3n actual de las asociaciones de vecinos (envejecimiento de la poblaci\u00f3n, falta de directivos, escasez presupuestaria), se anunci\u00f3 una pol\u00edtica seg\u00fan la cual el personal administrativo asistir\u00e1 a las reuniones de cada asociaci\u00f3n para recabar opiniones. Se planean intercambios de opiniones de diversas formas, seg\u00fan la regi\u00f3n, como un evento tipo cafeter\u00eda para estudiantes de secundaria y talleres para la generaci\u00f3n de padres.<\/li>\n<li><b>Plan de Reubicaci\u00f3n del Centro Comunitario y Patrimonio Cultural:<\/b>Como parte de un plan de reurbanizaci\u00f3n del centro comunitario, en colaboraci\u00f3n con el Centro de Mejoras, se debatieron m\u00e9todos para la reubicaci\u00f3n de monumentos literarios y bienes culturales hist\u00f3ricos. Se consideraron m\u00e9todos espec\u00edficos para preservar y reubicar estos bienes, as\u00ed como la manera de equilibrarlos con las medidas de remoci\u00f3n de nieve espec\u00edficas para zonas con fuertes nevadas y garantizar la conservaci\u00f3n de la herencia cultural.<\/li>\n<\/ol>\n<p>Al igual que los campos de arroz dorado fuera de la ventana, esta reuni\u00f3n fue muy fruct\u00edfera.<\/p>\n<figure class=\"wp-caption aligncenter\"><a href=\"https:\/\/photos.google.com\/share\/AF1QipMsfCXEGzPxk-PmQBUwjzgEAPOSUVWMhTRaTD9scGS6k3I4NLQCT3fXaIqu0Qb0cw\/photo\/AF1QipNyK31_XRwUTo0Qm1nKXfcYzCPfTIcaEElY7dQ?key=VG81aW1pWkFvSngzRzF0S0RDYTlJT1BMVThWNzF3\"><img decoding=\"async\" src=\"https:\/\/lh3.googleusercontent.com\/pw\/AP1GczOV6yviqeNnsqBhrF9dRRJBw4iIcwERBlKc9ACnIxlDJPDmzOHpCgL9Bqzd7y_qDpuUWK1NFQdI1m8ZQgdcx-paXbCyJPT0XKGx7LYJHD-xQiz4BH42HID6nY-wHv5ia_6anKTgVnda7v0imgf4kDgY=w2000-h1500-s-no-gm?authuser=0\" width=\"2000\" height=\"1500\" alt=\"Paisaje colorido de campos de arroz\" class=\"size-full\" \/><\/a><figcaption class=\"wp-caption-text\">Paisaje colorido de campos de arroz<\/figcaption><\/figure>\n<p>Con amor ilimitado, gratitud y oraciones, el Consejo de Desarrollo de la Ciudad escuchar\u00e1 las valiosas opiniones de los ciudadanos, les responder\u00e1 tanto como sea posible y avanzar\u00e1 paso a paso hacia un nuevo futuro brillante para la ciudad de Hokuryu.<\/p>\n<h2>Otras fotos<\/h2>\n<div class=\"img-move\"><img decoding=\"async\" style=\"vertical-align: middle;\" src=\"https:\/\/ehokkaido.net\/wp-content\/uploads\/2021\/12\/2021-12-06-11.41.12.png\" \/> <a href=\"https:\/\/photos.app.goo.gl\/yAZjSiW5sfPbSFj49\" target=\"_blank\" rel=\"noopener noreferrer\">Las fotos (25 fotos) de la Reuni\u00f3n de Discusi\u00f3n sobre el Desarrollo de la Ciudad y la Asociaci\u00f3n de Vecinos de Wa est\u00e1n aqu\u00ed &gt;&gt;<\/a><\/div>\n<h2>Art\u00edculos relacionados<\/h2>\n\n        <div class=\"site-blogcard-premium\">\n            <div class=\"bc-label-custom\">Art\u00edculos relacionados<\/div>\n            <div class=\"bc-flex-container\">\n                <div class=\"bc-main-text\">\n                    <div class=\"bc-title-link-box\">\n                        <a href=\"https:\/\/portal.hokuryu.info\/es\/63169\/\" target=\"_blank\">https:\/\/portal.hokuryu.info\/63169<\/a>\n                    <\/div>\n                    <div class=\"bc-excerpt-box\">No se puede recuperar la informaci\u00f3n de la p\u00e1gina.<\/div>\n                <\/div>\n                <div class=\"bc-thumbnail-box\">\n                    <a href=\"https:\/\/portal.hokuryu.info\/es\/63169\/\" target=\"_blank\">\n                        <div class=\"bc-img-zoom-wrap\">\n                            <img decoding=\"async\" src=\"https:\/\/portal.hokuryu.info\/wp\/wp-content\/uploads\/2026\/02\/20230802DSC06445_1.jpg\" alt=\"https:\/\/portal.hokuryu.info\/63169\">\n                        <\/div>\n                    <\/a>\n                <\/div>\n            <\/div>\n        <\/div>\n<p>\u25c7 <a href=\"https:\/\/portal.hokuryu.info\/es\/62509\/\">\ud83d\udd8b\ufe0f Planificaci\u00f3n de contenido, redacci\u00f3n de art\u00edculos, selecci\u00f3n de fotograf\u00edas y creaci\u00f3n de v\u00eddeos: Ikuko Terauchi<img decoding=\"async\" style=\"vertical-align: middle;\" src=\"https:\/\/ehokkaido.net\/wp-content\/uploads\/2021\/12\/2021-12-06-11.41.12.png\" \/> Fotograf\u00eda, edici\u00f3n y gesti\u00f3n del sitio web: Noboru Terauchi<\/a><\/p>","protected":false},"excerpt":{"rendered":"<p>2025\u5e748\u670827\u65e5\uff08\u6c34\uff09 8\u670821\u65e5\uff08\u6728\uff09\u3001\u548c\u30b3\u30df\u30e5\u30cb\u30c6\u30a3\u30bb\u30f3\u30bf\u30fc\u3067\u300c\u307e\u3061\u3065\u304f\u308a\u61c7\u8ac7\u4f1a\u300d\u304c\u958b\u50ac\u3055\u308c\u3001\u7d0420\u540d\u306e\u753a\u6c11\u304c\u53c2\u52a0\u3057\u307e\u3057\u305f\u3002\u4f50\u3005\u6728\u753a\u9577\u304b\u3089\u5730\u65b9\u5275\u751f\u4ea4\u4ed8\u91d1\u306e\u6e80\u984d\u7372\u5f97\u304c\u5831\u544a\u3055\u308c\u3001\u753a\u306e\u672a\u6765\u306b\u5411\u3051\u305f\u4e8b [&hellip;]<\/p>\n","protected":false},"author":1,"featured_media":63267,"comment_status":"open","ping_status":"open","sticky":false,"template":"","format":"standard","meta":{"footnotes":""},"categories":[4,75,112],"tags":[],"class_list":["post-63172","post","type-post","status-publish","format-standard","has-post-thumbnail","hentry","category-cover-story","category-sasaki-yasuhiro-mayor","category-local_revitalization_2"],"_links":{"self":[{"href":"https:\/\/portal.hokuryu.info\/es\/wp-json\/wp\/v2\/posts\/63172","targetHints":{"allow":["GET"]}}],"collection":[{"href":"https:\/\/portal.hokuryu.info\/es\/wp-json\/wp\/v2\/posts"}],"about":[{"href":"https:\/\/portal.hokuryu.info\/es\/wp-json\/wp\/v2\/types\/post"}],"author":[{"embeddable":true,"href":"https:\/\/portal.hokuryu.info\/es\/wp-json\/wp\/v2\/users\/1"}],"replies":[{"embeddable":true,"href":"https:\/\/portal.hokuryu.info\/es\/wp-json\/wp\/v2\/comments?post=63172"}],"version-history":[{"count":0,"href":"https:\/\/portal.hokuryu.info\/es\/wp-json\/wp\/v2\/posts\/63172\/revisions"}],"wp:featuredmedia":[{"embeddable":true,"href":"https:\/\/portal.hokuryu.info\/es\/wp-json\/wp\/v2\/media\/63267"}],"wp:attachment":[{"href":"https:\/\/portal.hokuryu.info\/es\/wp-json\/wp\/v2\/media?parent=63172"}],"wp:term":[{"taxonomy":"category","embeddable":true,"href":"https:\/\/portal.hokuryu.info\/es\/wp-json\/wp\/v2\/categories?post=63172"},{"taxonomy":"post_tag","embeddable":true,"href":"https:\/\/portal.hokuryu.info\/es\/wp-json\/wp\/v2\/tags?post=63172"}],"curies":[{"name":"wp","href":"https:\/\/api.w.org\/{rel}","templated":true}]}}