{"id":63169,"date":"2025-08-26T09:36:32","date_gmt":"2025-08-26T00:36:32","guid":{"rendered":"https:\/\/portal.hokuryu.info\/?p=63169"},"modified":"2025-09-04T16:29:06","modified_gmt":"2025-09-04T07:29:06","slug":"%e5%8c%97%e7%ab%9c%e7%94%ba%e3%81%ae%e6%9c%aa%e6%9d%a5%e3%82%92%e8%aa%9e%e3%82%8b%ef%bc%81%e3%81%be%e3%81%a1%e3%81%a5%e3%81%8f%e3%82%8a%e6%87%87%e8%ab%87%e4%bc%9a%e3%81%8c%e7%a2%a7%e6%b0%b4%e7%94%ba","status":"publish","type":"post","link":"https:\/\/portal.hokuryu.info\/es\/63169\/","title":{"rendered":"\u00a1Debate sobre el futuro de Hokuryu! La Asociaci\u00f3n de Vecinos de Hekisui organiza una reuni\u00f3n de planificaci\u00f3n urbana."},"content":{"rendered":"<p>Martes 26 de agosto de 2025<\/p>\n<div class=\"ep-box es-BpaperRight es-grid bgc-VPsky\">El mi\u00e9rcoles 20 de agosto se celebr\u00f3 una reuni\u00f3n de debate sobre desarrollo urbano en el Centro Hekisui Ikigai. Asistieron aproximadamente 20 residentes, y la reuni\u00f3n incluy\u00f3 explicaciones sobre las pol\u00edticas para el a\u00f1o fiscal 2025 y las novedades para el Festival del Girasol. Durante el intercambio de opiniones, se mantuvieron animadas conversaciones sobre problemas que enfrenta la comunidad, como la gesti\u00f3n de los vertederos de basura y el problema de las viviendas vac\u00edas peligrosas. Este fue un paso importante en el desarrollo urbano colaborativo, donde el gobierno y los residentes se unen para construir el futuro de Hokuryu.<\/div>\n<h2>Grupo de discusi\u00f3n sobre desarrollo urbano\/Asociaci\u00f3n de vecinos de Hekisui<\/h2>\n<p>El mi\u00e9rcoles 20 de agosto, a las 17:30, se celebr\u00f3 una reuni\u00f3n de debate sobre el desarrollo urbano en el Centro Hekisui Ikigai. Aproximadamente 20 residentes se reunieron e intercambiaron opiniones activamente.<\/p>\n<figure class=\"wp-caption aligncenter\"><a href=\"https:\/\/photos.google.com\/share\/AF1QipOOuwX-h13cntO82Ye2F1dcA-S4YaK0uNsAopLPbuq0Ulzil9u9EtMTeK4FBk6Qhg\/photo\/AF1QipPgez1fSbErjqgwvW1c6H_nQwl00Vn7P-rvQtA?key=QV9jWE8yNThFMkZPekFRaTFXYmxCZi1hNThUR3J3\" target=\"_blank\"><img decoding=\"async\" src=\"https:\/\/lh3.googleusercontent.com\/pw\/AP1GczMpnL9E9iMq_Ptb3axFHgBxjg4PR3VpnnRJdDpScvdzI8tfalV81PnG51ujFkXurowL1BgtX7Pm3iqKuMaRv_iMsUnxPGPsKPMoKJcmsPSh4fe4qC8jqdXE6nkfKpk_ZPN82big2TjsRTFzheqqYahW=w2000-h1125-s-no-gm?authuser=0\" width=\"2000\" height=\"1125\" alt=\"Foro de planificaci\u00f3n urbana de Hekisui\" class=\"size-full\" \/><\/a><figcaption class=\"wp-caption-text\">Foro de planificaci\u00f3n urbana de Hekisui<\/figcaption><\/figure>\n<p>En la reuni\u00f3n, se explicaron los cambios en las pol\u00edticas y sistemas del gobierno local, como la ejecuci\u00f3n presupuestaria y la reforma organizativa para el a\u00f1o fiscal 2025, y la ampliaci\u00f3n del presupuesto para la Revitalizaci\u00f3n Regional 2.0. Tambi\u00e9n se presentaron informes sobre el \u00e9xito del Festival del Girasol, las nuevas iniciativas relacionadas con las tarifas de estacionamiento y los experimentos con IA para medir el n\u00famero de visitantes.<\/p>\n<h3>Moderador: Vicealcalde Masaaki Okuda<\/h3>\n<figure class=\"wp-caption aligncenter\"><a href=\"https:\/\/photos.google.com\/share\/AF1QipOOuwX-h13cntO82Ye2F1dcA-S4YaK0uNsAopLPbuq0Ulzil9u9EtMTeK4FBk6Qhg\/photo\/AF1QipNP6A9jOoo-byTUsrx85nB2qP5qpva7mtK6UTs?key=QV9jWE8yNThFMkZPekFRaTFXYmxCZi1hNThUR3J3\" target=\"_blank\"><img decoding=\"async\" src=\"https:\/\/lh3.googleusercontent.com\/pw\/AP1GczNRntmLxR3TVgFNraoGcegwzVOgNt_5SgI1DnO-pVFhg-fy7mcBTa1oe1MOonWWr-xiAtQu3VeFHRxeEFaAt2wQtGKBw7fRUe20iIPPixSpud1K96EXxa3umeTHxyYGYbLFyjMkAfzv6eO_4EemEC2u=w2000-h1125-s-no-gm?authuser=0\" width=\"2000\" height=\"1125\" alt=\"Moderador: Vicealcalde Masaaki Okuda\" class=\"size-full\" \/><\/a><figcaption class=\"wp-caption-text\">Moderador: Vicealcalde Masaaki Okuda<\/figcaption><\/figure>\n<h3>Saludos del alcalde Yasuhiro Sasaki<\/h3>\n<figure class=\"wp-caption aligncenter\"><a href=\"https:\/\/photos.google.com\/share\/AF1QipOOuwX-h13cntO82Ye2F1dcA-S4YaK0uNsAopLPbuq0Ulzil9u9EtMTeK4FBk6Qhg\/photo\/AF1QipPCEDA41cypS2opzFqgVGLnEGvhJ7mkEM64smw?key=QV9jWE8yNThFMkZPekFRaTFXYmxCZi1hNThUR3J3\" target=\"_blank\"><img decoding=\"async\" src=\"https:\/\/lh3.googleusercontent.com\/pw\/AP1GczMkkei5W_LmNyV3wE8aPzf3tLfrstjTBm5-CPM8C-7EtmJi0RcGgpsOcmVaX5UrXoehkHsvbov7v1b3F0R8ytZICRbYwVoilJRMt3OLue0soY5ozrBHo5cHy_UYv2cM9DZs_-YKzplQvsslZ7YnkQ-E=w2000-h1125-s-no-gm?authuser=0\" width=\"2000\" height=\"1125\" alt=\"Saludos del alcalde Yasuhiro Sasaki\" class=\"size-full\" \/><\/a><figcaption class=\"wp-caption-text\">Saludos del alcalde Yasuhiro Sasaki<\/figcaption><\/figure>\n<p>&quot;Es O-ban.<\/p>\n<p>Nos gustar\u00eda expresar nuestro sincero agradecimiento a todos los que se tomaron el tiempo de venir, incluido el presidente de la Asociaci\u00f3n de Vecinos de Takeuchi, para reunirnos en un momento que es dif\u00edcil de hacer a las 5:30 de la tarde.<\/p>\n<p>Los preparativos para la cosecha de arroz glutinoso y no glutinoso est\u00e1n en marcha, as\u00ed que imagino que debe estar ocupado. Muchas gracias.<\/p>\n<p>Me gustar\u00eda aprovechar el momento hoy para explicar los proyectos del a\u00f1o fiscal 2025 que est\u00e1n en marcha desde abril.<\/p>\n<p>Se ha llevado a cabo una reforma organizativa, y la Divisi\u00f3n de Estrategia para el Futuro del Municipio ahora est\u00e1 a cargo. Se han producido muchos cambios.<\/p>\n<p>El presupuesto nacional se est\u00e1 moviendo en varias direcciones y ahora estamos en una era en la que, si permanecemos en silencio, no recibiremos ning\u00fan dinero del gobierno.<\/p>\n<p>Para responder a diversas cuestiones, hemos identificado nuestros departamentos y realizado cambios para que podamos responder a las diversas opiniones de nuestros ciudadanos.<\/p>\n<p>El punto principal es que, como Oficina de Pol\u00edtica General, pretendemos unir a cada departamento en su conjunto y garantizar que los deseos de los ciudadanos est\u00e9n alineados con el presupuesto.<\/p>\n<p>El tema principal del proyecto es &quot;Revitalizaci\u00f3n Regional 2.0&quot;. El primer ministro Ishiba ha trabajado en la revitalizaci\u00f3n regional durante los \u00faltimos 10 a\u00f1os, pero considera que &quot;no ha sido eficaz. Las regiones no est\u00e1n brillando con luz propia&quot;, por lo que aument\u00f3 el presupuesto de 100 mil millones de yenes a 200 mil millones de yenes este a\u00f1o.<\/p>\n<p>A partir de ahora os ir\u00e9 explicando varias cosas, pero me asegurar\u00e9 de transmitirlas con claridad, escuchar atentamente vuestras opiniones, darles forma y responder adecuadamente.<\/p>\n<p>El evento se desarrollar\u00e1 hasta las 19h de hoy y esperamos escuchar muchas de vuestras opiniones.<\/p>\n<p>Finalmente, el Festival del Girasol se celebr\u00f3 con \u00e9xito del 20 de julio al 18 de agosto. Este a\u00f1o, decidimos cobrar tarifa de estacionamiento. Llevamos 20 a\u00f1os debatiendo el tema.<\/p>\n<p>Creo que les he causado muchos problemas a todos de muchas maneras y hablar\u00e9 de eso m\u00e1s adelante.<\/p>\n<p>Tambi\u00e9n hemos comenzado a experimentar con el uso de IA para contar el n\u00famero de visitantes, utilizando reconocimiento facial y otros m\u00e9todos para obtener un recuento real.<\/p>\n<p>Esto nos dar\u00e1 una idea de cu\u00e1nto efecto girasol hay.<\/p>\n<p>Hoy se iniciar\u00e1 la primera &quot;Reuni\u00f3n de discusi\u00f3n sobre el desarrollo de la ciudad&quot; con la Asociaci\u00f3n de vecinos de Aomizu, ma\u00f1ana se llevar\u00e1 a cabo con la Asociaci\u00f3n de vecinos de Wa y pasado ma\u00f1ana con la Asociaci\u00f3n de vecinos de Mibaushi.<\/p>\n<p>&quot;Esperamos seguir contando con su apoyo&quot;, afirm\u00f3 el alcalde Sasaki.<\/p>\n<h3>Descripci\u00f3n general a cargo de Katsuyoshi Takahashi, Director de la Oficina de Planificaci\u00f3n de Pol\u00edticas<\/h3>\n<figure class=\"wp-caption aligncenter\"><a href=\"https:\/\/photos.google.com\/share\/AF1QipOOuwX-h13cntO82Ye2F1dcA-S4YaK0uNsAopLPbuq0Ulzil9u9EtMTeK4FBk6Qhg\/photo\/AF1QipNctfaN9uf7ppyS-5MTRwiSzyzzwPeeY48Dsv8?key=QV9jWE8yNThFMkZPekFRaTFXYmxCZi1hNThUR3J3\" target=\"_blank\"><img decoding=\"async\" src=\"https:\/\/lh3.googleusercontent.com\/pw\/AP1GczOlJWO5YWhPrTaoNP9WI4wiLX01lv2KVvlXyhkZwxUEI1NNOABDcROOW9Qqm3McAxS6L6fckdUECtVB-QqSpoSZearBhmmIo6k-wDA3x35s0DWCRgPB1rcDLfLuJj06yRR9yIy5YK3AZLMiqtDNisgr=w2000-h1125-s-no-gm?authuser=0\" width=\"2000\" height=\"1125\" alt=\"Resumen del Director General de Estudios Pol\u00edticos, Katsuyoshi Takahashi\" class=\"size-full\" \/><\/a><figcaption class=\"wp-caption-text\">Resumen del Director General de Estudios Pol\u00edticos, Katsuyoshi Takahashi<\/figcaption><\/figure>\n<h4>Explicaci\u00f3n de la promoci\u00f3n de la revitalizaci\u00f3n regional<\/h4>\n<p>Se explic\u00f3 la pol\u00edtica b\u00e1sica de la estrategia integral de la ciudad de Hokuryu para crear ciudades, personas y empleos, la subvenci\u00f3n para la creaci\u00f3n de una nueva econom\u00eda local y un entorno de vida (subvenci\u00f3n de segunda generaci\u00f3n), los &quot;siete pilares&quot; del proyecto &quot;Himawari Holdings&quot; y los costos del proyecto para el a\u00f1o fiscal 2025.<\/p>\n<h3>Explicaci\u00f3n de Yayoi Kawamoto, Director de la Divisi\u00f3n de Estrategia Futura de la Ciudad<\/h3>\n<figure class=\"wp-caption aligncenter\"><a href=\"https:\/\/photos.google.com\/share\/AF1QipOOuwX-h13cntO82Ye2F1dcA-S4YaK0uNsAopLPbuq0Ulzil9u9EtMTeK4FBk6Qhg\/photo\/AF1QipNMq1g87zr4EUmG-g6c5QutfMpxT2IWHU1fX4k?key=QV9jWE8yNThFMkZPekFRaTFXYmxCZi1hNThUR3J3\" target=\"_blank\"><img decoding=\"async\" src=\"https:\/\/lh3.googleusercontent.com\/pw\/AP1GczNzfHs6ze-Ci_lU2Kmms1pfPOmWxdtl7LeqFVEmoEeiOQS2YgYLJo5m96Iz66rodIA-uD3XmSp-feb6x7pVJ0tZsGzX590hTiMXYGU4CuOPrfv6GAd3K545X4Hyzn5rwLsExidxaMQUJmBm8Gzo8WlK=w2000-h1125-s-no-gm?authuser=0\" width=\"2000\" height=\"1125\" alt=\"Explicaci\u00f3n del jefe de secci\u00f3n Yayoi Kawamoto\" class=\"size-full\" \/><\/a><figcaption class=\"wp-caption-text\">Explicaci\u00f3n del jefe de secci\u00f3n Yayoi Kawamoto<\/figcaption><\/figure>\n<p>Se explicaron los siguientes negocios:<\/p>\n<ol>\n<li>Acerca del &quot;Impuesto Local&quot; y el &quot;Transporte P\u00fablico Regional&quot; (Divisi\u00f3n de Estrategia Futura de la Ciudad)<\/li>\n<li>Sobre el proyecto &quot;Ventanilla de No Escritura (Digitalizaci\u00f3n de Oficinas Municipales)&quot; y &quot;Desarrollo de un Sistema de Apoyo Multicapa&quot; (Divisi\u00f3n de Apoyo Vital Infantil)<\/li>\n<li>Sobre las &quot;Medidas para la prevenci\u00f3n de da\u00f1os causados por aves y animales&quot; y la &quot;Gesti\u00f3n de la aldea de girasol&quot; (Divisi\u00f3n de Industria)<\/li>\n<li>Sobre \u201cDesarrollo de estrategias de gesti\u00f3n para la contabilidad de agua y alcantarillado\u201d y \u201cConstrucci\u00f3n de un centro de remoci\u00f3n de nieve y una cochera de autobuses\u201d (Divisi\u00f3n de Construcci\u00f3n)<\/li>\n<li>En relaci\u00f3n con la celebraci\u00f3n del &quot;Centro de Aprendizaje e Intercambio Integral de la Ciudad de Hokuryu (nombre provisional)&quot;, la &quot;Escuela P\u00fablica Virtual&quot;, el &quot;Taller de Creaci\u00f3n de Nuevas Escuelas&quot; y la preparaci\u00f3n para la solicitud de &quot;Escuela de Curr\u00edculo Especial&quot; (Consejo de Educaci\u00f3n)<\/li>\n<\/ol>\n<h3>intercambio de opiniones<\/h3>\n<p>Con base en la retroalimentaci\u00f3n del campo, se discutieron medidas para abordar problemas actuales como las tarifas de estacionamiento, la gesti\u00f3n del \u00e1rea, la situaci\u00f3n presupuestaria, la gesti\u00f3n de la vida silvestre, la creaci\u00f3n de una visi\u00f3n para el futuro de la promoci\u00f3n agr\u00edcola y el formato de las reuniones de las asociaciones de vecinos.<\/p>\n<p>Los debates tambi\u00e9n incluyeron c\u00f3mo gestionar las estaciones de basura en la ciudad de Kitary\u016b, las medidas de remoci\u00f3n de nieve y el problema de las casas vac\u00edas, y pidieron que se consideren medidas para abordar la situaci\u00f3n de los residentes y voluntarios locales, cuestiones financieras y el impacto del envejecimiento de la poblaci\u00f3n y la disminuci\u00f3n del n\u00famero de hogares.<\/p>\n<h4>1. Eliminaci\u00f3n de espejos convexos<\/h4>\n<ul>\n<li><strong>[Preguntas\/Solicitudes]<\/strong><br \/>\n        \u00bfEst\u00e1 bien quitar el espejo convexo cerca del puente Takeuchi?<\/li>\n<li><strong>\u3010respuesta\u3011<\/strong><br \/>\n        S\u00ed, no hay problema en retirarlo. El gobierno local tomar\u00e1 medidas de inmediato.<\/li>\n<\/ul>\n<h4>2. Gesti\u00f3n de estaciones de basura<\/h4>\n<ul>\n<li><strong>[Preguntas\/Solicitudes]<\/strong><br \/>\n        En la actualidad, el punto de recogida de basura local est\u00e1 gestionado por voluntarios, pero a medida que los administradores envejecen, existe la preocupaci\u00f3n de que en el futuro ser\u00e1 dif\u00edcil gestionarlo y no quedar\u00e1 nadie para hacerlo.<\/li>\n<li><strong>[Respuesta\/Discusi\u00f3n]<\/strong><br \/>\n        Las estaciones de basura se instalaron originalmente a petici\u00f3n de los residentes locales. Somos conscientes de que la gesti\u00f3n local se est\u00e1 volviendo m\u00e1s dif\u00edcil debido al envejecimiento y la disminuci\u00f3n de la poblaci\u00f3n. No se trata solo de una cuesti\u00f3n econ\u00f3mica, por lo que lo consideramos un problema integral para la regi\u00f3n, al igual que la retirada de nieve. En el futuro, el gobierno considerar\u00e1 las medidas y el apoyo que puede proporcionar, incluyendo la obtenci\u00f3n de recursos financieros.<\/li>\n<\/ul>\n<h4>3. C\u00f3mo lidiar con casas vac\u00edas peligrosas<\/h4>\n<ul>\n<li><strong>[Preguntas\/Solicitudes]<\/strong><br \/>\n        En cuanto a las peligrosas casas vac\u00edas se\u00f1aladas anteriormente, debemos actuar antes de que ocurra un accidente. Si los propietarios no act\u00faan, deber\u00edamos considerar la ejecuci\u00f3n administrativa por parte del gobierno para demolerlas por la fuerza.<\/li>\n<li><strong>[Respuesta\/Discusi\u00f3n]<\/strong><br \/>\n        En cuanto a la casa vac\u00eda que mencion\u00f3, el gobierno local tambi\u00e9n est\u00e1 tomando medidas. Como \u00faltimo recurso, estamos considerando una &quot;ejecuci\u00f3n administrativa&quot;, en la que el gobierno local demoler\u00eda la propiedad en nombre del propietario. Sin embargo, existen procedimientos legales que seguir, y se espera que tome aproximadamente un a\u00f1o antes de que esto se pueda llevar a cabo, incluyendo la notificaci\u00f3n al propietario. Somos conscientes de la peligrosa situaci\u00f3n y haremos todo lo posible para responder lo antes posible.<\/li>\n<\/ul>\n<figure class=\"wp-caption aligncenter\"><a href=\"https:\/\/photos.google.com\/share\/AF1QipOOuwX-h13cntO82Ye2F1dcA-S4YaK0uNsAopLPbuq0Ulzil9u9EtMTeK4FBk6Qhg\/photo\/AF1QipNKDxRlilR_4dCVonerZp641SPP-G7rVE4ZRuw?key=QV9jWE8yNThFMkZPekFRaTFXYmxCZi1hNThUR3J3\" target=\"_blank\"><img decoding=\"async\" src=\"https:\/\/lh3.googleusercontent.com\/pw\/AP1GczOaaz102Ag4oL_U-QIXWM_vKQAAOYGFnPJKnVEL7WFDu-RfoBp4YkjBMZDWnhdqExdro4SxXN-bQ94ff2QKBVjTLmLISvmUwTPielOrDwq7cvZTyvW8O9T5OyUUoumltA97FxxfF_qG4lclCm3HC3G6=w2000-h1125-s-no-gm?authuser=0\" width=\"2000\" height=\"1125\" alt=\"intercambio de opiniones\" class=\"size-full\" \/><\/a><figcaption class=\"wp-caption-text\">intercambio de opiniones<\/figcaption><\/figure>\n<p>Con infinito amor, gratitud y oraciones, extendemos nuestro m\u00e1s sincero agradecimiento al Foro de Desarrollo Urbano, que fomenta animados intercambios de opiniones entre el gobierno y los ciudadanos, trabajando juntos para promover el desarrollo urbano colaborativo.<\/p>\n<figure class=\"wp-caption aligncenter\"><a href=\"https:\/\/photos.google.com\/share\/AF1QipMsfCXEGzPxk-PmQBUwjzgEAPOSUVWMhTRaTD9scGS6k3I4NLQCT3fXaIqu0Qb0cw\/photo\/AF1QipM06dB01jScDMoSWt0-PZci-82sA59E2cnmmqc?key=VG81aW1pWkFvSngzRzF0S0RDYTlJT1BMVThWNzF3\"><img decoding=\"async\" src=\"https:\/\/lh3.googleusercontent.com\/pw\/AP1GczPS4wiyZ723PJdpJ40unA2H8G072wmoq7BKSXAcUbkdyOlnC8xDt9hRmRmjX5FQzJQ1Y7WW0tZENlU4ZWF_8oWs1cnJ42SdajXpK4sHIq4iAgQjZzeORUlDLwgbRMZr3UiFapi3TwpIUygyW1RarfcQ=w2000-h1500-s-no-gm?authuser=1\" width=\"2000\" height=\"1500\" alt=\"El campo f\u00e9rtil\" class=\"size-full\" \/><\/a><figcaption class=\"wp-caption-text\">El campo f\u00e9rtil<\/figcaption><\/figure>\n<h2>Otras fotos<\/h2>\n<div class=\"img-move\"><img decoding=\"async\" style=\"vertical-align: middle;\" src=\"https:\/\/ehokkaido.net\/wp-content\/uploads\/2021\/12\/2021-12-06-11.41.12.png\" \/> <a href=\"https:\/\/photos.app.goo.gl\/kmWJpQcL9n9vUMev9\" target=\"_blank\" rel=\"noopener noreferrer\">Las fotos (19 fotos) de la Reuni\u00f3n de Discusi\u00f3n sobre el Desarrollo de la Ciudad y la Asociaci\u00f3n de Vecinos de Hekisui est\u00e1n aqu\u00ed &gt;&gt;<\/a><\/div>\n<p>\u25c7 <a href=\"https:\/\/portal.hokuryu.info\/es\/62509\/\">\ud83d\udd8b\ufe0f Planificaci\u00f3n de contenido, redacci\u00f3n de art\u00edculos, selecci\u00f3n de fotograf\u00edas y creaci\u00f3n de v\u00eddeos: Ikuko Terauchi<img decoding=\"async\" style=\"vertical-align: middle;\" src=\"https:\/\/ehokkaido.net\/wp-content\/uploads\/2021\/12\/2021-12-06-11.41.12.png\" \/> Fotograf\u00eda, edici\u00f3n y gesti\u00f3n del sitio web: Noboru Terauchi<\/a><\/p>","protected":false},"excerpt":{"rendered":"<p>2025\u5e74\uff18\u670826\u65e5\uff08\u706b\uff09 8\u670820\u65e5\uff08\u6c34\uff09\u3001\u78a7\u6c34\u751f\u304d\u304c\u3044\u30bb\u30f3\u30bf\u30fc\u3067\u300c\u307e\u3061\u3065\u304f\u308a\u61c7\u8ac7\u4f1a\u300d\u304c\u958b\u50ac\u3055\u308c\u307e\u3057\u305f\u3002\u753a\u6c11\u7d0420\u540d\u304c\u53c2\u52a0\u3057\u3001\u4ee4\u548c7\u5e74\u5ea6\u306e\u653f\u7b56\u3084\u3072\u307e\u308f\u308a\u307e\u3064\u308a\u306e\u65b0\u5c55\u958b\u306b\u3064\u3044\u3066\u8aac\u660e\u304c\u884c\u308f\u308c\u308b\u5834\u306b\u3002\u610f\u898b [&hellip;]<\/p>\n","protected":false},"author":1,"featured_media":63269,"comment_status":"open","ping_status":"open","sticky":false,"template":"","format":"standard","meta":{"footnotes":""},"categories":[4,75,112],"tags":[],"class_list":["post-63169","post","type-post","status-publish","format-standard","has-post-thumbnail","hentry","category-cover-story","category-sasaki-yasuhiro-mayor","category-local_revitalization_2"],"_links":{"self":[{"href":"https:\/\/portal.hokuryu.info\/es\/wp-json\/wp\/v2\/posts\/63169","targetHints":{"allow":["GET"]}}],"collection":[{"href":"https:\/\/portal.hokuryu.info\/es\/wp-json\/wp\/v2\/posts"}],"about":[{"href":"https:\/\/portal.hokuryu.info\/es\/wp-json\/wp\/v2\/types\/post"}],"author":[{"embeddable":true,"href":"https:\/\/portal.hokuryu.info\/es\/wp-json\/wp\/v2\/users\/1"}],"replies":[{"embeddable":true,"href":"https:\/\/portal.hokuryu.info\/es\/wp-json\/wp\/v2\/comments?post=63169"}],"version-history":[{"count":0,"href":"https:\/\/portal.hokuryu.info\/es\/wp-json\/wp\/v2\/posts\/63169\/revisions"}],"wp:featuredmedia":[{"embeddable":true,"href":"https:\/\/portal.hokuryu.info\/es\/wp-json\/wp\/v2\/media\/63269"}],"wp:attachment":[{"href":"https:\/\/portal.hokuryu.info\/es\/wp-json\/wp\/v2\/media?parent=63169"}],"wp:term":[{"taxonomy":"category","embeddable":true,"href":"https:\/\/portal.hokuryu.info\/es\/wp-json\/wp\/v2\/categories?post=63169"},{"taxonomy":"post_tag","embeddable":true,"href":"https:\/\/portal.hokuryu.info\/es\/wp-json\/wp\/v2\/tags?post=63169"}],"curies":[{"name":"wp","href":"https:\/\/api.w.org\/{rel}","templated":true}]}}