{"id":62415,"date":"2025-08-12T09:39:53","date_gmt":"2025-08-12T00:39:53","guid":{"rendered":"https:\/\/portal.hokuryu.info\/?p=62415"},"modified":"2025-09-04T16:30:34","modified_gmt":"2025-09-04T07:30:34","slug":"%e5%9c%b0%e5%9f%9f%e3%81%a7%e8%82%b2%e3%81%a6%e3%80%81%e6%9c%aa%e6%9d%a5%e3%82%92%e6%8b%93%e3%81%8f%e3%80%82%e5%8c%97%e7%ab%9c%e7%94%ba%e3%80%81%e6%a0%97%e5%b1%b1%e7%94%ba%e3%81%a8%e5%8c%97%e6%b5%b7","status":"publish","type":"post","link":"https:\/\/portal.hokuryu.info\/es\/62415\/","title":{"rendered":"Formar cuidadores localmente y abrir el futuro: la ciudad de Hokuryu, la ciudad de Kuriyama y la Escuela de Enfermer\u00eda y Bienestar de Hokkaido asumen un nuevo desaf\u00edo para conseguir cuidadores"},"content":{"rendered":"<p>Mi\u00e9rcoles 13 de agosto de 2025<\/p>\n<div class=\"ep-box es-BpaperRight es-grid bgc-VPsky\">El mi\u00e9rcoles 6 de agosto, la ciudad de Hokuryu firm\u00f3 un acuerdo integral de colaboraci\u00f3n con la ciudad de Kuriyama y la Escuela de Enfermer\u00eda y Bienestar de Hokkaido para abordar el desaf\u00edo compartido de la escasez de cuidadores de enfermer\u00eda. Bajo el lema &quot;Creciendo juntos en la comunidad y en Kuriyama&quot;, ambas ciudades cooperar\u00e1n en apoyo acad\u00e9mico y educaci\u00f3n para el bienestar social. Esta es una iniciativa prometedora que apoya los sue\u00f1os de los j\u00f3venes que aspiran a convertirse en cuidadores y construye el futuro de la regi\u00f3n mediante la colaboraci\u00f3n entre los gobiernos locales. Este es el segundo acuerdo de este tipo en la regi\u00f3n de Kita-Sorachi, despu\u00e9s del de Numata (2021), y el vig\u00e9simo primero en total.<\/div>\n<h2>Formar cuidadores localmente y abrir el futuro: la ciudad de Hokuryu, la ciudad de Kuriyama y la Escuela de Enfermer\u00eda y Bienestar de Hokkaido asumen un nuevo desaf\u00edo para conseguir cuidadores<\/h2>\n<p>El mi\u00e9rcoles 6 de agosto de 2025, se celebr\u00f3 en la sala de recepci\u00f3n del Centro de Salud del Ayuntamiento de Hokuryu la ceremonia de firma del &quot;Acuerdo Integral de Colaboraci\u00f3n para la Protecci\u00f3n de los Cuidadores&quot;, liderado por la ciudad de Hokuryu, la ciudad de Kuriyama y la Escuela de Enfermer\u00eda y Bienestar de Hokkaido. El objetivo de este acuerdo es fomentar, proteger y promover la retenci\u00f3n de los cuidadores, as\u00ed como promover la educaci\u00f3n en bienestar social.<\/p>\n<figure class=\"wp-caption aligncenter\"><a href=\"https:\/\/photos.google.com\/share\/AF1QipOnCl_2e-8pDnEd-cg9OZpz8d8hoT_0F6khOYWqhmYjS9Fr88KIr3xpwljCH18T-g\/photo\/AF1QipOpcw7mDPCqgAh3P3POpCzvhpPII_gX4BeqBIU?key=enBSeDZGTDR4S285empDYmFnaGxWUWllQmhYdFFR\" target=\"_blank\"><img decoding=\"async\" src=\"https:\/\/lh3.googleusercontent.com\/pw\/AP1GczPz61NfG9veJhhtTFd4LcH1lWlDNqmT38pcpOX_9pifhD57dJoOzQZ4oXp575gk3m7qsUCs3GNi4i-wAO0PR8HC9HHCBRlh3y_fRsT3JJqMzUD2kLxsqUguU46ybWHXUGPMRSdaigN8gTVt9A1avXnC=w2000-h1125-s-no-gm?authuser=0\" width=\"2000\" height=\"1125\" alt=\"La ciudad de Hokuryu, la ciudad de Kuriyama y la Escuela de Enfermer\u00eda y Bienestar de Hokkaido, ambas administradas por la ciudad de Hokuryu, han firmado un acuerdo de asociaci\u00f3n integral para asegurar el personal de atenci\u00f3n de enfermer\u00eda.\" class=\"size-full\" \/><\/a><figcaption class=\"wp-caption-text\">La ciudad de Hokuryu, la ciudad de Kuriyama y la Escuela de Enfermer\u00eda y Bienestar de Hokkaido, ambas administradas por la ciudad de Hokuryu, han firmado un acuerdo de asociaci\u00f3n integral para asegurar el personal de atenci\u00f3n de enfermer\u00eda.<\/figcaption><\/figure>\n<h3>Descripci\u00f3n general de la ceremonia de firma del acuerdo<\/h3>\n<p>El evento fue moderado por Yayoi Kawamoto, Jefe de la Divisi\u00f3n de Estrategia Futura de la Ciudad.<\/p>\n<figure class=\"wp-caption aligncenter\"><a href=\"https:\/\/photos.google.com\/share\/AF1QipOnCl_2e-8pDnEd-cg9OZpz8d8hoT_0F6khOYWqhmYjS9Fr88KIr3xpwljCH18T-g\/photo\/AF1QipOpb2qXPmEhpswtY7MqN-JrZM6QmCiLG5-NtfE?key=enBSeDZGTDR4S285empDYmFnaGxWUWllQmhYdFFR\" target=\"_blank\"><img decoding=\"async\" src=\"https:\/\/lh3.googleusercontent.com\/pw\/AP1GczOUWE4SuOLJLa3oPmo1gJ33HijB13KXtZ3e-5dre2qT6SvXahVMfnExJiRe65ivMEWR35AQ-DQnfGd6surn_wEWipjaxCwXhKO-xalSpgzCykkt0AVRLxsaCaz7uuf_O7WBQtzrVA1sAp2apGwG5Ehj=w2000-h1125-s-no-gm?authuser=0\" width=\"2000\" height=\"1125\" alt=\"Yayoi Kawamoto, Divisi\u00f3n de Estrategia para el Futuro de la Ciudad\" class=\"size-full\" \/><\/a><figcaption class=\"wp-caption-text\">Yayoi Kawamoto, Divisi\u00f3n de Estrategia para el Futuro de la Ciudad<\/figcaption><\/figure>\n<h4>Presentando a los participantes<\/h4>\n<ul>\n<li><strong>Ciudad de Kuriyama<\/strong>\n<ul>\n<li>Alcalde Manabu Sasaki<\/li>\n<li>Sr. Masakazu Yoshida, Superintendente de la Junta de Educaci\u00f3n<\/li>\n<li>Sr. Takahiro Akushichi, director de la Escuela de Bienestar de Enfermer\u00eda de Hokkaido de la ciudad de Kuriyama<\/li>\n<li>Sr. Toshiyuki Furuta, subdirector y secretario general de la Escuela de Bienestar de Enfermer\u00eda de la ciudad de Kuriyama, Hokkaido<\/li>\n<li>Sr. Takashi Ikoma, Grupo de Asuntos Generales, Divisi\u00f3n de Asuntos Generales, Ayuntamiento de Kuriyama<\/li>\n<\/ul>\n<\/li>\n<li><strong>Ciudad Hokuryu<\/strong>\n<ul>\n<li>El alcalde Yasuhiro Sasaki<\/li>\n<li>Vicealcalde Masaaki Okuda<\/li>\n<li>Superintendente de Educaci\u00f3n Yoshiki Tanaka<\/li>\n<\/ul>\n<\/li>\n<\/ul>\n<h3>Acuerdo de colaboraci\u00f3n para asegurar el personal de atenci\u00f3n de enfermer\u00eda &quot;desarrollado en la comunidad y en Kuriyama&quot;<\/h3>\n<p>Toshiyuki Furuta, subdirector de la Escuela de Bienestar y Enfermer\u00eda de Hokkaido de la ciudad de Kuriyama, describi\u00f3 el acuerdo.<\/p>\n<figure class=\"wp-caption aligncenter\"><a href=\"https:\/\/photos.google.com\/share\/AF1QipOnCl_2e-8pDnEd-cg9OZpz8d8hoT_0F6khOYWqhmYjS9Fr88KIr3xpwljCH18T-g\/photo\/AF1QipP7SAEPCVEFhdZbta5SbVxUvH221weKUVCtsDo?key=enBSeDZGTDR4S285empDYmFnaGxWUWllQmhYdFFR\" target=\"_blank\"><img decoding=\"async\" src=\"https:\/\/lh3.googleusercontent.com\/pw\/AP1GczMhq4OdgNQ2Fzm_9qwNFRmoaFlwC411nph7BM3W7_bwL_vu488AdQhv8vIBGxjKRNw_roXLlfB4GKrLxzUNj_iGfPOJ1Ce4Ua-3JrOt3C1qcegZwToy9FNDKAHMqxspJu5vvy-KdhU03963rYSJPZgS=w2000-h1125-s-no-gm?authuser=0\" width=\"2000\" height=\"1125\" alt=\"El director ejecutivo Toshiyuki Furuta ofrece una sesi\u00f3n informativa\" class=\"size-full\" \/><\/a><figcaption class=\"wp-caption-text\">El director ejecutivo Toshiyuki Furuta ofrece una sesi\u00f3n informativa<\/figcaption><\/figure>\n<p>El prop\u00f3sito de este acuerdo es que la &quot;comunidad local&quot;, que sufre una escasez de personal de atenci\u00f3n de enfermer\u00eda, y la &quot;escuela&quot;, que enfrenta el desaf\u00edo de conseguir estudiantes, trabajen juntos para resolver el problema, bas\u00e1ndose en el tema de que &quot;los trabajadores de atenci\u00f3n que apoyar\u00e1n a la comunidad local se desarrollar\u00e1n juntos en la comunidad local (ciudad de Hokuryu) y Kuriyama&quot;.<\/p>\n<figure class=\"wp-caption aligncenter\"><a href=\"https:\/\/photos.google.com\/share\/AF1QipOnCl_2e-8pDnEd-cg9OZpz8d8hoT_0F6khOYWqhmYjS9Fr88KIr3xpwljCH18T-g\/photo\/AF1QipMLwJKiiaJ4ueSbAFV0lAMPJNvhW551PWVgA5E?key=enBSeDZGTDR4S285empDYmFnaGxWUWllQmhYdFFR\" target=\"_blank\"><img decoding=\"async\" src=\"https:\/\/lh3.googleusercontent.com\/pw\/AP1GczNOJRq5UrshJh8oVBeBulsIbVuHtOyLfuPgpfnZZgb9SyKNiKHER3v2591B6xyShkPeUL08kiZfN8S9UhYTgJ6feHqrI-GTyiG4cpbbvviM-UzVHV_SXaiE0EAJuvTy6mcf8oeCYOmCcEzaP8WQ_qa6=w2000-h1125-s-no-gm?authuser=0\" width=\"2000\" height=\"1125\" alt=\"Materiales para la ceremonia de firma del acuerdo\" class=\"size-full\" \/><\/a><figcaption class=\"wp-caption-text\">Materiales para la ceremonia de firma del acuerdo<\/figcaption><\/figure>\n<h4>Los cuatro principios fundamentales del acuerdo<\/h4>\n<ul>\n<li>Asegurar el personal de atenci\u00f3n de enfermer\u00eda mediante el reclutamiento de estudiantes<\/li>\n<li>Apoyo a la independencia social y profesional de los j\u00f3venes que han renunciado a continuar sus estudios por razones econ\u00f3micas<\/li>\n<li>Identificar y desarrollar cuidadores que liderar\u00e1n el futuro de la regi\u00f3n<\/li>\n<li>Crear un entorno donde los cuidadores puedan permanecer y trabajar durante mucho tiempo<\/li>\n<\/ul>\n<h4>Roles de cada gobierno local<\/h4>\n<ul>\n<li><strong>El papel de la ciudad de Kuriyama (crianza de ni\u00f1os en Kuriyama)<\/strong>\n<ul>\n<li>Se establecer\u00e1 un sistema de admisi\u00f3n por recomendaci\u00f3n del gobierno local, que proporcionar\u00e1 una reducci\u00f3n de 100.000 yenes en la tarifa de entrada y una reducci\u00f3n de 100.000 yenes en la matr\u00edcula del primer a\u00f1o.<\/li>\n<li>Ofrecemos una educaci\u00f3n que sienta las bases para carreras profesionales a trav\u00e9s de la preparaci\u00f3n para ex\u00e1menes nacionales y un plan de estudios \u00fanico.<\/li>\n<li>Apoyamos la educaci\u00f3n sobre bienestar y la capacitaci\u00f3n del personal realizada por los gobiernos locales y las empresas.<\/li>\n<\/ul>\n<\/li>\n<li><strong>El papel del gobierno local con el que se firm\u00f3 el acuerdo (desarrollar el proyecto localmente)<\/strong>\n<ul>\n<li>Cooperaci\u00f3n en el reclutamiento de estudiantes para la escuela.<\/li>\n<li>Para apoyar a los estudiantes que enfrentan dificultades financieras, se ha establecido un sistema de apoyo al estudio para brindar asistencia con la matr\u00edcula y los gastos de manutenci\u00f3n.<\/li>\n<li>Promoveremos la educaci\u00f3n experiencial en bienestar y atenci\u00f3n de enfermer\u00eda en escuelas primarias, secundarias y preparatorias, as\u00ed como actividades de concientizaci\u00f3n para los residentes locales.<\/li>\n<li>Ofreceremos formaci\u00f3n a los cuidadores locales para desarrollar recursos humanos y mejorar sus cualificaciones.<\/li>\n<\/ul>\n<\/li>\n<\/ul>\n<h3>Ejemplos espec\u00edficos de proyectos colaborativos y la visi\u00f3n de futuro que buscamos<\/h3>\n<h4>Ejemplos de proyectos colaborativos<\/h4>\n<ul>\n<li><strong>Proyecto de introducci\u00f3n al gobierno local<\/strong><br \/>\nLos d\u00edas 22 y 23 de julio, 13 municipios asociados participaron y presentaron a los estudiantes las atracciones de la ciudad y las medidas de apoyo profesional. Esta fue una oportunidad para que los estudiantes conocieran las diversas regiones de Hokkaido y ampliaran sus opciones laborales.<\/li>\n<li><strong>Apoyar eventos para promover el atractivo del trabajo de atenci\u00f3n de enfermer\u00eda<\/strong><br \/>\nEl pasado agosto, estudiantes y profesores participaron en un evento en la ciudad de Biratori, ofreciendo un puesto de experiencias de cuidado para residentes y estudiantes de secundaria. Gracias al &quot;Subsidio para aumentar el atractivo de los trabajos de cuidado&quot; de Hokkaido (Subsidio 100%), esto fue posible sin ninguna carga financiera para el gobierno local.<\/li>\n<\/ul>\n<h4>Sistema de colaboraci\u00f3n y visi\u00f3n de futuro: &quot;Ciclo de aseguramiento del personal de atenci\u00f3n de enfermer\u00eda&quot;<\/h4>\n<p>Este acuerdo no solo fomenta la colaboraci\u00f3n vertical entre el municipio de Kuriyama y cada gobierno local, sino que tambi\u00e9n crea conexiones horizontales entre ambos municipios. Una vez al a\u00f1o, se celebrar\u00e1 una reuni\u00f3n virtual de intercambio de informaci\u00f3n para conocer las pol\u00edticas de cada uno.<\/p>\n<p>El objetivo es descubrir y desarrollar talento a trav\u00e9s del conocimiento de las trayectorias profesionales locales y crear un c\u00edrculo virtuoso en el que, tras adquirir conocimientos especializados en la escuela, encuentren empleo y se establezcan en la zona. En definitiva, lo ideal es que los graduados activos en la zona se conviertan en referentes de relaciones p\u00fablicas, impulsando as\u00ed el desarrollo de la pr\u00f3xima generaci\u00f3n de talento.\n<\/p>\n<h3>Introducci\u00f3n a la Escuela de Bienestar y Atenci\u00f3n de Enfermer\u00eda de Hokkaido<\/h3>\n<p>Esta escuela municipal de enfermer\u00eda, atenci\u00f3n y bienestar social, abri\u00f3 sus puertas en 1988 y tiene capacidad para 80 estudiantes. Con una plantilla de cinco profesores y cinco administrativos, ha formado a 2308 graduados hasta la fecha.<\/p>\n<h4>Tres pilares de la educaci\u00f3n y los logros<\/h4>\n<ul>\n<li><strong>Pilares de la educaci\u00f3n:<\/strong>Ofrecemos programas como &quot;Investigaci\u00f3n de Actividades Comunitarias&quot;, donde los estudiantes identifican por s\u00ed mismos los problemas del bienestar social local, y &quot;Cursos de Apoyo al Desarrollo Profesional&quot;, donde aprenden sobre diversas trayectorias profesionales. Nuestro curr\u00edculo escolar se alinea con el &quot;Modelo de Tres Tipos de Cuidadores&quot; establecido por el gobierno, y confiamos en nuestra pol\u00edtica educativa.<\/li>\n<li><strong>Acuerdos celebrados:<\/strong>El programa comenz\u00f3 a finales del a\u00f1o fiscal 2021 y, hasta la fecha, ha firmado convenios con 20 municipios. Este es el primer convenio de este tipo que se firma en la regi\u00f3n de Kita Sorachi.<\/li>\n<li><strong>Descuentos en la matr\u00edcula:<\/strong>Si te recomienda el gobierno local, puedes estudiar durante dos a\u00f1os por 1,55 millones de yenes, lo que supone m\u00e1s de 500.000 yenes m\u00e1s barato que otras escuelas en Hokkaido.<\/li>\n<li><strong>Alta tasa de aprobaci\u00f3n en los ex\u00e1menes nacionales:<\/strong>En los ocho a\u00f1os transcurridos desde que el examen nacional para cuidadores se volvi\u00f3 obligatorio, todos los graduados han aprobado el examen cuatro veces.<\/li>\n<\/ul>\n<h4>Desarrollo de recursos humanos a trav\u00e9s de la educaci\u00f3n t\u00e9cnica universitaria integrada<\/h4>\n<p>Por encargo del Ministerio de Educaci\u00f3n, Cultura, Deportes, Ciencia y Tecnolog\u00eda, en colaboraci\u00f3n con la Escuela Secundaria Kuriyama local, hemos desarrollado un &quot;Programa de Educaci\u00f3n Integrada para Institutos T\u00e9cnicos&quot; que permite a los estudiantes cursar estudios de bienestar social de forma continua durante cinco a\u00f1os, desde la secundaria hasta la formaci\u00f3n profesional. En el futuro, nuestro objetivo es integrar este curr\u00edculo y ofrecerlo a otros gobiernos locales y escuelas secundarias.<\/p>\n<h4>Firma del acuerdo<\/h4>\n<p>El presidente Iwano y el alcalde Sasaki firmaron el acuerdo y se estrecharon las manos firmemente.<\/p>\n<figure class=\"wp-caption alignnone\"><a href=\"https:\/\/photos.google.com\/share\/AF1QipOnCl_2e-8pDnEd-cg9OZpz8d8hoT_0F6khOYWqhmYjS9Fr88KIr3xpwljCH18T-g\/photo\/AF1QipPQJptDF6Xbd7UvFScVEyys3J8k15AGJKZqOws?key=enBSeDZGTDR4S285empDYmFnaGxWUWllQmhYdFFR\" target=\"_blank\"><img decoding=\"async\" src=\"https:\/\/lh3.googleusercontent.com\/pw\/AP1GczMWUvbcUmp7N7C0l1dli8wNXjVYlRW6GXiaovzV9B2VnLT3hz0QqkJYOZAz5F1gqUQlpYsRZLXoTBcmMUuemFLAexUKC5rBfMvESnv5Fzz_C60p58WD4E_obbomFExrTswZYy_VCVzgoQzBQoB6mZaw=w2000-h1125-s-no-gm?authuser=0\" width=\"2000\" height=\"1125\" alt=\"Firma del acuerdo\" class=\"size-full\" \/><\/a><figcaption class=\"wp-caption-text\">Firma del acuerdo<\/figcaption><\/figure>\n<figure class=\"wp-caption aligncenter\"><a href=\"https:\/\/photos.google.com\/share\/AF1QipOnCl_2e-8pDnEd-cg9OZpz8d8hoT_0F6khOYWqhmYjS9Fr88KIr3xpwljCH18T-g\/photo\/AF1QipNC0vzySvRQnFLi5XOLrPX-jEizyrspaKdrpLM?key=enBSeDZGTDR4S285empDYmFnaGxWUWllQmhYdFFR\" target=\"_blank\"><img decoding=\"async\" src=\"https:\/\/lh3.googleusercontent.com\/pw\/AP1GczMgZEGVU2RUfkMKBVefGLF2yuGXLF0tR7iJxIw74tiZkk04y-jtcZT5hjiBJD6NwivkDcEfK54MS4ZLdtuEHUreKPEOtrhZjOhIL02aq5aXtLQg7-2XXrHG7XYMWj_lhy4kskYibntu1YKNaIBupsSl=w2000-h1500-s-no-gm?authuser=0\" width=\"2000\" height=\"1500\" alt=\"Acuerdo\" class=\"size-full\" \/><\/a><figcaption class=\"wp-caption-text\">Acuerdo<\/figcaption><\/figure>\n<h4>Sesi\u00f3n de fotos conmemorativa<\/h4>\n<figure class=\"wp-caption aligncenter\"><a href=\"https:\/\/photos.google.com\/share\/AF1QipOnCl_2e-8pDnEd-cg9OZpz8d8hoT_0F6khOYWqhmYjS9Fr88KIr3xpwljCH18T-g\/photo\/AF1QipOyuC9RJr7Fw8bpGYtVyQnQBT4tzWFlRoCQQQM?key=enBSeDZGTDR4S285empDYmFnaGxWUWllQmhYdFFR\" target=\"_blank\"><img decoding=\"async\" src=\"https:\/\/lh3.googleusercontent.com\/pw\/AP1GczPvCNInMbuMyWhCbFhzL3eFlFcGCBCv2GGllu5SpWAATxsmAV9QDLJY-lirnCwNa-jQasguY3W7Nuh-RnfjC0kemjzfUMp6Agf4-rEr48Xzd2HLJPQ_xDGwgmaz0sKc32wHqepl_MIX7n_gr865SmY9=w2000-h1500-s-no-gm?authuser=0\" width=\"2000\" height=\"1500\" alt=\"Foto conmemorativa\" class=\"size-full\" \/><\/a><figcaption class=\"wp-caption-text\">Foto conmemorativa<\/figcaption><\/figure>\n<figure class=\"wp-caption aligncenter\"><a href=\"https:\/\/photos.google.com\/share\/AF1QipOnCl_2e-8pDnEd-cg9OZpz8d8hoT_0F6khOYWqhmYjS9Fr88KIr3xpwljCH18T-g\/photo\/AF1QipP1MlUlxUDIfPptN7qI6yjHlhgo8mKqp7KbAdU?key=enBSeDZGTDR4S285empDYmFnaGxWUWllQmhYdFFR\" target=\"_blank\"><img decoding=\"async\" src=\"https:\/\/lh3.googleusercontent.com\/pw\/AP1GczOZaIJ5AWwM2HYKVMaONnQkaLf0fu09xN8I5DhDeC3v85HPSo9ZPnMsQcyZ-8b0HsD6vSHqtk6L5-ECrif6mgRjTaWa2AyUhZeY9IknHJ0ev39R-aTIo-WmHaMiPAOuXJNTYVa_M6Fepq8ioEmXYnin=w2000-h1500-s-no-gm?authuser=0\" width=\"2000\" height=\"1500\" alt=\"\u00a1Junto con todos vosotros!\" class=\"size-full\" \/><\/a><figcaption class=\"wp-caption-text\">\u00a1Junto con todos vosotros!<\/figcaption><\/figure>\n<h3>El alcalde habla de su determinaci\u00f3n y visi\u00f3n de futuro<\/h3>\n<h4>El alcalde de Kuriyama, Manabu Sasaki: &quot;La grave realidad de la escasez de personal de enfermer\u00eda&quot;<\/h4>\n<figure class=\"wp-caption aligncenter\"><a href=\"https:\/\/photos.google.com\/share\/AF1QipOnCl_2e-8pDnEd-cg9OZpz8d8hoT_0F6khOYWqhmYjS9Fr88KIr3xpwljCH18T-g\/photo\/AF1QipNjC89SPUfbaUmHwXyl4WJCGeMlMHme0-28m1w?key=enBSeDZGTDR4S285empDYmFnaGxWUWllQmhYdFFR\" target=\"_blank\"><img decoding=\"async\" src=\"https:\/\/lh3.googleusercontent.com\/pw\/AP1GczO4o6VDQybdmzR4C8ZDTlKpSroQo9zI7wxpjE525Jm7a041t7QE-IbRlXiaOZmuoo1sQE_ba-y6HmxYjRiw0ZpTZ_SjPLLT--pytmtlazI87nQR-YmESi4JmlfxnSjnD8ONwj74tJK2fqT_I5y5-ml_=w2000-h1125-s-no-gm?authuser=0\" width=\"2000\" height=\"1125\" alt=\"Alcalde Manabu Sasaki de la ciudad de Kuriyama\" class=\"size-full\" \/><\/a><figcaption class=\"wp-caption-text\">Alcalde Manabu Sasaki de la ciudad de Kuriyama<\/figcaption><\/figure>\n<p>Asegurar la permanencia de cuidadores es ahora una prioridad absoluta para todos los gobiernos locales. El n\u00famero de escuelas vocacionales que forman a cuidadores ha disminuido dr\u00e1sticamente en todo el pa\u00eds, de unas 430 escuelas hace una d\u00e9cada a unas 300 en la actualidad. En particular, muchas de estas escuelas son privadas, y la realidad es que se ver\u00e1n obligadas a cerrar si no logran atraer a estudiantes. Incluso en Hokkaido, el n\u00famero de escuelas de formaci\u00f3n ha disminuido de 21 a 14, y se est\u00e1 perdiendo el entorno para formar excelentes cuidadores.<\/p>\n<p>En 2025, la generaci\u00f3n del baby boom alcanzar\u00e1 la tercera edad, y la demanda de cuidados de enfermer\u00eda aumentar\u00e1 a\u00fan m\u00e1s. Ya existe una escasez de 220.000 profesionales de enfermer\u00eda en todo el pa\u00eds, y m\u00e1s de 20.000 en Hokkaido, con una tasa de empleo por solicitante casi cuatro veces superior. Seg\u00fan estimaciones nacionales, para 2040, cuando la poblaci\u00f3n de edad avanzada alcance su punto m\u00e1ximo, habr\u00e1 una escasez de 600.000 profesionales de enfermer\u00eda en todo el pa\u00eds, y m\u00e1s de 30.000 en Hokkaido, y la sociedad japonesa podr\u00eda enfrentarse a una crisis en la que las personas no podr\u00e1n acceder a centros de atenci\u00f3n de enfermer\u00eda, incluso si lo desean.<\/p>\n<p>En estos tiempos dif\u00edciles, esperamos sinceramente que este acuerdo ayude a resolver estos problemas. Trabajaremos en cooperaci\u00f3n con la ciudad de Hokuryu y otros gobiernos locales con los que tenemos acuerdos para desarrollar el personal de enfermer\u00eda necesario en cada regi\u00f3n.<\/p>\n<h4>El alcalde de Hokuryu, Yasuhiro Sasaki: &quot;Para el futuro de nuestra ciudad, prepararemos el camino para nuestros hijos&quot;.<\/h4>\n<p>Yasuhiro Sasaki, alcalde de Hokuryu: &quot;Para el futuro de nuestra ciudad, prepararemos el camino para nuestros hijos&quot;.<\/p>\n<p>A continuaci\u00f3n, el alcalde Sasaki de la ciudad de Hokuryu habl\u00f3 sobre el compromiso de la ciudad con el desarrollo de los recursos humanos y las iniciativas espec\u00edficas.<\/p>\n<figure class=\"wp-caption aligncenter\"><a href=\"https:\/\/photos.google.com\/share\/AF1QipOnCl_2e-8pDnEd-cg9OZpz8d8hoT_0F6khOYWqhmYjS9Fr88KIr3xpwljCH18T-g\/photo\/AF1QipP9OyEn8-wFuEcBTANuM2JtlctrUbElsghK-SM?key=enBSeDZGTDR4S285empDYmFnaGxWUWllQmhYdFFR\" target=\"_blank\"><img decoding=\"async\" src=\"https:\/\/lh3.googleusercontent.com\/pw\/AP1GczPYBH0HyWsfX2oYxudD210f6DhOb3jDx9m2Je5pBxiJCru3S84Ga-KLd8m0z8zhCLskqhaHtQTGsn48GlFTjUrxZXcbwcgQ1t6BH3NZtfr9d-81ZGDGT8Na8_uAQd0hmR12py63zYB-4verY6eP84vM=w2000-h1125-s-no-gm?authuser=0\" width=\"2000\" height=\"1125\" alt=\"Alcalde Yasuhiro Sasaki de la ciudad de Hokuryu\" class=\"size-full\" \/><\/a><figcaption class=\"wp-caption-text\">Alcalde Yasuhiro Sasaki de la ciudad de Hokuryu<\/figcaption><\/figure>\n<p>Hay muchos ni\u00f1os maravillosos en la ciudad de Hokuryu que, desde la primaria, han expresado su deseo de cuidar a sus abuelos y dedicarse al cuidado de otros. Queremos allanar el camino para apoyar plenamente a estos ni\u00f1os ambiciosos para que no tengan que renunciar a sus sue\u00f1os por razones econ\u00f3micas o de otro tipo.<\/p>\n<p>Como iniciativa concreta, recientemente revisamos la ordenanza municipal sobre becas. Anteriormente, las becas solo se garantizaban si los estudiantes continuaban residiendo en el municipio hasta el tercer a\u00f1o de secundaria, pero ahora hemos eliminado este requisito. Esto significa que los j\u00f3venes que se han mudado del municipio ahora podr\u00e1n recibir apoyo, lo que abre las puertas a un p\u00fablico m\u00e1s amplio.<\/p>\n<p>Cuando los ni\u00f1os demuestran sus habilidades, esto contribuye a apoyar a los ancianos del pueblo. Estamos decididos a sentar las bases para el futuro de nuestros ni\u00f1os y el futuro de nuestro pueblo. La Escuela de Enfermer\u00eda y Bienestar del Municipio de Kuriyama es una escuela vocacional p\u00fablica apoyada por 24 ciudades y pueblos. Como miembro de ese grupo, haremos todo lo posible para apoyarla.<\/p>\n<h3>Perspectivas espec\u00edficas de colaboraci\u00f3n vistas a trav\u00e9s de la sesi\u00f3n de preguntas y respuestas<\/h3>\n<p>Durante la sesi\u00f3n de preguntas y respuestas posterior a la firma, se plantearon cuestiones m\u00e1s espec\u00edficas sobre el acuerdo de colaboraci\u00f3n.<\/p>\n<figure class=\"wp-caption aligncenter\"><a href=\"https:\/\/photos.google.com\/share\/AF1QipOnCl_2e-8pDnEd-cg9OZpz8d8hoT_0F6khOYWqhmYjS9Fr88KIr3xpwljCH18T-g\/photo\/AF1QipM9GGyPQ86y0bMk0cBgA5h-Jpniic87iiZJUbw?key=enBSeDZGTDR4S285empDYmFnaGxWUWllQmhYdFFR\" target=\"_blank\"><img decoding=\"async\" src=\"https:\/\/lh3.googleusercontent.com\/pw\/AP1GczPUjGmAPm6HTGE3FlVfU_np1JG-EER47LRJ6x9Ll7bobKorimHndeUqAQtCEnGnPYddvMgJdzn49pfaaG2kl1GwsBlEBUi43dlaR6uv-k7q5ZRcmQNSykvYGo2lNceseJgou0tHBrpBvpXYh_g-2-2B=w2000-h1125-s-no-gm?authuser=0\" width=\"2000\" height=\"1125\" alt=\"Perspectivas espec\u00edficas de colaboraci\u00f3n \" class=\"size-full\" \/><\/a><figcaption class=\"wp-caption-text\">Perspectivas espec\u00edficas de colaboraci\u00f3n<\/figcaption><\/figure>\n<ul>\n<li><strong>P1. \u00bfCu\u00e1l es el historial del sistema de recomendaciones y la tasa de empleo local?<\/strong>\n<p>(De un funcionario escolar) En los tres a\u00f1os transcurridos desde la implementaci\u00f3n del sistema de recomendaciones, se han matriculado cuatro estudiantes de municipios asociados. La primera generaci\u00f3n se gradu\u00f3 este a\u00f1o, y de los 17 graduados, 10 encontraron empleo en la zona; uno de ellos utiliz\u00f3 el sistema de recomendaciones.<br \/>\n\u3000<\/li>\n<li><strong>P2. \u00bfCon cu\u00e1ntos municipios planea firmar acuerdos en el futuro?<\/strong>\n<p>(De un funcionario escolar) Aunque el sistema tiene limitaciones, nos encantar\u00eda colaborar con cualquier gobierno local que desee apoyar a la comunidad. Recientemente, el 19 de la semana que viene se firm\u00f3 un acuerdo con la ciudad de Fukagawa. Hist\u00f3ricamente, nuestra escuela ha aceptado estudiantes de todo Hokkaido, y esta pol\u00edtica se mantendr\u00e1 sin cambios en el futuro.<br \/>\n\u3000<\/li>\n<li><strong>P3. \u00bfQu\u00e9 apoyo espec\u00edfico planea brindar la ciudad de Hokuryu en el futuro?<\/strong>\n<p>(Del alcalde Sasaki de Hokuryu) Si hay alg\u00fan aspecto negativo en nuestro apoyo, simplemente seguimos mejor\u00e1ndolo. En primer lugar, nos centraremos en encontrar personas con talento. Siempre asistimos a eventos donde se re\u00fanen personas mayores, como la celebraci\u00f3n del D\u00eda del Respeto a los Ancianos, y mantenemos muchas conversaciones directas con ellas, pregunt\u00e1ndoles: &quot;\u00bfTienen nietos interesados en esta carrera?&quot;. Creemos que promover constantemente la escuela ante la comunidad local como &quot;una gran escuela&quot; es el primer paso para conseguir personas con talento que apoyen a la comunidad. Seguiremos aprovechando cada oportunidad y actuando.<br \/>\n\u3000<\/li>\n<\/ul>\n<figure class=\"wp-caption aligncenter\"><a href=\"https:\/\/photos.google.com\/share\/AF1QipOnCl_2e-8pDnEd-cg9OZpz8d8hoT_0F6khOYWqhmYjS9Fr88KIr3xpwljCH18T-g\/photo\/AF1QipPP4tbkHX28Y7iEV_OAKXyw1eLy1tgw1N13qUE?key=enBSeDZGTDR4S285empDYmFnaGxWUWllQmhYdFFR\" target=\"_blank\"><img decoding=\"async\" src=\"https:\/\/lh3.googleusercontent.com\/pw\/AP1GczPVZmkaWFUDmlDoepxazY4ORcWrObcB1azrDxsS4ndlaTsEuumGl1giYXSJA1sb7WwWTvY8T28Fhrc_gd7U_Y4_-hA-rai2I-F8RhHOSOVlfvVzZZ09Vhk_Z9GrYLGkqQaEQTzKQbUok4EInGdsenTd=w2000-h1125-s-no-gm?authuser=0\" width=\"2000\" height=\"1125\" alt=\"Una puerta de entrada para asegurar recursos humanos que apoyen a la comunidad local\" class=\"size-full\" \/><\/a><figcaption class=\"wp-caption-text\">Una puerta de entrada para asegurar recursos humanos que apoyen a la comunidad local<\/figcaption><\/figure>\n<p>Este acuerdo es m\u00e1s que una simple ceremonia de firma; demuestra la firme voluntad de los gobiernos locales de colaborar y tomar medidas concretas para abordar los desaf\u00edos que enfrenta la regi\u00f3n. Se espera que esta iniciativa sea un rayo de esperanza tanto para los j\u00f3venes responsables del futuro de la ciudad de Hokuryu como para la comunidad local a la que apoyan.<\/p>\n<h3>Fotograf\u00eda conmemorativa en Himawari no Sato<\/h3>\n<p>Luego nos trasladamos a un pueblo de girasoles en plena floraci\u00f3n y tomamos fotograf\u00edas conmemorativas.<\/p>\n<figure class=\"wp-caption aligncenter\"><a href=\"https:\/\/photos.google.com\/share\/AF1QipOnCl_2e-8pDnEd-cg9OZpz8d8hoT_0F6khOYWqhmYjS9Fr88KIr3xpwljCH18T-g\/photo\/AF1QipMbh4V6iRJ08uHeha4afeQD8ZjZ2MSzXMqSMeI?key=enBSeDZGTDR4S285empDYmFnaGxWUWllQmhYdFFR\" target=\"_blank\"><img decoding=\"async\" src=\"https:\/\/lh3.googleusercontent.com\/pw\/AP1GczP0VZ1Xvp_24bLqAyXMLQzuCsRBAs6t0oUotD5Qp5cPPQ_VDMNKZ0RKuJX2S5G6jCsBckaNXbK71X8n6a0vH4vj1lxQCvl9i4Im8mZGP0-ofIHUVGoh7jXLNUPalDjRjkDYxgR33L_XFJbqqwDPr1Gv=w2000-h1500-s-no-gm?authuser=0\" width=\"2000\" height=\"1125\" alt=\"Al pueblo de los girasoles en plena floraci\u00f3n\" class=\"size-full\" \/><\/a><figcaption class=\"wp-caption-text\">Aldea de los Girasoles en Plena Floraci\u00f3n x<\/figcaption><\/figure>\n<figure class=\"wp-caption aligncenter\"><a href=\"https:\/\/photos.google.com\/share\/AF1QipOnCl_2e-8pDnEd-cg9OZpz8d8hoT_0F6khOYWqhmYjS9Fr88KIr3xpwljCH18T-g\/photo\/AF1QipORWOdoAbcoxWa_O_ZAw4zjrjfLkc_yVor_8ys?key=enBSeDZGTDR4S285empDYmFnaGxWUWllQmhYdFFR\" target=\"_blank\"><img decoding=\"async\" src=\"https:\/\/lh3.googleusercontent.com\/pw\/AP1GczOuPzycKUmJ8wP_rKZBtmscocstiaCYVQqu3YuP3VfLevuGkTCaHvFoG9csznCwgMDXdCfrFm0Q8aqWkaUgmG8w2WZ4si4OiiTNaR8gsY7VfrlwPpG4jVGQi2f7pbRyz_qohrj0xZa3UhSnplM8zN2z=w2000-h1500-s-no-gm?authuser=0\" width=\"2000\" height=\"1125\" alt=\"Foto conmemorativa\" class=\"size-full\" \/><\/a><figcaption class=\"wp-caption-text\">Foto conmemorativa<\/figcaption><\/figure>\n<figure class=\"wp-caption aligncenter\"><a href=\"https:\/\/photos.google.com\/share\/AF1QipOnCl_2e-8pDnEd-cg9OZpz8d8hoT_0F6khOYWqhmYjS9Fr88KIr3xpwljCH18T-g\/photo\/AF1QipOaKiKF68Pry3px-TmBAyrmhxkjCKutNtoN4lc?key=enBSeDZGTDR4S285empDYmFnaGxWUWllQmhYdFFR\" target=\"_blank\"><img decoding=\"async\" src=\"https:\/\/lh3.googleusercontent.com\/pw\/AP1GczMOKPBK5Sh-ZkaikhMwWD4c0JbDFf2-889DMf-y9Oxa7m9R3ZQni77PbgYhPMM8pnWZ6f0eb7QnC748q3Bsh9PetdEiOxGCvlFKpxJpluoxV2wBFUrqOBwomPi5IF4NhY0ven-qYBqSgpkD18oQ2BlV=w2000-h1500-s-no-gm?authuser=0\" width=\"2000\" height=\"1125\" alt=\"Versi\u00f3n especial de rodaje\" class=\"size-full\" \/><\/a><figcaption class=\"wp-caption-text\">Versi\u00f3n especial de rodaje<\/figcaption><\/figure>\n<p>Con amor ilimitado, gratitud y oraciones, esperamos un futuro brillante en el que la asociaci\u00f3n integral entre la ciudad de Kuriyama y la ciudad de Hokuryu ampliar\u00e1 nuestras preciosas conexiones con las personas desde una perspectiva integral, incluidos los cuidadores.<\/p>\n<figure class=\"wp-caption aligncenter\"><a href=\"https:\/\/photos.google.com\/share\/AF1QipNjKlcqsaQDKjI0OGpKOPo3fT3LFwPXolHZjV69iVHHpTl8vQ4zevg-IuNno1zsxQ\/photo\/AF1QipPWZNYovSepy0ClnvxYIyZdZ7Hw8fo30URwncg?key=czZabUs4OEtwX09XbzdZR1JYRnRBcjVlelktTVpR\" target=\"_blank\"><img decoding=\"async\" src=\"https:\/\/lh3.googleusercontent.com\/pw\/AP1GczM-nOUJdg1VWlEfcMKethKublewObEM85lpJx3kxLlljgnF5Nefs7NL_s5wmDGAycBMs64M6Gv_P0ifn8gzN4aUNX6mVbwF841G6k9ifm43vgmL7hSpd414nFRx2PaFadOpcd_UMHHL6vkRUrJ2V_Un=w2000-h1500-s-no-gm?authuser=0\" width=\"2000\" height=\"1125\" alt=\"\u00a1Agradecido por un futuro brillante y resplandeciente!\" class=\"size-full\" \/><\/a><figcaption class=\"wp-caption-text\">\u00a1Agradecido por un futuro brillante y resplandeciente!<\/figcaption><\/figure>\n<h2>Otras fotos<\/h2>\n<div class=\"img-move\"><img decoding=\"async\" style=\"vertical-align: middle;\" src=\"https:\/\/ehokkaido.net\/wp-content\/uploads\/2021\/12\/2021-12-06-11.41.12.png\" \/> <a href=\"https:\/\/photos.app.goo.gl\/HmSDa3ofjZGYwG5P8\" target=\"_blank\" rel=\"noopener noreferrer\">Las ciudades de Hokuryu y Kuriyama firman un acuerdo de colaboraci\u00f3n integral para asegurar la contrataci\u00f3n de personal de enfermer\u00eda. Vea 44 fotos aqu\u00ed &gt;&gt;<\/a><\/div>\n<h2>Art\u00edculos relacionados<\/h2>\n\n\n\n\n\n\n<p>\u25c7 <a href=\"https:\/\/portal.hokuryu.info\/es\/62509\/\">\ud83d\udd8b\ufe0f Planificaci\u00f3n de contenido, redacci\u00f3n de art\u00edculos, selecci\u00f3n de fotograf\u00edas y creaci\u00f3n de v\u00eddeos: Ikuko Terauchi<img decoding=\"async\" style=\"vertical-align: middle;\" src=\"https:\/\/ehokkaido.net\/wp-content\/uploads\/2021\/12\/2021-12-06-11.41.12.png\" \/> Fotograf\u00eda, edici\u00f3n y gesti\u00f3n del sitio web: Noboru Terauchi<\/a><\/p>","protected":false},"excerpt":{"rendered":"<p>2025\u5e74\uff18\u670813\u65e5\uff08\u6c34\uff09 8\u67086\u65e5\uff08\u6c34\uff09\u3001\u5317\u7adc\u753a\u306f\u3001\u4ecb\u8b77\u4eba\u6750\u4e0d\u8db3\u3068\u3044\u3046\u5171\u901a\u8ab2\u984c\u306b\u7acb\u3061\u5411\u304b\u3046\u305f\u3081\u3001\u6817\u5c71\u753a\u304a\u3088\u3073\u540c\u753a\u7acb\u5317\u6d77\u9053\u4ecb\u8b77\u798f\u7949\u5b66\u6821\u3068\u5305\u62ec\u9023\u643a\u5354\u5b9a\u3092\u7de0\u7d50\u3057\u307e\u3057\u305f\u3002\u300c\u5730\u57df\u3068\u6817\u5c71\u3067\u5171\u306b\u80b2\u3066\u308b\u300d\u3092\u30c6\u30fc\u30de\u306b [&hellip;]<\/p>\n","protected":false},"author":1,"featured_media":62593,"comment_status":"open","ping_status":"open","sticky":false,"template":"","format":"standard","meta":{"footnotes":""},"categories":[4,75,112],"tags":[],"class_list":["post-62415","post","type-post","status-publish","format-standard","has-post-thumbnail","hentry","category-cover-story","category-sasaki-yasuhiro-mayor","category-local_revitalization_2"],"_links":{"self":[{"href":"https:\/\/portal.hokuryu.info\/es\/wp-json\/wp\/v2\/posts\/62415","targetHints":{"allow":["GET"]}}],"collection":[{"href":"https:\/\/portal.hokuryu.info\/es\/wp-json\/wp\/v2\/posts"}],"about":[{"href":"https:\/\/portal.hokuryu.info\/es\/wp-json\/wp\/v2\/types\/post"}],"author":[{"embeddable":true,"href":"https:\/\/portal.hokuryu.info\/es\/wp-json\/wp\/v2\/users\/1"}],"replies":[{"embeddable":true,"href":"https:\/\/portal.hokuryu.info\/es\/wp-json\/wp\/v2\/comments?post=62415"}],"version-history":[{"count":0,"href":"https:\/\/portal.hokuryu.info\/es\/wp-json\/wp\/v2\/posts\/62415\/revisions"}],"wp:featuredmedia":[{"embeddable":true,"href":"https:\/\/portal.hokuryu.info\/es\/wp-json\/wp\/v2\/media\/62593"}],"wp:attachment":[{"href":"https:\/\/portal.hokuryu.info\/es\/wp-json\/wp\/v2\/media?parent=62415"}],"wp:term":[{"taxonomy":"category","embeddable":true,"href":"https:\/\/portal.hokuryu.info\/es\/wp-json\/wp\/v2\/categories?post=62415"},{"taxonomy":"post_tag","embeddable":true,"href":"https:\/\/portal.hokuryu.info\/es\/wp-json\/wp\/v2\/tags?post=62415"}],"curies":[{"name":"wp","href":"https:\/\/api.w.org\/{rel}","templated":true}]}}