{"id":5908,"date":"2020-11-10T13:08:35","date_gmt":"2020-11-10T04:08:35","guid":{"rendered":"https:\/\/portal.hokuryu.info\/?p=5908"},"modified":"2022-01-25T21:14:43","modified_gmt":"2022-01-25T12:14:43","slug":"post-5908","status":"publish","type":"post","link":"https:\/\/portal.hokuryu.info\/es\/5908\/","title":{"rendered":"Reuni\u00f3n de compa\u00f1eros de clase para conmemorar la construcci\u00f3n de un monumento con el haiku de Masatoshi Yamagishi &quot;El h\u00e1bito de agarre que permanece en los guantes de la ceremonia de clausura del campo de arroz&quot; en el Bosque de Yew, ciudad de Hokuryu."},"content":{"rendered":"<p>Martes 10 de noviembre de 2020<\/p>\n<p>El mi\u00e9rcoles 16 de septiembre, como parte de los esfuerzos para promover las actividades culturales en la ciudad de Hokuryu, la Junta de Educaci\u00f3n de la ciudad de Hokuryu erigi\u00f3 un monumento de haiku en el bosque de tejos en reconocimiento a los logros de Masatoshi Yamagishi (77 a\u00f1os), quien ha contribuido a la prevenci\u00f3n de desastres locales y la mejora cultural de la ciudad de Hokuryu.<\/p>\n<h2>Bosque de tejos donde se encuentra el monumento al haiku de Masatoshi Yamagishi<\/h2>\n<p>\ufffc<br \/>\n<figure class=\"wp-caption aligncenter\"><a href=\"https:\/\/photos.google.com\/share\/AF1QipPFhoD5l1qxznIR1-6C0iLJQbCDQzWXuwytE_0W3-_czb0w1U1w1x0ZqPeTlLALFA\/photo\/AF1QipOyW0vmM2orssba1yauELfiKKILIZyILaxNq_w?key=dGtZNTFsUHZXMHdzM2gyTzRJNWp2bVpuanozV2ln\" target=\"_blank\" rel=\"noopener noreferrer\"><img decoding=\"async\" src=\"https:\/\/lh3.googleusercontent.com\/pw\/ACtC-3fR2xYbbIfiOQ5ZZY5zLg5xew3D_AGGmwwnf_XYiykfeUW7Qw-5FxzIMyjhbLbiHhgYCcsIKGjxNzwl0x8UWy9qgEDhAJaeUYCPZIz60j73QDN5xttVrG687WYHB-6_zDDGvAFwr3WzZm_iuSiRcMye=w1934-h1288-no?authuser=0\" width=\"1932\" height=\"1288\" alt=\"Bosque de tejos\" class=\"size-medium\" \/><\/a><figcaption class=\"wp-caption-text\">Bosque de tejos<\/figcaption><\/figure>\n<h3>Bosque de tejos (desde el cartel informativo)<\/h3>\n<p>Este bosque es un s\u00edmbolo artesanal del pueblo, creado con la colaboraci\u00f3n del Dr. Dorogame (alias Nobukiyo Takahashi), miembros del Grupo de Cultivo de Plantas de Monta\u00f1a y R\u00edo, la Asociaci\u00f3n Sapporo Hokuryu, ni\u00f1os de la Guarder\u00eda Wa, alumnos de las Escuelas Primarias Shinryu y Hekisui, y numerosos habitantes del pueblo. Est\u00e1 hecho con especies arb\u00f3reas locales, principalmente Quercus mizunara de hoja ancha y cerezo siberiano, as\u00ed como el \u00e1rbol del pueblo, el tejo japon\u00e9s. Esperamos que los \u00e1rboles crezcan grandes y fuertes en el futuro. Pueblo de Hokuryu.<\/p>\n<h3>Se han erigido varios monumentos.<\/h3>\n<figure class=\"wp-caption aligncenter\"><a href=\"https:\/\/photos.google.com\/share\/AF1QipPFhoD5l1qxznIR1-6C0iLJQbCDQzWXuwytE_0W3-_czb0w1U1w1x0ZqPeTlLALFA\/photo\/AF1QipOhqcuMrCE2Em12WUoXvEjFat5HVgizyvkQFuU?key=dGtZNTFsUHZXMHdzM2gyTzRJNWp2bVpuanozV2ln\" target=\"_blank\" rel=\"noopener noreferrer\"><img decoding=\"async\" src=\"https:\/\/lh3.googleusercontent.com\/pw\/ACtC-3crO2sBrq-7lDw3zz5I597-7Zi7jYyj9Wy5PS2i6mkzECdFuILNojTwM7ILvfyCCPMvuvHludmP0ygsna7JkAtHQQRFNTA_DgBjjjpJdn1jB5NSLCxOhy60TwUTQg9YIIbORtRNZSsRFE6EUPDo79xx=w1934-h1288-no?authuser=0\" width=\"1932\" height=\"1288\" alt=\"Un bosque de tejos con numerosos monumentos de haiku.\" class=\"size-medium\" \/><\/a><figcaption class=\"wp-caption-text\">Un bosque de tejos con numerosos monumentos de haiku.<\/figcaption><\/figure>\n<h3>Un monumento al haiku de Masatoshi Yamagishi<\/h3>\n<figure class=\"wp-caption aligncenter\"><a href=\"https:\/\/photos.google.com\/share\/AF1QipPFhoD5l1qxznIR1-6C0iLJQbCDQzWXuwytE_0W3-_czb0w1U1w1x0ZqPeTlLALFA\/photo\/AF1QipNyKgGle-h5Zz4n8qMy5icQU5VvrMZYvUMGTOQ?key=dGtZNTFsUHZXMHdzM2gyTzRJNWp2bVpuanozV2ln\" target=\"_blank\" rel=\"noopener noreferrer\"><img decoding=\"async\" src=\"https:\/\/lh3.googleusercontent.com\/pw\/ACtC-3ep1_l6dp20nm4k-GT9OexP3535KTjv8ZgQFOmsl9FTDV1sF1s9jJZ_fNxksppref_l5azPywadv4XnRDyxTZrI5QwkttEJEPYXX1qNnMmhIOtDfh2X1InY1k5xwPZwEdZv5lN0Kjjb8pFVrm9mOCou=w1934-h1288-no?authuser=0\" width=\"1932\" height=\"1288\" alt=\"Un monumento al haiku de Masatoshi Yamagishi\" class=\"size-medium\" \/><\/a><figcaption class=\"wp-caption-text\">Un monumento al haiku de Masatoshi Yamagishi<\/figcaption><\/figure>\n<h2>Mis compa\u00f1eros de clase de la escuela primaria y secundaria de la ciudad de Hokuryu<\/h2>\n<p>Para conmemorar la construcci\u00f3n del monumento, el domingo 8 de noviembre se celebr\u00f3 en el Sunflower Park Hokuryu Onsen una reuni\u00f3n de compa\u00f1eros de clase de la escuela primaria y secundaria de la ciudad de Hokuryu.<\/p>\n<p>Antes de la reuni\u00f3n social, todos los compa\u00f1eros se reunieron en el bosque de tejos para una sesi\u00f3n de fotos conmemorativa. Los 18 participantes acudieron a celebrar.<\/p>\n<figure class=\"wp-caption aligncenter\"><a href=\"https:\/\/photos.google.com\/share\/AF1QipPFhoD5l1qxznIR1-6C0iLJQbCDQzWXuwytE_0W3-_czb0w1U1w1x0ZqPeTlLALFA\/photo\/AF1QipNiHoZy7hlGF3Jl7mHWH4gXGnm3gMF7DzRoiQQ?key=dGtZNTFsUHZXMHdzM2gyTzRJNWp2bVpuanozV2ln\" target=\"_blank\" rel=\"noopener noreferrer\"><img decoding=\"async\" src=\"https:\/\/lh3.googleusercontent.com\/pw\/ACtC-3dksdr1rMJI04e_aQKrniEU4xpMycTlZ0N9rVQarRrNsgwtzWAQWvm8kQLgjfpmP_jXEkQ0AvgWaQHigqeb-UjYspKkSYQdUT4IqN6nUqgJ6GKl4cfP_6xQ_NWRhwWa89HJw_p6WPFXuG_Xgw39gI46=w1934-h1288-no?authuser=0\" width=\"1932\" height=\"1288\" alt=\"Una foto conmemorativa con todos.\" class=\"size-medium\" \/><\/a><figcaption class=\"wp-caption-text\">Una foto conmemorativa con todos.<\/figcaption><\/figure>\n<h3>Compa\u00f1eros de clase que vinieron a celebrar (sin ning\u00fan orden en particular, se omiten los t\u00edtulos)<\/h3>\n<p>Yamagishi, M., Sato, K., Yamashita, Y., Watanabe, T., Ishida, M., Katsu, N., Shibeya, Y., Takada, Y., Takimoto, I., Fujii, A., Yamamoto, K., Oji, S., Iwakura, M., Takagi, M., Takada, N., Kita, S., Ichinowatari, K. y Asano, S.<\/p>\n<h2>Un monumento con un haiku: &quot;El h\u00e1bito de agarre permanece en los guantes de la ceremonia de clausura del campo&quot;<\/h2>\n<figure class=\"wp-caption aligncenter\"><a href=\"https:\/\/photos.google.com\/share\/AF1QipPFhoD5l1qxznIR1-6C0iLJQbCDQzWXuwytE_0W3-_czb0w1U1w1x0ZqPeTlLALFA\/photo\/AF1QipO3FgID85vKXiOcrKUVE89doryVXS0Siyahj14?key=dGtZNTFsUHZXMHdzM2gyTzRJNWp2bVpuanozV2ln\" target=\"_blank\" rel=\"noopener noreferrer\"><img decoding=\"async\" src=\"https:\/\/lh3.googleusercontent.com\/pw\/ACtC-3cLv7hh0KdRX4h8VngK1STxLkmEDK6jpN_-Jx5Mwa_iJZLddSdBUWer7VxW7nafHgVP6JIuoaYiiSaNro8hKU3miLbGGt6kx6AUJY_8T252qvqlY1ZrWvU6LzsjzQEqDz9sU-Buoc9hieXQQvFuTIaa=w1934-h1288-no?authuser=0\" width=\"1932\" height=\"1288\" alt=\"Un monumento con un haiku: &quot;El h\u00e1bito de agarre permanece en los guantes de la ceremonia de clausura del campo&quot;\" class=\"size-medium\" \/><\/a><figcaption class=\"wp-caption-text\">Un monumento con un haiku: &quot;El h\u00e1bito de agarre permanece en los guantes de la ceremonia de clausura del campo&quot;<br \/><\/figcaption><\/figure>\n<h2>Masatoshi Yamagishi: Recibi\u00f3 el Premio de Escritores de Haiku de la Asociaci\u00f3n de Haiku &quot;Michi&quot; y el 21.\u00ba Premio de la Asociaci\u00f3n de Poetas de Haiku de Hokkaido.<\/h2>\n<p>Yamagishi Masatoshi se ha desempe\u00f1ado como miembro de la Asociaci\u00f3n de Poetas de Haiku, jefe del Departamento de Bomberos de la ciudad de Hokuryu y presidente de la Federaci\u00f3n Cultural de la ciudad de Hokuryu.<\/p>\n<p>Naci\u00f3 en la ciudad de Hokuryu el 11 de abril de 1943 (Showa 18). En 1973 (Showa 48), estudi\u00f3 con Kita Kosei, director de la Asociaci\u00f3n de Haiku de Hokkaido, y desde 2001 (Heisei 13), con Minamoto Onihiko.<\/p>\n<p>Mientras se dedicaba a la agricultura, se dedic\u00f3 al haiku, y en 2015 (Heisei 27) se uni\u00f3 a la Sociedad de Haiku de Hokkaido &quot;Tsubute&quot; y public\u00f3 su colecci\u00f3n de haiku, &quot;Taru Ikki&quot;, en 2017 (Heisei 29). En octubre de ese mismo a\u00f1o, gan\u00f3 el Premio de Escritores de la Sociedad de Haiku &quot;Michi&quot;, en 2018 (Heisei 30) el XXI Premio de la Asociaci\u00f3n de Poetas de Haiku de Hokkaido, y en 2020 (Reiwa 2) el 53.\u00ba Segundo Premio de la Asociaci\u00f3n de Haiku de Hokkaido.<\/p>\n<figure class=\"wp-caption aligncenter\"><a href=\"https:\/\/photos.google.com\/share\/AF1QipPFhoD5l1qxznIR1-6C0iLJQbCDQzWXuwytE_0W3-_czb0w1U1w1x0ZqPeTlLALFA\/photo\/AF1QipMIEe1tMw_j2SZ0oeK6oIxDWOO_gRF4GboKd9o?key=dGtZNTFsUHZXMHdzM2gyTzRJNWp2bVpuanozV2ln\" target=\"_blank\" rel=\"noopener noreferrer\"><img decoding=\"async\" src=\"https:\/\/lh3.googleusercontent.com\/pw\/ACtC-3cEwimzUlmJqOMvA5EYO19Gs3-NyLcZ0AkAnHGcpEfu79Ui9abRzWR7VmIm3DVPSExOQVhZI5mFRYdG2_lwRsU316i5m3SaLfDdDj20nq4VByq7b-ZtKAm9wGEwdIkDy_fuBwa66FT3EqO5rXed2mJB=w1934-h1288-no?authuser=0\" width=\"1932\" height=\"1288\" alt=\"Explicaci\u00f3n del monumento\" class=\"size-medium\" \/><\/a><figcaption class=\"wp-caption-text\">Explicaci\u00f3n del monumento<\/figcaption><\/figure>\n<figure class=\"wp-caption aligncenter\"><a href=\"https:\/\/portal.hokuryu.info\/es\/informations\/20170703-1\/\" target=\"_blank\" rel=\"noopener noreferrer\"><img decoding=\"async\" src=\"https:\/\/lh3.googleusercontent.com\/pw\/ACtC-3d6mBb6wsGKJjo2XLM5WvsUMOjneOhdh-TvB9Hrlscwxo8aQuVHK1Z6-2gqE9woWyqplXFj4N2U4z_vGrzQSuup52qJLV-q6NS75LWpeqvMvgf2uJhFHva7prrfaBHU4IFECnMqR3UT0Tl3LqAnEkzY=w1382-h922-no?authuser=0\" width=\"1932\" height=\"1288\" alt=\"Colecci\u00f3n de haiku &quot;Taru Ikki&quot;\" class=\"size-medium\" \/><figcaption class=\"wp-caption-text\">Colecci\u00f3n de haiku &quot;Taru Ikki&quot;<\/a><\/figcaption><\/figure>\n<h3>Los pensamientos de Yamagishi sobre la agricultura en su haiku<\/h3>\n<figure class=\"wp-caption aligncenter\"><a href=\"https:\/\/photos.google.com\/share\/AF1QipPFhoD5l1qxznIR1-6C0iLJQbCDQzWXuwytE_0W3-_czb0w1U1w1x0ZqPeTlLALFA\/photo\/AF1QipOT-Kh-mrnT7BNDQKgqtzJ-f2kfjdOv8dh56TE?key=dGtZNTFsUHZXMHdzM2gyTzRJNWp2bVpuanozV2ln\" target=\"_blank\" rel=\"noopener noreferrer\"><img decoding=\"async\" src=\"https:\/\/lh3.googleusercontent.com\/pw\/ACtC-3efodAi2mlB2700x24Kuy9FY3tyvYG8roHVJ8P7Er5iis7FMFjW66WPKd5ec2r8PuFBliFPDhmocCBSj7xHhLhPj-oI_lzYnuZMOo2_nV4sdStHITLqvDIJ6x9Y8X7GGv17hyBUJBsnUqbdUHNURody=w1934-h1288-no?authuser=0\" width=\"1932\" height=\"1288\" alt=\"Las reflexiones de Yamagishi sobre la agricultura\" class=\"size-medium\" \/><\/a><figcaption class=\"wp-caption-text\">Las reflexiones de Yamagishi sobre la agricultura<\/figcaption><\/figure>\n<p>&quot;Este haiku expresa mi forma de vida y fue escrito cuando ten\u00eda 50 a\u00f1os.<\/p>\n<p>Estudi\u00e9 con Kita Kosei, un carpintero que haikuaba y abogaba por el haiku para los trabajadores, y m\u00e1s tarde con Minamoto Onihiko. Quer\u00eda escribir un poema sobre mi profesi\u00f3n: la agricultura.<\/p>\n<p>&quot;Tanshimai&quot; es un evento que se celebra con familiares y allegados al final de un a\u00f1o de trabajo en el campo. Aunque el a\u00f1o ya ha terminado, los guantes desgastados tienen un mal agarre.<\/p>\n<p>La imagen de la devoci\u00f3n y dedicaci\u00f3n del agricultor a su trabajo se expresa a trav\u00e9s de los pliegues de sus guantes quitados.<\/p>\n<p>&quot;Quer\u00eda poder escribir sobre la vida agr\u00edcola que he vivido a lo largo de mi vida, junto con la agricultura, y dejarlo en mis haiku&quot;, dijo Yamagishi, hablando con calidez sobre sus sentimientos hacia el haiku.<\/p>\n<h2>Entreg\u00e1ndole un ramo a Yamagishi<\/h2>\n<figure class=\"wp-caption aligncenter\"><a href=\"https:\/\/photos.google.com\/share\/AF1QipPFhoD5l1qxznIR1-6C0iLJQbCDQzWXuwytE_0W3-_czb0w1U1w1x0ZqPeTlLALFA\/photo\/AF1QipN7XTzYCWLygwyI_mRjwllkMGZqf_A-7vmw5GQ?key=dGtZNTFsUHZXMHdzM2gyTzRJNWp2bVpuanozV2ln\" target=\"_blank\" rel=\"noopener noreferrer\"><img decoding=\"async\" src=\"https:\/\/lh3.googleusercontent.com\/pw\/ACtC-3fnCCFQAed7k6suvH2g2Po0h_K4iNYtzOUTrOxlSTOS4gQTLwGEr2lkpt4N-pvUdmxvrNZ-LvJ7jKLYBtIIkGHNyG8dpxJ_PahsoCSqZh_FgUluJjciaCOQPYGoFgFKP2mHeKjcDblOOmCaKyXiiGNe=w1934-h1288-no?authuser=0\" width=\"1932\" height=\"1288\" alt=\"Presentando un ramo\" class=\"size-medium\" \/><\/a><figcaption class=\"wp-caption-text\">Presentando un ramo<\/figcaption><\/figure>\n<p>El monumento de piedra con un haiku de Masatoshi Yamagishi, que encarna el alma de los agricultores que viven en el bosque de tejos,<br \/>\nCon amor ilimitado, gratitud y oraciones...<\/p>\n<figure class=\"wp-caption aligncenter\"><a href=\"https:\/\/photos.google.com\/share\/AF1QipPFhoD5l1qxznIR1-6C0iLJQbCDQzWXuwytE_0W3-_czb0w1U1w1x0ZqPeTlLALFA\/photo\/AF1QipOdQJetLanCdoHuizm8IFOxtwArKkFJgZeW2fo?key=dGtZNTFsUHZXMHdzM2gyTzRJNWp2bVpuanozV2ln\" target=\"_blank\" rel=\"noopener noreferrer\"><img decoding=\"async\" src=\"https:\/\/lh3.googleusercontent.com\/pw\/ACtC-3cQOTJSAP8h69mhkPdIr3J6v917kMQCM5f1p9V6SFipTBALq_D6VvlHKKZb9vszfhQjMVc_etIVdFs2ObH2SLgVPop5s39iAZocCFNwFpyPLQuAbnS1Y0IPTt6Ai89II-_IQ55r0Qicyt-AILllyMGK=w860-h1288-no?authuser=0\" width=\"414\" alt=\"Agradecido por la puesta de sol sobre el bosque de tejos...\" class=\"size-medium\" \/><\/a><figcaption class=\"wp-caption-text\">Agradecido por la puesta de sol sobre el bosque de tejos...<\/figcaption><\/figure>\n<h2>Otras fotos<\/h2>\n<p>\u30fb<a href=\"https:\/\/photos.google.com\/share\/AF1QipPFhoD5l1qxznIR1-6C0iLJQbCDQzWXuwytE_0W3-_czb0w1U1w1x0ZqPeTlLALFA?key=dGtZNTFsUHZXMHdzM2gyTzRJNWp2bVpuanozV2ln\" rel=\"noopener noreferrer\" target=\"_blank\">Haga clic aqu\u00ed para ver 32 fotograf\u00edas de la reuni\u00f3n de compa\u00f1eros de clase para conmemorar la construcci\u00f3n del monumento haiku de Masatoshi Yamagishi, &quot;El h\u00e1bito de agarre que permanece en los guantes al final del campo de arroz&quot;.<\/a><\/p>\n<h3>Art\u00edculos relacionados<\/h3>\n<p>\u30fb<a href=\"https:\/\/portal.hokuryu.info\/es\/informations\/20170703-1\/\" rel=\"noopener noreferrer\" target=\"_blank\">Se publica la primera colecci\u00f3n de haiku de Masatoshi Yamagishi &quot;Taru Ikki&quot;<\/a>(3 de julio de 2017)<br \/>\n\u30fb<a href=\"https:\/\/portal.hokuryu.info\/es\/topics\/circle\/20140213\/\" rel=\"noopener noreferrer\" target=\"_blank\">La Asociaci\u00f3n de Haiku de Hokkaido, sucursal Hokuryu, ha estado componiendo haikus durante medio siglo.<\/a>(13 de febrero de 2014)<br \/>\n\u30fb<a href=\"https:\/\/portal.hokuryu.info\/es\/shiningpeople\/people\/20140127\/\" rel=\"noopener noreferrer\" target=\"_blank\">Masatoshi Yamagishi (residente de la ciudad de Hokuryu)<\/a>(27 de enero de 2014)<\/p>\n<p>\u25c7 Fotograf\u00eda y edici\u00f3n: Noboru Terauchi Entrevista y texto: Ikuko Terauchi<\/p>","protected":false},"excerpt":{"rendered":"<p>\uff12\uff10\uff12\uff10\u5e74\uff11\uff11\u6708\uff11\uff10\u65e5\uff08\u706b\uff09 \uff19\u6708\uff11\uff16\u65e5\uff08\u6c34\uff09\u3001\u5317\u7adc\u753a\u6587\u5316\u6d3b\u52d5\u632f\u8208\u306e\u4e00\u74b0\u3068\u3057\u3066\u3001\u5317\u7adc\u753a\u6559\u80b2\u59d4\u54e1\u4f1a\u3088\u308a\u3001\u5317\u7adc\u753a\u306e\u5730\u57df\u9632\u707d\u3068\u6587\u5316\u5411\u4e0a\u306b\u8ca2\u732e\u3055\u308c\u305f\u5c71\u5cb8\u6b63\u4fca\u3055\u3093\uff08\uff17\uff17\u6b73\uff09\u306e\u529f\u7e3e\u304c\u9ad8\u304f\u8a55\u4fa1\u3055\u308c\u3001\u30a4\u30c1\u30a4\u306e\u68ee\u306b\u53e5\u7891 [&hellip;]<\/p>\n","protected":false},"author":1,"featured_media":5909,"comment_status":"open","ping_status":"open","sticky":false,"template":"","format":"standard","meta":{"footnotes":""},"categories":[4,23],"tags":[],"class_list":["post-5908","post","type-post","status-publish","format-standard","has-post-thumbnail","hentry","category-cover-story","category-board-of-education"],"_links":{"self":[{"href":"https:\/\/portal.hokuryu.info\/es\/wp-json\/wp\/v2\/posts\/5908","targetHints":{"allow":["GET"]}}],"collection":[{"href":"https:\/\/portal.hokuryu.info\/es\/wp-json\/wp\/v2\/posts"}],"about":[{"href":"https:\/\/portal.hokuryu.info\/es\/wp-json\/wp\/v2\/types\/post"}],"author":[{"embeddable":true,"href":"https:\/\/portal.hokuryu.info\/es\/wp-json\/wp\/v2\/users\/1"}],"replies":[{"embeddable":true,"href":"https:\/\/portal.hokuryu.info\/es\/wp-json\/wp\/v2\/comments?post=5908"}],"version-history":[{"count":0,"href":"https:\/\/portal.hokuryu.info\/es\/wp-json\/wp\/v2\/posts\/5908\/revisions"}],"wp:featuredmedia":[{"embeddable":true,"href":"https:\/\/portal.hokuryu.info\/es\/wp-json\/wp\/v2\/media\/5909"}],"wp:attachment":[{"href":"https:\/\/portal.hokuryu.info\/es\/wp-json\/wp\/v2\/media?parent=5908"}],"wp:term":[{"taxonomy":"category","embeddable":true,"href":"https:\/\/portal.hokuryu.info\/es\/wp-json\/wp\/v2\/categories?post=5908"},{"taxonomy":"post_tag","embeddable":true,"href":"https:\/\/portal.hokuryu.info\/es\/wp-json\/wp\/v2\/tags?post=5908"}],"curies":[{"name":"wp","href":"https:\/\/api.w.org\/{rel}","templated":true}]}}