{"id":57984,"date":"2025-05-02T13:36:53","date_gmt":"2025-05-02T04:36:53","guid":{"rendered":"https:\/\/portal.hokuryu.info\/?p=57984"},"modified":"2025-05-22T08:14:32","modified_gmt":"2025-05-21T23:14:32","slug":"%e4%bb%a4%e5%92%8c%ef%bc%97%e5%b9%b4%e5%ba%a6-%e5%8c%97%e7%ab%9c%e5%9c%9f%e5%9c%b0%e6%94%b9%e8%89%af%e5%8c%ba%e3%80%8c%e6%81%b5%e5%b2%b1%e5%88%a5%e3%83%80%e3%83%a0%e9%80%9a%e6%b0%b4%e5%bc%8f%e3%80%8d","status":"publish","type":"post","link":"https:\/\/portal.hokuryu.info\/es\/57984\/","title":{"rendered":"Orando por una buena cosecha y seguridad este a\u00f1o en la &quot;Ceremonia de Apertura de la Presa Edaibetsu&quot; del Distrito de Mejora de Tierras de Hokuryu en 2025."},"content":{"rendered":"<p>Viernes 2 de mayo de 2025<\/p>\n<p>A las 2:00 p.m. del jueves 1 de mayo, con el sol primaveral brillando intensamente y una brisa refrescante soplando, el Distrito de Mejora de Tierras de Hokuryu 2025 (Presidente Fukase Junichi) celebr\u00f3 una ceremonia solemne para inaugurar la presa Keidaibetsu.<\/p>\n<h2>Presa de Etaibetsu<\/h2>\n<figure class=\"wp-caption aligncenter\"><a href=\"https:\/\/photos.google.com\/share\/AF1QipMozQvVtuKoz6NYNNoWhbGuCPMANZuu9bcPjQ85SkPxIlMO7u1E9RycQR_TCM957A\/photo\/AF1QipO8xJ6kOhEk6LzheYDCgcTfRgpEeS8WnYpRy-s?key=eDh5X3p3TFcxRllGRUJoeWRDMXJCWEtuNjhINzdn\" target=\"_blank\"><img decoding=\"async\" src=\"https:\/\/lh3.googleusercontent.com\/pw\/AP1GczN7tEVpGLajY0WT7IszxJqna6vf7ny5AgIh8lqdND_w9bsIgxFjvJKuDgF2gX-eq7CwkgByrgbDV9q8-eJVcELuF1atzwPakA4GA1-FNWxKL5mDxzfpZch8sCkxTm8ys4Nn7sSXeswLsOF_PZAvL8dD=w2000-h1500-s-no-gm?authuser=1\" width=\"2000\" height=\"1500\" alt=\"La presa de Edaibetsu se llena de nieve derretida\" class=\"size-full\" \/><\/a><figcaption class=\"wp-caption-text\">La presa de Edaibetsu se llena de nieve derretida<\/figcaption><\/figure>\n<p>La presa de Edaibetsu almacena agua de deshielo o de lluvia y suministra agua agr\u00edcola a aproximadamente 2.300 hect\u00e1reas de tierras de cultivo en la ciudad durante la temporada agr\u00edcola (de mayo a octubre).<\/p>\n<p>La presa se construy\u00f3 durante un per\u00edodo de 13 a\u00f1os, desde 1953 (Showa 28) hasta 1967 (Showa 42), con el objetivo de proporcionar un amplio suministro de agua necesaria para el cultivo de arroz y evitar da\u00f1os a diversas instalaciones mediante el control de inundaciones.<\/p>\n<figure class=\"wp-caption aligncenter\"><a href=\"https:\/\/photos.google.com\/share\/AF1QipMozQvVtuKoz6NYNNoWhbGuCPMANZuu9bcPjQ85SkPxIlMO7u1E9RycQR_TCM957A\/photo\/AF1QipPZtUnrRpEl-hXkr1fhAo9OBzHermqTGV8HnaI?key=eDh5X3p3TFcxRllGRUJoeWRDMXJCWEtuNjhINzdn\" target=\"_blank\"><img decoding=\"async\" src=\"https:\/\/lh3.googleusercontent.com\/pw\/AP1GczNWbX1ZClZ9BGsGp26cAd6z6JYMJBIFJCdBQfAoHsJFLYxlZXaDOaxx2tArsg3qvoYnhMYhdk7wJgRKqUj0qWCYELvH8g02OZKdJi5J4tnDAbUVuLwyI75P67mEyT2bqplT7SqZphiMnZTcyJSXEm7t=w2000-h1500-s-no-gm?authuser=0\" width=\"2000\" height=\"1500\" alt=\"Nieve restante en la presa de Etaibetsu\" class=\"size-full\" \/><\/a><figcaption class=\"wp-caption-text\">Presa de Etaibetsu<\/figcaption><\/figure>\n<figure class=\"wp-caption aligncenter\"><a href=\"https:\/\/photos.google.com\/share\/AF1QipMozQvVtuKoz6NYNNoWhbGuCPMANZuu9bcPjQ85SkPxIlMO7u1E9RycQR_TCM957A\/photo\/AF1QipNOLCGFKg2uEB36phsjqcfif57yXwBtqij3Jkk?key=eDh5X3p3TFcxRllGRUJoeWRDMXJCWEtuNjhINzdn\" target=\"_blank\"><img decoding=\"async\" src=\"https:\/\/lh3.googleusercontent.com\/pw\/AP1GczOEYjcXBCEp2Ckr2EH8JR3-q3uo5AQ6d5xy3cVMuzQAXOqGiznRb5Os32UYr4_6ILAEIVTv3umhY8zsR20mfWSk6S1JH4mKy9HPtVj7_DiMT5k8nh83FklvPnCqpBfEjkch-G3Z_M7Nw7tfDQvL9uiq=w2000-h1500-s-no-gm?authuser=0\" width=\"2000\" height=\"1500\" alt=\"El alcalde Sasaki vigila las abundantes aguas de la presa de Etaibe\" class=\"size-full\" \/><\/a><figcaption class=\"wp-caption-text\">El alcalde Sasaki vigila las abundantes aguas de la presa de Etaibe<\/figcaption><\/figure>\n<h2>Tipo de flujo de agua<\/h2>\n<p>Durante la ceremonia de apertura del agua, se abre el santuario, que hab\u00eda estado cerrado por la fuerte nevada, y se hacen ofrendas de arroz, sal, sake, pescado, verduras, frutas, dulces, etc. en oraci\u00f3n por una cosecha abundante y seguridad en el a\u00f1o que viene.<\/p>\n<h3>General MC: Shota Kagawa, Jefe de la Divisi\u00f3n de Asuntos Generales, Distrito de Mejora de Tierras de Hokuryu<\/h3>\n<p>La ceremonia fue conducida de manera solemne por el maestro de ceremonias, Shota Kagawa, jefe de secci\u00f3n de la Divisi\u00f3n de Asuntos Generales del Distrito de Mejora de Tierras de Hokuryu.<\/p>\n<figure class=\"wp-caption aligncenter\"><a href=\"https:\/\/photos.google.com\/share\/AF1QipMozQvVtuKoz6NYNNoWhbGuCPMANZuu9bcPjQ85SkPxIlMO7u1E9RycQR_TCM957A\/photo\/AF1QipP-BLeUOockQeXHRBtcnJYyocSFRW9FU43xiIY?key=eDh5X3p3TFcxRllGRUJoeWRDMXJCWEtuNjhINzdn\" target=\"_blank\"><img decoding=\"async\" src=\"https:\/\/lh3.googleusercontent.com\/pw\/AP1GczMTKjiCjJU1R_qbHWFORv5JLqXGhO0jFusBXltrCm3HY9jh0J7tmC3mFpvZjQLz4t5CN1tpXgBH15erGLvRnZyeyCO51at12vvUebtPqUJU-gayYHdyY0G6vxY1bh5E4xoS8gb7cT_GMSpRjuYEj08D=w2000-h1500-s-no-gm?authuser=0\" width=\"2000\" height=\"1500\" alt=\"Ofrenda de ofrendas\" class=\"size-full\" \/><\/a><figcaption class=\"wp-caption-text\">Ofrenda de ofrendas<\/figcaption><\/figure>\n<figure class=\"wp-caption aligncenter\"><a href=\"https:\/\/photos.google.com\/share\/AF1QipMozQvVtuKoz6NYNNoWhbGuCPMANZuu9bcPjQ85SkPxIlMO7u1E9RycQR_TCM957A\/photo\/AF1QipO6vTaOtM77IJbK93oFhAUaNAkhU4rNlzM77Ws?key=eDh5X3p3TFcxRllGRUJoeWRDMXJCWEtuNjhINzdn\" target=\"_blank\"><img decoding=\"async\" src=\"https:\/\/lh3.googleusercontent.com\/pw\/AP1GczNbPOJPim3NkgZIpxGDwrbW5Wh4Ba0Cw0p4eHVWPNRwjs6WYvnbzsXwqfDesGpkN-cEyUk4nlZIZdHWdVal20mS9VNpyN9trOBiokzITH3VMiLYX1HYAYSVv73-ilsdVA1Z2ro2pN9MW9OnwPxcPn1Y=w2000-h1500-s-no-gm?authuser=0\" width=\"2000\" height=\"1500\" alt=\"Un santuario solemnemente consagrado\" class=\"size-full\" \/><\/a><figcaption class=\"wp-caption-text\">Un santuario solemnemente consagrado<\/figcaption><\/figure>\n<h3>Santuario Fukagawa Daikoku, Sacerdote Principal Onishi Kota<\/h3>\n<p>El sacerdote principal del Santuario Fukagawa Daikoku (Kazumicho, ciudad de Fukagawa), Onishi Kota, toc\u00f3 una flauta votiva y recit\u00f3 solemnemente una oraci\u00f3n, seguida de ofrendas de ramas sagradas por parte del presidente del Distrito de Mejora de Tierras de Hokuryu, Fukase Junichi, el alcalde Sasaki Yasuhiro y otros asistentes.<\/p>\n<figure class=\"wp-caption aligncenter\"><a href=\"https:\/\/photos.google.com\/share\/AF1QipMozQvVtuKoz6NYNNoWhbGuCPMANZuu9bcPjQ85SkPxIlMO7u1E9RycQR_TCM957A\/photo\/AF1QipOTOt1gR-mX7BzV9BfaEzyOHpYFPJUA87DyZEE?key=eDh5X3p3TFcxRllGRUJoeWRDMXJCWEtuNjhINzdn\" target=\"_blank\"><img decoding=\"async\" src=\"https:\/\/lh3.googleusercontent.com\/pw\/AP1GczNKMYAyNGYHT72ZmTEdZE3dD7c5NTDe8Zg_dHCYbToI-c6pNuQ0EKH4XHuRtTMwFRlAEru1CJidKIRdT7RxE7xyVQRyfTNF1o84N0Wm3agYhQAe04a-uD4k8MM-noSN4g9XZM_MM9ZnClQU-4Vq0-Bu=w2000-h1333-s-no-gm?authuser=0\" width=\"2000\" height=\"1333\" alt=\"El sumo sacerdote presenta una flauta\" class=\"size-full\" \/><\/a><figcaption class=\"wp-caption-text\">El sumo sacerdote presenta una flauta<\/figcaption><\/figure>\n<figure class=\"wp-caption aligncenter\"><a href=\"https:\/\/photos.google.com\/share\/AF1QipMozQvVtuKoz6NYNNoWhbGuCPMANZuu9bcPjQ85SkPxIlMO7u1E9RycQR_TCM957A\/photo\/AF1QipPVoQus3zLA5zmMADC_Ak4FsXNM_4YfpgglnwM?key=eDh5X3p3TFcxRllGRUJoeWRDMXJCWEtuNjhINzdn\" target=\"_blank\"><img decoding=\"async\" src=\"https:\/\/lh3.googleusercontent.com\/pw\/AP1GczMNzdvuqNJy0qqNFaqvZkvsFCyIxMCkiqfbX1IhZDAiCxkAC0qS9BwOTzNFRsdc_6QCiJdyJSsFKKpLwpQqFFxuwZs8EicJS6rF6-646hGJzWC1Exxv3oIiZEyG05bR3Bk-LCHMlfTIPqY6itEJL6zV=w2000-h1125-s-no-gm?authuser=0\" width=\"2000\" height=\"1125\" alt=\"Purificaci\u00f3n\" class=\"size-full\" \/><\/a><figcaption class=\"wp-caption-text\">Purificaci\u00f3n<\/figcaption><\/figure>\n<h3>Ofrenda de ramas sagradas<\/h3>\n<ul>\n<li><strong>Distrito de Mejora de Tierras de Hokuryu<\/strong>Presidente Junichi Fukase<\/li>\n<li><strong>Alcalde de Hokuryu<\/strong>Sr. Yasuhiro Sasaki<\/li>\n<li><strong>Cooperativa Agr\u00edcola Kitasorachi<\/strong>Sr. Minoru Nagai, Director Representante del Distrito de Hokuryu<\/li>\n<li><strong>Distrito de Mejora de Tierras de Hokuryu<\/strong>Naoki Shiraoka, vicepresidente<\/li>\n<li>Auditor General Yoshitaka Iwakura<\/li>\n<li>Toru Tanimoto, presidente del comit\u00e9 de gesti\u00f3n<\/li>\n<li>Director Akinori Fujii<\/li>\n<li>Director Kazumi Hirabayashi<\/li>\n<li>DirectorKatsuji Saito<\/li>\n<li>Auditor Atsushi Goto<\/li>\n<li><strong>Presa de Etaibetsu<\/strong>Ingeniero supervisor jefe Hidefumi Okabe<\/li>\n<li>Gerente: Hiroto Fujii<\/li>\n<\/ul>\n<figure class=\"wp-caption aligncenter\"><a href=\"https:\/\/photos.google.com\/share\/AF1QipMozQvVtuKoz6NYNNoWhbGuCPMANZuu9bcPjQ85SkPxIlMO7u1E9RycQR_TCM957A\/photo\/AF1QipP3snKEzhjDxVGYHakOIrPL1iZGA671KPtg0b0?key=eDh5X3p3TFcxRllGRUJoeWRDMXJCWEtuNjhINzdn\" target=\"_blank\"><img decoding=\"async\" src=\"https:\/\/lh3.googleusercontent.com\/pw\/AP1GczOUbV7sg_J_1mdq-47IobHPQ3eK8eDc4uK_3ymYhKpAeMUowifaILGET8NXAHyBRrXu0nwrocbd8Wu_-su-gXyubaeDIErNED-fN0oRbHggkyssP_l1D4EGDU6rEsmIy63dKZSiFGhCKnJ60mFLSNpR=w2000-h1333-s-no-gm?authuser=0\" width=\"2000\" height=\"1333\" alt=\"Ofrenda de ramas sagradas: Junichi Fukase, presidente del Distrito de Mejora de Tierras de Hokuryu\" class=\"size-full\" \/><\/a><figcaption class=\"wp-caption-text\">Ofrenda de ramas sagradas: Junichi Fukase, presidente del Distrito de Mejora de Tierras de Hokuryu<\/figcaption><\/figure>\n<figure class=\"wp-caption aligncenter\"><a href=\"https:\/\/photos.google.com\/share\/AF1QipMozQvVtuKoz6NYNNoWhbGuCPMANZuu9bcPjQ85SkPxIlMO7u1E9RycQR_TCM957A\/photo\/AF1QipM-rwyP_4N0UH7JutrYINNfS-wSl_JSr14PGMQ?key=eDh5X3p3TFcxRllGRUJoeWRDMXJCWEtuNjhINzdn\" target=\"_blank\"><img decoding=\"async\" src=\"https:\/\/lh3.googleusercontent.com\/pw\/AP1GczPQ4V8BipT1k_2N-NeJ9XfrSplFOOSjVteJqsg5mNpbWMOcJw8316ut9WZBRcFHN9yrkC0Z86dbBwTTEiHE4GttL3hexdoxJwiF5c_3nI65IFk5Jl8fOjRV7m7ATjHHRMpB9KhP1oL8iHT95AzG2QyO=w2000-h1333-s-no-gm?authuser=0\" width=\"2000\" height=\"1333\" alt=\"Ofrenda de ramas sagradas: Alcalde de la ciudad de Hokuryu, Yasuhiro Sasaki\" class=\"size-full\" \/><\/a><figcaption class=\"wp-caption-text\">Ofrenda de ramas sagradas: Alcalde de la ciudad de Hokuryu, Yasuhiro Sasaki<\/figcaption><\/figure>\n<figure class=\"wp-caption aligncenter\"><a href=\"https:\/\/photos.google.com\/share\/AF1QipMozQvVtuKoz6NYNNoWhbGuCPMANZuu9bcPjQ85SkPxIlMO7u1E9RycQR_TCM957A\/photo\/AF1QipNQI6rhtej8zPMI72y_VHt9Su-UfD1pBV6PkXA?key=eDh5X3p3TFcxRllGRUJoeWRDMXJCWEtuNjhINzdn\" target=\"_blank\"><img decoding=\"async\" src=\"https:\/\/lh3.googleusercontent.com\/pw\/AP1GczMgdfsjoVoSP1MsJjqMCnslyHbwV-zKqpkcypWpbA0dQ3K_DSZ4hxsCtVWXFx0TBhRwwRPQbK_MnTnCDXRbt2xVq5ia9rWonbAFJ1rWyx8nxX7uFudfeJO0t3-HihHImpWVpxVlwVleka3sJ2hvfPpe=w2000-h1333-s-no-gm?authuser=0\" width=\"2000\" height=\"1333\" alt=\"Sr. Minoru Nagai, Director Representante de la Asociaci\u00f3n Cooperativa Agr\u00edcola de Kitasorachi, Distrito Municipal de Hokuryu\" class=\"size-full\" \/><\/a><figcaption class=\"wp-caption-text\">Sr. Minoru Nagai, Director Representante de la Asociaci\u00f3n Cooperativa Agr\u00edcola de Kitasorachi, Distrito Municipal de Hokuryu<\/figcaption><\/figure>\n<h3>Saludos de Junichi Fukase, presidente del Distrito de Mejora de Tierras<\/h3>\n<figure class=\"wp-caption aligncenter\"><a href=\"https:\/\/photos.google.com\/share\/AF1QipMozQvVtuKoz6NYNNoWhbGuCPMANZuu9bcPjQ85SkPxIlMO7u1E9RycQR_TCM957A\/photo\/AF1QipOsLiLeZNwXKZ335sOMrzsAVxRh8rtSkfJcZGA?key=eDh5X3p3TFcxRllGRUJoeWRDMXJCWEtuNjhINzdn\" target=\"_blank\"><img decoding=\"async\" src=\"https:\/\/lh3.googleusercontent.com\/pw\/AP1GczNJUX2rrWntW2oH_FmPx9F79FVAKlCSN3fX45AKl-n5f09i6y3V4ULRYsGnugljFPvI5sFB_Cia1qUIqooecgYpI69zn3mbnjuqbnrIdwcBGCpZtjLIxjCKdwNHp1QsBOXFi6rOwm0tBwUCNPDVEex7=w2000-h1333-s-no-gm?authuser=0\" width=\"2000\" height=\"1333\" alt=\"Saludos de Junichi Fukase, presidente del Distrito de Mejora de Tierras\" class=\"size-full\" \/><\/a><figcaption class=\"wp-caption-text\">Saludos de Junichi Fukase, presidente del Distrito de Mejora de Tierras<\/figcaption><\/figure>\n<p>Muchas gracias por asistir hoy a la Ceremonia de Inauguraci\u00f3n de la Presa Edaibetsu del Distrito de Mejora de Tierras 2025. Tambi\u00e9n quiero agradecerles que la ceremonia se haya completado sin problemas.<\/p>\n<p>Tambi\u00e9n nos gustar\u00eda expresar nuestro sincero agradecimiento al alcalde Sasaki, al director representante del distrito de JA, Nagai, y al Sr. y la Sra. Terauchi de la ciudad por tomarse el tiempo de sus ocupadas agendas para asistir a la ceremonia.<\/p>\n<p>Como probablemente puedas deducir a esta altura del a\u00f1o, ha habido mucha nieve este a\u00f1o y no se ha derretido tanto como esper\u00e1bamos, por lo que creo que los trabajos de primavera est\u00e1n avanzando menos de lo esperado.<\/p>\n<p>No sabemos qu\u00e9 tiempo har\u00e1 al entrar en verano, pero si el oto\u00f1o es pr\u00f3spero, creo que el esfuerzo de todos tendr\u00e1 su recompensa. Ha habido varios accidentes en los \u00faltimos dos a\u00f1os, pero espero que este a\u00f1o no haya ninguno.<\/p>\n<p>&quot;Me gustar\u00eda concluir mi discurso en la ceremonia de apertura del agua de hoy orando por la buena salud y felicidad de todos, y por un a\u00f1o libre de desastres y lesiones&quot;, dijo el presidente Fukase en sus palabras de apertura.<\/p>\n<figure class=\"wp-caption aligncenter\"><a href=\"https:\/\/photos.google.com\/share\/AF1QipMozQvVtuKoz6NYNNoWhbGuCPMANZuu9bcPjQ85SkPxIlMO7u1E9RycQR_TCM957A\/photo\/AF1QipPvfvSsaQsTUJYN9lPyIU_Wy0UQpSLdQ0DBk0w?key=eDh5X3p3TFcxRllGRUJoeWRDMXJCWEtuNjhINzdn\"><img decoding=\"async\" src=\"https:\/\/lh3.googleusercontent.com\/pw\/AP1GczNU7NchlLylA8Hbishg4-N2KESpAp8P5EozhDPNOm0YgTsZIc91Hwhu1CGIJ3Kav0qpW3eQdfurkujZaaUAx3awvfQWuLzJxjwUc-QZPNZNWd8TmTaQixHqqisN3j3HUaTUng5VF3xmBQkMQe5ZJztH=w2000-h1500-s-no-gm?authuser=0\" width=\"2000\" height=\"1500\" alt=\"La ceremonia termin\u00f3 sin problemas.\" class=\"size-full\" \/><\/a><figcaption class=\"wp-caption-text\">La ceremonia termin\u00f3 sin problemas.<\/figcaption><\/figure>\n<p>El a\u00f1o de la serpiente, 2025, es un a\u00f1o misterioso que simboliza el cambio.<br \/>\nOramos al Dios Serpiente, que se dice que es el dios del agua y la fertilidad y tiene poderes sagrados, por una cosecha abundante y una gesti\u00f3n segura del agua este a\u00f1o.<\/p>\n<figure class=\"wp-caption aligncenter\"><a href=\"https:\/\/photos.google.com\/share\/AF1QipMozQvVtuKoz6NYNNoWhbGuCPMANZuu9bcPjQ85SkPxIlMO7u1E9RycQR_TCM957A\/photo\/AF1QipM-3RFV7L_jbs-G8Tr9fm4WW-Thfs46VXd0QF0?key=eDh5X3p3TFcxRllGRUJoeWRDMXJCWEtuNjhINzdn\" target=\"_blank\"><img decoding=\"async\" src=\"https:\/\/lh3.googleusercontent.com\/pw\/AP1GczM6TPwjOdMxDvVj-kZVC8fH9e1A32P2rPmV86MUSXxaPGTHgNp-ryfuFrAQ3hmi4hZ4SS7WCYFTU1uYKUpCH8tmjN1NZgQTGssATTlJEnWCWxO0nomjUB4gw84eny8upN8IkfhLhuhO5pBLBOZ6liXm=w2000-h1500-s-no-gm?authuser=0\" width=\"2000\" height=\"1500\" alt=\"\u00a1Oramos por una cosecha abundante y seguridad este a\u00f1o en la abundante presa Edaibetsu!\" class=\"size-full\" \/><\/a><figcaption class=\"wp-caption-text\">\u00a1Oramos por una cosecha abundante y seguridad este a\u00f1o en la abundante presa Edaibetsu!<\/figcaption><\/figure>\n<h2>Cierre del santuario despu\u00e9s de la ceremonia.<\/h2>\n<figure class=\"wp-caption aligncenter\"><a href=\"https:\/\/photos.google.com\/share\/AF1QipMozQvVtuKoz6NYNNoWhbGuCPMANZuu9bcPjQ85SkPxIlMO7u1E9RycQR_TCM957A\/photo\/AF1QipMeiu1mBn4OJZSDTWaTMFdde1nd3B1rCttn3_s?key=eDh5X3p3TFcxRllGRUJoeWRDMXJCWEtuNjhINzdn\"><img decoding=\"async\" src=\"https:\/\/lh3.googleusercontent.com\/pw\/AP1GczN0_Mp3vkmj_eXy8KySdf7JF_siSAS7sViUempNQgf9klwxgUseaY-yiz29yD-uv5MacR7gmzxJJgX2Zsb6gd0HpsZNIB4hoyEBLd5YyHenx-a0j5TcG7ShSWooeD3EhN6rMI6IBLM0L-12r9dpacqn=w2000-h1500-s-no-gm?authuser=0\" width=\"2000\" height=\"1500\" alt=\"Cerrando el santuario\" class=\"size-full\" \/><\/a><figcaption class=\"wp-caption-text\">Cerrando el santuario<\/figcaption><\/figure>\n<figure class=\"wp-caption aligncenter\"><a href=\"https:\/\/photos.google.com\/share\/AF1QipMozQvVtuKoz6NYNNoWhbGuCPMANZuu9bcPjQ85SkPxIlMO7u1E9RycQR_TCM957A\/photo\/AF1QipP4JDOlbW3mLwsd9oG_DqcFdO49wVJU7eDtMFI?key=eDh5X3p3TFcxRllGRUJoeWRDMXJCWEtuNjhINzdn\" target=\"_blank\"><img decoding=\"async\" src=\"https:\/\/lh3.googleusercontent.com\/pw\/AP1GczMcj-vabT_m2dHt2_PdCl69pXI-29E3K7eJ7GVFniEifc5pKz3pJ58E0a2RG78MRXPs4OWohFopN1132CtV9cZDRThSf47FOULhBnZ71iL-i2EDK8zo9yTvBVTAs2buayfbLNBfEWq0M-dIzDFacKaT=w2000-h1333-s-no-gm?authuser=0\" width=\"2000\" height=\"1333\" alt=\"Luz solar divina\" class=\"size-full\" \/><\/a><figcaption class=\"wp-caption-text\">Luz solar divina<\/figcaption><\/figure>\n<p>Con infinito amor, gratitud y oraciones, ofrecemos este mensaje a la gran presa de Edaibetsu, que, ba\u00f1ada por los rayos del sol y llena de la refrescante brisa primaveral, vierte agua pura de deshielo en los campos de toda la ciudad...<\/p>\n<h2>Barco de reconocimiento para el lago de la presa<\/h2>\n<figure class=\"wp-caption aligncenter\"><a href=\"https:\/\/photos.google.com\/share\/AF1QipMozQvVtuKoz6NYNNoWhbGuCPMANZuu9bcPjQ85SkPxIlMO7u1E9RycQR_TCM957A\/photo\/AF1QipNWfgTeFTvgAqE3c8kH1lpVXw4LMWBIWVDIIq4?key=eDh5X3p3TFcxRllGRUJoeWRDMXJCWEtuNjhINzdn\" target=\"_blank\"><img decoding=\"async\" src=\"https:\/\/lh3.googleusercontent.com\/pw\/AP1GczOR2ugFcuH1RbKvpYKAnPaT0W6MQBuK69EhPuYuClc5w_PV99BixCpUgnoYjE3OX-ENDsgG9puDnH5q3HI_FJhVVHRsmRAlXemP9fU_IOZxHUJpXNf70Wj8OS03c6McRaMv33MxUEGwjQlaCO5uSzTS=w2000-h1500-s-no-gm?authuser=0\" width=\"2000\" height=\"1500\" alt=\"\u00a1Un barco almacenado para inspeccionar la superficie del lago de la presa!\" class=\"size-full\" \/><\/a><figcaption class=\"wp-caption-text\">\u00a1Un barco de investigaci\u00f3n almacenado para la superficie del lago de la presa!<\/figcaption><\/figure>\n<figure class=\"wp-caption aligncenter\"><a href=\"https:\/\/photos.google.com\/share\/AF1QipMozQvVtuKoz6NYNNoWhbGuCPMANZuu9bcPjQ85SkPxIlMO7u1E9RycQR_TCM957A\/photo\/AF1QipPNDlO7kCppjQ5qiSiENp-RGwzWCzfmwndXznQ?key=eDh5X3p3TFcxRllGRUJoeWRDMXJCWEtuNjhINzdn\" target=\"_blank\"><img decoding=\"async\" src=\"https:\/\/lh3.googleusercontent.com\/pw\/AP1GczMb98ZOVAne-j0zECNBIQ4qnu1d6n8cEuQc8VzT0nCDsyYof1BiTSlyq7ehAYU6uzTRDqhIytnJl-IaJvNpt1niD1lrziY_nIhML2ItAn01c_zcfxuFPzyeEKWpwYQiaS3wqNL6a6cKyw9cHSqTkvZk=w2000-h1500-s-no-gm?authuser=0\" width=\"2000\" height=\"1500\" alt=\"V\u00edas ferroviarias que conducen al lago\" class=\"size-full\" \/><\/a><figcaption class=\"wp-caption-text\">V\u00edas ferroviarias que conducen al lago<\/figcaption><\/figure>\n<figure class=\"wp-caption aligncenter\"><a href=\"https:\/\/photos.google.com\/share\/AF1QipMozQvVtuKoz6NYNNoWhbGuCPMANZuu9bcPjQ85SkPxIlMO7u1E9RycQR_TCM957A\/photo\/AF1QipPdPMAdYos4cupElNNQDmKFOP9ANIT7Y_NHd8o?key=eDh5X3p3TFcxRllGRUJoeWRDMXJCWEtuNjhINzdn\" target=\"_blank\"><img decoding=\"async\" src=\"https:\/\/lh3.googleusercontent.com\/pw\/AP1GczM-Vcg11NH0cuY0B80ERN1mvq9LsPKKrVGZRx8FRRBhBdDBu-Ey3cH1YV9unxTzi0daczmdrVP4l9pYP2qwfvn3QnU7xaBQ4HZGiyTYcdp7Ug31JycImSzu8Is7tEck6zzwfTPNlLGCU6wRJGM0r9-8=w2000-h1500-s-no-gm?authuser=0\" width=\"2000\" height=\"1500\" alt=\"La superficie del lago verde esmeralda\" class=\"size-full\" \/><\/a><figcaption class=\"wp-caption-text\">La superficie del lago verde esmeralda<\/figcaption><\/figure>\n<h2>Materiales de referencia<\/h2>\n<h3>Monumento &quot;Lago Toyo&quot;<\/h3>\n<ul>\n<li>Fuente: &quot;Historia del Distrito de Mejora de Tierras de Hokuryu&quot; (publicado el 3 de noviembre de 2001)<br \/>\n\u3000<\/li>\n<li><strong>La inscripci\u00f3n en la piedra: &quot;Lago Toyo&quot;:<\/strong>Caligraf\u00eda del ex Ministro del Interior y Comunicaciones y Presidente de la Comisi\u00f3n Nacional de Seguridad P\u00fablica, miembro de la C\u00e1mara de Representantes, Kosaku Shinoda<\/li>\n<li><strong>Pararse:<\/strong>Granito blanco<\/li>\n<li><strong>Monumento:<\/strong>Granito negro<\/li>\n<li><strong>inscripci\u00f3n:<\/strong>Distrito de Mejora de Tierras\/Sakuzo Matsubara, Presidente<\/li>\n<li><strong>Homenajes:<\/strong>Alcalde Shoichi Mori de la ciudad de Hokuryu<\/li>\n<\/ul>\n<h3>Inscripci\u00f3n &quot;Toyoko&quot;<\/h3>\n<p>El desarrollo de la zona de Hokuryu comenz\u00f3 en 1893 (Meiji 26), cuando Yoshiue Shoichiro y otros 20 talaron el denso bosque, que estaba oscuro incluso durante el d\u00eda, y se dedicaron a la agricultura.<\/p>\n<p>Como resultado de las discusiones en 1911, se estableci\u00f3 la Asociaci\u00f3n de Abastecimiento de Agua de Edaibetsu y se adquirieron derechos de agua de 2.145 metros c\u00fabicos por segundo con el objetivo de cultivar 1.000 hect\u00e1reas de arrozales, y comenzaron los trabajos para el desarrollo de los arrozales.<\/p>\n<p>En 1917 se aprob\u00f3 la Asociaci\u00f3n Toko y se cre\u00f3 una rica regi\u00f3n productora de cereales en toda la cuenca del r\u00edo.<\/p>\n<p>Sin embargo, el desarrollo de los arrozales ha superado con creces las expectativas iniciales y el desarrollo en el interior ha provocado una disminuci\u00f3n del caudal de agua de origen, lo que hace que la zona sufra una escasez extrema de agua a\u00f1o tras a\u00f1o.<\/p>\n<p>La construcci\u00f3n de esta presa fue planeada como la \u00fanica manera de romper este estancamiento y promover a\u00fan m\u00e1s el cultivo del arroz. La construcci\u00f3n comenz\u00f3 en 1953 y tom\u00f3 13 a\u00f1os y una enorme cantidad de fondos nacionales para completarse.<\/p>\n<p>Por supuesto, no debemos olvidar que detr\u00e1s de la realizaci\u00f3n de este gran proyecto hubo una mezcla del entusiasmo de los residentes locales, la gu\u00eda y el est\u00edmulo de los pioneros y la comprensi\u00f3n de las autoridades.<\/p>\n<p>Erigimos este monumento para expresar nuestra gratitud a estas personas y a todos los ingenieros que participaron directamente en este dif\u00edcil proyecto.<\/p>\n<p>8 de septiembre de 1967, Presidente del Distrito de Mejora de Tierras, Sakuzo Matsuhara<\/p>\n<figure class=\"wp-caption aligncenter\"><a href=\"https:\/\/photos.google.com\/share\/AF1QipMozQvVtuKoz6NYNNoWhbGuCPMANZuu9bcPjQ85SkPxIlMO7u1E9RycQR_TCM957A\/photo\/AF1QipPuHydQ4yrJvIYyUm4soMjDtphBXvWLBi7XfAw?key=eDh5X3p3TFcxRllGRUJoeWRDMXJCWEtuNjhINzdn\" target=\"_blank\"><img decoding=\"async\" src=\"https:\/\/lh3.googleusercontent.com\/pw\/AP1GczMnVHDMhtaopnJ9rQk1_aLNaYO-g7o48a-5Fc2ghB3ztCO0Cx1VcADSKZBJrf7Yps0CxaHEzbT1XxEx4U25GJO8qvqnyoAVvs0gxFUxOOyIji3IxK71QQzSrwUjToUzTPSdJAMnYoM4vf2aqzuGatmG=w2000-h1500-s-no-gm?authuser=0\" width=\"2000\" height=\"1500\" alt=\"Inscripci\u00f3n &quot;Toyoko&quot;\" class=\"size-full\" \/><\/a><figcaption class=\"wp-caption-text\">Inscripci\u00f3n &quot;Toyoko&quot;<\/figcaption><\/figure>\n<h3>elogio<\/h3>\n<p>La tan esperada presa por fin est\u00e1 aqu\u00ed. Su grandeza ya es evidente. Pronto se conocer\u00e1n sus inagotables beneficios.<\/p>\n<p>Es un s\u00edmbolo de esperanza eterna que regula las inundaciones, riega los hermosos campos y ofrece un rico lugar de descanso para los habitantes del pueblo. Nos gustar\u00eda alabarlo como el &quot;Lago Toyo&quot;.<\/p>\n<p>Nos gustar\u00eda expresar nuestro m\u00e1s profundo agradecimiento a todos los involucrados por su entusiasmo y esfuerzos a lo largo de los a\u00f1os, y nos comprometemos a responder a la finalizaci\u00f3n de este gran logro trabajando juntos en armon\u00eda y unidad para hacer nuestro mejor esfuerzo para desarrollar nuestra ciudad.<\/p>\n<p>8 de septiembre de 1967 Alcalde de la ciudad de Hokuryu, Shoichi Mori<\/p>\n<figure class=\"wp-caption aligncenter\"><img decoding=\"async\" src=\"https:\/\/lh3.googleusercontent.com\/pw\/AP1GczN1Vo4gCpvAEkEUY6azR9jo2l65JB0US9G6ccNpohlaVgyOQ4Yvm2YIAquNPtPQ_Lt1tqUtIgz5QZBQcEuFxCH_WCmswH7IpAmAg38wKSmMGbftpoq2WAidOcaNGiqo_pUFcsc_fRm5_7MwstcS0bSE=w2000-h1500-s-no-gm?authuser=0\" width=\"2000\" height=\"1500\" alt=\"elogio\" class=\"size-full\" \/><\/a><figcaption class=\"wp-caption-text\">elogio<\/figcaption><\/figure>\n<h2>V\u00eddeos de YouTube<\/h2>\n<div class=\"youtube\"><iframe title=\"Orando por una buena cosecha y seguridad este a\u00f1o en la &quot;Ceremonia de Apertura de la Presa Edaibetsu&quot; del Distrito de Mejora de Tierras de Hokuryu en 2025.\" src=\"https:\/\/www.youtube.com\/embed\/6crnqtZJCVY?feature=oembed\" frameborder=\"0\" allow=\"accelerometer; autoplay; clipboard-write; encrypted-media; gyroscope; picture-in-picture; web-share\" referrerpolicy=\"strict-origin-when-cross-origin\" allowfullscreen><\/iframe><\/div>\n<h2>Otras fotos<\/h2>\n<div class=\"img-move\"><img decoding=\"async\" style=\"vertical-align: middle;\" src=\"https:\/\/ehokkaido.net\/wp-content\/uploads\/2021\/12\/2021-12-06-11.41.12.png\" \/> <a href=\"https:\/\/photos.app.goo.gl\/2Et1SpaGtTYra51x6\" target=\"_blank\" rel=\"noopener noreferrer\">Las fotos (70 fotos) de la &quot;Ceremonia de Inauguraci\u00f3n de la Presa Edaibetsu&quot; del Distrito de Mejora de Tierras de la Ciudad de Hokuryu, a\u00f1o fiscal 2025, se encuentran aqu\u00ed &gt;&gt;<\/a><\/div>\n<h2>Art\u00edculos relacionados<\/h2>\n\n        <div class=\"site-blogcard-premium\">\n            <div class=\"bc-label-custom\">Art\u00edculos relacionados<\/div>\n            <div class=\"bc-flex-container\">\n                <div class=\"bc-main-text\">\n                    <div class=\"bc-title-link-box\">\n                        <a href=\"https:\/\/portal.hokuryu.info\/es\/44412\/\" target=\"_blank\">https:\/\/portal.hokuryu.info\/44412<\/a>\n                    <\/div>\n                    <div class=\"bc-excerpt-box\">No se puede recuperar la informaci\u00f3n de la p\u00e1gina.<\/div>\n                <\/div>\n                <div class=\"bc-thumbnail-box\">\n                    <a href=\"https:\/\/portal.hokuryu.info\/es\/44412\/\" target=\"_blank\">\n                        <div class=\"bc-img-zoom-wrap\">\n                            <img decoding=\"async\" src=\"https:\/\/portal.hokuryu.info\/wp\/wp-content\/uploads\/2026\/02\/20230802DSC06445_1.jpg\" alt=\"https:\/\/portal.hokuryu.info\/44412\">\n                        <\/div>\n                    <\/a>\n                <\/div>\n            <\/div>\n        <\/div>\n\n        <div class=\"site-blogcard-premium\">\n            <div class=\"bc-label-custom\">Art\u00edculos relacionados<\/div>\n            <div class=\"bc-flex-container\">\n                <div class=\"bc-main-text\">\n                    <div class=\"bc-title-link-box\">\n                        <a href=\"https:\/\/portal.hokuryu.info\/es\/topics\/culture\/20130503.html\/\" target=\"_blank\">Ceremonia de Inauguraci\u00f3n del Agua del Distrito de Mejora de Tierras de Hokuryu 2013 (Presa Edaibetsu) - Portal de la Ciudad de Hokuryu (Hokkaido) - El Pueblo de Girasoles N.\u00b0 1 de Jap\u00f3n<\/a>\n                    <\/div>\n                    <div class=\"bc-excerpt-box\">Les presentamos el presente de una ciudad vibrante con una poblaci\u00f3n de 2200 habitantes y una tasa de envejecimiento de 401 TP3T. Como girasoles, las familias viven en armon\u00eda...<\/div>\n                <\/div>\n                <div class=\"bc-thumbnail-box\">\n                    <a href=\"https:\/\/portal.hokuryu.info\/es\/topics\/culture\/20130503.html\/\" target=\"_blank\">\n                        <div class=\"bc-img-zoom-wrap\">\n                            <img decoding=\"async\" src=\"https:\/\/lh3.googleusercontent.com\/-494y43NjI4I\/UYMjIXaK33I\/AAAAAAAAnkU\/6YU9cudd2RY\/s800\/K5%25202943.jpg\" alt=\"Ceremonia de Inauguraci\u00f3n del Agua del Distrito de Mejora de Tierras de Hokuryu 2013 (Presa Edaibetsu) - Portal de la Ciudad de Hokuryu (Hokkaido) - El Pueblo de Girasoles N.\u00b0 1 de Jap\u00f3n\">\n                        <\/div>\n                    <\/a>\n                <\/div>\n            <\/div>\n        <\/div>\n<p>\u25c7 <a href=\"https:\/\/portal.hokuryu.info\/es\/38127\/#outline_1__7_2_1\">Fotograf\u00eda, edici\u00f3n y gesti\u00f3n del sitio web: Noboru Terauchi Escritor: Ikuko Terauchi<\/a><\/p>","protected":false},"excerpt":{"rendered":"<p>\uff12\uff10\uff12\uff15\u5e74\uff15\u6708\uff12\u65e5\uff08\u91d1\uff09 \uff15\u6708\uff11\u65e5\uff08\u6728\uff09\u5348\u5f8c\uff12\u6642\u3001\u6625\u306e\u592a\u967d\u304c\u71e6\u3005\u3068\u964d\u308a\u6ce8\u304e\u3001\u723d\u3084\u304b\u306a\u98a8\u304c\u5439\u304d\u629c\u3051\u308b\u65e5\u3001\u4ee4\u548c\uff17\u5e74\u5ea6 \u5317\u7adc\u571f\u5730\u6539\u826f\u533a\uff08\u6df1\u702c\u7d14\u4e00 \u7406\u4e8b\u9577\uff09\u300c\u6075\u5cb1\u5225\u30c0\u30e0\u901a\u6c34\u5f0f\u300d\u304c\u53b3\u7c9b\u306b\u57f7\u308a\u884c\u308f\u308c\u307e\u3057\u305f\u3002 \u6075\u5cb1 [&hellip;]<\/p>\n","protected":false},"author":1,"featured_media":57988,"comment_status":"open","ping_status":"open","sticky":false,"template":"","format":"standard","meta":{"footnotes":""},"categories":[4,75,91],"tags":[],"class_list":["post-57984","post","type-post","status-publish","format-standard","has-post-thumbnail","hentry","category-cover-story","category-sasaki-yasuhiro-mayor","category-91"],"_links":{"self":[{"href":"https:\/\/portal.hokuryu.info\/es\/wp-json\/wp\/v2\/posts\/57984","targetHints":{"allow":["GET"]}}],"collection":[{"href":"https:\/\/portal.hokuryu.info\/es\/wp-json\/wp\/v2\/posts"}],"about":[{"href":"https:\/\/portal.hokuryu.info\/es\/wp-json\/wp\/v2\/types\/post"}],"author":[{"embeddable":true,"href":"https:\/\/portal.hokuryu.info\/es\/wp-json\/wp\/v2\/users\/1"}],"replies":[{"embeddable":true,"href":"https:\/\/portal.hokuryu.info\/es\/wp-json\/wp\/v2\/comments?post=57984"}],"version-history":[{"count":0,"href":"https:\/\/portal.hokuryu.info\/es\/wp-json\/wp\/v2\/posts\/57984\/revisions"}],"wp:featuredmedia":[{"embeddable":true,"href":"https:\/\/portal.hokuryu.info\/es\/wp-json\/wp\/v2\/media\/57988"}],"wp:attachment":[{"href":"https:\/\/portal.hokuryu.info\/es\/wp-json\/wp\/v2\/media?parent=57984"}],"wp:term":[{"taxonomy":"category","embeddable":true,"href":"https:\/\/portal.hokuryu.info\/es\/wp-json\/wp\/v2\/categories?post=57984"},{"taxonomy":"post_tag","embeddable":true,"href":"https:\/\/portal.hokuryu.info\/es\/wp-json\/wp\/v2\/tags?post=57984"}],"curies":[{"name":"wp","href":"https:\/\/api.w.org\/{rel}","templated":true}]}}