{"id":57703,"date":"2025-04-24T09:36:43","date_gmt":"2025-04-24T00:36:43","guid":{"rendered":"https:\/\/portal.hokuryu.info\/?p=57703"},"modified":"2025-05-20T14:29:39","modified_gmt":"2025-05-20T05:29:39","slug":"%e6%a3%ae%e3%81%a8%e6%b5%b7%e3%82%92%e3%81%a4%e3%81%aa%e3%81%90%e5%91%bd%e3%81%ae%e5%be%aa%e7%92%b0-%e3%80%8c%e7%a9%80%e9%9b%a8%e3%81%ae%e6%97%a5%e3%81%ab%e7%b4%a1%e3%81%8c%e3%82%8c%e3%81%9f%e3%82%a2","status":"publish","type":"post","link":"https:\/\/portal.hokuryu.info\/es\/57703\/","title":{"rendered":"El ciclo de la vida que conecta el bosque y el mar: &quot;La historia del t\u00e9 Picea Glehnga tejido en un d\u00eda de lluvia de granos&quot; - Una conversaci\u00f3n con Tatsuya Ueii (Shizenshita) y Ami (Gofujuuu) en L&#039;Esperance (Sapporo)"},"content":{"rendered":"<p>Jueves, 24 de abril de 2025<\/p>\n<p>El domingo 20 de abril es el d\u00eda de la &quot;Lluvia de Granos&quot; en el 24.\u00ba per\u00edodo solar. Se dice que la Lluvia de Granos &quot;llueve para nutrir los granos&quot;, y es la estaci\u00f3n en la que una lluvia suave y c\u00e1lida humedece los campos. Ese d\u00eda tambi\u00e9n cay\u00f3 una lluvia bendita, como para humedecer los nuevos brotes de primavera...<\/p>\n<h2>Fiesta del t\u00e9 &quot;Una conversaci\u00f3n con Ueii Tatsuya (Shizenshita) y Ami (Gofujuuame)&quot;<\/h2>\n<p>En el restaurante vegano L&#039;Esp\u00e9rance en Maruyama, Sapporo, se celebr\u00f3 una ceremonia del t\u00e9 digna del D\u00eda de la Lluvia de Granos.<\/p>\n<p>Esta fiesta de t\u00e9 contar\u00e1 con una conversaci\u00f3n entre Ami (propietario de Gofujuu), quien desarroll\u00f3 el t\u00e9 aperitivo, y Kamii Tatsuya (representante de Shizenshita), quien proporcion\u00f3 los ingredientes del t\u00e9 (abeto rojo de los bosques de la ciudad de Hokuryu), mientras disfruta de la deliciosa cocina de L&#039;Esperance.<\/p>\n<figure class=\"wp-caption aligncenter\"><a href=\"https:\/\/photos.google.com\/share\/AF1QipNMbAzir-9NUEFZyYpjvWdBGyED9g8MNVVdFVmZl0YspGYI6orWJONbAiFsG40MCQ\/photo\/AF1QipMrXKoBf5U4KZzQIF0n4kFOAdd-5kdXioR12KY?key=ZFhxWExzLVBTcmY5dkYtOXFFZHgyQmpMZUNCQm5B\" target=\"_blank\"><img decoding=\"async\" src=\"https:\/\/lh3.googleusercontent.com\/pw\/AP1GczOj8UVzqXRkTgqSpwxwR7vR7DiHxCu0uS2JZGMvCXXeQ0XQfCo6McVebsFYgaBQdv4WMvwUi9ekZloxFLR1QqUiZWDgAcP3LceTxTq3qyTlEKMPstwOkdvnkpQsw0I-JH3Wu1DQ_WUCOttpmKWbf6Bh=w2000-h1500-s-no-gm?authuser=0\" width=\"2000\" height=\"1500\" alt=\"Restaurante vegano L&#039;Esp\u00e9rance en Maruyama, Sapporo\" class=\"size-full\" \/><\/a><figcaption class=\"wp-caption-text\">Restaurante vegano L&#039;Esp\u00e9rance en Maruyama, Sapporo<\/figcaption><\/figure>\n<figure class=\"wp-caption aligncenter\"><a href=\"https:\/\/photos.google.com\/share\/AF1QipNMbAzir-9NUEFZyYpjvWdBGyED9g8MNVVdFVmZl0YspGYI6orWJONbAiFsG40MCQ\/photo\/AF1QipO_WbJeS6nouXRWQCJjtRtbZNyuax-XaO4hw0k?key=ZFhxWExzLVBTcmY5dkYtOXFFZHgyQmpMZUNCQm5B\" target=\"_blank\"><img decoding=\"async\" src=\"https:\/\/lh3.googleusercontent.com\/pw\/AP1GczNn2IA6XTd3zUISJ7I5q7czuJsZ3LD9FuGwOw3sb5u738IXubaPvQ5e2SGMslLDunEhf5XP_0zIhj581AIMTZ5rWLJoR4La_DhdRQPcK1sFgfux5WSQhjSsESIB5D0TxAo7rUDG4SmxcZy9uS3XIiZE=w2000-h1500-s-no-gm?authuser=0\" width=\"2000\" height=\"1500\" alt=\" La esperanza\" class=\"size-full\" \/><\/a><figcaption class=\"wp-caption-text\">La esperanza<\/figcaption><\/figure>\n<h3>\u00a1El tema es &quot;T\u00e9 del bosque&quot;!<\/h3>\n<p>Este t\u00e9 aperitivo especial fue desarrollado y planeado por Ami (propietario de Gofujuuame) como un aperitivo especial para L&#039;Esperance, que celebr\u00f3 su cuarto aniversario en abril.<\/p>\n<figure class=\"wp-caption aligncenter\"><a href=\"https:\/\/photos.google.com\/share\/AF1QipNMbAzir-9NUEFZyYpjvWdBGyED9g8MNVVdFVmZl0YspGYI6orWJONbAiFsG40MCQ\/photo\/AF1QipOmj8XlVXkhI0HtpquuNsploht_4-dkbdX7Tt8?key=ZFhxWExzLVBTcmY5dkYtOXFFZHgyQmpMZUNCQm5B\" target=\"_blank\"><img decoding=\"async\" src=\"https:\/\/lh3.googleusercontent.com\/pw\/AP1GczO7F_mL-GZfJZWXjz7qGSsiDDqa0dpBdIYJlaa0lfPuSkZTXtybqQLPn272vz2hS3CW5y5moez0mTaVBnDS9DiGE2-ASHGqBGEvgiiNhXlcp4jiQE3n9adx4GcUzLijggAfU6-OxISct9_ERx8_yUdj=w2000-h1500-s-no-gm?authuser=0\" width=\"2000\" height=\"1500\" alt=\"Ami y Kamii est\u00e1n teniendo una reuni\u00f3n.\" class=\"size-full\" \/><\/a><figcaption class=\"wp-caption-text\">Ami y Kamii est\u00e1n teniendo una reuni\u00f3n.<\/figcaption><\/figure>\n<p>La materia prima de este t\u00e9 son las hojas de los \u00e1rboles de abeto rojo cultivados por Tatsuya Uei en la ciudad de Hokuryu (\u00a1una pr\u00e1ctica de gesti\u00f3n forestal sostenible con un alto nivel de conservaci\u00f3n ambiental)!<\/p>\n<p>\u00a1Una maravillosa conexi\u00f3n creada por los \u00e1rboles de abeto rojo que crecen en los bosques de la ciudad de Hokuryu!<\/p>\n<figure class=\"wp-caption aligncenter\"><a href=\"https:\/\/photos.google.com\/share\/AF1QipNMbAzir-9NUEFZyYpjvWdBGyED9g8MNVVdFVmZl0YspGYI6orWJONbAiFsG40MCQ\/photo\/AF1QipOYWf0d_5ApClfeEzN_t3AJDv1bn5G936Ljqgg?key=ZFhxWExzLVBTcmY5dkYtOXFFZHgyQmpMZUNCQm5B\" target=\"_blank\"><img decoding=\"async\" src=\"https:\/\/lh3.googleusercontent.com\/pw\/AP1GczOWotX5rAxodqyfqfOBsbH9jDQ_82t3YoWUWdEb-WAWwaen3kjNtNH1u2_dK1uVq03cVT9cpoS_fA2o_jJccw8mjZOAHtXNBgj65I7m4JDDroX45LHWIO54CGrRNff50tgfvEwdUEMKFZNo2mfb4W8A=w2000-h1500-s-no-gm?authuser=0\" width=\"2000\" height=\"1500\" alt=\"El bosque &quot;Sprachuapse&quot; en la ciudad de Hokuryu, cultivado por Tatsuya Kamii\" class=\"size-full\" \/><\/a><figcaption class=\"wp-caption-text\">El bosque &quot;Sprachuapse&quot; en la ciudad de Hokuryu, cultivado por Tatsuya Kamii<\/figcaption><\/figure>\n<figure class=\"wp-caption aligncenter\"><a href=\"https:\/\/photos.google.com\/share\/AF1QipNMbAzir-9NUEFZyYpjvWdBGyED9g8MNVVdFVmZl0YspGYI6orWJONbAiFsG40MCQ\/photo\/AF1QipNwHhhy7dYxzULuc2W8JmgToNvJyEdARo9VgwY?key=ZFhxWExzLVBTcmY5dkYtOXFFZHgyQmpMZUNCQm5B\" target=\"_blank\"><img decoding=\"async\" src=\"https:\/\/lh3.googleusercontent.com\/pw\/AP1GczM9yZiW5RmLYKD1S84mhz4Sq7Wf9BYAIFlMdedxisKnZ9FmmQgZqLGHJ924K4_W_IgyU5Nigqq3UXPzWGcXZwr19eBt8YrAzFBHw0V0smjelkxdf2w1Ifg5DvdXIvCHX4W_HXptRnlLeRdeo7NxuL2s=w2000-h1500-s-no-gm?authuser=0\" width=\"2000\" height=\"1500\" alt=\"Fiesta del t\u00e9 para 12 personas\" class=\"size-full\" \/><\/a><figcaption class=\"wp-caption-text\">Fiesta del t\u00e9 para 12 personas<\/figcaption><\/figure>\n<h3>Una conversaci\u00f3n entre Ami y Tatsuya Kamii<\/h3>\n<ul>\n<li>Ami abri\u00f3 su tienda, Gofujuuame, en Minami-ku, Sapporo hace cinco a\u00f1os.<\/li>\n<li>Tatsuya Kamii se mud\u00f3 a la ciudad de Hokuryu hace cinco a\u00f1os (abril de 2020) y comenz\u00f3 la &quot;forestaci\u00f3n autogestionada&quot; en los bosques de la ciudad.<\/li>\n<\/ul>\n<figure class=\"wp-caption aligncenter\"><a href=\"https:\/\/photos.google.com\/share\/AF1QipNMbAzir-9NUEFZyYpjvWdBGyED9g8MNVVdFVmZl0YspGYI6orWJONbAiFsG40MCQ\/photo\/AF1QipMtwRE2vWB7f91HqDryF6ZgGAJF2idAn_ei238?key=ZFhxWExzLVBTcmY5dkYtOXFFZHgyQmpMZUNCQm5B\" target=\"_blank\"><img decoding=\"async\" src=\"https:\/\/lh3.googleusercontent.com\/pw\/AP1GczN570uI_CyleD7ki_R1NNs6f-bnE_mN6X813KMCjWXuFUP92Q-DMxMifrhEYsAxGVM4E3yQPNgH8DgfreCajdlSSxf4SFE9qv39xkv43MSzsWXR8oIVumPiyrM4ZfWoOhwG-Sb46sfyXF3i5NtLLsIQ=w2000-h1333-s-no-gm?authuser=0\" width=\"2000\" height=\"1333\" alt=\"Ami y Tatsuya Kamii\" class=\"size-full\" \/><\/a><figcaption class=\"wp-caption-text\">Ami y Tatsuya Kamii<\/figcaption><\/figure>\n<h4>El nacimiento del t\u00e9 Picea Glehnii<\/h4>\n<p><strong>\ud83c\udf75 Ami-san<\/strong><\/p>\n<p>&quot;Cuando Hakusan, que sirve comida vegana, estaba pensando en cambios futuros, naci\u00f3 la idea de un nuevo t\u00e9.<br \/>\nPara nosotros es importante de d\u00f3nde obtenemos nuestras plantas.<\/p>\n<p>Esta vez, un amigo de confianza que trabaja como le\u00f1ador en la industria forestal me present\u00f3 al Sr. Uei, quien dirige un negocio de tala de \u00e1rboles en la ciudad de Hokuryu. Gracias a esta conexi\u00f3n, pude preparar t\u00e9 con las hojas de los \u00e1rboles que el Sr. Uei protege con esmero.<\/p>\n<p>\u201cConectamos ese t\u00e9 con la cocina de Hakusan y hacemos que todos lo coman, as\u00ed trabajamos con conciencia de todo el ciclo de los alimentos\u201d.<\/p>\n<figure class=\"wp-caption aligncenter\"><a href=\"https:\/\/photos.google.com\/share\/AF1QipNMbAzir-9NUEFZyYpjvWdBGyED9g8MNVVdFVmZl0YspGYI6orWJONbAiFsG40MCQ\/photo\/AF1QipPTrZKiLAMSWtC_nkphN1RqKaR7fVn0uxGCQjE?key=ZFhxWExzLVBTcmY5dkYtOXFFZHgyQmpMZUNCQm5B\" target=\"_blank\"><img decoding=\"async\" src=\"https:\/\/lh3.googleusercontent.com\/pw\/AP1GczNTE0aGUOzTL4EpK-zRuF8_m1kBp5qTC9-HsQVREZUJcXNGiYUsIdmE2tGgXyfc4a71CsndHvxrSlOjrBKDMY5U9vkdA2p4EWRSKDWeZJdIxi6_g3LHmq7uJsFEF5KN9EZLN7hlxVSbW7eJPif3j59t=w2000-h1333-s-no-gm?authuser=0\" width=\"2000\" height=\"1333\" alt=\"Ami-san\" class=\"size-full\" \/><\/a><figcaption class=\"wp-caption-text\">Ami-san<\/figcaption><\/figure>\n<h4>Silvicultura autocortante: una industria forestal circular y sostenible<\/h4>\n<figure class=\"wp-caption aligncenter\"><a href=\"https:\/\/photos.google.com\/share\/AF1QipNMbAzir-9NUEFZyYpjvWdBGyED9g8MNVVdFVmZl0YspGYI6orWJONbAiFsG40MCQ\/photo\/AF1QipO9invU_i55PRaqu4yXfmFz4uMlbOfv7ADR7EI?key=ZFhxWExzLVBTcmY5dkYtOXFFZHgyQmpMZUNCQm5B\" target=\"_blank\"><img decoding=\"async\" src=\"https:\/\/lh3.googleusercontent.com\/pw\/AP1GczNCI9pqvGGoJ3Fh2xs6ingdj2cPHcp9gaQtF5OVuIS4U-EqFc0NP9e3NeY2sO5jpPOzjeyDIQuaU8kDT085901vY8Ap-muaXYaDUw3NdVjKuWk172ccQPiZCYEd7HHTcrReaZSuneVpos8JzlGHjL3Q=w2000-h1333-s-no-gm?authuser=0\" width=\"2000\" height=\"1333\" alt=\"Tatsuya Kamii\" class=\"size-full\" \/><\/a><figcaption class=\"wp-caption-text\">Tatsuya Kamii<\/figcaption><\/figure>\n<p><strong>\ud83c\udf32 Kamii-san<\/strong><\/p>\n<p>Me involucr\u00e9 en la silvicultura porque desde ni\u00f1o amo la naturaleza y pens\u00e9 que ser\u00eda bonito tener un bosque en mi jard\u00edn. So\u00f1aba con vivir cerca de uno. Empec\u00e9 en la silvicultura con la simple idea de que me gustar\u00eda trabajar en el bosque.<\/p>\n<p>No quer\u00eda ver a los seres vivos extinguirse debido a la destrucci\u00f3n de los bosques, por eso me atrajo la silvicultura autoexplorada, un m\u00e9todo de forestaci\u00f3n circular y sostenible.<\/p>\n<p>Cuando pienso en los bosques, pienso que la base es el suelo. Est\u00e1 el mar, est\u00e1 el suelo, y en ese suelo crece la hierba, hay insectos y otros seres vivos, crecen los \u00e1rboles y los humanos pueden vivir.<\/p>\n<p>Se considera que la silvicultura ordinaria es una industria industrial o manufacturera, en la que se talan \u00e1rboles y se erosiona el suelo, lo que aumenta la probabilidad de que se produzcan deslizamientos de tierra.<\/p>\n<p>Se dice que la capa superior del suelo tarda m\u00e1s de 100 a\u00f1os en formarse. No me gusta la mentalidad forestal actual de &quot;solo yo ahora&quot;, as\u00ed que practico la silvicultura de autotala, pensando en los bosques de dentro de 100 a\u00f1os.<\/p>\n<figure class=\"wp-caption aligncenter\"><a href=\"https:\/\/photos.google.com\/share\/AF1QipNMbAzir-9NUEFZyYpjvWdBGyED9g8MNVVdFVmZl0YspGYI6orWJONbAiFsG40MCQ\/photo\/AF1QipO_23phWbwsmRiOn71CjsWyYrv1ARSxDdvLs7Q?key=ZFhxWExzLVBTcmY5dkYtOXFFZHgyQmpMZUNCQm5B\" target=\"_blank\"><img decoding=\"async\" src=\"https:\/\/lh3.googleusercontent.com\/pw\/AP1GczPJ1BKPkgpS5aWqgT49sS6V434vQ1fAOyCgC3o1U1Ug6swnwZMYi3cFN_ltciNZeHtnC8rvg_-ieSq_F1LouBTFl6tcTD1bITdMRSFMjFNLTpPG76_lwBXWtFNnMqMVDdF6Q3x0dCYfg081Q4pwlJGc=w2000-h1333-s-no-gm?authuser=0\" width=\"2000\" height=\"1333\" alt=\"El ciclo de la vida en el bosque\" class=\"size-full\" \/><\/a><figcaption class=\"wp-caption-text\">El ciclo de la vida en el bosque<\/figcaption><\/figure>\n<p><strong>\u2615\ufe0f Ami-san<\/strong><\/p>\n<p>El Sr. Uwai y yo somos de la misma generaci\u00f3n. Me alegra mucho haberme hecho amigo de alguien que trabaja arduamente en la industria forestal. Esta es la segunda vez que nos vemos; la \u00faltima fue la primera. Incluso cuando nos vimos por primera vez, compartimos los mismos pensamientos y conectamos.<\/p>\n<p>El Sr. Kamii ha estado investigando c\u00f3mo aprovechar al m\u00e1ximo su bosque a trav\u00e9s de prueba y error durante aproximadamente cinco a\u00f1os, el mismo per\u00edodo que yo.<\/p>\n<p>Hoy en d\u00eda, el pensamiento centrado en el ser humano es la norma, y el desarrollo de la sociedad y los r\u00edos se lleva a cabo para la conveniencia humana. Parece que el entorno se est\u00e1 volviendo dif\u00edcil para las criaturas que lo habitan. Bosques, r\u00edos y oc\u00e9anos est\u00e1n todos conectados.<\/p>\n<p><strong>\ud83c\udf32 Kamii-san<\/strong><\/p>\n<p>&quot;Si vives una vida egoc\u00e9ntrica sin considerar el ciclo global a largo plazo, el flujo natural comenzar\u00e1 a colapsar y, en \u00faltima instancia, ser\u00e1s t\u00fa quien sufrir\u00e1&quot;.<\/p>\n<figure class=\"wp-caption aligncenter\"><a href=\"https:\/\/photos.google.com\/share\/AF1QipNMbAzir-9NUEFZyYpjvWdBGyED9g8MNVVdFVmZl0YspGYI6orWJONbAiFsG40MCQ\/photo\/AF1QipMPe13Imd1utBoOkVGwCK5omO3fqirwFLjQb0c?key=ZFhxWExzLVBTcmY5dkYtOXFFZHgyQmpMZUNCQm5B\" target=\"_blank\"><img decoding=\"async\" src=\"https:\/\/lh3.googleusercontent.com\/pw\/AP1GczPlqmAo-H9x8EexxePLX11oOWHZEMabSZrjPTxLqP3J4iLDj4TTX7T8Z_NThARlor-Hjn1U89xfvIVvlbCc7aPiWO_IHwBbRkvdncpIRszPylzuWGVyO8B1GXe3kXIFKUo-veJe-SAl71oIYqp1GNCZ=w2000-h1333-s-no-gm?authuser=0\" width=\"2000\" height=\"1333\" alt=\"Los dos se llevaron bien\" class=\"size-full\" \/><\/a><figcaption class=\"wp-caption-text\">Los dos se llevaron bien<\/figcaption><\/figure>\n<h4>V\u00eddeo de una visita al bosque de Kamii en la ciudad de Hokuryu el 10 de marzo<\/h4>\n<ul>\n<li>Ami, Hakusan y Yuumi visitaron juntos<\/li>\n<\/ul>\n<figure class=\"wp-caption aligncenter\"><a href=\"https:\/\/photos.google.com\/share\/AF1QipNMbAzir-9NUEFZyYpjvWdBGyED9g8MNVVdFVmZl0YspGYI6orWJONbAiFsG40MCQ\/photo\/AF1QipNBQCjR-xdqBiHoxgIkdZQGUVcW-CBanTNz7I4?key=ZFhxWExzLVBTcmY5dkYtOXFFZHgyQmpMZUNCQm5B\" target=\"_blank\"><img decoding=\"async\" src=\"https:\/\/lh3.googleusercontent.com\/pw\/AP1GczPpNI2GJHVJ1-nBRnviHejSaIwtIaGrUZvOvZ3UcLhnctn4p4so4xCsk279VSlyKbo5dnLSkg8d3nGWkUigKv_ArxfKEDxfh6zxylDbXctvTSnZCZwq2QhLVIpDSM89XWtGHlC3MeKB-_CBrv_8geB_=w2000-h1333-s-no-gm?authuser=0\" width=\"2000\" height=\"1333\" alt=\"V\u00eddeo de una visita al bosque de la ciudad de Hokuryu\" class=\"size-full\" \/><\/a><figcaption class=\"wp-caption-text\">V\u00eddeo de una visita al bosque de la ciudad de Hokuryu<\/figcaption><\/figure>\n<p><strong>\ud83c\udf32 Kamii-san<\/strong><\/p>\n<p>Hab\u00edamos recibido materiales forestales antes, pero fue una sorpresa, ya que es raro que alguien visite las monta\u00f1as de repente. Era extremadamente inusual que alguien visitara una monta\u00f1a con nieve a\u00fan intacta con el deseo de &quot;ver el lugar&quot;.<\/p>\n<p>Mirando hacia atr\u00e1s, una vez proporcionamos materiales a SHIRO, una empresa de cosm\u00e9ticos en Sunagawa, y el presidente de la empresa visit\u00f3 personalmente la monta\u00f1a en ese momento.<\/p>\n<p>El \u00e1rbol de Picea glehnii utilizado para el t\u00e9 en esta ocasi\u00f3n es a\u00fan joven, de unos 30 a\u00f1os. Sus hojas son suaves y llenas de vitalidad.<\/p>\n<p>El bosque es un espacio completamente aislado, as\u00ed que pudimos tener conversaciones muy profundas. Ami y sus amigos saborearon las hojas y la nieve de las agujas de pino, disfrutando del espacio forestal con libertad y tranquilidad.<\/p>\n<figure class=\"wp-caption aligncenter\"><a href=\"https:\/\/photos.google.com\/share\/AF1QipNMbAzir-9NUEFZyYpjvWdBGyED9g8MNVVdFVmZl0YspGYI6orWJONbAiFsG40MCQ\/photo\/AF1QipPeYABPIKAC1Rrevim3121JnfRe3YZG5MlYnoc?key=ZFhxWExzLVBTcmY5dkYtOXFFZHgyQmpMZUNCQm5B\" target=\"_blank\"><img decoding=\"async\" src=\"https:\/\/lh3.googleusercontent.com\/pw\/AP1GczNWTH_tL1rbwNIJAZoNMllw0xuIIfaX8k3ncyTgCveNtrQ2iRCZALi70tXxNvrWjyQ4ONtieSxynb3_r-zNyL-_e74VRoR8N028SUVcUlaMnI8--fZxj4ItjKhPewFczYv61YJvs6-Vp2DbKU-Oeupp=w2000-h1333-s-no-gm?authuser=0\" width=\"2000\" height=\"1333\" alt=\"Ramas del abeto rojo cultivado por Uwai\" class=\"size-full\" \/><\/a><figcaption class=\"wp-caption-text\">Ramas del abeto rojo cultivado por Uwai<\/figcaption><\/figure>\n<p><strong>\u2615\ufe0f Ami-san<\/strong><\/p>\n<p>&quot;Despu\u00e9s de comer las hojas del bosque, los ni\u00f1os disfrutaron del bosque a su antojo, diciendo cosas como: &#039;Esto es delicioso&#039;, &#039;Estas hojas tienen un sabor diferente&#039;, &#039;Tiene un sabor dulce&#039;, &#039;Es agrio&#039;, &#039;Tiene un sabor picante, estimulante, parecido al jengibre&#039; y &#039;Tiene un aroma refrescante&#039;.<\/p>\n<p>La nieve que se hab\u00eda acumulado sobre las agujas de pino era tan pura que si la derret\u00edas y la a\u00f1ad\u00edas al t\u00e9, tendr\u00eda un sabor diferente.<\/p>\n<p>\u201cCada esencia vegetal contiene su propia energ\u00eda \u00fanica, por lo que cada una tiene un sabor diferente\u201d.<\/p>\n<h4>&quot;Omusubi&quot; hecho con el pensamiento de que todos los seres vivos est\u00e1n conectados<\/h4>\n<p>A Ami le proporcionaron agua de manantial recolectada en Minami-ku, Sapporo, donde vive, y bolas de arroz cocinadas con esa agua de manantial.<\/p>\n<p><strong>\u2615\ufe0f Ami-san<\/strong><\/p>\n<p>Hoy es el D\u00eda de la Lluvia de Granos, una lluvia bendita, una lluvia natural que nos nutre. Gracias a la lluvia y al viento, vivimos en paz y seguridad.<\/p>\n<p>Seg\u00fan c\u00f3mo se mire, las cosas no son solo buenas o malas para la conveniencia humana, sino que todo tiene un significado y es necesario. Cada persona tiene un papel diferente que desempe\u00f1ar y se complementa. Creo que la Tierra y el universo existen porque no solo los humanos, sino todos los seres vivos, estamos conectados en ciclos.<\/p>\n<p>Con este sentimiento en mente, preparo estas bolas de arroz. Creo que es importante que todos contribuyan y se unan como uno solo. Las bolas de arroz, el t\u00e9 y las ceremonias del t\u00e9 est\u00e1n impregnadas de este mismo sentimiento compartido.<\/p>\n<figure class=\"wp-caption aligncenter\"><a href=\"https:\/\/photos.google.com\/share\/AF1QipNMbAzir-9NUEFZyYpjvWdBGyED9g8MNVVdFVmZl0YspGYI6orWJONbAiFsG40MCQ\/photo\/AF1QipP8t15KexszikkifOIZSJboJbinbxmi4nSY8po?key=ZFhxWExzLVBTcmY5dkYtOXFFZHgyQmpMZUNCQm5B\" target=\"_blank\"><img decoding=\"async\" src=\"https:\/\/lh3.googleusercontent.com\/pw\/AP1GczPS7TdhIpNiSeY64LWobWNO2fjO6HJCx5fKDttVv-grEVd1eMnJ_2gh3d7YcRfjiWIdo1T2EsChoL9v4v0Ij0uHVeE2sPxLB5N2P2qt-lRaEvfWZHHJ0JMmhU-sZDb5YfPkpgosJaQqTRlf4VKhXOio=w2000-h1333-s-no-gm?authuser=0\" width=\"2000\" height=\"1333\" alt=\"Bolas de arroz que conectan los pensamientos de todos\" class=\"size-full\" \/><\/a><figcaption class=\"wp-caption-text\">Bolas de arroz que conectan los pensamientos de todos<\/figcaption><\/figure>\n<p><strong>\u2615\ufe0f Ami-san<\/strong><\/p>\n<p>Esta bola de arroz est\u00e1 hecha con arroz cultivado en un arrozal al pie del monte Sapporo, donde mana agua de manantial. Es arroz Nanatsuboshi, cultivado sin usar fertilizantes qu\u00edmicos ni pesticidas.<\/p>\n<p>Shirayama-san me pidi\u00f3 que hiciera algunos dulces, pero sent\u00ed que la mejor manera de que la gente me conociera ser\u00eda a trav\u00e9s de bolas de arroz, as\u00ed que hice algunas.<\/p>\n<p>El punto clave aqu\u00ed es la sal del mar, la &quot;Sal Rausu&quot;. De hecho, el bosque y el mar son buenos amigos.<\/p>\n<figure class=\"wp-caption aligncenter\"><a href=\"https:\/\/photos.google.com\/share\/AF1QipNMbAzir-9NUEFZyYpjvWdBGyED9g8MNVVdFVmZl0YspGYI6orWJONbAiFsG40MCQ\/photo\/AF1QipOUjb7tHiabayLwX9Rv10epvEwEAo0aIUhD8sU?key=ZFhxWExzLVBTcmY5dkYtOXFFZHgyQmpMZUNCQm5B\" target=\"_blank\"><img decoding=\"async\" src=\"https:\/\/lh3.googleusercontent.com\/pw\/AP1GczPLNoX0gUzYXMbr97wifZ6PGfHS-YiPsbCzbvbETgSySNo_fuoLHFpduwvFk58frdN9yzsfyBDcqUQ-fdJUEsflfZsL_5D9-v5M2ieC9-k-fj-Q6kt8KF38MC9zuZvB4s6RC7wP5voV8UpWem9oI1-t=w2000-h1333-s-no-gm?authuser=0\" width=\"2000\" height=\"1333\" alt=\"Se proporcionan mini bolas de arroz.\" class=\"size-full\" \/><\/a><figcaption class=\"wp-caption-text\">Se proporcionan mini bolas de arroz.<\/figcaption><\/figure>\n<p>Todos quedaron impresionados y dec\u00edan cosas como: &quot;\u00a1Tiene un sabor dulce y suave!&quot; y &quot;\u00a1Es tan delicioso!&quot;.<\/p>\n<h4>Cambiar el mundo a trav\u00e9s de peque\u00f1as acciones cotidianas<\/h4>\n<p><strong>\ud83c\udf32 Kamii-san<\/strong><\/p>\n<p>&quot;Las hojas caen en el bosque, los insectos se las comen, y luego los peces comen los insectos que se juntan en las hojas, y los excrementos de los peces son llevados al mar, donde se acumula el plancton, y este plancton se convierte en agua altamente nutritiva que fluye hacia el oc\u00e9ano, haci\u00e9ndolo rico en nutrientes.&quot;<\/p>\n<p><strong>\u2615\ufe0f Ami-san<\/strong><\/p>\n<p>Sin plancton en el oc\u00e9ano, los peces no estar\u00edan sanos. Hay criaturas que se alimentan de ese plancton, y todos los ciclos de vida contin\u00faan.<\/p>\n<p>Actualmente, especies de algas como el kelp, el wakame y el nori se encuentran en una situaci\u00f3n cr\u00edtica. Se dice que las cosechas han disminuido aproximadamente un 40 % en los \u00faltimos 10 a\u00f1os. Una de las razones es el mal estado de los oc\u00e9anos y r\u00edos, lo que impide el crecimiento del plancton. Lo mismo ocurre con el estado de los bosques.<\/p>\n<p>Las investigaciones han demostrado que los detergentes sint\u00e9ticos y los detergentes para ropa fluyen hacia los r\u00edos y oc\u00e9anos, contaminando el agua que usamos a diario e impidiendo el crecimiento del plancton.<\/p>\n<p>Sin embargo, con esperanza, se realiz\u00f3 un experimento en una isla remota de la ciudad de Munakata, prefectura de Fukuoka, en el que se utiliz\u00f3 jab\u00f3n sin aditivos para ba\u00f1arse y lavar la ropa con el fin de prevenir la contaminaci\u00f3n del mar y los r\u00edos con aguas residuales dom\u00e9sticas. Los resultados mostraron que la calidad del agua mejor\u00f3 en pocos a\u00f1os y aumentaron los tipos y cantidades de microorganismos y plancton.<\/p>\n<p>Hasta ahora, al observar la situaci\u00f3n social y mundial, solo ve\u00eda dolor, tristeza y desesperaci\u00f3n. Sin embargo, me he dado cuenta de que si podemos hacer peque\u00f1os cambios en nuestra vida diaria y alzar la voz, el mundo realmente puede cambiar. Aqu\u00ed es donde encuentro esperanza. Creo que no ceder a la desesperaci\u00f3n nos lleva a la esperanza.<\/p>\n<p>Cada vez hay m\u00e1s j\u00f3venes de la generaci\u00f3n de Kamii y similares que quieren participar en actividades con el mismo tipo de entusiasmo.<\/p>\n<p>Creo que es importante que todos, sin importar la generaci\u00f3n, nos unamos. Creo que todos los que estamos aqu\u00ed hoy estamos haciendo algo o tenemos algo que nos resuena.<\/p>\n<p>En lugar de culparte por lo que no puedes hacer, creo que el primer paso es descubrir qu\u00e9 puedes hacer y aumentarlo gradualmente. El resto es solo cuesti\u00f3n de saberlo.<\/p>\n<figure class=\"wp-caption aligncenter\"><a href=\"https:\/\/photos.google.com\/share\/AF1QipNMbAzir-9NUEFZyYpjvWdBGyED9g8MNVVdFVmZl0YspGYI6orWJONbAiFsG40MCQ\/photo\/AF1QipMIlC2JkHJzeGwqkmvmKi_riTI0_Z9g11twqNk?key=ZFhxWExzLVBTcmY5dkYtOXFFZHgyQmpMZUNCQm5B\" target=\"_blank\"><img decoding=\"async\" src=\"https:\/\/lh3.googleusercontent.com\/pw\/AP1GczPjdOZsn4zB8kTL24ojh-_SJ2a8GNaBDwDVOtb2c43oobNMdkU47sMhgD1pe9gCIdlu7y5a51YioXhiMEAau7MSVcZlaIa46ox8LVD27yk3jb5pKt2hhoXVXXcADXUAdK-zgRhaoaxXb_VfTSWMoX2G=w2000-h1333-s-no-gm?authuser=0\" width=\"2000\" height=\"1333\" alt=\"Sintiendo el ciclo de la vida en la naturaleza...\" class=\"size-full\" \/><\/a><figcaption class=\"wp-caption-text\">Sintiendo el ciclo de la vida en la naturaleza...<\/figcaption><\/figure>\n<p><strong>\ud83c\udf32 Kamii-san<\/strong><\/p>\n<p>&quot;As\u00ed es. La mayor\u00eda de la gente no lo sabe, as\u00ed que me gustar\u00eda que primero lo estudiaran y aprendieran sobre ello.&quot;<\/p>\n<h4>Aprecia el ciclo de toda la vida<\/h4>\n<p><strong>\u2615\ufe0f Ami-san<\/strong><\/p>\n<p>En lugar de solo saber y creer una cosa, es importante ver las cosas desde diferentes perspectivas. Hay muchas herramientas disponibles para aprender, e incluso se puede acceder a medios extranjeros a trav\u00e9s de la traducci\u00f3n en l\u00ednea. Creo que es fundamental considerar lo que uno quiere hacer desde diferentes perspectivas.<\/p>\n<p>T\u00f3mense un momento para oler las hojas de abeto rojo en sus mesas. \u00a1Son tan suaves y deliciosas! Uehi-san trajo unas ramas especialmente suaves del bosque de Hokuryu.<\/p>\n<p>Esta vez, los abetos rojos para t\u00e9 me los enviaron alrededor de febrero. Normalmente, inspeccionar\u00eda los \u00e1rboles con mis propios ojos y recolectar\u00eda las hojas, pero Uwai-san observa el estado de las plantas y las selecciona antes de recolectarlas, as\u00ed que confi\u00e9 en \u00e9l y se lo dej\u00e9.<\/p>\n<p>Puedo ver la condici\u00f3n de las hojas, por lo que realmente sent\u00ed que Kamii me hab\u00eda enviado una planta que realmente apreciaba.<\/p>\n<p>Cuando recolectamos hojas, tambi\u00e9n recibimos la vida de esa planta. Comprendo c\u00f3mo Uwai valora la vida de las plantas. Recibimos la vida no solo de las plantas, sino tambi\u00e9n de los insectos y otros seres vivos de la naturaleza, y la usamos para sustentar nuestras propias vidas.<\/p>\n<p>Quiero apreciar el ciclo de toda la vida en el t\u00e9 y otros productos que elaboro. Siempre valoro la perspectiva de qui\u00e9n cultiva las plantas, c\u00f3mo las cultiva y qu\u00e9 sienten al cosecharlas. Quiero ser consciente de varios aspectos, no solo de los superficiales, como los sentimientos invisibles que los impregnan.<\/p>\n<figure class=\"wp-caption aligncenter\"><a href=\"https:\/\/photos.google.com\/share\/AF1QipNMbAzir-9NUEFZyYpjvWdBGyED9g8MNVVdFVmZl0YspGYI6orWJONbAiFsG40MCQ\/photo\/AF1QipPU_ApNBG3KDkFwZNnfZYd94wpsltQ9j6-GygY?key=ZFhxWExzLVBTcmY5dkYtOXFFZHgyQmpMZUNCQm5B\" target=\"_blank\"><img decoding=\"async\" src=\"https:\/\/lh3.googleusercontent.com\/pw\/AP1GczMplfdlH3qQcrJggkA9Hvee92UAUCBRZfnFxw0nVn4JPm0_8BHTMyvohLXmB3JYti53T_P6TpeNi0rtE_kF7iys37sUGSx2_OoFEddDbfL99bMStOXZjn9gkCW4FW8jUYGNOT31EEitUvHksweAVI17=w2000-h1333-s-no-gm?authuser=0\" width=\"2000\" height=\"1333\" alt=\"El amor por las plantas\" class=\"size-full\" \/><\/a><figcaption class=\"wp-caption-text\">El amor por las plantas<\/figcaption><\/figure>\n<h4>Identificar y talar cada \u00e1rbol del bosque<\/h4>\n<p><strong>\ud83c\udf32 Kamii-san<\/strong><\/p>\n<p>La silvicultura autoexplotada comienza con la construcci\u00f3n de un sendero en el bosque que perdure 100 a\u00f1os. Empezamos en un lugar donde no se ve nada alrededor y el bamb\u00fa tiene aproximadamente la misma altura que uno, y con paciencia y cuidado construimos un sendero resistente e inquebrantable. Lo mantenemos poco a poco.<\/p>\n<p>Creo que los mejores \u00e1rboles son los que llevan mucho tiempo creciendo. Tienen la fuerza para sobrevivir, as\u00ed que dejan caer semillas, y los arbolitos se convierten en \u00e1rboles hermosos tres a\u00f1os despu\u00e9s. Es tan lindo, y son esos momentos en los que me siento feliz y me doy cuenta de que tom\u00e9 la decisi\u00f3n correcta.<\/p>\n<p>Si traes \u00e1rboles del exterior y los plantas, surgir\u00e1n varios problemas, como que se enfermen o se los coman los ratones y no crezcan.<\/p>\n<p>Incluso al talar \u00e1rboles, no los cortamos todos a la vez, sino que dejamos los m\u00e1s fuertes y talamos los que est\u00e1n junto a ellos. Seleccionamos y talamos cuidadosamente cada \u00e1rbol del bosque, lo cual requiere mucho tiempo, pero somos conscientes de que dejamos \u00e1rboles sanos y, inevitablemente, enriquecemos el bosque.<\/p>\n<p>\u201cSin \u00e1rboles densos los b\u00fahos no pueden vivir, por eso somos conscientes de dejar tantos \u00e1rboles gruesos y robustos como sea posible cuando trabajamos en la forestaci\u00f3n\u201d.<\/p>\n<figure class=\"wp-caption aligncenter\"><a href=\"https:\/\/photos.google.com\/share\/AF1QipNMbAzir-9NUEFZyYpjvWdBGyED9g8MNVVdFVmZl0YspGYI6orWJONbAiFsG40MCQ\/photo\/AF1QipOndsz14--TG5qvUZkLgOfUez3nBvh8w7j5YkA?key=ZFhxWExzLVBTcmY5dkYtOXFFZHgyQmpMZUNCQm5B\" target=\"_blank\"><img decoding=\"async\" src=\"https:\/\/lh3.googleusercontent.com\/pw\/AP1GczOiN9DcV_PNqu41HOWyf_ZhUF6qc_eYUKvsJfqHv5GcjrfBMiswPW4P0MlkKh8Vg6bW5M9ZjcAwsVenSJPXDigRIXDY4wSfZQ86II0eytjLPD2YSghTp3KFkrfKaH7ZSl1_Qw-PqFb3BMl59JDJpNLo=w2000-h1333-s-no-gm?authuser=0\" width=\"2000\" height=\"1333\" alt=\"Los \u00e1rboles se observan con atenci\u00f3n y se cuidan con el mismo cari\u00f1o y esmero que se le da a un ni\u00f1o.\" class=\"size-full\" \/><\/a><figcaption class=\"wp-caption-text\">Los \u00e1rboles se observan con atenci\u00f3n y se cuidan con el mismo cari\u00f1o y esmero que se le da a un ni\u00f1o.<\/figcaption><\/figure>\n<h3>La cocina del chef Hakusan Masaru<\/h3>\n<h4>T\u00e9 de aperitivo: T\u00e9 de abeto rojo<\/h4>\n<p><strong>\u2615\ufe0f Ami-san<\/strong><\/p>\n<p>&quot;Como este t\u00e9 se sirve antes de las comidas, hemos creado un aroma sutil y un sabor suave para que no domine la comida&quot;.<\/p>\n<p>El t\u00e9 de abeto es poco com\u00fan, y cuando lo prob\u00e9, sent\u00ed que se integraba instant\u00e1neamente en mi cuerpo, con un sabor fresco y limpio. A\u00f1adir una pizca de sal le da un sabor umami parecido al de una sopa.<\/p>\n<p>Un vaso de &quot;T\u00e9 de Espinas&quot; se sirve como aperitivo y tambi\u00e9n se utiliza como t\u00e9 de segundo y tercer grado en el men\u00fa del plato, por ejemplo en el caldo para salsas.<\/p>\n<p>El sabor del t\u00e9 cambia sutilmente seg\u00fan c\u00f3mo se prepare y el estado de \u00e1nimo del d\u00eda. Se nota el cambio de sabor cada vez que se bebe, as\u00ed que espero que cada uno lo disfrute a su manera.<\/p>\n<figure class=\"wp-caption aligncenter\"><a href=\"https:\/\/photos.google.com\/share\/AF1QipNMbAzir-9NUEFZyYpjvWdBGyED9g8MNVVdFVmZl0YspGYI6orWJONbAiFsG40MCQ\/photo\/AF1QipPjqjODrX7fM-fHKzulBK4gKRNhmiwbkVLnSp8?key=ZFhxWExzLVBTcmY5dkYtOXFFZHgyQmpMZUNCQm5B\" target=\"_blank\"><img decoding=\"async\" src=\"https:\/\/lh3.googleusercontent.com\/pw\/AP1GczNhI95LAV0buTeJ58DRhjaUJc0eFZH1FvW5WxzDWKp6yWVuY50WiLewl3-ZTZr8zX7UBOuVL4WmpBuSY8kYICV_4RR2SnlQH2MvY3wuSk7UdafCs26qJD3oJm5Pp8WsqsDDWVniqlqy_mUydUeD5Z4M=w2000-h1333-s-no-gm?authuser=0\" width=\"2000\" height=\"1333\" alt=\"El chef Hakusan prepara t\u00e9 de abeto con cuidado utilizando agua subat\u00f3mica.\" class=\"size-full\" \/><\/a><figcaption class=\"wp-caption-text\">El chef Hakusan prepara t\u00e9 de abeto con cuidado utilizando agua subat\u00f3mica.<\/figcaption><\/figure>\n<p>&quot;Cuando le a\u00f1ades sal, queda rico y nutritivo, como una sopa. \u00a1Est\u00e1 delicioso!&quot;, exclamaron los impresionados participantes mientras saboreaban lentamente el t\u00e9.<\/p>\n<figure class=\"wp-caption aligncenter\"><a href=\"https:\/\/photos.google.com\/share\/AF1QipNMbAzir-9NUEFZyYpjvWdBGyED9g8MNVVdFVmZl0YspGYI6orWJONbAiFsG40MCQ\/photo\/AF1QipPC3FzGCVvX79yc0AfhWEtBIuMyA2MB-R8eKBI?key=ZFhxWExzLVBTcmY5dkYtOXFFZHgyQmpMZUNCQm5B\" target=\"_blank\"><img decoding=\"async\" src=\"https:\/\/lh3.googleusercontent.com\/pw\/AP1GczN9YT-3QPxuOoos5Oc3Ns6jTYGuLf0Bw5ILcQOoo0oo-0Whw1KnnfRL-9405t-zj0lEDOi4lcEJb3GWmPzRtmIeErMdg59vzKxezHiO__czxrnIuB2DZy10i8XU2V7fWomUm5HcGCpvcsR9_n4SkYdn=w2000-h1333-s-no-gm?authuser=0\" width=\"2000\" height=\"1333\" alt=\"Los participantes disfrutan del aroma del t\u00e9 de abeto rojo mientras inclinan sus copas de vino.\" class=\"size-full\" \/><\/a><figcaption class=\"wp-caption-text\">Los participantes disfrutan del aroma del t\u00e9 de abeto rojo mientras inclinan sus copas de vino.<\/figcaption><\/figure>\n<figure class=\"wp-caption aligncenter\"><a href=\"https:\/\/photos.google.com\/share\/AF1QipNMbAzir-9NUEFZyYpjvWdBGyED9g8MNVVdFVmZl0YspGYI6orWJONbAiFsG40MCQ\/photo\/AF1QipM0z2MV6kdGJWm8fp86idq9whj_FnZ9vLmB3DU?key=ZFhxWExzLVBTcmY5dkYtOXFFZHgyQmpMZUNCQm5B\" target=\"_blank\"><img decoding=\"async\" src=\"https:\/\/lh3.googleusercontent.com\/pw\/AP1GczNFvlTi5G4tXlo9uYztpo_m6jzvQ3WqAkYlTSfsS5dbvcEvs_nPr4dxwAfTOXEREWi93OdjoyLqnD0eFNoilzU8PVpwu31SqVuKuNSdnCMrPVZ-5he3KiTraUmgDCpcEHx77kQgvxf-f43RFr0TkErn=w2000-h1333-s-no-gm?authuser=0\" width=\"2000\" height=\"1333\" alt=\"Ami y Kamii saborean la energ\u00eda vital del t\u00e9 de abeto rojo\" class=\"size-full\" \/><\/a><figcaption class=\"wp-caption-text\">Ami y Kamii saborean la energ\u00eda vital del t\u00e9 de abeto rojo<\/figcaption><\/figure>\n<h4>Un plato de zanahorias de California: Un plato inspirado en un paseo por el bosque<\/h4>\n<p><strong>\ud83c\udf78 Chef Hakusan<\/strong><\/p>\n<p>&quot;Cuando se mezclan diversos ingredientes, como flores de monta\u00f1a, se obtiene un sabor a melocot\u00f3n amarillo y una variedad de otros aromas&quot;.<\/p>\n<p>\u00a1Este plato presenta colores vibrantes de zanahorias, r\u00e1banos, duraznos y flores comestibles, y el aroma calmar\u00e1 tu alma, mientras que el suave sabor llenar\u00e1 tu cuerpo!<\/p>\n<figure class=\"wp-caption aligncenter\"><a href=\"https:\/\/photos.google.com\/share\/AF1QipNMbAzir-9NUEFZyYpjvWdBGyED9g8MNVVdFVmZl0YspGYI6orWJONbAiFsG40MCQ\/photo\/AF1QipOBFA6vZ3JZ0_R9bMcnW5KpJZJcKTlc5uRnDKw?key=ZFhxWExzLVBTcmY5dkYtOXFFZHgyQmpMZUNCQm5B\" target=\"_blank\"><img decoding=\"async\" src=\"https:\/\/lh3.googleusercontent.com\/pw\/AP1GczNYs71mtMmEVxIJJH6WDs0dxb0VDvhHBdh4yG-fnWHAD1HPH9zxomdNiCGnFAHiLF6z32CbTNKWkBUG6Yga_eOZHSM3S4D2K4uMKOIt4yEO60J0z3e-q5sWW5E1e0RFhAkCOqtrCxEU5S0pizd5o-rY=w2000-h1333-s-no-gm?authuser=0\" width=\"2000\" height=\"1333\" alt=\"Chef Hakusan\" class=\"size-full\" \/><\/a><figcaption class=\"wp-caption-text\">Chef Hakusan<\/figcaption><\/figure>\n<figure class=\"wp-caption alignnone\"><a href=\"https:\/\/photos.google.com\/share\/AF1QipNMbAzir-9NUEFZyYpjvWdBGyED9g8MNVVdFVmZl0YspGYI6orWJONbAiFsG40MCQ\/photo\/AF1QipPzrjxDqENDugX_dQ_FUrfpS7RomSyusUng5co?key=ZFhxWExzLVBTcmY5dkYtOXFFZHgyQmpMZUNCQm5B\" target=\"_blank\"><img decoding=\"async\" src=\"https:\/\/lh3.googleusercontent.com\/pw\/AP1GczOSxr08D6iGlbZJjeaq8xu_ZfBwMfhmpErXL44SCbTAR4Qmhf551yQsWE2aLTamJyB6vznkfmJAP-FUS52TBS8JuiC9RZS-nZV_Tz42f5P0UyviDxnBjI-_XUVHTfaovsVnmyWPKEMwLmbihHrSseUU=w2000-h1333-s-no-gm?authuser=0\" width=\"2000\" height=\"1333\" alt=\"Un plato de zanahorias de California\" class=\"size-full\" \/><\/a><figcaption class=\"wp-caption-text\">Un plato de zanahorias de California<\/figcaption><\/figure>\n<h4>Cobertura de cangrejo para asemejar un r\u00edo<\/h4>\n<p><strong>\ud83c\udf78 Chef Hakusan<\/strong><\/p>\n<p>&quot;Es un plato que parece fluir del bosque al r\u00edo&quot;.<\/p>\n<figure class=\"wp-caption aligncenter\"><a href=\"https:\/\/photos.google.com\/share\/AF1QipNMbAzir-9NUEFZyYpjvWdBGyED9g8MNVVdFVmZl0YspGYI6orWJONbAiFsG40MCQ\/photo\/AF1QipMRlvD7Uci0Z0bG-r_4cuiphXevI0BkRYUG9Y0?key=ZFhxWExzLVBTcmY5dkYtOXFFZHgyQmpMZUNCQm5B\" target=\"_blank\"><img decoding=\"async\" src=\"https:\/\/lh3.googleusercontent.com\/pw\/AP1GczMtasm7H8_AFsvfVRkzLY8NsHPi_YkoYLQsOX5A_V8W1-LTXl97WFCtp1TYEeeIX_TIjTX5WC3h-e2zBjmsQcP_I_ohZ0Tok5hvoKM5NscCujCB3vtIqJY44DP9GGFv1x-Mo6wvuvye7Qc8tMEf9KXv=w2000-h1333-s-no-gm?authuser=0\" width=\"2000\" height=\"1333\" alt=\"El chef Hakusan explica\" class=\"size-full\" \/><\/a><figcaption class=\"wp-caption-text\">El chef Hakusan explica<\/figcaption><\/figure>\n<p>El plato, dispuesto en una envoltura de rollo primavera, incluye verduras como r\u00e1bano daikon seco, hongos maitake y apio, que crean una misteriosa armon\u00eda de sabores que resuenan entre s\u00ed, creando un plato de fantas\u00eda que parece flotar suavemente en un r\u00edo de salsa verde vibrante.<\/p>\n<p>\u00a1Los dos cangrejos que juegan encima de la crema son tan lindos!<\/p>\n<figure class=\"wp-caption alignnone\"><a href=\"https:\/\/photos.google.com\/share\/AF1QipNMbAzir-9NUEFZyYpjvWdBGyED9g8MNVVdFVmZl0YspGYI6orWJONbAiFsG40MCQ\/photo\/AF1QipOg5tKlbEl1aw6YAlzr23szVJ3OLdtQocAKYLQ?key=ZFhxWExzLVBTcmY5dkYtOXFFZHgyQmpMZUNCQm5B\" target=\"_blank\"><img decoding=\"async\" src=\"https:\/\/lh3.googleusercontent.com\/pw\/AP1GczMhCvzv_X9jHQYxHXjJDeG_EwWCfmeFfHZxvfcdCksW4tg7NglkoWuFV9p3sKAdo5Wfrn7tfmLaxPSA-1xa3haxV5-vInwKbeP_7m6UfOHjZQR95ZTb0s_gfm6I8CAbTWV9rEnrQoWkdeSTM1UO0vUZ=w2000-h1333-s-no-gm?authuser=0\" width=\"2000\" height=\"1333\" alt=\"Un plato inspirado en el r\u00edo\" class=\"size-full\" \/><\/a><figcaption class=\"wp-caption-text\">Un plato inspirado en el r\u00edo<\/figcaption><\/figure>\n<h4>Imagen del mar<\/h4>\n<p><strong>\ud83c\udf78 Chef Hakusan<\/strong><\/p>\n<p>&quot;Estos platos est\u00e1n inspirados en el pescado de mar&quot;.<\/p>\n<p>Este plato evoca el mundo oce\u00e1nico con una salsa hecha de cusc\u00fas y hojas de nabo, un pur\u00e9 de aguacate verde y esp\u00e1rragos frescos de temporada, \u00a1cubierto con un pez monaka!<\/p>\n<figure class=\"wp-caption aligncenter\"><a href=\"https:\/\/photos.google.com\/share\/AF1QipNMbAzir-9NUEFZyYpjvWdBGyED9g8MNVVdFVmZl0YspGYI6orWJONbAiFsG40MCQ\/photo\/AF1QipNr3CYEIDdLEnlnIdu1pQeXYF1oRvEL5L4AonM?key=ZFhxWExzLVBTcmY5dkYtOXFFZHgyQmpMZUNCQm5B\" target=\"_blank\"><img decoding=\"async\" src=\"https:\/\/lh3.googleusercontent.com\/pw\/AP1GczOf8xDk0Bt6Pfag1XsErJYiyQJ9mzcV7808lCQecI9nV_k3ZZJrC2rYHSoO5bjcnSjakQiTFNBxRr2eDdoL5oV_UAk54vSl2LiK5BhBeWkxhe5B9dDoqElHYnGm6Jh3ID6z9lJkDO2TlCRLOsDwoTYk=w2000-h1333-s-no-gm?authuser=0\" width=\"2000\" height=\"1333\" alt=\"Un plato inspirado en el mar\" class=\"size-full\" \/><\/a><figcaption class=\"wp-caption-text\">Un plato inspirado en el mar<\/figcaption><\/figure>\n<h4>Galletas elaboradas con trigo antiguo y carb\u00f3n, con forma de espinas de pescado.<\/h4>\n<p>\u00a1Me sorprendieron las galletas de espina de pescado de Monaka!<\/p>\n<figure class=\"wp-caption alignnone\"><a href=\"https:\/\/photos.google.com\/share\/AF1QipNMbAzir-9NUEFZyYpjvWdBGyED9g8MNVVdFVmZl0YspGYI6orWJONbAiFsG40MCQ\/photo\/AF1QipMjW0Fhpnn3cr9IWtFy5lNR8Sq5Q0wh-rM37kg?key=ZFhxWExzLVBTcmY5dkYtOXFFZHgyQmpMZUNCQm5B\" target=\"_blank\"><img decoding=\"async\" src=\"https:\/\/lh3.googleusercontent.com\/pw\/AP1GczNR_iAO5mi8eq5bjskdCDk79fGjNLNMFKzbyk7e7t0UrMATKWez7_pj5gbdvV8Xm6buK4Kmq8i9D8FeJjKMP8-iAQAzXdHyjfrSWvUt26hzeKToB4iEBelwXqHAFi3pcUc2tes0NCyLEU_jUpYPaFAH=w2000-h1333-s-no-gm?authuser=0\" width=\"2000\" height=\"1333\" alt=\"Galletas antiguas de trigo y carb\u00f3n\" class=\"size-full\" \/><\/a><figcaption class=\"wp-caption-text\">Galletas antiguas de trigo y carb\u00f3n<\/figcaption><\/figure>\n<p><strong>\ud83c\udf78 Chef Hakusan<\/strong><\/p>\n<p>&quot;Es un men\u00fa que cuenta la historia de ir del bosque al r\u00edo, del r\u00edo al mar y luego de vuelta al bosque&quot;.<\/p>\n<h4>Postre <\/h4>\n<p>Este s\u00faper lindo s\u00e1ndwich de oso monaka con helado de tapioca y su trasero hacia ti es tan lindo \u2764\ufe0f<\/p>\n<p>El sabor agridulce y el ligeramente amargo de los kumquats unen todo el plato, satisfaciendo tanto el cuerpo como la mente.<\/p>\n<p>Un oso ligeramente retorcido con su espalda hacia ti, helado de tapioca monaka y mermelada de kumquat.<\/p>\n<figure class=\"wp-caption aligncenter\"><a href=\"https:\/\/photos.google.com\/share\/AF1QipNMbAzir-9NUEFZyYpjvWdBGyED9g8MNVVdFVmZl0YspGYI6orWJONbAiFsG40MCQ\/photo\/AF1QipPN35luPDifKjsVnQUHJmY9cwmrlbuy3Gg82pM?key=ZFhxWExzLVBTcmY5dkYtOXFFZHgyQmpMZUNCQm5B\" target=\"_blank\"><img decoding=\"async\" src=\"https:\/\/lh3.googleusercontent.com\/pw\/AP1GczO3C-jtR8p4GqjfN0cbl7JgICFpEbxHcNw1MlEdIUxYAcYFQgBmawUz7m9VchFfMepXbAx3jB_o7rICvWTzMKU25TI8T9_oDK4uBJ3Xy8A-x1AGzSYGhTdpDlEzP8JIgyKSjNau3TEsxyF5TUQtU1gR=w2000-h1333-s-no-gm?authuser=0\" width=\"2000\" height=\"1333\" alt=\"Helado de oso monaka con mermelada de kumquat\" class=\"size-full\" \/><\/a><figcaption class=\"wp-caption-text\">Helado de oso monaka con mermelada de kumquat<\/figcaption><\/figure>\n<figure class=\"wp-caption aligncenter\"><a href=\"https:\/\/photos.google.com\/share\/AF1QipNMbAzir-9NUEFZyYpjvWdBGyED9g8MNVVdFVmZl0YspGYI6orWJONbAiFsG40MCQ\/photo\/AF1QipOVHJaP8sSOYDEum4M34nv3Voi36nfkly0VhSU?key=ZFhxWExzLVBTcmY5dkYtOXFFZHgyQmpMZUNCQm5B\" target=\"_blank\"><img decoding=\"async\" src=\"https:\/\/lh3.googleusercontent.com\/pw\/AP1GczOF6TXIZxpilisic2vQHcjB3G6IlMFtuoNNc-6Hqqq5vOhlAX64scw9pnjjt6cjYtl3pZC-tD9bEbIoRBYE6-JLBbF1KmupGbYp2vtBMjVGgKHobaj2Xtext0rHOIPcw9BdVgl8uTi7Tin3w-uY_mOy=w2000-h1333-s-no-gm?authuser=0\" width=\"2000\" height=\"1333\" alt=\"Monaka con helado de tapioca\" class=\"size-full\" \/><\/a><figcaption class=\"wp-caption-text\">Monaka con helado de tapioca<\/figcaption><\/figure>\n<figure class=\"wp-caption aligncenter\"><a href=\"https:\/\/photos.google.com\/share\/AF1QipNMbAzir-9NUEFZyYpjvWdBGyED9g8MNVVdFVmZl0YspGYI6orWJONbAiFsG40MCQ\/photo\/AF1QipMEJuQxy-LyXdzb7b0Lhrij3254UOUj2n9v5ak?key=ZFhxWExzLVBTcmY5dkYtOXFFZHgyQmpMZUNCQm5B\"><img decoding=\"async\" src=\"https:\/\/lh3.googleusercontent.com\/pw\/AP1GczMmIY4sMGfSJsdFY5oCKSyKcVyXnuAjuM6DELRuph-jLu-tVm9hxm3QD85sUDPl_6DsgohlkT5Ta0ZAcLPgvzGhhZZzBaifr_WPvdCZdf6ktR0yyb901IIXzShHjUK06TCXSlVZLI_L2AghIMQ0qg8K=w2000-h1333-s-no-gm?authuser=0\" width=\"2000\" height=\"1333\" alt=\"Todos disfrutando de la comida.\" class=\"size-full\" \/><\/a><figcaption class=\"wp-caption-text\">Todos disfrutando de la comida.<\/figcaption><\/figure>\n<h4>Muffins de trigo antiguos<\/h4>\n<figure class=\"wp-caption aligncenter\"><a href=\"https:\/\/photos.google.com\/share\/AF1QipNMbAzir-9NUEFZyYpjvWdBGyED9g8MNVVdFVmZl0YspGYI6orWJONbAiFsG40MCQ\/photo\/AF1QipMpOU9UuUYli9AeuSWl6TyjKyfo2-rYEg3kssw?key=ZFhxWExzLVBTcmY5dkYtOXFFZHgyQmpMZUNCQm5B\" target=\"_blank\"><img decoding=\"async\" src=\"https:\/\/lh3.googleusercontent.com\/pw\/AP1GczOGmfOZNbObJI1Nf8pMtLPVmTlSUmMtZuFNfL1ZmpxqA53DCqkxSfi6gMn5httpSUXRHOcmCiVvtT1mY9LdodzW9L4cNuQJitW2FWyi9nQrSWiukB76PZxlo4oaJukWYCMGPI3HvsMuPvUMHujmBzrm=w2000-h1333-s-no-gm?authuser=0\" width=\"2000\" height=\"1333\" alt=\"Muffins de trigo antiguos\" class=\"size-full\" \/><\/a><figcaption class=\"wp-caption-text\">Muffins de trigo antiguos<\/figcaption><\/figure>\n<h4>Muffin de esperanza<\/h4>\n<figure class=\"wp-caption aligncenter\"><a href=\"https:\/\/photos.google.com\/share\/AF1QipNMbAzir-9NUEFZyYpjvWdBGyED9g8MNVVdFVmZl0YspGYI6orWJONbAiFsG40MCQ\/photo\/AF1QipPafAwPxkvdekzhf_foqckysE2JJdDSCWW8P0U?key=ZFhxWExzLVBTcmY5dkYtOXFFZHgyQmpMZUNCQm5B\" target=\"_blank\"><img decoding=\"async\" src=\"https:\/\/lh3.googleusercontent.com\/pw\/AP1GczO_Kld79VgeMN4yFJOI67reoRRuE1oQLHMtF1fL15ta_L-YnABGENcPZ9gV9dT9wPhZVF_wOEwMpKTo7TpCt6JMYZLwWdYEAId7XWIdFWtjw-XnLdTrZtK43UbewBI8DCb2xwYGPTfN1UuakjefwHdk=w2000-h1333-s-no-gm?authuser=0\" width=\"2000\" height=\"1333\" alt=\"Muffin de esperanza\" class=\"size-full\" \/><\/a><figcaption class=\"wp-caption-text\">Muffin de esperanza<\/figcaption><\/figure>\n<h4>T\u00e9 de menta japon\u00e9s: un t\u00e9 de sabor suave y delicado.<\/h4>\n<ul>\n<li>T\u00e9 de menta combinado con t\u00e9 verde tostado sin pesticidas de la prefectura de Shiga<\/li>\n<li>T\u00e9 elaborado con agua subat\u00f3mica de Hakusan<\/li>\n<\/ul>\n<figure class=\"wp-caption aligncenter\"><a href=\"https:\/\/photos.google.com\/share\/AF1QipNMbAzir-9NUEFZyYpjvWdBGyED9g8MNVVdFVmZl0YspGYI6orWJONbAiFsG40MCQ\/photo\/AF1QipOfpDBK_ZCZti_e8h4QUYXnylh9yS_J-g4LxWs?key=ZFhxWExzLVBTcmY5dkYtOXFFZHgyQmpMZUNCQm5B\" target=\"_blank\"><img decoding=\"async\" src=\"https:\/\/lh3.googleusercontent.com\/pw\/AP1GczMt7ddmOBkgWPi8lfHUpvhL65_xSm2D1P6SUAZUtA62K8e1OlS7pdbO90U3DvYWRaQZwDUuQVvviDpj5mAItvfqOaEaDdmMgSdz76NhIElokLje8Og-7AYyESqmGvzPerEEiaTGUuEAuqH_h28rGTfH=w2000-h1500-s-no-gm?authuser=0\" width=\"2000\" height=\"1500\" alt=\"T\u00e9 de menta japon\u00e9s\" class=\"size-full\" \/><\/a><figcaption class=\"wp-caption-text\">T\u00e9 de menta japon\u00e9s<\/figcaption><\/figure>\n<figure class=\"wp-caption aligncenter\"><a href=\"https:\/\/photos.google.com\/share\/AF1QipNMbAzir-9NUEFZyYpjvWdBGyED9g8MNVVdFVmZl0YspGYI6orWJONbAiFsG40MCQ\/photo\/AF1QipOcIP9H5oIXtzPmDsUQ0vh30_yETEhSYs-3iKk?key=ZFhxWExzLVBTcmY5dkYtOXFFZHgyQmpMZUNCQm5B\" target=\"_blank\"><img decoding=\"async\" src=\"https:\/\/lh3.googleusercontent.com\/pw\/AP1GczP9nMyDpfs9OgmJ1FrrnTDnwMMEp0LNpZLEx1A-EsHhaWrFLDjUh30mABJH1nETLSR0QH5ecBQubslnzEA0qfM-e2t-E8j0zDmIylBRLw3t0BcpJHhBOL3qe2cKt3XjuObfrjNb0RkMj11XL3RPaG1O=w2000-h1500-s-no-gm?authuser=0\" width=\"2000\" height=\"1500\" alt=\"Los deliciosos t\u00e9s y dulces de nueces de Ami\" class=\"size-full\" \/><\/a><figcaption class=\"wp-caption-text\">Los deliciosos t\u00e9s y dulces de nueces de Ami<\/figcaption><\/figure>\n<figure class=\"wp-caption aligncenter\"><a href=\"https:\/\/photos.google.com\/share\/AF1QipNMbAzir-9NUEFZyYpjvWdBGyED9g8MNVVdFVmZl0YspGYI6orWJONbAiFsG40MCQ\/photo\/AF1QipP7X3WNUtNEPQilE8sILsTrQtpo6z1XJojwgGc?key=ZFhxWExzLVBTcmY5dkYtOXFFZHgyQmpMZUNCQm5B\" target=\"_blank\"><img decoding=\"async\" src=\"https:\/\/lh3.googleusercontent.com\/pw\/AP1GczPrlNMmnKSMNVRAe2JzClVj3g-tah1s3j3bnSrLhC4qek6Jyck7nM_UgPN-52EjQLliD3Cif_eIo7Mol24D_K-mgG78IjRSAV5y48MXgSgjmrCxwZlYCWfUK21QpX5mSWwWPEmdT20lZi_bmhV81M8O=w2000-h1333-s-no-gm?authuser=0\" width=\"2000\" height=\"1333\" alt=\"Chef Hakusan y Tatsuya Uei\" class=\"size-full\" \/><\/a><figcaption class=\"wp-caption-text\">Chef Hakusan y Tatsuya Uei<\/figcaption><\/figure>\n<figure class=\"wp-caption aligncenter\"><a href=\"https:\/\/photos.google.com\/share\/AF1QipNMbAzir-9NUEFZyYpjvWdBGyED9g8MNVVdFVmZl0YspGYI6orWJONbAiFsG40MCQ\/photo\/AF1QipNEeh-qDSA5NhEVE-LGLjIukFQnEoM8Y5O0KuM?key=ZFhxWExzLVBTcmY5dkYtOXFFZHgyQmpMZUNCQm5B\" target=\"_blank\"><img decoding=\"async\" src=\"https:\/\/lh3.googleusercontent.com\/pw\/AP1GczOzOfnhGIHHvWZHo3Y_AQmaF__ahRYJ5WuuvDwsxTW58sfs9gk5TbrsBhjeqoL2t35-_xG0JXVzLErVZDgmfK-V27N4tFgtUMIUEXAOxseVv3BacxjY1ubbtXVFcLBPELGg7xj8AC75YEpvUZpv1mSG=w2000-h1333-s-no-gm?authuser=0\" width=\"2000\" height=\"1333\" alt=\"Un espacio donde podr\u00e1s sentir el ciclo de la vida en la naturaleza...\" class=\"size-full\" \/><\/a><figcaption class=\"wp-caption-text\">Un espacio donde podr\u00e1s sentir el ciclo de la vida en la naturaleza...<\/figcaption><\/figure>\n<p>\u00a1Una maravillosa fiesta de t\u00e9 tejida por personas cuyas almas resuenan entre s\u00ed, incluido &quot;Ami-san&quot;, el creador del t\u00e9, &quot;el le\u00f1ador Uei Tatsuya&quot;, el padre de los ingredientes y el chef creador de cocina art\u00edstica &quot;Chef Hakusan Masaru de L&#039;Esperance&quot;!<\/p>\n<p>Con amor ilimitado, gratitud y oraci\u00f3n, compartimos momentos preciosos con personas que prestan atenci\u00f3n al ciclo de la vida en todos los seres vivos y que cuidan y aprecian las peque\u00f1as cosas de su vida diaria...<\/p>\n<figure class=\"wp-caption aligncenter\"><a href=\"https:\/\/photos.google.com\/share\/AF1QipNMbAzir-9NUEFZyYpjvWdBGyED9g8MNVVdFVmZl0YspGYI6orWJONbAiFsG40MCQ\/photo\/AF1QipMziKkxeDk4oF2MgS_g1GUf4Nj1h_XEjthZLi8?key=ZFhxWExzLVBTcmY5dkYtOXFFZHgyQmpMZUNCQm5B\" target=\"_blank\"><img decoding=\"async\" src=\"https:\/\/lh3.googleusercontent.com\/pw\/AP1GczN-PqbP57Ky_X2n0ahx-94KmlZ7V1gUtV9y5K3MMEc8vT9fMSuGSs5amHTiVQZ8b1n0_Yn02k_z6-X_bFchXrI_0YDB9kCa9tsx--NU_z184Pr54tQx_X3m2Bq4zVuNIw4v8x3phV1tnB8p_A7_46R3=w2000-h1500-s-no-gm?authuser=0\" width=\"2000\" height=\"1500\" alt=\"Brotes de primavera de &quot;sauce gatito&quot;\" class=\"size-full\" \/><\/a><figcaption class=\"wp-caption-text\">Brotes de primavera de &quot;sauce gatito&quot;<\/figcaption><\/figure>\n<h2>V\u00eddeos de YouTube<\/h2>\n<div class=\"youtube\"><iframe title=\"El ciclo de la vida que conecta el bosque y el mar: &quot;La historia del t\u00e9 Picea Glehnga tejido en un d\u00eda de lluvia de granos&quot; - Una conversaci\u00f3n con Tatsuya Ueii (Shizenshita) y Ami (Gofujuuu) en L&#039;Esperance (Sapporo)\" src=\"https:\/\/www.youtube.com\/embed\/v-gHeWMSPPQ?feature=oembed\" frameborder=\"0\" allow=\"accelerometer; autoplay; clipboard-write; encrypted-media; gyroscope; picture-in-picture; web-share\" referrerpolicy=\"strict-origin-when-cross-origin\" allowfullscreen><\/iframe><\/div>\n<h2>Otras fotos<\/h2>\n<div class=\"img-move\"><img decoding=\"async\" style=\"vertical-align: middle;\" src=\"https:\/\/ehokkaido.net\/wp-content\/uploads\/2021\/12\/2021-12-06-11.41.12.png\" \/> <a href=\"https:\/\/photos.app.goo.gl\/tSTAjUnXiideg3uZ6\" target=\"_blank\" rel=\"noopener noreferrer\">Fotos (91 fotos) de la Ceremonia del T\u00e9 en L&#039;Esperance &quot;Una conversaci\u00f3n entre Uehi de Shizenka y Ami de Gofujuuame&quot; est\u00e1n aqu\u00ed &gt;&gt;<\/a><\/div>\n<h2>Sitios relacionados<\/h2>\n<div class=\"img-move\">\n\ud83c\udf32 <a href=\"https:\/\/shizenka.net\/\" target=\"_blank\">Sitio web de silvicultura autocortante &quot;Shizen-shita&quot;<\/a>\ud83c\udf32 <a href=\"https:\/\/www.instagram.com\/shizenka2020\/\" target=\"_blank\">Instagram<\/a><br \/>\n\u2615\ufe0f <a href=\"https:\/\/9481647166.amebaownd.com\" target=\"_blank\">Sitio web del restaurante org\u00e1nico &quot;Gofujuu&quot;<\/a>\u2615\ufe0f <a href=\"https:\/\/www.instagram.com\/gofuujuu\" target=\"_blank\">Instagram<\/a><br \/>\n\ud83c\udf78 <a href=\"https:\/\/lesperancevegan.wixsite.com\/veganfrench\" target=\"_blank\">Sitio web del restaurante vegetariano\/vegano &quot;L&#039;Esperance&quot;<\/a>\ud83c\udf78 <a href=\"https:\/\/www.instagram.com\/lesperance.sapporo\/\" target=\"_blank\">Instagram<\/a><\/div>\n<h2>Art\u00edculos relacionados<\/h2>\n\n        <div class=\"site-blogcard-premium\">\n            <div class=\"bc-label-custom\">Art\u00edculos relacionados<\/div>\n            <div class=\"bc-flex-container\">\n                <div class=\"bc-main-text\">\n                    <div class=\"bc-title-link-box\">\n                        <a href=\"https:\/\/portal.hokuryu.info\/es\/57436\/\" target=\"_blank\">https:\/\/portal.hokuryu.info\/57436<\/a>\n                    <\/div>\n                    <div class=\"bc-excerpt-box\">No se puede recuperar la informaci\u00f3n de la p\u00e1gina.<\/div>\n                <\/div>\n                <div class=\"bc-thumbnail-box\">\n                    <a href=\"https:\/\/portal.hokuryu.info\/es\/57436\/\" target=\"_blank\">\n                        <div class=\"bc-img-zoom-wrap\">\n                            <img decoding=\"async\" src=\"https:\/\/portal.hokuryu.info\/wp\/wp-content\/uploads\/2026\/02\/20230802DSC06445_1.jpg\" alt=\"https:\/\/portal.hokuryu.info\/57436\">\n                        <\/div>\n                    <\/a>\n                <\/div>\n            <\/div>\n        <\/div>\n\n        <div class=\"site-blogcard-premium\">\n            <div class=\"bc-label-custom\">Art\u00edculos relacionados<\/div>\n            <div class=\"bc-flex-container\">\n                <div class=\"bc-main-text\">\n                    <div class=\"bc-title-link-box\">\n                        <a href=\"https:\/\/portal.hokuryu.info\/es\/3822\/\" target=\"_blank\">https:\/\/portal.hokuryu.info\/3822<\/a>\n                    <\/div>\n                    <div class=\"bc-excerpt-box\">No se puede recuperar la informaci\u00f3n de la p\u00e1gina.<\/div>\n                <\/div>\n                <div class=\"bc-thumbnail-box\">\n                    <a href=\"https:\/\/portal.hokuryu.info\/es\/3822\/\" target=\"_blank\">\n                        <div class=\"bc-img-zoom-wrap\">\n                            <img decoding=\"async\" src=\"https:\/\/portal.hokuryu.info\/wp\/wp-content\/uploads\/2026\/02\/20230802DSC06445_1.jpg\" alt=\"https:\/\/portal.hokuryu.info\/3822\">\n                        <\/div>\n                    <\/a>\n                <\/div>\n            <\/div>\n        <\/div>\n<p>\u3000<br \/>\n\u25c7 <a href=\"https:\/\/portal.hokuryu.info\/es\/38127\/#outline_1__7_2_1\">Fotograf\u00eda, edici\u00f3n y gesti\u00f3n del sitio web: Noboru Terauchi Escritor: Ikuko Terauchi<\/a><\/p>","protected":false},"excerpt":{"rendered":"<p>\uff12\uff10\uff12\uff15\u5e74\uff14\u6708\uff12\uff14\u65e5\uff08\u6728\uff09 \uff14\u6708\uff12\uff10\u65e5\uff08\u65e5\uff09\u306f\u3001\u4e8c\u5341\u56db\u7bc0\u6c17\u300c\u7a40\u96e8\uff08\u3053\u304f\u3046\uff09\u300d\u306e\u65e5\u3002\u7a40\u96e8\u306f\u3001\u300c\u96e8\u964d\u3063\u3066\u767e\u7a40\u3092\u6f64\u3059\u300d\u3068\u3055\u308c\u3001\u67d4\u3089\u304b\u304f\u6696\u304b\u306a\u96e8\u304c\u964d\u308a\u7530\u7551\u3092\u6f64\u3059\u5b63\u7bc0\u3002\u305d\u306e\u65e5\u3082\u6625\u306e\u65b0\u82bd\u9054\u306b\u6f64\u3044\u3092\u4e0e\u3048\u308b\u304b\u306e\u3088\u3046\u306b [&hellip;]<\/p>\n","protected":false},"author":1,"featured_media":57796,"comment_status":"open","ping_status":"open","sticky":false,"template":"","format":"standard","meta":{"footnotes":""},"categories":[4,35],"tags":[],"class_list":["post-57703","post","type-post","status-publish","format-standard","has-post-thumbnail","hentry","category-cover-story","category-shizenka"],"_links":{"self":[{"href":"https:\/\/portal.hokuryu.info\/es\/wp-json\/wp\/v2\/posts\/57703","targetHints":{"allow":["GET"]}}],"collection":[{"href":"https:\/\/portal.hokuryu.info\/es\/wp-json\/wp\/v2\/posts"}],"about":[{"href":"https:\/\/portal.hokuryu.info\/es\/wp-json\/wp\/v2\/types\/post"}],"author":[{"embeddable":true,"href":"https:\/\/portal.hokuryu.info\/es\/wp-json\/wp\/v2\/users\/1"}],"replies":[{"embeddable":true,"href":"https:\/\/portal.hokuryu.info\/es\/wp-json\/wp\/v2\/comments?post=57703"}],"version-history":[{"count":0,"href":"https:\/\/portal.hokuryu.info\/es\/wp-json\/wp\/v2\/posts\/57703\/revisions"}],"wp:featuredmedia":[{"embeddable":true,"href":"https:\/\/portal.hokuryu.info\/es\/wp-json\/wp\/v2\/media\/57796"}],"wp:attachment":[{"href":"https:\/\/portal.hokuryu.info\/es\/wp-json\/wp\/v2\/media?parent=57703"}],"wp:term":[{"taxonomy":"category","embeddable":true,"href":"https:\/\/portal.hokuryu.info\/es\/wp-json\/wp\/v2\/categories?post=57703"},{"taxonomy":"post_tag","embeddable":true,"href":"https:\/\/portal.hokuryu.info\/es\/wp-json\/wp\/v2\/tags?post=57703"}],"curies":[{"name":"wp","href":"https:\/\/api.w.org\/{rel}","templated":true}]}}