{"id":56723,"date":"2025-03-21T11:36:40","date_gmt":"2025-03-21T02:36:40","guid":{"rendered":"https:\/\/portal.hokuryu.info\/?p=56723"},"modified":"2025-03-21T13:45:30","modified_gmt":"2025-03-21T04:45:30","slug":"3%e6%9c%8826%e6%97%a5%ef%bc%88%e6%b0%b4%ef%bc%89%e3%81%be%e3%81%a7%e7%84%a1%e6%96%99%ef%bc%81radiko%e3%81%a7%e8%81%b4%e3%81%91%e3%81%be%e3%81%99%ef%bc%81-h-b-c%e3%83%a9%e3%82%b8%e3%82%aa%e3%80%8c","status":"publish","type":"post","link":"https:\/\/portal.hokuryu.info\/es\/56723\/","title":{"rendered":"\u00a1Gratis hasta el mi\u00e9rcoles 26 de marzo! \u00a1Puedes escucharlo en radiko! La soja Kurosengoku aparece en el segmento &quot;\u00a1Comamos todo Hokkaido!&quot; de Mi-yan del programa &quot;Morning Newspaper Sakurai&quot; de HBC Radio. \u00a1Gracias!"},"content":{"rendered":"<p>Viernes 21 de marzo de 2025<\/p>\n<p>Durante la transmisi\u00f3n del 20 de marzo (jueves) del programa &quot;Morning Newspaper Sakurai&quot; de HBC Radio, Kimura Mitsue dio un segmento de 10 minutos titulado &quot;\u00a1Comamos todo Hokkaido!&quot; de Mi-yan en el que present\u00f3 la soja Kurosengoku, intercalado con im\u00e1genes de la celebraci\u00f3n del 20\u00b0 aniversario de la Asociaci\u00f3n Cooperativa Empresarial Kurosengoku.<\/p>\n<p>Kimura fue el anfitri\u00f3n general de la &quot;Celebraci\u00f3n del 20\u00ba Aniversario de la Asociaci\u00f3n Cooperativa Empresarial de Kurosengoku&quot;, celebrada el s\u00e1bado 8 de marzo, y estuvo a cargo de producir la cocina de Kurosengoku.<\/p>\n<h2>Radio HBC &quot;Peri\u00f3dico Matutino Sakurai&quot;<\/h2>\n\n        <div class=\"site-blogcard-premium\">\n            <div class=\"bc-label-custom\">Art\u00edculos relacionados<\/div>\n            <div class=\"bc-flex-container\">\n                <div class=\"bc-main-text\">\n                    <div class=\"bc-title-link-box\">\n                        <a href=\"https:\/\/www.hbc.co.jp\/radio\/chokan\" target=\"_blank\">Edici\u00f3n matutina de Sakurai | Radiodifusi\u00f3n HBC Hokkaido<\/a>\n                    <\/div>\n                    <div class=\"bc-excerpt-box\">Descripci\u00f3n general del programa<\/div>\n                <\/div>\n                <div class=\"bc-thumbnail-box\">\n                    <a href=\"https:\/\/www.hbc.co.jp\/radio\/chokan\" target=\"_blank\">\n                        <div class=\"bc-img-zoom-wrap\">\n                            <img decoding=\"async\" src=\"https:\/\/www.hbc.co.jp\/radio\/chokan\/assets\/ogp.jpg\" alt=\"Edici\u00f3n matutina de Sakurai | Radiodifusi\u00f3n HBC Hokkaido\">\n                        <\/div>\n                    <\/a>\n                <\/div>\n            <\/div>\n        <\/div>\n<h3>radiko: \u00a1Comamos todo Hokkaido con Mi-yan!<\/h3>\n<p>Hasta el mi\u00e9rcoles 26 de marzo, puedes escuchar la transmisi\u00f3n de radio gratis en el sitio web radiko. Tambi\u00e9n puedes escucharla desde tu smartphone. Haz clic en el enlace de la imagen a continuaci\u00f3n para reproducir directamente el segmento &quot;\u00a1Comamos todo Hokkaido con Mi-yan!&quot;. \u00a1No te lo pierdas!<\/p>\n\n        <div class=\"site-blogcard-premium\">\n            <div class=\"bc-label-custom\">Art\u00edculos relacionados<\/div>\n            <div class=\"bc-flex-container\">\n                <div class=\"bc-main-text\">\n                    <div class=\"bc-title-link-box\">\n                        <a href=\"https:\/\/radiko.jp\/#!\/ts\/HBC\/20250320073845\" target=\"_blank\">radik\u00f3 (Radiko) | Radio disponible en l\u00ednea y mediante aplicaci\u00f3n para tel\u00e9fono inteligente<\/a>\n                    <\/div>\n                    <div class=\"bc-excerpt-box\">Radiko es un servicio gratuito que te permite escuchar la radio en tu smartphone, aplicaci\u00f3n o computadora. Transmite programas de la \u00faltima semana...<\/div>\n                <\/div>\n                <div class=\"bc-thumbnail-box\">\n                    <a href=\"https:\/\/radiko.jp\/#!\/ts\/HBC\/20250320073845\" target=\"_blank\">\n                        <div class=\"bc-img-zoom-wrap\">\n                            <img decoding=\"async\" src=\"https:\/\/radiko.jp\/images\/radiko-icon-circle.png?_=1\" alt=\"radik\u00f3 (Radiko) | Radio disponible en l\u00ednea y mediante aplicaci\u00f3n para tel\u00e9fono inteligente\">\n                        <\/div>\n                    <\/a>\n                <\/div>\n            <\/div>\n        <\/div>\n<div class=\"img-move\">\n<figure id=\"attachment_56728\" class=\"wp-caption aligncenter\"><a href=\"https:\/\/radiko.jp\/#!\/ts\/HBC\/20250320073845\" target=\"_blank\"><img decoding=\"async\" src=\"https:\/\/portal.hokuryu.info\/wp\/wp-content\/uploads\/2025\/03\/2025-03-21-12.33.53.png\" alt=\"Rinc\u00f3n de Mitsue Kimura &quot;\u00a1Com\u00e1monos todo Hokkaido con Mi-yan!&quot;\" width=\"1360\" height=\"236\" class=\"size-full wp-image-56728\" style=\"border:solid 1px blue\"\/><figcaption class=\"wp-caption-text\">Rinc\u00f3n de Mitsue Kimura &quot;\u00a1Com\u00e1monos todo Hokkaido con Mi-yan!&quot;<\/a><\/figcaption><\/figure>\n<h3>P\u00e1gina de Facebook del &quot;Peri\u00f3dico Matutino Sakurai&quot; de HBC Radio<\/h3>\n<p>La soja Kurosengoku tambi\u00e9n aparece en la p\u00e1gina de Facebook del programa matutino Sakurai de HBC Radio.<\/p>\n<p><center><iframe src=\"https:\/\/www.facebook.com\/plugins\/post.php?href=https%3A%2F%2Fwww.facebook.com%2Fhbcradiochokan%2Fposts%2Fpfbid0ptR9QGqUta82Lk33saGwxiq9sfULcGgKJ9ySTY28BKoDuSum2abwkwES3ffpMZ1Ml&#038;show_text=true&#038;width=500\" width=\"500\" height=\"742\" style=\"border:none;overflow:hidden\" scrolling=\"no\" frameborder=\"0\" allowfullscreen=\"true\" allow=\"autoplay; clipboard-write; encrypted-media; picture-in-picture; web-share\"><\/iframe><\/center><\/div>\n<p>\u3000<br \/>\n<figure id=\"attachment_56726\" class=\"wp-caption aligncenter\"><a href=\"https:\/\/www.facebook.com\/share\/r\/18wiJKUG2v\/\"><img decoding=\"async\" src=\"https:\/\/portal.hokuryu.info\/wp\/wp-content\/uploads\/2025\/03\/2025-03-21-11.46.39.jpg\" alt=\"Han pasado 20 a\u00f1os desde el resurgimiento de la legendaria soja Kurosengoku. \u00a1Felicitaciones a la Asociaci\u00f3n Cooperativa Empresarial Kurosengoku por su 20.\u00ba aniversario! [HBC Radio &quot;Peri\u00f3dico Matutino Sakurai&quot;]\" width=\"500\" class=\"size-full wp-image-56726\" \/><figcaption class=\"wp-caption-text\">Han pasado 20 a\u00f1os desde el resurgimiento de la legendaria soja Kurosengoku. \u00a1Felicitaciones a la Asociaci\u00f3n Cooperativa Empresarial Kurosengoku por su 20.\u00ba aniversario! [HBC Radio &quot;Peri\u00f3dico Matutino Sakurai&quot;]<\/a><\/figcaption><\/figure>\n\u3000<br \/>\n<center><iframe src=\"https:\/\/www.facebook.com\/plugins\/post.php?href=https%3A%2F%2Fwww.facebook.com%2Fhbcradiochokan%2Fposts%2Fpfbid02n2R84zjtLUymmSVMxd5Ef8GQDG1Tyq7EPUFNRcG6jb85c7Uac1YDbgNjT2EsNwrJl&#038;show_text=true&#038;width=500\" width=\"500\" height=\"626\" style=\"border:none;overflow:hidden\" scrolling=\"no\" frameborder=\"0\" allowfullscreen=\"true\" allow=\"autoplay; clipboard-write; encrypted-media; picture-in-picture; web-share\"><\/iframe><\/center><br \/>\n\u3000<br \/>\n<center><iframe src=\"https:\/\/www.facebook.com\/plugins\/post.php?href=https%3A%2F%2Fwww.facebook.com%2Fhbcradiochokan%2Fposts%2Fpfbid0paQ1EqJfi8Y2U7Zm1q9zG68DSUy3uGTMEa3k6jNhfXTEjSNLLjaCq9JQdgG8UVPal&#038;show_text=true&#038;width=500\" width=\"500\" height=\"582\" style=\"border:none;overflow:hidden\" scrolling=\"no\" frameborder=\"0\" allowfullscreen=\"true\" allow=\"autoplay; clipboard-write; encrypted-media; picture-in-picture; web-share\"><\/iframe><\/center><\/p>\n<h2>Art\u00edculos relacionados<\/h2>\n<p>\u3000<br \/>\n\n        <div class=\"site-blogcard-premium\">\n            <div class=\"bc-label-custom\">Art\u00edculos relacionados<\/div>\n            <div class=\"bc-flex-container\">\n                <div class=\"bc-main-text\">\n                    <div class=\"bc-title-link-box\">\n                        <a href=\"https:\/\/portal.hokuryu.info\/es\/56401\/#outline_1__1_1\" target=\"_blank\">https:\/\/portal.hokuryu.info\/56401\/#outline_1__1_1<\/a>\n                    <\/div>\n                    <div class=\"bc-excerpt-box\">No se puede recuperar la informaci\u00f3n de la p\u00e1gina.<\/div>\n                <\/div>\n                <div class=\"bc-thumbnail-box\">\n                    <a href=\"https:\/\/portal.hokuryu.info\/es\/56401\/#outline_1__1_1\" target=\"_blank\">\n                        <div class=\"bc-img-zoom-wrap\">\n                            <img decoding=\"async\" src=\"https:\/\/portal.hokuryu.info\/wp\/wp-content\/uploads\/2026\/02\/20230802DSC06445_1.jpg\" alt=\"https:\/\/portal.hokuryu.info\/56401\/#outline_1__1_1\">\n                        <\/div>\n                    <\/a>\n                <\/div>\n            <\/div>\n        <\/div>\n<div class=\"img-move\">\n<div class=\"sitecard\">\n<div class=\"sitecard__subtitle\"> Tienda en l\u00ednea de la Asociaci\u00f3n Cooperativa Empresarial Kurosengoku<\/div>\n<div class=\"column column-273\">\n<div class=\"column__item\"><span style=\"font-size:medium\">La soja Kurosengoku es dulce y de sabor intenso, y se caracteriza por su piel negra y pulpa verde. \u00a1Son superalimentos peque\u00f1os y nutricionalmente equilibrados!<\/span><br \/>\n<span style=\"color: #ff9900\">\u25b6<\/span> <a href=\"https:\/\/kurosengoku.or.jp\/\" target=\"_blank\" rel=\"noopener\"><b style=\"font-size:large\">Asociaci\u00f3n Cooperativa Empresarial Kurosengoku Tienda en l\u00ednea de gesti\u00f3n directa &gt;&gt;<\/b><\/div>\n<div class=\"column__item\"><img decoding=\"async\" src=\"https:\/\/lh3.googleusercontent.com\/pw\/AM-JKLWNWJFImAmp1PfKwfI58vH_sLgmN8vbY-5K81_DP6Xx1z43KsaIhYalSkj00KRHHCX0P9g69a7fX48J-2WzJBy-pPG5DkIHYkDILY8I4eOL-HGXiW8twsF91oVVPPW_kRFu2FRKL4Plfohni5Y52bLIeQ=w438-h382-no?authuser=0\" alt=\"Asociaci\u00f3n Cooperativa Empresarial Kurosengoku\" \/><\/a><\/div>\n<\/div>\n<\/div>\n<\/div>\n\n<p>\u25c7Ikuko y Noboru<\/p>","protected":false},"excerpt":{"rendered":"<p>\uff12\uff10\uff12\uff15\u5e74\uff13\u6708\uff12\uff11\u65e5\uff08\u91d1\uff09 \uff28\uff22\uff23\u30e9\u30b8\u30aa\u300c\u671d\u520a\u3055\u304f\u3089\u3044\u300d\u3055\u3093\uff13\u6708\uff12\uff10\u65e5\uff08\u6728\uff09\u306e\u653e\u9001\u5185\u3001\u6728\u6751\u5149\u6c5f\u3055\u3093\u306e\u300c\u307f\uff5e\u3084\u3093\u306e\u5317\u6d77\u9053\u3092\u4e38\u3054\u3068\u98df\u3079\u3064\u304f\u305d\u3046\uff01\u300d\u30b3\u30fc\u30ca\u30fc\u3067\u3001\u9ed2\u5343\u77f3\u4e8b\u696d\u5354\u540c\u7d44\u5408\u5275\u7acb\uff12\uff10\u5468\u5e74\u8a18\u5ff5\u795d\u8cc0\u4f1a\u306e\u69d8\u5b50 [&hellip;]<\/p>\n","protected":false},"author":1,"featured_media":56739,"comment_status":"open","ping_status":"open","sticky":false,"template":"","format":"standard","meta":{"footnotes":""},"categories":[9,25],"tags":[],"class_list":["post-56723","post","type-post","status-publish","format-standard","has-post-thumbnail","hentry","category-kurosengoku","category-related-to-hokuryu"],"_links":{"self":[{"href":"https:\/\/portal.hokuryu.info\/es\/wp-json\/wp\/v2\/posts\/56723","targetHints":{"allow":["GET"]}}],"collection":[{"href":"https:\/\/portal.hokuryu.info\/es\/wp-json\/wp\/v2\/posts"}],"about":[{"href":"https:\/\/portal.hokuryu.info\/es\/wp-json\/wp\/v2\/types\/post"}],"author":[{"embeddable":true,"href":"https:\/\/portal.hokuryu.info\/es\/wp-json\/wp\/v2\/users\/1"}],"replies":[{"embeddable":true,"href":"https:\/\/portal.hokuryu.info\/es\/wp-json\/wp\/v2\/comments?post=56723"}],"version-history":[{"count":0,"href":"https:\/\/portal.hokuryu.info\/es\/wp-json\/wp\/v2\/posts\/56723\/revisions"}],"wp:featuredmedia":[{"embeddable":true,"href":"https:\/\/portal.hokuryu.info\/es\/wp-json\/wp\/v2\/media\/56739"}],"wp:attachment":[{"href":"https:\/\/portal.hokuryu.info\/es\/wp-json\/wp\/v2\/media?parent=56723"}],"wp:term":[{"taxonomy":"category","embeddable":true,"href":"https:\/\/portal.hokuryu.info\/es\/wp-json\/wp\/v2\/categories?post=56723"},{"taxonomy":"post_tag","embeddable":true,"href":"https:\/\/portal.hokuryu.info\/es\/wp-json\/wp\/v2\/tags?post=56723"}],"curies":[{"name":"wp","href":"https:\/\/api.w.org\/{rel}","templated":true}]}}