{"id":56401,"date":"2025-03-12T13:36:45","date_gmt":"2025-03-12T04:36:45","guid":{"rendered":"https:\/\/portal.hokuryu.info\/?p=56401"},"modified":"2025-05-22T08:18:56","modified_gmt":"2025-05-21T23:18:56","slug":"%e9%bb%92%e5%8d%83%e7%9f%b3%e4%ba%8b%e6%a5%ad%e5%8d%94%e5%90%8c%e7%b5%84%e5%90%88%e5%89%b5%e7%ab%8b%ef%bc%92%ef%bc%90%e5%91%a8%e5%b9%b4%e8%a8%98%e5%bf%b5%e7%a5%9d%e8%b3%80%e4%bc%9a-2025%e3%83%bb","status":"publish","type":"post","link":"https:\/\/portal.hokuryu.info\/es\/56401\/","title":{"rendered":"Celebraci\u00f3n del 20\u00ba aniversario de la Asociaci\u00f3n Cooperativa Empresarial Kurosengoku 2025: \u00a1Con gratitud por el enorme poder del peque\u00f1o Kurosengoku, que se puede decir que es un microcosmos!"},"content":{"rendered":"<p>Mi\u00e9rcoles 12 de marzo de 2025<\/p>\n<p>El s\u00e1bado 8 de marzo de 2025, a las 14:00 horas, se celebr\u00f3 en Sunflower Park Hokuryu Onsen una celebraci\u00f3n para conmemorar el 20.\u00ba aniversario de la fundaci\u00f3n de la Cooperativa Empresarial Kurosengoku.<\/p>\n<h2>Celebraci\u00f3n del 20.\u00ba aniversario de la Asociaci\u00f3n Cooperativa Empresarial Kurosengoku<\/h2>\n<p>Un total de 63 personas, incluidos productores y comerciantes de Kurosengoku de todas las prefecturas de Hokkaido, Aomori y Tochigi, recordaron los 20 a\u00f1os de historia del producto y compartieron su gran gratitud y entusiasmo con todos.<\/p>\n<figure class=\"wp-caption aligncenter\"><a href=\"https:\/\/photos.google.com\/share\/AF1QipMgD5MhkIhssdqIZmWd3i2FTDsS9QKVgaES1nt8LBSdHUz2netPdcF254PYeewLhw\/photo\/AF1QipMH_NViIVGsTWUt_8xntyaAdd6A-naO9eOnc7A?key=cXZRbEJGTEhQa3ZIXzYyOWZQd1pQclBQRXpOMjhn\" target=\"_blank\"><img decoding=\"async\" src=\"https:\/\/lh3.googleusercontent.com\/pw\/AP1GczNyDL3nwFyf8okRAcA0TSg5XemKaJM5V_k4fEkxVvzVRYcZP3P3fe5iVkMsP5bStMsqT32SzPJ_KQ9QYrToe86bg2KM9hxMYZp6erLIOV8YdQ8TCb9IR562CdDH5SOkuuOWlD5O-GjgjMgmXNJ9uhhV=w2000-h1500-s-no-gm?authuser=0\" width=\"2000\" height=\"1500\" alt=\"En Sunflower Park Hokuryu Onsen\" class=\"size-full\" \/><\/a><figcaption class=\"wp-caption-text\">En Sunflower Park Hokuryu Onsen<\/figcaption><\/figure>\n<figure class=\"wp-caption aligncenter\"><a href=\"https:\/\/photos.google.com\/share\/AF1QipMgD5MhkIhssdqIZmWd3i2FTDsS9QKVgaES1nt8LBSdHUz2netPdcF254PYeewLhw\/photo\/AF1QipOLqhNcKkqm4ywy1v9BhHPixjixtvc3jEAYlyw?key=cXZRbEJGTEhQa3ZIXzYyOWZQd1pQclBQRXpOMjhn\" target=\"_blank\"><img decoding=\"async\" src=\"https:\/\/lh3.googleusercontent.com\/pw\/AP1GczPBId0DAh40Hbs5bgKvog4Sew2wq_tvIt834TCBkWfdkQlHZGAW-qSfE7EocjQ7Am3J13pt19CxOql1NNtJ3fkbEnhpCxMQo23yuHSDJkx7nQk3F3XfyAXAqaZ5fTElHEWGjbmGHM_QMMHUSUxTcTXJ=w2000-h1333-s-no-gm?authuser=0\" width=\"2000\" height=\"1333\" alt=\"Celebraci\u00f3n del 20.\u00ba aniversario de la Asociaci\u00f3n Cooperativa Empresarial Kurosengoku\" class=\"size-full\" \/><\/a><figcaption class=\"wp-caption-text\">Celebraci\u00f3n del 20.\u00ba aniversario de la Asociaci\u00f3n Cooperativa Empresarial Kurosengoku<\/figcaption><\/figure>\n<figure class=\"wp-caption aligncenter\"><a href=\"https:\/\/photos.google.com\/share\/AF1QipMgD5MhkIhssdqIZmWd3i2FTDsS9QKVgaES1nt8LBSdHUz2netPdcF254PYeewLhw\/photo\/AF1QipPgnIYDDx9ycJFJ65EKhOjurbN42K8avkvbsD8?key=cXZRbEJGTEhQa3ZIXzYyOWZQd1pQclBQRXpOMjhn\" target=\"_blank\"><img decoding=\"async\" src=\"https:\/\/lh3.googleusercontent.com\/pw\/AP1GczMO9Xg7JmqZVZtDySDa9_YUlWii4lv60H4ZcaP9lvx8K-VGNOZ2j6x5GtKPn2F_YKS-_2_Ayi36N4L3PWAxJbxVy5sHqLZlU0pTa84L7Sh1Zaz4uMsf-xt7e-GIGwR6DgvsflmgUIV6Lcvj6nS7TlJ0=w2000-h1500-s-no-gm?authuser=0\" width=\"2000\" height=\"1500\" alt=\"Una hermosa recepcionista te da la bienvenida.\" class=\"size-full\" \/><\/a><figcaption class=\"wp-caption-text\">Una hermosa recepcionista te da la bienvenida.<\/figcaption><\/figure>\n<h3>Moderador: Kimura Mitsue (Miyan)<\/h3>\n<p>El evento ser\u00e1 presentado por Kimura Mitsue (apodo: Mi-yan).<br \/>\nMi-yan est\u00e1 a cargo del \u00e1rea gastron\u00f3mica de HBC Radio, &quot;DJ Dosanko Food Hunter&quot;. Trabaja activamente en todo Hokkaido como maestro culinario, instructor de cocina e investigador de la gastronom\u00eda rural.<\/p>\n<figure class=\"wp-caption aligncenter\"><a href=\"https:\/\/photos.google.com\/share\/AF1QipMgD5MhkIhssdqIZmWd3i2FTDsS9QKVgaES1nt8LBSdHUz2netPdcF254PYeewLhw\/photo\/AF1QipOj9Gn_aT04weULSKSfkuzmpPMRPB92Y8zbg6o?key=cXZRbEJGTEhQa3ZIXzYyOWZQd1pQclBQRXpOMjhn\" target=\"_blank\"><img decoding=\"async\" src=\"https:\/\/lh3.googleusercontent.com\/pw\/AP1GczO-82oFHogd7NGatvWzgrn740gWYEN-TBc2DYy1KfT7EAuS67SiLTnn33Fb6ZdlMNM8u0csODKaEPHEUEsSOyvOsd287dwe41zPw5x4Pce55pcSDnxRxBSoVmuF56oA6PjB4ZlR1GuSCHhpp0ijrSMQ=w2000-h1500-s-no-gm?authuser=0\" width=\"2000\" height=\"1500\" alt=\"El evento ser\u00e1 presentado por Kimura Mitsue, tambi\u00e9n conocido como Mi-yan.\" class=\"size-full\" \/><\/a><figcaption class=\"wp-caption-text\">El evento ser\u00e1 presentado por Kimura Mitsue, tambi\u00e9n conocido como Mi-yan.<\/figcaption><\/figure>\n<p>\u00a1Miiyan y Kurosengoku se conocieron hace m\u00e1s de 10 a\u00f1os!<\/p>\n<p>Mi-yan fue un anfitri\u00f3n excelente, manej\u00f3 el evento sin problemas e incluso entrevist\u00f3 a los participantes a lo largo del camino para animar el ambiente.<\/p>\n<p>Esta vez, no solo actu\u00f3 como anfitri\u00f3n, sino que tambi\u00e9n produjo el men\u00fa de soja Kurosengoku.<\/p>\n<figure class=\"wp-caption aligncenter\"><a href=\"https:\/\/photos.google.com\/share\/AF1QipMgD5MhkIhssdqIZmWd3i2FTDsS9QKVgaES1nt8LBSdHUz2netPdcF254PYeewLhw\/photo\/AF1QipPEicrz4BJ33KNl1pFH5E5OVUCwvzFNDAev5AM?key=cXZRbEJGTEhQa3ZIXzYyOWZQd1pQclBQRXpOMjhn\" target=\"_blank\"><img decoding=\"async\" src=\"https:\/\/lh3.googleusercontent.com\/pw\/AP1GczN6d8FKxgViDx7KLCUQfB9HrBGt0P5_HA-F0YoPeqdLN1AiM7ziNym4rSkhngLvbWzqXSHU6sS7wJc9nLKcA9lON1L1K3tZchWrg5S0AXfVhX43d2LJenZiAFG76jvsyFjcOgZ5_0eps3NWQphgfNN_=w2000-h1333-s-no-gm?authuser=0\" width=\"2000\" height=\"1333\" alt=\"Un anfitri\u00f3n maravilloso que cre\u00f3 un ambiente agradable y agradable.\" class=\"size-full\" \/><\/a><figcaption class=\"wp-caption-text\">Un anfitri\u00f3n maravilloso que cre\u00f3 un ambiente agradable y agradable.<\/figcaption><\/figure>\n\n        <div class=\"site-blogcard-premium\">\n            <div class=\"bc-label-custom\">Art\u00edculos relacionados<\/div>\n            <div class=\"bc-flex-container\">\n                <div class=\"bc-main-text\">\n                    <div class=\"bc-title-link-box\">\n                        <a href=\"https:\/\/portal.hokuryu.info\/es\/770\/\" target=\"_blank\">https:\/\/portal.hokuryu.info\/770<\/a>\n                    <\/div>\n                    <div class=\"bc-excerpt-box\">No se puede recuperar la informaci\u00f3n de la p\u00e1gina.<\/div>\n                <\/div>\n                <div class=\"bc-thumbnail-box\">\n                    <a href=\"https:\/\/portal.hokuryu.info\/es\/770\/\" target=\"_blank\">\n                        <div class=\"bc-img-zoom-wrap\">\n                            <img decoding=\"async\" src=\"https:\/\/portal.hokuryu.info\/wp\/wp-content\/uploads\/2026\/02\/20230802DSC06445_1.jpg\" alt=\"https:\/\/portal.hokuryu.info\/770\">\n                        <\/div>\n                    <\/a>\n                <\/div>\n            <\/div>\n        <\/div>\n<h3>Foto conmemorativa antes de la inauguraci\u00f3n<\/h3>\n<figure class=\"wp-caption aligncenter\"><a href=\"https:\/\/photos.google.com\/share\/AF1QipMgD5MhkIhssdqIZmWd3i2FTDsS9QKVgaES1nt8LBSdHUz2netPdcF254PYeewLhw\/photo\/AF1QipODt1JAzMCIjcUZ1BoC7cJ3Xyo9MRq3Mp8gat0?key=cXZRbEJGTEhQa3ZIXzYyOWZQd1pQclBQRXpOMjhn\" target=\"_blank\"><img decoding=\"async\" src=\"https:\/\/lh3.googleusercontent.com\/pw\/AP1GczPUwIqzQ3lcaCRRzF6g74l_lkzzK9X5FS0jhsNLKCqcczaUsimaBwl7L-jW2GTi01hsRT_ZYKqD1XBsLM5JbDlOpnFJWy5bYc-Lw1jjWXxuTs8B401FZj8pQIRVVd5_K0R1-ChnRKQCyhQTDEq-G_4T=w2802-h1868-s-no-gm?authuser=0\" width=\"2406\" height=\"1604\" alt=\"Foto conmemorativa de los participantes\" class=\"size-full\" style=\"border:solid 1px gray\"\/><\/a><figcaption class=\"wp-caption-text\">Foto conmemorativa de los participantes<\/figcaption><\/figure>\n<h3>Palabras de apertura: Masaaki Tsuji, Director Ejecutivo<\/h3>\n<p>El director ejecutivo Masaaki Tsuji pronunci\u00f3 el discurso de apertura en la ceremonia del 20\u00ba aniversario.<\/p>\n<h3>Certificado de reconocimiento otorgado por la Federaci\u00f3n de Asociaciones de Peque\u00f1as y Medianas Empresas de Hokkaido<\/h3>\n<p>El certificado de reconocimiento fue entregado por Kenichi Taguchi, jefe de secci\u00f3n de la Federaci\u00f3n de Asociaciones de Peque\u00f1as y Medianas Empresas de Hokkaido (le\u00eddo por el presidente Hideki Takahashi).<\/p>\n<h4>Premio a la Excelencia de la Asociaci\u00f3n: Asociaci\u00f3n Cooperativa Empresarial Kurosengoku<\/h4>\n<p>Los certificados se entregaron en reconocimiento a los logros de la Cooperativa Empresarial Kurosengoku en el fortalecimiento de la unidad de sus miembros, el fortalecimiento de la organizaci\u00f3n y el desarrollo de su negocio.<\/p>\n<figure class=\"wp-caption aligncenter\"><a href=\"https:\/\/photos.google.com\/share\/AF1QipMgD5MhkIhssdqIZmWd3i2FTDsS9QKVgaES1nt8LBSdHUz2netPdcF254PYeewLhw\/photo\/AF1QipOUeN62jdvh5RmiI-u_T3dH-LTutkqwAMdNDjI?key=cXZRbEJGTEhQa3ZIXzYyOWZQd1pQclBQRXpOMjhn\" target=\"_blank\"><img decoding=\"async\" src=\"https:\/\/lh3.googleusercontent.com\/pw\/AP1GczPPm6n_Ma52qC_TUrxcWYGwAOitZSPhR6tmSESvY_soSPSTaUAG4Bbhv35zQGTDjizi2eCQGQ_I-rie4vRPQf3qcC6x4FEMeuUCGRNzD0YGQejR4H4OJ3aTfzhkUrdabdLBAcgAWPgcNONSW0EiQw6V=w2000-h1333-s-no-gm?authuser=0\" width=\"2000\" height=\"1333\" alt=\"Premio a la Excelencia de la Asociaci\u00f3n: Asociaci\u00f3n Cooperativa Empresarial Kurosengoku\" class=\"size-full\" \/><\/a><figcaption class=\"wp-caption-text\">Premio a la Excelencia de la Asociaci\u00f3n: Asociaci\u00f3n Cooperativa Empresarial Kurosengoku<\/figcaption><\/figure>\n<h4>Premio al Logro Sindical: Yukio Takada, Hiroki Matsumoto, Katsuhiro Nagai, Kazuo Kimura, Masaaki Tsuji, Hiroaki Ito<\/h4>\n<p>Hiroki Matsumoto acept\u00f3 el certificado en nombre de los seis galardonados.<\/p>\n<figure class=\"wp-caption aligncenter\"><a href=\"https:\/\/photos.google.com\/share\/AF1QipMgD5MhkIhssdqIZmWd3i2FTDsS9QKVgaES1nt8LBSdHUz2netPdcF254PYeewLhw\/photo\/AF1QipMf8cAGox7MNHWSnLeR8BPN_FQvVWFsSc_XsQY?key=cXZRbEJGTEhQa3ZIXzYyOWZQd1pQclBQRXpOMjhn\" target=\"_blank\"><img decoding=\"async\" src=\"https:\/\/lh3.googleusercontent.com\/pw\/AP1GczOX9U4FESnTkVMAlLWE7ZgXxH0jYzo6elt4l3BzztAXFyhx8VE5S5o9C3VwL8x4bOwTja7pQh9BZOfVrKEnY_A6t6oLiu9HMXFdKEg__akzcwmSdw7xCWz6p3IcZmQn9sxqnSXG-R4lK6LABIJcY5yh=w2000-h1333-s-no-gm?authuser=0\" width=\"2000\" height=\"1333\" alt=\"Premio al M\u00e9rito Sindical: Representante, Sr. Hiroki Matsumoto\" class=\"size-full\" \/><\/a><figcaption class=\"wp-caption-text\">Premio al M\u00e9rito Sindical: Representante, Sr. Hiroki Matsumoto<\/figcaption><\/figure>\n<h3>Saludos del presidente Yukio Takada<\/h3>\n<figure class=\"wp-caption aligncenter\"><a href=\"https:\/\/photos.google.com\/share\/AF1QipMgD5MhkIhssdqIZmWd3i2FTDsS9QKVgaES1nt8LBSdHUz2netPdcF254PYeewLhw\/photo\/AF1QipOkb5KAoHP-iM-GiYOr9zGcpD0tMOWU_qzn9kg?key=cXZRbEJGTEhQa3ZIXzYyOWZQd1pQclBQRXpOMjhn\" target=\"_blank\"><img decoding=\"async\" src=\"https:\/\/lh3.googleusercontent.com\/pw\/AP1GczPcVrlQ9EXNLIWJ2kjxzFxoMgikIFMCjHGwzwTWNgkr6TYwMGOqd_0CikPdSc9Lqv-LmUKDOPul6om9qrkRjyM8wf_TdJbLCR5t-l3bJ8anPZxJHwL3f5hDAZ-gzyeDvP7RT5xkxEKQKPfgOTBsA_1_=w2000-h1333-s-no-gm?authuser=0\" width=\"2000\" height=\"1333\" alt=\"Saludos del presidente Yukio Takada\" class=\"size-full\" \/><\/a><figcaption class=\"wp-caption-text\">Saludos del presidente Yukio Takada<\/figcaption><\/figure>\n<p>Quisiera expresar mi m\u00e1s sincero agradecimiento a todos. Veinte a\u00f1os han pasado r\u00e1pidamente, y es gracias a todos ustedes que estamos aqu\u00ed hoy. Al observar los rostros de quienes participaron, quiero expresar mi m\u00e1s sincera gratitud a cada uno de ustedes.<\/p>\n<p>Tambi\u00e9n nos gustar\u00eda agradecer a la anfitriona de hoy, Mi-yan, tambi\u00e9n conocida como Kimura Mitsue, por su sabidur\u00eda y ayuda en la creaci\u00f3n del men\u00fa de la serie Kurosengoku de hoy.<\/p>\n<p>El hecho de que hoy podamos celebrar el 20.\u00ba aniversario de la Asociaci\u00f3n Cooperativa Empresarial Kurosengoku se debe a las conmovedoras palabras de nuestro difunto expresidente, Nobuo Murai, quien dijo: &quot;Cultiven soja que la gente coma y compre&quot;, y a que hemos podido producir soja Kurosengoku juntos durante 20 a\u00f1os. Estamos profundamente agradecidos. Muchas gracias.<\/p>\n<p>Tambi\u00e9n nos gustar\u00eda expresar nuestro sincero agradecimiento al Dr. Sambuichi por sus muchos a\u00f1os de arduo trabajo y dedicaci\u00f3n para mejorar las variedades.<\/p>\n<p>Adem\u00e1s, estamos verdaderamente agradecidos a nuestros mayoristas, el natto de Azuma Foods y el t\u00e9 y la harina de soja de otros procesadores, que nos han proporcionado productos deliciosos que los consumidores disfrutan, permiti\u00e9ndonos continuar durante 20 a\u00f1os.<\/p>\n<p>La experiencia m\u00e1s memorable hasta la fecha fue haber sido seleccionado como un excelente ejemplo en el quinto evento Descubra los Tesoros de las \u00c1reas Rurales organizado por la Secretar\u00eda del Gabinete y el Ministerio de Agricultura, Silvicultura y Pesca en 2018.<\/p>\n<p>La ceremonia de entrega del certificado de selecci\u00f3n se celebr\u00f3 en la Residencia Oficial del Primer Ministro, y nunca olvidar\u00e9 la foto que me tom\u00e9 con el entonces Primer Ministro Abe y el apret\u00f3n de manos que le di durante el intercambio y el banquete. Recuerdo la calidez de su mano en aquel momento.<\/p>\n<p>En cuanto al futuro, los productos horneados que se ofrecen como souvenirs hoy en d\u00eda est\u00e1n elaborados con harina de arroz Nanatsuboshi de la ciudad de Hokuryu y pasta de frijoles Kurosengoku. Originalmente, se pretend\u00eda que tuvieran forma de girasol, pero no pudieron hacerlo a tiempo, as\u00ed que terminaron con productos horneados en forma de coraz\u00f3n. Planean venderlos en un food truck en el futuro. Adem\u00e1s, tambi\u00e9n han lanzado un nuevo producto, &quot;Kinako-bushi Furikake&quot;, en colaboraci\u00f3n con Togashi Masao Shoten Co., Ltd.<\/p>\n<p>Seguiremos realizando esfuerzos y solicitando su asesoramiento en el futuro, por lo que agradecemos su continuo apoyo.<\/p>\n<p>&quot;Por \u00faltimo, me gustar\u00eda desearles a todos los participantes mucha salud y felicidad. Muchas gracias&quot;, dijo el presidente Takada.<\/p>\n<figure class=\"wp-caption aligncenter\"><a href=\"https:\/\/photos.google.com\/share\/AF1QipMgD5MhkIhssdqIZmWd3i2FTDsS9QKVgaES1nt8LBSdHUz2netPdcF254PYeewLhw\/photo\/AF1QipNdAACuoQHy7zEcKYGq8Cz0mosak1ZLDCDuPog?key=cXZRbEJGTEhQa3ZIXzYyOWZQd1pQclBQRXpOMjhn\" target=\"_blank\"><img decoding=\"async\" src=\"https:\/\/lh3.googleusercontent.com\/pw\/AP1GczPboxo6xaIjgFMNAX9t1rUeMYPjCZnHW3lRvRHiLAnpu6veYuk-5wD2P4qK1vSVwGue_5JX2AHrsy8bdTLbdwvNNbgWEefctQ0N9RD5Bg23Z2p2_0bh1tZJi3NPz5w7iAWkovsAoAopTE9dn2_1eQ5X=w2000-h1333-s-no-gm?authuser=0\" width=\"2000\" height=\"1333\" alt=\"20 a\u00f1os de historia vuelven a la vida...\" class=\"size-full\" \/><\/a><figcaption class=\"wp-caption-text\">20 a\u00f1os de historia vuelven a la vida...<\/figcaption><\/figure>\n<h3>mensaje de felicitaci\u00f3n<\/h3>\n<h4>Alcalde Yasuhiro Sasaki de la ciudad de Hokuryu<\/h4>\n<figure class=\"wp-caption aligncenter\"><a href=\"https:\/\/photos.google.com\/share\/AF1QipMgD5MhkIhssdqIZmWd3i2FTDsS9QKVgaES1nt8LBSdHUz2netPdcF254PYeewLhw\/photo\/AF1QipMWQcIQYBQpEt0Ag1WwxLYgzPCAy3pIwq6LdQc?key=cXZRbEJGTEhQa3ZIXzYyOWZQd1pQclBQRXpOMjhn\" target=\"_blank\"><img decoding=\"async\" src=\"https:\/\/lh3.googleusercontent.com\/pw\/AP1GczOa2lHHBLWmxv0Ybl1053ajIxiyt9wwwPrp_36rhyQt2eZnhrhw5zKKCurW1DRO2LlxqQQZZkjLS350zifEcX4vkXi4wiADtXLw8CywcPnZb2OtJup8ubGaR-Jwy3OEG-Ak9CNPdrJmZOqoiWoocDhu=w2000-h1333-s-no-gm?authuser=0\" width=\"2000\" height=\"1333\" alt=\"Alcalde Yasuhiro Sasaki de la ciudad de Hokuryu\" class=\"size-full\" \/><\/a><figcaption class=\"wp-caption-text\">Alcalde Yasuhiro Sasaki de la ciudad de Hokuryu<\/figcaption><\/figure>\n<p>&quot;Felicitaciones por el 20\u00ba aniversario de la Asociaci\u00f3n Cooperativa Empresarial Kurosengoku hoy.<\/p>\n<p>Anteriormente, el presidente Takada expres\u00f3 su gratitud a todos los que participaron en la construcci\u00f3n de la organizaci\u00f3n durante los \u00faltimos 20 a\u00f1os. En la historia de estos 20 a\u00f1os, los primeros 10 a\u00f1os, el per\u00edodo fundacional, fueron liderados por el expresidente Murai Nobuo, y los 10 a\u00f1os siguientes hasta la actualidad han sido la d\u00e9cada de mayor florecimiento de la organizaci\u00f3n, centrada en el presidente Takada.<\/p>\n<p>La Cooperativa Empresarial Kurosengoku ha recibido varios premios y grandes elogios de todo Jap\u00f3n, incluido el de haber sido seleccionada como un excelente ejemplo de una buena organizaci\u00f3n entre 32 organizaciones de todo el pa\u00eds en la quinta edici\u00f3n de los Premios Descubra los Tesoros de las \u00c1reas Rurales.<\/p>\n<p>La ciudad de Hokuryu se enorgullece de ser la principal de Jap\u00f3n en la producci\u00f3n de arroz seguro, confiable y de alta calidad. La soja Kurosengoku ha heredado la tradici\u00f3n de Hokuryu de una agricultura segura y confiable, y creo que es extremadamente dif\u00edcil comercializarla y utilizarla en la industria manufacturera. La industria manufacturera desempe\u00f1a un papel fundamental en la ciudad de Hokuryu, y en ese sentido, la empresa Kurosengoku ha hecho una contribuci\u00f3n significativa a la ciudad.<\/p>\n<p>El presidente Takada tambi\u00e9n es presidente de la Asociaci\u00f3n de Turismo de Girasoles de la ciudad de Hokuryu y nos gustar\u00eda expresar nuestra gratitud por su papel como principal fuerza de ventas para el turismo en la ciudad de Hokuryu.<\/p>\n<p>Espero que su objetivo sea convertirse en una empresa con 30, 40, 50 e incluso 100 a\u00f1os de historia. Creo que sus dos hijos ser\u00e1n una gran fuerza impulsora para la continuidad del negocio en el futuro. Espero sinceramente que la continuidad del negocio por parte de j\u00f3venes genere un gran valor para el futuro.<\/p>\n<p>La ciudad de Hokuryu tambi\u00e9n lo apoyar\u00e1 y lo alentar\u00e1 lo mejor que pueda, por lo que agradecemos su continuo apoyo.<\/p>\n<p>&quot;Hoy se cumple el 20\u00ba aniversario de la fundaci\u00f3n de la Asociaci\u00f3n Cooperativa Empresarial Kurosengoku, \u00a1as\u00ed que felicitaciones!&quot;, dijo el alcalde Sasaki.<\/p>\n<figure class=\"wp-caption aligncenter\"><a href=\"https:\/\/photos.google.com\/share\/AF1QipMgD5MhkIhssdqIZmWd3i2FTDsS9QKVgaES1nt8LBSdHUz2netPdcF254PYeewLhw\/photo\/AF1QipOmMS9L-hl6EG_9yhcfVRYNK1scS0_gPR6SeT8?key=cXZRbEJGTEhQa3ZIXzYyOWZQd1pQclBQRXpOMjhn\"><img decoding=\"async\" src=\"https:\/\/lh3.googleusercontent.com\/pw\/AP1GczM2Y-6cjszdvexnLGMVEr69au31Iy1ewENy6h7xqrBOQ0AZQCZPn8-TmuISSBs4vTem0YMWYXKGIep7I2Ydi9McfVqZuwVnqbfe8zTHgo7r2cXxDN4-jH0fpKE4S7ve7VCLT-5vhBIr0hyYSO4gx7gU=w2000-h1333-s-no-gm?authuser=0\" width=\"2000\" height=\"1333\" alt=\"En honor a los grandes logros de la Asociaci\u00f3n Cooperativa Empresarial Kurosengoku...\" class=\"size-full\" \/><\/a><figcaption class=\"wp-caption-text\">En honor a los grandes logros de la Asociaci\u00f3n Cooperativa Empresarial Kurosengoku...<\/figcaption><\/figure>\n<h4>Masahiro Kadono, director general, departamento de compras, Azuma Foods Co., Ltd.<\/h4>\n<figure class=\"wp-caption aligncenter\"><a href=\"https:\/\/photos.google.com\/share\/AF1QipMgD5MhkIhssdqIZmWd3i2FTDsS9QKVgaES1nt8LBSdHUz2netPdcF254PYeewLhw\/photo\/AF1QipOPcmqpa8TP724HH1hotJcif65OaZbamsqjhnQ?key=cXZRbEJGTEhQa3ZIXzYyOWZQd1pQclBQRXpOMjhn\" target=\"_blank\"><img decoding=\"async\" src=\"https:\/\/lh3.googleusercontent.com\/pw\/AP1GczPLAIlUAIwUznkpOw9o8FThYYVkewoIOOjTPN1IExR9j9KR_IDmTCIv_uCVK3bbX3821BOsaPvwYBvpG6U7sjQbjJcEJGgeVSiN9GBBk-O4mgN3TCryaRbolerOSjGJkLc3sF9qxxL3hGq4cXu-eQgA=w2000-h1333-s-no-gm?authuser=0\" width=\"2000\" height=\"1333\" alt=\"Masahiro Kadono, director general, departamento de compras, Azuma Foods Co., Ltd.\" class=\"size-full\" \/><\/a><figcaption class=\"wp-caption-text\">Masahiro Kadono, director general, departamento de compras, Azuma Foods Co., Ltd.<\/figcaption><\/figure>\n<p>&quot;Hoy se cumple el 20\u00ba aniversario de la fundaci\u00f3n de la Asociaci\u00f3n Cooperativa Empresarial Kurosengoku, por lo que me gustar\u00eda ofrecer mis m\u00e1s sinceras felicitaciones.<\/p>\n<p>Azuma Foods tiene su sede en Utsunomiya, prefectura de Tochigi. Este agosto celebramos nuestro 75.\u00ba aniversario. Desde entonces, elaboramos exclusivamente natto y lo vendemos en todo el pa\u00eds, desde Hokkaido hasta Kyushu y Okinawa.<\/p>\n<p>Azuma Foods y Kurosengoku se conocieron en 1997. El presidente de la compa\u00f1\u00eda expres\u00f3 su deseo de &quot;mejorar a\u00fan m\u00e1s el sabor del natto de frijol negro, y especialmente de usar frijoles negros con granos m\u00e1s peque\u00f1os&quot;. Al a\u00f1o siguiente, en 1998, la compa\u00f1\u00eda comenz\u00f3 a planificar el uso de soja Kurosengoku. Me incorpor\u00e9 a Azuma Foods en 1997 y desde entonces he trabajado con soja Kurosengoku.<\/p>\n<p>Al principio, cultivar soja Kurosengoku en Hokkaido era extremadamente dif\u00edcil y arriesgado debido al clima, que a veces puede provocar nevadas. Sin embargo, tras superar diversas dificultades, la producci\u00f3n aument\u00f3 y, en 2004, se vendi\u00f3 por primera vez el natto Kurosengoku.<\/p>\n<p>La soja kurosengoku no se puede convertir en natto mediante el m\u00e9todo habitual de fermentaci\u00f3n. La soja amarilla se vuelve fibrosa despu\u00e9s de 20 horas de fermentaci\u00f3n, pero la soja kurosengoku no se vuelve fibrosa en absoluto, incluso despu\u00e9s de 24 horas. Adem\u00e1s, el color negro de las semillas se desvanece.<\/p>\n<p>Tras varios intentos de ensayo y error para descubrir c\u00f3mo elaborarlo y fermentarlo, finalmente empezamos a venderlo como natto en 2004. Sin embargo, al principio, las ventas fueron lentas debido a la poca aceptaci\u00f3n por parte de los clientes. Las ventas en la prefectura de Iwate tambi\u00e9n eran dif\u00edciles, as\u00ed que regresamos a Hokkaido y, con la colaboraci\u00f3n de la Cooperativa Empresarial Kurosengoku, hemos continuado hasta la fecha.<\/p>\n<p>Su popularidad comenz\u00f3 cuando apareci\u00f3 en televisi\u00f3n hace cuatro o cinco a\u00f1os, destacando el natto Kurosengoku como un grano saludable. Actualmente, vendemos alrededor de 200 toneladas de natto al a\u00f1o, principalmente en Honshu. Recibimos consultas de clientes que dicen cosas como: &quot;Es la primera vez que encuentro un natto tan delicioso&quot; y &quot;\u00bfD\u00f3nde puedo comprarlo?&quot;.<\/p>\n<p>En el futuro, nos gustar\u00eda ampliar las ventas de soja Kurosengoku para ofrecer a nuestros clientes un natto a\u00fan m\u00e1s delicioso. Gracias al apoyo de todos los aqu\u00ed reunidos, seguiremos produciendo natto delicioso, por lo que agradecemos su continuo apoyo.<\/p>\n<p>&quot;Esperamos sinceramente que la deliciosa soja Kurosengoku siga creciendo. Muchas gracias&quot;, afirm\u00f3 el director Kadono.<\/p>\n<figure class=\"wp-caption aligncenter\"><a href=\"https:\/\/photos.google.com\/share\/AF1QipMgD5MhkIhssdqIZmWd3i2FTDsS9QKVgaES1nt8LBSdHUz2netPdcF254PYeewLhw\/photo\/AF1QipOEsbei-eE1qp1igIUgCgVmbvfyzEe6WmED1_M?key=cXZRbEJGTEhQa3ZIXzYyOWZQd1pQclBQRXpOMjhn\"><img decoding=\"async\" src=\"https:\/\/lh3.googleusercontent.com\/pw\/AP1GczOlw1b7VQ5ydsomfbF14zYZVyt0gT7jbci2rZ3kzr-_QeTHwueAoFXgZrm8unpATokUQPEQfTSO9rYBwZYsp51YR_ASxPWPT9iBUWUSuAJcCtrBH3WksKGCNMq-C9Kkk7uPfZU6IZ7n-V3Lm8sSQReD=w2000-h1333-s-no-gm?authuser=0\" width=\"2000\" height=\"1333\" alt=\"Superando muchas dificultades...\" class=\"size-full\" \/><\/a><figcaption class=\"wp-caption-text\">Superando muchas dificultades...<\/figcaption><\/figure>\n<h4>Keiichi Taguchi, Jefe de Secci\u00f3n, Federaci\u00f3n de Asociaciones de Peque\u00f1as y Medianas Empresas de Hokkaido<\/h4>\n<figure class=\"wp-caption aligncenter\"><a href=\"https:\/\/photos.google.com\/share\/AF1QipMgD5MhkIhssdqIZmWd3i2FTDsS9QKVgaES1nt8LBSdHUz2netPdcF254PYeewLhw\/photo\/AF1QipNboEhIOpL3gO9Uqe5w9G9S2l3CNg9_kbZo_hM?key=cXZRbEJGTEhQa3ZIXzYyOWZQd1pQclBQRXpOMjhn\" target=\"_blank\"><img decoding=\"async\" src=\"https:\/\/lh3.googleusercontent.com\/pw\/AP1GczNBJK-25kqGNeY_AmRbkkPsk2s2wEq6LrG-b9d_7iKBAO8dnSP1p0nEuiCU3UtJrayg7k2E99O6UBG_sHhPhxUmYGYUowLCV0bbSSrA8dFN1tc_U_P9Q-t9WHdsNVnPWMpEUyZdoC6cF_QGAuiiW_Xq=w2000-h1333-s-no-gm?authuser=0\" width=\"2000\" height=\"1333\" alt=\"Keiichi Taguchi, Jefe de Secci\u00f3n, Federaci\u00f3n de Asociaciones de Peque\u00f1as y Medianas Empresas de Hokkaido\" class=\"size-full\" \/><\/a><figcaption class=\"wp-caption-text\">Keiichi Taguchi, Jefe de Secci\u00f3n, Federaci\u00f3n de Asociaciones de Peque\u00f1as y Medianas Empresas de Hokkaido<\/figcaption><\/figure>\n<p>Quisiera expresarles mi m\u00e1s sincera felicitaci\u00f3n por la exitosa celebraci\u00f3n de la ceremonia del 20.\u00ba aniversario de la Asociaci\u00f3n Cooperativa Empresarial Kurosengoku, que se celebr\u00f3 a gran escala con la participaci\u00f3n de tantas personas. Tambi\u00e9n quisiera extender mi m\u00e1s sincera felicitaci\u00f3n a todos los galardonados. Les reitero mi m\u00e1s sincera gratitud por sus muchos a\u00f1os de servicio y les deseo que sigan cosechando \u00e9xitos en el futuro.<\/p>\n<p>Para nuestros miembros, Kurosengoku es una soja rara que era dif\u00edcil de cultivar y cuya producci\u00f3n ces\u00f3 por un tiempo en la d\u00e9cada de 1970. Actualmente, se producen m\u00e1s de 400 toneladas, lo que ha contribuido significativamente a crear conciencia sobre la soja Kurosengoku, que es altamente nutritiva y tiene un rico sabor.<\/p>\n<p>Adem\u00e1s, en 2021, la Agencia de la Peque\u00f1a y Mediana Empresa elogi\u00f3 altamente a nuestra asociaci\u00f3n por su utilizaci\u00f3n de los recursos locales, seleccion\u00e1ndonos como una de las &quot;300 Peque\u00f1as y Medianas Empresas Emergentes&quot; y convirti\u00e9ndonos en una asociaci\u00f3n modelo entre las 27.700 cooperativas empresariales a nivel nacional.<\/p>\n<p>Los miembros de la asociaci\u00f3n han estado procesando y vendiendo conjuntamente el arroz Kurosengoku que cultivan con esmero. Gracias al desarrollo de nuevos productos y la expansi\u00f3n activa de los canales de venta, la asociaci\u00f3n se ha expandido no solo a nivel nacional, sino tambi\u00e9n internacional. Todo esto se debe al entusiasmo y la incansable labor del presidente Takada y de todos los miembros ejecutivos, tanto pasados como presentes, a quienes expreso mi m\u00e1s profundo respeto.<\/p>\n<p>El entorno que rodea a las peque\u00f1as y medianas empresas sigue siendo incierto, con el aumento de los precios de las materias primas, el incremento de los costos empresariales debido a la debilidad del yen y la escasez de mano de obra y la necesidad de asegurar fondos para aumentos salariales.<\/p>\n<p>Creemos que ahora es el momento de que las cooperativas empresariales, basadas en el esp\u00edritu de ayuda mutua, demuestren su fortaleza para garantizar el desarrollo sostenible de las peque\u00f1as y medianas empresas y de los peque\u00f1os empresarios cuyas actividades comerciales est\u00e1n arraigadas en la comunidad local. Como organizaci\u00f3n especializada en apoyo a las organizaciones de colaboraci\u00f3n de las peque\u00f1as y medianas empresas, en la Federaci\u00f3n Central de Peque\u00f1as Empresas estaremos encantados de ayudarles y esperamos seguir contando con su apoyo.<\/p>\n<p>Para concluir, quisiera aprovechar este a\u00f1o hist\u00f3rico conmemorativo del 20.\u00ba aniversario de la Asociaci\u00f3n Cooperativa Empresarial Kurosengoku como una oportunidad para fortalecer a\u00fan m\u00e1s los lazos entre sus miembros y lograr un mayor desarrollo. Tambi\u00e9n quisiera concluir mis palabras dese\u00e1ndoles buena salud a todos los presentes. &quot;Felicidades&quot;, dijo el jefe de secci\u00f3n Taguchi.<\/p>\n<h4>C\u00e1mara de Comercio e Industria de la ciudad de Hokuryu, presidente Masahito Fujii (representado por el vicepresidente Manabu Okino)<\/h4>\n<figure class=\"wp-caption aligncenter\"><a href=\"https:\/\/photos.google.com\/share\/AF1QipMgD5MhkIhssdqIZmWd3i2FTDsS9QKVgaES1nt8LBSdHUz2netPdcF254PYeewLhw\/photo\/AF1QipNDEbXVO2mH6e6IQltMvWKxTIx_EqtHqgCFtqw?key=cXZRbEJGTEhQa3ZIXzYyOWZQd1pQclBQRXpOMjhn\" target=\"_blank\"><img decoding=\"async\" src=\"https:\/\/lh3.googleusercontent.com\/pw\/AP1GczOC3SEdbDiJAFpL9-AY1dPM2SFIHs_In-Beozm_gUhTfp-48vAuKUPxQrH3Y9zVwoNhPLAz8NnJdSOLq-MSrFOf_DNrnc_rIJ9WNzo1NwhPCD7DKuMo9qOiP-ka19jPtNJtxITCDWCmoGocACe_3Nmg=w2000-h1333-s-no-gm?authuser=0\" width=\"2000\" height=\"1333\" alt=\"Manabu Okino, vicepresidente de la C\u00e1mara de Comercio de la ciudad de Hokuryu\" class=\"size-full\" \/><\/a><figcaption class=\"wp-caption-text\">Manabu Okino, vicepresidente de la C\u00e1mara de Comercio de la ciudad de Hokuryu<\/figcaption><\/figure>\n<p>Hoy se conmemora el 20.\u00ba aniversario de la fundaci\u00f3n de la Asociaci\u00f3n Cooperativa Empresarial Kurosengoku, por lo que quisiera expresarles mis m\u00e1s sinceras felicitaciones. Yo, Okino, vicepresidente de la C\u00e1mara de Comercio, quisiera ofrecerles algunas palabras de felicitaci\u00f3n en nombre del presidente Fujii Masahito.<\/p>\n<p>La Cooperativa Empresarial Kurosengoku se fund\u00f3 hace 20 a\u00f1os con el objetivo de desarrollar la regi\u00f3n y promover las especialidades locales. Desde entonces, todos los miembros han colaborado para producir una variedad de maravillosos productos locales y difundir ampliamente el atractivo de la regi\u00f3n.<\/p>\n<p>Como mencion\u00f3 anteriormente el presidente Takada, los resultados de este trabajo fueron altamente elogiados con el premio &quot;Descubre los Tesoros de las Zonas Rurales&quot;, y hoy la empresa ha atra\u00eddo la atenci\u00f3n nacional. Creo que los esfuerzos realizados para convertir una peque\u00f1a cantidad de Kurosengoku en un producto tan grande y distribuirlo simbolizan verdaderamente el esp\u00edritu de una cooperativa.<\/p>\n<p>La soja Kurosengoku, anta\u00f1o un elemento b\u00e1sico de la cultura gastron\u00f3mica de la regi\u00f3n, estuvo a punto de desaparecer con el cambio de \u00e9poca, pero todos ustedes redescubrieron su valor y emprendieron el reto de revivirla. Gracias a la superaci\u00f3n de numerosas dificultades y a un esfuerzo constante, los miembros de la asociaci\u00f3n de productores han logrado revitalizar la soja como una especialidad local de la que la regi\u00f3n puede enorgullecerse. Siento un profundo respeto por su entusiasmo y empuje.<\/p>\n<p>La trayectoria de la cooperativa no se limita al mero desarrollo de productos, sino que tambi\u00e9n se centra en proteger las tradiciones y la cultura de la regi\u00f3n y seguir creando valor. Hace dos a\u00f1os, Yuji Takada fue nombrado Director General y, desde entonces, ha forjado nuevas alianzas con diversas empresas. Incluso en tiempos de r\u00e1pido cambio, se ha mantenido fiel a su visi\u00f3n y ha seguido afrontando retos de futuro, lo cual constituye un gran est\u00edmulo para toda la industria local.<\/p>\n<p>Por cierto, el helado suave Kurosengoku kinako tambi\u00e9n se vende en Sunfuller Park Hokuryu Onsen. Adem\u00e1s, instalamos un puesto de aperitivos en el Centro Tur\u00edstico de Himawari durante el Festival del Girasol, que se celebra en julio y agosto. Usamos pasteles de arroz de Himawari Nosan, que cultiva y procesa arroz glutinoso en la ciudad de Hokuryu, y los rellenamos con Kurosengoku Don para crear y vender gofres mochi llamados &quot;Kurosengoku Moffles&quot;.<\/p>\n<p>Tambi\u00e9n ofrecemos un batido llamado &quot;Batido Kurosengoku&quot;, que consiste en helado mezclado con harina de soja Kurosengoku. Muchos clientes repiten, especialmente los j\u00f3venes del barrio. La soja Kurosengoku es muy f\u00e1cil de usar y creemos que hemos desarrollado un producto muy popular.<\/p>\n<p>Tengo la sincera esperanza de que la Cooperativa Empresarial Kurosengoku contin\u00fae creciendo durante los pr\u00f3ximos 10 a 20 a\u00f1os y contribuya a\u00fan m\u00e1s a la comunidad local.<\/p>\n<p>Para terminar, quisiera desearles salud, \u00e9xito y felicidad a todos los miembros del sindicato y a todos los aqu\u00ed reunidos. Este ser\u00e1 mi breve discurso de felicitaci\u00f3n. \u00a1Felicidades a todos hoy!, dijo el vicepresidente Okino.<\/p>\n<h3>Presentaci\u00f3n del invitado<\/h3>\n<p>Alcalde Yasuhiro Sasaki de la ciudad de Hokuryu, ciudadano honorario de la ciudad de Hokuryu Ryoichi Kikura, presidente del consejo de la ciudad de Hokuryu Shoichi Nakamura, jefe de secci\u00f3n Keiichi Taguchi de la Federaci\u00f3n de Asociaciones de Peque\u00f1as y Medianas Empresas de Hokkaido, gerente de sucursal Kimitoshi Washio de la sucursal de Hokuryu de la Cooperativa Agr\u00edcola Kitasorachi, director representante Minoru Nagai del distrito de Hokuryu de la Cooperativa Agr\u00edcola Kitasorachi, gerente de sucursal Takamori Okada de la sucursal de Hokuryu del Banco Shinkin de Kitasorachi, vicepresidente Manabu Okino de la C\u00e1mara de Comercio e Industria de la ciudad de Hokuryu, secretario general Yuji Oka de la C\u00e1mara de Comercio e Industria de la ciudad de Hokuryu, jefa de secci\u00f3n Keiko Tsuzuki de la Divisi\u00f3n de Industria de la Oficina de la ciudad de Hokuryu, jefe de secci\u00f3n Yuji Arata de la Divisi\u00f3n de Gesti\u00f3n Agr\u00edcola de la sucursal de Hokuryu de la Cooperativa Agr\u00edcola Kitasorachi<\/p>\n<figure class=\"wp-caption aligncenter\"><a href=\"https:\/\/photos.google.com\/share\/AF1QipMgD5MhkIhssdqIZmWd3i2FTDsS9QKVgaES1nt8LBSdHUz2netPdcF254PYeewLhw\/photo\/AF1QipPkgugJ9uvMesyB0B9ow_GCxhPPKaVfvptaMxY?key=cXZRbEJGTEhQa3ZIXzYyOWZQd1pQclBQRXpOMjhn\"><img decoding=\"async\" src=\"https:\/\/lh3.googleusercontent.com\/pw\/AP1GczPnFA-sQb9nthrX3-3xXTGmdRQbEVr_1G78L0ceLJ7XHOD0QRUUPgTphnpNEbDPW_ktbuC0cOV3QK5JcIHzUrHZQN0lo539zjU655Z5szWxHVaVYacj-fgzCwrlMDKrLHCk8sJr1YoN4wNHqR5bTBvG=w2000-h1333-s-no-gm?authuser=0\" width=\"2000\" height=\"1333\" alt=\"Presentaci\u00f3n del invitado\" class=\"size-full\" \/><\/a><figcaption class=\"wp-caption-text\">Presentaci\u00f3n del invitado<\/figcaption><\/figure>\n<figure class=\"wp-caption aligncenter\"><a href=\"https:\/\/photos.google.com\/share\/AF1QipMgD5MhkIhssdqIZmWd3i2FTDsS9QKVgaES1nt8LBSdHUz2netPdcF254PYeewLhw\/photo\/AF1QipOwtsewWO0yNWVT-yhFElq3aLwc1xjVcmi-TkE?key=cXZRbEJGTEhQa3ZIXzYyOWZQd1pQclBQRXpOMjhn\" target=\"_blank\"><img decoding=\"async\" src=\"https:\/\/lh3.googleusercontent.com\/pw\/AP1GczOzjJCI6l5niiVGNtvovtrBTLgLTK50NgQOmJ8rbda2VVpHim8CebFhDCXLGjFeK7wSr3s3p5Tl3cuJNw8REwaek90h4kxaOuxEEs1YR8rLmvxfzp6e6IngSaFfB23uRVdDhps-4HXPPvbIMK5rdrPh=w2000-h1333-s-no-gm?authuser=0\" width=\"2000\" height=\"1333\" alt=\"Presentaci\u00f3n del invitado\" class=\"size-full\" \/><\/a><figcaption class=\"wp-caption-text\">Presentaci\u00f3n del invitado<\/figcaption><\/figure>\n<h3>Proyecci\u00f3n de v\u00eddeo: Mensajes de v\u00eddeo de felicitaci\u00f3n de los vendedores<\/h3>\n<p>Hemos recibido mensajes de v\u00eddeo de felicitaci\u00f3n de empresas que manejan Kurosengoku.<\/p>\n<ol>\n<li>Quiropr\u00e1ctica Moiti (Ciudad de Sapporo)<\/li>\n<li>Tienda Daifuku, Sasaya Daifuku (Sapporo)<\/li>\n<li>Umeya Co., Ltd. (ciudad de Asahikawa)<\/li>\n<\/ol>\n<figure class=\"wp-caption aligncenter\"><a href=\"https:\/\/photos.google.com\/share\/AF1QipMgD5MhkIhssdqIZmWd3i2FTDsS9QKVgaES1nt8LBSdHUz2netPdcF254PYeewLhw\/photo\/AF1QipN24cNcKjwWnhYiRI-1TsRkbkxebX19WTXzOMA?key=cXZRbEJGTEhQa3ZIXzYyOWZQd1pQclBQRXpOMjhn\"><img decoding=\"async\" src=\"https:\/\/lh3.googleusercontent.com\/pw\/AP1GczNBlk-XqCPGuFO_LqDSGMmuq_jgKZUTOQ84SJUtsWIPrqF22ynOPYSnG52iW-mx2Wms6OuwO0Wt2FDSw0FB_nbreDVJeNEzCXJ1SiLTAVmAr1xzEpEWnv3fhGz5CPQMHvwYRrweD0hMFOM7DmSCxvbU=w2000-h1333-s-no-gm?authuser=0\" width=\"2000\" height=\"1333\" alt=\"Mensaje de felicitaci\u00f3n del propietario del negocio.\" class=\"size-full\" \/><\/a><figcaption class=\"wp-caption-text\">Mensaje de felicitaci\u00f3n del propietario del negocio.<\/figcaption><\/figure>\n<h3>Brindis: Nakamura Shoichi, presidente del Ayuntamiento de Hokuryu<\/h3>\n<figure class=\"wp-caption aligncenter\"><a href=\"https:\/\/photos.google.com\/share\/AF1QipMgD5MhkIhssdqIZmWd3i2FTDsS9QKVgaES1nt8LBSdHUz2netPdcF254PYeewLhw\/photo\/AF1QipMQqakbmDjqfh6GA-OhsUitBuIzmaX76MiS-lk?key=cXZRbEJGTEhQa3ZIXzYyOWZQd1pQclBQRXpOMjhn\" target=\"_blank\"><img decoding=\"async\" src=\"https:\/\/lh3.googleusercontent.com\/pw\/AP1GczP_Sgc1ytyEG7Sm7bvUYwo8r4pLOONH0KhRBE7j0CvTDZSagkrMGmuem49IRiEtYLmpwFMUKfntrybgUYdIv6fjdleqYnTMF8RG1lFWN9q0egxs07UJHPYMoeoD3auGktRI62ob8d4DlJcXbh8-e1GP=w2000-h1333-s-no-gm?authuser=0\" width=\"2000\" height=\"1333\" alt=\"Sr. Shoichi Nakamura, presidente del Ayuntamiento de Hokuryu\" class=\"size-full\" \/><\/a><figcaption class=\"wp-caption-text\">Sr. Shoichi Nakamura, presidente del Ayuntamiento de Hokuryu<\/figcaption><\/figure>\n<p>\u00a1Felicitaciones por el 20\u00ba aniversario de la Cooperativa Empresarial Kurosengoku!<\/p>\n<p>Durante los \u00faltimos 20 a\u00f1os, he visto el negocio de Kurosengoku luchar con constantes pruebas y errores, y a tientas. En a\u00f1os de nieve temprana, las cosechas eran dif\u00edciles, pero los productores no se dieron por vencidos y continuaron plantando, desarrollando productos de diversas maneras. Creo que lograron crear las condiciones adecuadas con la ayuda de muchas personas.<\/p>\n<p>Creo que hemos podido llegar hasta aqu\u00ed hoy gracias a la pasi\u00f3n del Presidente Takada, que super\u00f3 muchas dificultades y nunca se rindi\u00f3 hasta el final, y de todos ustedes.<\/p>\n<p>Rezo por el continuo \u00e9xito y desarrollo de la Asociaci\u00f3n de Cooperaci\u00f3n Empresarial Kurosengoku, y por la buena salud de todos ustedes, y me gustar\u00eda proponer un brindis con t\u00e9 Kurosengoku.<\/p>\n<p>Canten juntos con nosotros. \u00a1Felicitaciones por el 20.\u00ba aniversario de la fundaci\u00f3n de la Cooperativa Empresarial Kurosengoku! \u00a1Salud! Muchas gracias&quot;, dijo el presidente Nakamura.<\/p>\n<figure class=\"wp-caption aligncenter\"><a href=\"https:\/\/photos.google.com\/share\/AF1QipMgD5MhkIhssdqIZmWd3i2FTDsS9QKVgaES1nt8LBSdHUz2netPdcF254PYeewLhw\/photo\/AF1QipPYEvsY6YIGFqn3FmjjY6oFemQrx2mqwKRP5TI?key=cXZRbEJGTEhQa3ZIXzYyOWZQd1pQclBQRXpOMjhn\" target=\"_blank\"><img decoding=\"async\" src=\"https:\/\/lh3.googleusercontent.com\/pw\/AP1GczMC8SulD2h4ySxbQv6c6BOi5nSWxGWOSMdyIFeyDQR2S1DkY455qzfl3nGfKpJvft7la52P2vLyywFuWm2S6KELUPYqRHLN9FxIFzkxyTrcfQwy9GpYhUmZGUjQKQJtV0xdVi1lUjLs4vDeKynfrNBg=w2000-h1333-s-no-gm?authuser=0\" width=\"2000\" height=\"1333\" alt=\"\u00a1salud!\" class=\"size-full\" \/><\/a><figcaption class=\"wp-caption-text\">\u00a1salud!<\/figcaption><\/figure>\n<h3>Proyecci\u00f3n de un v\u00eddeo que repasa los \u00faltimos 10 a\u00f1os de la Asociaci\u00f3n Cooperativa Empresarial Kurosengoku<\/h3>\n<div class=\"youtube\"><iframe title=\"\u00a1Felicitaciones! \u00a1La Asociaci\u00f3n Cooperativa Empresarial Kurosengoku cumple 20 a\u00f1os!\" src=\"https:\/\/www.youtube.com\/embed\/w6idevs-58I?feature=oembed\" frameborder=\"0\" allow=\"accelerometer; autoplay; clipboard-write; encrypted-media; gyroscope; picture-in-picture; web-share\" referrerpolicy=\"strict-origin-when-cross-origin\" allowfullscreen><\/iframe><\/div>\n<h3>Men\u00fa del curso de cocina Kurosengoku:<br \/>\n\u00a1Producido por Mi-yan, tambi\u00e9n conocida como Kimura Mitsue!<\/h3>\n<p>Esta es una obra maestra preparada por el chef Tomokazu Maeda de Sunflower Park Hokuryu Onsen, utilizando soja Kurosengoku.<\/p>\n<figure class=\"wp-caption aligncenter\"><a href=\"https:\/\/photos.google.com\/share\/AF1QipMgD5MhkIhssdqIZmWd3i2FTDsS9QKVgaES1nt8LBSdHUz2netPdcF254PYeewLhw\/photo\/AF1QipOCz44FUfu9zZRT0nnr4mXyDFmyToDXV1lnLTs?key=cXZRbEJGTEhQa3ZIXzYyOWZQd1pQclBQRXpOMjhn\"><img decoding=\"async\" src=\"https:\/\/lh3.googleusercontent.com\/pw\/AP1GczN7XPCmzspgMJweg8SuM3QQjvOtlj5uMCZumdZxnjunjGCd2bE5TtGr1JZAsmeeJpRUXKNQF_o4IlIoP9qqyJoaVaXmGV_c_QeJ4GxEce74sE43bmAHLUA9g_5Ax42YILArBKEeq-QK4nTQd00b3Jlm=w2000-h1500-s-no-gm?authuser=0\" width=\"2000\" height=\"1500\" alt=\"Men\u00fa\" class=\"size-full\" \/><\/a><figcaption class=\"wp-caption-text\">Men\u00fa<\/figcaption><\/figure>\n<h4>Rollitos de primavera frescos de carne de soja Kurosengoku<\/h4>\n<ul>\n<li>Carne de soja Kurosengoku envuelta en siete tipos de verduras<\/li>\n<li>La salsa para mojar es aderezo de mayonesa Kurosengoku.<\/li>\n<\/ul>\n<figure class=\"wp-caption aligncenter\"><a href=\"https:\/\/photos.google.com\/share\/AF1QipMgD5MhkIhssdqIZmWd3i2FTDsS9QKVgaES1nt8LBSdHUz2netPdcF254PYeewLhw\/photo\/AF1QipOL6wjPoQQ5Nd9XbqFdwIFfK5vOu0aTcKMqwOE?key=cXZRbEJGTEhQa3ZIXzYyOWZQd1pQclBQRXpOMjhn\" target=\"_blank\"><img decoding=\"async\" src=\"https:\/\/lh3.googleusercontent.com\/pw\/AP1GczPwpEOtlvk9XxZ9gfg_za8rEoo8oDLNyye_20Xxa0WPncAMZaMC-Japy4HLyS5M4-WbgYGadMFD42p7RymkVrt6TruDE7bXScTyE28efR5lHcRyuYVYOUgEZl7i0zmmd2UZq07IDIm9HVjgPHGks9a6=w2000-h1333-s-no-gm?authuser=0\" width=\"2000\" height=\"1333\" alt=\"Rollitos de primavera frescos de carne de soja Kurosengoku\" class=\"size-full\" \/><\/a><figcaption class=\"wp-caption-text\">Rollitos de primavera frescos de carne de soja Kurosengoku<\/figcaption><\/figure>\n<h4>Sashimi variado de temporada<\/h4>\n<figure class=\"wp-caption aligncenter\"><a href=\"https:\/\/photos.google.com\/share\/AF1QipMgD5MhkIhssdqIZmWd3i2FTDsS9QKVgaES1nt8LBSdHUz2netPdcF254PYeewLhw\/photo\/AF1QipNgs9MLUTwcjdpfkYlrDEUcHwNcVGeqOp_Rpms?key=cXZRbEJGTEhQa3ZIXzYyOWZQd1pQclBQRXpOMjhn\"><img decoding=\"async\" src=\"https:\/\/lh3.googleusercontent.com\/pw\/AP1GczNlD3kB9A81BIbbihyiHei5a448jL5-qc5COznLudzYsx1bZ8b0sGccgfe-a3tcWnVNgxgrUdAYYQkpfxQp4QS6k4W-0Mu0ZW-YE2MX4RDldwjScNgPJoIe4HbWwLfo79DcNoxoDsZLYx6kO4dW5mpW=w2000-h1333-s-no-gm?authuser=0\" width=\"2000\" height=\"1333\" alt=\"Sashimi variado de temporada\" class=\"size-full\" \/><\/a><figcaption class=\"wp-caption-text\">Sashimi variado de temporada<\/figcaption><\/figure>\n<h4>De Mariscos Kurosengoku Acquapazza<\/h4>\n<ul>\n<li>Las semillas de soja Kurosengoku condimentadas se cortan y se espolvorean sobre los mariscos.<\/li>\n<\/ul>\n<figure class=\"wp-caption aligncenter\"><a href=\"https:\/\/photos.google.com\/share\/AF1QipMgD5MhkIhssdqIZmWd3i2FTDsS9QKVgaES1nt8LBSdHUz2netPdcF254PYeewLhw\/photo\/AF1QipNN37YYJd6qH7HHPrL_-lKOF0prGEY4V4SxjMo?key=cXZRbEJGTEhQa3ZIXzYyOWZQd1pQclBQRXpOMjhn\" target=\"_blank\"><img decoding=\"async\" src=\"https:\/\/lh3.googleusercontent.com\/pw\/AP1GczPYzLspSXEWzRWhIMFCtqlgiooM8-gwaR8ssJixliaVLGgcUzsNiln6CTC-K2yfhzdrR6xNw87IEJoI4Msv1CKfGapbsGDw0WbpVSzXELXCJ_-IOT-LS12xdNVp3SUwYIaby1JKFCEIrkFZBqSZiizG=w2000-h1333-s-no-gm?authuser=0\" width=\"2000\" height=\"1333\" alt=\"Mariscos Kurosengoku Acquapazza\" class=\"size-full\" \/><\/a><figcaption class=\"wp-caption-text\">Mariscos Kurosengoku Acquapazza<\/figcaption><\/figure>\n<h4>Estofado de brotes de soja Kurosengoku<\/h4>\n<ul>\n<li>Aderezo de aceite de girasol y vieiras\n<li>\n<li>Una olla caliente de brotes de soja Kurosengoku sorprendentemente largos y masticables cocidos a fuego lento con cerdo con girasol y zanahorias para shabu-shabu.<\/li>\n<\/ul>\n<figure class=\"wp-caption aligncenter\"><a href=\"https:\/\/photos.google.com\/share\/AF1QipMgD5MhkIhssdqIZmWd3i2FTDsS9QKVgaES1nt8LBSdHUz2netPdcF254PYeewLhw\/photo\/AF1QipNOSQmdbr6ngTXFqtN7oTBJLqmaFArT9hAHUvA?key=cXZRbEJGTEhQa3ZIXzYyOWZQd1pQclBQRXpOMjhn\" target=\"_blank\"><img decoding=\"async\" src=\"https:\/\/lh3.googleusercontent.com\/pw\/AP1GczNufpAG6i8VmIzGhaadqIZJBTYenQVxMSQGwBErb_sdEQgKv8FSnlDmMT-cta04RGqcXX9CXF5mOSp5iRuBFGw70HrNqPwYPOqe8gXLb8vZvL9rYW01CNkTzck1mey0ImzbXYxZRv4czaoFZd9aXOJT=w2000-h1333-s-no-gm?authuser=0\" width=\"2000\" height=\"1333\" alt=\"Estofado de brotes de soja Kurosengoku\" class=\"size-full\" \/><\/a><figcaption class=\"wp-caption-text\">Estofado de brotes de soja Kurosengoku<\/figcaption><\/figure>\n<h4>Tofu Kurosengoku Mapo<\/h4>\n<ul>\n<li>Carne de Kurosengoku dulce y picante y tofu de Kurosengoku<\/li>\n<\/ul>\n<figure class=\"wp-caption aligncenter\"><a href=\"https:\/\/photos.google.com\/share\/AF1QipMgD5MhkIhssdqIZmWd3i2FTDsS9QKVgaES1nt8LBSdHUz2netPdcF254PYeewLhw\/photo\/AF1QipOXHqaDzTPTKi72XYrkaXR6yF-w_h2AEtqO_YY?key=cXZRbEJGTEhQa3ZIXzYyOWZQd1pQclBQRXpOMjhn\"><img decoding=\"async\" src=\"https:\/\/lh3.googleusercontent.com\/pw\/AP1GczPk3XrNE7OpVVshadOHx4xXxt_QjcD1t0D4QjB0AjBcJHeSORD-xM7ORjrQP24ayfDn8fbxbYrfUYXN5NMVPnR9SDGQapAabAtpFDtF3ej4I_s9gCF5XGVBICFfT40tPw8ks4Iiq7PZ5DzMPwTD4Uvm=w2000-h1333-s-no-gm?authuser=0\" width=\"2000\" height=\"1333\" alt=\"Tofu Kurosengoku Mapo\" class=\"size-full\" \/><\/a><figcaption class=\"wp-caption-text\">Tofu Kurosengoku Mapo<\/figcaption><\/figure>\n<h4>Rollo de natto Kurosengoku<\/h4>\n<ul>\n<li>Arroz de soja kurosengoku mezclado con jengibre encurtido y semillas de s\u00e9samo, envuelto en alga nori con huevo, aguacate y hojas de shiso.<\/li>\n<li>La salsa para mojar est\u00e1 hecha con caldo de soja Kurosengoku, dos tipos de salsa de soja y kinako de soja Kurosengoku espolvoreado.<\/li>\n<\/ul>\n<figure class=\"wp-caption aligncenter\"><a href=\"https:\/\/photos.google.com\/share\/AF1QipMgD5MhkIhssdqIZmWd3i2FTDsS9QKVgaES1nt8LBSdHUz2netPdcF254PYeewLhw\/photo\/AF1QipOGe6e3WLfFWa0BqPXJS25EpO4_ZTrsk44nrn0?key=cXZRbEJGTEhQa3ZIXzYyOWZQd1pQclBQRXpOMjhn\" target=\"_blank\"><img decoding=\"async\" src=\"https:\/\/lh3.googleusercontent.com\/pw\/AP1GczMvWwvyDJ8srHcRWjEEs6kze79tKwvAbjJRP7SU_6_TPnjteJCOSE7EBE2bwF4xPY8EoQ1XdzBxUwfB3U4xC4iBhGwXc-zdruHBWbk5zF7raPnjveDN8cGMzK78Prl0ci0S3rTRSsp-bXCwpmoW2RFS=w2000-h1333-s-no-gm?authuser=0\" width=\"2000\" height=\"1333\" alt=\"Rollo de natto Kurosengoku\" class=\"size-full\" \/><\/a><figcaption class=\"wp-caption-text\">Rollo de natto Kurosengoku<\/figcaption><\/figure>\n<h4>Kurosengoku kinako udon de soja<\/h4>\n<ul>\n<li>Servido con kakiage (tempura) de soja Kurosengoku, cebollas y zanahorias.<\/li>\n<\/ul>\n<figure class=\"wp-caption aligncenter\"><a href=\"https:\/\/photos.google.com\/share\/AF1QipMgD5MhkIhssdqIZmWd3i2FTDsS9QKVgaES1nt8LBSdHUz2netPdcF254PYeewLhw\/photo\/AF1QipOGiZZc-ezXhIr7N6EQBGNHPGPR3QVBbrxYAbg?key=cXZRbEJGTEhQa3ZIXzYyOWZQd1pQclBQRXpOMjhn\" target=\"_blank\"><img decoding=\"async\" src=\"https:\/\/lh3.googleusercontent.com\/pw\/AP1GczONcZolyMxscOCW-BTIjbUp5sOiIzW-g3Paq_S7C6ZBcLYvACrIJEDR61wxCoGI8CktDoK544M5RuYe2DsDwDqTDGt_qCN1B9IBKlNfVwgZGfIm-l8K7bNUz5VM6iR9vt4_mHPrJuoD9sbj3WwOw0yj=w2000-h1333-s-no-gm?authuser=0\" width=\"2000\" height=\"1333\" alt=\"Kurosengoku kinako udon de soja\" class=\"size-full\" \/><\/a><figcaption class=\"wp-caption-text\">Kurosengoku kinako udon de soja<\/figcaption><\/figure>\n<h4>Mousse de harina de soja Kurosengoku y pastel de chif\u00f3n<\/h4>\n<ul>\n<li>Hecho con harina de soja Kurosengoku<\/li>\n<\/ul>\n<figure class=\"wp-caption aligncenter\"><a href=\"https:\/\/photos.google.com\/share\/AF1QipMgD5MhkIhssdqIZmWd3i2FTDsS9QKVgaES1nt8LBSdHUz2netPdcF254PYeewLhw\/photo\/AF1QipMi-xYpmHMfb8M0GAgI6DPNy7sX_IEUj4eNycM?key=cXZRbEJGTEhQa3ZIXzYyOWZQd1pQclBQRXpOMjhn\" target=\"_blank\"><img decoding=\"async\" src=\"https:\/\/lh3.googleusercontent.com\/pw\/AP1GczNMHXuzkE5zE8qdphxi-5ig7zJV7-YZkWToY8ZwjDhs5siMmqtsVWEeBnZknZqgLEv3wv1NcU0O7cvs2fY2Od1e0i9kR1wgWHxxpM-AHXqxYIygTSLmgFNMoQXEnXynlgVoX9oHE823HfSzd_mWeScx=w2000-h1333-s-no-gm?authuser=0\" width=\"2000\" height=\"1333\" alt=\"Mousse de harina de soja Kurosengoku y pastel de chif\u00f3n\" class=\"size-full\" \/><\/a><figcaption class=\"wp-caption-text\">Mousse de harina de soja Kurosengoku y pastel de chif\u00f3n<\/figcaption><\/figure>\n<h3>Entrevistas a los participantes<\/h3>\n<h4>Sr. Ryoji Kikura, ciudadano honorario de la ciudad de Hokuryu<\/h4>\n<figure class=\"wp-caption aligncenter\"><a href=\"https:\/\/photos.google.com\/share\/AF1QipMgD5MhkIhssdqIZmWd3i2FTDsS9QKVgaES1nt8LBSdHUz2netPdcF254PYeewLhw\/photo\/AF1QipM-QZRLuAZRKy3PIAEHrIkiSOQZ2ocDbmkKVP4?key=cXZRbEJGTEhQa3ZIXzYyOWZQd1pQclBQRXpOMjhn\" target=\"_blank\"><img decoding=\"async\" src=\"https:\/\/lh3.googleusercontent.com\/pw\/AP1GczODnoODyAwTM-h2rl1E9LCBrqjM59mr-TEcdwPFLyrMAsfjydXZ6jmMfH_iajlN0rq8l4WjORHhxylV_J-c6h84wpuJa_b8N-1lTVVlvzu0QktrxXlZaD13rlfQ1aJuArkk9rTVuyZqrtKwL3lRb7Dx=w2000-h1333-s-no-gm?authuser=0\" width=\"2000\" height=\"1333\" alt=\"Ciudadano honorario de la ciudad de Hokuryu, Sr. Ryoji Kikura\" class=\"size-full\" \/><\/a><figcaption class=\"wp-caption-text\">Ciudadano honorario de la ciudad de Hokuryu, Sr. Ryoji Kikura<\/figcaption><\/figure>\n<h4>Sr. Ken Yamazaki, productor de brotes de soja Kurosengoku<\/h4>\n<figure class=\"wp-caption aligncenter\"><a href=\"https:\/\/photos.google.com\/share\/AF1QipMgD5MhkIhssdqIZmWd3i2FTDsS9QKVgaES1nt8LBSdHUz2netPdcF254PYeewLhw\/photo\/AF1QipNtmtopDVS2eT4iMPoA7GPWL4iXJ7xH4etDWek?key=cXZRbEJGTEhQa3ZIXzYyOWZQd1pQclBQRXpOMjhn\" target=\"_blank\"><img decoding=\"async\" src=\"https:\/\/lh3.googleusercontent.com\/pw\/AP1GczNIrB5vDs6Nlh1DE-RNdAmTZ1kAlOxa7TeGrGv_N42ob8edJE-0fZsEmn39xhTQZLbYDkUfPo7uvyHpHOHhL7bsiMvo_Epgwu-Cylc6eMia7q5OrFdWWSuXPfYI0CkV5HAJmuiKq8806L6mGUF6GUPZ=w2000-h1333-s-no-gm?authuser=0\" width=\"2000\" height=\"1333\" alt=\"Sr. Ken Yamazaki, Brotes de soja Kurosengoku\" class=\"size-full\" \/><\/a><figcaption class=\"wp-caption-text\">Sr. Ken Yamazaki, Brotes de soja Kurosengoku<\/figcaption><\/figure>\n<h4>Hiroya Sakuraba, director representante, Tsuchikura Co., Ltd.<\/h4>\n<figure class=\"wp-caption aligncenter\"><a href=\"https:\/\/photos.google.com\/share\/AF1QipMgD5MhkIhssdqIZmWd3i2FTDsS9QKVgaES1nt8LBSdHUz2netPdcF254PYeewLhw\/photo\/AF1QipMXLYWSa59ZnBC1zSdx3gMKTpPMhFB11fS8vHk?key=cXZRbEJGTEhQa3ZIXzYyOWZQd1pQclBQRXpOMjhn\" target=\"_blank\"><img decoding=\"async\" src=\"https:\/\/lh3.googleusercontent.com\/pw\/AP1GczNTThJvP-TdTYev36oSq-vS-Xc7jmzhRtUJiwNYID5ZKBXbU9BcIm9s5VvOMgr8f57c48xKRYwDDcTO5fltcHrsvmf0VoXjexvKx24iH81f5OyTIAuDdLcMpcUO7YdgKDrv41yhCLmQJxLf5qDbHCZN=w2000-h1333-s-no-gm?authuser=0\" width=\"2000\" height=\"1333\" alt=\"Sr. Hiroya Sakuraba, director representante de Tsuchikura Co., Ltd.\" class=\"size-full\" \/><\/a><figcaption class=\"wp-caption-text\">Sr. Hiroya Sakuraba, director representante de Tsuchikura Co., Ltd.<\/figcaption><\/figure>\n<h4>Asesor, Takashi Sanbuichi, Asociaci\u00f3n de Cooperativas Empresariales Kurosengoku<\/h4>\n<figure class=\"wp-caption aligncenter\"><a href=\"https:\/\/photos.google.com\/share\/AF1QipMgD5MhkIhssdqIZmWd3i2FTDsS9QKVgaES1nt8LBSdHUz2netPdcF254PYeewLhw\/photo\/AF1QipPMeqDdo2gbv6zV7qPFJmgO8BAW32wMIRg3GoM?key=cXZRbEJGTEhQa3ZIXzYyOWZQd1pQclBQRXpOMjhn\" target=\"_blank\"><img decoding=\"async\" src=\"https:\/\/lh3.googleusercontent.com\/pw\/AP1GczPqnVEKuS0q4z8ylkdTMXQEAd_fn1jhbtNJKPvVP5fDTdqjJiqw1cKRAHkg2iZZ3gkKQfJWK-SFubTvccY_RKxT0bdaTVAi33Wv5yNfu6sG4acH76rHTuwXt1p3qXZDfeca1r16BuYgygAwuLBgFF2R=w2000-h1333-s-no-gm?authuser=0\" width=\"2000\" height=\"1333\" alt=\"Sr. Takashi Sambuichi, asesor de la Asociaci\u00f3n Cooperativa Empresarial Kurosengoku\" class=\"size-full\" \/><\/a><figcaption class=\"wp-caption-text\">Sr. Takashi Sambuichi, asesor de la Asociaci\u00f3n Cooperativa Empresarial Kurosengoku<\/figcaption><\/figure>\n<h4>Nakamura Food Industry Co., Ltd. Director Representante Masafumi Nakamura<\/h4>\n<figure class=\"wp-caption aligncenter\"><a href=\"https:\/\/photos.google.com\/share\/AF1QipMgD5MhkIhssdqIZmWd3i2FTDsS9QKVgaES1nt8LBSdHUz2netPdcF254PYeewLhw\/photo\/AF1QipNvQIt_Tluow6Q63nfT-XmFTqnatg_wWX8Z9tE?key=cXZRbEJGTEhQa3ZIXzYyOWZQd1pQclBQRXpOMjhn\" target=\"_blank\"><img decoding=\"async\" src=\"https:\/\/lh3.googleusercontent.com\/pw\/AP1GczPELo7wJUNUxUR7Os0iTcTfmcFrVoACr6aLO--l3L8UaoD3DI5e9sl6nP3jkwFQvSVPP_2EHU7IGWHh1XPNPjHgc2Ppii1LEjz9j0L0OFaRetMNLdzk7Ho1IAysU4P-Ds_c3fxAvm7ROAcGKwtj-dCH=w2000-h1333-s-no-gm?authuser=0\" width=\"2000\" height=\"1333\" alt=\"Nakamura Food Industry Co., Ltd. Director Representante Masafumi Nakamura\" class=\"size-full\" \/><\/a><figcaption class=\"wp-caption-text\">Nakamura Food Industry Co., Ltd. Director Representante Masafumi Nakamura<\/figcaption><\/figure>\n<h4>Noriko Takada, esposa del presidente de la Asociaci\u00f3n Cooperativa Empresarial de Kurosengoku<\/h4>\n<figure class=\"wp-caption aligncenter\"><a href=\"https:\/\/photos.google.com\/share\/AF1QipMgD5MhkIhssdqIZmWd3i2FTDsS9QKVgaES1nt8LBSdHUz2netPdcF254PYeewLhw\/photo\/AF1QipM2V0Aabdr_MsB64N9IDyszFIZHranRCUgVOiQ?key=cXZRbEJGTEhQa3ZIXzYyOWZQd1pQclBQRXpOMjhn\" target=\"_blank\"><img decoding=\"async\" src=\"https:\/\/lh3.googleusercontent.com\/pw\/AP1GczPSg5H-dwDffyFVFn48FIVi7E9-55cOmcB3Mau6sinWQ9wZG8m6xdxj19O2Qvk3jVrwEFIR3Sg68opfBRFNWXkIOPd9wGe4ybQ093UiLJ9vhWb3lEdUCwt1X5jnXIuCMsy_HaimxY0I4nC7MAlPz4em=w2000-h1333-s-no-gm?authuser=0\" width=\"2000\" height=\"1333\" alt=\"Sra. Noriko Takada, esposa del presidente de la Asociaci\u00f3n Cooperativa Empresarial de Kurosengoku\" class=\"size-full\" \/><\/a><figcaption class=\"wp-caption-text\">Sra. Noriko Takada, esposa del presidente de la Asociaci\u00f3n Cooperativa Empresarial de Kurosengoku<\/figcaption><\/figure>\n<h4>Productor: Takeyuki Kamatsuka (Shintotsukawa Town)<\/h4>\n<figure class=\"wp-caption aligncenter\"><a href=\"https:\/\/photos.google.com\/share\/AF1QipMgD5MhkIhssdqIZmWd3i2FTDsS9QKVgaES1nt8LBSdHUz2netPdcF254PYeewLhw\/photo\/AF1QipPYEmI_YqIqrRV_ekTW9bpoIhbg5bmBJ5Y-5P0?key=cXZRbEJGTEhQa3ZIXzYyOWZQd1pQclBQRXpOMjhn\" target=\"_blank\"><img decoding=\"async\" src=\"https:\/\/lh3.googleusercontent.com\/pw\/AP1GczMgkvIfq9kbeSqKeRc7TmLlk8IaJioUsi6C59A8KNGl_gDeEM-wkUnjgBOKv0EMNpviX_AEn--y97kQmSa_1HF3BC0ZwZBF2xQcR3sS_3Fkq799r9mCoBwcNzfLhbgYOJ846B8Bwr25lJLdR5mfoT-L=w2000-h1333-s-no-gm?authuser=0\" width=\"2000\" height=\"1333\" alt=\"Productor de Shintotsukawa, Takeyuki Kamatsuka\" class=\"size-full\" \/><\/a><figcaption class=\"wp-caption-text\">Productor de Shintotsukawa, Takeyuki Kamatsuka<\/figcaption><\/figure>\n<h4>Yuki Takada, director de la Asociaci\u00f3n de Cooperativas Empresariales Kurosengoku<\/h4>\n<figure class=\"wp-caption alignnone\"><a href=\"https:\/\/photos.google.com\/share\/AF1QipMgD5MhkIhssdqIZmWd3i2FTDsS9QKVgaES1nt8LBSdHUz2netPdcF254PYeewLhw\/photo\/AF1QipPCs44E6fbNnVc1Anjv9VxVl9A39m_-zOiK_uY?key=cXZRbEJGTEhQa3ZIXzYyOWZQd1pQclBQRXpOMjhn\" target=\"_blank\"><img decoding=\"async\" src=\"https:\/\/lh3.googleusercontent.com\/pw\/AP1GczN38KEYbLsHY-AnPNn4EjBvsrYci5MoIda10HsdRdue6Ndn-Jr7q7yCQw6vGK-Q1kfu1mw-C2WfAGdGGvipS28u7LcRZKdlIUigcYhHfzWhLW8Sk9kWbt9zHlIjcy3VgK2gnsQJovdVrR-vcIkxhwLw=w2000-h1333-s-no-gm?authuser=0\" width=\"2000\" height=\"1333\" alt=\"Sr. Yuki Takada, Director de la Asociaci\u00f3n de Cooperativas Empresariales Kurosengoku\" class=\"size-full\" \/><\/a><figcaption class=\"wp-caption-text\">Sr. Yuki Takada, Director de la Asociaci\u00f3n de Cooperativas Empresariales Kurosengoku<\/figcaption><\/figure>\n<h4>Tomokazu Maeda, jefe de cocina de Sunflower Park Hokuryu Onsen<\/h4>\n<figure class=\"wp-caption aligncenter\"><a href=\"https:\/\/photos.google.com\/share\/AF1QipMgD5MhkIhssdqIZmWd3i2FTDsS9QKVgaES1nt8LBSdHUz2netPdcF254PYeewLhw\/photo\/AF1QipOvUmfahbs8xhuG516-kQtUAJPKIreXJZ-nLB4?key=cXZRbEJGTEhQa3ZIXzYyOWZQd1pQclBQRXpOMjhn\" target=\"_blank\"><img decoding=\"async\" src=\"https:\/\/lh3.googleusercontent.com\/pw\/AP1GczMFZriEnUaHIRWwn_Im-jWH2qrRcXzqYKqPKb0zkYjzzUTKY4LS2Yyqj34iaFB-DFv9hFNuHPfXZTpVbN5SsJki59Wp5_Vo5qDnTGiSwEBsEaDcbEo6vlNUZ4EgArqTPur7ztvPmc7c_BpkRYum4r-S=w2000-h1333-s-no-gm?authuser=0\" width=\"2000\" height=\"1333\" alt=\"Parque Girasol Hokuryu Onsen Chef Tomokazu Maeda\" class=\"size-full\" \/><\/a><figcaption class=\"wp-caption-text\">Parque Girasol Hokuryu Onsen Chef Tomokazu Maeda<\/figcaption><\/figure>\n<p>\u00a1Muchas gracias por todos los maravillosos platos repletos de la delicia de la soja Kurosengoku!<\/p>\n<h3>banquete<\/h3>\n<figure class=\"wp-caption aligncenter\"><a href=\"https:\/\/photos.google.com\/share\/AF1QipMgD5MhkIhssdqIZmWd3i2FTDsS9QKVgaES1nt8LBSdHUz2netPdcF254PYeewLhw\/photo\/AF1QipPS3FofNTzRcpU8uoLleZSsNO8QsBMffy9_hiA?key=cXZRbEJGTEhQa3ZIXzYyOWZQd1pQclBQRXpOMjhn\" target=\"_blank\"><img decoding=\"async\" src=\"https:\/\/lh3.googleusercontent.com\/pw\/AP1GczN3_zwPOiwEI8j1ONwRYBCi55UAZyBwDaOEThmEb2X5UB9ubhv4Vxyj3M5JzvBbx_8B4KlG6LwMkBPSDohaYVbg3B7I94ggs40r-aYuscssBp1kJdBhlh-NKrXs5Glvm-A-TcKSZ5kXcQeY0nXgnELp=w2000-h1333-s-no-gm?authuser=0\" width=\"2000\" height=\"1333\" alt=\"\u00a1Con gratitud!\" class=\"size-full\" \/><\/a><figcaption class=\"wp-caption-text\">\u00a1Con gratitud!<\/figcaption><\/figure>\n<figure class=\"wp-caption aligncenter\"><a href=\"https:\/\/photos.google.com\/u\/1\/share\/AF1QipMgD5MhkIhssdqIZmWd3i2FTDsS9QKVgaES1nt8LBSdHUz2netPdcF254PYeewLhw\/photo\/AF1QipNFltqJ3ghSFV3L9sp0hH9iD9e32Qz7lvEoZwY?key=cXZRbEJGTEhQa3ZIXzYyOWZQd1pQclBQRXpOMjhn\" target=\"_blank\"><img decoding=\"async\" src=\"https:\/\/lh3.googleusercontent.com\/pw\/AP1GczNrsZIOYfUerD0Fiq8mJYEjv4j9qEcvhCvvHP7d8eMIi3PczjXvJYnWh6foGSVso3B5vXdsTt3z7p3ntr7DT7z7FZPG57AhUsVbKfUrLVtxyXbnw7LD6iVM6aPgn2h5IR3iDxtpsuu4rClWvxY2sJWF=w2000-h1333-s-no-gm?authuser=1\" width=\"2000\" height=\"1333\" alt=\"\u00a1El popular hot pot de brotes de soja Kurosengoku!\" class=\"size-full\" \/><\/a><figcaption class=\"wp-caption-text\">\u00a1El popular hot pot de brotes de soja Kurosengoku!<\/figcaption><\/figure>\n<figure class=\"wp-caption aligncenter\"><a href=\"https:\/\/photos.google.com\/share\/AF1QipMgD5MhkIhssdqIZmWd3i2FTDsS9QKVgaES1nt8LBSdHUz2netPdcF254PYeewLhw\/photo\/AF1QipP9s8_FJkpOfRvgQM9s8ab2iZz3XJ5LZbFqExo?key=cXZRbEJGTEhQa3ZIXzYyOWZQd1pQclBQRXpOMjhn\" target=\"_blank\"><img decoding=\"async\" src=\"https:\/\/lh3.googleusercontent.com\/pw\/AP1GczN331HNoNzYTXFWavovyZpHcc2-zRLVSyTavDWnDs_OC4-Pu0n79PoLXhETrUsSiLkOU9iWLKmFDSHTqeXcclo07Mnbet6tKU__3VUp43C0POLmbibSza4GgCnli89HOQzJ-XiVLTJTRtvv05tqMPdh=w2000-h1333-s-no-gm?authuser=0\" width=\"2000\" height=\"1333\" alt=\"El ambiente era agradable...\" class=\"size-full\" \/><\/a><figcaption class=\"wp-caption-text\">El ambiente era agradable...<\/figcaption><\/figure>\n<figure class=\"wp-caption aligncenter\"><a href=\"https:\/\/photos.google.com\/share\/AF1QipMgD5MhkIhssdqIZmWd3i2FTDsS9QKVgaES1nt8LBSdHUz2netPdcF254PYeewLhw\/photo\/AF1QipMfKZp6HkMSh3tjw9O_SchLrARlTY6YSSi6q9E?key=cXZRbEJGTEhQa3ZIXzYyOWZQd1pQclBQRXpOMjhn\" target=\"_blank\"><img decoding=\"async\" src=\"https:\/\/lh3.googleusercontent.com\/pw\/AP1GczPcZ2ynJ7Bx7xfFdaN7YY-bTOE6lf-CPilQgieh8zXIyQQo4W6w8WrhQTa76Z7l6X6KvC2HWba__GnYumTVid_p0W4XPGX24L0fui8DZHJX7eitcSEW3WNfNXZShi6jcloBOxOL1U63jcrd0PMIp9FS=w2000-h1333-s-no-gm?authuser=0\" width=\"2000\" height=\"1333\" alt=\"La conversaci\u00f3n estuvo animada...\" class=\"size-full\" \/><\/a><figcaption class=\"wp-caption-text\">La conversaci\u00f3n estuvo animada...<\/figcaption><\/figure>\n<figure class=\"wp-caption aligncenter\"><a href=\"https:\/\/photos.google.com\/share\/AF1QipMgD5MhkIhssdqIZmWd3i2FTDsS9QKVgaES1nt8LBSdHUz2netPdcF254PYeewLhw\/photo\/AF1QipNgQg8atQzkPB-Pf1lxjMK-n2WWLx-ULLw2_2M?key=cXZRbEJGTEhQa3ZIXzYyOWZQd1pQclBQRXpOMjhn\" target=\"_blank\"><img decoding=\"async\" src=\"https:\/\/lh3.googleusercontent.com\/pw\/AP1GczN4lJSsj_mBInxLUEqX5guuCqoGUkHfpkpQmp82lPSNdJwZHm2G4KYn8i8Pip2WmSFSMAvFrVmgYUQRUaf41744cgpcP-1hsS56XPfauaK9fVr6nuSNUjgI6w-fA7QJxVZlAijDdG3Ef0zlWwi293Zi=w2000-h1333-s-no-gm?authuser=0\" width=\"2000\" height=\"1333\" alt=\"Hay mucho de qu\u00e9 hablar...\" class=\"size-full\" \/><\/a><figcaption class=\"wp-caption-text\">Hay mucho de qu\u00e9 hablar...<\/figcaption><\/figure>\n<figure class=\"wp-caption aligncenter\"><a href=\"https:\/\/photos.google.com\/share\/AF1QipMgD5MhkIhssdqIZmWd3i2FTDsS9QKVgaES1nt8LBSdHUz2netPdcF254PYeewLhw\/photo\/AF1QipO1oUVhK4RW1W_Y_WKLJeWQsy2-fuItZ3fwoY0?key=cXZRbEJGTEhQa3ZIXzYyOWZQd1pQclBQRXpOMjhn\" target=\"_blank\"><img decoding=\"async\" src=\"https:\/\/lh3.googleusercontent.com\/pw\/AP1GczMkMTypcA-jAgi5Mt-F5ZwVQS_4YKO0tRMrge3SVGsP7gw552-LY6n0hr9EulPIvsfFIcPF48yGzNVITRfcTfRqci3EDhU8mUxvJ1YYBVsGtfCE-ytLCumy3NKDMyBziJsfygF_icz0oyq13gv3Rg4c=w2000-h1333-s-no-gm?authuser=0\" width=\"2000\" height=\"1333\" alt=\"Se intercambiaron conversaciones divertidas...\" class=\"size-full\" \/><\/a><figcaption class=\"wp-caption-text\">Se intercambiaron conversaciones divertidas...<\/figcaption><\/figure>\n<figure class=\"wp-caption aligncenter\"><a href=\"https:\/\/photos.google.com\/share\/AF1QipMgD5MhkIhssdqIZmWd3i2FTDsS9QKVgaES1nt8LBSdHUz2netPdcF254PYeewLhw\/photo\/AF1QipMFnLB56LG9X2A4A03bIQzITSO9l0zAlt_vis4?key=cXZRbEJGTEhQa3ZIXzYyOWZQd1pQclBQRXpOMjhn\" target=\"_blank\"><img decoding=\"async\" src=\"https:\/\/lh3.googleusercontent.com\/pw\/AP1GczO5qLpumIHqw7tkfhVDBAfzxZjMQ7WAUeHCK3CGmRIIMNtjTk3FfiLm4ybLjYbLFVOtAbq2fXnIvZHRnFDq3lpF24g8-yhpawWzwkKcVPR8x0Mnpjn2-8YjGpMA1MTc2Vkcy4s6DXReKdPVhvvBlz3S=w2000-h1333-s-no-gm?authuser=0\" width=\"2000\" height=\"1333\" alt=\"En medio de un gran \u00e9xito...\" class=\"size-full\" \/><\/a><figcaption class=\"wp-caption-text\">En medio de un gran \u00e9xito...<\/figcaption><\/figure>\n<figure class=\"wp-caption alignnone\"><a href=\"https:\/\/photos.google.com\/share\/AF1QipMgD5MhkIhssdqIZmWd3i2FTDsS9QKVgaES1nt8LBSdHUz2netPdcF254PYeewLhw\/photo\/AF1QipMAENabF4pGuNFsL5l0oCAwg7lwCW6ttfZ9plI?key=cXZRbEJGTEhQa3ZIXzYyOWZQd1pQclBQRXpOMjhn\" target=\"_blank\"><img decoding=\"async\" src=\"https:\/\/lh3.googleusercontent.com\/pw\/AP1GczOEQ4rqd1ayg4HcC0hAZHW3o-ct0z1Ab5UZhw2hxPHGlu491D6hWzZkgSHkeokN-0brJ0rs0CNgvQQXXmWw5lHCATOWhHd4NCVsKKgwNSrhsB-ZgzMRPR8pCx3fCqvQp_R5motBX9-V4jGE0N-dMHZb=w2000-h1500-s-no-gm?authuser=0\" width=\"2000\" height=\"1500\" alt=\"Con todo el personal...\" class=\"size-full\" \/><\/a><figcaption class=\"wp-caption-text\">Con todo el personal...<\/figcaption><\/figure>\n<h3>Tres hurras: Asociaci\u00f3n Cooperativa Agr\u00edcola de Kitasorachi, Minoru Nagai, Director Representante del Distrito de Hokuryu<\/h3>\n<figure class=\"wp-caption aligncenter\"><a href=\"https:\/\/photos.google.com\/share\/AF1QipMgD5MhkIhssdqIZmWd3i2FTDsS9QKVgaES1nt8LBSdHUz2netPdcF254PYeewLhw\/photo\/AF1QipPZAffjAVxvrSQ7ih-5HOBk3Wd4EfC6xtMs1pg?key=cXZRbEJGTEhQa3ZIXzYyOWZQd1pQclBQRXpOMjhn\" target=\"_blank\"><img decoding=\"async\" src=\"https:\/\/lh3.googleusercontent.com\/pw\/AP1GczP6lZva8L2MQoYRiNopWnJYjTyuUOFfnQxMzfLInLwVymbfdlcFEF77nUDmoRLrLqeTfeG9ZfFwe9E1GrWRoeHoTQsFn1QzDWRnR7n4EBjLxKYrnKYKspFhntaAtS2Wzf7JjgiTA_zu7_WMteZjXhmy=w2000-h1333-s-no-gm?authuser=0\" width=\"2000\" height=\"1333\" alt=\"Sr. Minoru Nagai, Director Representante de la Cooperativa Agr\u00edcola Kitasorachi, Distrito de Hokuryu\" class=\"size-full\" \/><\/a><figcaption class=\"wp-caption-text\">Sr. Minoru Nagai, Director Representante de la Cooperativa Agr\u00edcola Kitasorachi, Distrito de Hokuryu<\/figcaption><\/figure>\n<p>Como productor, llevo 20 a\u00f1os cultivando soja Kurosengoku. Mi principal motivaci\u00f3n para cultivarla es que es beneficiosa para la salud. He continuado durante 20 a\u00f1os con el deseo de ofrecer a los consumidores algo delicioso y saludable.<\/p>\n<p>Tuvimos muchas dificultades, como por ejemplo los cultivos aplastados por la nieve, pero creo que el hecho de que hayamos podido continuar durante 20 a\u00f1os es el resultado del duro trabajo del presidente Takada, de los dem\u00e1s ejecutivos y de todos los productores.<\/p>\n<p>Creo que nuestro papel como productores es continuar con esta iniciativa durante los pr\u00f3ximos 10 o 20 a\u00f1os y ofrecer mejores productos a los consumidores. Espero que sigamos trabajando juntos para ofrecer mejores productos a todo Jap\u00f3n, y quiero concluir el evento con un brindis, dese\u00e1ndoles a todos los participantes buena salud y felicidad.<\/p>\n<p>&quot;\u00a1Viva! \u00a1Viva! \u00a1Viva! \u00a1Muchas gracias a la Asociaci\u00f3n Cooperativa Empresarial de Kurosengoku!&quot;, exclam\u00f3 Nagai, director representante del distrito.<\/p>\n<figure class=\"wp-caption aligncenter\"><a href=\"https:\/\/photos.google.com\/share\/AF1QipMgD5MhkIhssdqIZmWd3i2FTDsS9QKVgaES1nt8LBSdHUz2netPdcF254PYeewLhw\/photo\/AF1QipOJZHsgSa00m64aMfkx1Ai_9ctw8LQoMSuHJjk?key=cXZRbEJGTEhQa3ZIXzYyOWZQd1pQclBQRXpOMjhn\" target=\"_blank\"><img decoding=\"async\" src=\"https:\/\/lh3.googleusercontent.com\/pw\/AP1GczNbH4gcuMy3A0wDAAPXfJfcIfPxyrVvhP9lPUJ-MtuWeeyEKFVybWv-i5wZAeJbu6xXGsPKFoQMy3Xs4z0uMJWIdy55jCc_j69xd0hslEbWsZDmMDVn0QnjVMShRiGFd92HGY-_S4Q1BlUqlVZalGtp=w2000-h1333-s-no-gm?authuser=0\" width=\"2000\" height=\"1333\" alt=\"\u00a1\u00a1\u00a1Tres hurras!!!\" class=\"size-full\" \/><\/a><figcaption class=\"wp-caption-text\">\u00a1\u00a1\u00a1Tres hurras!!!<\/figcaption><\/figure>\n<h3>Despidi\u00e9ndose de todos<\/h3>\n<figure class=\"wp-caption aligncenter\"><a href=\"https:\/\/photos.google.com\/share\/AF1QipMgD5MhkIhssdqIZmWd3i2FTDsS9QKVgaES1nt8LBSdHUz2netPdcF254PYeewLhw\/photo\/AF1QipOvyhEOISQWlKYltxq68jAIxKNmN6eaB2ZsYKc?key=cXZRbEJGTEhQa3ZIXzYyOWZQd1pQclBQRXpOMjhn\" target=\"_blank\"><img decoding=\"async\" src=\"https:\/\/lh3.googleusercontent.com\/pw\/AP1GczOyTmwgdnMUOPSE9gHLJRgz-K-ND5IwpBlJvpuF7TYWaUcF3F7Os4k_ohVgnqH2H9CKEU6VtiK4rgNt6Ww6CRlHNhW8LRqsKye68gtsl40bjr7F-JhGOEHGdrYSEnYrAWk79_MQbFKjvw9oVRzpLMk6=w2000-h1500-s-no-gm?authuser=0\" width=\"2000\" height=\"1500\" alt=\"Despidi\u00e9ndose\" class=\"size-full\" \/><\/a><figcaption class=\"wp-caption-text\">Despidi\u00e9ndose<\/figcaption><\/figure>\n<figure class=\"wp-caption aligncenter\"><a href=\"https:\/\/photos.google.com\/share\/AF1QipMgD5MhkIhssdqIZmWd3i2FTDsS9QKVgaES1nt8LBSdHUz2netPdcF254PYeewLhw\/photo\/AF1QipP7RalyELi4USwZrswco5IkC4p_192ZF4kBECg?key=cXZRbEJGTEhQa3ZIXzYyOWZQd1pQclBQRXpOMjhn\" target=\"_blank\"><img decoding=\"async\" src=\"https:\/\/lh3.googleusercontent.com\/pw\/AP1GczPlO6odaEhK5LsAYwOpLwyB3dhWNA9iqax4u-rBG5dgY7LByvIowkC2xsHnrJyzm7S5PbCiqmHhQwJjI7l_-LGdSa6ul78kq2Nq9z-7iWXh0YztbIovSNBdogrsx6uJPsxGQisvJ4Gch5F-HL4kYX5S=w2000-h1500-s-no-gm?authuser=0\" width=\"2000\" height=\"1500\" alt=\"Despidi\u00e9ndose\" class=\"size-full\" \/><\/a><figcaption class=\"wp-caption-text\">Despidi\u00e9ndose<\/figcaption><\/figure>\n<h3>Fotograf\u00eda conmemorativa de ejecutivos y empleados.<\/h3>\n<figure class=\"wp-caption aligncenter\"><a href=\"https:\/\/photos.google.com\/share\/AF1QipMgD5MhkIhssdqIZmWd3i2FTDsS9QKVgaES1nt8LBSdHUz2netPdcF254PYeewLhw\/photo\/AF1QipPMpvnow48OtRnfoBq-8gr3NuDLxZ2ba0Yn1qY?key=cXZRbEJGTEhQa3ZIXzYyOWZQd1pQclBQRXpOMjhn\" target=\"_blank\"><img decoding=\"async\" src=\"https:\/\/lh3.googleusercontent.com\/pw\/AP1GczMoZcOZIhcHAzy1Uo2fQQBSRlZjNjiYccVNfEVB1b1FCZCef5qw9ec4SvSowIs9NkZIzg002FTdrn2_DZc0eXQ6lEtQX1oC0MpYJaGV1H4gnMqC8uSNui42GQ-F_xLTxbYPTwq5nr43cvcIWqbkX8dr=w2000-h1333-s-no-gm?authuser=0\" width=\"2000\" height=\"1333\" alt=\"Familia Takada\" class=\"size-full\" \/><\/a><figcaption class=\"wp-caption-text\">Familia Takada<\/figcaption><\/figure>\n<figure class=\"wp-caption aligncenter\"><a href=\"https:\/\/photos.google.com\/share\/AF1QipMgD5MhkIhssdqIZmWd3i2FTDsS9QKVgaES1nt8LBSdHUz2netPdcF254PYeewLhw\/photo\/AF1QipMZLRoLpwaSE7y8so3tIb2JfSCkkjxV2Td32a0?key=cXZRbEJGTEhQa3ZIXzYyOWZQd1pQclBQRXpOMjhn\" target=\"_blank\"><img decoding=\"async\" src=\"https:\/\/lh3.googleusercontent.com\/pw\/AP1GczMX65ic212djlqENWd-ydiZKImG35pEiDbgs_Ohdyz7SaxSR3flijU5W6T0IK33E06qKaYa-9r1QlhdTs4iTZPs_fLxWfZMHOZx1GbPstEXXyKBIdyjhfb5TPT7zDZUHw9RiD5Vh1rHxJy6PMsTO-DG=w2000-h1333-s-no-gm?authuser=0\" width=\"2000\" height=\"1333\" alt=\"\u00a1Con todo el personal!\" class=\"size-full\" \/><\/a><figcaption class=\"wp-caption-text\">\u00a1Con todo el personal!<\/figcaption><\/figure>\n<figure class=\"wp-caption aligncenter\"><a href=\"https:\/\/photos.google.com\/share\/AF1QipMgD5MhkIhssdqIZmWd3i2FTDsS9QKVgaES1nt8LBSdHUz2netPdcF254PYeewLhw\/photo\/AF1QipN84SVdQuhvcCsqEn5JV6aJFSfU-l_ZtU-a5n8?key=cXZRbEJGTEhQa3ZIXzYyOWZQd1pQclBQRXpOMjhn\"><img decoding=\"async\" src=\"https:\/\/lh3.googleusercontent.com\/pw\/AP1GczPYLyi6YvQh0g8DaDuWvzridsVq6WtdqGsvN9tH5aBXhkBIuHDEPAxYjr4MIRx15GvrP2pvFmMagNInUq6gsm-1KR4i7fVJKdPdN0Io_yPH_0L4HsLh5S6CPJy1PkVleaeJ1aRCGJg4katu1z8AZhw3=w2000-h1333-s-no-gm?authuser=0\" width=\"2000\" height=\"1333\" alt=\"\u00a1Junto con Mi-yan!\" class=\"size-full\" \/><\/a><figcaption class=\"wp-caption-text\">\u00a1Junto con Mi-yan!<\/figcaption><\/figure>\n<h3>Recuerdos de Kurosengoku<\/h3>\n<figure class=\"wp-caption aligncenter\"><a href=\"https:\/\/photos.google.com\/share\/AF1QipMgD5MhkIhssdqIZmWd3i2FTDsS9QKVgaES1nt8LBSdHUz2netPdcF254PYeewLhw\/photo\/AF1QipOt4svd0Nnp_6RW8W1L4TUcKrVtrpN70JRrvoc?key=cXZRbEJGTEhQa3ZIXzYyOWZQd1pQclBQRXpOMjhn\" target=\"_blank\"><img decoding=\"async\" src=\"https:\/\/lh3.googleusercontent.com\/pw\/AP1GczMAJqRgJRCX-Dvjxc-eglTIwks3YTcDwMLcLJ8rTgm_Njet2bplX0r6UGUVXEGIfeqVf5UpZo-PBOf-5IWDfZczA_tc1LvjYS8eg012JD3POAuuOGwuUnYiPd8bz9QX68r38aqYSuugkrZ4WW1_ze8z=w2000-h1333-s-no-gm?authuser=0\" width=\"2000\" height=\"1333\" alt=\"Revista de recuerdos y 20 aniversario\" class=\"size-full\" \/><\/a><figcaption class=\"wp-caption-text\">Revista de recuerdos y 20 aniversario<\/figcaption><\/figure>\n<figure class=\"wp-caption aligncenter\"><a href=\"https:\/\/photos.google.com\/share\/AF1QipMgD5MhkIhssdqIZmWd3i2FTDsS9QKVgaES1nt8LBSdHUz2netPdcF254PYeewLhw\/photo\/AF1QipNPqy1N5jvz-sTr-Yytlgy4FAmpsltkt-adEtE?key=cXZRbEJGTEhQa3ZIXzYyOWZQd1pQclBQRXpOMjhn\" target=\"_blank\"><img decoding=\"async\" src=\"https:\/\/lh3.googleusercontent.com\/pw\/AP1GczOjVqVyNWQl3MiR924-hMpwOs4fwROF3C65FVUXUA1rHV8nZZBR-bGz3Ggh83ja0EgwpVkamYO88uKMDmZhHbP_WCbKU5WKsnJPQ89mEVan7ghC79rJE_KgZ-Bt4v-XWO-qHDszqvhRuiR_pLj6vlb2=w2000-h1500-s-no-gm?authuser=0\" width=\"2000\" height=\"1500\" alt=\"Una variedad de souvenirs\" class=\"size-full\" \/><\/a><figcaption class=\"wp-caption-text\">Una variedad de souvenirs<\/figcaption><\/figure>\n<p>El esp\u00edritu apasionado de los productores de soja Kurosengoku se ha transmitido durante m\u00e1s de 20 a\u00f1os, y los minoristas que aceptan todo esto y entregan soja Kurosengoku segura, protegida, nutritiva y deliciosa a tantos consumidores como sea posible...<\/p>\n<p>Nuestro profundo afecto por la soja Kurosengoku resuena con una gran energ\u00eda que se extiende para siempre, y expresamos nuestro amor ilimitado, gratitud y oraciones al inmenso poder de la peque\u00f1a soja Kurosengoku, que puede considerarse un microcosmos...<\/p>\n<figure class=\"wp-caption aligncenter\"><a href=\"https:\/\/photos.google.com\/share\/AF1QipMgD5MhkIhssdqIZmWd3i2FTDsS9QKVgaES1nt8LBSdHUz2netPdcF254PYeewLhw\/photo\/AF1QipOqNCb_RHrhb_Dz2Mo91wRqwQRAQPKsDGVxeec?key=cXZRbEJGTEhQa3ZIXzYyOWZQd1pQclBQRXpOMjhn\" target=\"_blank\"><img decoding=\"async\" src=\"https:\/\/lh3.googleusercontent.com\/pw\/AP1GczPll3kv2Q7neOzYK4H0ir2C_YPksVGNOasGuhCR58dMbqwUbGUXf6zAKCpTioqFfNRofXfLPUbfYmtDx0uR0CvmdUtYq-zZjVbw46s8X1xC7oYh-FlARhMpttjV7tCxfm5raK3fauNzwhUhJiDpU4DK=w2000-h1500-s-no-gm?authuser=0\" width=\"2000\" height=\"1500\" alt=\"Nuestro profundo amor por la soja Kurosengoku resuena en nosotros y expresamos nuestra gratitud por la gran energ\u00eda que contin\u00faa propag\u00e1ndose por siempre.\" class=\"size-full\" \/><\/a><figcaption class=\"wp-caption-text\">Nuestro profundo amor por la soja Kurosengoku resuena en nosotros y expresamos nuestra gratitud por la gran energ\u00eda que contin\u00faa propag\u00e1ndose por siempre.<\/figcaption><\/figure>\n<h2>V\u00eddeos de YouTube<\/h2>\n<div class=\"youtube\"><iframe title=\"Celebraci\u00f3n del 20\u00ba aniversario de la Asociaci\u00f3n Cooperativa Empresarial Kurosengoku 2025: \u00a1Con gratitud por el enorme poder del peque\u00f1o Kurosengoku, que se puede decir que es un microcosmos!\" src=\"https:\/\/www.youtube.com\/embed\/Ip7irSmwrHY?feature=oembed\" frameborder=\"0\" allow=\"accelerometer; autoplay; clipboard-write; encrypted-media; gyroscope; picture-in-picture; web-share\" referrerpolicy=\"strict-origin-when-cross-origin\" allowfullscreen><\/iframe><\/div>\n<h2>Otras fotos<\/h2>\n<div class=\"img-move\"><img decoding=\"async\" style=\"vertical-align: middle;\" src=\"https:\/\/ehokkaido.net\/wp-content\/uploads\/2021\/12\/2021-12-06-11.41.12.png\" \/> <a href=\"https:\/\/photos.app.goo.gl\/X6yAc4qqp1wAXrst5\" target=\"_blank\" rel=\"noopener noreferrer\">Las fotos (255 fotos) de la celebraci\u00f3n del 20.\u00ba aniversario de la Asociaci\u00f3n Cooperativa Empresarial Kurosengoku 2025 est\u00e1n aqu\u00ed &gt;&gt;<\/a><\/div>\n<h2>Art\u00edculos relacionados<\/h2>\n\n        <div class=\"site-blogcard-premium\">\n            <div class=\"bc-label-custom\">Art\u00edculos relacionados<\/div>\n            <div class=\"bc-flex-container\">\n                <div class=\"bc-main-text\">\n                    <div class=\"bc-title-link-box\">\n                        <a href=\"https:\/\/portal.hokuryu.info\/es\/56509\/\" target=\"_blank\">https:\/\/portal.hokuryu.info\/56509<\/a>\n                    <\/div>\n                    <div class=\"bc-excerpt-box\">No se puede recuperar la informaci\u00f3n de la p\u00e1gina.<\/div>\n                <\/div>\n                <div class=\"bc-thumbnail-box\">\n                    <a href=\"https:\/\/portal.hokuryu.info\/es\/56509\/\" target=\"_blank\">\n                        <div class=\"bc-img-zoom-wrap\">\n                            <img decoding=\"async\" src=\"https:\/\/portal.hokuryu.info\/wp\/wp-content\/uploads\/2026\/02\/20230802DSC06445_1.jpg\" alt=\"https:\/\/portal.hokuryu.info\/56509\">\n                        <\/div>\n                    <\/a>\n                <\/div>\n            <\/div>\n        <\/div>\n\n        <div class=\"site-blogcard-premium\">\n            <div class=\"bc-label-custom\">Art\u00edculos relacionados<\/div>\n            <div class=\"bc-flex-container\">\n                <div class=\"bc-main-text\">\n                    <div class=\"bc-title-link-box\">\n                        <a href=\"https:\/\/portal.hokuryu.info\/es\/topics\/agri\/20150323.html\/\" target=\"_blank\">Celebraci\u00f3n del d\u00e9cimo aniversario de la Asociaci\u00f3n Cooperativa Empresarial Kurosengoku: todos compartimos la alegr\u00eda - Portal de la ciudad de Hokuryu (Hokkaido): el pueblo de girasoles n\u00famero 1 de Jap\u00f3n<\/a>\n                    <\/div>\n                    <div class=\"bc-excerpt-box\">Les presentamos el presente de una ciudad vibrante con una poblaci\u00f3n de 2100 habitantes y una tasa de envejecimiento de 40%. Como girasoles, las familias viven en armon\u00eda...<\/div>\n                <\/div>\n                <div class=\"bc-thumbnail-box\">\n                    <a href=\"https:\/\/portal.hokuryu.info\/es\/topics\/agri\/20150323.html\/\" target=\"_blank\">\n                        <div class=\"bc-img-zoom-wrap\">\n                            <img decoding=\"async\" src=\"https:\/\/lh6.googleusercontent.com\/-0QPTDRv9klk\/VQqI7a2QPTI\/AAAAAAABt1w\/bvv6QGnRBYg\/w1270-h841-no\/K5%2B77636\" alt=\"Celebraci\u00f3n del d\u00e9cimo aniversario de la Asociaci\u00f3n Cooperativa Empresarial Kurosengoku: todos compartimos la alegr\u00eda - Portal de la ciudad de Hokuryu (Hokkaido): el pueblo de girasoles n\u00famero 1 de Jap\u00f3n\">\n                        <\/div>\n                    <\/a>\n                <\/div>\n            <\/div>\n        <\/div>\n\u3000<br \/>\n\n        <div class=\"site-blogcard-premium\">\n            <div class=\"bc-label-custom\">Art\u00edculos relacionados<\/div>\n            <div class=\"bc-flex-container\">\n                <div class=\"bc-main-text\">\n                    <div class=\"bc-title-link-box\">\n                        <a href=\"https:\/\/portal.hokuryu.info\/es\/56479\/\" target=\"_blank\">https:\/\/portal.hokuryu.info\/56479<\/a>\n                    <\/div>\n                    <div class=\"bc-excerpt-box\">No se puede recuperar la informaci\u00f3n de la p\u00e1gina.<\/div>\n                <\/div>\n                <div class=\"bc-thumbnail-box\">\n                    <a href=\"https:\/\/portal.hokuryu.info\/es\/56479\/\" target=\"_blank\">\n                        <div class=\"bc-img-zoom-wrap\">\n                            <img decoding=\"async\" src=\"https:\/\/portal.hokuryu.info\/wp\/wp-content\/uploads\/2026\/02\/20230802DSC06445_1.jpg\" alt=\"https:\/\/portal.hokuryu.info\/56479\">\n                        <\/div>\n                    <\/a>\n                <\/div>\n            <\/div>\n        <\/div>\n\n        <div class=\"site-blogcard-premium\">\n            <div class=\"bc-label-custom\">Art\u00edculos relacionados<\/div>\n            <div class=\"bc-flex-container\">\n                <div class=\"bc-main-text\">\n                    <div class=\"bc-title-link-box\">\n                        <a href=\"https:\/\/portal.hokuryu.info\/es\/56371\/\" target=\"_blank\">https:\/\/portal.hokuryu.info\/56371<\/a>\n                    <\/div>\n                    <div class=\"bc-excerpt-box\">No se puede recuperar la informaci\u00f3n de la p\u00e1gina.<\/div>\n                <\/div>\n                <div class=\"bc-thumbnail-box\">\n                    <a href=\"https:\/\/portal.hokuryu.info\/es\/56371\/\" target=\"_blank\">\n                        <div class=\"bc-img-zoom-wrap\">\n                            <img decoding=\"async\" src=\"https:\/\/portal.hokuryu.info\/wp\/wp-content\/uploads\/2026\/02\/20230802DSC06445_1.jpg\" alt=\"https:\/\/portal.hokuryu.info\/56371\">\n                        <\/div>\n                    <\/a>\n                <\/div>\n            <\/div>\n        <\/div>\n\u3000<\/p>\n<div class=\"img-move\">\n<div class=\"sitecard\">\n<div class=\"sitecard__subtitle\"> Tienda en l\u00ednea de la Asociaci\u00f3n Cooperativa Empresarial Kurosengoku<\/div>\n<div class=\"column column-273\">\n<div class=\"column__item\"><span style=\"font-size:medium\">La soja Kurosengoku es dulce y de sabor intenso, y se caracteriza por su piel negra y pulpa verde. \u00a1Son superalimentos peque\u00f1os y nutricionalmente equilibrados!<\/span><br \/>\n<span style=\"color: #ff9900\">\u25b6<\/span> <a href=\"https:\/\/kurosengoku.or.jp\/\" target=\"_blank\" rel=\"noopener\"><b style=\"font-size:large\">Asociaci\u00f3n Cooperativa Empresarial Kurosengoku Tienda en l\u00ednea de gesti\u00f3n directa &gt;&gt;<\/b><\/div>\n<div class=\"column__item\"><img decoding=\"async\" src=\"https:\/\/lh3.googleusercontent.com\/pw\/AM-JKLWNWJFImAmp1PfKwfI58vH_sLgmN8vbY-5K81_DP6Xx1z43KsaIhYalSkj00KRHHCX0P9g69a7fX48J-2WzJBy-pPG5DkIHYkDILY8I4eOL-HGXiW8twsF91oVVPPW_kRFu2FRKL4Plfohni5Y52bLIeQ=w438-h382-no?authuser=0\" alt=\"Asociaci\u00f3n Cooperativa Empresarial Kurosengoku\" \/><\/a><\/div>\n<\/div>\n<\/div>\n<\/div>\n\n\u3000<br \/>\n\u25c7 Entrevista y texto: Ikuko Terauchi (Asistencia de fotograf\u00eda y edici\u00f3n: Noboru Terauchi)<\/p>","protected":false},"excerpt":{"rendered":"<p>\uff12\uff10\uff12\uff15\u5e74\uff13\u6708\uff11\uff12\u65e5\uff08\u6c34\uff09 \u4ee4\u548c\uff17\u5e74\uff13\u6708\uff18\u65e5\uff08\u571f\uff09\uff11\uff14\u6642\u3088\u308a\u3001\u30b5\u30f3\u30d5\u30e9\u30ef\u30fc\u30d1\u30fc\u30af\u5317\u7adc\u6e29\u6cc9\u306b\u3066\u3001\u9ed2\u5343\u77f3\u4e8b\u696d\u5354\u540c\u7d44\u5408\u5275\u7acb\uff12\uff10\u5468\u5e74\u8a18\u5ff5\u795d\u8cc0\u4f1a\u304c\u958b\u50ac\u3055\u308c\u307e\u3057\u305f\u3002 \u9ed2\u5343\u77f3\u4e8b\u696d\u5354\u540c\u7d44\u5408\u5275\u7acb\uff12\uff10\u5468\u5e74\u8a18\u5ff5\u795d\u8cc0\u4f1a \u9053\u5185 [&hellip;]<\/p>\n","protected":false},"author":1,"featured_media":56453,"comment_status":"open","ping_status":"open","sticky":false,"template":"","format":"standard","meta":{"footnotes":""},"categories":[4,102,75,9],"tags":[],"class_list":["post-56401","post","type-post","status-publish","format-standard","has-post-thumbnail","hentry","category-cover-story","category-kurosengoku_bean","category-sasaki-yasuhiro-mayor","category-kurosengoku"],"_links":{"self":[{"href":"https:\/\/portal.hokuryu.info\/es\/wp-json\/wp\/v2\/posts\/56401","targetHints":{"allow":["GET"]}}],"collection":[{"href":"https:\/\/portal.hokuryu.info\/es\/wp-json\/wp\/v2\/posts"}],"about":[{"href":"https:\/\/portal.hokuryu.info\/es\/wp-json\/wp\/v2\/types\/post"}],"author":[{"embeddable":true,"href":"https:\/\/portal.hokuryu.info\/es\/wp-json\/wp\/v2\/users\/1"}],"replies":[{"embeddable":true,"href":"https:\/\/portal.hokuryu.info\/es\/wp-json\/wp\/v2\/comments?post=56401"}],"version-history":[{"count":0,"href":"https:\/\/portal.hokuryu.info\/es\/wp-json\/wp\/v2\/posts\/56401\/revisions"}],"wp:featuredmedia":[{"embeddable":true,"href":"https:\/\/portal.hokuryu.info\/es\/wp-json\/wp\/v2\/media\/56453"}],"wp:attachment":[{"href":"https:\/\/portal.hokuryu.info\/es\/wp-json\/wp\/v2\/media?parent=56401"}],"wp:term":[{"taxonomy":"category","embeddable":true,"href":"https:\/\/portal.hokuryu.info\/es\/wp-json\/wp\/v2\/categories?post=56401"},{"taxonomy":"post_tag","embeddable":true,"href":"https:\/\/portal.hokuryu.info\/es\/wp-json\/wp\/v2\/tags?post=56401"}],"curies":[{"name":"wp","href":"https:\/\/api.w.org\/{rel}","templated":true}]}}