{"id":55623,"date":"2025-02-17T09:36:22","date_gmt":"2025-02-17T00:36:22","guid":{"rendered":"https:\/\/portal.hokuryu.info\/?p=55623"},"modified":"2025-02-17T17:14:59","modified_gmt":"2025-02-17T08:14:59","slug":"%e5%8c%97%e7%ab%9c%e7%94%ba%e8%ad%b0%e4%bc%9a%e5%a0%b1%e5%91%8a%e4%bc%9a-%ef%bc%86-%e8%ad%b0%e4%bc%9a%e3%82%ab%e3%83%95%e3%82%a7%ef%bc%9a%e5%92%8c%e3%82%84%e3%81%8b%e3%81%a7%e5%92%8c%e6%b0%97%e8%97%b9","status":"publish","type":"post","link":"https:\/\/portal.hokuryu.info\/es\/55623\/","title":{"rendered":"Sesi\u00f3n de informes del Ayuntamiento de Hokuryu y cafeter\u00eda del Ayuntamiento: un foro amistoso y armonioso donde los ciudadanos pueden intercambiar opiniones libre y c\u00f3modamente."},"content":{"rendered":"<p>Viernes 14 de febrero de 2025<\/p>\n<p>El mi\u00e9rcoles 12 de febrero, a partir de las 15:00 h, el Ayuntamiento de Hokuryu celebr\u00f3 una &quot;Sesi\u00f3n de Informe del Ayuntamiento y Cafeter\u00eda del Ayuntamiento&quot; en el espacio multiusos de COCOWA, el Centro de Revitalizaci\u00f3n Comercial de Hokuryu. Participaron aproximadamente 20 residentes y concejales, y las conversaciones fueron animadas y entretenidas, en un ambiente agradable.<\/p>\n<h2>Sesi\u00f3n informativa del Ayuntamiento de Hokuryu y cafeter\u00eda del Ayuntamiento<\/h2>\n<figure class=\"wp-caption aligncenter\"><a href=\"https:\/\/photos.google.com\/share\/AF1QipOf0NXuJUp1VxEDQ4k8Y5TEmNJ1-t-DViS_ZJLfXlQx3crpGpJJR5MqZw50wWIeYA\/photo\/AF1QipPVXGvQqjz0_t_GJswEvB7hyEbySAB-I1Aouaw?key=LUFXY21lZGRwSGtEc2Q5c2NMYm13bkoyMnZJNFd3\" target=\"_blank\"><img decoding=\"async\" src=\"https:\/\/lh3.googleusercontent.com\/pw\/AP1GczNs6qIbVlXujTuz4RhQ2PQtrD3_vsW5oq_PHJZ5AU-xlH54x_j0qavSwOM-om5t_hWU5u5YisUXGNzH5Aptfjb51ZefHKh5tr1QYhIi_Y9omz2kVyZloaC6E4wR9q_7IDMeFyQJVsa1P0YMigxb1kQs=w2000-h1333-s-no-gm?authuser=0\" width=\"1140\" height=\"1520\" alt=\"Reuni\u00f3n informativa del Ayuntamiento de Hokuryu\" class=\"size-full\" \/><\/a><figcaption class=\"wp-caption-text\">Reuni\u00f3n informativa del Ayuntamiento de Hokuryu<\/figcaption><\/figure>\n<figure class=\"wp-caption aligncenter\"><a href=\"https:\/\/photos.google.com\/share\/AF1QipOf0NXuJUp1VxEDQ4k8Y5TEmNJ1-t-DViS_ZJLfXlQx3crpGpJJR5MqZw50wWIeYA\/photo\/AF1QipNFQSIOHOanQrFPh_p8mUDBTD1SEOY8G-YzyO4?key=LUFXY21lZGRwSGtEc2Q5c2NMYm13bkoyMnZJNFd3\" target=\"_blank\"><img decoding=\"async\" src=\"https:\/\/lh3.googleusercontent.com\/pw\/AP1GczMbCWce9dHEy1I5zPf0dUh94WdXcT3JNXKCN5zn5-8rG3bw8FdvImYzeuHYkhCRl34ERU24DsD-8dGtuxRK0FK66j3IvxtmDEUDfd5spNp8qYvN50uDuB7XMgs5GPMaPTBFXB3zsD2J-fEiUgPR0xep=w1140-h1520-s-no-gm?authuser=0\" width=\"1140\" height=\"1520\" alt=\"Caf\u00e9 del Parlamento\" class=\"size-full\" \/><\/a><figcaption class=\"wp-caption-text\">Caf\u00e9 del Parlamento<\/figcaption><\/figure>\n<h3>Dulces y flores en la mesa.<\/h3>\n<p>Este a\u00f1o, por primera vez, introdujimos un estilo llamado &quot;Caf\u00e9 Parlamentario&quot;, que ofrece un ambiente relajado donde los ciudadanos y los miembros del consejo pueden comunicarse informalmente tomando caf\u00e9, t\u00e9 y dulces.<\/p>\n<figure class=\"wp-caption aligncenter\"><a href=\"https:\/\/photos.google.com\/share\/AF1QipOf0NXuJUp1VxEDQ4k8Y5TEmNJ1-t-DViS_ZJLfXlQx3crpGpJJR5MqZw50wWIeYA\/photo\/AF1QipPq_2Is9FbMNH8Ayvv383LdAB6qslNXa4n82hY?key=LUFXY21lZGRwSGtEc2Q5c2NMYm13bkoyMnZJNFd3\" target=\"_blank\"><img decoding=\"async\" src=\"https:\/\/lh3.googleusercontent.com\/pw\/AP1GczMWsixiVVah0vSuIAayo-is-VukYbwbWhjaUaNtpTlu1Dv7E9PEshUdewQpWEaKi0rd5rKdUyCLCE5ufl1KR6uuNjAHWf-D1H_gpFOPn8u7t9EtpPUYnhZPL8NvT4IUrbc-mDkdvsnxRdfbMCXuaQYb=w2000-h1333-s-no-gm?authuser=0\" width=\"2000\" height=\"1333\" alt=\"La mesa estaba decorada con dulces y flores...\" class=\"size-full\" \/><\/a><figcaption class=\"wp-caption-text\">La mesa estaba decorada con dulces y flores...<\/figcaption><\/figure>\n<figure class=\"wp-caption aligncenter\"><a href=\"https:\/\/photos.google.com\/share\/AF1QipOf0NXuJUp1VxEDQ4k8Y5TEmNJ1-t-DViS_ZJLfXlQx3crpGpJJR5MqZw50wWIeYA\/photo\/AF1QipOdGYGiRO0SYGEg6q1KoS__5A-lgYu_5wWwUEM?key=LUFXY21lZGRwSGtEc2Q5c2NMYm13bkoyMnZJNFd3\" target=\"_blank\"><img decoding=\"async\" src=\"https:\/\/lh3.googleusercontent.com\/pw\/AP1GczOb7V2vKrR5H8nwoN3AW5csfdYiiQVh2gqWNItgSbP0kStFeX89o35nDOByMaKqhw8mzkJzEcUzVbGVC8PJkWc8hKKIVitKk4flv4aLPussjB3zFK0YaNOafaXJvonar-YMQKYIELeILMRK9JovWXub=w2000-h1333-s-no-gm?authuser=0\" width=\"2000\" height=\"1333\" alt=\"Rinc\u00f3n de bebidas\" class=\"size-full\" \/><\/a><figcaption class=\"wp-caption-text\">Rinc\u00f3n de bebidas<\/figcaption><\/figure>\n<h3>Moderador: Concejal Nobuaki Teragaki<\/h3>\n<figure class=\"wp-caption aligncenter\"><a href=\"https:\/\/photos.google.com\/share\/AF1QipOf0NXuJUp1VxEDQ4k8Y5TEmNJ1-t-DViS_ZJLfXlQx3crpGpJJR5MqZw50wWIeYA\/photo\/AF1QipOeqs4HVBhplLlEIcPhCsVQ3EH7XISK3EGGu8g?key=LUFXY21lZGRwSGtEc2Q5c2NMYm13bkoyMnZJNFd3\" target=\"_blank\"><img decoding=\"async\" src=\"https:\/\/lh3.googleusercontent.com\/pw\/AP1GczNdwls9fp5PAY9Z5aCrVrBaQm1k4B4vykYDKdu_nJ-0mLDKnBMLj7tKUHy56YLImSP_9oGJjOQMGTrx_VNVRFJVjpM4fWIeysqNl6XeyMa5tQLpGD1HGYUxcjm5zgSyA1i_WSiMq1WFiDVSypdK2MJw=w2000-h1333-s-no-gm?authuser=0\" width=\"2000\" height=\"1333\" alt=\"Moderado por el concejal Nobuaki Teragaki\" class=\"size-full\" \/><\/a><figcaption class=\"wp-caption-text\">Moderado por el concejal Nobuaki Teragaki<\/figcaption><\/figure>\n<h2>apertura<\/h2>\n<h3>Palabras de apertura del presidente Nakamura Shoichi<\/h3>\n<figure class=\"wp-caption aligncenter\"><a href=\"https:\/\/photos.google.com\/share\/AF1QipOf0NXuJUp1VxEDQ4k8Y5TEmNJ1-t-DViS_ZJLfXlQx3crpGpJJR5MqZw50wWIeYA\/photo\/AF1QipOCHapOU06lYSKrhBwjrlmc2p7OjpQp4V1MimU?key=LUFXY21lZGRwSGtEc2Q5c2NMYm13bkoyMnZJNFd3\" target=\"_blank\"><img decoding=\"async\" src=\"https:\/\/lh3.googleusercontent.com\/pw\/AP1GczMLiX1Josf5z6c6ufO3bX3LNYktnjTUu4oqDqvNP-VlDnuHtyvwl-hw6LLrZo5qlkR7JwFiUCS_qeCrK-7xQQBSYtk0x7UkDE-fzg4bfqMcF0jcAyXCIETJC71N1TF85iGD_S-cZlK6zzFRIqytsXES=w2000-h1333-s-no-gm?authuser=0\" width=\"2000\" height=\"1333\" alt=\"Saludos del presidente Nakamura\" class=\"size-full\" \/><\/a><figcaption class=\"wp-caption-text\">Saludos del presidente Nakamura<\/figcaption><\/figure>\n<p>&quot;De acuerdo con la Ordenanza B\u00e1sica del Ayuntamiento de Hokuryu, celebraremos una reuni\u00f3n de informe de la asamblea una vez al a\u00f1o. En esta ocasi\u00f3n, por primera vez, ofreceremos bebidas y refrigerios, y hemos adoptado un nuevo estilo llamado &#039;Caf\u00e9 de la Asamblea&#039;&quot;, declar\u00f3 el presidente Nakamura. La reuni\u00f3n comenz\u00f3 con un debate sobre la escasez de asamble\u00edstas, su remuneraci\u00f3n y el uso de cupones de ascenso regional.<\/p>\n<figure class=\"wp-caption aligncenter\"><a href=\"https:\/\/photos.google.com\/share\/AF1QipOf0NXuJUp1VxEDQ4k8Y5TEmNJ1-t-DViS_ZJLfXlQx3crpGpJJR5MqZw50wWIeYA\/photo\/AF1QipMW2g3TDQBhQwwX30b2TyupH-weMbj82mXSaM4?key=LUFXY21lZGRwSGtEc2Q5c2NMYm13bkoyMnZJNFd3\" target=\"_blank\"><img decoding=\"async\" src=\"https:\/\/lh3.googleusercontent.com\/pw\/AP1GczP08qqtJy2ORdHVX8M_vgZIVnWb5QZIp9egzehw0isI4Pm3XRctr5XSMU9AbKWJU5wlj7Rubp5wUrVlRvKwhQM8wublnrbsQU0ta3J8nM9ek_dtrsVRztcoY2PFSQhyL12tIsbrZ2TL0X5fFZBlh4Cd=w2000-h1333-s-no-gm?authuser=0\" width=\"2000\" height=\"1333\" alt=\"Divididos en dos grupos y conversamos.\" class=\"size-full\" \/><\/a><figcaption class=\"wp-caption-text\">Divididos en dos grupos y conversamos.<\/figcaption><\/figure>\n<figure class=\"wp-caption aligncenter\"><a href=\"https:\/\/photos.google.com\/share\/AF1QipOf0NXuJUp1VxEDQ4k8Y5TEmNJ1-t-DViS_ZJLfXlQx3crpGpJJR5MqZw50wWIeYA\/photo\/AF1QipN6trMEKEOOTUtl780n2-g1gL1hYe10NuVb__o?key=LUFXY21lZGRwSGtEc2Q5c2NMYm13bkoyMnZJNFd3\" target=\"_blank\"><img decoding=\"async\" src=\"https:\/\/lh3.googleusercontent.com\/pw\/AP1GczM46MF9RuwdXI7ahsK4bszAyAmK6olNoj1pBsbx7gY197QbuoIfBhcKoh_QayR2hQ30csm1-GRM_MDT1qD4rwET8vbQU81vL5dVOXJzss32ql53l66jG-VH7OBfNRCSYswwFYa1P5_ozmwfukPh0gH7=w2000-h1333-s-no-gm?authuser=0\" width=\"2000\" height=\"1333\" alt=\"Dividirse en grupos para discutir.\" class=\"size-full\" \/><\/a><figcaption class=\"wp-caption-text\">Dividirse en grupos para discutir.<\/figcaption><\/figure>\n<h2>Reuni\u00f3n informativa del Ayuntamiento de Hokuryu<\/h2>\n<p>El prop\u00f3sito de la reuni\u00f3n de informe del consejo es informar sobre las actividades del consejo a los ciudadanos, escuchando as\u00ed una variedad de opiniones, comunic\u00e1ndose con ellos y trabajando activamente para desarrollar la ciudad con la participaci\u00f3n de los ciudadanos.<\/p>\n<h3>Informe parlamentario del concejal Kazuo Kimura<\/h3>\n<figure class=\"wp-caption aligncenter\"><a href=\"https:\/\/photos.google.com\/share\/AF1QipOf0NXuJUp1VxEDQ4k8Y5TEmNJ1-t-DViS_ZJLfXlQx3crpGpJJR5MqZw50wWIeYA\/photo\/AF1QipNYxZHSlnijyB_eDESWnaPh-tlL4ww5I89AOWI?key=LUFXY21lZGRwSGtEc2Q5c2NMYm13bkoyMnZJNFd3\" target=\"_blank\"><img decoding=\"async\" src=\"https:\/\/lh3.googleusercontent.com\/pw\/AP1GczNmfqjiJk3jmtyx1wgx8vVRVdsc_IjaA4SSOmnBNjIKTd3MSDY01DTtr8ONvr8XTui4PsICXDpGRLY5yuPlnKIT-wK5FwAesFRytZ-LZKGsqkauDSamyNOxjGuxJYIrkMJ8vLjWgftGU05A0SNPO3Ao=w2000-h1333-s-no-gm?authuser=0\" width=\"2000\" height=\"1333\" alt=\"Informe sobre las actividades parlamentarias del concejal Kimura\" class=\"size-full\" \/><\/a><figcaption class=\"wp-caption-text\">Informe sobre las actividades parlamentarias del concejal Kimura<\/figcaption><\/figure>\n<h4>Introducci\u00f3n a las diversas actividades del comit\u00e9 y a los miembros de cada comit\u00e9.<\/h4>\n<ul>\n<li>El informe incluy\u00f3 un informe sobre las actividades del a\u00f1o pasado, as\u00ed como informaci\u00f3n sobre las investigaciones de cada comit\u00e9, varias opiniones, detalles de implementaci\u00f3n, inspecciones, presupuestos del proyecto y los sistemas de apoyo de la ciudad de Hokuryu.<\/li>\n<li>Comit\u00e9 Permanente de Asuntos Generales e Industria (7 miembros), Comit\u00e9 de Gesti\u00f3n del Consejo (4 miembros), Comit\u00e9 Especial de Relaciones P\u00fablicas (5 miembros), Comit\u00e9 Especial de Desarrollo Urbano y Otros Asuntos de Investigaci\u00f3n (8 miembros), Comit\u00e9 Especial de Preparaci\u00f3n para Desastres (8 miembros), Comit\u00e9 de Auditor\u00eda (1 miembro), Consejo General (8 miembros), Comit\u00e9 Especial sobre el Futuro de la Agricultura en la Ciudad de Hokuryu (8 miembros)<\/li>\n<\/ul>\n<h2>Caf\u00e9 Parlamentario y Reuni\u00f3n de Intercambio de Opiniones<\/h2>\n<p>Este intercambio de opiniones se llev\u00f3 a cabo en formato de conferencia, con \u00e9nfasis en la discusi\u00f3n, y los participantes se dividieron en dos grupos. El orador sosten\u00eda en la mano un peque\u00f1o peluche llamado &quot;Objeto Parlante (TO)&quot;. Tras terminar de hablar, pasaba el &quot;TO&quot; a la siguiente persona y la discusi\u00f3n continuaba en orden.<\/p>\n<figure class=\"wp-caption aligncenter\"><a href=\"https:\/\/photos.google.com\/share\/AF1QipOf0NXuJUp1VxEDQ4k8Y5TEmNJ1-t-DViS_ZJLfXlQx3crpGpJJR5MqZw50wWIeYA\/photo\/AF1QipNNTCjjcAQ4qBtpjK0bCWdaZVLJ2fAyTPDgFZA?key=LUFXY21lZGRwSGtEc2Q5c2NMYm13bkoyMnZJNFd3\" target=\"_blank\"><img decoding=\"async\" src=\"https:\/\/lh3.googleusercontent.com\/pw\/AP1GczOaGIvWIgvVOcNrkrmQGbVMlX_i7v7lZAxvlByM53V5UIJqkqNmTC3iUgV5EG_IQOajCpiloG-ZhJht65QTgA-VAN9flDhNUE30yfU_yp0TtDOIquajSwLokaoFgpPUcMdtF25Z1ugCt0P2rO1UWjDK=w2000-h1333-s-no-gm?authuser=0\" width=\"2000\" height=\"1333\" alt=\"El objeto parlante (TO) se gira para intercambiar opiniones.\" class=\"size-full\" \/><\/a><figcaption class=\"wp-caption-text\">El objeto parlante (TO) se gira para intercambiar opiniones.<\/figcaption><\/figure>\n<p>Se establecer\u00e1n tres temas y cada grupo discutir\u00e1 cada tema durante unos 20 minutos (cada persona tendr\u00e1 unos 3 minutos) (tiempo para hablar), despu\u00e9s de lo cual un representante de cada grupo resumir\u00e1 y presentar\u00e1 sus opiniones, y todos compartir\u00e1n el contenido de su discusi\u00f3n (tiempo para compartir).<\/p>\n<p>Antes de iniciarse el turno de intervenciones de cada tema, los parlamentarios dieron explicaciones.<\/p>\n<figure class=\"wp-caption aligncenter\"><a href=\"https:\/\/photos.google.com\/share\/AF1QipOf0NXuJUp1VxEDQ4k8Y5TEmNJ1-t-DViS_ZJLfXlQx3crpGpJJR5MqZw50wWIeYA\/photo\/AF1QipOtJAamKpNnTszX9bIQSRx3ASyRwewitZJv9wU?key=LUFXY21lZGRwSGtEc2Q5c2NMYm13bkoyMnZJNFd3\" target=\"_blank\"><img decoding=\"async\" src=\"https:\/\/lh3.googleusercontent.com\/pw\/AP1GczMF0XaVncavBdZgK6Lxd3XgK-7ZSKRruD68QNWZcmwcPDo-ktOp61RDv-R3Ms-0KMDh_e9Roa-HtxGJn4u3vryrDNc1icpeQQfLwqnHv7l_cCU9iQ2rSgTycicfpEspRW862EORsoKxjEToGBT0QzB1=w2000-h1333-s-no-gm?authuser=0\" width=\"2000\" height=\"1333\" alt=\"Intercambio de opiniones libre y sencillo\" class=\"size-full\" \/><\/a><figcaption class=\"wp-caption-text\">Intercambio de opiniones libre y sencillo<\/figcaption><\/figure>\n<h3>1. Respecto al transporte p\u00fablico local: El concejal Manabu Okino<\/h3>\n<p>En marzo de 2022, se suspendi\u00f3 la l\u00ednea de autobuses Sorachi Chuo Hokuryu Takikawa y en abril se lanz\u00f3 la l\u00ednea de autobuses urbanos Hokuryu Meoseushi para brindar acceso al \u00e1rea de Takikawa-Fukagawa.<\/p>\n<p>Hab\u00eda cuatro autobuses que sal\u00edan de Hokuryu y tres que regresaban de Imobeushi, tanto regulares como reservados. Tambi\u00e9n nos explicaron las tarifas de autob\u00fas y de los abonos para estudiantes. Adem\u00e1s, nos explicaron el n\u00famero de pasajeros y las tarifas de los taxis compartidos y los autobuses escolares para viajar dentro de la ciudad.<\/p>\n<figure class=\"wp-caption aligncenter\"><a href=\"https:\/\/photos.google.com\/share\/AF1QipOf0NXuJUp1VxEDQ4k8Y5TEmNJ1-t-DViS_ZJLfXlQx3crpGpJJR5MqZw50wWIeYA\/photo\/AF1QipOainEjxwA4jhx3pUMCdeinTABbaafxwoqr4Jk?key=LUFXY21lZGRwSGtEc2Q5c2NMYm13bkoyMnZJNFd3\" target=\"_blank\"><img decoding=\"async\" src=\"https:\/\/lh3.googleusercontent.com\/pw\/AP1GczMW5YczLOg7Xm0msaxt1nHWc2EyMQil8FHWpPN3hj5mhL8GQ3NldSEVsR8btV9Ez6oGI6dl9Lr9OyEXQ4FBj0DvjMuMrdrGLwJjUQuEBkThi8zkrkIIYeH9Za-c9TxCkpcKns6RHQ9CIB8VA7HJ2bds=w2000-h1333-s-no-gm?authuser=0\" width=\"2000\" height=\"1333\" alt=\"Explicaci\u00f3n del concejal Okino\" class=\"size-full\" \/><\/a><figcaption class=\"wp-caption-text\">Explicaci\u00f3n del concejal Okino<\/figcaption><\/figure>\n<h4>Tiempo de hablar<\/h4>\n<figure class=\"wp-caption aligncenter\"><a href=\"https:\/\/photos.google.com\/share\/AF1QipOf0NXuJUp1VxEDQ4k8Y5TEmNJ1-t-DViS_ZJLfXlQx3crpGpJJR5MqZw50wWIeYA\/photo\/AF1QipMLU8Ejh4SjZelOkuMXuzV1ccTJcPfA-0x9UIM?key=LUFXY21lZGRwSGtEc2Q5c2NMYm13bkoyMnZJNFd3\" target=\"_blank\"><img decoding=\"async\" src=\"https:\/\/lh3.googleusercontent.com\/pw\/AP1GczPnKf-LeFMp5fYCn2p_JF9olfw2UYy9M0Vgp5uPxeFMx2ukNGaNw_y5zPV8sfoOSxzMaUvYuQK_rQ6CSHpHhoF7MuQ9PpAuViaHTkIxi0JOEnKY5UR_Y1FsxR496vdLuWrgjPjWhlJZvPn5Igmv35Pl=w2000-h1333-s-no-gm?authuser=0\" width=\"2000\" height=\"1333\" alt=\"Mientras comparten sus opiniones...\" class=\"size-full\" \/><\/a><figcaption class=\"wp-caption-text\">Mientras comparten sus opiniones...<\/figcaption><\/figure>\n<figure class=\"wp-caption aligncenter\"><a href=\"https:\/\/photos.google.com\/share\/AF1QipOf0NXuJUp1VxEDQ4k8Y5TEmNJ1-t-DViS_ZJLfXlQx3crpGpJJR5MqZw50wWIeYA\/photo\/AF1QipPwOy1fIxup12SskRlNlS3kI_EQf2fETvfzyBs?key=LUFXY21lZGRwSGtEc2Q5c2NMYm13bkoyMnZJNFd3\" target=\"_blank\"><img decoding=\"async\" src=\"https:\/\/lh3.googleusercontent.com\/pw\/AP1GczNElYXgGQQwsTi0WyWkDAxhTJ0GgECiwtLEAx6IWC_8iEwa6O5FBMnzdSTTUCpELi1i7XdUFm9AuOqZgc8YnZHli-5JZxOvgRHvYdBaa5zin12sjWzzV5z5-UsOV-c7c9gqVu3h7a9OtmVh4JGOslsn=w2000-h1333-s-no-gm?authuser=0\" width=\"2000\" height=\"1333\" alt=\"Se produjo un animado intercambio de opiniones...\" class=\"size-full\" \/><\/a><figcaption class=\"wp-caption-text\">Se produjo un animado intercambio de opiniones...<\/figcaption><\/figure>\n<h4>Tiempo para compartir<\/h4>\n<p><strong>Grupo A<\/strong><\/p>\n<ul>\n<li>Quiero un vuelo directo al Hospital de la ciudad de Fukagawa.<\/li>\n<li>Actualmente, los padres son responsables de transportar a sus estudiantes de secundaria hacia y desde las actividades del club y los trabajos de medio tiempo.<\/li>\n<li>Se cree que la falta de transporte p\u00fablico est\u00e1 afectando el acceso tur\u00edstico a Himawari no Sato.<\/li>\n<\/ul>\n<p><strong>Grupo B<\/strong><\/p>\n<ul>\n<li>Actualmente, la espera en la parada de autob\u00fas de Imobeushi es un rollo. Quiero un autob\u00fas que permita que mis hijos lleguen a la escuela sin problemas.<\/li>\n<li>\u00bfQu\u00e9 tal un autob\u00fas matutino que vaya directamente a la escuela sin paradas?<\/li>\n<li>Los taxis son inconvenientes porque tienen restricciones en cuanto a horarios y d\u00edas de uso.<\/li>\n<li>\u00bfPor qu\u00e9 no utilizar servicios de transporte compartido para personas mayores que puedan usarse principalmente para ir al hospital, pero tambi\u00e9n para hacer compras, etc.?<\/li>\n<li>La introducci\u00f3n de servicios de transporte compartido requiere el establecimiento de seguros y otras medidas necesarias, pero \u00bfpodr\u00eda la ciudad brindar apoyo y formar un grupo de voluntarios?<\/li>\n<\/ul>\n<figure class=\"wp-caption aligncenter\"><a href=\"https:\/\/photos.google.com\/share\/AF1QipOf0NXuJUp1VxEDQ4k8Y5TEmNJ1-t-DViS_ZJLfXlQx3crpGpJJR5MqZw50wWIeYA\/photo\/AF1QipOVGqg4NH6cuR1kDaZduJuT3iuTMGfk_ZWJOak?key=LUFXY21lZGRwSGtEc2Q5c2NMYm13bkoyMnZJNFd3\" target=\"_blank\"><img decoding=\"async\" src=\"https:\/\/lh3.googleusercontent.com\/pw\/AP1GczPhMSNkyTq76ODrotbAQrDy2oJbMm5WcjG0LZA_qxpG66WZj1LM-fNwKft3mXPD4IJgxhHUSxIjgCF6GchrFpNSVhRuQJ5ExFK2MMwJKWHmyF7V0Tb1GbPsYMKxE7P7RwKv6162fIm7kcvyiZDbFbTf=w2000-h1333-s-no-gm?authuser=0\" width=\"2000\" height=\"1333\" alt=\"Tiempo para compartir\" class=\"size-full\" \/><\/a><figcaption class=\"wp-caption-text\">Tiempo para compartir<\/figcaption><\/figure>\n<h3>2. Respecto a las escuelas y otras instalaciones complejas: La concejala Yoshiko Hayashi<\/h3>\n<p>La filosof\u00eda b\u00e1sica de la educaci\u00f3n escolar de la ciudad de Hokuryu es &quot;esforzarse por mejorar el ambiente educativo escolar y apuntar a crear una escuela que est\u00e9 en armon\u00eda con la comunidad, para que los ni\u00f1os puedan desarrollar la capacidad de vivir y proyectarse hacia el futuro respetando la individualidad y la diversidad, con el fin de hacer realidad sus sue\u00f1os y metas individuales&quot;.<\/p>\n<p>Actualmente, la ciudad de Hokuryu est\u00e1 trabajando en el desarrollo de un complejo escolar centrado en la educaci\u00f3n obligatoria desde la primaria hasta la secundaria, con el objetivo de abrir en el a\u00f1o fiscal 2029.<\/p>\n<p>Se estableci\u00f3 un comit\u00e9 de revisi\u00f3n y se reuni\u00f3 un total de cinco veces entre febrero y diciembre de 2024. Se compil\u00f3 un borrador del plan mediante encuestas a habitantes de la ciudad, reuniones p\u00fablicas y entrevistas con maestros y personal de escuelas primarias y secundarias.<\/p>\n<p>Los comentarios p\u00fablicos sobre el borrador de la Pol\u00edtica de Educaci\u00f3n Escolar B\u00e1sica y el Plan B\u00e1sico de Instalaciones Complejas de la ciudad de Hokuryu se est\u00e1n recopilando desde el lunes 10 de febrero hasta el viernes 28 de febrero de 2025.<\/p>\n<figure class=\"wp-caption aligncenter\"><a href=\"https:\/\/photos.google.com\/share\/AF1QipOf0NXuJUp1VxEDQ4k8Y5TEmNJ1-t-DViS_ZJLfXlQx3crpGpJJR5MqZw50wWIeYA\/photo\/AF1QipOWfEVKa7H3S5QIsxT6JYdgTravhICqr1VWJzY?key=LUFXY21lZGRwSGtEc2Q5c2NMYm13bkoyMnZJNFd3\" target=\"_blank\"><img decoding=\"async\" src=\"https:\/\/lh3.googleusercontent.com\/pw\/AP1GczN130fHX5qaPjZMafVA61vz88z8PfdHtosfm99I7lmB1PsT19kC6H5BZqIomBWr-Rjqr7z2LqOsstNVmhxxtrwRIc6M4rkPaEAl_Wll-fTfoPtzfPNaDlLbIDQpacPQrojj5XNLfQ6_yNUVfpG5FUqM=w2000-h1333-s-no-gm?authuser=0\" width=\"2000\" height=\"1333\" alt=\"Explicaci\u00f3n de la concejala Yoshiko Hayashi\" class=\"size-full\" \/><\/a><figcaption class=\"wp-caption-text\">Explicaci\u00f3n de la concejala Yoshiko Hayashi<\/figcaption><\/figure>\n<h4>Tiempo de hablar<\/h4>\n<figure class=\"wp-caption aligncenter\"><a href=\"https:\/\/photos.google.com\/share\/AF1QipOf0NXuJUp1VxEDQ4k8Y5TEmNJ1-t-DViS_ZJLfXlQx3crpGpJJR5MqZw50wWIeYA\/photo\/AF1QipMLU8Ejh4SjZelOkuMXuzV1ccTJcPfA-0x9UIM?key=LUFXY21lZGRwSGtEc2Q5c2NMYm13bkoyMnZJNFd3\" target=\"_blank\"><img decoding=\"async\" src=\"https:\/\/lh3.googleusercontent.com\/pw\/AP1GczPnKf-LeFMp5fYCn2p_JF9olfw2UYy9M0Vgp5uPxeFMx2ukNGaNw_y5zPV8sfoOSxzMaUvYuQK_rQ6CSHpHhoF7MuQ9PpAuViaHTkIxi0JOEnKY5UR_Y1FsxR496vdLuWrgjPjWhlJZvPn5Igmv35Pl=w2000-h1333-s-no-gm?authuser=0\" width=\"2000\" height=\"1333\" alt=\"Libre intercambio de opiniones\" class=\"size-full\" \/><\/a><figcaption class=\"wp-caption-text\">Libre intercambio de opiniones<\/figcaption><\/figure>\n<h4>Tiempo para compartir<\/h4>\n<figure class=\"wp-caption aligncenter\"><a href=\"https:\/\/photos.google.com\/share\/AF1QipOf0NXuJUp1VxEDQ4k8Y5TEmNJ1-t-DViS_ZJLfXlQx3crpGpJJR5MqZw50wWIeYA\/photo\/AF1QipNiQKIAmzQiCfIT2ZfASHO40GUcdWysHLVVVsM?key=LUFXY21lZGRwSGtEc2Q5c2NMYm13bkoyMnZJNFd3\" target=\"_blank\"><img decoding=\"async\" src=\"https:\/\/lh3.googleusercontent.com\/pw\/AP1GczOWC3mxuE-KKUaxos3xX-8hFvIcnxkCrbhA1qWZuYgb9fYNRgXb3lfeNtI8SSnlZm0IvGkqCTu9tUnUuQ2CeVAw1PakQVqDrAILUfTdzM_8tuNUxdvbSuFrkjAJd8AdP8BZ90nSgYJghsYy0dKXWZiY=w2000-h1333-s-no-gm?authuser=0\" width=\"2000\" height=\"1333\" alt=\"Tiempo para compartir\" class=\"size-full\" \/><\/a><figcaption class=\"wp-caption-text\">Tiempo para compartir<\/figcaption><\/figure>\n<p><strong>Grupo A<\/strong><\/p>\n<ul>\n<li>\u00bfD\u00f3nde se establecer\u00e1 la divisi\u00f3n del sistema de nueve a\u00f1os? Creo que la gesti\u00f3n escolar y la organizaci\u00f3n de las aulas cambiar\u00e1n seg\u00fan se trate de &quot;6-3&quot; o &quot;4-3-2&quot;.<\/li>\n<li>Quiero un lugar donde puedan quedarse las madres j\u00f3venes y sus hijos. Actualmente, el estacionamiento de la guarder\u00eda les dificulta quedarse mucho tiempo.<\/li>\n<li>Actualmente, los ni\u00f1os van de la escuela a la guarder\u00eda y luego a casa. Esta guarder\u00eda solo cubre a los ni\u00f1os hasta tercer grado, y los ni\u00f1os de cuarto grado en adelante van y vienen entre la escuela y casa. Ser\u00eda bueno tener un sistema donde alguien pudiera cuidar a los ni\u00f1os durante unas dos horas hasta que sus padres regresen a casa, como un voluntario en el pueblo.<\/li>\n<li>Ser\u00eda bueno tener un lugar donde los ni\u00f1os pudieran reunirse con los residentes locales. Ser\u00eda bueno tener un lugar donde los residentes locales pudieran ayudarlos con sus estudios, jugar shogi y conversar con ni\u00f1os, sin importar su edad o nivel escolar.<\/li>\n<\/ul>\n<p><strong>Grupo B<\/strong><\/p>\n<ul>\n<li>Uno de los planes para utilizar el sitio de la antigua escuela secundaria es usarlo como campamento.<\/li>\n<li>Ser\u00eda bueno tener un lugar donde ni\u00f1os y adultos puedan interactuar.<\/li>\n<\/ul>\n<h4>Informaci\u00f3n de referencia<\/h4>\n<div class=\"img-move\">\n<strong><a href=\"https:\/\/www.nippon-foundation.or.jp\/what\/projects\/child-third-place\/\" target=\"_blank\">\u2742 El Tercer Lugar de los Ni\u00f1os [La Fundaci\u00f3n Nippon]<\/a>\u3000\u3000<a href=\"https:\/\/www.bgf.or.jp\/activity\/daisan-ibasho\/top.html\" target=\"_blank\">\u2742 Tercer Lugar Infantil [Fundaci\u00f3n B&amp;G]<\/a><\/strong>\n<\/div>\n<h4>3. Respecto al recargo en las tarifas de estacionamiento en Himawari no Sato: el concejal Masato Sawada<\/h4>\n<p>El futuro de Himawari no Sato ha estado bajo consideraci\u00f3n por un comit\u00e9 que incluye a habitantes de la ciudad desde que se recibi\u00f3 una propuesta de un consultor hace unos cuatro a\u00f1os como parte de un proyecto subsidiado a nivel nacional.<\/p>\n<p>Este es un gran plan que mira hacia el futuro de la ciudad de Hokuryu. Con miras al futuro de la ciudad, se necesitan medidas de revitalizaci\u00f3n regional ante la disminuci\u00f3n de su poblaci\u00f3n.<\/p>\n<p>Hemos estado manteniendo conversaciones abiertas sobre c\u00f3mo aumentar la poblaci\u00f3n tur\u00edstica, con los girasoles como tema central. Recopilaremos diversas opiniones y las reflejaremos en las pol\u00edticas municipales. Se ha debatido la promoci\u00f3n tur\u00edstica, pero no se han tomado decisiones concretas.<\/p>\n<figure class=\"wp-caption aligncenter\"><a href=\"https:\/\/photos.google.com\/share\/AF1QipOf0NXuJUp1VxEDQ4k8Y5TEmNJ1-t-DViS_ZJLfXlQx3crpGpJJR5MqZw50wWIeYA\/photo\/AF1QipNQ84UBJBVaLkXpteAxWWIaCPV_37riOaXMK9g?key=LUFXY21lZGRwSGtEc2Q5c2NMYm13bkoyMnZJNFd3\" target=\"_blank\"><img decoding=\"async\" src=\"https:\/\/lh3.googleusercontent.com\/pw\/AP1GczPtw5juJaM7UGALKKCi5WFVf3rrEI9UNL5UowAkZTIKJiiR874_CaDHRHD7y-ibQWPWpKNXicUlITfJSPe5sUitUVheV5HCkhaBctSyqfqoHEPp9GioVBxzNhqQIB29_o8uLMipWEt-jkjxhYmx_lQ4=w2000-h1333-s-no-gm?authuser=0\" width=\"2000\" height=\"1333\" alt=\"Explicaci\u00f3n del concejal Masato Sawada\" class=\"size-full\" \/><\/a><figcaption class=\"wp-caption-text\">Explicaci\u00f3n del concejal Masato Sawada<\/figcaption><\/figure>\n<h4>Tiempo de hablar<\/h4>\n<figure class=\"wp-caption aligncenter\"><a href=\"https:\/\/photos.google.com\/share\/AF1QipOf0NXuJUp1VxEDQ4k8Y5TEmNJ1-t-DViS_ZJLfXlQx3crpGpJJR5MqZw50wWIeYA\/photo\/AF1QipPTItmA62LQJSdyQNdU0TH1N33x534h2jcu4z4?key=LUFXY21lZGRwSGtEc2Q5c2NMYm13bkoyMnZJNFd3\" target=\"_blank\"><img decoding=\"async\" src=\"https:\/\/lh3.googleusercontent.com\/pw\/AP1GczNe66j23Hmt7SzqUEvdVQB9zRHkNdXTJuGr8e1YVhUj0_Dd3FiOUVR7QCZcvEbd6Z9fM8ojR8or6_zJhvJ3J21Z1HRNdqCoH3CGe4W9iRdXpNEriscLnzgjGpOGVGLG32b1eK80hTNL6UvMZX3X3jKF=w2000-h1500-s-no-gm?authuser=0\" width=\"2000\" height=\"1500\" alt=\"Un ambiente agradable y divertido...\" class=\"size-full\" \/><\/a><figcaption class=\"wp-caption-text\">Un ambiente agradable y divertido...<\/figcaption><\/figure>\n<h4>Tiempo para compartir<\/h4>\n<p><strong>Grupo A<\/strong><\/p>\n<ul>\n<li>Parece haber un problema con el cobro de las tarifas de estacionamiento. Una tarifa de una moneda (500 yenes) ser\u00eda buena para reducir el tiempo de recolecci\u00f3n. \u00bfQu\u00e9 pasa con las autocaravanas? Si se cobra una tarifa de entrada, \u00bfno ser\u00eda necesario ofrecer beneficios especiales a los visitantes?<\/li>\n<\/ul>\n<p><strong>Grupo B<\/strong><\/p>\n<ul>\n<li>Los costos operativos anuales de Himawari no Sato rondan los 30 millones de yenes. Se han iniciado conversaciones para aumentar, aunque sea ligeramente, los ingresos.<\/li>\n<li>\u00bfQuiz\u00e1s deber\u00edamos buscar una variedad de girasol m\u00e1s bonita que la actual?<\/li>\n<li>El Festival del Girasol se celebra durante los calurosos meses de verano, as\u00ed que \u00bfpor qu\u00e9 no aumentar el n\u00famero de lugares de descanso cortando la maleza en los bosques sombr\u00edos?<\/li>\n<\/ul>\n<figure class=\"wp-caption aligncenter\"><a href=\"https:\/\/photos.google.com\/share\/AF1QipOf0NXuJUp1VxEDQ4k8Y5TEmNJ1-t-DViS_ZJLfXlQx3crpGpJJR5MqZw50wWIeYA\/photo\/AF1QipNHbiSlp72WnVPYQoMq4MTVvbgCuiP3b-hIlNU?key=LUFXY21lZGRwSGtEc2Q5c2NMYm13bkoyMnZJNFd3\" target=\"_blank\"><img decoding=\"async\" src=\"https:\/\/lh3.googleusercontent.com\/pw\/AP1GczOAr2KAgGP_eN5KFshfO6C2ERbDT8kLJivRpO85TB-IVhoCBQPWsuXOJnMSnTTY2WNIB-mVsg-FIMMBbc_BfZwtl4kamlZQS-xwV8qrq0rkYj71D1IuF5dWsT6-zFQ0xySfZkOAGzpxJaGzFZfHgw64=w2000-h1333-s-no-gm?authuser=0\" width=\"2000\" height=\"1333\" alt=\"Tiempo para compartir\" class=\"size-full\" \/><\/a><figcaption class=\"wp-caption-text\">Tiempo para compartir<\/figcaption><\/figure>\n<h3>Comentarios de Tsutomu Sakamoto (expresidente de la Asociaci\u00f3n de Turismo de Girasoles de la ciudad de Hokuryu y exmiembro del Consejo Municipal de Hokuryu)<\/h3>\n<figure class=\"wp-caption aligncenter\"><a href=\"https:\/\/photos.google.com\/share\/AF1QipOf0NXuJUp1VxEDQ4k8Y5TEmNJ1-t-DViS_ZJLfXlQx3crpGpJJR5MqZw50wWIeYA\/photo\/AF1QipN2ky76LE2xY7TEAUcoZajeVLslrFZd16YPqaA?key=LUFXY21lZGRwSGtEc2Q5c2NMYm13bkoyMnZJNFd3\" target=\"_blank\"><img decoding=\"async\" src=\"https:\/\/lh3.googleusercontent.com\/pw\/AP1GczNeNmO5pmHS_1-NihhD9AWNbFgmW4CgQDBg7rFYW1t_JzVgpvgpHbRnuWeozjymZLA6NzLThptj4nRHi7hm-kmDjBp_wj7x4hwXlAxBcwvIhC53qR5gik2SoE1jGU03FnPsi8AiBpjQTHVq0xd5T1A1=w2000-h1333-s-no-gm?authuser=0\" width=\"2000\" height=\"1333\" alt=\"Comentarios de Tsutomu Sakamoto\" class=\"size-full\" \/><\/a><figcaption class=\"wp-caption-text\">Comentarios de Tsutomu Sakamoto<\/figcaption><\/figure>\n<p>Me complace que este Informe Parlamentario, celebrado en formato de &#039;Caf\u00e9 Parlamentario&#039;, se haya convertido en una conferencia tan atractiva. Vivimos en una \u00e9poca de grandes cambios, y el gobierno se enfrenta a dificultades financieras sin precedentes, y creo que los parlamentarios se enfrentan a numerosos desaf\u00edos.<\/p>\n<p>&quot;Los planes para las instalaciones escolares tambi\u00e9n son fant\u00e1sticos. Creo que requerir\u00e1n un presupuesto enorme. El mayor reto que debemos afrontar ahora es que nuestro pueblo sobreviva y que todos los ciudadanos se unan para abordar los diversos problemas&quot;, dijo Tsutomu Sakamoto.<\/p>\n<h2>Mensaje de agradecimiento del concejal Nobuaki Teragaki<\/h2>\n<figure class=\"wp-caption aligncenter\"><a href=\"https:\/\/photos.google.com\/share\/AF1QipOf0NXuJUp1VxEDQ4k8Y5TEmNJ1-t-DViS_ZJLfXlQx3crpGpJJR5MqZw50wWIeYA\/photo\/AF1QipMAaHNRo0z9H7ZdNASikfApAubyQM442xc8UvU?key=LUFXY21lZGRwSGtEc2Q5c2NMYm13bkoyMnZJNFd3\" target=\"_blank\"><img decoding=\"async\" src=\"https:\/\/lh3.googleusercontent.com\/pw\/AP1GczP_0Njzvre8bAnZsjPWZuezAtqEVO3HaAPlFSY7uxHqS1C8ot0wsDnRkoUZxB4jlw9c1Xpz-czGp1IJfE5hQ82oXR4WaidzrNdoGu2KJew2ob0rP7M4qUVnT4MpaMm_8k327fic5b6DrujWJhdpWnKB=w2000-h1333-s-no-gm?authuser=0\" width=\"2000\" height=\"1333\" alt=\"Mensaje de agradecimiento del concejal Teragaki\" class=\"size-full\" \/><\/a><figcaption class=\"wp-caption-text\">Mensaje de agradecimiento del concejal Teragaki<\/figcaption><\/figure>\n<p>&quot;Nos gustar\u00eda expresar nuestro sincero agradecimiento a todos los habitantes del pueblo por su participaci\u00f3n durante tanto tiempo.<\/p>\n<p>En 2025, celebramos nuestro primer informe de miembros de la Dieta en forma de &quot;Caf\u00e9 de Miembros de la Dieta&quot;. Dado que se trataba de un intento completamente nuevo, lo hicimos con cierta vacilaci\u00f3n.<\/p>\n<p>Por \u00faltimo, me gustar\u00eda cerrar esta reuni\u00f3n pidiendo algunas palabras m\u00e1s&quot;, dijo el concejal Nobuaki Teragaki.<\/p>\n<h2>Keiko Ozaki, vicepresidenta y comentarista general<\/h2>\n<figure class=\"wp-caption aligncenter\"><a href=\"https:\/\/photos.google.com\/share\/AF1QipOf0NXuJUp1VxEDQ4k8Y5TEmNJ1-t-DViS_ZJLfXlQx3crpGpJJR5MqZw50wWIeYA\/photo\/AF1QipOQ1dcF49OvLKS0LMUuDnKrmj1f91eqpW4IFes?key=LUFXY21lZGRwSGtEc2Q5c2NMYm13bkoyMnZJNFd3\" target=\"_blank\"><img decoding=\"async\" src=\"https:\/\/lh3.googleusercontent.com\/pw\/AP1GczPRTYAht4j9X6JypaaRASyQK0lMTjYjgiX5vnREKCBik1UaXyBfOgDGgJFzfu1XO8xfdy0rZFgQGyfbWN8pxktZfwrU06utQOXTzErQ5qbypBSsXze6XxPxalHmKj1fWX97tXJw8VpE0JnKl1v9Tx7v=w2000-h1333-s-no-gm?authuser=0\" width=\"2000\" height=\"1333\" alt=\"Comentarios generales de la vicepresidenta Keiko Ozaki\" class=\"size-full\" \/><\/a><figcaption class=\"wp-caption-text\">Comentarios generales de la vicepresidenta Keiko Ozaki<\/figcaption><\/figure>\n<p>&quot;Creo que fue genial que pudi\u00e9ramos intercambiar opiniones de esta manera en un ambiente donde todos se sent\u00edan c\u00f3modos compartiendo sus opiniones.<\/p>\n<p>La composici\u00f3n del consejo tambi\u00e9n es gestionada por todos, incluyendo varios comit\u00e9s y la Asociaci\u00f3n de Asuntos Parciales de Kita Sorachi. Se celebran reuniones peri\u00f3dicas cuatro veces al a\u00f1o. Gestionamos esto a la vez que realizamos nuestro propio trabajo. Creo que nuestra labor consiste en escuchar las opiniones de todos, hacer ajustes y darles forma.<\/p>\n<p>&quot;Cada uno tiene su propia personalidad y \u00e1rea de especializaci\u00f3n. Creo que podemos recibir y responder a diversas opiniones de diversas maneras. No duden en contactarnos. Muchas gracias&quot;, afirm\u00f3 la vicepresidenta Ozaki Keiko.<\/p>\n<h2>Impresiones de los ciudadanos participantes<\/h2>\n<p>&quot;El Caf\u00e9 Parlamentario de este a\u00f1o se celebr\u00f3 en un ambiente relajado, donde la gente se sinti\u00f3 libre de expresar sus opiniones, lo cual fue genial. \u00a1Nos encanta el ambiente!&quot;, coment\u00f3 sonriendo uno de los ciudadanos que particip\u00f3.<\/p>\n<figure class=\"wp-caption aligncenter\"><a href=\"https:\/\/photos.google.com\/share\/AF1QipOf0NXuJUp1VxEDQ4k8Y5TEmNJ1-t-DViS_ZJLfXlQx3crpGpJJR5MqZw50wWIeYA\/photo\/AF1QipPIPVrMslt0ZMpE8qtsuLD2gMaeWDBNu8OMIp0?key=LUFXY21lZGRwSGtEc2Q5c2NMYm13bkoyMnZJNFd3\" target=\"_blank\"><img decoding=\"async\" src=\"https:\/\/lh3.googleusercontent.com\/pw\/AP1GczO4ZUxhJA0BwCqXtmu_tRVHfuAw6XeDl3bkUJST_b9i34jqibdK-zspwNmoijUlPXrDJYonUWdLJapsKENWaKZxUOMGQjYAaaP_ich9F6RA5PSNU5FhaNPkTox0DV_3jBY68IEJVCRprDrpxw1uwEjT=w2000-h1333-s-no-gm?authuser=0\" width=\"2000\" height=\"1333\" alt=\"\u00a1Estamos agradecidos por la oportunidad de escuchar a los residentes de la ciudad de Hokuryu, quienes pudieron hablar libre y abiertamente!\" class=\"size-full\" \/><\/a><figcaption class=\"wp-caption-text\">\u00a1Estamos agradecidos por la oportunidad de escuchar a los residentes de la ciudad de Hokuryu, quienes pudieron hablar libre y abiertamente!<\/figcaption><\/figure>\n<p>El Informe del Ayuntamiento de Hokuryu y el Caf\u00e9 del Ayuntamiento escuchan las distintas voces de los habitantes del pueblo y trabajan junto con ellos para crear una ciudad llena de vitalidad y sonrisas.<\/p>\n<p>Con infinito amor, gratitud y oraciones, ofrecemos el \u201cCaf\u00e9 de la Asamblea\u201d, un lugar donde la gente del pueblo puede conversar e intercambiar opiniones libremente en un ambiente amistoso, armonioso y relajado.<\/p>\n<h2>V\u00eddeos de YouTube<\/h2>\n<div class=\"youtube\"><iframe title=\"Sesi\u00f3n de informes del Ayuntamiento de Hokuryu y cafeter\u00eda del Ayuntamiento: un foro amistoso y armonioso donde los ciudadanos pueden intercambiar opiniones libre y c\u00f3modamente.\" src=\"https:\/\/www.youtube.com\/embed\/aixjhIloH54?feature=oembed\" frameborder=\"0\" allow=\"accelerometer; autoplay; clipboard-write; encrypted-media; gyroscope; picture-in-picture; web-share\" referrerpolicy=\"strict-origin-when-cross-origin\" allowfullscreen><\/iframe><\/div>\n<h2>imagen<\/h2>\n<div class=\"img-move\">\n<img decoding=\"async\" src=\"https:\/\/ehokkaido.net\/wp-content\/uploads\/2021\/12\/2021-12-06-11.41.12.png\" style=\"vertical-align:middle;\"> <a href=\"https:\/\/photos.app.goo.gl\/jdwvemK655khzV3z5\" target=\"_blank\" rel=\"noopener noreferrer\">Fotos de la Cafeter\u00eda del Ayuntamiento de Hokuryu (81 fotos) se pueden encontrar aqu\u00ed &gt;&gt;<\/a><\/div>\n<h2>Art\u00edculos relacionados<\/h2>\n\n        <div class=\"site-blogcard-premium\">\n            <div class=\"bc-label-custom\">Art\u00edculos relacionados<\/div>\n            <div class=\"bc-flex-container\">\n                <div class=\"bc-main-text\">\n                    <div class=\"bc-title-link-box\">\n                        <a href=\"https:\/\/portal.hokuryu.info\/es\/55701\/\" target=\"_blank\">https:\/\/portal.hokuryu.info\/55701<\/a>\n                    <\/div>\n                    <div class=\"bc-excerpt-box\">No se puede recuperar la informaci\u00f3n de la p\u00e1gina.<\/div>\n                <\/div>\n                <div class=\"bc-thumbnail-box\">\n                    <a href=\"https:\/\/portal.hokuryu.info\/es\/55701\/\" target=\"_blank\">\n                        <div class=\"bc-img-zoom-wrap\">\n                            <img decoding=\"async\" src=\"https:\/\/portal.hokuryu.info\/wp\/wp-content\/uploads\/2026\/02\/20230802DSC06445_1.jpg\" alt=\"https:\/\/portal.hokuryu.info\/55701\">\n                        <\/div>\n                    <\/a>\n                <\/div>\n            <\/div>\n        <\/div>\n\n        <div class=\"site-blogcard-premium\">\n            <div class=\"bc-label-custom\">Art\u00edculos relacionados<\/div>\n            <div class=\"bc-flex-container\">\n                <div class=\"bc-main-text\">\n                    <div class=\"bc-title-link-box\">\n                        <a href=\"https:\/\/portal.hokuryu.info\/es\/category\/publicbody\/council\/\" target=\"_blank\">Ayuntamiento de Hokuryu (Categor\u00eda)<\/a>\n                    <\/div>\n                    <div class=\"bc-excerpt-box\">Esta es una lista de art\u00edculos en la categor\u00eda &quot;Consejo de la ciudad de Hokuryu&quot;.<\/div>\n                <\/div>\n                <div class=\"bc-thumbnail-box\">\n                    <a href=\"https:\/\/portal.hokuryu.info\/es\/category\/publicbody\/council\/\" target=\"_blank\">\n                        <div class=\"bc-img-zoom-wrap\">\n                            <img decoding=\"async\" src=\"https:\/\/portal.hokuryu.info\/wp\/wp-content\/uploads\/2026\/02\/20230802DSC06445_1.jpg\" alt=\"Ayuntamiento de Hokuryu (Categor\u00eda)\">\n                        <\/div>\n                    <\/a>\n                <\/div>\n            <\/div>\n        <\/div>\n<p>\u25c7 Entrevista y texto: Ikuko Terauchi (Asistencia de fotograf\u00eda y edici\u00f3n: Noboru Terauchi)<\/p>","protected":false},"excerpt":{"rendered":"<p>\uff12\uff10\uff12\uff15\u5e74\uff12\u6708\uff11\uff14\u65e5\uff08\u91d1\uff09 \uff12\u6708\uff11\uff12\u65e5\uff08\u6c34\uff09\uff11\uff15\uff1a\uff10\uff10\u301c\u3001\u5317\u7adc\u753a\u8b70\u4f1a\u306b\u3088\u308b\u300c\u8b70\u4f1a\u5831\u544a\u4f1a \uff06 \u8b70\u4f1a\u30ab\u30d5\u30a7\u300d\u304c\u3001\u5317\u7adc\u753a\u5546\u696d\u6d3b\u6027\u5316\u65bd\u8a2d\u30b3\u30b3\u30ef\uff08COCOWA\uff09\u306e\u591a\u76ee\u7684\u30b9\u30da\u30fc\u30b9\u306b\u3066\u958b\u50ac\u3055\u308c\u307e\u3057\u305f\u3002\u753a\u6c11\u30fb\u8b70\u54e1\u306e\u65b9 [&hellip;]<\/p>\n","protected":false},"author":1,"featured_media":55659,"comment_status":"open","ping_status":"open","sticky":false,"template":"","format":"standard","meta":{"footnotes":""},"categories":[4,67],"tags":[],"class_list":["post-55623","post","type-post","status-publish","format-standard","has-post-thumbnail","hentry","category-cover-story","category-council"],"_links":{"self":[{"href":"https:\/\/portal.hokuryu.info\/es\/wp-json\/wp\/v2\/posts\/55623","targetHints":{"allow":["GET"]}}],"collection":[{"href":"https:\/\/portal.hokuryu.info\/es\/wp-json\/wp\/v2\/posts"}],"about":[{"href":"https:\/\/portal.hokuryu.info\/es\/wp-json\/wp\/v2\/types\/post"}],"author":[{"embeddable":true,"href":"https:\/\/portal.hokuryu.info\/es\/wp-json\/wp\/v2\/users\/1"}],"replies":[{"embeddable":true,"href":"https:\/\/portal.hokuryu.info\/es\/wp-json\/wp\/v2\/comments?post=55623"}],"version-history":[{"count":0,"href":"https:\/\/portal.hokuryu.info\/es\/wp-json\/wp\/v2\/posts\/55623\/revisions"}],"wp:featuredmedia":[{"embeddable":true,"href":"https:\/\/portal.hokuryu.info\/es\/wp-json\/wp\/v2\/media\/55659"}],"wp:attachment":[{"href":"https:\/\/portal.hokuryu.info\/es\/wp-json\/wp\/v2\/media?parent=55623"}],"wp:term":[{"taxonomy":"category","embeddable":true,"href":"https:\/\/portal.hokuryu.info\/es\/wp-json\/wp\/v2\/categories?post=55623"},{"taxonomy":"post_tag","embeddable":true,"href":"https:\/\/portal.hokuryu.info\/es\/wp-json\/wp\/v2\/tags?post=55623"}],"curies":[{"name":"wp","href":"https:\/\/api.w.org\/{rel}","templated":true}]}}