{"id":54953,"date":"2025-01-27T17:00:00","date_gmt":"2025-01-27T08:00:00","guid":{"rendered":"https:\/\/portal.hokuryu.info\/?p=54953"},"modified":"2025-01-31T20:38:53","modified_gmt":"2025-01-31T11:38:53","slug":"%e7%ac%ac%ef%bc%91%ef%bc%97%e5%9b%9e%ef%bd%82%ef%bc%86%ef%bd%87%e5%85%a8%e5%9b%bd%e3%82%b5%e3%83%9f%e3%83%83%e3%83%88-2025-%e9%96%8b%e5%82%ac%e3%83%bb%e5%8c%97%e7%ab%9c%e7%94%ba%ef%bc%91%ef%bc%90","status":"publish","type":"post","link":"https:\/\/portal.hokuryu.info\/es\/54953\/","title":{"rendered":"Se celebrar\u00e1 la 17\u00aa Cumbre Nacional B&amp;G 2025 y la ciudad de Hokuryu ser\u00e1 reconocida como Centro de Evaluaci\u00f3n Especial A por d\u00e9cimo a\u00f1o consecutivo."},"content":{"rendered":"<p>Lunes 27 de enero de 2025<\/p>\n<p>La 17.\u00aa Cumbre Nacional de B&amp;G se celebr\u00f3 en Bellesalle Tokyo Nihonbashi (Chuo-ku, Tokio) el mi\u00e9rcoles 22 de enero. El tema de la cumbre fue &quot;Instalaciones P\u00fablicas desde Perspectivas Micro y Macro&quot;, y el evento cont\u00f3 con una conferencia magistral especial a cargo de Yohei Sasakawa, presidente de la Fundaci\u00f3n Nippon, presentaciones de casos pr\u00e1cticos a cargo de l\u00edderes de gobiernos locales y la entrega del Premio al Centro de Excelencia.<\/p>\n<p>El alcalde Yasuhiro Sasaki y el superintendente de Educaci\u00f3n Yoshiki Tanaka de la ciudad de Hokuryu asistieron al evento y fueron reconocidos como Centro de Evaluaci\u00f3n Especial A por d\u00e9cimo a\u00f1o consecutivo.<\/p>\n<h2>La 17\u00aa Cumbre Nacional de B&amp;G<\/h2>\n<figure class=\"wp-caption aligncenter\"><a href=\"https:\/\/photos.google.com\/share\/AF1QipNCIEEehDyv0BIPjWmkOCGOAkKvcgM0JKh0rTbCAV-hQquJrwvrv4rKafH7S5Inxg\/photo\/AF1QipMtqhboR3TQwhS4DiJ31nvgILfen1M5kfN2xic?key=MU96cGl6c0dfMVpJc2djQ2I3RW5ESXBLY0ZVMmhR\" target=\"_blank\"><img decoding=\"async\" src=\"https:\/\/lh3.googleusercontent.com\/pw\/AP1GczMay174upvxThvOcgpT-dY45kMuet6l1oTRsZ1BbEoVtABcqqXbCeu0jtLPi4oekaaKqaTMdn1XQW09aFdy5QP7JNLelbPMDSPX_fp1fNHuiiyVp19za4MxyVF7KBph-i3Oj_aSqgwR0x-W6n9x80xd=w595-h841-s-no-gm?authuser=1\" width=\"500\" alt=\"17.\u00aa Cumbre Nacional B&amp;G 2025\" class=\"size-full\" style=\"border:solid 1px lightgray\"\/><\/a><figcaption class=\"wp-caption-text\">17.\u00aa Cumbre Nacional B&amp;G 2025<\/figcaption><\/figure>\n<figure class=\"wp-caption aligncenter\"><a href=\"https:\/\/photos.google.com\/share\/AF1QipNCIEEehDyv0BIPjWmkOCGOAkKvcgM0JKh0rTbCAV-hQquJrwvrv4rKafH7S5Inxg\/photo\/AF1QipNl4BbW7_V5dn1QnN5hOaBdRLS2BWJujHeTgJc?key=MU96cGl6c0dfMVpJc2djQ2I3RW5ESXBLY0ZVMmhR\" target=\"_blank\"><img decoding=\"async\" src=\"https:\/\/lh3.googleusercontent.com\/pw\/AP1GczP-ayeOsTD6J1l05RkT8sCffMD3ENr46YqR8r0xjoZn7ARPKxKS54ashExocOTJ37klFhmdClCKsEiBLd5W5B2nMclP__l2D1E19JHZSTAu1Cs-_kRnlegGHOZ1N493SVN1ToXlNwmasr8IF-0VlAmj=w2000-h1500-s-no-gm?authuser=0\" width=\"2000\" height=\"1500\" alt=\"Bellesalle Tokyo Nihonbashi (Chuo Ward, Tokio)\" class=\"size-full\" \/><\/a><figcaption class=\"wp-caption-text\">Bellesalle Tokyo Nihonbashi (Chuo Ward, Tokio)<\/figcaption><\/figure>\n<figure class=\"wp-caption aligncenter\"><a href=\"https:\/\/photos.google.com\/share\/AF1QipNCIEEehDyv0BIPjWmkOCGOAkKvcgM0JKh0rTbCAV-hQquJrwvrv4rKafH7S5Inxg\/photo\/AF1QipN0CwoNM1k9wxm6yhAydRVnRQ2F-mITluTja2U?key=MU96cGl6c0dfMVpJc2djQ2I3RW5ESXBLY0ZVMmhR\" target=\"_blank\"><img decoding=\"async\" src=\"https:\/\/lh3.googleusercontent.com\/pw\/AP1GczPw01DsvgXzPpMtpOkgQxFK5bHM2eDgdOIAunV2K9tbP1TlN_t4vxVhpP_mk6Q3miovVcE7B7bJyjTiKskF7CGoZ4zbjNAcQsgJvdGuALfiPqw7ojmN5d94G_01POrGSKlkwCG04QKyDY2Cbe7vu8d-=w2000-h1500-s-no-gm?authuser=0\" width=\"2000\" height=\"1500\" alt=\"La 17\u00aa Cumbre Nacional de B&amp;G\" class=\"size-full\" \/><\/a><figcaption class=\"wp-caption-text\">La 17\u00aa Cumbre Nacional de B&amp;G<\/figcaption><\/figure>\n<h3>Fundaci\u00f3n B&amp;G<\/h3>\n<p>La Fundaci\u00f3n B&amp;G (cuyo nombre cambiar\u00e1 el 1 de abril de 2023) se fund\u00f3 en 1973 para conmemorar el 20.\u00ba aniversario de la Ley de Regatas de Lanchas Motorizadas y este a\u00f1o celebra su 52.\u00ba aniversario. Es una fundaci\u00f3n de inter\u00e9s p\u00fablico constituida, cuyas actividades buscan promover el desarrollo saludable de los j\u00f3venes y revitalizar y fortalecer las comunidades locales.<\/p>\n<h3>En total participaron 800 personas, incluidos 273 alcaldes de 360 gobiernos locales de todo el pa\u00eds.<\/h3>\n<p>A la 17\u00aa Cumbre Nacional de B&amp;G asistieron aproximadamente 800 personas, incluidos 273 alcaldes, 24 vicealcaldes y 196 superintendentes de educaci\u00f3n de 45 prefecturas y 360 gobiernos locales de todo el pa\u00eds, as\u00ed como invitados y funcionarios de gobiernos locales.<\/p>\n<figure class=\"wp-caption aligncenter\"><a href=\"https:\/\/photos.google.com\/share\/AF1QipNCIEEehDyv0BIPjWmkOCGOAkKvcgM0JKh0rTbCAV-hQquJrwvrv4rKafH7S5Inxg\/photo\/AF1QipP8ut7DyuZHE2FNmEs15t5YUb2dMj1tfI6Hw88?key=MU96cGl6c0dfMVpJc2djQ2I3RW5ESXBLY0ZVMmhR\" target=\"_blank\"><img decoding=\"async\" src=\"https:\/\/lh3.googleusercontent.com\/pw\/AP1GczNmN-g7M0V98R0h6jR_Wxa7dzPrJgvH00yvFxy8EBaLnE9N3CxUebjd-cQwoy7-glK__CdFgFvqtxKfLlqubvvacVinOjnuIXimWLBEfyDL2a_-ZcewoIxUkQrKh58GfpSnTYEM3gR0_5Uyoa3L3meZ=w2000-h1500-s-no-gm?authuser=0\" width=\"2000\" height=\"1500\" alt=\"Recepci\u00f3n: Participaron 45 prefecturas (379 municipios) a nivel nacional\" class=\"size-full\" \/><\/a><figcaption class=\"wp-caption-text\">Recepci\u00f3n: Participaron 45 prefecturas (379 municipios) a nivel nacional<\/figcaption><\/figure>\n<figure class=\"wp-caption aligncenter\"><a href=\"https:\/\/photos.google.com\/share\/AF1QipNCIEEehDyv0BIPjWmkOCGOAkKvcgM0JKh0rTbCAV-hQquJrwvrv4rKafH7S5Inxg\/photo\/AF1QipOOI9ovER_KwL6db0KNTTULm19HmKgzxD93vCA?key=MU96cGl6c0dfMVpJc2djQ2I3RW5ESXBLY0ZVMmhR\" target=\"_blank\"><img decoding=\"async\" src=\"https:\/\/lh3.googleusercontent.com\/pw\/AP1GczPAPbPSKXEUcOdL-H4t7uvxuRU84HAqQkfp327cOem0STju8tw7Pw1ZuyL5fBiZq3JbVwywG3Iy2Cm1PxzpvYuCAL8xygxqwJTOb0qR0q7eYLz2mp8ECJ7FvwX1CLFr8jipUCXDaoeBP8HwS0mnbzlW=w2000-h1500-s-no-gm?authuser=0\" width=\"2000\" height=\"1500\" alt=\"plano de asientos\" class=\"size-full\" \/><\/a><figcaption class=\"wp-caption-text\">plano de asientos<\/figcaption><\/figure>\n<h3>Participaron 32 gobiernos locales de Hokkaido<\/h3>\n<p>De Hokkaido, 32 municipios (ciudad de Sunagawa, pueblo de Obira, pueblo de Akkeshi, pueblo de Kenbuchi, pueblo de Taiki, pueblo de Takasu, pueblo de Shari, pueblo de Aibetsu, pueblo de Enbetsu, pueblo de Shinshinotsu, pueblo de Ozora,<strong>Ciudad Hokuryu<\/strong>Las siguientes ciudades asistieron a la reuni\u00f3n (en el orden indicado en el folleto): Ciudad de Esashi, Ciudad de Shimokawa, Ciudad de Higashikagura, Ciudad de Nayoro, Ciudad de Shakotan, Ciudad de Wassamu, Ciudad de Ashibetsu, Ciudad de Oshamanbe, Ciudad de Kamifurano, Ciudad de Higashikawa, Ciudad de Biei, Ciudad de Ishikari, Ciudad de Urausu, Ciudad de Chishibetsu, Ciudad de Numata, Ciudad de Iwamizawa, Ciudad de Tomamae, Ciudad de Takikawa, Furubira Pueblo y Ciudad de Muroran.<\/p>\n<h3>Hokuryu Town recibe la calificaci\u00f3n Especial A por 10 a\u00f1os consecutivos<\/h3>\n<p>En esta ocasi\u00f3n, dos centros recibieron la calificaci\u00f3n Especial A durante 20 a\u00f1os consecutivos, y 21 centros la recibieron durante 10 a\u00f1os consecutivos. En Hokkaido, cinco centros han recibido la calificaci\u00f3n Especial A durante 10 a\u00f1os consecutivos, y nuestra ciudad, el Centro Marino B&amp;G en Hokuryu, recibi\u00f3 el t\u00edtulo de Centro Marino Excelente.<\/p>\n<p>El objetivo principal de esta evaluaci\u00f3n del centro marino es comprender los aspectos de gesti\u00f3n y operaci\u00f3n de cada instalaci\u00f3n, revitalizar las actividades y servir como indicador de las actividades de apoyo que lleva a cabo la Fundaci\u00f3n B&amp;G. La evaluaci\u00f3n se basa en un sistema de calificaci\u00f3n de seis niveles que va desde el nivel m\u00e1s alto de Especial A a E (verificando cuantitativamente el n\u00famero de usuarios, estado de eventos, mantenimiento de las instalaciones, etc. con base en una tabla de criterios).<\/p>\n<h3>actas<\/h3>\n<p>Los procedimientos fueron presididos por los miembros del personal de la Fundaci\u00f3n B&amp;G, Mei Katase de la Divisi\u00f3n de Promoci\u00f3n de la Prevenci\u00f3n de Desastres del Departamento de Revitalizaci\u00f3n Regional y Mai Ogawa de la Divisi\u00f3n de Apoyo a la Infancia del Departamento de Revitalizaci\u00f3n Regional.<\/p>\n<figure class=\"wp-caption aligncenter\"><a href=\"https:\/\/photos.google.com\/share\/AF1QipNCIEEehDyv0BIPjWmkOCGOAkKvcgM0JKh0rTbCAV-hQquJrwvrv4rKafH7S5Inxg\/photo\/AF1QipNiavO09wYgkgBmwaO0SCLj9_HdqreYcCVRLpg?key=MU96cGl6c0dfMVpJc2djQ2I3RW5ESXBLY0ZVMmhR\" target=\"_blank\"><img decoding=\"async\" src=\"https:\/\/lh3.googleusercontent.com\/pw\/AP1GczMTeHa5FC0XMIpc-0ti80NI7-RJ5DjES3xDFTznrGC39c3mZFRH4U1nihXcnl3GdCmUc4NS8KNW5v47q38vEWbe_vOLW36jtcwKAZQLv_S1oqNOpoyqQHtOmbAcfvyO7KdGmvPwGH4aOJ6qy2tdVyuA=w2000-h1333-s-no-gm?authuser=0\" width=\"2000\" height=\"1333\" alt=\"Actas: Sra. Katase Mei, Divisi\u00f3n de Promoci\u00f3n de la Prevenci\u00f3n de Desastres, Departamento de Revitalizaci\u00f3n Regional, y Sra. Ogawa Mai, Divisi\u00f3n de Apoyo a la Infancia, Departamento de Revitalizaci\u00f3n Regional\" class=\"size-full\" \/><\/a><figcaption class=\"wp-caption-text\">Actas: Sra. Katase Mei, Divisi\u00f3n de Promoci\u00f3n de la Prevenci\u00f3n de Desastres, Departamento de Revitalizaci\u00f3n Regional, y Sra. Ogawa Mai, Divisi\u00f3n de Apoyo a la Infancia, Departamento de Revitalizaci\u00f3n Regional<\/figcaption><\/figure>\n<h2>Parte 1<\/h2>\n<figure class=\"wp-caption aligncenter\"><a href=\"https:\/\/photos.google.com\/share\/AF1QipNCIEEehDyv0BIPjWmkOCGOAkKvcgM0JKh0rTbCAV-hQquJrwvrv4rKafH7S5Inxg\/photo\/AF1QipM1i7oaAIrfqYqCcLWk_08dLL-uryCCMm4TR08?key=MU96cGl6c0dfMVpJc2djQ2I3RW5ESXBLY0ZVMmhR\" target=\"_blank\"><img decoding=\"async\" src=\"https:\/\/lh3.googleusercontent.com\/pw\/AP1GczNW3vJLgfYl0KVdL2F1Aear7JM3htCxEmZ90wfYyCYIn4ltyUdOO8FQbyFjFpcUoOA8u4yUr4v45bNzJPzrkuqH2qP4CB7ioOJw3S1Y89ZJt4qaUltzP8zomVokLqoaOYwN1uH2PPEYp4p1w2ZzuMkd=w2000-h1333-s-no-gm?authuser=0\" width=\"2000\" height=\"1333\" alt=\"Parte 1 celebrada\" class=\"size-full\" \/><\/a><figcaption class=\"wp-caption-text\">Parte 1 celebrada<\/figcaption><\/figure>\n<h3>Saludo del organizador: Presidente de la Fundaci\u00f3n B&amp;G, Kokichi Maeda (alcalde de la ciudad de Takikawa, Hokkaido)<\/h3>\n<p>El presidente de la Fundaci\u00f3n B&amp;G, Yasuyoshi Maeda, expres\u00f3 su agradecimiento a todos los involucrados y afirm\u00f3: &quot;Tenemos la intenci\u00f3n de colaborar con los gobiernos locales para encontrar soluciones a la diversificaci\u00f3n de los problemas sociales y, para un mayor desarrollo de la regi\u00f3n, nos esforzaremos por promover una gama m\u00e1s amplia de proyectos que nunca, basados en los principios de &#039;desarrollo saludable de los j\u00f3venes&#039; y &#039;revitalizaci\u00f3n y creaci\u00f3n regional&#039;&quot;.<\/p>\n<figure class=\"wp-caption aligncenter\"><a href=\"https:\/\/photos.google.com\/share\/AF1QipNCIEEehDyv0BIPjWmkOCGOAkKvcgM0JKh0rTbCAV-hQquJrwvrv4rKafH7S5Inxg\/photo\/AF1QipPnHNsJGdtlHlvpSmAwQwHIwxHQkH9M-QV5cE8?key=MU96cGl6c0dfMVpJc2djQ2I3RW5ESXBLY0ZVMmhR\" target=\"_blank\"><img decoding=\"async\" src=\"https:\/\/lh3.googleusercontent.com\/pw\/AP1GczNidlSfl8EZYf4Py27kpxCfXBghvSpj1JG84xcAOUbIRE5S6gLqwuTr_2ZMGvLEXrF67HXPhUZD5E8hr6gXnT2G_qFJT8HYj5HFq3E-AWluqhHa_c_vjSLMNd9Dv0o718__8bVXq10V-dREidIXBtph=w2000-h1333-s-no-gm?authuser=0\" width=\"2000\" height=\"1333\" alt=\"Sr. Kokichi Maeda, presidente de la Fundaci\u00f3n B&amp;G\" class=\"size-full\" \/><\/a><figcaption class=\"wp-caption-text\">Sr. Kokichi Maeda, presidente de la Fundaci\u00f3n B&amp;G<\/figcaption><\/figure>\n<h3>Presentaci\u00f3n del invitado<\/h3>\n<p>Yohei Sasakawa, presidente de la Fundaci\u00f3n Nippon; Junpei Sasakawa, director ejecutivo de la Fundaci\u00f3n Nippon; Hideo Sato, director general de la Fundaci\u00f3n Nippon; Yuki Kishi, concejala (actriz y pintora) de la Fundaci\u00f3n B&amp;G; Mari Tanigawa, directora representante de Mari Company Inc.; Shinsuke Sano, director (escritor editorial invitado del Sankei Shimbun) de la Fundaci\u00f3n B&amp;G; Genichi Kobayashi, Comit\u00e9 de Mejora de Instalaciones (Representante de Kobayashi Architects &amp; Associates) de la Fundaci\u00f3n B&amp;G; Yasuyoshi Maeda, presidente (alcalde de Takikawa, Hokkaido) de la Fundaci\u00f3n B&amp;G; Satoshi Sugawara, presidente de la Fundaci\u00f3n B&amp;G; Tomoaki Asahida, director general de la Fundaci\u00f3n B&amp;G; Masato Iwai, director general de la Fundaci\u00f3n B&amp;G<\/p>\n<figure class=\"wp-caption aligncenter\"><a href=\"https:\/\/photos.google.com\/share\/AF1QipNCIEEehDyv0BIPjWmkOCGOAkKvcgM0JKh0rTbCAV-hQquJrwvrv4rKafH7S5Inxg\/photo\/AF1QipNfkVTONyJdYfyenBQvczKREWMtOpqaQ5Nk8OM?key=MU96cGl6c0dfMVpJc2djQ2I3RW5ESXBLY0ZVMmhR\" target=\"_blank\"><img decoding=\"async\" src=\"https:\/\/lh3.googleusercontent.com\/pw\/AP1GczMAQ-burhxmdQOupvFsmxbG-vwEiDXB1pDXIRMErkqKAZSvVKu43QjiETjVyb_R18eezVsbKjLiELvvijbMyuu8fI8rIkl0O5KdDPJwTA0NhIZo0RxL21A4l_YY1DQnNZj39y4MedCsasBiX8EXgxVH=w2000-h1333-s-no-gm?authuser=0\" width=\"2000\" height=\"1333\" alt=\"Presentaci\u00f3n del invitado\" class=\"size-full\" \/><\/a><figcaption class=\"wp-caption-text\">Presentaci\u00f3n del invitado<\/figcaption><\/figure>\n<h3>Introducci\u00f3n:<br \/>\nEstablecimiento de bases de prevenci\u00f3n de desastres y sistemas de apoyo mutuo en caso de desastre<\/h3>\n<h4>1. Acerca de la Ayuda Mutua de la Fundaci\u00f3n B&amp;G:<br \/>\nRandai Fujie, Divisi\u00f3n de Promoci\u00f3n de la Prevenci\u00f3n de Desastres, Departamento de Revitalizaci\u00f3n Regional, Fundaci\u00f3n B&amp;G<\/h4>\n<figure class=\"wp-caption aligncenter\"><a href=\"https:\/\/photos.google.com\/share\/AF1QipNCIEEehDyv0BIPjWmkOCGOAkKvcgM0JKh0rTbCAV-hQquJrwvrv4rKafH7S5Inxg\/photo\/AF1QipP5HrX9LNmEuUpbTGc00V11SQEYFzx3WP6whco?key=MU96cGl6c0dfMVpJc2djQ2I3RW5ESXBLY0ZVMmhR\" target=\"_blank\"><img decoding=\"async\" src=\"https:\/\/lh3.googleusercontent.com\/pw\/AP1GczM_PZEmmqY8pkcqx0UmWF5VAH0oz306AH-vxHtkhU9LdV4543VlvbE8oFA1KdUzCOr0r8IL9PGUlCszYt1AkAjKKkcUPerCl57waWYreUw4qm6nbW9kM9lQCDtcnjGSyXXyMvZVXv6AJHOvQKwF6eXd=w2000-h1333-s-no-gm?authuser=0\" width=\"2000\" height=\"1333\" alt=\"Randai Fujie, Divisi\u00f3n de Promoci\u00f3n de la Prevenci\u00f3n de Desastres, Departamento de Revitalizaci\u00f3n Regional\" class=\"size-full\" \/><\/a><figcaption class=\"wp-caption-text\">Randai Fujie, Divisi\u00f3n de Promoci\u00f3n de la Prevenci\u00f3n de Desastres, Departamento de Revitalizaci\u00f3n Regional<\/figcaption><\/figure>\n<ul>\n<li>Expandirse a 69 ubicaciones en todo el pa\u00eds para el a\u00f1o fiscal 2024<\/li>\n<li>Descripci\u00f3n general del apoyo para la prevenci\u00f3n de desastres, equipos y materiales disponibles en las bases de prevenci\u00f3n de desastres (excavadoras hidr\u00e1ulicas, toboganes, botes de rescate, etc.)<\/li>\n<li>Presentamos ejemplos de uso en los desastres causados por el terremoto y las fuertes lluvias de la pen\u00ednsula de Noto.<\/li>\n<\/ul>\n<figure class=\"wp-caption aligncenter\"><a href=\"https:\/\/photos.google.com\/share\/AF1QipNCIEEehDyv0BIPjWmkOCGOAkKvcgM0JKh0rTbCAV-hQquJrwvrv4rKafH7S5Inxg\/photo\/AF1QipO8iF02VBICtebhP58bfROmdk7KLmKyyH-EKUQ?key=MU96cGl6c0dfMVpJc2djQ2I3RW5ESXBLY0ZVMmhR\" target=\"_blank\"><img decoding=\"async\" src=\"https:\/\/lh3.googleusercontent.com\/pw\/AP1GczM8YEkyooh9WBx0G7SciJXSSE72J__PXtRxwZzly81HEVPjxjWKAtr07vnryguxpq_l4hIb8uQpMqP5bA-Ku9h2L72kR5S-G9yi3g0zOM80dxaQOStlTxT5dDp-mkipOvIKtHseBEtsiCNmLrU4YvWi=w2000-h1333-s-no-gm?authuser=0\" width=\"2000\" height=\"1333\" alt=\"Informaci\u00f3n sobre apoyo mutuo durante desastres a trav\u00e9s de centros de prevenci\u00f3n de desastres\" class=\"size-full\" \/><\/a><figcaption class=\"wp-caption-text\">Informaci\u00f3n sobre apoyo mutuo durante desastres a trav\u00e9s de centros de prevenci\u00f3n de desastres<\/figcaption><\/figure>\n<h4>2. Situaci\u00f3n de da\u00f1os en la ciudad de Hirakawa, prefectura de Aomori:<br \/>\nTakamasa Susuda, Superintendente de Educaci\u00f3n, Ciudad de Hirakawa, Prefectura de Aomori<\/h4>\n<figure class=\"wp-caption aligncenter\"><a href=\"https:\/\/photos.google.com\/share\/AF1QipNCIEEehDyv0BIPjWmkOCGOAkKvcgM0JKh0rTbCAV-hQquJrwvrv4rKafH7S5Inxg\/photo\/AF1QipMMoeUkxq7ZWIiHp8WrXe5lx2TTpI5GrUA11sA?key=MU96cGl6c0dfMVpJc2djQ2I3RW5ESXBLY0ZVMmhR\" target=\"_blank\"><img decoding=\"async\" src=\"https:\/\/lh3.googleusercontent.com\/pw\/AP1GczPsaw-cuWeDw6IN3kbrXxX63_AdicP2AYLF5IvdBS3fbFW9V2qO7IQYrZx46bvFvgdVt92U1Fbb_G4CvMfHnOiuN5lJne7Nudoyz2VC-Z9RJnIpXnT-LKehqM959d6H-Zg-YMQ8rPEJT3g34SDbZkkE=w2000-h1333-s-no-gm?authuser=0\" width=\"2000\" height=\"1333\" alt=\"Sr. Takamasa Susuda, Superintendente de Educaci\u00f3n, Ciudad de Hirakawa, Prefectura de Aomori\" class=\"size-full\" \/><\/a><figcaption class=\"wp-caption-text\">Sr. Takamasa Susuda, Superintendente de Educaci\u00f3n, Ciudad de Hirakawa, Prefectura de Aomori<\/figcaption><\/figure>\n<p>Una nevada r\u00e9cord provoc\u00f3 un fuerte desastre en la regi\u00f3n de Tsugaru, en la prefectura de Aomori. Se despleg\u00f3 maquinaria pesada a trav\u00e9s del proyecto &quot;Establecimiento de Bases de Prevenci\u00f3n de Desastres y Sistemas de Apoyo Mutuo en Casos de Desastre&quot; de la Fundaci\u00f3n B&amp;G. Se enviaron maquinaria pesada y operadores desde las ciudades de Oga, en la prefectura de Akita, y Kuji, en la prefectura de Iwate, para realizar tareas de remoci\u00f3n de nieve en instalaciones p\u00fablicas como escuelas y centros comunitarios.<\/p>\n<figure class=\"wp-caption aligncenter\"><a href=\"https:\/\/photos.google.com\/share\/AF1QipNCIEEehDyv0BIPjWmkOCGOAkKvcgM0JKh0rTbCAV-hQquJrwvrv4rKafH7S5Inxg\/photo\/AF1QipPw7HZBlMxCUTptI6hFomty1cdUzVIp1sxr8Wg?key=MU96cGl6c0dfMVpJc2djQ2I3RW5ESXBLY0ZVMmhR\" target=\"_blank\"><img decoding=\"async\" src=\"https:\/\/lh3.googleusercontent.com\/pw\/AP1GczNpMx2vwaCgzcKPAed9DUKUhbk30pOwdvldhasX1MZmo4F7pU28dndR54Z1TezEpTb4NoDdHHuhNw_UKRlGQPJfTM3tBGcpLRlxbAadXhzIlnZwE8n_1JP6v-kbEfKXpqd4jC7N7NHKf-ts7o8SkDyE=w2000-h1333-s-no-gm?authuser=0\" width=\"2000\" height=\"1333\" alt=\"Situaci\u00f3n de apoyo en la ciudad de Oga\" class=\"size-full\" \/><\/a><figcaption class=\"wp-caption-text\">Situaci\u00f3n de apoyo en la ciudad de Oga<\/figcaption><\/figure>\n<h2>Discurso inaugural especial: &quot;\u00bfEst\u00e1 en peligro el futuro de Jap\u00f3n?&quot;<br \/>\nYohei Sasakawa, presidente de la Fundaci\u00f3n Nippon<\/h2>\n<h3>Perfil del presidente Yohei Sasakawa<\/h3>\n<ul>\n<li>Nacido el 8 de enero de 1939 (Showa 14), 86 a\u00f1os<\/li>\n<li>Presidente de la Fundaci\u00f3n Nippon: 2005 (julio de 2005 - actualidad)<\/li>\n<li>Presidente Honorario de la Fundaci\u00f3n Sasakawa para la Paz: julio de 2016 -<\/li>\n<li>Embajador de la OMS (Organizaci\u00f3n Mundial de la Salud) para la Eliminaci\u00f3n de la Lepra: mayo de 2001 -<\/li>\n<li>Embajador del Gobierno japon\u00e9s para la concienciaci\u00f3n sobre los derechos humanos de los enfermos de lepra: septiembre de 2007 -<\/li>\n<li>Enviado Especial del Gobierno del Jap\u00f3n para la Reconciliaci\u00f3n Nacional en Myanmar: febrero de 2013 -<\/li>\n<li>Condecoraciones Primavera 2024: Gran Cord\u00f3n de la Orden del Sol Naciente, Seleccionada como Persona de M\u00e9rito Cultural: Emitida el 29 de abril de 2019<\/li>\n<\/ul>\n<p>El presidente Yohei Sasakawa es muy valorado por sus muchos a\u00f1os de arduo trabajo y actividades en una amplia gama de campos, incluido su cargo como presidente de la Fundaci\u00f3n Nippon, una fundaci\u00f3n de inter\u00e9s p\u00fablico incorporada que apoya proyectos de bienestar, educaci\u00f3n y cooperaci\u00f3n internacional, adem\u00e1s de desempe\u00f1arse como Embajador de Buena Voluntad de la OMS (Organizaci\u00f3n Mundial de la Salud) para la Eliminaci\u00f3n de la Lepra.<\/p>\n<figure class=\"wp-caption aligncenter\"><a href=\"https:\/\/photos.google.com\/share\/AF1QipNCIEEehDyv0BIPjWmkOCGOAkKvcgM0JKh0rTbCAV-hQquJrwvrv4rKafH7S5Inxg\/photo\/AF1QipMQBuhJY1A-96FEuM8fY2rKsiXOYYRWXbKuzN0?key=MU96cGl6c0dfMVpJc2djQ2I3RW5ESXBLY0ZVMmhR\" target=\"_blank\"><img decoding=\"async\" src=\"https:\/\/lh3.googleusercontent.com\/pw\/AP1GczN2neDa4eb1ieuk7ZWyJ1mufUJRvXtJ03xsKGAoK6uS452QjvzCMR1HYvguWE2bAeRNWXX2WvlMu7-5OX-WeVAWRNEhd3blhmd2i6xHeOuB8ijKzYyWZsPqwsnB0zv5WXBevH-INT39lV0YTLj0lL2U=w2000-h1333-s-no-gm?authuser=0\" width=\"2000\" height=\"1333\" alt=\"Yohei Sasakawa, presidente de la Fundaci\u00f3n Nippon\" class=\"size-full\" \/><\/a><figcaption class=\"wp-caption-text\">Yohei Sasakawa, presidente de la Fundaci\u00f3n Nippon<\/figcaption><\/figure>\n<p>El d\u00eda del evento, todos los participantes recibieron una copia firmada del libro del presidente Yohei Sasakawa, &quot;A nuestra amada patria II&quot; (Publicaciones Sankei Shimbun).<\/p>\n<figure class=\"wp-caption aligncenter\"><a href=\"https:\/\/photos.google.com\/share\/AF1QipNCIEEehDyv0BIPjWmkOCGOAkKvcgM0JKh0rTbCAV-hQquJrwvrv4rKafH7S5Inxg\/photo\/AF1QipM1y_UCnh52TSP6EQVmluA-jJeEf5POe_5de_w?key=MU96cGl6c0dfMVpJc2djQ2I3RW5ESXBLY0ZVMmhR\" target=\"_blank\"><img decoding=\"async\" src=\"https:\/\/lh3.googleusercontent.com\/pw\/AP1GczMUIg7vFaROCPlUR_MNz3MsEU6Itbvw8rKtFk-QhfX8qhoHeR-1G2JFXYkoIEUvD_Hrj5cb2ljkJy4syvfajD63Bt5Fd757aM4jkMznrSF-z2Rk2bfkg20i-jxvEl1UOxTrht_qzEDAy3uoKQsBIlK-=w2000-h1333-s-no-gm?authuser=0\" width=\"2000\" height=\"1333\" alt=\"&quot;A mi amada patria II&quot; autografiada por el presidente Yohei Sasakawa\" class=\"size-full\" \/><\/a><figcaption class=\"wp-caption-text\">&quot;A mi amada patria II&quot; autografiada por el presidente Yohei Sasakawa<\/figcaption><\/figure>\n<h3>Discurso de apertura especial\/resumen<\/h3>\n<h4>1. Una autopresentaci\u00f3n humor\u00edstica y reflexiones sobre la conferencia.<\/h4>\n<p>La conferencia comenz\u00f3 con una humor\u00edstica presentaci\u00f3n del presidente Sasakawa. Comparti\u00f3 una an\u00e9cdota sobre su propio matrimonio y explic\u00f3 que le cuesta persuadir a la gente. Sin embargo, tambi\u00e9n expres\u00f3 su gratitud a los presidentes Maeda y Sugahara, quienes han apoyado las actividades de la Fundaci\u00f3n B&amp;G durante muchos a\u00f1os, y explic\u00f3 por qu\u00e9 acept\u00f3 la oportunidad de impartir esta conferencia.<\/p>\n<h4>2. La creaci\u00f3n de la Fundaci\u00f3n B&amp;G y su perspectiva de vanguardia<\/h4>\n<p>La conferencia comenz\u00f3 con un discurso de felicitaci\u00f3n por el 52.\u00ba aniversario de la fundaci\u00f3n de la Fundaci\u00f3n B&amp;G. Se explic\u00f3 que el punto de partida de la Fundaci\u00f3n B&amp;G fue el asesoramiento recibido en Alemania por Ryoichi Sasakawa, quien habl\u00f3 de la importancia de las instalaciones deportivas que priorizan a la comunidad local. En aquel entonces, los gobiernos locales ten\u00edan dificultades para conseguir presupuestos, pero \u00e9l abog\u00f3 por la necesidad de instalaciones con visi\u00f3n de futuro, y esta historia, que condujo al desarrollo actual de la fundaci\u00f3n, fue conmovedora.<\/p>\n<h4>3. Cambios en los tiempos y situaciones internacionales<\/h4>\n<p>La era ha cambiado de &quot;La Era Meiji es un lejano recuerdo&quot; a &quot;La Era Showa es un lejano recuerdo&quot;. A medida que nos acercamos al centenario de la era Showa, la situaci\u00f3n mundial tambi\u00e9n est\u00e1 experimentando cambios importantes. Expres\u00f3 una sensaci\u00f3n de crisis, citando ejemplos espec\u00edficos como el ascenso del presidente Trump, el cambio clim\u00e1tico debido al calentamiento global y la situaci\u00f3n internacional en torno a Jap\u00f3n. En particular, hizo una observaci\u00f3n muy importante sobre el impacto que los cambios en el entorno marino tendr\u00e1n en la cultura gastron\u00f3mica japonesa.<\/p>\n<figure class=\"wp-caption aligncenter\"><a href=\"https:\/\/photos.google.com\/share\/AF1QipNCIEEehDyv0BIPjWmkOCGOAkKvcgM0JKh0rTbCAV-hQquJrwvrv4rKafH7S5Inxg\/photo\/AF1QipN7LdVvanPOFjRyd6JRGEqf9SVNypg6-tGZpzE?key=MU96cGl6c0dfMVpJc2djQ2I3RW5ESXBLY0ZVMmhR\" target=\"_blank\"><img decoding=\"async\" src=\"https:\/\/lh3.googleusercontent.com\/pw\/AP1GczPAoOgDPCr_hPgBOJrIT4yspG7gJQYrCkuk2Akjjr0T7njiCa4xXl0hA6Ufq0FVKlkJ7eYz2ZXpxJBlb8MprZk28sxc-qIHBmva301zNZ7D4Y2eeR333gX3wOlUgxfEnsLb32mQGygnH5vsP3pBXsru=w2000-h1333-s-no-gm?authuser=0\" width=\"2000\" height=\"1333\" alt=\"El centenario de la era Showa y la cambiante situaci\u00f3n mundial\" class=\"size-full\" \/><\/a><figcaption class=\"wp-caption-text\">El centenario de la era Showa y la cambiante situaci\u00f3n mundial<\/figcaption><\/figure>\n<h4>4. La paz y la independencia de Jap\u00f3n, y el paso de la &quot;opini\u00f3n p\u00fablica&quot; a la &quot;opini\u00f3n p\u00fablica&quot; <\/h4>\n<p>\u00bfPor qu\u00e9 Jap\u00f3n est\u00e1 en paz? El presidente Sasakawa mencion\u00f3 el pre\u00e1mbulo de la Constituci\u00f3n japonesa y se\u00f1al\u00f3 los peligros de confiar en la buena fe de otros pa\u00edses para la seguridad nacional. A continuaci\u00f3n, alert\u00f3 sobre la situaci\u00f3n actual de Jap\u00f3n, enumerando los elementos necesarios para una naci\u00f3n verdaderamente independiente, como una constituci\u00f3n independiente, un ej\u00e9rcito nacional, una ley antiespionaje, medidas de ciberseguridad y capacidad de fabricaci\u00f3n de armas.<\/p>\n<p>La palabra clave aqu\u00ed era &quot;opini\u00f3n p\u00fablica&quot;. En el Jap\u00f3n de la posguerra, el kanji &quot;\u8f3f&quot; cay\u00f3 en desuso, por lo que la palabra &quot;seron&quot; se volvi\u00f3 m\u00e1s com\u00fan. Sin embargo, el presidente Sasakawa argument\u00f3 que &quot;opini\u00f3n p\u00fablica&quot; se refiere a los sentimientos del pueblo, mientras que &quot;opini\u00f3n p\u00fablica&quot; se refiere a las opiniones de los l\u00edderes con miras al futuro. Enfatiz\u00f3 que para romper el statu quo, lo que se necesitaba no era el sentimiento p\u00fablico, sino una opini\u00f3n p\u00fablica con liderazgo.<\/p>\n<figure class=\"wp-caption aligncenter\"><a href=\"https:\/\/photos.google.com\/share\/AF1QipNCIEEehDyv0BIPjWmkOCGOAkKvcgM0JKh0rTbCAV-hQquJrwvrv4rKafH7S5Inxg\/photo\/AF1QipObMKjc6_w4d2fT2eqI8kW_1aK2R71zHeQOn3o?key=MU96cGl6c0dfMVpJc2djQ2I3RW5ESXBLY0ZVMmhR\" target=\"_blank\"><img decoding=\"async\" src=\"https:\/\/lh3.googleusercontent.com\/pw\/AP1GczN1ceuKGBS0AnfxgD_NfMIBxaN2VncLRFIhb7qLnVVfyjTW6jj1HWg5C_BwF2uC4Y1Hgq0pUq6EqtCLjRyOk6OPaU6vqRDyJEEJB5TnAVfQAblTJ7fglJX2ZIlBy6JDwfxgbCrW2I5DBeAByAM2cmoF=w2000-h1333-s-no-gm?authuser=0\" width=\"2000\" height=\"1333\" alt=\"De \u201copini\u00f3n p\u00fablica\u201d a \u201copini\u00f3n p\u00fablica\u201d \" class=\"size-full\" \/><\/a><figcaption class=\"wp-caption-text\">De \u201copini\u00f3n p\u00fablica\u201d a \u201copini\u00f3n p\u00fablica\u201d<\/figcaption><\/figure>\n<h4>5. El poder del liderazgo y la opini\u00f3n p\u00fablica para abrir el futuro<\/h4>\n<p> Para concluir, el presidente Sasakawa cit\u00f3 a figuras hist\u00f3ricas como Uesugi Yozan, Saito Takao y Kobayashi Torasaburo para demostrar c\u00f3mo la firme determinaci\u00f3n y la acci\u00f3n por el pa\u00eds allanar\u00e1n el camino hacia el futuro. Enfatiz\u00f3 la importancia de no conformarse con el statu quo y de formar opini\u00f3n p\u00fablica y actuar sin temor a ser desfavorecido en ocasiones. Finalmente, expres\u00f3 su respeto por la continuidad de la Fundaci\u00f3n B&amp;G y afirm\u00f3 que The Nippon Foundation la apoyar\u00eda activamente en todo lo posible.<\/p>\n<figure class=\"wp-caption aligncenter\"><a href=\"https:\/\/photos.google.com\/share\/AF1QipNCIEEehDyv0BIPjWmkOCGOAkKvcgM0JKh0rTbCAV-hQquJrwvrv4rKafH7S5Inxg\/photo\/AF1QipOwgBhn32QyYmc9KSLsHIMTpl8kHTbdxp6gkdU?key=MU96cGl6c0dfMVpJc2djQ2I3RW5ESXBLY0ZVMmhR\" target=\"_blank\"><img decoding=\"async\" src=\"https:\/\/lh3.googleusercontent.com\/pw\/AP1GczNzKygLd8yA0ROzdXVHL7-x_yLv7oFL7jAzCXzJZhWtLJdTvxSMAcnlRhC0-CpmtkhItjVfD7B17gTRHWaLM43up8jv9Kj2NPWcoyl-JkE4gxiMCz623VSTg06Q5vBVrxJqAyhGLFqqbmguAWOQ4gdH=w2000-h1333-s-no-gm?authuser=0\" width=\"2000\" height=\"1333\" alt=\"El liderazgo y el poder de la opini\u00f3n p\u00fablica para abrir el futuro\" class=\"size-full\" \/><\/a><figcaption class=\"wp-caption-text\">El liderazgo y el poder de la opini\u00f3n p\u00fablica para abrir el futuro<\/figcaption><\/figure>\n<p>Esta conferencia nos record\u00f3 la importancia de no conformarnos con el statu quo, sino de actuar con miras al futuro. El apasionado mensaje del presidente Sasakawa nos impact\u00f3 profundamente y sin duda se convertir\u00e1 en una fuerza poderosa que transformar\u00e1 considerablemente nuestras acciones de ahora en adelante.<\/p>\n<figure class=\"wp-caption aligncenter\"><a href=\"https:\/\/photos.google.com\/share\/AF1QipNCIEEehDyv0BIPjWmkOCGOAkKvcgM0JKh0rTbCAV-hQquJrwvrv4rKafH7S5Inxg\/photo\/AF1QipNRFK5Tq2iXu7ME136rmrf4TXWXhi_Uipsbk3Q?key=MU96cGl6c0dfMVpJc2djQ2I3RW5ESXBLY0ZVMmhR\" target=\"_blank\"><img decoding=\"async\" src=\"https:\/\/lh3.googleusercontent.com\/pw\/AP1GczMnKXvFpAPJnw5YNhecVE_Ild53XTFKhz2oQMm7gPIEeoQEAiIL9FaMtb2L-RaRSuKvLdVDdPiCQcx8YbXVCe1xsqVzgEFT1zC7vaUve8GLjJHx_bR8MH_cwY8xfH7_QRqz2G_jWVmYEmdQVsyaHNOU=w2000-h1333-s-no-gm?authuser=0\" width=\"2000\" height=\"1333\" alt=\"\u00a1Con gratitud por el aut\u00f3grafo y el libro del presidente Sasakawa Yohei!\" class=\"size-full\" \/><\/a><figcaption class=\"wp-caption-text\">\u00a1Con gratitud por el aut\u00f3grafo y el libro del presidente Sasakawa Yohei!<\/figcaption><\/figure>\n<h4>Texto completo del discurso: &quot;Blog de Sasakawa Yohei&quot;<\/h4>\n\n        <div class=\"site-blogcard-premium\">\n            <div class=\"bc-label-custom\">Art\u00edculos relacionados<\/div>\n            <div class=\"bc-flex-container\">\n                <div class=\"bc-main-text\">\n                    <div class=\"bc-title-link-box\">\n                        <a href=\"https:\/\/blog.canpan.info\/sasakawa\/archive\/9450\" target=\"_blank\">Conferencia de la 17.\u00aa Cumbre Nacional de la Fundaci\u00f3n B&amp;G: 800 participantes - Blog de Yohei Sasakawa (Presidente Honorario de la Fundaci\u00f3n Nippon)<\/a>\n                    <\/div>\n                    <div class=\"bc-excerpt-box\"><\/div>\n                <\/div>\n                <div class=\"bc-thumbnail-box\">\n                    <a href=\"https:\/\/blog.canpan.info\/sasakawa\/archive\/9450\" target=\"_blank\">\n                        <div class=\"bc-img-zoom-wrap\">\n                            <img decoding=\"async\" src=\"https:\/\/blog.canpan.info\/sasakawa\/img\/Image_20250123_155139_897-thumbnail2.jpeg\" alt=\"Conferencia de la 17.\u00aa Cumbre Nacional de la Fundaci\u00f3n B&amp;G: 800 participantes - Blog de Yohei Sasakawa (Presidente Honorario de la Fundaci\u00f3n Nippon)\">\n                        <\/div>\n                    <\/a>\n                <\/div>\n            <\/div>\n        <\/div>\n<h3>romper<\/h3>\n<h2>Parte 2<\/h2>\n<ul>\n<li><strong>presidente:<\/strong>Shiho Ishiyama, alcalde de la ciudad de Ono, prefectura de Fukui<\/li>\n<li><strong>Vicepresidente:<\/strong>Alcalde Yasuhiko Sato de la ciudad de Nankan, prefectura de Kumamoto<\/li>\n<li><strong>Vicepresidente:<\/strong>El alcalde de la aldea de Hakuba, prefectura de Nagano, Toshiro Maruyama<\/li>\n<\/ul>\n<figure class=\"wp-caption aligncenter\"><a href=\"https:\/\/photos.google.com\/share\/AF1QipNCIEEehDyv0BIPjWmkOCGOAkKvcgM0JKh0rTbCAV-hQquJrwvrv4rKafH7S5Inxg\/photo\/AF1QipP8AKesDZqLmYLiGxXeA8NxOVslsbvdy1Sd4O4?key=MU96cGl6c0dfMVpJc2djQ2I3RW5ESXBLY0ZVMmhR\" target=\"_blank\"><img decoding=\"async\" src=\"https:\/\/lh3.googleusercontent.com\/pw\/AP1GczNWf7fJgwwDn_3bZDK04U0MF9xTofs-vs_Y_1SW_7lun7vKcW9LQhqZYl_VFwasT0Pz6V-4mdAfZm9bxp9PHFKC0y-lcWDT2EaEkCJyElPKLrJvAf7VZrYY_FSH9vzr7VrfJrcP8BEGcakHY9Daubox=w2000-h1333-s-no-gm?authuser=0\" width=\"2000\" height=\"1333\" alt=\"Presidente: Alcalde Shiho Ishiyama, Vicepresidente: Alcalde de la ciudad Yasuhiko Sato, Vicepresidente: Alcalde de la aldea Toshiro Maruyama\" class=\"size-full\" \/><\/a><figcaption class=\"wp-caption-text\">Presidente: Alcalde Shiho Ishiyama, Vicepresidente: Alcalde de la ciudad Yasuhiko Sato, Vicepresidente: Alcalde de la aldea Toshiro Maruyama<\/figcaption><\/figure>\n<figure class=\"wp-caption aligncenter\"><a href=\"https:\/\/photos.google.com\/share\/AF1QipNCIEEehDyv0BIPjWmkOCGOAkKvcgM0JKh0rTbCAV-hQquJrwvrv4rKafH7S5Inxg\/photo\/AF1QipNVz7B-w81m6EMpfgUHyeVhUz0P6iZbwqnv1OA?key=MU96cGl6c0dfMVpJc2djQ2I3RW5ESXBLY0ZVMmhR\" target=\"_blank\"><img decoding=\"async\" src=\"https:\/\/lh3.googleusercontent.com\/pw\/AP1GczOkqEJcQE8Cnodi3v1gtC4WFyAEC1iPyDkyXSWwTIDkclDdndW72csON1Oo18U8CZAw-ihuQUSle-Lp_jCWet7v3R3n14BnT_s9dPjzXSfa78LmhkmWlnzwVLGXM23ytPIzCQAIqoI_EdlUwIPyJOVs=w2000-h1333-s-no-gm?authuser=0\" width=\"2000\" height=\"1333\" alt=\"Definici\u00f3n de Micro y Macro\" class=\"size-full\" \/><\/a><figcaption class=\"wp-caption-text\">Definici\u00f3n de Micro y Macro<\/figcaption><\/figure>\n<h3>Estudio de caso 1: Perspectiva micro<br \/>\nEl estado de las instalaciones p\u00fablicas desde la perspectiva de las personas con discapacidad: estudios de caso de desarrollo de instalaciones especiales y el uso de un cobertizo para embarcaciones de \u00faltima generaci\u00f3n: alcalde Ishiyama Takataka, ciudad de Kami, prefectura de Miyagi<\/h3>\n<figure class=\"wp-caption aligncenter\"><a href=\"https:\/\/photos.google.com\/share\/AF1QipNCIEEehDyv0BIPjWmkOCGOAkKvcgM0JKh0rTbCAV-hQquJrwvrv4rKafH7S5Inxg\/photo\/AF1QipOPbhGCIYFqrsPhATfO6jLW1PW4ZJnV4PvcfTQ?key=MU96cGl6c0dfMVpJc2djQ2I3RW5ESXBLY0ZVMmhR\" target=\"_blank\"><img decoding=\"async\" src=\"https:\/\/lh3.googleusercontent.com\/pw\/AP1GczNp0P3d2l95Zwk9Aj5-iOmXp2PQ9FkMF19zouwYYNSfOttkHojBMlJKlHDwBc7EP01oZhjkdJjuNkiJVVLTOAyMG64ECvQv70h5ILUMelK6dJz4xnNvdaCTIR5I5g1uXA77XMRZe3n0Iq1IQH-3w0KD=w2000-h1333-s-no-gm?authuser=0\" width=\"2000\" height=\"1333\" alt=\"Alcalde Takataka Ishiyama de la ciudad de Miyagi Kenkami\" class=\"size-full\" \/><\/a><figcaption class=\"wp-caption-text\">Alcalde Takataka Ishiyama de la ciudad de Miyagi Kenkami<\/figcaption><\/figure>\n<p>Entre los a\u00f1os fiscales 2019 (Reiwa 1) y 2021 (Reiwa 3), el Centro Marino Nakaniida en la ciudad de Kami se financi\u00f3 gracias a una subvenci\u00f3n de una fundaci\u00f3n y resurgi\u00f3 como un espacio donde todos pueden disfrutar juntos. Todas las instalaciones se han adaptado para personas con discapacidad, con rampas sin escalones, duchas accesibles para sillas de ruedas y ba\u00f1os multiusos. Se ha construido una nueva oficina con personal a tiempo completo, creando un entorno seguro para personas con discapacidad.<\/p>\n<figure class=\"wp-caption aligncenter\"><a href=\"https:\/\/photos.google.com\/share\/AF1QipNCIEEehDyv0BIPjWmkOCGOAkKvcgM0JKh0rTbCAV-hQquJrwvrv4rKafH7S5Inxg\/photo\/AF1QipO1tLn5Q-fJOauI8TNRQ100NGSerWDZRlyyFAA?key=MU96cGl6c0dfMVpJc2djQ2I3RW5ESXBLY0ZVMmhR\" target=\"_blank\"><img decoding=\"async\" src=\"https:\/\/lh3.googleusercontent.com\/pw\/AP1GczP1tD-DcbuOo47z0cIMJpYnDhHRM9eaxqHkH8LoeKILjEDrwOygH-A304MAHrWSr8ZjDpmfmCYdhHsZK5avPhoF0UQNdlbFrvz6bylKlX7QRcMx8907BmiLc_HC7y5EQZsk8KKmn62-J9nO41YA91DK=w2000-h1333-s-no-gm?authuser=0\" width=\"2000\" height=\"1333\" alt=\"Escuela Inclusiva\" class=\"size-full\" \/><\/a><figcaption class=\"wp-caption-text\">Escuela Inclusiva<\/figcaption><\/figure>\n<h3>Estudio de caso 2: Perspectiva macro<br \/>\nUn ejemplo de utilizaci\u00f3n de una instalaci\u00f3n de piscina especial en funci\u00f3n del estado de las instalaciones p\u00fablicas como se ve en el Plan Integral de la Ciudad de Taiki: Alcalde Kurokawa Yutaka, Ciudad de Taiki, Hokkaido<\/h3>\n<figure class=\"wp-caption aligncenter\"><a href=\"https:\/\/photos.google.com\/share\/AF1QipNCIEEehDyv0BIPjWmkOCGOAkKvcgM0JKh0rTbCAV-hQquJrwvrv4rKafH7S5Inxg\/photo\/AF1QipN--onPedW_8CbG9-RoboQAaZ5F1N10fc6NlSs?key=MU96cGl6c0dfMVpJc2djQ2I3RW5ESXBLY0ZVMmhR\" target=\"_blank\"><img decoding=\"async\" src=\"https:\/\/lh3.googleusercontent.com\/pw\/AP1GczPBi9Lq3Nf2WWDw_LvRQWtDq6zUTsjzrlyjlY0ciykZW9Fh92KxG-7RdpgfsIEhb16_5wp1Aw-rjliWIbXBIzqxo-kXx86utSycuQKx9VOR0KccAdbv-CtYVIYG_sVcB5w-o6dUE0syBNczpaNvRskj=w2000-h1333-s-no-gm?authuser=0\" width=\"2000\" height=\"1333\" alt=\"Alcalde de la ciudad de Taiki, Hokkaido, Yutaka Kurokawa\" class=\"size-full\" \/><\/a><figcaption class=\"wp-caption-text\">Alcalde de la ciudad de Taiki, Hokkaido, Yutaka Kurokawa<\/figcaption><\/figure>\n<p>En el a\u00f1o fiscal 2023 (Reiwa 5), el Centro Marino Taiki utiliz\u00f3 una subvenci\u00f3n de la fundaci\u00f3n para reemplazar su piscina techada por una piscina cubierta climatizada junto a la escuela primaria. La piscina se calienta mediante una caldera de biomasa de madera. Adem\u00e1s de una piscina de 25 m (4 carriles), una piscina para estudiantes m\u00e1s j\u00f3venes y una piscina infantil, el centro tambi\u00e9n instal\u00f3 instalaciones como una sala de calefacci\u00f3n, ba\u00f1os accesibles, una zona de observaci\u00f3n, c\u00e1maras de vigilancia y un dispositivo antirreflujo s\u00edsmico.<\/p>\n<figure class=\"wp-caption aligncenter\"><a href=\"https:\/\/photos.google.com\/share\/AF1QipNCIEEehDyv0BIPjWmkOCGOAkKvcgM0JKh0rTbCAV-hQquJrwvrv4rKafH7S5Inxg\/photo\/AF1QipNNlIEQYdnLUfgxfrm-qS-3jn1XD_EVgRMZcyo?key=MU96cGl6c0dfMVpJc2djQ2I3RW5ESXBLY0ZVMmhR\" target=\"_blank\"><img decoding=\"async\" src=\"https:\/\/lh3.googleusercontent.com\/pw\/AP1GczPTMLZ-3FK0gvxU3uQB8ZV23WGCVLQ9dGiOLS3UfUm4vfBLJpvpVDK38XZP64UVVltdn6E-IEsSPD7BrpZcKR1ZlCxbqHjZSegNE3SxUe1zCohwB8pVkvIL46ianoOT9HDrGBfPVicRPJOCRKGsC1N2=w2000-h1333-s-no-gm?authuser=0\" width=\"2000\" height=\"1333\" alt=\"Clases de nataci\u00f3n y clases de caminata en la nueva piscina.\" class=\"size-full\" \/><\/a><figcaption class=\"wp-caption-text\">Clases de nataci\u00f3n y clases de caminata en la nueva piscina.<\/figcaption><\/figure>\n<h3>Solicitudes de la Asociaci\u00f3n Nacional de L\u00edderes de B&amp;G:<br \/>\nFormaci\u00f3n y empleo de instructores: Sr. Sukenao Kudo, presidente de la Asociaci\u00f3n Nacional de Instructores de B&amp;G (alcalde de la ciudad de Nanbu, prefectura de Aomori)<\/h3>\n<figure class=\"wp-caption aligncenter\"><a href=\"https:\/\/photos.google.com\/share\/AF1QipNCIEEehDyv0BIPjWmkOCGOAkKvcgM0JKh0rTbCAV-hQquJrwvrv4rKafH7S5Inxg\/photo\/AF1QipNdNIfLXgFDklSUMprES1Sy7cNkHS0PQdz5haU?key=MU96cGl6c0dfMVpJc2djQ2I3RW5ESXBLY0ZVMmhR\" target=\"_blank\"><img decoding=\"async\" src=\"https:\/\/lh3.googleusercontent.com\/pw\/AP1GczM3hOJyRYbEeHIWgCtXJi5KOAiugOq9nkda9dIrhOtUsTlqurakLPDFvSbgMJsJbc0BtrSZroluViRZskh1bcvOilPQ3tEgRHkxYW1riXmVoYDofpNyfkD70U-qg2a8mCvOvJE1PSombVgkUXxmO7JK=w2000-h1333-s-no-gm?authuser=0\" width=\"2000\" height=\"1333\" alt=\"Alcalde de la ciudad de Nanbu, prefectura de Aomori, Sr. Sukenao Kudo\" class=\"size-full\" \/><\/a><figcaption class=\"wp-caption-text\">Alcalde de la ciudad de Nanbu, prefectura de Aomori, Sr. Sukenao Kudo<\/figcaption><\/figure>\n<ul>\n<li>Solicitud de env\u00edo de curso de formaci\u00f3n de instructores de centro en 2025<\/li>\n<li>Actividades en las reuniones de l\u00edderes regionales (esfuerzos de amplio alcance de los l\u00edderes de B&amp;G)<\/li>\n<li>Promoci\u00f3n de las 3K entre los jefes de gobierno locales: &quot;Despacho de capacitaci\u00f3n&quot;, &quot;Comprensi\u00f3n de las actividades&quot; y &quot;Comunicaci\u00f3n&quot;<\/li>\n<\/ul>\n<figure class=\"wp-caption aligncenter\"><a href=\"https:\/\/photos.google.com\/share\/AF1QipNCIEEehDyv0BIPjWmkOCGOAkKvcgM0JKh0rTbCAV-hQquJrwvrv4rKafH7S5Inxg\/photo\/AF1QipNvWETbMX6VqX6E4gPDiywPFx1iWrzcukDZcmk?key=MU96cGl6c0dfMVpJc2djQ2I3RW5ESXBLY0ZVMmhR\" target=\"_blank\"><img decoding=\"async\" src=\"https:\/\/lh3.googleusercontent.com\/pw\/AP1GczOKJJmLxVZU8cecQZEgkZJ4eAE4bTNqDsOmSEi4_CG0PJD4fNN1HAZs6mkQZ1Smzq8YXYvLwXhHHYs2yQnPrIExWyVcppgkVGtQDT0oO12fYmt7EHx99UA22firDnrcdmQXvpTc-SW8HgA0uglFRbu7=w2000-h1333-s-no-gm?authuser=0\" width=\"2000\" height=\"1333\" alt=\"Los amplios esfuerzos de los l\u00edderes de B&amp;G\" class=\"size-full\" \/><\/a><figcaption class=\"wp-caption-text\">Los amplios esfuerzos de los l\u00edderes de B&amp;G<\/figcaption><\/figure>\n<h3>Informe de la 21\u00aa Conferencia Nacional de Superintendentes de B&amp;G:<br \/>\nNoriko Yoneda, presidenta de la Conferencia Nacional de Superintendentes de Educaci\u00f3n de B&amp;G (Superintendente de Educaci\u00f3n, Ciudad de Yabu, Prefectura de Hyogo)<\/h3>\n<figure class=\"wp-caption aligncenter\"><a href=\"https:\/\/photos.google.com\/share\/AF1QipNCIEEehDyv0BIPjWmkOCGOAkKvcgM0JKh0rTbCAV-hQquJrwvrv4rKafH7S5Inxg\/photo\/AF1QipOcd9fLMWBqp7ryYB1Ja_j773LDTYMXvgMDk94?key=MU96cGl6c0dfMVpJc2djQ2I3RW5ESXBLY0ZVMmhR\" target=\"_blank\"><img decoding=\"async\" src=\"https:\/\/lh3.googleusercontent.com\/pw\/AP1GczOxTB_NhW-v1c934Mn5aAZ_e_7bolj-THB7M_om7ahMRsMD_21tlnjQzTkbeMpWeFYEVANE8Tlm_bbvO5ivmh4NGxWmOub5RPqjKnJoqp7mfZIb1NTMDmSUhLEi2x7Rnly66mOgCCBsldNrrgLp3_U2=w2000-h1333-s-no-gm?authuser=0\" width=\"2000\" height=\"1333\" alt=\"Noriko Yoneda, Presidenta de la Conferencia Nacional de Superintendentes de Educaci\u00f3n de B&amp;G y Superintendente de Educaci\u00f3n de la ciudad de Yabu, prefectura de Hyogo\" class=\"size-full\" \/><\/a><figcaption class=\"wp-caption-text\">Noriko Yoneda, Presidenta de la Conferencia Nacional de Superintendentes de Educaci\u00f3n de B&amp;G y Superintendente de Educaci\u00f3n de la ciudad de Yabu, prefectura de Hyogo<\/figcaption><\/figure>\n<ul>\n<li>La 21\u00aa Conferencia Nacional de Superintendentes de Educaci\u00f3n de B&amp;G se celebr\u00f3 el viernes 22 de noviembre de 2024, con un total de 295 participantes, incluidos 222 superintendentes de 238 municipios en 45 prefecturas.<\/li>\n<li>Discurso inaugural: &quot;Creaci\u00f3n de una nueva forma de actividades de clubes locales: Akihisa Shirota, Director Representante de la Asociaci\u00f3n General Incorporada Mirai Chizu&quot;<\/li>\n<li>Otras presentaciones de casos<\/li>\n<li>Recomendaciones de la 21\u00aa Conferencia Nacional de Superintendentes de Educaci\u00f3n: Crear un entorno que permita diversas actividades<\/li>\n<\/ul>\n<figure class=\"wp-caption aligncenter\"><a href=\"https:\/\/photos.google.com\/share\/AF1QipNCIEEehDyv0BIPjWmkOCGOAkKvcgM0JKh0rTbCAV-hQquJrwvrv4rKafH7S5Inxg\/photo\/AF1QipPuFz9_sDUOoBlmKsXRpbsRxgbc9oVpgyhYGTc?key=MU96cGl6c0dfMVpJc2djQ2I3RW5ESXBLY0ZVMmhR\" target=\"_blank\"><img decoding=\"async\" src=\"https:\/\/lh3.googleusercontent.com\/pw\/AP1GczOfUGO3s8sTeLuHFgCiuxFK0njegdbiEJOK-p-kcLdIo_BwDKdnwKRNzcHh1RGB6w9RXYTSmDI9UR2BiesEXi6cKu7ouErhXgJOC7Wj5-iTlC5S7Cq7A0N1YevnKLRcg2ntROwX1jfx2fwdVuzDOlaK=w2000-h1333-s-no-gm?authuser=0\" width=\"2000\" height=\"1333\" alt=\"Recomendaciones de la 21\u00aa Conferencia Nacional de Superintendentes de Educaci\u00f3n\" class=\"size-full\" \/><\/a><figcaption class=\"wp-caption-text\">Recomendaciones de la 21\u00aa Conferencia Nacional de Superintendentes de Educaci\u00f3n<\/figcaption><\/figure>\n<h3>Informe provisional del Proyecto de Amistad B&amp;G<br \/>\nInforme de progreso del Proyecto de Ayuda a las V\u00edctimas del Terremoto de la Pen\u00ednsula de Noto en 2024: Tomoaki Asahida, Director Ejecutivo de la Fundaci\u00f3n B&amp;G<\/h3>\n<figure class=\"wp-caption aligncenter\"><a href=\"https:\/\/photos.google.com\/share\/AF1QipNCIEEehDyv0BIPjWmkOCGOAkKvcgM0JKh0rTbCAV-hQquJrwvrv4rKafH7S5Inxg\/photo\/AF1QipO-2NIp8_s8uUjDkH6exgANulg16_WLV20qNU8?key=MU96cGl6c0dfMVpJc2djQ2I3RW5ESXBLY0ZVMmhR\" target=\"_blank\"><img decoding=\"async\" src=\"https:\/\/lh3.googleusercontent.com\/pw\/AP1GczOS85BriN7TpUS__La4AJRNO_Uc6gcku1iBSeaGbzxav5C3FDYMcUdpxzE9_LFaylIElMWzk0_wD7s_PbejcNXrN94ghIBegv_7O4rD2vDtBYb2JovyVc5Ob2Wbr8xYGW5IgpPchjwZXm_FClg_3pfb=w2000-h1333-s-no-gm?authuser=0\" width=\"2000\" height=\"1333\" alt=\"Tomoaki Asahida, Director Ejecutivo de la Fundaci\u00f3n B&amp;G\" class=\"size-full\" \/><\/a><figcaption class=\"wp-caption-text\">Tomoaki Asahida, Director Ejecutivo de la Fundaci\u00f3n B&amp;G<\/figcaption><\/figure>\n<ul>\n<li>Municipios destinatarios: Ciudad de Anamizu, Ciudad de Shika, Ciudad de Nanao Monto total de apoyo: 23.773.501 yenes <\/li>\n<li>Explicaci\u00f3n del Director Ejecutivo sobre la situaci\u00f3n actual en el Centro Marino del \u00c1rea de Desastre:<br \/>\nProporcionar experiencias de deportes marinos, proporcionar \u00e1reas de juego y actividades pr\u00e1cticas para ni\u00f1os, brindar apoyo de compras para complejos de viviendas temporales, donar bebidas a instalaciones de bienestar infantil, apoyar servicios de cuidado de manos en instalaciones de cuidado de personas mayores y brindar apoyo para el festival Obon para familias en duelo por el desastre del terremoto.<\/li>\n<\/ul>\n<figure class=\"wp-caption aligncenter\"><a href=\"https:\/\/photos.google.com\/share\/AF1QipNCIEEehDyv0BIPjWmkOCGOAkKvcgM0JKh0rTbCAV-hQquJrwvrv4rKafH7S5Inxg\/photo\/AF1QipN7hUKODjQ_wfwZJQLCwbwWj6R0fPWZzZVMuh8?key=MU96cGl6c0dfMVpJc2djQ2I3RW5ESXBLY0ZVMmhR\" target=\"_blank\"><img decoding=\"async\" src=\"https:\/\/lh3.googleusercontent.com\/pw\/AP1GczOMX06fKLlEvXn-IirGfntdxkCS5aDMaa1oCfnmvEma6QcLyQWCH0aTHB3ixn-huQp7n3-seack-i547r4H566LETS6Na1LasbX62Mswo_ur_mKcmJ2hXX7UHRqcY4D5-PzAA4_8nihDyHmZhUhBsTu=w2000-h1333-s-no-gm?authuser=0\" width=\"2000\" height=\"1333\" alt=\"Proyecto de Amistad B&amp;G\" class=\"size-full\" \/><\/a><figcaption class=\"wp-caption-text\">Proyecto de Amistad B&amp;G<\/figcaption><\/figure>\n<h3>Informe sobre el estado actual de la reconstrucci\u00f3n en la ciudad de Anamizu, prefectura de Ishikawa<br \/>\nJunko Oma, Superintendente de Educaci\u00f3n, Ciudad de Anamizu, Prefectura de Ishikawa<\/h3>\n<figure class=\"wp-caption aligncenter\"><a href=\"https:\/\/photos.google.com\/share\/AF1QipNCIEEehDyv0BIPjWmkOCGOAkKvcgM0JKh0rTbCAV-hQquJrwvrv4rKafH7S5Inxg\/photo\/AF1QipO3AwEKdwi8IamUgBQjnoHrLRxIAXQrAke-oL0?key=MU96cGl6c0dfMVpJc2djQ2I3RW5ESXBLY0ZVMmhR\" target=\"_blank\"><img decoding=\"async\" src=\"https:\/\/lh3.googleusercontent.com\/pw\/AP1GczPgypZkKG-LufMH9VyCiU1b8ZoIVtMNeDPCvO0P7AusRZVhI51JSCgk8HHCXVYmzd1O2I5ZKQsNskShrnnBBgZHEaU2CT4pFrvonK60nvvv8OL45iXYqmBEzgNSYoeUND-xBYfb3aMVZ8rS-SLF7kd0=w2000-h1333-s-no-gm?authuser=0\" width=\"2000\" height=\"1333\" alt=\"Sra. Junko Oma, Superintendente de Educaci\u00f3n, Municipio de Anamizu, Prefectura de Ishikawa\" class=\"size-full\" \/><\/a><figcaption class=\"wp-caption-text\">Sra. Junko Oma, Superintendente de Educaci\u00f3n, Municipio de Anamizu, Prefectura de Ishikawa<\/figcaption><\/figure>\n<ul>\n<li>Situaci\u00f3n actual de las viviendas temporales \u30fbClases h\u00edbridas en l\u00ednea (estudiantes de 3\u00ba de secundaria)<\/li>\n<li>Los ni\u00f1os de guarder\u00eda y de escuela primaria pasan tiempo juntos, comen almuerzos escolares hechos con suministros de socorro y todos cooperan para vivir una vida escolar.<\/li>\n<li>Con la finalizaci\u00f3n del edificio temporal de la escuela primaria, las clases se reanudaron despu\u00e9s de una pausa de ocho meses.<\/li>\n<li>Los ni\u00f1os van a la escuela con sonrisas en sus caras.<\/li>\n<li>Gracias al meticuloso apoyo de la Fundaci\u00f3n B&amp;G, los ni\u00f1os est\u00e1n convirtiendo sus tristes recuerdos del terremoto en recuerdos felices.<\/li>\n<li>Me da coraje y energ\u00eda, y me ayuda a dar lo mejor de m\u00ed. \u00a1Gracias!<\/li>\n<\/ul>\n<h3>\u00a1Convocatoria de solicitudes! Informaci\u00f3n sobre los programas de becas de la fundaci\u00f3n del pr\u00f3ximo a\u00f1o.<br \/>\nNana Wakabayashi, Secci\u00f3n del Club del Centro Marino, Divisi\u00f3n de Negocios<\/h3>\n<figure class=\"wp-caption aligncenter\"><a href=\"https:\/\/photos.google.com\/share\/AF1QipNCIEEehDyv0BIPjWmkOCGOAkKvcgM0JKh0rTbCAV-hQquJrwvrv4rKafH7S5Inxg\/photo\/AF1QipNlV-A8w3LW5K4A19Kku0ld_Zd3dWeyU3PJoJs?key=MU96cGl6c0dfMVpJc2djQ2I3RW5ESXBLY0ZVMmhR\" target=\"_blank\"><img decoding=\"async\" src=\"https:\/\/lh3.googleusercontent.com\/pw\/AP1GczNugtjxKJWSyaaIrzbkl_neBU6QIKV1Pj2nHNWMJF2bFrqKbg4s18cKxKDMRxL78iWpBaMgj5ioPsCSBoTfhO4C8rcE-4uxELQQlqG5T-UvC6XArpHcdiqIM0lRUlrs-c4KXuk0IqEG-7NLDMQ6FpMq=w2000-h1333-s-no-gm?authuser=0\" width=\"2000\" height=\"1333\" alt=\"Nana Wakabayashi, Divisi\u00f3n de Negocios, Secci\u00f3n del Club del Centro Marino\" class=\"size-full\" \/><\/a><figcaption class=\"wp-caption-text\">Nana Wakabayashi, Divisi\u00f3n de Negocios, Secci\u00f3n del Club del Centro Marino<\/figcaption><\/figure>\n<ul>\n<li>Proyecto especial de apoyo para la prevenci\u00f3n de golpes de calor: Instalaci\u00f3n de puestos de primeros auxilios alrededor de la piscina del Centro Marino (limitado a 15 ubicaciones en el a\u00f1o fiscal 2025)<\/li>\n<li>Instalaci\u00f3n de &quot;B&amp;G Collection Boxes (cubos de basura destinados a recoger la basura arrastrada por el agua)&quot;<\/li>\n<li>Informaci\u00f3n sobre el Club N\u00e1utico<\/li>\n<\/ul>\n<figure class=\"wp-caption aligncenter\"><a href=\"https:\/\/photos.google.com\/share\/AF1QipNCIEEehDyv0BIPjWmkOCGOAkKvcgM0JKh0rTbCAV-hQquJrwvrv4rKafH7S5Inxg\/photo\/AF1QipPN90xfcfOO-XunMkx6nrM-_fbPQKDwXzkWvYI?key=MU96cGl6c0dfMVpJc2djQ2I3RW5ESXBLY0ZVMmhR\" target=\"_blank\"><img decoding=\"async\" src=\"https:\/\/lh3.googleusercontent.com\/pw\/AP1GczN7E5Sk2sB77YxwKP7GbOwGugeTziExDy3ckXp0W9r3e0abju1-y-NJ-Xy9JM0_AIaNt6WFlH0AkM1SVlfTFk5ocLGhKxk4JMOk1YapdgN7OmJePM70vuEkkeZ4A_ZiK7MoivHqihqOYd07b0eBsnyt=w2000-h1333-s-no-gm?authuser=0\" width=\"2000\" height=\"1333\" alt=\"Proyecto de instalaci\u00f3n de caja de recolecci\u00f3n\" class=\"size-full\" \/><\/a><figcaption class=\"wp-caption-text\">Proyecto de instalaci\u00f3n de caja de recolecci\u00f3n<\/figcaption><\/figure>\n<h3>Introducci\u00f3n de aprendices enviados por los gobiernos locales<\/h3>\n<figure class=\"wp-caption aligncenter\"><a href=\"https:\/\/photos.google.com\/share\/AF1QipNCIEEehDyv0BIPjWmkOCGOAkKvcgM0JKh0rTbCAV-hQquJrwvrv4rKafH7S5Inxg\/photo\/AF1QipMnLLQH0KBtCyPXuJlFgbJi61ge_05_gQiMn-s?key=MU96cGl6c0dfMVpJc2djQ2I3RW5ESXBLY0ZVMmhR\" target=\"_blank\"><img decoding=\"async\" src=\"https:\/\/lh3.googleusercontent.com\/pw\/AP1GczM1zgPgmAfeuJNlugZsiWSpjgiWJIcjkFFI8a8u0Qa83VA1lx1UAtQ7xLbCopdaihNfI5VMd7QvSLNp4MFQIdCceoltRn3L0as9cekd7JZoJTmZnmCWSRzCAfubwsomczMvnAwElE0RhaTErSV_8knV=w2000-h1333-s-no-gm?authuser=0\" width=\"2000\" height=\"1333\" alt=\"Estudiantes enviados por los gobiernos locales (Sr. Mitsuteru Hirotomi, Sr. Kazuhiro Kayama, Sra. Hideko Matsuoka)\" class=\"size-full\" \/><\/a><figcaption class=\"wp-caption-text\">Estudiantes enviados por los gobiernos locales (Sr. Mitsuteru Hirotomi, Sr. Kazuhiro Kayama, Sra. Hideko Matsuoka)<\/figcaption><\/figure>\n<ul>\n<li>Adscrito desde la ciudad de Aibetsu, Hokkaido \u2192 Asignado a la Secci\u00f3n del Centro Marino y Club del Departamento de Negocios: Mitsuteru Hirotomi<\/li>\n<li>Adscrito desde la ciudad de Nagi, prefectura de Okayama \u2192 Asignado al Departamento de Negocios, Centro Marino y Divisi\u00f3n de Clubes: Kazuhiro Kayama<\/li>\n<li>Adscrito desde la ciudad de Amagi, prefectura de Kagoshima \u2192 Asignado a la Divisi\u00f3n de Planificaci\u00f3n y Relaciones P\u00fablicas del Departamento de Planificaci\u00f3n: Hideko Matsuoka<\/li>\n<li>Planificaci\u00f3n y desarrollo del proyecto de socorro en caso de desastre: &quot;Visitas de atenci\u00f3n a domicilio en centros de atenci\u00f3n a personas mayores&quot;:<br \/>\nEl evento se plane\u00f3 con el objetivo de refrescar la mente y el cuerpo, y condujo a una mejora de la salud mental.<\/li>\n<\/ul>\n<figure class=\"wp-caption aligncenter\"><a href=\"https:\/\/photos.google.com\/share\/AF1QipNCIEEehDyv0BIPjWmkOCGOAkKvcgM0JKh0rTbCAV-hQquJrwvrv4rKafH7S5Inxg\/photo\/AF1QipN5kQ8ddo27aAQGz9PN59iKoaxHpSxJmVPsuoY?key=MU96cGl6c0dfMVpJc2djQ2I3RW5ESXBLY0ZVMmhR\" target=\"_blank\"><img decoding=\"async\" src=\"https:\/\/lh3.googleusercontent.com\/pw\/AP1GczOmZzJd27VwduzRPcjXLIsvNEMeqTeuvhDPAB-OpnsntFkRA7Ysmls_S49jzy6_kxirpJMwm5Idvc5z-gd9GmLj9p0qYkZocVJ9WgSLqDEPtpuZRusE3PoRUaDb-tS8Y_lVgsazdfANfHxI1Gu1jKZf=w2000-h1333-s-no-gm?authuser=0\" width=\"2000\" height=\"1333\" alt=\"Visita a centros de atenci\u00f3n para personas mayores para el cuidado de las manos\" class=\"size-full\" \/><\/a><figcaption class=\"wp-caption-text\">Visita a centros de atenci\u00f3n para personas mayores para el cuidado de las manos<\/figcaption><\/figure>\n<h2>Parte 3<\/h2>\n<h3>Premio: Centro de Evaluaci\u00f3n Especial A por 10 a\u00f1os consecutivos<\/h3>\n<figure class=\"wp-caption aligncenter\"><a href=\"https:\/\/photos.google.com\/share\/AF1QipNCIEEehDyv0BIPjWmkOCGOAkKvcgM0JKh0rTbCAV-hQquJrwvrv4rKafH7S5Inxg\/photo\/AF1QipO9RjMDplQlPoSzltKVGrCXlZxsXqbaAPxr4YE?key=MU96cGl6c0dfMVpJc2djQ2I3RW5ESXBLY0ZVMmhR\" target=\"_blank\"><img decoding=\"async\" src=\"https:\/\/lh3.googleusercontent.com\/pw\/AP1GczMxwMQq-YimjZEbwlMijjIxT6FrfncWxESFp4LVOqiUFWZyyQ0XuxNTEXQwlcX9u4ByAQ-TrKdn0-oZJWBI2D3iP4E-Bv98FsmoynKuT2l_da414nnVka65zeHuGJc7bM1dxQ_xQS_qKNmN2aWivheO=w2000-h1333-s-no-gm?authuser=0\" width=\"2000\" height=\"1333\" alt=\"Premio Especial A del Centro de Evaluaci\u00f3n por 10 a\u00f1os consecutivos\" class=\"size-full\" \/><\/a><figcaption class=\"wp-caption-text\">Premio Especial A del Centro de Evaluaci\u00f3n por 10 a\u00f1os consecutivos<\/figcaption><\/figure>\n<p>*Debido a la gran cantidad de destinatarios de los Premios del Centro de Evaluaci\u00f3n Especial A, por d\u00e9cimo a\u00f1o consecutivo los premios se presentaron mediante un video y un representante recibi\u00f3 el premio en el escenario.<\/p>\n<h4>Premio de la ciudad de Hokuryu<\/h4>\n<figure class=\"wp-caption aligncenter\"><a href=\"https:\/\/photos.google.com\/share\/AF1QipNCIEEehDyv0BIPjWmkOCGOAkKvcgM0JKh0rTbCAV-hQquJrwvrv4rKafH7S5Inxg\/photo\/AF1QipOJV14rfJoXVdK6v2d4BdaEaVwdk-S7kzV0wds?key=MU96cGl6c0dfMVpJc2djQ2I3RW5ESXBLY0ZVMmhR\" target=\"_blank\"><img decoding=\"async\" src=\"https:\/\/lh3.googleusercontent.com\/pw\/AP1GczOBTAlAXWbX9iyzSndPW0MkVuEHjdEsEV9iXhJEdPLEtnio8QoJldhJWmJghLay25_CDdzKTPMj5Z5mxGNWgPcEJdcAN1hpKg2M9Z8WIApqwx-4AxppuG7gDFFVkUZN24Rz7JqU6bkunl_gVpgAIMUd=w2000-h1333-s-no-gm?authuser=0\" width=\"2000\" height=\"1333\" alt=\"La ciudad de Hokuryu, una peque\u00f1a pero brillante ciudad, cuenta con el pueblo de girasoles n\u00famero uno de Jap\u00f3n.\" class=\"size-full\" \/><\/a><figcaption class=\"wp-caption-text\">La ciudad de Hokuryu, una peque\u00f1a pero brillante ciudad, cuenta con el pueblo de girasoles n\u00famero uno de Jap\u00f3n.<\/figcaption><\/figure>\n<figure class=\"wp-caption aligncenter\"><a href=\"https:\/\/photos.google.com\/share\/AF1QipNCIEEehDyv0BIPjWmkOCGOAkKvcgM0JKh0rTbCAV-hQquJrwvrv4rKafH7S5Inxg\/photo\/AF1QipMh4lZCe3X6aRK84Ci9efaBjwcJHEiP9bgduVs?key=MU96cGl6c0dfMVpJc2djQ2I3RW5ESXBLY0ZVMmhR\" target=\"_blank\"><img decoding=\"async\" src=\"https:\/\/lh3.googleusercontent.com\/pw\/AP1GczM3WzIj_zBlh4FncRq5iW8-XD3LAEc3CP87OQV4cW61PUuM7YptIQOqKnvgLS8vDYn8CavGLk0027GRlFaDK5DusGs_I1KjmuTG8AudbMerMxT9oyH4usLjOF9JVv963wxbPXcZVEhL9CbRZyZzJ4It=w2000-h1333-s-no-gm?authuser=0\" width=\"2000\" height=\"1333\" alt=\"Sr. Yasuhiro Sasaki, ciudad de Hokuryu\" class=\"size-full\" \/><\/a><figcaption class=\"wp-caption-text\">Sr. Yasuhiro Sasaki, ciudad de Hokuryu<\/figcaption><\/figure>\n<h4>Los 21 municipios premiados<\/h4>\n<ol>\n<li>Centro Marino B&amp;G, ciudad de Obira, Hokkaido\u2026\u2026\u2026Alcalde Tsuguo Seki<\/li>\n<li>Centro Marino B&amp;G, ciudad de Enbetsu, Hokkaido\u2026\u2026\u2026Alcalde Masato Kunibe<\/li>\n<li><strong>Centro Marino B&amp;G, ciudad de Hokuryu, Hokkaido...Alcalde Yasuhiro Sasaki<\/strong><\/li>\n<li>Centro Marino B&amp;G, ciudad de Ashibetsu, Hokkaido\u2026\u2026\u2026Alcalde Hagiwara<\/li>\n<li>Centro Marino B&amp;G, ciudad de Kamifurano, Hokkaido...Alcalde Shigeru Saito<\/li>\n<li>B&amp;G Marine Center, Onoue, ciudad de Hirakawa, prefectura de Aomori...Alcalde Tadayuki Nagao<\/li>\n<li>Centro Marino B&amp;G, Taneichi, ciudad de Hirono, prefectura de Iwate... Alcalde Masayoshi Okamoto<\/li>\n<li>Centro Marino B&amp;G, Nishime, ciudad de Yurihonjo, prefectura de Akita. Alcalde Takanobu Minato<\/li>\n<li>Centro Marino B&amp;G, Yoshimi, Prefectura de Saitama...Alcalde Yoshio Miyazaki<\/li>\n<li>B&amp;G Marine Center, Aikata, ciudad de Niigata, prefectura de Niigata...Alcalde Yaichi Nakahara<\/li>\n<li>Centro Marino Niitsu B&amp;G, ciudad de Niigata, prefectura de Niigata...Alcalde Yaichi Nakahara<\/li>\n<li>B&amp;G Marine Center, Ogi, ciudad de Sado, prefectura de Niigata... Alcalde Ryugo Watanabe<\/li>\n<li>Centro Marino B&amp;G, Yao, Ciudad de Toyama, Prefectura de Toyama\u2026Alcalde Hirohisa Fujii<\/li>\n<li>B&amp;G Marine Center, Maruoka, ciudad de Sakai, prefectura de Fukui...Alcalde Yoshitaka Ikeda<\/li>\n<li>Ciudad de Nakatsugawa, Prefectura de Gifu, Centro Marino B&amp;G de Fukuoka...Alcalde Hitoshi Oguri<\/li>\n<li>Alcalde Keita Watanabe, Centro Marino B&amp;G, ciudad de Tomika, prefectura de Gifu<\/li>\n<li>Centro Marino B&amp;G, Toda, ciudad de Numazu, prefectura de Shizuoka... Alcalde Shuichi Yorishige<\/li>\n<li>Centro Marino Kozakai B&amp;G, ciudad de Toyokawa, prefectura de Aichi...Alcalde Yukio Takemoto<\/li>\n<li>Centro Marino B&amp;G, ciudad de Taga, prefectura de Shiga...Alcalde Kubo Hisayoshi<\/li>\n<li>Centro Marino Asakura B&amp;G, ciudad de Imabari, prefectura de Ehime...Alcalde Shigeki Tokunaga<\/li>\n<li>Centro Marino B&amp;G, ciudad de Otomo, prefectura de Fukuoka...Alcalde Joji Nagahara<\/li>\n<\/ol>\n<h3>Centro que ha recibido la calificaci\u00f3n Especial A durante 20 a\u00f1os consecutivos<\/h3>\n<ol>\n<li>Centro Marino B&amp;G, Ciudad de Fuchu, Prefectura de Hiroshima....Alcalde Ono Shinto<\/li>\n<li>Centro Marino B&amp;G, Misao, ciudad de Ainan, prefectura de Ehime....Alcalde Ikunobu Nakamura<\/li>\n<\/ol>\n<figure class=\"wp-caption aligncenter\"><a href=\"https:\/\/photos.google.com\/share\/AF1QipNCIEEehDyv0BIPjWmkOCGOAkKvcgM0JKh0rTbCAV-hQquJrwvrv4rKafH7S5Inxg\/photo\/AF1QipPDAnyvpZ9ePJIUlHh2lkvul-PBsiyeXtbpOPo?key=MU96cGl6c0dfMVpJc2djQ2I3RW5ESXBLY0ZVMmhR\" target=\"_blank\"><img decoding=\"async\" src=\"https:\/\/lh3.googleusercontent.com\/pw\/AP1GczMIU00gD60M-51WGl5UZFgwuvfJKr3oSlB2H6JZUXf-RK5RQyHHtm-F637rGBlo3RlzU3K1QPa4B5BPCVgswve693fk3IMgIu_ElgUexKrKKJpyNHvuaXzX6tDKKkpyp817XnRx7gPKM4KWhn6rYFqz=w2000-h1333-s-no-gm?authuser=0\" width=\"2000\" height=\"1333\" alt=\"20 a\u00f1os consecutivos de premios del Centro de Evaluaci\u00f3n Especial A (Alcalde Ono Shinto del Centro Marino B&amp;G, Ciudad de Fuchu, Prefectura de Hiroshima, y Alcalde Nakamura Iku del Centro Marino B&amp;G Mishou, Ciudad de Ainan, Prefectura de Ehime)\" class=\"size-full\" \/><\/a><figcaption class=\"wp-caption-text\">Vig\u00e9simo Premio Especial A consecutivo al Centro de Evaluaci\u00f3n: Alcalde Ono Shinto del Centro Marino B&amp;G, Ciudad de Fuchu, Prefectura de Hiroshima<br \/>\nAlcalde Iku Nakamura, Centro Marino Mishou B&amp;G, ciudad de Ainan, prefectura de Ehime<\/figcaption><\/figure>\n<h3>Declaraci\u00f3n Conjunta de la Cumbre Nacional<\/h3>\n<figure class=\"wp-caption aligncenter\"><a href=\"https:\/\/photos.google.com\/share\/AF1QipNCIEEehDyv0BIPjWmkOCGOAkKvcgM0JKh0rTbCAV-hQquJrwvrv4rKafH7S5Inxg\/photo\/AF1QipMQew5oyJw1zo8QAaQbUEtovIknWZcuvyeNkkk?key=MU96cGl6c0dfMVpJc2djQ2I3RW5ESXBLY0ZVMmhR\" target=\"_blank\"><img decoding=\"async\" src=\"https:\/\/lh3.googleusercontent.com\/pw\/AP1GczOVUSv818q59vwGQwv6QQbrFagcGhKC9vXw9vVdQ8dk0LTJxSIyUDgrZ1ZXIRHwaaEGEPDQj4OgZJ4h4kr51fjZKgD628rP2cIa8s3bSbI14LCw46_s2MPeP7rKhmh4-wDT9JNVezyQ9Oo3RY6A2ngX=w2000-h1333-s-no-gm?authuser=0\" width=\"2000\" height=\"1333\" alt=\"declaraci\u00f3n conjunta\" class=\"size-full\" \/><\/a><figcaption class=\"wp-caption-text\">declaraci\u00f3n conjunta<\/figcaption><\/figure>\n<p>Crear una instalaci\u00f3n que todos puedan usar, pero que la gente quiera usar: \u00a1Entendamos las necesidades de la comunidad local que rodea el Centro Marino y agreguemos valor para actualizar la instalaci\u00f3n y hacerla a\u00fan m\u00e1s atractiva!<\/p>\n<figure class=\"wp-caption aligncenter\"><a href=\"https:\/\/photos.google.com\/share\/AF1QipNCIEEehDyv0BIPjWmkOCGOAkKvcgM0JKh0rTbCAV-hQquJrwvrv4rKafH7S5Inxg\/photo\/AF1QipPnwX1MQ9dN39_eGG5uhUiiaE3FwW2XWGzEt9g?key=MU96cGl6c0dfMVpJc2djQ2I3RW5ESXBLY0ZVMmhR\" target=\"_blank\"><img decoding=\"async\" src=\"https:\/\/lh3.googleusercontent.com\/pw\/AP1GczPwbjYgpl2tjhlZ_V9LmAY55kxK3F50VlfNNZKANyJaf1w4MasEJXiguMf-JHlt6Aki2P2Nds7-mTqLmmdYPRyzMzwZj3Y5QZTAHQyldgNo1nYydMmfxyNR1Blt2k8nqIPivbvjI1ODc7Bhn1HJZzk5=w2000-h1333-s-no-gm?authuser=0\" width=\"2000\" height=\"1333\" alt=\"\u00a1Actualizado a una instalaci\u00f3n m\u00e1s atractiva!\" class=\"size-full\" \/><\/a><figcaption class=\"wp-caption-text\">\u00a1Actualizado a una instalaci\u00f3n m\u00e1s atractiva!<\/figcaption><\/figure>\n<h3>Palabras de clausura de Yuki Kishi, fideicomisario de la Fundaci\u00f3n B&amp;G<\/h3>\n<figure class=\"wp-caption aligncenter\"><a href=\"https:\/\/photos.google.com\/share\/AF1QipNCIEEehDyv0BIPjWmkOCGOAkKvcgM0JKh0rTbCAV-hQquJrwvrv4rKafH7S5Inxg\/photo\/AF1QipNdIKNAoHBvOdTcfE2J6HYteVMDTuj9DtyLh8w?key=MU96cGl6c0dfMVpJc2djQ2I3RW5ESXBLY0ZVMmhR\" target=\"_blank\"><img decoding=\"async\" src=\"https:\/\/lh3.googleusercontent.com\/pw\/AP1GczPk-nNNb1lPXCOsyNUmOhxDC7-TPyDZfKHW5sjFhhvOpRf49SMs1SJ4eJHDYElepb8D3Zp1jRAW3Sq-u4KK2djowOTX9Fvhqoz67uKIYR4t9YuFqz9Bap2hyNy2uDzoFqqaOMEEwk1AMzlHggn5SHTN=w2000-h1333-s-no-gm?authuser=0\" width=\"2000\" height=\"1333\" alt=\"Yuki Kishi, fideicomisario de la Fundaci\u00f3n B&amp;G\" class=\"size-full\" \/><\/a><figcaption class=\"wp-caption-text\">Yuki Kishi, fideicomisario de la Fundaci\u00f3n B&amp;G<\/figcaption><\/figure>\n<p>La concejala Yuki Kishi expres\u00f3 su inspiraci\u00f3n en la Cumbre Nacional y su impresi\u00f3n por los estudios de caso presentados por la ciudad de Kami, en la prefectura de Miyagi, y la ciudad de Taiki, en Hokkaido. Tambi\u00e9n destac\u00f3 la importancia de un enfoque flexible al utilizar el Centro Marino.<\/p>\n<figure class=\"wp-caption aligncenter\"><a href=\"https:\/\/photos.google.com\/share\/AF1QipNCIEEehDyv0BIPjWmkOCGOAkKvcgM0JKh0rTbCAV-hQquJrwvrv4rKafH7S5Inxg\/photo\/AF1QipO2QiFV9hKEfRowJaoxR02ZIFIpgX-PPPCi9sU?key=MU96cGl6c0dfMVpJc2djQ2I3RW5ESXBLY0ZVMmhR\" target=\"_blank\"><img decoding=\"async\" src=\"https:\/\/lh3.googleusercontent.com\/pw\/AP1GczPKgn-cJxAWFfPBS5ExIUsv0D_-KphLWYIxt_O4louKtPEFIjTpJw13RlXT5BW5yYEL5zhmiV2a9qaiP0P9L08yIaxiBRvO-D3KoPp9kenUqpLpvqGjNxPNuLncw0bIk9kll8Accen_51s4YML0XVOu=w2000-h1333-s-no-gm?authuser=0\" width=\"2000\" height=\"1333\" alt=\"Concluye la Cumbre Nacional de B&amp;G\" class=\"size-full\" \/><\/a><figcaption class=\"wp-caption-text\">Concluye la Cumbre Nacional de B&amp;G<\/figcaption><\/figure>\n<figure class=\"wp-caption aligncenter\"><a href=\"https:\/\/photos.google.com\/share\/AF1QipNCIEEehDyv0BIPjWmkOCGOAkKvcgM0JKh0rTbCAV-hQquJrwvrv4rKafH7S5Inxg\/photo\/AF1QipPacWbPOcORHVDhZDaUCaWRSeuEB3vHiGkjyaA?key=MU96cGl6c0dfMVpJc2djQ2I3RW5ESXBLY0ZVMmhR\" target=\"_blank\"><img decoding=\"async\" src=\"https:\/\/lh3.googleusercontent.com\/pw\/AP1GczOnYnx8D-FMr2Hi33f050l7pHyexk7qJn_yDUaF6ByFShUbv2O2vAnLVf3R7_7OtrLzfnxmneax3lQLJ79UKMEyZtyc6HMiAvSVsvI957WqtDhb5yrV7fbD58A-fE1GZ-owbcdIsRUEqZpKryYj-huJ=w2000-h1500-s-no-gm?authuser=0\" width=\"2000\" height=\"1500\" alt=\"Nos gustar\u00eda expresar nuestro m\u00e1s sincero agradecimiento a la Fundaci\u00f3n B&amp;G por su gran trabajo en la expansi\u00f3n de los grandes sue\u00f1os de los j\u00f3venes.\" class=\"size-full\" \/><\/a><figcaption class=\"wp-caption-text\">Nos gustar\u00eda expresar nuestro m\u00e1s sincero agradecimiento a la Fundaci\u00f3n B&amp;G por su gran trabajo en la expansi\u00f3n de los grandes sue\u00f1os de los j\u00f3venes.<\/figcaption><\/figure>\n<p>Con amor, gratitud y oraciones ilimitados, la Fundaci\u00f3n B&amp;G trabaja con una perspectiva amplia bajo el concepto de &quot;crear un futuro lleno de escenas maravillosas donde los ojos de los ni\u00f1os brillan, los j\u00f3venes hablan de grandes sue\u00f1os y las personas mayores pasan sus d\u00edas con suaves sonrisas&quot;, y por sus grandes logros al guiar el futuro de Jap\u00f3n con una vibraci\u00f3n brillante y en\u00e9rgica.<\/p>\n<h2>V\u00eddeos de YouTube<\/h2>\n<div class=\"youtube\"><iframe title=\"Se celebrar\u00e1 la 17\u00aa Cumbre Nacional B&amp;G 2025 y la ciudad de Hokuryu ser\u00e1 reconocida como Centro de Evaluaci\u00f3n Especial A por d\u00e9cimo a\u00f1o consecutivo.\" src=\"https:\/\/www.youtube.com\/embed\/2aBqYyXcJhE?feature=oembed\" frameborder=\"0\" allow=\"accelerometer; autoplay; clipboard-write; encrypted-media; gyroscope; picture-in-picture; web-share\" referrerpolicy=\"strict-origin-when-cross-origin\" allowfullscreen><\/iframe><\/div>\n<div class=\"youtube\"><iframe title=\"17.\u00aa Cumbre Nacional B&amp;G 2025. Discurso inaugural especial &quot;\u00bfEst\u00e1 en peligro el futuro de Jap\u00f3n?&quot;, a cargo de Yohei Sasakawa, presidente de la Fundaci\u00f3n Nippon.\" src=\"https:\/\/www.youtube.com\/embed\/iqzYIms7_Z0?feature=oembed\" frameborder=\"0\" allow=\"accelerometer; autoplay; clipboard-write; encrypted-media; gyroscope; picture-in-picture; web-share\" referrerpolicy=\"strict-origin-when-cross-origin\" allowfullscreen><\/iframe><\/div>\n<h2>Otras fotos<\/h2>\n<div class=\"img-move\"><img decoding=\"async\" style=\"vertical-align: middle;\" src=\"https:\/\/ehokkaido.net\/wp-content\/uploads\/2021\/12\/2021-12-06-11.41.12.png\" \/> <a href=\"https:\/\/photos.app.goo.gl\/V85bG46RrXcWSoGb8\" target=\"_blank\" rel=\"noopener noreferrer\">Las fotos (325 fotos) de la 17\u00aa Cumbre Nacional B&amp;G 2025 est\u00e1n disponibles aqu\u00ed &gt;&gt;<\/a><\/div>\n<h2>Sitios relacionados<\/h2>\n\n        <div class=\"site-blogcard-premium\">\n            <div class=\"bc-label-custom\">Art\u00edculos relacionados<\/div>\n            <div class=\"bc-flex-container\">\n                <div class=\"bc-main-text\">\n                    <div class=\"bc-title-link-box\">\n                        <a href=\"https:\/\/www.bgf.or.jp\/kaigi\/summit\/2025\/20250124_summit.html\" target=\"_blank\">Se celebr\u00f3 la 17.\u00aa Cumbre Nacional B&amp;G | Fundaci\u00f3n B&amp;G<\/a>\n                    <\/div>\n                    <div class=\"bc-excerpt-box\"><\/div>\n                <\/div>\n                <div class=\"bc-thumbnail-box\">\n                    <a href=\"https:\/\/www.bgf.or.jp\/kaigi\/summit\/2025\/20250124_summit.html\" target=\"_blank\">\n                        <div class=\"bc-img-zoom-wrap\">\n                            <img decoding=\"async\" src=\"https:\/\/www.bgf.or.jp\/wp-content\/uploads\/2025\/01\/20250124_summit_topindex.jpg\" alt=\"Se celebr\u00f3 la 17.\u00aa Cumbre Nacional B&amp;G | Fundaci\u00f3n B&amp;G\">\n                        <\/div>\n                    <\/a>\n                <\/div>\n            <\/div>\n        <\/div>\n\u3000<br \/>\n\n        <div class=\"site-blogcard-premium\">\n            <div class=\"bc-label-custom\">Art\u00edculos relacionados<\/div>\n            <div class=\"bc-flex-container\">\n                <div class=\"bc-main-text\">\n                    <div class=\"bc-title-link-box\">\n                        <a href=\"https:\/\/www.isenp.co.jp\/2025\/01\/24\/123453\" target=\"_blank\">https:\/\/www.isenp.co.jp\/2025\/01\/24\/123453<\/a>\n                    <\/div>\n                    <div class=\"bc-excerpt-box\">No se puede recuperar la informaci\u00f3n de la p\u00e1gina.<\/div>\n                <\/div>\n                <div class=\"bc-thumbnail-box\">\n                    <a href=\"https:\/\/www.isenp.co.jp\/2025\/01\/24\/123453\" target=\"_blank\">\n                        <div class=\"bc-img-zoom-wrap\">\n                            <img decoding=\"async\" src=\"https:\/\/portal.hokuryu.info\/wp\/wp-content\/uploads\/2026\/02\/20230802DSC06445_1.jpg\" alt=\"https:\/\/www.isenp.co.jp\/2025\/01\/24\/123453\">\n                        <\/div>\n                    <\/a>\n                <\/div>\n            <\/div>\n        <\/div>\n\n        <div class=\"site-blogcard-premium\">\n            <div class=\"bc-label-custom\">Art\u00edculos relacionados<\/div>\n            <div class=\"bc-flex-container\">\n                <div class=\"bc-main-text\">\n                    <div class=\"bc-title-link-box\">\n                        <a href=\"https:\/\/www.muromin.jp\/news.php?id=120539\" target=\"_blank\">Los pol\u00edticos necesitan liderazgo, el presidente de la Fundaci\u00f3n Nippon, Sasakawa, hace un llamamiento a los alcaldes en la cumbre nacional | Muroran Minpo Online Edition<\/a>\n                    <\/div>\n                    <div class=\"bc-excerpt-box\">[Tokio] La Fundaci\u00f3n B&amp;G (Presidente: Yasuyoshi Maeda, Tokio) celebr\u00f3 su 17\u00aa Cumbre Nacional en Tokio el d\u00eda 22, y...<\/div>\n                <\/div>\n                <div class=\"bc-thumbnail-box\">\n                    <a href=\"https:\/\/www.muromin.jp\/news.php?id=120539\" target=\"_blank\">\n                        <div class=\"bc-img-zoom-wrap\">\n                            <img decoding=\"async\" src=\"https:\/\/www.muromin.jp\/up\/img\/m\/20250123201336509_2288701705.jpg\" alt=\"Los pol\u00edticos necesitan liderazgo, el presidente de la Fundaci\u00f3n Nippon, Sasakawa, hace un llamamiento a los alcaldes en la cumbre nacional | Muroran Minpo Online Edition\">\n                        <\/div>\n                    <\/a>\n                <\/div>\n            <\/div>\n        <\/div>\n\n        <div class=\"site-blogcard-premium\">\n            <div class=\"bc-label-custom\">Art\u00edculos relacionados<\/div>\n            <div class=\"bc-flex-container\">\n                <div class=\"bc-main-text\">\n                    <div class=\"bc-title-link-box\">\n                        <a href=\"https:\/\/blog.goo.ne.jp\/yasuhiko-fujisawa\/e\/f4cc8078f8f245d510b5cb3b5510a162\" target=\"_blank\">https:\/\/blog.goo.ne.jp\/yasuhiko-fujisawa\/e\/f4cc8078f8f245d510b5cb3b5510a162<\/a>\n                    <\/div>\n                    <div class=\"bc-excerpt-box\">No se puede recuperar la informaci\u00f3n de la p\u00e1gina.<\/div>\n                <\/div>\n                <div class=\"bc-thumbnail-box\">\n                    <a href=\"https:\/\/blog.goo.ne.jp\/yasuhiko-fujisawa\/e\/f4cc8078f8f245d510b5cb3b5510a162\" target=\"_blank\">\n                        <div class=\"bc-img-zoom-wrap\">\n                            <img decoding=\"async\" src=\"https:\/\/portal.hokuryu.info\/wp\/wp-content\/uploads\/2026\/02\/20230802DSC06445_1.jpg\" alt=\"https:\/\/blog.goo.ne.jp\/yasuhiko-fujisawa\/e\/f4cc8078f8f245d510b5cb3b5510a162\">\n                        <\/div>\n                    <\/a>\n                <\/div>\n            <\/div>\n        <\/div>\n\n        <div class=\"site-blogcard-premium\">\n            <div class=\"bc-label-custom\">Art\u00edculos relacionados<\/div>\n            <div class=\"bc-flex-container\">\n                <div class=\"bc-main-text\">\n                    <div class=\"bc-title-link-box\">\n                        <a href=\"https:\/\/www.city.fukui-sakai.lg.jp\/shogai-gakusyu\/houdou\/r6\/20250123bghyousyou.html\" target=\"_blank\">El Centro Marino Maruoka B&amp;G en la ciudad de Sakai, prefectura de Fukui, ha sido galardonado con la categor\u00eda &quot;Especial A&quot; por d\u00e9cimo a\u00f1o consecutivo.<\/a>\n                    <\/div>\n                    <div class=\"bc-excerpt-box\"><\/div>\n                <\/div>\n                <div class=\"bc-thumbnail-box\">\n                    <a href=\"https:\/\/www.city.fukui-sakai.lg.jp\/shogai-gakusyu\/houdou\/r6\/20250123bghyousyou.html\" target=\"_blank\">\n                        <div class=\"bc-img-zoom-wrap\">\n                            <img decoding=\"async\" src=\"https:\/\/www.city.fukui-sakai.lg.jp\/shared\/images\/sns\/logo.png\" alt=\"El Centro Marino Maruoka B&amp;G en la ciudad de Sakai, prefectura de Fukui, ha sido galardonado con la categor\u00eda &quot;Especial A&quot; por d\u00e9cimo a\u00f1o consecutivo.\">\n                        <\/div>\n                    <\/a>\n                <\/div>\n            <\/div>\n        <\/div>\n\n        <div class=\"site-blogcard-premium\">\n            <div class=\"bc-label-custom\">Art\u00edculos relacionados<\/div>\n            <div class=\"bc-flex-container\">\n                <div class=\"bc-main-text\">\n                    <div class=\"bc-title-link-box\">\n                        <a href=\"https:\/\/www.city.taketa.oita.jp\/soshiki\/somuka\/hisyo\/shichonoheya\/ugoki2025\/10808.html\" target=\"_blank\">Eventos del 22 de enero de 2025 \/ Ciudad de Taketa<\/a>\n                    <\/div>\n                    <div class=\"bc-excerpt-box\"><\/div>\n                <\/div>\n                <div class=\"bc-thumbnail-box\">\n                    <a href=\"https:\/\/www.city.taketa.oita.jp\/soshiki\/somuka\/hisyo\/shichonoheya\/ugoki2025\/10808.html\" target=\"_blank\">\n                        <div class=\"bc-img-zoom-wrap\">\n                            <img decoding=\"async\" src=\"https:\/\/www.city.taketa.oita.jp\/material\/images\/group\/1\/544739488296337410.jpg\" alt=\"Eventos del 22 de enero de 2025 \/ Ciudad de Taketa\">\n                        <\/div>\n                    <\/a>\n                <\/div>\n            <\/div>\n        <\/div>\n<p>\u25c7 Entrevista y texto: Ikuko Terauchi (Asistencia de fotograf\u00eda y edici\u00f3n: Noboru Terauchi)<\/p>","protected":false},"excerpt":{"rendered":"<p>\uff12\uff10\uff12\uff15\u5e74\uff11\u6708\uff12\uff17\u65e5\uff08\u6708\uff09 \uff11\u6708\uff12\uff12\u65e5\uff08\u6c34\uff09\u3001\u300c\u7b2c\uff11\uff17\u56de\uff22\uff06\uff27\u5168\u56fd\u30b5\u30df\u30c3\u30c8\u300d\u304c\u30d9\u30eb\u30b5\u30fc\u30eb\u6771\u4eac\u65e5\u672c\u6a4b\uff08\u6771\u4eac\u90fd\u4e2d\u592e\u533a\uff09\u306b\u3066\u958b\u50ac\u3055\u308c\u307e\u3057\u305f\u3002\u4eca\u56de\u306e\u7b2c\uff11\uff17\u56de\uff22\uff06\uff27\u5168\u56fd\u30b5\u30df\u30c3\u30c8\u3067\u306f\u3001\u300c\u30df\u30af\u30ed\u3068\u30de\u30af\u30ed\u3067\u898b\u308b\u516c\u5171\u65bd [&hellip;]<\/p>\n","protected":false},"author":1,"featured_media":54987,"comment_status":"open","ping_status":"open","sticky":false,"template":"","format":"standard","meta":{"footnotes":""},"categories":[4,75,23],"tags":[],"class_list":["post-54953","post","type-post","status-publish","format-standard","has-post-thumbnail","hentry","category-cover-story","category-sasaki-yasuhiro-mayor","category-board-of-education"],"_links":{"self":[{"href":"https:\/\/portal.hokuryu.info\/es\/wp-json\/wp\/v2\/posts\/54953","targetHints":{"allow":["GET"]}}],"collection":[{"href":"https:\/\/portal.hokuryu.info\/es\/wp-json\/wp\/v2\/posts"}],"about":[{"href":"https:\/\/portal.hokuryu.info\/es\/wp-json\/wp\/v2\/types\/post"}],"author":[{"embeddable":true,"href":"https:\/\/portal.hokuryu.info\/es\/wp-json\/wp\/v2\/users\/1"}],"replies":[{"embeddable":true,"href":"https:\/\/portal.hokuryu.info\/es\/wp-json\/wp\/v2\/comments?post=54953"}],"version-history":[{"count":0,"href":"https:\/\/portal.hokuryu.info\/es\/wp-json\/wp\/v2\/posts\/54953\/revisions"}],"wp:featuredmedia":[{"embeddable":true,"href":"https:\/\/portal.hokuryu.info\/es\/wp-json\/wp\/v2\/media\/54987"}],"wp:attachment":[{"href":"https:\/\/portal.hokuryu.info\/es\/wp-json\/wp\/v2\/media?parent=54953"}],"wp:term":[{"taxonomy":"category","embeddable":true,"href":"https:\/\/portal.hokuryu.info\/es\/wp-json\/wp\/v2\/categories?post=54953"},{"taxonomy":"post_tag","embeddable":true,"href":"https:\/\/portal.hokuryu.info\/es\/wp-json\/wp\/v2\/tags?post=54953"}],"curies":[{"name":"wp","href":"https:\/\/api.w.org\/{rel}","templated":true}]}}