{"id":53515,"date":"2024-12-04T09:36:38","date_gmt":"2024-12-04T00:36:38","guid":{"rendered":"https:\/\/portal.hokuryu.info\/?p=53515"},"modified":"2024-12-10T16:56:06","modified_gmt":"2024-12-10T07:56:06","slug":"%e3%81%b2%e3%81%be%e3%82%8f%e3%82%8a%e3%82%b3%e3%83%bc%e3%83%a9%e3%82%b9%e3%83%a1%e3%83%a2%e3%83%aa%e3%82%a2%e3%83%ab%e3%82%b3%e3%83%b3%e3%82%b5%e3%83%bc%e3%83%88-part10%e3%83%bb%e5%b0%8a%e3%81%8d","status":"publish","type":"post","link":"https:\/\/portal.hokuryu.info\/es\/53515\/","title":{"rendered":"Concierto Conmemorativo del Coro de Girasoles, Parte 10: Con infinito amor, gratitud y oraciones para el Coro de Girasoles de Hokuryu, que contin\u00faa cantando con las voces de almas preciosas y aprecia la preciosidad de la vida."},"content":{"rendered":"<p>Lunes 3 de diciembre de 2024<\/p>\n<p>El s\u00e1bado 30 de noviembre a las 2 p.m., se llev\u00f3 a cabo el &quot;Concierto Conmemorativo del Coro de Girasoles Parte 10&quot; en el Gran Sal\u00f3n del Centro Comunitario de la Ciudad de Hokuryu.<\/p>\n<p>Cuando se reuni\u00f3 una audiencia de aproximadamente 100 personas, el lugar se llen\u00f3 de una maravillosa armon\u00eda y una ola de profunda emoci\u00f3n.<\/p>\n<p>El concierto conmemorativo del d\u00e9cimo aniversario cont\u00f3 con la participaci\u00f3n especial de Yuichi Iwasaki y el Iwasaki Juku Ukulele Club, quienes ofrecieron una maravillosa actuaci\u00f3n que calm\u00f3 el alma con sus tonos divertidos y brillantes.<\/p>\n<h2>Concierto conmemorativo del coro Himawari, parte 10<\/h2>\n<figure class=\"wp-caption aligncenter\"><a href=\"https:\/\/photos.google.com\/share\/AF1QipO1_X4rbA1QVKIktSWOID1mTbWk9VAexWwR6wUjHKA5ZTI0PsOgk_Xq7d7dpBoWHw\/photo\/AF1QipPSBN5PcfWpC1F-PzQXS3usgUDzUn1yvKUAY3U?key=RTJmUGRWX19LWXVWbzM4dFMzbWNXNWJmWWp3VHRB\" target=\"_blank\"><img decoding=\"async\" src=\"https:\/\/lh3.googleusercontent.com\/pw\/AP1GczPgteZjcSMVaz9LhN_sH7HmkMO_cPXhCZPn1D3C6Hqp6bhu0-sHIpRsMWE9rbiia9kxitYMsobfL9IVF8lIQUY0YKkoLfS3AsRxzQw7lf8Sr4JnQgKF5PeJfrc1xypqfSBzfXLuVrkPQn9InlvJD78t=w2000-h1333-s-no-gm?authuser=0\" width=\"2000\" height=\"1333\" alt=\"Concierto conmemorativo del coro Himawari, parte 10\" class=\"size-full\" \/><\/a><figcaption class=\"wp-caption-text\">Concierto conmemorativo del coro Himawari, parte 10<\/figcaption><\/figure>\n<div class=\"img-move\">\n<div class=\"column column-255\">\n<div class=\"column__item\"><a href=\"https:\/\/photos.google.com\/share\/AF1QipO1_X4rbA1QVKIktSWOID1mTbWk9VAexWwR6wUjHKA5ZTI0PsOgk_Xq7d7dpBoWHw\/photo\/AF1QipPZmWGDaR6_UrXy4GDNIz8EW4MifUNX5EhiY28?key=RTJmUGRWX19LWXVWbzM4dFMzbWNXNWJmWWp3VHRB\" target=\"_blank\" rel=\"noopener\"><img decoding=\"async\" src=\"https:\/\/lh3.googleusercontent.com\/pw\/AP1GczMiASqqRsyvz2RPySEtgCqRv1H4eQKlYeoxjAsFS5fVQbLvEUDaeHzNX7wPOuBaxEK7y_4Gn0_cGppueHLYjlyXZstaohmJCLN2vXWaKHtD513870ctBE3Kp2Cw766hwfB1VXfrxFHav6KtTptLCwE6=w2000-h1393-s-no-gm?authuser=0\" alt=\"Concierto conmemorativo del coro Himawari, parte 10\" style=\"border:solid 1px blue\" width=\"300\"\/><\/a><\/div>\n<div class=\"column__item\"><a href=\"https:\/\/photos.google.com\/share\/AF1QipO1_X4rbA1QVKIktSWOID1mTbWk9VAexWwR6wUjHKA5ZTI0PsOgk_Xq7d7dpBoWHw\/photo\/AF1QipMqjYPm9BV6fdDSf9c-13wvUPI75c6H6X8XYG0?key=RTJmUGRWX19LWXVWbzM4dFMzbWNXNWJmWWp3VHRB\" target=\"_blank\" rel=\"noopener\"><img decoding=\"async\" src=\"https:\/\/lh3.googleusercontent.com\/pw\/AP1GczP_1z0P1Zr7XcQQpBrW8xZM6oDQRr-SPNQGFE90mmOvqPHO8xwB4td3UdtY3LIYmKFBvgFeYfp2VfkE7mt8dCfGqCXxH_TsHidhZc4eJKnIwHIWD0jsv8-a0E7fmZOkC54U-ler6oWQzhZY8qPBjNDP=w2000-h1409-s-no-gm?authuser=0\" alt=\"Concierto conmemorativo del coro Himawari, parte 10\" style=\"border:solid 1px blue\" width=\"300\"\/><\/a><\/div>\n<\/div>\n<\/div>\n<h2>Coro de mujeres del Himawari Chorus<\/h2>\n<p>El Coro Himawari (dirigido por Mitsuko Fujii) es un coro de mujeres con 22 miembros de dentro y fuera de la ciudad de Hokuryu.<\/p>\n<p>El coro se form\u00f3 en 1989 (Heisei 1) y este a\u00f1o celebra su 35.\u00ba aniversario. Los conciertos regulares, que comenzaron en 2011 (Heisei 23), se celebrar\u00e1n este a\u00f1o por d\u00e9cima vez.<\/p>\n<p>El concierto se denomin\u00f3 &quot;Concierto Conmemorativo&quot; con la intenci\u00f3n de nunca olvidar la importancia de la vida que caus\u00f3 el Gran Terremoto del Este de Jap\u00f3n (Terremoto del Oc\u00e9ano Pac\u00edfico de Tohoku) que ocurri\u00f3 en 2011 y grabarlo en nuestros corazones.<\/p>\n<figure class=\"wp-caption aligncenter\"><a href=\"https:\/\/photos.google.com\/share\/AF1QipO1_X4rbA1QVKIktSWOID1mTbWk9VAexWwR6wUjHKA5ZTI0PsOgk_Xq7d7dpBoWHw\/photo\/AF1QipORKx43AuTuMvygOCOmElJhG2OvgKO1VQxFmnI?key=RTJmUGRWX19LWXVWbzM4dFMzbWNXNWJmWWp3VHRB\" target=\"_blank\"><img decoding=\"async\" src=\"https:\/\/lh3.googleusercontent.com\/pw\/AP1GczPupgrnpgG6K0bRjVMyZCf59iM68OjdP93510EpBIj6nG1sqeSiimrLAvOho2X3bEoA3lGUOJb49JNyWdrn_vozrEjrY88eLnt0CZ-MYh1LA-92ogKXkepjgXQwEK_2n8Z6HdhyUc0XIMgiwYHcPpAu=w2000-h1333-s-no-gm?authuser=0\" width=\"2000\" height=\"1333\" alt=\"El Coro Himawari celebra su d\u00e9cimo concierto conmemorativo\" class=\"size-full\" \/><\/a><figcaption class=\"wp-caption-text\">El Coro Himawari celebra su d\u00e9cimo concierto conmemorativo<\/figcaption><\/figure>\n<h3>Director y tenor: Tetsuyoshi Yamamoto<\/h3>\n<p>Residente de Chishibetsu, se gradu\u00f3 de la Universidad de Educaci\u00f3n de Hokkaido, Sapporo. Es el sacerdote principal del Templo Jorakuji en Chishibetsu y tambi\u00e9n trabaja como profesor en instituciones educativas y organizaciones de formaci\u00f3n continua en Hokkaido. Dirige el Coro Himawari desde 2006.<\/p>\n<figure class=\"wp-caption aligncenter\"><a href=\"https:\/\/photos.google.com\/share\/AF1QipO1_X4rbA1QVKIktSWOID1mTbWk9VAexWwR6wUjHKA5ZTI0PsOgk_Xq7d7dpBoWHw\/photo\/AF1QipPmTerE8LKygPFXS1VEjYNfJDyuykc61RteCmM?key=RTJmUGRWX19LWXVWbzM4dFMzbWNXNWJmWWp3VHRB\" target=\"_blank\"><img decoding=\"async\" src=\"https:\/\/lh3.googleusercontent.com\/pw\/AP1GczO7zs9jghkSndpgk1EMlrd-CqHuQ7hdsH3wpbFcpH5dTsPBndTQck0v8uIq_TigS3qSLQVBq1P39wg00R5CcWdr3_q-BAmCRK1zZtUeNFhAs2aGbg6PydrMrWHdyCqrKjOKiBp2Q2JK_1XzpK65NXOw=w2000-h1333-s-no-gm?authuser=0\" width=\"2000\" height=\"1333\" alt=\"Director de orquesta y tenor Tetsuyoshi Yamamoto\" class=\"size-full\" \/><\/a><figcaption class=\"wp-caption-text\">Director de orquesta y tenor Tetsuyoshi Yamamoto<\/figcaption><\/figure>\n<h3>Piano: Tomoyo Shikano<\/h3>\n<p>Residente de la ciudad de Fukagawa, se gradu\u00f3 del Departamento de Arte y Cultura, Curso de M\u00fasica, del Campus Sapporo de la Universidad de Educaci\u00f3n de Hokkaido. Adem\u00e1s de actuar principalmente en la ciudad de Fukagawa, tambi\u00e9n es organista de bodas en la Iglesia de Santa Margarita en Ilum-no-Oka, ciudad de Fukagawa, y en la Iglesia de Bloomington Hill en la ciudad de Asahikawa. Desde 2014, ha sido pianista activa en el Coro Himawari.<\/p>\n<figure class=\"wp-caption aligncenter\"><a href=\"https:\/\/photos.google.com\/share\/AF1QipO1_X4rbA1QVKIktSWOID1mTbWk9VAexWwR6wUjHKA5ZTI0PsOgk_Xq7d7dpBoWHw\/photo\/AF1QipNWu18mB25LrtdeCuMo9CFeb2L5pmPsWuuTfIA?key=RTJmUGRWX19LWXVWbzM4dFMzbWNXNWJmWWp3VHRB\" target=\"_blank\"><img decoding=\"async\" src=\"https:\/\/lh3.googleusercontent.com\/pw\/AP1GczPFRjMkTk0D7WY-3dfwrx3ZM37QLr0dbXfqA4nlV71gIRMV5djyOab7zU53gaQ2ZpEv2ccmxeg0VBGekeQQ_RLRYsVdnq56Yp9Yy73lYSiqkGcN-qhzXmJuVk5km6zMm5fjOV3JXPNguAFNASVarqG0=w2000-h1333-s-no-gm?authuser=0\" width=\"2000\" height=\"1333\" alt=\"Piano: Tomoyo Shikano\" class=\"size-full\" \/><\/a><figcaption class=\"wp-caption-text\">Piano: Tomoyo Shikano<\/figcaption><\/figure>\n<h3>Actuando con el Iwasaki Juku Ukulele Club<\/h3>\n<p>Yuichi Iwasaki vive en Fukagawa desde 1997. Fue compa\u00f1ero de clase de Tetsuyoshi Yamamoto en la escuela secundaria Fukagawa Nishi en Hokkaido.<\/p>\n<p>Bar en vivo &quot;Melting Pot&quot; (<a href=\"https:\/\/www.facebook.com\/p\/%E3%83%A1%E3%83%AB%E3%83%86%E3%82%A3%E3%83%B3%E3%82%B0%E3%83%9D%E3%83%83%E3%83%88-100054539285716\/?locale=ja_JP\" target=\"_blank\">Facebook<\/a>Adem\u00e1s de dirigir su propia empresa, tambi\u00e9n se dedica a escribir letras, componer m\u00fasica y organizar conciertos ben\u00e9ficos.<\/p>\n<p>Tras mudarse a Tokio en 1974, estudi\u00f3 con Pancho Kagami, de Pinky &amp; the Killers. Tras unirse a la banda de Junko Yagami, debut\u00f3 como cantautor.<\/p>\n<p>En 1981 (Showa 56), gan\u00f3 el Premio al Mejor Vocalista en el Concurso de Canci\u00f3n Original Victor, y en 2014 (Heisei 26), el \u00e1lbum para el que proporcion\u00f3 m\u00fasica, gan\u00f3 el Premio de Planificaci\u00f3n en los Japan Record Awards.<\/p>\n<p>Alrededor de 2017, qued\u00f3 fascinado con el ukelele fabricado por el t\u00edo de Iwasaki y comenz\u00f3 a tocarlo, y actualmente dirige el Iwasaki Juku Ukulele Club, un taller para principiantes.<\/p>\n<figure class=\"wp-caption aligncenter\"><a href=\"https:\/\/photos.google.com\/share\/AF1QipO1_X4rbA1QVKIktSWOID1mTbWk9VAexWwR6wUjHKA5ZTI0PsOgk_Xq7d7dpBoWHw\/photo\/AF1QipPkMtcFpImyLsPVLHd9cKJ3l4x7guErfR9-kfs?key=RTJmUGRWX19LWXVWbzM4dFMzbWNXNWJmWWp3VHRB\" target=\"_blank\"><img decoding=\"async\" src=\"https:\/\/lh3.googleusercontent.com\/pw\/AP1GczPw-vLImnIK_v-gXcNW-0ul4U4WXNkjX_CQIdrGzrjkS-J1xvdPuwY76i8GBDqoN_nisHTTUsNjW9gbbVvqy8K-bWKFmTDvaiSHu3_HREGykLx0Q7Hs-zmFWNx0RULFuCC5aZ3hn3kZId_btfj-i6dU=w2000-h1333-s-no-gm?authuser=0\" width=\"2000\" height=\"1333\" alt=\"Yuichi Iwasaki\" class=\"size-full\" \/><\/a><figcaption class=\"wp-caption-text\">Yuichi Iwasaki<\/figcaption><\/figure>\n<p>Yuichi Iwasaki tiene 69 a\u00f1os y naci\u00f3 en 1955. Naci\u00f3 en Kenbuchi-cho y creci\u00f3 en la ciudad de Fukagawa, la ciudad natal de su madre.<\/p>\n<p>El alcalde Sasaki Yasuhiro e Iwasaki cursaban el \u00faltimo y el pen\u00faltimo a\u00f1o de la escuela secundaria Fukagawa Nishi. Cuando el alcalde Sasaki estudiaba en la Universidad Nihon, Iwasaki sol\u00eda invitarlo a comer cuando ven\u00eda a Tokio, y eran tan buenos amigos que se mostraban muy cari\u00f1osos.<\/p>\n<p>Mi t\u00edo, que era profesor en la ciudad de Hanno, prefectura de Saitama, fabricaba guitarras cl\u00e1sicas y empez\u00f3 a fabricar ukeleles hace 15 a\u00f1os. Durante ese tiempo, mantuvimos el contacto y \u00e9l me anim\u00f3 a tocar el ukelele.<\/p>\n<p>Cuando estaba en primaria, el ukelele era popular y mi madre sol\u00eda tocarlo. Era la \u00e9poca del cantante hawaiano Setsuo Ohashi, quien cantaba canciones como &quot;Tropical Night&quot; y &quot;Shiawase wa Kokoni&quot;.<\/p>\n<p>He tocado la guitarra desde la primaria como si fuera el trabajo de mi vida. Empec\u00e9 a tocar el ukelele hace unos 10 a\u00f1os y me esforc\u00e9 por compartir la alegr\u00eda de tocarlo con la mayor cantidad de gente posible. Empec\u00e9 a dar clases de guitarra y ukelele hace unos 7 u 8 a\u00f1os.<\/p>\n<p>Despu\u00e9s de haber pasado mucho tiempo en la industria de la m\u00fasica, mi objetivo principal ha sido compartir mis experiencias con la gente local.<\/p>\n<p>Actualmente somos unos 10 miembros. Damos clases unas dos veces al mes, incluyendo canciones folcl\u00f3ricas para cantar mientras tocas y clases de ukelele solo. Ense\u00f1amos principalmente a principiantes. &quot;Quiero transmitir la alegr\u00eda de tocar en vivo y que cada vez haya m\u00e1s gente tocando el ukelele&quot;, dice Yuichi Iwasaki con una sonrisa amable.<\/p>\n<figure class=\"wp-caption aligncenter\"><a href=\"https:\/\/photos.google.com\/share\/AF1QipO1_X4rbA1QVKIktSWOID1mTbWk9VAexWwR6wUjHKA5ZTI0PsOgk_Xq7d7dpBoWHw\/photo\/AF1QipOl9qKH8Py4o5fHV6VNIaplrGtTL8nyfYmyFA4?key=RTJmUGRWX19LWXVWbzM4dFMzbWNXNWJmWWp3VHRB\" target=\"_blank\"><img decoding=\"async\" src=\"https:\/\/lh3.googleusercontent.com\/pw\/AP1GczNrqf6QweMQkmU0S2zcqVCapEBiVj435UafrYImeDW3nfKErF25nILHFXQLtg9iin6-30fzHlNXv9W5LlnGLDhbrMOMLuCt12uf45HDX3piyUAo6nGr3YUu09swcrWmkA47yuBS6gM_wALoBJ-Vg4ea=w2000-h1333-s-no-gm?authuser=0\" width=\"2000\" height=\"1333\" alt=\"Yuichi Iwasaki y su esposa\" class=\"size-full\" \/><\/a><figcaption class=\"wp-caption-text\">Yuichi Iwasaki y su esposa<\/figcaption><\/figure>\n<figure class=\"wp-caption aligncenter\"><a href=\"https:\/\/photos.google.com\/share\/AF1QipO1_X4rbA1QVKIktSWOID1mTbWk9VAexWwR6wUjHKA5ZTI0PsOgk_Xq7d7dpBoWHw\/photo\/AF1QipNlsBZYy6ftLc1jERdpojDkps-Wm6oExTe27W8?key=RTJmUGRWX19LWXVWbzM4dFMzbWNXNWJmWWp3VHRB\" target=\"_blank\"><img decoding=\"async\" src=\"https:\/\/lh3.googleusercontent.com\/pw\/AP1GczP8PAeqRLRQ0z5sPYvq3GA9JhukcUsDkM7CqEQCqfm17HlyDKiMCV9yP5gd4K8XanJLVRkEQkhqLF1A9Kk9wgbSjZ4P9mh-w0FxsmsViIgVLz5nZBwmmc4N0W_d-Wz3WPtfz1sF68d6VJ8xLiNpk0qd=w2000-h1333-s-no-gm?authuser=0\" width=\"2000\" height=\"1333\" alt=\"Club de ukelele Iwasaki Juku\" class=\"size-full\" \/><\/a><figcaption class=\"wp-caption-text\">Club de ukelele Iwasaki Juku<\/figcaption><\/figure>\n<h3>La Sra. Ikuko Sugimoto, quien actu\u00f3 como maestra de ceremonias<\/h3>\n<figure class=\"wp-caption aligncenter\"><a href=\"https:\/\/photos.google.com\/share\/AF1QipO1_X4rbA1QVKIktSWOID1mTbWk9VAexWwR6wUjHKA5ZTI0PsOgk_Xq7d7dpBoWHw\/photo\/AF1QipMidkINT4NSfVu46LS6g6sCYtfXmfASu0LjGtI?key=RTJmUGRWX19LWXVWbzM4dFMzbWNXNWJmWWp3VHRB\" target=\"_blank\"><img decoding=\"async\" src=\"https:\/\/lh3.googleusercontent.com\/pw\/AP1GczMBygd_8SxooVWM36VL52c5Z5QbNS8MR5T6vOKHxbuNgTujPRGEyHmDmtqsl86nu3sQbQzNh-1dd4Uhm1EnJwZ_NtwYYrArP44SkQviM1xx5-DoqM8pvNz1ZOY7BZak9HjWDIYYAN7JYCEdrsgCHuvJ=w2000-h1333-s-no-gm?authuser=0\" width=\"2000\" height=\"1333\" alt=\"MC Ikuko Sugimoto\" class=\"size-full\" \/><\/a><figcaption class=\"wp-caption-text\">MC Ikuko Sugimoto<\/figcaption><\/figure>\n<h3>Una bienvenida sonriente en la recepci\u00f3n.<\/h3>\n<figure class=\"wp-caption aligncenter\"><a href=\"https:\/\/photos.google.com\/share\/AF1QipO1_X4rbA1QVKIktSWOID1mTbWk9VAexWwR6wUjHKA5ZTI0PsOgk_Xq7d7dpBoWHw\/photo\/AF1QipMZ-wO_Z-J8kHJxfZ-ZzOnVk-njyv31-RXERJQ?key=RTJmUGRWX19LWXVWbzM4dFMzbWNXNWJmWWp3VHRB\" target=\"_blank\"><img decoding=\"async\" src=\"https:\/\/lh3.googleusercontent.com\/pw\/AP1GczOKdpZWJDs7KAzVaAVzD-0b_BEJH9j3eLn0EeoYLgFL-eyeyMLz07JTcisSgrhDL_oaM4RM2up4htR7Sk8GxAnMqQJJV4nu10cRsuEcNJ5u4rZT2yVfngm2dNRx2IY7M7ssS2ZpXmEcmS3huOPmaDLs=w2000-h1500-s-no-gm?authuser=0\" width=\"2000\" height=\"1500\" alt=\"Los miembros dan la bienvenida a todos con una sonrisa.\" class=\"size-full\" \/><\/a><figcaption class=\"wp-caption-text\">Los miembros dan la bienvenida a todos con una sonrisa.<\/figcaption><\/figure>\n<h3>Todos en el lugar<\/h3>\n<figure class=\"wp-caption aligncenter\"><a href=\"https:\/\/photos.google.com\/share\/AF1QipO1_X4rbA1QVKIktSWOID1mTbWk9VAexWwR6wUjHKA5ZTI0PsOgk_Xq7d7dpBoWHw\/photo\/AF1QipMN1egJ9Jv0No6jd9CGVI5zAyvnbw-UgYiHjTk?key=RTJmUGRWX19LWXVWbzM4dFMzbWNXNWJmWWp3VHRB\" target=\"_blank\"><img decoding=\"async\" src=\"https:\/\/lh3.googleusercontent.com\/pw\/AP1GczNDq22ICL7hV5AgA2Tm1STPxSrgR1Uv1EC7y-I8dymbS6xW1qEAc_t-iLQCm0ex3voR1q0eezC6Vpt-9tOvqb1NqZTsYBA58RQyrf2Li0aQzZr6KXXKOnuslrTv6lVIw51RTA_e-k-R2m4nx5aTnp-6=w2000-h1333-s-no-gm?authuser=0\" width=\"2000\" height=\"1333\" alt=\"El p\u00fablico llena la gran sala.\" class=\"size-full\" \/><\/a><figcaption class=\"wp-caption-text\">El p\u00fablico llena la gran sala.<\/figcaption><\/figure>\n<h2>Parte 1: Un a\u00f1o en el Coro del Girasol<\/h2>\n<ul>\n<li><strong>De &quot;Canci\u00f3n para ti&quot; para coro femenino y piano<\/strong>\uff1a<br \/>\nLetra de Hiroshi Kurihara, composici\u00f3n de Fumito Ooto, arreglo de Naomasa Takahashi<br \/>\n\u3000<\/li>\n<li><strong>MC Ikuko Sugimoto:<\/strong><br \/>\n\u00a1Hola a todos! Muchas gracias por venir hoy a nuestro concierto conmemorativo a pesar del mal tiempo.<\/p>\n<p>Esta vez, adem\u00e1s de nuestras canciones, tambi\u00e9n tocaremos el ukelele, por lo que creemos que lo disfrutar\u00e9is a\u00fan m\u00e1s de lo habitual.<\/p>\n<p>El director es el profesor Tetsuyoshi Yamamoto. Como dato curioso, su comida favorita es el arroz con curry y su compositor favorito es Beethoven.<\/p>\n<p>La pianista es Tomoyo Kano. Su comida favorita es el chocolate y su pieza de piano favorita es el Concierto para piano en sol mayor de Ravel.<\/p>\n<p>La ac\u00fastica es<a href=\"https:\/\/fuka-art.jimdofree.com\/\" target=\"_blank\">Foro de conciertos de Fukagawa<\/a>No es exagerado decir que sin estas dos personas, nuestro concierto no ser\u00eda posible. Gracias por su apoyo hoy.<br \/>\n\u3000<\/li>\n<li><strong>flores de cerezo<\/strong><\/li>\n<li><strong>Sue\u00f1o de estrella<\/strong><\/li>\n<li><strong>Una canci\u00f3n para ti<\/strong><br \/>\n\u3000<\/li>\n<li>El coro de fondo es una hermosa imagen de \u201cSakura\u201d proyectada en la pantalla del escenario.<\/li>\n<\/ul>\n<figure class=\"wp-caption aligncenter\"><a href=\"https:\/\/photos.google.com\/share\/AF1QipO1_X4rbA1QVKIktSWOID1mTbWk9VAexWwR6wUjHKA5ZTI0PsOgk_Xq7d7dpBoWHw\/photo\/AF1QipP5HndrMnsT1e8KpWXzMyvZJD_D6wrzgynDoR4?key=RTJmUGRWX19LWXVWbzM4dFMzbWNXNWJmWWp3VHRB\" target=\"_blank\"><img decoding=\"async\" src=\"https:\/\/lh3.googleusercontent.com\/pw\/AP1GczPh_pTiuYO51q-SAA8zJhtWk_z-pjWcs2ybW0584i5nydfQC8fCAt5slxTcwc9NOwQ3mDASpjJcw_ZupWSF3y8thqTJ3m2hVeiXjm28RArX_SZOuW5ZDd-7PqrEJe6zSo0bqLJvy3KhezZkzA2tMuaz=w2000-h1333-s-no-gm?authuser=0\" width=\"2000\" height=\"1333\" alt=\"Paisaje de cerezos en flor proyectado en la pantalla del escenario.\" class=\"size-full\" \/><\/a><figcaption class=\"wp-caption-text\">Paisaje de cerezos en flor proyectado en la pantalla del escenario.<\/figcaption><\/figure>\n<figure class=\"wp-caption aligncenter\"><a href=\"https:\/\/photos.google.com\/share\/AF1QipO1_X4rbA1QVKIktSWOID1mTbWk9VAexWwR6wUjHKA5ZTI0PsOgk_Xq7d7dpBoWHw\/photo\/AF1QipNC8EunR3hcRNOnwwbAv9rhxCLI4B31WwENBy4?key=RTJmUGRWX19LWXVWbzM4dFMzbWNXNWJmWWp3VHRB\" target=\"_blank\"><img decoding=\"async\" src=\"https:\/\/lh3.googleusercontent.com\/pw\/AP1GczNb-sVM3vEzQO6qDgTxJvofnt48esrZl1cjdtJFfHT-C5i6BMnPAfedBXnhYsMLakf91t-HriYk-pWNaaVUrWWnhcDAtaPASRo8uUudQlGQprwFvjee9emIPDTK_qnFGb8Y6PnySfoT89n67jwFtHg_=w2000-h1333-s-no-gm?authuser=0\" width=\"2000\" height=\"1333\" alt=\"Guiado por el flujo de melod\u00edas elegantes y suaves...\" class=\"size-full\" \/><\/a><figcaption class=\"wp-caption-text\">Guiado por el flujo de melod\u00edas elegantes y suaves...<\/figcaption><\/figure>\n<ul>\n<li><strong>MC:<\/strong>Las siguientes canciones son &quot;Sekirei&quot; y &quot;Hosenka&quot;, ambas populares piezas corales de Miyuki Nakajima. Las interpretaremos seguidas.<br \/>\n\u3000<\/li>\n<li><strong>Aguzanieves<\/strong>Letra y composici\u00f3n de: Miyuki Nakajima<\/li>\n<li><strong>Hosenka<\/strong>Letra y composici\u00f3n de: Miyuki Nakajima<br \/>\n\u3000<\/li>\n<li>La pantalla del escenario, &quot;Una escena de pastizales te\u00f1ida por el sol poniente&quot;, evoca una sensaci\u00f3n de melancol\u00eda.<\/li>\n<\/ul>\n<figure class=\"wp-caption aligncenter\"><a href=\"https:\/\/photos.google.com\/share\/AF1QipO1_X4rbA1QVKIktSWOID1mTbWk9VAexWwR6wUjHKA5ZTI0PsOgk_Xq7d7dpBoWHw\/photo\/AF1QipOs5L6RvBdgdowwuCfWKJ-2bnJeq7TdWTjZNC8?key=RTJmUGRWX19LWXVWbzM4dFMzbWNXNWJmWWp3VHRB\" target=\"_blank\"><img decoding=\"async\" src=\"https:\/\/lh3.googleusercontent.com\/pw\/AP1GczOvgOk3vEuWQ9JVOnp8A_UvVH9tjXHsbFsJ7HC64fR0s36dKFzY3WvlyyjP5mS4C67BGbJE31dqG3oGYSfcfabutBZ5iFA4-FSnoojgaEK5fPiwbdGceMmHwVIVFKWEFDQfobzWFfZ23Fdqj1kgPF4M=w2000-h1333-s-no-gm?authuser=0\" width=\"2000\" height=\"1333\" alt=\"Mi coraz\u00f3n...\" class=\"size-full\" \/><\/a><figcaption class=\"wp-caption-text\">Mi coraz\u00f3n...<\/figcaption><\/figure>\n<h2>Parte 2: ~Con el Iwasaki Juku Ukulele Club~<\/h2>\n<ul>\n<li><strong>MC:<\/strong>La segunda parte estar\u00e1 a cargo del Club de Ukelele Iwasaki Juku, junto con su representante Yuichi Iwasaki, el Sr. Yamamoto y el Coro Himawari. Se anima al p\u00fablico a unirse moviendo el cuerpo y cantando.<\/li>\n<\/ul>\n<figure class=\"wp-caption aligncenter\"><a href=\"https:\/\/photos.google.com\/share\/AF1QipO1_X4rbA1QVKIktSWOID1mTbWk9VAexWwR6wUjHKA5ZTI0PsOgk_Xq7d7dpBoWHw\/photo\/AF1QipPUc_Mps2IXM1e6M1X4Nw7o3U_5bFNiiA_Nwu4?key=RTJmUGRWX19LWXVWbzM4dFMzbWNXNWJmWWp3VHRB\" target=\"_blank\"><img decoding=\"async\" src=\"https:\/\/lh3.googleusercontent.com\/pw\/AP1GczNiacEvqBxgASEqD8alP5PzTEqDDXNPGQEoNVxfSVefMaUP5en90vItVNEZHPFvtRL-ZGdwCS0hLM-Gb0v--AR0cwlgXDN-xlMAdX1vFTZh6x4mCo8tJB_JjKowFvePki9XAbjIs0CXWW241EI_4pN1=w2000-h1333-s-no-gm?authuser=0\" width=\"2000\" height=\"1333\" alt=\"Club de ukelele Yuichi Iwasaki &amp; Iwasaki Juku\" class=\"size-full\" \/><\/a><figcaption class=\"wp-caption-text\">Club de ukelele Yuichi Iwasaki &amp; Iwasaki Juku<\/figcaption><\/figure>\n<h3>Yuichi Iwasaki<\/h3>\n<p>Somos el Club de Ukelele Iwasaki Juku y venimos de Fukagawa. Somos alumnos de 7.\u00ba y 8.\u00ba grado, y recientemente se han unido alumnos de 3.\u00ba grado. Empezamos a practicar el ukelele para dar a conocer el instrumento.<\/p>\n<p>La \u00fanica canci\u00f3n de ukelele que la mayor\u00eda de la gente conoce es &quot;Aa Yannachatta&quot; de Shinji Maki. Mi madre tocaba el ukelele cuando yo era peque\u00f1o (en las d\u00e9cadas de 1950 y 1960). \u00bfConoces el ukelele de Setuo Ohashi? Probablemente no.<\/p>\n<p>&quot;Hoy, adem\u00e1s de m\u00fasica hawaiana, tocar\u00e9 otras dos canciones: &#039;Autumn Leaves&#039; y &#039;You Are My Sunshine&#039;. Espero que todos sepan que el ukelele tambi\u00e9n se puede usar para interpretar cl\u00e1sicos del jazz, chansons, pop estadounidense y m\u00e1s&quot;, dice Iwasaki.<\/p>\n<figure class=\"wp-caption aligncenter\"><a href=\"https:\/\/photos.google.com\/share\/AF1QipO1_X4rbA1QVKIktSWOID1mTbWk9VAexWwR6wUjHKA5ZTI0PsOgk_Xq7d7dpBoWHw\/photo\/AF1QipPyLaOvNotCxIUe3j4C82_-LMIMU90agr3t_-A?key=RTJmUGRWX19LWXVWbzM4dFMzbWNXNWJmWWp3VHRB\" target=\"_blank\"><img decoding=\"async\" src=\"https:\/\/lh3.googleusercontent.com\/pw\/AP1GczNMpF4p6V1tzn4jNXupBwa1YvfNYQn3MjzAhF605vJ7R0nw93gJf-ISeXRN1rbyoHAOdmzsvQbQAn5O8sKPCj5tHp4lrdGRguJiQZ1EjLk6xWMhRtgq-n222aEdCMYI1SyMju__xTR4xpmJ0_028PHV=w2000-h1333-s-no-gm?authuser=0\" width=\"2000\" height=\"1333\" alt=\"Yuichi Iwasaki y su hermosa esposa\" class=\"size-full\" \/><\/a><figcaption class=\"wp-caption-text\">Yuichi Iwasaki y su hermosa esposa<\/figcaption><\/figure>\n<ul>\n<li><strong>Hojas muertas<\/strong>(Pantalla del escenario: imagen de una hoja de oto\u00f1o)<\/li>\n<li><strong>Eres mi sol<\/strong>(Pantalla del escenario: Colecci\u00f3n de arte de Heart Cloud)<\/li>\n<\/ul>\n<figure class=\"wp-caption aligncenter\"><a href=\"https:\/\/photos.google.com\/share\/AF1QipO1_X4rbA1QVKIktSWOID1mTbWk9VAexWwR6wUjHKA5ZTI0PsOgk_Xq7d7dpBoWHw\/photo\/AF1QipNlsBZYy6ftLc1jERdpojDkps-Wm6oExTe27W8?key=RTJmUGRWX19LWXVWbzM4dFMzbWNXNWJmWWp3VHRB\" target=\"_blank\"><img decoding=\"async\" src=\"https:\/\/lh3.googleusercontent.com\/pw\/AP1GczOIaiHM_QA_KFpnU_KREfZlDEDM5WzWoeymDzX6HFq-g87M_S1eG6r7WGNB6YGtwoKTfVsDI5MVkiHCfb8WHre_zrXppIIRaIaQ7vSJGfCYhrhqxB8NDYHLnXE6EO80c2pOExSjZJIttzGoz6SNPNXT=w2000-h1333-s-no-gm?authuser=0\" width=\"2000\" height=\"1333\" alt=\"Miembros del club de ukelele Iwasaki Juku\" class=\"size-full\" \/><\/a><figcaption class=\"wp-caption-text\">Miembros del club de ukelele Iwasaki Juku<\/figcaption><\/figure>\n<p>Yamamoto Tetsuyoshi apareci\u00f3 y tuvo una animada conversaci\u00f3n con Iwasaki Yuichi.<\/p>\n<figure class=\"wp-caption aligncenter\"><a href=\"https:\/\/photos.google.com\/share\/AF1QipO1_X4rbA1QVKIktSWOID1mTbWk9VAexWwR6wUjHKA5ZTI0PsOgk_Xq7d7dpBoWHw\/photo\/AF1QipP1QERR_eMZu-mLe1tUFg7YwZI3JMWhG-Ig9II?key=RTJmUGRWX19LWXVWbzM4dFMzbWNXNWJmWWp3VHRB\" target=\"_blank\"><img decoding=\"async\" src=\"https:\/\/lh3.googleusercontent.com\/pw\/AP1GczNQ0VZonhm2iQEH8OgB21xBO8E-q0ru_Vja5D5ArORB_T-kzhyf-buE7Hn36EcesyAvPlagNkF5IRG29gpk7VR4RCZAXnIUphebk6Ajs6Ug5bVmTCtzy4zb9y4Hy3E-2GOHJD0ZoZQt9KPkKBkcFyyH=w2000-h1333-s-no-gm?authuser=0\" width=\"2000\" height=\"1333\" alt=\"\u00a1Un maravilloso encuentro entre dos personas guiadas por la m\u00fasica!\" class=\"size-full\" \/><\/a><figcaption class=\"wp-caption-text\">\u00a1Un maravilloso encuentro entre dos personas guiadas por la m\u00fasica!<\/figcaption><\/figure>\n<ul>\n<li><strong>Tetsuyoshi Yamamoto:<\/strong><br \/>\n&quot;Conoc\u00ed a Iwasaki-san por primera vez en d\u00e9cadas en una reuni\u00f3n de la escuela secundaria Fukagawa Nishi, y hablamos de hacer algo juntos, y as\u00ed surgi\u00f3 esta colaboraci\u00f3n.<\/p>\n<p>Yo doy clases de coro y \u00e9l de ukelele, y nos llevamos bien porque ambos quer\u00edamos crear un mundo que fuera familiar para la gente del pueblo y los lugare\u00f1os.<\/p>\n<p>Empec\u00e9 a tocar m\u00fasica en el verano de mi tercer a\u00f1o de preparatoria. Lo vi tocar el \u00f3rgano el\u00e9ctrico m\u00e1s moderno en el comedor del antiguo centro c\u00edvico. Me impresion\u00f3 mucho c\u00f3mo tocaba moviendo los pies y las manos por separado.<\/p>\n<p>Su forma de tocar me inspir\u00f3 a emprender una carrera musical. He dado muchos rodeos, incluyendo fracasos y \u00e9pocas como ronin, pero he llegado donde estoy hoy.<\/p>\n<p>Esta vez, pensamos en interpretar &quot;Manatsu no Kajitsu&quot; juntos. Luego empezamos a hablar de lo geniales que son las canciones de la era Showa, as\u00ed que decidimos a\u00f1adir dos canciones m\u00e1s.<br \/>\n\u3000<\/li>\n<li><strong>Yuichi Iwasaki:<\/strong><br \/>\n&quot;Por favor, rel\u00e1jense y escuchen dos canciones que los padres de la era Showa conoc\u00edan: &#039;Glass Johnny&#039; y &#039;Feeling&#039;&quot;.<\/li>\n<\/ul>\n<figure class=\"wp-caption aligncenter\"><a href=\"https:\/\/photos.google.com\/share\/AF1QipO1_X4rbA1QVKIktSWOID1mTbWk9VAexWwR6wUjHKA5ZTI0PsOgk_Xq7d7dpBoWHw\/photo\/AF1QipNeNSfjU1n2k80wkRaaayiVcDp0y5mr6yGZ-4M?key=RTJmUGRWX19LWXVWbzM4dFMzbWNXNWJmWWp3VHRB\" target=\"_blank\"><img decoding=\"async\" src=\"https:\/\/lh3.googleusercontent.com\/pw\/AP1GczMq5_A2abw200wYmPJ767L3KtJGcT1SDJ_0oPBixXPWBp7CVbCMpVGyqI2zfo1DUwRFQsN70d20P6WtSSUS7UyNzEUOBudmdvsm6GlNGuClTu3xdSGfUfu-hvF08viJNumFZZyC4yxXCokzmiTgNScK=w2000-h1333-s-no-gm?authuser=0\" width=\"2000\" height=\"1333\" alt=\"\u00a1Esta colaboraci\u00f3n surgi\u00f3 porque se llevaron bien!\" class=\"size-full\" \/><\/a><figcaption class=\"wp-caption-text\">\u00a1Esta colaboraci\u00f3n surgi\u00f3 porque se llevaron bien!<\/figcaption><\/figure>\n<ul>\n<li><strong>Johnny de cristal<\/strong>(Pantalla del escenario: tocadiscos)<\/li>\n<li><strong>Sentimiento<\/strong>(Pantalla del escenario: tocadiscos)<\/li>\n<li><strong>Fruta de pleno verano<\/strong>(Pantalla del escenario: imagen de la playa)<\/li>\n<\/ul>\n<figure class=\"wp-caption aligncenter\"><a href=\"https:\/\/photos.google.com\/share\/AF1QipO1_X4rbA1QVKIktSWOID1mTbWk9VAexWwR6wUjHKA5ZTI0PsOgk_Xq7d7dpBoWHw\/photo\/AF1QipNIQr8RG1e1fWvFENk3BwAjzeaVDpZPnNc-_j0?key=RTJmUGRWX19LWXVWbzM4dFMzbWNXNWJmWWp3VHRB\" target=\"_blank\"><img decoding=\"async\" src=\"https:\/\/lh3.googleusercontent.com\/pw\/AP1GczP3KLeASoCXVi8s1XtZQrTJ4xlc01ueKb5WGViuXfoj0zXuf13fiI6wr_RtFUlaPif8kA7X-e8nE4sJY2EZ6WOJnX8dfZW6fOZqKjFRpiDhq5pAkiIN9WcIjnNE4ZHPx9uRNYawUL3UmSb7z1VjN_yy=w2000-h1333-s-no-gm?authuser=0\" width=\"2000\" height=\"1333\" alt=\"Con sentimientos desbordantes...\" class=\"size-full\" \/><\/a><figcaption class=\"wp-caption-text\">Con sentimientos desbordantes...<\/figcaption><\/figure>\n<figure class=\"wp-caption aligncenter\"><a href=\"https:\/\/photos.google.com\/share\/AF1QipO1_X4rbA1QVKIktSWOID1mTbWk9VAexWwR6wUjHKA5ZTI0PsOgk_Xq7d7dpBoWHw\/photo\/AF1QipNN4t2prrXKxkW1XnRSgVnXryKBLxkotMTg_A4?key=RTJmUGRWX19LWXVWbzM4dFMzbWNXNWJmWWp3VHRB\" target=\"_blank\"><img decoding=\"async\" src=\"https:\/\/lh3.googleusercontent.com\/pw\/AP1GczPWjFkUf3Yik16IcC8yQrMNZ_cgWwx-dEEvblr56NhT02MIgX95_Y7kjOmgm3JiueqeT4B-vvK4FNgKszQH46-SCb5vcYR5gAP-eEuyus5MwHLTNKyOgCrKjT229KPTF2SODj5APn5c4YgfnuqD3x0z=w2000-h1333-s-no-gm?authuser=0\" width=\"2000\" height=\"1333\" alt=\"\u00a1Una resonancia maravillosa!\" class=\"size-full\" \/><\/a><figcaption class=\"wp-caption-text\">\u00a1Una resonancia maravillosa!<\/figcaption><\/figure>\n<h3>Entrada del Coro de Girasoles<\/h3>\n<figure class=\"wp-caption aligncenter\"><a href=\"https:\/\/photos.google.com\/share\/AF1QipO1_X4rbA1QVKIktSWOID1mTbWk9VAexWwR6wUjHKA5ZTI0PsOgk_Xq7d7dpBoWHw\/photo\/AF1QipPlJX54ADLpOEeJ1mx357WKPADNXjDWmwjtRDk?key=RTJmUGRWX19LWXVWbzM4dFMzbWNXNWJmWWp3VHRB\" target=\"_blank\"><img decoding=\"async\" src=\"https:\/\/lh3.googleusercontent.com\/pw\/AP1GczNzdrMKHobdl4QD1Gfh_yV7HRMfV_ue0Ic6gciSenXUsiJ2InkOfeNrSrdgBpBU5jmQ59e4mH6LJNxwJlW4yIg92HCpKfPdAMei0qylGuVxDdb-94BV9JwYiBDDP5cm5_BZsR5rMN44ZoMU2x15i2bO=w2000-h1333-s-no-gm?authuser=0\" width=\"2000\" height=\"1333\" alt=\"Colaboraci\u00f3n entre el Ukulele Club y el Himawari Chorus\" class=\"size-full\" \/><\/a><figcaption class=\"wp-caption-text\">Colaboraci\u00f3n entre el Ukulele Club y el Himawari Chorus<\/figcaption><\/figure>\n<ul>\n<li><strong>MC:<\/strong>Me gustar\u00eda actuar junto con el Club de Ukelele y el Coro Himawari. Cantaremos &quot;Ue o Muite Arukou&quot; y &quot;Bara ga Saita&quot;.<br \/>\n\u3000<\/li>\n<li><strong>Mira hacia arriba y camina:<\/strong>Club de Ukelele y Coro de Girasoles (Pantalla del escenario: Imagen del cielo estrellado)<\/li>\n<li><strong>Las rosas florecieron:<\/strong>El p\u00fablico cant\u00f3 mientras miraba la hoja con las letras que se distribuy\u00f3 con antelaci\u00f3n (pantalla del escenario: imagen de una rosa roja)<\/li>\n<\/ul>\n<figure class=\"wp-caption aligncenter\"><a href=\"https:\/\/photos.google.com\/share\/AF1QipO1_X4rbA1QVKIktSWOID1mTbWk9VAexWwR6wUjHKA5ZTI0PsOgk_Xq7d7dpBoWHw\/photo\/AF1QipOtL_dFvE4c9DwYKlvliHYGyTOAuFtvbtnK2-w?key=RTJmUGRWX19LWXVWbzM4dFMzbWNXNWJmWWp3VHRB\" target=\"_blank\"><img decoding=\"async\" src=\"https:\/\/lh3.googleusercontent.com\/pw\/AP1GczM_n3AR1gXogdleyiODyJSnGFdMsSMZ7RFUCEBafN_srOJA15W10Aw2n6OLjR9F1-k7RVIQDzOCIu-DQoPZS4ruv4hVjQ5mvUM6p3K1Q7sNIGLo3k7a7xprRuBJXGiynOOuS_1OqJ1r2IBHNWLiIojj=w2000-h1333-s-no-gm?authuser=0\" width=\"2000\" height=\"1333\" alt=\"&quot;Las rosas han florecido&quot; con un v\u00eddeo ilustrado de rosas rojas de fondo...\" class=\"size-full\" \/><\/a><figcaption class=\"wp-caption-text\">&quot;Las rosas han florecido&quot; con un v\u00eddeo ilustrado de rosas rojas de fondo...<\/figcaption><\/figure>\n<h3>Presentaci\u00f3n del ramo: Yuichi Iwasaki<\/h3>\n<ul>\n<li><strong>MC:<\/strong>Fue nuestra primera vez actuando con los ukelelistas y fue muy divertido.<br \/>\nPracticamos algunas veces, pero hoy est\u00e1bamos en plena forma (risas).<br \/>\nAprendo mucho de la maravillosa conversaci\u00f3n del Sr. Iwasaki (risas).<br \/>\nAyumi Fukase, vicel\u00edder del Coro Himawari, entreg\u00f3 un ramo de flores al representante de Iwasaki Juku, Yuichi Iwasaki. \u00a1Gracias por hoy!<\/li>\n<\/ul>\n<figure class=\"wp-caption aligncenter\"><a href=\"https:\/\/photos.google.com\/share\/AF1QipO1_X4rbA1QVKIktSWOID1mTbWk9VAexWwR6wUjHKA5ZTI0PsOgk_Xq7d7dpBoWHw\/photo\/AF1QipOwgMYo9Xsc6bR0ax0pDGK4CN1YiZs9dqzBdJk?key=RTJmUGRWX19LWXVWbzM4dFMzbWNXNWJmWWp3VHRB\" target=\"_blank\"><img decoding=\"async\" src=\"https:\/\/lh3.googleusercontent.com\/pw\/AP1GczPyog2tcADNM3WBZ4v8XfY_uIwHD6ukMqGWx0YzVy7-XXd4fBADhtLHHSPbyg56DLQ0QYqMYFIU5uODktK6K9Iq5fs-oTVkvxbpcBJDpBf8lsnY6clQkYN1Ka5P7iYpxZY5eBHZ9KgxtlHNndrQEsEd=w2000-h1333-s-no-gm?authuser=0\" width=\"2000\" height=\"1333\" alt=\"\u00a1La vice-l\u00edder Fukase Ayumi le presenta un ramo de flores a Iwasaki Yuichi!\" class=\"size-full\" \/><\/a><figcaption class=\"wp-caption-text\">\u00a1La vice-l\u00edder Fukase Ayumi le presenta un ramo de flores a Iwasaki Yuichi!<\/figcaption><\/figure>\n<figure class=\"wp-caption aligncenter\"><a href=\"https:\/\/photos.google.com\/share\/AF1QipO1_X4rbA1QVKIktSWOID1mTbWk9VAexWwR6wUjHKA5ZTI0PsOgk_Xq7d7dpBoWHw\/photo\/AF1QipNp3-LetPpYHLtGTnJx3pEQdMdTPo6ZA0I-bYU?key=RTJmUGRWX19LWXVWbzM4dFMzbWNXNWJmWWp3VHRB\" target=\"_blank\"><img decoding=\"async\" src=\"https:\/\/lh3.googleusercontent.com\/pw\/AP1GczNHuhoURhvj34PRGUPGmOptqTWsOeEZ19mWNhDztgSXouCEFqNZ7TP5UoOwSCKKuSQZxYrQZLw3MOz_TlFPHJwzKTz4aGlOKcOIvq7qUKVT_KANo_MJAFndm9qX6x0xQ2KqvYANI19mO8xSeLvjm8m_=w2000-h1333-s-no-gm?authuser=0\" width=\"2000\" height=\"1333\" alt=\"\u00bfEh? \u00bfEh?\" class=\"size-full\" \/><\/a><figcaption class=\"wp-caption-text\">\u00bfEh? \u00bfEh?<\/figcaption><\/figure>\n<h2>Parte 3: ~Con gratitud del Coro Himawari~<\/h2>\n<figure class=\"wp-caption aligncenter\"><a href=\"https:\/\/photos.google.com\/share\/AF1QipO1_X4rbA1QVKIktSWOID1mTbWk9VAexWwR6wUjHKA5ZTI0PsOgk_Xq7d7dpBoWHw\/photo\/AF1QipPD3VH07D0NrGgfCxg6i59lduEnaE9HFVnioVs?key=RTJmUGRWX19LWXVWbzM4dFMzbWNXNWJmWWp3VHRB\" target=\"_blank\"><img decoding=\"async\" src=\"https:\/\/lh3.googleusercontent.com\/pw\/AP1GczMlCcqXa_PkzSKiUiAeU8vn-vej6_5tNi8NqqvgE8C7zy_09LzS6RfuP3TO6TIYl-7OJ7f2dm6s9DsaJytv4-vnh6daTeT7VdfREFo4WE9upZmQmjdnWvLzjSJsScCM5YQFLY238uNJzKgNb7aBryBi=w2000-h1333-s-no-gm?authuser=0\" width=\"2000\" height=\"1333\" alt=\"Cantos de barco de ensue\u00f1o, cantos de p\u00e1jaros... Un paisaje urbano junto al agua aparece en la pantalla.\" class=\"size-full\" \/><\/a><figcaption class=\"wp-caption-text\">Cantos de barco de ensue\u00f1o, cantos de p\u00e1jaros... Un paisaje urbano junto al agua aparece en la pantalla.<\/figcaption><\/figure>\n<ul>\n<li><strong>Nocturno de Suzhou<\/strong>Letra de Yaso Saijo, compuesta por Ryoichi Hattori y arreglada por Koichi Yamamuro<br \/>\n(Pantalla del escenario: imagen del paisaje urbano frente al mar)<\/li>\n<li><strong>flores de cerezo<\/strong>: Letra de Hakuhi Miki, m\u00fasica de Takako Okuma<br \/>\n(Pantalla del escenario: video de la imagen de Sakura)<\/li>\n<\/ul>\n<figure class=\"wp-caption aligncenter\"><a href=\"https:\/\/photos.google.com\/share\/AF1QipO1_X4rbA1QVKIktSWOID1mTbWk9VAexWwR6wUjHKA5ZTI0PsOgk_Xq7d7dpBoWHw\/photo\/AF1QipMbHWsdpFH3nLONIdNE3OszWU_CNdk8boJ3Otk?key=RTJmUGRWX19LWXVWbzM4dFMzbWNXNWJmWWp3VHRB\" target=\"_blank\"><img decoding=\"async\" src=\"https:\/\/lh3.googleusercontent.com\/pw\/AP1GczODFH570v-lfYpb6xZvFZ8ruVguoIRgl3xDrQ0Sa6wust1voCHdJo9dkaMSoU-6Pxuusnd977bcSALVNpzdobY3o3NhdonaVgVjjrLik1jkWRRXYxl1df0EBX0kjmdnL3TNh_yAFehGLo1E1Kndja-u=w2000-h1333-s-no-gm?authuser=0\" width=\"2000\" height=\"1333\" alt=\"Con im\u00e1genes de flores de cerezo cayendo en el fondo...\" class=\"size-full\" \/><\/a><figcaption class=\"wp-caption-text\">Con im\u00e1genes de flores de cerezo cayendo en el fondo...<\/figcaption><\/figure>\n<ul>\n<li><strong>MC:<\/strong>A continuaci\u00f3n, presentaremos una canci\u00f3n del profesor Yamamoto. Se trata de una canci\u00f3n mexicana llamada &quot;\u00cdntima&quot;, que se traduce como &quot;Amada&quot; en japon\u00e9s, y se cantar\u00e1 en espa\u00f1ol.<br \/>\n\u3000<\/li>\n<li><strong>Profesor Yamamoto:<\/strong>Esta canci\u00f3n es mexicana. La cantar\u00e9 en espa\u00f1ol porque el 90% de la gente en M\u00e9xico habla espa\u00f1ol. La letra traducida aparecer\u00e1 en la pantalla, as\u00ed que espero que la escuchen mientras la ven.<br \/>\n\u3000<\/li>\n<li><strong>Intimidad<\/strong>Tata Nacho Letra y composici\u00f3n de Tetsuyoshi Yamamoto, tenor solista<br \/>\n(Pantalla del escenario: Imagen de una rosa con traducci\u00f3n al japon\u00e9s)<\/li>\n<\/ul>\n<figure class=\"wp-caption aligncenter\"><a href=\"https:\/\/photos.google.com\/share\/AF1QipO1_X4rbA1QVKIktSWOID1mTbWk9VAexWwR6wUjHKA5ZTI0PsOgk_Xq7d7dpBoWHw\/photo\/AF1QipPOytg-w_L3kjTU9CdjE1VaoBzCLyOQdLINZ8U?key=RTJmUGRWX19LWXVWbzM4dFMzbWNXNWJmWWp3VHRB\" target=\"_blank\"><img decoding=\"async\" src=\"https:\/\/lh3.googleusercontent.com\/pw\/AP1GczOyIbDkZlRVsQIZEdYbsbhtQH-B1MmWSQJvKjfyxb7Bl_BTrBU31UZx1wtboA-qZq3viFCH1mIA2syRW-ZY5hF_el3dYTJ_KDH0sJLMG3LYk_MsVBLKhiOOekvjBU_10dNTP-k1_7dyO-uNaIPbjcmH=w2000-h1333-s-no-gm?authuser=0\" width=\"2000\" height=\"1333\" alt=\"&quot;Mi Querid\u00edsima&quot; \u00a1Una interpretaci\u00f3n solista de tenor de la versi\u00f3n en espa\u00f1ol de &quot;Mi Querid\u00edsima&quot;!\" class=\"size-full\" \/><\/a><figcaption class=\"wp-caption-text\">\u00a1Una interpretaci\u00f3n solista de tenor de la canci\u00f3n espa\u00f1ola &quot;My Dear&quot;!<\/figcaption><\/figure>\n<figure class=\"wp-caption aligncenter\"><a href=\"https:\/\/photos.google.com\/share\/AF1QipO1_X4rbA1QVKIktSWOID1mTbWk9VAexWwR6wUjHKA5ZTI0PsOgk_Xq7d7dpBoWHw\/photo\/AF1QipNMW9kp5aSPiF9ps3awVJnVMXnlMdDqniGtekQ?key=RTJmUGRWX19LWXVWbzM4dFMzbWNXNWJmWWp3VHRB\" target=\"_blank\"><img decoding=\"async\" src=\"https:\/\/lh3.googleusercontent.com\/pw\/AP1GczMOLi5jaRSvHv0sAVwSdKAPSu1LzgtHC0ntvy2K9nSNw-WTromOjenttSJZcKrhwFGHChWG5wMrGGvBc3EtSz46h9KTw3ntBXz-jIwO783M_V6gyBDgzieK8AcSx-GAc-41JfYvbM-7ZASkfnuUsUWP=w2000-h1333-s-no-gm?authuser=0\" width=\"2000\" height=\"1333\" alt=\"La traducci\u00f3n al japon\u00e9s se mostr\u00f3 en la pantalla...\" class=\"size-full\" \/><\/a><figcaption class=\"wp-caption-text\">La traducci\u00f3n al japon\u00e9s se mostr\u00f3 en la pantalla...<\/figcaption><\/figure>\n<ul>\n<li><strong>MC:<\/strong>El concierto est\u00e1 llegando a su fin. Las dos siguientes canciones tienen mensajes muy fuertes.\n<p>Se dice que el letrista de &quot;Canci\u00f3n de hojas verdes&quot; escribi\u00f3 el poema con la imagen de hojas verdes brillando bajo la luz del sol como su deseo de paz mundial.<\/p>\n<p>Tambi\u00e9n realizamos una encuesta entre nuestros miembros sobre la canci\u00f3n que les gustar\u00eda cantar y \u201cCanci\u00f3n de Vida\u201d qued\u00f3 en primer lugar.<\/p>\n<p>Esta canci\u00f3n tambi\u00e9n es muy importante para nosotros. Hace diecis\u00e9is a\u00f1os, las gemelas Mana y Kana la cantaron en el drama matutino de NHK &quot;Dandan&quot;. La letra fue escrita por Mariya Takeuchi. Al parecer, &quot;Dandan&quot; significa &quot;gracias&quot; en el dialecto shimane.<\/p>\n<p>Por favor escuche las dos canciones &quot;Canci\u00f3n de las hojas verdes&quot; y &quot;Canci\u00f3n de la vida&quot; en sucesi\u00f3n.<\/li>\n<\/ul>\n<figure class=\"wp-caption aligncenter\"><a href=\"https:\/\/photos.google.com\/share\/AF1QipO1_X4rbA1QVKIktSWOID1mTbWk9VAexWwR6wUjHKA5ZTI0PsOgk_Xq7d7dpBoWHw\/photo\/AF1QipNSwvk2BCBuGb1Br_2xoYQGT59a1AEMfZ4rQqE?key=RTJmUGRWX19LWXVWbzM4dFMzbWNXNWJmWWp3VHRB\" target=\"_blank\"><img decoding=\"async\" src=\"https:\/\/lh3.googleusercontent.com\/pw\/AP1GczNFXo5Vk4i0lUjFgudYvv6TFsH49Zz8QXgcK1-8Z6hX0UNUYbhUo5rQEE8zDdHDwy2Qqkmpw6o1uQaNLwyadmX4ouKwvJAm8C6JssVT6kFq421AHwvt8Eo_xcPNIdVyOeYO_9JpfxItps4ESFgzzqOQ=w2000-h1333-s-no-gm?authuser=0\" width=\"2000\" height=\"1333\" alt=\"&quot;Canci\u00f3n de hojas verdes&quot; Una oraci\u00f3n por la paz mundial y el amor por la humanidad...\" class=\"size-full\" \/><\/a><figcaption class=\"wp-caption-text\">&quot;Canci\u00f3n de hojas verdes&quot; Una oraci\u00f3n por la paz mundial y el amor por la humanidad...<\/figcaption><\/figure>\n<ul>\n<li><strong>Canci\u00f3n de hojas verdes<\/strong>Letra de Komori Kaori y m\u00fasica de Kumagai Kenichi<br \/>\n(Pantalla del escenario: imagen de Wakaba)<\/li>\n<li><strong>Canci\u00f3n de vida<\/strong>\uff1aMiyabi Letra de Takatsugu Muramatsu M\u00fasica de Junko Yokoyama Arreglo<br \/>\n(Pantalla del escenario: imagen de ilustraci\u00f3n de girasol)<\/li>\n<\/ul>\n<figure class=\"wp-caption aligncenter\"><a href=\"https:\/\/photos.google.com\/share\/AF1QipO1_X4rbA1QVKIktSWOID1mTbWk9VAexWwR6wUjHKA5ZTI0PsOgk_Xq7d7dpBoWHw\/photo\/AF1QipPRE5BHkBZesh_DP45h8hAlxLOVMMzDaffTYYw?key=RTJmUGRWX19LWXVWbzM4dFMzbWNXNWJmWWp3VHRB\" target=\"_blank\"><img decoding=\"async\" src=\"https:\/\/lh3.googleusercontent.com\/pw\/AP1GczPy2qLfVUedPaA9Eujpiv3xOKqUSIicBL48-jUuTwnSEGtgVdNO2yWSAYHrkX02uixHJUitkMr0ScIVEikKi5ZY3I4mu1WwB09nkw21McZNk_kXISBrBI8LVode_FOIqL_IXBbMfqYwZdlebO2u2CNX=w2000-h1333-s-no-gm?authuser=0\" width=\"2000\" height=\"1333\" alt=\"\u00a1Gracias a toda la vida!\" class=\"size-full\" \/><\/a><figcaption class=\"wp-caption-text\">\u00a1Gracias a toda la vida!<\/figcaption><\/figure>\n<h2>Presentaci\u00f3n del ramo: Profesor Tetsuyoshi Yamamoto &amp; Tomoyo Kano<\/h2>\n<figure class=\"wp-caption aligncenter\"><a href=\"https:\/\/photos.google.com\/share\/AF1QipO1_X4rbA1QVKIktSWOID1mTbWk9VAexWwR6wUjHKA5ZTI0PsOgk_Xq7d7dpBoWHw\/photo\/AF1QipPD3h_tzE5zvsHW83WWpTUTyzVu5TipINjLHos?key=RTJmUGRWX19LWXVWbzM4dFMzbWNXNWJmWWp3VHRB\" target=\"_blank\"><img decoding=\"async\" src=\"https:\/\/lh3.googleusercontent.com\/pw\/AP1GczMKDVycoI4YPvQZyKJd7UWJ_cuohGw5SII-_C4W6Z5MBF5F9qdbo3Ug462qUniUHVc-mabbkHBqBIG9BFbAml6R5LVR4lv95FT8J1b3uE4gZsd41wK3Vnn1QtLcRnVHpQzxTdSA_WGTgXhpmjY82i3m=w2000-h1333-s-no-gm?authuser=0\" width=\"2000\" height=\"1333\" alt=\"\u00a1Un lindo ni\u00f1o presenta un ramo de flores!\" class=\"size-full\" \/><\/a><figcaption class=\"wp-caption-text\">\u00a1Un lindo ni\u00f1o presenta un ramo de flores!<\/figcaption><\/figure>\n<figure class=\"wp-caption aligncenter\"><a href=\"https:\/\/photos.google.com\/share\/AF1QipO1_X4rbA1QVKIktSWOID1mTbWk9VAexWwR6wUjHKA5ZTI0PsOgk_Xq7d7dpBoWHw\/photo\/AF1QipPHa-GotOvIWVzL_VibR5Ap3TIbPGI7sLeUlDc?key=RTJmUGRWX19LWXVWbzM4dFMzbWNXNWJmWWp3VHRB\" target=\"_blank\"><img decoding=\"async\" src=\"https:\/\/lh3.googleusercontent.com\/pw\/AP1GczM3o5ZJBgAMD8n8niotgrFMcr5Pipwi-vixgq-8LK6vfLDQ7moULYMTHQYDeyLpf5ulB4q5Rm9lwvKXhEWWsLRTJznDLKZKm7U5Pz_DfWbnEJ5h5_a9fi7px21zCv8QfZMLNddSsOMNhs8a3NvM4NJd=w2000-h1333-s-no-gm?authuser=0\" width=\"2000\" height=\"1333\" alt=\"El profesor Tetsuyoshi Yamamoto se conmueve hasta las l\u00e1grimas\" class=\"size-full\" \/><\/a><figcaption class=\"wp-caption-text\">El profesor Tetsuyoshi Yamamoto se conmueve hasta las l\u00e1grimas<\/figcaption><\/figure>\n<h2>Saludos de la vicepresidenta Kazuko Teragaki<\/h2>\n<figure class=\"wp-caption aligncenter\"><a href=\"https:\/\/photos.google.com\/share\/AF1QipO1_X4rbA1QVKIktSWOID1mTbWk9VAexWwR6wUjHKA5ZTI0PsOgk_Xq7d7dpBoWHw\/photo\/AF1QipNV0uprh3KKwog8qg1EoAjR_IuzQMVM5hd-Biw?key=RTJmUGRWX19LWXVWbzM4dFMzbWNXNWJmWWp3VHRB\" target=\"_blank\"><img decoding=\"async\" src=\"https:\/\/lh3.googleusercontent.com\/pw\/AP1GczOF6LEDouWuqG9o_VlrrYltV5qTFgOrr_t9yf_l99mGgHkON0FViXWz2VUvOm-_mvqYUh6uWKHAMppBpcYbHbxOoa7UbtCvs0XLcKjLMzBDy9WTi7jo-VujRpx9FwpLiM2S57IP51huO-ywGkly5tDJ=w2000-h1333-s-no-gm?authuser=0\" width=\"2000\" height=\"1333\" alt=\"Saludos de la vicepresidenta Kazuko Teragaki\" class=\"size-full\" \/><\/a><figcaption class=\"wp-caption-text\">Saludos de la vicepresidenta Kazuko Teragaki<\/figcaption><\/figure>\n<p>&quot;Muchas gracias por venir a nuestro concierto hoy a pesar de sus ocupadas agendas y el mal tiempo.<\/p>\n<p>Los conciertos regulares, que comenzaron en 2011 (Heisei 23), se celebrar\u00e1n este a\u00f1o por d\u00e9cima vez.<\/p>\n<p>Recuerdo haber cantado esta canci\u00f3n con todo mi coraz\u00f3n despu\u00e9s del terremoto de Tohoku en 2011, aprendiendo sobre lo preciosa que es la vida gracias a los afectados y sinti\u00e9ndome agradecido de poder vivir una vida diaria en paz.<\/p>\n<p>Aunque desde entonces el concierto se ha convertido en un evento anual, todav\u00eda llamamos a cada uno de ellos un Concierto Conmemorativo porque queremos recordar los sentimientos que tuvimos en ese momento, apreciarlos y mantenerlos en nuestros corazones a\u00f1o tras a\u00f1o.<\/p>\n<p>Para quienes esperan con ansias nuestra actuaci\u00f3n, seguiremos cantando con todas nuestras fuerzas en estos conciertos. Esperamos que sigan apoyando al Coro Himawari.<\/p>\n<p>Solo un anuncio. Como se indica en el reverso del programa, estamos reclutando nuevos miembros. Ensayamos todos los jueves a partir de las 19:00 h en este amplio sal\u00f3n. Tendremos un descanso en diciembre y enero, pero reanudaremos nuestras actividades a partir de febrero. Esperamos que vengan a vernos practicar y a experimentar la alegr\u00eda de la armon\u00eda coral. Todos nuestros miembros esperan verlos.<\/p>\n<p>&quot;Por fin, nos han pedido un bis, as\u00ed que hoy interpretaremos una canci\u00f3n m\u00e1s, &#039;Country Road&#039;, una canci\u00f3n importante que llevamos cantando mucho tiempo, con nuestros invitados en una versi\u00f3n especial. Por favor, canten con nosotros. Muchas gracias por el d\u00eda de hoy&quot;, dijo el vicepresidente Teragaki Kazuko.<\/p>\n<h2>Bis: Country Road<br \/>\nCoro conjunto con el Ukulele Club y Himawari Chorus<\/h2>\n<figure class=\"wp-caption aligncenter\"><a href=\"https:\/\/photos.google.com\/share\/AF1QipO1_X4rbA1QVKIktSWOID1mTbWk9VAexWwR6wUjHKA5ZTI0PsOgk_Xq7d7dpBoWHw\/photo\/AF1QipNIE1zu01UaXSbUEgAeFn-XuNOOee1FkdGFeA0?key=RTJmUGRWX19LWXVWbzM4dFMzbWNXNWJmWWp3VHRB\" target=\"_blank\"><img decoding=\"async\" src=\"https:\/\/lh3.googleusercontent.com\/pw\/AP1GczP4alBs8sX7JPoHvuvOScALf05ARRaUgWnpH1W5AjwKKjMuyPgTdE4QQeiAQUpvjKJGbsjP8mwdanT9H9bFjd0WWvqJTcbOGGJR65HtROD0oXiIps-Rv3U_Awf2Vl0Wvc_b1L9AbZzVJOMWNd57kg_u=w2000-h1333-s-no-gm?authuser=0\" width=\"2000\" height=\"1333\" alt=\"\u00a1Cantaron la canci\u00f3n encore &quot;Country Road&quot; con el Iwasaki Juku Ukulele Club!\" class=\"size-full\" \/><\/a><figcaption class=\"wp-caption-text\">\u00a1Cantaron la canci\u00f3n encore &quot;Country Road&quot; con el Iwasaki Juku Ukulele Club!<\/figcaption><\/figure>\n<figure class=\"wp-caption aligncenter\"><a href=\"https:\/\/photos.google.com\/share\/AF1QipO1_X4rbA1QVKIktSWOID1mTbWk9VAexWwR6wUjHKA5ZTI0PsOgk_Xq7d7dpBoWHw\/photo\/AF1QipP0Pv7iVuANC95GjxK9wIag4MfQVPF_AzL04dw?key=RTJmUGRWX19LWXVWbzM4dFMzbWNXNWJmWWp3VHRB\" target=\"_blank\"><img decoding=\"async\" src=\"https:\/\/lh3.googleusercontent.com\/pw\/AP1GczNYW43b-xyir5a_j0sdWPIF_zfiQPZww2ysHzc1YV8sJPDepoZqfaML5_7Gt0LnvU9j1y5i5dOIUPd9EXJ_gQJTGHAuC6TXrPsAs3vdJgDMwzfE2aMPqlqxLK7dDxw94Pf6exBVl9RM6J_X3c7-2Kq_=w2000-h1333-s-no-gm?authuser=0\" width=\"2000\" height=\"1333\" alt=\"En la pantalla se proyectaban escenas de las sesiones de pr\u00e1ctica diarias, como si fuera una presentaci\u00f3n de diapositivas...\" class=\"size-full\" \/><\/a><figcaption class=\"wp-caption-text\">En la pantalla se proyectaban escenas de las sesiones de pr\u00e1ctica diarias, como si fuera una presentaci\u00f3n de diapositivas...<\/figcaption><\/figure>\n<p>Las hermosas voces y armon\u00edas resonaron por todo el lugar y el p\u00fablico se llen\u00f3 de emoci\u00f3n mientras estallaba en aplausos y v\u00edtores de &quot;\u00a1Bravo!&quot;.<\/p>\n<figure class=\"wp-caption aligncenter\"><a href=\"https:\/\/photos.google.com\/share\/AF1QipO1_X4rbA1QVKIktSWOID1mTbWk9VAexWwR6wUjHKA5ZTI0PsOgk_Xq7d7dpBoWHw\/photo\/AF1QipNBwK6G3YooWATLVxhXRpO2i_7BI4ApGEAmg6k?key=RTJmUGRWX19LWXVWbzM4dFMzbWNXNWJmWWp3VHRB\" target=\"_blank\"><img decoding=\"async\" src=\"https:\/\/lh3.googleusercontent.com\/pw\/AP1GczO4I2LsjGcgdNRHd8ImySVgcBNchFJgBcJAr_R7_IDfhW1rM6rWdDK-uttvZiypmRTOffDr2g6CTEtvPEG3AXggg7HW4wmfaxVmeDKRimBf4zs15ggfcWzcry8Ak2o1jA1h62eDaI0VYQpP0tWAjJMu=w2000-h1333-s-no-gm?authuser=0\" width=\"2000\" height=\"1333\" alt=\"El momento en que los gritos de &quot;\u00a1Bravo!&quot; resonaron por toda la sala en respuesta a la gran emoci\u00f3n...\" class=\"size-full\" \/><\/a><figcaption class=\"wp-caption-text\">El momento en que los gritos de &quot;\u00a1Bravo!&quot; resonaron por toda la sala en respuesta a la gran emoci\u00f3n...<\/figcaption><\/figure>\n<ul>\n<li><strong>MC:<\/strong>Muchas gracias a todos por acompa\u00f1arnos hoy.<br \/>\nPor favor, tenga cuidado de no dejar nada atr\u00e1s y tenga cuidado en el camino a casa.<br \/>\nLes deseo a todos mucha salud y felicidad al despedirme. Muchas gracias por acompa\u00f1arnos hoy.<br \/>\nDespu\u00e9s de esto, los miembros del Coro Himawari los despedir\u00e1n. T\u00f3mense su tiempo y disfruten del viaje de regreso.<\/li>\n<\/ul>\n<figure class=\"wp-caption aligncenter\"><a href=\"https:\/\/photos.google.com\/share\/AF1QipO1_X4rbA1QVKIktSWOID1mTbWk9VAexWwR6wUjHKA5ZTI0PsOgk_Xq7d7dpBoWHw\/photo\/AF1QipNjwRoBaMWIEfoEWc3OdZDexcO7LJ0sREvYBKw?key=RTJmUGRWX19LWXVWbzM4dFMzbWNXNWJmWWp3VHRB\" target=\"_blank\"><img decoding=\"async\" src=\"https:\/\/lh3.googleusercontent.com\/pw\/AP1GczPAfBRJMdKX1e8s8bJMo6mHcURIAZXJpV1LDadbZNBow8hNs69AlWy0dYFN-yglze1-qAiSdWmODRMHSnFqx6AUkfUrKvSdUXFpyE_RLYPXxLx2RMnhI3gCE9OWx1_nR9aNVe_nd_tSrc8WCrY98LyO=w2000-h1333-s-no-gm?authuser=0\" width=\"2000\" height=\"1333\" alt=\"\u00a1Queremos expresar nuestro m\u00e1s sincero agradecimiento a todos los que vinieron! \u00a1Muchas gracias!\" class=\"size-full\" \/><\/a><figcaption class=\"wp-caption-text\">\u00a1Queremos expresar nuestro m\u00e1s sincero agradecimiento a todos los que vinieron! \u00a1Muchas gracias!<\/figcaption><\/figure>\n<h2>Despidi\u00e9ndose de todos<\/h2>\n<figure class=\"wp-caption aligncenter\"><a href=\"https:\/\/photos.google.com\/share\/AF1QipO1_X4rbA1QVKIktSWOID1mTbWk9VAexWwR6wUjHKA5ZTI0PsOgk_Xq7d7dpBoWHw\/photo\/AF1QipPco5RQcKIxB4FkUzQ1r6RMR6t08FEgYVaDeio?key=RTJmUGRWX19LWXVWbzM4dFMzbWNXNWJmWWp3VHRB\" target=\"_blank\"><img decoding=\"async\" src=\"https:\/\/lh3.googleusercontent.com\/pw\/AP1GczND3Pz-sVGlRIXXKewH_EPfcMdPyC0ihU7NEU6rDL6YwQoxmuMcwW3lv-qTTTn83bJSZGJX1Owv59Ilk18cOYtg5tiNXymHZABRMUPMCdTGlyYA06GXSUVR9hS8VMIRz3yTBNYrAr1Xls2QdEd2oarK=w3292-h1852-s-no-gm?authuser=0\" width=\"2000\" height=\"1500\" alt=\"Despidi\u00e9ndose de todos\" class=\"size-full\" \/><\/a><figcaption class=\"wp-caption-text\">Despidi\u00e9ndose de todos<\/figcaption><\/figure>\n<p>Con infinito amor, gratitud y oraciones, enviamos nuestro m\u00e1s sincero agradecimiento al maravilloso coro de mujeres \u201cHimawari Chorus\u201d, que, m\u00e1s de 35 a\u00f1os despu\u00e9s de su formaci\u00f3n, contin\u00faa cantando con las voces de almas preciosas y apreciando la preciosidad de la vida.<\/p>\n<figure class=\"wp-caption aligncenter\"><a href=\"https:\/\/photos.google.com\/share\/AF1QipO1_X4rbA1QVKIktSWOID1mTbWk9VAexWwR6wUjHKA5ZTI0PsOgk_Xq7d7dpBoWHw\/photo\/AF1QipNysaqxOhWc2N8oUjD1fRvCrSd2Hvr7S8YxqS0?key=RTJmUGRWX19LWXVWbzM4dFMzbWNXNWJmWWp3VHRB\" target=\"_blank\"><img decoding=\"async\" src=\"https:\/\/lh3.googleusercontent.com\/pw\/AP1GczOqQzoD7cNY42420La83rA2tNvNQt98B2PSK7sAqyUDyPcJcIdN1dajBWwx8xdfBaws6mFkb6ttTv7O5-Qc6HWGqgs0wlTESeKp_W9wYWa__BAq8apotwYsbFhGE6wnn8aythjrgEz0_IGymi-uf1P9=w2000-h1500-s-no-gm?authuser=0\" width=\"2000\" height=\"1500\" alt=\"Un serbal de color rojo brillante cubierto por una capa de nieve blanca pura...\" class=\"size-full\" \/><\/a><figcaption class=\"wp-caption-text\">Un serbal de color rojo brillante cubierto por una capa de nieve blanca pura...<\/figcaption><\/figure>\n<h2>V\u00eddeos de YouTube<\/h2>\n<div class=\"youtube\"><iframe title=\"Concierto Conmemorativo del Coro de Girasoles, Parte 10: Con infinito amor, gratitud y oraciones para el Coro de Girasoles de Hokuryu, que contin\u00faa cantando con las voces de almas preciosas y aprecia la preciosidad de la vida.\" src=\"https:\/\/www.youtube.com\/embed\/_TGpK7_Eh0M?feature=oembed\" frameborder=\"0\" allow=\"accelerometer; autoplay; clipboard-write; encrypted-media; gyroscope; picture-in-picture; web-share\" referrerpolicy=\"strict-origin-when-cross-origin\" allowfullscreen><\/iframe><\/div>\n\n        <div class=\"site-blogcard-premium\">\n            <div class=\"bc-label-custom\">Art\u00edculos relacionados<\/div>\n            <div class=\"bc-flex-container\">\n                <div class=\"bc-main-text\">\n                    <div class=\"bc-title-link-box\">\n                        <a href=\"https:\/\/portal.hokuryu.info\/es\/53685\/\" target=\"_blank\">https:\/\/portal.hokuryu.info\/53685<\/a>\n                    <\/div>\n                    <div class=\"bc-excerpt-box\">No se puede recuperar la informaci\u00f3n de la p\u00e1gina.<\/div>\n                <\/div>\n                <div class=\"bc-thumbnail-box\">\n                    <a href=\"https:\/\/portal.hokuryu.info\/es\/53685\/\" target=\"_blank\">\n                        <div class=\"bc-img-zoom-wrap\">\n                            <img decoding=\"async\" src=\"https:\/\/portal.hokuryu.info\/wp\/wp-content\/uploads\/2026\/02\/20230802DSC06445_1.jpg\" alt=\"https:\/\/portal.hokuryu.info\/53685\">\n                        <\/div>\n                    <\/a>\n                <\/div>\n            <\/div>\n        <\/div>\n<h2>Otras fotos<\/h2>\n<div class=\"img-move\"><img decoding=\"async\" style=\"vertical-align: middle;\" src=\"https:\/\/ehokkaido.net\/wp-content\/uploads\/2021\/12\/2021-12-06-11.41.12.png\" \/> <a href=\"https:\/\/photos.app.goo.gl\/SkN4F84fqey4ifh4A\" target=\"_blank\" rel=\"noopener noreferrer\">Las fotos (255 fotos) del Concierto Conmemorativo del Coro Himawari, Parte 10 est\u00e1n aqu\u00ed &gt;&gt;<\/a><\/div>\n<h2>Art\u00edculos relacionados<\/h2>\n\n        <div class=\"site-blogcard-premium\">\n            <div class=\"bc-label-custom\">Art\u00edculos relacionados<\/div>\n            <div class=\"bc-flex-container\">\n                <div class=\"bc-main-text\">\n                    <div class=\"bc-title-link-box\">\n                        <a href=\"https:\/\/portal.hokuryu.info\/es\/53693\/\" target=\"_blank\">https:\/\/portal.hokuryu.info\/53693<\/a>\n                    <\/div>\n                    <div class=\"bc-excerpt-box\">No se puede recuperar la informaci\u00f3n de la p\u00e1gina.<\/div>\n                <\/div>\n                <div class=\"bc-thumbnail-box\">\n                    <a href=\"https:\/\/portal.hokuryu.info\/es\/53693\/\" target=\"_blank\">\n                        <div class=\"bc-img-zoom-wrap\">\n                            <img decoding=\"async\" src=\"https:\/\/portal.hokuryu.info\/wp\/wp-content\/uploads\/2026\/02\/20230802DSC06445_1.jpg\" alt=\"https:\/\/portal.hokuryu.info\/53693\">\n                        <\/div>\n                    <\/a>\n                <\/div>\n            <\/div>\n        <\/div>\n\n        <div class=\"site-blogcard-premium\">\n            <div class=\"bc-label-custom\">Art\u00edculos relacionados<\/div>\n            <div class=\"bc-flex-container\">\n                <div class=\"bc-main-text\">\n                    <div class=\"bc-title-link-box\">\n                        <a href=\"https:\/\/portal.hokuryu.info\/es\/53553\/\" target=\"_blank\">https:\/\/portal.hokuryu.info\/53553<\/a>\n                    <\/div>\n                    <div class=\"bc-excerpt-box\">No se puede recuperar la informaci\u00f3n de la p\u00e1gina.<\/div>\n                <\/div>\n                <div class=\"bc-thumbnail-box\">\n                    <a href=\"https:\/\/portal.hokuryu.info\/es\/53553\/\" target=\"_blank\">\n                        <div class=\"bc-img-zoom-wrap\">\n                            <img decoding=\"async\" src=\"https:\/\/portal.hokuryu.info\/wp\/wp-content\/uploads\/2026\/02\/20230802DSC06445_1.jpg\" alt=\"https:\/\/portal.hokuryu.info\/53553\">\n                        <\/div>\n                    <\/a>\n                <\/div>\n            <\/div>\n        <\/div>\n\u3000<br \/>\n\n        <div class=\"site-blogcard-premium\">\n            <div class=\"bc-label-custom\">Art\u00edculos relacionados<\/div>\n            <div class=\"bc-flex-container\">\n                <div class=\"bc-main-text\">\n                    <div class=\"bc-title-link-box\">\n                        <a href=\"https:\/\/portal.hokuryu.info\/es\/53566\/\" target=\"_blank\">https:\/\/portal.hokuryu.info\/53566<\/a>\n                    <\/div>\n                    <div class=\"bc-excerpt-box\">No se puede recuperar la informaci\u00f3n de la p\u00e1gina.<\/div>\n                <\/div>\n                <div class=\"bc-thumbnail-box\">\n                    <a href=\"https:\/\/portal.hokuryu.info\/es\/53566\/\" target=\"_blank\">\n                        <div class=\"bc-img-zoom-wrap\">\n                            <img decoding=\"async\" src=\"https:\/\/portal.hokuryu.info\/wp\/wp-content\/uploads\/2026\/02\/20230802DSC06445_1.jpg\" alt=\"https:\/\/portal.hokuryu.info\/53566\">\n                        <\/div>\n                    <\/a>\n                <\/div>\n            <\/div>\n        <\/div>\n\n        <div class=\"site-blogcard-premium\">\n            <div class=\"bc-label-custom\">Art\u00edculos relacionados<\/div>\n            <div class=\"bc-flex-container\">\n                <div class=\"bc-main-text\">\n                    <div class=\"bc-title-link-box\">\n                        <a href=\"https:\/\/portal.hokuryu.info\/es\/52324\/\" target=\"_blank\">https:\/\/portal.hokuryu.info\/52324<\/a>\n                    <\/div>\n                    <div class=\"bc-excerpt-box\">No se puede recuperar la informaci\u00f3n de la p\u00e1gina.<\/div>\n                <\/div>\n                <div class=\"bc-thumbnail-box\">\n                    <a href=\"https:\/\/portal.hokuryu.info\/es\/52324\/\" target=\"_blank\">\n                        <div class=\"bc-img-zoom-wrap\">\n                            <img decoding=\"async\" src=\"https:\/\/portal.hokuryu.info\/wp\/wp-content\/uploads\/2026\/02\/20230802DSC06445_1.jpg\" alt=\"https:\/\/portal.hokuryu.info\/52324\">\n                        <\/div>\n                    <\/a>\n                <\/div>\n            <\/div>\n        <\/div>\n\n        <div class=\"site-blogcard-premium\">\n            <div class=\"bc-label-custom\">Art\u00edculos relacionados<\/div>\n            <div class=\"bc-flex-container\">\n                <div class=\"bc-main-text\">\n                    <div class=\"bc-title-link-box\">\n                        <a href=\"https:\/\/portal.hokuryu.info\/es\/topics\/culture\/20181204.html\/\" target=\"_blank\">Concierto conmemorativo del 30.\u00ba aniversario del Coro Girasol, parte 7: Recibiendo a la soprano Mie Kikuiri como invitada - Portal de la ciudad de Hokuryu (Hokkaido), el pueblo de girasoles n\u00famero 1 de Jap\u00f3n<\/a>\n                    <\/div>\n                    <div class=\"bc-excerpt-box\">El 1 de diciembre (s\u00e1bado) a las 14:00 horas, comenzar\u00e1 el &quot;Concierto conmemorativo del 30.\u00ba aniversario del Coro Himawari, parte 7&quot;...<\/div>\n                <\/div>\n                <div class=\"bc-thumbnail-box\">\n                    <a href=\"https:\/\/portal.hokuryu.info\/es\/topics\/culture\/20181204.html\/\" target=\"_blank\">\n                        <div class=\"bc-img-zoom-wrap\">\n                            <img decoding=\"async\" src=\"https:\/\/lh3.googleusercontent.com\/77UD_EWgLp7IaXSaHHXJSUV65AOu14GpElEq2zmggCBCsDQDtSZr_JTmglmlCB0Vzj7rrF5W1uT1dCLu_XJ5grvPJ1rzCd8SJCMCSGrJqCxiPSeoXT1tKYhXjvBRp7HqNrcMg8zHqQgMZD5tzAOKJFXm93UDthyl3QqKysltHqjivwIRuzChJv0ZbdyZmweskatz4DCSAmtfDsDv0ZFtcJxpVueFErkKry6AolNw8CycnLNuvxY3jdFxOnfAbhhcSSEs_6oZulj0iP1K_KDMiZml-hYo4XCSaI8jfnug9pKukUzy3eKNNd_I07vcezDZq5Qu--bF5oefYa2tw41LiR-oXYMMITrbY84WIqWlnX00r99qslF1QIVdlc30gdb1-zwKyO_TZQHN5l7wW3KSRYnkFK4Qrlz7Bx9itd9h0EkfgE5MrlEie66RX__RHERomeuNAM2vsfiEgJlxLcXvNT_UYEqgud_LBJRhwgYAUx4Bj1BGtCKtB4EbyHwWVNYSEH7fF8KYMPJhxeZMMfGoTbsasQRy5uzlROFBOBgMsraSPglFlBmbUWFLSSytPLTczW7LKnlE0Kf7Je7rXe1_k1kEfdNuDeEvoxBE7g9VJqVKGEVxe-QBZK8Vj6NPcTF99RjDRBVSvizvwC-vmXkTGEZi7YoAnMkg0pKVLu3C-5opb0OPO2NTfHBM3daxkd_VSjnYqXwstxWCc9ZM5w=w1421-h947-no\" alt=\"Concierto conmemorativo del 30.\u00ba aniversario del Coro Girasol, parte 7: Recibiendo a la soprano Mie Kikuiri como invitada - Portal de la ciudad de Hokuryu (Hokkaido), el pueblo de girasoles n\u00famero 1 de Jap\u00f3n\">\n                        <\/div>\n                    <\/a>\n                <\/div>\n            <\/div>\n        <\/div>\n\n        <div class=\"site-blogcard-premium\">\n            <div class=\"bc-label-custom\">Art\u00edculos relacionados<\/div>\n            <div class=\"bc-flex-container\">\n                <div class=\"bc-main-text\">\n                    <div class=\"bc-title-link-box\">\n                        <a href=\"https:\/\/portal.hokuryu.info\/es\/topics\/culture\/20131107.html\/\" target=\"_blank\">Concierto del 25.\u00ba aniversario del Coro de Girasoles de la ciudad de Hokuryu: la Novena Sinfon\u00eda de Beethoven, &quot;Oda a la Alegr\u00eda&quot;, resuena con fuerza - Portal de la ciudad de Hokuryu (Hokkaido), el pueblo de girasoles n\u00famero 1 de Jap\u00f3n<\/a>\n                    <\/div>\n                    <div class=\"bc-excerpt-box\">Les presentamos el presente de una ciudad vibrante con una poblaci\u00f3n de 2100 habitantes y una tasa de envejecimiento de 40%. Como girasoles, las familias viven en armon\u00eda...<\/div>\n                <\/div>\n                <div class=\"bc-thumbnail-box\">\n                    <a href=\"https:\/\/portal.hokuryu.info\/es\/topics\/culture\/20131107.html\/\" target=\"_blank\">\n                        <div class=\"bc-img-zoom-wrap\">\n                            <img decoding=\"async\" src=\"https:\/\/lh4.googleusercontent.com\/-QcUkI0boftY\/Unn1HbZfeRI\/AAAAAAAA7PU\/p6wMl2Kcr4g\/w1306-h865-no\/K5+31279\" alt=\"Concierto del 25.\u00ba aniversario del Coro de Girasoles de la ciudad de Hokuryu: la Novena Sinfon\u00eda de Beethoven, &quot;Oda a la Alegr\u00eda&quot;, resuena con fuerza - Portal de la ciudad de Hokuryu (Hokkaido), el pueblo de girasoles n\u00famero 1 de Jap\u00f3n\">\n                        <\/div>\n                    <\/a>\n                <\/div>\n            <\/div>\n        <\/div>\n\n        <div class=\"site-blogcard-premium\">\n            <div class=\"bc-label-custom\">Art\u00edculos relacionados<\/div>\n            <div class=\"bc-flex-container\">\n                <div class=\"bc-main-text\">\n                    <div class=\"bc-title-link-box\">\n                        <a href=\"https:\/\/portal.hokuryu.info\/es\/topics\/culture\/20121206.html\/\" target=\"_blank\">Concierto conmemorativo del 120.\u00ba aniversario de la ciudad de Hokuryu, parte 2: Las voces del Coro de los Girasoles resuenan - Portal de la ciudad de Hokuryu (Hokkaido): el pueblo de los girasoles n\u00famero 1 de Jap\u00f3n<\/a>\n                    <\/div>\n                    <div class=\"bc-excerpt-box\">Un paisaje japon\u00e9s impresionante: el &quot;Pueblo de los Girasoles&quot; en la ciudad de Hokuryu, Hokkaido. Un lugar tur\u00edstico muy popular en Hokkaido. Vis\u00edtalo al menos una vez. (Sumiller de arroz...).<\/div>\n                <\/div>\n                <div class=\"bc-thumbnail-box\">\n                    <a href=\"https:\/\/portal.hokuryu.info\/es\/topics\/culture\/20121206.html\/\" target=\"_blank\">\n                        <div class=\"bc-img-zoom-wrap\">\n                            <img decoding=\"async\" src=\"https:\/\/lh6.googleusercontent.com\/-eQaHDfgQFxI\/ULyMl1DuJGI\/AAAAAAAAh5g\/W7ksdN7_Tbs\/s800\/IMGP6152.JPG\" alt=\"Concierto conmemorativo del 120.\u00ba aniversario de la ciudad de Hokuryu, parte 2: Las voces del Coro de los Girasoles resuenan - Portal de la ciudad de Hokuryu (Hokkaido): el pueblo de los girasoles n\u00famero 1 de Jap\u00f3n\">\n                        <\/div>\n                    <\/a>\n                <\/div>\n            <\/div>\n        <\/div>\n\n        <div class=\"site-blogcard-premium\">\n            <div class=\"bc-label-custom\">Art\u00edculos relacionados<\/div>\n            <div class=\"bc-flex-container\">\n                <div class=\"bc-main-text\">\n                    <div class=\"bc-title-link-box\">\n                        <a href=\"https:\/\/portal.hokuryu.info\/es\/topics\/culture\/20120331.html\/\" target=\"_blank\">El Coro de Girasoles (ciudad de Hokuryu) recibe el Premio Cultural Kitashin del Fondo de Promoci\u00f3n de la Ciudad Natal de Kitashin en 2011 - Portal de la ciudad de Hokuryu (Hokkaido): el pueblo de girasoles n.\u00b0 1 de Jap\u00f3n<\/a>\n                    <\/div>\n                    <div class=\"bc-excerpt-box\">Un paisaje japon\u00e9s impresionante: el &quot;Pueblo de los Girasoles&quot; en la ciudad de Hokuryu, Hokkaido. Un lugar tur\u00edstico muy popular en Hokkaido. Vis\u00edtalo al menos una vez. (Sumiller de arroz...).<\/div>\n                <\/div>\n                <div class=\"bc-thumbnail-box\">\n                    <a href=\"https:\/\/portal.hokuryu.info\/es\/topics\/culture\/20120331.html\/\" target=\"_blank\">\n                        <div class=\"bc-img-zoom-wrap\">\n                            <img decoding=\"async\" src=\"https:\/\/lh3.googleusercontent.com\/-BGGTAZw4p0Y\/T3UkvkyX88I\/AAAAAAAARgY\/2zZ8864AxSc\/s720\/_IGP0949.JPG\" alt=\"El Coro de Girasoles (ciudad de Hokuryu) recibe el Premio Cultural Kitashin del Fondo de Promoci\u00f3n de la Ciudad Natal de Kitashin en 2011 - Portal de la ciudad de Hokuryu (Hokkaido): el pueblo de girasoles n.\u00b0 1 de Jap\u00f3n\">\n                        <\/div>\n                    <\/a>\n                <\/div>\n            <\/div>\n        <\/div>\n\n        <div class=\"site-blogcard-premium\">\n            <div class=\"bc-label-custom\">Art\u00edculos relacionados<\/div>\n            <div class=\"bc-flex-container\">\n                <div class=\"bc-main-text\">\n                    <div class=\"bc-title-link-box\">\n                        <a href=\"https:\/\/portal.hokuryu.info\/es\/topics\/culture\/20110625.html\/\" target=\"_blank\">Se celebr\u00f3 el 32\u00ba Concierto Conjunto del Grupo Coral Kita Sorachi (Hokuryu Town) - Portal de Hokuryu (Hokkaido) - El pueblo de girasoles n.\u00b0 1 de Jap\u00f3n<\/a>\n                    <\/div>\n                    <div class=\"bc-excerpt-box\">Un paisaje japon\u00e9s impresionante: el &quot;Pueblo de los Girasoles&quot; en la ciudad de Hokuryu, Hokkaido. Un lugar tur\u00edstico muy popular en Hokkaido. Vis\u00edtalo al menos una vez. (Sumiller de arroz...).<\/div>\n                <\/div>\n                <div class=\"bc-thumbnail-box\">\n                    <a href=\"https:\/\/portal.hokuryu.info\/es\/topics\/culture\/20110625.html\/\" target=\"_blank\">\n                        <div class=\"bc-img-zoom-wrap\">\n                            <img decoding=\"async\" src=\"https:\/\/lh3.googleusercontent.com\/-7W49VjfKSuk\/TgXByl9PIMI\/AAAAAAAADPQ\/ANibVYLUY8Y\/s400\/_IGP5839.JPG\" alt=\"Se celebr\u00f3 el 32\u00ba Concierto Conjunto del Grupo Coral Kita Sorachi (Hokuryu Town) - Portal de Hokuryu (Hokkaido) - El pueblo de girasoles n.\u00b0 1 de Jap\u00f3n\">\n                        <\/div>\n                    <\/a>\n                <\/div>\n            <\/div>\n        <\/div>\n<p>\u25c7 Entrevista y texto: Ikuko Terauchi (Asistencia de fotograf\u00eda y edici\u00f3n: Noboru Terauchi)<\/p>","protected":false},"excerpt":{"rendered":"<p>\uff12\uff10\uff12\uff14\u5e74\uff11\uff12\u6708\uff13\u65e5\uff08\u6708\uff09 \uff11\uff11\u6708\uff13\uff10\u65e5\uff08\u571f\uff09\uff11\uff14\u6642\u3001\u300c\u3072\u307e\u308f\u308a\u30b3\u30fc\u30e9\u30b9\u30e1\u30e2\u30ea\u30a2\u30eb\u30b3\u30f3\u30b5\u30fc\u30c8 Part10\u300d\u304c\u3001\u5317\u7adc\u753a\u516c\u6c11\u9928\u5927\u30db\u30fc\u30eb\u306b\u3066\u958b\u50ac\u3055\u308c\u307e\u3057\u305f\u3002 \u304a\u3088\u305d\uff11\uff10\uff10\u4eba\u306e\u8074\u8846\u304c\u99c6\u3051\u3064\u3051\u308b\u4e2d\u3001\u4f1a\u5834\u306b\u306f\u7d20 [&hellip;]<\/p>\n","protected":false},"author":1,"featured_media":53518,"comment_status":"open","ping_status":"open","sticky":false,"template":"","format":"standard","meta":{"footnotes":""},"categories":[4,11],"tags":[],"class_list":["post-53515","post","type-post","status-publish","format-standard","has-post-thumbnail","hentry","category-cover-story","category-himawari-chorus"],"_links":{"self":[{"href":"https:\/\/portal.hokuryu.info\/es\/wp-json\/wp\/v2\/posts\/53515","targetHints":{"allow":["GET"]}}],"collection":[{"href":"https:\/\/portal.hokuryu.info\/es\/wp-json\/wp\/v2\/posts"}],"about":[{"href":"https:\/\/portal.hokuryu.info\/es\/wp-json\/wp\/v2\/types\/post"}],"author":[{"embeddable":true,"href":"https:\/\/portal.hokuryu.info\/es\/wp-json\/wp\/v2\/users\/1"}],"replies":[{"embeddable":true,"href":"https:\/\/portal.hokuryu.info\/es\/wp-json\/wp\/v2\/comments?post=53515"}],"version-history":[{"count":0,"href":"https:\/\/portal.hokuryu.info\/es\/wp-json\/wp\/v2\/posts\/53515\/revisions"}],"wp:featuredmedia":[{"embeddable":true,"href":"https:\/\/portal.hokuryu.info\/es\/wp-json\/wp\/v2\/media\/53518"}],"wp:attachment":[{"href":"https:\/\/portal.hokuryu.info\/es\/wp-json\/wp\/v2\/media?parent=53515"}],"wp:term":[{"taxonomy":"category","embeddable":true,"href":"https:\/\/portal.hokuryu.info\/es\/wp-json\/wp\/v2\/categories?post=53515"},{"taxonomy":"post_tag","embeddable":true,"href":"https:\/\/portal.hokuryu.info\/es\/wp-json\/wp\/v2\/tags?post=53515"}],"curies":[{"name":"wp","href":"https:\/\/api.w.org\/{rel}","templated":true}]}}