{"id":37353,"date":"2023-09-12T09:45:20","date_gmt":"2023-09-12T00:45:20","guid":{"rendered":"https:\/\/portal.hokuryu.info\/?p=37353"},"modified":"2023-09-12T10:50:11","modified_gmt":"2023-09-12T01:50:11","slug":"%ef%bd%92%ef%bd%89%ef%bd%83%ef%bd%88%e5%b7%a5%e6%88%bf%ef%bc%88%ef%bd%8e%ef%bd%90%ef%bd%8f%e3%81%82%e3%81%8b%e3%82%8b%e3%81%84%e8%be%b2%e6%b3%95%ef%bc%89%e3%81%ae%e7%84%bc%e3%81%8d%e3%81%9f%e3%81%a6-8","status":"publish","type":"post","link":"https:\/\/portal.hokuryu.info\/es\/37353\/","title":{"rendered":"El pan reci\u00e9n horneado de RICH Kobo (NPO Bright Farming) se vender\u00e1 en septiembre."},"content":{"rendered":"<p>Mi\u00e9rcoles 13 de septiembre de 2023<\/p>\n<p>Presentamos los deliciosos panes de septiembre de RICH Kobo, una panader\u00eda reci\u00e9n horneada dirigida por la NPO Akarui Nouhou (Director Representante: Takebayashi Yumiko).<\/p>\n<h2>Fecha de venta de septiembre (13)<\/h2>\n<p>Las ventas se realizar\u00e1n 13 veces en septiembre: martes (5, 12, 19, 26), s\u00e1bados (2, 9, 16, 23, 30) y domingos (3, 10, 17, 24).<\/p>\n<p>Puedes recogerlo en tienda o reservarlo para entrega a domicilio. La oferta empieza a las 10:00 y termina hasta agotar existencias.<\/p>\n<figure class=\"wp-caption aligncenter\"><a href=\"https:\/\/photos.google.com\/share\/AF1QipNe89azk6vF7OoUg4v0oPveG2aFE_WiW4jJXYbuVFJYO2kzOI8dkL8f_ltDJjBDjQ\/photo\/AF1QipNUER4mE87VpDBmQJnyelXoN81mZsFuVw1G8Dk?key=M2FQT01QcEtFRXdfWFB1Q05RUi14ZWpXWTFVQUdR\" target=\"_blank\" rel=\"noopener\"><img decoding=\"async\" src=\"https:\/\/lh3.googleusercontent.com\/pw\/AIL4fc9eVfpkK1k_0nsXXzQ4mYShFNH7tin_BNnw5zJU6pT9X9g7Cq0WUkCvRahAqMck_5Yz_EkaTGLqiu3KwH8vhAPGm6YDmk1X0jgdGsBcUS_FmFQs_Rg2dWbemerRhQZJB29N1--iZQCc0AGZdt5wLU6b=w1330-h1896-s-no?authuser=0\" width=\"1330\" height=\"1896\" alt=\"Taller RICH Pan de Septiembre\" class=\"size-full\" \/><\/a><figcaption class=\"wp-caption-text\">Taller RICH Pan de Septiembre<\/figcaption><\/figure>\n<h2>Men\u00fa del pan de septiembre<\/h2>\n<p>Las variedades incluyen mantequilla salada, pan de pasas, pan de pasta de frijoles y girasol, pan de crema, pan de mel\u00f3n, palito de hojaldre dan\u00e9s con queso, croissant de chocolate, pan de curry, rollo de salchicha de Viena, mini pan de molde, croissant de mantequilla fermentada, tarta de queso, pan de pasta de frijoles y calabaza, pan de queso con huevas de bacalao, pastel de pulpa de soja, rollo de huevo con tocino y esp\u00e1rragos, pan dan\u00e9s con jam\u00f3n y queso, pan holand\u00e9s con queso mentaiko, pan holand\u00e9s con queso y t\u00e9, pastel de manzana, pastel de ar\u00e1ndanos, etc.<\/p>\n<figure class=\"wp-caption aligncenter\"><a href=\"https:\/\/photos.google.com\/share\/AF1QipNe89azk6vF7OoUg4v0oPveG2aFE_WiW4jJXYbuVFJYO2kzOI8dkL8f_ltDJjBDjQ\/photo\/AF1QipMGluagXmXfpTK5BwYv2h9wXes2rwEJUD474EU?key=M2FQT01QcEtFRXdfWFB1Q05RUi14ZWpXWTFVQUdR\" target=\"_blank\" rel=\"noopener\"><img decoding=\"async\" src=\"https:\/\/lh3.googleusercontent.com\/pw\/AIL4fc8CZOxcjrXntY5egz61fqK20mdNFy4CMd9udq--OZRzi5iRu0FFRssH1vNCUv3gJeWFh-Geu5Qb2O4Alq11XBmOrIS0_pm6bjSZZ-wW3m_Lo4CXzUX4GFSCSSt3c6lRwi4yJa4X8EUoMhsg1aEUOK3x=w1330-h1896-s-no?authuser=0\" width=\"1330\" height=\"1896\" alt=\"Men\u00fa del pan de septiembre\" class=\"size-full\" \/><\/a><figcaption class=\"wp-caption-text\">Men\u00fa del pan de septiembre<\/figcaption><\/figure>\n<h2>El almuerzo de hoy<\/h2>\n<h3>Mantequilla salada, croissant de mantequilla fermentada y mini s\u00e1ndwich de pan<\/h3>\n<figure class=\"wp-caption aligncenter\"><a href=\"https:\/\/photos.google.com\/share\/AF1QipNe89azk6vF7OoUg4v0oPveG2aFE_WiW4jJXYbuVFJYO2kzOI8dkL8f_ltDJjBDjQ\/photo\/AF1QipOlhHHjrDZjlHZ4olzson5bi9GZzTbdV6-nRIk?key=M2FQT01QcEtFRXdfWFB1Q05RUi14ZWpXWTFVQUdR\" target=\"_blank\" rel=\"noopener\"><img decoding=\"async\" src=\"https:\/\/lh3.googleusercontent.com\/pw\/AIL4fc9n5xjX2HS6Ld7Q_0au6J5mTNlvaauxurEgq93OW4p5zowS1asagSpnPK07Lx0MpFqBZJYSYYkhwiR15TDe9e94iSs8DY6IBbUpaOdU44UcW1LtHFUXPVhNLWR4jwmd9jXb0vUwWcblScMvyTpKbhNm=w2000-h1500-s-no?authuser=0\" width=\"2000\" height=\"1500\" alt=\"Mantequilla salada, croissant de mantequilla fermentada, mini pan, pan de pasas\" class=\"size-full\" \/><\/a><figcaption class=\"wp-caption-text\">Mantequilla salada, croissant de mantequilla fermentada, mini pan, pan de pasas<\/figcaption><\/figure>\n<h4>S\u00e1ndwich de mantequilla salada con salchichas, queso y apio, \u00a1cubierto con salsa de tomate!<\/h4>\n<figure class=\"wp-caption aligncenter\"><a href=\"https:\/\/photos.google.com\/share\/AF1QipNe89azk6vF7OoUg4v0oPveG2aFE_WiW4jJXYbuVFJYO2kzOI8dkL8f_ltDJjBDjQ\/photo\/AF1QipNtCroEO64tZ7reeG_VaO22h3J-9vu8j4jIXNU?key=M2FQT01QcEtFRXdfWFB1Q05RUi14ZWpXWTFVQUdR\" target=\"_blank\" rel=\"noopener\"><img decoding=\"async\" src=\"https:\/\/lh3.googleusercontent.com\/pw\/AIL4fc8FbbjKi0CfllAdZy0tn_YNPunAGBKUeteGWa3ahwg9e5-3-zwavWghMdxv4lN7AbKwr_psn30UrT_sNYjJZKQjyZBCeEm1lwU_kTf8WEG_1mK0fEQ5_-nbdRILhGFduedEZ2Y_pIxm_w_MlBVeM4z1=w2000-h1500-s-no?authuser=0\" width=\"2000\" height=\"1500\" alt=\"S\u00e1ndwich de mantequilla salada con salchichas, queso y apio.\" class=\"size-full\" \/><\/a><figcaption class=\"wp-caption-text\">S\u00e1ndwich de mantequilla salada con salchichas, queso y apio.<\/figcaption><\/figure>\n<h4>\u00a1El croissant de mantequilla fermentada est\u00e1 relleno de ensalada de papas y frijoles, queso y apio, y cubierto con queso en polvo!<\/h4>\n<figure class=\"wp-caption aligncenter\"><a href=\"https:\/\/photos.google.com\/share\/AF1QipNe89azk6vF7OoUg4v0oPveG2aFE_WiW4jJXYbuVFJYO2kzOI8dkL8f_ltDJjBDjQ\/photo\/AF1QipM-aJ-0M7Wlh5L9gqCb5U334agKnu3dlSehy0Y?key=M2FQT01QcEtFRXdfWFB1Q05RUi14ZWpXWTFVQUdR\" target=\"_blank\" rel=\"noopener\"><img decoding=\"async\" src=\"https:\/\/lh3.googleusercontent.com\/pw\/AIL4fc-_To7_YWC-xaWrD1TZsH2A1aoPnFe2jxqMex_ctV-Me3uRi4w5yUHT5CO1M2QS3YjBQLG-lJ9pmKSSajzd-0egrq0QIhObEVShfHQvoeS4FqVSomkKMBD9tKc8Co3nAiLn0HJuFr3e7Ww1LhS-jpPR=w2000-h1500-s-no?authuser=0\" width=\"2000\" height=\"1500\" alt=\"Ensalada mixta de papas y frijoles, queso y apio en un s\u00e1ndwich de croissant con mantequilla fermentada\" class=\"size-full\" \/><\/a><figcaption class=\"wp-caption-text\">Ensalada mixta de frijoles y papas con queso y apio<\/figcaption><\/figure>\n<h4>\u00a1Los mini panes est\u00e1n cubiertos con &quot;cereza y queso crema&quot; y &quot;mantequilla de man\u00ed y salchicha&quot;!<\/h4>\n<figure class=\"wp-caption aligncenter\"><a href=\"https:\/\/photos.google.com\/share\/AF1QipNe89azk6vF7OoUg4v0oPveG2aFE_WiW4jJXYbuVFJYO2kzOI8dkL8f_ltDJjBDjQ\/photo\/AF1QipMbo3j3G741PdD5TGxzVcdIgyzc0PrARFupxRM?key=M2FQT01QcEtFRXdfWFB1Q05RUi14ZWpXWTFVQUdR\" target=\"_blank\" rel=\"noopener\"><img decoding=\"async\" src=\"https:\/\/lh3.googleusercontent.com\/pw\/AIL4fc9Ec2MDKGxEqNXeu8uNjpuKow-1p2cUHMrJzy6CCygXGgUv8tMKbBdIrll6wTuABENQ9KDJw64s83-FHV9NK60ulFGSD_2DHx9sCGagIdSSTakp5E2VGoZZCSlJ-5yI5DAkBgrLyi-n3PiN59J3qsDp=w2000-h1500-s-no?authuser=0\" width=\"2000\" height=\"1500\" alt=\"\u00a1Mini rebanadas de pan cubiertas con &quot;cereza y queso crema&quot; y &quot;mantequilla de man\u00ed y salchicha&quot;!\" class=\"size-full\" \/><\/a><figcaption class=\"wp-caption-text\">\u00a1Mini rebanadas de pan cubiertas con &quot;cereza y queso crema&quot; y &quot;mantequilla de man\u00ed y salchicha&quot;!<\/figcaption><\/figure>\n<p>\u00a1Prueba a poner tus rellenos favoritos en un simple trozo de pan!<br \/>\nPodr\u00e1s disfrutar de originales bocadillos.<\/p>\n<figure class=\"wp-caption aligncenter\"><a href=\"https:\/\/photos.google.com\/share\/AF1QipNe89azk6vF7OoUg4v0oPveG2aFE_WiW4jJXYbuVFJYO2kzOI8dkL8f_ltDJjBDjQ\/photo\/AF1QipNtKGngBZbQEdroahkvW6in2zr0RFlP3eD_sLQ?key=M2FQT01QcEtFRXdfWFB1Q05RUi14ZWpXWTFVQUdR\" target=\"_blank\" rel=\"noopener\"><img decoding=\"async\" src=\"https:\/\/lh3.googleusercontent.com\/pw\/AIL4fc8U_-O9fiIRUPN_Je6TteupIKLdp4LTfoVZC88hD4NJttmKTdnPybOzDOWA3Jhgwyg4Sr13z8EOoqMkf_WLnpSBFBPaooWXpZZU5jxMN1XCCeJPrh6BDI7V0tTrI-ae3LEhqxNIDOb89jaLRaSIKHfZ=w2000-h1500-s-no?authuser=0\" width=\"2000\" height=\"1500\" alt=\"\u00a1El pan de mel\u00f3n y el pan de pasas son cl\u00e1sicos y siempre deliciosos!\" class=\"size-full\" \/><\/a><figcaption class=\"wp-caption-text\">\u00a1El pan de mel\u00f3n y el pan de pasas son cl\u00e1sicos y siempre deliciosos!<\/figcaption><\/figure>\n<h3>Pan de pasas, pan de mel\u00f3n<\/h3>\n<p>\u00a1El pan dulce es una delicia cl\u00e1sica!<br \/>\nNo importa cu\u00e1ntas veces lo comas, \u00a1es tan delicioso que definitivamente querr\u00e1s volver por m\u00e1s!<br \/>\n\ufffc<br \/>\n<figure class=\"wp-caption aligncenter\"><a href=\"https:\/\/photos.google.com\/share\/AF1QipNe89azk6vF7OoUg4v0oPveG2aFE_WiW4jJXYbuVFJYO2kzOI8dkL8f_ltDJjBDjQ\/photo\/AF1QipMSyTzwsPgRqQElSR6CSRz6rM57BJgeHU3Mioo?key=M2FQT01QcEtFRXdfWFB1Q05RUi14ZWpXWTFVQUdR\" target=\"_blank\" rel=\"noopener\"><img decoding=\"async\" src=\"https:\/\/lh3.googleusercontent.com\/pw\/AIL4fc9BFlNvKA-StjWOoBvshvXwL80EEEcl0sCOv4lK3pbKjlMrhmcmm0dSIpK18OP7PGtyxFvaiZikNCRHgCwYbeWpvW5Q_dPLtVmwHx8WJwaqHGj42C0YzbGL36fsqzwbllEl-cD5FEZwDbbY5wU7ewBh=w2000-h1500-s-no?authuser=0\" width=\"2000\" height=\"1500\" alt=\"\u00a1Disfruta de la hora del pan con una variedad de s\u00e1ndwiches!\" class=\"size-full\" \/><\/a><figcaption class=\"wp-caption-text\">\u00a1Disfruta de la hora del pan con una variedad de s\u00e1ndwiches!<\/figcaption><\/figure>\n<p>Con amor ilimitado, gratitud y oraciones, esperamos que disfrutes colocando distintos rellenos en tu pan simple habitual y creando tus propios arreglos de pan \u00fanicos.<\/p>\n<h2>Art\u00edculos relacionados<\/h2>\n<div class=\"img-move\">\n<div class=\"sitecard\">\n<div class=\"sitecard__subtitle\"> RICH Kobo (ONG agr\u00edcola Akarui)<\/div>\n<div class=\"column column-273\">\n<div class=\"column__item\"><a href=\"https:\/\/portal.hokuryu.info\/es\/category\/org\/akaruinoho\/richworkshop\/\" target=\"_blank\" rel=\"noopener\"><b style=\"font-size:large\">ONG Bright Farming<\/b><\/a><br \/>\n<span style=\"font-size:11pt\">Nos gustar\u00eda presentarles el delicioso pan de RICH Kobo, una panader\u00eda reci\u00e9n horneada dirigida por la NPO Akarui Noho (Director Representante: Takebayashi Yumiko).<\/span><br \/>\n<span style=\"color: #ff9900;\">\u25b6<\/span> <a href=\"https:\/\/portal.hokuryu.info\/es\/category\/org\/akaruinoho\/richworkshop\/\" target=\"_blank\" rel=\"noopener\"><b style=\"font-size:large\">Lea el art\u00edculo sobre las ventas de pan de RICH Kobo aqu\u00ed &gt;&gt;<\/b><\/div>\n<div class=\"column__item\"><img decoding=\"async\" src=\"https:\/\/portal.hokuryu.info\/wp\/wp-content\/uploads\/2023\/04\/2023-04-05-7.29.08.jpg\" alt=\"Fotos de pan de RICH Kobo\" style=\"border:solid 1px blue\" height=\"150\"\/><\/a><\/div>\n<\/div>\n<\/div>\n<\/div>\n<p>\u25c7 Entrevista y texto: Ikuko Terauchi (Asistencia de fotograf\u00eda y edici\u00f3n: Noboru Terauchi)<\/p>","protected":false},"excerpt":{"rendered":"<p>\uff12\uff10\uff12\uff13\u5e74\uff19\u6708\uff11\uff13\u65e5\uff08\u6c34\uff09 \uff2e\uff30\uff2f\u6cd5\u4eba\u3042\u304b\u308b\u3044\u8fb2\u6cd5\uff08\u7af9\u6797\u7531\u7f8e\u5b50 \u4ee3\u8868\u7406\u4e8b\uff09\u306e\u713c\u304d\u305f\u3066\u30d1\u30f3\u5c4b\u3055\u3093\u300c\uff32\uff29\uff23\uff28\u5de5\u623f\u300d\uff19\u6708\u306e\u7f8e\u5473\u3057\u3044\u30d1\u30f3\u306e\u3054\u7d39\u4ecb\u3067\u3059\u3002 \uff19\u6708\u8ca9\u58f2\u65e5\uff08\uff11\uff13\u56de\uff09 \uff19\u6708\u306e\u8ca9\u58f2\u306f\u3001\u706b\u66dc\u65e5\uff08\uff15\u65e5\u30fb\uff11\uff12\u65e5 [&hellip;]<\/p>\n","protected":false},"author":1,"featured_media":37354,"comment_status":"open","ping_status":"open","sticky":false,"template":"","format":"standard","meta":{"footnotes":""},"categories":[4,63],"tags":[],"class_list":["post-37353","post","type-post","status-publish","format-standard","has-post-thumbnail","hentry","category-cover-story","category-richworkshop"],"_links":{"self":[{"href":"https:\/\/portal.hokuryu.info\/es\/wp-json\/wp\/v2\/posts\/37353","targetHints":{"allow":["GET"]}}],"collection":[{"href":"https:\/\/portal.hokuryu.info\/es\/wp-json\/wp\/v2\/posts"}],"about":[{"href":"https:\/\/portal.hokuryu.info\/es\/wp-json\/wp\/v2\/types\/post"}],"author":[{"embeddable":true,"href":"https:\/\/portal.hokuryu.info\/es\/wp-json\/wp\/v2\/users\/1"}],"replies":[{"embeddable":true,"href":"https:\/\/portal.hokuryu.info\/es\/wp-json\/wp\/v2\/comments?post=37353"}],"version-history":[{"count":0,"href":"https:\/\/portal.hokuryu.info\/es\/wp-json\/wp\/v2\/posts\/37353\/revisions"}],"wp:featuredmedia":[{"embeddable":true,"href":"https:\/\/portal.hokuryu.info\/es\/wp-json\/wp\/v2\/media\/37354"}],"wp:attachment":[{"href":"https:\/\/portal.hokuryu.info\/es\/wp-json\/wp\/v2\/media?parent=37353"}],"wp:term":[{"taxonomy":"category","embeddable":true,"href":"https:\/\/portal.hokuryu.info\/es\/wp-json\/wp\/v2\/categories?post=37353"},{"taxonomy":"post_tag","embeddable":true,"href":"https:\/\/portal.hokuryu.info\/es\/wp-json\/wp\/v2\/tags?post=37353"}],"curies":[{"name":"wp","href":"https:\/\/api.w.org\/{rel}","templated":true}]}}