{"id":36519,"date":"2023-08-21T11:07:28","date_gmt":"2023-08-21T02:07:28","guid":{"rendered":"https:\/\/portal.hokuryu.info\/?p=36519"},"modified":"2023-08-22T00:26:20","modified_gmt":"2023-08-21T15:26:20","slug":"%e4%bb%a4%e5%92%8c%ef%bc%95%e5%b9%b4%e5%ba%a6%e3%80%8c%e9%ab%aa%e7%b9%94%e4%bb%8f%e5%be%a1%e9%96%8b%e9%97%a2%e6%b3%95%e8%a6%81%e3%80%8d%e6%b5%84%e5%9c%9f%e7%9c%9f%e5%ae%97%e6%9c%ac%e9%a1%98%e5%af%ba","status":"publish","type":"post","link":"https:\/\/portal.hokuryu.info\/es\/36519\/","title":{"rendered":"2023 &quot;Ceremonia de Inauguraci\u00f3n del Buda con Cabello Tejido&quot; Secta Jodo Shinshu Honganji Hekiunzan &quot;Templo Ryusenji&quot; (Ciudad de Hokuryu, Hokkaido) Ceremonia Secreta del Buda que se prolong\u00f3 durante 95 a\u00f1os"},"content":{"rendered":"<p>Lunes 21 de agosto de 2023<\/p>\n<p>El jueves 17 de agosto, se celebr\u00f3 solemnemente el &quot;Keori Buddha Gokaijiku Hoyo&quot; 2023 (Ceremonia de inauguraci\u00f3n del hacha del Buda que teje el cabello) en el Templo Ryusenji (Ryusenji, Sacerdote principal Teragaki Nobuaki), un templo de la secta Jodo Shinshu Honganji en la ciudad de Hokuryu.<\/p>\n<p>Aproximadamente 40 feligreses participaron en la ceremonia anual de inauguraci\u00f3n de la preciosa estatua budista secreta, el Buda del Cabello Tejida (un pergamino colgante de un Buda con cabello), que s\u00f3lo se exhibe una vez al a\u00f1o, cantando el Nembutsu y uniendo sus manos en oraci\u00f3n.<\/p>\n<h2>&quot;Buda con cabello tejido&quot; con cabello (blanco y negro) tejido en \u00e9l<\/h2>\n<p>El &quot;Buda de cabello tejido&quot;, considerado raro incluso en Hokkaido, es un pergamino colgante del Buda Amida que se complet\u00f3 en marzo de 1928 a pedido del sacerdote fundador del Templo Ryusenji, Teragaki Kyoshin, con el objetivo de ampliar los feligreses del templo y difundir la fe.<\/p>\n<p>Un grupo de organizadores se uni\u00f3 para recolectar cabello negro de los creyentes de la secta Hongan de las \u00e1reas de Kita-Sorachi, Naka-Sorachi y Rumoi, as\u00ed como barbas y cabello gris de mujeres comunes, y luego encarg\u00f3 especialmente a una tienda especializada en art\u00edculos de altar budistas en Kioto la creaci\u00f3n de esta preciosa tela.<\/p>\n<p>El Buda de cabello tejido est\u00e1 cubierto de pan de oro y est\u00e1 hecho de seda, hilo de oro y cabello (blanco y negro), con la imagen del Buda Amida claramente tejida en el halo de 48 hebras. El pergamino colgante mide 173 cm de largo y 69 cm de ancho.<\/p>\n<p>En aquella \u00e9poca, se cre\u00eda que al tejer el propio cabello en la tela, uno formar\u00eda un v\u00ednculo sagrado con los Budas y Bodhisattvas y alcanzar\u00eda el m\u00e9rito de alcanzar la iluminaci\u00f3n en este mismo cuerpo.<\/p>\n<h3>Templo Jodo Shinshu Honganji, Hekiunzan &quot;Templo Ryusenji&quot;<\/h3>\n<p>El d\u00eda antes del servicio conmemorativo, mientras se realizaban los preparativos, visitamos el Templo Ryusenji, donde tuvimos la oportunidad especial de ver el cabello en el forro del pergamino colgante.<\/p>\n<figure class=\"wp-caption aligncenter\"><a href=\"https:\/\/photos.google.com\/share\/AF1QipN91KmD_H9yCe7uK0SI3qE_E3HqO85kUG-hCqGPdfhG7OsDZZ9wLSncTbfwRrkOKg\/photo\/AF1QipNjzSW-MTGmwQIqyqgPToWg9lJxWv8BhyxAFEU?key=dUxyZHhocW5sdUwtVTJRYjh4V1BxYVV2bm5TVW9B\" target=\"_blank\" rel=\"noopener\"><img decoding=\"async\" src=\"https:\/\/lh3.googleusercontent.com\/pw\/AIL4fc-vqzEQBwRWZ0jCAZbLGCQFYXSkRfbDFfREd1kjApghriWOKBz3bOJfCAwaMa__CNXw5QLEKcc6UPDFouw3UwynaJxlkiIBsk4Ixz58GW-fC4-qdFAkj1cflhKeEkCA5C0hjw_QLqQ7TV2A2LYjgRZy=w2000-h1333-s-no?authuser=0\" width=\"2000\" height=\"1333\" alt=\"Templo Ryusenji\" class=\"size-full\" \/><\/a><figcaption class=\"wp-caption-text\">Templo Ryusenji<\/figcaption><\/figure>\n<h3>Sal\u00f3n principal<\/h3>\n<figure class=\"wp-caption aligncenter\"><a href=\"https:\/\/photos.google.com\/share\/AF1QipN91KmD_H9yCe7uK0SI3qE_E3HqO85kUG-hCqGPdfhG7OsDZZ9wLSncTbfwRrkOKg\/photo\/AF1QipNjk9nBE92uyWtFy0EjQYcb3Mh6rd2siT2UTkI?key=dUxyZHhocW5sdUwtVTJRYjh4V1BxYVV2bm5TVW9B\" target=\"_blank\" rel=\"noopener\"><img decoding=\"async\" src=\"https:\/\/lh3.googleusercontent.com\/pw\/AIL4fc9wNxcjbEC1R2WwCa80YqCGqxg30Wi7KETgK_WGUBEZxNmqLCuxLe7X2qzfM4xm1uzUNla7qcb56ImFC7e8MaWqN1KQwUbhoapkiUJl6ObfUfmm4UoTLc_T4Dx8692wEROxdXFKfy42KzbbGjsqOSCy=w2000-h1333-s-no?authuser=0\" width=\"2000\" height=\"1333\" alt=\"Preparaci\u00f3n para el servicio conmemorativo el d\u00eda anterior\" class=\"size-full\" \/><\/a><figcaption class=\"wp-caption-text\">Preparaci\u00f3n para el servicio conmemorativo el d\u00eda anterior<\/figcaption><\/figure>\n<h3>Buda de pelo tejido<\/h3>\n<figure class=\"wp-caption aligncenter\"><a href=\"https:\/\/photos.google.com\/share\/AF1QipN91KmD_H9yCe7uK0SI3qE_E3HqO85kUG-hCqGPdfhG7OsDZZ9wLSncTbfwRrkOKg\/photo\/AF1QipMxXVJ8FPwz4hWUszFddAUyE7G48n6tQk6YBN4?key=dUxyZHhocW5sdUwtVTJRYjh4V1BxYVV2bm5TVW9B\" target=\"_blank\" rel=\"noopener\"><img decoding=\"async\" src=\"https:\/\/lh3.googleusercontent.com\/pw\/AIL4fc_2YnefE2bH9ygH05mElnzcXmPoPQtfwxc9imvZysPfpyoGLS5vtvWjjNTaA-l7_Eeu7eXxbmM3cUC3jDjtKknxpiisXrbnDkl3X1EA0xcGkmrdOvd7AKUPA5GFcf1QXRS2Ffj_Iw3xLeh5oB7a2IJG=w1214-h1822-s-no?authuser=0\" width=\"1214\" height=\"1822\" alt=\"Buda de pelo tejido\" class=\"size-full\" \/><\/a><figcaption class=\"wp-caption-text\">Buda de pelo tejido<\/figcaption><\/figure>\n<figure class=\"wp-caption aligncenter\"><a href=\"https:\/\/photos.google.com\/share\/AF1QipN91KmD_H9yCe7uK0SI3qE_E3HqO85kUG-hCqGPdfhG7OsDZZ9wLSncTbfwRrkOKg\/photo\/AF1QipNTRqkmRtAC44wvTB5fY6lonJFqDR4Ya8kJWhY?key=dUxyZHhocW5sdUwtVTJRYjh4V1BxYVV2bm5TVW9B\" target=\"_blank\" rel=\"noopener\"><img decoding=\"async\" src=\"https:\/\/lh3.googleusercontent.com\/pw\/AIL4fc9zCJY8spvGrHf8PtFKkBK8mpkffsnAREtxMLiEOAGzLOGcAxYPNVA2mvgLuN6oun99X8lvixuftCHSe34CsMVcAf5NIP4RLe5sbWUwFLPGEJRn2BtCGI6202WjOWd6TUpdgYi6raI-9XfQBIjUjkDh=w1214-h1822-s-no?authuser=0\" width=\"1214\" height=\"1822\" alt=\"Iniciado por el primer sacerdote principal del Templo Ryusenji, Kyoshin Jigaki, y apoyado por el sacerdote principal del templo, Yayoi, y sus cuidadores.\" class=\"size-full\" \/><\/a><figcaption class=\"wp-caption-text\">Iniciado por el primer sacerdote principal del Templo Ryusenji, Kyoshin Jigaki, y apoyado por el sacerdote principal del templo, Yayoi, y sus cuidadores.<\/figcaption><\/figure>\n<h3>Cabello en el forro de un pergamino colgante<\/h3>\n<figure class=\"wp-caption aligncenter\"><a href=\"https:\/\/photos.google.com\/share\/AF1QipN91KmD_H9yCe7uK0SI3qE_E3HqO85kUG-hCqGPdfhG7OsDZZ9wLSncTbfwRrkOKg\/photo\/AF1QipPZ3-eC0vF7ykkxL_rv_lr02ZfS3Ls40ePXRc0?key=dUxyZHhocW5sdUwtVTJRYjh4V1BxYVV2bm5TVW9B\" target=\"_blank\" rel=\"noopener\"><img decoding=\"async\" src=\"https:\/\/lh3.googleusercontent.com\/pw\/AIL4fc80s289Y5JYFN7PK9dIbvmokMiA7WBjCSVoYU-cNuBrycW-TRqg-RSspDnlscBwXn7xS2fJimBtbnDDaogQumgWsk9Lmqdtw6ltKhO_K6DFgX-D1s3F-8HDpQtWa-dvHR-f8AcE_ebzrjnGgvJX2v_y=w2000-h1500-s-no?authuser=0\" width=\"2000\" height=\"1500\" alt=\"Cabello tejido (forro tejido)\" class=\"size-full\" \/><\/a><figcaption class=\"wp-caption-text\">Cabello tejido (forro tejido)<\/figcaption><\/figure>\n<h2>Discurso del cuarto sacerdote principal, Nobuyoshi Teragaki<\/h2>\n<p>Hablamos con el cuarto sacerdote principal, Nobuyoshi Teragaki, a pesar de su ocupada agenda.<\/p>\n<figure class=\"wp-caption aligncenter\"><a href=\"https:\/\/photos.google.com\/share\/AF1QipN91KmD_H9yCe7uK0SI3qE_E3HqO85kUG-hCqGPdfhG7OsDZZ9wLSncTbfwRrkOKg\/photo\/AF1QipMe7GhDUPQV5IY_CozzFaEvruAftexKPzdHJz4?key=dUxyZHhocW5sdUwtVTJRYjh4V1BxYVV2bm5TVW9B\" target=\"_blank\" rel=\"noopener\"><img decoding=\"async\" src=\"https:\/\/lh3.googleusercontent.com\/pw\/AIL4fc8pvT1RVr992DyaEaoG27o3Mbm01zuwUGYn2oLwna2u7AGoSjJwx7oT-PGo17Sl79omsegp9tqRWQuubWJBxME23fUFgd7j44J83xxtWh6qOpl1C8nqzdVbSLeiAkcFaXnJDIfqnOkvMpy5qv5Ejbgy=w2000-h1333-s-no?authuser=0\" width=\"2000\" height=\"1333\" alt=\"Templo Ryusenji - Sacerdote principal hereditario\" class=\"size-full\" \/><\/a><figcaption class=\"wp-caption-text\">Templo Ryusenji - Sacerdote principal hereditario<\/figcaption><\/figure>\n<figure class=\"wp-caption aligncenter\"><a href=\"https:\/\/photos.google.com\/share\/AF1QipN91KmD_H9yCe7uK0SI3qE_E3HqO85kUG-hCqGPdfhG7OsDZZ9wLSncTbfwRrkOKg\/photo\/AF1QipMP6P4w7SHA57iY4IG_m3mIgC_9aHHmdZm2lrk?key=dUxyZHhocW5sdUwtVTJRYjh4V1BxYVV2bm5TVW9B\" target=\"_blank\" rel=\"noopener\"><img decoding=\"async\" src=\"https:\/\/lh3.googleusercontent.com\/pw\/AIL4fc_DEfLnhEo1a-6QdjciZjoXmma0L3Cf_9mdk4E0MFxg-kFOdlqNqGQikD7zxq4L6U0OSfHz9n06uERseUXnr7K4-XMpIsDSW6rk4RWS87whHp1GdWEbjNcIU8ukWug_OFqGgJbQXIYTQZGck7c5y7f5=w2000-h1333-s-no?authuser=0\" width=\"2000\" height=\"1333\" alt=\"Cuarto Sacerdote Principal, Nobuyoshi Teragaki\" class=\"size-full\" \/><\/a><figcaption class=\"wp-caption-text\">Cuarto Sacerdote Principal, Nobuyoshi Teragaki<\/figcaption><\/figure>\n<p>El primer sacerdote principal del Templo Ryusenji era originario de la prefectura de Toyama y emigr\u00f3 a Hokkaido, donde fund\u00f3 el Templo Ryusenji en 1896. En aquel entonces, el terreno estaba cubierto de arbustos, e imagino que nuestros antepasados tuvieron que talar los \u00e1rboles y cultivar la tierra, lo que debi\u00f3 de ser una lucha constante. El terreno fue proporcionado por la Granja Watanabe, en lo que hoy es Hekisui, y all\u00ed se estableci\u00f3 por primera vez la sala de predicaci\u00f3n Ryusenji.<\/p>\n<p>El pergamino colgante del Buda Amida, &quot;Kamioributsu&quot;, se cre\u00f3 con el objetivo de ampliar el n\u00famero de feligreses y animar a m\u00e1s personas a visitar el templo. Es un pergamino colgante excepcional, tan raro que es casi inexistente incluso en Hokkaido. Este a\u00f1o celebra su 95.\u00ba aniversario, pero es una preciosa pieza de tela que a\u00fan se conserva en perfecto estado.<\/p>\n<p>En 1928, con la ayuda de varios cuidadores, se recogi\u00f3 cabello blanco y negro de mujeres y se envi\u00f3 a una tienda especializada en altares budistas en Kioto, donde se hizo un pedido especial de un pergamino colgante.<\/p>\n<p>El pergamino colgante terminado pas\u00f3 la inspecci\u00f3n en Higashi Honganji, el templo principal de la secta Jodo Shinshu, y fue entregado a Ryusenji en marzo de 1928. En ese momento, el Buda de Cabello terminado fue exhibido y llevado de gira por las ciudades de aquellos que hab\u00edan donado su cabello.<\/p>\n<p>Desde entonces, la &quot;Ceremonia de Apertura del Eje del Buda Kamiori&quot; se celebra cada a\u00f1o el 17 de agosto, y los feligreses han podido visitar el templo mientras contemplan la estatua. Antiguamente, despu\u00e9s del culto, grupos de teatro y actores llegaban al pueblo para representar obras de teatro, rakugo (canciones folcl\u00f3ricas tradicionales japonesas) y otros espect\u00e1culos en un escenario temporal instalado en los terrenos del templo, para el deleite y disfrute de los numerosos habitantes.<\/p>\n<p>Cuando era ni\u00f1o, sol\u00eda esperar con ansias el momento de recoger las muchas monedas sueltas que estaban esparcidas por los terrenos del templo a la ma\u00f1ana siguiente.<\/p>\n<p>Quiz\u00e1s gracias a las bendiciones del Buda, este servicio conmemorativo nunca ha llovido, salvo en una ocasi\u00f3n. Solo llovi\u00f3 una vez durante mis \u00faltimos a\u00f1os como sacerdote principal, pero fue en la cooperativa agr\u00edcola, ya que tambi\u00e9n sirvi\u00f3 como fiesta de cerveza patrocinada por la Divisi\u00f3n de J\u00f3venes Adultos para conmemorar el Servicio Conmemorativo del Eje de la Inauguraci\u00f3n del Buda Kamiori. He o\u00eddo que no ha llovido en los otros 95 a\u00f1os.<\/p>\n<p>Las personas que donaron cabello est\u00e1n dispersas por todo Hokkaido, pero algunas viajan desde lejos para asistir al servicio conmemorativo. El Sr. Kameyama Kinbei, de la ciudad de Fukagawa, ha sido la figura central en la organizaci\u00f3n. Sus descendientes est\u00e1n felices de asistir al servicio conmemorativo.<\/p>\n<p>&quot;Cuando los feligreses donan cabello, acuden al templo con gran alegr\u00eda, sabiendo que su propio cabello se ha transformado en la imagen del Buda Amida y la gran conexi\u00f3n que esto crea. La Ceremonia del Buda del Tejido del Cabello es un valioso servicio conmemorativo que forja un v\u00ednculo importante entre los feligreses y el templo&quot;, dijo el cuarto sacerdote principal, Nobuyoshi Teragaki, con amabilidad y cortes\u00eda.<\/p>\n<figure class=\"wp-caption aligncenter\"><a href=\"https:\/\/photos.google.com\/share\/AF1QipN91KmD_H9yCe7uK0SI3qE_E3HqO85kUG-hCqGPdfhG7OsDZZ9wLSncTbfwRrkOKg\/photo\/AF1QipOun7uW8GCNNPD-fjLZ1SdPaTxqOoS_Fr8cYLI?key=dUxyZHhocW5sdUwtVTJRYjh4V1BxYVV2bm5TVW9B\" target=\"_blank\" rel=\"noopener\"><img decoding=\"async\" src=\"https:\/\/lh3.googleusercontent.com\/pw\/AIL4fc_qiAzrBqeIIIVV7ImBRLr9-_8iVP5utlaE1raKdyBJHiZWWxe7oaDzl3VIYgCRJQuh62YjgArCcJAqW_kHDD5p8eAx1g6_2HWZ9UflvHiAOJnf6ctlFFRPeCGX3eWsY1aI1Tr7LjpYFWp_5sLfYJiA=w2000-h1333-s-no?authuser=0\" width=\"2000\" height=\"1333\" alt=\"Gohonzon\" class=\"size-full\" \/><\/a><figcaption class=\"wp-caption-text\">Gohonzon<\/figcaption><\/figure>\n<h2>2023 &quot;Ceremonia de inauguraci\u00f3n del rollo de Buda con tejido de cabello&quot;<\/h2>\n<p>La &quot;Ceremonia de Inauguraci\u00f3n del Rollo de Buda de Tejido de Cabello&quot; de 2023 comenzar\u00e1 a las 2:00 p. m. del jueves 17 de agosto.<br \/>\nEl servicio conmemorativo fue oficiado por los sacerdotes principales de tres templos locales, quienes recitaron sutras solemnemente. Posteriormente, los feligreses ofrecieron incienso y rindieron homenaje al Buda del Cabello.<\/p>\n<figure class=\"wp-caption aligncenter\"><a href=\"https:\/\/photos.google.com\/share\/AF1QipN91KmD_H9yCe7uK0SI3qE_E3HqO85kUG-hCqGPdfhG7OsDZZ9wLSncTbfwRrkOKg\/photo\/AF1QipMiAnZksW6cDDot4Mph8k4UIDeqLRMqCMeoEYk?key=dUxyZHhocW5sdUwtVTJRYjh4V1BxYVV2bm5TVW9B\" target=\"_blank\" rel=\"noopener\"><img decoding=\"async\" src=\"https:\/\/lh3.googleusercontent.com\/pw\/AIL4fc8p3t7TCJPJLzsONWNZkxPdh5pRK4uHqXe0U4SZf4S8ka_MYRgTbE34_c2FjOYR1NzmHkf38PX0EPYpuYnlbZbh-P98LUunXOD0REsozkncg3bNl4LyI9jQiK0nQpZIbEaJDwcH8uYQyFe-73n18rLp=w2000-h1333-s-no?authuser=0\" width=\"2000\" height=\"1333\" alt=\"2023 &quot;Ceremonia de inauguraci\u00f3n del rollo de Buda con tejido de cabello&quot;\" class=\"size-full\" \/><\/a><figcaption class=\"wp-caption-text\">2023 &quot;Ceremonia de inauguraci\u00f3n del rollo de Buda con tejido de cabello&quot;<\/figcaption><\/figure>\n<figure class=\"wp-caption aligncenter\"><a href=\"https:\/\/photos.google.com\/share\/AF1QipN91KmD_H9yCe7uK0SI3qE_E3HqO85kUG-hCqGPdfhG7OsDZZ9wLSncTbfwRrkOKg\/photo\/AF1QipPN65dRLvdB__tXrLqNVpVnd10Temh5yvOM5wk?key=dUxyZHhocW5sdUwtVTJRYjh4V1BxYVV2bm5TVW9B\" target=\"_blank\" rel=\"noopener\"><img decoding=\"async\" src=\"https:\/\/lh3.googleusercontent.com\/pw\/AIL4fc_zD3TTjAvq76m9xCujJG1zp0s0BFIOcp0BKAgB5Bp1oZ-nX5cRvElWDNXlmA-UUsC_R7K8HL6NHsG6ewmkUVQhVavaFsPngEC7h_lnYbagxWLmkO5imc877b9bbeq1QHmMTs-HjNF5RlYUlKPAjDxV=w2000-h1333-s-no?authuser=0\" width=\"2000\" height=\"1333\" alt=\"Ceremonia de Desvelamiento del Pergamino del Buda del Cabello\" class=\"size-full\" \/><\/a><figcaption class=\"wp-caption-text\">Ceremonia de Desvelamiento del Pergamino del Buda del Cabello<\/figcaption><\/figure>\n<h3>Moderador: Yoshiaki Arima<\/h3>\n<figure class=\"wp-caption aligncenter\"><a href=\"https:\/\/photos.google.com\/share\/AF1QipN91KmD_H9yCe7uK0SI3qE_E3HqO85kUG-hCqGPdfhG7OsDZZ9wLSncTbfwRrkOKg\/photo\/AF1QipPeYtQJNLxRNV6x6JWpKgqZE9sqOvx6hUnPzv4?key=dUxyZHhocW5sdUwtVTJRYjh4V1BxYVV2bm5TVW9B\" target=\"_blank\" rel=\"noopener\"><img decoding=\"async\" src=\"https:\/\/lh3.googleusercontent.com\/pw\/AIL4fc8cja00-pNeRW7hUpsEXGiRKsQT6b01yBnxkTfuJ2XnaVFwY0XmAAlLomsolynY_AWqvZldJebE9BQORy1OBngwy4rUd87sn-n3y-q8YV3sginH1xAesTUVfq6BIPKo3-4ciQNTGLlwpoKaC0OSqJJT=w2000-h1333-s-no?authuser=0\" width=\"2000\" height=\"1333\" alt=\"El moderador es Yoshiaki Arima\" class=\"size-full\" \/><\/a><figcaption class=\"wp-caption-text\">El moderador es Yoshiaki Arima<\/figcaption><\/figure>\n<h3>Sacerdote principal en visita al templo<\/h3>\n<p>Los sacerdotes principales de los templos Kotoku-ji, Hoko-ji y Seiun-ji en la ciudad de Kitary\u016b vinieron a presentar sus respetos.<\/p>\n<figure class=\"wp-caption aligncenter\"><a href=\"https:\/\/photos.google.com\/share\/AF1QipN91KmD_H9yCe7uK0SI3qE_E3HqO85kUG-hCqGPdfhG7OsDZZ9wLSncTbfwRrkOKg\/photo\/AF1QipOojJvIMR71BQzl5qImjLfUrULg1v3LQRfFVYI?key=dUxyZHhocW5sdUwtVTJRYjh4V1BxYVV2bm5TVW9B\" target=\"_blank\" rel=\"noopener\"><img decoding=\"async\" src=\"https:\/\/lh3.googleusercontent.com\/pw\/AIL4fc92OP6qoFjdquYn8DBSkqZ2uCbv3U3D-80bHYxOuSGrRCW_mEOKvbZEkghPxivsjSklCPGRiSXAdZ98PHI4jWASvfaTcMOkGLT4Ra1Q-2YX4YkgVLYM0laOx-B10Dkikj29h-LBmYY01HaMpoOlK89x=w2000-h1333-s-no?authuser=0\" width=\"2000\" height=\"1333\" alt=\"Sacerdote principal en visita al templo\" class=\"size-full\" \/><\/a><figcaption class=\"wp-caption-text\">Sacerdote principal en visita al templo<\/figcaption><\/figure>\n<figure class=\"wp-caption aligncenter\"><a href=\"https:\/\/photos.google.com\/share\/AF1QipN91KmD_H9yCe7uK0SI3qE_E3HqO85kUG-hCqGPdfhG7OsDZZ9wLSncTbfwRrkOKg\/photo\/AF1QipMvpqyaorERpJIQViBFCTACx5o-jAQGAcvgQE8?key=dUxyZHhocW5sdUwtVTJRYjh4V1BxYVV2bm5TVW9B\" target=\"_blank\" rel=\"noopener\"><img decoding=\"async\" src=\"https:\/\/lh3.googleusercontent.com\/pw\/AIL4fc95yBBAytXvlbgO7qHlsIuoIGhixRS93gaTdWePwM1yJRei2r3jmCBNO2ujiae4gYNtiNUOYRfKhK_egj1zKVG6c7nu4YbNy6Ew2tKdbXkBJ209vempoMEpmqt5fF4IfjSQ1_szUCDlHzPQjVSiFysv=w2000-h1333-s-no?authuser=0\" width=\"2000\" height=\"1333\" alt=\"El cuarto sacerdote principal, el reverendo Nobuyoshi Teragaki\" class=\"size-full\" \/><\/a><figcaption class=\"wp-caption-text\">El cuarto sacerdote principal, Nobuyoshi Teragaki,<\/figcaption><\/figure>\n<h3>A todos los feligreses<\/h3>\n<figure class=\"wp-caption aligncenter\"><a href=\"https:\/\/photos.google.com\/share\/AF1QipN91KmD_H9yCe7uK0SI3qE_E3HqO85kUG-hCqGPdfhG7OsDZZ9wLSncTbfwRrkOKg\/photo\/AF1QipM3S9Ykre7Caq9NWWkfN3ZXqkVfTVpLedJr8Lw?key=dUxyZHhocW5sdUwtVTJRYjh4V1BxYVV2bm5TVW9B\" target=\"_blank\" rel=\"noopener\"><img decoding=\"async\" src=\"https:\/\/lh3.googleusercontent.com\/pw\/AIL4fc9oI8wv6LGexK1FTt7KTihPYF8qBC8eu5Pndbo6lTWcfGa3vHGdzaAmLwVQGjExXbi4rc2UFW0fZ_MkWvGxlkzvdJPXiEFJ5iqsGzTtmiuLt0wlPHG7VGN2-O0Owe1FWAYGVpHTQhBOKO8D_rcAh6DN=w2000-h1333-s-no?authuser=0\" width=\"2000\" height=\"1333\" alt=\"A todos los feligreses\" class=\"size-full\" \/><\/a><figcaption class=\"wp-caption-text\">A todos los feligreses<\/figcaption><\/figure>\n<h3>El sacerdote principal Nobuaki Teragaki recitando sutras<\/h3>\n<figure class=\"wp-caption aligncenter\"><a href=\"https:\/\/photos.google.com\/share\/AF1QipN91KmD_H9yCe7uK0SI3qE_E3HqO85kUG-hCqGPdfhG7OsDZZ9wLSncTbfwRrkOKg\/photo\/AF1QipMvWWW3W9JfG9Vk4L0VedrbYQj7LktycbVGQKQ?key=dUxyZHhocW5sdUwtVTJRYjh4V1BxYVV2bm5TVW9B\" target=\"_blank\" rel=\"noopener\"><img decoding=\"async\" src=\"https:\/\/lh3.googleusercontent.com\/pw\/AIL4fc8noyx5OAjYhFujKHH-eQE5_UO3fzNMKQ5Q7tYQ2kgqeTg_y-4pz0zWx_tjaeVUf7qWeDJnW8oPT8YIjoDaXMBfl5hMh8P1mA1A2TlDuVMiYRRfcQxIqRpwzVD7a8poHYcTNfqXxuaogH_X6_lt3Roz=w2000-h1333-s-no?authuser=0\" width=\"2000\" height=\"1333\" alt=\"El sacerdote principal Nobuaki Teragaki recitando sutras\" class=\"size-full\" \/><\/a><figcaption class=\"wp-caption-text\">El sacerdote principal Nobuaki Teragaki recitando sutras<\/figcaption><\/figure>\n<h3>Incienso ardiendo en la mesa<\/h3>\n<figure class=\"wp-caption aligncenter\"><a href=\"https:\/\/photos.google.com\/share\/AF1QipN91KmD_H9yCe7uK0SI3qE_E3HqO85kUG-hCqGPdfhG7OsDZZ9wLSncTbfwRrkOKg\/photo\/AF1QipNBkIlMWClJiDdeW4KPqpViK5XRFZOU0hZyv6E?key=dUxyZHhocW5sdUwtVTJRYjh4V1BxYVV2bm5TVW9B\" target=\"_blank\" rel=\"noopener\"><img decoding=\"async\" src=\"https:\/\/lh3.googleusercontent.com\/pw\/AIL4fc_XFQb_hoao5Hw_-XrLb3kW6kUMiIhwAhixzRbjE7w8c-rX7Puyw11GUH80mguj4n4V9FGrkf-gSrM8j0QDUws_Kkk_1BVTY4-PtzWf4_mPiDOigsccARalguxwNrOJuHoVBW5LaKHMGx2nzaTVTkw8=w2000-h1333-s-no?authuser=0\" width=\"2000\" height=\"1333\" alt=\"Incienso ardiendo en la mesa\" class=\"size-full\" \/><\/a><figcaption class=\"wp-caption-text\">Incienso ardiendo en la mesa<\/figcaption><\/figure>\n<h2>Saludos del Sr. Yoshida Sakae, jefe de los feligreses del templo.<\/h2>\n<figure class=\"wp-caption aligncenter\"><a href=\"https:\/\/photos.google.com\/share\/AF1QipN91KmD_H9yCe7uK0SI3qE_E3HqO85kUG-hCqGPdfhG7OsDZZ9wLSncTbfwRrkOKg\/photo\/AF1QipNL6s9dbSOQD6JH2bnBRgkFzaSsYKpbvMBmqzY?key=dUxyZHhocW5sdUwtVTJRYjh4V1BxYVV2bm5TVW9B\" target=\"_blank\" rel=\"noopener\"><img decoding=\"async\" src=\"https:\/\/lh3.googleusercontent.com\/pw\/AIL4fc87H7HDDJRmSP_7ZPfrFp5NwOr6Cij0NMF7ZE8UJbz-3_YyGxJ1kiqhad-vGLX6u5x_ZJWJbomF5f7eOrmTU4y2KfaOsl4w92F_HAlS9VWt-SVA8uFzZOzldOW5FambzDbIRNVvbV9tY-An-zuVaDco=w2000-h1333-s-no?authuser=0\" width=\"2000\" height=\"1333\" alt=\"Saludos del Sr. Yoshida Sakae, jefe de los feligreses del templo.\" class=\"size-full\" \/><\/a><figcaption class=\"wp-caption-text\">Saludos del Sr. Yoshida Sakae, jefe de los feligreses del templo.<\/figcaption><\/figure>\n<p>Quisiera expresar mi gratitud por la Ceremonia de Inauguraci\u00f3n del Buda del Cabello de 2023. El Buda del Cabello se cre\u00f3 en 1928 y este a\u00f1o celebra su 95.\u00ba aniversario.<\/p>\n<p>Soy un funcionario de la organizaci\u00f3n y, gracias al apoyo de todos, este servicio conmemorativo se ha celebrado durante los largos 95 a\u00f1os.<\/p>\n<p>El tif\u00f3n n\u00famero 7 nunca hab\u00eda cruzado Jap\u00f3n. Esta vez, ha pasado por Shikoku, Kioto, Nara, Tottori e incluso Toyama, y ahora se acerca a la costa de Rumoi en el Mar de Jap\u00f3n, como si hubiera venido a presentar sus respetos en el &quot;Servicio Conmemorativo del Buda Kamiori&quot; de nuestro templo.<\/p>\n<p>Antes, despu\u00e9s de esta ceremonia, celebr\u00e1bamos una fiesta de cerveza en los terrenos del templo. Recuerdo lo dif\u00edcil que era porque nos preocupaba la lluvia.<\/p>\n<p>El templo celebrar\u00e1 su conferencia Hoonko el 26 y 27 de agosto.<\/p>\n<p>Con temperaturas superiores a los 30 \u00b0C, el centro de salud ha emitido una alerta por intoxicaci\u00f3n alimentaria. Se prev\u00e9 que las temperaturas se mantengan en 28 \u00b0C durante aproximadamente una semana. Esperamos que cuide su salud y venga a visitarnos.<\/p>\n<p>&quot;Muchas gracias por venir hoy&quot;, dijo el representante Yoshida Sakae en su saludo.<\/p>\n<figure class=\"wp-caption aligncenter\"><a href=\"https:\/\/photos.google.com\/share\/AF1QipN91KmD_H9yCe7uK0SI3qE_E3HqO85kUG-hCqGPdfhG7OsDZZ9wLSncTbfwRrkOKg\/photo\/AF1QipOF_Nx3yEYDYBH4Dz6ukxn12KYIEZQue_T80pk?key=dUxyZHhocW5sdUwtVTJRYjh4V1BxYVV2bm5TVW9B\" target=\"_blank\" rel=\"noopener\"><img decoding=\"async\" src=\"https:\/\/lh3.googleusercontent.com\/pw\/AIL4fc_JNgYi99lSrKCfaZZLAmiSghQkKRpZzXFHbM003qq5TBiwAFpkiNfoS3l0FK2oEZiCvG9EYlpDzE3luut7282amBULntonMNzB8l8lRb-Qzqj0pI4O6Zoc5xFYFLphnwFjAmrUIocTVzGwaJmflnLL=w2000-h1333-s-no?authuser=0\" width=\"2000\" height=\"1333\" alt=\"A todos los feligreses\" class=\"size-full\" \/><\/a><figcaption class=\"wp-caption-text\">A todos los feligreses<\/figcaption><\/figure>\n<h2>Conferencia del sumo sacerdote Nobuaki Teragaki<\/h2>\n<h3>Las palabras de San Shinran<\/h3>\n<p>&quot;Si uno se encuentra con el poder del voto original, no hay nadie que le haga cosquillas en vano.<br \/>\nEl oc\u00e9ano del tesoro del m\u00e9rito est\u00e1 desbordado, y las aguas turbias de los deseos terrenales no tienen distinci\u00f3n.<\/p>\n<p>Namu Amida Butsu, Namu Amida Butsu, Namu Amida Butsu&quot;<\/p>\n<figure class=\"wp-caption aligncenter\"><a href=\"https:\/\/photos.google.com\/share\/AF1QipN91KmD_H9yCe7uK0SI3qE_E3HqO85kUG-hCqGPdfhG7OsDZZ9wLSncTbfwRrkOKg\/photo\/AF1QipN3w7LWYro2i2ck56sFz2ORzC-0Jp6UOTBZfGE?key=dUxyZHhocW5sdUwtVTJRYjh4V1BxYVV2bm5TVW9B\" target=\"_blank\" rel=\"noopener\"><img decoding=\"async\" src=\"https:\/\/lh3.googleusercontent.com\/pw\/AIL4fc9vr5p_f1wfLMneL5YY6rMeckQwkat8_5kdgeGHICAbEEdzNtxqNolAFgpFzkHgBkatBdLubiUa-l5XHpDldvGBhp0KTS5J-gB_vmfq78ZPqREaWVSbzbKRJoUtzj2ju1O7uIZHX1aU-v2dP70OCmq2=w2000-h1333-s-no?authuser=0\" width=\"2000\" height=\"1333\" alt=\"Namu Amida Butsu, Namu Amida Butsu, Namu Amida Butsu\" class=\"size-full\" \/><\/a><figcaption class=\"wp-caption-text\">Namu Amida Butsu, Namu Amida Butsu, Namu Amida Butsu<\/figcaption><\/figure>\n<h3>Palabras del sacerdote principal, Nobuaki Teragaki<\/h3>\n<figure class=\"wp-caption aligncenter\"><a href=\"https:\/\/photos.google.com\/share\/AF1QipN91KmD_H9yCe7uK0SI3qE_E3HqO85kUG-hCqGPdfhG7OsDZZ9wLSncTbfwRrkOKg\/photo\/AF1QipMWJYt2IUPuI1TIYoVzACrRsOYZD-aRAXBMvu4?key=dUxyZHhocW5sdUwtVTJRYjh4V1BxYVV2bm5TVW9B\" target=\"_blank\" rel=\"noopener\"><img decoding=\"async\" src=\"https:\/\/lh3.googleusercontent.com\/pw\/AIL4fc89iF_DYF4XbUNur5Pl47Md4UW85zK7w1zHIeMDU9mtt7AucCCD7HtusRaySJf7pJmgS_7WcDi1K2hyBDZaFD1XgsfLUP41GRsuVkjfD53E1xxZ1Oa2C9oSuPXo8DNX0HliyGaDmUBQJEL7uBfiVcLO=w2000-h1333-s-no?authuser=0\" width=\"2000\" height=\"1333\" alt=\"Conferencia del sumo sacerdote Nobuaki Teragaki\" class=\"size-full\" \/><\/a><figcaption class=\"wp-caption-text\">Conferencia del sumo sacerdote Nobuaki Teragaki<\/figcaption><\/figure>\n<p>A pesar del calor y las agendas ocupadas, muchas personas de cerca y de lejos vinieron a visitar la posesi\u00f3n m\u00e1s preciada del templo budista, el Buda del Cabello, en el servicio conmemorativo budista para su inauguraci\u00f3n.<\/p>\n<p>Estamos sumamente felices y agradecidos de haber podido celebrar un servicio conmemorativo tan grandioso este a\u00f1o con la ayuda de todos ustedes.<\/p>\n<p>Creo que es un gran honor que el Templo Ryusenji pueda celebrar este servicio conmemorativo cada a\u00f1o de esta manera, recibiendo los pensamientos de nuestros antepasados y los diversos pensamientos de todos ustedes que viven en el siglo XXI.<\/p>\n<h4>Descubrimiento de la estatua budista secreta &quot;Buda Kamiori&quot; que se mantuvo en secreto durante 95 a\u00f1os<\/h4>\n<p>Como sabr\u00e1n, este &quot;Buda del Cabello Tejiendo&quot; es un &quot;hibutsu&quot; (Buda Secreto). El sumo sacerdote fundador del Templo Ryusenji, Teragaki Kyoshin, tuvo la idea de este &quot;Buda del Cabello Tejiendo&quot; en 1928. El pergamino colgante se elabor\u00f3 con el cabello de la mujer y la barba del hombre en una tienda especializada en herrajes para altares budistas de Kioto.<\/p>\n<p>La apertura anual del pergamino se celebra el 17 de agosto de cada a\u00f1o, y ha continuado ininterrumpidamente durante 95 a\u00f1os desde 1928 (Showa 3), trayendo consigo las almas de aquellos que estuvieron presentes en ese momento.<\/p>\n<p>Siento el paso del tiempo y me doy cuenta profundamente de que hemos llegado hasta donde estamos hoy superando las dificultades de aquella \u00e9poca.<\/p>\n<p>De los periodos Meiji, Taisho y Showa, en un entorno sin pavimento, agua corriente, gas ni electricidad, viajaron a Hokkaido y se establecieron en Hokuryu, donde construyeron un templo.<\/p>\n<p>En aquella \u00e9poca, la gente ten\u00eda pocas posesiones y carec\u00eda de dinero, y luchaba por mantener a sus familias, pero sent\u00edan un fuerte deseo de ayudar al templo. Al sacerdote principal se le ocurri\u00f3 la idea de tejer telas de Buda con cabello humano.<\/p>\n<h4>El cabello, la segunda cosa m\u00e1s preciosa despu\u00e9s de la vida, est\u00e1 tejido en el Buda.<\/h4>\n<p>Para las mujeres, el cabello es lo segundo m\u00e1s importante despu\u00e9s de la vida misma. Al donar cabello, se teje vida en el Buda, y el &quot;Buda del Tejido del Cabello&quot; se teje con la esperanza de que el Templo Ryusenji siga prosperando como lugar de oraci\u00f3n del nembutsu.<\/p>\n<p>Creo que es muy gratificante que la historia se haya transmitido de generaci\u00f3n en generaci\u00f3n, de tu madre, abuela y bisabuela, y que las visitas al santuario hayan continuado durante casi 100 a\u00f1os.<\/p>\n<h4>La fecha dada es significativa<\/h4>\n<p>Hubo momentos en que dese\u00e9 que el servicio conmemorativo, que se celebr\u00f3 en el calor de este verano, pudiera realizarse durante un per\u00edodo m\u00e1s fresco o despu\u00e9s de la cosecha de arroz, pero cada \u00e9poca del a\u00f1o trae un trabajo diferente que hacer.<\/p>\n<p>Las fechas parecen existir, pero no es as\u00ed. Siento que las fechas que nos dan se dan precisamente porque tienen su propio significado. El servicio conmemorativo de hoy me ha dado la sensaci\u00f3n de que podemos continuar este servicio conmemorativo manteniendo vivos los recuerdos de nuestros antepasados, y he podido experimentarlo una vez m\u00e1s.<\/p>\n<figure class=\"wp-caption aligncenter\"><a href=\"https:\/\/photos.google.com\/share\/AF1QipN91KmD_H9yCe7uK0SI3qE_E3HqO85kUG-hCqGPdfhG7OsDZZ9wLSncTbfwRrkOKg\/photo\/AF1QipNRV-kUkCdRXXAcuOa-bPCx1d0B-nYByYZEPoM?key=dUxyZHhocW5sdUwtVTJRYjh4V1BxYVV2bm5TVW9B\" target=\"_blank\" rel=\"noopener\"><img decoding=\"async\" src=\"https:\/\/lh3.googleusercontent.com\/pw\/AIL4fc-l_B4Fp-hLwhY9PWpawZmXRwmuv5oXf6i3o8OOx2TpT-BtY5fzyqlBSkagOKdMc0Jim5EVHmlSFTGSbUcq-xao8EVljhcJowHuCgeKXSOBBiXK8WYf10fUtKfT0jPC7-Al3zLM30rcNvNiMVgBjPlJ=w2000-h1333-s-no?authuser=0\" width=\"2000\" height=\"1333\" alt=\"El cabello es la segunda cosa m\u00e1s importante despu\u00e9s de la vida.\" class=\"size-full\" \/><\/a><figcaption class=\"wp-caption-text\">El cabello es la segunda cosa m\u00e1s importante despu\u00e9s de la vida.<\/figcaption><\/figure>\n<p>Lo que me gustar\u00eda transmitir a trav\u00e9s de este Buda de Cabello Tejido es lo que es la \u201cTierra Pura\u201d de nuestros antepasados, tejida a partir del cabello y las barbas de aquellos que tuvieron una conexi\u00f3n con nosotros en ese momento.<\/p>\n<p>&quot;Puro&quot; en Jodo Shinshu significa &quot;puro&quot;, &quot;libre de conflicto&quot; y &quot;libre de ira y celos&quot;.<\/p>\n<h4>Este mundo es una tierra inmunda<\/h4>\n<p>A diferencia de la Tierra Pura, este mundo es la Tierra Impura. La Tierra Impura contiene el significado de &quot;odiar&quot;, como en la frase &quot;Por favor, cuida tu cuerpo&quot; y &quot;Por favor, cuida bien tu cuerpo&quot;.<\/p>\n<p>La palabra &quot;Edo&quot; significa &quot;sucio&quot;, &quot;dif\u00edcil de vivir&quot; e &quot;inc\u00f3modo&quot;. Tambi\u00e9n incluye el significado de &quot;las cosas no salen seg\u00fan lo planeado&quot;.<\/p>\n<p>La palabra &quot;inmortal&quot; significa: &quot;Este mundo es un lugar donde las cosas no salen como deseas, as\u00ed que no lastimes tu coraz\u00f3n (no te preocupes). S\u00e9 t\u00fa mismo y camina por el camino correcto&quot;.<\/p>\n<p>Dicen que ahora hace calor, pero probablemente refrescar\u00e1 en dos semanas. Cuando llegan noviembre y diciembre, empiezan a caer cosas blancas y la gente empieza a decir que hace fr\u00edo. El mensaje es disfrutar del calor cuando hace calor y del fr\u00edo cuando hace fr\u00edo, y hacer que el cuerpo se sienta mejor.<\/p>\n<h4>La Tierra Pura es un mundo puro, libre de conflictos y libre de ira.<\/h4>\n<p>La Tierra Pura es un mundo puro, honesto, libre de conflictos y de odio. Tal como dec\u00eda el pr\u00edncipe Shotoku: \u00abLa armon\u00eda es lo m\u00e1s preciado\u00bb, es un mundo de armon\u00eda indescriptible, un mundo sin forma, armonioso y \u00fanico.<\/p>\n<p>Un d\u00eda, tus antepasados vendr\u00e1n a darte la bienvenida a este mundo puro, libre de dolor y conflictos, a trav\u00e9s de un servicio conmemorativo.<\/p>\n<p>Est\u00e1n a punto de ir a un mundo sin dolor ni tristeza, donde todo es alegr\u00eda. Cuando les digo que quieren ir pronto, todos niegan con la cabeza y dicen: &quot;\u00a1Todav\u00eda no quiero ir!&quot;. Se van aunque no quieran. Sin embargo, se van porque se ha decidido que lo har\u00e1n. Si van a ir de todas formas, \u00bfno ser\u00eda mejor ir antes? No es as\u00ed.<\/p>\n<h4>&quot;Namu Amida Butsu&quot; en el mundo de los deseos terrenales<\/h4>\n<p>Este es el resultado de nuestros deseos terrenales, y no nos preocupamos porque queremos preocuparnos, sino por diversas conexiones que nos hacen preocuparnos.<\/p>\n<p>No est\u00e1s solo en tu vida, entrelazado con la alegr\u00eda del encuentro y la tristeza de la separaci\u00f3n. Aunque invisible a simple vista, el inconfundible Buda siempre est\u00e1 a tu lado, cantando &quot;Namu Amida Butsu&quot; (Namu Amida Butsu) mientras te invita a caminar con \u00e9l por el camino hacia la Tierra Pura.<\/p>\n<h4>El deseo de hacer el bien a los dem\u00e1s &quot;Satisfacci\u00f3n&quot;<\/h4>\n<p>Cuando est\u00e1s satisfecho, quieres hacer m\u00e1s por los dem\u00e1s. Cuando est\u00e1s insatisfecho, quieres m\u00e1s de los dem\u00e1s.<\/p>\n<p>Todos ustedes son profesionales en la vida, as\u00ed que estoy seguro que pueden imaginar lo que suceder\u00e1 en su vida.<\/p>\n<p>Act\u00faa siempre de manera que quieras hacer m\u00e1s por los dem\u00e1s de lo que quieres que hagan por ti.<\/p>\n<h4>Es natural que las cosas no salgan bien.<\/h4>\n<p>La vida es tal que repetimos cosas aunque sabemos que no deber\u00edamos hacerlas.<\/p>\n<p>Los humanos no pueden entenderse mientras est\u00e1n vivos. Quienes no pueden entenderse son familiares, amigos, compa\u00f1eros de trabajo, cosas incomprensibles o inestimables, y se re\u00fanen para vivir y seguir con su vida cotidiana.<\/p>\n<p>Por lo tanto, es natural que las cosas no salgan bien. Al dar por sentado que las cosas van bien, terminamos quej\u00e1ndonos, refunfu\u00f1ando e insult\u00e1ndonos. A veces, la gratitud puede convertirse en quejas y refunfu\u00f1os.<\/p>\n<h4>El secreto para no ensuciarse<\/h4>\n<p>Hay un secreto para deshacerse de esto. Es ser &quot;claro&quot;. La &quot;pureza&quot; en &quot;Tierra Pura&quot; significa claridad. Si tienes una mente honesta y clara, tendr\u00e1s menos preocupaciones.<\/p>\n<p>Cuando comiences a quejarte, debes pensar: &quot;Estoy siendo vago&quot;.<\/p>\n<figure class=\"wp-caption aligncenter\"><a href=\"https:\/\/photos.google.com\/share\/AF1QipN91KmD_H9yCe7uK0SI3qE_E3HqO85kUG-hCqGPdfhG7OsDZZ9wLSncTbfwRrkOKg\/photo\/AF1QipMB2McT4_DFgEPhqR8v3Ct7gS-ZXBzQHQxjY6c?key=dUxyZHhocW5sdUwtVTJRYjh4V1BxYVV2bm5TVW9B\" target=\"_blank\" rel=\"noopener\"><img decoding=\"async\" src=\"https:\/\/lh3.googleusercontent.com\/pw\/AIL4fc9COiWu-bHLMQLMPjahaRZ2olSFA2sfUPzAEd26Kyy5Fc9wUhMAjANwubecoBkvpHldPzgYROUVdZ9rdoXX8llwvXkksa4YCSDLksOMD61nua7HqHFqogZ9-DGm1GmoqXZKfz4jEjIl10rKv5KQkC3m=w2000-h1333-s-no?authuser=0\" width=\"2000\" height=\"1333\" alt=\"Un coraz\u00f3n puro e inmaculado\" class=\"size-full\" \/><\/a><figcaption class=\"wp-caption-text\">Un coraz\u00f3n puro e inmaculado<\/figcaption><\/figure>\n<h4>Conciencia<\/h4>\n<p>No importa si no puedes convertirte en agua pura. Cuando tu mente est\u00e9 nublada, simplemente imagina la existencia del agua pura y toma consciencia de ella, y tus quejas e ira se calmar\u00e1n.<\/p>\n<h4>Calma tu mente cantando &quot;Namu Amida Butsu&quot;<\/h4>\n<p>Esto es dif\u00edcil de poner en pr\u00e1ctica, por eso el Buda pronunci\u00f3 el nembutsu: &quot;\u00a1Debes estar bromeando! Haamida Butsu...&quot; &quot;\u00a1Debes estar bromeando! Haamida Butsu...&quot; &quot;\u00bfPor qu\u00e9 yo? Namu Amida Butsu...&quot;<\/p>\n<p>He adquirido la costumbre de recitar &quot;Namu Amida Butsu&quot; cada vez que tengo una queja. Este es un ejemplo concreto de la protecci\u00f3n del Buda.<\/p>\n<p>En la vida cotidiana, es bueno decir cosas como &quot;Gracias&quot;, &quot;Es todo gracias a ti&quot; y &quot;Me equivoqu\u00e9, lo siento&quot;, pero es cuando no puedes decir estas cosas en el momento que debes cantar el Nembutsu &quot;Namu Amida Butsu&quot; en tu coraz\u00f3n.<\/p>\n<p>Al hacer esto, la ira, las quejas y los celos no desaparecer\u00e1n, pero disminuir\u00e1n gradualmente. Tus emociones se calmar\u00e1n y, al escuchar con atenci\u00f3n, tus sentimientos cambiar\u00e1n, como &quot;Ah, con eso que era&quot; o &quot;Perd\u00f3n por no haberme dado cuenta&quot;.<\/p>\n<h4>El servicio conmemorativo significa vivir cada d\u00eda con una sonrisa.<\/h4>\n<p>\u00bfNo es la verdadera naturaleza de los seres humanos querer vivir en un mundo donde podamos entendernos unos a otros y decir: &quot;Todo es gracias a ti&quot;?<\/p>\n<p>Buda y sus antepasados se alegrar\u00edan de ver a sus descendientes vivir su d\u00eda a d\u00eda con sonrisas y gratitud. En el budismo, esto se denomina \u00abservicio conmemorativo\u00bb.<\/p>\n<h4>La importancia de terminar a tiempo<\/h4>\n<p>Finalmente, me gustar\u00eda compartir con ustedes las palabras de mi mentor. Son: &quot;Termina a tiempo&quot;, &quot;\u00a1De hecho, termina un poco antes!&quot; y &quot;No te pases del tiempo. Termina cuando sientas que quieres escuchar un poco m\u00e1s. \u00a1Perfecto!&quot;.<\/p>\n<h4>Una vida que te deja triste<\/h4>\n<p>Lo mismo ocurre con la vida. No es un fin, sino un recuerdo que perdura. No se trata de un comienzo, una cima o un final, sino de: \u00abAunque te entristezca partir, cuando tus lazos con este mundo se acaben y tu fuerza se desvanezca, debes ir a esa tierra\u00bb (Tannisho, cap\u00edtulo 9).<\/p>\n<p>Todos y cada uno de ustedes est\u00e1 destinado a entrar en la Tierra Pura y convertirse en un ser de vida eterna y luz eterna.<\/p>\n<p>Espero que sig\u00e1is cantando el Nembutsu, respet\u00e1ndoos unos a otros, ayud\u00e1ndoos unos a otros, y aunque las cosas no siempre salgan seg\u00fan lo planeado, me gustar\u00eda expresar mi sincero agradecimiento a todos los que asistieron a pesar del calor.<\/p>\n<p>Namu Amida Butsu, Namu Amida Butsu, Namu Amida Butsu.&quot;<\/p>\n<figure class=\"wp-caption aligncenter\"><a href=\"https:\/\/photos.google.com\/share\/AF1QipN91KmD_H9yCe7uK0SI3qE_E3HqO85kUG-hCqGPdfhG7OsDZZ9wLSncTbfwRrkOKg\/photo\/AF1QipOBw0-Q59kpRf8x7JwtMrQn8LMQOJJ8cxBYAxE?key=dUxyZHhocW5sdUwtVTJRYjh4V1BxYVV2bm5TVW9B\" target=\"_blank\" rel=\"noopener\"><img decoding=\"async\" src=\"https:\/\/lh3.googleusercontent.com\/pw\/AIL4fc_JExbBSjyGVRRbnlb6MaQFNIy9RSygaFHZTrziPRNLlJx6FbxP1rrYufcer3dDUFprIu9q6f9ByeJDVcxPKx7f0zTBK2KaN6M8M1FAQfvfnbv_SBzEAHvvJ7UB9yUn1RNI6AMn1TnZPh8gJHLrQPl9=w2000-h1333-s-no?authuser=0\" width=\"2000\" height=\"1333\" alt=\"La oraci\u00f3n finaliza con un canto.\" class=\"size-full\" \/><\/a><figcaption class=\"wp-caption-text\">La oraci\u00f3n finaliza con un canto.<\/figcaption><\/figure>\n<h2>Arroz rojo y manju<\/h2>\n<p>El evento finaliz\u00f3 con todos cantando juntos, adorando y entonando el Nembutsu.<br \/>\nEn el camino de regreso, nos dieron recuerdos de arroz rojo y manju.<\/p>\n<figure class=\"wp-caption aligncenter\"><a href=\"https:\/\/photos.google.com\/share\/AF1QipN91KmD_H9yCe7uK0SI3qE_E3HqO85kUG-hCqGPdfhG7OsDZZ9wLSncTbfwRrkOKg\/photo\/AF1QipNC7yjpSfAiRAvHT3Xh3JW1OkJvtW9Ov69OEY8?key=dUxyZHhocW5sdUwtVTJRYjh4V1BxYVV2bm5TVW9B\" target=\"_blank\" rel=\"noopener\"><img decoding=\"async\" src=\"https:\/\/lh3.googleusercontent.com\/pw\/AIL4fc8bNW_MXSk8JUvfLZGH1IygrFDvFF3ZV_CPinHpMGbAGVkf9MjPcyM4JpqrcXxjnyIgfJAZjdhm_hW1bgOUMCR2XMQAZMkdN6ULC6A6EwIIWGL4PsrvJ-mknzJ8tIHKm4vNI3-1YKxEgnoMuEpzSLBN=w2000-h1333-s-no?authuser=0\" width=\"2000\" height=\"1333\" alt=\"Arroz rojo y manju\" class=\"size-full\" \/><\/a><figcaption class=\"wp-caption-text\">Arroz rojo y manju<\/figcaption><\/figure>\n<h2>Tesoros del Templo Ryusenji: Pintura de la puerta corrediza &quot;Pavo real y f\u00e9nix&quot; del cal\u00edgrafo Seiko-e<\/h2>\n<p>Las pinturas en las pantallas corredizas a la izquierda y a la derecha del santuario interior del sal\u00f3n principal fueron creadas por el cal\u00edgrafo Seikyou-e, y se dice que se exhibieron en el edificio Taishokan dirigido por el fundador del templo, Arima Yukichi.<\/p>\n<h3>Cuadro de puerta corredera izquierda &quot;Pavo real&quot;<\/h3>\n<figure class=\"wp-caption aligncenter\"><a href=\"https:\/\/photos.google.com\/share\/AF1QipN91KmD_H9yCe7uK0SI3qE_E3HqO85kUG-hCqGPdfhG7OsDZZ9wLSncTbfwRrkOKg\/photo\/AF1QipNw-ckFY_GgRPluXB_-51oIXNUsdOPdUeLSb_0?key=dUxyZHhocW5sdUwtVTJRYjh4V1BxYVV2bm5TVW9B\" target=\"_blank\" rel=\"noopener\"><img decoding=\"async\" src=\"https:\/\/lh3.googleusercontent.com\/pw\/AIL4fc-I2KqEwrv4x7XwjJa-ev2AWl5tmxhuMPlHhg0gSyn4HStEotaKY6YEaoD2u7JFwjIzMSxuqaDkHTI1evjucO9sUzcgsNTqOu7gWpZCOjodGBCSZTvzMIToj6bx0GBRuBWRXZXjmREpC-XujauxYFnJ=w2000-h1333-s-no?authuser=0\" width=\"2000\" height=\"1333\" alt=\"Cuadro de puerta corredera izquierda &quot;Pavo real&quot;\" class=\"size-full\" \/><\/a><figcaption class=\"wp-caption-text\">Cuadro de puerta corredera izquierda &quot;Pavo real&quot;<\/figcaption><\/figure>\n<h3>Pintura &quot;F\u00e9nix&quot; en la puerta corrediza derecha del santuario interior<\/h3>\n<figure class=\"wp-caption aligncenter\"><a href=\"https:\/\/photos.google.com\/share\/AF1QipN91KmD_H9yCe7uK0SI3qE_E3HqO85kUG-hCqGPdfhG7OsDZZ9wLSncTbfwRrkOKg\/photo\/AF1QipO-ZgMLuDiMA7S6zFsAeB36UCdFp-y2VbR893Y?key=dUxyZHhocW5sdUwtVTJRYjh4V1BxYVV2bm5TVW9B\" target=\"_blank\" rel=\"noopener\"><img decoding=\"async\" src=\"https:\/\/lh3.googleusercontent.com\/pw\/AIL4fc8UWtte0o9gpCjGd6GdhM5X3HrDvfQeYnBR2hSNTwaIoYXnjI0Qhlhm-iIqXudrXQc3DE0xoO18_X60AhXyft7foolamfxBdratST5BUGgDR2DC6gVotqjihXD3yw3mjIjXsPsCWuvpPnM7eTVvpuVp=w2000-h1333-s-no?authuser=0\" width=\"2000\" height=\"1333\" alt=\"Pintura &quot;F\u00e9nix&quot; en la puerta corrediza derecha del santuario interior\" class=\"size-full\" \/><\/a><figcaption class=\"wp-caption-text\">Pintura &quot;F\u00e9nix&quot; en la puerta corrediza derecha del santuario interior<\/figcaption><\/figure>\n<p>El jard\u00edn del templo est\u00e1 bien cuidado. La linterna artesanal del centro fue una donaci\u00f3n hecha con mucho cari\u00f1o por el feligr\u00e9s Toshiaki Fujii.<\/p>\n<figure class=\"wp-caption aligncenter\"><a href=\"https:\/\/photos.google.com\/share\/AF1QipN91KmD_H9yCe7uK0SI3qE_E3HqO85kUG-hCqGPdfhG7OsDZZ9wLSncTbfwRrkOKg\/photo\/AF1QipNJvH7o-7v4hTOQOis22EMDUSQ-LOgmoGPPo9U?key=dUxyZHhocW5sdUwtVTJRYjh4V1BxYVV2bm5TVW9B\" target=\"_blank\" rel=\"noopener\"><img decoding=\"async\" src=\"https:\/\/lh3.googleusercontent.com\/pw\/AIL4fc-VALgLq7XzT_aOt0aPGJyzbcaAFz47E6nz33QKjbx-nB00HMJUcCwHe_7qKHOzWl7WpKuOUftt3DDxbv3XXUltkYYt1afBZ8A_d5rOkCGiLzd75OKtXXXzrSahxF_iA8FKvGUIoGoN7rqNrETSTjrc=w2000-h1333-s-no?authuser=0https:\/\/photos.google.com\/share\/AF1QipN91KmD_H9yCe7uK0SI3qE_E3HqO85kUG-hCqGPdfhG7OsDZZ9wLSncTbfwRrkOKg\/photo\/AF1QipNJvH7o-7v4hTOQOis22EMDUSQ-LOgmoGPPo9U?key=dUxyZHhocW5sdUwtVTJRYjh4V1BxYVV2bm5TVW9B\" width=\"2000\" height=\"1333\" alt=\"terrenos del templo\" class=\"size-full\" \/><\/a><figcaption class=\"wp-caption-text\">terrenos del templo<\/figcaption><\/figure>\n<p>A trav\u00e9s del cabello, el alma se vuelve una con el Buda Amida, formando un v\u00ednculo precioso y acumulando diversos m\u00e9ritos, y ofrecemos nuestro amor ilimitado, gratitud y oraciones a este servicio conmemorativo para el gran y secreto Buda, el &quot;Buda del Tejido del Cabello&quot;.<br \/>\n\u3000<\/p>\n<h2>V\u00eddeos de YouTube<\/h2>\n<div class=\"youtube\"><iframe title=\"2023 &quot;Ceremonia de apertura del Buda que teje el cabello&quot; Secta Jodo Shinshu Honganji Hekiunzan &quot;Templo Ryusenji&quot; (ciudad de Hokuryu, Hokkaido)\" src=\"https:\/\/www.youtube.com\/embed\/upyC7vf3aEs?feature=oembed\" frameborder=\"0\" allow=\"accelerometer; autoplay; clipboard-write; encrypted-media; gyroscope; picture-in-picture; web-share\" allowfullscreen><\/iframe><\/div>\n<h2>Otras fotos<\/h2>\n<div class=\"img-move\">\n<img decoding=\"async\" src=\"https:\/\/ehokkaido.net\/wp-content\/uploads\/2021\/12\/2021-12-06-11.41.12.png\" style=\"vertical-align:middle;\"> <a href=\"https:\/\/photos.app.goo.gl\/c3FHtcRFXs4wdYcC6\" target=\"_blank\" rel=\"noopener noreferrer\">Fotos (119 fotos) de la &quot;Ceremonia de Inauguraci\u00f3n del Buda del Cabello Tejido&quot; de 2023 en el Templo Ryusenji, Hekiunzan, Secta Jodo Shinshu Honganji, se pueden encontrar aqu\u00ed &gt;&gt;<\/a><\/a><\/div>\n<h2>Art\u00edculos y sitios relacionados<\/h2>\n<div class=\"img-move\">\n<div class=\"sitecard\">\n<div class=\"sitecard__subtitle\"> Templo Jodo Shinshu Honganji, Hekiunzan &quot;Templo Ryusenji&quot;<\/div>\n<div class=\"column column-273\">\n<div class=\"column__item\"><a href=\"https:\/\/bridge-sys.jp\/ryusenji\/\" target=\"_blank\" rel=\"noopener\"><b style=\"font-size:large\">&gt; [Templo Ryusenji, secta Jodo Shinshu Honganji]<\/b><\/a><br \/>\nComun\u00edquese con el Templo Ryusenji para funerales, servicios conmemorativos permanentes, servicios conmemorativos y otros servicios conmemorativos en la ciudad de Hokuryu, distrito de Uryu, Hokkaido.<br \/>\n<span style=\"color: #ff9900;\">\u25b6<\/span> <a href=\"https:\/\/bridge-sys.jp\/ryusenji\/\" target=\"_blank\" rel=\"noopener\"><b style=\"font-size:large\">P\u00e1gina de inicio aqu\u00ed &gt;&gt;<\/b><\/div>\n<div class=\"column__item\"><img decoding=\"async\" src=\"https:\/\/portal.hokuryu.info\/wp\/wp-content\/uploads\/2023\/08\/ryusenji_phot05.png\" alt=\"Templo Jodo Shinshu Honganji, Hekiunzan &quot;Templo Ryusenji&quot;\" style=\"border:solid 1px blue\" height=\"150\"\/><\/a><\/div>\n<\/div>\n<\/div>\n<\/div>\n\n        <div class=\"site-blogcard-premium\">\n            <div class=\"bc-label-custom\">Art\u00edculos relacionados<\/div>\n            <div class=\"bc-flex-container\">\n                <div class=\"bc-main-text\">\n                    <div class=\"bc-title-link-box\">\n                        <a href=\"https:\/\/portal.hokuryu.info\/es\/topics\/culture\/20120210.html\/\" target=\"_blank\">Conferencia del vicesacerdote principal del templo Ryusenji, Nobuaki Teragaki (Conferencia de la Universidad del Girasol de la ciudad de Hokuryu) - Portal de la ciudad de Hokuryu (Hokkaido): la aldea del girasol n\u00famero 1 de Jap\u00f3n<\/a>\n                    <\/div>\n                    <div class=\"bc-excerpt-box\">Les presentamos el presente de una ciudad vibrante con una poblaci\u00f3n de 2100 habitantes y una tasa de envejecimiento de 40%. Como girasoles, las familias viven en armon\u00eda...<\/div>\n                <\/div>\n                <div class=\"bc-thumbnail-box\">\n                    <a href=\"https:\/\/portal.hokuryu.info\/es\/topics\/culture\/20120210.html\/\" target=\"_blank\">\n                        <div class=\"bc-img-zoom-wrap\">\n                            <img decoding=\"async\" src=\"https:\/\/lh4.googleusercontent.com\/-zYd6sf_dZkE\/TzNS71JBDtI\/AAAAAAAAP3M\/KPlU5nY12JA\/s720\/_IGP7893.JPG\" alt=\"Conferencia del vicesacerdote principal del templo Ryusenji, Nobuaki Teragaki (Conferencia de la Universidad del Girasol de la ciudad de Hokuryu) - Portal de la ciudad de Hokuryu (Hokkaido): la aldea del girasol n\u00famero 1 de Jap\u00f3n\">\n                        <\/div>\n                    <\/a>\n                <\/div>\n            <\/div>\n        <\/div>\n\n        <div class=\"site-blogcard-premium\">\n            <div class=\"bc-label-custom\">Art\u00edculos relacionados<\/div>\n            <div class=\"bc-flex-container\">\n                <div class=\"bc-main-text\">\n                    <div class=\"bc-title-link-box\">\n                        <a href=\"https:\/\/portal.hokuryu.info\/es\/shiningpeople\/people\/20150402.html\/\" target=\"_blank\">[233] Nobuaki Teragaki \u2013 Portal de la ciudad de Hokuryu (Hokkaido) \u2013 La aldea de girasoles n\u00famero uno de Jap\u00f3n<\/a>\n                    <\/div>\n                    <div class=\"bc-excerpt-box\">Les presentamos el presente de una ciudad vibrante con una poblaci\u00f3n de 2100 habitantes y una tasa de envejecimiento de 40%. Como girasoles, las familias viven en armon\u00eda...<\/div>\n                <\/div>\n                <div class=\"bc-thumbnail-box\">\n                    <a href=\"https:\/\/portal.hokuryu.info\/es\/shiningpeople\/people\/20150402.html\/\" target=\"_blank\">\n                        <div class=\"bc-img-zoom-wrap\">\n                            <img decoding=\"async\" src=\"https:\/\/lh4.googleusercontent.com\/-5xoGdCjNYgE\/VRe8o2YfuII\/AAAAAAABuvw\/4QbPjVcRtOA\/w1296-h864-no\/ILCE7M2_%2B737\" alt=\"[233] Nobuaki Teragaki \u2013 Portal de la ciudad de Hokuryu (Hokkaido) \u2013 La aldea de girasoles n\u00famero uno de Jap\u00f3n\">\n                        <\/div>\n                    <\/a>\n                <\/div>\n            <\/div>\n        <\/div>\n\n        <div class=\"site-blogcard-premium\">\n            <div class=\"bc-label-custom\">Art\u00edculos relacionados<\/div>\n            <div class=\"bc-flex-container\">\n                <div class=\"bc-main-text\">\n                    <div class=\"bc-title-link-box\">\n                        <a href=\"https:\/\/portal.hokuryu.info\/es\/17454\/\" target=\"_blank\">https:\/\/portal.hokuryu.info\/17454<\/a>\n                    <\/div>\n                    <div class=\"bc-excerpt-box\">No se puede recuperar la informaci\u00f3n de la p\u00e1gina.<\/div>\n                <\/div>\n                <div class=\"bc-thumbnail-box\">\n                    <a href=\"https:\/\/portal.hokuryu.info\/es\/17454\/\" target=\"_blank\">\n                        <div class=\"bc-img-zoom-wrap\">\n                            <img decoding=\"async\" src=\"https:\/\/portal.hokuryu.info\/wp\/wp-content\/uploads\/2026\/02\/20230802DSC06445_1.jpg\" alt=\"https:\/\/portal.hokuryu.info\/17454\">\n                        <\/div>\n                    <\/a>\n                <\/div>\n            <\/div>\n        <\/div>\n<p>\u25c7 Entrevista y texto: Ikuko Terauchi (Asistencia de fotograf\u00eda y edici\u00f3n: Noboru Terauchi)<\/p>","protected":false},"excerpt":{"rendered":"<p>\uff12\uff10\uff12\uff13\u5e74\uff18\u6708\uff12\uff11\u65e5\uff08\u6708\uff09 \uff18\u6708\uff11\uff17\u65e5\uff08\u6728\uff09\u3001\u5317\u7adc\u753a\u306e\u6d44\u571f\u771f\u5b97\u672c\u9858\u5bfa\u6d3e \u78a7\u96f2\u5c71\u300c\u9f8d\u6cc9\u5bfa\uff08\u308a\u3085\u3046\u305b\u3093\u3058\u30fb\u5bfa\u57a3\u4fe1\u6643 \u4f4f\u8077\uff09\u300d\u306b\u3066\u3001\u4ee4\u548c\uff15\u5e74\u5ea6\u300c\u9aea\u7e54\u4ecf\u5fa1\u958b\u8ef8\u6cd5\u8981\uff08\u3051\u304a\u308a\u307b\u3068\u3051\u3054\u304b\u3044\u3058\u304f\u307b\u3046\u3088\u3046\uff09\u300d\u304c\u53b3\u304b\u306b\u884c [&hellip;]<\/p>\n","protected":false},"author":1,"featured_media":36530,"comment_status":"open","ping_status":"open","sticky":false,"template":"","format":"standard","meta":{"footnotes":""},"categories":[4],"tags":[],"class_list":["post-36519","post","type-post","status-publish","format-standard","has-post-thumbnail","hentry","category-cover-story"],"_links":{"self":[{"href":"https:\/\/portal.hokuryu.info\/es\/wp-json\/wp\/v2\/posts\/36519","targetHints":{"allow":["GET"]}}],"collection":[{"href":"https:\/\/portal.hokuryu.info\/es\/wp-json\/wp\/v2\/posts"}],"about":[{"href":"https:\/\/portal.hokuryu.info\/es\/wp-json\/wp\/v2\/types\/post"}],"author":[{"embeddable":true,"href":"https:\/\/portal.hokuryu.info\/es\/wp-json\/wp\/v2\/users\/1"}],"replies":[{"embeddable":true,"href":"https:\/\/portal.hokuryu.info\/es\/wp-json\/wp\/v2\/comments?post=36519"}],"version-history":[{"count":0,"href":"https:\/\/portal.hokuryu.info\/es\/wp-json\/wp\/v2\/posts\/36519\/revisions"}],"wp:featuredmedia":[{"embeddable":true,"href":"https:\/\/portal.hokuryu.info\/es\/wp-json\/wp\/v2\/media\/36530"}],"wp:attachment":[{"href":"https:\/\/portal.hokuryu.info\/es\/wp-json\/wp\/v2\/media?parent=36519"}],"wp:term":[{"taxonomy":"category","embeddable":true,"href":"https:\/\/portal.hokuryu.info\/es\/wp-json\/wp\/v2\/categories?post=36519"},{"taxonomy":"post_tag","embeddable":true,"href":"https:\/\/portal.hokuryu.info\/es\/wp-json\/wp\/v2\/tags?post=36519"}],"curies":[{"name":"wp","href":"https:\/\/api.w.org\/{rel}","templated":true}]}}