{"id":34948,"date":"2023-07-19T09:45:06","date_gmt":"2023-07-19T00:45:06","guid":{"rendered":"https:\/\/portal.hokuryu.info\/?p=34948"},"modified":"2026-01-25T11:54:42","modified_gmt":"2026-01-25T02:54:42","slug":"%e3%80%8c%e7%ac%ac%ef%bc%91%ef%bc%99%e5%9b%9e%e3%82%aa%e3%83%bc%e3%83%a9%e3%82%a4%ef%bc%81%e3%83%8b%e3%83%83%e3%83%9d%e3%83%b3%e5%a4%a7%e8%b3%9e%e8%a1%a8%e5%bd%b0%e5%bc%8f-%e3%83%bb%e7%ac%ac%ef%bc%91","status":"publish","type":"post","link":"https:\/\/portal.hokuryu.info\/es\/34948\/","title":{"rendered":"35 grupos de todo el pa\u00eds se reunieron en la &quot;19.\u00aa Ceremonia de Entrega de Premios All Right! Nippon - Reuni\u00f3n de los ganadores de los premios 18.\u00ba y 17.\u00ba&quot; - Las ciudades de Hokuryu y Shimokawa de Hokkaido fueron premiadas."},"content":{"rendered":"<p>Mi\u00e9rcoles 19 de julio de 2023<\/p>\n<p>El jueves 13 de julio de 2023, se celebr\u00f3 la &quot;19.\u00aa Ceremonia de Entrega de Premios All Right! Nippon y Reuni\u00f3n de los Ganadores de los Premios 18.\u00ba y 17.\u00ba&quot; en la Sala de Conferencias del Edificio Shinagawa Front. Asistieron aproximadamente 35 ganadores de premios de todo el pa\u00eds, as\u00ed como unas 70 personas m\u00e1s, incluyendo afines.<\/p>\n<p>Participaron dos grupos de Hokkaido: la Organizaci\u00f3n de Apoyo a la Revitalizaci\u00f3n Industrial de la Ciudad de Shimokawa (Departamento de Promoci\u00f3n Municipal), ganadora del 19.\u00ba Gran Premio All Right! Nippon, y Terauchi Noboru e Ikuko, ganadores del Premio al Estilo de Vida en el 18.\u00ba Gran Premio All Right! Nippon.<\/p>\n<figure class=\"wp-caption aligncenter\"><a href=\"https:\/\/photos.google.com\/share\/AF1QipPXv05SheZFm7Qq7nb6Mej4DF7jeB24G8xnqVBTv8bsw5f_92j_uEmks41ciamH7g\/photo\/AF1QipPp0ZifG6dHyMJWXHxX5o5rzlmZ8o5P7CH-0OA?key=UXVfWmxWVmxIWFdURFF6SFNCTjNKS0NUR01oRWlR\" target=\"_blank\" rel=\"noopener\"><img decoding=\"async\" src=\"https:\/\/lh3.googleusercontent.com\/pw\/AIL4fc8gC-RVZQDblwxtz4q-r03oCNvDr3QgJfiiTcygVVv0IsyAn1GUGEsZAFHfADOnpR5vVAc0e0-3Mk7XuSl9h4evMlCL87i4tf4tPR7VClPXqrRzhfXl2nPK7NkOYqKfumVAm_2F1C60n199OfCsfB84=w2000-h1500-s-no?authuser=0\" width=\"2000\" height=\"1500\" alt=\"Edificio frontal de Shinagawa\" class=\"size-full\" \/><\/a><figcaption class=\"wp-caption-text\">Edificio frontal de Shinagawa<\/figcaption><\/figure>\n<h2>La 19.\u00aa Ceremonia de los Premios All Right! Nippon y la 18.\u00aa y 17.\u00aa Reuni\u00f3n de Ganadores de los Premios<\/h2>\n<p>Debido al impacto del COVID-19, las ceremonias de entrega de premios n\u00famero 17 y 18 no se pudieron realizar, por lo que este a\u00f1o, la ceremonia de entrega de premios n\u00famero 19, que se celebrar\u00e1 por tercer a\u00f1o consecutivo, se llevar\u00e1 a cabo junto con una reuni\u00f3n de los ganadores de los premios n\u00famero 17 y 18.<\/p>\n<figure class=\"wp-caption aligncenter\"><a href=\"https:\/\/photos.google.com\/share\/AF1QipPXv05SheZFm7Qq7nb6Mej4DF7jeB24G8xnqVBTv8bsw5f_92j_uEmks41ciamH7g\/photo\/AF1QipPS2U35P1QbCUqCbKA-shX97WkqLfFS-PYXzSU?key=UXVfWmxWVmxIWFdURFF6SFNCTjNKS0NUR01oRWlR\" target=\"_blank\" rel=\"noopener\"><img decoding=\"async\" src=\"https:\/\/lh3.googleusercontent.com\/pw\/AIL4fc9HOpsf-EPyH5VOtkEWkr-HkHkuNiAc081T4jxjLzy2tCjO-rIrfCW4oiWmhYhcFYscRBqyruO4lkt4D8AMm54hnvLa9CjJ3w-hcKQFNQZrNUYe4XuChLYwyWHGd7FFj4eDsuDf2x3Rv9YFxZWNz-UQ=w2000-h1500-s-no?authuser=0\" width=\"2000\" height=\"1500\" alt=\"Materiales distribuidos\" class=\"size-full\" \/><\/a><figcaption class=\"wp-caption-text\">Materiales distribuidos<\/figcaption><\/figure>\n<h3>\u00a1Muy bien! \u00bfQu\u00e9 es el Gran Premio Nip\u00f3n?<\/h3>\n<p>El premio &quot;All Right! Nippon&quot; se estableci\u00f3 en 2003 (Heisei 15) con el objetivo de promover el flujo de personas, bienes e informaci\u00f3n entre ciudades y \u00e1reas rurales, y promover la vitalidad &quot;All Right&quot; en todo Jap\u00f3n.<\/p>\n<p>Este premio reconoce a las organizaciones e individuos que han participado en actividades relacionadas con la interacci\u00f3n entre \u00e1reas urbanas y \u00e1reas rurales, contribuyendo a la expansi\u00f3n y revitalizaci\u00f3n del intercambio, y a los individuos que practican un estilo de vida que disfruta de los estilos de vida y las culturas de ambas \u00e1reas urbanas y rurales.<\/p>\n<p>Este a\u00f1o se celebra la 19\u00aa edici\u00f3n de esta ceremonia de premios, que tiene como objetivo promover nuevos estilos de vida en las zonas rurales.<\/p>\n<p>Se entregar\u00e1n premios en tres categor\u00edas: &quot;All Right! Nippon Grand Prize Premio del Primer Ministro&quot;, &quot;All Right! Nippon Grand Prize Premio del Presidente&quot; y &quot;All Right! Nippon Lifestyle Award&quot;.<\/p>\n<h3>Organizador<\/h3>\n<ul>\n<li><strong>Organizador:<\/strong>\u00a1Muy bien! Conferencia Nipona (Conferencia para Promover la Convivencia y la Interacci\u00f3n entre Ciudades y Zonas Rurales)<\/li>\n<li><strong>Patrocinador:<\/strong>Organizaci\u00f3n para la Revitalizaci\u00f3n del Intercambio Urbano-Rural (Fundaci\u00f3n General Incorporada)<\/li>\n<li><strong>Patrocinado por:<\/strong>Ministerio de Agricultura, Silvicultura y Pesca, Ministerio del Interior y Comunicaciones, Ministerio de Educaci\u00f3n, Cultura, Deportes, Ciencia y Tecnolog\u00eda, Ministerio de Salud, Trabajo y Bienestar Social, Ministerio de Econom\u00eda, Comercio e Industria, Ministerio de Tierras, Infraestructura, Transporte y Turismo, Ministerio de Medio Ambiente, Asociaci\u00f3n Nacional de Gobernadores, Asociaci\u00f3n Nacional de Alcaldes, Asociaci\u00f3n Nacional de Ciudades y Pueblos, Federaci\u00f3n Empresarial de Jap\u00f3n<\/li>\n<\/ul>\n<h3>\u00a1Muy bien! Conferencia Nipona<\/h3>\n<ul>\n<li><strong>Representante:<\/strong>Takeshi Yoro (profesor em\u00e9rito de la Universidad de Tokio)<\/li>\n<li><strong>Vicerepresentante:<\/strong>Yoshinori Yasuda (Profesor Em\u00e9rito del Centro Internacional de Investigaci\u00f3n de Estudios Japoneses)<\/li>\n<li><strong>Vicerepresentante:<\/strong>Keiko Hirano (Narradora, Profesora del Departamento de Radiodifusi\u00f3n, Universidad de Artes de Osaka) <\/li>\n<li><strong>Presidente del Comit\u00e9 Directivo:<\/strong>Kaneko Ieharu (ex presidente de la junta directiva de Top Tour Co., Ltd.)<\/li>\n<\/ul>\n<h3>Moderador: Aki Morioka (Fundaci\u00f3n General Incorporated para la Revitalizaci\u00f3n del Intercambio Urbano-Rural)<\/h3>\n<figure class=\"wp-caption aligncenter\"><a href=\"https:\/\/photos.google.com\/share\/AF1QipPXv05SheZFm7Qq7nb6Mej4DF7jeB24G8xnqVBTv8bsw5f_92j_uEmks41ciamH7g\/photo\/AF1QipNVdPfbYtEdmVpbcAD0wQ2MeEo6dRhukozJda8?key=UXVfWmxWVmxIWFdURFF6SFNCTjNKS0NUR01oRWlR\" target=\"_blank\" rel=\"noopener\"><img decoding=\"async\" src=\"https:\/\/lh3.googleusercontent.com\/pw\/AIL4fc-DC1MeX0hCBUIkh-WzT0k-7lx4rz_-tYgvDgbEcvI5IB-nVPxkArAE3mu11SoRrLSq8hWzesqh2J7BkJ3L164CYv9kjjlcBJbNbYHKwaZBF2jb0JLwatWkluZWrul8zSGqWKRHwptkMfAVWppTQNNt=w2000-h1500-s-no?authuser=0\" width=\"2000\" height=\"1500\" alt=\"De izquierda a derecha: Sr. Yoshito Kageyama, Ministerio de Agricultura, Silvicultura y Pesca, y Sr. Takeshi Yoro, Representante\" class=\"size-full\" \/><\/a><figcaption class=\"wp-caption-text\">De izquierda a derecha en primer plano: el presidente Aki Morioka, el ministro de Agricultura, Silvicultura y Pesca Yoshito Kageyama, el representante Takeshi Yoro<\/figcaption><\/figure>\n<h3>Explicaci\u00f3n general del Sr. Yasuji Yoshioka, Secretar\u00eda<\/h3>\n<p>Antes de la &quot;Reuni\u00f3n&quot;, el Sr. Yasuji Yoshioka, de la secretar\u00eda, explic\u00f3 el desarrollo general de la reuni\u00f3n. El escenario de la secretar\u00eda para la &quot;Reuni\u00f3n&quot; fue excelente, y la explicaci\u00f3n del Sr. Yoshioka, de f\u00e1cil comprensi\u00f3n, facilit\u00f3 su seguimiento. Muchas gracias.<\/p>\n<figure class=\"wp-caption aligncenter\"><a href=\"https:\/\/photos.google.com\/share\/AF1QipPXv05SheZFm7Qq7nb6Mej4DF7jeB24G8xnqVBTv8bsw5f_92j_uEmks41ciamH7g\/photo\/AF1QipNNVcpp1Y7jgCmBGeIs6r8zomZXYF-ztjeg1fk?key=UXVfWmxWVmxIWFdURFF6SFNCTjNKS0NUR01oRWlR\" target=\"_blank\" rel=\"noopener\"><img decoding=\"async\" src=\"https:\/\/lh3.googleusercontent.com\/pw\/AIL4fc9UaK5oXNPHZvpQ6c3Z2B_l822FwgOFgzgvrSEvlrNj7xCWvW_O1hoqcGFvHELHEz_VxS82U6Cbwgxt_7ea_c3jtcz5Ix0KF7amlCt48VxtmAO0QFRS5gQbK3CixHhS3CMlRA5h3z-WW2o5uMZhV4lB=w2000-h1500-s-no?authuser=0\" width=\"2000\" height=\"1500\" alt=\"Explicaci\u00f3n general del Sr. Yasuji Yoshioka, Secretar\u00eda\" class=\"size-full\" \/><\/a><figcaption class=\"wp-caption-text\">Explicaci\u00f3n general del Sr. Yasuji Yoshioka, Secretar\u00eda<\/figcaption><\/figure>\n<h3>A todos los participantes<\/h3>\n<p>Participaron aproximadamente 35 premiados y sus acompa\u00f1antes de todo el pa\u00eds.<\/p>\n<figure class=\"wp-caption aligncenter\"><a href=\"https:\/\/photos.google.com\/share\/AF1QipPXv05SheZFm7Qq7nb6Mej4DF7jeB24G8xnqVBTv8bsw5f_92j_uEmks41ciamH7g\/photo\/AF1QipOueKYCbsm2dbtmgh7jR1MS9Cjf2qq71LfE3mA?key=UXVfWmxWVmxIWFdURFF6SFNCTjNKS0NUR01oRWlR\" target=\"_blank\" rel=\"noopener\"><img decoding=\"async\" src=\"https:\/\/lh3.googleusercontent.com\/pw\/AIL4fc8KNpeo8ufCOSeXtvRQ4cG6F0UDpg4z2PvX2_kb8Rp6o013KRJz9iXuChmkOa4IAdJbXozkxyzT35rul7eqFt1l4dJDvPG4UvqGi9t1VvMzJVJsJXRRh3NHBZQC3LMadZ30I86abTaU-ncOaDk7TbQq=w2000-h1500-s-no?authuser=0\" width=\"2000\" height=\"1500\" alt=\"Los ganadores del premio\" class=\"size-full\" \/><\/a><figcaption class=\"wp-caption-text\">Los ganadores del premio<\/figcaption><\/figure>\n<h2>Parte 1<\/h2>\n<h3>Palabras de apertura: Takeshi Yoro (Representante de la Conferencia All Right! Nippon)<\/h3>\n<figure class=\"wp-caption aligncenter\"><a href=\"https:\/\/photos.google.com\/share\/AF1QipPXv05SheZFm7Qq7nb6Mej4DF7jeB24G8xnqVBTv8bsw5f_92j_uEmks41ciamH7g\/photo\/AF1QipOcshyBKjculaNCI5cazc9e6-wTycFYqmrbv5w?key=UXVfWmxWVmxIWFdURFF6SFNCTjNKS0NUR01oRWlR\" target=\"_blank\" rel=\"noopener\"><img decoding=\"async\" src=\"https:\/\/lh3.googleusercontent.com\/pw\/AIL4fc828VvRaNZ9eBWpE_aX6QqPGlVF1IK2KNDc-O3N6iHFMtcEQuTaBmLdVMB63xWU2eFHG1doDdEBhsrbHFycsjtCOrAveXvDzIQqC1-g0c4RZv6ha3BlO_1Gter4OMVtBiC4ehQQ1uWF9GIZdKdB8ZOv=w2000-h1500-s-no?authuser=0\" width=\"2000\" height=\"1500\" alt=\"Takeshi Yoro (Representante de la Conferencia All Right! Nippon)\" class=\"size-full\" \/><\/a><figcaption class=\"wp-caption-text\">Takeshi Yoro (Representante de la Conferencia All Right! Nippon)<\/figcaption><\/figure>\n<p>Muchas gracias por tomarse el tiempo de sus apretadas agendas para asistir a la ceremonia de entrega de premios All-Right! Nippon. Quiero expresar mis m\u00e1s sinceras felicitaciones a todos los ganadores del Gran Premio y a todos los involucrados en la entrega de premios.<\/p>\n<p>El objetivo de All Right! Nippon es promover la interacci\u00f3n entre la vida urbana y rural, animando a la gente a vivir en el campo y conectar con la naturaleza.<\/p>\n<p>Los habitantes de las ciudades pueden recuperar la cordura al contemplar la naturaleza. En definitiva, creo que esto es \u00fatil para crear un estilo de vida digno y feliz. Podr\u00eda ser una buena idea alquilar una casa abandonada para vivir o ayudar en una granja o en la monta\u00f1a.<\/p>\n<p>Los animales son capaces de distinguir entre diferentes olores de forma natural. A medida que crecen, pierden este sentido, pero con entrenamiento pueden recuperarlo. Lo mismo ocurre en las zonas rurales.<\/p>\n<p>Una vez m\u00e1s, me gustar\u00eda ofrecer mis m\u00e1s sinceras felicitaciones y respetos a todos los galardonados.<br \/>\nMe gustar\u00eda concluir mis palabras de apertura dese\u00e1ndoles sinceramente a todos los aqu\u00ed reunidos hoy mucho \u00e9xito y buena salud en el futuro&quot;.<\/p>\n<h3>Discurso invitado: Yoshito Kageyama (Director de la Divisi\u00f3n de Intercambio Urbano-Rural, Departamento de Pol\u00edtica Rural, Oficina de Desarrollo Rural, Ministerio de Agricultura, Silvicultura y Pesca)<\/h3>\n<figure class=\"wp-caption aligncenter\"><a href=\"https:\/\/photos.google.com\/share\/AF1QipPXv05SheZFm7Qq7nb6Mej4DF7jeB24G8xnqVBTv8bsw5f_92j_uEmks41ciamH7g\/photo\/AF1QipNsYLy4TwtRmFO-_DJGXXv63wgA3ansIDQYxY0?key=UXVfWmxWVmxIWFdURFF6SFNCTjNKS0NUR01oRWlR\" target=\"_blank\" rel=\"noopener\"><img decoding=\"async\" src=\"https:\/\/lh3.googleusercontent.com\/pw\/AIL4fc_g6DdOf998IYnOZOClvXIzIYWfYOgVrmNG11E1gu2ol0YQ710WBkHgv2SdEk4SeUTa94VL88pygxFeKbCFgMvtSw7Y6vbCPV6qqDZaXPRChommM3Z74W4oMXc2lvuLZOjgrU9AJqys3xpymFlYTFj3=w2000-h1500-s-no?authuser=0\" width=\"2000\" height=\"1500\" alt=\"Yoshito Kageyama (Director de la Divisi\u00f3n de Intercambio Urbano-Rural, Departamento de Pol\u00edtica Rural, Oficina de Desarrollo Rural, Ministerio de Agricultura, Silvicultura y Pesca)\" class=\"size-full\" \/><\/a><figcaption class=\"wp-caption-text\">Yoshito Kageyama (Director de la Divisi\u00f3n de Intercambio Urbano-Rural, Departamento de Pol\u00edtica Rural, Oficina de Desarrollo Rural, Ministerio de Agricultura, Silvicultura y Pesca)<\/figcaption><\/figure>\n<p>Existe la teor\u00eda de que la situaci\u00f3n actual en las zonas rurales es de envejecimiento y disminuci\u00f3n de la poblaci\u00f3n, lo que hace que pierdan vitalidad.<\/p>\n<h4>Creando zonas rurales pr\u00f3speras y vibrantes y pueblos agr\u00edcolas, monta\u00f1osos y pesqueros con sabidur\u00eda, ingenio y esperanza.<\/h4>\n<p>Cuando me preguntan si los intercambios con las ciudades son necesarios para apoyar a las aldeas agr\u00edcolas, monta\u00f1osas y pesqueras empobrecidas, dir\u00eda que no es as\u00ed en absoluto. Me pregunto si es realmente correcto decir que las aldeas agr\u00edcolas, monta\u00f1osas y pesqueras est\u00e1n empobrecidas.<\/p>\n<p>Si observamos cada una de estas zonas rurales, encontramos numerosos ejemplos de c\u00f3mo la gente usa su sabidur\u00eda, ingenio y esperanza para crear zonas rurales pr\u00f3speras y vibrantes. Creo que todos ustedes aqu\u00ed presentes son representantes de estas zonas rurales.<\/p>\n<p>Estoy seguro de que todos ustedes han pasado por muchas dificultades, experimentado reveses y superado obst\u00e1culos, pero al mismo tiempo, estoy seguro de que tambi\u00e9n han experimentado mucha alegr\u00eda, una sensaci\u00f3n de logro y comprensi\u00f3n mutua.<\/p>\n<p>Creo que el prop\u00f3sito principal de esta ceremonia de premios es examinar los esfuerzos que han realizado, compartir sus luchas y alegr\u00edas y compartir esto con otras regiones, al mismo tiempo que les damos la esperanza y la fuerza para forjar nuevos caminos para ustedes mismos.<\/p>\n<h4>Pueblos urbanos, rurales y pesqueros apoy\u00e1ndose entre s\u00ed con un esp\u00edritu de apoyo mutuo.<\/h4>\n<p>Estas zonas rurales pueden apoyar a las ciudades. Pueden apoyarse mutuamente y compensar sus deficiencias. Creo que este es el significado de &quot;zonas rurales urbanas&quot;.<\/p>\n<p>La Divisi\u00f3n de Intercambio Urbano-Rural, donde trabajo, est\u00e1 aprendiendo de maravillosas iniciativas locales y buscando e implementando herramientas de apoyo y programas de subsidios que se puedan utilizar en cualquier lugar, incluso en zonas rurales que se encuentran en entornos dif\u00edciles en todo el pa\u00eds.<\/p>\n<p>Actualmente estoy aceptando solicitudes para el proyecto que dirijo: &quot;Estancias en granjas, colaboraci\u00f3n entre agricultura y bienestar, y creaci\u00f3n de planes de acci\u00f3n&quot;. Ya he conocido a algunos de los participantes.<\/p>\n<h4>Solicitar la beca &quot;Descubre los tesoros de las zonas rurales&quot;<\/h4>\n<p>Actualmente estamos llevando a cabo un proyecto de selecci\u00f3n llamado &quot;Descubre los tesoros de las zonas rurales&quot; y aceptamos solicitudes hasta finales de agosto, incluso de quienes hayan sido seleccionados a trav\u00e9s de &quot;All Right! Nippon&quot;. Les agradecer\u00edamos que consideraran presentar su solicitud.<\/p>\n<p>Apoyamos incondicionalmente los esfuerzos de todos ustedes y de todas las zonas rurales del pa\u00eds. Quisiera dejar claro que es nuestra labor revitalizar todo el pa\u00eds, desde las zonas rurales, que son las fronteras de nuestro tiempo, hasta las ciudades, y concluyo mis palabras en nombre de la Divisi\u00f3n de Intercambio Urbano-Rural del Ministerio de Agricultura, Silvicultura y Pesca. Una vez m\u00e1s, felicitaciones a todos.<\/p>\n<h3>Entrega del certificado de premio<\/h3>\n<h4>\u00a1Muy bien! Gran Premio Nippon y Premio del Primer Ministro: Centro Educativo de Experiencia Natural Greenwood (NPO Taifu Village, Prefectura de Nagano)<\/h4>\n<figure class=\"wp-caption aligncenter\"><a href=\"https:\/\/photos.google.com\/share\/AF1QipPXv05SheZFm7Qq7nb6Mej4DF7jeB24G8xnqVBTv8bsw5f_92j_uEmks41ciamH7g\/photo\/AF1QipOlFtdTmAHq-aEjPSzmG5RsaLvMdkefp_wu00Q?key=UXVfWmxWVmxIWFdURFF6SFNCTjNKS0NUR01oRWlR\" target=\"_blank\" rel=\"noopener\"><img decoding=\"async\" src=\"https:\/\/lh3.googleusercontent.com\/pw\/AIL4fc_6V7rGx5BIeOYJqsYL7rC32lcSscs0YBJXKq49qkYJcNAEVcpVI_Hz6T27MQAl7y9YrHz2xyRORC6LynjjQaJUZ4cD6IdCThLrG_acwS2-py6TUhEyxVpiUWHJWN-KtDFgYzCdiQlg4a0Zi5DDxg1X=w2000-h1500-s-no?authuser=0\" width=\"2000\" height=\"1500\" alt=\"\u00a1Muy bien! Premio del Primer Ministro del Gran Premio Nippon: Centro Educativo Greenwood Nature Experience (Organizaci\u00f3n sin fines de lucro, Aldea de Taifu, Prefectura de Nagano)\" class=\"size-full\" \/><\/a><figcaption class=\"wp-caption-text\">\u00a1Muy bien! Premio del Primer Ministro del Gran Premio Nippon Grand Prix:<br \/>\nCentro Educativo de Experiencias Naturales Greenwood (Organizaci\u00f3n sin fines de lucro) (Aldea de Taifu, Prefectura de Nagano)<\/figcaption><\/figure>\n<h4>Los ganadores del 19\u00ba Premio All Right! Nippon<\/h4>\n<figure class=\"wp-caption aligncenter\"><a href=\"https:\/\/photos.google.com\/share\/AF1QipPXv05SheZFm7Qq7nb6Mej4DF7jeB24G8xnqVBTv8bsw5f_92j_uEmks41ciamH7g\/photo\/AF1QipP-Bd5IR24EzqCi3q7suQjaMylH04by8_0lsNM?key=UXVfWmxWVmxIWFdURFF6SFNCTjNKS0NUR01oRWlR\" target=\"_blank\" rel=\"noopener\"><img decoding=\"async\" src=\"https:\/\/lh3.googleusercontent.com\/pw\/AIL4fc_rMcbzmfoe7CZQHyx518et-FvTefMvACaON0mhOt-svVqWnJX260fAL0ZtYdn5Mu8fOSCCSWOV2ixWg8fGsZIdK71cwycjRHiBTWZCKLL9_dc9TffIo4GfKnY_XrYP7dW5x9VGjCFSDLXz0i2qg06b=w2000-h1500-s-no?authuser=0\" width=\"2000\" height=\"1500\" alt=\"Los ganadores del 19\u00ba Premio All Right! Nippon\" class=\"size-full\" \/><\/a><figcaption class=\"wp-caption-text\">Los ganadores del 19\u00ba Premio All Right! Nippon<\/figcaption><\/figure>\n<h3>Foto conmemorativa: 19 (12 personas), 18 (12 personas), 17 (11 personas)<\/h3>\n<figure class=\"wp-caption aligncenter\"><a href=\"https:\/\/photos.google.com\/share\/AF1QipPXv05SheZFm7Qq7nb6Mej4DF7jeB24G8xnqVBTv8bsw5f_92j_uEmks41ciamH7g\/photo\/AF1QipNXdRQwWT7UmS2CmmU87Tc47Qv7A1l26h6_-VM?key=UXVfWmxWVmxIWFdURFF6SFNCTjNKS0NUR01oRWlR\" target=\"_blank\" rel=\"noopener\"><img decoding=\"async\" src=\"https:\/\/lh3.googleusercontent.com\/pw\/AIL4fc_wcTFLE6QdXuf34ohJtFqFHHn5g6zx89MPwkhOdg2jCA9lmNVdCANxZmSRC_Hj5ASr9OXwU0IaBw0pGCqzdxePD2BGPzmb3fUlHZNMJeLY8jXMhD1huL909G3Nkp-NdPPieFCN3R0bgAKlpsz-rEZT=w2000-h1331-s-no?authuser=0\" width=\"2000\" height=\"1500\" alt=\"Foto conmemorativa (Foto cortes\u00eda de All Right! Nippon Kaigi)\" class=\"size-full\" \/><\/a><figcaption class=\"wp-caption-text\">Sesiones 17 a 19: Foto conmemorativa de todos los participantes (Fotos cortes\u00eda de All Right! Nippon Kaigi)<\/figcaption><\/figure>\n<figure class=\"wp-caption aligncenter\"><a href=\"https:\/\/photos.google.com\/share\/AF1QipPXv05SheZFm7Qq7nb6Mej4DF7jeB24G8xnqVBTv8bsw5f_92j_uEmks41ciamH7g\/photo\/AF1QipOjGSuggH35iC5VCv-R1qeKIKtxx2jzj-r2zZ8?key=UXVfWmxWVmxIWFdURFF6SFNCTjNKS0NUR01oRWlR\" target=\"_blank\" rel=\"noopener\"><img decoding=\"async\" src=\"https:\/\/lh3.googleusercontent.com\/pw\/AIL4fc_XYJbKGA8kUgENamIGFIGRBt8aLunTwtpiCHvG3B-9Agx8EjG1HopmhNz7wCQSLnczaVJ-kIX05zg0apBQXxNiJtO0anlMI0UZli1dYgovrcBGiBmWeJvqDpkW5SJ_jyvmOz6SvgU15adn5R8IT6Mt=w1970-h1311-s-no?authuser=0\" width=\"2000\" height=\"1500\" alt=\"Fotograf\u00eda conmemorativa de la 19.\u00aa ceremonia de entrega de premios (Foto cortes\u00eda de All Right! Nippon Kaigi)\" class=\"size-full\" \/><\/a><figcaption class=\"wp-caption-text\">Fotograf\u00eda conmemorativa de la 19.\u00aa ceremonia de entrega de premios (Foto cortes\u00eda de All Right! Nippon Kaigi)<\/figcaption><\/figure>\n<figure class=\"wp-caption aligncenter\"><a href=\"\/\/photos.google.com\/share\/AF1QipPXv05SheZFm7Qq7nb6Mej4DF7jeB24G8xnqVBTv8bsw5f_92j_uEmks41ciamH7g\/photo\/AF1QipPmUA1A6vfuA2ya5OJX6QYAvXFII6SJn9blP8E?key=UXVfWmxWVmxIWFdURFF6SFNCTjNKS0NUR01oRWlR\" target=\"_blank\" rel=\"noopener\"><img decoding=\"async\" src=\"https:\/\/lh3.googleusercontent.com\/pw\/AIL4fc_SyDaGkJIYfZBp6jdy0SUTEYZ9lEGNMbyJuQ9MO0lmGn1ZYr28QTVnAFIIXwUzQ0O1qnXF9b4jc4V5tcuRXfMYVM_ZEVP79nrp0QHo_dOxrtFudQvWPWR2j5UwOXLPaJjpRkPAeVmbIXDvieGch0PV=w1995-h1328-s-no?authuser=0\" width=\"2000\" height=\"1500\" alt=\"Fotograf\u00eda conmemorativa (Foto conmemorativa del 18.\u00ba premio, cortes\u00eda de All Right! Nippon Conference)\" class=\"size-full\" \/><\/a><figcaption class=\"wp-caption-text\">Fotograf\u00eda conmemorativa de la 18.\u00aa ceremonia de entrega de premios (Foto cortes\u00eda de All Right! Nippon Kaigi)<\/figcaption><\/figure>\n<figure class=\"wp-caption aligncenter\"><a href=\"https:\/\/photos.google.com\/share\/AF1QipPXv05SheZFm7Qq7nb6Mej4DF7jeB24G8xnqVBTv8bsw5f_92j_uEmks41ciamH7g\/photo\/AF1QipNYBzB-r94nhRFoxo-Bc5ZqAPWaiM60cNeqT0Y?key=UXVfWmxWVmxIWFdURFF6SFNCTjNKS0NUR01oRWlR\" target=\"_blank\" rel=\"noopener\"><img decoding=\"async\" src=\"https:\/\/lh3.googleusercontent.com\/pw\/AIL4fc9CgjYm0ZstetRKSe15dFsqK5yLmMRnkRfYyiJpSmtegKnXKxWaIY5fMWJrrY9vJvobNYgInaxxpRTLecQuWy4edo0fjhDfE2QqElnJG36XR8swWPWZqM5gqNA4LGRUNgw-dRHQ77Ubl9bK0MTh4632=w1996-h1328-s-no?authuser=0\" width=\"2000\" height=\"1500\" alt=\"Fotograf\u00eda conmemorativa de la 17.\u00aa ceremonia de entrega de premios (Foto cortes\u00eda de All Right! Nippon Conference)\" class=\"size-full\" \/><\/a><figcaption class=\"wp-caption-text\">Fotograf\u00eda conmemorativa de la 17.\u00aa ceremonia de entrega de premios (Foto cortes\u00eda de All Right! Nippon Conference)<\/figcaption><\/figure>\n<h3>Discurso inaugural: Takeshi Yoro (Representante de la Conferencia All Right! Nippon)<\/h3>\n<p>Nacido en Kamakura, prefectura de Kanagawa, en 1937 (Showa 12). Profesor em\u00e9rito de la Universidad de Tokio, gan\u00f3 el Premio Cultural Editorial Mainichi en 2003 (Heisei 15) por su libro &quot;El Muro de los Idiotas&quot;, del que se han vendido 4,5 millones de ejemplares. Su \u00faltimo libro, &quot;Lo que significa entender las cosas&quot;, se public\u00f3 en febrero de este a\u00f1o, y ha escrito numerosos libros.<\/p>\n<p>Compara la relaci\u00f3n entre las ciudades y las zonas rurales con la relaci\u00f3n entre la mente y el cuerpo de una persona, y pide intercambios entre ambos para llevar a Jap\u00f3n a un &quot;estado saludable de mente y cuerpo&quot;.<\/p>\n<figure class=\"wp-caption aligncenter\"><a href=\"https:\/\/photos.google.com\/share\/AF1QipPXv05SheZFm7Qq7nb6Mej4DF7jeB24G8xnqVBTv8bsw5f_92j_uEmks41ciamH7g\/photo\/AF1QipMl_gBGah6YRlEJPWkloOtmwOcAsf9Lr0BTdDU?key=UXVfWmxWVmxIWFdURFF6SFNCTjNKS0NUR01oRWlR\" target=\"_blank\" rel=\"noopener\"><img decoding=\"async\" src=\"https:\/\/lh3.googleusercontent.com\/pw\/AIL4fc-h8zkNKYwY9WaSqMcQQG5Lvy9wG7sXLYAQWGfAOTCKJ_0y6uCxezQWnxIxt1hl4V2ybYFkIi7_rgBCZlqz0jKdLK7JhEgd12qGoXBg8nrlPM_QPcmwnL9fz3qP5xWFvdX8yqBNEG1oEktZKGJ5Zm1X=w2000-h1500-s-no?authuser=0\" width=\"2000\" height=\"1500\" alt=\"Takeshi Yoro (Representante de la Conferencia All Right! Nippon)\" class=\"size-full\" \/><\/a><figcaption class=\"wp-caption-text\">Takeshi Yoro (Representante de la Conferencia All Right! Nippon)<\/figcaption><\/figure>\n<p>&quot;Hace m\u00e1s de 20 a\u00f1os que me interes\u00e9 por primera vez en el intercambio entre ciudades y zonas rurales.<\/p>\n<h4>No hay ning\u00fan lugar al que volver<\/h4>\n<p>Me encontr\u00e9 con un art\u00edculo en el peri\u00f3dico sobre los habitantes de la ciudad que no tienen d\u00f3nde regresar ni siquiera durante el Obon, y realmente me llam\u00f3 la atenci\u00f3n.<br \/>\nCuando era joven, muchos que llegaban a la ciudad dec\u00edan: \u00abSi las cosas no salen bien, volver\u00e9 al campo y me har\u00e9 agricultor\u00bb. Hab\u00eda un lugar al que regresar, pero este desapareci\u00f3 poco a poco, y vivir en la ciudad se convirti\u00f3 en la norma.<\/p>\n<h4>No eduques a tus hijos como te criaron a ti<\/h4>\n<p>Otra cosa que me preocupaba era el tema de los ni\u00f1os. Criar hijos en la ciudad no es normal.<\/p>\n<p>Desde la era Meiji, los japoneses han seguido la pol\u00edtica de no criar a sus hijos como ellos fueron criados. Esto es dif\u00edcil para los padres, ya que implica obligar a sus hijos a hacer cosas que desconocen.<\/p>\n<p>\u00bfDe verdad est\u00e1 bien? La persona que m\u00e1s me inspir\u00f3 esto fue Konosuke Matsushita.<\/p>\n<p>Cuando le\u00ed un art\u00edculo en el peri\u00f3dico sobre la creaci\u00f3n de becas para estudiantes con dificultades econ\u00f3micas, dije: &quot;\u00bfPor qu\u00e9 har\u00edan eso?&quot;<\/p>\n<p>Konosuke Matsushita apenas se gradu\u00f3 de la primaria y luch\u00f3 por ganarse la vida, pero logr\u00f3 el \u00e9xito. Cre\u00f3 un mundo donde a los j\u00f3venes se les dice: \u00abNo vivan como yo viv\u00ed\u00bb.<\/p>\n<p>Si eso fue bueno o malo no es algo que yo pueda juzgar.<\/p>\n<h4>S\u00f3lo ahora, s\u00f3lo dinero, s\u00f3lo yo.<\/h4>\n<p>Un momento memorable ocurri\u00f3 hace 30 a\u00f1os, cuando daba una conferencia sobre la evoluci\u00f3n de la medicina y un estudiante que escuchaba me pregunt\u00f3: &quot;\u00bfQu\u00e9 sentido tiene estudiar la evoluci\u00f3n, algo que ya ocurri\u00f3?&quot;. Me qued\u00e9 sin palabras. En ese momento, sent\u00ed que los tiempos hab\u00edan cambiado.<\/p>\n<p>Vivimos en una \u00e9poca donde la gente dice: \u00abSolo ahora, solo el dinero, solo yo\u00bb. La historia ha desaparecido y estamos entrando r\u00e1pidamente en una era de \u00absolo ahora\u00bb.<\/p>\n<p>Diez a\u00f1os despu\u00e9s, &quot;All Right! Nippon&quot; comenz\u00f3 a tomar forma.<\/p>\n<h4>El pueblo japon\u00e9s en su conjunto no sabe qu\u00e9 hacer.<\/h4>\n<p>Las tendencias actuales incluyen que \u00ablos j\u00f3venes no tienen energ\u00eda\u00bb y que \u00abel suicidio es la principal causa de muerte\u00bb. Como no creemos vivir en una sociedad sana, nos hemos convertido en una sociedad donde los j\u00f3venes se suicidan.<\/p>\n<p>Esto se debe a problemas con nuestra forma de vida, incluyendo cuestiones econ\u00f3micas. Nuestra vida cotidiana cambia a diario.<\/p>\n<p>Esto se debe a que los ni\u00f1os ya no pueden vivir como lo hicieron sus padres, y por eso los japoneses en su conjunto se encuentran en un estado de no saber qu\u00e9 hacer y de vaguedad, y creo que esto ha continuado.<\/p>\n<h4>El fen\u00f3meno del descenso de la poblaci\u00f3n y de las tasas de natalidad se est\u00e1 extendiendo por todo el mundo.<\/h4>\n<p>A mi edad, me interesa un libro llamado Silent Earth: The Silent Spring of Insects de Dave Goulson (una advertencia moderna de Rachel Carson).<\/p>\n<p>Cuestiona los efectos nocivos del DDT (un insecticida y pesticida organoclorado) y pretende ser una advertencia contra la &quot;primavera silenciosa en la que no se oye el zumbido de los insectos&quot;.<\/p>\n<p>El libro se\u00f1ala que \u00aben los 30 a\u00f1os transcurridos entre aproximadamente 1990 y 2020, la cantidad de insectos a nivel mundial ha disminuido aproximadamente un 76 %\u00bb. Esto es lo que m\u00e1s me preocupa.<\/p>\n<p>Aunque los humanos y los insectos son diferentes, cuando observamos las tendencias de poblaci\u00f3n, podemos ver que el fen\u00f3meno de la disminuci\u00f3n de la poblaci\u00f3n y de las tasas de natalidad se est\u00e1 extendiendo por todo el mundo.<\/p>\n<p>Hay un lugar que visit\u00e9 el a\u00f1o pasado y este a\u00f1o consecutivo: la isla de Sado, en la prefectura de Niigata. Los agricultores de la isla de Sado practican la agricultura ecol\u00f3gica para proteger al ibis crestado japon\u00e9s. En la prefectura de Yamanashi, que visit\u00e9 anteayer, ya no se ven insectos a menos que uno se adentre en las monta\u00f1as.<\/p>\n<h4>Grupos relativamente peque\u00f1os que viven una vida autosuficiente<\/h4>\n<p>Creo que la sociedad actual ha creado un lugar dif\u00edcil para los j\u00f3venes en el que vivir. Ya no tengo tanta energ\u00eda como cuando era m\u00e1s joven, as\u00ed que no tengo intenci\u00f3n de involucrarme en movimientos sociales, pero no es f\u00e1cil cambiar una sociedad que se ha vuelto tan establecida.<\/p>\n<p>Esta es una oraci\u00f3n a Dios. No es algo que hagan los humanos, es un desastre natural. El pr\u00f3ximo terremoto previsto en la fosa de Nankai ocurrir\u00e1 en 2038.<\/p>\n<p>Si ocurriera un terremoto directamente debajo del \u00e1rea de la capital y surgieran diversos problemas sobre cu\u00e1nto tiempo Tokio podr\u00eda resistir, todos tendr\u00edan que hacer cambios audaces en su forma de vida.<\/p>\n<p>Los ni\u00f1os, en particular, tienen que adaptarse a una \u00e9poca en la que el mundo est\u00e1 cambiando dr\u00e1sticamente. Yo estaba en primer grado de primaria cuando termin\u00f3 la guerra. Era una \u00e9poca en la que el mundo estaba cambiando dr\u00e1sticamente.<\/p>\n<p>En el futuro, el mayor cambio en la sociedad ser\u00e1n los valores. Creo que estos ya no ser\u00e1n de tipo urbano, sino rurales.<\/p>\n<p>Las investigaciones sobre predicciones futuras mediante computadoras predicen que la sociedad se convertir\u00e1 en una en la que surgir\u00e1n muchos asentamientos peque\u00f1os compuestos por un peque\u00f1o n\u00famero de personas.<\/p>\n<p>Primero, se interrumpi\u00f3 la log\u00edstica, los precios de los alimentos se dispararon y el valor de la moneda se depreci\u00f3. Tras la llegada de los Barcos Negros, se produjo el Terremoto de Ansei Tokai (1854). Desastres naturales como terremotos provocaron cambios en el shogunato y la pol\u00edtica.<\/p>\n<p>Hoy en d\u00eda, diversos desastres naturales est\u00e1n ocurriendo en Jap\u00f3n, lo que ha hecho que muchas personas se pregunten c\u00f3mo vivir. Se preguntan de d\u00f3nde provienen las cosas que necesitan a diario y c\u00f3mo conseguirlas. En tal situaci\u00f3n, peque\u00f1os grupos pueden conseguir alimentos y otros suministros, pero en las grandes ciudades, se encuentran completamente desamparados.<\/p>\n<p>El mundo cambia cada vez que ocurre un desastre natural. Lo que permanece constante es la vida cotidiana y la rutina. Las sociedades donde la satisfacci\u00f3n de las necesidades diarias es fundamental son grupos relativamente peque\u00f1os y estilos de vida autosuficientes. Depender completamente de otros para lo imprescindible para sobrevivir es un estilo de vida muy peligroso. Esto se ha convertido en la norma.<\/p>\n<h4>El problema de que los j\u00f3venes no puedan vivir felices<\/h4>\n<p>La raz\u00f3n por la que la poblaci\u00f3n se concentra en las ciudades es porque atraen a los j\u00f3venes. Antes, pensaba que las ciudades estaban llenas de gente. Al abrirse paso entre la multitud, descubres que no hay nada en el medio.<\/p>\n<p>Reunir a la gente atrae a la gente. La sociedad moderna ha logrado gestionar esto de forma eficiente y econ\u00f3mica. Sin embargo, han surgido problemas al intentar hacerlo para todo el planeta.<\/p>\n<p>Hemos creado y operado sistemas basados en nuestras propias ideas: si hacemos esto, suceder\u00e1 esto otro, y si hacemos aquello, suceder\u00e1 aquello. En cierto modo, la creaci\u00f3n de estos enormes sistemas ha sido positiva, pero tambi\u00e9n ha creado problemas que impiden que los j\u00f3venes vivan felices.<\/p>\n<h4>Atr\u00e9vete y cambia tu estilo de vida<\/h4>\n<p>Hablamos de una tasa de natalidad en descenso y de una poblaci\u00f3n envejecida, pero la tasa de natalidad en descenso y el envejecimiento son cuestiones completamente distintas.<\/p>\n<p>No hay de qu\u00e9 preocuparse con respecto al envejecimiento de la poblaci\u00f3n. Si esperan 30 a\u00f1os, todos desaparecer\u00e1n. Se dice que los pueblos marginales est\u00e1n envejeciendo, pero actualmente hay m\u00e1s personas mayores en las ciudades.<\/p>\n<p>Creo que deber\u00edamos aprovechar el terremoto como una oportunidad para pensar en c\u00f3mo cambiar\u00e1 el mundo.<\/p>\n<p>El momento oportuno es importante. Si lo haces demasiado pronto, un terremoto podr\u00eda destruirlo todo. Cuando llegue el momento oportuno, piensa d\u00f3nde y c\u00f3mo vivir\u00e1s. Esto incluye conseguir comida, agua y energ\u00eda.<\/p>\n<p>Tu desaf\u00edo a partir de ahora es realizar cambios audaces en la forma en que vives tu vida.<\/p>\n<p>\u00bfNo ser\u00eda mejor tomarse un d\u00eda libre de tu tel\u00e9fono inteligente y darse algo de tiempo para pensar?<\/p>\n<p>Lo \u00fanico que espero con ilusi\u00f3n ahora es poder celebrar mi 101 cumplea\u00f1os en 2038. Espero que la sociedad se convierta en una en la que los insectos aumenten en n\u00famero.<\/p>\n<figure class=\"wp-caption aligncenter\"><a href=\"https:\/\/photos.google.com\/share\/AF1QipPXv05SheZFm7Qq7nb6Mej4DF7jeB24G8xnqVBTv8bsw5f_92j_uEmks41ciamH7g\/photo\/AF1QipNqhM2W-mg9DGOqgjRHGQoLvxvYIYy_H06hVTc?key=UXVfWmxWVmxIWFdURFF6SFNCTjNKS0NUR01oRWlR\" target=\"_blank\" rel=\"noopener\"><img decoding=\"async\" src=\"https:\/\/lh3.googleusercontent.com\/pw\/AIL4fc9eoRu7SNoU0A6QZW55IsZ3zjNDMHzSqBKyaDNSq6-vNWc54Oafgoylq5vHACDSaHBhP_JLFfl0xPUSFMUsO2T5XYw7P2K7obPaAXeIDZAfqnmluG7GXiMhkVtlUuD0GkQMY3fDwtcRNrylWDa2KFIU=w2000-h1500-s-no?authuser=0\" width=\"2000\" height=\"1500\" alt=\"Todos escuchando atentamente\" class=\"size-full\" \/><\/a><figcaption class=\"wp-caption-text\">Todos escuchando atentamente<\/figcaption><\/figure>\n<h2>Tiempo de descanso<\/h2>\n<h3>Momento para tomarse fotos conmemorativas con Takeshi Yoro<\/h3>\n<p>Como el proceso transcurri\u00f3 con m\u00e1s fluidez de lo esperado, se organiz\u00f3 r\u00e1pidamente una sesi\u00f3n de fotos con Takeshi Yoro. Los premiados estuvieron encantados de posar juntos.<\/p>\n<figure class=\"wp-caption aligncenter\"><a href=\"https:\/\/photos.google.com\/share\/AF1QipPXv05SheZFm7Qq7nb6Mej4DF7jeB24G8xnqVBTv8bsw5f_92j_uEmks41ciamH7g\/photo\/AF1QipMZ44OMHmcBL6Ywfx2L5nzCdjWNY6MvF3PJ8Hg?key=UXVfWmxWVmxIWFdURFF6SFNCTjNKS0NUR01oRWlR\" target=\"_blank\" rel=\"noopener\"><img decoding=\"async\" src=\"https:\/\/lh3.googleusercontent.com\/pw\/AIL4fc9GU4OrizE1gBUk9AAeZUdevV32EqvebZouE9epKqCAY19qdNrYgViaZ-_gtpz2oj586xCgzMk8gVkvHe18i3DnPd3h9CRQXJegMCiXO94FEY7_BP6ba8aP8OWvKALru5mEY21dKlFv75t46Dxg7soI=w2000-h1500-s-no?authuser=0\" width=\"2000\" height=\"1500\" alt=\"Foto conmemorativa con Takeshi Yoro\" class=\"size-full\" \/><\/a><figcaption class=\"wp-caption-text\">Foto conmemorativa con Takeshi Yoro<\/figcaption><\/figure>\n<h2>Parte 2<\/h2>\n<h3>Introducci\u00f3n a las actividades de los premiados<\/h3>\n<p>Con diapositivas preparadas por la secretar\u00eda de fondo, los ganadores de los premios 19\u00ba, 18\u00ba y 17\u00ba dieron un discurso de dos minutos cada uno.<\/p>\n<h4>Orden de anuncio de los ganadores de premios<\/h4>\n<div class=\"column column-255\">\n<div class=\"column__item\"><strong>==== Ganadores del 19\u00ba Premio ====<\/strong><br \/>\n 1. Centro de Experiencia y Educaci\u00f3n Natural Greenwood<br \/>\n 2. Organizaci\u00f3n de Apoyo a la Revitalizaci\u00f3n Industrial de la Ciudad de Shimokawa (Departamento de Promoci\u00f3n Urbana)<br \/>\n 3. Red de Monta\u00f1a, Pueblo y Vida de Tono<br \/>\n 4. Corporaci\u00f3n Higashisonogi Hitokotono<br \/>\n 5. Asociaci\u00f3n de Creaci\u00f3n Futura Asuka<br \/>\n 6. Ciudad de Aridagawa x Universidad Ryukoku<br \/>\n 7. Asociaci\u00f3n de Producci\u00f3n del Sur de Nagasaki<br \/>\n 8. Masahiro Sezaki<br \/>\n 9. Mitsunori Ushida<br \/>\n10. Yumi Sanpei<br \/>\n11. Shohei Kunida<br \/>\n12. Yuka Yamanaka<br \/>\n<strong>==== Ganador del 18\u00ba premio ====<\/strong><br \/>\n13. Asociaci\u00f3n de Co-Prosperidad Cultural de Takeda<br \/>\n14. Banco de datos de historia natural Anima.net<br \/>\n15. Saori Aoyama<br \/>\n16. Hyoyoshiya<\/div>\n<div class=\"column__item\">17. Subvenci\u00f3n por servicio<br \/>\n18. Instituto de Investigaci\u00f3n de Peque\u00f1as Aldeas<br \/>\n19. Paz y naturaleza<br \/>\n20. Loconnect LLC<br \/>\n21. Noboru e Ikuko Terauchi<br \/>\n22. Fujimi Kadowaki<br \/>\n23. Masaru Takasaka<br \/>\n24. Hiroyuki Mizuno<br \/>\n<strong>==== Ganadores del 17\u00ba Premio ====<\/strong><br \/>\n25. Sora no Sato<br \/>\n26. Consejo de Promoci\u00f3n de Inmigraci\u00f3n y Asentamiento de Oku-Yahagi (ausente)<br \/>\n27. Consejo de Administraci\u00f3n de la Aldea de Aba (ausente)<br \/>\n28. Shushu (Ausente)<br \/>\n29. Granja social Sanjo<br \/>\n30. Equipo de agricultura Inasa de la Universidad de Arte y Cultura de Shizuoka<br \/>\n31. Hinataya Co., Ltd.<br \/>\n32. Kazue Shido<br \/>\n33. Sachiko Shiotsuki<br \/>\n34. Mari Okayama<br \/>\n35. Shinzo Wada<\/div>\n<\/div>\n<h3>19.\u00ba Gran Premio de All Right! Nippon y Premio del Primer Ministro<\/h3>\n<h4>Centro Educativo de Experiencia Natural Greenwood (NPO) (Aldea de Taifu, Prefectura de Nagano)<\/h4>\n<figure class=\"wp-caption aligncenter\"><a href=\"https:\/\/photos.google.com\/share\/AF1QipPXv05SheZFm7Qq7nb6Mej4DF7jeB24G8xnqVBTv8bsw5f_92j_uEmks41ciamH7g\/photo\/AF1QipPbCl1qI1C3E1Pa6qRraskCcAHOsy-UDUePnVQ?key=UXVfWmxWVmxIWFdURFF6SFNCTjNKS0NUR01oRWlR\"><img decoding=\"async\" src=\"https:\/\/lh3.googleusercontent.com\/pw\/AIL4fc9RCTlNBad6TGiDxo8G-ZZ6h1nrio-eKV5heJK8TFGopeRA2RMwJYUncYatJcbh97_uRXaSqNv3p65PyJ4Ua2mlDQrPUA4kvy1HjgYLfgQhiKL1jFJ_-nxu0HY7rjEW23giYBPWmetCwuY-QGLxVoPz=w2000-h1500-s-no?authuser=0\" width=\"2000\" height=\"1500\" alt=\"Greenwood Nature Experience Education Center, una organizaci\u00f3n sin fines de lucro\u00a0\u00a0\" class=\"size-full\" \/><\/a><figcaption class=\"wp-caption-text\">Greenwood Nature Experience Education Center, una organizaci\u00f3n sin fines de lucro\u00a0\u00a0<\/figcaption><\/figure>\n<h3>19.\u00ba Gran Premio All Right! Nippon: 3 participantes<\/h3>\n<h4>Organizaci\u00f3n de Apoyo a la Revitalizaci\u00f3n Industrial de la Ciudad de Shimokawa, Departamento de Promoci\u00f3n de la Ciudad (Ciudad de Shimokawa, Hokkaido) Alcalde Yasuji Tamura<\/h4>\n<figure class=\"wp-caption aligncenter\"><a href=\"https:\/\/photos.google.com\/share\/AF1QipPXv05SheZFm7Qq7nb6Mej4DF7jeB24G8xnqVBTv8bsw5f_92j_uEmks41ciamH7g\/photo\/AF1QipNvU6IAT6Zm-pJTwtgQEL0vdx1-WWVG7De1QEc?key=UXVfWmxWVmxIWFdURFF6SFNCTjNKS0NUR01oRWlR\" target=\"_blank\" rel=\"noopener\"><img decoding=\"async\" src=\"https:\/\/lh3.googleusercontent.com\/pw\/AIL4fc9PUkle1nSF9n5G--ZV-xLISh0cSSJ4uEGdM_c2wNIZOhwXrCYznLxqRfn3xyVcL7Qq8TDbCN--ZpDKOUFULW_zsBAzKVVr-FxuVCznCE_odGTFbk4BtDfN-PJejtmr9LQUl2cG6PY8W1aIhGM3mXbs=w2000-h1500-s-no?authuser=0\" width=\"2000\" height=\"1500\" alt=\"Organizaci\u00f3n de Apoyo a la Revitalizaci\u00f3n Industrial de la Ciudad de Shimokawa, Departamento de Promoci\u00f3n de la Ciudad (Ciudad de Shimokawa, Hokkaido) Alcalde Yasuji Tamura\" class=\"size-full\" \/><\/a><figcaption class=\"wp-caption-text\">Organizaci\u00f3n de Apoyo a la Revitalizaci\u00f3n Industrial de la Ciudad de Shimokawa, Departamento de Promoci\u00f3n de la Ciudad (Ciudad de Shimokawa, Hokkaido) Alcalde Yasuji Tamura<\/figcaption><\/figure>\n<h4>Tono Mountain, Village and Living Network (NPO) (Ciudad de Tono, Prefectura de Iwate)<\/h4>\n<figure class=\"wp-caption aligncenter\"><a href=\"https:\/\/photos.google.com\/share\/AF1QipPXv05SheZFm7Qq7nb6Mej4DF7jeB24G8xnqVBTv8bsw5f_92j_uEmks41ciamH7g\/photo\/AF1QipOAcOaBwFOpbktUxqsThDi7qv2e-dxTtg8kLgE?key=UXVfWmxWVmxIWFdURFF6SFNCTjNKS0NUR01oRWlR\" target=\"_blank\" rel=\"noopener\"><img decoding=\"async\" src=\"https:\/\/lh3.googleusercontent.com\/pw\/AIL4fc9dQpt2_bdCma-MpXvU3hEltcUzS9koq3qjC_pTBupX1YczucBGMX-_DDj-DRI8m7dlDfXV6iR4Eu6t1TulE2SCBOUKxN-E2T0HZBqjBuEKnI7YahRxvUbfmgV9X3f4a-S6OIvl97aIbYUZHi0o-lZF=w2000-h1500-s-no?authuser=0\" width=\"2000\" height=\"1500\" alt=\"Corporaci\u00f3n Higashisonogi Hitokotono (ciudad de Higashisonogi, prefectura de Nagasaki)\" class=\"size-full\" \/><\/a><figcaption class=\"wp-caption-text\">Corporaci\u00f3n Higashisonogi Hitokotono (ciudad de Higashisonogi, prefectura de Nagasaki)<\/figcaption><\/figure>\n<h4>Corporaci\u00f3n Higashisonogi Hitokotono (ciudad de Higashisonogi, prefectura de Nagasaki)<\/h4>\n<figure class=\"wp-caption aligncenter\"><a href=\"https:\/\/photos.google.com\/share\/AF1QipPXv05SheZFm7Qq7nb6Mej4DF7jeB24G8xnqVBTv8bsw5f_92j_uEmks41ciamH7g\/photo\/AF1QipOwFN3LcS0WBXfDFHg50JsV_tjYRl5mlDgTbJE?key=UXVfWmxWVmxIWFdURFF6SFNCTjNKS0NUR01oRWlR\" target=\"_blank\" rel=\"noopener\"><img decoding=\"async\" src=\"https:\/\/lh3.googleusercontent.com\/pw\/AIL4fc_ijVDAuJQuSI3e3uKBwzi9OwWWSHWZkfvUFDSwmZXeWJ_ug5LP17ElWPsL8wABbnxyA4tdJwcLiUGYXule1fY8_WJKv5aYWTWXzfjVKwzi2zTkrHq0Nrw2is0u0PY0gXP-b-PW7aFekcawHMQ14y7M=w2000-h1500-s-no?authuser=0\" width=\"2000\" height=\"1500\" alt=\"Corporaci\u00f3n Higashisonogi Hitokotono (ciudad de Higashisonogi, prefectura de Nagasaki)\" class=\"size-full\" \/><\/a><figcaption class=\"wp-caption-text\">Corporaci\u00f3n Higashisonogi Hitokotono (ciudad de Higashisonogi, prefectura de Nagasaki)<\/figcaption><\/figure>\n<h3>19.\u00ba Gran Premio All Right! Nippon - Premio del Presidente del Jurado: 3 ganadores<\/h3>\n<h4>Asociaci\u00f3n para la Creaci\u00f3n del Futuro de Asuka (Aldea de Asuka, Prefectura de Nara)<\/h4>\n<figure class=\"wp-caption aligncenter\"><a href=\"https:\/\/photos.google.com\/share\/AF1QipPXv05SheZFm7Qq7nb6Mej4DF7jeB24G8xnqVBTv8bsw5f_92j_uEmks41ciamH7g\/photo\/AF1QipN5mGJxPzKIfjTs51Lxhp4zym9QSYXmUd9Rz7w?key=UXVfWmxWVmxIWFdURFF6SFNCTjNKS0NUR01oRWlR\"><img decoding=\"async\" src=\"https:\/\/lh3.googleusercontent.com\/pw\/AIL4fc_oN2CHcBaZP42lTX1ww-i_wMsosLygyo-AOFih9coO3315Ho8YZlpXUgsLPvFx29Yl3jw27oDgfrg5jVhEe1S_p62-3GmYQyHry7PgU9pbZGC0Y9zP5C7-8JVy3zcMdf-uIHyqFD0MupWrDENHUcqC=w2000-h1500-s-no?authuser=0\" width=\"2000\" height=\"1500\" alt=\"Asociaci\u00f3n para la Creaci\u00f3n del Futuro de Asuka (NPO) (Aldea de Asuka, Prefectura de Nara)\" class=\"size-full\" \/><\/a><figcaption class=\"wp-caption-text\">Asociaci\u00f3n para la Creaci\u00f3n del Futuro de Asuka (NPO) (Aldea de Asuka, Prefectura de Nara)<\/figcaption><\/figure>\n<h4>Ciudad de Aridagawa \u00d7 Universidad Ryukoku (Ciudad de Aridagawa, Prefectura de Wakayama)<\/h4>\n<figure class=\"wp-caption aligncenter\"><a href=\"https:\/\/photos.google.com\/share\/AF1QipPXv05SheZFm7Qq7nb6Mej4DF7jeB24G8xnqVBTv8bsw5f_92j_uEmks41ciamH7g\/photo\/AF1QipMnoQwarSHkBdhvNiHQaTUi3nsUfGk1D8tG1hU?key=UXVfWmxWVmxIWFdURFF6SFNCTjNKS0NUR01oRWlR\" target=\"_blank\" rel=\"noopener\"><img decoding=\"async\" src=\"https:\/\/lh3.googleusercontent.com\/pw\/AIL4fc-2Z9NCTlCo_yBP-pRS-k9IlzWt_yD6lpGBpI_xbabEHfDSo6okda35SUsLk_XAX8wPg1lSATXXIk-xmrSSeh8MSlkNX-TDxVOdgLg5pNA7GWwxNMlV_9e__tjARWmOXv0R5A1VoIUMJmZj-F4yFyah=w2000-h1500-s-no?authuser=0\" width=\"2000\" height=\"1500\" alt=\"Ciudad de Aridagawa x Universidad Ryukoku (Ciudad de Aridagawa, Prefectura de Wakayama)\" class=\"size-full\" \/><\/a><figcaption class=\"wp-caption-text\">Ciudad de Aridagawa x Universidad Ryukoku (Ciudad de Aridagawa, Prefectura de Wakayama)<\/figcaption><\/figure>\n<h4>Asociaci\u00f3n de Producci\u00f3n del Sur de Nagasaki (Ciudad de Minamishimabara, Prefectura de Nagasaki)<\/h4>\n<figure class=\"wp-caption aligncenter\"><a href=\"https:\/\/photos.google.com\/share\/AF1QipPXv05SheZFm7Qq7nb6Mej4DF7jeB24G8xnqVBTv8bsw5f_92j_uEmks41ciamH7g\/photo\/AF1QipPpJQBhDAhp6CPq9asIAStPZwvKyipotwUo-NE?key=UXVfWmxWVmxIWFdURFF6SFNCTjNKS0NUR01oRWlR\" target=\"_blank\" rel=\"noopener\"><img decoding=\"async\" src=\"https:\/\/lh3.googleusercontent.com\/pw\/AIL4fc_txJmacxzsxCzrO9ZchqKDtife98HnknSMFf6rp8_WE2Zz5a_lkZN9Z0-deKXbVKe8FK7TA4ILvLWOL4af9kPjCUllIU1QG2uzQUMLLD4rt4iLIROqLd5k8HNA5qTNKIs31VBYv0QeekgAuXyRMsoW=w2000-h1500-s-no?authuser=0\" width=\"2000\" height=\"1500\" alt=\"Asociaci\u00f3n de Producci\u00f3n del Sur de Nagasaki (Ciudad de Minamishimabara, Prefectura de Nagasaki)\" class=\"size-full\" \/><\/a><figcaption class=\"wp-caption-text\">Asociaci\u00f3n de Producci\u00f3n del Sur de Nagasaki (Ciudad de Minamishimabara, Prefectura de Nagasaki)<\/figcaption><\/figure>\n<h3>19.\u00ba Premio All Right! Nippon Lifestyle: 5 ganadores<\/h3>\n<h4>Masahiro Sezaki (distrito Edogawa, Tokio)<\/h4>\n<figure class=\"wp-caption aligncenter\"><a href=\"https:\/\/photos.google.com\/share\/AF1QipPXv05SheZFm7Qq7nb6Mej4DF7jeB24G8xnqVBTv8bsw5f_92j_uEmks41ciamH7g\/photo\/AF1QipP7KTunvBA_ZtOtxOnI21gYs8ln1gxK_2yvcjQ?key=UXVfWmxWVmxIWFdURFF6SFNCTjNKS0NUR01oRWlR\" target=\"_blank\" rel=\"noopener\"><img decoding=\"async\" src=\"https:\/\/lh3.googleusercontent.com\/pw\/AIL4fc-SE9T7sKjp8TBC9Ix8eny3jNWp6rfPSA4ojCqUSwObRu7i1JEvCIlaHAAyGhQBlkZRBO-spFSMzn9d_dWvzn6EGUNHyNHeYdxUYqHoKAbSMW-yk2Kcfy9iM_-xNOilxK8P0391O3XiTKuVW6OxtFdw=w2000-h1500-s-no?authuser=0\" width=\"2000\" height=\"1500\" alt=\"Masahiro Sezaki (distrito Edogawa, Tokio)\" class=\"size-full\" \/><\/a><figcaption class=\"wp-caption-text\">Masahiro Sezaki (distrito Edogawa, Tokio)<\/figcaption><\/figure>\n<h4>Mitsunori Ushida (ciudad de Joetsu, prefectura de Niigata)<\/h4>\n<figure class=\"wp-caption aligncenter\"><a href=\"https:\/\/photos.google.com\/share\/AF1QipPXv05SheZFm7Qq7nb6Mej4DF7jeB24G8xnqVBTv8bsw5f_92j_uEmks41ciamH7g\/photo\/AF1QipN6XYWnj8XYzgLNMjlXA_8Db54Gm3VP7mF84Ew?key=UXVfWmxWVmxIWFdURFF6SFNCTjNKS0NUR01oRWlR\" target=\"_blank\" rel=\"noopener\"><img decoding=\"async\" src=\"https:\/\/lh3.googleusercontent.com\/pw\/AIL4fc-jID6UUbFwbNMho0_ej607cb1N9MXkgmMCgJ0PXy8NaHAP3pzK_a70Y4LteyCctJbuIuQBLdyFiV7JzjbOVunMEtMQ0xWWGCpg_5YvWlKFrHHS6kB8SIRiQEIIx1xGHwcy9H2fVxKzIHV0b6vKSxGl=w2000-h1500-s-no?authuser=0\" width=\"2000\" height=\"1500\" alt=\"Mitsunori Ushida (ciudad de Joetsu, prefectura de Niigata)\" class=\"size-full\" \/><\/a><figcaption class=\"wp-caption-text\">Mitsunori Ushida (ciudad de Joetsu, prefectura de Niigata)<\/figcaption><\/figure>\n<h4>Hiromi Sanbe (Ciudad de Unnan, Prefectura de Shimane)<\/h4>\n<figure class=\"wp-caption aligncenter\"><a href=\"https:\/\/photos.google.com\/share\/AF1QipPXv05SheZFm7Qq7nb6Mej4DF7jeB24G8xnqVBTv8bsw5f_92j_uEmks41ciamH7g\/photo\/AF1QipO6ku7sjZceLothujvaWpUhLlaVvtR_6LvLnU8?key=UXVfWmxWVmxIWFdURFF6SFNCTjNKS0NUR01oRWlR\" target=\"_blank\" rel=\"noopener\"><img decoding=\"async\" src=\"https:\/\/lh3.googleusercontent.com\/pw\/AIL4fc-ItGabRV0jf0UK-hFWNPwLBPUxzVNlsUP7BHjf8aimceI2CaOFKicPc1SDuH4-F4XeKXlq-EIUvnmsMRAYykiLbuwQm9hF0q5epUlXVvF6V-eNqGPqv29jGRwahBswyPI2A8kxY8EFornUeTmNFBxE=w2000-h1500-s-no?authuser=0\" width=\"2000\" height=\"1500\" alt=\"Hiromi Sanbe (Ciudad de Unnan, Prefectura de Shimane)\" class=\"size-full\" \/><\/a><figcaption class=\"wp-caption-text\">Hiromi Sanbe (Ciudad de Unnan, Prefectura de Shimane)<\/figcaption><\/figure>\n<h4>Shohei Kunita (Ciudad de Hiroshima, Prefectura de Hiroshima)<\/h4>\n<figure class=\"wp-caption aligncenter\"><a href=\"https:\/\/photos.google.com\/share\/AF1QipPXv05SheZFm7Qq7nb6Mej4DF7jeB24G8xnqVBTv8bsw5f_92j_uEmks41ciamH7g\/photo\/AF1QipOEmYs698M-ApeuG7mV2wv2ggZknBc9ky6oYQM?key=UXVfWmxWVmxIWFdURFF6SFNCTjNKS0NUR01oRWlR\" target=\"_blank\" rel=\"noopener\"><img decoding=\"async\" src=\"https:\/\/lh3.googleusercontent.com\/pw\/AIL4fc9qUbJUPqpFoqvEC3c7MHHJx1ue9HfRTs7jDYzPi0BTXr0ZzDkuskMDreFhkdhOhUaxXEF7qyLLtdXeLPUoVmza5p9ARTmJGF9EhpyXcbQ6sbiK6tmwJObkmy2Cseqblv2TOA8XeBqoDPpBvNTMEpHP=w2000-h1500-s-no?authuser=0\" width=\"2000\" height=\"1500\" alt=\"Shohei Kunita (Ciudad de Hiroshima, Prefectura de Hiroshima)\" class=\"size-full\" \/><\/a><figcaption class=\"wp-caption-text\">Shohei Kunita (Ciudad de Hiroshima, Prefectura de Hiroshima)<\/figcaption><\/figure>\n<h4>Yuka Yamanaka (Ciudad de Saijo, Prefectura de Ehime)<\/h4>\n<figure class=\"wp-caption aligncenter\"><a href=\"https:\/\/photos.google.com\/share\/AF1QipPXv05SheZFm7Qq7nb6Mej4DF7jeB24G8xnqVBTv8bsw5f_92j_uEmks41ciamH7g\/photo\/AF1QipOL8WgkY6IVuQX6tO413BQIaC8qCSOM9DotsQM?key=UXVfWmxWVmxIWFdURFF6SFNCTjNKS0NUR01oRWlR\" target=\"_blank\" rel=\"noopener\"><img decoding=\"async\" src=\"https:\/\/lh3.googleusercontent.com\/pw\/AIL4fc-zWyqOdp8Nwpdsv2UZ2_7zjTaOFRqOJhUe-7Zk_oPUli9r0LMW7LRt31gRxVkTedkTSRLM-oQgV1GSmpUOn24SU2PDc6fJFIxM7g0Pk_PbUd05s6dDc-kE3t4Xoba06APn5BWNdKpGkUpERyBMIthP=w2000-h1500-s-no?authuser=0\" width=\"2000\" height=\"1500\" alt=\"Yuka Yamanaka (Ciudad de Saijo, Prefectura de Ehime)\" class=\"size-full\" \/><\/a><figcaption class=\"wp-caption-text\">Yuka Yamanaka (Ciudad de Saijo, Prefectura de Ehime)<\/figcaption><\/figure>\n<h3>18.\u00aa edici\u00f3n de los Premios All Right! Nippon al Estilo de Vida<\/h3>\n<p>Los ganadores del premio dar\u00e1n discursos de dos minutos en los que presentar\u00e1n las actividades de Terauchi Noboru e Ikuko de la ciudad de Hokuryu.<\/p>\n<h4>Noboru Terauchi e Ikuko (ciudad de Hokuryu, Hokkaido)<\/h4>\n<figure class=\"wp-caption aligncenter\"><a href=\"https:\/\/photos.google.com\/share\/AF1QipPXv05SheZFm7Qq7nb6Mej4DF7jeB24G8xnqVBTv8bsw5f_92j_uEmks41ciamH7g\/photo\/AF1QipPOXB-WWeJ9_txidLSNh7nqLGrXAYunNxFkpiE?key=UXVfWmxWVmxIWFdURFF6SFNCTjNKS0NUR01oRWlR\" target=\"_blank\" rel=\"noopener\"><img decoding=\"async\" src=\"https:\/\/lh3.googleusercontent.com\/pw\/AIL4fc8H2W4yPm0HRsJxDV55MrkJ5LGjFJP9QJepovpoE1GVbgdQ4wpLzvQ_smzy5whgiuCeZSPORgitYjPrcorspQ6FXGnsOH_qnPar11CgmDZrB6MAYcwY0YJi1BQY7TOOtGXzZ3OtS-DJLK2KcE9usDfy=w2000-h1331-s-no?authuser=0\" width=\"2000\" height=\"1500\" alt=\"Terauchi Noboru e Ikuko (ciudad de Hokuryu, Hokkaido) (Foto proporcionada por All Right! Nippon Conference)\" class=\"size-full\" \/><\/a><figcaption class=\"wp-caption-text\">Noboru Terauchi e Ikuko (ciudad de Hokuryu, Hokkaido)<br \/>\n(Foto proporcionada por All Right! Nippon Kaigi)<\/figcaption><\/figure>\n<figure id=\"attachment_10869\" class=\"wp-caption aligncenter\"><a href=\"https:\/\/photos.google.com\/share\/AF1QipPi7xhI2Jjc2wmUu4NGnJ4orBzsjp5QXNL9YyR4LdPb_lxhacBkKbWaSRN3YKweew\/photo\/AF1QipOl8yVGPVynn2qIzSMyooGqXQb_45s3npWwrDRg?key=cGJLcnhpWkM5eXdscDYzZzloRWR0X0xZNGduTEZR\" target=\"_blank\" rel=\"noopener\"><img decoding=\"async\" src=\"https:\/\/lh3.googleusercontent.com\/pw\/AIL4fc-ZVcfOSaP4x0QTMOe0qHf8r2roQbuBroSRAREZ-0UYAsYRvjHjyL1iL-qYtlsjPUdDnb5Te3qd5ceaGYOpPNWjZ7XoV31V5-tCyTJwWPN8euHoxMil_z8BWXEGyaJUZVE9_bu8NN3bJjIfXMSfeEiWgQ=w2000-h1500-s-no?authuser=0\" alt=\"18 \u00a1Muy bien! Premio Nippon Awards al estilo de vida: Noboru Terauchi e Ikuko\" width=\"1428\" height=\"1320\" class=\"size-full wp-image-10869\"\/><figcaption class=\"wp-caption-text\">18 \u00a1Muy bien! Premio Nippon Awards al estilo de vida: Noboru Terauchi e Ikuko<\/a><\/figcaption><\/figure>\n<p>&quot;Somos Noboru e Ikuko Terauchi, de la ciudad de Hokuryu, Hokkaido, y nos hemos dedicado a difundir informaci\u00f3n durante 13 a\u00f1os.<\/p>\n<p>Quisiera expresarles mi m\u00e1s sincera felicitaci\u00f3n por la celebraci\u00f3n de esta reuni\u00f3n de premiados hoy. Tambi\u00e9n les agradezco la invitaci\u00f3n. Muchas gracias.<\/p>\n<p>La ciudad de Hokuryu se encuentra al oeste de la ciudad de Asahikawa y al este de la ciudad de Rumoi, en la costa del Mar de Jap\u00f3n. Con una poblaci\u00f3n de aproximadamente 1650 habitantes y una tasa de envejecimiento del 45%, es una ciudad que representa el futuro de Jap\u00f3n.<\/p>\n<p>Como ciudad agr\u00edcola, las especialidades de la ciudad incluyen &quot;Arroz de girasol&quot;, &quot;Mel\u00f3n de girasol&quot; y &quot;Sand\u00eda de girasol&quot;, que ganaron el Gran Premio de Agricultura de Jap\u00f3n en 2016, as\u00ed como la soja Kurosengoku (soja negra de grano peque\u00f1o) de la Cooperativa Comercial Kurosengoku, que fue seleccionada como un ejemplo destacado en los 5\u00ba Premios Discover Rural Treasures en 2018.<\/p>\n<p>Los girasoles son una famosa atracci\u00f3n tur\u00edstica. Los 2 millones de girasoles que florecen en 23 hect\u00e1reas en las laderas orientadas al este ofrecen un espect\u00e1culo espectacular. El Festival del Girasol de Hokuryu, que se celebra durante aproximadamente un mes en verano, atrae a unos 300.000 turistas de todo el mundo.<\/p>\n<p>Nos mudamos de Tokio a Hokuryu hace 13 a\u00f1os. Creamos nuestro propio sitio web. Mi esposa escribe el texto y yo tomo las fotos y lo administro. Tambi\u00e9n mantenemos un sitio web, una p\u00e1gina de Facebook, Instagram y un canal de YouTube. En d\u00edas de mucha actividad, subimos unos 200 art\u00edculos al mes y llevamos 13 a\u00f1os compartiendo informaci\u00f3n sobre la ciudad.<\/p>\n<p>El programa se centra en los residentes de la ciudad de Hokuryu, revelando qu\u00e9 tipo de personas son, qu\u00e9 piensan cuando cultivan y c\u00f3mo disfrutan la vida.<\/p>\n<p>Y con el deseo de empatizar y compartir la alegr\u00eda y la emoci\u00f3n de la gente del pueblo con la mayor cantidad de gente posible, nosotros mismos expresamos y comunicamos honestamente nuestra alegr\u00eda, empat\u00eda y emociones.<\/p>\n<p>Hokuryu es una ciudad maravillosa. Espero que la visites al menos una vez. Muchas gracias por venir hoy.<\/p>\n<h3>Comentario: \u00a1Est\u00e1 bien! Vicepresidenta de Nippon Kaigi, Sra. Keiko Hirano<\/h3>\n<p>Nacido en la ciudad de Numazu, prefectura de Shizuoka en 1960 (Showa 35) (62 a\u00f1os), se gradu\u00f3 de la escuela secundaria Kunitachi Metropolitana de Tokio y de la Universidad de Waseda, locutor independiente (ex presentador de noticias de NHK), narrador de historias, ex presidente de la Asociaci\u00f3n de Certificaci\u00f3n para la Prevenci\u00f3n de Desastres, profesor en el Departamento de Radiodifusi\u00f3n de la Universidad de Artes de Osaka, profesor a tiempo parcial en la Universidad Musashino (investigaci\u00f3n de cultura tradicional), miembro del Subcomit\u00e9 de Bienestar Infantil y Cultura del Consejo para Ni\u00f1os y Familias.<\/p>\n<figure class=\"wp-caption aligncenter\"><a href=\"https:\/\/photos.google.com\/share\/AF1QipPXv05SheZFm7Qq7nb6Mej4DF7jeB24G8xnqVBTv8bsw5f_92j_uEmks41ciamH7g\/photo\/AF1QipMHvK7uzw2h0c3d-GxX5PQ9Aw8hjfQrysWTn-I?key=UXVfWmxWVmxIWFdURFF6SFNCTjNKS0NUR01oRWlR\" target=\"_blank\" rel=\"noopener\"><img decoding=\"async\" src=\"https:\/\/lh3.googleusercontent.com\/pw\/AIL4fc8jY8xZoNWKP1l8oPr_BfcqHjfZyc3dRRUxzoHrC1FZVHvXqiWsZl7aDqKzSE1NVk1ydOzekt-nAVkLHpnuGpJWeI20bh321ZkNlnJXC529T_bfMcpflVETF21ZqKDJpG44OsuUo9jrD81VNRSMzlQ-=w2000-h1500-s-no?authuser=0\" width=\"2000\" height=\"1500\" alt=\"\u00a1Est\u00e1 bien! Vicepresidenta de Nippon Kaigi, Sra. Keiko Hirano\" class=\"size-full\" \/><\/a><figcaption class=\"wp-caption-text\">\u00a1Est\u00e1 bien! Vicepresidenta de Nippon Kaigi, Sra. Keiko Hirano<\/figcaption><\/figure>\n<p>&quot;Felicitaciones a todos los premiados.<\/p>\n<h4>La primera reuni\u00f3n de tres ganadores de premios<\/h4>\n<p>Debido al impacto de la COVID-19, la ceremonia de premiaci\u00f3n se cancel\u00f3 dos veces (los d\u00edas 17 y 18). Esto era impensable para nosotros, que llevamos celebrando la ceremonia de premiaci\u00f3n unos 20 a\u00f1os.<\/p>\n<p>Ten\u00eda muchas ganas de conocer y hablar con todos los galardonados. Al pasar del proceso de revisi\u00f3n de documentos a reuniones y conversaciones presenciales, aprend\u00ed cosas nuevas. Esto puede llevar a futuras conexiones, y por muy maravillosa que sea la ceremonia de premiaci\u00f3n, siempre es emocionante.<\/p>\n<p>Esta fue la primera vez que los galardonados de las ediciones 19, 18 y 17 de los premios All-Right! Nippon se reunieron en una ceremonia de entrega de premios.<\/p>\n<p>Al conocerlos hoy, me impresionaron sus din\u00e1micas actividades y apasionados discursos. Durante el proceso de evaluaci\u00f3n, todas las actividades fueron maravillosas, y el hecho de elegirlas nos record\u00f3 los momentos dif\u00edciles que pasamos. Pudimos sentir la energ\u00eda y el esplendor que emanaban de los documentos en todas las actividades.<\/p>\n<h4>El n\u00famero total de solicitudes hasta la fecha es de 2.072.<\/h4>\n<p>Hasta la fecha, se han presentado 2072 solicitudes (1792 para el Gran Premio All-Right Nippon y 280 para el Gran Premio de Estilo de Vida). De estas, 313 han sido premiadas (236 para el Gran Premio All-Right Nippon y 77 para el Gran Premio de Estilo de Vida).<\/p>\n<p>Creo que podr\u00e1n apreciar la excepcional selecci\u00f3n de todos los participantes. He sido juez desde que All Right! Nippon comenz\u00f3 en 2003, y he revisado no solo las iniciativas premiadas, sino tambi\u00e9n los perfiles de todas las iniciativas presentadas. Al repasar las cifras, me parece asombroso.<\/p>\n<p>En abril de 2005, hab\u00eda 2395 municipios en todo el pa\u00eds. Esta cifra es comparable a las 2072 solicitudes recibidas hasta la fecha. Si bien existen algunas coincidencias, al dividir el n\u00famero de solicitudes entre el n\u00famero de municipios a nivel nacional, el n\u00famero de solicitudes representa el 85 % del total. Esto demuestra que hay muchos colegas que participan en diversas actividades en todo el pa\u00eds. La probabilidad de recibir el incentivo del premio es de tan solo el 15 %.<\/p>\n<p>Esperamos que estos premios sigan fomentando muchas m\u00e1s conexiones horizontales entre personas especialmente destacadas en el futuro.<\/p>\n<h4>Selecci\u00f3n estricta, justa y sin sesgos<\/h4>\n<p>El comit\u00e9 de jueces lleva a cabo un juicio riguroso y justo, sin prejuicios de ning\u00fan tipo y con mucho debate acalorado.<\/p>\n<p>Como condici\u00f3n para el examen,<\/p>\n<ol>\n<li><strong>N\u00famero de a\u00f1os de servicio<\/strong>(Si la actividad finaliza por alguna raz\u00f3n, existe la posibilidad de que el proyecto ya no reciba apoyo).<\/li>\n<li><strong>\u00c9nfasis en la versatilidad como modelo<\/strong>(\u00bfSe puede utilizar en otras regiones? \u00bfTiene impacto social?)<\/li>\n<li><strong>La importancia de la eficacia<\/strong>(Efectos econ\u00f3micos, efectos humanos, efectos esperados)<\/li>\n<li><strong>La voluntad de intentarlo una y otra vez incluso si fallas.<\/strong>\u00c9nfasis en<\/li>\n<\/ol>\n<p>Puedes postularte a All Right! Nippon varias veces. De hecho, algunos lo han intentado cinco o seis veces. Los jueces est\u00e1n felices y agradecidos de ver una actitud tan positiva, que no pasa por alto ni las m\u00e1s peque\u00f1as mejoras logradas con esfuerzo.<\/p>\n<p>M\u00e1s que simplemente haber sido seleccionados, es la imagen de su esfuerzo continuo lo que resulta tan hermoso y reconfortante. Continuar hacia el futuro es lo que hace de esta una actividad de &quot;\u00a1Todo bien!&quot; Nippon, algo de lo que enorgullecerse.<\/p>\n<p>Los jueces no se limitan a asignar puntuaciones y clasificar a los ganadores. Analizan a los ganadores desde su propia perspectiva y comparten y eval\u00faan el valor de cada actividad con base en su experiencia, conocimiento y perspectiva.<\/p>\n<p>Cuando se elogian especialmente ciertas actividades, pueden inspirar a otros que realizan actividades similares.<\/p>\n<p>Cuando una nueva iniciativa produce resultados despu\u00e9s de mucho trabajo duro, a veces queremos reconocer el arduo trabajo que hubo detr\u00e1s de ella.<\/p>\n<h4>La difusi\u00f3n del conocimiento y la difusi\u00f3n a lo largo de las generaciones, como se observa en el equipo agr\u00edcola de Inasa de la Universidad de Arte y Cultura de Shizuoka.<\/h4>\n<p>Me centr\u00e9 en el Equipo Agr\u00edcola Inasa de la Universidad de Arte y Cultura de Shizuoka. Llevaron cuatro a\u00f1os activos en la universidad, y en su presentaci\u00f3n de hace un momento, dijeron que no entend\u00edan bien la situaci\u00f3n porque los miembros hab\u00edan cambiado desde que se entreg\u00f3 el premio hace tres a\u00f1os.<\/p>\n<p>Por un momento me pregunt\u00e9 si mi miedo se hab\u00eda hecho realidad, pero luego escuch\u00e9 que el n\u00famero de participantes hab\u00eda aumentado y el evento estaba creciendo, y pens\u00e9: &quot;\u00a1Eso es incre\u00edble, eso es maravilloso!&quot;.<\/p>\n<p>Ahora que los estudiantes que cursaban primero en la universidad en aquel entonces est\u00e1n en cuarto a\u00f1o y todos los grados han tenido la oportunidad de participar en este proyecto, \u00a1creo que todo marcha bien! Apoyar este proyecto en Jap\u00f3n ser\u00e1 muy significativo para difundir la comprensi\u00f3n y la difusi\u00f3n de la agricultura entre generaciones y para imaginar el futuro de la agricultura. Espero que esto nos lleve a un futuro brillante.<\/p>\n<p>Tambi\u00e9n hemos recibido postulaciones de j\u00f3venes de los ODS y de la Generaci\u00f3n Z que est\u00e1n asumiendo diversos desaf\u00edos, por lo que estamos muy ansiosos por ver lo que nos depara el futuro.<\/p>\n<h4>Ampliar el papel de las mujeres, los j\u00f3venes y los extranjeros<\/h4>\n<p>Tambi\u00e9n siento que las mujeres se est\u00e1n volviendo m\u00e1s activas en general. Verlas participar activamente y pronunciar discursos con facilidad me hizo sentir que los tiempos est\u00e1n cambiando. Creo que las actividades de todas las mujeres ser\u00e1n un factor clave para revitalizar la ciudad.<\/p>\n<p>Las oportunidades de \u00e9xito en las zonas rurales se est\u00e1n ampliando para incluir a mujeres, j\u00f3venes y extranjeros. Tanto extranjeros como empresarios con experiencia tienen oportunidades y son bien recibidos como colegas.<\/p>\n<h4>Los premiados har\u00e1n una gran aportaci\u00f3n al mundo infantil.<\/h4>\n<p>Actualmente estoy trabajando con el profesor Yoro, y quiz\u00e1s influenciado por su forma de pensar, me he interesado por los insectos.<\/p>\n<p>Debido a la pandemia de COVID-19, que dificulta las reuniones presenciales, el profesor Yoro ha estado transmitiendo sus conferencias en l\u00ednea. Cada una de sus charlas es realmente conmovedora y maravillosa.<\/p>\n<p>Me di cuenta de que tus esfuerzos son como algo vivo. Creo que demostrar\u00e1s tu capacidad para criar hijos en el futuro y ayudarlos a crecer de forma positiva.<\/p>\n<p>Creo que todos ustedes tienen el poder de hacer una gran contribuci\u00f3n no solo a la agricultura, sino tambi\u00e9n al mundo infantil, no solo a la idea general del coraz\u00f3n humano. Espero que con su continuo apoyo, podamos seguir enriqueciendo el contenido de las actividades de All Right! Nippon.<\/p>\n<p>Contin\u00faen participando activamente en estas actividades y, en nombre del comit\u00e9 de jueces, me gustar\u00eda felicitarlos y agradecerles a todos.<\/p>\n<p>Espero que sigan trabajando arduamente para promover intercambios a\u00fan m\u00e1s activos entre las ciudades y las zonas rurales. Con esto concluyo mis comentarios.<br \/>\n\u201cMuchas gracias por venir hasta aqu\u00ed para estar hoy aqu\u00ed como destinatarios del premio\u201d.<\/p>\n<figure class=\"wp-caption aligncenter\"><a href=\"https:\/\/photos.google.com\/share\/AF1QipPXv05SheZFm7Qq7nb6Mej4DF7jeB24G8xnqVBTv8bsw5f_92j_uEmks41ciamH7g\/photo\/AF1QipP-rC6k_lEXesTWbEPUcxQuhiF0U4q3ap5JT-g?key=UXVfWmxWVmxIWFdURFF6SFNCTjNKS0NUR01oRWlR\" target=\"_blank\" rel=\"noopener\"><img decoding=\"async\" src=\"https:\/\/lh3.googleusercontent.com\/pw\/AIL4fc9RIhuGDEuqjW86uuNrlezyB_Rawc3BesHWqMpmTiFQ5ZOwCAqzxItS_eduDbE1jpN9MNQOlIBQF-YopCkEcImc9zHBGwDWJLXMhyLj5NoFPKPuGna7RuJjXBTdmZJH_Av0VBU-zSQamTh9O6B3tB4h=w2000-h1500-s-no?authuser=0\" width=\"2000\" height=\"1500\" alt=\"Participantes\" class=\"size-full\" \/><\/a><figcaption class=\"wp-caption-text\">Participantes<\/figcaption><\/figure>\n<h2>Parte 3: Reuni\u00f3n social (ganadores de premios) con aproximadamente 70 participantes<\/h2>\n<h3>Traslado al lugar de la reuni\u00f3n social: El lugar es \u201cSandaime Torimero\u201d<\/h3>\n<figure class=\"wp-caption aligncenter\"><a href=\"https:\/\/photos.google.com\/share\/AF1QipPXv05SheZFm7Qq7nb6Mej4DF7jeB24G8xnqVBTv8bsw5f_92j_uEmks41ciamH7g\/photo\/AF1QipPucMlaoU-ZF28NwRsrKsQFi804R3kX33Ovgrc?key=UXVfWmxWVmxIWFdURFF6SFNCTjNKS0NUR01oRWlR\" target=\"_blank\" rel=\"noopener\"><img decoding=\"async\" src=\"https:\/\/lh3.googleusercontent.com\/pw\/AIL4fc9F1Btc2-GV6XlzMDipr58n3oqVEp8X7Ol2XeDxcXSq1Ljcu3L7-UBWNPIAHiwZxPNjOqPQheTp5aTIYuebzG8ACgcJ5uxIfMkbuQs8cJaw_jC5WZB2Cj7bSkoalD9CAzDWenj1Szl1aU0_vkobHTBL=w2000-h1500-s-no?authuser=0\" width=\"2000\" height=\"1500\" alt=\"El restaurante tiene capacidad para 70 personas.\" class=\"size-full\" \/><\/a><figcaption class=\"wp-caption-text\">El restaurante tiene capacidad para 70 personas - Parte 1<\/figcaption><\/figure>\n<figure class=\"wp-caption aligncenter\"><a href=\"https:\/\/photos.google.com\/share\/AF1QipPXv05SheZFm7Qq7nb6Mej4DF7jeB24G8xnqVBTv8bsw5f_92j_uEmks41ciamH7g\/photo\/AF1QipMpdl5SWrMX0S8PwTdNunqmZycewo5XNrS2sA4?key=UXVfWmxWVmxIWFdURFF6SFNCTjNKS0NUR01oRWlR\" target=\"_blank\" rel=\"noopener\"><img decoding=\"async\" src=\"https:\/\/lh3.googleusercontent.com\/pw\/AIL4fc_Zq2DK8n594hiNAJHw4Z7Zz1NXfuFH3jEGPUxYuqCad_WW66xwwTIbVRpgaaZdQ39Fpq3Vscilk-9gUuqBybbTv2s5mnccMWLRAw2Hwm_scpbUu8f45UVqmNbmXfEZYcbm0SXSRicjPlFChV0sXp3e=w2000-h1500-s-no?authuser=0\" width=\"2000\" height=\"1500\" alt=\"El restaurante tiene capacidad para 70 personas.\" class=\"size-full\" \/><\/a><figcaption class=\"wp-caption-text\">El restaurante tiene capacidad para 70 personas - Parte 2<\/figcaption><\/figure>\n<figure class=\"wp-caption aligncenter\"><a href=\"https:\/\/photos.google.com\/share\/AF1QipPXv05SheZFm7Qq7nb6Mej4DF7jeB24G8xnqVBTv8bsw5f_92j_uEmks41ciamH7g\/photo\/AF1QipNtq7_LHuNUnMVkPiKB08BOsxE45bmYDVPa6Qc?key=UXVfWmxWVmxIWFdURFF6SFNCTjNKS0NUR01oRWlR\" target=\"_blank\" rel=\"noopener\"><img decoding=\"async\" src=\"https:\/\/lh3.googleusercontent.com\/pw\/AIL4fc_WONDZ53ChoKRF1KkjvIeC5UwOKrjSLLBpog4bc-WSaaYFa9AOVSm8z0R03taUzY7fmFRjWo8TVRfYqDiqPLAy_X-ZY_PLaL8J-xVSvIRAduDZvHHADhRNiwb7AEkGbWQY6-O4RDmN8FofUQhEe2sd=w2000-h1500-s-no?authuser=0\" width=\"2000\" height=\"1500\" alt=\"Hiroaki Kayahara y Reiko Narushima de la secretar\u00eda\" class=\"size-full\" \/><\/a><figcaption class=\"wp-caption-text\">Hiroaki Kayahara y Reiko Narushima de la secretar\u00eda<\/figcaption><\/figure>\n<figure class=\"wp-caption aligncenter\"><a href=\"https:\/\/photos.google.com\/share\/AF1QipPXv05SheZFm7Qq7nb6Mej4DF7jeB24G8xnqVBTv8bsw5f_92j_uEmks41ciamH7g\/photo\/AF1QipM7yHKmr1ZGi88xhYftmss9tfPK5jCNgTSA5ZY?key=UXVfWmxWVmxIWFdURFF6SFNCTjNKS0NUR01oRWlR\" target=\"_blank\" rel=\"noopener\"><img decoding=\"async\" src=\"https:\/\/lh3.googleusercontent.com\/pw\/AIL4fc9SyCdTkykmSpNBiZoEjNgQSVJgNsfVTlTJ6szEearykukaxEJsPKSGDZbGeGTY88EjcCYwN5zAXIZv13BfdGPuSHJgEpz2XGOmUiYUHP-L6X6Ap54ry7pAti5e1RbgwFk-_omNGR37Ts6owLmHRI_m=w2000-h1500-s-no?authuser=0\" width=\"2000\" height=\"1500\" alt=\"\u00a1salud!\" class=\"size-full\" \/><\/a><figcaption class=\"wp-caption-text\">\u00a1salud!<\/figcaption><\/figure>\n<figure class=\"wp-caption aligncenter\"><a href=\"https:\/\/photos.google.com\/share\/AF1QipPXv05SheZFm7Qq7nb6Mej4DF7jeB24G8xnqVBTv8bsw5f_92j_uEmks41ciamH7g\/photo\/AF1QipMCSg953dPP0mkwGxwNUwBYYm2UrdTy2OeEwtQ?key=UXVfWmxWVmxIWFdURFF6SFNCTjNKS0NUR01oRWlR\" target=\"_blank\" rel=\"noopener\"><img decoding=\"async\" src=\"https:\/\/lh3.googleusercontent.com\/pw\/AIL4fc8Li84TtIc1PRDCLaVXWeDD8o_qgOs8wztL7QDs7pnybVyDEEs0f1rn85J9yTDFG5bkMaJFrExbRdG07W3sxShjbzHTFK5UT-6QMK3VFZe2g-FA1CUcSfLvTOS6SQu1COnVG2FlL_CNDiKVBQPP4cK1=w2000-h1500-s-no?authuser=0\" width=\"2000\" height=\"1500\" alt=\"\u00a1Muy bien! Agradecemos enormemente a Hiroaki Kayahara y Reiko Narushima, del Secretariado de Nippon Kaigi, su amabilidad.\" class=\"size-full\" \/><\/a><figcaption class=\"wp-caption-text\">\u00a1Muy bien! Agradecemos enormemente a Hiroaki Kayahara y Reiko Narushima, del Secretariado de Nippon Kaigi, su amabilidad.<\/figcaption><\/figure>\n<p>Con infinito amor, gratitud y oraciones, enviamos nuestro m\u00e1s sincero agradecimiento al Gran Premio &quot;All Right! Nippon&quot;, que revitalizar\u00e1 ciudades y \u00e1reas rurales y vigorizar\u00e1 a Jap\u00f3n.<\/p>\n<figure class=\"wp-caption aligncenter\"><a href=\"https:\/\/photos.google.com\/share\/AF1QipPXv05SheZFm7Qq7nb6Mej4DF7jeB24G8xnqVBTv8bsw5f_92j_uEmks41ciamH7g\/photo\/AF1QipMCSg953dPP0mkwGxwNUwBYYm2UrdTy2OeEwtQ?key=UXVfWmxWVmxIWFdURFF6SFNCTjNKS0NUR01oRWlR\" target=\"_blank\" rel=\"noopener\"><img decoding=\"async\" src=\"https:\/\/lh3.googleusercontent.com\/pw\/AIL4fc9BD3_lziCE_WgopVVnRtynPdeYiwsBBXUSAJrkO_EmNU7tJoIHfLqoXk20SYswurheBpNG79ROu2pAe2v6J6jEqIe-2Kyu-w5WpZOCkw4CmTr7cUlhyBRi2ucF9Lb1MeHag81eCh-XUw56nN9bZivP=w2000-h1500-s-no?authuser=0\" width=\"2000\" height=\"1500\" alt=\"Con gratitud por el Gran Premio &quot;All Right! Nippon&quot;, que revitalizar\u00e1 a Jap\u00f3n...\" class=\"size-full\" \/><\/a><figcaption class=\"wp-caption-text\">Con gratitud por el Gran Premio &quot;All Right! Nippon&quot;, que revitalizar\u00e1 a Jap\u00f3n...<\/figcaption><\/figure>\n<h2>Otras fotos<\/h2>\n<div class=\"img-move\">\n<img decoding=\"async\" src=\"https:\/\/ehokkaido.net\/wp-content\/uploads\/2021\/12\/2021-12-06-11.41.12.png\" style=\"vertical-align:middle;\"> <a href=\"https:\/\/photos.app.goo.gl\/7HKXHf4sHr7Q2buQ7\" target=\"_blank\" rel=\"noopener noreferrer\">35 grupos de todo Jap\u00f3n se reunieron en la &quot;19.\u00aa Ceremonia de Entrega de Premios All Right! Nippon - Reuni\u00f3n de los Ganadores de las 18.\u00aa y 17.\u00aa ediciones&quot;, y las ciudades de Hokuryu y Shimokawa, en Hokkaido, recibieron sus premios. Haga clic aqu\u00ed para ver 142 fotos &gt;&gt;<\/a><\/a><\/div>\n<h2>Art\u00edculos y sitios relacionados<\/h2>\n<h3>&quot;\u00a1Muy bien! P\u00e1gina de inicio de Nippon<\/h3>\n<p>\u30fb<a href=\"https:\/\/www.kouryu.or.jp\/information\/19thohraiawards.html\" target=\"_blank\">https:\/\/www.kouryu.or.jp\/information\/19thohraiawards.html<\/a><br \/>\n\u30fb<a href=\"https:\/\/www.kouryu.or.jp\/service\/ohrai.html\" target=\"_blank\">https:\/\/www.kouryu.or.jp\/service\/ohrai.html<\/a><br \/>\n\u3000<\/p>\n<h3>Ganador del &quot;18.\u00ba Gran Premio de Estilo de Vida All Right! Nippon&quot;<\/h3>\n\n\n\u3000\u3000<br \/>\n\n\n\n\u3000<\/p>\n<h3>Descubra el tesoro de las zonas rurales: la Asociaci\u00f3n Cooperativa Empresarial Kurosengoku seleccionada como el quinto caso de estudio excelente<\/h3>\n\n\n\u3000<\/p>\n<h3>\u00a1Gracias! Ganador del Gran Premio del 46.\u00ba Premio de Agricultura de Jap\u00f3n (Organizaci\u00f3n Colectiva)<\/h3>\n\n\n\n\u3000<br \/>\n\u3000<br \/>\n\u25c7 Entrevista y texto: Ikuko Terauchi (Asistencia de fotograf\u00eda y edici\u00f3n: Noboru Terauchi)<\/p>","protected":false},"excerpt":{"rendered":"<p>\uff12\uff10\uff12\uff13\u5e74\uff17\u6708\uff11\uff19\u65e5\uff08\u6c34\uff09 \u4ee4\u548c\uff15\u5e74\uff17\u6708\uff11\uff13\u65e5\uff08\u6728\uff09\u3001\u54c1\u5ddd\u30d5\u30ed\u30f3\u30c8\u30d3\u30eb\u4f1a\u8b70\u5ba4\u306b\u3066\u300c\u7b2c\uff11\uff19\u56de\u30aa\u30fc\u30e9\u30a4\uff01\u30cb\u30c3\u30dd\u30f3\u5927\u8cde\u8868\u5f70\u5f0f\u3001\u7b2c\uff11\uff18\u56de\u30fb\u7b2c\uff11\uff17\u56de\u53d7\u8cde\u8005\u306e\u96c6\u3044\u300d\u304c\u958b\u50ac\u3055\u308c\u307e\u3057\u305f\u3002\u5168\u56fd\u304b\u3089\u53d7\u8cde\u8005\uff13\uff15\u7d44\u7a0b\u3001\u95a2\u4fc2\u8005 [&hellip;]<\/p>\n","protected":false},"author":1,"featured_media":35169,"comment_status":"open","ping_status":"open","sticky":false,"template":"","format":"standard","meta":{"footnotes":""},"categories":[4,17],"tags":[],"class_list":["post-34948","post","type-post","status-publish","format-standard","has-post-thumbnail","hentry","category-cover-story","category-operations_report"],"_links":{"self":[{"href":"https:\/\/portal.hokuryu.info\/es\/wp-json\/wp\/v2\/posts\/34948","targetHints":{"allow":["GET"]}}],"collection":[{"href":"https:\/\/portal.hokuryu.info\/es\/wp-json\/wp\/v2\/posts"}],"about":[{"href":"https:\/\/portal.hokuryu.info\/es\/wp-json\/wp\/v2\/types\/post"}],"author":[{"embeddable":true,"href":"https:\/\/portal.hokuryu.info\/es\/wp-json\/wp\/v2\/users\/1"}],"replies":[{"embeddable":true,"href":"https:\/\/portal.hokuryu.info\/es\/wp-json\/wp\/v2\/comments?post=34948"}],"version-history":[{"count":3,"href":"https:\/\/portal.hokuryu.info\/es\/wp-json\/wp\/v2\/posts\/34948\/revisions"}],"predecessor-version":[{"id":68721,"href":"https:\/\/portal.hokuryu.info\/es\/wp-json\/wp\/v2\/posts\/34948\/revisions\/68721"}],"wp:featuredmedia":[{"embeddable":true,"href":"https:\/\/portal.hokuryu.info\/es\/wp-json\/wp\/v2\/media\/35169"}],"wp:attachment":[{"href":"https:\/\/portal.hokuryu.info\/es\/wp-json\/wp\/v2\/media?parent=34948"}],"wp:term":[{"taxonomy":"category","embeddable":true,"href":"https:\/\/portal.hokuryu.info\/es\/wp-json\/wp\/v2\/categories?post=34948"},{"taxonomy":"post_tag","embeddable":true,"href":"https:\/\/portal.hokuryu.info\/es\/wp-json\/wp\/v2\/tags?post=34948"}],"curies":[{"name":"wp","href":"https:\/\/api.w.org\/{rel}","templated":true}]}}