{"id":34618,"date":"2023-07-10T09:45:27","date_gmt":"2023-07-10T00:45:27","guid":{"rendered":"https:\/\/portal.hokuryu.info\/?p=34618"},"modified":"2023-08-10T11:48:03","modified_gmt":"2023-08-10T02:48:03","slug":"%ef%bd%92%ef%bd%89%ef%bd%83%ef%bd%88%e5%b7%a5%e6%88%bf%ef%bc%88%ef%bd%8e%ef%bd%90%ef%bd%8f%e3%81%82%e3%81%8b%e3%82%8b%e3%81%84%e8%be%b2%e6%b3%95%ef%bc%89%e3%81%ae%e7%84%bc%e3%81%8d%e3%81%9f%e3%81%a6-6","status":"publish","type":"post","link":"https:\/\/portal.hokuryu.info\/es\/34618\/","title":{"rendered":"El pan reci\u00e9n horneado de RICH Kobo (NPO Bright Farming) se vender\u00e1 en julio."},"content":{"rendered":"<p>Lunes 10 de julio de 2023<\/p>\n<p>Presentamos los deliciosos panes mensuales de RICH Kobo, una panader\u00eda reci\u00e9n horneada dirigida por la NPO Akarui Nouhou (Director Representante: Takebayashi Yumiko).<\/p>\n<h2>Fecha de venta de julio (15)<\/h2>\n<p>Las ventas se realizar\u00e1n 15 veces en julio: martes (4, 11, 18, 25), jueves (6), s\u00e1bados (1, 8, 15, 22, 29) y domingos (2, 9, 16, 23, 30).<\/p>\n<p>Puedes recogerlo en tienda o reservarlo para entrega a domicilio. La oferta empieza a las 10:00 y termina hasta agotar existencias.<\/p>\n<figure class=\"wp-caption aligncenter\"><a href=\"https:\/\/photos.google.com\/share\/AF1QipNe89azk6vF7OoUg4v0oPveG2aFE_WiW4jJXYbuVFJYO2kzOI8dkL8f_ltDJjBDjQ\/photo\/AF1QipPWSTsIGld_0CA29mB2F_Y2BIThqVPisa73VfU?key=M2FQT01QcEtFRXdfWFB1Q05RUi14ZWpXWTFVQUdR\" target=\"_blank\" rel=\"noopener\"><img decoding=\"async\" src=\"https:\/\/lh3.googleusercontent.com\/pw\/AIL4fc_wCaNVjy2maby7Tsj72S-Jos8ErBgrvetF8GyqISD-w6gQUnQqJekjhxzm8DhmesV4_hyqEC-pTD61z2CX_hXNRCPaBwJSo_YNQ4j9jOg7DMzx0tzp0gCYCXWGVSv0zNccn3NCPu0_61d-BGID-q5I=w1286-h1836-s-no?authuser=0\" width=\"1286\" height=\"1836\" alt=\"Fecha de venta de julio\" class=\"size-full\" \/><\/a><figcaption class=\"wp-caption-text\">Fecha de venta de julio<\/figcaption><\/figure>\n<h2>Men\u00fa del pan de julio<\/h2>\n<p>Las variedades incluyen mantequilla salada, pan de pasas, pan de frijoles con girasol, pan de crema, pan de mel\u00f3n, palito de queso dan\u00e9s, croissant de chocolate, pan de curry, rollo de salchicha de Viena, mini pan de molde, croissant de mantequilla fermentada, tarta de queso, pan de frijoles con calabaza, pan de queso con huevas de bacalao, pan de frijoles blancos, pastel de okara, rollo de huevo con tocino y esp\u00e1rragos, pan dan\u00e9s de jam\u00f3n y queso, pan holand\u00e9s con queso mentaiko, pastel de manzana, pastel de ar\u00e1ndanos, etc.<\/p>\n<figure class=\"wp-caption aligncenter\"><a href=\"https:\/\/photos.google.com\/share\/AF1QipNe89azk6vF7OoUg4v0oPveG2aFE_WiW4jJXYbuVFJYO2kzOI8dkL8f_ltDJjBDjQ\/photo\/AF1QipNGm4A3ji9N5XKUWHV5VmCJp9K295ccIkVyack?key=M2FQT01QcEtFRXdfWFB1Q05RUi14ZWpXWTFVQUdR\" target=\"_blank\" rel=\"noopener\"><img decoding=\"async\" src=\"https:\/\/lh3.googleusercontent.com\/pw\/AIL4fc_BUAyPEXNmfjIxCUx6qGa4kItKZX9r8jB1gI6g3vGbXNOXJgS6JXSZeLCIpy53QQL1bpo5VBFiA_ZAAO7fqmc00eWm9ISJmbOwnMJo1nifXZ9FhA6mKgWHbfHJjUbijt05imIxmqZ1R-tHUM3lhsQR=w1332-h1896-s-no?authuser=0\" width=\"1286\" height=\"1836\" alt=\"Fecha de venta de julio\" class=\"size-full\" \/><\/a><figcaption class=\"wp-caption-text\">Fecha de venta de julio<\/figcaption><\/figure>\n<h3>Los nuevos panes de este mes son el &quot;Pan dan\u00e9s de jam\u00f3n y queso&quot; y el &quot;Pan holand\u00e9s con queso mentaiko&quot;.<\/h3>\n<figure class=\"wp-caption aligncenter\"><a href=\"https:\/\/photos.google.com\/share\/AF1QipNe89azk6vF7OoUg4v0oPveG2aFE_WiW4jJXYbuVFJYO2kzOI8dkL8f_ltDJjBDjQ\/photo\/AF1QipPVCiggTt1emooEe9Nbgpzv2BjAiGcbxE4Qs1A?key=M2FQT01QcEtFRXdfWFB1Q05RUi14ZWpXWTFVQUdR\" target=\"_blank\" rel=\"noopener\"><img decoding=\"async\" src=\"https:\/\/lh3.googleusercontent.com\/pw\/AIL4fc8GBnPT3jjA3Iq0VsBExdUHRtMkL396LMq-VTVAQ6BbvFoYdA8rnm0AXBMM4Gbboajf8LrLngEzCUAivtI-2J-tUAAyzM-ETIRbuhpkUOiVT03toLiA6RrJen5UfVPbho7ONxGv9RBQTYeGPROzViVN=w2000-h1500-s-no?authuser=0\" width=\"2000\" height=\"1500\" alt=\"Panes reci\u00e9n lanzados: &quot;Pan dan\u00e9s de jam\u00f3n y queso&quot; y &quot;Pan holand\u00e9s con queso mentaiko&quot;\" class=\"size-full\" \/><\/a><figcaption class=\"wp-caption-text\">Panes reci\u00e9n lanzados: &quot;Pan dan\u00e9s de jam\u00f3n y queso&quot; y &quot;Pan holand\u00e9s con queso mentaiko&quot;<\/figcaption><\/figure>\n<h4>dan\u00e9s de jam\u00f3n y queso<\/h4>\n<p>El pastel dan\u00e9s de jam\u00f3n y queso est\u00e1 elaborado con masa de hojaldre danesa que envuelve el relleno de jam\u00f3n y queso perfectamente combinado, y la cobertura de queso granulado agrega un sabor nuevo y crujiente.<\/p>\n<figure class=\"wp-caption aligncenter\"><a href=\"https:\/\/photos.google.com\/share\/AF1QipNe89azk6vF7OoUg4v0oPveG2aFE_WiW4jJXYbuVFJYO2kzOI8dkL8f_ltDJjBDjQ\/photo\/AF1QipPvMudTWmMEOQjIL32MtZD1bSRDzvT0i0avms8?key=M2FQT01QcEtFRXdfWFB1Q05RUi14ZWpXWTFVQUdR\" target=\"_blank\" rel=\"noopener\"><img decoding=\"async\" src=\"https:\/\/lh3.googleusercontent.com\/pw\/AIL4fc_eegXWrI3QbF42aeRkLLky7E7fYKg6yl7JFRFG-hoY8mxRU7zyPfCwBoLt-yQA8pX3DJoPYqbYM0qYa2wreJxrKpUCYtTnhx1IipWMTJp-_JKB4hWtNsjeYsNwSiWP-amvJqOthZy2XIlMsjFj0p2m=w2000-h1500-s-no?authuser=0\" width=\"2000\" height=\"1500\" alt=\"\u00a1Jam\u00f3n y queso derretidos!\" class=\"size-full\" \/><\/a><figcaption class=\"wp-caption-text\">\u00a1Jam\u00f3n y queso derretidos!<\/figcaption><\/figure>\n<h4>Pan holand\u00e9s con queso mentaiko<\/h4>\n<p>El pan holand\u00e9s con queso mentaiko es cremoso con queso crema mentaiko y la cobertura holandesa encima es suave y masticable.<\/p>\n<figure class=\"wp-caption aligncenter\"><a href=\"https:\/\/photos.google.com\/share\/AF1QipNe89azk6vF7OoUg4v0oPveG2aFE_WiW4jJXYbuVFJYO2kzOI8dkL8f_ltDJjBDjQ\/photo\/AF1QipOA1uWqU7Pn3U_VsfEFEZIim38gAkr6lP9gbso?key=M2FQT01QcEtFRXdfWFB1Q05RUi14ZWpXWTFVQUdR\" target=\"_blank\" rel=\"noopener\"><img decoding=\"async\" src=\"https:\/\/lh3.googleusercontent.com\/pw\/AIL4fc8zUBe_0k0bYxD-TLpgCavMGDTYGJzORZIPI9gofH2ojx3jGjuJei8f5_UZbAKv1_kpQnEg_1MTwVPyNjYx8Exmp9efUQ2XjZg4tXKLSss1NkKOUo4ZU3PptwkvMFmvQhikMCgTKBfvMVGGivTGAg2_=w2000-h1500-s-no?authuser=0\" width=\"2000\" height=\"1500\" alt=\"Pan holand\u00e9s con queso mentaiko\" class=\"size-full\" \/><\/a><figcaption class=\"wp-caption-text\">Pan holand\u00e9s con queso mentaiko<\/figcaption><\/figure>\n<h2>El almuerzo de hoy<\/h2>\n<h3>Croissant de mantequilla fermentada<\/h3>\n<p>\u00a1Disfruta de una ensalada de patatas intercalada entre croissants de mantequilla fermentada!<\/p>\n<figure class=\"wp-caption aligncenter\"><a href=\"https:\/\/photos.google.com\/share\/AF1QipNe89azk6vF7OoUg4v0oPveG2aFE_WiW4jJXYbuVFJYO2kzOI8dkL8f_ltDJjBDjQ\/photo\/AF1QipPneGXfwPexiTGLLek8QRk_K3AUclPrXUBcCrA?key=M2FQT01QcEtFRXdfWFB1Q05RUi14ZWpXWTFVQUdR\" target=\"_blank\" rel=\"noopener\"><img decoding=\"async\" src=\"https:\/\/lh3.googleusercontent.com\/pw\/AIL4fc8bGNeh_8qkcr2ti1RFd0qH6w2LHBgs7NdE-rHiRRXKsqImiGwmfHW731dxNlEiRNizGih6z0hn-82FvTAMSE1guX4UnP_aXTRuQk6SLiiop3b3lMOrHohtr6cX9fNqIHwz7nIGxmrNSd4WA--l7qtu=w2000-h1500-s-no?authuser=0\" width=\"2000\" height=\"1500\" alt=\"\u00a1S\u00e1ndwich de patata con croissant de mantequilla fermentada!\" class=\"size-full\" \/><\/a><figcaption class=\"wp-caption-text\">\u00a1S\u00e1ndwich de patata con croissant de mantequilla fermentada!<\/figcaption><\/figure>\n<h3>beber<\/h3>\n<p>\u00a1La bebida es &quot;Kiwi &amp; Cherry Tomato Squash&quot;, que es fresca, burbujeante y refrescante!<\/p>\n<figure class=\"wp-caption aligncenter\"><a href=\"https:\/\/photos.google.com\/share\/AF1QipNe89azk6vF7OoUg4v0oPveG2aFE_WiW4jJXYbuVFJYO2kzOI8dkL8f_ltDJjBDjQ\/photo\/AF1QipNl-1PIXWV-ABMJ8gRVdN29B83WvOA7W85x9zE?key=M2FQT01QcEtFRXdfWFB1Q05RUi14ZWpXWTFVQUdR\" target=\"_blank\" rel=\"noopener\"><img decoding=\"async\" src=\"https:\/\/lh3.googleusercontent.com\/pw\/AIL4fc8kMVIK6trFdPvjsstqne-DJ4apkepzNsD_iK-FUIaKWSSQwXog1svqIcxYY15_J-Af7z_V7tvvH2ZJ-9tXjp5ckhMXYlGB17Pg-pYOOFS8dJQZK6QzWU0Ow9djMoa8XYlZtL0h6GljQo3TenMXGJfx=w2000-h1500-s-no?authuser=0\" width=\"2000\" height=\"1500\" alt=\"\u00a1Calabaza kiwi!\" class=\"size-full\" \/><\/a><figcaption class=\"wp-caption-text\">\u00a1Calabaza kiwi!<\/figcaption><\/figure>\n<h3>ensalada<\/h3>\n<p>La ensalada que acompa\u00f1a es ensalada de patatas (pepino, zanahoria, pasas) con lechuga, tomates cherry y pepino para prevenir la fatiga del verano.<\/p>\n<figure class=\"wp-caption aligncenter\"><a href=\"https:\/\/photos.google.com\/share\/AF1QipNe89azk6vF7OoUg4v0oPveG2aFE_WiW4jJXYbuVFJYO2kzOI8dkL8f_ltDJjBDjQ\/photo\/AF1QipN6Ov_W9MZoGj9f9_Igk47pgZDOOm04rCdNlUk?key=M2FQT01QcEtFRXdfWFB1Q05RUi14ZWpXWTFVQUdR\" target=\"_blank\" rel=\"noopener\"><img decoding=\"async\" src=\"https:\/\/lh3.googleusercontent.com\/pw\/AIL4fc8GUO2OCHDHEEs0F3iy0EM8HHBCr0QDZR8eWpbPxGB08yVNZINuNm1NiW7tR0COlGthteloVmFT3-PGm6-pvFPguLFNkUfER9t0GFv0oauHtGMBWGc5beLEY-hKNggFqd-RP4OsHB5fc_Llzu0sl1fI=w2000-h1500-s-no?authuser=0\" width=\"2000\" height=\"1500\" alt=\"Ensalada de papa (con tomates cherry, pepino y lechuga)\" class=\"size-full\" \/><\/a><figcaption class=\"wp-caption-text\">Ensalada de papa (con tomates cherry, pepino y lechuga)<\/figcaption><\/figure>\n<p>\u00a1Disfruta del delicioso pan Rich Kobo y supera el caluroso verano!<\/p>\n<figure class=\"wp-caption aligncenter\"><a href=\"https:\/\/photos.google.com\/share\/AF1QipNe89azk6vF7OoUg4v0oPveG2aFE_WiW4jJXYbuVFJYO2kzOI8dkL8f_ltDJjBDjQ\/photo\/AF1QipOAErJEL6Hpg8h1lAk2w7IzlQHm-SGNcbmkY6s?key=M2FQT01QcEtFRXdfWFB1Q05RUi14ZWpXWTFVQUdR\" target=\"_blank\" rel=\"noopener\"><img decoding=\"async\" src=\"https:\/\/lh3.googleusercontent.com\/pw\/AIL4fc8bWKO88No9RSMmWgfM2sFxa7OqWBD00r52v_40Q9lv3WOk1j1ffHc0RWh2-PYe2JwUG6dzrXLWGd5M2UXTPQct70Y9sFBr5OX7sXheMsBg3pZJA9xY7xvZvrIBqdxfm2cwpnKCIjUobsKuLASr4zC2=w2000-h1500-s-no?authuser=0\" width=\"2000\" height=\"1500\" alt=\"\u00a1Rico pan Kobo para julio!\" class=\"size-full\" \/><\/a><figcaption class=\"wp-caption-text\">\u00a1Rico pan Kobo para julio!<\/figcaption><\/figure>\n<h2>Art\u00edculos relacionados<\/h2>\n<div class=\"img-move\">\n<div class=\"sitecard\">\n<div class=\"sitecard__subtitle\"> RICH Kobo (ONG agr\u00edcola Akarui)<\/div>\n<div class=\"column column-273\">\n<div class=\"column__item\"><a href=\"https:\/\/portal.hokuryu.info\/es\/category\/org\/akaruinoho\/richworkshop\/\" target=\"_blank\" rel=\"noopener\"><b style=\"font-size:large\">ONG Bright Farming<\/b><\/a><br \/>\n<span style=\"font-size:11pt\">Nos gustar\u00eda presentarles el delicioso pan de RICH Kobo, una panader\u00eda reci\u00e9n horneada dirigida por la NPO Akarui Noho (Director Representante: Takebayashi Yumiko).<\/span><br \/>\n<span style=\"color: #ff9900;\">\u25b6<\/span> <a href=\"https:\/\/portal.hokuryu.info\/es\/category\/org\/akaruinoho\/richworkshop\/\" target=\"_blank\" rel=\"noopener\"><b style=\"font-size:large\">Lea el art\u00edculo sobre las ventas de pan de RICH Kobo aqu\u00ed &gt;&gt;<\/b><\/div>\n<div class=\"column__item\"><img decoding=\"async\" src=\"https:\/\/portal.hokuryu.info\/wp\/wp-content\/uploads\/2023\/04\/2023-04-05-7.29.08.jpg\" alt=\"Fotos de pan de RICH Kobo\" style=\"border:solid 1px blue\" height=\"150\"\/><\/a><\/div>\n<\/div>\n<\/div>\n<\/div>\n<p>\u25c7 Entrevista y texto: Ikuko Terauchi (Asistencia de fotograf\u00eda y edici\u00f3n: Noboru Terauchi)<\/p>","protected":false},"excerpt":{"rendered":"<p>\uff12\uff10\uff12\uff13\u5e74\uff17\u6708\uff11\uff10\u65e5\uff08\u6708\uff09 \uff2e\uff30\uff2f\u6cd5\u4eba\u3042\u304b\u308b\u3044\u8fb2\u6cd5\uff08\u7af9\u6797\u7531\u7f8e\u5b50 \u4ee3\u8868\u7406\u4e8b\uff09\u306e\u713c\u304d\u305f\u3066\u30d1\u30f3\u5c4b\u3055\u3093\u300c\uff32\uff29\uff23\uff28\u5de5\u623f\u300d\u6708\u306e\u7f8e\u5473\u3057\u3044\u30d1\u30f3\u306e\u3054\u7d39\u4ecb\u3067\u3059\u3002 \uff17\u6708\u8ca9\u58f2\u65e5\uff08\uff11\uff15\u56de\uff09 \uff17\u6708\u306e\u8ca9\u58f2\u306f\u3001\u706b\u66dc\u65e5\uff08\uff14\u65e5\u30fb\uff11\uff11\u65e5\u30fb [&hellip;]<\/p>\n","protected":false},"author":1,"featured_media":34629,"comment_status":"open","ping_status":"open","sticky":false,"template":"","format":"standard","meta":{"footnotes":""},"categories":[4,63,53],"tags":[],"class_list":["post-34618","post","type-post","status-publish","format-standard","has-post-thumbnail","hentry","category-cover-story","category-richworkshop","category-akaruinoho"],"_links":{"self":[{"href":"https:\/\/portal.hokuryu.info\/es\/wp-json\/wp\/v2\/posts\/34618","targetHints":{"allow":["GET"]}}],"collection":[{"href":"https:\/\/portal.hokuryu.info\/es\/wp-json\/wp\/v2\/posts"}],"about":[{"href":"https:\/\/portal.hokuryu.info\/es\/wp-json\/wp\/v2\/types\/post"}],"author":[{"embeddable":true,"href":"https:\/\/portal.hokuryu.info\/es\/wp-json\/wp\/v2\/users\/1"}],"replies":[{"embeddable":true,"href":"https:\/\/portal.hokuryu.info\/es\/wp-json\/wp\/v2\/comments?post=34618"}],"version-history":[{"count":0,"href":"https:\/\/portal.hokuryu.info\/es\/wp-json\/wp\/v2\/posts\/34618\/revisions"}],"wp:featuredmedia":[{"embeddable":true,"href":"https:\/\/portal.hokuryu.info\/es\/wp-json\/wp\/v2\/media\/34629"}],"wp:attachment":[{"href":"https:\/\/portal.hokuryu.info\/es\/wp-json\/wp\/v2\/media?parent=34618"}],"wp:term":[{"taxonomy":"category","embeddable":true,"href":"https:\/\/portal.hokuryu.info\/es\/wp-json\/wp\/v2\/categories?post=34618"},{"taxonomy":"post_tag","embeddable":true,"href":"https:\/\/portal.hokuryu.info\/es\/wp-json\/wp\/v2\/tags?post=34618"}],"curies":[{"name":"wp","href":"https:\/\/api.w.org\/{rel}","templated":true}]}}