{"id":3412,"date":"2020-07-06T07:02:23","date_gmt":"2020-07-05T22:02:23","guid":{"rendered":"https:\/\/portal.hokuryu.info\/?p=3412"},"modified":"2023-01-27T08:44:31","modified_gmt":"2023-01-26T23:44:31","slug":"post-3412","status":"publish","type":"post","link":"https:\/\/portal.hokuryu.info\/es\/3412\/","title":{"rendered":"Isao Hoshiba (de Hokuryu, Hokkaido) Una vida cuidando a personas con demencia de aparici\u00f3n temprana"},"content":{"rendered":"<p>Lunes 6 de julio de 2020<\/p>\n<p>El martes 30 de junio, Isao Hoshiba (81 a\u00f1os), quien se desempe\u00f1\u00f3 como voluntario de cooperaci\u00f3n para la revitalizaci\u00f3n local en la ciudad de Hokuryu, complet\u00f3 su asignaci\u00f3n de tres a\u00f1os. Conversamos con \u00e9l sobre sus actividades hasta la fecha, incluyendo la Asociaci\u00f3n de Familias con Demencia de Inicio Temprano.<\/p>\n<h2>Actividades de revitalizaci\u00f3n regional\/actividades nacionales<\/h2>\n<h3>Diversas actividades para revitalizar la comunidad local<\/h3>\n<p>De 2017 a 2020, Isao Hoshiba trabaj\u00f3 arduamente como promotor comunitario de demencia en la ciudad de Hokuryu, director de la organizaci\u00f3n sin fines de lucro Bright Farming, actividades de apoyo para el Centro de Apoyo Comunitario y actividades de apoyo laboral para personas con discapacidades.<\/p>\n<p>Desde que finaliz\u00f3 su mandato como miembro del Equipo de Apoyo a la Revitalizaci\u00f3n Regional en julio de 2020, ha continuado trabajando como voluntario como coordinador de soporte vital en la ciudad de Hokuryu, director de la organizaci\u00f3n sin fines de lucro Bright Farming, apoyando actividades en el Centro de Apoyo Comunitario y actividades de apoyo laboral para personas con discapacidades.<\/p>\n<h3>Actividades a nivel nacional relacionadas con la demencia de aparici\u00f3n temprana<\/h3>\n<p>Adem\u00e1s, actualmente ocupa varios puestos simult\u00e1neos en Tokio, entre ellos, asesor de la Asociaci\u00f3n Hoshinokai para Familias de Personas con Demencia de Inicio Temprano (sede: Tokio), director del Centro de Apoyo a la Demencia de Inicio Temprano de la ONG (sede: Tokio) y director del Centro de la Red de Bienestar Ikiiki de la ONG (sede: Tokio). Tambi\u00e9n ha viajado por todo el pa\u00eds para dar conferencias.<\/p>\n<p>*&quot;Ikiki*Gakudai&quot; es el primer centro de apoyo en Jap\u00f3n especializado en demencia de inicio temprano y disfunci\u00f3n cerebral avanzada, gestionado por la ONG Ikiki Welfare Network Center. Ofrece programas especializados adaptados a j\u00f3venes, impartidos por personal especializado en rehabilitaci\u00f3n cognitiva.<\/p>\n<h2>La vida de Isao Hoshiba.<\/h2>\n<p>Isao Hoshiba conoci\u00f3 la Asociaci\u00f3n de Familias con Demencia de Inicio Temprano cuando a su esposa, Yoshiko, le diagnosticaron la enfermedad de Pigg a los 60 a\u00f1os. Desde que se convirti\u00f3 en representante de la Asociaci\u00f3n de Familias con Demencia de Inicio Temprano, Saisei no Kai, en 2006, ha seguido brindando apoyo a personas con demencia y sus familias. Adem\u00e1s, como director de diversas organizaciones en Tokio, tambi\u00e9n participa en la reubicaci\u00f3n de personas con demencia de inicio temprano y sus familias en la ciudad de Hokuryu, adem\u00e1s de brindar apoyo laboral.<\/p>\n<p><center><figure class=\"wp-caption aligncenter\"><a href=\"https:\/\/photos.google.com\/share\/AF1QipOn4ZktycaRv2TILNIWSmy8nx9pfs6_Ahw9jIMQbB69RVK0geViU41GquS2O8a96Q\/photo\/AF1QipMyBMbBSi1BHi39nWUTmvnA6QdyXhxQ_GTOBk8?key=TFY3NWMtX19WSXA5MjBiR2dITXVjWDFqR01SSXlR\" target=\"_blank\" rel=\"noopener noreferrer\"><img decoding=\"async\" src=\"https:\/\/lh3.googleusercontent.com\/pw\/ACtC-3djUHI52LXizNZ0BxSS3Q1sjtVIJvTXhdJC2wX5gI5MOMQUUhXjn90gav8hThuqZ6ZOeRAorLPPfoPZJ8b2dI_8zw8i9oeixvtQlMvIkPKhgOKUKXQ8ttxLZXMKfk1IAbC5LyzP7dHl_RpRBsmBkKPk=w2000-h1332-no?authuser=0\" width=\"1998\" height=\"1332\" alt=\"Isao Hoshiba (81 a\u00f1os)\" class=\"size-medium\" \/><\/a><figcaption class=\"wp-caption-text\">Isao Hoshiba (81 a\u00f1os)<\/figcaption><\/figure><\/center><\/p>\n<h3>ni\u00f1o\/adolescente<\/h3>\n<p>Isao Hoshiba, de 81 a\u00f1os, naci\u00f3 en 1939 (Showa 14). Es originario de la ciudad de Hokuryu y asisti\u00f3 a la Escuela Primaria Shinryu, la Escuela Secundaria Hokuryu y la Escuela Secundaria Fukagawa Higashi. Durante sus a\u00f1os de secundaria, vivi\u00f3 en una residencia estudiantil en la ciudad de Fukagawa.<\/p>\n<h4>Mi familia tiene una tienda de tofu.<\/h4>\n<p>Creci\u00f3 como el cuarto hijo de nueve hermanos (seis varones y tres mujeres) de su padre, Hoshiba Rinzo, y su madre, Matsue. Su familia regentaba una tienda de tofu en la ciudad de Hokuryu, que tambi\u00e9n contaba con un punto de venta del peri\u00f3dico Hokkai Times. Su padre era empleado de los Ferrocarriles Nacionales Japoneses (oficial de mantenimiento de v\u00edas) y posteriormente trabaj\u00f3 en el negocio de autobuses de carb\u00f3n. &quot;La vida era dura, pero desde peque\u00f1o, no recuerdo que ninguno de mis hermanos fuera rega\u00f1ado por nuestros padres&quot;, dice Hoshiba, refiri\u00e9ndose a la grandeza de su padre.<\/p>\n<h4>A\u00f1os de escuela primaria, secundaria y preparatoria<\/h4>\n<p>Reparti\u00f3 peri\u00f3dicos durante seis a\u00f1os en la escuela primaria, jug\u00f3 baloncesto en la escuela secundaria y disfrutaba patinar en una pista de patinaje cercana en la escuela secundaria.<\/p>\n<p>Tras graduarse de la preparatoria, plane\u00f3 ingresar a la Escuela T\u00e9cnica Nacional de Ferrocarriles en Ikebukuro, Tokio, pero antes de su ceremonia de graduaci\u00f3n, sufri\u00f3 de apendicitis y fue operado. No pudo asistir a la ceremonia y, debido a diversas circunstancias, desisti\u00f3 de matricularse.<\/p>\n<h3>Era del mayorista de kimonos (Tokio)<\/h3>\n<h4>Aprendiz en una tienda mayorista de kimonos<\/h4>\n<p>En 1957 (Showa 32), a los 18 a\u00f1os, se mud\u00f3 a Tokio. Un compa\u00f1ero de guerra del padre de un amigo de su hermano mayor regentaba una tienda mayorista de kimonos en Tokio, y gracias a su recomendaci\u00f3n, consigui\u00f3 un puesto de aprendiz interno en Ishikawa Shoten Co., Ltd., una tienda mayorista de kimonos ubicada en Kofunacho, Nihonbashi, Tokio, cerca de Nihonbashi Mitsukoshi. Desafortunadamente, la empresa quebr\u00f3 al cabo de un a\u00f1o. Regres\u00f3 a su ciudad natal por unos d\u00edas, pero pronto regres\u00f3 a Tokio.<\/p>\n<p>Su padre siempre le hab\u00eda dicho: &quot;Tienes que tener paciencia y trabajar en un trabajo durante tres d\u00edas, tres meses o tres a\u00f1os&quot;, as\u00ed que sigui\u00f3 fielmente su consejo y decidi\u00f3 regresar a Tokio y continuar trabajando en el mayorista de kimonos.<\/p>\n<h4>10 a\u00f1os en un mayorista de kimonos<\/h4>\n<p>La empresa pas\u00f3 de ser una sociedad an\u00f3nima a una sociedad limitada, y el n\u00famero de empleados se redujo a 10, pero sigui\u00f3 existiendo. Cargaba los rollos de tela en mi scooter y visitaba a mis clientes habituales en Yokohama y Kita-Senju, vendi\u00e9ndolos yo mismo. Gracias a eso, aprend\u00ed el oficio r\u00e1pidamente y mis clientes me apreciaron durante 10 a\u00f1os.<\/p>\n<h4>Casado con Yoshiko<\/h4>\n<p>En 1960 (Showa 35), a los 21 a\u00f1os, se cas\u00f3 con Yoshiko, una compa\u00f1era de alto rango en el mismo lugar de trabajo. Comenzaron su vida matrimonial en una habitaci\u00f3n de seis tatamis en un apartamento en la ciudad de Tsurumi, propiedad de un cliente que los trataba como familia. Yoshiko cuid\u00f3 de la familia sin una sola queja. Su primera hija naci\u00f3 en 1962 (Showa 37) y su segunda en 1967 (Showa 42).<\/p>\n<p><center><figure class=\"wp-caption aligncenter\"><a href=\"https:\/\/photos.google.com\/share\/AF1QipOn4ZktycaRv2TILNIWSmy8nx9pfs6_Ahw9jIMQbB69RVK0geViU41GquS2O8a96Q\/photo\/AF1QipMcTNQ88vATp72gfScdiCq2u3W_bGA1H-Paiyw?key=TFY3NWMtX19WSXA5MjBiR2dITXVjWDFqR01SSXlR\"><img decoding=\"async\" src=\"https:\/\/lh3.googleusercontent.com\/pw\/ACtC-3cMh6SHVVA_sTCge4rTZU56eHFlxwkvGrsIXEIpqIfPJ95rS1hKmGbyr5O2pmcSWpfVGHSm3i6gppDCPa9qSUAsJu9UzDYUqWuqzpGUy9Nd4DxF_oUXA2zpU8kYwr0n0XK81ujxrkAvv2q9FU2hx8tC=w2000-h1332-no?authuser=0\" width=\"1998\" height=\"1332\" alt=\"La pareja en su juventud\" class=\"size-medium\" \/><\/a><figcaption class=\"wp-caption-text\">La pareja cuando eran j\u00f3venes (Foto proporcionada por Isao Hoshiba)<\/figcaption><\/figure><\/center><\/p>\n<p><center><figure class=\"wp-caption aligncenter\"><a href=\"https:\/\/photos.google.com\/share\/AF1QipOn4ZktycaRv2TILNIWSmy8nx9pfs6_Ahw9jIMQbB69RVK0geViU41GquS2O8a96Q\/photo\/AF1QipNjTaCE-Gw_6zc16YIY7UvTW67LslQ2TXdFc6s?key=TFY3NWMtX19WSXA5MjBiR2dITXVjWDFqR01SSXlR\"><img decoding=\"async\" src=\"https:\/\/lh3.googleusercontent.com\/pw\/ACtC-3fYsk6fVWSTj-DsTKiCRD6V6_-dcxj4RMBEGm_e8WLqPyNXqFOVedeM3hU7azVgO24PUKyAQ2nmO4Buqwg4zmGNhMXLo2cTGAiexKb3kh1dOGaKMoYWm9Y_TdVrOefE15oYWrbX11DfZypWDb3t5FG4=w2000-h1332-no?authuser=0\" width=\"1998\" height=\"1332\" alt=\"Recuerdos nost\u00e1lgicos de ustedes dos.\" class=\"size-medium\" \/><\/a><figcaption class=\"wp-caption-text\">Recuerdos nost\u00e1lgicos de ustedes dos.<\/figcaption><\/figure><\/center><\/p>\n<p><center><figure class=\"wp-caption aligncenter\"><a href=\"https:\/\/photos.google.com\/share\/AF1QipOn4ZktycaRv2TILNIWSmy8nx9pfs6_Ahw9jIMQbB69RVK0geViU41GquS2O8a96Q\/photo\/AF1QipNzGrsrvFMSiYF5N4I_dH04zw7P-718QySiors?key=TFY3NWMtX19WSXA5MjBiR2dITXVjWDFqR01SSXlR\"><img decoding=\"async\" src=\"https:\/\/lh3.googleusercontent.com\/pw\/ACtC-3dpWDMPYXV8TBcKcGOWleUqWefFcquqlWcCWVzGwJsQ9JpaptVRWiIZpEWklx_aw69s3L9RdhGJOi-11QHthvZZBHyPXp4h4fRMe1yjs55vAFiXQoQ-xrV4WHTBUm1DXoa98Y4jKtH_nY9BuWliA6s1=w2000-h1332-no?authuser=0\" width=\"1998\" height=\"1332\" alt=\"\u00a1Con tus nietos y familia!\" class=\"size-medium\" \/><\/a><figcaption class=\"wp-caption-text\">\u00a1Con su nieto y su familia! (Foto cortes\u00eda de Isao Hoshiba)<\/figcaption><\/figure><\/center><\/p>\n<h3>Se independiz\u00f3 y fund\u00f3 Asahi San-ei Co., Ltd.<\/h3>\n<p>En 1967 (Showa 42), a los 28 a\u00f1os, se independiz\u00f3 y en 1968 (Showa 43) fund\u00f3 Asahi San-ei Co., Ltd. (Asahigaoka, Nerima Ward) y se convirti\u00f3 en su presidente. Logr\u00f3 obtener un pr\u00e9stamo excepcional de un cliente, e incluso se le permiti\u00f3 usar el primer piso de su apartamento como oficina.<\/p>\n<p>Cuando comenc\u00e9 a trabajar, viv\u00eda en el complejo de viviendas p\u00fablicas Toyoshikidai en la ciudad de Kashiwa, prefectura de Chiba, y desde all\u00ed viajaba diariamente al barrio de Nerima.<\/p>\n<h4>Se inaugura la Galer\u00eda Kimono Yawara<\/h4>\n<p>En 1990 (Showa 65), se inaugur\u00f3 la Galer\u00eda Kimono Yawara en el distrito de Nerima. Se alquil\u00f3 un edificio de tres plantas: la segunda planta se utiliz\u00f3 como oficina de Asahi Sanei Co., Ltd., la tercera como espacio mayorista y la primera, como espacio social y la Galer\u00eda Kimono Yawara. La empresa se vendi\u00f3 a otra persona y sigue en activo.<\/p>\n<p><center><figure class=\"wp-caption aligncenter\"><a href=\"https:\/\/photos.google.com\/share\/AF1QipOn4ZktycaRv2TILNIWSmy8nx9pfs6_Ahw9jIMQbB69RVK0geViU41GquS2O8a96Q\/photo\/AF1QipPPsGHE-EY-Cmh0fEQy8tbBko5zPF6CVao1Kw8?key=TFY3NWMtX19WSXA5MjBiR2dITXVjWDFqR01SSXlR\" target=\"_blank\" rel=\"noopener noreferrer\"><img decoding=\"async\" src=\"https:\/\/lh3.googleusercontent.com\/pw\/ACtC-3e1EIMXWypVctf6TUex1bZ-EXuxcRVgX1JN1pp8GW2k_gmUVoWlEcX-v-lD1hXwRGtGlndVbIfXzOGYGG-9IBW_88bqMj9Mq0zmF_QUK0RsgS-G2DceefRwpODrVux-JikPfiBP3t9endz8cGR_ptuD=w1249-h874-no?authuser=0\" width=\"1998\" height=\"1332\" alt=\"Galer\u00eda de kimonos Yawara\" class=\"size-medium\" \/><\/a><figcaption class=\"wp-caption-text\">Galer\u00eda de Kimonos Yawara (Foto: Google Maps)<\/figcaption><\/figure><\/center><\/p>\n<h4>Exposici\u00f3n de Maestros Artesanos del Te\u00f1ido y el Tejido<\/h4>\n<p>En diciembre de 1996, el Museo de Arte de Nerima present\u00f3 una exposici\u00f3n de obras de maestros del te\u00f1ido y el tejido. La exposici\u00f3n incluy\u00f3 60 obras de estos maestros, incluyendo &quot;Amanecer&quot; de Shimura Fukumi, Tesoro Nacional Viviente. Todas las obras expuestas pertenec\u00edan a la colecci\u00f3n de Isao Hoshiba.<\/p>\n<p><center><figure class=\"wp-caption aligncenter\"><a href=\"https:\/\/photos.google.com\/share\/AF1QipOn4ZktycaRv2TILNIWSmy8nx9pfs6_Ahw9jIMQbB69RVK0geViU41GquS2O8a96Q\/photo\/AF1QipPGT-1xyHwZsDV_xo9kMSDBKJKeJCZ9Fyqgi7M?key=TFY3NWMtX19WSXA5MjBiR2dITXVjWDFqR01SSXlR\" target=\"_blank\" rel=\"noopener noreferrer\"><img decoding=\"async\" src=\"https:\/\/lh3.googleusercontent.com\/pw\/ACtC-3fkhh5A05ca3gpsoernAHFc-g52khHB8_q5XxfJvF0XDI5g2uYuIwNr__Exn2vbb126MYGsqtgTeUJ9WTYf5xHjHVO2IiUwcCirxWRQ6Yp56wDEyXV_jScdXOaSo2Foz4p8igumN-0lTCucOw3opP0K=w598-h897-no?authuser=0\" width=\"414\" alt=\"Exposici\u00f3n de Obras Maestras del Color y los Textiles\" class=\"size-medium\" \/><\/a><figcaption class=\"wp-caption-text\">Exposici\u00f3n de Obras Maestras del Color y los Textiles<\/figcaption><\/figure><\/center><\/p>\n<h3>Encuentro con la Terapia Morita &quot;Tal Como Es&quot;<\/h3>\n<p>Isao Hoshiba sufre desde los 50 a\u00f1os una enfermedad card\u00edaca neurol\u00f3gica relacionada con el estr\u00e9s causado por el exceso de trabajo y ha estado visitando un hospital universitario m\u00e9dico en Tokio durante un a\u00f1o.<\/p>\n<p>Durante esta \u00e9poca, un amigo me recomend\u00f3 un libro de terapia natural llamado Terapia Morita &quot;Vivir como es&quot;, y cuando prob\u00e9 esta terapia, mis s\u00edntomas mejoraron. Incluso despu\u00e9s, cada vez que sent\u00eda un dolor repentino en el coraz\u00f3n, respiraba lenta y profundamente (respiraci\u00f3n abdominal) repetidamente, y el dolor se desvanec\u00eda naturalmente y mis s\u00edntomas se aliviaban y calmaban.<\/p>\n<p>El enfoque &quot;tal cual&quot; en la terapia Morita implica dejar de intentar eliminar la ansiedad y los s\u00edntomas y cultivar una actitud de dejar las cosas como est\u00e1n. El objetivo principal es superar la neurosis (trastornos de ansiedad) cultivando una mentalidad de &quot;tal cual&quot;. (Fundaci\u00f3n Conmemorativa de Salud Mental Okamoto, Fundaci\u00f3n de Inter\u00e9s P\u00fablico Incorporado)<a href=\"https:\/\/www.mental-health.org\/morita.html\" rel=\"noopener noreferrer\" target=\"_blank\">Citado del sitio web<\/a>\uff09<\/p>\n<p>Tsuneo Okamoto, vicepresidente de Nichii Corporation, padec\u00eda neurosis, pero la super\u00f3 gracias a la terapia Morita. Bas\u00e1ndose en esta experiencia, fund\u00f3 la Fundaci\u00f3n Mental Okamoto Memorial, una fundaci\u00f3n de inter\u00e9s p\u00fablico, en 1988 (Showa 63) y se convirti\u00f3 en su presidente.<\/p>\n<p>Tsuneo Okamoto invirti\u00f3 su propio dinero para fundar la organizaci\u00f3n nacional &quot;Life Discovery Association&quot;. Se llevan a cabo actividades de apoyo mutuo para la salud mental basadas en la teor\u00eda de la psicoterapia Morita en todo el pa\u00eds.<a href=\"https:\/\/www.mental-health.org\/news_14.html\" rel=\"noopener noreferrer\" target=\"_blank\">P\u00e1gina de referencia aqu\u00ed &gt;&gt;<\/a>\uff09<\/p>\n<p><center><figure class=\"wp-caption aligncenter\"><a href=\"https:\/\/photos.google.com\/share\/AF1QipOn4ZktycaRv2TILNIWSmy8nx9pfs6_Ahw9jIMQbB69RVK0geViU41GquS2O8a96Q\/photo\/AF1QipP7oKh6-20etSzrZwF2UqdCcTSg1_ok3CCsEgM?key=TFY3NWMtX19WSXA5MjBiR2dITXVjWDFqR01SSXlR\" target=\"_blank\" rel=\"noopener noreferrer\"><img decoding=\"async\" src=\"https:\/\/lh3.googleusercontent.com\/pw\/ACtC-3f2NkkVLuxNIyZ5HDwpojpepgXz459OaY8yIFW_l2S1hCofb8RgZVYF7SdPUJzEzy6h4TvfmXktL8F8yFmDIOKxEdYlC1pkqrG_LMqWKp1ndZ3paYncIchUje2WFMs0tDW5JL74nzyMFr3LTFXzTgCT=w2000-h1332-no?authuser=0\" width=\"1998\" height=\"1332\" alt=\"El Sr. Hoshiba interact\u00faa sinceramente con familias con demencia.\" class=\"size-medium\" \/><\/a><figcaption class=\"wp-caption-text\">El Sr. Hoshiba interact\u00faa con sinceridad con familias con demencia (Foto cortes\u00eda del Sr. Isao Hoshiba)<\/figcaption><\/figure><\/center><\/p>\n<p>Su esposa, Yoshiko, continu\u00f3 trabajando en el mayorista de kimonos hasta que enferm\u00f3 en 1996 (Heisei 8).<\/p>\n<h2>Isao Hoshiba: Apoyo a personas con demencia de aparici\u00f3n temprana<\/h2>\n<h3>Su esposa, Yoshiko, desarrolla la enfermedad de Pick.<\/h3>\n<p>Nacido en Ryugasaki, Prefectura de Ibaraki en 1937 (Showa 12)<br \/>\nDiciembre de 1996 (Heisei 8), 59 a\u00f1os, desarroll\u00f3 un impedimento del habla.<br \/>\nEn enero de 1997, un cliente le se\u00f1al\u00f3 su lenguaje grosero en el trabajo, y acudi\u00f3 al hospital. Desde entonces y hasta diciembre de 1999, acudi\u00f3 al hospital una vez por semana para rehabilitaci\u00f3n del habla. Tambi\u00e9n visitaba otros hospitales de la facultad de medicina una vez al mes.<\/p>\n<p>&quot;Durante tres a\u00f1os, hasta que me diagnosticaron la enfermedad de Pick, rega\u00f1aba constantemente a mi esposa, dici\u00e9ndole: &#039;\u00bfPor qu\u00e9 no puedes hacer esto?&#039;, y me daba mucha pena. Esta dolorosa y dif\u00edcil experiencia me ha ayudado a ser m\u00e1s emp\u00e1tico con los sentimientos de quienes me rodean y a tratarlos con amabilidad en mis actividades posteriores&quot;, dice Hoshiba.<\/p>\n<p>En ese momento, fueron entrevistados por NHK sobre la demencia de aparici\u00f3n temprana, y Asahi Shimbun public\u00f3 un art\u00edculo serializado de una semana sobre c\u00f3mo la pareja cuidaba a su padre en ese momento.<\/p>\n<p><center><figure class=\"wp-caption aligncenter\"><a href=\"https:\/\/photos.google.com\/share\/AF1QipOn4ZktycaRv2TILNIWSmy8nx9pfs6_Ahw9jIMQbB69RVK0geViU41GquS2O8a96Q\/photo\/AF1QipMqtAWmSwtS-_KkhRB19o5qt67El-XJN4uSVo8?key=TFY3NWMtX19WSXA5MjBiR2dITXVjWDFqR01SSXlR\" target=\"_blank\" rel=\"noopener noreferrer\"><img decoding=\"async\" src=\"https:\/\/lh3.googleusercontent.com\/pw\/ACtC-3elRzIp7MzyhI5F4BAAvttHt_Ig3CdgnQXFxUdvvwo_AvrBUDwQqI2q5QC2J6n4zOwP41JaJWM7mGvYcMlrj9vL3kPedVaRWQB24K6r1euQ-BN7rr3HEm_eH_QnTRzVydkCqjb1Zt4y9Cg6_r--tK_3=w888-h1332-no?authuser=0\" width=\"414\" height=\"1332\" alt=\"Sr. Hoshiba, que cuida de Yoshiko, &quot;Josei Seven, agosto de 2005&quot;\" class=\"size-medium\" \/><\/a><figcaption class=\"wp-caption-text\">Sr. Hoshiba, que cuida de Yoshiko, &quot;Josei Seven, agosto de 2005&quot;<\/figcaption><\/figure><\/center><\/p>\n<p>En diciembre de 1999, le diagnosticaron la enfermedad de Pick. Los l\u00f3bulos frontal y temporal de su cerebro se hab\u00edan atrofiado y padec\u00eda afasia. Una trabajadora social recomend\u00f3 su traslado a un hospital especializado principalmente en psiquiatr\u00eda.<\/p>\n<p>En febrero de 2000, se desplom\u00f3 en la calle debido a la rigidez y fue hospitalizado al d\u00eda siguiente. Tras recibir el alta, intent\u00f3 encontrar un lugar donde vivir en varios centros, pero fue rechazado al informar que padec\u00eda la enfermedad de Pick. En mayo de ese mismo a\u00f1o, finalmente pudo ingresar en Musashinoen, un centro de salud geri\u00e1trico en la prefectura de Saitama.<\/p>\n<p>&quot;Todos en este centro fueron muy amables con nosotros. Los d\u00edas que Yoshiko pas\u00f3 en Musashinoen fueron probablemente los mejores de su vida&quot;, dijo el Sr. Hoshiba, agradeciendo la sincera respuesta del personal de Musashinoen.<\/p>\n<p>Despu\u00e9s de pasar tres meses en Musashinoen, en 2001 se traslad\u00f3 al hogar de ancianos especial para ancianos Oizumi del pabell\u00f3n Nerima. Desde entonces, ha sido ingresado y dado de alta repetidamente en el hogar de ancianos y en el centro m\u00e9dico.<\/p>\n<p><center><figure class=\"wp-caption aligncenter\"><a href=\"https:\/\/photos.google.com\/share\/AF1QipOn4ZktycaRv2TILNIWSmy8nx9pfs6_Ahw9jIMQbB69RVK0geViU41GquS2O8a96Q\/photo\/AF1QipMMT8KAiFv6JKJupeLelnqXGluOA_vTVj6GXaA?key=TFY3NWMtX19WSXA5MjBiR2dITXVjWDFqR01SSXlR\"><img decoding=\"async\" src=\"https:\/\/lh3.googleusercontent.com\/pw\/ACtC-3eOC4tGnKNewJN9L2bK3Tf5rMJULZOoPPPuH3l_XI9w1vLND63969boOeXaPzycUAjpi9SIxkmdTWA4u6cEKAko5Edd977jIKwh-uueE-PXySblpKSmdQs4dyM65jx02d1HDXpxgx-Kldc4owPFMFWA=w2000-h1332-no?authuser=0\" width=\"1998\" height=\"1332\" alt=\"El se\u00f1or Hoshiba sostiene la mano de Yoshiko mientras la cuida.\" class=\"size-medium\" \/><\/a><figcaption class=\"wp-caption-text\">El Sr. Hoshiba toma de la mano a Yoshiko mientras la cuida (Foto proporcionada por Isao Hoshiba)<\/figcaption><\/figure><\/center><\/p>\n<p><center><figure class=\"wp-caption aligncenter\"><a href=\"https:\/\/photos.google.com\/share\/AF1QipOn4ZktycaRv2TILNIWSmy8nx9pfs6_Ahw9jIMQbB69RVK0geViU41GquS2O8a96Q\/photo\/AF1QipMLlR8iBweEY0-ucv5_JrDGMQFE3grMJtjWFMQ?key=TFY3NWMtX19WSXA5MjBiR2dITXVjWDFqR01SSXlR\"><img decoding=\"async\" src=\"https:\/\/lh3.googleusercontent.com\/pw\/ACtC-3cpWt_JMsE1OQ8DRfT-E9hdwySxmZAwCk1MOQhndWBJAOiQHqFIl8SYb-p7nSusF-hsccDUujStAf1IT1bja9VLwcW8nwvTd66O0xuFx7eQ3i7LbL1cM8QGmY3YL_uMFUirLOs7S1w-7H9wK9ovZD1H=w2000-h1332-no?authuser=0\" width=\"1998\" height=\"1332\" alt=\"\u00a1Sost\u00e9n a tu nieto!\" class=\"size-medium\" \/><\/a><figcaption class=\"wp-caption-text\">\u00a1Sosteniendo a tu nieto! (Foto cortes\u00eda de Isao Hoshiba)<\/figcaption><\/figure><\/center><\/p>\n<p>El 28 de diciembre de 2006, Yoshiko falleci\u00f3 en paz y fue al cielo.<\/p>\n<p>En aquel entonces, los m\u00e9dicos cre\u00edan que la demencia era una enfermedad que solo pod\u00eda diagnosticarse mediante una autopsia. Por ello, el Sr. Hoshiba don\u00f3 el cuerpo (cerebro) de Yoshiko al centro m\u00e9dico como sujeto de investigaci\u00f3n. Dado que solo se iba a extirpar el cerebro, Yoshiko regres\u00f3 a casa esa noche con un rostro tranquilo y hermoso.<\/p>\n<h3>Actividades de la Asociaci\u00f3n Hoshinokai, una asociaci\u00f3n familiar para personas con demencia de aparici\u00f3n temprana<\/h3>\n<p>Isao Hoshiba conoci\u00f3 Saisei-no-Kai, un grupo para familias de personas con demencia de aparici\u00f3n temprana, despu\u00e9s de que a su esposa Yoshiko le diagnosticaran la enfermedad de Pick.<\/p>\n<p>Cuando asist\u00ed a la reuni\u00f3n, me di cuenta de que no estaba sola y no pod\u00eda contener las l\u00e1grimas. Conocer a familias que hab\u00edan pasado por la misma experiencia me hizo comprender c\u00f3mo se hab\u00edan abierto mis horizontes. Gracias a esta reuni\u00f3n, tuve la oportunidad de interactuar con otras familias y compartir mis diversas reflexiones con ellas, lo cual fue un gran est\u00edmulo para m\u00ed \u2014dijo Hoshiba\u2014.<\/p>\n<p><center><figure class=\"wp-caption alignnone\"><a href=\"https:\/\/photos.google.com\/share\/AF1QipOn4ZktycaRv2TILNIWSmy8nx9pfs6_Ahw9jIMQbB69RVK0geViU41GquS2O8a96Q\/photo\/AF1QipPurUViuyxTRDqL8nibsKFTnff1sE73nkDaTu8?key=TFY3NWMtX19WSXA5MjBiR2dITXVjWDFqR01SSXlR\" target=\"_blank\" rel=\"noopener noreferrer\"><img decoding=\"async\" src=\"https:\/\/lh3.googleusercontent.com\/pw\/ACtC-3cfLdP5HzVnhdmOJGNFmLDraDyMPr2nW03O06EXLOxL___oWRh_g364RiqZx09mR28QnEURYJKWzvkTRo2G58Evd0Kvfd4aVwEeFGwgxGTY37T5IYUPoUFgCV__gkznMqD8AEv3S4oX9U_yo8CBLsdY=w1038-h1332-no?authuser=0\" width=\"414\" alt=\"El joven Sr. Hoshiba de &quot;Croissant, marzo de 2004&quot;\" class=\"size-medium\" \/><\/a><figcaption class=\"wp-caption-text\">El joven Sr. Hoshiba de &quot;Croissant, marzo de 2004&quot;<\/figcaption><\/figure><\/center><\/p>\n<p>La Asociaci\u00f3n para Familias con Demencia de Inicio Temprano (antes conocida como Asociaci\u00f3n para Familias con Demencia de Inicio Temprano), Saisei no Kai, fue fundada en septiembre de 2001 (Heisei 13) por Kazuo Miyanaga, director del Centro de Salud Mental de la Prefectura de Gunma. El nombre Saisei no Kai se cre\u00f3 cambiando el car\u00e1cter de &quot;renacimiento&quot; (saisei), que significa renacimiento, por &quot;saisei&quot;, que significa &quot;estrellas de colores&quot;, y su prop\u00f3sito es transmitir el significado de una estrella llena de colores brillantes.<\/p>\n<p>En 2004, con la colaboraci\u00f3n de la directora Fumiko Makino y su personal, se abri\u00f3 una oficina en el Centro de la Red de Apoyo a Cuidadores de la ONG Aladdin (sede: Roppongi). Se celebraron diversos eventos los domingos impares, incluyendo reuniones regulares, charlas breves, reuniones familiares y fiestas con bebidas.<br \/>\n\u3000<\/p>\n<h4>Representante designado de Saisei-no-Kai, una asociaci\u00f3n familiar para personas con demencia de aparici\u00f3n temprana<\/h4>\n<p>En enero de 2006, Isao Hoshiba asumi\u00f3 el cargo de representante de la Asociaci\u00f3n Saisei, una asociaci\u00f3n de familias para personas con demencia de inicio temprano. Adem\u00e1s de participar en diversos comit\u00e9s, tambi\u00e9n se encarg\u00f3 de gestionar todos los asuntos relacionados con los medios de comunicaci\u00f3n y de responder a entrevistas.<\/p>\n<h4>Una conversaci\u00f3n con Ken Watanabe en el preestreno de la pel\u00edcula &quot;Memorias del ma\u00f1ana&quot;<\/h4>\n<p>En mayo de 2006, los miembros de Saisei no Kai fueron invitados a un preestreno de la pel\u00edcula &quot;Memorias del Ma\u00f1ana&quot;, y su charla con el actor Ken Watanabe se transmiti\u00f3 por televisi\u00f3n. Posteriormente, recibieron una amplia cobertura medi\u00e1tica, con cobertura en televisi\u00f3n, peri\u00f3dicos y revistas.<\/p>\n<figure class=\"wp-caption aligncenter\"><a href=\"https:\/\/photos.google.com\/share\/AF1QipOn4ZktycaRv2TILNIWSmy8nx9pfs6_Ahw9jIMQbB69RVK0geViU41GquS2O8a96Q\/photo\/AF1QipPrOTfNieMmSRPy8KfnKSJbBxZmh-OzI1kO590?key=TFY3NWMtX19WSXA5MjBiR2dITXVjWDFqR01SSXlR\"><img decoding=\"async\" src=\"https:\/\/lh3.googleusercontent.com\/pw\/ACtC-3fE9ZOoTcRCxexoY4OfNj1TONRH8gJf9RRbTg66owcCgwB0sljBWmMj4e3MVL8LELbjeZsGsb02db69-Xh7KYX6wN3Mo6dj3KDu0M02jhWGr4eZVvRpScN_McZKIpvgiao0zFhj1EnwZG1ADBzoQW48=w2000-h1332-no?authuser=0\" width=\"1998\" height=\"1332\" alt=\"\u00a1\u00a1\u00a1Junto con Ken Watanabe y los miembros de Kazokukai!!!\" class=\"size-medium\" \/><\/a><figcaption class=\"wp-caption-text\">\u00a1\u00a1\u00a1Junto con Ken Watanabe y otros miembros de la asociaci\u00f3n familiar!!! (Foto cortes\u00eda de Isao Hoshiba)<\/figcaption><\/figure>\n<p><center><iframe width=\"560\" height=\"315\" src=\"https:\/\/www.youtube.com\/embed\/5PjjGy9caww\" frameborder=\"0\" allow=\"accelerometer; autoplay; encrypted-media; gyroscope; picture-in-picture\" allowfullscreen><\/iframe><a href=\"https:\/\/youtu.be\/5PjjGy9caww\" rel=\"noopener noreferrer\" target=\"_blank\"><br \/>\nLa memoria del ma\u00f1ana (Avance) \u2013 YouTube<\/a><\/center><br \/>\n\u3000<br \/>\nEn marzo de 2006, se convirti\u00f3 en miembro del comit\u00e9 de investigaci\u00f3n del Ministerio de Salud, Trabajo y Bienestar sobre el estado actual de la demencia de aparici\u00f3n temprana y el establecimiento de una infraestructura de respuesta.<br \/>\n\u30fbEn 2008, se convirti\u00f3 en miembro del Subcomit\u00e9 de Apoyo a la Demencia de Aparici\u00f3n Temprana del Consejo de Promoci\u00f3n de Medidas para Combatir la Demencia del \u00c1rea Metropolitana de Tokio.<\/p>\n<h3>Establecimiento de un Centro de Apoyo a J\u00f3venes con Demencia (ONG)<\/h3>\n<p>En marzo de 2007, fund\u00f3 el Centro de Apoyo a J\u00f3venes con Demencia (ONG) y asumi\u00f3 su direcci\u00f3n. Con una subvenci\u00f3n del Ministerio de Salud, Trabajo y Bienestar Social, incorpor\u00f3 la funci\u00f3n de centro de apoyo a la participaci\u00f3n social, que inici\u00f3 sus operaciones en septiembre de ese mismo a\u00f1o.<\/p>\n<h4>Asociaci\u00f3n Nacional de Familias de Personas con Demencia de Inicio Temprano<\/h4>\n<p>Se han establecido asociaciones familiares para personas con demencia de aparici\u00f3n temprana en todo el pa\u00eds, incluidas la Asociaci\u00f3n Suzaku (ciudad de Nara, prefectura de Nara), la Asociaci\u00f3n Aito (arte) (ciudad de Osaka, prefectura de Osaka), la Asociaci\u00f3n Hokkaido Himawari (ciudad de Sapporo, Hokkaido), la Asociaci\u00f3n Familiar de Gunma para la Demencia de Aparici\u00f3n Temprana (ciudad de Maebashi, prefectura de Gunma) y la Asociaci\u00f3n Saisei (barrio de Shinjuku, Tokio).<\/p>\n<h2>Reubicaci\u00f3n de una familia con demencia de inicio temprano de Tokio a la ciudad de Hokuryu<\/h2>\n<h3>Reuni\u00f3n con la Dra. Kumiko Utsumi en el hospital de la ciudad de Sunagawa<\/h3>\n<p>En 2004, se abri\u00f3 una cl\u00ednica ambulatoria especializada en p\u00e9rdida de memoria en el Hospital de la ciudad de Sunagawa, donde los tres departamentos de psiquiatr\u00eda, neurolog\u00eda y neurocirug\u00eda trabajan juntos, bajo la direcci\u00f3n de la Dra. Kumiko Utsumi.<\/p>\n<p><center><figure class=\"wp-caption aligncenter\"><a href=\"https:\/\/portal.hokuryu.info\/es\/topics\/culture\/20150818\/\" target=\"_blank\" rel=\"noopener noreferrer\"><img decoding=\"async\" src=\"https:\/\/lh3.googleusercontent.com\/pw\/ACtC-3dku7GRSu0r1omGKBfzlnEINGqeSelLynJz_4HHarl_lKU7vtbKgZTJ13bIMTd-kTAx2RCOiXttYthvSQ8MLNaCpbJtHndWEbxX-xt5lfPt4Em0gS-23143UUjhwfPGgpfdEQ6YvG8Wt2s3dTw6lQdU=w2000-h1332-no?authuser=0\" width=\"1998\" height=\"1332\" alt=\"[Art\u00edculo destacado del portal de la ciudad de Hokuryu] Dra. Kumiko Utsumi\" class=\"size-medium\" style=\"border:solid 1px blue\"\/><figcaption class=\"wp-caption-text\">[Art\u00edculo destacado del portal de la ciudad de Hokuryu] Dra. Kumiko Utsumi<\/a><\/figcaption><\/figure><\/center><\/p>\n<p>El Sr. Hoshiba conoci\u00f3 al Dr. Utsumi en una conferencia en Sapporo, donde intervino junto a Miyanaga Kazuo, presidente de la Asociaci\u00f3n Nacional de Familias y Defensores de la Demencia de Inicio Temprano. En la conferencia, el Dr. Asada Takashi (profesor em\u00e9rito de la Universidad de Tsukuba y destacado experto en prevenci\u00f3n y tratamiento de la demencia) present\u00f3 los resultados de diversas encuestas sobre la demencia de inicio temprano.<a href=\"https:\/\/www.egaotokokoro.jp\/visit\/00\/id_005.html\" rel=\"noopener noreferrer\" target=\"_blank\">Vea el art\u00edculo de referencia aqu\u00ed &gt;&gt;<\/a>\uff09<\/p>\n<p><center><figure class=\"wp-caption aligncenter\"><a href=\"https:\/\/photos.google.com\/share\/AF1QipOn4ZktycaRv2TILNIWSmy8nx9pfs6_Ahw9jIMQbB69RVK0geViU41GquS2O8a96Q\/photo\/AF1QipMXJdT2Y83VNZyBuVIwK8p3EpkabaDSFiIM6F8?key=TFY3NWMtX19WSXA5MjBiR2dITXVjWDFqR01SSXlR\" target=\"_blank\" rel=\"noopener noreferrer\"><img decoding=\"async\" src=\"https:\/\/lh3.googleusercontent.com\/pw\/ACtC-3eUeU06FDaRAgpz-_X1ohVFuUQG-gNQlFx2KCdgVNdXq06TaGalRGMpVWsqRDEPkg2JeiNttO5AEyiKtbIKmhvVdhj0UL8OOLdQn6SAKsxeLM9kW034-EoxHdKcmMbPV4vWOpZdKxjpJS4s5W7YApdv=w2000-h1332-no?authuser=0\" width=\"1998\" height=\"1332\" alt=\"En una conferencia con el profesor Kazuo Miyanaga\" class=\"size-medium\" \/><\/a><figcaption class=\"wp-caption-text\">En una conferencia con el profesor Kazuo Miyanaga (Foto proporcionada por Isao Hoshiba)<\/figcaption><\/figure><\/center><\/p>\n<p><center><figure class=\"wp-caption aligncenter\"><a href=\"https:\/\/portal.hokuryu.info\/es\/topics\/culture\/20150818\/\" target=\"_blank\" rel=\"noopener noreferrer\"><img decoding=\"async\" src=\"https:\/\/lh3.googleusercontent.com\/pw\/ACtC-3fYz5VJOnmlYrxkCd52Ga2XVYBJavam0nvILf0wHGbFFhUAVLKYvVG1gRDLzQBET9mRetXDb5y77UhGxGzggvgd9dwVfTgItRx9ralPAOI7iGA4zfoUZk-NZPbrqXcncWDj4ucoDk9iC6ww9Q2EXhkS=w2000-h1332-no?authuser=0\" width=\"1998\" height=\"1332\" alt=\"[Art\u00edculo destacado del portal de la ciudad de Hokuryu] El Sr. Hoshiba, el profesor\" class=\"size-medium\" style=\"border:solid 1px blue\" \/><figcaption class=\"wp-caption-text\">[Art\u00edculo destacado del portal de la ciudad de Hokuryu] El Sr. Hoshiba, el profesor<\/a><\/figcaption><\/figure><\/center><\/p>\n<h3>Encuentro y despedida con Shinji Nakamura<\/h3>\n<h4>encontrar<\/h4>\n<p>El representante de la asociaci\u00f3n familiar en aquel momento les pidi\u00f3 al Sr. y la Sra. Nakamura, miembros de la Asociaci\u00f3n de Familias de Tokio, Saisei no Kai, que &quot;cuidaran de la familia Nakamura, ya que se encuentran en una situaci\u00f3n dif\u00edcil&quot;. Tras varias conversaciones con los Nakamura, el Sr. y la Sra. Nakamura les recomendaron mudarse a la ciudad de Hokuryu, Hokkaido, para cambiar de entorno, y los Nakamura decidieron mudarse.<\/p>\n<h4>Se mud\u00f3 a la ciudad de Hokuryu con su familia.<\/h4>\n<p>En agosto de 2007 (Heisei 19), Shinji Nakamura (entonces de 58 a\u00f1os), nacido en Osaka, su esposa Hiroko (entonces de 45 a\u00f1os) y su familia se mudaron a la ciudad de Hokuryu, Hokkaido.<\/p>\n<p><center><figure class=\"wp-caption aligncenter\"><a href=\"https:\/\/blog.canpan.info\/sohimawari\/monthly\/201005\/2\" target=\"_blank\" rel=\"noopener noreferrer\"><img decoding=\"async\" src=\"https:\/\/lh3.googleusercontent.com\/pw\/ACtC-3dl6zgSD6da97V1HFn_2otrc_grhWpBwvqwhdqcoIZCtsCT1_nLNClS1GZBBo3RAuI0AHMa0rwtHKClAbsjdybqobjhFoV_REF4C2jxxTl-JaCic7Hwj0d7fNF9OQNBgE80eeQ3R4P3THfoj5HC0n8J=w964-h883-no?authuser=0\" width=\"964\" height=\"883\" alt=\"[Blog de Girasoles de Sorachi] Bolet\u00edn de Girasoles de Sorachi n.\u00b0 4, julio de 2009\" class=\"size-medium\" style=\"border:solid 1px blue\"\/><figcaption class=\"wp-caption-text\">[Blog de Girasoles de Sorachi] Bolet\u00edn de Girasoles de Sorachi n.\u00b0 4, julio de 2009<\/a><\/figcaption><\/figure><\/center><\/p>\n<p>Los preparativos para la acogida de personas en Hokuryu duraron aproximadamente un a\u00f1o. En noviembre de ese mismo a\u00f1o, se celebr\u00f3 la asamblea general fundacional de la Asociaci\u00f3n de Familias con Demencia de Inicio Temprano Sorachi Himawari, y se fund\u00f3 en Hokuryu dicha asociaci\u00f3n.<\/p>\n<p>Tras llegar a Hokkaido, recibi\u00f3 tratamiento del Dr. Utsumi en el Hospital Municipal de Sunagawa y redujo gradualmente la medicaci\u00f3n que tomaba, hasta que finalmente la elimin\u00f3 por completo. Sus s\u00edntomas tambi\u00e9n mejoraron gradualmente. Adem\u00e1s, gracias a la atenci\u00f3n dedicada y c\u00e1lida de los miembros de la Asociaci\u00f3n Sorachi Himawari, una asociaci\u00f3n familiar para la demencia de inicio temprano, el Dr. Utsumi afirm\u00f3 que su condici\u00f3n &quot;progres\u00f3 lentamente, como si fuera un milagro&quot;.<\/p>\n<p>Las principales actividades de Sorachi Himawari son programas de apoyo que se realizan una o dos veces por semana, incluyendo caminatas, tenis de mesa, golf en el parque, cer\u00e1mica y ba\u00f1os termales. Los miembros se turnan para participar como simpatizantes y pasar tiempo con Shinji. Estas actividades de Sorachi Himawari se han publicado diariamente en un blog durante nueve a\u00f1os.<\/p>\n<h4>Despedida<\/h4>\n<p>El 13 de noviembre de 2016, Nobuharu Nakamura falleci\u00f3 y fue al cielo. Le diagnosticaron Alzheimer de inicio temprano hace 23 a\u00f1os y se mud\u00f3 a Hokuryu. Los miembros de Sorachi Himawari lo cuidaron y pas\u00f3 nueve a\u00f1os all\u00ed como un milagro. Todav\u00eda puedo recordar la dulce sonrisa de Nobuharu.<\/p>\n<p><center><figure class=\"wp-caption aligncenter\"><a href=\"https:\/\/blog.canpan.info\/sohimawari\/daily\/201611\/15\" target=\"_blank\" rel=\"noopener noreferrer\"><img decoding=\"async\" src=\"https:\/\/lh3.googleusercontent.com\/pw\/ACtC-3dr8JFCmPBjPQhj6FBQuM2Xb2eI2BBa-gwzZMhA7oz9P0-d5BG0KnZn-iK6JBIDrSALhMyGGtDlotmxJBEAE12xvhKu1msyTnfN8npfUER0DUU3L-JwVdSpQ9A0f17v9GPu0gHKSid9pSck4fFiIKqC=w664-h897-no?authuser=0\" width=\"964\" height=\"883\" alt=\"[Blog de girasol de Sorachi] Fallece el Sr. Shinji Nakamura de Sorachi\" class=\"size-medium\" style=\"border:solid 1px blue\"\/><figcaption class=\"wp-caption-text\">[Blog de Girasoles de Sorachi] Fallece Shinji Nakamura<\/a><\/figcaption><\/figure><\/center><\/p>\n<h2>El enfoque de Isao Hoshiba para apoyar a las personas con demencia de aparici\u00f3n temprana<\/h2>\n<h3>El papel de las asociaciones familiares, el sentimiento de seguridad y la confianza<\/h3>\n<p>Cuando recibo consultas, lo m\u00e1s importante es aceptar plenamente las dificultades que atraviesa la familia. Aunque lo que digan sea ligeramente diferente a lo que yo digo, no lo rechazo de plano, sino que lo acepto diciendo: &quot;Es cierto&quot;, y luego comparto varios ejemplos de la vida real. Esto le da a la familia una sensaci\u00f3n de seguridad y confianza. Es dif\u00edcil para la persona que recibe la consulta si no escucha atentamente lo que dice la otra persona y lo acepta&quot;, dice Hoshiba.<\/p>\n<h4>El cuidado del paciente y el cuidado de la familia son 50% y 50%<\/h4>\n<p>&quot;Al abordar la demencia de inicio temprano, inicialmente nos centramos en el cuidado individual. Sin embargo, a trav\u00e9s de conversaciones con varios familiares, nos dimos cuenta de que cuidar a la familia tambi\u00e9n era importante. Desde entonces, el equilibrio entre el cuidado individual y familiar ha cambiado a un 50\/50&quot;, afirma Hoshiba.<\/p>\n<h3>Problemas que enfrentan las familias de personas con demencia de aparici\u00f3n temprana<\/h3>\n<p>Las familias de personas con demencia de aparici\u00f3n temprana enfrentan una gran cantidad de problemas, incluidos c\u00f3mo notificar a sus seres queridos, problemas financieros despu\u00e9s de la aparici\u00f3n de la enfermedad, problemas de empleo para el individuo, problemas de abuso que surgen de la mayor carga sobre la familia, problemas m\u00e9dicos y fatiga del cuidador.<\/p>\n<h4>La dificultad de obtener la certificaci\u00f3n por discapacidad severa<\/h4>\n<p>&quot;El mayor problema es pagar la hipoteca. Hemos estado trabajando para obtener una exenci\u00f3n de diversas maneras, como usar una cl\u00e1usula adicional por discapacidad grave en el seguro de vida, para que se nos apruebe la exenci\u00f3n de los pagos de la hipoteca, pero hay much\u00edsimos desaf\u00edos dif\u00edciles que superar antes de que podamos hacerlo realidad&quot;, dice Hoshiba, hablando sobre la dificultad de que la demencia de inicio temprano se considere una discapacidad grave.<\/p>\n<h4>La dificultad de diagnosticar la demencia de aparici\u00f3n temprana<\/h4>\n<p>Los pacientes cuyos s\u00edntomas progresan r\u00e1pidamente fallecen aproximadamente 10 a\u00f1os despu\u00e9s del diagn\u00f3stico. El diagn\u00f3stico es dif\u00edcil porque los s\u00edntomas var\u00edan de un paciente a otro: algunos experimentan una progresi\u00f3n gradual y otros presentan trastornos psiqui\u00e1tricos mixtos.<\/p>\n<p>Adem\u00e1s, dependiendo del lugar de trabajo, algunas personas pueden verse obligadas a tomarse una licencia o renunciar, y la p\u00e9rdida de ingresos podr\u00eda provocar la desintegraci\u00f3n familiar. En busca de una vida estable mediante el cambio ambiental y el desarrollo, propusieron mudarse a Hokkaido. Esto ha dado lugar a una iniciativa de colaboraci\u00f3n regional que involucrar\u00e1 a los residentes locales y les ayudar\u00e1 a crecer.<\/p>\n<h4>Apoyo al empleo para personas con demencia de inicio temprano (Ministerio de Salud, Trabajo y Bienestar)<\/h4>\n<p>Dado que los s\u00edntomas y la progresi\u00f3n de la demencia de aparici\u00f3n temprana var\u00edan de persona a persona, se est\u00e1n implementando programas de apoyo al empleo a trav\u00e9s de iniciativas como contenido laboral, reasignaci\u00f3n laboral y trabajo auxiliar que se adaptan a los s\u00edntomas.<\/p>\n<p>Los pacientes j\u00f3venes con familia necesitan pr\u00e9stamos y recursos para cubrir sus gastos de manutenci\u00f3n, por lo que, incluso con el diagn\u00f3stico, si tienen que dejar de trabajar inmediatamente y perder sus ingresos, les resultar\u00e1 dif\u00edcil mantener a sus familias. Se requiere un trabajo ligero adaptado a los s\u00edntomas de los pacientes con demencia.<\/p>\n<p>Adem\u00e1s, los s\u00edntomas de demencia se acompa\u00f1an de s\u00edntomas mentales, por lo que, aunque una persona parezca capaz de trabajar, puede tener dificultades para continuar o abandonarlo poco despu\u00e9s. Incluso si comprende el contenido de su trabajo, puede volverse repentinamente incapaz de comprenderlo, o ponerse sensible, enfadarse o dejar de trabajar.<\/p>\n<p>&quot;A la hora de adaptarse al trabajo, es importante que quienes rodean a la persona no la juzguen como &#039;incapaz&#039;, sino que quienes la apoyan esperen pacientemente hasta que haya adquirido diversas experiencias y comprenda que &#039;hasta cierto punto es incapaz de hacerlo&#039;&quot;, dijo Hoshiba con profunda satisfacci\u00f3n.<\/p>\n<h2>El cuidado diario de la salud del Sr. Hoshiba<\/h2>\n<p>Hablamos con Isao Hoshiba sobre su salud a trav\u00e9s del ejercicio y las aficiones que lleva a\u00f1os manteniendo. Disfruta del golf en el parque como ejercicio, y de la recitaci\u00f3n de poes\u00eda y la danza con espadas como aficiones.<\/p>\n<h3>derecho de la salud<\/h3>\n<p>\u30fbCaminata: 30 minutos todas las ma\u00f1anas, seguida de ejercicios de calistenia por radio organizados por la ciudad de Hokuryu.<br \/>\n\u30fbTerapia de calor: cada vez que voy a Hokuryu Onsen, tomo una ducha caliente y la aplico en mis rodillas, hombros, espalda baja, brazos y tendones de Aquiles, luego termino vertiendo agua fr\u00eda sobre mi piel para tensarla.<br \/>\n\u30fbDoble respiraci\u00f3n: 10 minutos antes de acostarse, 10 minutos despu\u00e9s de despertarse.<\/p>\n<h3>Pilares de la atenci\u00f3n mental y perspectiva de vida<\/h3>\n<p>Practica el enfoque &quot;tal como es&quot; de la terapia Morita.<br \/>\nNo niegues a la otra persona, sino acepta la realidad tal como es. Entonces, empezar\u00e1s a ver los m\u00e9ritos de su opini\u00f3n. E incluso al discutir, nunca saques conclusiones precipitadas. Si llegas a una conclusi\u00f3n, hazlo al d\u00eda siguiente. Es importante reflexionar sobre ella detenidamente durante la noche.<\/p>\n<p>&quot;Sin importar de qui\u00e9n hable alguien, escuchamos atentamente y, en primer lugar, reconocemos sus preocupaciones. Nunca las descartamos diciendo &#039;eso no est\u00e1 bien&#039;, sino que sugerimos que hay diversas maneras de pensar y abordar el problema. La actitud de un voluntario que escucha es muy importante. Al escuchar atentamente lo que la otra persona tiene que decir, puede sentirse segura de haber sido aceptada&quot;, dijo Hoshiba, cuyas palabras transmit\u00edan un sentimiento sincero.<\/p>\n<p><center><figure class=\"wp-caption aligncenter\"><a href=\"https:\/\/photos.google.com\/share\/AF1QipOn4ZktycaRv2TILNIWSmy8nx9pfs6_Ahw9jIMQbB69RVK0geViU41GquS2O8a96Q\/photo\/AF1QipPR1PhA8wNeXQ4UCn6UdTe2ie4R1kWmgrFnMzw?key=TFY3NWMtX19WSXA5MjBiR2dITXVjWDFqR01SSXlR\" target=\"_blank\" rel=\"noopener noreferrer\"><img decoding=\"async\" src=\"https:\/\/lh3.googleusercontent.com\/pw\/ACtC-3dklB3d2skm7qI05veRzrKgMuIEXM4ve226x5j19LPPuueq8nLkrLDVTb63UQHVZnUlAazx_EzYCrIctY6MJemUYfWlASJgpUuWwhWZrUClR5lViAGOssaS9sCia2A512qyHqW7NamCRZleZl2QwBhk=w2000-h1332-no?authuser=0\" width=\"1998\" height=\"1332\" alt=\"Una vida de compasi\u00f3n con los miembros de la Asociaci\u00f3n de Familias con Demencia de Inicio Temprano\" class=\"size-medium\" \/><\/a><figcaption class=\"wp-caption-text\">Una vida de compasi\u00f3n con los miembros de la Asociaci\u00f3n de Familias con Demencia de Inicio Temprano<\/figcaption><\/figure><\/center><\/p>\n<p>Bas\u00e1ndose en la dolorosa experiencia de su esposa Yoshiko con la demencia de aparici\u00f3n temprana, Isao Hoshiba ha estado brindando apoyo compasivo y sincero a los afectados y sus familias durante casi 20 a\u00f1os.<\/p>\n<p>Estamos donde estamos hoy en la ciudad de Hokuryu gracias a la afortunada conexi\u00f3n que tuvimos con Isao Hoshiba en la Asociaci\u00f3n de Familias con Demencia de Inicio Temprano.<a href=\"https:\/\/ehokkaido.net\/archives\/1234\" rel=\"noopener noreferrer\" target=\"_blank\">Nuestro salvavidas<\/a>Estoy tan agradecido que no tengo palabras para expresarlo. \u00a1Much\u00edsimas gracias!<\/p>\n<p>Con infinito amor, gratitud y oraciones por los grandes logros y esfuerzos de Isao Hoshiba...<br \/>\n\u3000<\/p>\n<h2>Art\u00edculos relacionados<\/h2>\n\n        <div class=\"site-blogcard-premium\">\n            <div class=\"bc-label-custom\">Art\u00edculos relacionados<\/div>\n            <div class=\"bc-flex-container\">\n                <div class=\"bc-main-text\">\n                    <div class=\"bc-title-link-box\">\n                        <a href=\"https:\/\/portal.hokuryu.info\/es\/28867\/\" target=\"_blank\">https:\/\/portal.hokuryu.info\/28867<\/a>\n                    <\/div>\n                    <div class=\"bc-excerpt-box\">No se puede recuperar la informaci\u00f3n de la p\u00e1gina.<\/div>\n                <\/div>\n                <div class=\"bc-thumbnail-box\">\n                    <a href=\"https:\/\/portal.hokuryu.info\/es\/28867\/\" target=\"_blank\">\n                        <div class=\"bc-img-zoom-wrap\">\n                            <img decoding=\"async\" src=\"https:\/\/portal.hokuryu.info\/wp\/wp-content\/uploads\/2026\/02\/20230802DSC06445_1.jpg\" alt=\"https:\/\/portal.hokuryu.info\/28867\">\n                        <\/div>\n                    <\/a>\n                <\/div>\n            <\/div>\n        <\/div>\n\n        <div class=\"site-blogcard-premium\">\n            <div class=\"bc-label-custom\">Art\u00edculos relacionados<\/div>\n            <div class=\"bc-flex-container\">\n                <div class=\"bc-main-text\">\n                    <div class=\"bc-title-link-box\">\n                        <a href=\"https:\/\/portal.hokuryu.info\/es\/topics\/culture\/20170727.html\/\" target=\"_blank\">Asociaci\u00f3n de Familias con Demencia de Inicio Temprano Sorachi Sunflower: Foro de Demencia en Hokuryu - Portal de la Ciudad de Hokuryu (Hokkaido), el pueblo de girasoles n\u00famero 1 de Jap\u00f3n<\/a>\n                    <\/div>\n                    <div class=\"bc-excerpt-box\">El s\u00e1bado 22 de julio, en el marco de la celebraci\u00f3n del d\u00e9cimo aniversario de la Asociaci\u00f3n Sorachi Himawari para Familias con Demencia de Inicio Temprano, se llevar\u00e1 a cabo el &quot;Foro sobre la Demencia en Ho...&quot;.<\/div>\n                <\/div>\n                <div class=\"bc-thumbnail-box\">\n                    <a href=\"https:\/\/portal.hokuryu.info\/es\/topics\/culture\/20170727.html\/\" target=\"_blank\">\n                        <div class=\"bc-img-zoom-wrap\">\n                            <img decoding=\"async\" src=\"https:\/\/lh3.googleusercontent.com\/rb2UR5BmS7BRd5KgCh71vqSwPTWl9YokOEicuC7mP6xZGh3hKKPuvlk-1QUGeDpeQ-ks8swaqLgwqvK1ndhyu00L4mBgCpK_jxvMTcL_wZ0aUZjrTOZQEWaM2V-HyWUTbtQc3ITx1pr-Vx7qgOb7DP2wNDour1FWGhb5JxkiPlHW8BT1Ds41uHr6AsFK0W8tbE4-PUC-73sdaVQ0_YRxXv4RRVvqIaQnH6uMTAYtg5AD6IJgIFiuFAqey7hXdMpMSuIfZrNpCZdZaUVs_JqeEi47t_mpgK08YZu-b__7MRWOYICOaccYjlxTxUijGCfJsQjaaJx4uXDGRNfWa0AkXaJXlkrSQ7ekw4_S13Vr-XJDGn9cMWa875fEvZYITdQaqwxSajExbW5e2gjvX1-8ysvZfrV5uFGZkmAFzPV6KwresfrO24HwbGg7BHqhK_lD9FW9WY-NvpZ61ltkGmau1RzXrc1OvEW2IDFQADo8XyVioOXmOxfQAz96xt_fBSosYW-8LaruL9ZayLZHQnQmmrpOPmww4tDMNJtWqLn49yjmevv9QIHLr6H_MngpM3ktd81pZ8rk93cv4hpl1hWvO09I3KmfdW-lS5UPARnNSWWOD6YKgIXx2P9fu7zEOIqyMDBZ9pWwVOjUwKO4t-uW8MODPA-yADAMo_upr6LWgNx7Qw=w1441-h960-no\" alt=\"Asociaci\u00f3n de Familias con Demencia de Inicio Temprano Sorachi Sunflower: Foro de Demencia en Hokuryu - Portal de la Ciudad de Hokuryu (Hokkaido), el pueblo de girasoles n\u00famero 1 de Jap\u00f3n\">\n                        <\/div>\n                    <\/a>\n                <\/div>\n            <\/div>\n        <\/div>\n\n        <div class=\"site-blogcard-premium\">\n            <div class=\"bc-label-custom\">Art\u00edculos relacionados<\/div>\n            <div class=\"bc-flex-container\">\n                <div class=\"bc-main-text\">\n                    <div class=\"bc-title-link-box\">\n                        <a href=\"https:\/\/portal.hokuryu.info\/es\/topics\/culture\/20150818.html\/\" target=\"_blank\">Foro sobre la Demencia en Hokuryu 2015 (Hokuryu Town) Desarrollo comunitario de apoyo mutuo - Portal de Hokuryu (Hokkaido) El pueblo de girasoles n\u00famero 1 de Jap\u00f3n<\/a>\n                    <\/div>\n                    <div class=\"bc-excerpt-box\">Un paisaje japon\u00e9s impresionante: el &quot;Pueblo de los Girasoles&quot; en la ciudad de Hokuryu, Hokkaido. Un lugar tur\u00edstico muy popular en Hokkaido. Vis\u00edtalo al menos una vez. (Sumiller de arroz...).<\/div>\n                <\/div>\n                <div class=\"bc-thumbnail-box\">\n                    <a href=\"https:\/\/portal.hokuryu.info\/es\/topics\/culture\/20150818.html\/\" target=\"_blank\">\n                        <div class=\"bc-img-zoom-wrap\">\n                            <img decoding=\"async\" src=\"https:\/\/lh6.googleusercontent.com\/-Ouy07yqS-lc\/VcwMETMu7vI\/AAAAAAAB-Pg\/v9vDN80WeIs\/w1275-h850-no\/20150808_DSC8586.jpg\" alt=\"Foro sobre la Demencia en Hokuryu 2015 (Hokuryu Town) Desarrollo comunitario de apoyo mutuo - Portal de Hokuryu (Hokkaido) El pueblo de girasoles n\u00famero 1 de Jap\u00f3n\">\n                        <\/div>\n                    <\/a>\n                <\/div>\n            <\/div>\n        <\/div>\n\n        <div class=\"site-blogcard-premium\">\n            <div class=\"bc-label-custom\">Art\u00edculos relacionados<\/div>\n            <div class=\"bc-flex-container\">\n                <div class=\"bc-main-text\">\n                    <div class=\"bc-title-link-box\">\n                        <a href=\"https:\/\/portal.hokuryu.info\/es\/informations\/20150224.html\/\" target=\"_blank\">(Anuncio) Martes 24 de febrero, 8 p.m. ~ Isao Hoshiba (representante de Sorachi Himawari, una asociaci\u00f3n familiar para la demencia de inicio temprano) aparecer\u00e1 en vivo en BS Fuji LIVE Prime News. - Portal de la ciudad de Hokuryu (Hokkaido): el pueblo de girasoles n\u00famero 1 de Jap\u00f3n<\/a>\n                    <\/div>\n                    <div class=\"bc-excerpt-box\">Les presentamos el presente de una ciudad vibrante con una poblaci\u00f3n de 2100 habitantes y una tasa de envejecimiento de 40%. Como girasoles, las familias viven en armon\u00eda...<\/div>\n                <\/div>\n                <div class=\"bc-thumbnail-box\">\n                    <a href=\"https:\/\/portal.hokuryu.info\/es\/informations\/20150224.html\/\" target=\"_blank\">\n                        <div class=\"bc-img-zoom-wrap\">\n                            <img decoding=\"async\" src=\"https:\/\/lh3.googleusercontent.com\/q7AbC9gpNh6e0ijR1dTTcOn4XanrynZzt3T4n2N9Gas=w341-h219-p-no\" alt=\"(Anuncio) Martes 24 de febrero, 8 p.m. ~ Isao Hoshiba (representante de Sorachi Himawari, una asociaci\u00f3n familiar para la demencia de inicio temprano) aparecer\u00e1 en vivo en BS Fuji LIVE Prime News. - Portal de la ciudad de Hokuryu (Hokkaido): el pueblo de girasoles n\u00famero 1 de Jap\u00f3n\">\n                        <\/div>\n                    <\/a>\n                <\/div>\n            <\/div>\n        <\/div>\n\n        <div class=\"site-blogcard-premium\">\n            <div class=\"bc-label-custom\">Art\u00edculos relacionados<\/div>\n            <div class=\"bc-flex-container\">\n                <div class=\"bc-main-text\">\n                    <div class=\"bc-title-link-box\">\n                        <a href=\"https:\/\/ehokkaido.net\/archives\/1234\" target=\"_blank\">\u00a1Participando en la reuni\u00f3n regular de abril de la asociaci\u00f3n de familias con demencia de inicio temprano &quot;Sorachi Himawari&quot;! \u00a1Que lo disfruten! \u00a1Feliz vida para las parejas mayores!<\/a>\n                    <\/div>\n                    <div class=\"bc-excerpt-box\"><\/div>\n                <\/div>\n                <div class=\"bc-thumbnail-box\">\n                    <a href=\"https:\/\/ehokkaido.net\/archives\/1234\" target=\"_blank\">\n                        <div class=\"bc-img-zoom-wrap\">\n                            <img decoding=\"async\" src=\"https:\/\/ehokkaido.net\/wp-content\/uploads\/2014\/03\/P1050088.jpg\" alt=\"\u00a1Participando en la reuni\u00f3n regular de abril de la asociaci\u00f3n de familias con demencia de inicio temprano &quot;Sorachi Himawari&quot;! \u00a1Que lo disfruten! \u00a1Feliz vida para las parejas mayores!\">\n                        <\/div>\n                    <\/a>\n                <\/div>\n            <\/div>\n        <\/div>\n\u3000<\/p>\n<p>\u25c7 Fotograf\u00eda y edici\u00f3n: Noboru Terauchi Entrevista y texto: Ikuko Terauchi<\/p>","protected":false},"excerpt":{"rendered":"<p>\uff12\uff10\uff12\uff10\u5e74\uff17\u6708\uff16\u65e5\uff08\u6708\uff09 \uff16\u6708\uff13\uff10\u65e5\uff08\u706b\uff09\u3001\u5317\u7adc\u753a\u306e\u5730\u57df\u304a\u3053\u3057\u5354\u529b\u968a\u54e1\u3068\u3057\u3066\u3054\u6d3b\u8e8d\u3055\u308c\u305f\u5e72\u5834\u529f\u6c0f\uff08\u307b\u3057\u3070 \u3044\u3055\u304a\u30fb\uff18\uff11\u6b73\uff09\u306e\uff13\u5e74\u9593\u306e\u4efb\u52d9\u304c\u7d42\u4e86\u3057\u307e\u3057\u305f\u3002\u3053\u308c\u307e\u3067\u306e\u82e5\u5e74\u6027\u8a8d\u77e5\u75c7\u5bb6\u65cf\u4f1a\u7b49\u306e\u6d3b\u52d5\u306b\u3064\u3044\u3066\u306e\u304a [&hellip;]<\/p>\n","protected":false},"author":1,"featured_media":3413,"comment_status":"open","ping_status":"open","sticky":false,"template":"","format":"standard","meta":{"footnotes":""},"categories":[4],"tags":[],"class_list":["post-3412","post","type-post","status-publish","format-standard","has-post-thumbnail","hentry","category-cover-story"],"_links":{"self":[{"href":"https:\/\/portal.hokuryu.info\/es\/wp-json\/wp\/v2\/posts\/3412","targetHints":{"allow":["GET"]}}],"collection":[{"href":"https:\/\/portal.hokuryu.info\/es\/wp-json\/wp\/v2\/posts"}],"about":[{"href":"https:\/\/portal.hokuryu.info\/es\/wp-json\/wp\/v2\/types\/post"}],"author":[{"embeddable":true,"href":"https:\/\/portal.hokuryu.info\/es\/wp-json\/wp\/v2\/users\/1"}],"replies":[{"embeddable":true,"href":"https:\/\/portal.hokuryu.info\/es\/wp-json\/wp\/v2\/comments?post=3412"}],"version-history":[{"count":0,"href":"https:\/\/portal.hokuryu.info\/es\/wp-json\/wp\/v2\/posts\/3412\/revisions"}],"wp:featuredmedia":[{"embeddable":true,"href":"https:\/\/portal.hokuryu.info\/es\/wp-json\/wp\/v2\/media\/3413"}],"wp:attachment":[{"href":"https:\/\/portal.hokuryu.info\/es\/wp-json\/wp\/v2\/media?parent=3412"}],"wp:term":[{"taxonomy":"category","embeddable":true,"href":"https:\/\/portal.hokuryu.info\/es\/wp-json\/wp\/v2\/categories?post=3412"},{"taxonomy":"post_tag","embeddable":true,"href":"https:\/\/portal.hokuryu.info\/es\/wp-json\/wp\/v2\/tags?post=3412"}],"curies":[{"name":"wp","href":"https:\/\/api.w.org\/{rel}","templated":true}]}}