{"id":3202,"date":"2020-06-22T06:40:57","date_gmt":"2020-06-21T21:40:57","guid":{"rendered":"https:\/\/portal.hokuryu.info\/?p=3202"},"modified":"2025-03-10T16:36:46","modified_gmt":"2025-03-10T07:36:46","slug":"post-3202","status":"publish","type":"post","link":"https:\/\/portal.hokuryu.info\/es\/3202\/","title":{"rendered":"\u00a1Gran inauguraci\u00f3n de la tienda de venta directa de productos agr\u00edcolas y ganaderos de la ciudad de Hokuryu, Minoritch Hokuryu!"},"content":{"rendered":"<p>Lunes 22 de junio de 2020<\/p>\n<p>El s\u00e1bado 20 de junio a las 9:00 a. m., Minoritch Hokuryu, una tienda de venta directa de productos agr\u00edcolas y ganaderos en la ciudad de Hokuryu (Gerente: Mikio Hara), celebrar\u00e1 su gran inauguraci\u00f3n de este a\u00f1o.<\/p>\n<h2>Gran ceremonia de inauguraci\u00f3n<\/h2>\n<figure class=\"wp-caption aligncenter\"><a href=\"https:\/\/photos.google.com\/share\/AF1QipPaMh65hLCXzAVrh-U2WWrF48f6v65ztRX9kYUynfTZpDz0alneR2ea-vZ5eo2QHg\/photo\/AF1QipPOMDMoC6JqjhfbUyazw_FyzDybY9eCDyHSddQ?key=UWNZVTZLN0k5Q0kzblZWOTNCOHNzR01JVGYxNU1B\" target=\"_blank\" rel=\"noopener noreferrer\"><img decoding=\"async\" src=\"https:\/\/lh3.googleusercontent.com\/pw\/ACtC-3dnebuJwQ9NS1vCm50QhNMFHfIuemmcT8RuzdLShdBG2ikIPX9snkoZl52igRAF8s1MWd1eOg6qNhuvAHmjF0_q8MP5OxJRM5NvYKWBOkZ_u_r08zdg5n4IEjk7vI9wlx1eD3iKg7nRhqCHump5rDaT=w2000-h1332-no?authuser=0\" width=\"1998\" height=\"1332\" alt=\"Gran inauguraci\u00f3n de la tienda de venta directa de productos agr\u00edcolas y ganaderos de la ciudad de Hokuryu, Minoritch Hokuryu\" class=\"size-medium\" \/><\/a><figcaption class=\"wp-caption-text\">Gran inauguraci\u00f3n de la tienda de venta directa de productos agr\u00edcolas y ganaderos de la ciudad de Hokuryu, Minoritch Hokuryu<\/figcaption><\/figure>\n<h3>Actuaci\u00f3n de Hokuryu Taiko<\/h3>\n<p>Para conmemorar la inauguraci\u00f3n, el grupo Hokuryu Taiko interpret\u00f3 dos canciones: &quot;Harvest Celebration Taiko&quot; y &quot;River Banquet&quot;.<\/p>\n<figure class=\"wp-caption aligncenter\"><a href=\"https:\/\/photos.google.com\/share\/AF1QipPaMh65hLCXzAVrh-U2WWrF48f6v65ztRX9kYUynfTZpDz0alneR2ea-vZ5eo2QHg\/photo\/AF1QipMOQHSQJK2037b1r37Q7CdvkJC6L0kCQ5X6mDg?key=UWNZVTZLN0k5Q0kzblZWOTNCOHNzR01JVGYxNU1B\" target=\"_blank\" rel=\"noopener noreferrer\"><img decoding=\"async\" src=\"https:\/\/lh3.googleusercontent.com\/pw\/ACtC-3dL-b1JFAKaGxDyaM02KGSj8pLT2M4Uk5Vm2AWwxg_jhknHQdPK5I8hLmmlGwPVpBA5W6faSGnI-55WInWIqP1ufUrQTr5bpeRYWU8t3m3s8vyfoEhplddkhjUfvZUgdX2eWzmQJaQYFoyMcHt68XgH=w2000-h1332-no?authuser=0\" width=\"1998\" height=\"1332\" alt=\"Actuaci\u00f3n de miembros de Hokuryu Taiko\" class=\"size-medium\" \/><\/a><figcaption class=\"wp-caption-text\">Actuaci\u00f3n de miembros de Hokuryu Taiko<\/figcaption><\/figure>\n<h4>&quot;River Rai Banquet&quot; Compositor: Kimihiko Matsumura, representante del grupo Wadaiko Matsumura<\/h4>\n<p>Una interpretaci\u00f3n de &quot;Kawarai no Utage&quot; acompa\u00f1ada de flauta...<br \/>\n\ufffc<br \/>\n<figure class=\"wp-caption aligncenter\"><a href=\"https:\/\/photos.google.com\/share\/AF1QipPaMh65hLCXzAVrh-U2WWrF48f6v65ztRX9kYUynfTZpDz0alneR2ea-vZ5eo2QHg\/photo\/AF1QipNu776WH51hiJa-kye5alKmZ0vzXLKE_zozIxw?key=UWNZVTZLN0k5Q0kzblZWOTNCOHNzR01JVGYxNU1B\" target=\"_blank\" rel=\"noopener noreferrer\"><img decoding=\"async\" src=\"https:\/\/lh3.googleusercontent.com\/pw\/ACtC-3clPQRFresHZumR_5TarP6EtLEXrdzzhnGkHTXOUSX-0YlC1MHHCpjzqmjfpCKYr72ERyc5OVq8CNTC_5KJsSVBh_9cNFJApjGuQFbFYJ-8q_37URawbHlRtSz7lWfWlG4x1WzOynOoOfVF9jwCQmhg=w2000-h1332-no?authuser=0\" width=\"1998\" height=\"1332\" alt=\"Interpretada la obra &quot;River Rai no Utage&quot;, acompa\u00f1ada por la flauta...\" class=\"size-medium\" \/><\/a><figcaption class=\"wp-caption-text\">Interpretada la obra &quot;River Rai no Utage&quot;, acompa\u00f1ada por la flauta...<\/figcaption><\/figure>\n<p>&quot;&#039;Senrai no En&#039; (Fiesta de la Crecida del R\u00edo) es una canci\u00f3n compuesta por Kimihiko Matsumura, representante del Grupo Matsumura de Taiko Japon\u00e9s, para el grupo Sorachi Taiko. &#039;Rai&#039; se refiere a los sonidos de la naturaleza, las flautas y la resonancia.<\/p>\n<p>&quot;Esta canci\u00f3n fue compuesta con la imagen de los sonidos de los distintos r\u00edos de Sorachi superpuestos y resonando entre s\u00ed, y de las conexiones entre la gente y la amigable y animada ciudad de Sorachi&quot;, dijo el baterista de Taiko Itagaki Chihiro.<\/p>\n<p>\ufffc<figure class=\"wp-caption aligncenter\"><a href=\"https:\/\/photos.google.com\/share\/AF1QipPaMh65hLCXzAVrh-U2WWrF48f6v65ztRX9kYUynfTZpDz0alneR2ea-vZ5eo2QHg\/photo\/AF1QipPLg7gIWqpXszSK7AvV7t-fGIdWfRqztAqwZsQ?key=UWNZVTZLN0k5Q0kzblZWOTNCOHNzR01JVGYxNU1B\" target=\"_blank\" rel=\"noopener noreferrer\"><img decoding=\"async\" src=\"https:\/\/lh3.googleusercontent.com\/pw\/ACtC-3d4FfFGEzMVAtEF7ggE8D3Vhz2vSfHHwIdDxEY3HtuZL29hph1-AEmM8uIP-vFbyBDK-oDa5nNBLrpja-kT1eff2BKKX8ubYSgrKgC5HCFxM6bfyOK9heImKIkxNwoeGHIwP5RHDTiprbB_4VaKeMvb=w2000-h1332-no?authuser=0\" width=\"1998\" height=\"1332\" alt=\"&quot;Senrai no En&quot; (Fiesta del r\u00edo) es una obra maestra de Kimihiko Matsumura del Grupo Matsumura de Tambores Taiko Japoneses.\" class=\"size-medium\" \/><\/a><figcaption class=\"wp-caption-text\">&quot;Senrai no En&quot; (Fiesta del r\u00edo) es una obra maestra de Kimihiko Matsumura del Grupo Matsumura de Tambores Taiko Japoneses.<\/figcaption><\/figure>\n<p>Un latido heroico, propio de la inauguraci\u00f3n, reson\u00f3 por todo el recinto.<\/p>\n<h4>Un latido heroico resuena por todo el lugar.<\/h4>\n<p>\ufffc<br \/>\n<figure class=\"wp-caption aligncenter\"><a href=\"https:\/\/photos.google.com\/share\/AF1QipPaMh65hLCXzAVrh-U2WWrF48f6v65ztRX9kYUynfTZpDz0alneR2ea-vZ5eo2QHg\/photo\/AF1QipNcp1Eo5323bg9L6DCN4Vh5ssaQnD6hjq9bNNA?key=UWNZVTZLN0k5Q0kzblZWOTNCOHNzR01JVGYxNU1B\" target=\"_blank\" rel=\"noopener noreferrer\"><img decoding=\"async\" src=\"https:\/\/lh3.googleusercontent.com\/pw\/ACtC-3fn09wHCmPAi7BJ3Z7zGkkx2styo4pO54dMfQTVgQIC9tQq9AAx8fvS33fO29iviqz-T4jgvJkP7kFv_JdZo0lSEESeFyx8mUqbET2EihpA0PhDnjgMw4n-9__KSN6QFvg_6htertuF3PMdPpDe9Dnd=w2000-h1332-no?authuser=0\" width=\"1998\" height=\"1332\" alt=\"\u00a1\u00a1\u00a1Un latido heroico reson\u00f3 por todo el lugar!!!\" class=\"size-medium\" \/><\/a><figcaption class=\"wp-caption-text\">\u00a1\u00a1\u00a1Un latido heroico reson\u00f3 por todo el lugar!!!<\/figcaption><\/figure>\n<h3>Mensaje de Keiko Ozaki, presidenta de la Asociaci\u00f3n de Transportistas<\/h3>\n<figure class=\"wp-caption aligncenter\"><a href=\"https:\/\/photos.google.com\/share\/AF1QipPaMh65hLCXzAVrh-U2WWrF48f6v65ztRX9kYUynfTZpDz0alneR2ea-vZ5eo2QHg\/photo\/AF1QipN_VuDqHHWUcys2Z14f7G08V4Dc38sPEVyZxiA?key=UWNZVTZLN0k5Q0kzblZWOTNCOHNzR01JVGYxNU1B\" target=\"_blank\" rel=\"noopener noreferrer\"><img decoding=\"async\" src=\"https:\/\/lh3.googleusercontent.com\/pw\/ACtC-3cttOQPiemZBT9YFqZdR7N6i8cF2HnrXS6sMByraCyYXMv2B2zuSVeiToHxMjTlEMeRVUCCvJLioEAjdxJI0lZ_V8D5mgnOiuflSoEqOKAIgpRtiXV3wCWMWKZ8V_0VDz8Wv87N_a6l8Sa7ieJGLPwm=w2000-h1332-no?authuser=0\" width=\"1998\" height=\"1332\" alt=\"Keiko Ozaki, presidenta de la Asociaci\u00f3n de Transportistas\" class=\"size-medium\" \/><\/a><figcaption class=\"wp-caption-text\">Keiko Ozaki, presidenta de la Asociaci\u00f3n de Transportistas<\/figcaption><\/figure>\n<p>Este a\u00f1o, nuestros transportistas han vuelto a colaborar, sembrando antes de que cayera la nieve y cultivando las verduras con \u00e9xito. Hoy celebramos la gran inauguraci\u00f3n de la tienda de venta directa, Minoritch Hokuryu, y esperamos que todos la disfruten.<\/p>\n<p>\u00a1Entonces, el a\u00f1o fiscal 2020 ser\u00e1 la gran inauguraci\u00f3n de Minoritch Hokuryu!<\/p>\n<h2>\u00a1\u00a1\u00a1Obturador abierto!!!<\/h2>\n<p>\u2028<\/p>\n<h3>Una amplia selecci\u00f3n de verduras recogidas esa ma\u00f1ana.<\/h3>\n<figure class=\"wp-caption aligncenter\"><a href=\"https:\/\/photos.google.com\/share\/AF1QipPaMh65hLCXzAVrh-U2WWrF48f6v65ztRX9kYUynfTZpDz0alneR2ea-vZ5eo2QHg\/photo\/AF1QipPbPIj2zyyqEzzPdbTDJJzXz4chONETyztdNIs?key=UWNZVTZLN0k5Q0kzblZWOTNCOHNzR01JVGYxNU1B\" target=\"_blank\" rel=\"noopener noreferrer\"><img decoding=\"async\" src=\"https:\/\/lh3.googleusercontent.com\/pw\/ACtC-3ewWuC-lSpknovW3yD-6kCvthRUQUcxdZKuD-D2y6w0OUIpiMQJFUcAWd5j9MIXpM8JP8wx1c5jKWAHdAK_4UzcD7SeZO7jeqo1BPYsTmnqQSTQnzXeYmU0wmaPjCYJYRhkwmBEGw3ibgInhy9bvqJk=w2000-h1332-no?authuser=0\" width=\"1998\" height=\"1332\" alt=\"Bienvenida del personal\" class=\"size-medium\" \/><\/a><figcaption class=\"wp-caption-text\">Bienvenida del personal<\/figcaption><\/figure>\n<p>Dentro de la tienda, encontrar\u00e1 una amplia variedad de verduras recolectadas esa ma\u00f1ana, incluidas las especialidades de la ciudad de Hokuryu, &quot;Sand\u00eda girasol&quot; y &quot;Mel\u00f3n girasol&quot;, as\u00ed como bamb\u00fa princesa, mel\u00f3n raleado, repollo, br\u00f3coli, coliflor, guisantes, planta de hielo, r\u00e1bano, nabo, zanahoria, papa (Despertar del Inca), cebolla, calabac\u00edn, pepino, tomate, fresa y m\u00e1s.<\/p>\n<h4>Mel\u00f3n Hokuryu<\/h4>\n<figure class=\"wp-caption aligncenter\"><a href=\"https:\/\/photos.google.com\/share\/AF1QipPaMh65hLCXzAVrh-U2WWrF48f6v65ztRX9kYUynfTZpDz0alneR2ea-vZ5eo2QHg\/photo\/AF1QipPaEsD7fmdjKg17CtN6ux0Zhuwllr4hjI0_N2A?key=UWNZVTZLN0k5Q0kzblZWOTNCOHNzR01JVGYxNU1B\" target=\"_blank\" rel=\"noopener noreferrer\"><img decoding=\"async\" src=\"https:\/\/lh3.googleusercontent.com\/pw\/ACtC-3c1okH_AvmQPJz05KUABXlZb6rN-i1wYcfLmWgprfjr7LvtY7wYiX5Mg27HXAHdUjXhOLxXvODha35dgC5HMq8Xg7QxV-1PnnYXCCQcrV41typbwkwsSkMpE5MUjWl6exJpiz8_AjkpAjOw5_eq9mnT=w2000-h1332-no?authuser=0\" width=\"1998\" height=\"1332\" alt=\"Mel\u00f3n Hokuryu\" class=\"size-medium\" \/><\/a><figcaption class=\"wp-caption-text\">Mel\u00f3n Hokuryu<\/figcaption><\/figure>\n<h4>Girasol Sand\u00eda<\/h4>\n<figure class=\"wp-caption aligncenter\"><a href=\"https:\/\/photos.google.com\/share\/AF1QipPaMh65hLCXzAVrh-U2WWrF48f6v65ztRX9kYUynfTZpDz0alneR2ea-vZ5eo2QHg\/photo\/AF1QipM0TsbOVgk9edEsapnpa3aKqOOkD0a9eHJllS4?key=UWNZVTZLN0k5Q0kzblZWOTNCOHNzR01JVGYxNU1B\" target=\"_blank\" rel=\"noopener noreferrer\"><img decoding=\"async\" src=\"https:\/\/lh3.googleusercontent.com\/pw\/ACtC-3dfo8yv9JshjqyDbG9GPUTp1EAhIN_-1_M7m3aG0HXJQ27GcZ_zIDv1yNorhdlO9hzWj7WMYmTmqwhMTLwdJlUiPsnQNmJdgkeDprgWUdY2eIdYthoUIHhBmwxsjcdozcDLtqS4jxzbPrPAoxvxOxKd=w2000-h1332-no?authuser=0\" width=\"1998\" height=\"1332\" alt=\"Girasol Sand\u00eda\" class=\"size-medium\" \/><\/a><figcaption class=\"wp-caption-text\">Girasol Sand\u00eda<\/figcaption><\/figure>\n<h4>verduras frescas<\/h4>\n<p>\ufffc<br \/>\n<figure class=\"wp-caption aligncenter\"><a href=\"https:\/\/photos.google.com\/share\/AF1QipPaMh65hLCXzAVrh-U2WWrF48f6v65ztRX9kYUynfTZpDz0alneR2ea-vZ5eo2QHg\/photo\/AF1QipOLoxxw89mjqNkg8afSwiqxuLssaBJ-sZ_NLtc?key=UWNZVTZLN0k5Q0kzblZWOTNCOHNzR01JVGYxNU1B\" target=\"_blank\" rel=\"noopener noreferrer\"><img decoding=\"async\" src=\"https:\/\/lh3.googleusercontent.com\/pw\/ACtC-3fKsNxmrYRsviJeTzVhwTq0ZXKV_EvL-qJzZ1uG2VTq75CMZIgbN9f5B5IVkMtKA0Cf5yq8rkoRPOpPwLzSuTgC1BhDsZAeGDVb4D9u6oJUO_8kk6CL_A8QwM7pbEdjbC11CF_ifRvklzc49xn6lp_w=w2000-h1332-no?authuser=0\" width=\"1998\" height=\"1332\" alt=\"\u00a1Una amplia selecci\u00f3n de verduras frescas!\" class=\"size-medium\" \/><\/a><figcaption class=\"wp-caption-text\">\u00a1Una amplia selecci\u00f3n de verduras frescas!<\/figcaption><\/figure>\n<h4>Manualidades de mam\u00e1<\/h4>\n<p>Tambi\u00e9n se exhiben lindas artesan\u00edas hechas por madres.<br \/>\n\ufffc<br \/>\n<figure class=\"wp-caption aligncenter\"><a href=\"https:\/\/photos.google.com\/share\/AF1QipPaMh65hLCXzAVrh-U2WWrF48f6v65ztRX9kYUynfTZpDz0alneR2ea-vZ5eo2QHg\/photo\/AF1QipOr-HloWNCK-YIONhHPkoyOEsS1C8BDtS5m24g?key=UWNZVTZLN0k5Q0kzblZWOTNCOHNzR01JVGYxNU1B\" target=\"_blank\" rel=\"noopener noreferrer\"><img decoding=\"async\" src=\"https:\/\/lh3.googleusercontent.com\/pw\/ACtC-3dF-SEZC8_3zj15oRUjkf2pwjJAzc4kFb1-1aEGx_tCfKdjsVgmNg2NFmLAZiQ0Ux63Bdm4bNbL7O6D7DQIZ3c_wscOxVKdSkkiUFwV4qY5wGSRWzTL7df-uBJOXGVSLy_7ahDBwXRP6UCRCo-Y9RO1=w2000-h1332-no?authuser=0\" width=\"1998\" height=\"1332\" alt=\"Creaciones hechas a mano de mam\u00e1\" class=\"size-medium\" \/><\/a><figcaption class=\"wp-caption-text\">Creaciones hechas a mano de mam\u00e1<\/figcaption><\/figure>\n<h4>Pi\u00f1a de Bogor enviada directamente desde Okinawa<\/h4>\n<p>Las pi\u00f1as de Bogor, enviadas directamente desde Okinawa, son pi\u00f1as de Okinawa que se pueden cortar con las manos y comer hasta el coraz\u00f3n.<br \/>\n\ufffc<br \/>\n<figure class=\"wp-caption aligncenter\"><a href=\"https:\/\/photos.google.com\/share\/AF1QipPaMh65hLCXzAVrh-U2WWrF48f6v65ztRX9kYUynfTZpDz0alneR2ea-vZ5eo2QHg\/photo\/AF1QipN2-3zkXNjDsDiyxmpX-H7sGb9hOtS_s6XQd-E?key=UWNZVTZLN0k5Q0kzblZWOTNCOHNzR01JVGYxNU1B\" target=\"_blank\" rel=\"noopener noreferrer\"><img decoding=\"async\" src=\"https:\/\/lh3.googleusercontent.com\/pw\/ACtC-3fKEQ1BoxB5C-iqY1mDczqWQ0j5QzfzGKXJ0xZ67_t3pewQf-6VWM2SeSuWBr2fXdG7Ca9QjSFndL-IwNToHufFEcwwlNKEPPtxoEOtJI8tQvtdT7uT6jzwdrAxD5HRWwojynWhh67hGZerkkbVRVpT=w2000-h1332-no?authuser=0\" width=\"1998\" height=\"1332\" alt=\"Pi\u00f1a de Bogor de Okinawa\" class=\"size-medium\" \/><\/a><figcaption class=\"wp-caption-text\">Pi\u00f1a de Bogor de Okinawa<\/figcaption><\/figure>\n<h3>Bonitas pl\u00e1ntulas de flores como regalo.<\/h3>\n<p>\u00a1Los clientes que realicen una compra recibir\u00e1n una linda pl\u00e1ntula de flor (albahaca, capuchina (flor comestible), aster, etc.) como regalo!<br \/>\n\ufffc<br \/>\n<figure class=\"wp-caption aligncenter\"><a href=\"https:\/\/photos.google.com\/share\/AF1QipPaMh65hLCXzAVrh-U2WWrF48f6v65ztRX9kYUynfTZpDz0alneR2ea-vZ5eo2QHg\/photo\/AF1QipMjbG7ACgsdvJyXJxl3TnbbQFqnKeO6Wi5rgB8?key=UWNZVTZLN0k5Q0kzblZWOTNCOHNzR01JVGYxNU1B\" target=\"_blank\" rel=\"noopener noreferrer\"><img decoding=\"async\" src=\"https:\/\/lh3.googleusercontent.com\/pw\/ACtC-3fGxRYW7jDgkw73D2ddU9vO0EAjcTL-guSaHybSKrwFqr7TCtLnfshxWn1Qh_rXeiAkJXRDKpJFPnqYC6pls36gu41yi7GyzxT7xS1QLCDN0meuyy13f-_RGgAF6S9AlMqXLtSd9921MpqOYfQPuUWj=w2000-h1332-no?authuser=0\" width=\"1998\" height=\"1332\" alt=\"\u00a1Sorteo de pl\u00e1ntulas de flores!\" class=\"size-medium\" \/><\/a><figcaption class=\"wp-caption-text\">\u00a1Sorteo de pl\u00e1ntulas de flores!<\/figcaption><\/figure>\n<h3>Interior de tienda bullicioso<\/h3>\n<p>\ufffc<br \/>\n<figure class=\"wp-caption aligncenter\"><a href=\"https:\/\/photos.google.com\/share\/AF1QipPaMh65hLCXzAVrh-U2WWrF48f6v65ztRX9kYUynfTZpDz0alneR2ea-vZ5eo2QHg\/photo\/AF1QipNd11z_yyfAVPlNTIdyUe9Wgfv7g7DXLLLRMO0?key=UWNZVTZLN0k5Q0kzblZWOTNCOHNzR01JVGYxNU1B\" target=\"_blank\" rel=\"noopener noreferrer\"><img decoding=\"async\" src=\"https:\/\/lh3.googleusercontent.com\/pw\/ACtC-3ftSPT-2fKnRiCl7snLJWkwv5S3TKz3dq3kiRJHHvchmnNcw59qGeFOBp35X5wYV0fXRYRc1t_wZRu5ajI8QnOWN_pUvl4Mza-7LDqAqF8G3Zwt-T1Kl_RuJB3DT0RlKl0EFnicCypSgr3jTKJeVGGU=w2000-h1332-no?authuser=0\" width=\"1998\" height=\"1332\" alt=\"\u00a1\u00a1\u00a1Deliciosa sand\u00eda girasol y mel\u00f3n girasol!!!\" class=\"size-medium\" \/><\/a><figcaption class=\"wp-caption-text\">\u00a1\u00a1\u00a1Deliciosa sand\u00eda girasol y mel\u00f3n girasol!!!<\/figcaption><\/figure>\n<figure class=\"wp-caption aligncenter\"><a href=\"https:\/\/photos.google.com\/share\/AF1QipPaMh65hLCXzAVrh-U2WWrF48f6v65ztRX9kYUynfTZpDz0alneR2ea-vZ5eo2QHg\/photo\/AF1QipN9zzV2rINrlzqWrn6bQlQx_9spjNZ1mHm5Uwo?key=UWNZVTZLN0k5Q0kzblZWOTNCOHNzR01JVGYxNU1B\" target=\"_blank\" rel=\"noopener noreferrer\"><img decoding=\"async\" src=\"https:\/\/lh3.googleusercontent.com\/pw\/ACtC-3emQhF8S2rrSlsZZyAqIvk9_2nUmv8gkyeEWCGe3OZjQCPNC_4krdqCjv-0grV8_QV_ji80o_K-WzCSdGDRhSADaicDPDYQdSRinUBOOVeVqTkKDrhjdyX2jbUs0hXaPXlAcfjt_mTrJ9jDkfl_Wdxm=w2000-h1332-no?authuser=0\" width=\"1998\" height=\"1332\" alt=\"Clientes haciendo fila en la caja registradora...\" class=\"size-medium\" \/><\/a><figcaption class=\"wp-caption-text\">Clientes haciendo fila en la caja registradora...<\/figcaption><\/figure>\n<p>\u00a1Una amplia selecci\u00f3n de verduras recolectadas esa ma\u00f1ana, cultivadas con amor por productores de la ciudad de Hokuryu!<br \/>\nEsperamos que contin\u00fae apoyando las deliciosas verduras frescas de la tienda de venta directa de productos agr\u00edcolas y ganaderos de la ciudad de Hokuryu, Minoritch Hokuryu, tambi\u00e9n este a\u00f1o.<\/p>\n<figure class=\"wp-caption aligncenter\"><a href=\"https:\/\/photos.google.com\/share\/AF1QipPaMh65hLCXzAVrh-U2WWrF48f6v65ztRX9kYUynfTZpDz0alneR2ea-vZ5eo2QHg\/photo\/AF1QipNXGvP3YVfNtxV1q__so9CAC8nzSo9TgeWwSmc?key=UWNZVTZLN0k5Q0kzblZWOTNCOHNzR01JVGYxNU1B\" target=\"_blank\" rel=\"noopener noreferrer\"><img decoding=\"async\" src=\"https:\/\/lh3.googleusercontent.com\/pw\/ACtC-3dacq-jxqSS834BHyT17F1KgRP8IikMB7nccziEYv-kuWhIiAUrmfKjf31QmBv-VP7kguOtWFKXUodaA5ctcOruU_blue9x4p_skiBC0kw9n7W-6Sp5YgpWF_QJw8Vjxxcejuz9JlEPxpTdWtW7Zol0=w2000-h1332-no?authuser=0\" width=\"1998\" height=\"1332\" alt=\"Con infinita gratitud por las verduras frescas de Minoritch Hokuryu...\" class=\"size-medium\" \/><\/a><figcaption class=\"wp-caption-text\">Con infinita gratitud por las verduras frescas de Minoritch Hokuryu...<\/figcaption><\/figure>\n<h2>Otras fotos<\/h2>\n<p>\u30fb<a href=\"https:\/\/photos.google.com\/share\/AF1QipPaMh65hLCXzAVrh-U2WWrF48f6v65ztRX9kYUynfTZpDz0alneR2ea-vZ5eo2QHg?key=UWNZVTZLN0k5Q0kzblZWOTNCOHNzR01JVGYxNU1B\" rel=\"noopener noreferrer\" target=\"_blank\">Las fotos (33 fotos) de la tienda de venta directa de productos agr\u00edcolas y ganaderos de la ciudad de Hokuryu, Minoritch Hokuryu, est\u00e1n aqu\u00ed &gt;&gt;<\/a><\/p>\n<h2>Sitios relacionados<\/h2>\n<p>\u30fb<a href=\"https:\/\/www.facebook.com\/%E3%81%BF%E3%81%AE%E3%82%8A%E3%81%A3%E3%81%A1%E5%8C%97%E7%AB%9C-1576691705994631\/\" rel=\"noopener noreferrer\" target=\"_blank\">P\u00e1gina de Facebook escrita por el personal de Minoritch Hokuryu<\/a><br \/>\n\u3000<\/p>\n<p>\u25c7 Fotograf\u00eda y edici\u00f3n: Noboru Terauchi Entrevista y texto: Ikuko Terauchi<\/p>","protected":false},"excerpt":{"rendered":"<p>\uff12\uff10\uff12\uff10\u5e74\uff16\u6708\uff12\uff12\u65e5\uff08\u6708\uff09 \uff16\u6708\uff12\uff10\u65e5\uff08\u571f\uff09\u5348\u524d\uff19\u6642\u3001\u5317\u7adc\u753a\u8fb2\u755c\u7523\u7269\u76f4\u58f2\u6240 \u307f\u306e\u308a\u3063\u3061\u5317\u7adc\uff08\u539f\u7f8e\u7d00\u592b \u5e97\u9577\uff09\u304c\u3001\u4eca\u5e74\u5ea6\u30b0\u30e9\u30f3\u30c9\u30aa\u30fc\u30d7\u30f3! \u30b0\u30e9\u30f3\u30c9\u30aa\u30fc\u30d7\u30f3\u30fb\u30bb\u30ec\u30e2\u30cb\u30fc \u5317\u7adc\u592a\u9f13\u306e\u6f14\u594f \u30aa\u30fc\u30d7\u30f3\u3092\u8a18\u5ff5\u3057 [&hellip;]<\/p>\n","protected":false},"author":1,"featured_media":3203,"comment_status":"open","ping_status":"open","sticky":false,"template":"","format":"standard","meta":{"footnotes":""},"categories":[4,100],"tags":[],"class_list":["post-3202","post","type-post","status-publish","format-standard","has-post-thumbnail","hentry","category-cover-story","category-sunflower_watermelon"],"_links":{"self":[{"href":"https:\/\/portal.hokuryu.info\/es\/wp-json\/wp\/v2\/posts\/3202","targetHints":{"allow":["GET"]}}],"collection":[{"href":"https:\/\/portal.hokuryu.info\/es\/wp-json\/wp\/v2\/posts"}],"about":[{"href":"https:\/\/portal.hokuryu.info\/es\/wp-json\/wp\/v2\/types\/post"}],"author":[{"embeddable":true,"href":"https:\/\/portal.hokuryu.info\/es\/wp-json\/wp\/v2\/users\/1"}],"replies":[{"embeddable":true,"href":"https:\/\/portal.hokuryu.info\/es\/wp-json\/wp\/v2\/comments?post=3202"}],"version-history":[{"count":0,"href":"https:\/\/portal.hokuryu.info\/es\/wp-json\/wp\/v2\/posts\/3202\/revisions"}],"wp:featuredmedia":[{"embeddable":true,"href":"https:\/\/portal.hokuryu.info\/es\/wp-json\/wp\/v2\/media\/3203"}],"wp:attachment":[{"href":"https:\/\/portal.hokuryu.info\/es\/wp-json\/wp\/v2\/media?parent=3202"}],"wp:term":[{"taxonomy":"category","embeddable":true,"href":"https:\/\/portal.hokuryu.info\/es\/wp-json\/wp\/v2\/categories?post=3202"},{"taxonomy":"post_tag","embeddable":true,"href":"https:\/\/portal.hokuryu.info\/es\/wp-json\/wp\/v2\/tags?post=3202"}],"curies":[{"name":"wp","href":"https:\/\/api.w.org\/{rel}","templated":true}]}}