{"id":24052,"date":"2022-09-20T06:39:27","date_gmt":"2022-09-19T21:39:27","guid":{"rendered":"https:\/\/portal.hokuryu.info\/?p=24052"},"modified":"2022-09-20T08:22:05","modified_gmt":"2022-09-19T23:22:05","slug":"%e5%8c%97%e3%81%ae%e6%81%b5%e3%81%bf-%e9%a3%9f%e3%81%b9%e3%83%9e%e3%83%ab%e3%82%b7%e3%82%a7-2022%e3%83%bb%e9%a7%85%e3%83%9e%e3%83%ab%e3%82%b7%e3%82%a7%ef%bc%88%e6%97%ad%e5%b7%9d%e5%b8%82%ef%bc%89","status":"publish","type":"post","link":"https:\/\/portal.hokuryu.info\/es\/24052\/","title":{"rendered":"\u00a1La Cooperativa Empresarial Kurosengoku (Presidente Takada Yukio, Ciudad de Hokuryu) abrir\u00e1 un puesto en la Feria de Alimentos Northern Blessings 2022\/Eki Marche (Ciudad de Asahikawa)!"},"content":{"rendered":"<p>Martes 20 de septiembre de 2022<\/p>\n<p>&quot;Northern Blessings Tabe Marche 2022&quot; es un festival gourmet de oto\u00f1o que se celebrar\u00e1 en la ciudad de Asahikawa.<\/p>\n<p>Este a\u00f1o se celebra la und\u00e9cima edici\u00f3n del evento, que se celebrar\u00e1 por primera vez en tres a\u00f1os, durante tres d\u00edas, del 17 de septiembre (s\u00e1bado) al 19 de septiembre (lunes, festivo nacional). Aproximadamente 300 tiendas se reunir\u00e1n en el recinto, que se extiende a lo largo de 1,7 km en el centro de la ciudad.<\/p>\n<ul>\n<li><strong>evento:<\/strong>Centro de la ciudad de Asahikawa (plaza de la estaci\u00f3n de Asahikawa, parque comercial Heiwadori, v\u00eda verde Shichijo)<\/li>\n<li><strong>Organizador:<\/strong>Comit\u00e9 Ejecutivo de la Marcha de Alimentos de Northern Blessings<\/li>\n<li><strong>Coorganizado por:<\/strong>La sucursal de Hokkaido Shimbun Asahikawa<\/li>\n<\/ul>\n<h2>Mercado de alimentos\/Marca de la estaci\u00f3n (Plaza de la estaci\u00f3n)<\/h2>\n<p>Stands participantes alineados en el recinto del Heiwadori Shopping Park (fotografiados en la plataforma de la estaci\u00f3n Asahikawa).<\/p>\n<figure class=\"wp-caption aligncenter\"><a href=\"https:\/\/photos.google.com\/share\/AF1QipPkS9p0GW8IFHEst3BhUoOcemwpnID2DKveq_HA1PpsisDntPZjU80nKUGsr3kSaw\/photo\/AF1QipM5hmTRQO01hr3j0PjX_UI2v-Ml1L5L2oaWlZA?key=c1RfeEZWRTVsU200OGFlVmZibGNZX2ZoWTBJSTJn\" target=\"_blank\" rel=\"noopener\"><img decoding=\"async\" src=\"https:\/\/lh3.googleusercontent.com\/pw\/AL9nZEVsgBiZOebwLRTJWqsV8qcB8hBNkxeeXqYEsJX2m0ys8tIHrGTqoCRgNYW3-DzBaGYAte4i9ZbeGNS6krwnt9FgOqM1Ai5p5h__Hs0taeaTsQi1bJDB5MjFplXuPrmLGMvyaoROvxu8TDftgz9ikTkP=w2000-h1500-no?authuser=0\" width=\"2000\" height=\"1500\" alt=\"Stands participantes alineados en el parque comercial Heiwadori\" class=\"size-full\" \/><\/a><figcaption class=\"wp-caption-text\">Stands participantes alineados en el parque comercial Heiwadori<\/figcaption><\/figure>\n<figure class=\"wp-caption aligncenter\"><a href=\"https:\/\/photos.google.com\/share\/AF1QipPkS9p0GW8IFHEst3BhUoOcemwpnID2DKveq_HA1PpsisDntPZjU80nKUGsr3kSaw\/photo\/AF1QipOZiqKiQdjfgCFW_jcyoSmgYk7vmmGeU76NDX4?key=c1RfeEZWRTVsU200OGFlVmZibGNZX2ZoWTBJSTJn\" target=\"_blank\" rel=\"noopener\"><img decoding=\"async\" src=\"https:\/\/lh3.googleusercontent.com\/pw\/AL9nZEVFFOqS40RvX4HZnEh38CxxwJR9qy62haE6fAx-92xw3xo1khldB20p_lFCYohPUV3haCftBWl7fei2289MGL_ILDcZ9-6WkNZq6xvMYTrxvsJthro4jcZzrkqrM-P1PBaTWUY-kp803vZb_gn-qZHm=w2000-h1500-no?authuser=0\" width=\"2000\" height=\"1500\" alt=\"Los stands participantes se alinearon frente a la estaci\u00f3n de Asahikawa\" class=\"size-full\" \/><\/a><figcaption class=\"wp-caption-text\">Los stands participantes se alinearon frente a la estaci\u00f3n de Asahikawa<\/figcaption><\/figure>\n<h2>Abri\u00f3 una tienda dentro de la estaci\u00f3n de Asahikawa<\/h2>\n<p>\u00a1La Asociaci\u00f3n Cooperativa Empresarial Kurosengoku (Presidente Takada Yukio) de la ciudad de Hokuryu instalar\u00e1 un puesto en el interior de la estaci\u00f3n Asahikawa!<\/p>\n<p>La ubicaci\u00f3n de nuestro stand dentro de la estaci\u00f3n Asahikawa es el stand 62 en el vest\u00edbulo sur.<\/p>\n<figure class=\"wp-caption aligncenter\"><a href=\"https:\/\/photos.google.com\/share\/AF1QipPkS9p0GW8IFHEst3BhUoOcemwpnID2DKveq_HA1PpsisDntPZjU80nKUGsr3kSaw\/photo\/AF1QipMCid0_R6NHC-xfN1Y8MtgWbpXsZoKjHGMLHJ8?key=c1RfeEZWRTVsU200OGFlVmZibGNZX2ZoWTBJSTJn\" target=\"_blank\" rel=\"noopener\"><img decoding=\"async\" src=\"https:\/\/lh3.googleusercontent.com\/pw\/AL9nZEUW09npdJSAb5ZB7m7D4voyEEGonVdT_L7TUqceYefFNRS0NbNhLvLMJfuYOQWrhr8wRFDKmq6zvyWq-mAKanWOH_riruw9el-h1oEsDYwWrSzw4VxDadVuHEsjA06NZV8iI9r-Myx0xMeWV1Doh5TK=w2000-h1500-no?authuser=0\" width=\"2000\" height=\"1500\" alt=\"Mapa gu\u00eda del interior de la estaci\u00f3n de Asahikawa\" class=\"size-full\" \/><\/a><figcaption class=\"wp-caption-text\">Mapa gu\u00eda de la estaci\u00f3n de Asahikawa (1)<\/figcaption><\/figure>\n<figure class=\"wp-caption aligncenter\"><a href=\"https:\/\/photos.google.com\/share\/AF1QipPkS9p0GW8IFHEst3BhUoOcemwpnID2DKveq_HA1PpsisDntPZjU80nKUGsr3kSaw\/photo\/AF1QipPfYk4rvhjoDTn9zdnrPeu1ItXayDMZv8I-2cI?key=c1RfeEZWRTVsU200OGFlVmZibGNZX2ZoWTBJSTJn\" target=\"_blank\" rel=\"noopener\"><img decoding=\"async\" src=\"https:\/\/lh3.googleusercontent.com\/pw\/AL9nZEVepyiqSdHOWtpmu0OM4mwHDbPd_ptfCenv04kMUHCpEVbif_U4kaW0K_qFQIagCCOq2L6TOJ-aHNvPqGiY0cB4H6BfMnqtpUALh0rs9ktlVIh8-h9tZJBnV4Cr1sN51v9M57Y8_CtSZgaD2tpBi5_7=w2000-h1500-no?authuser=0\" width=\"2000\" height=\"1500\" alt=\"Mapa gu\u00eda del interior de la estaci\u00f3n de Asahikawa\" class=\"size-full\" \/><\/a><figcaption class=\"wp-caption-text\">Mapa gu\u00eda de la estaci\u00f3n de Asahikawa (2)<\/figcaption><\/figure>\n<h2>Asociaci\u00f3n Cooperativa Empresarial Kurosengoku<\/h2>\n<figure class=\"wp-caption aligncenter\"><a href=\"https:\/\/photos.google.com\/share\/AF1QipPkS9p0GW8IFHEst3BhUoOcemwpnID2DKveq_HA1PpsisDntPZjU80nKUGsr3kSaw\/photo\/AF1QipNHFCGFnKtE2lq9kpttQm1jndMtw3WBjWOUQbQ?key=c1RfeEZWRTVsU200OGFlVmZibGNZX2ZoWTBJSTJn\" target=\"_blank\" rel=\"noopener\"><img decoding=\"async\" src=\"https:\/\/lh3.googleusercontent.com\/pw\/AL9nZEU-t2n1DLS1VdocZg6eOCUS23GwjZxGqc_C3slA38J5fSJ41TEZdW2K8_wE6f-iYVqQe1Lsg_u7_SJ1FOpau1fC5oYbbJ63cUoUKbtzoS2WFZf5GWMW6T4dsi9YvJtifweN2scrnxRM19168IMFhgwV=w2000-h1500-no?authuser=0\" width=\"2000\" height=\"1500\" alt=\"En el stand de la Asociaci\u00f3n Cooperativa Empresarial de Kurosengoku\" class=\"size-full\" \/><\/a><figcaption class=\"wp-caption-text\">En el stand de la Asociaci\u00f3n Cooperativa Empresarial de Kurosengoku<\/figcaption><\/figure>\n<p>&quot;Esta es la primera marcha de la estaci\u00f3n en tres a\u00f1os. Vengan y disfruten de un Kurosengoku nutritivo y delicioso. Los esperamos&quot;, dijo el presidente Takada Yukio con una sonrisa.<\/p>\n<h3>Diversos productos de soja Kurosengoku<\/h3>\n<p>El stand estar\u00e1 repleto de una amplia gama de productos, entre ellos soja Kurosengoku, kinako Kurosengoku (harina de soja tostada), don Kurosengoku, copos de Kurosengoku, carne de soja Kurosengoku, t\u00e9 Kurosengoku, conjuntos de arroz con frijoles Kurosengoku, aderezo Kurosengoku, aceite de girasol y m\u00e1s.<\/p>\n<figure class=\"wp-caption aligncenter\"><a href=\"https:\/\/photos.google.com\/share\/AF1QipPkS9p0GW8IFHEst3BhUoOcemwpnID2DKveq_HA1PpsisDntPZjU80nKUGsr3kSaw\/photo\/AF1QipNi89FSK07pfi5zpdxjAF1eeaB6osS6UHU9JF4?key=c1RfeEZWRTVsU200OGFlVmZibGNZX2ZoWTBJSTJn\" target=\"_blank\" rel=\"noopener\"><img decoding=\"async\" src=\"https:\/\/lh3.googleusercontent.com\/pw\/AL9nZEWOD44wsHI1NhfItmtGAfgST2ilDz__WgYyLowa-Loroev0xkUUPb5DNo6hamj2MUBnGBHL6YspBB5UDWsTeHEDF-CsvKBWjcF99bz6UxyYOWyiHg6brT1a3yjlmgR9zMmc4pi7MlBALOyIwDW9zDyy=w2000-h1500-no?authuser=0\" width=\"2000\" height=\"1500\" alt=\"Diversas semillas de soja Kurosengoku\" class=\"size-full\" \/><\/a><figcaption class=\"wp-caption-text\">Diversas semillas de soja Kurosengoku<\/figcaption><\/figure>\n<h3>Aceite de girasol, aderezos, etc.<\/h3>\n<figure class=\"wp-caption aligncenter\"><a href=\"https:\/\/photos.google.com\/share\/AF1QipPkS9p0GW8IFHEst3BhUoOcemwpnID2DKveq_HA1PpsisDntPZjU80nKUGsr3kSaw\/photo\/AF1QipPY2EzSHCSd0REflz9VE8rb_lK3bhCB0f2gDDs?key=c1RfeEZWRTVsU200OGFlVmZibGNZX2ZoWTBJSTJn\" target=\"_blank\" rel=\"noopener\"><img decoding=\"async\" src=\"https:\/\/lh3.googleusercontent.com\/pw\/AL9nZEVkLOPKgN_uf1_L7LzqRGTTaUQ4laaS9wbX-MkyoafczGSjY9y4_T6rnv4YWG3QKQuajxP4WSPqb3n6JtoNCJf2wUNga_i7FJXnhNGP9kkdtItAlmDRq285g4QtXbCmgdci22GsHPCl0VfIEqSQm2Fx=w2000-h1500-no?authuser=0\" width=\"2000\" height=\"1500\" alt=\"Aceite de girasol, aderezos, etc.\" class=\"size-full\" \/><\/a><figcaption class=\"wp-caption-text\">Aceite de girasol, aderezos, etc.<\/figcaption><\/figure>\n<h3>Carne de soja Kurosengoku<\/h3>\n<p>Carne de soja Kurosengoku (elaborada mediante la extracci\u00f3n del aceite de la soja Kurosengoku, su posterior calentamiento, presurizaci\u00f3n y secado a altas temperaturas). Se exhiben carteles con instrucciones detalladas sobre su elaboraci\u00f3n, la preparaci\u00f3n de la soja Kurosengoku y recetas originales.<\/p>\n<figure class=\"wp-caption aligncenter\"><a href=\"https:\/\/photos.google.com\/share\/AF1QipPkS9p0GW8IFHEst3BhUoOcemwpnID2DKveq_HA1PpsisDntPZjU80nKUGsr3kSaw\/photo\/AF1QipOpigJvDM1Wa7M6DzzfVGLEO_HxpaeYQJGuZtM?key=c1RfeEZWRTVsU200OGFlVmZibGNZX2ZoWTBJSTJn\" target=\"_blank\" rel=\"noopener\"><img decoding=\"async\" src=\"https:\/\/lh3.googleusercontent.com\/pw\/AL9nZEVlSBTSHoAEJONYH06oY8E15bW7lHoSTWigtdXm6-MoYSGddY8lvtrGLM8fkrKWgLD7m_fAx7AO0oVrMSz0iSnmXg4Mib97P-O4V119ej2--OqaIaB50QFbC3d5DCEPznwjn4MalKPGZlcJcF6Y94cX=w2000-h1500-no?authuser=0\" width=\"2000\" height=\"1500\" alt=\"Carne de soja Kurosengoku (aceite extra\u00eddo de la soja Kurosengoku, calentado y presurizado, y secado a alta temperatura)\" class=\"size-full\" \/><\/a><figcaption class=\"wp-caption-text\">Carne de soja Kurosengoku (aceite extra\u00eddo de la soja Kurosengoku, calentado y presurizado, y secado a alta temperatura)<\/figcaption><\/figure>\n<h4>Receta de carne de soja Kurosengoku (ejemplos de preparaci\u00f3n y cocci\u00f3n)<\/h4>\n<figure class=\"wp-caption aligncenter\"><a href=\"https:\/\/photos.google.com\/share\/AF1QipPkS9p0GW8IFHEst3BhUoOcemwpnID2DKveq_HA1PpsisDntPZjU80nKUGsr3kSaw\/photo\/AF1QipOHDTyGhgemC_qSI-EOgL9PbzRUETL0NpEbNT8?key=c1RfeEZWRTVsU200OGFlVmZibGNZX2ZoWTBJSTJn\" target=\"_blank\" rel=\"noopener\"><img decoding=\"async\" src=\"https:\/\/lh3.googleusercontent.com\/pw\/AL9nZEXwAZSXXR91PBokm0bbDzWa9bVpJdD3nbB4e9RD1lpRuzwOb63kczHe9s_u6lPDiEfNU8C4mMQ3Et8Fr8vJP8uyYSvAZuiaDxkrURuBKy9_qkOiINTkbxlYeJ_gAX4yO269vrAYA1DydkkoMBjxV1yH=w2000-h1500-no?authuser=0\" width=\"2000\" height=\"1500\" alt=\"Ejemplo de preparaci\u00f3n y cocci\u00f3n de carne de soja Kurosengoku\" class=\"size-full\" \/><\/a><figcaption class=\"wp-caption-text\">Ejemplo de preparaci\u00f3n y cocci\u00f3n de carne de soja Kurosengoku<\/figcaption><\/figure>\n<h3>Aderezo de aceite de girasol y soja Kurosengoku, aceite de girasol<\/h3>\n<p>\u00a1Caracter\u00edsticas, usos y m\u00e9todos de consumo del aderezo de aceite de girasol y soja Kurosengoku, el aceite de girasol de primer prensado y el aceite de girasol Sansan!<\/p>\n<figure class=\"wp-caption aligncenter\"><a href=\"https:\/\/photos.google.com\/share\/AF1QipPkS9p0GW8IFHEst3BhUoOcemwpnID2DKveq_HA1PpsisDntPZjU80nKUGsr3kSaw\/photo\/AF1QipOAWcZyARf9wJTCCqyDE8BOVvGYivkc3oRntb4?key=c1RfeEZWRTVsU200OGFlVmZibGNZX2ZoWTBJSTJn\" target=\"_blank\" rel=\"noopener\"><img decoding=\"async\" src=\"https:\/\/lh3.googleusercontent.com\/pw\/AL9nZEXZ6s3s-lOg22a2ezi-Uad3eZ4KuYXkxgUHl-TBgGaT5--XHRgTuPdJcbXDn2DT48huWGK8C0UBGmXCm6qyxYU6ggxzQxtMeGHvvX9hGk15Jj6CjxA9tMEVTQZKapk28hKXtyzb9kMzEYtb0sddqlMR=w2000-h1500-no?authuser=0\" width=\"2000\" height=\"1500\" alt=\"varios aceites de girasol\" class=\"size-full\" \/><\/a><figcaption class=\"wp-caption-text\">varios aceites de girasol<\/figcaption><\/figure>\n<h2>Con el personal del Banco Kita Sorachi Shinkin<\/h2>\n<figure class=\"wp-caption aligncenter\"><a href=\"https:\/\/photos.google.com\/share\/AF1QipPkS9p0GW8IFHEst3BhUoOcemwpnID2DKveq_HA1PpsisDntPZjU80nKUGsr3kSaw\/photo\/AF1QipOqShpvfEq3JIeAB8j9GtG_H5kJAqz35UtUuhU?key=c1RfeEZWRTVsU200OGFlVmZibGNZX2ZoWTBJSTJn\" target=\"_blank\" rel=\"noopener\"><img decoding=\"async\" src=\"https:\/\/lh3.googleusercontent.com\/pw\/AL9nZEVE-qLKJHABFxrTZKZD1O7yJ9aN9C8Q27xREfwkADxFOTfZ82tuGpB9kMlBgXj_XNWYqrZyjuc19ysw7luua11x2CeH1Er_9e-HmpnazhqwcMov8MPGX_CMoWxidqdi8CV7p9dsw7FvqSv-O5xhwVoT=w2000-h1500-no?authuser=0\" width=\"2000\" height=\"1500\" alt=\"Con el personal del Banco Kita Sorachi Shinkin\" class=\"size-full\" \/><\/a><figcaption class=\"wp-caption-text\">Con el personal del Banco Kita Sorachi Shinkin<\/figcaption><\/figure>\n<p>\u00a1El presidente Takada y los dem\u00e1s miembros del personal estaban all\u00ed con sonrisas en sus caras!<br \/>\n\u00a1Estoy muy agradecida por este maravilloso encuentro con la nutritiva y deliciosa soja Kurosengoku!<\/p>\n<h2>El presidente Yukio Takada habla con los clientes sobre el atractivo de la soja Kurosengoku.<\/h2>\n<figure class=\"wp-caption aligncenter\"><a href=\"https:\/\/photos.google.com\/share\/AF1QipPkS9p0GW8IFHEst3BhUoOcemwpnID2DKveq_HA1PpsisDntPZjU80nKUGsr3kSaw\/photo\/AF1QipNj1dDiuviWsaFrY2sNr3RadapS1klTE2RlbNU?key=c1RfeEZWRTVsU200OGFlVmZibGNZX2ZoWTBJSTJn\" target=\"_blank\" rel=\"noopener\"><img decoding=\"async\" src=\"https:\/\/lh3.googleusercontent.com\/pw\/AL9nZEWwahEKnjdI3x2dFW1WlkSx4-CTEUT3_WOrLbYJNfKpfX4_A4fEhEpTyHermKuHNyz3iPi7gi_r5wgDsMt_salHhxtCdGUySlMik3LxaVNwL3pRg5Ge-HIBea7d_NS2SF3V1QlnoGeHxn3t-gnqJeJV=w2000-h1500-no?authuser=0\" width=\"2000\" height=\"1500\" alt=\"El presidente Takada explica el atractivo de la soja Kurosengoku\" class=\"size-full\" \/><\/a><figcaption class=\"wp-caption-text\">El presidente Takada explica el atractivo de la soja Kurosengoku<\/figcaption><\/figure>\n<h3>Me atrajo el stand de Kurosengoku...<\/h3>\n<figure class=\"wp-caption aligncenter\"><a href=\"https:\/\/photos.google.com\/share\/AF1QipPkS9p0GW8IFHEst3BhUoOcemwpnID2DKveq_HA1PpsisDntPZjU80nKUGsr3kSaw\/photo\/AF1QipNPEQnB3EJXaJebtgXqhK-IC302U-d8-pFp358?key=c1RfeEZWRTVsU200OGFlVmZibGNZX2ZoWTBJSTJn\" target=\"_blank\" rel=\"noopener\"><img decoding=\"async\" src=\"https:\/\/lh3.googleusercontent.com\/pw\/AL9nZEWm1DSRJMlA_KiylTQr2dpCfQcF0S2Ry4G2vt7IQWSBqIPahF48o5PO27frQFoDVWrwbrNLexwDVKRIFBwPRHiII9la0s8EiPxOovwF73dlGbU-t4u91lvVLKcYSWGee4GVYUxaA-U3VnCIkHjE6tqW=w2000-h1500-no?authuser=0\" width=\"2000\" height=\"1500\" alt=\"Me atrajo el stand de Kurosengoku...\" class=\"size-full\" \/><\/a><figcaption class=\"wp-caption-text\">Me atrajo el stand de Kurosengoku...<\/figcaption><\/figure>\n<h2>Un mercado de estaci\u00f3n donde se re\u00fane mucha gente.<\/h2>\n<figure class=\"wp-caption aligncenter\"><a href=\"https:\/\/photos.google.com\/share\/AF1QipPkS9p0GW8IFHEst3BhUoOcemwpnID2DKveq_HA1PpsisDntPZjU80nKUGsr3kSaw\/photo\/AF1QipM4qAnXaGdqg72AAtUv6VCjY4DeGYeEVawE2HM?key=c1RfeEZWRTVsU200OGFlVmZibGNZX2ZoWTBJSTJn\" target=\"_blank\" rel=\"noopener\"><img decoding=\"async\" src=\"https:\/\/lh3.googleusercontent.com\/pw\/AL9nZEWpDQx16L8FfxEUkuYpG3gso3rqRIvIVrNn5NBzKZljGOb-IeaNyDdIH9V_wXfhK-ggTie5pGLfGgjDmUIjphdQJrz5aJvFrgmqfk9_62qWkkQ-fb8oHT7HN7AWPraiSxaf3BKMCnRGH4oNDUDLqCaE=w2000-h1500-no?authuser=0\" width=\"2000\" height=\"1500\" alt=\"Un mercado de estaci\u00f3n donde se re\u00fane mucha gente.\" class=\"size-full\" \/><\/a><figcaption class=\"wp-caption-text\">Un mercado de estaci\u00f3n donde se re\u00fane mucha gente.<\/figcaption><\/figure>\n<p>Con infinito amor, gratitud y oraciones, ofrecemos nuestro m\u00e1s sincero agradecimiento al &quot;Northern Blessings Food Marche 2022&quot;, un festival gastron\u00f3mico que permitir\u00e1 a las personas descubrir los encantos de la comida local, encontrarse con nuevos alimentos y conectarse con la pasi\u00f3n de los productores.<\/p>\n<figure class=\"wp-caption aligncenter\"><a href=\"https:\/\/photos.google.com\/share\/AF1QipPkS9p0GW8IFHEst3BhUoOcemwpnID2DKveq_HA1PpsisDntPZjU80nKUGsr3kSaw\/photo\/AF1QipOBBK1OzRfylNTNDd4YFiszZHnLfXVBW0xEjBw?key=c1RfeEZWRTVsU200OGFlVmZibGNZX2ZoWTBJSTJn\" target=\"_blank\" rel=\"noopener\"><img decoding=\"async\" src=\"https:\/\/lh3.googleusercontent.com\/pw\/AL9nZEXAa-iBSoTZkZtghcfpbsD0COEthTevEK-ao2myblVGyuqe6u5UYRn73pKr3jd7xo-j7FpWEshMcWPZsxQSYMiZ1nHb_l_CXIgufleTEDS68gzIx0Ml4-gQfTdbMvZX4JhqIJ3Z3fvakIeIaIwrmBtJ=w2000-h1500-no?authuser=0\" width=\"2000\" height=\"1500\" alt=\"Con sincero agradecimiento al festival gastron\u00f3mico &quot;Tabe Marche 2022&quot;...\" class=\"size-full\" \/><\/a><figcaption class=\"wp-caption-text\">Con sincero agradecimiento al festival gastron\u00f3mico &quot;Tabe Marche 2022&quot;...<\/figcaption><\/figure>\n<h2>V\u00eddeos de YouTube<\/h2>\n<div class=\"youtube\"><iframe title=\"La Cooperativa Empresarial Kurosengoku abrir\u00e1 una tienda en la Estaci\u00f3n de Alimentos Northern Blessings Marche, Marche 2022\" src=\"https:\/\/www.youtube.com\/embed\/QA5CoCUvCr4?feature=oembed\" frameborder=\"0\" allow=\"accelerometer; autoplay; clipboard-write; encrypted-media; gyroscope; picture-in-picture\" allowfullscreen><\/iframe><\/div>\n<h2>Otras fotos<\/h2>\n<div class=\"img-move\">\n<img decoding=\"async\" src=\"https:\/\/ehokkaido.net\/wp-content\/uploads\/2021\/12\/2021-12-06-11.41.12.png\" style=\"vertical-align:middle;\"> <a href=\"https:\/\/photos.google.com\/share\/AF1QipPkS9p0GW8IFHEst3BhUoOcemwpnID2DKveq_HA1PpsisDntPZjU80nKUGsr3kSaw?key=c1RfeEZWRTVsU200OGFlVmZibGNZX2ZoWTBJSTJn\" target=\"_blank\" rel=\"noopener noreferrer\">La Cooperativa Empresarial Kurosengoku estar\u00e1 presente en la Feria de Alimentos Northern Blessings 2022 y en la Feria de la Estaci\u00f3n (Asahikawa). Haga clic aqu\u00ed para ver 32 fotos &gt;&gt;<\/a><\/div>\n<h2>Art\u00edculos relacionados<\/h2>\n<p><center><iframe src=\"https:\/\/www.facebook.com\/plugins\/post.php?href=https%3A%2F%2Fwww.facebook.com%2Fhokuryunow%2Fposts%2Fpfbid0LeJCwbMaW9DDQs3t1KUe6S9bpg5fAwWEwkUYtErCrDFaVM35e1F5Ft2TZrZDV6Cil&#038;show_text=true&#038;width=500\" width=\"500\" height=\"729\" style=\"border:none;overflow:hidden\" scrolling=\"no\" frameborder=\"0\" allowfullscreen=\"true\" allow=\"autoplay; clipboard-write; encrypted-media; picture-in-picture; web-share\"><\/iframe><\/center><\/p>\n\n        <div class=\"site-blogcard-premium\">\n            <div class=\"bc-label-custom\">Art\u00edculos relacionados<\/div>\n            <div class=\"bc-flex-container\">\n                <div class=\"bc-main-text\">\n                    <div class=\"bc-title-link-box\">\n                        <a href=\"https:\/\/portal.hokuryu.info\/es\/topics\/agri\/20140916.html\/\" target=\"_blank\">La Asociaci\u00f3n Cooperativa Empresarial Kurosengoku abre un puesto en Eki Marche 2014 (Ciudad de Asahikawa) - Portal de la ciudad de Hokuryu (Hokkaido): el pueblo de girasoles n\u00famero 1 de Jap\u00f3n<\/a>\n                    <\/div>\n                    <div class=\"bc-excerpt-box\">Les presentamos el presente de una ciudad vibrante con una poblaci\u00f3n de 2100 habitantes y una tasa de envejecimiento de 40%. Como girasoles, las familias viven en armon\u00eda...<\/div>\n                <\/div>\n                <div class=\"bc-thumbnail-box\">\n                    <a href=\"https:\/\/portal.hokuryu.info\/es\/topics\/agri\/20140916.html\/\" target=\"_blank\">\n                        <div class=\"bc-img-zoom-wrap\">\n                            <img decoding=\"async\" src=\"https:\/\/lh4.googleusercontent.com\/-NDHJkDLr5qk\/VBVvG_8TTwI\/AAAAAAABc4E\/Jgf4XsDD4lc\/w1306-h865-no\/K5%2B63139\" alt=\"La Asociaci\u00f3n Cooperativa Empresarial Kurosengoku abre un puesto en Eki Marche 2014 (Ciudad de Asahikawa) - Portal de la ciudad de Hokuryu (Hokkaido): el pueblo de girasoles n\u00famero 1 de Jap\u00f3n\">\n                        <\/div>\n                    <\/a>\n                <\/div>\n            <\/div>\n        <\/div>\n<p>\u25c7 Fotograf\u00eda y edici\u00f3n: Noboru Terauchi Entrevista y texto: Ikuko Terauchi<\/p>","protected":false},"excerpt":{"rendered":"<p>\uff12\uff10\uff12\uff12\u5e74\uff19\u6708\uff12\uff10\u65e5\uff08\u706b\uff09 \u65ed\u5ddd\u5e02\u3067\u958b\u50ac\u3055\u308c\u308b\u79cb\u306e\u30b0\u30eb\u30e1\u30d5\u30a7\u30b9\u30c6\u30a3\u30d0\u30eb\u300c\u5317\u306e\u6075\u307f \u98df\u3079\u30de\u30eb\u30b7\u30a7 2022\u300d\u3002 \u958b\u50ac\uff11\uff11\u5e74\u76ee\u3068\u306a\u308b\u4eca\u5e74\u306f\u3001\uff19\u6708\uff11\uff17\u65e5\uff08\u571f\uff09\u301c\uff19\u6708\uff11\uff19\u65e5\uff08\u6708\u30fb\u795d\uff09\u306e\uff13\u65e5\u9593\u3001\uff13\u5e74\u3076\u308a\u306e\u958b\u50ac\u3068 [&hellip;]<\/p>\n","protected":false},"author":1,"featured_media":24054,"comment_status":"open","ping_status":"open","sticky":false,"template":"","format":"standard","meta":{"footnotes":""},"categories":[4,9],"tags":[],"class_list":["post-24052","post","type-post","status-publish","format-standard","has-post-thumbnail","hentry","category-cover-story","category-kurosengoku"],"_links":{"self":[{"href":"https:\/\/portal.hokuryu.info\/es\/wp-json\/wp\/v2\/posts\/24052","targetHints":{"allow":["GET"]}}],"collection":[{"href":"https:\/\/portal.hokuryu.info\/es\/wp-json\/wp\/v2\/posts"}],"about":[{"href":"https:\/\/portal.hokuryu.info\/es\/wp-json\/wp\/v2\/types\/post"}],"author":[{"embeddable":true,"href":"https:\/\/portal.hokuryu.info\/es\/wp-json\/wp\/v2\/users\/1"}],"replies":[{"embeddable":true,"href":"https:\/\/portal.hokuryu.info\/es\/wp-json\/wp\/v2\/comments?post=24052"}],"version-history":[{"count":0,"href":"https:\/\/portal.hokuryu.info\/es\/wp-json\/wp\/v2\/posts\/24052\/revisions"}],"wp:featuredmedia":[{"embeddable":true,"href":"https:\/\/portal.hokuryu.info\/es\/wp-json\/wp\/v2\/media\/24054"}],"wp:attachment":[{"href":"https:\/\/portal.hokuryu.info\/es\/wp-json\/wp\/v2\/media?parent=24052"}],"wp:term":[{"taxonomy":"category","embeddable":true,"href":"https:\/\/portal.hokuryu.info\/es\/wp-json\/wp\/v2\/categories?post=24052"},{"taxonomy":"post_tag","embeddable":true,"href":"https:\/\/portal.hokuryu.info\/es\/wp-json\/wp\/v2\/tags?post=24052"}],"curies":[{"name":"wp","href":"https:\/\/api.w.org\/{rel}","templated":true}]}}