{"id":7738,"date":"2021-02-25T06:38:16","date_gmt":"2021-02-24T21:38:16","guid":{"rendered":"https:\/\/portal.hokuryu.info\/?p=7738"},"modified":"2021-03-03T08:17:38","modified_gmt":"2021-03-02T23:17:38","slug":"poct-7738","status":"publish","type":"post","link":"https:\/\/portal.hokuryu.info\/az\/7738\/","title":{"rendered":"Hokuryu \u015f\u0259h\u0259rinin meri Yutaka Sanonun f\u0259aliyy\u0259t hesabat\u0131: 24 fevral (\u00e7\u0259r\u015f\u0259nb\u0259 g\u00fcn\u00fc) Sorachi H\u0259rt\u0259r\u0259fli \u0130nki\u015faf Assosiasiyas\u0131n\u0131n \u0130dar\u0259 Hey\u0259tind\u0259, Ba\u015f Assambleyada v\u0259 Prezident v\u0259 Vitse-Prezident Y\u0131\u011f\u0131nca\u011f\u0131nda (\u0130vamizava \u015f\u0259h\u0259ri)"},"content":{"rendered":"<p>25 fevral 2021-ci il, c\u00fcm\u0259 ax\u015fam\u0131<\/p>\n<p>\u25ceQ\u0131\u015f t\u0259zyiqi modeli g\u00fccl\u00fc idi v\u0259 Bibai v\u0259 \u0130vamizava g\u00fccl\u00fc qar v\u0259 \u00e7ov\u011funa m\u0259ruz qald\u0131. Oraya v\u0259 geri qay\u0131tma\u011f\u0131m\u0131z 3,5 saat \u00e7\u0259kdi (c\u0259mi 7 saat) v\u0259 \u00e7ox \u00e7\u0259tin oldu\ud83c\udf3b<\/p>\n<p><center><iframe src=\"https:\/\/www.facebook.com\/plugins\/post.php?href=https%3A%2F%2Fwww.facebook.com%2Fpermalink.php%3Fstory_fbid%3D4127407910637123%26id%3D1127218337322777&#038;width=500&#038;show_text=true&#038;appId=2120557428217603&#038;height=708\" width=\"500\" height=\"708\" style=\"border:none;overflow:hidden\" scrolling=\"no\" frameborder=\"0\" allowfullscreen=\"true\" allow=\"autoplay; clipboard-write; encrypted-media; picture-in-picture; web-share\"><\/iframe><\/center><\/p>","protected":false},"excerpt":{"rendered":"<p>C\u00fcm\u0259 ax\u015fam\u0131, 25 fevral 2021 \u25ceQ\u0131\u015f t\u0259zyiqi modeli g\u00fccl\u0259ndi v\u0259 Bibai v\u0259 \u0130vamizava g\u00fccl\u00fc qar v\u0259 \u00e7ov\u011fun ya\u015fad\u0131. Oraya gedib-qay\u0131tma\u011f\u0131m\u0131z 3,5 saat \u00e7\u0259kdi (c\u0259mi 7 saat) v\u0259 \u00e7ox \u00e7\u0259tin oldu\ud83c\udf3b<\/p>","protected":false},"author":1,"featured_media":7740,"comment_status":"open","ping_status":"open","sticky":false,"template":"","format":"standard","meta":{"footnotes":""},"categories":[5],"tags":[],"class_list":["post-7738","post","type-post","status-publish","format-standard","has-post-thumbnail","hentry","category-sano-yutaka-formermayor"],"_links":{"self":[{"href":"https:\/\/portal.hokuryu.info\/az\/wp-json\/wp\/v2\/posts\/7738","targetHints":{"allow":["GET"]}}],"collection":[{"href":"https:\/\/portal.hokuryu.info\/az\/wp-json\/wp\/v2\/posts"}],"about":[{"href":"https:\/\/portal.hokuryu.info\/az\/wp-json\/wp\/v2\/types\/post"}],"author":[{"embeddable":true,"href":"https:\/\/portal.hokuryu.info\/az\/wp-json\/wp\/v2\/users\/1"}],"replies":[{"embeddable":true,"href":"https:\/\/portal.hokuryu.info\/az\/wp-json\/wp\/v2\/comments?post=7738"}],"version-history":[{"count":0,"href":"https:\/\/portal.hokuryu.info\/az\/wp-json\/wp\/v2\/posts\/7738\/revisions"}],"wp:featuredmedia":[{"embeddable":true,"href":"https:\/\/portal.hokuryu.info\/az\/wp-json\/wp\/v2\/media\/7740"}],"wp:attachment":[{"href":"https:\/\/portal.hokuryu.info\/az\/wp-json\/wp\/v2\/media?parent=7738"}],"wp:term":[{"taxonomy":"category","embeddable":true,"href":"https:\/\/portal.hokuryu.info\/az\/wp-json\/wp\/v2\/categories?post=7738"},{"taxonomy":"post_tag","embeddable":true,"href":"https:\/\/portal.hokuryu.info\/az\/wp-json\/wp\/v2\/tags?post=7738"}],"curies":[{"name":"wp","href":"https:\/\/api.w.org\/{rel}","templated":true}]}}