{"id":64964,"date":"2025-10-14T11:36:17","date_gmt":"2025-10-14T02:36:17","guid":{"rendered":"https:\/\/portal.hokuryu.info\/?p=64964"},"modified":"2025-10-31T14:52:08","modified_gmt":"2025-10-31T05:52:08","slug":"hokuryu-town-sapporo-autumn-fest-2025-d%c9%99-magaza-acacaq-dusunc%c9%99l%c9%99r","status":"publish","type":"post","link":"https:\/\/portal.hokuryu.info\/az\/64964\/","title":{"rendered":"Hokuryu Town Sapporo Pay\u0131z Fest 2025-d\u0259 t\u00f6vl\u0259 a\u00e7acaq! \u015e\u0259fq\u0259t v\u0259 g\u00fcl\u00fcms\u0259m\u0259 dair\u0259si"},"content":{"rendered":"<p>\u00c7\u0259r\u015f\u0259nb\u0259, 8 oktyabr 2025-ci il<\/p>\n<div class=\"ep-box es-BpaperRight es-grid bgc-VPsky\">Sapporo Autumn Fest 2025 Sapporoda pay\u0131z\u0131 r\u0259ngl\u0259ndir\u0259c\u0259k. Burada, Hokuryu Town \u00fcr\u0259ka\u00e7an &quot;harmoniya ruhu&quot; t\u0259qdim etdi. H\u0259r bir \u00e7\u00f6m\u00e7\u0259 t\u0259z\u0259 y\u0131\u011f\u0131lm\u0131\u015f d\u00fcy\u00fc istehsal\u00e7\u0131lar\u0131n minn\u0259tdarl\u0131\u011f\u0131 v\u0259 onu yey\u0259nl\u0259r\u0259 diqq\u0259ti il\u0259 doludur. N\u00f6vb\u0259nin sonunda pul m\u00fcbadil\u0259sind\u0259n daha \u00e7ox \u015fey var idi; g\u00fcv\u0259n v\u0259 t\u0259b\u0259ss\u00fcm m\u00fcbadil\u0259si oldu. Bu, ki\u00e7ik bir \u015f\u0259h\u0259rin vicdanl\u0131 \u0259m\u0259yind\u0259n do\u011fan dol\u011fun bir g\u00fcn\u00fcn hekay\u0259sidir.<\/div>\n<h2>Hokuryu Town Sapporo Pay\u0131z Fest 2025-d\u0259 t\u00f6vl\u0259 a\u00e7acaq! Xeyirxahl\u0131q v\u0259 g\u00fcl\u00fcms\u0259m\u0259 dair\u0259si<\/h2>\n<h3>Sapporo Pay\u0131z Festival\u0131 2025: \u015eimal torpa\u011f\u0131n\u0131n l\u00fctf\u00fcn\u00fcn qeyd edilm\u0259si<\/h3>\n<p>Hokuryu Town, Sapporo Pay\u0131z Fest 2025-in son v\u0259 d\u00f6rd\u00fcnc\u00fc d\u00f6vrl\u0259rind\u0259 (2-4 oktyabr) t\u00f6vl\u0259 a\u00e7acaq!<\/p>\n<figure class=\"wp-caption aligncenter\"><a href=\"https:\/\/photos.google.com\/share\/AF1QipMHfIJM7jhCOqbUGpj3X9LZlvqM5N2ptrohsLqpQrKOwth1hbomA2mBxmGDmeAKgw\/photo\/AF1QipNarKDMRcbE6pazRfHjxpfbz6Troe-zAcDAdzA?key=bm1yZGpOVGtvSkxUQVdzR044aTM5UU1BTmtaSzVR\" target=\"_blank\"><img decoding=\"async\" src=\"https:\/\/lh3.googleusercontent.com\/pw\/AP1GczM6fLQPuNHjk2h2ADY6NoNviLAB0uTcYSNpzJI13uMJlc8WKBZe5tr0WFBWDmMx3lliD7urPl2cKKnZaFn_5yLZKnow0_DDant1EUxsrKCRsLJYYn_Rev_YuHoksrFiWPBRBQb5FCz0ysFBsWyU7IRf=w2000-h1500-s-no-gm?authuser=0\" width=\"2000\" height=\"1500\" alt=\"Hokkaydo Market (8-ci chome sah\u0259si)\" class=\"size-medium\" \/><\/a><figcaption class=\"wp-caption-text\">Hokkaydo Market (8-ci chome sah\u0259si)<\/figcaption><\/figure>\n<p>Sapporo Autumn Fest 2008-ci ild\u0259n b\u0259ri Hokkaydo \u015ftat\u0131n\u0131n Sapporo \u015f\u0259h\u0259rind\u0259 ke\u00e7irilir. Sapporo \u015f\u0259h\u0259rinin m\u0259rk\u0259zind\u0259ki Odori Park\u0131nda t\u0259xmin\u0259n 1 km uzunlu\u011funda yeddi \u0259razid\u0259 300-\u0259 yax\u0131n ma\u011faza s\u0131ralan\u0131r.<\/p>\n<p>Bunlar\u0131n aras\u0131nda 8-ci chome sah\u0259si Sapporo Odori Hokkaydo bazar\u0131n\u0131n evidir. &quot;Hokkaydonun l\u0259zz\u0259tl\u0259rinin v\u0259 cazib\u0259l\u0259rinin n\u00fcmayi\u015fi&quot; konsepsiyas\u0131na \u0259saslanaraq, bu, prefekturan\u0131n h\u0259r yerind\u0259n 70-\u0259 yax\u0131n b\u0259l\u0259diyy\u0259 v\u0259 t\u0259\u015fkilat\u0131n \u00f6z imza l\u0259zz\u0259tl\u0259rini bir araya g\u0259tirdiyi \u0259sl yem\u0259k x\u0259zin\u0259sidir.<\/p>\n<p>D\u00f6rd d\u00f6vrd\u0259 f\u0131rlanan eksponentl\u0259r\u0259 \u0259lav\u0259 olaraq, s\u0259rgi i\u015ftirak\u00e7\u0131lar\u0131n\u0131n b\u00fct\u00fcn t\u0259dbir boyunca (23 g\u00fcn) i\u015ftirak ed\u0259c\u0259yi bir sah\u0259 d\u0259 olacaq.<\/p>\n<figure class=\"wp-caption aligncenter\"><a href=\"https:\/\/photos.google.com\/share\/AF1QipMHfIJM7jhCOqbUGpj3X9LZlvqM5N2ptrohsLqpQrKOwth1hbomA2mBxmGDmeAKgw\/photo\/AF1QipOicES6aCwBHzh-5fFLiqBHMtYCLDysxIDcV3A?key=bm1yZGpOVGtvSkxUQVdzR044aTM5UU1BTmtaSzVR\" target=\"_blank\"><img decoding=\"async\" src=\"https:\/\/lh3.googleusercontent.com\/pw\/AP1GczO-enj5v0ZqoeBGZUV6MD1DYuC_hSPDK2f6E9mLd8N-eTZlrJZ-XtnmvYaxhrO-bp7-QesgIVYrHPWb5C7WcYiGxANjWkDBOCLgy_Rhwmq4XTpe9XHt7q9eWv7hJf0FrRaoYYQycUeJ5ecHFswBobgV=w2000-h1500-s-no-gm?authuser=0\" width=\"2000\" height=\"1500\" alt=\"Sapporo k\u00fc\u00e7\u0259si &quot;Sapporo Market&quot; (8-ci k\u00fc\u00e7\u0259 sah\u0259si)\" class=\"size-medium\" \/><\/a><figcaption class=\"wp-caption-text\">Sapporo k\u00fc\u00e7\u0259si &quot;Sapporo Market&quot; (8-ci k\u00fc\u00e7\u0259 sah\u0259si)<\/figcaption><\/figure>\n<h3>\u201cDadl\u0131d\u0131r!\u201d dey\u0259n m\u00fc\u015ft\u0259ril\u0259rin t\u0259b\u0259ss\u00fcml\u0259rini g\u00f6rm\u0259k ist\u0259yirik. B\u00fct\u00fcn \u00fcr\u0259yimizl\u0259 Hokuryu q\u0259s\u0259b\u0259sind\u0259 ma\u011faza a\u00e7d\u0131q.<\/h3>\n<p>Hokuryu Town d\u00f6rd\u00fcnc\u00fc v\u0259 son d\u00f6vrd\u0259 (2-4 oktyabr) g\u00f6r\u00fcn\u0259c\u0259k. Hokuryu Town Hall, JA Kitasorachi Hokuryu filial\u0131 v\u0259 Kurosengoku Biznes Kooperativi \u015f\u0259h\u0259rin nem\u0259tini b\u00f6l\u00fc\u015fm\u0259k \u00fc\u00e7\u00fcn g\u00fccl\u0259rini birl\u0259\u015fdir\u0259c\u0259kl\u0259r.<\/p>\n<h4>Hokuryu \u015f\u0259h\u0259rinin z\u0259ngin m\u00fckafatlar\u0131n\u0131n tam siyah\u0131s\u0131<\/h4>\n<ul>\n<li>T\u0259z\u0259 y\u0131\u011f\u0131lm\u0131\u015f d\u00fcy\u00fcn\u00fcn qa\u015f\u0131qlanmas\u0131<\/li>\n<li>Dadmaq \u00fc\u00e7\u00fcn \u015firin mini d\u00fcy\u00fc toplar\u0131<\/li>\n<li>Q\u00fcrurlu yeni d\u00fcy\u00fc &quot;G\u00fcn\u0259baxan D\u00fcy\u00fc&quot;<\/li>\n<li>Par\u0131ldayan q\u0131z\u0131l\u0131 &quot;SanSan g\u00fcn\u0259baxan ya\u011f\u0131&quot;<\/li>\n<li>Sa\u011flam Kurosengoku soya il\u0259 haz\u0131rlanm\u0131\u015f m\u00fcxt\u0259lif m\u0259hsullar<\/li>\n<\/ul>\n<figure class=\"wp-caption alignnone\"><a href=\"https:\/\/photos.google.com\/share\/AF1QipMHfIJM7jhCOqbUGpj3X9LZlvqM5N2ptrohsLqpQrKOwth1hbomA2mBxmGDmeAKgw\/photo\/AF1QipPHG8BKhzM3UGylmSdYBhpgwn9RrAFy7oiF1i0?key=bm1yZGpOVGtvSkxUQVdzR044aTM5UU1BTmtaSzVR\" target=\"_blank\"><img decoding=\"async\" src=\"https:\/\/lh3.googleusercontent.com\/pw\/AP1GczN9XVAIhLXWueXUOxJNVrgQziu1G-L1f-H7CSUTAd1DTnhHsa-VDU6cagdHtZ2AH-SvDR6HSlGNkTWdzHURNrQ4P8-Y6hzCX_vtX6FWZBdab9h1zoc94EZG6STx_pLH7NWaAb_g3_669ruULeCjt8qJ=w2000-h1500-s-no-gm?authuser=0\" width=\"2000\" height=\"1500\" alt=\"Hokuryu q\u0259s\u0259b\u0259sind\u0259n m\u00fcxt\u0259lif eksponatlar\" class=\"size-medium\" \/><\/a><figcaption class=\"wp-caption-text\">Hokuryu q\u0259s\u0259b\u0259sind\u0259n m\u00fcxt\u0259lif eksponatlar<\/figcaption><\/figure>\n<figure class=\"wp-caption aligncenter\"><a href=\"https:\/\/photos.google.com\/share\/AF1QipMHfIJM7jhCOqbUGpj3X9LZlvqM5N2ptrohsLqpQrKOwth1hbomA2mBxmGDmeAKgw\/photo\/AF1QipOdKEfkODVAsT_WEQ8rNAVU4gyE0GRcBotvUHg?key=bm1yZGpOVGtvSkxUQVdzR044aTM5UU1BTmtaSzVR\" target=\"_blank\"><img decoding=\"async\" src=\"https:\/\/lh3.googleusercontent.com\/pw\/AP1GczO-zZJAToHDKvEm9HLEhUA68hOeSQm8DTUFG4Pl-UzQ4I4_N2Qa17qLkYi4qaef6UUJ_rysPgTyhra5iaRyd8P-wckMcDGa8A6rFg2fPK6ua_QNPjaBqQn_plMNXgAnwDoILLGEQdY1guZInk03KYvB=w2000-h1500-s-no-gm?authuser=0\" width=\"2000\" height=\"1500\" alt=\"Kurosengoku soya m\u0259hsullar\u0131\" class=\"size-medium\" \/><\/a><figcaption class=\"wp-caption-text\">Kurosengoku soya m\u0259hsullar\u0131<\/figcaption><\/figure>\n<figure class=\"wp-caption aligncenter\"><a href=\"https:\/\/photos.google.com\/share\/AF1QipMHfIJM7jhCOqbUGpj3X9LZlvqM5N2ptrohsLqpQrKOwth1hbomA2mBxmGDmeAKgw\/photo\/AF1QipNmlH_Zom5RCusCm99N-h6_DsygEA14ER-4E5Q?key=bm1yZGpOVGtvSkxUQVdzR044aTM5UU1BTmtaSzVR\" target=\"_blank\"><img decoding=\"async\" src=\"https:\/\/lh3.googleusercontent.com\/pw\/AP1GczM3oyLxtACIi34oYoKdxZC7uv9YNgnwJcCuGgnSaKpkQpKYQjOnfBZBFE0U33hluFTxL9Xxpc3hNvfqq8ciRR0OijqBi9OeCEgGflrvYHia3dJqYj_2SHcYM3A8Q7-Tigt1d2rJtPm3cbrvXsQrNvSH=w2000-h1500-s-no-gm?authuser=0\" width=\"2000\" height=\"1500\" alt=\"D\u00fcy\u00fc \u00e7\u00f6m\u00e7\u0259si\" class=\"size-medium\" \/><\/a><figcaption class=\"wp-caption-text\">D\u00fcy\u00fc \u00e7\u00f6m\u00e7\u0259si<\/figcaption><\/figure>\n<h3>X\u0259ttin sonunda g\u00fcv\u0259n v\u0259 istilik \u00fcr\u0259yi var idi<\/h3>\n<p>C\u00fcm\u0259 ax\u015fam\u0131, oktyabr\u0131n 2-d\u0259, t\u0259dbir saat 10:00-da ba\u015flamazdan \u0259vv\u0259l Hokuryu Town stendinin qar\u015f\u0131s\u0131nda uzun bir m\u00fc\u015ft\u0259ri n\u00f6vb\u0259si yaranm\u0131\u015fd\u0131. Onlar s\u0259xav\u0259tli d\u00fcy\u00fc \u00e7\u00f6m\u00e7\u0259si t\u0259dbirind\u0259 \u0259ll\u0259rini s\u0131namaq \u015fans\u0131 qazanma\u011fa \u00fcmid edirdil\u0259r.<\/p>\n<figure class=\"wp-caption aligncenter\"><a href=\"https:\/\/photos.google.com\/share\/AF1QipMHfIJM7jhCOqbUGpj3X9LZlvqM5N2ptrohsLqpQrKOwth1hbomA2mBxmGDmeAKgw\/photo\/AF1QipMGEc2A3Y_W7GCmp8NnXKnvNHi39aQjoWW5848?key=bm1yZGpOVGtvSkxUQVdzR044aTM5UU1BTmtaSzVR\" target=\"_blank\"><img decoding=\"async\" src=\"https:\/\/lh3.googleusercontent.com\/pw\/AP1GczOolgMEt_0c9mezXPHI_de2e_D8Lll_bIPKE1hcGpWHX51srBpBjnMNrMBHClr-ceUTFPye2dYLsjn3DfFXGz42iL7GJdRqyogvJkjQjtMQ-8RbLQvj4YC2oI66m9JbBdOwaSmAsWrHZFBGC7xteaND=w2000-h1500-s-no-gm?authuser=0\" width=\"2000\" height=\"1500\" alt=\"Ba\u015flamadan \u0259vv\u0259l uzun bir s\u0131ra!\" class=\"size-medium\" \/><\/a><figcaption class=\"wp-caption-text\">Ba\u015flamadan \u0259vv\u0259l uzun bir s\u0131ra!<\/figcaption><\/figure>\n<p>Bu, sad\u0259 bir y\u00fcr\u00fc\u015f deyildi. Bu, \u00fcr\u0259ka\u00e7an m\u0259nz\u0259r\u0259 idi, l\u0259zz\u0259tli Hokuryu d\u00fcy\u00fc il\u0259 ba\u011fl\u0131 g\u00f6zl\u0259ntil\u0259rin v\u0259 istehsal\u00e7\u0131lara g\u00f6st\u0259ril\u0259n etimad\u0131n \u0259ksi idi. T\u0259z\u0259 bi\u00e7ilmi\u015f d\u00fcy\u00fcn\u00fcn a\u011f\u0131rl\u0131\u011f\u0131n\u0131 hiss ed\u0259n h\u0259r k\u0259sin t\u0259b\u0259ss\u00fcm\u00fc i\u015f\u0131qland\u0131. Tax\u0131l tax\u0131l, xeyirxahl\u0131q t\u0259hvil verilirdi.<\/p>\n<figure class=\"wp-caption aligncenter\"><a href=\"https:\/\/photos.google.com\/share\/AF1QipMHfIJM7jhCOqbUGpj3X9LZlvqM5N2ptrohsLqpQrKOwth1hbomA2mBxmGDmeAKgw\/photo\/AF1QipNacH_yHEpgEPlpcgjrfEYnwEqUyYMwtG069KY?key=bm1yZGpOVGtvSkxUQVdzR044aTM5UU1BTmtaSzVR\" target=\"_blank\"><img decoding=\"async\" src=\"https:\/\/lh3.googleusercontent.com\/pw\/AP1GczN_Ti5WtE9VMD9nzmoxcySSrzxJklbAvgnZTqRrLBz__Rz_2R8WurDdio6uxDQGCr5gAAZBtsQmOPiW-XNLOWPlUpuG0cOOHXaOOpoRn5yrMFboSGk_Vy6WMyiMvOorikeaDlddECpJ6BVHmwsm_xRZ=w2000-h1500-s-no-gm?authuser=0\" width=\"2000\" height=\"1500\" alt=\"Yeni d\u00fcy\u00fc! \u00c7\u0131xar\u0131n!\" class=\"size-medium\" \/><\/a><figcaption class=\"wp-caption-text\">Yeni d\u00fcy\u00fc! \u00c7\u0131xar\u0131n!<\/figcaption><\/figure>\n<figure class=\"wp-caption aligncenter\"><a href=\"https:\/\/photos.google.com\/share\/AF1QipMHfIJM7jhCOqbUGpj3X9LZlvqM5N2ptrohsLqpQrKOwth1hbomA2mBxmGDmeAKgw\/photo\/AF1QipPElLEq83uNKD6Ms6ZUYvVAY-4baYCAUeuEHgw?key=bm1yZGpOVGtvSkxUQVdzR044aTM5UU1BTmtaSzVR\" target=\"_blank\"><img decoding=\"async\" src=\"https:\/\/lh3.googleusercontent.com\/pw\/AP1GczORHIw2wYgcqZcssoySUOYA0hWWgw59wd1sq0i4QkGvsJmccsW7HuzlVHVgWRe2VJmxT55oVNWMPs-kcbVtnziGDUVKs2n8rjKRMmUiM53KIqNaAePT5SeD4BFR-J4GqMp3K27bG03Sh_nmVNHwH5o6=w2000-h1125-s-no-gm?authuser=0\" width=\"2000\" height=\"1125\" alt=\"B\u00f6y\u00fck xidm\u0259t! \u018fla xidm\u0259t!\" class=\"size-medium\" \/><\/a><figcaption class=\"wp-caption-text\">B\u00f6y\u00fck xidm\u0259t! \u018fla xidm\u0259t!<\/figcaption><\/figure>\n<figure class=\"wp-caption alignnone\"><a href=\"https:\/\/photos.google.com\/share\/AF1QipMHfIJM7jhCOqbUGpj3X9LZlvqM5N2ptrohsLqpQrKOwth1hbomA2mBxmGDmeAKgw\/photo\/AF1QipNrjYsQcVog0-lneBuMCQ2nKrzExfrpxBXc1ts?key=bm1yZGpOVGtvSkxUQVdzR044aTM5UU1BTmtaSzVR\" target=\"_blank\"><img decoding=\"async\" src=\"https:\/\/lh3.googleusercontent.com\/pw\/AP1GczOhWw0Qa1APKkfBDJIYDUeGJuzT2FLe_5Ik0uvRA79KvrpPaeR7BN3XzJLai6CXH4j2zudoYEqemBnQs2I_TdIyMdgbZjzSRciJ5LdA_fc_TfuXFopBVQZW-8s6OtTXiR0SJ729efI-WQoKh4EHAZER=w2000-h1500-s-no-gm?authuser=0\" width=\"2000\" height=\"1500\" alt=\"H\u00f6rm\u0259tli m\u00fc\u015ft\u0259ril\u0259r, bunu \u00e7oxdan g\u00f6zl\u0259yirdiniz!\" class=\"size-medium\" \/><\/a><figcaption class=\"wp-caption-text\">H\u00f6rm\u0259tli m\u00fc\u015ft\u0259ril\u0259r, bunu \u00e7oxdan g\u00f6zl\u0259yirdiniz!<\/figcaption><\/figure>\n<h3>&quot;Bu, dadl\u0131d\u0131r!&quot; Qay\u011f\u0131ke\u015f s\u0259s \u0259ks-s\u0259da verir<\/h3>\n<p>Stendd\u0259 Rakuno Gakuen Universitetinin t\u0259l\u0259b\u0259l\u0259ri parlaq t\u0259b\u0259ss\u00fcml\u0259rl\u0259 mini d\u00fcy\u00fc toplar\u0131 paylad\u0131lar v\u0259 m\u0259hsulu \u00fcr\u0259kd\u0259n tan\u0131d\u0131lar v\u0259 dedil\u0259r: &quot;Hokuryu Town&#039;dan bir az yeni d\u00fcy\u00fc var? Bu dadl\u0131d\u0131r!&quot; Onlar\u0131n h\u0259qiqi m\u00fcraci\u0259ti insanlar\u0131 \u00f6z yollar\u0131nda dayand\u0131rma\u011fa m\u0259cbur etdi v\u0259 isti fikir m\u00fcbadil\u0259sin\u0259 s\u0259b\u0259b oldu.<\/p>\n<figure class=\"wp-caption aligncenter\"><a href=\"https:\/\/photos.google.com\/share\/AF1QipMHfIJM7jhCOqbUGpj3X9LZlvqM5N2ptrohsLqpQrKOwth1hbomA2mBxmGDmeAKgw\/photo\/AF1QipMKnNR_TwVYc5oYKu69RCke1MtKEpWoTfLVX0k?key=bm1yZGpOVGtvSkxUQVdzR044aTM5UU1BTmtaSzVR\" target=\"_blank\"><img decoding=\"async\" src=\"https:\/\/lh3.googleusercontent.com\/pw\/AP1GczPAJo2md-tg-0zR-Cj0edcuNXVw54WuragHGsAduKuovKX07o-TSFKjAeRWePcB2POyZ58FQVGQ4ACMl439a4JKqgr4OClW0YMnTrlbcoEs1utBLCkKNYhgceOgWnD2XkEood4W76tX3mK6gqyxg-5c=w2000-h1500-s-no-gm?authuser=0\" width=\"2000\" height=\"1500\" alt=\"S\u00fcd\u00e7\u00fcl\u00fck T\u0259s\u0259rr\u00fcfat\u0131 M\u0259kt\u0259binin t\u0259l\u0259b\u0259l\u0259ri d\u0259 Hokuryu q\u0259s\u0259b\u0259sinin yeni d\u00fcy\u00fcl\u0259rini t\u0259bli\u011f etdil\u0259r!\" class=\"size-medium\" \/><\/a><figcaption class=\"wp-caption-text\">S\u00fcd\u00e7\u00fcl\u00fck T\u0259s\u0259rr\u00fcfat\u0131 M\u0259kt\u0259binin t\u0259l\u0259b\u0259l\u0259ri d\u0259 Hokuryu q\u0259s\u0259b\u0259sinin yeni d\u00fcy\u00fcl\u0259rini t\u0259bli\u011f etdil\u0259r!<\/figcaption><\/figure>\n<figure class=\"wp-caption aligncenter\"><a href=\"https:\/\/photos.google.com\/share\/AF1QipMHfIJM7jhCOqbUGpj3X9LZlvqM5N2ptrohsLqpQrKOwth1hbomA2mBxmGDmeAKgw\/photo\/AF1QipP7MPJ52V1h6DY7LmbUHilpd5yd1opuleVsamo?key=bm1yZGpOVGtvSkxUQVdzR044aTM5UU1BTmtaSzVR\" target=\"_blank\"><img decoding=\"async\" src=\"https:\/\/lh3.googleusercontent.com\/pw\/AP1GczO9s1X51XKA3zxJzqJ9wrTp0ul0xelcfMap-WsF4IZckkZTyuHTuxH4_BtPtC01QyAQwYsxO0sPqevBv0ZvoDhrJbdJWjG_yuYANhseqzUtdovbQe8Gg5GRolJfE2CMMJ-7TZ4mSy7RnO-4V2MLGbvt=w2000-h1500-s-no-gm?authuser=0\" width=\"2000\" height=\"1500\" alt=\"&quot;Buyurun! Bu dadl\u0131 yeni d\u00fcy\u00fcd\u00fcr.&quot;\" class=\"size-medium\" \/><\/a><figcaption class=\"wp-caption-text\">&quot;Buyurun! Bu dadl\u0131 yeni d\u00fcy\u00fcd\u00fcr.&quot;<\/figcaption><\/figure>\n<h4>B\u0259l\u0259diyy\u0259 Ba\u015f\u00e7\u0131s\u0131 Sasaki v\u0259 B\u0259l\u0259diyy\u0259 Ba\u015f\u00e7\u0131 K\u00f6m\u0259k\u00e7isi Okuda t\u0259\u015fviq etm\u0259k \u00fc\u00e7\u00fcn ziyar\u0259t etdi<\/h4>\n<p>B\u0259l\u0259diyy\u0259 s\u0259dri Yasuhiro Sasaki v\u0259 mer m\u00fcavini Masaaki Okuda da h\u0259v\u0259sl\u0259ndirici s\u00f6zl\u0259r s\u00f6yl\u0259m\u0259y\u0259 t\u0259l\u0259sdil\u0259r.<\/p>\n<p>B\u0259l\u0259diyy\u0259 s\u0259drinin \u00f6z\u00fc d\u00fcy\u00fc y\u0131\u011fan g\u0259nc c\u00fctl\u00fckl\u0259 mehribancas\u0131na dan\u0131\u015faraq \u201cBu, h\u0259qiq\u0259t\u0259n dadl\u0131 d\u00fcy\u00fcd\u00fcr\u201d dedi.<\/p>\n<p>\u015e\u0259h\u0259r r\u0259hb\u0259rl\u0259rinin, \u015f\u0259h\u0259r sakinl\u0259rinin v\u0259 m\u00fc\u015ft\u0259ril\u0259rin ham\u0131s\u0131n\u0131n bir araya g\u0259ldiyi g\u00f6z\u0259l an idi.<\/p>\n<figure class=\"wp-caption aligncenter\"><a href=\"https:\/\/photos.google.com\/share\/AF1QipMHfIJM7jhCOqbUGpj3X9LZlvqM5N2ptrohsLqpQrKOwth1hbomA2mBxmGDmeAKgw\/photo\/AF1QipPKqVgglWv8R-_Cg8MNgczUimi5tfSWfstQz3I?key=bm1yZGpOVGtvSkxUQVdzR044aTM5UU1BTmtaSzVR\" target=\"_blank\"><img decoding=\"async\" src=\"https:\/\/lh3.googleusercontent.com\/pw\/AP1GczPZkSEvUV3aW_Wm6a81wh0ORJF-Lvw2l9ac4PDf_2qWlUBbM6BP74B7jXB-hVX8afDomYZ9KT4Le8NLnliilGYRnXg9CqhOsIIDrWXsWpqmfKKR18LTcRPNSuluK8V_IwgraVAbLuWRZy_YA4i1KQSY=w2000-h1125-s-no-gm?authuser=0\" width=\"2000\" height=\"1125\" alt=\"B\u0259l\u0259diyy\u0259 Ba\u015f\u00e7\u0131s\u0131 Sasaki g\u0259ncl\u0259r\u0259 dan\u0131\u015f\u0131r\" class=\"size-medium\" \/><\/a><figcaption class=\"wp-caption-text\">B\u0259l\u0259diyy\u0259 Ba\u015f\u00e7\u0131s\u0131 Sasaki g\u0259ncl\u0259r\u0259 dan\u0131\u015f\u0131r<\/figcaption><\/figure>\n<figure class=\"wp-caption aligncenter\"><a href=\"https:\/\/photos.google.com\/share\/AF1QipMHfIJM7jhCOqbUGpj3X9LZlvqM5N2ptrohsLqpQrKOwth1hbomA2mBxmGDmeAKgw\/photo\/AF1QipP_ksSdnn13KwfzbeMpZF9rYNSyyCB8TNy7zM0?key=bm1yZGpOVGtvSkxUQVdzR044aTM5UU1BTmtaSzVR\" target=\"_blank\"><img decoding=\"async\" src=\"https:\/\/lh3.googleusercontent.com\/pw\/AP1GczPImE0p3AKndSrrDBjdI32gLJRc4dG6IM5tqoevj8enyK0kPA2g1vDN80U6dT6eqqzA9baphHvn4OoGJC9V0jyCo52R4hbiVN88KErag6o_yk-tbHec_nhF2WVP4pmv13Kq0nKEd5pRj8JSKzaHZwy1=w2000-h1500-s-no-gm?authuser=0\" width=\"2000\" height=\"1500\" alt=\"Sat\u0131n ald\u0131\u011f\u0131n\u0131z \u00fc\u00e7\u00fcn t\u0259\u015f\u0259kk\u00fcr edirik!\" class=\"size-medium\" \/><\/a><figcaption class=\"wp-caption-text\">Sat\u0131n ald\u0131\u011f\u0131n\u0131z \u00fc\u00e7\u00fcn t\u0259\u015f\u0259kk\u00fcr edirik!<\/figcaption><\/figure>\n<figure class=\"wp-caption aligncenter\"><a href=\"https:\/\/photos.google.com\/share\/AF1QipMHfIJM7jhCOqbUGpj3X9LZlvqM5N2ptrohsLqpQrKOwth1hbomA2mBxmGDmeAKgw\/photo\/AF1QipNqRzcES3cqi5q37s6kb-QhZV525Mn--25Cot0?key=bm1yZGpOVGtvSkxUQVdzR044aTM5UU1BTmtaSzVR\" target=\"_blank\"><img decoding=\"async\" src=\"https:\/\/lh3.googleusercontent.com\/pw\/AP1GczNIPJYJHEo582RLPJY5shfaEP9cdlg42s_0cTOFcTy0-CDqCn7kQYq4zH-sm_XEeuspA-v_BGWXKzDxxu77mCErwBkhsEfj1Pn5I0RHa259BGMcat4KfGRao1dG2cS_phyxeciuHplNyB_qDli0-vlQ=w2000-h1500-s-no-gm?authuser=0\" width=\"2000\" height=\"1500\" alt=\"B\u0259l\u0259diyy\u0259 s\u0259drinin m\u00fcavini Okuda da orada idi...\" class=\"size-medium\" \/><\/a><figcaption class=\"wp-caption-text\">B\u0259l\u0259diyy\u0259 s\u0259drinin m\u00fcavini Okuda da orada idi...<\/figcaption><\/figure>\n<h3>Hokkaydo bazar\u0131: Yerli q\u00fcrurun toplanmas\u0131<\/h3>\n<p>M\u0259kan Hokkaydonun m\u00fcxt\u0259lif yerl\u0259rind\u0259n, o c\u00fcml\u0259d\u0259n Hidaka Town, Yoichi Town, Memuro Town v\u0259 Takikawa City-d\u0259n stendl\u0259rl\u0259 d\u00fcz\u00fclm\u00fc\u015fd\u00fc. H\u0259r b\u00f6lg\u0259nin l\u0259ziz t\u0259amlar\u0131 bir araya toplan\u0131b, g\u0259l\u0259nl\u0259rin \u00fcr\u0259yini, m\u0259d\u0259sini isitdi.<\/p>\n<figure class=\"wp-caption aligncenter\"><a href=\"https:\/\/photos.google.com\/share\/AF1QipMHfIJM7jhCOqbUGpj3X9LZlvqM5N2ptrohsLqpQrKOwth1hbomA2mBxmGDmeAKgw\/photo\/AF1QipNgD2tEcSpBV2bRK_yg_aMIw9N9hvPZmwBFqAE?key=bm1yZGpOVGtvSkxUQVdzR044aTM5UU1BTmtaSzVR\" target=\"_blank\"><img decoding=\"async\" src=\"https:\/\/lh3.googleusercontent.com\/pw\/AP1GczO7CES6LGoQNX0hh9k0kTSiE5jxK7DRUxhsqVgIOjx4Qg0Gu9nwR-js_ejclhek-2xspWFdcDTZq8ikOTXX94y9qX-OuJ_F1hhrTzXwSrj280v2Vgjq5AxEiQavJiAvGi75PlqwQjOItf_TfrbyA9X4=w2000-h1500-s-no-gm?authuser=0\" width=\"2000\" height=\"1500\" alt=\"Hidaka \u015f\u0259h\u0259ri v\u0259 Yoi\u00e7i \u015f\u0259h\u0259ri\" class=\"size-medium\" \/><\/a><figcaption class=\"wp-caption-text\">Hidaka \u015f\u0259h\u0259ri v\u0259 Yoi\u00e7i \u015f\u0259h\u0259ri<\/figcaption><\/figure>\n<figure class=\"wp-caption aligncenter\"><a href=\"https:\/\/photos.google.com\/share\/AF1QipMHfIJM7jhCOqbUGpj3X9LZlvqM5N2ptrohsLqpQrKOwth1hbomA2mBxmGDmeAKgw\/photo\/AF1QipMWa-9OQFbS4RlzUaRmadnOxyrGUot3LRBfS6o?key=bm1yZGpOVGtvSkxUQVdzR044aTM5UU1BTmtaSzVR\" target=\"_blank\"><img decoding=\"async\" src=\"https:\/\/lh3.googleusercontent.com\/pw\/AP1GczMXccK33aIUB6M-M7C2fcbjpfjl9trDrtAcDgr0VzDaA1GCppZyeRd0Ydv3Ni6MHSzTORWoqvTjXQrhvnzsE7EQKvp4zlN5-vGPkmsfv0oghQ3sf_q4wCwSZCRqig_671oQVNWJ8IenKMHEKfmOa43r=w2000-h1500-s-no-gm?authuser=0\" width=\"2000\" height=\"1500\" alt=\"Memuro q\u0259s\u0259b\u0259si, C\u0259nubi Hokkaydo\" class=\"size-medium\" \/><\/a><figcaption class=\"wp-caption-text\">Memuro q\u0259s\u0259b\u0259si, C\u0259nubi Hokkaydo<\/figcaption><\/figure>\n<figure class=\"wp-caption aligncenter\"><a href=\"https:\/\/photos.google.com\/share\/AF1QipMHfIJM7jhCOqbUGpj3X9LZlvqM5N2ptrohsLqpQrKOwth1hbomA2mBxmGDmeAKgw\/photo\/AF1QipNvHGIO9VLiKB1ATMEJ_2FJxOAQUqldppL9yXQ?key=bm1yZGpOVGtvSkxUQVdzR044aTM5UU1BTmtaSzVR\" target=\"_blank\"><img decoding=\"async\" src=\"https:\/\/lh3.googleusercontent.com\/pw\/AP1GczPg1nWH835XEFFb06E3MpVE9hcI8OXwU9JB81NwGMTmYd5-ln0lq3dzDq0B_-b7KT8OnK6eg-QyFt0QHIj0liQ0uvlgeglKuoDUmr77aegN_T03Opc7c0VvJHdP2DTBtcAGJipGENmmLdeoil9QUkdJ=w2000-h1500-s-no-gm?authuser=0\" width=\"2000\" height=\"1500\" alt=\"Takikawa \u015f\u0259h\u0259ri, Nakafurano \u015f\u0259h\u0259ri\" class=\"size-medium\" \/><\/a><figcaption class=\"wp-caption-text\">Takikawa \u015f\u0259h\u0259ri, Nakafurano \u015f\u0259h\u0259ri<\/figcaption><\/figure>\n<figure class=\"wp-caption aligncenter\"><a href=\"https:\/\/photos.google.com\/share\/AF1QipMHfIJM7jhCOqbUGpj3X9LZlvqM5N2ptrohsLqpQrKOwth1hbomA2mBxmGDmeAKgw\/photo\/AF1QipOuj7JTxWtIP7ZjriCT5mYePmSyovuF8kZy0K4?key=bm1yZGpOVGtvSkxUQVdzR044aTM5UU1BTmtaSzVR\" target=\"_blank\"><img decoding=\"async\" src=\"https:\/\/lh3.googleusercontent.com\/pw\/AP1GczMJSnlJbixTrcihYkq35xHidATA-bIyBffgH3j9HVCx_yTHCJf76i6x08JgrDLFBmLstuyrmNFI5C3KyiYUmbeMlB4R8EysLXAqgt-E90MhXHhbfZUn7NQTtR5gfLLaCIvupUVo3ScyVP7hnbnmONZJ=w2000-h1500-s-no-gm?authuser=0\" width=\"2000\" height=\"1500\" alt=\"Tomakomai \u015f\u0259h\u0259ri\" class=\"size-medium\" \/><\/a><figcaption class=\"wp-caption-text\">Tomakomai \u015f\u0259h\u0259ri<\/figcaption><\/figure>\n<figure class=\"wp-caption aligncenter\"><a href=\"https:\/\/photos.google.com\/share\/AF1QipMHfIJM7jhCOqbUGpj3X9LZlvqM5N2ptrohsLqpQrKOwth1hbomA2mBxmGDmeAKgw\/photo\/AF1QipOcVGeKLcWuOHSPJ1xRlEGSsqc5LykifmOTaw4?key=bm1yZGpOVGtvSkxUQVdzR044aTM5UU1BTmtaSzVR\" target=\"_blank\"><img decoding=\"async\" src=\"https:\/\/lh3.googleusercontent.com\/pw\/AP1GczNniw0liMGsSRJQ-P_RTxwNCStcCGDq7P5KFdKWrlQjsOSHTuX4vWbTHr08qugLLPaZ-3obz6H8S-ScvuQvQzgc7oos-vYCrWjDB7ayFSP0Wrg1qPIjAn-DcMOZrWmjmWmtAmclvwRhOrA3JDz-rP5B=w2000-h1500-s-no-gm?authuser=0\" width=\"2000\" height=\"1500\" alt=\"Hokkaydo Bazar\u0131: Dadl\u0131 yerli yem\u0259kl\u0259rin geni\u015f se\u00e7imi\" class=\"size-medium\" \/><\/a><figcaption class=\"wp-caption-text\">Hokkaydo Bazar\u0131: Dadl\u0131 yerli yem\u0259kl\u0259rin geni\u015f se\u00e7imi<\/figcaption><\/figure>\n<p>Sonsuz sevgi, minn\u0259tdarl\u0131q v\u0259 dualarla, Hokkaydo, Sapporoda pay\u0131z m\u00f6vs\u00fcm\u00fcn\u00fc ya\u015faya bil\u0259c\u0259yiniz v\u0259 b\u00f6lg\u0259nin f\u0259xr etdiyi l\u0259zz\u0259tli yem\u0259kl\u0259rl\u0259 dolaca\u011f\u0131n\u0131z m\u00f6ht\u0259\u015f\u0259m yem\u0259k festival\u0131 olan Sapporo Autumn Fest 2024-\u00fc arzulay\u0131r\u0131q.<\/p>\n<figure class=\"wp-caption aligncenter\"><a href=\"https:\/\/photos.google.com\/share\/AF1QipMHfIJM7jhCOqbUGpj3X9LZlvqM5N2ptrohsLqpQrKOwth1hbomA2mBxmGDmeAKgw\/photo\/AF1QipO_JknlFbciyO352-WZ4ZurwFUMnFGnQ9-NeGQ?key=bm1yZGpOVGtvSkxUQVdzR044aTM5UU1BTmtaSzVR\" target=\"_blank\"><img decoding=\"async\" src=\"https:\/\/lh3.googleusercontent.com\/pw\/AP1GczNX1WAGOcQ58ypVXlZ_NposkvWXm79-Q0Wow6XqcSAOIDAwWcQFHyMshCVHJDDebB3pYG5p8VDNXlO_C2EDpmmPWrKP3eOLxcVlmBxx-bNfHRz7USKqvGaaOEKgeJNmH_tC4h_8x_6UwrxVOClUfnkS=w2000-h1500-s-no-gm?authuser=0\" width=\"2000\" height=\"1500\" alt=\"L\u0259zz\u0259tli t\u0259b\u0259ss\u00fcml\u0259r v\u0259 \u00fcr\u0259ka\u00e7an Sapporo Pay\u0131z Festival\u0131 \u00fc\u00e7\u00fcn t\u0259\u015f\u0259kk\u00fcr edirik!\" class=\"size-medium\" \/><\/a><figcaption class=\"wp-caption-text\">L\u0259zz\u0259tli t\u0259b\u0259ss\u00fcml\u0259r v\u0259 \u00fcr\u0259ka\u00e7an Sapporo Pay\u0131z Festival\u0131 \u00fc\u00e7\u00fcn t\u0259\u015f\u0259kk\u00fcr edirik!<\/figcaption><\/figure>\n<h2>Youtube videolar\u0131<\/h2>\n<div class=\"youtube\"><iframe title=\"Hokuryu Town Sapporo Pay\u0131z Fest 2025-d\u0259 t\u00f6vl\u0259 a\u00e7acaq! \u015e\u0259fq\u0259t v\u0259 g\u00fcl\u00fcms\u0259m\u0259 dair\u0259si\" src=\"https:\/\/www.youtube.com\/embed\/PS-aeLCugZY?feature=oembed\" frameborder=\"0\" allow=\"accelerometer; autoplay; clipboard-write; encrypted-media; gyroscope; picture-in-picture; web-share\" referrerpolicy=\"strict-origin-when-cross-origin\" allowfullscreen><\/iframe><\/div>\n<h2>Dig\u0259r foto\u015f\u0259kill\u0259r<\/h2>\n<div class=\"img-move\"><img decoding=\"async\" style=\"vertical-align: middle;\" src=\"https:\/\/ehokkaido.net\/wp-content\/uploads\/2021\/12\/2021-12-06-11.41.12.png\" \/> <a href=\"https:\/\/photos.app.goo.gl\/DKLNsGUNgrVHLnHF8\" target=\"_blank\" rel=\"noopener noreferrer\">Sapporo Autumn Fest 2025-in fotolar\u0131na (62 \u015f\u0259kil) buradan bax\u0131n &gt;&gt;<\/a><\/div>\n<h2>\u018flaq\u0259dar m\u0259qal\u0259l\u0259r<\/h2>\n\n        <div class=\"site-blogcard-premium\">\n            <div class=\"bc-label-custom\">\u018flaq\u0259dar m\u0259qal\u0259l\u0259r<\/div>\n            <div class=\"bc-flex-container\">\n                <div class=\"bc-main-text\">\n                    <div class=\"bc-title-link-box\">\n                        <a href=\"https:\/\/portal.hokuryu.info\/az\/65124\/\" target=\"_blank\">https:\/\/portal.hokuryu.info\/65124<\/a>\n                    <\/div>\n                    <div class=\"bc-excerpt-box\">S\u0259hif\u0259 m\u0259lumatlar\u0131n\u0131 \u0259ld\u0259 etm\u0259k m\u00fcmk\u00fcn deyil.<\/div>\n                <\/div>\n                <div class=\"bc-thumbnail-box\">\n                    <a href=\"https:\/\/portal.hokuryu.info\/az\/65124\/\" target=\"_blank\">\n                        <div class=\"bc-img-zoom-wrap\">\n                            <img decoding=\"async\" src=\"https:\/\/portal.hokuryu.info\/wp\/wp-content\/uploads\/2026\/02\/20230802DSC06445_1.jpg\" alt=\"https:\/\/portal.hokuryu.info\/65124\">\n                        <\/div>\n                    <\/a>\n                <\/div>\n            <\/div>\n        <\/div>\n\n        <div class=\"site-blogcard-premium\">\n            <div class=\"bc-label-custom\">\u018flaq\u0259dar m\u0259qal\u0259l\u0259r<\/div>\n            <div class=\"bc-flex-container\">\n                <div class=\"bc-main-text\">\n                    <div class=\"bc-title-link-box\">\n                        <a href=\"https:\/\/portal.hokuryu.info\/az\/51425\/\" target=\"_blank\">https:\/\/portal.hokuryu.info\/51425<\/a>\n                    <\/div>\n                    <div class=\"bc-excerpt-box\">S\u0259hif\u0259 m\u0259lumatlar\u0131n\u0131 \u0259ld\u0259 etm\u0259k m\u00fcmk\u00fcn deyil.<\/div>\n                <\/div>\n                <div class=\"bc-thumbnail-box\">\n                    <a href=\"https:\/\/portal.hokuryu.info\/az\/51425\/\" target=\"_blank\">\n                        <div class=\"bc-img-zoom-wrap\">\n                            <img decoding=\"async\" src=\"https:\/\/portal.hokuryu.info\/wp\/wp-content\/uploads\/2026\/02\/20230802DSC06445_1.jpg\" alt=\"https:\/\/portal.hokuryu.info\/51425\">\n                        <\/div>\n                    <\/a>\n                <\/div>\n            <\/div>\n        <\/div>\n\u3000\u3000<br \/>\n\u25c7 <a href=\"https:\/\/portal.hokuryu.info\/az\/62509\/\">\ud83d\udd8b\ufe0f M\u0259zmun planlamas\u0131, m\u0259qal\u0259 yazmaq, foto se\u00e7imi v\u0259 video yaratmaq: Ikuko Terauchi<img decoding=\"async\" style=\"vertical-align: middle;\" src=\"https:\/\/ehokkaido.net\/wp-content\/uploads\/2021\/12\/2021-12-06-11.41.12.png\" \/> Fotoqrafiya, redakt\u0259 v\u0259 veb sayt\u0131n idar\u0259 edilm\u0259si: Noboru Terauchi<\/a><\/p>","protected":false},"excerpt":{"rendered":"<p>2025\u5e7410\u67088\u65e5\uff08\u6c34\uff09 \u672d\u5e4c\u306e\u79cb\u3092\u5f69\u308b\u300c\u3055\u3063\u307d\u308d\u30aa\u30fc\u30bf\u30e0\u30d5\u30a7\u30b9\u30c82025\u300d\u3002\u3053\u3053\u306b\u3001\u5317\u7adc\u753a\u304b\u3089\u5fc3\u6e29\u307e\u308b\u300c\u548c\u306e\u5fc3\u300d\u304c\u5c4a\u3051\u3089\u308c\u307e\u3057\u305f\u3002\u63a1\u308c\u305f\u3066\u306e\u65b0\u7c73\u3092\u3059\u304f\u3046\u4e00\u676f\u4e00\u676f\u306b\u8fbc\u3081\u3089\u308c\u305f\u306e\u306f\u3001\u751f\u7523\u8005\u306e\u611f\u8b1d\u3068\u3001\u98df [&hellip;]<\/p>\n","protected":false},"author":1,"featured_media":65030,"comment_status":"open","ping_status":"open","sticky":false,"template":"","format":"standard","meta":{"footnotes":""},"categories":[4,75],"tags":[],"class_list":["post-64964","post","type-post","status-publish","format-standard","has-post-thumbnail","hentry","category-cover-story","category-sasaki-yasuhiro-mayor"],"_links":{"self":[{"href":"https:\/\/portal.hokuryu.info\/az\/wp-json\/wp\/v2\/posts\/64964","targetHints":{"allow":["GET"]}}],"collection":[{"href":"https:\/\/portal.hokuryu.info\/az\/wp-json\/wp\/v2\/posts"}],"about":[{"href":"https:\/\/portal.hokuryu.info\/az\/wp-json\/wp\/v2\/types\/post"}],"author":[{"embeddable":true,"href":"https:\/\/portal.hokuryu.info\/az\/wp-json\/wp\/v2\/users\/1"}],"replies":[{"embeddable":true,"href":"https:\/\/portal.hokuryu.info\/az\/wp-json\/wp\/v2\/comments?post=64964"}],"version-history":[{"count":0,"href":"https:\/\/portal.hokuryu.info\/az\/wp-json\/wp\/v2\/posts\/64964\/revisions"}],"wp:featuredmedia":[{"embeddable":true,"href":"https:\/\/portal.hokuryu.info\/az\/wp-json\/wp\/v2\/media\/65030"}],"wp:attachment":[{"href":"https:\/\/portal.hokuryu.info\/az\/wp-json\/wp\/v2\/media?parent=64964"}],"wp:term":[{"taxonomy":"category","embeddable":true,"href":"https:\/\/portal.hokuryu.info\/az\/wp-json\/wp\/v2\/categories?post=64964"},{"taxonomy":"post_tag","embeddable":true,"href":"https:\/\/portal.hokuryu.info\/az\/wp-json\/wp\/v2\/tags?post=64964"}],"curies":[{"name":"wp","href":"https:\/\/api.w.org\/{rel}","templated":true}]}}