{"id":63172,"date":"2025-08-27T09:36:27","date_gmt":"2025-08-27T00:36:27","guid":{"rendered":"https:\/\/portal.hokuryu.info\/?p=63172"},"modified":"2025-09-04T16:08:31","modified_gmt":"2025-09-04T07:08:31","slug":"hokuruyunun-g%c9%99l%c9%99c%c9%99yini-birlikd%c9%99-c%c9%99k%c9%99k-wa-qonsuluq-birliyi-s%c9%99h%c9%99r-inkisafi","status":"publish","type":"post","link":"https:\/\/portal.hokuryu.info\/az\/63172\/","title":{"rendered":"Hokuryu q\u0259s\u0259b\u0259sinin g\u0259l\u0259c\u0259yini birlikd\u0259 t\u0259s\u0259vv\u00fcr edirik! Wa Qon\u015fuluq Assosiasiyas\u0131 &quot;\u015e\u0259h\u0259r \u0130nki\u015faf\u0131 M\u00fczakir\u0259 Y\u0131\u011f\u0131nca\u011f\u0131&quot;nda canl\u0131 fikir m\u00fcbadil\u0259si"},"content":{"rendered":"<p>\u00c7\u0259r\u015f\u0259nb\u0259, 27 avqust 2025-ci il<\/p>\n<div class=\"ep-box es-BpaperRight es-grid bgc-VPsky\">C\u00fcm\u0259 ax\u015fam\u0131, avqustun 21-d\u0259, t\u0259xmin\u0259n 20 \u015f\u0259h\u0259r sakininin i\u015ftirak etdiyi Wa \u0130cma M\u0259rk\u0259zind\u0259 \u015f\u0259h\u0259rin inki\u015faf\u0131 il\u0259 ba\u011fl\u0131 m\u00fczakir\u0259l\u0259r y\u0131\u011f\u0131nca\u011f\u0131 ke\u00e7irildi. Mer Sasaki bildirdi ki, \u015f\u0259h\u0259r yerli canland\u0131rma qrant\u0131n\u0131n tam m\u0259bl\u0259\u011fini al\u0131b v\u0259 \u015f\u0259h\u0259rin g\u0259l\u0259c\u0259k planlar\u0131n\u0131 izah etdikd\u0259n sonra canl\u0131 fikir m\u00fcbadil\u0259si apar\u0131l\u0131b. G\u00f6r\u00fc\u015f \u015f\u0259h\u0259r \u0259halisi v\u0259 yerli h\u00f6kum\u0259t \u00fc\u00e7\u00fcn infrastrukturun inki\u015faf\u0131, r\u0259q\u0259msal idar\u0259etm\u0259 v\u0259 insan resurslar\u0131n\u0131n inki\u015faf\u0131 da daxil olmaqla geni\u015f m\u00f6vzular \u00fczr\u0259 ciddi m\u00fczakir\u0259l\u0259r aparmaq \u00fc\u00e7\u00fcn d\u0259y\u0259rli imkan yaratd\u0131.<\/div>\n<h2>Hokuryu q\u0259s\u0259b\u0259sinin g\u0259l\u0259c\u0259yini birlikd\u0259 yaratmaq \u00fc\u00e7\u00fcn Wa Qon\u015fuluq D\u0259rn\u0259yi t\u0259r\u0259find\u0259n ke\u00e7iril\u0259n &quot;\u015e\u0259h\u0259r \u0130nki\u015faf\u0131 M\u00fczakir\u0259 Y\u0131\u011f\u0131nca\u011f\u0131&quot;<\/h2>\n<p>\u00c7\u0259r\u015f\u0259nb\u0259 g\u00fcn\u00fc, avqustun 21-i saat 15:00-dan etibar\u0259n Wa \u0130cma M\u0259rk\u0259zind\u0259 \u015f\u0259h\u0259rin inki\u015faf\u0131 il\u0259 ba\u011fl\u0131 m\u00fczakir\u0259 y\u0131\u011f\u0131nca\u011f\u0131 ke\u00e7irildi. 20-y\u0259 yax\u0131n \u015f\u0259h\u0259r sakini topla\u015faraq f\u0259al fikir m\u00fcbadil\u0259si apar\u0131blar.<\/p>\n<p>\u0130clasda 2025-ci maliyy\u0259 ili \u00fc\u00e7\u00fcn b\u00fcdc\u0259nin icras\u0131 v\u0259 t\u0259\u015fkilati islahatlar, Regional Canlanma 2.0 \u00fc\u00e7\u00fcn b\u00fcdc\u0259nin geni\u015fl\u0259ndirilm\u0259si kimi yerli \u00f6z\u00fcn\u00fcidar\u0259etm\u0259 siyas\u0259t v\u0259 sisteml\u0259rind\u0259 d\u0259yi\u015fiklikl\u0259rl\u0259 ba\u011fl\u0131 izahatlar verilib. G\u00fcn\u0259baxan Festival\u0131n\u0131n u\u011furu, parkinq haqlar\u0131 il\u0259 ba\u011fl\u0131 yeni t\u0259\u015f\u0259bb\u00fcsl\u0259r v\u0259 ziyar\u0259t\u00e7il\u0259rin say\u0131n\u0131 \u00f6l\u00e7m\u0259k \u00fc\u00e7\u00fcn s\u00fcni intellektd\u0259n istifad\u0259 edil\u0259n t\u0259cr\u00fcb\u0259l\u0259r haqq\u0131nda da hesabatlar verildi.<\/p>\n<figure class=\"wp-caption aligncenter\"><a href=\"https:\/\/photos.google.com\/share\/AF1QipMkrigF2R0Y19iaU0CV4tjOSKKHJ_Rfno43ydos__93a20Xd8I2HVN5Ltx0CmqmUA\/photo\/AF1QipONaLPaXa0rVyb2Nqx6A2cuE4tBDWi4FkzbnKY?key=NmhIWTJsbFNqelZVaUhBN3QtRnhhekZ5X0Roek9n\" target=\"_blank\"><img decoding=\"async\" src=\"https:\/\/lh3.googleusercontent.com\/pw\/AP1GczOliW6MWAgxotiRSJpqk3-RjM_DE4BE8kxK5nn-yfkhntDeCQFlmG-SFOT_hbhpuxSFuVRr8oTS6exYio2C3m3RNb-Ep1xir2isQdiUOO1XYinC-XIIfFWzpkwHVZmj0aD5ibNoeQzeYBc3uup25GKo=w2000-h1500-s-no-gm?authuser=0\" width=\"2000\" height=\"1500\" alt=\"Wa Qon\u015fuluq Assosiasiyas\u0131 \u015e\u0259h\u0259r Planla\u015fd\u0131rma M\u00fczakir\u0259 Y\u0131\u011f\u0131nca\u011f\u0131\" class=\"size-full\" \/><\/a><figcaption class=\"wp-caption-text\">Wa Qon\u015fuluq Assosiasiyas\u0131 \u015e\u0259h\u0259r Planla\u015fd\u0131rma M\u00fczakir\u0259 Y\u0131\u011f\u0131nca\u011f\u0131<\/figcaption><\/figure>\n<h3>T\u0259dbirin moderatorlu\u011fu mer m\u00fcavini Masaaki Okuda olub.<\/h3>\n<p>Merin m\u00fcavini Masaaki Okudan\u0131n moderatorlu\u011fu il\u0259 ke\u00e7iril\u0259n g\u00f6r\u00fc\u015f xo\u015f ba\u015flad\u0131.<\/p>\n<figure class=\"wp-caption aligncenter\"><a href=\"https:\/\/photos.google.com\/share\/AF1QipMkrigF2R0Y19iaU0CV4tjOSKKHJ_Rfno43ydos__93a20Xd8I2HVN5Ltx0CmqmUA\/photo\/AF1QipMjiKoIx4yKAb6OeQUm1SSsGZohW3nDJz3w7aw?key=NmhIWTJsbFNqelZVaUhBN3QtRnhhekZ5X0Roek9n\" target=\"_blank\"><img decoding=\"async\" src=\"https:\/\/lh3.googleusercontent.com\/pw\/AP1GczNhEcNCHXn1GVrO7RocCySgky03Kd_nQ8MvkdapCBgJkkAxFLcJAe1zqJuzptMJAafbBL7yQz-HcBQfqt0pMb9GV2o7FKZwKdjLnWQGlMlms_QNaj30PIxmqprJGOztx87sa9KOqXVAdklAvhvyNAwd=w2000-h1125-s-no-gm?authuser=0\" width=\"2000\" height=\"1125\" alt=\"Moderator: Merin m\u00fcavini Masaaki Okuda\" class=\"size-full\" \/><\/a><figcaption class=\"wp-caption-text\">Moderator: Merin m\u00fcavini Masaaki Okuda<\/figcaption><\/figure>\n<h2>Mer Yasuhiro Sasakid\u0259n salamlar<\/h2>\n<figure class=\"wp-caption aligncenter\"><a href=\"https:\/\/photos.google.com\/share\/AF1QipMkrigF2R0Y19iaU0CV4tjOSKKHJ_Rfno43ydos__93a20Xd8I2HVN5Ltx0CmqmUA\/photo\/AF1QipNjUxx6j8PI7S8OUuTEOiwQ2XbckiK_JwJ0h8I?key=NmhIWTJsbFNqelZVaUhBN3QtRnhhekZ5X0Roek9n\" target=\"_blank\"><img decoding=\"async\" src=\"https:\/\/lh3.googleusercontent.com\/pw\/AP1GczPDvpr1XKL7A5GzUXPOnGanCG7P6mTdBqJWZ5GflD74_nP1UKpuHhi8CtSDR78HxhH8D2UWi6H6-yA2kY7tvyRQlpnleJNKdpg7Jd5MPT1vcUxh4rE5wu37nOJPAlW8gj5QDqr1GvlFtlpIujwfE4_O=w2000-h1125-s-no-gm?authuser=0\" width=\"2000\" height=\"1125\" alt=\"Mer Yasuhiro Sasakid\u0259n salamlar\" class=\"size-full\" \/><\/a><figcaption class=\"wp-caption-text\">Mer Yasuhiro Sasakid\u0259n salamlar<\/figcaption><\/figure>\n<p>\u201c\u0130\u015ftirak\u0131n\u0131za v\u0259 b\u00fct\u00fcn z\u0259hm\u0259tiniz\u0259 g\u00f6r\u0259 ham\u0131n\u0131za s\u0259mimi t\u0259\u015f\u0259kk\u00fcr\u00fcm\u00fc bildirm\u0259k ist\u0259yir\u0259m.<\/p>\n<p>\u0130ndi biz sad\u0259c\u0259 yax\u015f\u0131 m\u0259hsul \u00fc\u00e7\u00fcn dua etm\u0259k m\u00f6vs\u00fcm\u00fcnd\u0259yik. P\u0259nc\u0259r\u0259d\u0259n k\u0259narda \u0259lvan d\u00fcy\u00fc tarlalar\u0131 qar\u015f\u0131m\u0131zda uzan\u0131r.<\/p>\n<p>Ke\u00e7\u0259n ild\u0259n \u0259vv\u0259lki il\u0259 q\u0259d\u0259r \u015f\u0259h\u0259r y\u0131\u011f\u0131ncaqlar\u0131 iki yerd\u0259 ke\u00e7irilirdi: icma m\u0259rk\u0259zi v\u0259 h\u0259r k\u0259sin topla\u015fd\u0131\u011f\u0131 Hekisui \u0130cma M\u0259rk\u0259zi. Ke\u00e7\u0259n ild\u0259n bu il\u0259 q\u0259d\u0259r 10 m\u0259h\u0259ll\u0259 birliyin\u0259 ba\u015f \u00e7\u0259km\u0259yi q\u0259rara alm\u0131\u015f\u0131q. Biz t\u0259kc\u0259 yerli m\u0259s\u0259l\u0259l\u0259rl\u0259 ba\u011fl\u0131 deyil, h\u0259m d\u0259 \u015f\u0259h\u0259r v\u0259 d\u00fcy\u00fc m\u0259s\u0259l\u0259l\u0259rin\u0259 dair m\u00fcxt\u0259lif fikirl\u0259ri e\u015fitm\u0259k ist\u0259rdik.<\/p>\n<p>Milli siyas\u0259t\u0259 uy\u011fun olaraq, bu ilin aprelind\u0259 ba\u015flanan 2025-ci maliyy\u0259 ilinin b\u00fcdc\u0259sind\u0259 regional canland\u0131rma qrantlar\u0131 \u00fc\u00e7\u00fcn b\u00fcdc\u0259 iki d\u0259f\u0259 art\u0131r\u0131l\u0131b. 10 ilini ba\u015fa vurmu\u015f birinci n\u0259slin f\u0259al \u00fczvl\u0259rini d\u0259st\u0259kl\u0259y\u0259r\u0259k, qar\u015f\u0131dak\u0131 10 il\u0259 baxan ikinci n\u0259sil g\u0259l\u0259c\u0259k \u00fc\u00e7\u00fcn m\u0259suliyy\u0259t da\u015f\u0131yacaq \u00f6vladlar\u0131 v\u0259 n\u0259v\u0259l\u0259ri \u00fc\u00e7\u00fcn 10-20 illik plan\u0131 nec\u0259 qurma\u011f\u0131 d\u00fc\u015f\u00fcnm\u0259y\u0259 \u00e7a\u011f\u0131r\u0131lacaq.<\/p>\n<p>Bu il \u015f\u0259h\u0259r 200 milyard yen milli b\u00fcdc\u0259 ald\u0131 v\u0259 \u015f\u0259h\u0259r r\u0259smil\u0259ri qrant \u00fc\u00e7\u00fcn m\u00fcraci\u0259t etm\u0259k \u00fc\u00e7\u00fcn \u00e7ox \u00e7al\u0131\u015fd\u0131lar. \u015e\u0259h\u0259r m\u00fcraci\u0259t etdiyi qrant\u0131n 100%-ni ald\u0131. Yaponiyada 1718 \u015f\u0259h\u0259r, q\u0259s\u0259b\u0259 v\u0259 k\u0259nd var v\u0259 biz maksimum 1 milyard yen m\u0259bl\u0259\u011find\u0259 \u0259n b\u00f6y\u00fck m\u0259bl\u0259\u011fi alm\u0131\u015f\u0131q.<\/p>\n<p>Biz bu pulu aprel ay\u0131ndan ba\u015flayaraq b\u00fcdc\u0259mizi ay\u0131rma\u011fa s\u0259rf ed\u0259c\u0259yik v\u0259 \u00fcmid edirik ki, n\u00f6vb\u0259ti \u00fc\u00e7 ild\u0259 d\u0259 bu miqyasda davam ed\u0259c\u0259yik.<\/p>\n<p>T\u0259bii ki, indiy\u0259 q\u0259d\u0259r m\u00f6vcud m\u00fc\u0259ssis\u0259l\u0259rd\u0259n maliyy\u0259 \u00e7at\u0131\u015fmazl\u0131\u011f\u0131 s\u0259b\u0259bind\u0259n h\u0259yata ke\u00e7ir\u0259 bilm\u0259diyimiz m\u00fcraci\u0259tl\u0259r olub. Bununla bel\u0259, bu ilin aprel ay\u0131ndan ba\u015flayaraq milli h\u00f6kum\u0259td\u0259n ayr\u0131lan qrant pullar\u0131ndan s\u0259m\u0259r\u0259li istifad\u0259 etm\u0259yi v\u0259 H\u00f6k\u00fcr\u00fcy\u00fc q\u0259s\u0259b\u0259sind\u0259 m\u00f6vcud \u0259m\u0259liyyatlar\u0131 davam etdirm\u0259k v\u0259 yeni g\u0259l\u0259c\u0259k qurmaq \u00fc\u00e7\u00fcn h\u0259r k\u0259sin fikrini dinl\u0259yib plan\u0131 h\u0259yata ke\u00e7irm\u0259yi planla\u015fd\u0131r\u0131r\u0131q.<\/p>\n<p>Milli regional canlanman\u0131n \u015f\u0259rti ondan ibar\u0259tdir ki, Regional Canland\u0131rma Qrant\u0131 t\u0259kc\u0259 h\u00f6kum\u0259tin deyil, h\u0259m d\u0259 m\u0259h\u0259ll\u0259 birlikl\u0259rinin v\u0259 h\u0259r bir sakinin i\u015ftirak\u0131n\u0131 t\u0259l\u0259b edir. Ona g\u00f6r\u0259 d\u0259 bug\u00fcnk\u00fc g\u00f6r\u00fc\u015f \u00e7ox vacibdir. B\u00fcdc\u0259ni ay\u0131rark\u0259n h\u0259r k\u0259sin fikrini diqq\u0259tl\u0259 dinl\u0259m\u0259k v\u0259 ondan istifad\u0259 etm\u0259k ist\u0259rdim.<\/p>\n<p>Mer Sasaki b\u00f6y\u00fck ehtirasla &quot;Bu g\u00fcn g\u0259ldiyiniz \u00fc\u00e7\u00fcn \u00e7ox sa\u011f olun&quot; dedi.<\/p>\n<figure class=\"wp-caption aligncenter\"><a href=\"https:\/\/photos.google.com\/share\/AF1QipMkrigF2R0Y19iaU0CV4tjOSKKHJ_Rfno43ydos__93a20Xd8I2HVN5Ltx0CmqmUA\/photo\/AF1QipO9RF3bfQtY4qzpwMslaInDPg8wqvXvlIorvoc?key=NmhIWTJsbFNqelZVaUhBN3QtRnhhekZ5X0Roek9n\" target=\"_blank\"><img decoding=\"async\" src=\"https:\/\/lh3.googleusercontent.com\/pw\/AP1GczPtZJlEnK8Ay7wfOrOiC-WHeaR9IWgX_vXGaZNTBCo2zXIYRp0OIQrixzSdnvONHReF8EEe8NducS3ofSYbRg8LKyEmyomL6GrE5pkeUBEc591TWvZEweOR5riWpTYB1gt1OeS0tWXcqAPRO63Dhh0M=w2000-h1125-s-no-gm?authuser=0\" width=\"2000\" height=\"1125\" alt=\"Ehtirasl\u0131 hissl\u0259rl\u0259...\" class=\"size-full\" \/><\/a><figcaption class=\"wp-caption-text\">Ehtirasl\u0131 hissl\u0259rl\u0259...<\/figcaption><\/figure>\n<h2>\u015e\u0259h\u0259rin \u0259sas layih\u0259l\u0259rinin izah\u0131<\/h2>\n<h3>Ba\u015f Siyas\u0259t \u0130dar\u0259si, Merin m\u00fcavini Masaaki Okuda<\/h3>\n<figure class=\"wp-caption aligncenter\"><a href=\"https:\/\/photos.google.com\/share\/AF1QipMkrigF2R0Y19iaU0CV4tjOSKKHJ_Rfno43ydos__93a20Xd8I2HVN5Ltx0CmqmUA\/photo\/AF1QipM72r0NXr3pVi8crbG_cGzX-HfRqzF8ZKttNJk?key=NmhIWTJsbFNqelZVaUhBN3QtRnhhekZ5X0Roek9n\" target=\"_blank\"><img decoding=\"async\" src=\"https:\/\/lh3.googleusercontent.com\/pw\/AP1GczMCZwjy8a_maJ6k3laIKrRUo2jgAbqMGby0mYpFp7isrhRTcw9z-hMmGbVieA1ttfbbw-es_0Zn6VOqnDucejmOLtz0UO0doO_YEN3UvxWyMTj7KimRMl4glNtc1Xv2VMgUOZCx06TYumje8gotcXjv=w2000-h1125-s-no-gm?authuser=0\" width=\"2000\" height=\"1125\" alt=\"Merin m\u00fcavini Okuda brifinq verir\" class=\"size-full\" \/><\/a><figcaption class=\"wp-caption-text\">Merin m\u00fcavini Okuda brifinq verir<\/figcaption><\/figure>\n<p>B\u0259l\u0259diyy\u0259 s\u0259drinin m\u00fcavini Okuda regional canlanman\u0131n t\u0259\u015fviqi, o c\u00fcml\u0259d\u0259n Hokuryu \u015f\u0259h\u0259rinin \u015e\u0259h\u0259r, \u0130nsanlar v\u0259 \u0130\u015f Yerl\u0259rinin Yarad\u0131lmas\u0131 \u00fc\u00e7\u00fcn Kompleks Strategiyas\u0131n\u0131n \u0259sas siyas\u0259ti, yeni Regional Canland\u0131rma \u0130qtisadi v\u0259 Ya\u015fay\u0131\u015f \u018ftraf M\u00fchitinin Yarad\u0131lmas\u0131 Qrant\u0131 (\u0130kinci N\u0259sil Qrant\u0131), Layih\u0259nin &quot;Yeddi S\u00fctun&quot;u v\u0259 Holdinq ili b\u00fcdc\u0259si haqq\u0131nda izahat verdi. 2025.<\/p>\n<h3>Yayoi Kawamoto, \u015e\u0259h\u0259r G\u0259l\u0259c\u0259k Strategiya \u015e\u00f6b\u0259sinin B\u00f6lm\u0259 r\u0259isi<\/h3>\n<figure class=\"wp-caption aligncenter\"><a href=\"https:\/\/photos.google.com\/share\/AF1QipMkrigF2R0Y19iaU0CV4tjOSKKHJ_Rfno43ydos__93a20Xd8I2HVN5Ltx0CmqmUA\/photo\/AF1QipPRjYkyLxTuN6akpqsa-YAKySojMBg_2g76LHE?key=NmhIWTJsbFNqelZVaUhBN3QtRnhhekZ5X0Roek9n\" target=\"_blank\"><img decoding=\"async\" src=\"https:\/\/lh3.googleusercontent.com\/pw\/AP1GczP6_WIESwmLcRyvgTFadmu2EE-F9E725fP4DJuRGynxeQZv9edHBaq1VEBaxS2NBr3ACedL2LOSHDSsggCvXs1RVJREPZkZu6cRU1OVhB2pxFT28PpDdU5RI6q_xtT_Ih0aGyYoNav2paS1AgZyiZLw=w2000-h1125-s-no-gm?authuser=0\" width=\"2000\" height=\"1125\" alt=\"B\u00f6lm\u0259 r\u0259isi Yayoi Kawamotodan izahat\" class=\"size-full\" \/><\/a><figcaption class=\"wp-caption-text\">B\u00f6lm\u0259 r\u0259isi Yayoi Kawamotodan izahat<\/figcaption><\/figure>\n<p>B\u00f6lm\u0259 r\u0259isi Kawamoto geni\u015f biznes sah\u0259l\u0259rin\u0259 dair t\u0259qdimatla \u00e7\u0131x\u0131\u015f etdi.<\/p>\n<ol>\n<li><b>V\u0259t\u0259n vergisinin \u00f6d\u0259nilm\u0259si v\u0259 yerli ictimai n\u0259qliyyat<\/b><\/li>\n<li><b>U\u015faqlar\u0131n Ya\u015fay\u0131\u015f\u0131na D\u0259st\u0259k \u015e\u00f6b\u0259si:<\/b>\u201cYaz\u0131s\u0131z say\u011fac (yerli h\u00f6kum\u0259t say\u011faclar\u0131n\u0131n r\u0259q\u0259msalla\u015fd\u0131r\u0131lmas\u0131)\u201d v\u0259 \u00e7oxqatl\u0131 d\u0259st\u0259k sisteminin inki\u015faf\u0131<\/li>\n<li><b>S\u0259naye \u015f\u00f6b\u0259si:<\/b>\u201cQu\u015f v\u0259 heyvanlar\u0131n z\u0259d\u0259l\u0259nm\u0259sinin qar\u015f\u0131s\u0131n\u0131n al\u0131nmas\u0131 t\u0259dbirl\u0259ri\u201d \u201cG\u00fcn\u0259baxan k\u0259ndinin idar\u0259 edilm\u0259si\u201d<\/li>\n<li><b>Tikinti \u015f\u00f6b\u0259si:<\/b>\u201cSu v\u0259 kanalizasiya u\u00e7otu \u00fczr\u0259 idar\u0259etm\u0259 strategiyalar\u0131n\u0131n formala\u015fd\u0131r\u0131lmas\u0131\u201d \u201cQart\u0259mizl\u0259m\u0259 m\u0259rk\u0259zinin v\u0259 avtobus qaraj\u0131n\u0131n tikintisi\u201d<\/li>\n<li><b>T\u0259hsil \u015euras\u0131:<\/b>&quot;(\u015e\u0259xsi ad\u0131) Hokuryu Town Kompleks T\u0259dris v\u0259 M\u00fcbadil\u0259 M\u0259rk\u0259zi&quot;, &quot;Onlayn \u0130ctimai Cram M\u0259kt\u0259bi&quot; v\u0259 &quot;Yeni M\u0259kt\u0259b Yaratma T\u0259lim Sessiyas\u0131n\u0131&quot; ke\u00e7irm\u0259k v\u0259 &quot;X\u00fcsusi Kurikulum M\u0259kt\u0259bi&quot; statusuna m\u00fcraci\u0259t etm\u0259y\u0259 haz\u0131rla\u015f\u0131r.<\/li>\n<\/ol>\n<h2>Canl\u0131 fikir m\u00fcbadil\u0259si<\/h2>\n<p>\u015e\u0259h\u0259r sakinl\u0259rinin izahat\u0131n\u0131 dinl\u0259dikd\u0259n sonra i\u015ftirak\u00e7\u0131lar m\u00fcxt\u0259lif suallar verdil\u0259r v\u0259 \u00f6z fikirl\u0259rini bildirdil\u0259r, n\u0259tic\u0259d\u0259 canl\u0131 sual-cavab sessiyas\u0131 oldu.<\/p>\n<figure class=\"wp-caption aligncenter\"><a href=\"https:\/\/photos.google.com\/share\/AF1QipMkrigF2R0Y19iaU0CV4tjOSKKHJ_Rfno43ydos__93a20Xd8I2HVN5Ltx0CmqmUA\/photo\/AF1QipPDfkv8yS8gUkRoUprEiqWbi--5_bVD89pDUvY?key=NmhIWTJsbFNqelZVaUhBN3QtRnhhekZ5X0Roek9n\" target=\"_blank\"><img decoding=\"async\" src=\"https:\/\/lh3.googleusercontent.com\/pw\/AP1GczM5NrFNJVQtlxPs_ILJtEE28-cBDeQMOF0HJQOUamN4vSxgVZSm_Ub4zwpIUU_gQhXZ7PEh4UrZeBeGc7QILk_drkvtPRSFl9wDXKl58lPhE4II5iEoh1ROuvUI3D4aBaI0Xi_KFELomYY0UkV-82D5=w2000-h1125-s-no-gm?authuser=0\" width=\"2000\" height=\"1125\" alt=\"fikir m\u00fcbadil\u0259si\" class=\"size-full\" \/><\/a><figcaption class=\"wp-caption-text\">fikir m\u00fcbadil\u0259si<\/figcaption><\/figure>\n<figure class=\"wp-caption aligncenter\"><a href=\"https:\/\/photos.google.com\/share\/AF1QipMkrigF2R0Y19iaU0CV4tjOSKKHJ_Rfno43ydos__93a20Xd8I2HVN5Ltx0CmqmUA\/photo\/AF1QipMvUV8F68SF0G_tiMk21CJnPqMlxAFJHSWU7kI?key=NmhIWTJsbFNqelZVaUhBN3QtRnhhekZ5X0Roek9n\" target=\"_blank\"><img decoding=\"async\" src=\"https:\/\/lh3.googleusercontent.com\/pw\/AP1GczPLq-udMllslfTI23PCOraIF6fl2ooHBya9lV1Aubf9vKOha-hH5Hc2OG2paOVkBx5IBisd0XQpEy1fwx9oxOcjGuSAKwohCcGZjWrDEtC0Ip3bK17Az1ABtxcWJ8IYj6KzL_t0anyaWAOkK_fd0Qnj=w2000-h1125-s-no-gm?authuser=0\" width=\"2000\" height=\"1125\" alt=\"Canl\u0131 sual-cavab sessiyas\u0131\" class=\"size-full\" \/><\/a><figcaption class=\"wp-caption-text\">Canl\u0131 sual-cavab sessiyas\u0131<\/figcaption><\/figure>\n<h3>\u018fsas r\u0259yl\u0259r v\u0259 suallar<\/h3>\n<ol>\n<li><b>M\u0259nim N\u00f6mr\u0259 Sistemim v\u0259 R\u0259q\u0259msal H\u00f6kum\u0259tim:<\/b>\u00d6vladl\u0131\u011fa g\u00f6t\u00fcrm\u0259 nisb\u0259tinin art\u0131r\u0131lmas\u0131 \u00fc\u00e7\u00fcn onlayn m\u00fcraci\u0259t prosedurlar\u0131n\u0131n v\u0259 \u0259ks xidm\u0259tin t\u0259kmill\u0259\u015fdirilm\u0259si t\u0259l\u0259b olunur v\u0259 yerli ay\u0131rma vergisin\u0259 t\u0259sir n\u0259z\u0259r\u0259 al\u0131nmaqla sistemin t\u0259kmill\u0259\u015fdirilm\u0259si v\u0259 yerind\u0259 cavab t\u0259dbirl\u0259rinin g\u00fccl\u0259ndirilm\u0259si il\u0259 ba\u011fl\u0131 m\u00fczakir\u0259l\u0259r apar\u0131l\u0131b.<\/li>\n<li><b>Yol infrastrukturunun korlanmas\u0131 v\u0259 t\u0259mir v\u0259ziyy\u0259ti:<\/b>Yolun \u00e7iyninin \u0259h\u0259miyy\u0259tli d\u0259r\u0259c\u0259d\u0259 a\u015fa\u011f\u0131 d\u00fc\u015fm\u0259si il\u0259 ba\u011fl\u0131 m\u0259lumatda bildirilir ki, son iki ild\u0259 podrat\u00e7\u0131 \u015firk\u0259t t\u0259mir i\u015fl\u0259ri apar\u0131r. Bununla bel\u0259, qeyd olunub ki, t\u0259mir i\u015fl\u0259rinin ba\u015fa \u00e7atd\u0131r\u0131lmas\u0131 daha bir ne\u00e7\u0259 il \u00e7\u0259k\u0259 bil\u0259r v\u0259 i\u015fl\u0259rin bir hiss\u0259sinin ba\u015fqa podrat\u00e7\u0131lara h\u0259val\u0259 edilm\u0259si laz\u0131m g\u0259l\u0259 bil\u0259r.<\/li>\n<li><b>Ni\u015fan v\u0259 yol ni\u015fan\u0131 probleml\u0259ri:<\/b>\u0130\u015far\u0259l\u0259rin f\u0131rlanmas\u0131 v\u0259 k\u00fcl\u0259k t\u0259r\u0259find\u0259n u\u00e7urulmas\u0131 bar\u0259d\u0259 m\u0259lumatlar var v\u0259 \u0259vv\u0259lc\u0259d\u0259n haz\u0131rlanm\u0131\u015f l\u00f6vh\u0259l\u0259rin t\u0259hl\u00fck\u0259sizliyi il\u0259 ba\u011fl\u0131 narahatl\u0131qlar qald\u0131r\u0131l\u0131b. \u0130\u015far\u0259nin k\u00f6\u00e7\u00fcr\u00fclm\u0259si t\u0259klifi qar t\u0259mizl\u0259m\u0259 \u0259m\u0259liyyatlar\u0131 v\u0259 polisin icaz\u0259si il\u0259 koordinasiya t\u0259l\u0259b ed\u0259c\u0259k v\u0259 h\u00f6kum\u0259t v\u0259ziyy\u0259ti yax\u015f\u0131la\u015fd\u0131rmaq yollar\u0131n\u0131 n\u0259z\u0259rd\u0259n ke\u00e7irm\u0259y\u0259 ba\u015flad\u0131.<\/li>\n<li><b>\u018flav\u0259 b\u00fcdc\u0259 v\u0259 tikinti prioritetl\u0259ri:<\/b>\u018flav\u0259 b\u00fcdc\u0259l\u0259rin t\u0259rtibi v\u0259 t\u0259min edilm\u0259sinin \u00e7\u0259tinliyi izah edilmi\u015f, b\u00fcdc\u0259 \u00e7at\u0131\u015fmazl\u0131\u011f\u0131 s\u0259b\u0259bind\u0259n z\u0259ruri texniki v\u0259 t\u0259mir i\u015fl\u0259rinin l\u0259ngim\u0259si riski diqq\u0259t\u0259 \u00e7atd\u0131r\u0131lm\u0131\u015fd\u0131r.<\/li>\n<li><b>\u015e\u0259h\u0259r meriyas\u0131n\u0131n \u0259m\u0259kda\u015flar\u0131n\u0131n reaksiyas\u0131n\u0131n t\u0259kmill\u0259\u015fdirilm\u0259si:<\/b>B\u0259l\u0259diyy\u0259 i\u015f\u00e7il\u0259rinin yerind\u0259 cavab verm\u0259m\u0259si v\u0259 \u00fcnsiyy\u0259t qurmamas\u0131 t\u0259nqid edildi v\u0259 \u015f\u0259h\u0259r \u0259halisi il\u0259 m\u00fcnasib\u0259td\u0259 onlar\u0131n m\u00fcnasib\u0259tinin d\u0259yi\u015fdirilm\u0259si \u00fc\u00e7\u00fcn \u00e7a\u011f\u0131r\u0131\u015flar edildi.<\/li>\n<li><b>\u015e\u0259h\u0259r inki\u015faf\u0131n\u0131n t\u0259\u015fviqi v\u0259 insan resurslar\u0131n\u0131n inki\u015faf\u0131 t\u0259dbirl\u0259ri:<\/b>M\u0259h\u0259ll\u0259 birlikl\u0259rinin m\u00f6vcud v\u0259ziyy\u0259tini (\u0259halinin qocalmas\u0131, m\u0259mur \u00e7at\u0131\u015fmazl\u0131\u011f\u0131, b\u00fcdc\u0259 \u00e7at\u0131\u015fmazl\u0131\u011f\u0131) n\u0259z\u0259r\u0259 alaraq, h\u0259r bir m\u0259h\u0259ll\u0259 birliyinin iclaslar\u0131nda inzibati i\u015f\u00e7il\u0259rin r\u0259y toplamaq \u00fc\u00e7\u00fcn i\u015ftirak ed\u0259c\u0259yi siyas\u0259t elan edildi. R\u0259y m\u00fcbadil\u0259l\u0259ri regiondan as\u0131l\u0131 olaraq m\u00fcxt\u0259lif formalarda, m\u0259s\u0259l\u0259n, orta m\u0259kt\u0259b \u015fagirdl\u0259ri \u00fc\u00e7\u00fcn kafe tipli t\u0259dbir v\u0259 valideyn n\u0259sli \u00fc\u00e7\u00fcn seminarlar kimi planla\u015fd\u0131r\u0131lm\u0131\u015fd\u0131r.<\/li>\n<li><b>\u0130cma M\u0259rk\u0259zi v\u0259 M\u0259d\u0259ni \u0130rsin K\u00f6\u00e7\u00fcr\u00fclm\u0259si Plan\u0131:<\/b>Abadl\u0131q M\u0259rk\u0259zi il\u0259 birg\u0259 icma m\u0259rk\u0259zinin yenid\u0259n qurulmas\u0131 plan\u0131 \u00e7\u0259r\u00e7iv\u0259sind\u0259 \u0259d\u0259bi abid\u0259l\u0259rin v\u0259 tarixi m\u0259d\u0259niyy\u0259t s\u0259rv\u0259tl\u0259rinin k\u00f6\u00e7\u00fcr\u00fclm\u0259si \u00fcsullar\u0131 m\u00fczakir\u0259 edilib. Bu aktivl\u0259rin qorunub saxlanmas\u0131 v\u0259 k\u00f6\u00e7\u00fcr\u00fclm\u0259si \u00fc\u00e7\u00fcn x\u00fcsusi \u00fcsullar n\u0259z\u0259rd\u0259n ke\u00e7irildi, eyni zamanda onlar\u0131n g\u00fccl\u00fc qar ya\u011fan \u0259razil\u0259r\u0259 xas olan qar t\u0259mizl\u0259m\u0259 t\u0259dbirl\u0259ri il\u0259 nec\u0259 balansla\u015fd\u0131r\u0131laca\u011f\u0131 v\u0259 m\u0259d\u0259niyy\u0259tin varisliyinin t\u0259min edilm\u0259si n\u0259z\u0259rd\u0259n ke\u00e7irildi.<\/li>\n<\/ol>\n<p>P\u0259nc\u0259r\u0259nin k\u0259nar\u0131ndak\u0131 q\u0131z\u0131l\u0131 d\u00fcy\u00fc tarlalar\u0131 kimi, bu g\u00f6r\u00fc\u015f d\u0259 \u00e7ox s\u0259m\u0259r\u0259li ke\u00e7di.<\/p>\n<figure class=\"wp-caption aligncenter\"><a href=\"https:\/\/photos.google.com\/share\/AF1QipMsfCXEGzPxk-PmQBUwjzgEAPOSUVWMhTRaTD9scGS6k3I4NLQCT3fXaIqu0Qb0cw\/photo\/AF1QipNyK31_XRwUTo0Qm1nKXfcYzCPfTIcaEElY7dQ?key=VG81aW1pWkFvSngzRzF0S0RDYTlJT1BMVThWNzF3\"><img decoding=\"async\" src=\"https:\/\/lh3.googleusercontent.com\/pw\/AP1GczOV6yviqeNnsqBhrF9dRRJBw4iIcwERBlKc9ACnIxlDJPDmzOHpCgL9Bqzd7y_qDpuUWK1NFQdI1m8ZQgdcx-paXbCyJPT0XKGx7LYJHD-xQiz4BH42HID6nY-wHv5ia_6anKTgVnda7v0imgf4kDgY=w2000-h1500-s-no-gm?authuser=0\" width=\"2000\" height=\"1500\" alt=\"R\u0259ngar\u0259ng d\u00fcy\u00fc sah\u0259sinin m\u0259nz\u0259r\u0259si\" class=\"size-full\" \/><\/a><figcaption class=\"wp-caption-text\">R\u0259ngar\u0259ng d\u00fcy\u00fc sah\u0259sinin m\u0259nz\u0259r\u0259si<\/figcaption><\/figure>\n<p>S\u0259rh\u0259dsiz sevgi, minn\u0259tdarl\u0131q v\u0259 dualarla \u015e\u0259h\u0259r \u0130nki\u015faf \u015euras\u0131 \u015f\u0259h\u0259r sakinl\u0259rinin d\u0259y\u0259rli fikirl\u0259rini dinl\u0259y\u0259c\u0259k, onlara m\u00fcmk\u00fcn q\u0259d\u0259r cavab ver\u0259c\u0259k v\u0259 Hokuryu q\u0259s\u0259b\u0259si \u00fc\u00e7\u00fcn parlaq yeni g\u0259l\u0259c\u0259y\u0259 do\u011fru add\u0131m-add\u0131m ir\u0259lil\u0259y\u0259c\u0259k.<\/p>\n<h2>Dig\u0259r foto\u015f\u0259kill\u0259r<\/h2>\n<div class=\"img-move\"><img decoding=\"async\" style=\"vertical-align: middle;\" src=\"https:\/\/ehokkaido.net\/wp-content\/uploads\/2021\/12\/2021-12-06-11.41.12.png\" \/> <a href=\"https:\/\/photos.app.goo.gl\/yAZjSiW5sfPbSFj49\" target=\"_blank\" rel=\"noopener noreferrer\">\u015e\u0259h\u0259rsalma M\u00fczakir\u0259 Y\u0131\u011f\u0131nca\u011f\u0131 v\u0259 Wa Qon\u015fuluq Assosiasiyas\u0131n\u0131n foto\u015f\u0259kill\u0259ri (25 \u015f\u0259kil) burada &gt;&gt;<\/a><\/div>\n<h2>\u018flaq\u0259dar m\u0259qal\u0259l\u0259r<\/h2>\n\n        <div class=\"site-blogcard-premium\">\n            <div class=\"bc-label-custom\">\u018flaq\u0259dar m\u0259qal\u0259l\u0259r<\/div>\n            <div class=\"bc-flex-container\">\n                <div class=\"bc-main-text\">\n                    <div class=\"bc-title-link-box\">\n                        <a href=\"https:\/\/portal.hokuryu.info\/az\/63169\/\" target=\"_blank\">https:\/\/portal.hokuryu.info\/63169<\/a>\n                    <\/div>\n                    <div class=\"bc-excerpt-box\">S\u0259hif\u0259 m\u0259lumatlar\u0131n\u0131 \u0259ld\u0259 etm\u0259k m\u00fcmk\u00fcn deyil.<\/div>\n                <\/div>\n                <div class=\"bc-thumbnail-box\">\n                    <a href=\"https:\/\/portal.hokuryu.info\/az\/63169\/\" target=\"_blank\">\n                        <div class=\"bc-img-zoom-wrap\">\n                            <img decoding=\"async\" src=\"https:\/\/portal.hokuryu.info\/wp\/wp-content\/uploads\/2026\/02\/20230802DSC06445_1.jpg\" alt=\"https:\/\/portal.hokuryu.info\/63169\">\n                        <\/div>\n                    <\/a>\n                <\/div>\n            <\/div>\n        <\/div>\n<p>\u25c7 <a href=\"https:\/\/portal.hokuryu.info\/az\/62509\/\">\ud83d\udd8b\ufe0f M\u0259zmun planlamas\u0131, m\u0259qal\u0259 yazmaq, foto se\u00e7imi v\u0259 video yaratmaq: Ikuko Terauchi<img decoding=\"async\" style=\"vertical-align: middle;\" src=\"https:\/\/ehokkaido.net\/wp-content\/uploads\/2021\/12\/2021-12-06-11.41.12.png\" \/> Fotoqrafiya, redakt\u0259 v\u0259 veb sayt\u0131n idar\u0259 edilm\u0259si: Noboru Terauchi<\/a><\/p>","protected":false},"excerpt":{"rendered":"<p>2025\u5e748\u670827\u65e5\uff08\u6c34\uff09 8\u670821\u65e5\uff08\u6728\uff09\u3001\u548c\u30b3\u30df\u30e5\u30cb\u30c6\u30a3\u30bb\u30f3\u30bf\u30fc\u3067\u300c\u307e\u3061\u3065\u304f\u308a\u61c7\u8ac7\u4f1a\u300d\u304c\u958b\u50ac\u3055\u308c\u3001\u7d0420\u540d\u306e\u753a\u6c11\u304c\u53c2\u52a0\u3057\u307e\u3057\u305f\u3002\u4f50\u3005\u6728\u753a\u9577\u304b\u3089\u5730\u65b9\u5275\u751f\u4ea4\u4ed8\u91d1\u306e\u6e80\u984d\u7372\u5f97\u304c\u5831\u544a\u3055\u308c\u3001\u753a\u306e\u672a\u6765\u306b\u5411\u3051\u305f\u4e8b [&hellip;]<\/p>\n","protected":false},"author":1,"featured_media":63267,"comment_status":"open","ping_status":"open","sticky":false,"template":"","format":"standard","meta":{"footnotes":""},"categories":[4,75,112],"tags":[],"class_list":["post-63172","post","type-post","status-publish","format-standard","has-post-thumbnail","hentry","category-cover-story","category-sasaki-yasuhiro-mayor","category-local_revitalization_2"],"_links":{"self":[{"href":"https:\/\/portal.hokuryu.info\/az\/wp-json\/wp\/v2\/posts\/63172","targetHints":{"allow":["GET"]}}],"collection":[{"href":"https:\/\/portal.hokuryu.info\/az\/wp-json\/wp\/v2\/posts"}],"about":[{"href":"https:\/\/portal.hokuryu.info\/az\/wp-json\/wp\/v2\/types\/post"}],"author":[{"embeddable":true,"href":"https:\/\/portal.hokuryu.info\/az\/wp-json\/wp\/v2\/users\/1"}],"replies":[{"embeddable":true,"href":"https:\/\/portal.hokuryu.info\/az\/wp-json\/wp\/v2\/comments?post=63172"}],"version-history":[{"count":0,"href":"https:\/\/portal.hokuryu.info\/az\/wp-json\/wp\/v2\/posts\/63172\/revisions"}],"wp:featuredmedia":[{"embeddable":true,"href":"https:\/\/portal.hokuryu.info\/az\/wp-json\/wp\/v2\/media\/63267"}],"wp:attachment":[{"href":"https:\/\/portal.hokuryu.info\/az\/wp-json\/wp\/v2\/media?parent=63172"}],"wp:term":[{"taxonomy":"category","embeddable":true,"href":"https:\/\/portal.hokuryu.info\/az\/wp-json\/wp\/v2\/categories?post=63172"},{"taxonomy":"post_tag","embeddable":true,"href":"https:\/\/portal.hokuryu.info\/az\/wp-json\/wp\/v2\/tags?post=63172"}],"curies":[{"name":"wp","href":"https:\/\/api.w.org\/{rel}","templated":true}]}}