{"id":63169,"date":"2025-08-26T09:36:32","date_gmt":"2025-08-26T00:36:32","guid":{"rendered":"https:\/\/portal.hokuryu.info\/?p=63169"},"modified":"2025-09-04T16:29:06","modified_gmt":"2025-09-04T07:29:06","slug":"hokuryu-q%c9%99s%c9%99b%c9%99sinin-g%c9%99l%c9%99c%c9%99yini-muzakir%c9%99-edirik-hekisui-q%c9%99s%c9%99b%c9%99sind%c9%99-s%c9%99h%c9%99r-inkisafi-muzakir%c9%99-yigincagi-kecirilib","status":"publish","type":"post","link":"https:\/\/portal.hokuryu.info\/az\/63169\/","title":{"rendered":"Hokuryu q\u0259s\u0259b\u0259sinin g\u0259l\u0259c\u0259yini m\u00fczakir\u0259 edirik! Hekisui Qon\u015fuluq D\u0259rn\u0259yi t\u0259r\u0259find\u0259n ba\u015flad\u0131lan \u015f\u0259h\u0259r planla\u015fd\u0131rma m\u00fczakir\u0259 y\u0131\u011f\u0131nca\u011f\u0131"},"content":{"rendered":"<p>\u00c7\u0259r\u015f\u0259nb\u0259 ax\u015fam\u0131, 26 avqust 2025-ci il<\/p>\n<div class=\"ep-box es-BpaperRight es-grid bgc-VPsky\">\u00c7\u0259r\u015f\u0259nb\u0259 g\u00fcn\u00fc, avqustun 20-d\u0259 Hekisui \u0130kigai M\u0259rk\u0259zind\u0259 \u015f\u0259h\u0259rin inki\u015faf\u0131 il\u0259 ba\u011fl\u0131 m\u00fczakir\u0259l\u0259r y\u0131\u011f\u0131nca\u011f\u0131 ke\u00e7irildi. T\u0259xmin\u0259n 20 \u015f\u0259h\u0259r sakini i\u015ftirak etdi v\u0259 g\u00f6r\u00fc\u015fd\u0259 2025-ci maliyy\u0259 ili \u00fc\u00e7\u00fcn siyas\u0259tl\u0259r v\u0259 G\u00fcn\u0259baxan Festival\u0131 \u00fc\u00e7\u00fcn yeni inki\u015faflar haqq\u0131nda izahatlar daxil edildi. Fikir m\u00fcbadil\u0259si zaman\u0131 zibillikl\u0259rin idar\u0259 olunmas\u0131, t\u0259hl\u00fck\u0259li bo\u015f evl\u0259r problemi kimi ictimaiyy\u0259ti narahat ed\u0259n m\u0259s\u0259l\u0259l\u0259r \u0259traf\u0131nda canl\u0131 m\u00fczakir\u0259l\u0259r apar\u0131l\u0131b. Bu, h\u00f6kum\u0259t v\u0259 sakinl\u0259rin Hokuryu \u015f\u0259h\u0259rinin g\u0259l\u0259c\u0259yini qurmaq \u00fc\u00e7\u00fcn bir araya g\u0259ldiyi birg\u0259 \u015f\u0259h\u0259r inki\u015faf\u0131nda m\u00fch\u00fcm add\u0131m idi.<\/div>\n<h2>\u015e\u0259h\u0259r \u0130nki\u015faf\u0131 M\u00fczakir\u0259 Qrupu\/Hekisui Qon\u015fuluq Birliyi<\/h2>\n<p>\u00c7\u0259r\u015f\u0259nb\u0259 g\u00fcn\u00fc, avqustun 20-d\u0259 saat 17:30-dan etibar\u0259n Hekisui \u0130kiqai M\u0259rk\u0259zind\u0259 \u015f\u0259h\u0259rin inki\u015faf\u0131 il\u0259 ba\u011fl\u0131 m\u00fczakir\u0259 y\u0131\u011f\u0131nca\u011f\u0131 ke\u00e7irildi. 20-y\u0259 yax\u0131n \u015f\u0259h\u0259r sakini topla\u015faraq f\u0259al fikir m\u00fcbadil\u0259si apar\u0131blar.<\/p>\n<figure class=\"wp-caption aligncenter\"><a href=\"https:\/\/photos.google.com\/share\/AF1QipOOuwX-h13cntO82Ye2F1dcA-S4YaK0uNsAopLPbuq0Ulzil9u9EtMTeK4FBk6Qhg\/photo\/AF1QipPgez1fSbErjqgwvW1c6H_nQwl00Vn7P-rvQtA?key=QV9jWE8yNThFMkZPekFRaTFXYmxCZi1hNThUR3J3\" target=\"_blank\"><img decoding=\"async\" src=\"https:\/\/lh3.googleusercontent.com\/pw\/AP1GczMpnL9E9iMq_Ptb3axFHgBxjg4PR3VpnnRJdDpScvdzI8tfalV81PnG51ujFkXurowL1BgtX7Pm3iqKuMaRv_iMsUnxPGPsKPMoKJcmsPSh4fe4qC8jqdXE6nkfKpk_ZPN82big2TjsRTFzheqqYahW=w2000-h1125-s-no-gm?authuser=0\" width=\"2000\" height=\"1125\" alt=\"Hekisui \u015e\u0259h\u0259r Planla\u015fd\u0131rma Forumu\" class=\"size-full\" \/><\/a><figcaption class=\"wp-caption-text\">Hekisui \u015e\u0259h\u0259r Planla\u015fd\u0131rma Forumu<\/figcaption><\/figure>\n<p>\u0130clasda 2025-ci maliyy\u0259 ili \u00fc\u00e7\u00fcn b\u00fcdc\u0259nin icras\u0131 v\u0259 t\u0259\u015fkilati islahatlar, Regional Canlanma 2.0 \u00fc\u00e7\u00fcn b\u00fcdc\u0259nin geni\u015fl\u0259ndirilm\u0259si kimi yerli \u00f6z\u00fcn\u00fcidar\u0259etm\u0259 siyas\u0259t v\u0259 sisteml\u0259rind\u0259 d\u0259yi\u015fiklikl\u0259rl\u0259 ba\u011fl\u0131 izahatlar verilib. G\u00fcn\u0259baxan Festival\u0131n\u0131n u\u011furu, parkinq haqlar\u0131 il\u0259 ba\u011fl\u0131 yeni t\u0259\u015f\u0259bb\u00fcsl\u0259r v\u0259 ziyar\u0259t\u00e7il\u0259rin say\u0131n\u0131 \u00f6l\u00e7m\u0259k \u00fc\u00e7\u00fcn s\u00fcni intellektd\u0259n istifad\u0259 edil\u0259n t\u0259cr\u00fcb\u0259l\u0259r haqq\u0131nda da hesabatlar verildi.<\/p>\n<h3>Moderator: Merin m\u00fcavini Masaaki Okuda<\/h3>\n<figure class=\"wp-caption aligncenter\"><a href=\"https:\/\/photos.google.com\/share\/AF1QipOOuwX-h13cntO82Ye2F1dcA-S4YaK0uNsAopLPbuq0Ulzil9u9EtMTeK4FBk6Qhg\/photo\/AF1QipNP6A9jOoo-byTUsrx85nB2qP5qpva7mtK6UTs?key=QV9jWE8yNThFMkZPekFRaTFXYmxCZi1hNThUR3J3\" target=\"_blank\"><img decoding=\"async\" src=\"https:\/\/lh3.googleusercontent.com\/pw\/AP1GczNRntmLxR3TVgFNraoGcegwzVOgNt_5SgI1DnO-pVFhg-fy7mcBTa1oe1MOonWWr-xiAtQu3VeFHRxeEFaAt2wQtGKBw7fRUe20iIPPixSpud1K96EXxa3umeTHxyYGYbLFyjMkAfzv6eO_4EemEC2u=w2000-h1125-s-no-gm?authuser=0\" width=\"2000\" height=\"1125\" alt=\"Moderator: Merin m\u00fcavini Masaaki Okuda\" class=\"size-full\" \/><\/a><figcaption class=\"wp-caption-text\">Moderator: Merin m\u00fcavini Masaaki Okuda<\/figcaption><\/figure>\n<h3>Mer Yasuhiro Sasakid\u0259n salamlar<\/h3>\n<figure class=\"wp-caption aligncenter\"><a href=\"https:\/\/photos.google.com\/share\/AF1QipOOuwX-h13cntO82Ye2F1dcA-S4YaK0uNsAopLPbuq0Ulzil9u9EtMTeK4FBk6Qhg\/photo\/AF1QipPCEDA41cypS2opzFqgVGLnEGvhJ7mkEM64smw?key=QV9jWE8yNThFMkZPekFRaTFXYmxCZi1hNThUR3J3\" target=\"_blank\"><img decoding=\"async\" src=\"https:\/\/lh3.googleusercontent.com\/pw\/AP1GczMkkei5W_LmNyV3wE8aPzf3tLfrstjTBm5-CPM8C-7EtmJi0RcGgpsOcmVaX5UrXoehkHsvbov7v1b3F0R8ytZICRbYwVoilJRMt3OLue0soY5ozrBHo5cHy_UYv2cM9DZs_-YKzplQvsslZ7YnkQ-E=w2000-h1125-s-no-gm?authuser=0\" width=\"2000\" height=\"1125\" alt=\"Mer Yasuhiro Sasakid\u0259n salamlar\" class=\"size-full\" \/><\/a><figcaption class=\"wp-caption-text\">Mer Yasuhiro Sasakid\u0259n salamlar<\/figcaption><\/figure>\n<p>\u201cO-qada\u011fad\u0131r.<\/p>\n<p>Ax\u015fam saat 5:30-da \u00e7\u0259tin olan bir zamanda topla\u015fmaq \u00fc\u00e7\u00fcn vaxt ay\u0131r\u0131b g\u0259l\u0259n h\u0259r k\u0259s\u0259, o c\u00fcml\u0259d\u0259n Takeuchi Qon\u015fuluq D\u0259rn\u0259yinin s\u0259drin\u0259 s\u0259mimi t\u0259\u015f\u0259kk\u00fcr\u00fcm\u00fcz\u00fc bildiririk.<\/p>\n<p>H\u0259m yap\u0131\u015fqanl\u0131, h\u0259m d\u0259 yap\u0131\u015fqans\u0131z d\u00fcy\u00fc y\u0131\u011f\u0131m\u0131na haz\u0131rl\u0131q gedir, ona g\u00f6r\u0259 d\u0259 d\u00fc\u015f\u00fcn\u00fcr\u0259m ki, siz m\u0259\u015f\u011ful olmal\u0131s\u0131n\u0131z. \u00c7ox sa\u011f olun.<\/p>\n<p>M\u0259n bu g\u00fcn vaxt ay\u0131r\u0131b aprel ay\u0131ndan b\u0259ri davam ed\u0259n 2025-ci maliyy\u0259 ili layih\u0259l\u0259rini izah etm\u0259k ist\u0259rdim.<\/p>\n<p>T\u0259\u015fkilat islahatlar\u0131 apar\u0131l\u0131b v\u0259 \u015e\u0259h\u0259r G\u0259l\u0259c\u0259k Strategiya \u015e\u00f6b\u0259si indi m\u0259suldur. \u00c7oxlu d\u0259yi\u015fiklikl\u0259r olub.<\/p>\n<p>\u00d6lk\u0259 b\u00fcdc\u0259si m\u00fcxt\u0259lif istiqam\u0259tl\u0259rd\u0259 h\u0259r\u0259k\u0259t edir v\u0259 biz indi el\u0259 bir d\u00f6vrd\u0259yik ki, sussaq, h\u00f6kum\u0259td\u0259n he\u00e7 bir pul almayaca\u011f\u0131q.<\/p>\n<p>M\u00fcxt\u0259lif m\u0259s\u0259l\u0259l\u0259r\u0259 cavab verm\u0259k \u00fc\u00e7\u00fcn biz \u015f\u00f6b\u0259l\u0259rimizi m\u00fc\u0259yy\u0259nl\u0259\u015fdirmi\u015fik v\u0259 \u015f\u0259h\u0259r \u0259halisinin m\u00fcxt\u0259lif fikirl\u0259rin\u0259 cavab ver\u0259 bilm\u0259miz \u00fc\u00e7\u00fcn d\u0259yi\u015fiklikl\u0259r etmi\u015fik.<\/p>\n<p>\u018fsas m\u0259s\u0259l\u0259 ondan ibar\u0259tdir ki, biz Ba\u015f Siyas\u0259t \u0130dar\u0259si olaraq b\u00fct\u00f6vl\u00fckd\u0259 h\u0259r bir idar\u0259ni bir araya g\u0259tirm\u0259yi v\u0259 \u015f\u0259h\u0259r \u0259halisinin ist\u0259kl\u0259rinin b\u00fcdc\u0259 il\u0259 uzla\u015fd\u0131r\u0131lmas\u0131n\u0131 h\u0259d\u0259fl\u0259yirik.<\/p>\n<p>Layih\u0259nin \u0259sas m\u00f6vzusu \u201cRegional Canlanma 2.0\u201dd\u0131r. Ba\u015f nazir \u0130\u015fiba son 10 ild\u0259 regional canlanma \u00fcz\u0259rind\u0259 i\u015fl\u0259yir, lakin o, &quot;bunun t\u0259sirli olmad\u0131\u011f\u0131n\u0131. B\u00f6lg\u0259l\u0259r parlaq g\u00f6r\u00fcnm\u00fcr&quot; dey\u0259 hiss etdi v\u0259 bu il b\u00fcdc\u0259ni 100 milyard yend\u0259n 200 milyard yenaya y\u00fcks\u0259ltdi.<\/p>\n<p>Bundan sonra siz\u0259 m\u00fcxt\u0259lif \u015feyl\u0259ri izah ed\u0259c\u0259y\u0259m, amma onlar\u0131 ayd\u0131n \u015f\u0259kild\u0259 \u00e7atd\u0131rma\u011fa, fikirl\u0259rinizi diqq\u0259tl\u0259 dinl\u0259m\u0259y\u0259, onlar\u0131 formala\u015fd\u0131rmaq v\u0259 uy\u011fun cavab verm\u0259y\u0259 \u00e7al\u0131\u015faca\u011fam.<\/p>\n<p>T\u0259dbir bu g\u00fcn saat 19:00-a q\u0259d\u0259r davam ed\u0259c\u0259k v\u0259 \u00e7oxlu fikirl\u0259rinizi g\u00f6zl\u0259yirik.<\/p>\n<p>N\u0259hay\u0259t, G\u00fcn\u0259baxan Festival\u0131 iyulun 20-d\u0259n avqustun 18-d\u0259k u\u011furla ba\u015fa \u00e7atd\u0131. Bu il biz q\u0259rara g\u0259ldik ki, parkinq haqq\u0131n\u0131 g\u00f6t\u00fcr\u0259k. Son 20 ildir ki, parkinq haqlar\u0131n\u0131 m\u00fczakir\u0259 edirik.<\/p>\n<p>D\u00fc\u015f\u00fcn\u00fcr\u0259m ki, m\u0259n sizin ham\u0131n\u0131z\u0131 bir \u00e7ox c\u0259h\u0259td\u0259n \u00e7ox narahat etmi\u015f\u0259m v\u0259 bu bar\u0259d\u0259 sonra dan\u0131\u015faca\u011fam.<\/p>\n<p>Biz h\u0259m\u00e7inin ziyar\u0259t\u00e7il\u0259rin say\u0131n\u0131 hesablamaq \u00fc\u00e7\u00fcn s\u00fcni intellektd\u0259n istifad\u0259 etm\u0259kl\u0259, real saymaq \u00fc\u00e7\u00fcn \u00fcz tan\u0131ma v\u0259 dig\u0259r \u00fcsullardan istifad\u0259 etm\u0259kl\u0259 t\u0259cr\u00fcb\u0259 aparma\u011fa ba\u015flam\u0131\u015f\u0131q.<\/p>\n<p>Bu biz\u0259 g\u00fcn\u0259baxan t\u0259sirinin n\u0259 q\u0259d\u0259r oldu\u011funu hiss ed\u0259c\u0259k.<\/p>\n<p>Bu g\u00fcn ilk &quot;\u015e\u0259h\u0259r \u0130nki\u015faf\u0131 M\u00fczakir\u0259 Toplant\u0131s\u0131&quot; Aomizu Qon\u015fuluq Assosiasiyas\u0131 il\u0259 ba\u015flayacaq v\u0259 sabah Wa Qon\u015fuluq Assosiasiyas\u0131 il\u0259, ert\u0259si g\u00fcn is\u0259 Mibaushi Qon\u015fuluq Assosiasiyas\u0131 il\u0259 ke\u00e7iril\u0259c\u0259k.<\/p>\n<p>Biz sizin davaml\u0131 d\u0259st\u0259yinizi g\u00f6zl\u0259yirik\u201d, - mer Sasaki bildirib.<\/p>\n<h3>\u0130cmal Siyasi Planla\u015fd\u0131rma Ofisinin direktoru Katsuyoshi Takahashi t\u0259r\u0259find\u0259n verilmi\u015fdir<\/h3>\n<figure class=\"wp-caption aligncenter\"><a href=\"https:\/\/photos.google.com\/share\/AF1QipOOuwX-h13cntO82Ye2F1dcA-S4YaK0uNsAopLPbuq0Ulzil9u9EtMTeK4FBk6Qhg\/photo\/AF1QipNctfaN9uf7ppyS-5MTRwiSzyzzwPeeY48Dsv8?key=QV9jWE8yNThFMkZPekFRaTFXYmxCZi1hNThUR3J3\" target=\"_blank\"><img decoding=\"async\" src=\"https:\/\/lh3.googleusercontent.com\/pw\/AP1GczOlJWO5YWhPrTaoNP9WI4wiLX01lv2KVvlXyhkZwxUEI1NNOABDcROOW9Qqm3McAxS6L6fckdUECtVB-QqSpoSZearBhmmIo6k-wDA3x35s0DWCRgPB1rcDLfLuJj06yRR9yIy5YK3AZLMiqtDNisgr=w2000-h1125-s-no-gm?authuser=0\" width=\"2000\" height=\"1125\" alt=\"Siyas\u0259t Ara\u015fd\u0131rmalar\u0131 \u00fczr\u0259 Ba\u015f Direktor Katsuyoshi Takahashi-nin icmal\u0131\" class=\"size-full\" \/><\/a><figcaption class=\"wp-caption-text\">Siyas\u0259t Ara\u015fd\u0131rmalar\u0131 \u00fczr\u0259 Ba\u015f Direktor Katsuyoshi Takahashi-nin icmal\u0131<\/figcaption><\/figure>\n<h4>Regional canlanman\u0131n t\u0259\u015fviqinin izah\u0131<\/h4>\n<p>Hokuryu q\u0259s\u0259b\u0259sinin \u015f\u0259h\u0259rl\u0259r, insanlar v\u0259 i\u015f yerl\u0259ri yaratmaq \u00fc\u00e7\u00fcn h\u0259rt\u0259r\u0259fli strategiyas\u0131n\u0131n \u0259sas siyas\u0259ti, yeni yerli iqtisadiyyat v\u0259 ya\u015fay\u0131\u015f m\u00fchitinin yarad\u0131lmas\u0131 qrant\u0131 (ikinci n\u0259sil qrant), \u201cHimawari Holdings\u201d layih\u0259sinin \u201cyeddi s\u00fctunu\u201d v\u0259 2025-ci maliyy\u0259 ili \u00fc\u00e7\u00fcn layih\u0259 x\u0259rcl\u0259ri haqq\u0131nda izahat verildi.<\/p>\n<h3>\u015e\u0259h\u0259rin G\u0259l\u0259c\u0259k Strategiya Departamentinin direktoru Yayoi Kawamotodan izahat<\/h3>\n<figure class=\"wp-caption aligncenter\"><a href=\"https:\/\/photos.google.com\/share\/AF1QipOOuwX-h13cntO82Ye2F1dcA-S4YaK0uNsAopLPbuq0Ulzil9u9EtMTeK4FBk6Qhg\/photo\/AF1QipNMq1g87zr4EUmG-g6c5QutfMpxT2IWHU1fX4k?key=QV9jWE8yNThFMkZPekFRaTFXYmxCZi1hNThUR3J3\" target=\"_blank\"><img decoding=\"async\" src=\"https:\/\/lh3.googleusercontent.com\/pw\/AP1GczNzfHs6ze-Ci_lU2Kmms1pfPOmWxdtl7LeqFVEmoEeiOQS2YgYLJo5m96Iz66rodIA-uD3XmSp-feb6x7pVJ0tZsGzX590hTiMXYGU4CuOPrfv6GAd3K545X4Hyzn5rwLsExidxaMQUJmBm8Gzo8WlK=w2000-h1125-s-no-gm?authuser=0\" width=\"2000\" height=\"1125\" alt=\"B\u00f6lm\u0259 r\u0259isi Yayoi Kawamotodan izahat\" class=\"size-full\" \/><\/a><figcaption class=\"wp-caption-text\">B\u00f6lm\u0259 r\u0259isi Yayoi Kawamotodan izahat<\/figcaption><\/figure>\n<p>A\u015fa\u011f\u0131dak\u0131 biznesl\u0259r izah edildi:<\/p>\n<ol>\n<li>&quot;Do\u011fma \u015e\u0259h\u0259r Vergisi&quot; v\u0259 &quot;Regional \u0130ctimai N\u0259qliyyat&quot; haqq\u0131nda (\u015e\u0259h\u0259rin G\u0259l\u0259c\u0259yi Strategiya B\u00f6lm\u0259si)<\/li>\n<li>\u201cYaz\u0131lmayan P\u0259nc\u0259r\u0259 (B\u0259l\u0259diyy\u0259 idar\u0259l\u0259rinin r\u0259q\u0259msalla\u015fd\u0131r\u0131lmas\u0131)\u201d v\u0259 \u201c\u00c7oxqatl\u0131 D\u0259st\u0259k Sisteminin \u0130nki\u015faf\u0131 Layih\u0259si\u201d (U\u015faqlar\u0131n H\u0259yat D\u0259st\u0259yi \u015e\u00f6b\u0259si) il\u0259 ba\u011fl\u0131<\/li>\n<li>\u201cQu\u015flara v\u0259 Heyvanlara Z\u0259r\u0259rl\u0259rin Qar\u015f\u0131s\u0131n\u0131n Al\u0131nmas\u0131 T\u0259dbirl\u0259ri\u201d v\u0259 \u201cG\u00fcn\u0259baxan K\u0259ndinin \u0130dar\u0259 Edilm\u0259si\u201d (S\u0259naye \u015e\u00f6b\u0259si) il\u0259 ba\u011fl\u0131<\/li>\n<li>\u201cSu v\u0259 kanalizasiya u\u00e7otu \u00fczr\u0259 idar\u0259etm\u0259 strategiyalar\u0131n\u0131n i\u015fl\u0259nib haz\u0131rlanmas\u0131\u201d v\u0259 \u201cQart\u0259mizl\u0259m\u0259 m\u0259rk\u0259zinin v\u0259 avtobus qaraj\u0131n\u0131n tikintisi\u201d il\u0259 ba\u011fl\u0131 (Tikinti \u015f\u00f6b\u0259si)<\/li>\n<li>\u201cHokuryu Town Kompleks T\u0259dris v\u0259 M\u00fcbadil\u0259 M\u0259rk\u0259zi (\u015f\u0259xsi ad\u0131), \u201cOnlayn \u0130ctimai Cram M\u0259kt\u0259bi\u201d, \u201cYeni M\u0259kt\u0259b Yaratma Seminar\u0131\u201dn\u0131n ke\u00e7irilm\u0259si v\u0259 \u201cX\u00fcsusi Kurikulum M\u0259kt\u0259bi\u201dn\u0259 (T\u0259hsil \u015euras\u0131) m\u00fcraci\u0259t\u0259 haz\u0131rl\u0131qla ba\u011fl\u0131<\/li>\n<\/ol>\n<h3>fikir m\u00fcbadil\u0259si<\/h3>\n<p>Sah\u0259d\u0259n g\u0259l\u0259n r\u0259yl\u0259r\u0259 \u0259sas\u0259n, parkinq haqlar\u0131, \u0259razinin idar\u0259 edilm\u0259si, b\u00fcdc\u0259 v\u0259ziyy\u0259ti, v\u0259h\u015fi t\u0259bi\u0259tin idar\u0259 edilm\u0259si, k\u0259nd t\u0259s\u0259rr\u00fcfat\u0131n\u0131n t\u0259bli\u011fat\u0131n\u0131n g\u0259l\u0259c\u0259y\u0259 bax\u0131\u015f\u0131n\u0131n yarad\u0131lmas\u0131, m\u0259h\u0259ll\u0259 assosiasiyas\u0131 g\u00f6r\u00fc\u015fl\u0259rinin format\u0131 kimi cari m\u0259s\u0259l\u0259l\u0259rin h\u0259lli istiqam\u0259tind\u0259 t\u0259dbirl\u0259r m\u00fczakir\u0259 edilib.<\/p>\n<p>M\u00fczakir\u0259l\u0259r h\u0259m\u00e7inin Kitaryu q\u0259s\u0259b\u0259sind\u0259 zibilxanalar\u0131n nec\u0259 idar\u0259 olunmas\u0131, qardan t\u0259mizl\u0259m\u0259 t\u0259dbirl\u0259ri v\u0259 bo\u015f evl\u0259rin problemini \u0259hat\u0259 edib v\u0259 yerli sakinl\u0259rin v\u0259 k\u00f6n\u00fcll\u00fcl\u0259rin v\u0259ziyy\u0259tini, maliyy\u0259 m\u0259s\u0259l\u0259l\u0259rini, \u0259halinin qocalmas\u0131n\u0131n v\u0259 ev t\u0259s\u0259rr\u00fcfatlar\u0131n\u0131n say\u0131n\u0131n azalmas\u0131n\u0131n t\u0259sirini h\u0259ll etm\u0259k \u00fc\u00e7\u00fcn t\u0259dbirl\u0259rin n\u0259z\u0259rd\u0259n ke\u00e7irilm\u0259sin\u0259 \u00e7a\u011f\u0131r\u0131b.<\/p>\n<h4>1. Qabar\u0131q g\u00fczg\u00fcl\u0259rin \u00e7\u0131xar\u0131lmas\u0131<\/h4>\n<ul>\n<li><strong>[Suallar\/T\u0259l\u0259bl\u0259r]<\/strong><br \/>\n        Takeuchi k\u00f6rp\u00fcs\u00fcn\u00fcn yax\u0131nl\u0131\u011f\u0131nda qabar\u0131q g\u00fczg\u00fc \u00e7\u0131xarmaq olarm\u0131?<\/li>\n<li><strong>\u3010cavab\u3011<\/strong><br \/>\n        B\u0259li, onu \u00e7\u0131xarmaqda he\u00e7 bir problem yoxdur. Yerli h\u00f6kum\u0259t d\u0259rhal t\u0259dbir g\u00f6r\u0259c\u0259k.<\/li>\n<\/ul>\n<h4>2. Zibil Stansiyas\u0131n\u0131n \u0130dar\u0259 Edilm\u0259si<\/h4>\n<ul>\n<li><strong>[Suallar\/T\u0259l\u0259bl\u0259r]<\/strong><br \/>\n        Yerli zibil stansiyas\u0131 haz\u0131rda k\u00f6n\u00fcll\u00fcl\u0259r t\u0259r\u0259find\u0259n idar\u0259 olunur, lakin menecerl\u0259r ya\u015fland\u0131qca g\u0259l\u0259c\u0259kd\u0259 onu idar\u0259 etm\u0259k \u00e7\u0259tinl\u0259\u015f\u0259c\u0259k v\u0259 bununla m\u0259\u015f\u011ful olan he\u00e7 kim qalmayacaq.<\/li>\n<li><strong>[Cavab\/M\u00fczakir\u0259]<\/strong><br \/>\n        Zibil m\u0259nt\u0259q\u0259l\u0259ri \u0259vv\u0259lc\u0259 yerli sakinl\u0259rin xahi\u015fi il\u0259 yarad\u0131l\u0131b. Biz bilirik ki, \u0259halinin qocalmas\u0131 v\u0259 azalmas\u0131 s\u0259b\u0259bind\u0259n yerli idar\u0259etm\u0259 daha da \u00e7\u0259tinl\u0259\u015fir. Bu, t\u0259kc\u0259 pul m\u0259s\u0259l\u0259si deyil, ona g\u00f6r\u0259 d\u0259 biz buna qar\u0131n t\u0259mizl\u0259nm\u0259si m\u0259s\u0259l\u0259si kimi region \u00fc\u00e7\u00fcn h\u0259rt\u0259r\u0259fli m\u0259s\u0259l\u0259 kimi bax\u0131r\u0131q. G\u0259l\u0259c\u0259kd\u0259 h\u00f6kum\u0259t maliyy\u0259 resurslar\u0131n\u0131n t\u0259min edilm\u0259si d\u0259 daxil olmaqla, hans\u0131 t\u0259dbirl\u0259ri v\u0259 d\u0259st\u0259yi g\u00f6st\u0259r\u0259 bil\u0259c\u0259yini n\u0259z\u0259rd\u0259n ke\u00e7ir\u0259c\u0259k.<\/li>\n<\/ul>\n<h4>3. T\u0259hl\u00fck\u0259li bo\u015f evl\u0259rl\u0259 m\u0259\u015f\u011ful olmaq<\/h4>\n<ul>\n<li><strong>[Suallar\/T\u0259l\u0259bl\u0259r]<\/strong><br \/>\n        \u018fvv\u0259ll\u0259r qeyd olunan t\u0259hl\u00fck\u0259li bo\u015f evl\u0259r\u0259 g\u0259linc\u0259, q\u0259za ba\u015f verm\u0259mi\u015fd\u0259n \u0259vv\u0259l t\u0259dbir g\u00f6rm\u0259liyik. Sahibkarlar t\u0259dbir g\u00f6rm\u0259s\u0259, onlar\u0131 zorla s\u00f6km\u0259k \u00fc\u00e7\u00fcn h\u00f6kum\u0259t t\u0259r\u0259find\u0259n \u201cinzibati icraat\u201d d\u00fc\u015f\u00fcnm\u0259liyik.<\/li>\n<li><strong>[Cavab\/M\u00fczakir\u0259]<\/strong><br \/>\n        Qeyd etdiyiniz bo\u015f evl\u0259 ba\u011fl\u0131 yerli h\u00f6kum\u0259t d\u0259 t\u0259dbir g\u00f6r\u00fcr. Son \u00e7ar\u0259 olaraq biz \u201cinzibati icraat\u0131\u201d n\u0259z\u0259rd\u0259n ke\u00e7iririk ki, bu zaman yerli h\u00f6kum\u0259t m\u00fclkiyy\u0259t\u00e7inin ad\u0131ndan \u0259mlak\u0131 s\u00f6k\u00fcr. Bununla bel\u0259, \u0259m\u0259l edilm\u0259li qanuni prosedurlar var v\u0259 bunun h\u0259yata ke\u00e7irilm\u0259sin\u0259, o c\u00fcml\u0259d\u0259n sahibin\u0259 m\u0259lumat verilm\u0259sin\u0259 q\u0259d\u0259r t\u0259xmin\u0259n bir il \u00e7\u0259k\u0259c\u0259yi g\u00f6zl\u0259nilir. Biz t\u0259hl\u00fck\u0259li v\u0259ziyy\u0259td\u0259n x\u0259b\u0259rdar\u0131q v\u0259 m\u00fcmk\u00fcn q\u0259d\u0259r tez cavab verm\u0259k \u00fc\u00e7\u00fcn \u0259limizd\u0259n g\u0259l\u0259ni ed\u0259c\u0259yik.<\/li>\n<\/ul>\n<figure class=\"wp-caption aligncenter\"><a href=\"https:\/\/photos.google.com\/share\/AF1QipOOuwX-h13cntO82Ye2F1dcA-S4YaK0uNsAopLPbuq0Ulzil9u9EtMTeK4FBk6Qhg\/photo\/AF1QipNKDxRlilR_4dCVonerZp641SPP-G7rVE4ZRuw?key=QV9jWE8yNThFMkZPekFRaTFXYmxCZi1hNThUR3J3\" target=\"_blank\"><img decoding=\"async\" src=\"https:\/\/lh3.googleusercontent.com\/pw\/AP1GczOaaz102Ag4oL_U-QIXWM_vKQAAOYGFnPJKnVEL7WFDu-RfoBp4YkjBMZDWnhdqExdro4SxXN-bQ94ff2QKBVjTLmLISvmUwTPielOrDwq7cvZTyvW8O9T5OyUUoumltA97FxxfF_qG4lclCm3HC3G6=w2000-h1125-s-no-gm?authuser=0\" width=\"2000\" height=\"1125\" alt=\"fikir m\u00fcbadil\u0259si\" class=\"size-full\" \/><\/a><figcaption class=\"wp-caption-text\">fikir m\u00fcbadil\u0259si<\/figcaption><\/figure>\n<p>S\u0259rh\u0259dsiz sevgi, minn\u0259tdarl\u0131q v\u0259 dualarla h\u00f6kum\u0259t v\u0259 \u015f\u0259h\u0259r \u0259halisi aras\u0131nda canl\u0131 fikir m\u00fcbadil\u0259sini t\u0259\u015fviq ed\u0259n, \u015f\u0259h\u0259rin birg\u0259 inki\u015faf\u0131na k\u00f6m\u0259k ed\u0259n \u015e\u0259h\u0259r \u0130nki\u015faf Forumuna \u00fcr\u0259kd\u0259n t\u0259\u015f\u0259kk\u00fcr\u00fcm\u00fcz\u00fc bildiririk.<\/p>\n<figure class=\"wp-caption aligncenter\"><a href=\"https:\/\/photos.google.com\/share\/AF1QipMsfCXEGzPxk-PmQBUwjzgEAPOSUVWMhTRaTD9scGS6k3I4NLQCT3fXaIqu0Qb0cw\/photo\/AF1QipM06dB01jScDMoSWt0-PZci-82sA59E2cnmmqc?key=VG81aW1pWkFvSngzRzF0S0RDYTlJT1BMVThWNzF3\"><img decoding=\"async\" src=\"https:\/\/lh3.googleusercontent.com\/pw\/AP1GczPS4wiyZ723PJdpJ40unA2H8G072wmoq7BKSXAcUbkdyOlnC8xDt9hRmRmjX5FQzJQ1Y7WW0tZENlU4ZWF_8oWs1cnJ42SdajXpK4sHIq4iAgQjZzeORUlDLwgbRMZr3UiFapi3TwpIUygyW1RarfcQ=w2000-h1500-s-no-gm?authuser=1\" width=\"2000\" height=\"1500\" alt=\"B\u0259r\u0259k\u0259tli k\u0259nd\" class=\"size-full\" \/><\/a><figcaption class=\"wp-caption-text\">B\u0259r\u0259k\u0259tli k\u0259nd<\/figcaption><\/figure>\n<h2>Dig\u0259r foto\u015f\u0259kill\u0259r<\/h2>\n<div class=\"img-move\"><img decoding=\"async\" style=\"vertical-align: middle;\" src=\"https:\/\/ehokkaido.net\/wp-content\/uploads\/2021\/12\/2021-12-06-11.41.12.png\" \/> <a href=\"https:\/\/photos.app.goo.gl\/kmWJpQcL9n9vUMev9\" target=\"_blank\" rel=\"noopener noreferrer\">\u015e\u0259h\u0259r \u0130nki\u015faf\u0131 M\u00fczakir\u0259 Y\u0131\u011f\u0131nca\u011f\u0131ndan v\u0259 Hekisui Qon\u015fuluq Assosiasiyas\u0131ndan foto\u015f\u0259kill\u0259r (19 \u015f\u0259kil) burada &gt;&gt;<\/a><\/div>\n<p>\u25c7 <a href=\"https:\/\/portal.hokuryu.info\/az\/62509\/\">\ud83d\udd8b\ufe0f M\u0259zmun planlamas\u0131, m\u0259qal\u0259 yazmaq, foto se\u00e7imi v\u0259 video yaratmaq: Ikuko Terauchi<img decoding=\"async\" style=\"vertical-align: middle;\" src=\"https:\/\/ehokkaido.net\/wp-content\/uploads\/2021\/12\/2021-12-06-11.41.12.png\" \/> Fotoqrafiya, redakt\u0259 v\u0259 veb sayt\u0131n idar\u0259 edilm\u0259si: Noboru Terauchi<\/a><\/p>","protected":false},"excerpt":{"rendered":"<p>2025\u5e74\uff18\u670826\u65e5\uff08\u706b\uff09 8\u670820\u65e5\uff08\u6c34\uff09\u3001\u78a7\u6c34\u751f\u304d\u304c\u3044\u30bb\u30f3\u30bf\u30fc\u3067\u300c\u307e\u3061\u3065\u304f\u308a\u61c7\u8ac7\u4f1a\u300d\u304c\u958b\u50ac\u3055\u308c\u307e\u3057\u305f\u3002\u753a\u6c11\u7d0420\u540d\u304c\u53c2\u52a0\u3057\u3001\u4ee4\u548c7\u5e74\u5ea6\u306e\u653f\u7b56\u3084\u3072\u307e\u308f\u308a\u307e\u3064\u308a\u306e\u65b0\u5c55\u958b\u306b\u3064\u3044\u3066\u8aac\u660e\u304c\u884c\u308f\u308c\u308b\u5834\u306b\u3002\u610f\u898b [&hellip;]<\/p>\n","protected":false},"author":1,"featured_media":63269,"comment_status":"open","ping_status":"open","sticky":false,"template":"","format":"standard","meta":{"footnotes":""},"categories":[4,75,112],"tags":[],"class_list":["post-63169","post","type-post","status-publish","format-standard","has-post-thumbnail","hentry","category-cover-story","category-sasaki-yasuhiro-mayor","category-local_revitalization_2"],"_links":{"self":[{"href":"https:\/\/portal.hokuryu.info\/az\/wp-json\/wp\/v2\/posts\/63169","targetHints":{"allow":["GET"]}}],"collection":[{"href":"https:\/\/portal.hokuryu.info\/az\/wp-json\/wp\/v2\/posts"}],"about":[{"href":"https:\/\/portal.hokuryu.info\/az\/wp-json\/wp\/v2\/types\/post"}],"author":[{"embeddable":true,"href":"https:\/\/portal.hokuryu.info\/az\/wp-json\/wp\/v2\/users\/1"}],"replies":[{"embeddable":true,"href":"https:\/\/portal.hokuryu.info\/az\/wp-json\/wp\/v2\/comments?post=63169"}],"version-history":[{"count":0,"href":"https:\/\/portal.hokuryu.info\/az\/wp-json\/wp\/v2\/posts\/63169\/revisions"}],"wp:featuredmedia":[{"embeddable":true,"href":"https:\/\/portal.hokuryu.info\/az\/wp-json\/wp\/v2\/media\/63269"}],"wp:attachment":[{"href":"https:\/\/portal.hokuryu.info\/az\/wp-json\/wp\/v2\/media?parent=63169"}],"wp:term":[{"taxonomy":"category","embeddable":true,"href":"https:\/\/portal.hokuryu.info\/az\/wp-json\/wp\/v2\/categories?post=63169"},{"taxonomy":"post_tag","embeddable":true,"href":"https:\/\/portal.hokuryu.info\/az\/wp-json\/wp\/v2\/tags?post=63169"}],"curies":[{"name":"wp","href":"https:\/\/api.w.org\/{rel}","templated":true}]}}