{"id":62451,"date":"2025-08-13T09:39:55","date_gmt":"2025-08-13T00:39:55","guid":{"rendered":"https:\/\/portal.hokuryu.info\/?p=62451"},"modified":"2025-10-26T11:34:49","modified_gmt":"2025-10-26T02:34:49","slug":"ikiqat-mukafat-laureati-kurosengoku-biznes-kooperativ-assosiasiyasindan-yukio-takadani-t%c9%99brik-edirik","status":"publish","type":"post","link":"https:\/\/portal.hokuryu.info\/az\/62451\/","title":{"rendered":"\u0130kiqat q\u0259l\u0259b\u0259 m\u00fcnasib\u0259til\u0259 t\u0259brik edirik! Kurosengoku Biznes Kooperativ Assosiasiyas\u0131n\u0131n s\u0259dri Yukio Takada Hokkaydo S\u0259nayesin\u0259 T\u00f6hf\u0259 M\u00fckafat\u0131n\u0131 v\u0259 M\u0259rk\u0259zi Assosiasiyan\u0131n 70-ci Yubiley F\u0259xri Xidm\u0259t M\u00fckafat\u0131n\u0131 al\u0131r."},"content":{"rendered":"<p>C\u00fcm\u0259, 15 avqust 2025-ci il<\/p>\n<div class=\"ep-box es-BpaperRight es-grid bgc-VPsky\">\u018ffsan\u0259vi Kurosengoku soyas\u0131n\u0131 canland\u0131ran Kurosengoku Biznes Kooperativinin s\u0259dri Yukio Takada 2025-ci ild\u0259 Hokkaydo S\u0259nayesin\u0259 T\u00f6hf\u0259 M\u00fckafat\u0131na (Hokkaydo) v\u0259 Hokkaydo Ki\u00e7ik v\u0259 Orta M\u00fc\u0259ssis\u0259l\u0259r Assosiasiyalar\u0131 Federasiyas\u0131n\u0131n 70 illik yubiley m\u0259rasimin\u0259 layiq g\u00f6r\u00fcl\u00fcb. Takadan\u0131n assosiasiyaya v\u0259 yerli s\u0259nayey\u0259 uzunm\u00fcdd\u0259tli t\u00f6hf\u0259l\u0259ri y\u00fcks\u0259k qiym\u0259tl\u0259ndirildi v\u0259 o, sevincini B\u0259l\u0259diyy\u0259 Ba\u015f\u00e7\u0131s\u0131 Sasakiy\u0259 bildirm\u0259k \u00fc\u00e7\u00fcn Hokuryu Town Hall-a ba\u015f \u00e7\u0259kdi.<\/div>\n<h2>\u0130kiqat q\u0259l\u0259b\u0259 m\u00fcnasib\u0259til\u0259 t\u0259brik edirik! Kurosengoku Biznes Kooperativ Assosiasiyas\u0131n\u0131n s\u0259dri Yukio Takada Hokkaydo S\u0259nayesin\u0259 T\u00f6hf\u0259 M\u00fckafat\u0131n\u0131 v\u0259 M\u0259rk\u0259zi Assosiasiyan\u0131n 70-ci Yubiley F\u0259xri Xidm\u0259t M\u00fckafat\u0131n\u0131 al\u0131r.<\/h2>\n<p>Kurosengoku Biznes Kooperativinin s\u0259dri Yukio Takada h\u0259m 2025-ci il \u00fc\u00e7\u00fcn Hokkaydo S\u0259naye T\u00f6hf\u0259 M\u00fckafat\u0131n\u0131 (Hokkaydo), h\u0259m d\u0259 70-ci Yubiley Xatir\u0259 Xidm\u0259t M\u00fckafat\u0131n\u0131 (Hokkaydo Ki\u00e7ik v\u0259 Orta M\u00fc\u0259ssis\u0259l\u0259r Assosiasiyalar\u0131 Federasiyas\u0131) almaq kimi \u0259lam\u0259tdar nailiyy\u0259t \u0259ld\u0259 etdi.<\/p>\n<h3>FY2025 Hokkaydo S\u0259naye T\u00f6hf\u0259 M\u00fckafat\u0131 (Hokkaydo)<\/h3>\n<figure class=\"wp-caption aligncenter\"><a href=\"https:\/\/photos.google.com\/share\/AF1QipOQxC17pxnLc3neLx9iv5FX2zS2hlDQao2hKkTjrg06M0p5Sa9K1ndWmA_OFAwjTw\/photo\/AF1QipPmS0158nsZesCmGaExnHsYFZ8duWsRPs2gYiM?key=QmVpN05mRGVYMFV5blQ3LXBCMXVMOHYtQzNYeGZR\" target=\"_blank\"><img decoding=\"async\" src=\"https:\/\/lh3.googleusercontent.com\/pw\/AP1GczObJVwDXqUfckw5lkYfpORC0bTnxiKOg1Y-yc3Hx_Tlu3-Drtee3-R19TicI8r7rHzUowrTwXcIAbWbjYNokfcf2C7dTElIrQY2nI-l6EOY1NTakKW1yIsLO-VtFJS5WYxi7VItU5umY-4I0wLYvUJ4=w2000-h1412-s-no-gm?authuser=0\" width=\"2000\" height=\"1412\" alt=\"FY2025 Hokkaydo S\u0259naye T\u00f6hf\u0259 M\u00fckafat\u0131 (Hokkaydo) \" class=\"size-full\" \/><\/a><figcaption class=\"wp-caption-text\">FY2025 Hokkaydo S\u0259naye T\u00f6hf\u0259 M\u00fckafat\u0131 (Hokkaydo)<\/figcaption><\/figure>\n<p>Bu y\u00fcks\u0259k n\u00fcfuzlu m\u00fckafat Hokkaydo qubernatoru t\u0259r\u0259find\u0259n Hokkaydo s\u0259nayesinin t\u0259\u015fviqi v\u0259 inki\u015faf\u0131na m\u00fch\u00fcm t\u00f6hf\u0259l\u0259r vermi\u015f \u015f\u0259xsl\u0259r\u0259 v\u0259 t\u0259\u015fkilatlara t\u0259qdim olunur. O, uzun ill\u0259r \u0259rzind\u0259 ticar\u0259t, s\u0259naye, turizm v\u0259 tikinti daxil olmaqla, geni\u015f sah\u0259l\u0259rd\u0259 yerli iqtisadiyyat\u0131 canland\u0131rmaq \u00fc\u00e7\u00fcn d\u0259st\u0259k olmu\u015f v\u0259 \u00e7ox \u00e7al\u0131\u015fm\u0131\u015f liderl\u0259rin nailiyy\u0259tl\u0259rini tan\u0131y\u0131r. M\u00fckafat\u0131n al\u0131nmas\u0131 Hokkaydo boyunca s\u0259nayey\u0259 g\u00f6rk\u0259mli t\u00f6hf\u0259l\u0259rin tan\u0131nmas\u0131n\u0131n s\u00fcbutudur.<\/p>\n<figure class=\"wp-caption aligncenter\"><a href=\"https:\/\/photos.google.com\/share\/AF1QipOQxC17pxnLc3neLx9iv5FX2zS2hlDQao2hKkTjrg06M0p5Sa9K1ndWmA_OFAwjTw\/photo\/AF1QipNTHtAOeKY7xMX7DRmPJAVH1I__pz0FaMaM7a4?key=QmVpN05mRGVYMFV5blQ3LXBCMXVMOHYtQzNYeGZR\" target=\"_blank\"><img decoding=\"async\" src=\"https:\/\/lh3.googleusercontent.com\/pw\/AP1GczNak2QNCbgSmVtzX4vlwcaHDjLK0go0btBKvQTud0MxFzibpigWcUaQj19eF-tsnhLrZMcal8W0G-C4ZYxQzFerpN0j8mPRNzzv1RArEbjFvO7qw5LnFdZ6Nsq09pOo2Qhk8tak1jWxkMARVSvIxZYu=w1074-h1610-s-no-gm?authuser=0\" width=\"500\" alt=\"FY2025 Hokkaydo S\u0259naye T\u00f6hf\u0259 M\u00fckafat\u0131 (Hokkaydo)\" class=\"size-full\" \/><\/a><figcaption class=\"wp-caption-text\">FY2025 Hokkaydo S\u0259naye T\u00f6hf\u0259 M\u00fckafat\u0131 (Hokkaydo)<\/figcaption><\/figure>\n<h3>70-ci Yubiley Xatir\u0259 M\u00fckafat\u0131 (Hokkaydo Ki\u00e7ik v\u0259 Orta Sahibkarl\u0131q Assosiasiyalar\u0131 Federasiyas\u0131)<\/h3>\n<p>Bu m\u00fckafat Hokkaydoda ki\u00e7ik v\u0259 orta sahibkarl\u0131q v\u0259 kooperativl\u0259ri d\u0259st\u0259kl\u0259y\u0259n m\u0259rk\u0259zi t\u0259\u015fkilat olan Hokkaydo Ki\u00e7ik Biznes Assosiasiyalar\u0131 Federasiyas\u0131 t\u0259r\u0259find\u0259n 70 illik yubileyinin \u0259sas m\u0259rh\u0259l\u0259sini qeyd etm\u0259k \u00fc\u00e7\u00fcn x\u00fcsusil\u0259 g\u00f6rk\u0259mli t\u00f6hf\u0259l\u0259r vermi\u015f \u015f\u0259xsl\u0259r\u0259 veril\u0259n x\u00fcsusi m\u00fckafatd\u0131r.<\/p>\n<p>M\u00fckafat kooperativ zabiti kimi uzun ill\u0259r g\u0259rgin z\u0259hm\u0259ti il\u0259 t\u0259\u015fkilat\u0131n inki\u015faf\u0131na v\u0259 \u00fczvl\u0259rinin sabitliyin\u0259 t\u00f6hf\u0259 ver\u0259n liderliy\u0259 g\u00f6r\u0259 y\u00fcks\u0259k qiym\u0259tl\u0259ndirilib. Bu, onun yerli iqtisadiyyat\u0131n b\u00fcn\u00f6vr\u0259sini d\u0259st\u0259kl\u0259y\u0259n kooperativin f\u0259aliyy\u0259tin\u0259 uzun m\u00fcdd\u0259t sadiqliyinin s\u00fcbutudur.<\/p>\n<figure class=\"wp-caption aligncenter\"><a href=\"https:\/\/photos.google.com\/share\/AF1QipOQxC17pxnLc3neLx9iv5FX2zS2hlDQao2hKkTjrg06M0p5Sa9K1ndWmA_OFAwjTw\/photo\/AF1QipMsICsc5DnXd-Xcp8pdCAoqfsq1DTCtOe4tiuU?key=QmVpN05mRGVYMFV5blQ3LXBCMXVMOHYtQzNYeGZR\" target=\"_blank\"><img decoding=\"async\" src=\"https:\/\/lh3.googleusercontent.com\/pw\/AP1GczPowF5Ux32eLk6lBzDLE7fJawg9w4ni6RyxZfeGc7HPTY_oL3mfTHFmn1s6LXcqtNS1u3il_5cdGAJsydiYAXm3O4qLu78qMRzxGYgLqDD-3-0SbChmtT7cKjcOaROT7R_2ueJihBLV2wefaATkXDVp=w2000-h1333-s-no-gm?authuser=0\" width=\"2000\" height=\"1333\" alt=\"\u018fla xidm\u0259t\u0259 g\u00f6r\u0259 70-ci Yubiley Xatir\u0259 M\u00fckafat\u0131 (Hokkaydo Tamamlama \u015eirk\u0259ti Federasiyas\u0131)\" class=\"size-full\" \/><\/a><figcaption class=\"wp-caption-text\">\u018fla xidm\u0259t\u0259 g\u00f6r\u0259 70-ci Yubiley Xatir\u0259 M\u00fckafat\u0131 (Hokkaydo Tamamlama \u015eirk\u0259ti Federasiyas\u0131)<\/figcaption><\/figure>\n<p>Bu m\u00fckafat onun Kurosengoku Biznes Kooperativinin idar\u0259\u00e7iliyin\u0259 uzun ill\u0259r s\u0259daq\u0259tini, \u00fczvl\u0259rinin sabitliyini t\u0259min etm\u0259k \u00fc\u00e7\u00fcn g\u00f6st\u0259rdiyi s\u0259yl\u0259ri v\u0259 assosiasiyan\u0131n m\u0259muru kimi Hokkaydoda ticar\u0259t v\u0259 s\u0259nayenin inki\u015faf\u0131na verdiyi t\u00f6hf\u0259l\u0259ri t\u0259qdir edir.<\/p>\n<h3>M\u00fckafatla ba\u011fl\u0131 meri Sasakiy\u0259 m\u0259ruz\u0259<\/h3>\n<p>C\u00fcm\u0259 g\u00fcn\u00fc, avqustun 8-d\u0259, c\u0259nab Yukio Takada m\u00fckafat\u0131n\u0131 mer Yasuhiro Sasakiy\u0259 bildirm\u0259k \u00fc\u00e7\u00fcn Hokuryu Town Hall-da meriyaya ba\u015f \u00e7\u0259kdi.<\/p>\n<figure class=\"wp-caption aligncenter\"><a href=\"https:\/\/photos.google.com\/share\/AF1QipOQxC17pxnLc3neLx9iv5FX2zS2hlDQao2hKkTjrg06M0p5Sa9K1ndWmA_OFAwjTw\/photo\/AF1QipMuNarQYQDFj9jZ3GrR0RyJw9KJodEgoZPtfVY?key=QmVpN05mRGVYMFV5blQ3LXBCMXVMOHYtQzNYeGZR\" target=\"_blank\"><img decoding=\"async\" src=\"https:\/\/lh3.googleusercontent.com\/pw\/AP1GczPztXWHVPf___OuEKY6xTK-XsQc-eiaVuW4I2ZXylfNpm9rAHUtQVbRHLtp28xjqYnxHSTY0RwzIklfubgyOSUSyP99qXkTYjjJnBH8Fm30acr46UuKvXQWsxl9fzmmFwnAznGc1YRzBFgWPlqsmKiU=w2000-h1333-s-no-gm?authuser=0\" width=\"2000\" height=\"1333\" alt=\"M\u00fckafat\u0131 B\u0259l\u0259diyy\u0259 Ba\u015f\u00e7\u0131s\u0131 Sasakiy\u0259 bildirin!\" class=\"size-full\" \/><\/a><figcaption class=\"wp-caption-text\">M\u00fckafat\u0131 B\u0259l\u0259diyy\u0259 Ba\u015f\u00e7\u0131s\u0131 Sasakiy\u0259 bildirin!<\/figcaption><\/figure>\n<h4>Yukio Takadadan t\u0259\u015f\u0259kk\u00fcr s\u00f6zl\u0259ri<\/h4>\n<figure class=\"wp-caption aligncenter\"><a href=\"https:\/\/photos.google.com\/share\/AF1QipOQxC17pxnLc3neLx9iv5FX2zS2hlDQao2hKkTjrg06M0p5Sa9K1ndWmA_OFAwjTw\/photo\/AF1QipMgsMq7Cmo51GmAOmDJYrhtG4hjcryUfbP2T5M?key=QmVpN05mRGVYMFV5blQ3LXBCMXVMOHYtQzNYeGZR\" target=\"_blank\"><img decoding=\"async\" src=\"https:\/\/lh3.googleusercontent.com\/pw\/AP1GczNc_XVscUL6oLa969czQ5ysZImqSPH9McD3XsTvufj_zAYMimTAqItcGrGleREItTNungP0wTXG7UF-a2rIzeyNrbsQncakGwLl2F0m5r8_tCbiB6KOWlYpxz8szFUEg2aly63enSvKT89PNa2Jdwye=w2000-h1333-s-no-gm?authuser=0\" width=\"2000\" height=\"1333\" alt=\"Yukio Takadadan t\u0259\u015f\u0259kk\u00fcr s\u00f6zl\u0259ri\" class=\"size-full\" \/><\/a><figcaption class=\"wp-caption-text\">Yukio Takadadan t\u0259\u015f\u0259kk\u00fcr s\u00f6zl\u0259ri<\/figcaption><\/figure>\n<p>&quot;Biz indic\u0259 Kurosengoku Kooperativ Assosiasiyas\u0131n\u0131n 20-ci ild\u00f6n\u00fcm\u00fcn\u00fc qeyd etdik v\u0259 bu yolda biz\u0259 k\u00f6m\u0259k ed\u0259n bir \u00e7ox insanlara, o c\u00fcml\u0259d\u0259n rejissorlar\u0131m\u0131za v\u0259 prod\u00fcserl\u0259rimiz\u0259 s\u00f6zl\u0259 ifad\u0259 olunmayacaq d\u0259r\u0259c\u0259d\u0259 minn\u0259tdarl\u0131\u011f\u0131m\u0131 bildirir\u0259m. \u0130nan\u0131ram ki, bu, h\u0259r k\u0259sin s\u0259yl\u0259rinin kulminasiyas\u0131d\u0131r. \u00c7ox sa\u011f olun!&quot; S\u0259dr Takada bildirib.<\/p>\n<h4>Mer Sasakinin t\u0259brik mesaj\u0131<\/h4>\n<p>\ufffc<br \/>\n<figure class=\"wp-caption aligncenter\"><a href=\"https:\/\/photos.google.com\/share\/AF1QipOQxC17pxnLc3neLx9iv5FX2zS2hlDQao2hKkTjrg06M0p5Sa9K1ndWmA_OFAwjTw\/photo\/AF1QipP9FEtVrb5Ttwva7EBsclJRlaI5L17NZSbTJnY?key=QmVpN05mRGVYMFV5blQ3LXBCMXVMOHYtQzNYeGZR\" target=\"_blank\"><img decoding=\"async\" src=\"https:\/\/lh3.googleusercontent.com\/pw\/AP1GczPZ38noGrS2hN-LwwzeQNOQvbxG1R5l-hEimFDGdIbi3dja9wOCpdfXrZofp0IyUXC6ZFmNwNFOvP7GachohfY86T8ty631IGBdJ6Q_HuYhCe-P6cESjnoyXtB9zKhFRz7bf8s6GoIfkc3OPkj9W4fW=w2000-h1333-s-no-gm?authuser=0\" width=\"2000\" height=\"1333\" alt=\"Mer Sasakinin t\u0259brik s\u00f6zl\u0259ri\" class=\"size-full\" \/><\/a><figcaption class=\"wp-caption-text\">Mer Sasakinin t\u0259brik s\u00f6zl\u0259ri<\/figcaption><\/figure>\n<p>&quot;Kurosenqoku Biznes Kooperativ Assosiasiyas\u0131 20 illik yubileyini qeyd etdi v\u0259 m\u0259n qeyd etm\u0259d\u0259 i\u015ftirak etm\u0259k \u015f\u0259r\u0259fin\u0259 nail oldum. T\u0259nt\u0259n\u0259li m\u0259rasimd\u0259 z\u0259hm\u0259tke\u015f r\u0259hb\u0259rl\u0259r, prod\u00fcserl\u0259r v\u0259 biznes t\u0259r\u0259fda\u015flar\u0131 da daxil olmaqla, bir \u00e7ox insan i\u015ftirak etdi v\u0259 bu, rahat atmosferl\u0259 g\u00f6z\u0259l bir bayram oldu. \u0130nan\u0131ram ki, Qubernator Suzuki bu ill\u0259r \u0259rzind\u0259 b\u00f6y\u00fck t\u0259tbiql\u0259r\u0259 diqq\u0259t yetirib v\u0259 onlara y\u00fcks\u0259k nailiyy\u0259tl\u0259r \u0259ld\u0259 edib.<\/p>\n<p>&quot;Hokkaydo S\u0259nayesin\u0259 T\u00f6hf\u0259 M\u00fckafat\u0131 v\u0259 Ki\u00e7ik v\u0259 Orta M\u00fc\u0259ssis\u0259l\u0259r Assosiasiyas\u0131n\u0131n Hokkaydo Federasiyas\u0131n\u0131n 70-ci Yubiley F\u0259xri Xidm\u0259t M\u00fckafat\u0131n\u0131 alma\u011f\u0131n\u0131z m\u00fcnasib\u0259til\u0259 sizi t\u0259brik edirik. 30, 50 v\u0259 h\u0259tta 100 il davam ed\u0259c\u0259k bir \u015firk\u0259t olma\u011f\u0131 h\u0259d\u0259fl\u0259diyimiz \u00fc\u00e7\u00fcn davaml\u0131 d\u0259st\u0259yinizi g\u00f6zl\u0259yirik!&quot; mer Sasaki bildirib.<\/p>\n<h3>Xatir\u0259 fotosu<\/h3>\n<p>M\u0259ruz\u0259d\u0259n sonra meriyan\u0131n aparat\u0131nda v\u0259 q\u0259bul ota\u011f\u0131nda xatir\u0259 foto\u015f\u0259kill\u0259ri \u00e7\u0259kilib.<\/p>\n<figure class=\"wp-caption aligncenter\"><a href=\"https:\/\/photos.google.com\/share\/AF1QipOQxC17pxnLc3neLx9iv5FX2zS2hlDQao2hKkTjrg06M0p5Sa9K1ndWmA_OFAwjTw\/photo\/AF1QipM5RNQzeFglJlHPKvNTIABREPKf-33P_uQabCc?key=QmVpN05mRGVYMFV5blQ3LXBCMXVMOHYtQzNYeGZR\" target=\"_blank\"><img decoding=\"async\" src=\"https:\/\/lh3.googleusercontent.com\/pw\/AP1GczOjJhGeVnA7q8-fUzxG9srKep-9XndkkWy_tJ7ZzDXWZtx5E19rRa2IYh-gYV34neg0OL26q-sNjTb_rMe1zr0uXKTIf-f4vFDXWdHHmQPADZ-fE_vHd5Y11QAaa_kfWWdt8bptYj5ZmVCLht_ZfeJ3=w2000-h1333-s-no-gm?authuser=0\" width=\"2000\" height=\"1333\" alt=\"Xatir\u0259 fotosu\" class=\"size-full\" \/><\/a><figcaption class=\"wp-caption-text\">Xatir\u0259 fotosu<\/figcaption><\/figure>\n<figure class=\"wp-caption aligncenter\"><a href=\"https:\/\/photos.google.com\/share\/AF1QipOQxC17pxnLc3neLx9iv5FX2zS2hlDQao2hKkTjrg06M0p5Sa9K1ndWmA_OFAwjTw\/photo\/AF1QipNDyjvcNSb0ElZPqWFrCwEX68acGBkRIe7Nr9g?key=QmVpN05mRGVYMFV5blQ3LXBCMXVMOHYtQzNYeGZR\" target=\"_blank\"><img decoding=\"async\" src=\"https:\/\/lh3.googleusercontent.com\/pw\/AP1GczNaBVprHYjMXXkGFCjjzGbxtNTr0kLx4fxAw-m6NiYDg3_TaZzvsFhU4dxoToj9JWwFpqSdjHC0x10JegydT_m9yh6AMHfN5nd4m1ikGrXRkdwpMxI_At3rjhdilmQ2wS88kg7Vy-J8sVdEWq9kVILX=w2000-h1333-s-no-gm?authuser=0\" width=\"2000\" height=\"1333\" alt=\"Q\u0259bul ota\u011f\u0131nda\" class=\"size-full\" \/><\/a><figcaption class=\"wp-caption-text\">Q\u0259bul ota\u011f\u0131nda<\/figcaption><\/figure>\n<figure class=\"wp-caption aligncenter\"><a href=\"https:\/\/photos.google.com\/share\/AF1QipOQxC17pxnLc3neLx9iv5FX2zS2hlDQao2hKkTjrg06M0p5Sa9K1ndWmA_OFAwjTw\/photo\/AF1QipPT0DbnjXh4sLXPUPhQOfe8CSDn2cM9E6BHBrY?key=QmVpN05mRGVYMFV5blQ3LXBCMXVMOHYtQzNYeGZR\" target=\"_blank\"><img decoding=\"async\" src=\"https:\/\/lh3.googleusercontent.com\/pw\/AP1GczOncNMNCEkVtCYUB29ylOagUIlic8AX3patQQzSiNi-xVotJdTSELf39bsXDgrvcSPFZrvfHrb7qNRocU0uhVnX3CkgTy3PArAY2mxyRPqWPugYku_La-LYI7yJB391TLza_bc4rQLE1B3JL3YWNNEa=w2000-h1500-s-no-gm?authuser=0\" width=\"2000\" height=\"1333\" alt=\"20 illik yubiley jurnallar\u0131\" class=\"size-full\" \/><\/a><figcaption class=\"wp-caption-text\">20 illik yubiley jurnallar\u0131<\/figcaption><\/figure>\n<p>\u0130yirmi il ke\u00e7di v\u0259 biz \u00e7\u0259tinlikl\u0259r\u0259 qalib g\u0259l\u0259n v\u0259 \u00fczvl\u0259ri il\u0259 sevincl\u0259ri b\u00f6l\u00fc\u015f\u0259n, Kurosengoku soya paxlas\u0131n\u0131n qiym\u0259tli ruhunu miras qoyan, minn\u0259tdarl\u0131q v\u0259 d\u0259rin etimad q\u0259lbini qoruyub saxlayan S\u0259dr Takada Yukionun b\u00f6y\u00fck nailiyy\u0259tl\u0259rini sonsuz sevgi, minn\u0259tdarl\u0131q v\u0259 dualarla yad edirik...<\/p>\n<h2>Dig\u0259r foto\u015f\u0259kill\u0259r<\/h2>\n<div class=\"img-move\"><img decoding=\"async\" style=\"vertical-align: middle;\" src=\"https:\/\/ehokkaido.net\/wp-content\/uploads\/2021\/12\/2021-12-06-11.41.12.png\" \/> <a href=\"https:\/\/photos.app.goo.gl\/c4nUhwejMn7zpofJA\" target=\"_blank\" rel=\"noopener noreferrer\">2025-ci maliyy\u0259 ilind\u0259 Hokkaydo S\u0259nayesin\u0259 T\u00f6hf\u0259 M\u00fckafat\u0131n\u0131n (Hokkaydo Qubernatoru) v\u0259 70-ci Yubiley M\u00fckafat\u0131n\u0131n (Hokkaydo Ki\u00e7ik v\u0259 Orta Sahibkarl\u0131q Assosiasiyalar\u0131 Federasiyas\u0131) foto\u015f\u0259kill\u0259ri (25 \u015f\u0259kil) buradad\u0131r &gt;&gt;<\/a><\/div>\n<h2>\u018flaq\u0259dar M\u0259qal\u0259l\u0259r\/Saytlar<\/h2>\n\n        <div class=\"site-blogcard-premium\">\n            <div class=\"bc-label-custom\">\u018flaq\u0259dar m\u0259qal\u0259l\u0259r<\/div>\n            <div class=\"bc-flex-container\">\n                <div class=\"bc-main-text\">\n                    <div class=\"bc-title-link-box\">\n                        <a href=\"https:\/\/portal.hokuryu.info\/az\/56401\/\" target=\"_blank\">https:\/\/portal.hokuryu.info\/56401<\/a>\n                    <\/div>\n                    <div class=\"bc-excerpt-box\">S\u0259hif\u0259 m\u0259lumatlar\u0131n\u0131 \u0259ld\u0259 etm\u0259k m\u00fcmk\u00fcn deyil.<\/div>\n                <\/div>\n                <div class=\"bc-thumbnail-box\">\n                    <a href=\"https:\/\/portal.hokuryu.info\/az\/56401\/\" target=\"_blank\">\n                        <div class=\"bc-img-zoom-wrap\">\n                            <img decoding=\"async\" src=\"https:\/\/portal.hokuryu.info\/wp\/wp-content\/uploads\/2026\/02\/20230802DSC06445_1.jpg\" alt=\"https:\/\/portal.hokuryu.info\/56401\">\n                        <\/div>\n                    <\/a>\n                <\/div>\n            <\/div>\n        <\/div>\n\n        <div class=\"site-blogcard-premium\">\n            <div class=\"bc-label-custom\">\u018flaq\u0259dar m\u0259qal\u0259l\u0259r<\/div>\n            <div class=\"bc-flex-container\">\n                <div class=\"bc-main-text\">\n                    <div class=\"bc-title-link-box\">\n                        <a href=\"https:\/\/portal.hokuryu.info\/az\/topics\/agri\/20150323.html\/\" target=\"_blank\">Kurosengoku Biznes Kooperativ Assosiasiyas\u0131n\u0131n 10 illik yubileyi - Biz ham\u0131m\u0131z sevinci b\u00f6l\u00fc\u015fd\u00fck - Hokuryu \u015e\u0259h\u0259r Portal\u0131 (Hokkaydo) - Yaponiyan\u0131n 1 n\u00f6mr\u0259li G\u00fcn\u0259baxan K\u0259ndi<\/a>\n                    <\/div>\n                    <div class=\"bc-excerpt-box\">Siz\u0259 2100 \u0259halisi v\u0259 40% ya\u015flanma nisb\u0259ti olan canl\u0131 bir \u015f\u0259h\u0259rin &quot;indiki&quot;ni t\u0259qdim edirik. G\u00fcn\u0259baxanlar kimi, ail\u0259l\u0259r d\u0259 harmoniya i\u00e7ind\u0259 ya\u015fay\u0131rlar...<\/div>\n                <\/div>\n                <div class=\"bc-thumbnail-box\">\n                    <a href=\"https:\/\/portal.hokuryu.info\/az\/topics\/agri\/20150323.html\/\" target=\"_blank\">\n                        <div class=\"bc-img-zoom-wrap\">\n                            <img decoding=\"async\" src=\"https:\/\/lh6.googleusercontent.com\/-0QPTDRv9klk\/VQqI7a2QPTI\/AAAAAAABt1w\/bvv6QGnRBYg\/w1270-h841-no\/K5%2B77636\" alt=\"Kurosengoku Biznes Kooperativ Assosiasiyas\u0131n\u0131n 10 illik yubileyi - Biz ham\u0131m\u0131z sevinci b\u00f6l\u00fc\u015fd\u00fck - Hokuryu \u015e\u0259h\u0259r Portal\u0131 (Hokkaydo) - Yaponiyan\u0131n 1 n\u00f6mr\u0259li G\u00fcn\u0259baxan K\u0259ndi\">\n                        <\/div>\n                    <\/a>\n                <\/div>\n            <\/div>\n        <\/div>\n\u3000<\/p>\n<div class=\"img-move\">\n<div class=\"sitecard\">\n<div class=\"sitecard__subtitle\"> Kurosengoku Biznes Kooperativ Assosiasiyas\u0131n\u0131n onlayn ma\u011fazas\u0131<\/div>\n<div class=\"column column-273\">\n<div class=\"column__item\"><span style=\"font-size:medium\">Kurosengoku soyalar\u0131 \u015firin v\u0259 z\u0259ngin l\u0259zz\u0259tlidir v\u0259 qara d\u0259risin\u0259 baxmayaraq ya\u015f\u0131l \u0259tli olmas\u0131 il\u0259 xarakteriz\u0259 olunur. Ki\u00e7ik, qida bax\u0131m\u0131ndan balansla\u015fd\u0131r\u0131lm\u0131\u015f superfood! ! !<\/span><br \/>\n<span style=\"color: #ff9900\">\u25b6<\/span> <a href=\"https:\/\/kurosengoku.or.jp\/\" target=\"_blank\" rel=\"noopener\"><b style=\"font-size:large\">Kurosengoku Biznes Kooperativ Assosiasiyas\u0131 Birba\u015fa Onlayn Ma\u011faza &gt;&gt;<\/b><\/div>\n<div class=\"column__item\"><img decoding=\"async\" src=\"https:\/\/lh3.googleusercontent.com\/pw\/AM-JKLWNWJFImAmp1PfKwfI58vH_sLgmN8vbY-5K81_DP6Xx1z43KsaIhYalSkj00KRHHCX0P9g69a7fX48J-2WzJBy-pPG5DkIHYkDILY8I4eOL-HGXiW8twsF91oVVPPW_kRFu2FRKL4Plfohni5Y52bLIeQ=w438-h382-no?authuser=0\" alt=\"Kurosengoku Biznes Kooperativ Birliyi\" \/><\/a><\/div>\n<\/div>\n<\/div>\n<\/div>\n\n\u3000<br \/>\n\u25c7 <a href=\"https:\/\/portal.hokuryu.info\/az\/62509\/\">\ud83d\udd8b\ufe0f M\u0259zmun planlamas\u0131, m\u0259qal\u0259 yazmaq, foto se\u00e7imi v\u0259 video yaratmaq: Ikuko Terauchi<img decoding=\"async\" style=\"vertical-align: middle;\" src=\"https:\/\/ehokkaido.net\/wp-content\/uploads\/2021\/12\/2021-12-06-11.41.12.png\" \/> Fotoqrafiya, redakt\u0259 v\u0259 veb sayt\u0131n idar\u0259 edilm\u0259si: Noboru Terauchi<\/a><\/p>","protected":false},"excerpt":{"rendered":"<p>2025\u5e748\u670815\u65e5\uff08\u91d1\uff09 \u5e7b\u306e\u5927\u8c46\u300c\u9ed2\u5343\u77f3\u300d\u3092\u5fa9\u6d3b\u3055\u305b\u305f\u9ed2\u5343\u77f3\u4e8b\u696d\u5354\u540c\u7d44\u5408\u306e\u9ad8\u7530\u5e78\u7537\u7406\u4e8b\u9577\u304c\u3001\u300c\u4ee4\u548c7\u5e74\u5ea6\u5317\u6d77\u9053\u7523\u696d\u8ca2\u732e\u8cde\uff08\u5317\u6d77\u9053\uff09\u300d\u3068\u300c\u5317\u6d77\u9053\u4e2d\u5c0f\u4f01\u696d\u56e3\u4f53\u4e2d\u592e\u4f1a \u5275\u7acb70\u5468\u5e74\u8a18\u5ff5\u529f\u52b4\u8005\u8868\u5f70\u300d\u3092\u30c0\u30d6 [&hellip;]<\/p>\n","protected":false},"author":1,"featured_media":62729,"comment_status":"open","ping_status":"open","sticky":false,"template":"","format":"standard","meta":{"footnotes":""},"categories":[4,102,75,9],"tags":[],"class_list":["post-62451","post","type-post","status-publish","format-standard","has-post-thumbnail","hentry","category-cover-story","category-kurosengoku_bean","category-sasaki-yasuhiro-mayor","category-kurosengoku"],"_links":{"self":[{"href":"https:\/\/portal.hokuryu.info\/az\/wp-json\/wp\/v2\/posts\/62451","targetHints":{"allow":["GET"]}}],"collection":[{"href":"https:\/\/portal.hokuryu.info\/az\/wp-json\/wp\/v2\/posts"}],"about":[{"href":"https:\/\/portal.hokuryu.info\/az\/wp-json\/wp\/v2\/types\/post"}],"author":[{"embeddable":true,"href":"https:\/\/portal.hokuryu.info\/az\/wp-json\/wp\/v2\/users\/1"}],"replies":[{"embeddable":true,"href":"https:\/\/portal.hokuryu.info\/az\/wp-json\/wp\/v2\/comments?post=62451"}],"version-history":[{"count":0,"href":"https:\/\/portal.hokuryu.info\/az\/wp-json\/wp\/v2\/posts\/62451\/revisions"}],"wp:featuredmedia":[{"embeddable":true,"href":"https:\/\/portal.hokuryu.info\/az\/wp-json\/wp\/v2\/media\/62729"}],"wp:attachment":[{"href":"https:\/\/portal.hokuryu.info\/az\/wp-json\/wp\/v2\/media?parent=62451"}],"wp:term":[{"taxonomy":"category","embeddable":true,"href":"https:\/\/portal.hokuryu.info\/az\/wp-json\/wp\/v2\/categories?post=62451"},{"taxonomy":"post_tag","embeddable":true,"href":"https:\/\/portal.hokuryu.info\/az\/wp-json\/wp\/v2\/tags?post=62451"}],"curies":[{"name":"wp","href":"https:\/\/api.w.org\/{rel}","templated":true}]}}