{"id":62417,"date":"2025-08-13T09:36:28","date_gmt":"2025-08-13T00:36:28","guid":{"rendered":"https:\/\/portal.hokuryu.info\/?p=62417"},"modified":"2025-09-04T16:30:17","modified_gmt":"2025-09-04T07:30:17","slug":"g%c9%99l%c9%99c%c9%99yin-dizayni-ucun-t%c9%99r%c9%99fdasliq-hokkaydo-sob%c9%99si","status":"publish","type":"post","link":"https:\/\/portal.hokuryu.info\/az\/62417\/","title":{"rendered":"G\u0259l\u0259c\u0259yi dizayn etm\u0259k \u00fc\u00e7\u00fcn t\u0259r\u0259fda\u015fl\u0131q! Hokkaydo Elm Universiteti v\u0259 Hokuryu Town h\u0259rt\u0259r\u0259fli t\u0259r\u0259fda\u015fl\u0131q m\u00fcqavil\u0259si imzalay\u0131r"},"content":{"rendered":"<p>14 avqust 2025-ci il, c\u00fcm\u0259 ax\u015fam\u0131<\/p>\n<div class=\"ep-box es-BpaperRight es-grid bgc-VPsky\">C\u00fcm\u0259 g\u00fcn\u00fc, avqustun 8-d\u0259, Hokuryu Town \u015f\u0259h\u0259rin inki\u015faf\u0131 \u00fc\u00e7\u00fcn Hokkaydo Elm Universiteti il\u0259 h\u0259rt\u0259r\u0259fli t\u0259r\u0259fda\u015fl\u0131q m\u00fcqavil\u0259si imzalad\u0131. Universitetin memarl\u0131q, f\u0259lak\u0259tl\u0259rin qar\u015f\u0131s\u0131n\u0131n al\u0131nmas\u0131, tibbi yard\u0131m v\u0259 dig\u0259r sah\u0259l\u0259rd\u0259ki t\u0259cr\u00fcb\u0259si, 2027-ci ild\u0259 yarad\u0131lmas\u0131 planla\u015fd\u0131r\u0131lan Regional Yarad\u0131c\u0131l\u0131q Fak\u00fclt\u0259sinin g\u0259nc istedad\u0131 il\u0259 birlikd\u0259 \u015f\u0259h\u0259ri canland\u0131rmaq \u00fc\u00e7\u00fcn istifad\u0259 edil\u0259c\u0259k. Bo\u015f evl\u0259rin t\u0259mirinin layih\u0259l\u0259ndirilm\u0259si kimi konkret \u0259m\u0259kda\u015fl\u0131qlar da ba\u015flay\u0131b. Bu, &quot;\u015fagirdl\u0259rin h\u0259r \u015feyi s\u0131naya bil\u0259c\u0259yi \u015f\u0259h\u0259r&quot; yaratmaq v\u0259 birlikd\u0259 g\u0259l\u0259c\u0259yi yaratmaqla ba\u011fl\u0131 yeni hekay\u0259nin ba\u015flan\u011f\u0131c\u0131n\u0131 g\u00f6st\u0259rir.<\/div>\n<h2>G\u0259l\u0259c\u0259yi dizayn etm\u0259k \u00fc\u00e7\u00fcn t\u0259r\u0259fda\u015fl\u0131q! Hokkaydo Elm Universiteti v\u0259 Hokuryu Town h\u0259rt\u0259r\u0259fli t\u0259r\u0259fda\u015fl\u0131q m\u00fcqavil\u0259si imzalay\u0131r<\/h2>\n<p>2025-ci ilin avqustunda g\u00fcn\u0259baxanlar\u0131n tam \u00e7i\u00e7\u0259kl\u0259n\u0259c\u0259yi v\u0259 yay\u0131 b\u0259z\u0259y\u0259c\u0259yi zaman, Hokuryu Town \u015f\u0259h\u0259ri g\u0259l\u0259c\u0259k \u00fc\u00e7\u00fcn inki\u015faf etdirm\u0259k \u00fc\u00e7\u00fcn Hokkaydo Elm Universiteti il\u0259 h\u0259rt\u0259r\u0259fli t\u0259r\u0259fda\u015fl\u0131q m\u00fcqavil\u0259si imzalad\u0131. Bu m\u00fcqavil\u0259 universitetin x\u00fcsusi bilikl\u0259rini v\u0259 t\u0259l\u0259b\u0259l\u0259rinin g\u0259nc enerjisini probleml\u0259rin h\u0259llin\u0259 v\u0259 \u015f\u0259h\u0259rin canlanmas\u0131na ba\u011flamaq m\u0259qs\u0259di da\u015f\u0131y\u0131r. \u0130mzalanma m\u0259rasimind\u0259 h\u0259r iki t\u0259r\u0259fin n\u00fcmay\u0259nd\u0259l\u0259ri \u00f6z b\u00f6y\u00fck g\u00f6zl\u0259ntil\u0259rind\u0259n v\u0259 g\u0259l\u0259c\u0259y\u0259 dair konkret bax\u0131\u015flar\u0131ndan dan\u0131\u015f\u0131blar.<\/p>\n<figure class=\"wp-caption aligncenter\"><a href=\"https:\/\/photos.google.com\/share\/AF1QipOH27dWrZMpA5oj4sAQ5uV18jKbYyCbTvs-YuhWvEYUConEdHrdmrYRVkiqiMTLNA\/photo\/AF1QipMsrXlS5nXIUdHpbqfyD70G_vYwUechnziAWRk?key=MWZDQS1tS28tOGFOMnBRMEpscG15N2RiQm9jSkVR\" target=\"_blank\"><img decoding=\"async\" src=\"https:\/\/lh3.googleusercontent.com\/pw\/AP1GczMz4O_HWRdknR9f2cc1lWhQb8PE5nIR-5fK36J-uUAcyF0x1_F4Xz3MbnYpVc0ZHRPJqdGSZNVbnwmhXPRbxe9K0mqmArn4Mai4ri4b5o-9ZxyVdvVVrEuk-zAGc8P_5ucqAkBhKbUDQ7gAQ_7a0_Qn=w2000-h1333-s-no-gm?authuser=0\" width=\"2000\" height=\"1125\" alt=\"Hokuryu Town v\u0259 Hokkaydo Elm Universiteti h\u0259rt\u0259r\u0259fli t\u0259r\u0259fda\u015fl\u0131q sazi\u015fi imzalay\u0131r\" class=\"size-full\" \/><\/a><figcaption class=\"wp-caption-text\">Hokuryu Town v\u0259 Hokkaydo Elm Universiteti h\u0259rt\u0259r\u0259fli t\u0259r\u0259fda\u015fl\u0131q sazi\u015fi imzalay\u0131r<\/figcaption><\/figure>\n<h3>M\u00fcqavil\u0259nin \u0130mzalanma M\u0259rasiminin x\u00fclas\u0259si<\/h3>\n<p>T\u0259dbirin moderatoru Yayoi Kawamoto, \u015e\u0259h\u0259r G\u0259l\u0259c\u0259k Strategiya \u015e\u00f6b\u0259sinin r\u0259isi idi.<\/p>\n<figure class=\"wp-caption aligncenter\"><a href=\"https:\/\/photos.google.com\/share\/AF1QipOH27dWrZMpA5oj4sAQ5uV18jKbYyCbTvs-YuhWvEYUConEdHrdmrYRVkiqiMTLNA\/photo\/AF1QipOeaIO3EoxW_VOpibB_DIgsGWFQ-iyZrk7vaFw?key=MWZDQS1tS28tOGFOMnBRMEpscG15N2RiQm9jSkVR\" target=\"_blank\"><img decoding=\"async\" src=\"https:\/\/lh3.googleusercontent.com\/pw\/AP1GczO64SmfqcG_lN-bi_PkBQNjgKINsRaTP5E7LBCzt6Eqz4jawU8pouyYyMwuMyeO8dt5eTfZBUfBoUKKg5WG0AgHhipQy03qS91quh-gn7zMAV3IPjxpQaJN7cuItM1ZbZ4aU_B6qj0Vi3LWpgkUN31w=w2000-h1333-s-no-gm?authuser=0\" width=\"2000\" height=\"1125\" alt=\"Yayoi Kawamoto, \u015e\u0259h\u0259rin G\u0259l\u0259c\u0259k Strategiya B\u00f6lm\u0259sinin \u015f\u00f6b\u0259 m\u00fcdiri\" class=\"size-full\" \/><\/a><figcaption class=\"wp-caption-text\">Yayoi Kawamoto, \u015e\u0259h\u0259rin G\u0259l\u0259c\u0259k Strategiya B\u00f6lm\u0259sinin \u015f\u00f6b\u0259 m\u00fcdiri<\/figcaption><\/figure>\n<h4>\u0130\u015ftirak\u00e7\u0131lar\u0131n t\u0259qdimat\u0131<\/h4>\n<figure class=\"wp-caption aligncenter\"><a href=\"https:\/\/photos.google.com\/share\/AF1QipOH27dWrZMpA5oj4sAQ5uV18jKbYyCbTvs-YuhWvEYUConEdHrdmrYRVkiqiMTLNA\/photo\/AF1QipNN6u3-hY1uS57Uyuww71JgnE4XpKFrDrFjT8I?key=MWZDQS1tS28tOGFOMnBRMEpscG15N2RiQm9jSkVR\" target=\"_blank\"><img decoding=\"async\" src=\"https:\/\/lh3.googleusercontent.com\/pw\/AP1GczOHa-Z0J03yl2ojo8IZnGlnpg5RHc860Sbadrh3WhPfZadz9C1H7HPMU5FO6WowXB9QHipaVN-xTwOwQoNWDxOWU1hPxKjdCsbVgXJmC0TPeU_U___iShxfohkpfEOOkINFwkz914an-2YnQVAdCwY8=w2000-h1333-s-no-gm?authuser=0\" width=\"2000\" height=\"1125\" alt=\"Hokkaydo Elm Universiteti il\u0259 tan\u0131\u015fl\u0131q\" class=\"size-full\" \/><\/a><figcaption class=\"wp-caption-text\">Hokkaydo Elm Universiteti il\u0259 tan\u0131\u015fl\u0131q<\/figcaption><\/figure>\n<ul>\n<li><strong>Hokkaydo Elm Universiteti<\/strong>\n<ul>\n<li>Prezident Takashi Kawakami<\/li>\n<li>Xan\u0131m Miki Yama\u015fita, \u018fcza\u00e7\u0131l\u0131q fak\u00fclt\u0259sinin professoru, \u0130cma T\u0259hsil M\u0259rk\u0259zinin direktoru v\u0259 \u018fcza\u00e7\u0131 \u00d6m\u00fcrl\u00fck T\u0259dris M\u0259rk\u0259zinin direktoru<\/li>\n<li>Masato Kihara, \u015eura \u00dczv\u00fc, Universitetin Ba\u015f Katibi v\u0259 Akademik \u0130\u015fl\u0259r Direktoru<\/li>\n<li>C\u0259nab \u0130\u00e7iro Ni\u015fi, Regional \u018fm\u0259kda\u015fl\u0131q \u015e\u00f6b\u0259sinin, Q\u0259bul v\u0259 Regional \u018fm\u0259kda\u015fl\u0131q Departamentinin R\u0259hb\u0259ri v\u0259 Regional T\u0259hsil M\u0259rk\u0259zinin direktor m\u00fcavini<\/li>\n<li>C\u0259nab Terutaro Honda, Regional \u018fm\u0259kda\u015fl\u0131q \u015e\u00f6b\u0259sinin R\u0259isi, Q\u0259bul v\u0259 Regional \u018fm\u0259kda\u015fl\u0131q Departamenti<\/li>\n<\/ul>\n<\/li>\n<li><strong>Hokuryu q\u0259s\u0259b\u0259si<\/strong>\n<ul>\n<li>B\u0259l\u0259diyy\u0259 Ba\u015f\u00e7\u0131s\u0131 Yasuhiro Sasaki<\/li>\n<li>T\u0259hsil \u015f\u00f6b\u0259sinin m\u00fcdiri Yoshiki Tanaka<\/li>\n<\/ul>\n<\/li>\n<\/ul>\n<h3>\u0130ki lider \u0259m\u0259kda\u015fl\u0131q \u00fcmidl\u0259rini v\u0259 g\u0259l\u0259c\u0259y\u0259 bax\u0131\u015flar\u0131n\u0131 m\u00fczakir\u0259 edirl\u0259r<\/h3>\n<h4>Hokuryu \u015f\u0259h\u0259rinin meri Yasuhiro Sasaki: &quot;Biz t\u0259l\u0259b\u0259l\u0259rin h\u0259r \u015feyi s\u0131naqdan ke\u00e7ir\u0259 bil\u0259c\u0259yi bir \u015f\u0259h\u0259r olmaq ist\u0259yirik&quot; - Regional Canlanma 2.0 \u00dcmidl\u0259ri<\/h4>\n<figure class=\"wp-caption aligncenter\"><a href=\"https:\/\/photos.google.com\/share\/AF1QipOH27dWrZMpA5oj4sAQ5uV18jKbYyCbTvs-YuhWvEYUConEdHrdmrYRVkiqiMTLNA\/photo\/AF1QipO17PJY8zRJhpzrIVTuj7AyY4JDwH1eJcQXQHw?key=MWZDQS1tS28tOGFOMnBRMEpscG15N2RiQm9jSkVR\" target=\"_blank\"><img decoding=\"async\" src=\"https:\/\/lh3.googleusercontent.com\/pw\/AP1GczOPmBPz0_IuccTvgg_FlmYGXzwyx_WRptbwvMuxlmhouAMLQ8jp7xMyHqbhPZv21oi_i68dJsg7aivltNVANIJR47xbOiRgTvSPe5yMwpvoZ83ocuG4Ccbu30bYj3G_-ThY2DbhkO6JW_Xv-q6ffETn=w2000-h1333-s-no-gm?authuser=0\" width=\"2000\" height=\"1125\" alt=\"Hokuryu \u015f\u0259h\u0259rinin meri Sasaki\" class=\"size-full\" \/><\/a><figcaption class=\"wp-caption-text\">Hokuryu \u015f\u0259h\u0259rinin meri Sasaki<\/figcaption><\/figure>\n<p>&quot;H\u0259qiq\u0259t\u0259n \u00e7ox \u015fadam ki, art\u0131q Hokkaydo Elm Universiteti il\u0259 \u00e7oxdan g\u00f6zl\u0259nil\u0259n t\u0259r\u0259fda\u015fl\u0131q sazi\u015fi \u0259ld\u0259 etmi\u015fik. Hokuryu \u015f\u0259h\u0259ri \u00fc\u00e7 il \u0259rzind\u0259 doqquz illik icbari t\u0259hsil sistemi qurma\u011f\u0131 h\u0259d\u0259fl\u0259yir v\u0259 universitetl\u0259 g\u00fccl\u00fc t\u0259r\u0259fda\u015fl\u0131q \u0259lav\u0259 \u00f6yr\u0259nm\u0259k \u00fc\u00e7\u00fcn platforma t\u0259min etm\u0259k \u00fc\u00e7\u00fcn vacibdir. Biz h\u0259m\u00e7inin Regional Canland\u0131rma Qrant\u0131ndan istifad\u0259 etm\u0259yi planla\u015fd\u0131r\u0131r\u0131q. bunun bir hiss\u0259si olaraq, biz \u015f\u0259h\u0259ri daha yax\u015f\u0131ya do\u011fru nec\u0259 yenid\u0259n qura bil\u0259c\u0259yimiz bar\u0259d\u0259 \u0259m\u0259kda\u015flar\u0131m\u0131zla \u00e7oxsayl\u0131 m\u00fczakir\u0259l\u0259r apard\u0131q v\u0259 bel\u0259 n\u0259tic\u0259y\u0259 g\u0259ldik ki, ir\u0259liy\u0259 do\u011fru \u0259n yax\u015f\u0131 yol universitetin k\u00f6m\u0259yin\u0259 m\u00fcraci\u0259t etm\u0259k v\u0259 g\u0259l\u0259c\u0259yimizi birlikd\u0259 qurmaqd\u0131r.<\/p>\n<p>\u0130st\u0259rdim ki, b\u00fct\u00fcn t\u0259l\u0259b\u0259l\u0259r yeni \u015feyl\u0259ri s\u0131naya bil\u0259c\u0259kl\u0259ri bir \u015f\u0259h\u0259r kimi Hokuryudan tam yararlans\u0131nlar. \u0130nan\u0131ram ki, burada qar\u015f\u0131n\u0131za qoydu\u011funuz m\u00fcxt\u0259lif \u00e7a\u011f\u0131r\u0131\u015flar sizin \u015f\u0259xsi y\u00fcks\u0259li\u015finiz\u0259, universitetin inki\u015faf\u0131na v\u0259 h\u0259r \u015feyd\u0259n \u0259vv\u0259l \u015f\u0259h\u0259rimizin canlanmas\u0131na s\u0259b\u0259b olacaq. M\u0259n sizinl\u0259 uzunm\u00fcdd\u0259tli m\u00fcnasib\u0259t g\u00f6zl\u0259yir\u0259m\u201d.<\/p>\n<h4>Hokkaydo Elm Universitetinin prezidenti Takashi Kawakami: &quot;2027-ci ild\u0259 yarad\u0131lmas\u0131 planla\u015fd\u0131r\u0131lan Regional Yarad\u0131c\u0131l\u0131q Fak\u00fclt\u0259si \u00fc\u00e7\u00fcn yeni t\u0259dris m\u00fchitin\u0259 do\u011fru&quot;<\/h4>\n<p>Sonra Hokkaydo Elm Universitetinin prezidenti Takashi Kavakami universitetin bax\u0131\u015f\u0131 v\u0259 bu m\u00fcqavil\u0259 il\u0259 ba\u011fl\u0131 fikirl\u0259ri haqq\u0131nda dan\u0131\u015fd\u0131.<\/p>\n<figure class=\"wp-caption aligncenter\"><a href=\"https:\/\/photos.google.com\/share\/AF1QipOH27dWrZMpA5oj4sAQ5uV18jKbYyCbTvs-YuhWvEYUConEdHrdmrYRVkiqiMTLNA\/photo\/AF1QipMGOl30YG0KX6qKk5fqAIy5atNm27kC_6FoJWg?key=MWZDQS1tS28tOGFOMnBRMEpscG15N2RiQm9jSkVR\" target=\"_blank\"><img decoding=\"async\" src=\"https:\/\/lh3.googleusercontent.com\/pw\/AP1GczMtwavfhoVdRf5WF5JQQuirU0kENLn1zSskNDCa6jE8wzZuVgzTfK8TuZifcojOjzcko1O6-9CxRIvQvSS5YC7BTOFeVSe4pee16khfrlrZNLT-VaYKOWGEx1r4WsxG3l3VRp0bC2mm-LlPJ-p2Xu2h=w2000-h1333-s-no-gm?authuser=0\" width=\"2000\" height=\"1125\" alt=\"Hokkaydo Elm Universitetinin prezidenti Kawakami\" class=\"size-full\" \/><\/a><figcaption class=\"wp-caption-text\">Hokkaydo Elm Universitetinin prezidenti Kawakami<\/figcaption><\/figure>\n<p>&quot;Bu g\u00fcn biz\u0259 bel\u0259 g\u00f6z\u0259l f\u00fcrs\u0259t yaratd\u0131\u011f\u0131n\u0131z \u00fc\u00e7\u00fcn s\u0259mimi minn\u0259tdarl\u0131\u011f\u0131m\u0131 bildirm\u0259k ist\u0259rdim. Bizim valideyn t\u0259hsil m\u00fc\u0259ssis\u0259miz olan t\u0259hsil korporasiyas\u0131 ke\u00e7\u0259n il 100 illik yubileyini qeyd etdi v\u0259 130 ild\u0259n \u00e7ox tarixi olan Hokuryu \u015f\u0259h\u0259ri Hokkaydoda k\u00f6kl\u00fc bir \u015f\u0259h\u0259rdir v\u0259 c\u0259miyy\u0259timiz \u00fc\u00e7\u00fcn \u00e7ox \u00e7al\u0131\u015fmaqda davam ed\u0259n bir \u015f\u0259h\u0259rdir.&quot;<\/p>\n<p>Universitetimiz memarl\u0131q, f\u0259lak\u0259tl\u0259rin qar\u015f\u0131s\u0131n\u0131n al\u0131nmas\u0131 v\u0259 b\u0259rpa olunan enerji kimi sah\u0259l\u0259rd\u0259 m\u00fch\u0259ndisl\u0259r, tibb bac\u0131lar\u0131 v\u0259 \u0259cza\u00e7\u0131lar kimi tibb m\u00fct\u0259x\u0259ssisl\u0259ri d\u0259 daxil olmaqla y\u00fcks\u0259k ixtisasl\u0131 m\u00fct\u0259x\u0259ssisl\u0259r yeti\u015fdirmi\u015fdir. Bununla bel\u0259, \u0259halinin say\u0131n\u0131n azalmas\u0131 il\u0259 \u00fczl\u0259\u015f\u0259n bug\u00fcnk\u00fc regional probleml\u0259r yaln\u0131z bir sah\u0259 il\u0259 h\u0259ll edil\u0259 bilm\u0259z. \u0130ndi ehtiyac duyulan \u015fey, bir-biri il\u0259 m\u00fcr\u0259kk\u0259b bir-birin\u0259 qar\u0131\u015fan m\u0259s\u0259l\u0259l\u0259r\u0259 qu\u015fbax\u0131\u015f\u0131 baxmaq, m\u00fcxt\u0259lif ekspertl\u0259ri koordinasiya etm\u0259k v\u0259 layih\u0259l\u0259r\u0259 r\u0259hb\u0259rlik etm\u0259k \u00fc\u00e7\u00fcn liderlik qabiliyy\u0259tin\u0259 malik insanlard\u0131r.<\/p>\n<p>Buna g\u00f6r\u0259 d\u0259 universitetimiz 2027-ci ilin aprel ay\u0131nda yeni &quot;Region Yarad\u0131c\u0131l\u0131q Fak\u00fclt\u0259si, Regional Yarad\u0131c\u0131l\u0131q Departamenti (\u015f\u0259xsi ad\u0131)&quot; a\u00e7ma\u011f\u0131 planla\u015fd\u0131r\u0131r. Bu \u00f6yr\u0259nm\u0259nin \u0259sas mahiyy\u0259ti t\u0259l\u0259b\u0259l\u0259rin sinifd\u0259 qalmamas\u0131, \u0259slind\u0259 &quot;icmada \u00f6yr\u0259nm\u0259l\u0259ri&quot;dir. Bu m\u00fcqavil\u0259 bu ideal\u0131n h\u0259yata ke\u00e7irilm\u0259si yolunda son d\u0259r\u0259c\u0259 m\u00fch\u00fcm add\u0131md\u0131r. T\u0259l\u0259b\u0259l\u0259rimiz Hokuryu q\u0259s\u0259b\u0259sind\u0259 m\u00fcxt\u0259lif sah\u0259l\u0259r\u0259 c\u0259lb olunacaq v\u0259 g\u0259ncl\u0259ri inki\u015faf etdirm\u0259k \u00fc\u00e7\u00fcn \u015f\u0259h\u0259r sakinl\u0259ri il\u0259 birlikd\u0259 \u00e7al\u0131\u015facaqlar. Bu prosesd\u0259 biz universitetimizd\u0259 olan memarl\u0131q, f\u0259lak\u0259tl\u0259rin qar\u015f\u0131s\u0131n\u0131n al\u0131nmas\u0131 v\u0259 tibb kimi resurslardan istifad\u0259 ed\u0259r\u0259k \u015f\u0259h\u0259rin probleml\u0259rinin h\u0259llin\u0259 \u00f6z t\u00f6hf\u0259mizi verm\u0259y\u0259 \u00fcmid edirik.&quot;<\/p>\n<h3>M\u00fcqavil\u0259nin imzalanmas\u0131 v\u0259 m\u00f6hk\u0259m \u0259l s\u0131xma<\/h3>\n<p>H\u0259r iki n\u00fcmay\u0259nd\u0259 sazi\u015fi imzalay\u0131b v\u0259 m\u00f6hk\u0259m \u0259l s\u0131x\u0131\u015f\u0131blar.<\/p>\n<figure class=\"wp-caption aligncenter\"><a href=\"https:\/\/photos.google.com\/share\/AF1QipOH27dWrZMpA5oj4sAQ5uV18jKbYyCbTvs-YuhWvEYUConEdHrdmrYRVkiqiMTLNA\/photo\/AF1QipMcV1ejmFErOb7aKE9mFg9zmrLlBinbdPUw650?key=MWZDQS1tS28tOGFOMnBRMEpscG15N2RiQm9jSkVR\" target=\"_blank\"><img decoding=\"async\" src=\"https:\/\/lh3.googleusercontent.com\/pw\/AP1GczN3wgOhBxKg8eb6fOT48UgNL7tJPhxKNZ07clsPs6CnKDNkjpWWxqyBBQJy2nK9kEnVEDe8XUy910JQuuw1gHvRZATl09hcgVLG_r4P7_bmHY-72VQyYK_u2fnKZ_lHvXOVAL6vVQC5Te0oQhwxi-bO=w2000-h1125-s-no-gm?authuser=0\" width=\"2000\" height=\"1125\" alt=\"M\u00fcqavil\u0259nin imzalanmas\u0131\" class=\"size-full\" \/><\/a><figcaption class=\"wp-caption-text\">M\u00fcqavil\u0259nin imzalanmas\u0131<\/figcaption><\/figure>\n<figure class=\"wp-caption aligncenter\"><a href=\"https:\/\/photos.google.com\/share\/AF1QipOH27dWrZMpA5oj4sAQ5uV18jKbYyCbTvs-YuhWvEYUConEdHrdmrYRVkiqiMTLNA\/photo\/AF1QipNKIq06wK5L0yZSDD6YOWmH9Gr5QzUdxbn0a8w?key=MWZDQS1tS28tOGFOMnBRMEpscG15N2RiQm9jSkVR\" target=\"_blank\"><img decoding=\"async\" src=\"https:\/\/lh3.googleusercontent.com\/pw\/AP1GczMmied0Ffq_9cqLFCu_hGKqMKqr2YFCJOIXuIH-3ac4lCsJS_AMlZjy6wzm1zprLlHg-73zAtNPx0D4dVAGALLJBk3Hg61zSK5iuyYcaGZjVliAgeHPPAZJESYVsID4DPfK5c7Gg68YOt-WGLYCNfIT=w2000-h1333-s-no-gm?authuser=0\" width=\"2000\" height=\"1125\" alt=\"Raz\u0131la\u015fma Memorandumu\" class=\"size-full\" \/><\/a><figcaption class=\"wp-caption-text\">Raz\u0131la\u015fma Memorandumu<\/figcaption><\/figure>\n<h3>Xatir\u0259 fotosu<\/h3>\n<figure class=\"wp-caption aligncenter\"><a href=\"https:\/\/photos.google.com\/share\/AF1QipOH27dWrZMpA5oj4sAQ5uV18jKbYyCbTvs-YuhWvEYUConEdHrdmrYRVkiqiMTLNA\/photo\/AF1QipMrtJO6zW5t1I4L6KrbCNeSXLoAUshcL7xfAGk?key=MWZDQS1tS28tOGFOMnBRMEpscG15N2RiQm9jSkVR\" target=\"_blank\"><img decoding=\"async\" src=\"https:\/\/lh3.googleusercontent.com\/pw\/AP1GczOzJ1W6cx-U04UqZLqTIVEwKKhC9kZir80lNvkKs61xBhevQF7xbh0Xvzt_8swv7t0pcfQ4iLVnjUhbi43en-xABF9m1v-krWTwYXqXsVW7Dnp5cnmIRfV3KL0WC1TWTTxPckkfoWcifkPbm2igJBj9=w2000-h1333-s-no-gm?authuser=0\" width=\"2000\" height=\"1125\" alt=\"G\u00fccl\u00fc Ba\u011flar\" class=\"size-full\" \/><\/a><figcaption class=\"wp-caption-text\">G\u00fccl\u00fc Ba\u011flar<\/figcaption><\/figure>\n<figure class=\"wp-caption aligncenter\"><a href=\"https:\/\/photos.google.com\/share\/AF1QipOH27dWrZMpA5oj4sAQ5uV18jKbYyCbTvs-YuhWvEYUConEdHrdmrYRVkiqiMTLNA\/photo\/AF1QipO712zAXB6ctkrVDz-0inZDsGIIXWc5X2eaoJw?key=MWZDQS1tS28tOGFOMnBRMEpscG15N2RiQm9jSkVR\" target=\"_blank\"><img decoding=\"async\" src=\"https:\/\/lh3.googleusercontent.com\/pw\/AP1GczMOPczh_jyOfhFQGwtO8jGBDelZKbAHWQrlpNNVgmVJcWxDYhHOFtxd_Ig7xSM1y0hCnn75Xp55WUm6n00h7XTRdXFCd2fVfx9Ms_5YpRWnQvJRba5q6Isq6Sbl-vLj2qoB-a0HXnL3mGhx_eCisD5B=w2000-h1333-s-no-gm?authuser=0\" width=\"2000\" height=\"1125\" alt=\"Xatir\u0259 fotosu\" class=\"size-full\" \/><\/a><figcaption class=\"wp-caption-text\">Xatir\u0259 fotosu<\/figcaption><\/figure>\n<figure class=\"wp-caption aligncenter\"><a href=\"https:\/\/photos.google.com\/share\/AF1QipOH27dWrZMpA5oj4sAQ5uV18jKbYyCbTvs-YuhWvEYUConEdHrdmrYRVkiqiMTLNA\/photo\/AF1QipPImPf8h52B_BDmKLyjrmzIPQ5LRrM79eQhDWs?key=MWZDQS1tS28tOGFOMnBRMEpscG15N2RiQm9jSkVR\" target=\"_blank\"><img decoding=\"async\" src=\"https:\/\/lh3.googleusercontent.com\/pw\/AP1GczM4byVKKritSw02aM3HSDx9ibdA576vCPgm5BbaRMCk-4BrOdIBf6LD6Dv5eDx7iZ4e2HMFzxjd6bylwy3D7hWr1hypgJBoBS3U4h3ncw7FyY1fKa0n8_Ul64sQV3d9RRVKxaqIpkeZhb9v3N2YGydz=w2000-h1333-s-no-gm?authuser=0\" width=\"2000\" height=\"1125\" alt=\"Ham\u0131n\u0131zla birlikd\u0259\" class=\"size-full\" \/><\/a><figcaption class=\"wp-caption-text\">Ham\u0131n\u0131zla birlikd\u0259<\/figcaption><\/figure>\n<h3>Birg\u0259 yaratmada ilk add\u0131m sual-cavab sessiyas\u0131 vasit\u0259sil\u0259 a\u015fkar edildi<\/h3>\n<p>\u0130mzalanmadan sonra ke\u00e7iril\u0259n sual-cavab sessiyas\u0131nda \u0259m\u0259kda\u015fl\u0131q \u00fc\u00e7\u00fcn konkret planlar v\u0259 fon m\u00fczakir\u0259 olunub.<\/p>\n<figure class=\"wp-caption aligncenter\"><a href=\"https:\/\/photos.google.com\/share\/AF1QipOH27dWrZMpA5oj4sAQ5uV18jKbYyCbTvs-YuhWvEYUConEdHrdmrYRVkiqiMTLNA\/photo\/AF1QipMsrXlS5nXIUdHpbqfyD70G_vYwUechnziAWRk?key=MWZDQS1tS28tOGFOMnBRMEpscG15N2RiQm9jSkVR\" target=\"_blank\"><img decoding=\"async\" src=\"https:\/\/lh3.googleusercontent.com\/pw\/AP1GczMz4O_HWRdknR9f2cc1lWhQb8PE5nIR-5fK36J-uUAcyF0x1_F4Xz3MbnYpVc0ZHRPJqdGSZNVbnwmhXPRbxe9K0mqmArn4Mai4ri4b5o-9ZxyVdvVVrEuk-zAGc8P_5ucqAkBhKbUDQ7gAQ_7a0_Qn=w2000-h1333-s-no-gm?authuser=0\" width=\"2000\" height=\"1125\" alt=\"Q&amp;A\" class=\"size-full\" \/><\/a><figcaption class=\"wp-caption-text\">Q&amp;A<\/figcaption><\/figure>\n<h4>S. Hans\u0131 konkret \u0259m\u0259kda\u015fl\u0131q layih\u0259l\u0259ri \u00fcz\u0259rind\u0259 i\u015fl\u0259yirsiniz?<\/h4>\n<figure class=\"wp-caption aligncenter\"><a href=\"https:\/\/photos.google.com\/share\/AF1QipOH27dWrZMpA5oj4sAQ5uV18jKbYyCbTvs-YuhWvEYUConEdHrdmrYRVkiqiMTLNA\/photo\/AF1QipMKohdqqcZvaMIHPdZYLBYOrVkplaZ9h-76fno?key=MWZDQS1tS28tOGFOMnBRMEpscG15N2RiQm9jSkVR\" target=\"_blank\"><img decoding=\"async\" src=\"https:\/\/lh3.googleusercontent.com\/pw\/AP1GczP4IAXjs7y4kK7p86t-dK3KEjDd1Tf1nlRXcnE3WwOd-_-XdJyH2i9A6GAes_F7jPp-vxRJVFJNfYkxUtGd2WuwJgbzhX0JiUIF2Nyqj1N26dT-Ohm8i200gvkaH8FCtagu4Pr28bO-J9P4oFVHrzD1=w2000-h1333-s-no-gm?authuser=0\" width=\"2000\" height=\"1125\" alt=\"\u015e\u0259h\u0259rd\u0259 bo\u015f evin t\u0259mirinin layih\u0259l\u0259ndirilm\u0259si haqq\u0131nda\" class=\"size-full\" \/><\/a><figcaption class=\"wp-caption-text\">\u015e\u0259h\u0259rd\u0259 bo\u015f evin t\u0259mirinin layih\u0259l\u0259ndirilm\u0259si haqq\u0131nda<\/figcaption><\/figure>\n<p><strong>B\u0259l\u0259diyy\u0259 Ba\u015f\u00e7\u0131s\u0131 Sasaki:<\/strong>&quot;D\u0259rhal a\u011fl\u0131m\u0131zda konkret bir layih\u0259 var. Biz t\u0259l\u0259b\u0259l\u0259rd\u0259n xahi\u015f etm\u0259k ist\u0259rdik ki, \u015f\u0259h\u0259rd\u0259ki bo\u015f evin t\u0259miri layih\u0259sini haz\u0131rlas\u0131nlar.&quot;<\/p>\n<p><strong>Prezident Kawakami:<\/strong>&quot;Bu, \u00e7ox g\u00f6z\u0259l ideyad\u0131r. Bunu memarl\u0131q t\u0259l\u0259b\u0259l\u0259rinin ixtiyar\u0131na buraxsaq, onlar t\u0259bii ki, normal, d\u0259bli bir ev yarada bil\u0259rl\u0259r. Lakin b\u0259l\u0259diyy\u0259 s\u0259drinin dediyi kimi, biz maraql\u0131 bir t\u0259klifl\u0259 \u00e7\u0131x\u0131\u015f ed\u0259 bil\u0259rik. Bu t\u0259klifl\u0259 &quot;ruh n\u0259f\u0259s alacaq&quot; v\u0259 s\u0259n\u0259t elementl\u0259rini \u00f6z\u00fcnd\u0259 c\u0259ml\u0259\u015fdir\u0259 bil\u0259rik. \u018fg\u0259r memarl\u0131q v\u0259 dizayn qruplar\u0131nda olan t\u0259l\u0259b\u0259l\u0259r birlikd\u0259 \u00e7al\u0131\u015fsalar, \u0259min\u0259m ki, binan\u0131 birl\u0259\u015fdir\u0259n m\u00fct\u0259x\u0259ssisl\u0259r deyil, h\u0259m d\u0259 tikintini birl\u0259\u015fdir\u0259r\u0259k unikal bir \u015fey yaranacaq. sakinl\u0259rin reabilitasiyas\u0131 v\u0259 ya\u015fl\u0131lara qay\u011f\u0131 perspektivi il\u0259 tibbi bilikl\u0259ri il\u0259 problemin h\u0259rt\u0259r\u0259fli h\u0259llin\u0259 g\u0259tirib \u00e7\u0131xara bil\u0259c\u0259yimiz\u0259 inan\u0131ram\u201d.<\/p>\n<h4>S. Bu m\u00fcqavil\u0259nin imzalanmas\u0131na n\u0259 s\u0259b\u0259b oldu?<\/h4>\n<figure class=\"wp-caption aligncenter\"><a href=\"https:\/\/photos.google.com\/share\/AF1QipOH27dWrZMpA5oj4sAQ5uV18jKbYyCbTvs-YuhWvEYUConEdHrdmrYRVkiqiMTLNA\/photo\/AF1QipMq7MKNY1Dc8DvHCR5KSXIaB8tJaXG2Q5JELhc?key=MWZDQS1tS28tOGFOMnBRMEpscG15N2RiQm9jSkVR\" target=\"_blank\"><img decoding=\"async\" src=\"https:\/\/lh3.googleusercontent.com\/pw\/AP1GczMgpm-cGXHWvsHgF0sUA3OHTiRmArvKLY5lkaTNawZ9sANhPb1waFfJnfQ8_A-l7JHhAbbg-EVr949EwhxO4qHR7-Ek1Dhr-H5oewvGFx-2V8FxQf8KdHuK9qWizUvT-RGjImIDxr3gsZUmxN_EQEee=w2000-h1333-s-no-gm?authuser=0\" width=\"2000\" height=\"1125\" alt=\"M\u00fcqavil\u0259nin ba\u011flanmas\u0131na n\u0259 s\u0259b\u0259b oldu?\" class=\"size-full\" \/><\/a><figcaption class=\"wp-caption-text\">M\u00fcqavil\u0259nin ba\u011flanmas\u0131na n\u0259 s\u0259b\u0259b oldu?<\/figcaption><\/figure>\n<p><strong>Prezident Kawakami:<\/strong>\u018fslind\u0259, fak\u00fclt\u0259 \u00fczvl\u0259rimizd\u0259n biri \u0259vv\u0259ll\u0259r Mer Sasaki il\u0259 tikinti il\u0259 ba\u011fl\u0131 layih\u0259l\u0259rd\u0259 \u00e7al\u0131\u015fm\u0131\u015fd\u0131. Bu \u0259laq\u0259 vasit\u0259si il\u0259 b\u0259l\u0259diyy\u0259 s\u0259drinin universitetimizi ziyar\u0259t etm\u0259k imkan\u0131 oldu v\u0259 \u201cb\u0259lk\u0259 H\u00f6k\u00fcr\u00fcy\u00fc q\u0259s\u0259b\u0259si il\u0259 birlikd\u0259 maraql\u0131 bir i\u015f g\u00f6r\u0259 bildik\u201d fikri ilk olaraq formala\u015fma\u011fa ba\u015flad\u0131. Ona yax\u0131nla\u015fan universitetd\u0259 biz idik.<\/p>\n<p>Bunu e\u015fid\u0259n tama\u015fa\u00e7\u0131lar t\u0259\u0259cc\u00fcbl\u0259ndil\u0259r v\u0259 B\u0259l\u0259diyy\u0259 Ba\u015f\u00e7\u0131s\u0131 Sasaki v\u0259 T\u0259hsil M\u00fcdiri Tanaka da &quot;Ba\u015f n\u0259zar\u0259t\u00e7inin o\u011flu da bir m\u00fcdd\u0259t sizin qay\u011f\u0131n\u0131za qald\u0131&quot; v\u0259 &quot;\u018flaq\u0259l\u0259rin nec\u0259 yarana bil\u0259c\u0259yi h\u0259qiq\u0259t\u0259n q\u0259rib\u0259dir&quot; \u015f\u0259rhl\u0259ri il\u0259 rahat bir atmosferd\u0259 iki ki\u015fi aras\u0131ndak\u0131 d\u0259rin \u0259laq\u0259ni ortaya qoydu.<\/p>\n<p>\u0130xtisasla\u015fm\u0131\u015f bilikl\u0259r v\u0259 onlar\u0131n praktikada t\u0259tbiq oluna bil\u0259c\u0259yi real d\u00fcnya. V\u0259 ikisini birl\u0259\u015fdir\u0259n sirli ba\u011f. Hokkaydo Elm Universiteti v\u0259 Hokuryu Town aras\u0131nda yeni t\u0259r\u0259fda\u015fl\u0131q sad\u0259c\u0259 \u0259m\u0259kda\u015fl\u0131qdan k\u0259nara \u00e7\u0131x\u0131r; g\u0259l\u0259c\u0259k istedadlar n\u0259slini v\u0259 b\u00f6lg\u0259nin g\u0259l\u0259c\u0259yini yeti\u015fdir\u0259n yeni \u201cbirg\u0259 yarad\u0131c\u0131l\u0131q\u201d hekay\u0259sini toxuma\u011fa ba\u015flay\u0131b.<\/p>\n<h3>Himawari no Sato-da xatir\u0259 \u015f\u0259kli<\/h3>\n<p>\u0130mzalanma m\u0259rasimind\u0259n sonra \u00e7i\u00e7\u0259k a\u00e7an g\u00fcn\u0259baxan k\u0259ndin\u0259 yolland\u0131q. Hokkaydo Elm Universitetinin x\u00fcsusi bilikl\u0259ri v\u0259 Hokuryu \u015f\u0259h\u0259rinin praktik sah\u0259si bir araya g\u0259ldikd\u0259 parlama\u011fa ba\u015flayan bu yeni birg\u0259 yarad\u0131c\u0131l\u0131q hekay\u0259si \u00fc\u00e7\u00fcn sonsuz sevgimizi, minn\u0259tdarl\u0131\u011f\u0131m\u0131z\u0131 v\u0259 dualar\u0131m\u0131z\u0131 bildirdik.<\/p>\n<figure class=\"wp-caption aligncenter\"><a href=\"https:\/\/photos.google.com\/share\/AF1QipOH27dWrZMpA5oj4sAQ5uV18jKbYyCbTvs-YuhWvEYUConEdHrdmrYRVkiqiMTLNA\/photo\/AF1QipOjAdOdadiy8QfudLowW8lsD0YeuPhIFsaEfY4?key=MWZDQS1tS28tOGFOMnBRMEpscG15N2RiQm9jSkVR\" target=\"_blank\"><img decoding=\"async\" src=\"https:\/\/lh3.googleusercontent.com\/pw\/AP1GczOXHF_dFpC_ihzcCC9atWofghf-QglommANXxB-CTqUMYVFv6N2w2Ku26xDD_mSPvgK83zgwaJKlJiOy3MIe0CzDDE_CxWcZchb9ElFgek3izRH_a3v_mMuwZ8-Ujtn4lWQjJFsAgCpEeC1K1N2K-VX=w2000-h1500-s-no-gm?authuser=0\" width=\"2000\" height=\"1125\" alt=\"Himawari no Sato-da xatir\u0259 \u015f\u0259kli\" class=\"size-full\" \/><\/a><figcaption class=\"wp-caption-text\">Himawari no Sato-da xatir\u0259 \u015f\u0259kli<\/figcaption><\/figure>\n<figure class=\"wp-caption aligncenter\"><a href=\"https:\/\/photos.google.com\/share\/AF1QipOH27dWrZMpA5oj4sAQ5uV18jKbYyCbTvs-YuhWvEYUConEdHrdmrYRVkiqiMTLNA\/photo\/AF1QipNBulnmt_6VSrZxL0yR7Sljcf3M1n1yZ9e8Srg?key=MWZDQS1tS28tOGFOMnBRMEpscG15N2RiQm9jSkVR\" target=\"_blank\"><img decoding=\"async\" src=\"https:\/\/lh3.googleusercontent.com\/pw\/AP1GczONThRNxvbv8AcuOJZLgGJ1CfabynTOyG5ik_-nCiQQR-zswBKyPcBJyz59woJGsPMsymhWEm5mISDYeHl9HMSi0lzwjF34WNeyQPKTUFutVc7Vym6A4FVTzUierRPG7GAENX2aiplVTfL6yIh-ynKC=w2000-h1500-s-no-gm?authuser=0\" width=\"2000\" height=\"1125\" alt=\"Tam \u00e7i\u00e7\u0259kl\u0259n\u0259n g\u00fcl\u00fc\u015fl\u0259r\" class=\"size-full\" \/><\/a><figcaption class=\"wp-caption-text\">Tam \u00e7i\u00e7\u0259kl\u0259n\u0259n g\u00fcl\u00fc\u015fl\u0259r<\/figcaption><\/figure>\n<figure class=\"wp-caption aligncenter\"><a href=\"https:\/\/photos.google.com\/share\/AF1QipNjKlcqsaQDKjI0OGpKOPo3fT3LFwPXolHZjV69iVHHpTl8vQ4zevg-IuNno1zsxQ\/photo\/AF1QipNZhSg7UgI6uUsACKGai8oObcUNit64sAh2cvs?key=czZabUs4OEtwX09XbzdZR1JYRnRBcjVlelktTVpR\" target=\"_blank\"><img decoding=\"async\" src=\"https:\/\/lh3.googleusercontent.com\/pw\/AP1GczOKGOtpMRir0cHFHb944fMYhpU4FOmGsjUw3zyF8Dp_OX_mNNHjz2wzeJq7G-ENkOrt9C3nu-hnUIRBTsoJCuStY9n7CArqqzhSbnCGSmYWMxD2plWWL33vY_RK3M4nUlz7J3Z3mgBocAz0aKBGxI6N=w2000-h1500-s-no-gm?authuser=0\" width=\"2000\" height=\"1125\" alt=\"Toxunmaqda olan yeni &quot;birg\u0259 yaratma&quot; hekay\u0259sin\u0259 g\u00f6r\u0259 minn\u0259tdarl\u0131qla!\" class=\"size-full\" \/><\/a><figcaption class=\"wp-caption-text\">\u201cToxunmaqda olan yeni birg\u0259 yarad\u0131c\u0131l\u0131q hekay\u0259sin\u0259 g\u00f6r\u0259 t\u0259\u015f\u0259kk\u00fcr edir\u0259m!<\/figcaption><\/figure>\n<h2>Dig\u0259r foto\u015f\u0259kill\u0259r<\/h2>\n<div class=\"img-move\"><img decoding=\"async\" style=\"vertical-align: middle;\" src=\"https:\/\/ehokkaido.net\/wp-content\/uploads\/2021\/12\/2021-12-06-11.41.12.png\" \/> <a href=\"https:\/\/photos.app.goo.gl\/PT9GgawG7GNJkhyZ7\" target=\"_blank\" rel=\"noopener noreferrer\">Hokkaydo Elm Universiteti il\u0259 Hokuryu \u015f\u0259h\u0259ri aras\u0131nda h\u0259rt\u0259r\u0259fli t\u0259r\u0259fda\u015fl\u0131q sazi\u015finin imzalanmas\u0131n\u0131n foto\u015f\u0259kill\u0259ri (33 \u015f\u0259kil) buradan \u0259ld\u0259 edil\u0259 bil\u0259r &gt;&gt;<\/a><\/div>\n<h2>\u018flaq\u0259dar m\u0259qal\u0259l\u0259r<\/h2>\n\n\n\n\n\n\n<p>\u25c7 <a href=\"https:\/\/portal.hokuryu.info\/az\/62509\/\">\ud83d\udd8b\ufe0f M\u0259zmun planlamas\u0131, m\u0259qal\u0259 yazmaq, foto se\u00e7imi v\u0259 video yaratmaq: Ikuko Terauchi<img decoding=\"async\" style=\"vertical-align: middle;\" src=\"https:\/\/ehokkaido.net\/wp-content\/uploads\/2021\/12\/2021-12-06-11.41.12.png\" \/> Fotoqrafiya, redakt\u0259 v\u0259 veb sayt\u0131n idar\u0259 edilm\u0259si: Noboru Terauchi<\/a><\/p>","protected":false},"excerpt":{"rendered":"<p>2025\u5e748\u670814\u65e5\uff08\u6728\uff09 8\u67088\u65e5\uff08\u91d1\uff09\u3001\u5317\u7adc\u753a\u306f\u5317\u6d77\u9053\u79d1\u5b66\u5927\u5b66\u3068\u3001\u307e\u3061\u3065\u304f\u308a\u306e\u305f\u3081\u306e\u5305\u62ec\u9023\u643a\u5354\u5b9a\u3092\u7de0\u7d50\u3057\u307e\u3057\u305f\u3002\u5927\u5b66\u304c\u6301\u3064\u5efa\u7bc9\u3001\u9632\u707d\u3001\u533b\u7642\u306a\u3069\u306e\u5c02\u9580\u77e5\u8b58\u3068\u30012027\u5e74\u65b0\u8a2d\u4e88\u5b9a\u306e\u300c\u5730\u57df\u5275\u9020\u5b66\u90e8\u300d\u306e\u82e5 [&hellip;]<\/p>\n","protected":false},"author":1,"featured_media":62692,"comment_status":"open","ping_status":"open","sticky":false,"template":"","format":"standard","meta":{"footnotes":""},"categories":[4,75,112],"tags":[],"class_list":["post-62417","post","type-post","status-publish","format-standard","has-post-thumbnail","hentry","category-cover-story","category-sasaki-yasuhiro-mayor","category-local_revitalization_2"],"_links":{"self":[{"href":"https:\/\/portal.hokuryu.info\/az\/wp-json\/wp\/v2\/posts\/62417","targetHints":{"allow":["GET"]}}],"collection":[{"href":"https:\/\/portal.hokuryu.info\/az\/wp-json\/wp\/v2\/posts"}],"about":[{"href":"https:\/\/portal.hokuryu.info\/az\/wp-json\/wp\/v2\/types\/post"}],"author":[{"embeddable":true,"href":"https:\/\/portal.hokuryu.info\/az\/wp-json\/wp\/v2\/users\/1"}],"replies":[{"embeddable":true,"href":"https:\/\/portal.hokuryu.info\/az\/wp-json\/wp\/v2\/comments?post=62417"}],"version-history":[{"count":0,"href":"https:\/\/portal.hokuryu.info\/az\/wp-json\/wp\/v2\/posts\/62417\/revisions"}],"wp:featuredmedia":[{"embeddable":true,"href":"https:\/\/portal.hokuryu.info\/az\/wp-json\/wp\/v2\/media\/62692"}],"wp:attachment":[{"href":"https:\/\/portal.hokuryu.info\/az\/wp-json\/wp\/v2\/media?parent=62417"}],"wp:term":[{"taxonomy":"category","embeddable":true,"href":"https:\/\/portal.hokuryu.info\/az\/wp-json\/wp\/v2\/categories?post=62417"},{"taxonomy":"post_tag","embeddable":true,"href":"https:\/\/portal.hokuryu.info\/az\/wp-json\/wp\/v2\/tags?post=62417"}],"curies":[{"name":"wp","href":"https:\/\/api.w.org\/{rel}","templated":true}]}}