{"id":61207,"date":"2025-07-17T13:36:23","date_gmt":"2025-07-17T04:36:23","guid":{"rendered":"https:\/\/portal.hokuryu.info\/?p=61207"},"modified":"2025-09-04T16:32:01","modified_gmt":"2025-09-04T07:32:01","slug":"h%c9%99r%c9%99k%c9%99tli-v%c9%99-minn%c9%99tdar-bir-bayram-kecmis-hokuryu-s%c9%99h%c9%99r-b%c9%99l%c9%99diyy%c9%99-bascisi-yutaka-sano","status":"publish","type":"post","link":"https:\/\/portal.hokuryu.info\/az\/61207\/","title":{"rendered":"[H\u0259r\u0259k\u0259tli v\u0259 minn\u0259tdar bir bayram] Ke\u00e7mi\u015f Hokuryu \u015f\u0259h\u0259rinin meri Yutaka Sano Do\u011fan G\u00fcn\u0259\u015f, Q\u0131z\u0131l v\u0259 G\u00fcm\u00fc\u015f \u015f\u00fcalar ordenini almas\u0131n\u0131 qeyd edir"},"content":{"rendered":"<p>17 iyul 2025-ci il, c\u00fcm\u0259 ax\u015fam\u0131<\/p>\n<div class=\"ep-box es-BpaperRight es-grid bgc-VPsky\">\u015e\u0259nb\u0259 g\u00fcn\u00fc, iyulun 12-d\u0259 Hokuryu Onsen G\u00fcn\u0259baxan Park\u0131nda ke\u00e7mi\u015f Hokuryu \u015f\u0259h\u0259rinin meri Yutaka Sanonun Do\u011fan G\u00fcn\u0259\u015f, Q\u0131z\u0131l v\u0259 G\u00fcm\u00fc\u015f \u015f\u00fcalar ordenini almas\u0131 m\u00fcnasib\u0259til\u0259 m\u00f6ht\u0259\u015f\u0259m bayram t\u0259dbiri ke\u00e7irilib. 118 n\u0259f\u0259r onun uzun ill\u0259r yerli h\u00f6kum\u0259t\u0259 verdiyi t\u00f6hf\u0259l\u0259ri \u015f\u0259r\u0259fl\u0259ndirm\u0259k \u00fc\u00e7\u00fcn bayrama g\u0259ldi v\u0259 m\u0259kan h\u0259rar\u0259tli emosiya v\u0259 minn\u0259tdarl\u0131q m\u00fchiti il\u0259 doldu. T\u0259brik nitql\u0259rind\u0259n, t\u0259\u015f\u0259kk\u00fcr nitql\u0259rind\u0259n, mehriban s\u00f6hb\u0259tl\u0259rd\u0259n x\u0259b\u0259r ver\u0259c\u0259yik.<\/div>\n<h2>T\u0259brik edirik! C\u0259nab Yutaka Sanonun Do\u011fan G\u00fcn\u0259\u015f, Q\u0131z\u0131l v\u0259 G\u00fcm\u00fc\u015f \u015f\u00fcalar ordenini almas\u0131 \u00fc\u00e7\u00fcn bayram<\/h2>\n<p>2025-ci ilin yaz\u0131nda m\u00fckafatland\u0131rma m\u0259rasimind\u0259 ke\u00e7mi\u015f Kitaryu \u015f\u0259h\u0259rinin meri Yutaka Sano yerli h\u00f6kum\u0259t\u0259 v\u0259 regional inki\u015fafa uzun ill\u0259r verdiyi t\u00f6hf\u0259l\u0259r\u0259 g\u00f6r\u0259 Do\u011fan G\u00fcn\u0259\u015f, Q\u0131z\u0131l v\u0259 G\u00fcm\u00fc\u015f \u015f\u00fcalar ordeni il\u0259 t\u0259ltif edildi.<\/p>\n<p>Bu \u015f\u0259r\u0259fi qeyd etm\u0259k \u00fc\u00e7\u00fcn 12 iyul \u015f\u0259nb\u0259 g\u00fcn\u00fc saat 15:00-da Hokuryu Onsen G\u00fcn\u0259baxan Park\u0131nda ziyaf\u0259t t\u0259\u015fkil edildi. 118 n\u0259f\u0259r i\u015ftirak etdi v\u0259 bu, b\u00f6y\u00fck u\u011fur idi.<\/p>\n<figure class=\"wp-caption aligncenter\"><a href=\"https:\/\/photos.google.com\/share\/AF1QipOd4_ff8Ce-rFRD5VAZ5PwS1rs6HgXkenQH5GBfX2OY2028qVMKmdRUv5gqKFcZnQ\/photo\/AF1QipNq1cf_AxSELIWGvEH95qSRMzW8ZRIuxb6IBwI?key=UmVKM0h5ZXc5QkQzWmNJS2hvNnBqXzBsc3N2NXhn\" target=\"_blank\"><img decoding=\"async\" src=\"https:\/\/lh3.googleusercontent.com\/pw\/AP1GczPUmPYoZYfKb4bV95r906Mb9adiKPR57MF3GyBLrqB9jOx3lIdUseFXA4SNQY8mCOinV4O2Mu714TqGGkgPS2nA7Kj2dMOWq0WWdUrzNDFu9NPo-x9Xc8OxVRIDu8KFXkcicxM5FhdHcnlZXCQfpZGv=w2000-h1500-s-no-gm?authuser=1\" width=\"2000\" height=\"1500\" alt=\"T\u0259brik edirik! C\u0259nab Yutaka Sanonun Do\u011fan G\u00fcn\u0259\u015f, Q\u0131z\u0131l v\u0259 G\u00fcm\u00fc\u015f \u015f\u00fcalar ordenini almas\u0131 \u00fc\u00e7\u00fcn bayram\" class=\"size-full\" \/><\/a><figcaption class=\"wp-caption-text\">T\u0259brik edirik! C\u0259nab Yutaka Sanonun Do\u011fan G\u00fcn\u0259\u015f, Q\u0131z\u0131l v\u0259 G\u00fcm\u00fc\u015f \u015f\u00fcalar ordenini almas\u0131 \u00fc\u00e7\u00fcn bayram<\/figcaption><\/figure>\n<figure class=\"wp-caption aligncenter\"><a href=\"https:\/\/photos.google.com\/share\/AF1QipOd4_ff8Ce-rFRD5VAZ5PwS1rs6HgXkenQH5GBfX2OY2028qVMKmdRUv5gqKFcZnQ\/photo\/AF1QipNvEAoaUc02oIN2FjSqZptgfQ8BNP0s_AL0vlQ?key=UmVKM0h5ZXc5QkQzWmNJS2hvNnBqXzBsc3N2NXhn\" target=\"_blank\"><img decoding=\"async\" src=\"https:\/\/lh3.googleusercontent.com\/pw\/AP1GczPMigaFksNksIj7yOsTcvQiLnT0oWSZw02uKjFUe1vKsZfsD5nKGlc0mwPbsLZLqnxyRBHawADdFxEWXzRUOSICsB7MrrEFd_RRtEpKO0FIiZdWKIAlxPnTTuPZkwBJ-SMWruosDlQ_9rlHDYbBgeIE=w2000-h1333-s-no-gm?authuser=0\" width=\"2000\" height=\"1333\" alt=\"Yutaka Sano v\u0259 h\u0259yat yolda\u015f\u0131 Tomoko\" class=\"size-full\" \/><\/a><figcaption class=\"wp-caption-text\">Yutaka Sano v\u0259 h\u0259yat yolda\u015f\u0131 Tomoko<\/figcaption><\/figure>\n<h3>Do\u011fan g\u00fcn\u0259\u015fin, q\u0131z\u0131l v\u0259 g\u00fcm\u00fc\u015f \u015f\u00fcalar\u0131n s\u0131ras\u0131 n\u0259dir?<\/h3>\n<p>Ordenl\u0259r xalqa v\u0259 ya ictimaiyy\u0259t\u0259 g\u00f6rk\u0259mli t\u00f6hf\u0259l\u0259r ver\u0259nl\u0259r\u0259 verilir. Yaponiyada alt\u0131 n\u00f6v b\u0259z\u0259k var: B\u00f6y\u00fck Xrizantema Ordeni, Paulovniya \u00c7i\u00e7\u0259kl\u0259rinin B\u00f6y\u00fck Kordonu, Do\u011fan G\u00fcn\u0259\u015f Ordeni, M\u00fcq\u0259dd\u0259s X\u0259zin\u0259 ordeni, M\u0259d\u0259niyy\u0259t Ordeni v\u0259 Qiym\u0259tli Tac.<\/p>\n<ul>\n<li><b>Do\u011fan G\u00fcn\u0259\u015fin ordeni:<\/b>M\u00fckafat \u00f6z l\u0259yaq\u0259tli xidm\u0259tinin m\u0259zmununa diqq\u0259t yetirm\u0259kl\u0259 g\u00f6rk\u0259mli nailiyy\u0259tl\u0259r \u0259ld\u0259 etmi\u015f \u015f\u0259xsl\u0259r\u0259 verilir.<\/li>\n<li><b>M\u00fcq\u0259dd\u0259s X\u0259zin\u0259 ordeni:<\/b>Bu m\u00fckafat uzun ill\u0259r d\u00f6vl\u0259t qullu\u011funda y\u00fcks\u0259k n\u0259tic\u0259l\u0259r \u0259ld\u0259 etmi\u015f \u015f\u0259xsl\u0259r\u0259 verilir.<\/li>\n<\/ul>\n<p>M\u00fckafatlar\u0131n alt\u0131 s\u0259viyy\u0259si var: Grand Cordon, Grand Cordon, Medium Cordon, Petite Cordon, Double Cordon v\u0259 Single Cordon.<\/p>\n<p>Bahar v\u0259 Pay\u0131z M\u00fckafatlar\u0131 ild\u0259 iki d\u0259f\u0259, yazda aprelin 29-da v\u0259 pay\u0131zda noyabr\u0131n 3-d\u0259 verilir. M\u00fckafat alanlara s\u0259lahiyy\u0259tli nazir (v\u0259 ya b\u0259zi hallarda prefektura qubernatoru) t\u0259r\u0259find\u0259n m\u0259rasiml\u0259 t\u0259qdim olunur v\u0259 m\u00fckafat t\u0259qdim edildikd\u0259n sonra, medal\u0131 taxan v\u0259 h\u0259yat yolda\u015f\u0131n\u0131n m\u00fc\u015fayi\u0259ti il\u0259 m\u00fckafat\u0131 alan \u015f\u0259xs \u0130mperator Saray\u0131nda \u0130mperatorun yan\u0131nda tama\u015fa\u00e7\u0131 auditoriyas\u0131 ke\u00e7irir.<\/p>\n<p>2025-ci ilin yaz\u0131nda 3990 n\u0259f\u0259r Paulownia \u00c7i\u00e7\u0259kl\u0259rinin B\u00f6y\u00fck Kordonu, Do\u011fan G\u00fcn\u0259\u015f ordeni v\u0259 M\u00fcq\u0259dd\u0259s X\u0259zin\u0259 ordeni il\u0259 t\u0259ltif edildi. Onlardan 488 n\u0259f\u0259ri Do\u011fan G\u00fcn\u0259\u015f, Q\u0131z\u0131l v\u0259 G\u00fcm\u00fc\u015f \u015f\u00fcalar ordeni al\u0131b. Hokkaydoda 216 n\u0259f\u0259r, o c\u00fcml\u0259d\u0259n 61 n\u0259f\u0259r Do\u011fan G\u00fcn\u0259\u015f, 155 n\u0259f\u0259r is\u0259 M\u00fcq\u0259dd\u0259s X\u0259zin\u0259 ordeni il\u0259 m\u00fckafatland\u0131r\u0131l\u0131b. (<a href=\"https:\/\/www8.cao.go.jp\/shokun\/hatsurei\/r07haru.html\" target=\"_blank\">Z\u0259hm\u0259t olmasa Nazirl\u0259r Kabinetinin sayt\u0131na m\u00fcraci\u0259t edin.<\/a>)<\/p>\n<h4>M\u00fckafatlar v\u0259 f\u0259xri f\u0259rmanlar<\/h4>\n<figure class=\"wp-caption aligncenter\"><a href=\"https:\/\/photos.google.com\/share\/AF1QipOd4_ff8Ce-rFRD5VAZ5PwS1rs6HgXkenQH5GBfX2OY2028qVMKmdRUv5gqKFcZnQ\/photo\/AF1QipPs0NkottkMUSp4tKndoit21khWuH_cplKQzcU?key=UmVKM0h5ZXc5QkQzWmNJS2hvNnBqXzBsc3N2NXhn\" target=\"_blank\"><img decoding=\"async\" src=\"https:\/\/lh3.googleusercontent.com\/pw\/AP1GczOf7r3JbBejPcNNQ-smzszee2mAB0dYtY2MP39HeI7wzHNstiocZE0PZauyrbJRcMuWglRMWWKk9uP-yvW8j3x9IoVujL4lDPiCQilgMxi-tc_EomtzZzy5sKbxoJBNCMjNoBSTz4DuiOd-O8WtPICj=w2000-h1500-s-no-gm?authuser=0\" width=\"2000\" height=\"1500\" alt=\"M\u00fckafatlar v\u0259 f\u0259xri f\u0259rmanlar\" class=\"size-full\" \/><\/a><figcaption class=\"wp-caption-text\">M\u00fckafatlar v\u0259 f\u0259xri f\u0259rmanlar<\/figcaption><\/figure>\n<h3>\u015e\u0259nliyin t\u0259\u015fkilat\u00e7\u0131s\u0131 v\u0259 apar\u0131c\u0131s\u0131<\/h3>\n<ul>\n<li><b>T\u0259sis\u00e7il\u0259rin n\u00fcmay\u0259nd\u0259si:<\/b>Hokuryu \u015f\u0259h\u0259rinin meri Yasuhiro Sasaki<\/li>\n<li><b>T\u0259sis\u00e7i:<\/b>C\u0259nab Hito\u015fi Takebaya\u015fi<\/li>\n<li><b>\u018fsas MC:<\/b>Hajime Minami, Hokuryu Town Hall, \u00dcmumi \u0130\u015fl\u0259r \u015e\u00f6b\u0259sinin r\u0259isi<\/li>\n<\/ul>\n<figure class=\"wp-caption aligncenter\"><a href=\"https:\/\/photos.google.com\/share\/AF1QipOd4_ff8Ce-rFRD5VAZ5PwS1rs6HgXkenQH5GBfX2OY2028qVMKmdRUv5gqKFcZnQ\/photo\/AF1QipOJ6sA3PLT5x6vyLQojI2PihTUUljDV2BEk_6s?key=UmVKM0h5ZXc5QkQzWmNJS2hvNnBqXzBsc3N2NXhn\" target=\"_blank\"><img decoding=\"async\" src=\"https:\/\/lh3.googleusercontent.com\/pw\/AP1GczN3_s9NpuPaIZJnHuaDhZZCL2xM0oHE1b40RSN2kaorBpd_4NR7LxBnVSmcWxPYI731uy9GttlIO0JaYPSTuzGUpnm0lT8FmQoMf5fSjW5WwZiD5oudrNDukLKvmODOO9in42dGr0rFNSjEXtqlYBco=w2000-h1500-s-no-gm?authuser=0\" width=\"2000\" height=\"1500\" alt=\"\u018fsas moderator Hokuryu B\u0259l\u0259diyy\u0259sinin \u00dcmumi \u0130\u015fl\u0259r \u015e\u00f6b\u0259sinin r\u0259isi Hajime Nanba idi.\" class=\"size-full\" \/><\/a><figcaption class=\"wp-caption-text\">\u018fsas moderator Hokuryu B\u0259l\u0259diyy\u0259sinin \u00dcmumi \u0130\u015fl\u0259r \u015e\u00f6b\u0259sinin r\u0259isi Hajime Nanba idi.<\/figcaption><\/figure>\n<h2>A\u00e7\u0131l\u0131\u015f v\u0259 t\u0259brik s\u00f6zl\u0259ri<\/h2>\n<h4>C\u00fct giri\u015f<\/h4>\n<figure class=\"wp-caption aligncenter\"><a href=\"https:\/\/photos.google.com\/share\/AF1QipOd4_ff8Ce-rFRD5VAZ5PwS1rs6HgXkenQH5GBfX2OY2028qVMKmdRUv5gqKFcZnQ\/photo\/AF1QipPIcOnN531XDob4Vh4KTNKKeUXKiQ0Z2apftPs?key=UmVKM0h5ZXc5QkQzWmNJS2hvNnBqXzBsc3N2NXhn\" target=\"_blank\"><img decoding=\"async\" src=\"https:\/\/lh3.googleusercontent.com\/pw\/AP1GczOciQdndyybeC7iLm1VoWvrW4R770hhDdfJxX8DZM6P5RJ5eQMyz3lLBeiIDtFtv7spvcXA1M8Rrkz-JksTicUwU4Nzkbc1cvNsD-ngBOtPXq-oesfQFnls-QFtntt806zeojTqhMRZI6pAB2qIqBYH=w2000-h1125-s-no-gm?authuser=0\" width=\"2000\" height=\"1125\" alt=\"C\u00fctl\u00fck daxildir\" class=\"size-full\" \/><\/a><figcaption class=\"wp-caption-text\">C\u00fctl\u00fck daxildir<\/figcaption><\/figure>\n<figure class=\"wp-caption aligncenter\"><a href=\"https:\/\/photos.google.com\/share\/AF1QipOd4_ff8Ce-rFRD5VAZ5PwS1rs6HgXkenQH5GBfX2OY2028qVMKmdRUv5gqKFcZnQ\/photo\/AF1QipP71sKZy4KHBscZyLdhQbZYUmJE7prHeGntiJg?key=UmVKM0h5ZXc5QkQzWmNJS2hvNnBqXzBsc3N2NXhn\" target=\"_blank\"><img decoding=\"async\" src=\"https:\/\/lh3.googleusercontent.com\/pw\/AP1GczMIvU_8oor28turXLCvgjo0echkDWNpw1Biqhkwdk1WfwlBGHpmH-HfTIf1qpj47EbSiJWdzej169vs5xvN_Ih1ChvYfz-ttnLS5UZGnHaZIMTvernjf8Q0nkbKY1P2V8w-0fxnjGP0PhOh58iC6z6T=w2000-h1333-s-no-gm?authuser=0\" width=\"2000\" height=\"1333\" alt=\"C\u00fct giri\u015f\" class=\"size-full\" \/><\/a><figcaption class=\"wp-caption-text\">C\u00fct giri\u015f<\/figcaption><\/figure>\n<h3>Promouterd\u0259n n\u00fcmay\u0259nd\u0259 nitqi: Hokuryu B\u0259l\u0259diyy\u0259 Ba\u015f\u00e7\u0131s\u0131 <b>Yasuhiro Sasaki<\/b>c\u0259nab<\/h3>\n<figure class=\"wp-caption aligncenter\"><a href=\"https:\/\/photos.google.com\/share\/AF1QipOd4_ff8Ce-rFRD5VAZ5PwS1rs6HgXkenQH5GBfX2OY2028qVMKmdRUv5gqKFcZnQ\/photo\/AF1QipP_Uo_OSJd58LVqiF2FyF7XTwS1DGTnbG6m0Qo?key=UmVKM0h5ZXc5QkQzWmNJS2hvNnBqXzBsc3N2NXhn\" target=\"_blank\"><img decoding=\"async\" src=\"https:\/\/lh3.googleusercontent.com\/pw\/AP1GczPVtWoUs2KwKBk6nGwPnf5I7LGdN7StQgnrrDoQ1ROplWJP7SAUlPZuP255lsdswEsHpceYl_rn33F6bw0Ppgf3AReIKdiUUreezsx5LPV0jRIVMaprRT1WRTTuEJuMIZ95YmnxkwyizL2ndxgYmOj-=w2000-h1333-s-no-gm?authuser=0\" width=\"2000\" height=\"1333\" alt=\"Promouterl\u0259rin n\u00fcmay\u0259nd\u0259sind\u0259n salamlar: Hokuryu \u015f\u0259h\u0259rinin meri Yasuyuki Sasaki\" class=\"size-full\" \/><\/a><figcaption class=\"wp-caption-text\">Promouterl\u0259rin n\u00fcmay\u0259nd\u0259sind\u0259n salamlar: Hokuryu \u015f\u0259h\u0259rinin meri Yasuyuki Sasaki<\/figcaption><\/figure>\n<p>&quot;Biz c\u0259nab Yutaka Sanonun bu ilki 2025-ci ilin Bahar Dekorasiyalar\u0131 \u00e7\u0259r\u00e7iv\u0259sind\u0259 Do\u011fan G\u00fcn\u0259\u015f, Q\u0131z\u0131l v\u0259 G\u00fcm\u00fc\u015f \u015f\u00fcalar ordenini almas\u0131 \u00fc\u00e7\u00fcn bayram t\u0259dbiri ke\u00e7irm\u0259kd\u0259n m\u0259mnunuq. C\u0259nab Yutaka Sanonu v\u0259 onun h\u0259yat yolda\u015f\u0131 Tomokonu Do\u011fan G\u00fcn\u0259\u015f, Q\u0131z\u0131l v\u0259 G\u00fcm\u00fc\u015f \u015f\u00fcalar ordenini almalar\u0131 m\u00fcnasib\u0259til\u0259 t\u0259brik edirik.<\/p>\n<p>C\u0259nab v\u0259 xan\u0131m Sano h\u0259r k\u0259si qar\u015f\u0131lamaq \u00fc\u00e7\u00fcn m\u0259kana tez g\u0259ldil\u0259r v\u0259 ham\u0131 il\u0259 s\u0259mimi salamla\u015fma\u011fa \u0259min olaraq, h\u0259r k\u0259si soyad\u0131yla deyil, ad\u0131 il\u0259 salamlad\u0131lar. Ba\u015fa d\u00fc\u015fd\u00fcm ki, bu h\u0259r\u0259k\u0259tl\u0259r c\u0259nab Sanonun isti h\u0259yat\u0131n\u0131n, ya\u015fam t\u0259rzinin \u0259ksidir.<\/p>\n<p>\u018fmin\u0259m ki, ham\u0131n\u0131z onun karyeras\u0131ndan yax\u015f\u0131 x\u0259b\u0259rdars\u0131n\u0131z, lakin o, 1970-ci ild\u0259 \u015f\u0259h\u0259r h\u00f6kum\u0259tin\u0259 qo\u015fulub v\u0259 o vaxtdan b\u0259ri 54 illik inzibati t\u0259cr\u00fcb\u0259y\u0259 malikdir. Daha sonra mer m\u00fcavini, daha sonra is\u0259 12 il \u0259rzind\u0259 \u00fc\u00e7 m\u00fcdd\u0259t b\u0259l\u0259diyy\u0259 s\u0259dri v\u0259zif\u0259sind\u0259 \u00e7al\u0131\u015f\u0131b. Bu m\u00fcdd\u0259t \u0259rzind\u0259 o, \u00e7ox \u00e7al\u0131\u015fm\u0131\u015f olmal\u0131d\u0131r v\u0259 m\u0259n c\u0259mi bir ild\u0259n bir q\u0259d\u0259r art\u0131q v\u0259zif\u0259d\u0259 olma\u011f\u0131ma baxmayaraq, bunu h\u0259qiq\u0259t\u0259n hiss edir\u0259m. 12 illik m\u00f6hk\u0259m xidm\u0259ti \u0259rzind\u0259 o, Hokuryu q\u0259s\u0259b\u0259sini indiki v\u0259ziyy\u0259t\u0259 sald\u0131.<\/p>\n<p>\u0130yulun 10-da Hokkaydo B\u0259l\u0259diyy\u0259l\u0259ri Assosiasiyas\u0131n\u0131n toplant\u0131s\u0131nda Hokkaydo \u0259yal\u0259tinin haz\u0131rk\u0131 qubernatoru Suzuki t\u0259brikl\u0259rini \u00e7atd\u0131raraq, &quot;Xahi\u015f edir\u0259m, c\u0259nab Sanoya \u0259n xo\u015f arzular\u0131m\u0131 \u00e7atd\u0131r\u0131n&quot; dedi. C\u0259nab Sanonu, h\u0259m\u00e7inin Milli B\u0259l\u0259diyy\u0259l\u0259r Assosiasiyas\u0131n\u0131n s\u0259dri olmu\u015f c\u0259nab Takao Tanano (\u015eiranuka \u015f\u0259h\u0259rinin meri v\u0259 Hokkaydo B\u0259l\u0259diyy\u0259l\u0259r Assosiasiyas\u0131n\u0131n s\u0259dri) t\u0259brik etdi. C\u0259nab Tanano bildirib ki, o, s\u0259dr se\u00e7ilib, \u00e7\u00fcnki \u201cc\u0259nab Yutaka Sano s\u0259dr m\u00fcavini kimi m\u00f6hk\u0259m d\u0259st\u0259k verib\u201d.<\/p>\n<p>1944-c\u00fc ild\u0259 \u015eizunai \u015f\u0259h\u0259rinin meri Kani\u00e7i Yo\u015fida se\u00e7ildikd\u0259n sonra bu, 81 ild\u0259 ikinci d\u0259f\u0259dir ki, Hokkaydo daxilind\u0259n \u015e\u0259h\u0259rl\u0259r v\u0259 K\u0259ndl\u0259r Milli Assosiasiyas\u0131n\u0131n s\u0259dri se\u00e7ilir. \u0130nan\u0131ram ki, Hokkaydo yerli h\u00f6kum\u0259tin m\u0259rk\u0259zind\u0259 yerl\u0259\u015f\u0259c\u0259k v\u0259 m\u00fch\u00fcm rol oynayacaq. \u0130nan\u0131ram ki, bu h\u0259m d\u0259 c\u0259nab Sanonun Hokkaydo \u00fc\u00e7\u00fcn z\u0259hm\u0259tinin n\u0259tic\u0259sidir.<\/p>\n<p>M\u0259n h\u0259mi\u015f\u0259 e\u015fitmi\u015f\u0259m ki, c\u0259nab Sanonun b\u0259l\u0259diyy\u0259 s\u0259dri oldu\u011fu 12 il \u0259rzind\u0259 bacarmad\u0131\u011f\u0131 i\u015fl\u0259r var. Tamamil\u0259 etiraf edir\u0259m ki, ictimai n\u0259qliyyat sistemi v\u0259 G\u00fcn\u0259baxan Park\u0131 Hokuryu Onsenin idar\u0259etm\u0259 statusu kimi tamamlanmam\u0131\u015f sah\u0259l\u0259r var. M\u0259n c\u0259nab Sanodan m\u00fcxt\u0259lif t\u0259cr\u00fcb\u0259l\u0259rin\u0259 \u0259saslanaraq r\u0259hb\u0259rlik ist\u0259m\u0259k ist\u0259rdim.<\/p>\n<p>Bu yax\u0131nlarda milli h\u00f6kum\u0259t Regional Revitalization 2.0 \u00fc\u00e7\u00fcn b\u00f6y\u00fck qrant ay\u0131rd\u0131 v\u0259 Hokuryu Town ki\u00e7ik \u00f6l\u00e7\u00fcs\u00fcn\u0259 baxmayaraq g\u00fccl\u00fc \u015f\u0259h\u0259ri inki\u015faf etdirm\u0259y\u0259 t\u0259\u015fviq etdi. \u0130nan\u0131ram ki, bu, h\u0259m d\u0259 c\u0259nab Sanonun ill\u0259r \u0259rzind\u0259 qurdu\u011fu inzibati i\u015fin say\u0259sind\u0259dir.<\/p>\n<p>Bug\u00fcnk\u00fc bayram t\u0259dbiri c\u0259nab Sanodan t\u0259limat alm\u0131\u015f i\u015f\u00e7il\u0259r t\u0259r\u0259find\u0259n haz\u0131rlanm\u0131\u015fd\u0131r. Bilirik ki, m\u00fcxt\u0259lif s\u0259hvl\u0259r ola bil\u0259r, lakin bu bayramda anlay\u0131\u015f\u0131n\u0131z\u0131 rica edirik. C\u0259nab Yutaka Sanonu bu g\u00fcn Do\u011fan G\u00fcn\u0259\u015f, Q\u0131z\u0131l v\u0259 G\u00fcm\u00fc\u015f \u015f\u00fcalar ordenini almas\u0131 m\u00fcnasib\u0259til\u0259 t\u0259brik edirik!<\/p>\n<figure class=\"wp-caption aligncenter\"><a href=\"https:\/\/photos.google.com\/share\/AF1QipOd4_ff8Ce-rFRD5VAZ5PwS1rs6HgXkenQH5GBfX2OY2028qVMKmdRUv5gqKFcZnQ\/photo\/AF1QipNS7uc_YJSivl8HgKrM4o8kZTeZ0fXrqLqLZOo?key=UmVKM0h5ZXc5QkQzWmNJS2hvNnBqXzBsc3N2NXhn\" target=\"_blank\"><img decoding=\"async\" src=\"https:\/\/lh3.googleusercontent.com\/pw\/AP1GczN2cwWkB3WJI75J3piQNR_iOyxk5tDf3si8RsfZmVeyl3TJskZFI_ZMnbFnmKkX39cA18BCzhnPD_j_rP6NtHDFyJK499IjKpcTonUtDO9Q0Zji0Y5fejGNXYtZcuKUNZ6YojdvBAdbQ-SGpDFJUcAH=w2000-h1333-s-no-gm?authuser=0\" width=\"2000\" height=\"1333\" alt=\"C\u0259nab Sanoya uzun ill\u0259r qazand\u0131\u011f\u0131 nailiyy\u0259tl\u0259r\u0259 g\u00f6r\u0259 minn\u0259tdarl\u0131\u011f\u0131m\u0131z\u0131 bildirm\u0259k ist\u0259rdik!\" class=\"size-full\" \/><\/a><figcaption class=\"wp-caption-text\">C\u0259nab Sanoya uzun ill\u0259r qazand\u0131\u011f\u0131 nailiyy\u0259tl\u0259r\u0259 g\u00f6r\u0259 minn\u0259tdarl\u0131\u011f\u0131m\u0131z\u0131 bildirm\u0259k ist\u0259rdik!<\/figcaption><\/figure>\n<h3>Buket t\u0259qdim edir<\/h3>\n<h4>C\u0259nab Sanoya uzun ill\u0259r qazand\u0131\u011f\u0131 nailiyy\u0259tl\u0259r\u0259 g\u00f6r\u0259 minn\u0259tdarl\u0131\u011f\u0131m\u0131z\u0131 bildirm\u0259k ist\u0259rdik!<\/h4>\n<p><b>T\u0259qdim ed\u0259n:<\/b>N\u0259v\u0259l\u0259ri Sakuma Yoshida v\u0259 Taishiro Sano<\/p>\n<figure class=\"wp-caption aligncenter\"><a href=\"https:\/\/photos.google.com\/share\/AF1QipOd4_ff8Ce-rFRD5VAZ5PwS1rs6HgXkenQH5GBfX2OY2028qVMKmdRUv5gqKFcZnQ\/photo\/AF1QipMl2hc4EYT5rnw7opbWqv7wxNvDtu1S1zzpS-0?key=UmVKM0h5ZXc5QkQzWmNJS2hvNnBqXzBsc3N2NXhn\" target=\"_blank\"><img decoding=\"async\" src=\"https:\/\/lh3.googleusercontent.com\/pw\/AP1GczOsfQXe45nNjB1Z2Ju3PBJFCD1yQTB5fkSTIJgMftyHg7efcaMbb5m2dv4VXDeWDu5vSTr88cHj-IZVagswAL1j0bTVkM4eForS14Kp1Liq6wMgUCHwpCSWyUOEfFB2qaH4mjBAhlTOGdukRCbXsIVD=w2000-h1333-s-no-gm?authuser=0\" width=\"2000\" height=\"1333\" alt=\"N\u0259v\u0259 buket t\u0259qdim edir\" class=\"size-full\" \/><\/a><figcaption class=\"wp-caption-text\">N\u0259v\u0259 buket t\u0259qdim edir<\/figcaption><\/figure>\n<figure class=\"wp-caption aligncenter\"><a href=\"https:\/\/photos.google.com\/share\/AF1QipOd4_ff8Ce-rFRD5VAZ5PwS1rs6HgXkenQH5GBfX2OY2028qVMKmdRUv5gqKFcZnQ\/photo\/AF1QipML2s7g_v8tymUV-WkiSN72GSn1pzCIq8nxN7Q?key=UmVKM0h5ZXc5QkQzWmNJS2hvNnBqXzBsc3N2NXhn\" target=\"_blank\"><img decoding=\"async\" src=\"https:\/\/lh3.googleusercontent.com\/pw\/AP1GczOVNLzZB6Om-3cHjMheavQ4pgbgRQAU9I_QrYeyWP1OAXIcxmNBnS1z5zDimdtsX2Cw6j8l46qwqpIafXwMm2RwqGl4uyAnHsiLqsP-fwWaHAyD4KQW7xERhgAWeMVdpIBYEauPWPmRA_qNjTCJMceS=w2000-h1333-s-no-gm?authuser=0\" width=\"2000\" height=\"1333\" alt=\"H\u0259diyy\u0259ni qaytar\u0131n\" class=\"size-full\" \/><\/a><figcaption class=\"wp-caption-text\">H\u0259diyy\u0259ni qaytar\u0131n<\/figcaption><\/figure>\n<h3>T\u0259brik nitqi: Hokuriku \u015e\u0259h\u0259r \u015euras\u0131n\u0131n s\u0259dri c\u0259nab Naoi\u00e7i Nakamura<\/h3>\n<figure class=\"wp-caption aligncenter\"><a href=\"https:\/\/photos.google.com\/share\/AF1QipOd4_ff8Ce-rFRD5VAZ5PwS1rs6HgXkenQH5GBfX2OY2028qVMKmdRUv5gqKFcZnQ\/photo\/AF1QipMGY_Cgj-YoJ4DRDZWnx46MdcLeXSpE_gJEHYE?key=UmVKM0h5ZXc5QkQzWmNJS2hvNnBqXzBsc3N2NXhn\" target=\"_blank\"><img decoding=\"async\" src=\"https:\/\/lh3.googleusercontent.com\/pw\/AP1GczMgyopNYJ18-7wvG9OcDvJTkpaHKxrzK0CVm1tKAnnMLdokIMqsrljMVlJrXsiILXbX_3KtHh8HgBFgnhwi7dYIx3Jg62J1-CBqnjMabu0XT3NEJWbqTTzhZNzdWlnL0jgyhuSuZArkzv30KmSys4R6=w2000-h1333-s-no-gm?authuser=0\" width=\"2000\" height=\"1333\" alt=\"T\u0259brik nitqi: Hokuriku \u015e\u0259h\u0259r \u015euras\u0131n\u0131n s\u0259dri c\u0259nab Naoi\u00e7i Nakamura\" class=\"size-full\" \/><\/a><figcaption class=\"wp-caption-text\">T\u0259brik nitqi: Hokuriku \u015e\u0259h\u0259r \u015euras\u0131n\u0131n s\u0259dri c\u0259nab Naoi\u00e7i Nakamura<\/figcaption><\/figure>\n<p>&quot;M\u0259n son d\u0259r\u0259c\u0259 m\u0259mnunam v\u0259 ke\u00e7mi\u015f Hokuryu \u015f\u0259h\u0259rinin meri Yutaka Sanonu 2025-ci ilin yaz\u0131nda yerli h\u00f6kum\u0259t\u0259 verdiyi t\u00f6hf\u0259l\u0259r\u0259 g\u00f6r\u0259 Do\u011fan G\u00fcn\u0259\u015f, Q\u0131z\u0131l v\u0259 G\u00fcm\u00fc\u015f \u015f\u00fcalar ordeni almas\u0131 m\u00fcnasib\u0259til\u0259 t\u0259brik edir\u0259m. Onun uzun ill\u0259r \u0259rzind\u0259 \u0259ld\u0259 etdiyi nailiyy\u0259tl\u0259r y\u00fcks\u0259k qiym\u0259tl\u0259ndirilib.<\/p>\n<p>C\u0259nab Sano 1970-ci ild\u0259 orta m\u0259kt\u0259bi bitirdikd\u0259n d\u0259rhal sonra b\u0259l\u0259diyy\u0259 binas\u0131na daxil olub v\u0259 34 il d\u00f6vl\u0259t qullu\u011funda \u00e7al\u0131\u015f\u0131b, 2004-c\u00fc ild\u0259 b\u0259l\u0259diyy\u0259 s\u0259drinin m\u00fcavini, 2007-ci ild\u0259 is\u0259 Yerli Muxtariyy\u0259t Qanununa edil\u0259n d\u0259yi\u015fiklikd\u0259n sonra b\u0259l\u0259diyy\u0259 s\u0259drinin birinci m\u00fcavini v\u0259zif\u0259l\u0259rind\u0259 \u00e7al\u0131\u015f\u0131b v\u0259 bu m\u00fcdd\u0259t \u0259rzind\u0259 vaxt\u0131n\u0131 H\u00f6k\u00fcr\u00fcy\u0259 h\u0259sr edib. 2012-ci ild\u0259 H\u00f6k\u00fcr\u00fcy\u00fcn\u00fcn b\u0259l\u0259diyy\u0259 ba\u015fqanl\u0131\u011f\u0131na namiz\u0259dliyini ir\u0259li s\u00fcrd\u00fc v\u0259 m\u00fcxt\u0259lif mane\u0259l\u0259r\u0259 baxmayaraq, u\u011furla se\u00e7il\u0259r\u0259k b\u0259l\u0259diyy\u0259 s\u0259dri v\u0259zif\u0259sini icra etm\u0259y\u0259 ba\u015flad\u0131. O, \u00fc\u00e7 m\u00fcdd\u0259t, \u00fcmumilikd\u0259 12 il b\u0259l\u0259diyy\u0259 s\u0259dri v\u0259zif\u0259sind\u0259 \u00e7al\u0131\u015f\u0131b. \u00dcmumilikd\u0259 o, Hokuryu Town Hall-da i\u015f\u00e7i oldu\u011fu vaxtdan ba\u015flayaraq, \u015f\u0259h\u0259ri inki\u015faf etdirm\u0259k v\u0259 ya\u015famaq \u00fc\u00e7\u00fcn xo\u015f bir yer\u0259 \u00e7evirm\u0259k \u00fc\u00e7\u00fcn \u00e7ox \u00e7al\u0131\u015faraq heyr\u0259tamiz bir 54 il \u00e7al\u0131\u015fd\u0131.<\/p>\n<p>Bu m\u00fcdd\u0259t \u0259rzind\u0259 o, Sora\u00e7i \u015e\u0259h\u0259r v\u0259 K\u0259nd Assosiasiyas\u0131n\u0131n s\u0259dri, Hokkaydo \u015e\u0259h\u0259r v\u0259 K\u0259nd Assosiasiyas\u0131n\u0131n s\u0259dr m\u00fcavini v\u0259 Hokkaydo Torpaqlar\u0131n\u0131n Yax\u015f\u0131la\u015fd\u0131r\u0131lmas\u0131 Assosiasiyas\u0131n\u0131n direktoru kimi says\u0131z-hesabs\u0131z v\u0259zif\u0259l\u0259rd\u0259 \u00e7al\u0131\u015fm\u0131\u015fd\u0131r. S\u0259yl\u0259rin\u0259 g\u00f6r\u0259 m\u00fcxt\u0259lif t\u0259\u015fkilatlardan \u0259ld\u0259 etdiyi nailiyy\u0259tl\u0259r\u0259 g\u00f6r\u0259 m\u00fckafatlar al\u0131b.<\/p>\n<p>C\u0259nab Sano idman\u00e7\u0131 idi, ibtidai m\u0259kt\u0259bd\u0259n beysbol oynam\u0131\u015fd\u0131 v\u0259 Koshien\u0259 getm\u0259k m\u0259qs\u0259di il\u0259 orta m\u0259kt\u0259bd\u0259 h\u0259r g\u00fcn m\u0259\u015fq edirdi. D\u00f6vl\u0259t qullu\u011funa getdikd\u0259n sonra o, b\u0259l\u0259diyy\u0259 komandas\u0131nda v\u0259 m\u00fcxt\u0259lif t\u0259\u015fkilatlarda f\u0259al i\u015ftirak etmi\u015fdir. D\u00f6vl\u0259t qullu\u011fundan t\u0259qa\u00fcd\u0259 \u00e7\u0131xd\u0131qdan sonra Himawari K\u00f6n\u00fcll\u00fc D\u0259rn\u0259yi v\u0259 Park Qolf Assosiasiyas\u0131n\u0131n zabiti kimi f\u0259aliyy\u0259t g\u00f6st\u0259rmi\u015fdir. O, uzun ill\u0259r Ryusenji m\u0259b\u0259dinin n\u00fcmay\u0259nd\u0259si v\u0259zif\u0259sind\u0259 \u00e7al\u0131\u015f\u0131b, ke\u00e7\u0259n ild\u0259n is\u0259 n\u00fcmay\u0259nd\u0259 r\u0259isinin m\u00fcavini olub, m\u00fcxt\u0259lif sah\u0259l\u0259rd\u0259 m\u00fch\u00fcm rollar oynay\u0131b, ona h\u00f6rm\u0259timizi bildirm\u0259k ist\u0259rdik.<\/p>\n<p>Yekun olaraq, c\u0259nab v\u0259 xan\u0131m Sano v\u0259 Sano ail\u0259si \u00fc\u00e7\u00fcn davaml\u0131 firavanl\u0131q v\u0259 u\u011furlar \u00fc\u00e7\u00fcn \u0259n xo\u015f arzular\u0131m\u0131, h\u0259m\u00e7inin bu g\u00fcn i\u015ftirak ed\u0259nl\u0259rin ham\u0131s\u0131na cansa\u011fl\u0131\u011f\u0131 v\u0259 xo\u015fb\u0259xtlik \u00fc\u00e7\u00fcn \u0259n xo\u015f arzular\u0131m\u0131 v\u0259 t\u0259brikl\u0259rimi \u00e7atd\u0131rmaq ist\u0259rdim.&quot;<\/p>\n<figure class=\"wp-caption aligncenter\"><a href=\"https:\/\/photos.google.com\/share\/AF1QipOd4_ff8Ce-rFRD5VAZ5PwS1rs6HgXkenQH5GBfX2OY2028qVMKmdRUv5gqKFcZnQ\/photo\/AF1QipNCdlAnbJKLlbxEotl4mp_xQfMHz10kmsEtOog?key=UmVKM0h5ZXc5QkQzWmNJS2hvNnBqXzBsc3N2NXhn\" target=\"_blank\"><img decoding=\"async\" src=\"https:\/\/lh3.googleusercontent.com\/pw\/AP1GczOMayDAVK__9DYNCYo-s5JTDRjEso3yBEg5s6hWHPj0cssO-TfGJIZTiS0tc_A-Qw1FGj-Wgsrf4HJc6LyPgSxt8bBpLsV_g3LjS305E05XdT0ObS2fsYuAZL3ubjpEiuHzlh1INNUq-sVgecJOPPMB=w2000-h1125-s-no-gm?authuser=0\" width=\"2000\" height=\"1125\" alt=\"Sano ail\u0259sin\u0259 davaml\u0131 firavanl\u0131q v\u0259 u\u011furlar arzulay\u0131ram!\" class=\"size-full\" \/><\/a><figcaption class=\"wp-caption-text\">Sano ail\u0259sin\u0259 davaml\u0131 firavanl\u0131q v\u0259 u\u011furlar arzulay\u0131ram!<\/figcaption><\/figure>\n<h3>Xatir\u0259 h\u0259diyy\u0259 t\u0259qdimat\u0131<\/h3>\n<p><b>T\u0259qdim ed\u0259n:<\/b>Keiko Banda, \u00dcmumi \u0130\u015fl\u0259r \u015e\u00f6b\u0259si, Hokuryu Town Hall, B\u00f6lm\u0259 r\u0259isinin k\u00f6m\u0259k\u00e7isi<\/p>\n<h2>Al\u0131c\u0131n\u0131n t\u0259\u015f\u0259kk\u00fcr nitqi: Yutaka Sano<\/h2>\n<figure class=\"wp-caption aligncenter\"><a href=\"https:\/\/photos.google.com\/share\/AF1QipOd4_ff8Ce-rFRD5VAZ5PwS1rs6HgXkenQH5GBfX2OY2028qVMKmdRUv5gqKFcZnQ\/photo\/AF1QipPA88udaCXuDGR0cjXterUNKdsBb0V-I6XYC7U?key=UmVKM0h5ZXc5QkQzWmNJS2hvNnBqXzBsc3N2NXhn\" target=\"_blank\"><img decoding=\"async\" src=\"https:\/\/lh3.googleusercontent.com\/pw\/AP1GczNDZaY64JVRQmzq_N0HCBBb3aS4Zrd_Otk1nbZsY5vq5QALHrmeSNmwegN-XoLoPTjtjL-nNtngHeV37CXFGL_3qFBgpRiG6J4bv6WfTdv0NH-Cuel2Dv_og8CcQ1JZisJBmulYRFLqXg9CWzWIPaZA=w2000-h1333-s-no-gm?authuser=0\" width=\"2000\" height=\"1333\" alt=\"Minn\u0259tdarl\u0131q: Yutaka Sano\" class=\"size-full\" \/><\/a><figcaption class=\"wp-caption-text\">Minn\u0259tdarl\u0131q: Yutaka Sano<\/figcaption><\/figure>\n<p>&quot;Bu g\u00fcn \u00e7ox isti g\u00fcnd\u00fcr, lakin bel\u0259 m\u00f6ht\u0259\u015f\u0259m bir bayramda i\u015ftirak etdiyiniz\u0259 v\u0259 ke\u00e7irdiyiniz\u0259 g\u00f6r\u0259 ham\u0131n\u0131za s\u0259mimi t\u0259\u015f\u0259kk\u00fcr\u00fcm\u00fc bildirm\u0259k ist\u0259yir\u0259m. Mer Sasakinin v\u0259 \u015eura s\u0259dri Nakamuran\u0131n xo\u015f s\u00f6zl\u0259rini almaqdan da b\u00f6y\u00fck \u015f\u0259r\u0259f duyuram.<\/p>\n<p>2025-ci ilin Bahar Dekorasiya M\u00fckafatlar\u0131nda Do\u011fan G\u00fcn\u0259\u015f, Q\u0131z\u0131l v\u0259 G\u00fcm\u00fc\u015f \u015e\u00fcalar\u0131n prestijli ordenini ald\u0131\u011f\u0131m \u00fc\u00e7\u00fcn h\u0259m \u0259s\u0259bl\u0259\u015fir\u0259m, h\u0259m d\u0259 \u00e7ox h\u0259y\u0259canlan\u0131ram. \u0130nan\u0131ram ki, bu, Sizin davaml\u0131 d\u0259st\u0259yinizin v\u0259 \u0259m\u0259kda\u015fl\u0131\u011f\u0131n\u0131z\u0131n b\u0259hr\u0259sidir v\u0259 \u00fcr\u0259kd\u0259n minn\u0259tdarl\u0131\u011f\u0131m\u0131 bildirm\u0259k ist\u0259yir\u0259m.<\/p>\n<p>1970-ci ild\u0259 Hokuryu \u015e\u0259h\u0259r \u0130cra Hakimiyy\u0259tind\u0259 i\u015f\u0259 ba\u015flad\u0131\u011f\u0131m g\u00fcnd\u0259n 54 il \u0259rzind\u0259 he\u00e7 bir ciddi x\u0259st\u0259lik ke\u00e7irm\u0259d\u0259n sa\u011flam i\u015fl\u0259y\u0259 bildim v\u0259 bir \u00e7ox \u015f\u0259h\u0259r \u0259halisin\u0259, r\u0259hb\u0259rl\u0259rim\u0259 v\u0259 b\u00fct\u00fcn \u0259m\u0259kda\u015flara minn\u0259tdarl\u0131\u011f\u0131m\u0131 bildirir\u0259m.<\/p>\n<p>B\u0259l\u0259diyy\u0259y\u0259 i\u015f\u0259 ba\u015flayanda m\u0259ni ilk d\u0259f\u0259 d\u00fcy\u00fc \u00e7\u0259ltikinin azald\u0131lmas\u0131 siyas\u0259ti il\u0259 \u0259laq\u0259dar olaraq d\u00fcy\u00fc istehsal\u0131na d\u00fcz\u0259li\u015fl\u0259r edildiyi il S\u0259naye B\u00f6lm\u0259sinin K\u0259nd T\u0259s\u0259rr\u00fcfat\u0131 Siyas\u0259ti B\u00f6lm\u0259sin\u0259 t\u0259yin etdil\u0259r. M\u0259n bal\u0131q\u00e7\u0131n\u0131n o\u011fluyam v\u0259 k\u0259nd t\u0259s\u0259rr\u00fcfat\u0131 haqq\u0131nda he\u00e7 n\u0259 bilmirdim. \u0130stehsal\u00e7\u0131lar\u0131n adlar\u0131n\u0131, \u00e7\u0259ltik tarlalar\u0131n\u0131n yerl\u0259rini v\u0259 fermerl\u0259rin evl\u0259rini \u00fcz\u0259rind\u0259 istehsal\u00e7\u0131lar\u0131n adlar\u0131 yaz\u0131lm\u0131\u015f k\u0259nd t\u0259s\u0259rr\u00fcfat\u0131 qrupunun u\u00e7ot kodu \u0259sas\u0131nda \u00fcmidsizc\u0259sin\u0259 \u0259zb\u0259rl\u0259m\u0259y\u0259 \u00e7al\u0131\u015fd\u0131\u011f\u0131m\u0131 xat\u0131rlay\u0131ram. D\u00fc\u015f\u00fcn\u00fcr\u0259m ki, 500-\u0259 yax\u0131n t\u0259s\u0259rr\u00fcfat var idi. \u018fhalisi t\u0259xmin\u0259n 4700 n\u0259f\u0259r idi.<\/p>\n<p>Bu t\u0259cr\u00fcb\u0259l\u0259r m\u0259nim daha sonra \u015f\u0259h\u0259r ofisind\u0259 i\u015fimd\u0259 \u00e7ox d\u0259y\u0259rli oldu, \u00e7\u00fcnki onlar m\u0259n\u0259 yerli istehsal\u00e7\u0131larla daha s\u0131x \u0259laq\u0259l\u0259r qurma\u011fa imkan verdi. Me\u015f\u0259 i\u015f\u00e7isi oldu\u011fum m\u00fcdd\u0259td\u0259 m\u0259n Hokuryu \u015f\u0259h\u0259rinin \u0259razisinin \u00fcmumi m\u0259nz\u0259r\u0259sini, o c\u00fcml\u0259d\u0259n milli v\u0259 \u015f\u0259h\u0259r me\u015f\u0259l\u0259rinin sahibl\u0259ri v\u0259 yerl\u0259ri, a\u011fac n\u00f6vl\u0259rini ba\u015fa d\u00fc\u015f\u0259 bildim. M\u0259n i\u015fim vasit\u0259sil\u0259 d\u00fcy\u00fc tarlalar\u0131 il\u0259 fermerl\u0259r, da\u011flar v\u0259 a\u011faclar v\u0259 \u015f\u0259h\u0259r \u0259halisi aras\u0131ndak\u0131 \u0259laq\u0259l\u0259ri \u00f6yr\u0259nm\u0259k f\u00fcrs\u0259tin\u0259 malik oldu\u011fum \u00fc\u00e7\u00fcn \u00e7ox minn\u0259tdaram v\u0259 xo\u015fb\u0259xt\u0259m.<\/p>\n<p>Bundan sonra Kayzen M\u0259rk\u0259zi Gimnaziyas\u0131n\u0131n a\u00e7\u0131l\u0131\u015f\u0131 il\u0259 eyni vaxtda alt\u0131 il b\u0259d\u0259n t\u0259rbiy\u0259si \u00fczr\u0259 direktor v\u0259zif\u0259sind\u0259 T\u0259hsil \u015euras\u0131nda i\u015fl\u0259dim. O vaxt idi ki, \u201c\u0130dman h\u0259yatda\u201d devizi alt\u0131nda sa\u011flam v\u0259 i\u015f\u0131ql\u0131 \u015f\u0259h\u0259rcik yaratmaq \u00fc\u00e7\u00fcn \u015f\u0259h\u0259rlil\u0259rl\u0259 idman \u00fcz\u0259rind\u0259 \u00e7ox \u00e7al\u0131\u015f\u0131rd\u0131m. M\u0259n d\u0259 G\u00fcn\u0259baxan Park\u0131n\u0131n tikintisind\u0259 Maliyy\u0259 \u015f\u00f6b\u0259sinin m\u00fcdiri i\u015fl\u0259mi\u015f\u0259m.<\/p>\n<p>2004-c\u00fc ild\u0259 b\u0259l\u0259diyy\u0259 s\u0259drinin m\u00fcavini v\u0259 vitse-mer t\u0259yin olundum, 2012-ci ild\u0259 is\u0259 b\u0259l\u0259diyy\u0259 s\u0259dri se\u00e7ildim v\u0259 ke\u00e7\u0259n il \u00fc\u00e7 m\u00fcdd\u0259tli, 12 illik s\u0259lahiyy\u0259tl\u0259rimi ba\u015fa vurdum. B\u00fct\u00fcn bunlar\u0131 ill\u0259r boyu m\u0259n\u0259 bel\u0259 b\u00f6y\u00fck layih\u0259l\u0259rd\u0259 i\u015ftirak etm\u0259y\u0259 imkan ver\u0259n bir \u00e7ox \u015f\u0259h\u0259r sakinl\u0259rin\u0259 v\u0259 i\u015f\u00e7il\u0259r\u0259 borcluyam. Bir daha \u00f6z minn\u0259tdarl\u0131\u011f\u0131m\u0131 bildirm\u0259k ist\u0259yir\u0259m.<\/p>\n<p>M\u00fckafat\u0131 may\u0131n 9-da New Otani Sapporo otelind\u0259 Hokkaydo qubernatoru Naomi\u00e7i Suzuki m\u0259n\u0259 t\u0259qdim etdi. May\u0131n 20-d\u0259 \u0130mperator Saray\u0131n\u0131n Homeiden zal\u0131nda \u0130mperatorla auditoriyam oldu. Tama\u015fa\u00e7\u0131lar zaman\u0131 bir \u00e7ox dig\u0259r al\u0131c\u0131lar aras\u0131nda m\u0259n t\u0259sad\u00fcf\u0259n birinci c\u0259rg\u0259nin m\u0259rk\u0259zind\u0259 oldum v\u0259 \u0130mperator &quot;M\u00fcxt\u0259lif v\u0259zif\u0259l\u0259rinizi yerin\u0259 yetirm\u0259kd\u0259 g\u00f6st\u0259rdiyiniz z\u0259hm\u0259t\u0259 g\u00f6r\u0259 t\u0259\u015f\u0259kk\u00fcr edir\u0259m. Z\u0259hm\u0259t olmasa, bundan sonra \u00f6z\u00fcn\u00fcz\u0259 yax\u015f\u0131 bax\u0131n&quot; dey\u0259r\u0259k t\u0259\u015f\u0259kk\u00fcr etdi v\u0259 m\u0259n \u00e7ox t\u0259sirl\u0259ndim. H\u0259r k\u0259s bunu ya\u015faya bilm\u0259z, ona g\u00f6r\u0259 d\u0259 m\u0259n h\u0259qiq\u0259t\u0259n d\u0259 heyr\u0259t\u0259 g\u0259ldim.<\/p>\n<p>Yaln\u0131z b\u00f6y\u00fckl\u0259rimin, h\u0259mkarlar\u0131m\u0131n, \u015f\u0259h\u0259rlil\u0259rin \u0259m\u0259kda\u015fl\u0131\u011f\u0131 say\u0259sind\u0259 bu m\u00fckafat\u0131 ala bildim. M\u0259n \u00f6z d\u0259rin minn\u0259tdarl\u0131\u011f\u0131m\u0131 bildirm\u0259k ist\u0259yir\u0259m. M\u0259nim 74 ya\u015f\u0131m var v\u0259 n\u0259 q\u0259d\u0259r az olsa da, c\u0259miyy\u0259t\u0259 t\u00f6hf\u0259 verm\u0259k \u00fc\u00e7\u00fcn \u0259limd\u0259n g\u0259l\u0259ni etm\u0259k ist\u0259rdim ki, bu medala biab\u0131r\u00e7\u0131l\u0131q g\u0259tirm\u0259sin. Davaml\u0131 d\u0259st\u0259yiniz\u0259, \u0259m\u0259kda\u015fl\u0131\u011f\u0131n\u0131za v\u0259 r\u0259hb\u0259rlik etdiyiniz\u0259 g\u00f6r\u0259 ham\u0131n\u0131za t\u0259\u015f\u0259kk\u00fcr etm\u0259k ist\u0259rdim. Bu g\u00fcn \u00fc\u00e7\u00fcn \u00e7ox sa\u011f olun!<\/p>\n<figure class=\"wp-caption aligncenter\"><a href=\"https:\/\/photos.google.com\/share\/AF1QipOd4_ff8Ce-rFRD5VAZ5PwS1rs6HgXkenQH5GBfX2OY2028qVMKmdRUv5gqKFcZnQ\/photo\/AF1QipNzta37V4614Jq3ez5X1j2crb_MnmNFWYL1ufo?key=UmVKM0h5ZXc5QkQzWmNJS2hvNnBqXzBsc3N2NXhn\" target=\"_blank\"><img decoding=\"async\" src=\"https:\/\/lh3.googleusercontent.com\/pw\/AP1GczNfty1_ai2Wr7_zTHsKngcXosIh4D2Jf8PgLzlo0vl9ZR-pHe1FeBhJVSNjGOK_Ps4cy9_ENl-ogiAoHtWBL13CtR97Jxebdo8Lp63XmY2_EuX2mpVsWZGEHpCCDAdMhL9zuWp2stN9uZpMgPkZg8kd=w2000-h1333-s-no-gm?authuser=0\" width=\"2000\" height=\"1333\" alt=\"D\u0259st\u0259yiniz\u0259 v\u0259 \u0259m\u0259kda\u015fl\u0131\u011f\u0131n\u0131za g\u00f6r\u0259 s\u0259mimi minn\u0259tdarl\u0131\u011f\u0131m\u0131z\u0131 bildirm\u0259k ist\u0259rdik!\" class=\"size-full\" \/><\/a><figcaption class=\"wp-caption-text\">D\u0259st\u0259yiniz\u0259 v\u0259 \u0259m\u0259kda\u015fl\u0131\u011f\u0131n\u0131za g\u00f6r\u0259 s\u0259mimi minn\u0259tdarl\u0131\u011f\u0131m\u0131z\u0131 bildirm\u0259k ist\u0259rdik!<\/figcaption><\/figure>\n<h2>T\u0259brik teleqram\u0131 t\u0259qdimat\u0131<\/h2>\n<h3>N\u00fcmay\u0259nd\u0259l\u0259r Palatas\u0131n\u0131n \u00fczv\u00fc \u015einjiro Koizumi<\/h3>\n<p>Bu \u015f\u0259r\u0259fli m\u00fckafat\u0131 alma\u011f\u0131n\u0131z\u0131 e\u015fitm\u0259k m\u0259ni \u00e7ox sevindirdi. T\u0259brik edirik.<br \/>\n\u00dcmid edirik ki, \u00f6z\u00fcn\u00fcz\u0259 qay\u011f\u0131 g\u00f6st\u0259rm\u0259y\u0259 davam ed\u0259c\u0259k v\u0259 davaml\u0131 r\u0259hb\u0259rliyinizi v\u0259 d\u0259st\u0259yinizi qiym\u0259tl\u0259ndir\u0259c\u0259ksiniz.<\/p>\n<h3>Hokkaydo qubernatoru Naomi\u00e7i Suzuki<\/h3>\n<p>Do\u011fan G\u00fcn\u0259\u015f, Q\u0131z\u0131l v\u0259 G\u00fcm\u00fc\u015f \u015f\u00fcalar ordenini alma\u011f\u0131n\u0131z m\u00fcnasib\u0259til\u0259 \u00fcr\u0259kd\u0259n t\u0259brikl\u0259rimizi \u00e7atd\u0131rmaq ist\u0259rdik.<br \/>\nC\u0259nab Sanonu bu m\u00fckafata g\u00f6r\u0259 t\u0259brik etm\u0259k ist\u0259rdik, \u00e7\u00fcnki \u0259minik ki, bu m\u00fckafat t\u0259kc\u0259 ona d\u0259st\u0259k olan ail\u0259si \u00fc\u00e7\u00fcn deyil, h\u0259m d\u0259 yerli \u00f6z\u00fcn\u00fcidar\u0259etm\u0259d\u0259 i\u015ftirak ed\u0259n \u00e7oxsayl\u0131 insanlar, \u0259laq\u0259dar t\u0259\u015fkilatlar v\u0259 c\u0259miyy\u0259td\u0259ki insanlar \u00fc\u00e7\u00fcn b\u00f6y\u00fck sevinc v\u0259 d\u0259rin duy\u011fu m\u0259nb\u0259yi olacaqd\u0131r.<br \/>\n\u00dcmid edirik ki, sizin sa\u011flaml\u0131\u011f\u0131n\u0131z bundan sonra da yax\u015f\u0131 olacaq v\u0259 siz \u00f6z g\u00f6rk\u0259mli d\u00fc\u015f\u00fcnc\u0259nizd\u0259n v\u0259 z\u0259ngin t\u0259cr\u00fcb\u0259nizd\u0259n Hokkaydonun inki\u015faf\u0131na x\u00fcsusi d\u0259st\u0259k verm\u0259k \u00fc\u00e7\u00fcn istifad\u0259 ed\u0259c\u0259ksiniz.<br \/>\nBu m\u00fcnasib\u0259tl\u0259 sizi t\u0259brik edirik.<\/p>\n<h3>Yaponiyadak\u0131 Taypey \u0130qtisadi v\u0259 M\u0259d\u0259niyy\u0259t N\u00fcmay\u0259nd\u0259liyinin Sapporo filial\u0131n\u0131n direktoru c\u0259nab Nian Xinshi<\/h3>\n<p>H\u00f6rm\u0259tli C\u0259nab\/Xan\u0131m, \u00fcmid edir\u0259m ki, yeni ya\u015f\u0131ll\u0131qlar \u00e7i\u00e7\u0259k a\u00e7d\u0131qca sizin sa\u011flaml\u0131\u011f\u0131n\u0131z v\u0259 rifah\u0131n\u0131z yax\u015f\u0131d\u0131r. Tayvan v\u0259 Yaponiya aras\u0131nda dostlu\u011fun t\u0259\u015fviqind\u0259 davaml\u0131 d\u0259st\u0259y\u0259 g\u00f6r\u0259 t\u0259\u015f\u0259kk\u00fcr edirik.<br \/>\n2025-ci ilin yaz\u0131nda Rosette il\u0259 Q\u0131z\u0131l \u015e\u00fcalar\u0131 alma\u011f\u0131n\u0131z m\u00fcnasib\u0259til\u0259 sizi \u00fcr\u0259kd\u0259n t\u0259brik etm\u0259k ist\u0259rdim. \u0130nan\u0131ram ki, bu, sizin \u00e7oxillik z\u0259hm\u0259tinizin v\u0259 t\u00f6hf\u0259nizin n\u0259tic\u0259sidir.<br \/>\nBiz h\u0259m\u00e7inin yerli m\u0259hsullar\u0131n tan\u0131t\u0131m\u0131 \u00fc\u00e7\u00fcn Tayvana s\u0259f\u0259rin\u0259 v\u0259 Hokkaydo il\u0259 Tayvan aras\u0131nda iqtisadi m\u00fcbadil\u0259nin t\u0259\u015fviqind\u0259 g\u00f6st\u0259rdiyi s\u0259yl\u0259r\u0259 g\u00f6r\u0259 ke\u00e7mi\u015f meri Sanoya minn\u0259tdarl\u0131\u011f\u0131m\u0131z\u0131 bildirm\u0259k ist\u0259rdik.<br \/>\n\u018fvv\u0259la, ki\u00e7ik bir minn\u0259tdarl\u0131q \u0259lam\u0259ti olsa da, t\u0259brikl\u0259rimi yaz\u0131l\u0131 \u015f\u0259kild\u0259 bildirm\u0259k ist\u0259yir\u0259m v\u0259 davaml\u0131 d\u0259st\u0259yinizi dil\u0259yir\u0259m.<\/p>\n<h3>T\u0259brik teleqramlar\u0131 g\u00f6nd\u0259r\u0259n h\u0259r k\u0259s\u0259<\/h3>\n<ul>\n<li>N\u00fcmay\u0259nd\u0259l\u0259r Palatas\u0131n\u0131n \u00fczvl\u0259ri: Hiroki Mi\u00e7i\u015fita v\u0259 Hiro\u015fi Kamiya<\/li>\n<li>N\u00fcmay\u0259nd\u0259l\u0259r Palatas\u0131n\u0131n \u00fczv\u00fc Masato Ni\u015fikava v\u0259 M\u00fc\u015favirl\u0259r Palatas\u0131n\u0131n \u00fczv\u00fc Masao Miyazaki<\/li>\n<li>M\u00fc\u015favirl\u0259r Palatas\u0131n\u0131n \u00fczvl\u0259ri Satsuki Katayama v\u0259 Muneo Suzuki<\/li>\n<li>Senator Tsuyoshi \u0130vamoto v\u0259 senator Kanehiko Shindo<\/li>\n<li>Senator Take\u015fi Haseqava v\u0259 senator Harumi Takaha\u015fi<\/li>\n<li>Senator To\u015fimi Funaha\u015fi v\u0259 senator Eri Tokunaga<\/li>\n<li>\u015eura \u00fczvl\u0259ri palatas\u0131n\u0131n \u00fczv\u00fc, xan\u0131m Seiko Ha\u015fimoto, N\u00fcmay\u0259nd\u0259l\u0259r Palatas\u0131n\u0131n ke\u00e7mi\u015f \u00fczv\u00fc, c\u0259nab Koi\u00e7i Vatanabe<\/li>\n<li>Hokkaydo Prefektural Assambleyas\u0131n\u0131n \u00fczv\u00fc c\u0259nab Takahiro Asano v\u0259 Hokkaydo vitse-qubernatoru c\u0259nab Shinichi Hamasaka<\/li>\n<li>Hokkaydonun vitse-qubernatoru, c\u0259nab Tsuyoshi Mitsuhashi, Hokkaydo qubernatorunun m\u00fcavini, c\u0259nab Takayuki Kano<\/li>\n<li>Toshiaki Nakajima, Hokkaydo T\u0259hsil \u015euras\u0131n\u0131n r\u0259hb\u0259ri<\/li>\n<li>Hokkaydo Regional \u0130nki\u015faf B\u00fcrosunun K\u0259nd T\u0259s\u0259rr\u00fcfat\u0131 v\u0259 Bal\u0131q\u00e7\u0131l\u0131q Departamentinin Direktoru c\u0259nab Eiji Tsuno<\/li>\n<li>C\u0259nab Kenji Motoyama, Hokkaydo Regional \u0130nki\u015faf B\u00fcrosunun Sapporo \u0130nki\u015faf v\u0259 Tikinti Departamentinin Direktor m\u00fcavini<\/li>\n<li>Hokkaydo K\u0259nd T\u0259s\u0259rr\u00fcfat\u0131 Ticar\u0259t v\u0259 S\u0259naye Palatas\u0131n\u0131n s\u0259dri c\u0259nab Masayuki Kunii<\/li>\n<li>Terukazu Odawara, Hokkaydo K\u0259nd T\u0259s\u0259rr\u00fcfat\u0131 \u0130ctimai Korporasiyas\u0131n\u0131n s\u0259dri<\/li>\n<li>C\u0259nab Hideyasu Miyamoto, Hokkaydo K\u0259nd T\u0259s\u0259rr\u00fcfat\u0131 \u0130ctimai Korporasiyas\u0131n\u0131n s\u0259dr m\u00fcavini<\/li>\n<li>Hokkaydo Torpaqlar\u0131n\u0131n Yax\u015f\u0131la\u015fd\u0131r\u0131lmas\u0131 Assosiasiyas\u0131n\u0131n s\u0259dri c\u0259nab Hiro\u015fi Kiku\u00e7i<\/li>\n<li>C\u0259nab Hiro\u015fi Kiku\u00e7i, Hokkaydo Torpaqlar\u0131n Yax\u015f\u0131la\u015fd\u0131r\u0131lmas\u0131 Assosiasiyas\u0131n\u0131n Sora\u00e7i \u015e\u00f6b\u0259sinin R\u0259hb\u0259ri<\/li>\n<li>Hokuren K\u0259nd T\u0259s\u0259rr\u00fcfat\u0131 Kooperativ Assosiasiyas\u0131n\u0131n N\u00fcmay\u0259nd\u0259 Direktoru v\u0259 S\u0259dr m\u00fcavini c\u0259nab Takafumi Ka\u015fivaqi<\/li>\n<li>Hokuren K\u0259nd T\u0259s\u0259rr\u00fcfat\u0131 Kooperativ Assosiasiyas\u0131n\u0131n N\u00fcmay\u0259nd\u0259 Direktoru v\u0259 S\u0259dr m\u00fcavini c\u0259nab Hiroyuki Ha\u015fimoto<\/li>\n<li>Kaoru Kitamura, Fukagawa Shinryu Torpaqlar\u0131n T\u0259kmill\u0259\u015fdirilm\u0259si Dair\u0259sinin s\u0259dri<\/li>\n<li>Hokkaydo \u015e\u0259h\u0259r v\u0259 K\u0259nd Assosiasiyas\u0131n\u0131n s\u0259dri c\u0259nab Takao Tanano<\/li>\n<li>Eniva \u015f\u0259h\u0259rinin meri, c\u0259nab Yutaka Harada, \u0130vamizava \u015f\u0259h\u0259rinin meri, c\u0259nab Sato\u015fi Matsuno<\/li>\n<li>Bibai \u015f\u0259h\u0259rinin meri, c\u0259nab Tsuneo Sakurai, Fukaqava \u015f\u0259h\u0259rinin meri, c\u0259nab Masayuki Tanaka<\/li>\n<li>Kuriyama \u015f\u0259h\u0259rinin meri, c\u0259nab Manabu Sasaki, Nanporo \u015f\u0259h\u0259rinin meri, c\u0259nab Teiji Osaki<\/li>\n<li>Naqanuma \u015f\u0259h\u0259rinin meri, c\u0259nab Yoshihiko Saito, \u015ein\u015finotsu k\u0259ndinin meri, c\u0259nab Takashi \u0130\u015fiba<\/li>\n<li>\u00c7ipubetsu \u015f\u0259h\u0259rinin meri, c\u0259nab Nobuhito \u015eibuya, Hokuryu \u015f\u0259h\u0259rinin meri, c\u0259nab Yasuhiro Sasaki<\/li>\n<li>C\u0259nab Yuji Horii, The Hokkaido Shimbun Press-in prezidenti v\u0259 ba\u015f direktoru<\/li>\n<li>C\u0259nab Naoyuki Urahara, Hokkaydo Torpaqlar\u0131n\u0131n T\u0259kmill\u0259\u015fdirilm\u0259si Layih\u0259si v\u0259 Texnologiyas\u0131 Assosiasiyas\u0131n\u0131n S\u0259dri v\u0259 Direktoru<\/li>\n<li>Misako Adachi, Asahikawa Filial Meneceri, All Nippon Airways Co., Ltd.<\/li>\n<li>C\u0259nab Takamori Okada, Kita-Sorachi Shinkin Bank-\u0131n filial m\u00fcdiri<\/li>\n<li>Hideo Koni\u015fi, Katsuhiro Murakami, Hiroyuki Honke, Masanori Yo\u015fida, Yosuke Yo\u015fida<\/li>\n<\/ul>\n<h2>Bayram<\/h2>\n<h4>Qida<\/h4>\n<p>\u015eam yem\u0259yin\u0259 m\u00fcxt\u0259lif sa\u015fimi, \u00e7irashi su\u015fi, ord\u00f6vrl\u0259r, mal \u0259ti biftek, qril bal\u0131q v\u0259 desert \u00fc\u00e7\u00fcn g\u00fcn\u0259baxan qarp\u0131z\u0131 daxildir.  <\/p>\n<figure class=\"wp-caption aligncenter\"><a href=\"https:\/\/photos.google.com\/share\/AF1QipOd4_ff8Ce-rFRD5VAZ5PwS1rs6HgXkenQH5GBfX2OY2028qVMKmdRUv5gqKFcZnQ\/photo\/AF1QipMt0rqeXDJ_18uTml65fJAEmvv47bWPHvuxSQc?key=UmVKM0h5ZXc5QkQzWmNJS2hvNnBqXzBsc3N2NXhn\" target=\"_blank\"><img decoding=\"async\" src=\"https:\/\/lh3.googleusercontent.com\/pw\/AP1GczNJ5OLnByW2LP9pPC7_ljTcHXs0AcKUtDPvgjz57huq9ptFM9UiRpXl8NuhkNNADjppgPPNRMpvuAmcU5CgayOsZdH8wVgDctyo5VhFJW22Y2Z6HbTt66LHqmmilEkb6Or3XEHJeFpODf6pSvVVjWMU=w2000-h1500-s-no-gm?authuser=0\" width=\"2000\" height=\"1500\" alt=\"\u00c7e\u015fidli sashimi\" class=\"size-full\" \/><\/a><figcaption class=\"wp-caption-text\">\u00c7e\u015fidli sashimi<\/figcaption><\/figure>\n<figure class=\"wp-caption aligncenter\"><a href=\"https:\/\/photos.google.com\/share\/AF1QipOd4_ff8Ce-rFRD5VAZ5PwS1rs6HgXkenQH5GBfX2OY2028qVMKmdRUv5gqKFcZnQ\/photo\/AF1QipN975K7U5B_s5qsAhBpPvAeyfSnG0Sjk53ZA-w?key=UmVKM0h5ZXc5QkQzWmNJS2hvNnBqXzBsc3N2NXhn\"><img decoding=\"async\" src=\"https:\/\/lh3.googleusercontent.com\/pw\/AP1GczPhrcMkE3yFR_VrwGypYw14bVqPONlAg-YuYfJ2xLLV2MofDOIDuS8NXc2ytPIEL9LsTJJCHyL9bmiIFfZHeWHDeH7oO8UaO4KgHSWvDcAS-wR2ZbNEAX4ksqbuLrD_oKpoLA9-ySjc6Zn1Az1Mc4FE=w2000-h1500-s-no-gm?authuser=0\" width=\"2000\" height=\"1500\" alt=\"Chirashi su\u015fi\" class=\"size-full\" \/><\/a><figcaption class=\"wp-caption-text\">Chirashi su\u015fi<\/figcaption><\/figure>\n<figure class=\"wp-caption aligncenter\"><a href=\"https:\/\/photos.google.com\/share\/AF1QipOd4_ff8Ce-rFRD5VAZ5PwS1rs6HgXkenQH5GBfX2OY2028qVMKmdRUv5gqKFcZnQ\/photo\/AF1QipM1lM8Ly956iZc7LXgZ9JUoLP3A3xwqlfGoFMQ?key=UmVKM0h5ZXc5QkQzWmNJS2hvNnBqXzBsc3N2NXhn\" target=\"_blank\"><img decoding=\"async\" src=\"https:\/\/lh3.googleusercontent.com\/pw\/AP1GczPpMp06OgpbvLD1udoM0ya07X0pek0IcAVwY5-ZfA3_xU9W7tQRM61fUiG5Ax26IbiXOnPbGM182dS_XDTmhLL6OZpoUCtsauZfZFj06SqmaejeJ9DE5iSC6mGa1oOeKoU0I6j6n6OOozrdvjGj_kJM=w2000-h1500-s-no-gm?authuser=0\" width=\"2000\" height=\"1500\" alt=\"Ord\u00f6vrl\u0259r\" class=\"size-full\" \/><\/a><figcaption class=\"wp-caption-text\">Ord\u00f6vrl\u0259r<\/figcaption><\/figure>\n<figure class=\"wp-caption aligncenter\"><a href=\"https:\/\/photos.google.com\/share\/AF1QipOd4_ff8Ce-rFRD5VAZ5PwS1rs6HgXkenQH5GBfX2OY2028qVMKmdRUv5gqKFcZnQ\/photo\/AF1QipNEeRBdSXYqZe_pKmEdhbFPdjcvStJnvI6rYP4?key=UmVKM0h5ZXc5QkQzWmNJS2hvNnBqXzBsc3N2NXhn\" target=\"_blank\"><img decoding=\"async\" src=\"https:\/\/lh3.googleusercontent.com\/pw\/AP1GczPMSg2BgZ_5sDPqbNgfNXLqZKRnGJrpY1DDJhcrcM7-bAt9mWfPzgmh-xiCEGHllqD6N0-GuEnIYMvGWF9s1-KAGbngOPKtZISXcnSbyEqEF6a66CfcEsFgKKIlKrpyP28WUVftGQ_sRoaajH6lXX0Y=w2000-h1500-s-no-gm?authuser=0\" width=\"2000\" height=\"1500\" alt=\"Mal \u0259ti biftek\" class=\"size-full\" \/><\/a><figcaption class=\"wp-caption-text\">Mal \u0259ti biftek<\/figcaption><\/figure>\n<figure class=\"wp-caption aligncenter\"><a href=\"https:\/\/photos.google.com\/share\/AF1QipOd4_ff8Ce-rFRD5VAZ5PwS1rs6HgXkenQH5GBfX2OY2028qVMKmdRUv5gqKFcZnQ\/photo\/AF1QipM1HOXBplPU2RBX7yajcbAGlh0ReHM5l5eD-sw?key=UmVKM0h5ZXc5QkQzWmNJS2hvNnBqXzBsc3N2NXhn\" target=\"_blank\"><img decoding=\"async\" src=\"https:\/\/lh3.googleusercontent.com\/pw\/AP1GczPbDht0hdjwHW2s1Wq06xgb6TgL6bzYqwiP6FllVlZcKvsQWK486ymq6eZwYdsKxqVtg6leQFxv52t-L6RjktxlyfnZDk5bpGTrO7rJ6eV3EQNaRijFSor9r9-47-TdE7AqNyqMqm1sMyNd93KgASqm=w1380-h1035-s-no-gm?authuser=0\" width=\"2000\" height=\"1500\" alt=\"Karides \u00c7ili\" class=\"size-full\" \/><\/a><figcaption class=\"wp-caption-text\">Karides \u00c7ili<\/figcaption><\/figure>\n<figure class=\"wp-caption aligncenter\"><a href=\"https:\/\/photos.google.com\/share\/AF1QipOd4_ff8Ce-rFRD5VAZ5PwS1rs6HgXkenQH5GBfX2OY2028qVMKmdRUv5gqKFcZnQ\/photo\/AF1QipOtinkRCZFH5pOo-RimojIPlHzE15U--GckxZ8?key=UmVKM0h5ZXc5QkQzWmNJS2hvNnBqXzBsc3N2NXhn\"><img decoding=\"async\" src=\"https:\/\/lh3.googleusercontent.com\/pw\/AP1GczNHVvZhoR99bNBQrTDFBpHQsLpT-QVr6YsMfkLEu4aPQhMTG7WVPp6UQk6oPd1dBSilachj80yooXIlfAHppnZbcxJYm5ydleW5IBnXIlG-WTN9Vl6yviMxzFU25hKnZdPJ9Utcoh34D_OiwMdoyT0p=w2000-h1500-s-no-gm?authuser=0\" width=\"2000\" height=\"1500\" alt=\"Bal\u0131q qril\" class=\"size-full\" \/><\/a><figcaption class=\"wp-caption-text\">Bal\u0131q qril<\/figcaption><\/figure>\n<figure class=\"wp-caption aligncenter\"><a href=\"https:\/\/photos.google.com\/share\/AF1QipOd4_ff8Ce-rFRD5VAZ5PwS1rs6HgXkenQH5GBfX2OY2028qVMKmdRUv5gqKFcZnQ\/photo\/AF1QipP3ostmpx0f4hmb1J8iTmw78Anes4i_pseKiLI?key=UmVKM0h5ZXc5QkQzWmNJS2hvNnBqXzBsc3N2NXhn\" target=\"_blank\"><img decoding=\"async\" src=\"https:\/\/lh3.googleusercontent.com\/pw\/AP1GczMjVq_LMm3EvSdz_BlslU_tD3qts-BmIX22LE801aprR6I8WlvUtsUFXYl4spwKDwnt59KpSzq8H4IWjrarGfEyhk8pQPO_KCNozq7a078velXJvl8yMozA7kXh0WfAgloyKh4x7QH9UVi3KA59oF4c=w2000-h1500-s-no-gm?authuser=0\" width=\"2000\" height=\"1500\" alt=\"Desert: G\u00fcn\u0259baxan qarp\u0131z\u0131\" class=\"size-full\" \/><\/a><figcaption class=\"wp-caption-text\">Desert: G\u00fcn\u0259baxan qarp\u0131z\u0131<\/figcaption><\/figure>\n<h3>Tost: Hokuryu \u015f\u0259h\u0259rinin f\u0259xri sakini Ryoji Kikura<\/h3>\n<figure class=\"wp-caption aligncenter\"><a href=\"https:\/\/photos.google.com\/share\/AF1QipOd4_ff8Ce-rFRD5VAZ5PwS1rs6HgXkenQH5GBfX2OY2028qVMKmdRUv5gqKFcZnQ\/photo\/AF1QipP3VgkSX8bZeEtFw0LKilK86qSiPZqNuRRVoQg?key=UmVKM0h5ZXc5QkQzWmNJS2hvNnBqXzBsc3N2NXhn\" target=\"_blank\"><img decoding=\"async\" src=\"https:\/\/lh3.googleusercontent.com\/pw\/AP1GczMiUxTOidkV6m4ec8C6wdtG2knYlt5coy1NzMKBKIIA4XOL-AM5d4Khqb6R8tm-lMKzP18iZlHLMIWhPpUslwE8D1gZwuksGd3h_poHW4XHzQxomTTZlID0uZ1hZGVqm3k0t8gQSOluY-T3KqIPs4zV=w2000-h1333-s-no-gm?authuser=0\" width=\"2000\" height=\"1333\" alt=\"Tost: C\u0259nab Ryoji Kikura, Hokuryu \u015f\u0259h\u0259rinin f\u0259xri v\u0259t\u0259nda\u015f\u0131\" class=\"size-full\" \/><\/a><figcaption class=\"wp-caption-text\">Tost: C\u0259nab Ryoji Kikura, Hokuryu \u015f\u0259h\u0259rinin f\u0259xri v\u0259t\u0259nda\u015f\u0131<\/figcaption><\/figure>\n<p>&quot;C\u0259nab v\u0259 xan\u0131m Sanonu bu m\u00fckafata layiq g\u00f6r\u00fclm\u0259l\u0259ri m\u00fcnasib\u0259til\u0259 t\u0259brik edir\u0259m. M\u0259nc\u0259, Tomoko v\u0259 c\u0259nab Sano sa\u011flam v\u0259 aktiv olduqlar\u0131 halda onlar\u0131 p\u0259rd\u0259 arxas\u0131nda d\u0259st\u0259kl\u0259m\u0259k sizin \u00fc\u00e7\u00fcn \u00e7\u0259tin olub. F\u00fcrs\u0259td\u0259n istifad\u0259 ed\u0259r\u0259k siz\u0259 t\u0259\u015f\u0259kk\u00fcr\u00fcm\u00fc bildirm\u0259k ist\u0259yir\u0259m.<\/p>\n<p>C\u0259nab Naqa\u015fima r\u0259hm\u0259t\u0259 ged\u0259nd\u0259 arxas\u0131nda \u201cXatir\u0259l\u0259r rekordlardan yax\u015f\u0131d\u0131r\u201d s\u00f6zl\u0259rini qoyub. C\u0259nab Morid\u0259n b\u0259ri b\u0259l\u0259diyy\u0259 ba\u015f\u00e7\u0131lar\u0131n\u0131n qay\u011f\u0131s\u0131na qalm\u0131\u015fam, lakin m\u0259nim yadda\u015f\u0131mda qalanlardan biri d\u0259 c\u0259nab Yutaka Sanodur. C\u0259nab Sano m\u00fcxt\u0259lif m\u0259clisl\u0259ri qar\u015f\u0131layanda h\u0259mi\u015f\u0259 deyirdi: &quot;Hokuryu q\u0259s\u0259b\u0259si g\u00fcn\u0259\u015fi \u00f6z\u00fcn\u0259 m\u00fctt\u0259fiq etmi\u015f bir \u015f\u0259h\u0259rdir. Biz g\u00fcn\u0259baxanlar\u0131 v\u0259 s\u0259l\u0259fl\u0259rimizin b\u00f6y\u00fck z\u0259hm\u0259tl\u0259 qurduqlar\u0131n\u0131 \u0259ziz tutaca\u011f\u0131q&quot;. Bu c\u00fcr hissl\u0259r ya\u015famad\u0131qca \u00e7\u0131xmas\u0131 \u00e7\u0259tin olan s\u00f6zl\u0259rdir.<\/p>\n<p>X\u00fcsusil\u0259 c\u0259nab Sanoya \u00f6z s\u0259l\u0259fl\u0259rin\u0259 minn\u0259tdarl\u0131\u011f\u0131n\u0131 bildir\u0259rk\u0259n \u201c\u0130stehsal\u00e7\u0131-\u0130stehlak\u00e7\u0131 T\u0259r\u0259fda\u015fl\u0131\u011f\u0131: H\u0259yat K\u00f6rp\u00fcs\u00fc\u201d v\u0259 \u201c\u0130stehlak\u00e7\u0131-\u0130stehsal\u00e7\u0131 T\u0259r\u0259fda\u015fl\u0131\u011f\u0131: H\u0259yat Ba\u011f\u0131\u201dn\u0131 d\u0259y\u0259rl\u0259ndirdiyin\u0259 g\u00f6r\u0259 t\u0259\u015f\u0259kk\u00fcr\u00fcm\u00fc bildirm\u0259k ist\u0259yir\u0259m. H\u0259r rayonun n\u00fcmay\u0259nd\u0259 direktorlar\u0131 il\u0259 birlikd\u0259 B\u0259l\u0259diyy\u0259 Ba\u015f\u00e7\u0131s\u0131 Sano, Hokuryunun d\u0259y\u0259rini \u00e7atd\u0131rmaq \u00fc\u00e7\u00fcn s\u00fcd\u00e7\u00fcl\u00fck v\u0259 tarla bitkil\u0259rinin norma hesab olundu\u011fu \u015f\u0259rq Hokkaydodan Tokio, Osaka, Naqoya, Kyushu, Okinava v\u0259 Tayvana s\u0259f\u0259r etdi. D\u00fc\u015f\u00fcn\u00fcr\u0259m ki, bu, b\u0259l\u0259diyy\u0259 s\u0259dri kimi m\u0259nim \u00fc\u00e7\u00fcn \u0259n vacib elementdir.<\/p>\n<p>B\u0259l\u0259diyy\u0259 s\u0259dri Morimoto 28 il \u0259rzind\u0259 yeddi m\u00fcdd\u0259t b\u0259l\u0259diyy\u0259 s\u0259dri v\u0259zif\u0259sind\u0259 \u00e7al\u0131\u015fmaqla yadda qal\u0131b. \u0130kincisi, o, Qoto Sanoha\u00e7i v\u0259 Matsuvara Sakuzonun xahi\u015fi il\u0259 Hokuryu q\u0259s\u0259b\u0259sind\u0259 b\u0259nd tikdi. \u0130kincisi, xiz\u0259k kurortunu inki\u015faf etdirm\u0259k planlar\u0131ndan imtina etdi. \u018fg\u0259r o vaxt bu plan h\u0259yata ke\u00e7irils\u0259ydi, Hokuryu q\u0259s\u0259b\u0259si bu g\u00fcn m\u00f6vcud olmazd\u0131. \u00dc\u00e7\u00fcnc\u00fcs\u00fc, 36 il \u0259vv\u0259l k\u0259nd t\u0259s\u0259rr\u00fcfat\u0131 kooperativi, k\u0259nd t\u0259s\u0259rr\u00fcfat\u0131 komit\u0259si, Hokuryu q\u0259s\u0259b\u0259si v\u0259 torpaqlar\u0131n abadla\u015fd\u0131r\u0131lmas\u0131 rayonu bir araya g\u0259ldi v\u0259 B\u0259l\u0259diyy\u0259 Ba\u015f\u00e7\u0131s\u0131 Morimoto \u00f6z\u00fc Hokuryu q\u0259s\u0259b\u0259sini &quot;v\u0259t\u0259nda\u015flar\u0131n\u0131n h\u0259yat\u0131n\u0131 v\u0259 sa\u011flaml\u0131\u011f\u0131n\u0131 qorumaq \u00fc\u00e7\u00fcn t\u0259hl\u00fck\u0259siz qida istehsal\u0131 elan ed\u0259n bir \u015f\u0259h\u0259r&quot; elan etdi. \u00d6lk\u0259nin he\u00e7 bir \u015f\u0259h\u0259ri bel\u0259 bir b\u0259yanatla \u00e7\u0131x\u0131\u015f etm\u0259yib.<\/p>\n<p>C\u0259nab Sano h\u0259mi\u015f\u0259 bu \u0259cdadlar\u0131n ruhunu v\u0259 H\u00f6k\u00fcr\u00fcy\u00fcn\u00fcn q\u00fcrurunu m\u00fcmk\u00fcn q\u0259d\u0259r \u00e7ox insana \u00e7atd\u0131rmaq arzusunda olub. M\u0259n\u0259 y\u00fczl\u0259rl\u0259 c\u0259nab Qoto Mitsuoha\u00e7inin s\u00f6zl\u0259ri \u00f6yr\u0259dilib: \u201cVacib v\u0259zif\u0259l\u0259rd\u0259 n\u0259 status, n\u0259 \u015f\u0259r\u0259f, n\u0259 d\u0259 pul axtarmay\u0131n\u201d. \u018fmin\u0259m ki, c\u0259nab Sano m\u0259nim yadda\u015f\u0131mda \u0259sl lider kimi \u0259b\u0259di olaraq qalacaqd\u0131r. C\u0259nab Sano h\u0259l\u0259 g\u0259ncdir, ona g\u00f6r\u0259 d\u0259 ist\u0259rdim ki, o, bu hissi m\u00fcmk\u00fcn q\u0259d\u0259r \u00e7ox \u015f\u0259h\u0259r \u0259halisin\u0259 \u00e7atd\u0131rs\u0131n.<\/p>\n<p>C\u0259nab v\u0259 xan\u0131m Sanonu t\u0259brik edirik! Sa\u011folun!!!&quot; dey\u0259 c\u0259nab Kikura dedi.<\/p>\n<figure class=\"wp-caption aligncenter\"><a href=\"https:\/\/photos.google.com\/share\/AF1QipOd4_ff8Ce-rFRD5VAZ5PwS1rs6HgXkenQH5GBfX2OY2028qVMKmdRUv5gqKFcZnQ\/photo\/AF1QipNLI5RJia30GxzB7UVsXLiV0TWXPz6WJa8N3sI?key=UmVKM0h5ZXc5QkQzWmNJS2hvNnBqXzBsc3N2NXhn\" target=\"_blank\"><img decoding=\"async\" src=\"https:\/\/lh3.googleusercontent.com\/pw\/AP1GczPxoO4Njg8-pD1e_HTL9S0_I8eZQNB3hPrs4U05kGCf3q61p8HrTy9PMjmfzTb1h-K1zqjRQnagQ8EYxyZLROdtJvlB8s-7iRWbOxo7_VTbCbntrglF7WyZGFAM5r2liHVxAnAnQFWWwyVaq_pGSIYl=w2000-h1333-s-no-gm?authuser=0\" width=\"2000\" height=\"1333\" alt=\"C\u0259nab v\u0259 xan\u0131m Sano Yutakan\u0131 t\u0259brik edirik! Sa\u011fol!!!\" class=\"size-full\" \/><\/a><figcaption class=\"wp-caption-text\">C\u0259nab v\u0259 xan\u0131m Sano Yutakan\u0131 t\u0259brik edirik! Sa\u011fol!!!<\/figcaption><\/figure>\n<h3>\u015e\u0259nlik<\/h3>\n<p>T\u0259dbir boyu mehriban ab-hava il\u0259 doldu, i\u015ftirak\u00e7\u0131lar t\u0259b\u0259ss\u00fcml\u0259 v\u0259 canl\u0131 s\u00f6hb\u0259t\u0259 ba\u015flad\u0131lar, \u00e7\u00fcnki onlar c\u0259nab Sanonu m\u00fckafat\u0131 almas\u0131 m\u00fcnasib\u0259til\u0259 \u00fcr\u0259kd\u0259n t\u0259brik etdil\u0259r.    <\/p>\n<figure class=\"wp-caption aligncenter\"><a href=\"https:\/\/photos.google.com\/share\/AF1QipOd4_ff8Ce-rFRD5VAZ5PwS1rs6HgXkenQH5GBfX2OY2028qVMKmdRUv5gqKFcZnQ\/photo\/AF1QipPUiflaGAwWWPeSoDLmjEiofKuRySrdGgyHSrE?key=UmVKM0h5ZXc5QkQzWmNJS2hvNnBqXzBsc3N2NXhn\" target=\"_blank\"><img decoding=\"async\" src=\"https:\/\/lh3.googleusercontent.com\/pw\/AP1GczPz-Nt3OZLabQZJXS0_VSABew_7gyiBPA9XWwmo-t1BU-mW19bzEN-9jqlWBOtZIlnEGxL_98ug4KvdIYsvj30JWnHpSh-HtnDg9ZMzrye8EwASv2AH1qxq-QLc-tkPNuTPLBfGvg6UDNyAy-Yzg2yW=w2000-h1500-s-no-gm?authuser=0\" width=\"2000\" height=\"1500\" alt=\"\u00c7ox u\u011furlu ziyaf\u0259t\" class=\"size-full\" \/><\/a><figcaption class=\"wp-caption-text\">\u00c7ox u\u011furlu ziyaf\u0259t<\/figcaption><\/figure>\n<figure class=\"wp-caption aligncenter\"><a href=\"https:\/\/photos.google.com\/share\/AF1QipOd4_ff8Ce-rFRD5VAZ5PwS1rs6HgXkenQH5GBfX2OY2028qVMKmdRUv5gqKFcZnQ\/photo\/AF1QipPzcilo5CBj_i60izr-WxUSE7UYzGwixN0uYMU?key=UmVKM0h5ZXc5QkQzWmNJS2hvNnBqXzBsc3N2NXhn\" target=\"_blank\"><img decoding=\"async\" src=\"https:\/\/lh3.googleusercontent.com\/pw\/AP1GczN1Zb3DPk9xaPKcCDNpoY-TDuI92zv1BgunvoUIyJ6PgjDvL3UqmLkw7O_g7BGQbepkFBx5INJreoiuJVE8BtlsxrFzf3K36cMMTEBlfVoxwxuwqWjkLeiNt6m_Czwcc5PFZWqhFGrMFsn2c1czA5T2=w2000-h1500-s-no-gm?authuser=0\" width=\"2000\" height=\"1500\" alt=\"Harmonik atmosfer\" class=\"size-full\" \/><\/a><figcaption class=\"wp-caption-text\">Harmonik atmosfer<\/figcaption><\/figure>\n<figure class=\"wp-caption aligncenter\"><a href=\"https:\/\/photos.google.com\/share\/AF1QipOd4_ff8Ce-rFRD5VAZ5PwS1rs6HgXkenQH5GBfX2OY2028qVMKmdRUv5gqKFcZnQ\/photo\/AF1QipMALSQUDcOCdD_-1ygt0C6rkAfdq2JoRb4QkaU?key=UmVKM0h5ZXc5QkQzWmNJS2hvNnBqXzBsc3N2NXhn\" target=\"_blank\"><img decoding=\"async\" src=\"https:\/\/lh3.googleusercontent.com\/pw\/AP1GczP1SRm0tTvDWyxdvDZhFBFlomVYR-A-N38Q1pic95CSfLeIG2UByqI1Xq6RFeBBM09l7TWamv5dZltFbeWDxKc4QkvHR5xdZt1chfJNn2p_CTB5hNxUAxpnPih41JnskxwGBf8LSgFYBxMKKrDiX8XI=w2000-h1500-s-no-gm?authuser=0\" width=\"2000\" height=\"1500\" alt=\"S\u00fclh yolu il\u0259\" class=\"size-full\" \/><\/a><figcaption class=\"wp-caption-text\">S\u00fclh yolu il\u0259<\/figcaption><\/figure>\n<figure class=\"wp-caption aligncenter\"><a href=\"https:\/\/photos.google.com\/share\/AF1QipOd4_ff8Ce-rFRD5VAZ5PwS1rs6HgXkenQH5GBfX2OY2028qVMKmdRUv5gqKFcZnQ\/photo\/AF1QipP8q7g7ipvm9h7e4d51XglO0g1NnEq0oTf4BrQ?key=UmVKM0h5ZXc5QkQzWmNJS2hvNnBqXzBsc3N2NXhn\" target=\"_blank\"><img decoding=\"async\" src=\"https:\/\/lh3.googleusercontent.com\/pw\/AP1GczPElKe1Wh06mHwZAb-CIMfVMXvDjzKw5z24WTGQaFXrInMp8BcTZ61Sdg6_h-1c_SugAJ9ayZO6lnyDkWv6B61kKwuVFkYQ3fZFUy83lhEYu0PgH5BK1OAI3z7V-foSx7tP3xPqEbiGWk2gUYqpgVIy=w2000-h1500-s-no-gm?authuser=0\" width=\"2000\" height=\"1500\" alt=\"Bir t\u0259b\u0259ss\u00fcm yay\u0131l\u0131r\" class=\"size-full\" \/><\/a><figcaption class=\"wp-caption-text\">Bir t\u0259b\u0259ss\u00fcm yay\u0131l\u0131r<\/figcaption><\/figure>\n<figure class=\"wp-caption aligncenter\"><a href=\"https:\/\/photos.google.com\/share\/AF1QipOd4_ff8Ce-rFRD5VAZ5PwS1rs6HgXkenQH5GBfX2OY2028qVMKmdRUv5gqKFcZnQ\/photo\/AF1QipPhysd7ucGPxqEEbNLOFjJDbVsL0o4dltGJUPs?key=UmVKM0h5ZXc5QkQzWmNJS2hvNnBqXzBsc3N2NXhn\" target=\"_blank\"><img decoding=\"async\" src=\"https:\/\/lh3.googleusercontent.com\/pw\/AP1GczM0pTquUs2T4XU4jg9fGfeH9gbdJq0Wa9CBzWJQ-WzkJq60YDewhmXgtml4fm1fdrwsOK7SXOneVWPYxZ8Ko0Kioo96WfJ7lsku1giBV5OJBKTn27ZavDfLn2e0J7VK3pYQ7jUb-ZaOozOJnuezTeKp=w2000-h1500-s-no-gm?authuser=0\" width=\"2000\" height=\"1500\" alt=\"S\u00f6hb\u0259t canl\u0131 ke\u00e7di\" class=\"size-full\" \/><\/a><figcaption class=\"wp-caption-text\">S\u00f6hb\u0259t canl\u0131 ke\u00e7di<\/figcaption><\/figure>\n<figure class=\"wp-caption aligncenter\"><a href=\"https:\/\/photos.google.com\/share\/AF1QipOd4_ff8Ce-rFRD5VAZ5PwS1rs6HgXkenQH5GBfX2OY2028qVMKmdRUv5gqKFcZnQ\/photo\/AF1QipNS_-E4LCSkszZIVMRCFTbz6eY3kk5Yh2K9naE?key=UmVKM0h5ZXc5QkQzWmNJS2hvNnBqXzBsc3N2NXhn\" target=\"_blank\"><img decoding=\"async\" src=\"https:\/\/lh3.googleusercontent.com\/pw\/AP1GczORtgOG-falIJfPQKOIBZEbk69cuVWqEBNePJLjfHT5ot8pg17pVJS1xCDFH_uNFNpaF_TSXeccn7ct2h_W4Qf6Oc5bSxXAcnKGmDiEBH0_nI4jzwydRGEBVdjS63pHEg9lBlnGz-gayinJp_dADiV0=w2000-h1500-s-no-gm?authuser=0\" width=\"2000\" height=\"1500\" alt=\"Sakit m\u00fcbadil\u0259nin ortas\u0131nda...\" class=\"size-full\" \/><\/a><figcaption class=\"wp-caption-text\">Sakit m\u00fcbadil\u0259nin ortas\u0131nda...<\/figcaption><\/figure>\n<figure class=\"wp-caption aligncenter\"><a href=\"https:\/\/photos.google.com\/share\/AF1QipOd4_ff8Ce-rFRD5VAZ5PwS1rs6HgXkenQH5GBfX2OY2028qVMKmdRUv5gqKFcZnQ\/photo\/AF1QipPdKI9pspDX8CGzbtVc4SsLQA2nXFvmyoHB7AY?key=UmVKM0h5ZXc5QkQzWmNJS2hvNnBqXzBsc3N2NXhn\" target=\"_blank\"><img decoding=\"async\" src=\"https:\/\/lh3.googleusercontent.com\/pw\/AP1GczN0Cthu5uqAn6ZQFR9yEIV24vYa-KRSZIj4uIpgHRcjVONxRZ-6aO7tOj6O8KOCSOLwJHNbC9hiCaXse1T4Vb_lQKcDTnfE1C4JpyhmY4Pgzi_Mmm0kT8kZsJg6iRH317XIw7VgevYnbPR3PV4Avs4_=w2000-h1500-s-no-gm?authuser=0\" width=\"2000\" height=\"1500\" alt=\"G\u00fcl\u00fc\u015fl\u0259r boldur...\" class=\"size-full\" \/><\/a><figcaption class=\"wp-caption-text\">G\u00fcl\u00fc\u015fl\u0259r boldur...<\/figcaption><\/figure>\n<figure class=\"wp-caption aligncenter\"><a href=\"https:\/\/photos.google.com\/share\/AF1QipOd4_ff8Ce-rFRD5VAZ5PwS1rs6HgXkenQH5GBfX2OY2028qVMKmdRUv5gqKFcZnQ\/photo\/AF1QipM8tCJBcn3t2KgtLiQ1NqC16-DDVX0cdURc8Lw?key=UmVKM0h5ZXc5QkQzWmNJS2hvNnBqXzBsc3N2NXhn\" target=\"_blank\"><img decoding=\"async\" src=\"https:\/\/lh3.googleusercontent.com\/pw\/AP1GczP0IVbAZi8S-ZyO7uNada4gFnCXQ8Dz-E2wEqam67xSYcCFZNvXx4yxuRW6pFD8vHkuKeZOBmaSYRRf-Ui2UOyhg1nFHcalfAaTSV9L8It3VSrJcpv5kA_jT_7jWjz2onmMZcwVu9Axo76gb0jRdOl6=w2000-h1500-s-no-gm?authuser=0\" width=\"2000\" height=\"1500\" alt=\"Minn\u0259tdarl\u0131qla!\" class=\"size-full\" \/><\/a><figcaption class=\"wp-caption-text\">Minn\u0259tdarl\u0131qla!<\/figcaption><\/figure>\n<figure class=\"wp-caption aligncenter\"><a href=\"https:\/\/photos.google.com\/share\/AF1QipOd4_ff8Ce-rFRD5VAZ5PwS1rs6HgXkenQH5GBfX2OY2028qVMKmdRUv5gqKFcZnQ\/photo\/AF1QipPykDw4V6MmFzmVWAZV0xW5-Iu5IXVo-zqjyXE?key=UmVKM0h5ZXc5QkQzWmNJS2hvNnBqXzBsc3N2NXhn\" target=\"_blank\"><img decoding=\"async\" src=\"https:\/\/lh3.googleusercontent.com\/pw\/AP1GczO6nJ5QY3OTWVODf_P-7MVbvJVs_KVHRqMxUb5e9vanPTrDuxx3wf2Q4MzwKX5FpBFe4pQjOYRrrkjkFLLCU95m4QMKXeMa40dPeOTabP-obxHXA4zyKSSIdcl0P6cWbVJjjRo_ZxBjyOCI7FWP3XUT=w2000-h1500-s-no-gm?authuser=0\" width=\"2000\" height=\"1500\" alt=\"Ail\u0259 bir yer\u0259 topla\u015fd\u0131...\" class=\"size-full\" \/><\/a><figcaption class=\"wp-caption-text\">Ail\u0259 bir yer\u0259 topla\u015fd\u0131...<\/figcaption><\/figure>\n<figure class=\"wp-caption aligncenter\"><a href=\"https:\/\/photos.google.com\/share\/AF1QipOd4_ff8Ce-rFRD5VAZ5PwS1rs6HgXkenQH5GBfX2OY2028qVMKmdRUv5gqKFcZnQ\/photo\/AF1QipML6swdLVOIsuCC8sV0sOYCdXw57RLIWXm2Rbo?key=UmVKM0h5ZXc5QkQzWmNJS2hvNnBqXzBsc3N2NXhn\" target=\"_blank\"><img decoding=\"async\" src=\"https:\/\/lh3.googleusercontent.com\/pw\/AP1GczMGKLVckYej21ScaYEAau4F7Wiu4eqeXlXQHSNihGUmMeXqF1M7vzdrGHGO34rc_nmsI0W7SIcAqN29Nkz5ZXwdajUjAH-npe5-NliVbO3FjB9ICPKGkedNeY6IGdo6nYtDpgjjLgbAwjV5y339Zl_Y=w2000-h1500-s-no-gm?authuser=0\" width=\"2000\" height=\"1500\" alt=\"B\u00fct\u00fcn b\u0259l\u0259diyy\u0259 i\u015f\u00e7il\u0259ri\" class=\"size-full\" \/><\/a><figcaption class=\"wp-caption-text\">B\u00fct\u00fcn b\u0259l\u0259diyy\u0259 i\u015f\u00e7il\u0259ri<\/figcaption><\/figure>\n<h3>\u00dc\u00e7 alq\u0131\u015f: Junichi Fukase, Hokuryu Torpaq Yax\u015f\u0131la\u015fd\u0131rma Dair\u0259sinin s\u0259dri<\/h3>\n<figure class=\"wp-caption aligncenter\"><a href=\"https:\/\/photos.google.com\/share\/AF1QipOd4_ff8Ce-rFRD5VAZ5PwS1rs6HgXkenQH5GBfX2OY2028qVMKmdRUv5gqKFcZnQ\/photo\/AF1QipMC96WqdkV_oeF4IN9RQQVCaS-l3mAL6JYnhis?key=UmVKM0h5ZXc5QkQzWmNJS2hvNnBqXzBsc3N2NXhn\" target=\"_blank\"><img decoding=\"async\" src=\"https:\/\/lh3.googleusercontent.com\/pw\/AP1GczP3YuxTtfccVsXORkNAJIwXU573Dt30q_n9OW_PDFdA-Fn8Hf1CtRvmV6GZfTpbVrOCDfa4PDFvTzcvwyfjULKpoXSV-TPDYR9xsjgjwcyJE-0c1Pr2pQqf9zlaIFco55iErN4jn0wlT-W_VBG0I8Ng=w2000-h1125-s-no-gm?authuser=0\" width=\"2000\" height=\"1125\" alt=\"\u00dc\u00e7 alq\u0131\u015f: Junichi Fukase, Hokuryu Torpaq Yax\u015f\u0131la\u015fd\u0131rma Dair\u0259sinin s\u0259dri\" class=\"size-full\" \/><\/a><figcaption class=\"wp-caption-text\">\u00dc\u00e7 alq\u0131\u015f: Junichi Fukase, Hokuryu Torpaq Yax\u015f\u0131la\u015fd\u0131rma Dair\u0259sinin s\u0259dri<\/figcaption><\/figure>\n<p>&quot;B\u0259l\u0259diyy\u0259 meri Sano m\u0259ni h\u0259mi\u015f\u0259 &quot;Cun-\u00e7an, Jun-\u00e7an&quot; adland\u0131r\u0131rd\u0131 v\u0259 m\u0259n onun mehribanl\u0131\u011f\u0131na g\u00f6r\u0259 \u00e7ox minn\u0259tdar idim. X\u00fcsusi olan t\u0259k m\u0259n oldu\u011fumu d\u00fc\u015f\u00fcn\u00fcrd\u00fcm, amma mer Sasakinin s\u00f6zl\u0259rini \u0259vv\u0259ll\u0259r e\u015fitdikd\u0259n sonra onun ham\u0131n\u0131 \u00f6z ad\u0131 il\u0259 \u00e7a\u011f\u0131rd\u0131\u011f\u0131n\u0131 e\u015fitdim v\u0259 bir az m\u0259yus oldum (g\u00fcl\u00fcr).<\/p>\n<p>Bizi \u0259n \u00e7ox sevindir\u0259c\u0259k \u015fey, c\u0259nab Sanonun sevdiyi i\u015fl\u0259 m\u0259\u015f\u011ful ola bilm\u0259si v\u0259 h\u0259yat\u0131n\u0131n qalan hiss\u0259sind\u0259n h\u0259zz almas\u0131d\u0131r. Biz h\u0259qiq\u0259t\u0259n onun z\u00f6vq almas\u0131n\u0131 ist\u0259yirik v\u0259 \u00fcmid edirik ki, h\u0259yat yolda\u015f\u0131 da h\u0259r c\u00fcr i\u015fl\u0259rd\u0259n h\u0259zz alacaq.<\/p>\n<p>T\u0259dbiri \u00fc\u00e7 alq\u0131\u015fla bitirm\u0259k ist\u0259rdim: &quot;Ura! Ura! Ura!&quot;, Sano ail\u0259sinin davaml\u0131 firavanl\u0131\u011f\u0131 v\u0259 b\u00fct\u00fcn i\u015ftirak\u00e7\u0131lar \u00fc\u00e7\u00fcn xo\u015fb\u0259xtlik \u00fc\u00e7\u00fcn dua ed\u0259r\u0259k.<\/p>\n<figure class=\"wp-caption aligncenter\"><a href=\"https:\/\/photos.google.com\/share\/AF1QipOd4_ff8Ce-rFRD5VAZ5PwS1rs6HgXkenQH5GBfX2OY2028qVMKmdRUv5gqKFcZnQ\/photo\/AF1QipMpupNt4VXmkMvzmBeLZsZbq3vtz5tX7cztsxU?key=UmVKM0h5ZXc5QkQzWmNJS2hvNnBqXzBsc3N2NXhn\" target=\"_blank\"><img decoding=\"async\" src=\"https:\/\/lh3.googleusercontent.com\/pw\/AP1GczMTGwyDtI62xWd_W1n0Rh5mBpSiaRHX77ThzoY1nCR6ZrPiT4jT80avL6mvmhMM0FMWL_DxMnOE-Orm8mKHYWGovCjxw6lxfdwhps7rqm1oWdKh0VxD08pg9sdNhTjdeb0vKiMNWkVB0PcCgq6XKnWq=w2000-h1125-s-no-gm?authuser=0\" width=\"2000\" height=\"1125\" alt=\"\u00dc\u00e7 alq\u0131\u015f!!!\" class=\"size-full\" \/><\/a><figcaption class=\"wp-caption-text\">\u00dc\u00e7 alq\u0131\u015f!!!<\/figcaption><\/figure>\n<figure class=\"wp-caption aligncenter\"><a href=\"https:\/\/photos.google.com\/share\/AF1QipOd4_ff8Ce-rFRD5VAZ5PwS1rs6HgXkenQH5GBfX2OY2028qVMKmdRUv5gqKFcZnQ\/photo\/AF1QipPhzcN9gmTlCjhaiFMwMW8M8ny45de5o4vyiXI?key=UmVKM0h5ZXc5QkQzWmNJS2hvNnBqXzBsc3N2NXhn\" target=\"_blank\"><img decoding=\"async\" src=\"https:\/\/lh3.googleusercontent.com\/pw\/AP1GczMhs6d2kehG_uDK7ke7nNFmoURUVW1nHuV7yTYxrQTShkJn_niaEZBIw_Shn-uENf2ajXw5VhRsnrHclI06asvdXqiZEvvp9Ug-nEOQbrmlczZ5cItUfJu-zCMp7R_ynRPvBCHFZNkF9tE0m7ECCKWj=w2000-h1125-s-no-gm?authuser=0\" width=\"2000\" height=\"1125\" alt=\"H\u0259yatdan h\u0259zz al\u0131n!\" class=\"size-full\" \/><\/a><figcaption class=\"wp-caption-text\">H\u0259yatdan h\u0259zz al\u0131n!<\/figcaption><\/figure>\n<h2>\u018flvida v\u0259 ba\u011flan\u0131\u015f<\/h2>\n<p>Bayram\u0131n sonunda c\u0259nab v\u0259 xan\u0131m Sano h\u0259r bir i\u015ftirak\u00e7\u0131n\u0131 yola sald\u0131lar v\u0259 onlara \u00f6z minn\u0259tdarl\u0131qlar\u0131n\u0131 bildirdil\u0259r.    <\/p>\n<figure class=\"wp-caption aligncenter\"><a href=\"https:\/\/photos.google.com\/share\/AF1QipOd4_ff8Ce-rFRD5VAZ5PwS1rs6HgXkenQH5GBfX2OY2028qVMKmdRUv5gqKFcZnQ\/photo\/AF1QipNUF6aJ9Cfd2dHZcU4lE7V-RTSfRYTLyNbF0Rc?key=UmVKM0h5ZXc5QkQzWmNJS2hvNnBqXzBsc3N2NXhn\" target=\"_blank\"><img decoding=\"async\" src=\"https:\/\/lh3.googleusercontent.com\/pw\/AP1GczN0aGorAlsCAH6_-i5BgPT0OjaQz43hpU_ZZm4qVb76wX5eMtTY2vuaSeDCaklW12NkJFbFPE27Qk0afnvry1_9D0hlfduDk0obeQn1zXrx45ZrkZuk87KGBb4XRhq_wlvNe_06Z9TKOu-54y19wJZH=w2000-h1125-s-no-gm?authuser=0\" width=\"2000\" height=\"1125\" alt=\"\u00c7ox minn\u0259tdarl\u0131qla...\" class=\"size-full\" \/><\/a><figcaption class=\"wp-caption-text\">\u00c7ox minn\u0259tdarl\u0131qla...<\/figcaption><\/figure>\n<figure class=\"wp-caption aligncenter\"><a href=\"https:\/\/photos.google.com\/share\/AF1QipOd4_ff8Ce-rFRD5VAZ5PwS1rs6HgXkenQH5GBfX2OY2028qVMKmdRUv5gqKFcZnQ\/photo\/AF1QipMx5le_f3D6VVPT-SLBaH6FGTezIuxvkSLTO8U?key=UmVKM0h5ZXc5QkQzWmNJS2hvNnBqXzBsc3N2NXhn\" target=\"_blank\"><img decoding=\"async\" src=\"https:\/\/lh3.googleusercontent.com\/pw\/AP1GczP9LS0Vg-mePLh5741PTveZZfRkdNQRHSIe8sUof-NN4cLoUQBNe-pvftjFJY5icDJ2b5y_JYOHG0gf5HRlkP84Xn3LdC2RDG-Oo0ljhQiKU0kKUK94a7ljZX_ZDmAynPwKGNReXP79vs7BNQBZe4N7=w2000-h1125-s-no-gm?authuser=0\" width=\"2000\" height=\"1125\" alt=\"\u018flvida salamlar\" class=\"size-full\" \/><\/a><figcaption class=\"wp-caption-text\">\u018flvida salamlar<\/figcaption><\/figure>\n<figure class=\"wp-caption aligncenter\"><a href=\"https:\/\/photos.google.com\/share\/AF1QipOd4_ff8Ce-rFRD5VAZ5PwS1rs6HgXkenQH5GBfX2OY2028qVMKmdRUv5gqKFcZnQ\/photo\/AF1QipM8IRK970Rp0N0TyKV8Iog-iZ_AsGgumExSnNg?key=UmVKM0h5ZXc5QkQzWmNJS2hvNnBqXzBsc3N2NXhn\" target=\"_blank\"><img decoding=\"async\" src=\"https:\/\/lh3.googleusercontent.com\/pw\/AP1GczPIpHCm2HJZTU2ytWo9xb7zPH3kjlM57_iKYtq8semvo1VLgntGgmY8PeVOkm5qqd4-K4HKC4Yl0UNku-GQnfzx70Hdrmb0vws_It07v1ncsFZbJvOoKc5HpYy5WFZtefQoWkzBMP7PQmkSBOpxpKPh=w2000-h1500-s-no-gm?authuser=0\" width=\"2000\" height=\"1500\" alt=\"B\u00fct\u00fcn q\u0259lbiml\u0259...\" class=\"size-full\" \/><\/a><figcaption class=\"wp-caption-text\">B\u00fct\u00fcn q\u0259lbiml\u0259...<\/figcaption><\/figure>\n<p>Bu, \u018flah\u0259zr\u0259t \u0130mperator t\u0259r\u0259find\u0259n onun \u00e7oxillik g\u00f6rk\u0259mli nailiyy\u0259tl\u0259rin\u0259 v\u0259 t\u00f6hf\u0259l\u0259rin\u0259 g\u00f6r\u0259 verilmi\u015f \u015f\u0259r\u0259fli medald\u0131r!<br \/>\nSonsuz h\u00f6rm\u0259t, minn\u0259tdarl\u0131q v\u0259 dualarla Yutaka v\u0259 Tomoko Sanonu \u015fanl\u0131 v\u0259 \u015f\u0259r\u0259fli Do\u011fan G\u00fcn\u0259\u015f, Q\u0131z\u0131l v\u0259 G\u00fcm\u00fc\u015f \u015f\u00fcalar ordenini almalar\u0131 m\u00fcnasib\u0259til\u0259 t\u0259brik edirik.<\/p>\n<figure class=\"wp-caption aligncenter\"><a href=\"https:\/\/photos.google.com\/share\/AF1QipOd4_ff8Ce-rFRD5VAZ5PwS1rs6HgXkenQH5GBfX2OY2028qVMKmdRUv5gqKFcZnQ\/photo\/AF1QipMEhp3pjRt5WAQbqGrWHFEZEPzBvI2ZW2CwkVg?key=UmVKM0h5ZXc5QkQzWmNJS2hvNnBqXzBsc3N2NXhn\" target=\"_blank\"><img decoding=\"async\" src=\"https:\/\/lh3.googleusercontent.com\/pw\/AP1GczN52iOPGhSUbEbav8YGv7FOOJqksIFDgLGGv4ZewK6WnL_mhnX0cS0EqN5q4CzQnlBGimw0UtkSxVPylVbuXfyZ42tPi76pr0NUWWo_QNX7sf_kYHkP1HxhfUcHoFrHtBKvQXO5n78aXeDpyofRtyaQ=w2000-h1500-s-no-gm?authuser=0\" width=\"2000\" height=\"1500\" alt=\"Xatir\u0259 h\u0259diyy\u0259l\u0259ri\" class=\"size-full\" \/><\/a><figcaption class=\"wp-caption-text\">Xatir\u0259 h\u0259diyy\u0259l\u0259ri<\/figcaption><\/figure>\n<figure class=\"wp-caption aligncenter\"><a href=\"https:\/\/photos.google.com\/share\/AF1QipOd4_ff8Ce-rFRD5VAZ5PwS1rs6HgXkenQH5GBfX2OY2028qVMKmdRUv5gqKFcZnQ\/photo\/AF1QipP-QjhSgb1ItRwCMA-cTOGeaLPRMtN-FGG7hWc?key=UmVKM0h5ZXc5QkQzWmNJS2hvNnBqXzBsc3N2NXhn\" target=\"_blank\"><img decoding=\"async\" src=\"https:\/\/lh3.googleusercontent.com\/pw\/AP1GczPNT4jD5p9DK5bwI2RPDeE6KXg_oFwRragmm1DRPjiOo8gvajAoLDyRTV2sL99NH-PKQpibjPz2DDt3o8OuJVH6IXPNUGKobPo6qiV-bVl8TVtd58H0HlC89C4MiQPWc5-2i5s1jBVXnokoM5KcMPjX=w2000-h1500-s-no-gm?authuser=0\" width=\"2000\" height=\"1500\" alt=\"Ail\u0259nin xatir\u0259 \u015f\u0259kli\" class=\"size-full\" \/><\/a><figcaption class=\"wp-caption-text\">Ail\u0259nin xatir\u0259 \u015f\u0259kli<\/figcaption><\/figure>\n<figure class=\"wp-caption aligncenter\"><a href=\"https:\/\/photos.google.com\/share\/AF1QipOd4_ff8Ce-rFRD5VAZ5PwS1rs6HgXkenQH5GBfX2OY2028qVMKmdRUv5gqKFcZnQ\/photo\/AF1QipO_StRGgpwd-nCA2_Nnrks29ktvnXrQRqzrf24?key=UmVKM0h5ZXc5QkQzWmNJS2hvNnBqXzBsc3N2NXhn\" target=\"_blank\"><img decoding=\"async\" src=\"https:\/\/lh3.googleusercontent.com\/pw\/AP1GczMOpxk3uKG0jWOySDEgFHtJV2Smt8rbaJgP6TR-IrpgWbmlPjkacgm-b0SRYBffox5waEAduV7n84SmHDBfzybyr8s9PeBeW04OvW8ix6dpRi17I5vNie7sJgqgsBKGU0NPC6fxql9TjlIX1w8ZVdVy=w2000-h1500-s-no-gm?authuser=0\" width=\"2000\" height=\"1500\" alt=\"Bu m\u00fckafat\u0131 alma\u011f\u0131n\u0131z m\u00fcnasib\u0259til\u0259 \u00fcr\u0259kd\u0259n t\u0259brikl\u0259rimizi \u00e7atd\u0131rmaq ist\u0259rdik!\" class=\"size-full\" \/><\/a><figcaption class=\"wp-caption-text\">Bu m\u00fckafat\u0131 alma\u011f\u0131n\u0131z m\u00fcnasib\u0259til\u0259 \u00fcr\u0259kd\u0259n t\u0259brikl\u0259rimizi \u00e7atd\u0131rmaq ist\u0259rdik!<\/figcaption><\/figure>\n<h2>Yutaka Sano - Tarix<\/h2>\n<h4>Do\u011fum tarixi: aprel 1951<\/h4>\n<h4>T\u0259hsil<\/h4>\n<p>31 mart 1970-ci ild\u0259 Hokkaydoda Numata Liseyini bitirmi\u015fdir<\/p>\n<h4>Se\u00e7ilmi\u015f ofis tarixi<\/h4>\n<ul>\n<li>22 fevral 2012-ci ild\u0259n 21 fevral 2016-c\u0131 il tarixin\u0259 q\u0259d\u0259r Hokuryu \u015f\u0259h\u0259rinin meri<\/li>\n<li>22 fevral 2016-c\u0131 il - 21 fevral 2020-ci il, Hokuryu \u015f\u0259h\u0259rinin meri<\/li>\n<li>22 fevral 2020 - 21 fevral 2020 Hokuryu \u015f\u0259h\u0259rinin meri<\/li>\n<\/ul>\n<h4>D\u00f6vl\u0259t qullu\u011fu karyeras\u0131<\/h4>\n<ul>\n<li>1 aprel 1970: Hokuryu Town Hall-da i\u015f\u0259 ba\u015flad\u0131<\/li>\n<li>1 aprel 1970-ci il - 31 mart 1974-c\u00fc il Hokuryu q\u0259s\u0259b\u0259si S\u0259naye \u015f\u00f6b\u0259si, K\u0259nd T\u0259s\u0259rr\u00fcfat\u0131 Siyas\u0259ti B\u00f6lm\u0259si<\/li>\n<li>1 aprel 1974-c\u00fc il - 31 mart 1977-ci il Hokuryu q\u0259s\u0259b\u0259si tikinti \u015f\u00f6b\u0259si, me\u015f\u0259 t\u0259s\u0259rr\u00fcfat\u0131 b\u00f6lm\u0259si<\/li>\n<li>1 aprel 1977 - 10 aprel 1983 Sosial T\u0259hsil \u015e\u00f6b\u0259si, Hokuryu Q\u0259s\u0259b\u0259 T\u0259hsil \u015euras\u0131<\/li>\n<li>11 aprel 1983-c\u00fc il - 30 aprel 1987-ci il, Hokuryu q\u0259s\u0259b\u0259si, K\u0259nd T\u0259s\u0259rr\u00fcfat\u0131, S\u0259naye \u015e\u00f6b\u0259sinin r\u0259isi<\/li>\n<li>1 may 1987-ci il - 31 mart 1992-ci il Hokuryu q\u0259s\u0259b\u0259si \u00dcmumi \u0130\u015fl\u0259r \u015e\u00f6b\u0259sinin Maliyy\u0259 \u015f\u00f6b\u0259sinin r\u0259isi v\u0259 Yol H\u0259r\u0259k\u0259ti T\u0259hl\u00fck\u0259sizliyi \u015e\u00f6b\u0259sinin r\u0259isi<\/li>\n<li>1 aprel 1992-ci ild\u0259n 30 sentyabr 1996-c\u0131 il\u0259 q\u0259d\u0259r Hokuryu q\u0259s\u0259b\u0259si \u00dcmumi \u0130\u015fl\u0259r v\u0259 Vergil\u0259r \u015e\u00f6b\u0259sinin r\u0259isi<\/li>\n<li>1 oktyabr 1996-c\u0131 ild\u0259n 31 mart 1998-ci il\u0259 q\u0259d\u0259r Planla\u015fd\u0131rma \u015e\u00f6b\u0259sinin Direktor k\u00f6m\u0259k\u00e7isi v\u0259 Planla\u015fd\u0131rma \u015e\u00f6b\u0259sinin r\u0259isi, Hokuryu q\u0259s\u0259b\u0259si<\/li>\n<li>1 aprel 1998-ci ild\u0259n 30 iyun 1999-cu il\u0259 q\u0259d\u0259r Hokuryu q\u0259s\u0259b\u0259si Planla\u015fd\u0131rma v\u0259 Maliyy\u0259 Departamentinin direktor m\u00fcavini<\/li>\n<li>1 iyul 1999-cu il - 31 mart 2001-ci il Hokuryu q\u0259s\u0259b\u0259si Planla\u015fd\u0131rma v\u0259 Maliyy\u0259 \u015f\u00f6b\u0259sinin m\u00fcdiri<\/li>\n<li>1 aprel 2001 - 30 iyun 2003 K\u0259nd T\u0259s\u0259rr\u00fcfat\u0131 Siyas\u0259ti \u015e\u00f6b\u0259sinin m\u00fcdiri, Hokuryu q\u0259s\u0259b\u0259si<\/li>\n<li>1 iyul 2003-c\u00fc il - 28 fevral 2004-c\u00fc il Hokuryu q\u0259s\u0259b\u0259si S\u0259naye \u015f\u00f6b\u0259sinin m\u00fcdiri<\/li>\n<li>1 mart 2004-c\u00fc il - 31 mart 2007-ci il Hokuryu q\u0259s\u0259b\u0259si b\u0259l\u0259diyy\u0259 s\u0259drinin m\u00fcavini<\/li>\n<li>1 aprel 2007 - 28 fevral 2008 Hokuryu \u015f\u0259h\u0259ri merinin m\u00fcavini<\/li>\n<li>1 mart 2008-ci il - 15 dekabr 2011-ci il Hokuryu q\u0259s\u0259b\u0259si merinin m\u00fcavini<\/li>\n<\/ul>\n<h4>T\u0259\u015fkilat Tarixi<\/h4>\n<ul>\n<li>26 avqust 2015-ci il - 21 fevral 2024-c\u00fc il, Kita Sorachi S\u0259hiyy\u0259, Tibb v\u0259 Rifah Sah\u0259sinin \u018fm\u0259kda\u015fl\u0131q T\u0259\u015fviqi \u015euras\u0131n\u0131n \u00fczv\u00fc<\/li>\n<li>22 fevral 2012-ci ild\u0259n 21 fevral 2024-c\u00fc il\u0259 q\u0259d\u0259r \u0130\u015fikari \u00c7ay\u0131n\u0131n Da\u015fq\u0131nlar\u0131na N\u0259zar\u0259t T\u0259\u015fviqi Assosiasiyas\u0131n\u0131n \u00fczv\u00fc<\/li>\n<li>22 fevral 2012-ci il - 31 mart 2020-ci il, Fukaqava Rayon Yan\u011f\u0131n Birliyi Assambleyas\u0131n\u0131n \u00fczv\u00fc<\/li>\n<li>1 aprel 2020 - 21 fevral 2020 Fukagawa Rayon Yan\u011f\u0131n Birliyinin menecer m\u00fcavini<\/li>\n<li>22 fevral 2012 - 31 mart 2019 Kita Sorachi Sa\u011flaml\u0131q M\u0259rk\u0259zi Assosiasiyas\u0131n\u0131n \u00fczv\u00fc<\/li>\n<li>1 aprel 2019-cu il - 21 fevral 2024-c\u00fc il Kita Sorachi Sa\u011flaml\u0131q M\u0259rk\u0259zi Assosiasiyas\u0131n\u0131n vitse-prezidenti<\/li>\n<li>22 Fevral 2020 - 21 Fevral 2020 Kitasorachi Sanitar Obyektl\u0259ri Assosiasiyas\u0131n\u0131n \u00dczv\u00fc<\/li>\n<li>22 fevral 2012 - 21 fevral 2020 Kitasorachi Su T\u0259chizat\u0131 Korporasiyas\u0131n\u0131n direktor m\u00fcavini<\/li>\n<li>19 mart 2013 - 21 fevral 2024 Kita Sorachi \u018frazi M\u0259kt\u0259bi Nahar Assosiasiyas\u0131n\u0131n vitse-prezidenti<\/li>\n<li>22 mart 2018-ci il - 16 iyun 2019-cu il Audit Komit\u0259sinin \u00fczv\u00fc, Kitasorachi Regional \u0130nki\u015faf \u015euras\u0131<\/li>\n<li>17 iyun 2020-ci il - 21 fevral 2020-ci il \u015eimali Sora\u00e7i B\u00f6lg\u0259si T\u0259\u015fviq \u015euras\u0131 s\u0259drinin n\u00fcmay\u0259nd\u0259si<\/li>\n<li>22 fevral 2012-ci ild\u0259n 21 fevral 2024-c\u00fc il\u0259 q\u0259d\u0259r Sorachi T\u0259hsil M\u0259rk\u0259zi Assosiasiya \u015euras\u0131n\u0131n \u00fczv\u00fc<\/li>\n<li>22 fevral 2012-ci ild\u0259n 21 fevral 2024-c\u00fc il\u0259 q\u0259d\u0259r Chu-Kita Sorachi Tullant\u0131lar\u0131n \u0130dar\u0259 Edilm\u0259si Regional Assosiasiyas\u0131n\u0131n vitse-prezidenti<\/li>\n<li>14 iyun 2019-cu ild\u0259n 13 oktyabr 2020-ci il\u0259 q\u0259d\u0259r Hokkaydo Milli Sa\u011flaml\u0131q S\u0131\u011fortas\u0131 Assosiasiyas\u0131n\u0131n Sora\u00e7i Regional Filial\u0131n\u0131n Auditoru<\/li>\n<li>11 may 2012-ci il - 6 iyun 2019-cu il tarixl\u0259ri aras\u0131nda Hokkaydo Milli Sa\u011flaml\u0131q S\u0131\u011fortas\u0131 Assosiasiyas\u0131n\u0131n Sora\u00e7i Regional Filial\u0131n\u0131n Auditoru<\/li>\n<li>7 iyun 2019-cu il - 13 oktyabr 2020-ci il, Hokkaydo Milli Sa\u011flaml\u0131q S\u0131\u011fortas\u0131 Assosiasiyas\u0131n\u0131n Sora\u00e7i Regional B\u00f6lm\u0259sinin s\u0259dr m\u00fcavini<\/li>\n<li>14 oktyabr 2020-ci il - 21 fevral 2024-c\u00fc il, Hokkaydo Milli Sa\u011flaml\u0131q S\u0131\u011fortas\u0131 Assosiasiyas\u0131n\u0131n Sora\u00e7i Regional \u015e\u00f6b\u0259sinin R\u0259hb\u0259ri<\/li>\n<li>21 iyun 2020 - 21 fevral 2020 Hokkaydo Milli Sa\u011flaml\u0131q S\u0131\u011fortas\u0131 Assosiasiyas\u0131n\u0131n Direktoru<\/li>\n<li>17 yanvar 2018-ci il - 21 fevral 2020-ci il, Hokkaydo Da\u015fq\u0131na N\u0259zar\u0259t v\u0259 Sabo Sahil Layih\u0259sinin T\u0259\u015fviqi Alyans\u0131n\u0131n m\u00fc\u015faviri<\/li>\n<li>1 iyun 2015-ci il - 21 fevral 2020-ci il, Hokkaydo Su M\u0259nb\u0259si Me\u015f\u0259 A\u011fa\u00e7land\u0131rma \u015euras\u0131n\u0131n direktoru<\/li>\n<li>30 may 2020 - 21 fevral 2020 Hokkaydo Su M\u0259nb\u0259si Me\u015f\u0259 T\u0259s\u0259rr\u00fcfat\u0131 \u015euras\u0131n\u0131n s\u0259dri<\/li>\n<li>26 fevral 2021-ci il - 21 fevral 2020-ci il, Hokkaydo Torpaqlar\u0131n T\u0259kmill\u0259\u015fdirilm\u0259si Biznes Assosiasiyalar\u0131 Federasiyas\u0131n\u0131n Sora\u00e7i filial\u0131 filial m\u00fcdirinin m\u00fcavini<\/li>\n<li>30 iyun 2022-ci il - 21 fevral 2024-c\u00fc il, Hokkaydo Torpaqlar\u0131n\u0131n T\u0259kmill\u0259\u015fdirilm\u0259si D\u0259rn\u0259yi Hokkaydo Yapon Birba\u015fa \u00d6d\u0259ni\u015fin T\u0259\u015fviqi \u015euras\u0131n\u0131n \u0259m\u0259kda\u015f\u0131<\/li>\n<li>24 mart 2021-ci il - 21 fevral 2020-ci il, Hokkaydo Torpaqlar\u0131n\u0131n Yax\u015f\u0131la\u015fd\u0131r\u0131lmas\u0131 Biznes Assosiasiyas\u0131 Federasiyas\u0131n\u0131n direktoru<\/li>\n<li>17 iyun 2021-ci il - 21 fevral 2020-ci il tarixl\u0259ri aras\u0131nda Daimi M\u00fczakir\u0259 Komit\u0259sinin \u00fczv\u00fc, Hokkaydo K\u0259nd T\u0259s\u0259rr\u00fcfat\u0131 \u015euras\u0131, General Incorporated Association<\/li>\n<li>17 iyun 2021-ci il - 21 fevral 2020-ci il, Hokkaydo K\u0259nd T\u0259s\u0259rr\u00fcfat\u0131 \u015euras\u0131n\u0131n direktoru, General Incorporated Association<\/li>\n<li>1 iyul 2020-ci il - 21 fevral 2024-c\u00fc il, Hokkaydo K\u0259nd T\u0259s\u0259rr\u00fcfat\u0131 \u0130ctimai Korporasiyas\u0131n\u0131n \u0130nsan Resurslar\u0131n\u0131n \u0130nki\u015faf\u0131 Komit\u0259sinin \u00fczv\u00fc<\/li>\n<li>7 sentyabr 2020 - 21 fevral 2020 Hokkaydo K\u0259nd T\u0259s\u0259rr\u00fcfat\u0131 Korporasiyas\u0131 \u0130cra\u00e7\u0131 Kompensasiya \u015euras\u0131n\u0131n \u00fczv\u00fc<\/li>\n<li>25 iyun 2020 - 21 fevral 2020 Hokkaydo K\u0259nd T\u0259s\u0259rr\u00fcfat\u0131 Korporasiyas\u0131n\u0131n direktoru<\/li>\n<li>30 iyun 2019-cu il - 23 fevral 2021-ci il, Sorachi Regional Kompleks \u0130nki\u015faf Assosiasiyas\u0131n\u0131n direktoru<\/li>\n<li>24 fevral 2021-ci il - 21 fevral 2024-c\u00fc il, Sorachi Regional Kompleks \u0130nki\u015faf Assosiasiyas\u0131n\u0131n s\u0259dr m\u00fcavini<\/li>\n<li>12 may 2019-cu ild\u0259n 21 avqust 2020-ci il\u0259 q\u0259d\u0259r Sora\u00e7i \u015e\u0259h\u0259r v\u0259 K\u0259nd \u015euras\u0131n\u0131n Auditoru<\/li>\n<li>22 avqust 2020-ci il - 8 fevral 2024-c\u00fc il, Sora\u00e7i \u015e\u0259h\u0259r v\u0259 K\u0259nd Assosiasiyas\u0131n\u0131n s\u0259dri<\/li>\n<li>22 may 2019-cu il - 31 yanvar 2020-ci il, Hokkaydo B\u0259l\u0259diyy\u0259 Fondu Assosiasiyas\u0131n\u0131n Audit Komit\u0259sinin \u00fczv\u00fc<\/li>\n<li>26 iyul 2020 - 31 yanvar 2020 Hokkaydo B\u0259l\u0259diyy\u0259si Qeydl\u0259r Fondu \u0130dar\u0259etm\u0259 Komit\u0259si, Fond Kooperativi<\/li>\n<li>22 may 2019-cu il - 31 yanvar 2022-ci il, Hokkaydo B\u0259l\u0259diyy\u0259 Fondu Assosiasiya \u015euras\u0131n\u0131n \u00fczv\u00fc<\/li>\n<li>14 dekabr 2020-ci il - 30 noyabr 2022-ci il, Hokkaydo B\u0259l\u0259diyy\u0259 \u0130\u015f\u00e7il\u0259rinin Rifah Assosiasiyas\u0131n\u0131n \u015eura \u00dczv\u00fc<\/li>\n<li>8 oktyabr 2020 - 30 noyabr 2022 Hokkaydo B\u0259l\u0259diyy\u0259 \u0130\u015f\u00e7il\u0259rinin Qar\u015f\u0131l\u0131ql\u0131 Yard\u0131m Assosiasiyas\u0131 Q\u0131sam\u00fcdd\u0259tli Rifah v\u0259 Rifah Biznesinin \u0130dar\u0259 Edilm\u0259si Komit\u0259si<\/li>\n<li>8 oktyabr 2020 - 30 noyabr 2020 Hokkaydo B\u0259l\u0259diyy\u0259 \u0130\u015f\u00e7il\u0259ri Qar\u015f\u0131l\u0131ql\u0131 Yard\u0131m D\u0259rn\u0259yinin \u00dczv\u00fc<\/li>\n<li>22 avqust 2020-ci il - 21 fevral 2024-c\u00fc il, Hokkaydo B\u0259l\u0259diyy\u0259si \u00dcmumi \u0130\u015fl\u0259r Assosiasiyas\u0131 \u015euras\u0131n\u0131n \u00fczv\u00fc<\/li>\n<li>12 iyun 2023-c\u00fc il - 21 fevral 2024-c\u00fc il, Hokkaydo B\u0259l\u0259diyy\u0259 \u00dcmumi \u0130\u015fl\u0259r Assosiasiyas\u0131n\u0131n Audit Komit\u0259sinin \u00fczv\u00fc<\/li>\n<li>22 avqust 2020-ci il - 21 fevral 2020-ci il, Hokkaydo \u0130dar\u0259etm\u0259 Assosiasiyas\u0131n\u0131n direktoru<\/li>\n<li>26 fevral 2014-c\u00fc il - 21 fevral 2020-ci il, Hokkaydo Milli Torpaq T\u0259dqiqat\u0131n\u0131n T\u0259\u015fviqi \u015euras\u0131n\u0131n direktoru<\/li>\n<li>27 may 2019 - 14 sentyabr 2020 \u015eura \u00fczv\u00fc, Hokkaydo B\u0259l\u0259diyy\u0259 \u0130nki\u015faf\u0131 Fondu<\/li>\n<li>15 sentyabr 2020-ci il - 21 fevral 2024-c\u00fc il, Hokkaydo B\u0259l\u0259diyy\u0259 \u0130nki\u015faf Fondunun direktoru<\/li>\n<li>23 may 2020 - 28 sentyabr 2020 Hokkaydo \u015e\u0259h\u0259r v\u0259 K\u0259nd Assosiasiyas\u0131n\u0131n K\u0259nd T\u0259s\u0259rr\u00fcfat\u0131, Me\u015f\u0259 T\u0259s\u0259rr\u00fcfat\u0131 v\u0259 Bal\u0131q\u00e7\u0131l\u0131q Daimi Komit\u0259sinin \u00fczv\u00fc<\/li>\n<li>22 aprel 2021-ci il - 30 may 2020-ci il, Hokkaydo \u015e\u0259h\u0259r v\u0259 K\u0259nd Assosiasiyas\u0131n\u0131n K\u0259nd T\u0259s\u0259rr\u00fcfat\u0131, Me\u015f\u0259\u00e7ilik v\u0259 Bal\u0131q\u00e7\u0131l\u0131q Daimi Komit\u0259sinin s\u0259dr m\u00fcavini<\/li>\n<li>1 aprel 2022-ci il - 21 fevral 2024-c\u00fc il, Hokkaydo \u015e\u0259h\u0259r v\u0259 K\u0259nd Assosiasiyas\u0131 \u015e\u0259h\u0259r v\u0259 K\u0259nd Y\u00fck\u00fc Komit\u0259sinin \u00fczv\u00fc<\/li>\n<li>10 may 2020 - 21 fevral 2020 Hokkaydo \u015e\u0259h\u0259r v\u0259 K\u0259nd Assosiasiyas\u0131n\u0131n direktoru<\/li>\n<li>29 sentyabr 2020 - 22 aprel 2022 Hokkaydo \u015e\u0259h\u0259r v\u0259 K\u0259nd Assosiasiyas\u0131n\u0131n s\u0259dr m\u00fcavini<\/li>\n<li>31 may 2023-c\u00fc il - 21 fevral 2024-c\u00fc il, Hokkaydo \u015e\u0259h\u0259r v\u0259 K\u0259nd Assosiasiyas\u0131n\u0131n s\u0259dr m\u00fcavini<\/li>\n<\/ul>\n<h4>m\u00fckafat v\u0259 c\u0259za<\/h4>\n<ul>\n<li>28 yanvar 1981-ci il: Yerli idar\u0259etm\u0259y\u0259 xidm\u0259tl\u0259rin\u0259 g\u00f6r\u0259 Milli \u015e\u0259h\u0259rl\u0259r v\u0259 K\u0259ndl\u0259r Assosiasiyas\u0131 M\u00fckafat\u0131 (\u015e\u0259h\u0259r v\u0259 K\u0259nd B\u0259l\u0259diyy\u0259 Ba\u015f\u00e7\u0131s\u0131)<\/li>\n<li>28 mart 2024-c\u00fc il: Hokkaydo Torpaqlar\u0131n\u0131n T\u0259kmill\u0259\u015fdirilm\u0259si Assosiasiyas\u0131n\u0131n X\u00fcsusi Nailiyy\u0259t M\u00fckafat\u0131<\/li>\n<li>17 May 2024 Hokuryu Town \u00dcmumi \u015e\u0259h\u0259r Xidm\u0259t M\u00fckafat\u0131<\/li>\n<li>17 dekabr 2024-c\u00fc il Hokkaydo Sosial T\u00f6hf\u0259 M\u00fckafat\u0131 (B\u0259l\u0259diyy\u0259 Xidm\u0259t M\u00fckafat\u0131)<\/li>\n<\/ul>\n<h2>Youtube videolar\u0131<\/h2>\n<div class=\"youtube\"><iframe title=\"[H\u0259r\u0259k\u0259tli v\u0259 minn\u0259tdar bir bayram] Ke\u00e7mi\u015f Hokuryu \u015f\u0259h\u0259rinin meri Yutaka Sano Do\u011fan G\u00fcn\u0259\u015f, Q\u0131z\u0131l v\u0259 G\u00fcm\u00fc\u015f \u015f\u00fcalar ordenini almas\u0131n\u0131 qeyd edir\" src=\"https:\/\/www.youtube.com\/embed\/XJqBb7Q8rCI?feature=oembed\" frameborder=\"0\" allow=\"accelerometer; autoplay; clipboard-write; encrypted-media; gyroscope; picture-in-picture; web-share\" referrerpolicy=\"strict-origin-when-cross-origin\" allowfullscreen><\/iframe><\/div>\n<h2>Dig\u0259r foto\u015f\u0259kill\u0259r<\/h2>\n<div class=\"img-move\"><img decoding=\"async\" style=\"vertical-align: middle;\" src=\"https:\/\/ehokkaido.net\/wp-content\/uploads\/2021\/12\/2021-12-06-11.41.12.png\" \/> <a href=\"https:\/\/photos.app.goo.gl\/JPU16TBL1hJ1wohBA\" target=\"_blank\" rel=\"noopener noreferrer\">C\u0259nab Yutaka Sano \u00fc\u00e7\u00fcn Do\u011fan G\u00fcn\u0259\u015f, Q\u0131z\u0131l v\u0259 G\u00fcm\u00fc\u015f \u015f\u00fcalar ordeni alma m\u0259rasimind\u0259n fotolar (205 \u015f\u0259kil) burada &gt;&gt;<\/a><\/div>\n<h2>\u018flaq\u0259dar m\u0259qal\u0259l\u0259r<\/h2>\n<h4>Yutaka Sano il\u0259 \u0259laq\u0259li<\/h4>\n\n        <div class=\"site-blogcard-premium\">\n            <div class=\"bc-label-custom\">\u018flaq\u0259dar m\u0259qal\u0259l\u0259r<\/div>\n            <div class=\"bc-flex-container\">\n                <div class=\"bc-main-text\">\n                    <div class=\"bc-title-link-box\">\n                        <a href=\"https:\/\/portal.hokuryu.info\/az\/kateqoriya\/basqalari\/sano-yutaka-kecmis-b%c9%99l%c9%99diyy%c9%99-s%c9%99dri\/\" target=\"_blank\">Hokuryu \u015f\u0259h\u0259rinin ke\u00e7mi\u015f meri Yutaka Sanonun f\u0259aliyy\u0259t hesabat\u0131 (kateqoriya)<\/a>\n                    <\/div>\n                    <div class=\"bc-excerpt-box\">Hokuryu \u015f\u0259h\u0259rinin meri Yutaka Sanonun Facebook s\u0259hif\u0259sini t\u0259qdim edirik.\n<\/div>\n                <\/div>\n                <div class=\"bc-thumbnail-box\">\n                    <a href=\"https:\/\/portal.hokuryu.info\/az\/kateqoriya\/basqalari\/sano-yutaka-kecmis-b%c9%99l%c9%99diyy%c9%99-s%c9%99dri\/\" target=\"_blank\">\n                        <div class=\"bc-img-zoom-wrap\">\n                            <img decoding=\"async\" src=\"https:\/\/portal.hokuryu.info\/wp\/wp-content\/uploads\/2026\/02\/20230802DSC06445_1.jpg\" alt=\"Hokuryu \u015f\u0259h\u0259rinin ke\u00e7mi\u015f meri Yutaka Sanonun f\u0259aliyy\u0259t hesabat\u0131 (kateqoriya)\">\n                        <\/div>\n                    <\/a>\n                <\/div>\n            <\/div>\n        <\/div>\n<h4>M\u00fckafatlar<\/h4>\n\n        <div class=\"site-blogcard-premium\">\n            <div class=\"bc-label-custom\">\u018flaq\u0259dar m\u0259qal\u0259l\u0259r<\/div>\n            <div class=\"bc-flex-container\">\n                <div class=\"bc-main-text\">\n                    <div class=\"bc-title-link-box\">\n                        <a href=\"https:\/\/portal.hokuryu.info\/az\/59955\/\" target=\"_blank\">https:\/\/portal.hokuryu.info\/59955<\/a>\n                    <\/div>\n                    <div class=\"bc-excerpt-box\">S\u0259hif\u0259 m\u0259lumatlar\u0131n\u0131 \u0259ld\u0259 etm\u0259k m\u00fcmk\u00fcn deyil.<\/div>\n                <\/div>\n                <div class=\"bc-thumbnail-box\">\n                    <a href=\"https:\/\/portal.hokuryu.info\/az\/59955\/\" target=\"_blank\">\n                        <div class=\"bc-img-zoom-wrap\">\n                            <img decoding=\"async\" src=\"https:\/\/portal.hokuryu.info\/wp\/wp-content\/uploads\/2026\/02\/20230802DSC06445_1.jpg\" alt=\"https:\/\/portal.hokuryu.info\/59955\">\n                        <\/div>\n                    <\/a>\n                <\/div>\n            <\/div>\n        <\/div>\n\n        <div class=\"site-blogcard-premium\">\n            <div class=\"bc-label-custom\">\u018flaq\u0259dar m\u0259qal\u0259l\u0259r<\/div>\n            <div class=\"bc-flex-container\">\n                <div class=\"bc-main-text\">\n                    <div class=\"bc-title-link-box\">\n                        <a href=\"https:\/\/portal.hokuryu.info\/az\/5627\/\" target=\"_blank\">https:\/\/portal.hokuryu.info\/5627<\/a>\n                    <\/div>\n                    <div class=\"bc-excerpt-box\">S\u0259hif\u0259 m\u0259lumatlar\u0131n\u0131 \u0259ld\u0259 etm\u0259k m\u00fcmk\u00fcn deyil.<\/div>\n                <\/div>\n                <div class=\"bc-thumbnail-box\">\n                    <a href=\"https:\/\/portal.hokuryu.info\/az\/5627\/\" target=\"_blank\">\n                        <div class=\"bc-img-zoom-wrap\">\n                            <img decoding=\"async\" src=\"https:\/\/portal.hokuryu.info\/wp\/wp-content\/uploads\/2026\/02\/20230802DSC06445_1.jpg\" alt=\"https:\/\/portal.hokuryu.info\/5627\">\n                        <\/div>\n                    <\/a>\n                <\/div>\n            <\/div>\n        <\/div>\n\n        <div class=\"site-blogcard-premium\">\n            <div class=\"bc-label-custom\">\u018flaq\u0259dar m\u0259qal\u0259l\u0259r<\/div>\n            <div class=\"bc-flex-container\">\n                <div class=\"bc-main-text\">\n                    <div class=\"bc-title-link-box\">\n                        <a href=\"https:\/\/portal.hokuryu.info\/az\/topics\/culture\/20190508.html\/\" target=\"_blank\">Assambleya M\u0259zunlar\u0131 Assosiasiyas\u0131, Itaya Qon\u015fuluq Assosiasiyas\u0131 v\u0259 Haiku Assosiasiyas\u0131n\u0131n &quot;Michi&quot; Hokuryu B\u00f6lm\u0259si - Hokuryu \u015e\u0259h\u0259r Portal\u0131 (Hokkaydo) - Yaponiyan\u0131n 1 n\u00f6mr\u0259li g\u00fcn\u0259baxan k\u0259ndi t\u0259r\u0259find\u0259n t\u0259\u015fkil edil\u0259n To\u015fihiro Nakamuran\u0131n Do\u011fan G\u00fcn\u0259\u015f, G\u00fcm\u00fc\u015f \u015e\u00fcalar ordeni il\u0259 t\u0259ltif edilm\u0259sinin qeyd edilm\u0259si.<\/a>\n                    <\/div>\n                    <div class=\"bc-excerpt-box\">Hokuryu \u015e\u0259h\u0259r \u015euras\u0131n\u0131n ke\u00e7mi\u015f \u00fczv\u00fc c\u0259nab To\u015fihiro Nakamura (88 ya\u015f) 1 fevral 2019-cu il tarixind\u0259n etibar\u0259n Ya\u015fl\u0131 V\u0259t\u0259nda\u015flar\u0131n F\u0259xri M\u00fckafatlar\u0131nda &quot;Do\u011fan G\u00fcn\u0259\u015f, Q\u0131z\u0131l \u015e\u00fcalar v\u0259 Rozet&quot; m\u00fckafat\u0131na layiq g\u00f6r\u00fcl\u00fcb...<\/div>\n                <\/div>\n                <div class=\"bc-thumbnail-box\">\n                    <a href=\"https:\/\/portal.hokuryu.info\/az\/topics\/culture\/20190508.html\/\" target=\"_blank\">\n                        <div class=\"bc-img-zoom-wrap\">\n                            <img decoding=\"async\" src=\"https:\/\/lh3.googleusercontent.com\/glr9D2kxNix6HeeQlHoFe57T3knzytMKDYRLebl0Pks5fP39EAewy1qA1y_DjqOxn_y_gBOrcrVcoCK-kO3Ht7siH3V62U5FJyZVss_6dPkmMvWtMtrXYKS83ANQRZjSrRxat3OQIZw_VaZlvBuIgA_Wgjj66uas0glnNewE-Ec5Ak2ATTliN4uxmQquI-mUMjVxV6_xAJt1WBk_ZsNdHSo-5IKTNW5_L9vzoAwNwF6l-OouTkDYN5Yh-az2li6PIRQsiQnAdmj6wQNpt8cz1n0eB5EWyD2tJCGsoNWuoouRjtyfyNS4Gt2Xm6xvIgsya9zxhQjVZTDqb688Z6jgOru8hqBvgD2K728iLWC8TSzHhvdt5GPB8-8Oc9J7IRE3_WbrB6fINJwnuDBZbbNk3ujewXW3D3wjL_LDbrYakX4vKcdy_TsRCii3JK5tqtoDmCZRmZcu22zr03Lx6dkG8PnAUrjLzggpVO2WERLWOv-ITSw1nxNwdGhlalRGn8sTmTmLdlUkE6-JyzhpD0OVlnbwsbnHRjxyI3H2vwWzSk5RLcd0UGbcNcuzA2l0FEgNhmVOSxvUilfrFGoFHJp_Et-Tkq-42CRu2XH25neIvJMz138zB_sRvHEZ-UzZCcaVFyr7xXB16y0ZhvE1OS9J8TSmUkIGtBF_eXIs_ApAC4U2f3bnZcI3A08ztwR9Mk0MGtIeMGJyXkXh93BuhZZ8qiJq=w1420-h946-no\" alt=\"Assambleya M\u0259zunlar\u0131 Assosiasiyas\u0131, Itaya Qon\u015fuluq Assosiasiyas\u0131 v\u0259 Haiku Assosiasiyas\u0131n\u0131n &quot;Michi&quot; Hokuryu B\u00f6lm\u0259si - Hokuryu \u015e\u0259h\u0259r Portal\u0131 (Hokkaydo) - Yaponiyan\u0131n 1 n\u00f6mr\u0259li g\u00fcn\u0259baxan k\u0259ndi t\u0259r\u0259find\u0259n t\u0259\u015fkil edil\u0259n To\u015fihiro Nakamuran\u0131n Do\u011fan G\u00fcn\u0259\u015f, G\u00fcm\u00fc\u015f \u015e\u00fcalar ordeni il\u0259 t\u0259ltif edilm\u0259sinin qeyd edilm\u0259si.\">\n                        <\/div>\n                    <\/a>\n                <\/div>\n            <\/div>\n        <\/div>\n\n        <div class=\"site-blogcard-premium\">\n            <div class=\"bc-label-custom\">\u018flaq\u0259dar m\u0259qal\u0259l\u0259r<\/div>\n            <div class=\"bc-flex-container\">\n                <div class=\"bc-main-text\">\n                    <div class=\"bc-title-link-box\">\n                        <a href=\"https:\/\/portal.hokuryu.info\/az\/topics\/culture\/20190116.html\/\" target=\"_blank\">2018-ci ilin pay\u0131z\u0131nda Mavi lent medal\u0131 alan c\u0259nab Koichi Matsuda \u00fc\u00e7\u00fcn bayram t\u0259dbiri ke\u00e7irildi. Bayram t\u0259dbirin\u0259 onun ibtidai v\u0259 orta m\u0259kt\u0259b sinif yolda\u015flar\u0131 v\u0259 \u0130taya m\u0259h\u0259ll\u0259 birliyi r\u0259hb\u0259rlik edirdi. - Hokuryu \u015e\u0259h\u0259r Portal\u0131 (Hokkaydo) - Yaponiyan\u0131n 1 n\u00f6mr\u0259li g\u00fcn\u0259baxan k\u0259ndi<\/a>\n                    <\/div>\n                    <div class=\"bc-excerpt-box\">19 noyabr 2018-ci il tarixind\u0259 2018-ci ilin Pay\u0131z F\u0259xri M\u00fckafatlar\u0131n\u0131n sahibl\u0259ri m\u00fc\u0259yy\u0259n edildi v\u0259 m\u00fckafatlar r\u0259smi olaraq 3 noyabrda t\u0259qdim edildi.<\/div>\n                <\/div>\n                <div class=\"bc-thumbnail-box\">\n                    <a href=\"https:\/\/portal.hokuryu.info\/az\/topics\/culture\/20190116.html\/\" target=\"_blank\">\n                        <div class=\"bc-img-zoom-wrap\">\n                            <img decoding=\"async\" src=\"https:\/\/lh3.googleusercontent.com\/Kxpgb_bXMFr6SDJfyBfWHZC63_50WhOww5FfXdti4ZFuGcjfUMJxuo5ursmrcnROMWq_J5MCWjIW8GOoToh_vOJeKgxlRn5ygFPby8xpgsXoWFPheyVRaTq6w4BiwCPhNvChN3mpkiTvjtxajeMrOvcV1tWFK5hCgIgVQvRunEa-T978m5pP7tuAs9WtobLq3lw9WlxMnh3-EFEIM6EBFFEDrycOXm_DQbS9lC4HA8FtCeqBIXjcwzIksSbVI0VgYceHeoD5m5jNF9HBfRMPaup6IZQDuoEgGYU0y3zIxVPHZa9sUvkWGLuHKFeEKejIBHNuLxF6GMXKQLItUt5xNnWAKxwxKzwssehgP2LGac3BnuSnhCKQIUYjrmo281nXFW7BPEbrYYppdKUF6zCQgL4LFXxE2_eu25H4JGUr-G_tGPN1BJ4xNiv8tECaFIqhDozqOvp21oTu0eQKiVYu4E01BpH-j5XUmFbshvbIisRpOb-IN68NjpLcG9qZYfUgqXeZQOr5HwAUpZQlvQARMdHptsp4L7ctFILigJXqKN6iv_f5lYevl8KSnKdk1PAkGiINdAT8uNON8KLkLbynLjYCSaA6EFlEI7b32EBecV0hdsNEEkgUbpWVrRfuQtT_8jN1oMvYyfOc2czHWbsFW16X35vG8sxXJD5e0wA7Wqxicp15zFWfeD9Ip6XYbGHkON5AkMJwiSjY817ZzQ=w1393-h929-no\" alt=\"2018-ci ilin pay\u0131z\u0131nda Mavi lent medal\u0131 alan c\u0259nab Koichi Matsuda \u00fc\u00e7\u00fcn bayram t\u0259dbiri ke\u00e7irildi. Bayram t\u0259dbirin\u0259 onun ibtidai v\u0259 orta m\u0259kt\u0259b sinif yolda\u015flar\u0131 v\u0259 \u0130taya m\u0259h\u0259ll\u0259 birliyi r\u0259hb\u0259rlik edirdi. - Hokuryu \u015e\u0259h\u0259r Portal\u0131 (Hokkaydo) - Yaponiyan\u0131n 1 n\u00f6mr\u0259li g\u00fcn\u0259baxan k\u0259ndi\">\n                        <\/div>\n                    <\/a>\n                <\/div>\n            <\/div>\n        <\/div>\n\n        <div class=\"site-blogcard-premium\">\n            <div class=\"bc-label-custom\">\u018flaq\u0259dar m\u0259qal\u0259l\u0259r<\/div>\n            <div class=\"bc-flex-container\">\n                <div class=\"bc-main-text\">\n                    <div class=\"bc-title-link-box\">\n                        <a href=\"https:\/\/portal.hokuryu.info\/az\/topics\/culture\/20161213.html\/\" target=\"_blank\">2016-c\u0131 ilin pay\u0131z\u0131nda C\u0259nab Hajime Hoshiban\u0131n M\u00fcq\u0259dd\u0259s X\u0259zin\u0259 Ordenini Rozetka il\u0259 Q\u0131z\u0131l \u015e\u00fcalar\u0131 almas\u0131 \u00fc\u00e7\u00fcn qeyd olundu - Hokuryu \u015e\u0259h\u0259r Portal\u0131 (Hokkaydo) - Yaponiyan\u0131n 1 n\u00f6mr\u0259li g\u00fcn\u0259baxan k\u0259ndi<\/a>\n                    <\/div>\n                    <div class=\"bc-excerpt-box\">N\u0259f\u0259s k\u0259s\u0259n Yapon m\u0259nz\u0259r\u0259si: Hokkaydo, Hokuryu q\u0259s\u0259b\u0259sind\u0259ki &quot;G\u00fcn\u0259baxan k\u0259ndi&quot;. Hokkaydoda m\u0259\u015fhur turistik yer. Z\u0259hm\u0259t olmasa, \u0259n az\u0131 bir d\u0259f\u0259 buraya ba\u015f \u00e7\u0259kin. (Rice Somelie...).<\/div>\n                <\/div>\n                <div class=\"bc-thumbnail-box\">\n                    <a href=\"https:\/\/portal.hokuryu.info\/az\/topics\/culture\/20161213.html\/\" target=\"_blank\">\n                        <div class=\"bc-img-zoom-wrap\">\n                            <img decoding=\"async\" src=\"https:\/\/lh3.googleusercontent.com\/V4AJHrVcyJ29m2XkmfwnwbSS8mUOr2J361mZiGI9aZsDfBSRmyzu-d0sIyS19E93ODTvcp9tNjN1_xqk0L2y_mY_nwELh3SJAYbtHywf7-y95hOg_LJJpu9C6fsK9Lo_TzcJ0nXPzBC_x6lkTYVWv6nkGZWo-m806fiVoJZq7EaHsy06--MFpKXsHZPtxjDYsEYzaQqM5ZfVLd9TtbKoV9SEyfWMgzQ9koMnJaiQxFNgdQZcrMNLXTsloqwkwkb0E9XIqnF2mPwGfuEvubzEQ0Gmf4y3YFN4REuT_zJ2LWBCXK9vHrocI3rLcG-0tNkzIE0ZWI2ngy3QGcdyXjdJyHb7H5qVp-ULgYN6OA2lMYxPw878GDBcAv2dtQfvJ5IFsfigN4opdunXTNZ02iyExHYobbk0YvQ9W1dPmTtRvKGP3baZpFs0hiZtS18lLnJ7ijUjD6cy51HP_73GxXqqYE1KshG49AcmYmzU5Gi5Qh7oqMxfwIcp_dr5vAdYCWxFWrKAwAyDQ1ApFxiNIPbgmW_scoggXresfy3ZqEmIexrYZmdoUveiBaWkK34hU8jVQpdwHPB_T6sdNAci_Nclby7iebm0suHw0JcEuXKwniPSUgAv7moIVQS4IvCkN87f1kRUfdbARhspEX27mEyT3Sx5H9lcLfMskBFc1IJ_Cw=w1441-h960-no\" alt=\"2016-c\u0131 ilin pay\u0131z\u0131nda C\u0259nab Hajime Hoshiban\u0131n M\u00fcq\u0259dd\u0259s X\u0259zin\u0259 Ordenini Rozetka il\u0259 Q\u0131z\u0131l \u015e\u00fcalar\u0131 almas\u0131 \u00fc\u00e7\u00fcn qeyd olundu - Hokuryu \u015e\u0259h\u0259r Portal\u0131 (Hokkaydo) - Yaponiyan\u0131n 1 n\u00f6mr\u0259li g\u00fcn\u0259baxan k\u0259ndi\">\n                        <\/div>\n                    <\/a>\n                <\/div>\n            <\/div>\n        <\/div>\n\n        <div class=\"site-blogcard-premium\">\n            <div class=\"bc-label-custom\">\u018flaq\u0259dar m\u0259qal\u0259l\u0259r<\/div>\n            <div class=\"bc-flex-container\">\n                <div class=\"bc-main-text\">\n                    <div class=\"bc-title-link-box\">\n                        <a href=\"https:\/\/portal.hokuryu.info\/az\/topics\/culture\/20131219.html\/\" target=\"_blank\">2013-c\u00fc ilin pay\u0131z\u0131nda Do\u011fan G\u00fcn\u0259\u015f, Q\u0131z\u0131l v\u0259 G\u00fcm\u00fc\u015f \u015f\u00fcalar ordenini alan c\u0259nab Kitakiyo Masami \u00fc\u00e7\u00fcn bayram t\u0259dbiri ke\u00e7irildi - Hokuryu \u015e\u0259h\u0259r Portal\u0131 (Hokkaydo) - Yaponiyan\u0131n 1 n\u00f6mr\u0259li g\u00fcn\u0259baxan k\u0259ndi<\/a>\n                    <\/div>\n                    <div class=\"bc-excerpt-box\">Siz\u0259 2100 \u0259halisi v\u0259 40% ya\u015flanma nisb\u0259ti olan canl\u0131 bir \u015f\u0259h\u0259rin &quot;indiki&quot;ni t\u0259qdim edirik. G\u00fcn\u0259baxanlar kimi, ail\u0259l\u0259r d\u0259 harmoniya i\u00e7ind\u0259 ya\u015fay\u0131rlar...<\/div>\n                <\/div>\n                <div class=\"bc-thumbnail-box\">\n                    <a href=\"https:\/\/portal.hokuryu.info\/az\/topics\/culture\/20131219.html\/\" target=\"_blank\">\n                        <div class=\"bc-img-zoom-wrap\">\n                            <img decoding=\"async\" src=\"https:\/\/lh4.googleusercontent.com\/-B9qUblgKWII\/Uq_FCnSdGaI\/AAAAAAAA-DI\/tNzOOlvqXmE\/w1319-h873-no\/K5+38147\" alt=\"2013-c\u00fc ilin pay\u0131z\u0131nda Do\u011fan G\u00fcn\u0259\u015f, Q\u0131z\u0131l v\u0259 G\u00fcm\u00fc\u015f \u015f\u00fcalar ordenini alan c\u0259nab Kitakiyo Masami \u00fc\u00e7\u00fcn bayram t\u0259dbiri ke\u00e7irildi - Hokuryu \u015e\u0259h\u0259r Portal\u0131 (Hokkaydo) - Yaponiyan\u0131n 1 n\u00f6mr\u0259li g\u00fcn\u0259baxan k\u0259ndi\">\n                        <\/div>\n                    <\/a>\n                <\/div>\n            <\/div>\n        <\/div>\n<p>\u25c7 <a href=\"https:\/\/portal.hokuryu.info\/az\/38127\/#outline_1__7_2_1\">Fotoqrafiya, redakt\u0259 v\u0259 vebsayt\u0131n idar\u0259 edilm\u0259si: Noboru Terauchi Yaz\u0131\u00e7\u0131: \u0130kuko Terauchi<\/a><\/p>","protected":false},"excerpt":{"rendered":"<p>2025\u5e747\u670817\u65e5\uff08\u6728\uff09 7\u670812\u65e5\uff08\u571f\uff09\u3001\u5143\u5317\u7adc\u753a\u9577\u306e\u4f50\u91ce\u8c4a\u6c0f\u306e\u65ed\u65e5\u53cc\u5149\u7ae0\u53d7\u7ae0\u3092\u795d\u3046\u4f1a\u304c\u3001\u30b5\u30f3\u30d5\u30e9\u30ef\u30fc\u30d1\u30fc\u30af\u5317\u7adc\u6e29\u6cc9\u3067\u76db\u5927\u306b\u958b\u50ac\u3055\u308c\u307e\u3057\u305f\u3002\u6c38\u5e74\u306e\u5730\u65b9\u81ea\u6cbb\u3078\u306e\u529f\u7e3e\u3092\u79f0\u3048\u3001118\u540d\u3082\u306e\u65b9\u3005\u304c\u304a\u795d\u3044\u306b [&hellip;]<\/p>\n","protected":false},"author":1,"featured_media":61462,"comment_status":"open","ping_status":"open","sticky":false,"template":"","format":"standard","meta":{"footnotes":""},"categories":[4,75],"tags":[],"class_list":["post-61207","post","type-post","status-publish","format-standard","has-post-thumbnail","hentry","category-cover-story","category-sasaki-yasuhiro-mayor"],"_links":{"self":[{"href":"https:\/\/portal.hokuryu.info\/az\/wp-json\/wp\/v2\/posts\/61207","targetHints":{"allow":["GET"]}}],"collection":[{"href":"https:\/\/portal.hokuryu.info\/az\/wp-json\/wp\/v2\/posts"}],"about":[{"href":"https:\/\/portal.hokuryu.info\/az\/wp-json\/wp\/v2\/types\/post"}],"author":[{"embeddable":true,"href":"https:\/\/portal.hokuryu.info\/az\/wp-json\/wp\/v2\/users\/1"}],"replies":[{"embeddable":true,"href":"https:\/\/portal.hokuryu.info\/az\/wp-json\/wp\/v2\/comments?post=61207"}],"version-history":[{"count":0,"href":"https:\/\/portal.hokuryu.info\/az\/wp-json\/wp\/v2\/posts\/61207\/revisions"}],"wp:featuredmedia":[{"embeddable":true,"href":"https:\/\/portal.hokuryu.info\/az\/wp-json\/wp\/v2\/media\/61462"}],"wp:attachment":[{"href":"https:\/\/portal.hokuryu.info\/az\/wp-json\/wp\/v2\/media?parent=61207"}],"wp:term":[{"taxonomy":"category","embeddable":true,"href":"https:\/\/portal.hokuryu.info\/az\/wp-json\/wp\/v2\/categories?post=61207"},{"taxonomy":"post_tag","embeddable":true,"href":"https:\/\/portal.hokuryu.info\/az\/wp-json\/wp\/v2\/tags?post=61207"}],"curies":[{"name":"wp","href":"https:\/\/api.w.org\/{rel}","templated":true}]}}