{"id":58214,"date":"2025-05-12T09:36:02","date_gmt":"2025-05-12T00:36:02","guid":{"rendered":"https:\/\/portal.hokuryu.info\/?p=58214"},"modified":"2026-01-21T08:53:25","modified_gmt":"2026-01-20T23:53:25","slug":"b%c9%99l%c9%99diyy%c9%99-s%c9%99dri-sasaki-yasuhiro-hokuryu-s%c9%99h%c9%99rinin-cazib%c9%99darligini-arasdirir-may-2025","status":"publish","type":"post","link":"https:\/\/portal.hokuryu.info\/az\/58214\/","title":{"rendered":"Mer Sasaki Yasuhiro Hokuryu \u015f\u0259h\u0259rinin cazib\u0259l\u0259rini ara\u015fd\u0131r\u0131r [May 2025] O, Hokuryu Orta M\u0259kt\u0259binin direktoru Miyo\u015fi Takao, \u015einryu \u0130btidai M\u0259kt\u0259binin direktor m\u00fcavini Kumabayashi Masaru v\u0259 icman\u0131n canland\u0131r\u0131lmas\u0131 \u00fczr\u0259 \u0259m\u0259kda\u015fl\u0131q qrupunun \u00fczvl\u0259ri t\u0259yin olunmu\u015f d\u00f6rd etibarl\u0131 \u015f\u0259xs d\u0259 daxil olmaqla h\u0259r k\u0259si ruhland\u0131rmaq \u00fc\u00e7\u00fcn ziyar\u0259t edir!"},"content":{"rendered":"<p>Bazar ert\u0259si, 12 may 2025-ci il<\/p>\n<p>8 may C\u00fcm\u0259 ax\u015fam\u0131 g\u00fcn\u00fc Mer Sasaki \u015f\u0259h\u0259rin g\u00f6rm\u0259li yerl\u0259rini ara\u015fd\u0131rd\u0131. May ay\u0131nda o, Hokuryu Orta M\u0259kt\u0259binin yeni t\u0259yin olunmu\u015f direktoru Takao Miyo\u015fi, \u015einryu \u0130btidai M\u0259kt\u0259binin direktor m\u00fcavini Masaru Kumabaya\u015fi, yerli canland\u0131rma \u0259m\u0259kda\u015fl\u0131q qrupunun yeni t\u0259yin olunmu\u015f d\u00f6rd \u00fczv\u00fc, b\u0259d\u0259n t\u0259rbiy\u0259si m\u00fc\u0259llimi Aki \u015eirai\u015fi, turizm n\u00fcmay\u0259nd\u0259si Yuto Sakai, t\u0259dbir n\u00fcmay\u0259nd\u0259si Masayuki Takatsuki v\u0259 Tsubasa Arai, el\u0259c\u0259 d\u0259 kitabxanan\u0131n inzibati k\u00f6m\u0259k\u00e7isi Atsuko Watanabeni ziyar\u0259t etdi v\u0259 onlar\u0131 ruhland\u0131rd\u0131.<\/p>\n<h3>\u0130cma M\u0259rk\u0259zi: T\u0259lim ota\u011f\u0131 v\u0259 kitabxana<\/h3>\n<h2>1. B\u0259d\u0259n T\u0259rbiy\u0259si T\u0259lim\u00e7isi, Aki \u015eirai\u015fi (Regional Canland\u0131rma K\u00f6n\u00fcll\u00fcs\u00fc)<\/h2>\n<figure class=\"wp-caption aligncenter\"><a href=\"https:\/\/photos.google.com\/share\/AF1QipMv9_RIticeq4rhayWQqclEMToC-HQp4c5j9XjVjye2E9JtFzs_0Q1iIq8rF_Aw3g\/photo\/AF1QipNSUxO3ljxgeXXi7Jyzmde3XYKhYS4CjoKKfaY?key=azBSOThSbG1GSVFMeml5NDRBYU11ODJDa3F0VGln\" target=\"_blank\"><img decoding=\"async\" src=\"https:\/\/lh3.googleusercontent.com\/pw\/AP1GczMYacKigBn4BUNwrPYQnMq1Wp3noXC1OtzD1nnedVu2RWBdgeRuGhmCIPTQwssQfKLEa_G0CdtbfeyNpWHQsjVzJ0reuNJ4JbpVNObs4FhbudkCmqJZD-8B0H2WlGv2GMjmjtCJjL9CIfjdp7JQQt_X=w2000-h1333-s-no-gm?authuser=0\" width=\"2000\" height=\"1333\" alt=\"Aki \u015eirai\u015fi\" class=\"size-full\" \/><\/a><figcaption class=\"wp-caption-text\">Aki \u015eirai\u015fi<\/figcaption><\/figure>\n<p>M\u0259nim ad\u0131m \u015eirai\u015fi Akidir v\u0259 m\u0259n Hokuryu q\u0259s\u0259b\u0259sind\u0259n\u0259m. M\u0259n may\u0131n 1-d\u0259n yerli canland\u0131rma k\u00f6n\u00fcll\u00fcs\u00fc kimi \u00e7al\u0131\u015f\u0131ram.<\/p>\n<p>O, Tokio Qad\u0131n B\u0259d\u0259n T\u0259rbiy\u0259si Kollecind\u0259 (Kunita\u00e7i, Tokio) oxumu\u015f v\u0259 sonra uzun ill\u0259r Tokioda t\u0259limat\u00e7\u0131 kimi \u00e7al\u0131\u015fm\u0131\u015fd\u0131r. \u00dcmid edir\u0259m ki, \u00f6z t\u0259cr\u00fcb\u0259md\u0259n \u015f\u0259h\u0259rd\u0259ki h\u0259r k\u0259sin sa\u011flam v\u0259 sa\u011flam olmas\u0131na k\u00f6m\u0259k etm\u0259k \u00fc\u00e7\u00fcn istifad\u0259 edim.<\/p>\n<p>Kitaryu q\u0259s\u0259b\u0259sin\u0259 qo\u015fulma\u011f\u0131m\u0131z\u0131n s\u0259b\u0259bi koronavirus pandemiyas\u0131n\u0131n t\u0259sirinin \u015f\u0259h\u0259rin m\u0259rk\u0259zind\u0259 \u0259h\u0259miyy\u0259tli olmas\u0131 v\u0259 i\u015fl\u0259rin azald\u0131lmas\u0131 idi. 50 ya\u015f\u0131m tamam olan m\u0259rh\u0259l\u0259y\u0259 yax\u0131nla\u015fanda m\u0259nd\u0259 yeni \u00e7a\u011f\u0131r\u0131\u015flar \u00f6hd\u0259sind\u0259n g\u0259lm\u0259k \u00fc\u00e7\u00fcn g\u00fccl\u00fc bir ist\u0259k hiss etdim. Q\u0259rara g\u0259ldim ki, m\u0259n \u00f6z do\u011fma \u015f\u0259h\u0259rim\u0259 k\u00f6m\u0259k etm\u0259k ist\u0259yir\u0259m.<\/p>\n<p>Yaln\u0131z orta m\u0259kt\u0259b\u0259 q\u0259d\u0259r ya\u015fad\u0131\u011f\u0131m Kitaryu \u015f\u0259h\u0259ri haqq\u0131nda t\u0259\u0259ss\u00fcrat\u0131m ondan ibar\u0259tdir ki, orada ham\u0131 mehriban idi v\u0259 bir-birin\u0259 k\u00f6m\u0259k edirdi. &quot;Bu g\u00fcnl\u0259rd\u0259 \u015f\u0259h\u0259r yerl\u0259rind\u0259 insanlarla \u0259laq\u0259l\u0259r z\u0259ifl\u0259yir, amma \u00fcmid edir\u0259m ki, bu \u015f\u0259h\u0259rd\u0259 h\u0259r c\u00fcr insanla \u00fcnsiyy\u0259td\u0259 \u0259yl\u0259n\u0259c\u0259y\u0259m&quot; dedi \u015eiraishi parlaq t\u0259b\u0259ss\u00fcml\u0259.<\/p>\n<figure class=\"wp-caption aligncenter\"><a href=\"https:\/\/photos.google.com\/share\/AF1QipMv9_RIticeq4rhayWQqclEMToC-HQp4c5j9XjVjye2E9JtFzs_0Q1iIq8rF_Aw3g\/photo\/AF1QipP8Bo3qCDluuhES-uXDdiSLaShpEUE3iFaqms4?key=azBSOThSbG1GSVFMeml5NDRBYU11ODJDa3F0VGln\" target=\"_blank\"><img decoding=\"async\" src=\"https:\/\/lh3.googleusercontent.com\/pw\/AP1GczNKVzyyKvTFVql9iH_QpkbDfqChMOZllU3MF75Y_5i3r9kD6YyZENsnPSAfA8evMlpp_jBgowy3uYBXFJZ1fYMoMev8lSX1LczCYFC71TS7Wk1gHsjsGrzxtSD9Wbt-JuPjvfdx0VXEcJPlIyTvWx1w=w2000-h1500-s-no-gm?authuser=0\" width=\"2000\" height=\"1500\" alt=\"M\u0259\u015fq ota\u011f\u0131\" class=\"size-full\" \/><\/a><figcaption class=\"wp-caption-text\">M\u0259\u015fq ota\u011f\u0131<\/figcaption><\/figure>\n<h3>B\u0259l\u0259diyy\u0259 s\u0259dri Sasaki Yasuhirodan t\u0259\u015fviq<\/h3>\n<figure class=\"wp-caption aligncenter\"><a href=\"https:\/\/photos.google.com\/share\/AF1QipMv9_RIticeq4rhayWQqclEMToC-HQp4c5j9XjVjye2E9JtFzs_0Q1iIq8rF_Aw3g\/photo\/AF1QipNEbdvd97CJ2EdRvOreHYwX2opMDCz1974dn64?key=azBSOThSbG1GSVFMeml5NDRBYU11ODJDa3F0VGln\" target=\"_blank\"><img decoding=\"async\" src=\"https:\/\/lh3.googleusercontent.com\/pw\/AP1GczOGJRpHg886C9cdE3BGW7jdyfCNIN14uJ9g5nrX3NXeBvA8PfuZ7kzlqEVrsFtDm2pjtIGneou8eMDc-j50-P1J81liEqKcW7cJfI7xCNyPTRa3E_vbO21PecLr0qKNoPnh4y8qh9kiyyDd3fUsnkX5=w2000-h1125-s-no-gm?authuser=0\" width=\"2000\" height=\"1125\" alt=\"\u015eirai\u015fi-san Hokuryu \u015f\u0259h\u0259rind\u0259 anadan olub b\u00f6y\u00fcy\u00fcb.\" class=\"size-full\" \/><\/a><figcaption class=\"wp-caption-text\">\u015eirai\u015fi-san Hokuryu \u015f\u0259h\u0259rind\u0259 anadan olub b\u00f6y\u00fcy\u00fcb.<\/figcaption><\/figure>\n<p>\u201cAki \u015eirai\u015fi q\u0131z\u0131m v\u0259 ya o\u011flumla sinif yolda\u015f\u0131 olmasa da, m\u0259n onu u\u015faql\u0131qdan yax\u015f\u0131 tan\u0131y\u0131ram.<\/p>\n<p>M\u0259n onu da bilirdim ki, o, Asahikavada stol\u00fcst\u00fc tennis oynamaq \u00fc\u00e7\u00fcn orta m\u0259kt\u0259b\u0259 gedib v\u0259 sonra Tokio Qad\u0131n B\u0259d\u0259n T\u0259rbiy\u0259si Universitetind\u0259 oxuyub. Onlar\u0131n Hokuryu q\u0259s\u0259b\u0259sini se\u00e7ib geri qay\u0131dacaqlar\u0131n\u0131 he\u00e7 a\u011fl\u0131ma da g\u0259tirm\u0259zdim. Se\u00e7im zaman\u0131 d\u0259rhal q\u0259rar verdim.<\/p>\n<p>\u015eirai\u015fi-san \u00e7ox enerjili v\u0259 \u015f\u0259n insand\u0131r. Biz \u00e7ox \u015fad\u0131q ki, siz bizim parlaq g\u00fcn\u0259baxanlar q\u0259s\u0259b\u0259miz\u0259 g\u0259lmisiniz v\u0259 siz \u015f\u0259h\u0259r sakinl\u0259rin\u0259 bu sevinci qaytarmaq ist\u0259yirsiniz.<\/p>\n<p>\u0130st\u0259rdim ki, onlar \u015f\u0259h\u0259rd\u0259 ya\u015fad\u0131qlar\u0131 t\u0259cr\u00fcb\u0259l\u0259r\u0259 \u0259saslanaraq m\u00fcxt\u0259lif m\u00fc\u015fahid\u0259l\u0259rini g\u00f6st\u0259rsinl\u0259r v\u0259 b\u00f6l\u00fc\u015fs\u00fcnl\u0259r v\u0259 onlardan \u015f\u0259h\u0259rin istiqam\u0259tini m\u00fc\u0259yy\u0259n etm\u0259k \u00fc\u00e7\u00fcn istifad\u0259 etsinl\u0259r.<\/p>\n<p>Biz ona b\u00f6y\u00fck \u00fcmidl\u0259r b\u0259sl\u0259yirik, \u00e7\u00fcnki o, Hokuryu \u015f\u0259h\u0259rinin h\u0259d\u0259f ald\u0131\u011f\u0131 istiqam\u0259t\u0259 m\u00fck\u0259mm\u0259l uy\u011fun g\u0259lir. Z\u0259hm\u0259t olmasa bunu s\u0259rb\u0259st \u015f\u0259kild\u0259 edin. Yerli canland\u0131rma \u00fczr\u0259 \u0259m\u0259kda\u015fl\u0131q komandas\u0131n\u0131n lideri kimi, l\u00fctf\u0259n, liderliyi g\u00f6t\u00fcr\u00fcn v\u0259 \u00e7ox \u00e7al\u0131\u015f\u0131n.<\/p>\n<p>Onun g\u0259l\u0259c\u0259k i\u015fi hovuzla ba\u011fl\u0131 i\u015fl\u0259ri d\u0259 \u0259hat\u0259 ed\u0259c\u0259k v\u0259 o, h\u0259m\u00e7inin B&amp;G t\u0259limind\u0259 i\u015ftirak ed\u0259c\u0259k, buna g\u00f6r\u0259 d\u0259 m\u0259n bunu s\u0259birsizlikl\u0259 g\u00f6zl\u0259yir\u0259m\u201d, - mer Sasaki bildirib.<\/p>\n<figure class=\"wp-caption aligncenter\"><a href=\"https:\/\/photos.google.com\/share\/AF1QipMv9_RIticeq4rhayWQqclEMToC-HQp4c5j9XjVjye2E9JtFzs_0Q1iIq8rF_Aw3g\/photo\/AF1QipONw9cAXTpNwttgWQ-cnl-C5y2nka0NUvR1XR8?key=azBSOThSbG1GSVFMeml5NDRBYU11ODJDa3F0VGln\" target=\"_blank\"><img decoding=\"async\" src=\"https:\/\/lh3.googleusercontent.com\/pw\/AP1GczNnhZxd2ugWmY4jJvUyeAES9wdGbDN_s_7uZ6EjIOBOqdeuqfu2inWrUYc8G0zcqk3y4AtmGNqa8cnOdB5e9W3ynPTjEKfWVV5p1CRlamiYI7wl_bq81izv0AaHcUkGKAQfjJEtRFrNNdJTSptb3qkp=w2000-h1500-s-no-gm?authuser=0\" width=\"2000\" height=\"1500\" alt=\"M\u0259\u015fq ota\u011f\u0131n\u0131n p\u0259nc\u0259r\u0259sind\u0259n g\u00f6r\u00fcnd\u00fcy\u00fc kimi tam \u00e7i\u00e7\u0259kl\u0259n\u0259n albal\u0131 \u00e7i\u00e7\u0259kl\u0259ri\" class=\"size-full\" \/><\/a><figcaption class=\"wp-caption-text\">M\u0259\u015fq ota\u011f\u0131n\u0131n p\u0259nc\u0259r\u0259sind\u0259n g\u00f6r\u00fcnd\u00fcy\u00fc kimi tam \u00e7i\u00e7\u0259kl\u0259n\u0259n albal\u0131 \u00e7i\u00e7\u0259kl\u0259ri<\/figcaption><\/figure>\n<h2>2. Kitabxana \u0130nzibati K\u00f6m\u0259k\u00e7isi, Watanabe Atsuko<\/h2>\n<figure class=\"wp-caption aligncenter\"><a href=\"https:\/\/photos.google.com\/share\/AF1QipMv9_RIticeq4rhayWQqclEMToC-HQp4c5j9XjVjye2E9JtFzs_0Q1iIq8rF_Aw3g\/photo\/AF1QipNEYZs4otyhm18hx5ZG4iZaU3uEi9nE_kXGYZs?key=azBSOThSbG1GSVFMeml5NDRBYU11ODJDa3F0VGln\" target=\"_blank\"><img decoding=\"async\" src=\"https:\/\/lh3.googleusercontent.com\/pw\/AP1GczPkJ7AOe_qWbjxr7Bg6lq7RippFWp1i3ogOMCGS-C_Xn7HgsvnpB3GjCgL-IMPbjDn8rNv8MVsZjt7VOPxhyatjC8JvI6UVrxfYZLtLeZhs360yb3BpmR7a3x8NbhEvavyQNMY-qYYOC4smqmV7_7VH=w2000-h1333-s-no-gm?authuser=0\" width=\"2000\" height=\"1333\" alt=\"Atsuko Vatanabe\" class=\"size-full\" \/><\/a><figcaption class=\"wp-caption-text\">Atsuko Vatanabe<\/figcaption><\/figure>\n<p>&quot;Ke\u00e7\u0259n ilin may ay\u0131ndan burada administrator k\u00f6m\u0259k\u00e7isi i\u015fl\u0259yir\u0259m. Ad\u0131m Atsuko Vatanabedir (42 ya\u015f). M\u0259n \u0259sl\u0259n Fukaqava \u015f\u0259h\u0259rind\u0259n\u0259m. H\u0259mi\u015f\u0259 kitabxanada i\u015fl\u0259m\u0259k ist\u0259mi\u015f\u0259m, amma a\u00e7\u0131l\u0131\u015flar \u00e7ox deyildi, ona g\u00f6r\u0259 d\u0259 f\u0259rqli i\u015fl\u0259 m\u0259\u015f\u011ful oldum. Bu \u015f\u0259h\u0259r\u0259 i\u015f\u0259 q\u0259bul ba\u015flayanda m\u00fcraci\u0259t etdim.<\/p>\n<p>&quot;Haz\u0131rda t\u0259hsil m\u00fcdirinin r\u0259hb\u0259rliyi il\u0259 Hokuryu \u015f\u0259h\u0259rinin g\u0259l\u0259c\u0259yini m\u00fczakir\u0259 edirik. \u00dcmid edirik ki, h\u0259r k\u0259si qar\u015f\u0131layan, h\u0259m b\u00f6y\u00fckl\u0259rin, h\u0259m d\u0259 u\u015faqlar\u0131n z\u00f6vq ala bil\u0259c\u0259yi i\u015f\u0131ql\u0131 v\u0259 rahat bir kitabxana yaratma\u011fa \u00e7al\u0131\u015faca\u011f\u0131q&quot;, - dey\u0259 Vatanabe bildirib.<\/p>\n<h3>B\u0259l\u0259diyy\u0259 s\u0259dri Sasaki Yasuhirodan t\u0259\u015fviq<\/h3>\n<p>\u201c\u0130ndi icbari ibtidai v\u0259 tam orta m\u0259kt\u0259bin a\u00e7\u0131l\u0131\u015f\u0131na haz\u0131rl\u0131q m\u0259qs\u0259dil\u0259 t\u0259hsil \u015furas\u0131n\u0131n, kitabxanan\u0131n v\u0259 muzeyin birg\u0259 yenid\u0259n qurulmas\u0131 plan\u0131 var.<\/p>\n<p>Art\u0131q haz\u0131rl\u0131q m\u0259rh\u0259l\u0259sind\u0259yik. H\u0259tta bu m\u0259rh\u0259l\u0259d\u0259 m\u0259nd\u0259 \u201cu\u015faqlar\u0131n s\u0259sini e\u015fitm\u0259k\u201d ist\u0259yi g\u00fccl\u00fcd\u00fcr v\u0259 d\u00fc\u015f\u00fcn\u00fcr\u0259m ki, bu, kitabxanada \u00f6z \u0259ksini tapsa, yax\u015f\u0131 olar.<\/p>\n<p>&quot;M\u0259hz bu m\u00fchitd\u0259 bu iki n\u0259f\u0259r bizi ziyar\u0259t\u0259 g\u0259lib. H\u0259qiq\u0259t\u0259n d\u0259 hiss edir\u0259m ki, u\u015faqlar\u0131n layih\u0259l\u0259ri bu \u015f\u0259h\u0259rin insanlar\u0131na c\u0259sar\u0259t v\u0259 enerji verir. Onlara b\u00f6y\u00fck \u00fcmidl\u0259rim var. Biz onlar\u0131 bacard\u0131\u011f\u0131m\u0131z q\u0259d\u0259r d\u0259st\u0259kl\u0259y\u0259c\u0259yik, ona g\u00f6r\u0259 d\u0259 xahi\u015f edir\u0259m \u00e7\u0259kinm\u0259yin v\u0259 t\u0259klifl\u0259rinizi verm\u0259y\u0259 davam edin. \u018fn y\u00fcks\u0259k v\u0259zif\u0259li \u015f\u0259xsimiz, M\u00fcf\u0259tti\u015f Tanaka, fikirl\u0259rinizi diqq\u0259tl\u0259 dinl\u0259y\u0259c\u0259k v\u0259 m\u00fcvafiq olaraq cavab ver\u0259c\u0259k&quot;, - dey\u0259 Mer Sasaki bildirib.<\/p>\n<h3>Shinryu \u0130btidai M\u0259kt\u0259bin\u0259 k\u00f6\u00e7\u00fcn<\/h3>\n<p>Bu g\u00fcn ibtidai m\u0259kt\u0259bd\u0259 Fukaqava Polis B\u00f6lm\u0259sinin Hekisui Polis B\u00f6lm\u0259sinin r\u0259hb\u0259rliyi alt\u0131nda birinci v\u0259 ikinci, \u00fc\u00e7\u00fcnc\u00fc v\u0259 d\u00f6rd\u00fcnc\u00fc sinif \u015fagirdl\u0259rinin yol h\u0259r\u0259k\u0259ti qaydalar\u0131n\u0131 t\u0259cr\u00fcb\u0259d\u0259n ke\u00e7irdikl\u0259ri \u201cA\u00e7\u0131q havada sinif\u201d ke\u00e7irilib.<\/p>\n<figure class=\"wp-caption aligncenter\"><a href=\"https:\/\/photos.google.com\/share\/AF1QipMv9_RIticeq4rhayWQqclEMToC-HQp4c5j9XjVjye2E9JtFzs_0Q1iIq8rF_Aw3g\/photo\/AF1QipP3I-41O9_JYzpMnYuLYTA_-WIPVp2MSi8K3-A?key=azBSOThSbG1GSVFMeml5NDRBYU11ODJDa3F0VGln\" target=\"_blank\"><img decoding=\"async\" src=\"https:\/\/lh3.googleusercontent.com\/pw\/AP1GczMQgQVuK2qpg3gLiZnrdv4gSnZV1j7_qX4DXiqIBNlshEAZuEbu0DaZpa1Pf8wHGW9LVUtnCaL2yWZhzGxKCTnMjh_ET1LT5Ki0HCcz2eAFFpp8omdxZQyXiuUd7n4ivEu22yNvvfsS7MZ79y8hSYAn=w2000-h1500-s-no-gm?authuser=0\" width=\"2000\" height=\"1500\" alt=\"A\u00e7\u0131q havada sinif ota\u011f\u0131\" class=\"size-full\" \/><\/a><figcaption class=\"wp-caption-text\">A\u00e7\u0131q havada sinif ota\u011f\u0131<\/figcaption><\/figure>\n<h2>3. Yu Kumabayashi, \u015einryu \u0130btidai M\u0259kt\u0259binin direktor m\u00fcavini<\/h2>\n<figure class=\"wp-caption aligncenter\"><a href=\"https:\/\/photos.google.com\/share\/AF1QipMv9_RIticeq4rhayWQqclEMToC-HQp4c5j9XjVjye2E9JtFzs_0Q1iIq8rF_Aw3g\/photo\/AF1QipMp6x7UBANa8rCS7oXIMHTZIR2M4P3xLkD9xwk?key=azBSOThSbG1GSVFMeml5NDRBYU11ODJDa3F0VGln\" target=\"_blank\"><img decoding=\"async\" src=\"https:\/\/lh3.googleusercontent.com\/pw\/AP1GczOVP-ad_lJXy6lqV4l6d0Bxmudt4uJOYdLlpj6aLNbUtLiCxnWs9A38vDHoSOCuYAUSfY88tsJW2VJZ4ZJEObPhgBGTh86tVCY7cYsvR4NgLkjDE8ov2ff8_qHrG0P_lz2KTgHky_8_4-4-_HgZk8C6=w2000-h1333-s-no-gm?authuser=0\" width=\"2000\" height=\"1333\" alt=\"Masaru Kumabayashi, \u015einryu \u0130btidai M\u0259kt\u0259binin Direktor m\u00fcavini\" class=\"size-full\" \/><\/a><figcaption class=\"wp-caption-text\">Masaru Kumabayashi, \u015einryu \u0130btidai M\u0259kt\u0259binin Direktor m\u00fcavini<\/figcaption><\/figure>\n<p>\u201cM\u0259n Kumabayashi Masaru (47 ya\u015f) v\u0259 bu yax\u0131nlarda Shinryu \u0130btidai M\u0259kt\u0259binin direktor m\u00fcavini kimi yeni v\u0259zif\u0259mi tutdum.<\/p>\n<p>M\u0259n Sapporoda anadan olmu\u015fam v\u0259 \u0130vamizavada ya\u015fam\u0131\u015fam. Haz\u0131rda m\u0259kt\u0259bin yan\u0131ndak\u0131 m\u00fc\u0259lliml\u0259r evind\u0259 ya\u015fay\u0131ram.<\/p>\n<p>M\u0259n beysbol oynay\u0131ram, ona g\u00f6r\u0259 d\u0259 Kitaryu Town beysbol komandas\u0131na qo\u015fulmaq ist\u0259rdim. \u00c7ox sa\u011f olun.<\/p>\n<p>Bu, m\u0259nim ilk d\u0259f\u0259 direktor m\u00fcavini oluram, ona g\u00f6r\u0259 d\u0259 \u015einryu \u0130btidai M\u0259kt\u0259bind\u0259ki u\u015faqlar\u0131n ya\u015faya v\u0259 inki\u015faf ed\u0259 bilm\u0259l\u0259rini t\u0259min etm\u0259k \u00fc\u00e7\u00fcn \u0259limd\u0259n g\u0259l\u0259ni etm\u0259k ist\u0259rdim. G\u0259l\u0259c\u0259kd\u0259 \u00f6vladlar\u0131m\u0131n b\u00f6y\u00fcm\u0259sini s\u0259birsizlikl\u0259 g\u00f6zl\u0259yir\u0259m.<\/p>\n<p>\u0130cbari t\u0259hsil m\u0259kt\u0259bl\u0259rind\u0259 indiy\u0259d\u0259k ibtidai sinifd\u0259 \u00f6yr\u0259dil\u0259nl\u0259r tam orta m\u0259kt\u0259bd\u0259 d\u0259 t\u0259krarlan\u0131rd\u0131, eyni zamanda, h\u0259r ikisind\u0259 \u00e7at\u0131\u015fmayan vaxtlar olurdu. \u00dcmid edirik ki, icbari t\u0259hsil m\u0259kt\u0259bi olmaqla bu m\u0259s\u0259l\u0259l\u0259r \u00f6z h\u0259llini tapacaq v\u0259 t\u0259hsil israfs\u0131z, s\u0259m\u0259r\u0259li \u015f\u0259kild\u0259 davam ed\u0259c\u0259k.<\/p>\n<h4>Momopapa (t\u0259x\u0259ll\u00fcs) MF Books t\u0259r\u0259find\u0259n &quot;Mam\u0131rdan ba\u015flayan ba\u015fqa bir d\u00fcnya h\u0259yat\u0131&quot; kitab\u0131n\u0131n m\u00fc\u0259llifi <\/h4>\n<p>\u0130lk yazd\u0131\u011f\u0131m kitaba t\u0259kan, i\u015f\u0259 ba\u015flayandan sonra m\u0259ni bu janrda (veb-t\u0259qdim olunan romanlar) kitabla tan\u0131\u015f ed\u0259n bir h\u0259mkar\u0131m oldu.<\/p>\n<p>\u00c7ox maraql\u0131 idi v\u0259 onu pulsuz onlayn oxuya bil\u0259c\u0259yim bir sayt var idi, ona g\u00f6r\u0259 d\u0259 sevdiyim janr\u0131 oxuma\u011fa ba\u015flad\u0131m, amma sonra oxuma\u011fa i\u015fim t\u00fck\u0259ndi. Ona g\u00f6r\u0259 d\u0259 d\u00fc\u015f\u00fcnd\u00fcm ki, bunu \u00f6z\u00fcm yazma\u011fa \u00e7al\u0131\u015faca\u011fam.<\/p>\n<p>Qar\u015f\u0131la\u015fd\u0131\u011f\u0131m hekay\u0259 bir tanr\u0131n\u0131n etdiyi bir s\u0259hv ucbat\u0131ndan bir s\u0131ra m\u00fcxt\u0259lif reenkarnasyonlar haqq\u0131ndad\u0131r.<\/p>\n<p>M\u00fcxt\u0259lif reenkarnasiya janrlar\u0131 haqq\u0131nda d\u00fc\u015f\u00fcn\u0259rk\u0259n, bitkil\u0259rin alt\u0131nda hans\u0131 janr\u0131n olaca\u011f\u0131 il\u0259 maraqlananda a\u011fl\u0131ma \u201cmam\u0131r\u201d g\u0259ldi, ona g\u00f6r\u0259 d\u0259 ba\u015f q\u0259hr\u0259man\u0131n reenkarnasiyas\u0131 \u00fc\u00e7\u00fcn \u201cmam\u0131r\u201d\u0131 ba\u015flan\u011f\u0131c n\u00f6qt\u0259si etm\u0259k q\u0259rar\u0131na g\u0259ldim.<\/p>\n<p>Bu kitab m\u00fc\u0259lliml\u0259r v\u0259 ail\u0259l\u0259r t\u0259r\u0259find\u0259n r\u0259\u011fb\u0259tl\u0259 qar\u015f\u0131lan\u0131b v\u0259 onun heyr\u0259tamiz oldu\u011funu s\u00f6yl\u0259yirl\u0259r. Bu hekay\u0259 orta m\u0259kt\u0259b \u015fagirdl\u0259ri \u00fc\u00e7\u00fcn n\u0259z\u0259rd\u0259 tutulsa da, m\u0259n bunu h\u0259l\u0259 d\u0259 m\u0259kt\u0259bd\u0259ki u\u015faqlardan gizli saxlay\u0131ram (g\u00fcl\u00fcr),\u201d direktor m\u00fcavini Kumabaya\u015fi utanaraq dedi.<\/p>\n<p><a href=\"https:\/\/www.amazon.co.jp\/%E8%8B%94%E3%81%8B%E3%82%89%E5%A7%8B%E3%81%BE%E3%82%8B%E7%95%B0%E4%B8%96%E7%95%8C%E3%83%A9%E3%82%A4%E3%83%951-MF%E3%83%96%E3%83%83%E3%82%AF%E3%82%B9-%E3%82%82%E3%82%82%E3%81%B1%E3%81%B1\/dp\/4046841389\/ref=tmm_hrd_swatch_0?_encoding=UTF8&#038;dib_tag=se&#038;dib=eyJ2IjoiMSJ9.6O-5cg43B9Ujzxligpe7EA.144f4ofa39diuBG3ZaHjo56JOyDb-ki5ltAp-abaZBk&#038;qid=1746955032&#038;sr=1-1\" target=\"_blank\">\ud83d\udcd8\u3010Amazon\u3011<strong>Moss 1-d\u0259n ba\u015flayan ba\u015fqa bir d\u00fcnya h\u0259yat\u0131<\/strong>(MF Books) S\u0259rt \u00fczl\u00fc \u2013 24 yanvar 2025-ci il Momopapa (m\u00fc\u0259llif), Muni (ill\u00fcstrator)<\/a><\/p>\n<h3>B\u0259l\u0259diyy\u0259 s\u0259dri Sasaki Yasuhirodan t\u0259\u015fviq<\/h3>\n<p>\u201cM\u0259nim onunla d\u0259f\u0259l\u0259rl\u0259 dan\u0131\u015fmaq imkan\u0131m olub v\u0259 o, g\u00f6z\u0259l insan, inan\u0131lmaz alim v\u0259 idman\u00e7\u0131d\u0131r.<\/p>\n<p>O, u\u015faqlara g\u00fccl\u00fc perspektiv\u0259 malikdir v\u0259 m\u0259n hiss edir\u0259m ki, o, onlar\u0131n m\u0259kt\u0259bd\u0259 g\u0259l\u0259c\u0259k icbari t\u0259hsilinin \u0259sas\u0131n\u0131 qoymaq \u00fc\u00e7\u00fcn m\u00fck\u0259mm\u0259l direktor m\u00fcavinidir. M\u0259n h\u0259qiq\u0259t\u0259n bunu s\u0259birsizlikl\u0259 g\u00f6zl\u0259yir\u0259m.<\/p>\n<p>M\u0259n d\u0259 direktor m\u00fcavini Kumabayashi-nin m\u00fc\u0259llif olmas\u0131ndan m\u0259mnunam v\u0259 h\u0259y\u0259canl\u0131yam\u201d, - mer Sasaki bildirib.<\/p>\n<figure class=\"wp-caption aligncenter\"><a href=\"https:\/\/photos.google.com\/share\/AF1QipMv9_RIticeq4rhayWQqclEMToC-HQp4c5j9XjVjye2E9JtFzs_0Q1iIq8rF_Aw3g\/photo\/AF1QipN39rHdMi9z7dD0r_Cmi11-Cmldnyw7qE55RkY?key=azBSOThSbG1GSVFMeml5NDRBYU11ODJDa3F0VGln\" target=\"_blank\"><img decoding=\"async\" src=\"https:\/\/lh3.googleusercontent.com\/pw\/AP1GczPY4Tc7DOTy-T1R7IYn7MHarrNO-Ad9mehkVrBWbPiyviASmK4nMWs3sohMRbSBKsqRspI1EN53uweVA7pxzmVzdaXa6z69Zi8Ow_jKBQbymyi2B1gEuG_T66DW0hUrCypunn0kBIY0X-WVJZWTgRI2=w2000-h1500-s-no-gm?authuser=0\" width=\"2000\" height=\"1500\" alt=\"Soldan: Ba\u015f Sadao Kamata, B\u0259l\u0259diyy\u0259 Ba\u015f\u00e7\u0131s\u0131 Yasuhiro Sasaki v\u0259 Direktor m\u00fcavini Masaru Kumabaya\u015fi yumruqlar\u0131n\u0131 havaya qald\u0131r\u0131r!\" class=\"size-full\" \/><\/a><figcaption class=\"wp-caption-text\">Soldan: Ba\u015f Sadao Kamata, B\u0259l\u0259diyy\u0259 Ba\u015f\u00e7\u0131s\u0131 Yasuhiro Sasaki v\u0259 Direktor m\u00fcavini Masaru Kumabaya\u015fi yumruqlar\u0131n\u0131 havaya qald\u0131r\u0131r!<\/figcaption><\/figure>\n<h3>Shinryu \u0130btidai M\u0259kt\u0259bind\u0259 qap\u0131\u00e7\u0131 olan Toshio Ishikawa&#039;n\u0131n h\u0259v\u0259sl\u0259ndirilm\u0259si<\/h3>\n<figure class=\"wp-caption aligncenter\"><a href=\"https:\/\/photos.google.com\/share\/AF1QipMv9_RIticeq4rhayWQqclEMToC-HQp4c5j9XjVjye2E9JtFzs_0Q1iIq8rF_Aw3g\/photo\/AF1QipMQ7-PwCJjaXZ4zfGDyHMy-vdCbJYpnEuohSeg?key=azBSOThSbG1GSVFMeml5NDRBYU11ODJDa3F0VGln\" target=\"_blank\"><img decoding=\"async\" src=\"https:\/\/lh3.googleusercontent.com\/pw\/AP1GczM9QagTHz5_mCbyf22ZNxhwCQ0e1mTFa3-yJWp5U3AJm0JYpEBaVEJxEZxKWtuhJMPzXnxHP3smq4p0WTVQ8Ow8RMxF_cbxW0W1dEf4BPkQInTNBpkO9aRQYac0UPEqtrOx5h_hFU3mdUKChXib5xlv=w2000-h1500-s-no-gm?authuser=0\" width=\"2000\" height=\"1500\" alt=\"Toshio Ishikawa, Shinryu \u0130btidai m\u0259kt\u0259binin qap\u0131\u00e7\u0131s\u0131\" class=\"size-full\" \/><\/a><figcaption class=\"wp-caption-text\">Toshio Ishikawa, Shinryu \u0130btidai m\u0259kt\u0259binin qap\u0131\u00e7\u0131s\u0131<\/figcaption><\/figure>\n<h3>Hokuryu Orta M\u0259kt\u0259bin\u0259 k\u00f6\u00e7\u00fcr\u00fck<\/h3>\n<h2>4. Takao Miyo\u015fi, Hokuryu Orta M\u0259kt\u0259binin direktoru<\/h2>\n<figure class=\"wp-caption aligncenter\"><a href=\"https:\/\/photos.google.com\/share\/AF1QipMv9_RIticeq4rhayWQqclEMToC-HQp4c5j9XjVjye2E9JtFzs_0Q1iIq8rF_Aw3g\/photo\/AF1QipMxB29R_jgrZ2wJRL8Ei07F39tBjEL_3CWzC3w?key=azBSOThSbG1GSVFMeml5NDRBYU11ODJDa3F0VGln\" target=\"_blank\"><img decoding=\"async\" src=\"https:\/\/lh3.googleusercontent.com\/pw\/AP1GczO1QP4N0UqPMG0WOvddX3eASbx_6-HyffJTgrrSCCwYFSVhJxwA2B0UttAVSpSW2XPz4gEBLMugoTHDSVMWJh74OxUmLEtBaRzSsMnCZTbamjJgUpVxroZsYvswD_KB83kmnV0z1-scHiXg9aULEkj9=w2000-h1333-s-no-gm?authuser=0\" width=\"2000\" height=\"1333\" alt=\"C\u0259nab Takahiro Miyoshi, Hokuryu Orta M\u0259kt\u0259binin direktoru\" class=\"size-full\" \/><\/a><figcaption class=\"wp-caption-text\">C\u0259nab Takahiro Miyoshi, Hokuryu Orta M\u0259kt\u0259binin direktoru<\/figcaption><\/figure>\n<p>\u201cM\u0259n Miyo\u015fi (56 ya\u015f), Hokuryu Orta M\u0259kt\u0259binin direktoruyam v\u0259 aprelin 1-d\u0259 Uryu \u0130btidai m\u0259kt\u0259bind\u0259n buradayam. M\u0259n Tsukiqata q\u0259s\u0259b\u0259sind\u0259 anadan olmu\u015fam v\u0259 \u0130vamizava \u015f\u0259h\u0259rind\u0259 ya\u015fay\u0131ram.<\/p>\n<p>M\u0259n el\u0259 bir m\u0259kt\u0259b yaratmaq ist\u0259yir\u0259m ki, u\u015faqlar \u201cM\u0259kt\u0259b \u0259yl\u0259nc\u0259lidir\u201d dey\u0259 d\u00fc\u015f\u00fcn\u0259 bilsinl\u0259r. G\u00fcn\u0259baxanlar\u0131 il\u0259 m\u0259\u015fhur olan m\u0259kt\u0259b\u0259 t\u0259yin olundu\u011fuma g\u00f6r\u0259 \u00e7ox \u015fadam. D\u0259st\u0259yiniz \u00fc\u00e7\u00fcn \u00e7ox sa\u011f olun, h\u0259r k\u0259s\u0259.<\/p>\n<p>Hokuryu q\u0259s\u0259b\u0259si g\u00fcn\u0259baxanlar v\u0259 isti bulaqlar \u015f\u0259h\u0259ridir, ona g\u00f6r\u0259 d\u0259 m\u0259n onu \u00e7ox ya\u015fana bil\u0259n \u015f\u0259h\u0259r hesab edir\u0259m.<\/p>\n<p>T\u0259l\u0259b\u0259l\u0259r c\u0259mi 35 n\u0259f\u0259rd\u0259n ibar\u0259t ki\u00e7ik bir ail\u0259dir, lakin ham\u0131s\u0131 \u00e7ox \u00e7al\u0131\u015fqand\u0131rlar. Bu t\u0259l\u0259b\u0259l\u0259r h\u0259r g\u00fcn qay\u011f\u0131 v\u0259 s\u0259mimiyy\u0259tl\u0259 komit\u0259 f\u0259aliyy\u0259ti v\u0259 t\u0259mizlik kimi m\u00fcxt\u0259lif f\u0259aliyy\u0259tl\u0259rd\u0259 i\u015ftirak ed\u0259 bilirl\u0259r.<\/p>\n<p>T\u0259l\u0259b\u0259l\u0259rin \u00f6z \u015f\u0259h\u0259rl\u0259rind\u0259ki g\u00fcn\u0259baxanlarla f\u0259xr etdikl\u0259rini h\u0259qiq\u0259t\u0259n anlay\u0131ram. \u0130nan\u0131ram ki, bu hiss insanda \u00f6z do\u011fma \u015f\u0259h\u0259rini \u0259zizl\u0259m\u0259k ist\u0259yin\u0259 s\u0259b\u0259b olacaq\u201d, - dey\u0259 direktor Miyo\u015fi bildirib.<\/p>\n<h3>B\u0259l\u0259diyy\u0259 s\u0259dri Sasaki Yasuhirodan t\u0259\u015fviq<\/h3>\n<figure class=\"wp-caption aligncenter\"><a href=\"https:\/\/photos.google.com\/share\/AF1QipMv9_RIticeq4rhayWQqclEMToC-HQp4c5j9XjVjye2E9JtFzs_0Q1iIq8rF_Aw3g\/photo\/AF1QipN97rCHcQkim9bLnBMrEQVdpHf1i7XPIvy3eoI?key=azBSOThSbG1GSVFMeml5NDRBYU11ODJDa3F0VGln\" target=\"_blank\"><img decoding=\"async\" src=\"https:\/\/lh3.googleusercontent.com\/pw\/AP1GczMIqHpNrFXltnmmXzdRex7txKSRW7-gXWTVYazb5YtT7mLRONDOejNNbahuRHK584x-kRLdWTSV2USAo7tm9K166FmeZN1ly4trz6DlpxqA6UvptrHMxwuiSDsFpFSlQnnf9PblV6VTAp26uxaISnbi=w2000-h1500-s-no-gm?authuser=0\" width=\"2000\" height=\"1500\" alt=\"C\u0259nab Takahiro Miyoshi, Hokuryu Orta M\u0259kt\u0259binin direktoru\" class=\"size-full\" \/><\/a><figcaption class=\"wp-caption-text\">Takahiro Miyoshi, Hokuryu Orta M\u0259kt\u0259binin direktoru<\/figcaption><\/figure>\n<p>&quot;O, aprel ay\u0131ndan buradad\u0131r v\u0259 bizim m\u00fcxt\u0259lif m\u00f6vzular haqq\u0131nda dan\u0131\u015fmaq imkan\u0131m\u0131z oldu. Biz direktor Miyo\u015finin fikirl\u0259rini v\u0259 t\u0259hsill\u0259 ba\u011fl\u0131 \u015f\u0259h\u0259rin istiqam\u0259tini e\u015fitdik.<\/p>\n<p>Ke\u00e7\u0259n h\u0259ft\u0259 m\u0259n d\u0259 m\u00fc\u0259llim t\u0259limind\u0259 i\u015ftirak etdim. Hiss edir\u0259m ki, onlar ir\u0259liy\u0259 do\u011fru ged\u0259n bir orta m\u0259kt\u0259b kimi h\u0259qiq\u0259t\u0259n \u00e7ox \u00e7al\u0131\u015f\u0131rlar. Biz birl\u0259\u015fmi\u015f ibtidai v\u0259 orta m\u0259kt\u0259bimiz \u00fc\u00e7\u00fcn haz\u0131rl\u0131q d\u00f6vr\u00fcn\u0259 q\u0259d\u0259m qoyduq, ona g\u00f6r\u0259 d\u0259 davaml\u0131 d\u0259st\u0259yiniz\u0259 g\u00f6r\u0259 minn\u0259tdar\u0131q.<\/p>\n<p>H\u0259r il ke\u00e7iril\u0259n G\u00fcn\u0259baxan Festival\u0131nda h\u0259r k\u0259si salamlayan simvol Hokuryu q\u0259s\u0259b\u0259 m\u0259kt\u0259binin \u015fagirdl\u0259rinin yaratd\u0131\u011f\u0131 &quot;D\u00fcnya G\u00fcn\u0259baxan B\u0259l\u0259d\u00e7isi&quot;dir. &quot;M\u0259n \u00e7ox \u015fadam ki, t\u0259l\u0259b\u0259l\u0259r s\u0259yah\u0259t\u0259 bel\u0259 s\u0259mimi qonaqp\u0259rv\u0259rlikl\u0259 ba\u015flad\u0131lar v\u0259 onlar\u0131 Himavari no Satoda qar\u015f\u0131lad\u0131lar&quot; dedi mer Sasaki.<\/p>\n<h3>Hokuryu Town Hall&#039;a k\u00f6\u00e7\u00fcr\u00fcn<\/h3>\n<h2>5. Turizm: Masato Sakai (Regional Dir\u00e7\u0259li\u015f K\u00f6n\u00fcll\u00fcs\u00fc)<\/h2>\n<figure class=\"wp-caption aligncenter\"><a href=\"https:\/\/photos.google.com\/share\/AF1QipMv9_RIticeq4rhayWQqclEMToC-HQp4c5j9XjVjye2E9JtFzs_0Q1iIq8rF_Aw3g\/photo\/AF1QipPMv6UGEy7rwrGXmAaobVQGRaqIDx6iWagr3bk?key=azBSOThSbG1GSVFMeml5NDRBYU11ODJDa3F0VGln\" target=\"_blank\"><img decoding=\"async\" src=\"https:\/\/lh3.googleusercontent.com\/pw\/AP1GczOXMPkLJpRiXegA6KOoDXK1miaib39jY5MC0d7WI2a__EittJRhi67oBrbSkt-DrurVf8q0u4UvPu0ceAHG3w-90dUx8yN40wMwKtvjywG4F8U5kk9g7xvY80DXAFKs6brM80JIS39FWtGauDeq4bgI=w2000-h1333-s-no-gm?authuser=0\" width=\"2000\" height=\"1333\" alt=\"Turizm: Yuto Sakai (Regional Canland\u0131rma K\u00f6n\u00fcll\u00fcs\u00fc)\" class=\"size-full\" \/><\/a><figcaption class=\"wp-caption-text\">Turizm: Yuto Sakai (Regional Canland\u0131rma K\u00f6n\u00fcll\u00fcs\u00fc)<\/figcaption><\/figure>\n<p>M\u0259nim ad\u0131m Yuto Sakai (29 ya\u015f). M\u0259n \u0259sl\u0259n Niiqata prefekturas\u0131ndanam. M\u0259n \u00fc\u00e7 il qon\u015fu \u00c7i\u015fibetsu \u015f\u0259h\u0259rind\u0259 yerli canland\u0131rma k\u00f6n\u00fcll\u00fcs\u00fc kimi \u00e7al\u0131\u015fd\u0131m.<\/p>\n<p>M\u0259n turizml\u0259 maraqlan\u0131ram, ona g\u00f6r\u0259 d\u0259 Hokuryu \u015f\u0259h\u0259rinin Himavari b\u00f6lg\u0259sind\u0259 turizmin t\u0259\u015fviqin\u0259 t\u00f6hf\u0259 verm\u0259k ist\u0259rdim. \u0130nan\u0131ram ki, Hokuryu q\u0259s\u0259b\u0259sind\u0259ki g\u00fcn\u0259baxanlar Kita Sorachi b\u00f6lg\u0259si \u00fc\u00e7\u00fcn \u0259h\u0259miyy\u0259tli bir turizm m\u0259nb\u0259yidir, ona g\u00f6r\u0259 d\u0259 i\u00e7\u0259ri girib m\u00fcxt\u0259lif \u015feyl\u0259r \u00f6yr\u0259nm\u0259k ist\u0259dim.<\/p>\n<p>\u0130nstaqramda m\u0259lumat yerl\u0259\u015fdirm\u0259y\u0259 ba\u015flam\u0131\u015f\u0131q. \u0130ndi Hokuryu q\u0259s\u0259b\u0259sind\u0259 albal\u0131 \u00e7i\u00e7\u0259kl\u0259ri a\u00e7\u0131r. \u00dcmid edir\u0259m ki, Hokuryunun cazib\u0259darl\u0131\u011f\u0131 haqq\u0131nda daha \u00e7ox \u00f6yr\u0259nm\u0259y\u0259 v\u0259 s\u00f6z\u00fc yayma\u011fa davam edim\u201d, - Sakai deyir.<\/p>\n<figure id=\"attachment_58278\" class=\"wp-caption aligncenter\"><a href=\"https:\/\/www.instagram.com\/sunflower_hokuryu\/\" target=\"_blank\"><img decoding=\"async\" src=\"https:\/\/portal.hokuryu.info\/wp\/wp-content\/uploads\/2025\/05\/2025-05-10-14.51.14.jpg\" alt=\"Hokuryu Town G\u00fcn\u0259baxan Turizm D\u0259rn\u0259yi \ud83c\udf3b Instagram\" width=\"1760\" height=\"1392\" class=\"size-full wp-image-58278\" \/><figcaption class=\"wp-caption-text\">Hokuryu Town G\u00fcn\u0259baxan Turizm D\u0259rn\u0259yi \ud83c\udf3b Instagram<\/a><\/figcaption><\/figure>\n<h3>B\u0259l\u0259diyy\u0259 s\u0259dri Sasaki Yasuhirodan t\u0259\u015fviq<\/h3>\n<figure class=\"wp-caption aligncenter\"><a href=\"https:\/\/photos.google.com\/share\/AF1QipMv9_RIticeq4rhayWQqclEMToC-HQp4c5j9XjVjye2E9JtFzs_0Q1iIq8rF_Aw3g\/photo\/AF1QipMCr7r1RJqnmCfPENmyhXcJsddau_PlGNqpeEw?key=azBSOThSbG1GSVFMeml5NDRBYU11ODJDa3F0VGln\" target=\"_blank\"><img decoding=\"async\" src=\"https:\/\/lh3.googleusercontent.com\/pw\/AP1GczOnJzpBFbiWXXWLV7VmZ707B3e6oqUB2hnrDCD80X4zvtnCB7JG5o-SDOXMNu7M4WhMNgIK0AVNtWafIGhWzyQSnSixT4vzkQcDbWq4fiNpwMNNctecwBo4VttvR50DReAsxp0O7M5NwacXmW-Z-Scx=w2000-h1500-s-no-gm?authuser=0\" width=\"2000\" height=\"1500\" alt=\"B\u0259l\u0259diyy\u0259 s\u0259dri Sasaki Yasuhiro v\u0259 Yuto Sakai\" class=\"size-full\" \/><\/a><figcaption class=\"wp-caption-text\">B\u0259l\u0259diyy\u0259 s\u0259dri Sasaki Yasuhiro v\u0259 Yuto Sakai<\/figcaption><\/figure>\n<p>&quot;C\u0259nab Sakai Sora\u00e7id\u0259 yerli canland\u0131rma \u0259m\u0259kda\u015fl\u0131\u011f\u0131 k\u00f6n\u00fcll\u00fcl\u0259ri \u015f\u0259b\u0259k\u0259si yarad\u0131b v\u0259 h\u0259min qrupun n\u00fcmay\u0259nd\u0259sidir. M\u0259n onunla \u00e7oxdan maraqlan\u0131ram.<\/p>\n<p>Sakai-san\u0131n Hokuryuda g\u00fcn\u0259baxan turizmi haqq\u0131nda m\u0259lumat yaymaq arzusu var idi v\u0259 o, bu i\u015f \u00fc\u00e7\u00fcn m\u00fck\u0259mm\u0259l insan idi, ona g\u00f6r\u0259 d\u0259 bu \u0259laq\u0259ni qura bildiyimiz \u00fc\u00e7\u00fcn \u00e7ox sevindim.<\/p>\n<p>\u0130st\u0259rdim ki, \u0259n \u00e7ox ist\u0259diyiniz \u015fey olan turizmin canland\u0131r\u0131lmas\u0131na g\u00fccl\u00fc diqq\u0259t yetir\u0259r\u0259k m\u00fcxt\u0259lif fikirl\u0259ri yayma\u011f\u0131n\u0131z\u0131 ist\u0259rdim. Biz yax\u0131n g\u0259l\u0259c\u0259kd\u0259 Kitaryuda turizmi inki\u015faf etdirm\u0259y\u0259 davam etm\u0259k ist\u0259rdik. Biz bunu s\u0259birsizlikl\u0259 g\u00f6zl\u0259yirik! \u201d mer Sasaki bildirib.<br \/>\n\u3000<br \/>\n\n        <div class=\"site-blogcard-premium\">\n            <div class=\"bc-label-custom\">\u018flaq\u0259dar m\u0259qal\u0259l\u0259r<\/div>\n            <div class=\"bc-flex-container\">\n                <div class=\"bc-main-text\">\n                    <div class=\"bc-title-link-box\">\n                        <a href=\"https:\/\/sorachi-de-view.com\/sorachi\/chiikiokoshi_nw\" target=\"_blank\">[23 iyun Bazar g\u00fcn\u00fc ke\u00e7iril\u0259n y\u00fcr\u00fc\u015f] Sorachi Regional Canlanma \u018fm\u0259kda\u015fl\u0131q Komandas\u0131 \u015e\u0259b\u0259k\u0259si Yarad\u0131ld\u0131! | Sorachi Deb\u00fct\u00fc - Sapporodan bir g\u00fcnl\u00fck s\u0259yah\u0259td\u0259 Hokkaydodan h\u0259zz al\u0131n -<\/a>\n                    <\/div>\n                    <div class=\"bc-excerpt-box\">Sorachi de View, Hokkaydo adas\u0131n\u0131n Sorachi b\u00f6lg\u0259sind\u0259ki az tan\u0131nan m\u00f6vzular haqq\u0131nda yerli bir bloqdur v\u0259 yem\u0259k, g\u00f6rm\u0259li yerl\u0259r v\u0259 daha \u00e7ox \u015fey \u00fc\u00e7\u00fcn yerli t\u00f6vsiy\u0259l\u0259ri \u00f6z\u00fcnd\u0259 c\u0259ml\u0259\u015fdirir...<\/div>\n                <\/div>\n                <div class=\"bc-thumbnail-box\">\n                    <a href=\"https:\/\/sorachi-de-view.com\/sorachi\/chiikiokoshi_nw\" target=\"_blank\">\n                        <div class=\"bc-img-zoom-wrap\">\n                            <img decoding=\"async\" src=\"https:\/\/sorachi-de-view.com\/uploads\/images\/00_2024%EF%BC%88%E6%9C%88%E5%88%A5%E6%A0%BC%E7%B4%8D%EF%BC%89\/2024.6\/0606\/%E7%A9%BA%E7%9F%A5NW\/%E3%82%B5%E3%83%A0%E3%83%8D%E3%82%A4%E3%83%AB.png\" alt=\"[23 iyun Bazar g\u00fcn\u00fc ke\u00e7iril\u0259n y\u00fcr\u00fc\u015f] Sorachi Regional Canlanma \u018fm\u0259kda\u015fl\u0131q Komandas\u0131 \u015e\u0259b\u0259k\u0259si Yarad\u0131ld\u0131! | Sorachi Deb\u00fct\u00fc - Sapporodan bir g\u00fcnl\u00fck s\u0259yah\u0259td\u0259 Hokkaydodan h\u0259zz al\u0131n -\">\n                        <\/div>\n                    <\/a>\n                <\/div>\n            <\/div>\n        <\/div>\n\u3000<br \/>\n<figure class=\"wp-caption aligncenter\"><a href=\"https:\/\/photos.google.com\/share\/AF1QipMv9_RIticeq4rhayWQqclEMToC-HQp4c5j9XjVjye2E9JtFzs_0Q1iIq8rF_Aw3g\/photo\/AF1QipPg0LHsVNwjRotan_1wTJ4DKRxXS4lzd6-65UY?key=azBSOThSbG1GSVFMeml5NDRBYU11ODJDa3F0VGln\" target=\"_blank\"><img decoding=\"async\" src=\"https:\/\/lh3.googleusercontent.com\/pw\/AP1GczOeFhHsrhxyBGj-g2-Lum-_j6Zj_z6-BdmMsQ2gOAmFi9ntbRyDWaz2pz_jKBcUaqNQ9HwKNN3ynIsrwKx4LCp0t-O-t7u5b65dSVJ56RhIDexDpLVnmemofK1yzCBP0CLRtzwdTDjRtosDhxabvOhh=w2000-h1500-s-no-gm?authuser=0\" width=\"2000\" height=\"1500\" alt=\"B\u0259l\u0259diyy\u0259 binas\u0131n\u0131n giri\u015find\u0259 g\u00fcn\u0259baxan d\u00fcz\u00fcm\u00fc\" class=\"size-full\" \/><\/a><figcaption class=\"wp-caption-text\">B\u0259l\u0259diyy\u0259 binas\u0131n\u0131n giri\u015find\u0259 g\u00fcn\u0259baxan d\u00fcz\u00fcm\u00fc<\/figcaption><\/figure>\n<h2>6. T\u0259dbirl\u0259r: Masayuki Takatsuki (Regional Dir\u00e7\u0259li\u015f K\u00f6n\u00fcll\u00fcs\u00fc)<\/h2>\n<figure class=\"wp-caption aligncenter\"><a href=\"https:\/\/photos.google.com\/share\/AF1QipMv9_RIticeq4rhayWQqclEMToC-HQp4c5j9XjVjye2E9JtFzs_0Q1iIq8rF_Aw3g\/photo\/AF1QipPONSjZIxe4mO5Tux0ZhraQeT0RhNshUgzhuhA?key=azBSOThSbG1GSVFMeml5NDRBYU11ODJDa3F0VGln\" target=\"_blank\"><img decoding=\"async\" src=\"https:\/\/lh3.googleusercontent.com\/pw\/AP1GczPhYA-dUfGRBNKFMGvoYqto98GbcEPnpHD1ZXlyqp9QrLy9Iig_jxzOzQTnOV9nIW4gHl3NqfE8a3Wm6Ef9Pb7O-tKhMpWqFGgfOnnuGnCUma3v-fiibARbkRQT84-9MxYqr5-_vqqHvJ3UV6OY6UDN=w2000-h1333-s-no-gm?authuser=0\" width=\"2000\" height=\"1333\" alt=\"T\u0259dbirl\u0259r: Masayuki Takatsuki (Regional Canland\u0131rma K\u00f6n\u00fcll\u00fcs\u00fc)\" class=\"size-full\" \/><\/a><figcaption class=\"wp-caption-text\">T\u0259dbirl\u0259r: Masayuki Takatsuki (Regional Canland\u0131rma K\u00f6n\u00fcll\u00fcs\u00fc)<\/figcaption><\/figure>\n<p>&quot;M\u0259nim ad\u0131m Takatsuki Masayukidir. Tan\u0131\u015f olmaqdan m\u0259mnunam. M\u0259n \u015einhidaka q\u0259s\u0259b\u0259sind\u0259n\u0259m. Ebetsuda Hokkaydo \u0130nformasiya Universitetind\u0259 oxumu\u015fam v\u0259 bu il m\u0259zun olmu\u015fam.<\/p>\n<p>M\u0259n bu t\u0259\u015fkilatla Hokuryu q\u0259s\u0259b\u0259sind\u0259ki &quot;Proyeksiyan\u0131n X\u0259rit\u0259\u00e7\u0259km\u0259&quot; t\u0259dbiri \u00fc\u00e7\u00fcn video istehsal\u0131nda i\u015ftirak etm\u0259kl\u0259 tan\u0131\u015f oldum v\u0259 bu, m\u0259nim yerli canland\u0131rma \u00fczr\u0259 \u0259m\u0259kda\u015fl\u0131q qrupunun \u00fczv\u00fc t\u0259yin olunma\u011f\u0131ma s\u0259b\u0259b oldu.<\/p>\n<p>\u018fsas f\u0259aliyy\u0259tim sosial media v\u0259 t\u0259dbirl\u0259r planlamas\u0131 kimi g\u00fccl\u00fc t\u0259r\u0259fl\u0259rimd\u0259n istifad\u0259 ed\u0259r\u0259k v\u0259 onlar\u0131 bir araya g\u0259tir\u0259r\u0259k \u015f\u0259h\u0259ri canland\u0131rmaq olacaq. \u00c7ox sa\u011f olun\u201d, - Takatsuki bildirib.<\/p>\n\n        <div class=\"site-blogcard-premium\">\n            <div class=\"bc-label-custom\">\u018flaq\u0259dar m\u0259qal\u0259l\u0259r<\/div>\n            <div class=\"bc-flex-container\">\n                <div class=\"bc-main-text\">\n                    <div class=\"bc-title-link-box\">\n                        <a href=\"https:\/\/portal.hokuryu.info\/az\/52063\/#outline_2__1_3\" target=\"_blank\">https:\/\/portal.hokuryu.info\/52063\/#outline_2__1_3<\/a>\n                    <\/div>\n                    <div class=\"bc-excerpt-box\">S\u0259hif\u0259 m\u0259lumatlar\u0131n\u0131 \u0259ld\u0259 etm\u0259k m\u00fcmk\u00fcn deyil.<\/div>\n                <\/div>\n                <div class=\"bc-thumbnail-box\">\n                    <a href=\"https:\/\/portal.hokuryu.info\/az\/52063\/#outline_2__1_3\" target=\"_blank\">\n                        <div class=\"bc-img-zoom-wrap\">\n                            <img decoding=\"async\" src=\"https:\/\/portal.hokuryu.info\/wp\/wp-content\/uploads\/2026\/02\/20230802DSC06445_1.jpg\" alt=\"https:\/\/portal.hokuryu.info\/52063\/#outline_2__1_3\">\n                        <\/div>\n                    <\/a>\n                <\/div>\n            <\/div>\n        <\/div>\n\n        <div class=\"site-blogcard-premium\">\n            <div class=\"bc-label-custom\">\u018flaq\u0259dar m\u0259qal\u0259l\u0259r<\/div>\n            <div class=\"bc-flex-container\">\n                <div class=\"bc-main-text\">\n                    <div class=\"bc-title-link-box\">\n                        <a href=\"https:\/\/portal.hokuryu.info\/az\/57372\/#outline_1__1_1\" target=\"_blank\">https:\/\/portal.hokuryu.info\/57372\/#outline_1__1_1<\/a>\n                    <\/div>\n                    <div class=\"bc-excerpt-box\">S\u0259hif\u0259 m\u0259lumatlar\u0131n\u0131 \u0259ld\u0259 etm\u0259k m\u00fcmk\u00fcn deyil.<\/div>\n                <\/div>\n                <div class=\"bc-thumbnail-box\">\n                    <a href=\"https:\/\/portal.hokuryu.info\/az\/57372\/#outline_1__1_1\" target=\"_blank\">\n                        <div class=\"bc-img-zoom-wrap\">\n                            <img decoding=\"async\" src=\"https:\/\/portal.hokuryu.info\/wp\/wp-content\/uploads\/2026\/02\/20230802DSC06445_1.jpg\" alt=\"https:\/\/portal.hokuryu.info\/57372\/#outline_1__1_1\">\n                        <\/div>\n                    <\/a>\n                <\/div>\n            <\/div>\n        <\/div>\n\u3000<br \/>\n<figure class=\"wp-caption aligncenter\"><a href=\"https:\/\/photos.google.com\/share\/AF1QipMv9_RIticeq4rhayWQqclEMToC-HQp4c5j9XjVjye2E9JtFzs_0Q1iIq8rF_Aw3g\/photo\/AF1QipOR1WWJowJZFOfhKMvgg9PZMwziZNBDJiLpyI0?key=azBSOThSbG1GSVFMeml5NDRBYU11ODJDa3F0VGln\"><img decoding=\"async\" src=\"https:\/\/lh3.googleusercontent.com\/pw\/AP1GczP2QBSipZ_GXcrCiI_JLIewWj2Cd-jRuVlXUJRfYYik651q5vL7wxDPj7DPGgwWw8lP-bH7OLV3o-aaGptyZzIAtTj-tCYKSVY_3dlY3g3cDjlkgtL_yqQfYRwBd_CbXlvE7a82bH6hrJq8AaLA5jEG=w2000-h1333-s-no-gm?authuser=0\" width=\"2000\" height=\"1333\" alt=\"Takatsuki t\u0259r\u0259find\u0259n yarad\u0131lm\u0131\u015f &quot;Memarl\u0131q texniki i\u015f\u0259 q\u0259bul posteri&quot;\" class=\"size-full\" \/><\/a><figcaption class=\"wp-caption-text\">Takatsuki t\u0259r\u0259find\u0259n yarad\u0131lm\u0131\u015f &quot;Memarl\u0131q texniki i\u015f\u0259 q\u0259bul posteri&quot;<\/figcaption><\/figure>\n<h2>7. T\u0259dbirl\u0259r: Tsubasa Niida (Regional Dir\u00e7\u0259li\u015f K\u00f6n\u00fcll\u00fcs\u00fc)<\/h2>\n<figure class=\"wp-caption aligncenter\"><a href=\"https:\/\/photos.google.com\/share\/AF1QipMv9_RIticeq4rhayWQqclEMToC-HQp4c5j9XjVjye2E9JtFzs_0Q1iIq8rF_Aw3g\/photo\/AF1QipNlExCIyY42ZvCPSS_Fp_3cesy6VqdvZXFWoLM?key=azBSOThSbG1GSVFMeml5NDRBYU11ODJDa3F0VGln\" target=\"_blank\"><img decoding=\"async\" src=\"https:\/\/lh3.googleusercontent.com\/pw\/AP1GczM7ke7Webq-MmN1NfWQl6elQygI7MlWnD-AnZxPzI2xtw-dRPaMv5RueeZwHjNH_glmnEbjtnNZAeCFDnM5p4sqoOeVPKp8_l7UPu3YLWhpTNo7FqrHw7QJgNcyv3wdpUqBbBeMr6drjhnDxZmTWzMU=w2000-h1333-s-no-gm?authuser=0\" width=\"2000\" height=\"1333\" alt=\"T\u0259dbir hey\u0259ti: Tsubasa Arata (Regional canland\u0131rma \u00fczr\u0259 \u0259m\u0259kda\u015fl\u0131q qrupunun \u00fczv\u00fc)\" class=\"size-full\" \/><\/a><figcaption class=\"wp-caption-text\">T\u0259dbir hey\u0259ti: Tsubasa Arata (Regional canland\u0131rma \u00fczr\u0259 \u0259m\u0259kda\u015fl\u0131q qrupunun \u00fczv\u00fc)<\/figcaption><\/figure>\n<p>&quot;M\u0259nim ad\u0131m Tsubasa Aratad\u0131r. M\u0259n \u00c7itose \u015f\u0259h\u0259rind\u0259 do\u011fulub b\u00f6y\u00fcm\u00fc\u015f\u0259m. Takatsuki kimi m\u0259n d\u0259 bu il Hokkaydo \u0130nformasiya Universitetini bitirmi\u015f\u0259m. Universitetd\u0259ki seminar f\u0259aliyy\u0259tl\u0259riml\u0259 Hokuryu \u015f\u0259h\u0259ri il\u0259 tan\u0131\u015f oldum v\u0259 m\u0259n\u0259 burada yerli canland\u0131rma k\u00f6n\u00fcll\u00fcs\u00fc kimi i\u015fl\u0259m\u0259k imkan\u0131 verildi.<\/p>\n<p>M\u0259qs\u0259dim Hokuryu \u015f\u0259h\u0259rini d\u00fcnyada tan\u0131nan bir \u015f\u0259h\u0259r\u0259 \u00e7evirm\u0259kdir. t\u0259\u015f\u0259kk\u00fcr edir\u0259m.<\/p>\n<h4>Tayland Krall\u0131\u011f\u0131n\u0131n Lopburi \u0259yal\u0259ti il\u0259 qarda\u015f \u015f\u0259h\u0259r plan\u0131<\/h4>\n<p>G\u0259l\u0259c\u0259k \u00fc\u00e7\u00fcn b\u00f6y\u00fck planlar\u0131m\u0131zdan biri Tayland Krall\u0131\u011f\u0131n\u0131n Hokuryu \u015f\u0259h\u0259ri il\u0259 Lopburi \u0259yal\u0259ti aras\u0131nda qarda\u015f \u015f\u0259h\u0259r \u0259laq\u0259si yaratmaqd\u0131r.<\/p>\n<p>S\u0259b\u0259bl\u0259rd\u0259n biri budur ki, Tayland\u0131n Lopburi \u0259yal\u0259ti Tayland\u0131n \u0259n b\u00f6y\u00fck g\u00fcn\u0259baxan istehsal\u0131 sah\u0259sidir (sah\u0259 1600 ha) v\u0259 g\u00fcn\u0259baxanlar\u0131n noyabrdan yanvar ay\u0131na kimi d\u00fcz \u00fc\u00e7 ay \u00e7i\u00e7\u0259k a\u00e7d\u0131\u011f\u0131 d\u00fcnyaca m\u0259\u015fhur turizm m\u0259kan\u0131d\u0131r.<\/p>\n<p>Dig\u0259r s\u0259b\u0259b is\u0259 Tayland universitetl\u0259ri il\u0259 \u0259laq\u0259min olmas\u0131d\u0131r.<br \/>\nHokkaydo \u0130nformasiya Universiteti Tayland Krall\u0131\u011f\u0131n\u0131n Rajamangala Texnologiya Universiteti Thanyaburi (RMUTT) il\u0259 qar\u015f\u0131l\u0131ql\u0131 t\u0259l\u0259b\u0259 m\u00fcbadil\u0259si yolu il\u0259 beyn\u0259lxalq m\u00fcbadil\u0259 proqram\u0131 h\u0259yata ke\u00e7irir. M\u0259n bu proqramda m\u00fcbadil\u0259 t\u0259l\u0259b\u0259si kimi i\u015ftirak edir\u0259m v\u0259 universitetin professorlar\u0131 v\u0259 t\u0259l\u0259b\u0259l\u0259ri il\u0259 \u00fcnsiyy\u0259t qurmaq imkan\u0131 \u0259ld\u0259 etmi\u015f\u0259m.<\/p>\n<p>&quot;Bu \u0259laq\u0259 vasit\u0259sil\u0259 m\u0259n d\u00f6rd t\u0259r\u0259f - Hokuryu Town, Hokkaydo \u0130nformasiya Universiteti, RMUTT v\u0259 Lopburi \u0259yal\u0259ti aras\u0131nda \u0259m\u0259kda\u015fl\u0131q yolu il\u0259 k\u0259nd t\u0259s\u0259rr\u00fcfat\u0131 texnologiyalar\u0131 m\u00fcbadil\u0259si, u\u015faqlar \u00fc\u00e7\u00fcn xaricd\u0259 m\u0259d\u0259niyy\u0259tl\u0259raras\u0131 t\u0259hsil v\u0259 g\u00fcn\u0259baxan turizmi biznesl\u0259ri \u00fczr\u0259 nou-hau m\u00fcbadil\u0259si v\u0259 s. formas\u0131nda beyn\u0259lxalq m\u00fcbadil\u0259 h\u0259yata ke\u00e7irm\u0259yi h\u0259d\u0259fl\u0259m\u0259k ist\u0259rdim. m\u00f6ht\u0259\u015f\u0259m g\u00f6rm\u0259.<br \/>\n\u3000<br \/>\n\n\u3000<br \/>\n\n\u3000<br \/>\n<figure id=\"attachment_58274\" class=\"wp-caption aligncenter\"><a href=\"https:\/\/www.do-johodai.ac.jp\/international\/\" target=\"_blank\"><img decoding=\"async\" src=\"https:\/\/portal.hokuryu.info\/wp\/wp-content\/uploads\/2025\/05\/2025-05-10-14.36.51.jpg\" alt=\"Hokkaydo \u0130nformasiya Universiteti - Beyn\u0259lxalq M\u00fcbadil\u0259 &quot;Rajamangala Texnologiya Universiteti Thanyaburi (RMUTT)&quot;\" width=\"2400\" height=\"1358\" class=\"size-full wp-image-58274\" style=\"border:solid 1px blue\"\/><figcaption class=\"wp-caption-text\">Hokkaydo \u0130nformasiya Universiteti - Beyn\u0259lxalq M\u00fcbadil\u0259 &quot;Rajamangala Texnologiya Universiteti Thanyaburi (RMUTT)&quot;<\/a><\/figcaption><\/figure>\n<h3>B\u0259l\u0259diyy\u0259 s\u0259dri Sasaki Yasuhirodan t\u0259\u015fviq<\/h3>\n<figure class=\"wp-caption aligncenter\"><a href=\"https:\/\/photos.google.com\/share\/AF1QipMv9_RIticeq4rhayWQqclEMToC-HQp4c5j9XjVjye2E9JtFzs_0Q1iIq8rF_Aw3g\/photo\/AF1QipNUBHLivmSl0KibjQsn98_arKYLW4G-zAJAn6E?key=azBSOThSbG1GSVFMeml5NDRBYU11ODJDa3F0VGln\" target=\"_blank\"><img decoding=\"async\" src=\"https:\/\/lh3.googleusercontent.com\/pw\/AP1GczM6_6Ksofhj_vKLnwHSPeiR-tK4eblm55cPHQ9pQX5KljjQfk3empTs3D5Ys8whkWlHgOSeO4B_UT_pW0DTsxX84J6dpk0BnWJPk0GtY3xqSCcg0A3wn_wUJDU3-AKx6U-PfEkD7gB5kFo8ym1x01Eg=w2000-h1500-s-no-gm?authuser=0\" width=\"2000\" height=\"1500\" alt=\"Tsubasa Arai v\u0259 Masayuki Takatsuki\" class=\"size-full\" \/><\/a><figcaption class=\"wp-caption-text\">Tsubasa Arai v\u0259 Masayuki Takatsuki<\/figcaption><\/figure>\n<p>\u201cM\u0259n \u00fc\u00e7-d\u00f6rd ildir ki, onlar\u0131n ikisi il\u0259 t\u0259dbirl\u0259r vasit\u0259sil\u0259 \u0259laq\u0259 saxlay\u0131ram. \u0130nformasiya Elml\u0259ri Kollecinin bir \u00e7ox t\u0259l\u0259b\u0259si il\u0259 dan\u0131\u015fm\u0131\u015fam.<\/p>\n<p>M\u0259n uzun m\u00fcdd\u0259tdir ki, bu enerjili t\u0259l\u0259b\u0259l\u0259ri Hokuryu q\u0259s\u0259b\u0259sin\u0259 nec\u0259 g\u0259tir\u0259 bil\u0259c\u0259yimizi d\u00fc\u015f\u00fcn\u00fcrd\u00fcm. Bel\u0259likl\u0259, biz onun yerli canland\u0131rma \u00fczr\u0259 \u0259m\u0259kda\u015fl\u0131q qrupunun \u00fczv\u00fc kimi g\u0259lm\u0259si ideyas\u0131 il\u0259 g\u0259ldik v\u0259 biz bunu ke\u00e7mi\u015f prezident Nishihira Jun-a (indiki prezident Vatanabe \u015eigeto) t\u0259klif etdikd\u0259, o, m\u0259mnun qald\u0131 v\u0259 m\u00fczakir\u0259l\u0259r davam etdi.<\/p>\n<p>\u018fslind\u0259 m\u0259n bu \u015f\u0259h\u0259rd\u0259 \u0259b\u0259di ya\u015famaq v\u0259 onun inki\u015faf\u0131na k\u00f6m\u0259k etm\u0259k ist\u0259rdim. Bununla bel\u0259, h\u0259r ikisinin bundan daha b\u00f6y\u00fck v\u0259 daha maraql\u0131 \u015feyl\u0259r\u0259 getm\u0259k \u00fc\u00e7\u00fcn karyera kimi istifad\u0259 etm\u0259k ehtiras\u0131 var, ona g\u00f6r\u0259 d\u0259 biz onlar\u0131n g\u0259l\u0259c\u0259k potensial\u0131n\u0131 d\u0259st\u0259kl\u0259m\u0259k ist\u0259rdik.<\/p>\n<p>\u00dc\u00e7 ild\u0259n sonra Hokuryu q\u0259s\u0259b\u0259sini t\u0259rk ets\u0259niz bel\u0259, \u00fcmid edirik ki, bura sizin ikinci eviniz oldu\u011funu unutmayaraq, onu t\u0259bli\u011f etm\u0259y\u0259 v\u0259 buradak\u0131 f\u0259aliyy\u0259tl\u0259rd\u0259 i\u015ftirak etm\u0259y\u0259 davam ed\u0259c\u0259ksiniz.<\/p>\n<p>\u00dcmid edir\u0259m ki, potensial\u0131n\u0131z \u015f\u0259h\u0259rin potensial\u0131na uy\u011fun g\u0259lm\u0259k \u00fc\u00e7\u00fcn \u00f6z qabiliyy\u0259tl\u0259rinizd\u0259n istifad\u0259 ed\u0259c\u0259ksiniz. M\u0259n bunu s\u0259birsizlikl\u0259 g\u00f6zl\u0259yir\u0259m.<\/p>\n<p>Bu d\u0259f\u0259 biz Takatsuki-d\u0259n d\u0259rhal \u201cMemarl\u0131q Texniki \u0130\u015f\u0259 Q\u0259bul Posteri\u201d yaratma\u011f\u0131 xahi\u015f etdik. M\u0259n bu posteri d\u00fcn\u0259n Hokkaydo Elm Universitetin\u0259 (Sapporo) apard\u0131m v\u0259 \u00e7ox yax\u015f\u0131 qar\u015f\u0131land\u0131! &quot;<\/p>\n<h3>Koji Takahashi, b\u0259l\u0259diyy\u0259 binas\u0131n\u0131n qap\u0131\u00e7\u0131s\u0131<\/h3>\n<p>N\u0259hay\u0259t, ham\u0131 b\u0259l\u0259diyy\u0259 binas\u0131n\u0131n qap\u0131\u00e7\u0131s\u0131 Mitsuji Takaha\u015fi v\u0259 sar\u0131 ev sahibi il\u0259 birlikd\u0259 g\u00fcl\u00fcms\u0259yir! ! !<\/p>\n<figure class=\"wp-caption aligncenter\"><a href=\"https:\/\/photos.google.com\/share\/AF1QipMv9_RIticeq4rhayWQqclEMToC-HQp4c5j9XjVjye2E9JtFzs_0Q1iIq8rF_Aw3g\/photo\/AF1QipNqvFGfgkcgrsRvIHo4CAk7uOk6kVU51WhFiYI?key=azBSOThSbG1GSVFMeml5NDRBYU11ODJDa3F0VGln\" target=\"_blank\"><img decoding=\"async\" src=\"https:\/\/lh3.googleusercontent.com\/pw\/AP1GczPb1ZYvF8iKeWq65TQIqmxf7iAlnyyRcs2lJVVR1m2HskqNqzXxUkQTJ58s7oOF3oPUGromOZfwAQ6lPlwZFr-vedL5eWAkLatSZIyM1L-ND2EA4t6duM01gSh50VJGAWB2yiRgQXkzrZlkrkQQ7jMI=w2000-h1500-s-no-gm?authuser=0\" width=\"2000\" height=\"1500\" alt=\"C\u0259nab \u0130\u015fikava, b\u0259l\u0259diyy\u0259 binas\u0131n\u0131n qap\u0131\u00e7\u0131s\u0131, sar\u0131 po\u00e7t qutusunun \u0259traf\u0131nda dayan\u0131b. . .\" class=\"size-full\" \/><\/a><figcaption class=\"wp-caption-text\">C\u0259nab \u0130\u015fikava, b\u0259l\u0259diyy\u0259 binas\u0131n\u0131n qap\u0131\u00e7\u0131s\u0131, sar\u0131 po\u00e7t qutusunun \u0259traf\u0131nda dayan\u0131b. . .<\/figcaption><\/figure>\n<p>Hokuryu Town, Hokuryu Ki\u00e7ik Liseyinin yeni t\u0259yin olunmu\u015f direktoru v\u0259 \u015einryu \u0130btidai M\u0259kt\u0259binin direktor m\u00fcavini d\u0259 daxil olmaqla, yerli canland\u0131rma \u00fczr\u0259 be\u015f etibarl\u0131 \u0259m\u0259kda\u015fl\u0131q qrupunun \u00fczv\u00fcn\u00fc qar\u015f\u0131lad\u0131 v\u0259 bu insanlar\u0131n h\u0259r birinin ehtiraslar\u0131n\u0131n titr\u0259m\u0259l\u0259ri b\u00fct\u00fcn \u015f\u0259h\u0259r\u0259 yay\u0131l\u0131r! ! !<\/p>\n<p>\u0130btidai v\u0259 orta m\u0259kt\u0259bd\u0259 inteqrasiya olunmu\u015f icbari t\u0259hsil sisteminin qurulmas\u0131 \u00fc\u00e7\u00fcn b\u00f6y\u00fck islahatlar\u0131n apar\u0131lmas\u0131 planla\u015fd\u0131r\u0131ld\u0131\u011f\u0131 \u00fc\u00e7\u00fcn Hokuryu q\u0259s\u0259b\u0259sinin g\u0259l\u0259c\u0259kd\u0259 daha da inki\u015faf\u0131 v\u0259 q\u0131z\u0131l par\u0131lt\u0131s\u0131 \u00fc\u00e7\u00fcn sonsuz sevgi, minn\u0259tdarl\u0131q v\u0259 dualarla. . .<\/p>\n<figure class=\"wp-caption aligncenter\"><a href=\"https:\/\/photos.google.com\/share\/AF1QipMv9_RIticeq4rhayWQqclEMToC-HQp4c5j9XjVjye2E9JtFzs_0Q1iIq8rF_Aw3g\/photo\/AF1QipPMaG4uswg1QURNeYlgxCYZXPpfJ5MQ4FvPxJ0?key=azBSOThSbG1GSVFMeml5NDRBYU11ODJDa3F0VGln\" target=\"_blank\"><img decoding=\"async\" src=\"https:\/\/lh3.googleusercontent.com\/pw\/AP1GczOkK-ftt2czJlNeNPYT46EW_iNLF-DzfcZi34wdLWr6ViDLCyV3CcUKSM7bzfNQ8bZQjXN8gdXAAGaRaX-dXRSL0X3HJ4vNPMgI1qRdrfGRfhqABLsei0WQ4wu2LBLl-AYqPsOruGMR-07ZjibQxPiL=w2000-h1500-s-no-gm?authuser=0\" width=\"2000\" height=\"1500\" alt=\"\u0130cma m\u0259rk\u0259zinin qar\u015f\u0131s\u0131nda m\u00fcq\u0259dd\u0259s me\u015f\u0259 v\u0259 a\u011faclar\" class=\"size-full\" \/><\/a><figcaption class=\"wp-caption-text\">\u0130cma m\u0259rk\u0259zinin qar\u015f\u0131s\u0131nda m\u00fcq\u0259dd\u0259s me\u015f\u0259 v\u0259 a\u011faclar<\/figcaption><\/figure>\n<h2>Dig\u0259r foto\u015f\u0259kill\u0259r<\/h2>\n<div class=\"img-move\"><img decoding=\"async\" style=\"vertical-align: middle;\" src=\"https:\/\/ehokkaido.net\/wp-content\/uploads\/2021\/12\/2021-12-06-11.41.12.png\" \/> <a href=\"https:\/\/photos.app.goo.gl\/JdcnS4C9MPqzCaHW6\" target=\"_blank\" rel=\"noopener noreferrer\">B\u0259l\u0259diyy\u0259 Ba\u015f\u00e7\u0131s\u0131 Sasaki Yasuhiro v\u0259 Hokuryu Town Cazib\u0259darl\u0131\u011f\u0131 K\u0259\u015ffiyyat Foto\u015f\u0259kill\u0259ri (275 \u015f\u0259kil) 2025-ci il \u00fc\u00e7\u00fcn burada &gt;&gt;<\/a><\/div>\n<h2>\u018flaq\u0259dar m\u0259qal\u0259l\u0259r<\/h2>\n\n        <div class=\"site-blogcard-premium\">\n            <div class=\"bc-label-custom\">\u018flaq\u0259dar m\u0259qal\u0259l\u0259r<\/div>\n            <div class=\"bc-flex-container\">\n                <div class=\"bc-main-text\">\n                    <div class=\"bc-title-link-box\">\n                        <a href=\"https:\/\/portal.hokuryu.info\/az\/kateqoriya\/ictimai-qurum\/sasaki-yasuhiro-meri\/yoxlama-turu\/\" target=\"_blank\">Hokuryu \u015f\u0259h\u0259rinin cazib\u0259sini tapmaq (kateqoriya)<\/a>\n                    <\/div>\n                    <div class=\"bc-excerpt-box\">Bu, mer Sasaki Yasuhironun \u015f\u0259h\u0259rin cazib\u0259darl\u0131\u011f\u0131n\u0131 axtarmas\u0131 haqq\u0131nda m\u0259qal\u0259dir.\n<\/div>\n                <\/div>\n                <div class=\"bc-thumbnail-box\">\n                    <a href=\"https:\/\/portal.hokuryu.info\/az\/kateqoriya\/ictimai-qurum\/sasaki-yasuhiro-meri\/yoxlama-turu\/\" target=\"_blank\">\n                        <div class=\"bc-img-zoom-wrap\">\n                            <img decoding=\"async\" src=\"https:\/\/portal.hokuryu.info\/wp\/wp-content\/uploads\/2026\/02\/20230802DSC06445_1.jpg\" alt=\"Hokuryu \u015f\u0259h\u0259rinin cazib\u0259sini tapmaq (kateqoriya)\">\n                        <\/div>\n                    <\/a>\n                <\/div>\n            <\/div>\n        <\/div>\n\u3000<br \/>\n\u25c7 <a href=\"https:\/\/portal.hokuryu.info\/az\/38127\/#outline_1__7_2_1\">Fotoqrafiya, redakt\u0259 v\u0259 vebsayt\u0131n idar\u0259 edilm\u0259si: Noboru Terauchi Yaz\u0131\u00e7\u0131: \u0130kuko Terauchi<\/a><\/p>","protected":false},"excerpt":{"rendered":"<p>\uff12\uff10\uff12\uff15\u5e74\uff15\u6708\uff11\uff12\u65e5\uff08\u6708\uff09 \uff15\u6708\uff18\u65e5\uff08\u6728\uff09\u3001\u4f50\u3005\u6728\u753a\u9577\u306e\u753a\u5185\u9b45\u529b\u63a2\u3057\u304c\u884c\u308f\u308c\u307e\u3057\u305f\u3002\uff15\u6708\u306f\u3001\u65b0\u3057\u304f\u8d74\u4efb\u3055\u308c\u305f\u3001\u5317\u7adc\u4e2d\u5b66\u6821\u30fb\u4e09\u597d\u8003\u592e \u6821\u9577\u3001\u771f\u7adc\u5c0f\u5b66\u6821\u30fb\u718a\u6797\u512a \u6559\u982d\u3001\u5730\u57df\u304a\u3053\u3057\u5354\u529b\u968a\u54e1\u3068\u3057\u3066\u5c31\u4efb\u3055\u308c\u305f\uff14 [&hellip;]<\/p>\n","protected":false},"author":1,"featured_media":58394,"comment_status":"open","ping_status":"open","sticky":false,"template":"","format":"standard","meta":{"footnotes":""},"categories":[4,84,75],"tags":[],"class_list":["post-58214","post","type-post","status-publish","format-standard","has-post-thumbnail","hentry","category-cover-story","category-inspectiontour","category-sasaki-yasuhiro-mayor"],"_links":{"self":[{"href":"https:\/\/portal.hokuryu.info\/az\/wp-json\/wp\/v2\/posts\/58214","targetHints":{"allow":["GET"]}}],"collection":[{"href":"https:\/\/portal.hokuryu.info\/az\/wp-json\/wp\/v2\/posts"}],"about":[{"href":"https:\/\/portal.hokuryu.info\/az\/wp-json\/wp\/v2\/types\/post"}],"author":[{"embeddable":true,"href":"https:\/\/portal.hokuryu.info\/az\/wp-json\/wp\/v2\/users\/1"}],"replies":[{"embeddable":true,"href":"https:\/\/portal.hokuryu.info\/az\/wp-json\/wp\/v2\/comments?post=58214"}],"version-history":[{"count":4,"href":"https:\/\/portal.hokuryu.info\/az\/wp-json\/wp\/v2\/posts\/58214\/revisions"}],"predecessor-version":[{"id":68545,"href":"https:\/\/portal.hokuryu.info\/az\/wp-json\/wp\/v2\/posts\/58214\/revisions\/68545"}],"wp:featuredmedia":[{"embeddable":true,"href":"https:\/\/portal.hokuryu.info\/az\/wp-json\/wp\/v2\/media\/58394"}],"wp:attachment":[{"href":"https:\/\/portal.hokuryu.info\/az\/wp-json\/wp\/v2\/media?parent=58214"}],"wp:term":[{"taxonomy":"category","embeddable":true,"href":"https:\/\/portal.hokuryu.info\/az\/wp-json\/wp\/v2\/categories?post=58214"},{"taxonomy":"post_tag","embeddable":true,"href":"https:\/\/portal.hokuryu.info\/az\/wp-json\/wp\/v2\/tags?post=58214"}],"curies":[{"name":"wp","href":"https:\/\/api.w.org\/{rel}","templated":true}]}}