{"id":5627,"date":"2020-10-27T13:00:54","date_gmt":"2020-10-27T04:00:54","guid":{"rendered":"https:\/\/portal.hokuryu.info\/?p=5627"},"modified":"2025-06-18T07:19:24","modified_gmt":"2025-06-17T22:19:24","slug":"poct-5627","status":"publish","type":"post","link":"https:\/\/portal.hokuryu.info\/az\/5627\/","title":{"rendered":"2020-ci ilin yaz\u0131nda Do\u011fan G\u00fcn\u0259\u015f, Q\u0131z\u0131l v\u0259 G\u00fcm\u00fc\u015f \u015f\u00fcalar ordenini alan c\u0259nab Nobuo Murai \u00fc\u00e7\u00fcn bayram t\u0259dbiri ke\u00e7irilib"},"content":{"rendered":"<p>\u00c7\u0259r\u015f\u0259nb\u0259 ax\u015fam\u0131, 27 oktyabr 2020-ci il<\/p>\n<p>2020-ci ilin yaz f\u0259xri t\u0259ltifind\u0259 c\u0259nab Nobuo Murai uzun ill\u0259r yerli idar\u0259etm\u0259 v\u0259 regional inki\u015fafa verdiyi t\u00f6hf\u0259l\u0259r\u0259 g\u00f6r\u0259 Do\u011fan G\u00fcn\u0259\u015f, Q\u0131z\u0131l v\u0259 G\u00fcm\u00fc\u015f \u015f\u00fcalar ordeni il\u0259 t\u0259ltif edilib.<\/p>\n<p>Bu \u015f\u0259r\u0259fi qeyd etm\u0259k \u00fc\u00e7\u00fcn oktyabr\u0131n 25-i, bazar g\u00fcn\u00fc saat 13:00-da Hokuryu \u015e\u0259h\u0259r \u0130cma M\u0259rk\u0259zinin b\u00f6y\u00fck zal\u0131nda bayram t\u0259dbiri ke\u00e7irildi.<\/p>\n<h2>C\u0259nab Nobuo Murainin Do\u011fan G\u00fcn\u0259\u015f, Q\u0131z\u0131l v\u0259 G\u00fcm\u00fc\u015f \u015f\u00fcalar ordenini almas\u0131 \u00fc\u00e7\u00fcn bayram<\/h2>\n<figure class=\"wp-caption alignnone\"><a href=\"https:\/\/photos.google.com\/share\/AF1QipMBAH8UYu5zHRZqWQroWGrzpi3ov2kb-zJMq4HBdm4YuxjMFhb4zCAr1IFoYHvvrg\/photo\/AF1QipOzmQwjqmY-wAD0cjAACmvrcxHKXpf6LNeskSY?key=eHBlV3ZubkFZNlZLX0pLOEFkaDRQVFNYRVZrZTh3\" target=\"_blank\" rel=\"noopener noreferrer\"><img decoding=\"async\" src=\"https:\/\/lh3.googleusercontent.com\/pw\/ACtC-3fePcj_lOJGW3KD2gqtrxkYkSghRf932hAMAV8BMpndfmrcg580B100XaAadjR4HUzp0XkG4dm5bxq45bBylufkoeTTgxRHUVq63sRPHQCN4AdJ9nmoY_yx_0n-Wwl6tUeeJV-NY1nsyJLEsC5c5_jP=w1984-h1322-no?authuser=0\" width=\"1984\" height=\"1322\" alt=\"C\u0259nab Nobuo Murainin Do\u011fan G\u00fcn\u0259\u015f, Q\u0131z\u0131l v\u0259 G\u00fcm\u00fc\u015f \u015f\u00fcalar ordenini almas\u0131 \u00fc\u00e7\u00fcn bayram\" class=\"size-medium\" \/><\/a><figcaption class=\"wp-caption-text\">C\u0259nab Nobuo Murainin Do\u011fan G\u00fcn\u0259\u015f, Q\u0131z\u0131l v\u0259 G\u00fcm\u00fc\u015f \u015f\u00fcalar ordenini almas\u0131 \u00fc\u00e7\u00fcn bayram<\/figcaption><\/figure>\n<h3>Sertifikatlar v\u0259 M\u00fckafatlar<\/h3>\n<figure class=\"wp-caption aligncenter\"><a href=\"https:\/\/photos.google.com\/share\/AF1QipMBAH8UYu5zHRZqWQroWGrzpi3ov2kb-zJMq4HBdm4YuxjMFhb4zCAr1IFoYHvvrg\/photo\/AF1QipPBQAXd5o7_uO_n5a048i7msBRaUbknb7CxmaI?key=eHBlV3ZubkFZNlZLX0pLOEFkaDRQVFNYRVZrZTh3\" target=\"_blank\" rel=\"noopener noreferrer\"><img decoding=\"async\" src=\"https:\/\/lh3.googleusercontent.com\/pw\/ACtC-3fM8VyEMrmM8ZAwHfdQsdlCaCUcLRerkEd9dRKSOpsmpx45nvd4iNBFlA6zg8I9o1s8DQV5wX7HqpRNan-j82iht6u48wJERSd-5HQaJQgoGDcMmCcRc9nWoub0KdhOYKinzz_heICwbpYRXsYkJHP2=w1984-h1322-no?authuser=0\" width=\"1984\" height=\"1322\" alt=\"Sertifikatlar v\u0259 M\u00fckafatlar\" class=\"size-medium\" \/><\/a><figcaption class=\"wp-caption-text\">Sertifikatlar v\u0259 M\u00fckafatlar<\/figcaption><\/figure>\n<h3>C\u0259nab Nobuo Murai t\u0259r\u0259find\u0259n qeyd etm\u0259nin g\u00fcnd\u0259liyi<\/h3>\n<figure class=\"wp-caption aligncenter\"><a href=\"https:\/\/photos.google.com\/share\/AF1QipMBAH8UYu5zHRZqWQroWGrzpi3ov2kb-zJMq4HBdm4YuxjMFhb4zCAr1IFoYHvvrg\/photo\/AF1QipO8ZzaG0WOj7QhGUJ38NZcORoLwu3ze_4rcLF4?key=eHBlV3ZubkFZNlZLX0pLOEFkaDRQVFNYRVZrZTh3\" target=\"_blank\" rel=\"noopener noreferrer\"><img decoding=\"async\" src=\"https:\/\/lh3.googleusercontent.com\/pw\/ACtC-3cQ8VUcpyS0fKvn1foEx04C-cRIA_JZOA9KetNvTPi5UV9zLAu3MrP2kJe_EHSFGdPjF3XX1lUHOihlMl-qR-Ob4leWdHbxwSjtiHCCJNe5Daal4lnjG0xFFaLkKnoDmX91tHj8KlS4Qm4KzXjRATPr=w1984-h1322-no?authuser=0\" width=\"1984\" height=\"1322\" alt=\"C\u0259nab Nobuo Murai t\u0259r\u0259find\u0259n qeyd etm\u0259nin g\u00fcnd\u0259liyi\" class=\"size-medium\" \/><\/a><figcaption class=\"wp-caption-text\">C\u0259nab Nobuo Murai t\u0259r\u0259find\u0259n qeyd etm\u0259nin g\u00fcnd\u0259liyi<\/figcaption><\/figure>\n<h3>C\u0259nab Nobuo Murai - Bioqrafiya<\/h3>\n<figure class=\"wp-caption aligncenter\"><a href=\"https:\/\/photos.google.com\/share\/AF1QipMBAH8UYu5zHRZqWQroWGrzpi3ov2kb-zJMq4HBdm4YuxjMFhb4zCAr1IFoYHvvrg\/photo\/AF1QipMofVvGjjxG31jk--fK3REP5mKggI_Y3XeUBgk?key=eHBlV3ZubkFZNlZLX0pLOEFkaDRQVFNYRVZrZTh3\" target=\"_blank\" rel=\"noopener noreferrer\"><img decoding=\"async\" src=\"https:\/\/lh3.googleusercontent.com\/pw\/ACtC-3fSeBODhDLjYT6JAtoFaQ2PK1buLdFhVd0oMgQNwDaZKrh8PG-Ad4oRH96tXU0hlL4zFNtFlB4ofar896zU-1mcySjHgRNjnhmVgh-24OKHJFfWg_bCL5a8E37trNr0mKCZpzIEg9dElgsyGgXAPKJK=w1984-h1322-no?authuser=0\" width=\"1984\" height=\"1322\" alt=\"C\u0259nab Nobuo Murai - Bioqrafiya\" class=\"size-medium\" \/><\/a><figcaption class=\"wp-caption-text\">C\u0259nab Nobuo Murai - Bioqrafiya<\/figcaption><\/figure>\n<h3>Nobuo Murai: 1988-ci ili xat\u0131rlay\u0131ram<\/h3>\n<figure class=\"wp-caption aligncenter\"><a href=\"https:\/\/photos.google.com\/share\/AF1QipMBAH8UYu5zHRZqWQroWGrzpi3ov2kb-zJMq4HBdm4YuxjMFhb4zCAr1IFoYHvvrg\/photo\/AF1QipPfEE4dUQVu1XJmJWvx67dakb59Pi9vs52J1RY?key=eHBlV3ZubkFZNlZLX0pLOEFkaDRQVFNYRVZrZTh3\" target=\"_blank\" rel=\"noopener noreferrer\"><img decoding=\"async\" src=\"https:\/\/lh3.googleusercontent.com\/pw\/ACtC-3eTdmi9Rg6Rnfx3WoIDvPOOV0lwKIFC-ke6zufC4H8N4yv3NJu6WWTlcQ1IvsgdXhNOyhVuDMMYuvehi4R6vbMw3mybQJ4-q4vlGodpleGjCKNeXFZtffgzoark6sGvqr27kHUbdB97bah-qx6cZCrC=w1984-h1322-no?authuser=0\" width=\"1984\" height=\"1322\" alt=\"Nobuo Murai: 1988-ci ili xat\u0131rlay\u0131ram\" class=\"size-medium\" \/><\/a><figcaption class=\"wp-caption-text\">Nobuo Murai: 1988-ci ili xat\u0131rlay\u0131ram<\/figcaption><\/figure>\n<h3>COVID-19 pandemiyas\u0131 il\u0259 \u0259laq\u0259dar t\u0259dbir daha ki\u00e7ik miqyasda v\u0259 yerli sakinl\u0259rl\u0259 m\u0259hdudla\u015f\u0131b.<\/h3>\n<p>M\u00f6vcud COVID-19 v\u0259ziyy\u0259tini v\u0259 Kitaryu \u015f\u0259h\u0259rind\u0259 h\u0259l\u0259 d\u0259 t\u0259sdiql\u0259nmi\u015f yoluxma hallar\u0131n\u0131n olmad\u0131\u011f\u0131n\u0131 n\u0259z\u0259r\u0259 alaraq, t\u0259\u015fkilat komit\u0259si bir s\u0131ra m\u00fczakir\u0259l\u0259r apar\u0131b v\u0259 t\u0259dbirin miqyas\u0131n\u0131 azaltmaqla, sosial m\u0259saf\u0259y\u0259 riay\u0259t etm\u0259kl\u0259 v\u0259 Kitaryu \u015f\u0259h\u0259rinin sakinl\u0259rinin i\u015ftirak\u0131n\u0131 m\u0259hdudla\u015fd\u0131rmaqla miqyasl\u0131 \u015f\u0259nlik ke\u00e7irm\u0259k q\u0259rar\u0131na g\u0259lib. H\u0259min g\u00fcn \u015f\u0259nlikd\u0259 70-\u0259 yax\u0131n insan i\u015ftirak edib.<\/p>\n<h2>Moderator: Jun Takahashi, Hokuryu \u015e\u0259h\u0259r \u015euras\u0131 Katibliyinin Ba\u015f Katibi<\/h2>\n<figure class=\"wp-caption aligncenter\"><a href=\"https:\/\/photos.google.com\/share\/AF1QipMBAH8UYu5zHRZqWQroWGrzpi3ov2kb-zJMq4HBdm4YuxjMFhb4zCAr1IFoYHvvrg\/photo\/AF1QipPx70VT7JBmLyCSL8_-n9ObZ_-Da1dTeEf6i0k?key=eHBlV3ZubkFZNlZLX0pLOEFkaDRQVFNYRVZrZTh3\" target=\"_blank\" rel=\"noopener noreferrer\"><img decoding=\"async\" src=\"https:\/\/lh3.googleusercontent.com\/pw\/ACtC-3fy6fzYUIOn9nVTW_fSnHJNKGNoiJLOpPnrGFzqMapF5MkdcbHvKeujQr1PFYr421cFyI1Z_A-LNw3oqXyWVtuKj83UiQ8V5UCQj88NS3EmtnGugPIPQZVPAbhtuuh4t6mKRR9SBhTQeH7leNfGLorM=w1984-h1322-no?authuser=0\" width=\"1984\" height=\"1322\" alt=\"Jun Takahashi, Hokuryu \u015e\u0259h\u0259r \u015euras\u0131 Katibliyinin ba\u015f katibi\" class=\"size-medium\" \/><\/a><figcaption class=\"wp-caption-text\">Jun Takahashi, Hokuryu \u015e\u0259h\u0259r \u015euras\u0131 Katibliyinin ba\u015f katibi<\/figcaption><\/figure>\n<h3>M\u0259kandan m\u0259nz\u0259r\u0259<\/h3>\n<figure class=\"wp-caption aligncenter\"><a href=\"https:\/\/photos.google.com\/share\/AF1QipMBAH8UYu5zHRZqWQroWGrzpi3ov2kb-zJMq4HBdm4YuxjMFhb4zCAr1IFoYHvvrg\/photo\/AF1QipPZoUsGLr8iuCKWZnrHt-cetGo9rhAGeKbaxZQ?key=eHBlV3ZubkFZNlZLX0pLOEFkaDRQVFNYRVZrZTh3\" target=\"_blank\" rel=\"noopener noreferrer\"><img decoding=\"async\" src=\"https:\/\/lh3.googleusercontent.com\/pw\/ACtC-3c5cICitDrzm4hvrtyG3XiffpsFyHLDlBmCV2AlGIXCOPit7OxUfm6YC5YrdUQC7bp4HvcayyUkP6irTX-l5hCiH5y0cmoVWFVX1x5DP7e4iOHy5GrqY9FAV9lr3EGGapPvLZLiGB74dXVGkMfSOGAI=w1984-h1322-no?authuser=0\" width=\"1984\" height=\"1322\" alt=\"H\u0259r k\u0259s m\u0259kanda\" class=\"size-medium\" \/><\/a><figcaption class=\"wp-caption-text\">H\u0259r k\u0259s m\u0259kanda<\/figcaption><\/figure>\n<h2>Murai Nobuo v\u0259 Reiko i\u00e7\u0259ri girirl\u0259r<\/h2>\n<figure class=\"wp-caption aligncenter\"><a href=\"https:\/\/photos.google.com\/share\/AF1QipMBAH8UYu5zHRZqWQroWGrzpi3ov2kb-zJMq4HBdm4YuxjMFhb4zCAr1IFoYHvvrg\/photo\/AF1QipMeezQHFadWXrFNUAUk_RuZ8vGwzL10M3sptAI?key=eHBlV3ZubkFZNlZLX0pLOEFkaDRQVFNYRVZrZTh3\" target=\"_blank\" rel=\"noopener noreferrer\"><img decoding=\"async\" src=\"https:\/\/lh3.googleusercontent.com\/pw\/ACtC-3dQDYBi5JNnsh-KQtTf2ybkZDGK9aM-IIPL_gFXb8UnymM3_KuxD0auKtYMUWudplRbiRd5yM9fb5g9U80reTzCYB6UBtJCgA51NsHSnaBp4dVJfUEXLXPsm-fYYv6yTP2MdzYs8muXgUJ5siGp_tlo=w1984-h1322-no?authuser=0\" width=\"1984\" height=\"1322\" alt=\"Murai Nobuo v\u0259 Reiko i\u00e7\u0259ri girirl\u0259r\" class=\"size-medium\" \/><\/a><figcaption class=\"wp-caption-text\">Murai Nobuo v\u0259 Reiko i\u00e7\u0259ri girirl\u0259r<\/figcaption><\/figure>\n<figure class=\"wp-caption aligncenter\"><a href=\"https:\/\/photos.google.com\/share\/AF1QipMBAH8UYu5zHRZqWQroWGrzpi3ov2kb-zJMq4HBdm4YuxjMFhb4zCAr1IFoYHvvrg\/photo\/AF1QipPUVH4DKEIIjvATjyqmThzYNt7OAkv9bvre4Ug?key=eHBlV3ZubkFZNlZLX0pLOEFkaDRQVFNYRVZrZTh3\" target=\"_blank\" rel=\"noopener noreferrer\"><img decoding=\"async\" src=\"https:\/\/lh3.googleusercontent.com\/pw\/ACtC-3c1YkV7RZ9xb1yhVJXLu9Wvf_XoYd0YsPz0FM1UICS3Yp5hsqT9vASvH5OAsYNnWXX1vT08fjKc0CBMk4pFJ8hqlrsZdLxQB5Uqp-WB52O8p0dTgGkn_6Y8Mxj2OmOgLWqwLFghydEsXNoCc4fHNOGx=w1984-h1322-no?authuser=0\" width=\"1984\" height=\"1322\" alt=\"Murai Nobuo v\u0259 Reiko\" class=\"size-medium\" \/><\/a><figcaption class=\"wp-caption-text\">Murai Nobuo v\u0259 Reiko<\/figcaption><\/figure>\n<h2>Promouterd\u0259n n\u00fcmay\u0259nd\u0259 nitqi: Yasuhiro Sasaki, Hokuryu \u015e\u0259h\u0259r \u015euras\u0131n\u0131n s\u0259dri<\/h2>\n<figure class=\"wp-caption aligncenter\"><a href=\"https:\/\/photos.google.com\/share\/AF1QipMBAH8UYu5zHRZqWQroWGrzpi3ov2kb-zJMq4HBdm4YuxjMFhb4zCAr1IFoYHvvrg\/photo\/AF1QipON_xMDowBKf-nS539acDggVvrESXr1w-j8KfQ?key=eHBlV3ZubkFZNlZLX0pLOEFkaDRQVFNYRVZrZTh3\" target=\"_blank\" rel=\"noopener noreferrer\"><img decoding=\"async\" src=\"https:\/\/lh3.googleusercontent.com\/pw\/ACtC-3e06V_NBDHAHSVjjzuCBOIQKK_eSKX-pQml_GpF-1g5WvWF1BaSKvYGmlzv32ztkMH0L6lIdIvQcxR1tVTxYs6bTfk3yuM30NQXsdI0n7VGJUxKzyecMbBGy9ponQv6SWcRl24QrEWI_cDrwdD7Y9BX=w1984-h1322-no?authuser=0\" width=\"1984\" height=\"1322\" alt=\"Hokuryu \u015e\u0259h\u0259r \u015euras\u0131n\u0131n s\u0259dri Yasuhiro Sasaki\" class=\"size-medium\" \/><\/a><figcaption class=\"wp-caption-text\">Hokuryu \u015e\u0259h\u0259r \u015euras\u0131n\u0131n s\u0259dri Yasuhiro Sasaki<\/figcaption><\/figure>\n<p>\u201cC\u0259nab Murai Nobuonun Do\u011fan G\u00fcn\u0259\u015f, Q\u0131z\u0131l v\u0259 G\u00fcm\u00fc\u015f \u015e\u00fcalar ordenini almas\u0131 il\u0259 \u0259laq\u0259dar Bayram t\u0259dbirind\u0259 i\u015ftirak ed\u0259n h\u0259r k\u0259s\u0259 t\u0259\u015f\u0259kk\u00fcr edirik.<\/p>\n<p>Bu g\u00fcn\u0259 yax\u0131nla\u015fd\u0131qca beynimd\u0259n \u00e7oxlu fikirl\u0259r ke\u00e7di. M\u00f6vcud koronavirus pandemiyas\u0131 \u015f\u0259raitind\u0259 biz m\u00fcxt\u0259lif riskl\u0259ri aradan qald\u0131ra bilmi\u015fik. \u0130cma m\u0259rk\u0259zinin ke\u00e7irildiyi yerd\u0259 biz geni\u015f yer buraxd\u0131q, laz\u0131mi ventilyasiyan\u0131 t\u0259min etdik v\u0259 m\u00fcxt\u0259lif ehtiyat t\u0259dbirl\u0259ri g\u00f6rd\u00fck.<\/p>\n<p>M\u0259n siz\u0259 nec\u0259 getdiyini s\u00f6yl\u0259y\u0259c\u0259y\u0259m. Aprelin 11-d\u0259 biz Bahar Dekorasiyas\u0131n\u0131 alan c\u0259nab Nobuo Murai \u00fc\u00e7\u00fcn bayram t\u0259dbirinin ke\u00e7irilm\u0259sini m\u00fczakir\u0259 etdik v\u0259 onu iyunun 21-d\u0259 ke\u00e7irm\u0259k q\u0259rar\u0131na g\u0259ldik. Lakin haz\u0131rk\u0131 COVID-19 f\u00f6vq\u0259lad\u0259 v\u0259ziyy\u0259tin\u0259 g\u00f6r\u0259 t\u0259dbirin ke\u00e7irilm\u0259si olduqca \u00e7\u0259tinl\u0259\u015fib, ona g\u00f6r\u0259 d\u0259 onu t\u0259xir\u0259 salmaq q\u0259rar\u0131na g\u0259ldik. Bir ne\u00e7\u0259 m\u00fczakir\u0259d\u0259n sonra t\u0259sis komit\u0259sinin avqustun 5-d\u0259 ke\u00e7iril\u0259n iclas\u0131nda t\u0259dbirin oktyabr\u0131n 25-d\u0259 ke\u00e7irilm\u0259si q\u0259rara al\u0131n\u0131b. Ham\u0131m\u0131z t\u0259dbiri birlikd\u0259 ke\u00e7irm\u0259y\u0259 q\u0259rar verdik v\u0259 o g\u00fcn g\u0259ldi.<\/p>\n<p>Nobuo Murai iki m\u00fcdd\u0259t, s\u0259kkiz il Hokkaydo Prefektural Assambleyas\u0131n\u0131n \u00fczv\u00fc kimi f\u0259aliyy\u0259t g\u00f6st\u0259rmi\u015f v\u0259 bu n\u00fcfuzlu Do\u011fan G\u00fcn\u0259\u015f, Q\u0131z\u0131l v\u0259 G\u00fcm\u00fc\u015f \u015f\u00fcalar ordenin\u0259 layiq g\u00f6r\u00fclm\u00fc\u015fd\u00fcr. Bu d\u0259f\u0259 \u0259riz\u0259\u00e7i Hokkaydodur v\u0259 ad\u0259t\u0259n t\u0259dbir Hokkaydo v\u0259 Prefektura Assambleyas\u0131 t\u0259r\u0259find\u0259n birg\u0259 ke\u00e7irilirdi, lakin haz\u0131rk\u0131 v\u0259ziyy\u0259ti n\u0259z\u0259r\u0259 alaraq biz yerli m\u0259h\u0259ll\u0259 birliyind\u0259n v\u0259 Hokuryu \u015e\u0259h\u0259r M\u0259clisind\u0259n k\u00f6n\u00fcll\u00fcl\u0259ri t\u0259\u015f\u0259bb\u00fcskar kimi q\u0259bul etm\u0259k q\u0259rar\u0131na g\u0259ldik.<\/p>\n<p>Biz bu g\u00fcn t\u0259dbiri ke\u00e7irm\u0259kd\u0259 t\u0259r\u0259dd\u00fcd edirdik, lakin onu burada, Hokuryu q\u0259s\u0259b\u0259sind\u0259 t\u0259hl\u00fck\u0259siz v\u0259 t\u0259hl\u00fck\u0259siz \u015f\u0259raitd\u0259 ke\u00e7ir\u0259 bildiyimiz \u00fc\u00e7\u00fcn \u00e7ox \u015fad\u0131q.<\/p>\n<p>\u018fvv\u0259lc\u0259 c\u0259nab Murai biz\u0259 r\u0259hb\u0259rlik etm\u0259k \u00fc\u00e7\u00fcn t\u0259xmin\u0259n 200 n\u0259f\u0259rd\u0259n ibar\u0259t siyah\u0131 vermi\u015fdi, lakin COVID-19 pandemiyas\u0131n\u0131n yaratd\u0131\u011f\u0131 \u00e7\u0259tin v\u0259ziyy\u0259t\u0259 g\u00f6r\u0259 i\u015ftirak\u00e7\u0131lar\u0131n say\u0131n\u0131 m\u0259hdudla\u015fd\u0131rmal\u0131 olduq, buna g\u00f6r\u0259 \u00e7ox t\u0259\u0259ss\u00fcf edirik. Sapporo v\u0259 Tokio b\u00f6lg\u0259l\u0259rind\u0259ki h\u0259r k\u0259sd\u0259n i\u015ftirak etm\u0259kd\u0259n \u00e7\u0259kinm\u0259yi xahi\u015f ed\u0259c\u0259yimiz\u0259 g\u00f6r\u0259 d\u0259 \u00e7ox t\u0259\u0259ss\u00fcfl\u0259nirik. Bel\u0259likl\u0259, bug\u00fcnk\u00fc bayram ba\u015flad\u0131.<\/p>\n<p>Bu hallar\u0131 n\u0259z\u0259r\u0259 alaraq, \u00fcmid edirik ki, Nobuo Muray\u0131n uzun ill\u0259r qazand\u0131\u011f\u0131 nailiyy\u0259tl\u0259ri v\u0259 z\u0259hm\u0259tini qeyd etm\u0259k \u00fc\u00e7\u00fcn bayram t\u0259\u015fkil etdiyimizi ba\u015fa d\u00fc\u015f\u0259c\u0259ksiniz.<\/p>\n<p>Murai-san\u0131n \u00fc\u00e7 q\u0131z\u0131 da bayramda i\u015ftirak etm\u0259k v\u0259 h\u0259r k\u0259s\u0259 \u00f6z t\u0259\u015f\u0259kk\u00fcrl\u0259rini bildirm\u0259k ist\u0259dil\u0259r, lakin d\u00fcn\u0259nd\u0259n etibar\u0259n imtina etm\u0259li oldular. Ail\u0259 \u00fczvl\u0259rinin v\u0259 yax\u0131nlar\u0131n\u0131z\u0131n i\u015ftirak ed\u0259 bilm\u0259y\u0259c\u0259yini ba\u015fa d\u00fc\u015fm\u0259nizi xahi\u015f edirik.<\/p>\n<p>Bu g\u00fcn ham\u0131n\u0131z\u0131 t\u0259brik edir\u0259m\u201d, - s\u0259dr Sasaki Yasuhiro bildirib.<\/p>\n<figure class=\"wp-caption aligncenter\"><a href=\"https:\/\/photos.google.com\/share\/AF1QipMBAH8UYu5zHRZqWQroWGrzpi3ov2kb-zJMq4HBdm4YuxjMFhb4zCAr1IFoYHvvrg\/photo\/AF1QipMs6eflFBUBp72w-LrWQEbIOvc3odnFqEUHvmM?key=eHBlV3ZubkFZNlZLX0pLOEFkaDRQVFNYRVZrZTh3\" target=\"_blank\" rel=\"noopener noreferrer\"><img decoding=\"async\" src=\"https:\/\/lh3.googleusercontent.com\/pw\/ACtC-3dFlzpKfvdggabjvZ-SwEfmOxzsiUvGazjNA7SftuzdQgrRWLIYAIApPU5shR3-pn79j-GQFT0J9bFwbaZ7YDnUoJ7cb_TWL-EAoiMwmHPWEy6vdTcmE3CFDodJ841D7k4GSM6flzZV5wVsN9tmNCsM=w1984-h1322-no?authuser=0\" width=\"1984\" height=\"1322\" alt=\"T\u0259sis\u00e7il\u0259rin n\u00fcmay\u0259nd\u0259sind\u0259n salamlar\" class=\"size-medium\" \/><\/a><figcaption class=\"wp-caption-text\">T\u0259sis\u00e7il\u0259rin n\u00fcmay\u0259nd\u0259sind\u0259n salamlar<\/figcaption><\/figure>\n<h2>Buket t\u0259qdim edir<\/h2>\n<p>Xan\u0131m Ayano Haya\u015fi t\u0259r\u0259find\u0259n g\u00fcl d\u0259st\u0259si t\u0259qdim olundu.<\/p>\n<figure class=\"wp-caption aligncenter\"><a href=\"https:\/\/photos.google.com\/share\/AF1QipMBAH8UYu5zHRZqWQroWGrzpi3ov2kb-zJMq4HBdm4YuxjMFhb4zCAr1IFoYHvvrg\/photo\/AF1QipPkm3yU0Jv-XBLVicixWkiOT11NEXQfYvYK46M?key=eHBlV3ZubkFZNlZLX0pLOEFkaDRQVFNYRVZrZTh3\" target=\"_blank\" rel=\"noopener noreferrer\"><img decoding=\"async\" src=\"https:\/\/lh3.googleusercontent.com\/pw\/ACtC-3fIWbnbVixLIAhtk3JhPZwXssd5J1AQ5b5Aen5cJxCYJQvccA2Rprrc3pepkx14TiiJSYIx8OSo0yPfNDd7yE9l-LaGm3vc1vcY7rWnnE90ruPtvAXXsU0icdhAEjKpHbXjJXzapUUsgKStTJRhgmVU=w1984-h1322-no?authuser=0\" width=\"1984\" height=\"1322\" alt=\"Buket t\u0259qdim edir\" class=\"size-medium\" \/><\/a><figcaption class=\"wp-caption-text\">Buket t\u0259qdim edir<\/figcaption><\/figure>\n<h2>Xatir\u0259 h\u0259diyy\u0259 t\u0259qdimat\u0131<\/h2>\n<p>Xatir\u0259 h\u0259diyy\u0259sini Kitaryu \u015e\u0259h\u0259r \u015euras\u0131 Katibliyinin katibi Akiko Tabata t\u0259qdim etmi\u015fdir.<\/p>\n<figure class=\"wp-caption aligncenter\"><a href=\"https:\/\/photos.google.com\/share\/AF1QipMBAH8UYu5zHRZqWQroWGrzpi3ov2kb-zJMq4HBdm4YuxjMFhb4zCAr1IFoYHvvrg\/photo\/AF1QipN1H6EaTqOR1_XIDDgRekgkwzHrEFgXfuM2yPo?key=eHBlV3ZubkFZNlZLX0pLOEFkaDRQVFNYRVZrZTh3\" target=\"_blank\" rel=\"noopener noreferrer\"><img decoding=\"async\" src=\"https:\/\/lh3.googleusercontent.com\/pw\/ACtC-3dCziNfNPZWtyDiASmfcES9vdsBYprqTm4zdNeDFxOwp26T2M078W3VFsefZsIMGVjRZf6vtfs9UQWBT8Tmk6qPxYYgAejLK9wqO3s5Z4OMkzUk-fTo4wVC0puiOl4ZwChNxDCqSS1wbcGdtB2wfO7y=w1984-h1322-no?authuser=0\" width=\"1984\" height=\"1322\" alt=\"Xatir\u0259 h\u0259diyy\u0259 t\u0259qdimat\u0131\" class=\"size-medium\" \/><\/a><figcaption class=\"wp-caption-text\">Xatir\u0259 h\u0259diyy\u0259 t\u0259qdimat\u0131<\/figcaption><\/figure>\n<h2>T\u0259brik nitqi<\/h2>\n<h3>Hokuryu \u015f\u0259h\u0259rinin meri Yutaka Sano<\/h3>\n<figure class=\"wp-caption aligncenter\"><a href=\"https:\/\/photos.google.com\/share\/AF1QipMBAH8UYu5zHRZqWQroWGrzpi3ov2kb-zJMq4HBdm4YuxjMFhb4zCAr1IFoYHvvrg\/photo\/AF1QipNg__DJLoJagz_FBfK-ru2YcBaakRQzVvG2HTs?key=eHBlV3ZubkFZNlZLX0pLOEFkaDRQVFNYRVZrZTh3\" target=\"_blank\" rel=\"noopener noreferrer\"><img decoding=\"async\" src=\"https:\/\/lh3.googleusercontent.com\/pw\/ACtC-3f3qUGeW_mMnCtb8MNVWIY2PHL9N1PFd5O_QB5VEmZgVqOb-Q1L-kxB3kFHFztrZAlgSJe0-nBBgOu3jfdq5YKG4zSIiMlUNVmsRhw6xSUsW-GAWPlmxsym0o00sBtF4xXDAP7nsyUta4mEsG8QQJLF=w1984-h1322-no?authuser=0\" width=\"1984\" height=\"1322\" alt=\"Meri Yutaka Sanonun t\u0259brik nitqi\" class=\"size-medium\" \/><\/a><figcaption class=\"wp-caption-text\">Meri Yutaka Sanonun t\u0259brik nitqi<\/figcaption><\/figure>\n<p>\u201cProfessor Murai Nobuonun Do\u011fan G\u00fcn\u0259\u015f, Q\u0131z\u0131l v\u0259 G\u00fcm\u00fc\u015f \u015f\u00fcalar ordenini almas\u0131 m\u00fcnasib\u0259til\u0259 ke\u00e7iril\u0259c\u0259k bayram m\u00fcnasib\u0259ti il\u0259 salamlar\u0131m\u0131 \u00e7atd\u0131rmaq ist\u0259rdim.<\/p>\n<p>Yerli h\u00f6kum\u0259tin inki\u015faf\u0131nda uzun ill\u0259r g\u00f6rk\u0259mli xidm\u0259tl\u0259riniz\u0259 g\u00f6r\u0259 bu ilin mart ay\u0131nda Bahar b\u0259z\u0259k alma\u011f\u0131n\u0131z m\u00fcnasib\u0259til\u0259 \u00fcr\u0259kd\u0259n t\u0259brikl\u0259rimizi \u00e7atd\u0131rmaq ist\u0259rdik.<\/p>\n<p>Bug\u00fcnk\u00fc \u015f\u0259r\u0259fin arxas\u0131nda m\u0259n d\u0259 siz\u0259 s\u0259daq\u0259tl\u0259 d\u0259st\u0259k olan, evinizi qoruyan v\u0259 \u00f6z\u00fcn\u00fcz\u00fc narahat olmadan i\u015finiz\u0259 h\u0259sr etm\u0259y\u0259 imkan ver\u0259n ail\u0259nizin v\u0259 h\u0259yat yolda\u015f\u0131n\u0131z\u0131n z\u0259hm\u0259tini qeyd etm\u0259k ist\u0259rdim.<\/p>\n<p>C\u0259nab Murai 1975-ci ild\u0259n 15 il Hokuryu \u015e\u0259h\u0259r \u015euras\u0131n\u0131n \u00fczv\u00fc, 1995-ci ild\u0259n is\u0259 iki m\u00fcdd\u0259t \u0259rzind\u0259 s\u0259kkiz il Hokkaydo Prefektural Assambleyas\u0131n\u0131n \u00fczv\u00fc kimi f\u0259aliyy\u0259t g\u00f6st\u0259rib v\u0259 bu m\u00fcdd\u0259t \u0259rzind\u0259 o, z\u0259ngin t\u0259cr\u00fcb\u0259si v\u0259 g\u00f6rk\u0259mli bilikl\u0259ri il\u0259 liderlik bacar\u0131qlar\u0131n\u0131 n\u00fcmayi\u015f etdirib. t\u0259kc\u0259 \u015f\u0259h\u0259rimizd\u0259 deyil, h\u0259m d\u0259 Hokkaydoda rifah v\u0259 t\u0259hsil v\u0259 m\u0259d\u0259niyy\u0259tin t\u0259\u015fviqi v\u0259 bu g\u00fcn h\u0259zz ald\u0131\u011f\u0131m\u0131z inki\u015faf v\u0259 \u00e7i\u00e7\u0259kl\u0259nm\u0259y\u0259 b\u00f6y\u00fck t\u00f6hf\u0259 verir.<\/p>\n<p>M\u00fcbali\u011f\u0259siz dem\u0259k olar ki, ona m\u00fckafat qazand\u0131ran nailiyy\u0259tl\u0259ri onu \u015f\u0259h\u0259rimizd\u0259 yerli muxtariyy\u0259tin inki\u015faf\u0131n\u0131n apar\u0131c\u0131 q\u00fcvv\u0259sin\u0259 \u00e7evirmi\u015fdir.<\/p>\n<p>Yerli b\u00f6lg\u0259sind\u0259 Kitaryu Fermerl\u0259r \u015euras\u0131n\u0131n v\u0259 Sora\u00e7i Fermerl\u0259r Birliyinin s\u0259dri kimi o, k\u0259nd t\u0259s\u0259rr\u00fcfat\u0131 istehsal\u00e7\u0131lar\u0131n\u0131n m\u00fcdrikliyini geni\u015fl\u0259ndirm\u0259k \u00fc\u00e7\u00fcn onlar\u0131n sosial v\u0259 iqtisadi v\u0259ziyy\u0259tini y\u00fcks\u0259ltm\u0259y\u0259 \u00e7al\u0131\u015fd\u0131.<\/p>\n<p>O, h\u0259m\u00e7inin Hokuryu \u015f\u0259h\u0259rinin ixtisas\u0131 olan Kurosengoku soya fasulyesi istehsal ed\u0259n Kurosengoku Biznes Kooperativinin s\u0259dri v\u0259 direktoru v\u0259zif\u0259sind\u0259 \u00e7al\u0131\u015f\u0131r v\u0259 2015-ci ild\u0259 onun s\u0259mimi s\u0259yl\u0259rin\u0259 g\u00f6r\u0259 Hokkaydo Qad\u0131n v\u0259 Ya\u015fl\u0131lar M\u00fcsabiq\u0259 F\u0259aliyy\u0259t M\u00fckafat\u0131, Ya\u015fl\u0131lar Kateqoriyas\u0131nda B\u00f6y\u00fck M\u00fckafatla t\u0259ltif edilmi\u015fdir.<\/p>\n<p>Bir ne\u00e7\u0259 il \u0259vv\u0259l m\u0259nd\u0259n b\u0259l\u0259diyy\u0259 i\u015f\u00e7il\u0259ri \u00fc\u00e7\u00fcn daxili t\u0259lim \u00fc\u00e7\u00fcn m\u00fchazir\u0259\u00e7i olma\u011f\u0131m\u0131 ist\u0259dil\u0259r. M\u00fchazir\u0259nin ad\u0131 \u201c\u018fn yax\u015f\u0131 v\u0259ziyy\u0259td\u0259 sa\u011flaml\u0131q\u201d idi. Bildiyiniz kimi, &quot;Tendeko&quot; f\u0259lak\u0259tin qar\u015f\u0131s\u0131n\u0131n al\u0131nmas\u0131 d\u0259rsl\u0259ri kimi istifad\u0259 olunan &quot;Tsunami tendeko&quot; v\u0259 &quot;Seimei tendeko&quot; (Life is tendeko) kimi m\u0259\u015fhur s\u00f6zl\u0259rd\u0259n \u0259m\u0259l\u0259 g\u0259lir. T\u0259fsir edildikd\u0259, \u201c\u018fn \u00f6n\u0259mlisi h\u0259r birimizin \u00f6z\u00fcm\u00fcz\u00fc qoruma\u011f\u0131m\u0131zd\u0131r\u201d m\u0259nas\u0131na g\u0259lir.<\/p>\n<p>\u201cKenko Tendeko\u201dnun \u0259sl m\u0259nas\u0131 \u201cyem\u0259yin \u0259h\u0259miyy\u0259ti\u201ddir. Art\u0131q \u0259rzaq ma\u011fazalar\u0131nda bu q\u0259d\u0259r asanl\u0131qla \u0259ld\u0259 olundu\u011fundan, balanss\u0131z qida q\u0259bulu problem\u0259 \u00e7evrilib. Bu m\u00fchitd\u0259 yem\u0259k vasit\u0259sil\u0259 yerli \u0259razini d\u0259rk etm\u0259k, yem\u0259k m\u0259d\u0259niyy\u0259tini qorumaq, t\u0259bi\u0259tin nem\u0259tl\u0259rini v\u0259 k\u0259nd t\u0259s\u0259rr\u00fcfat\u0131 f\u0259aliyy\u0259tl\u0259rinin d\u0259y\u0259rini qiym\u0259tl\u0259ndirm\u0259k vacibdir.<\/p>\n<p>\u201cYaln\u0131z qatq\u0131s\u0131z \u0259sl yem\u0259k yey\u0259r\u0259k sa\u011flam ola bil\u0259rsiniz\u201d, - doktor Murai bir fermer, fermerl\u0259r birliyi v\u0259 parlament \u00fczv\u00fc kimi d\u00fcr\u00fcst v\u0259 s\u0259mimi \u015f\u0259kild\u0259 m\u00fcdafi\u0259 edir.<\/p>\n<p>\u00dcmid edirik ki, professor v\u0259 xan\u0131m Murai sa\u011flamd\u0131r v\u0259 yerli icman\u0131n inki\u015faf\u0131 v\u0259 t\u0259hl\u00fck\u0259siz v\u0259 t\u0259hl\u00fck\u0259siz \u015f\u0259h\u0259rin yarad\u0131lmas\u0131 \u00fc\u00e7\u00fcn biz\u0259 \u00f6z r\u0259hb\u0259rliyini g\u00f6st\u0259rm\u0259kd\u0259 davam edirl\u0259r.<\/p>\n<p>Sonda m\u0259n sizi \u00fcr\u0259kd\u0259n t\u0259brik edir\u0259m v\u0259 Murai ail\u0259sinin firavanl\u0131\u011f\u0131, bu g\u00fcn i\u015ftirak ed\u0259n ham\u0131n\u0131za cansa\u011fl\u0131\u011f\u0131 v\u0259 xo\u015fb\u0259xtlik \u00fc\u00e7\u00fcn dualar edir\u0259m. &quot;Bu g\u00fcn professor Muray\u0131 t\u0259brik edir\u0259m&quot; dedi mer Yutaka Sano.<\/p>\n<figure class=\"wp-caption aligncenter\"><a href=\"https:\/\/photos.google.com\/share\/AF1QipMBAH8UYu5zHRZqWQroWGrzpi3ov2kb-zJMq4HBdm4YuxjMFhb4zCAr1IFoYHvvrg\/photo\/AF1QipOevasjFXHN5n4-YOBZBTeDjeifzw4eG4b2GrA?key=eHBlV3ZubkFZNlZLX0pLOEFkaDRQVFNYRVZrZTh3\" target=\"_blank\" rel=\"noopener noreferrer\"><img decoding=\"async\" src=\"https:\/\/lh3.googleusercontent.com\/pw\/ACtC-3dOGlCKYYo9dXnL1jJEA7KZM-TvP2n809MOtqexr136jTjRuDzxFh0mYBQGAIuj7DxIwLZiWj3TrqJVcJvS1nin3LiNhi9rZzx5-m6jPar_FhsepsuaKqFUZy1cFnBPE_0sddf-JOnD5wPLAFAMXdPM=w1984-h1322-no?authuser=0\" width=\"1984\" height=\"1322\" alt=\"T\u0259brik nitqi\" class=\"size-medium\" \/><\/a><figcaption class=\"wp-caption-text\">T\u0259brik nitqi<\/figcaption><\/figure>\n<h3>N\u00fcmay\u0259nd\u0259l\u0259r Palatas\u0131n\u0131n \u00fczv\u00fc Hisa\u015fi \u0130natsu (Oxuyan Katib Yasuo \u0130\u00e7inohe)<\/h3>\n<figure class=\"wp-caption aligncenter\"><a href=\"https:\/\/photos.google.com\/share\/AF1QipMBAH8UYu5zHRZqWQroWGrzpi3ov2kb-zJMq4HBdm4YuxjMFhb4zCAr1IFoYHvvrg\/photo\/AF1QipMSn18KkC2T1yQBzg14673e3pm39zzh7sLd7AE?key=eHBlV3ZubkFZNlZLX0pLOEFkaDRQVFNYRVZrZTh3\" target=\"_blank\" rel=\"noopener noreferrer\"><img decoding=\"async\" src=\"https:\/\/lh3.googleusercontent.com\/pw\/ACtC-3flxHLVjMrQ0uTF0dKFAaZtzbp23dqWIrwsvWoZp0_xSFeJPWxQza7q2VS4OeqJNi6ZZ0pEheR10Qf-V0BQ20ZBC0aLmxRxxk1FESK01FLRBxYqUWgksX2ws3tHMBsVMonLxAe-45PzsSlbT9C3uOFz=w1984-h1322-no?authuser=0\" width=\"1984\" height=\"1322\" alt=\"N\u00fcmay\u0259nd\u0259l\u0259r Palatas\u0131n\u0131n \u00fczv\u00fc Hisa\u015fi \u0130natsu (Oxuyan Katib Yasuo \u0130\u00e7inohe)\" class=\"size-medium\" \/><\/a><figcaption class=\"wp-caption-text\">N\u00fcmay\u0259nd\u0259l\u0259r Palatas\u0131n\u0131n \u00fczv\u00fc Hisa\u015fi \u0130natsu (Oxuyan Katib Yasuo \u0130\u00e7inohe)<\/figcaption><\/figure>\n<p>&quot;Bu g\u00fcn \u0130natsu normalda burada olard\u0131, lakin sabahdan ba\u015flayacaq m\u00fcnt\u0259z\u0259m P\u0259hriz sessiyas\u0131na g\u00f6r\u0259 o, i\u015ftirak etm\u0259y\u0259c\u0259k. S\u0259mimi q\u0259lbd\u0259n \u00fczr ist\u0259yir\u0259m. \u0130natsuya bir mesaj h\u0259val\u0259 olunub, onu onun ad\u0131ndan oxuyaca\u011fam.<\/p>\n<p>\u201cBu g\u00fcn c\u0259nab Murai Nobuonun Do\u011fan G\u00fcn\u0259\u015f, Q\u0131z\u0131l v\u0259 G\u00fcm\u00fc\u015f \u015f\u00fcalar ordenini almas\u0131 m\u00fcnasib\u0259til\u0259 ke\u00e7iril\u0259n m\u00f6ht\u0259\u015f\u0259m bayram m\u00fcnasib\u0259til\u0259 \u00fcr\u0259kd\u0259n t\u0259brikl\u0259rimi bildirm\u0259k ist\u0259yir\u0259m.<\/p>\n<p>Professor Muraiy\u0259 uzun ill\u0259r fermer h\u0259r\u0259kat\u0131nda v\u0259 inzibati f\u0259aliyy\u0259td\u0259 i\u015ftirak\u0131 il\u0259 yerli k\u0259nd t\u0259s\u0259rr\u00fcfat\u0131n\u0131n v\u0259 \u015f\u0259h\u0259rin inki\u015faf\u0131na verdiyi b\u00f6y\u00fck t\u00f6hf\u0259l\u0259r\u0259 g\u00f6r\u0259 d\u0259rin h\u00f6rm\u0259timizi bildirm\u0259k ist\u0259rdik.<\/p>\n<p>Hokuryu \u015e\u0259h\u0259r \u015euras\u0131n\u0131n \u00fczv\u00fc kimi xidm\u0259t etdikd\u0259n sonra 1995-ci ild\u0259 Hokkaydo Prefektural M\u0259clisin\u0259 se\u00e7ilib v\u0259 Hokkaydonun inki\u015faf\u0131na m\u00fch\u00fcm t\u00f6hf\u0259l\u0259r verib. Eyni zamanda o, yerli Kitaryu Fermerl\u0259r \u015euras\u0131n\u0131n v\u0259 Sora\u00e7i Fermerl\u0259r Birliyinin s\u0259dri v\u0259zif\u0259sind\u0259 \u00e7al\u0131\u015fm\u0131\u015f v\u0259 h\u00f6kum\u0259t\u0259 k\u0259nd t\u0259s\u0259rr\u00fcfat\u0131 siyas\u0259tinin t\u0259klif edilm\u0259si kimi f\u0259aliyy\u0259tl\u0259rd\u0259 f\u0259al i\u015ftirak etmi\u015fdir.<\/p>\n<p>O, inki\u015faf etdirdiyi uzaqg\u00f6r\u0259nlik v\u0259 d\u00fc\u015f\u00fcnc\u0259 il\u0259 2005-ci ild\u0259 Hokuryu Town Soya G\u0259mi\u00e7iliyi Assosiasiyas\u0131n\u0131 yaratd\u0131 v\u0259 onun s\u0259dri olaraq ham\u0131n\u0131z\u0131n bildiyiniz kimi, bu g\u00fcn Hokuryu Town v\u0259 Hokkaydoda k\u0259nd t\u0259s\u0259rr\u00fcfat\u0131n\u0131n inki\u015faf\u0131na b\u00f6y\u00fck t\u00f6hf\u0259 ver\u0259r\u0259k, Kurosengoku soya bec\u0259rilm\u0259sinin t\u0259\u015fviqind\u0259 \u00f6nc\u00fcl oldu.<\/p>\n<p>G\u0259nc olsam da, eyni zamanda professor Murai il\u0259 birlikd\u0259 prefektura m\u0259clisinin \u00fczv\u00fc kimi i\u015fl\u0259m\u0259k imkan\u0131m oldu. H\u0259l\u0259 o vaxtlar c\u0259nab Muray\u0131n g\u00fccl\u00fc \u0259qid\u0259si v\u0259 \u0259zmkarl\u0131\u011f\u0131 m\u0259ni ilhamland\u0131rd\u0131, bu da m\u0259ni parlament f\u0259aliyy\u0259timd\u0259 h\u0259v\u0259sl\u0259ndirdi.<\/p>\n<p>\u00d6t\u0259n il S\u0259hiyy\u0259, \u018fm\u0259k v\u0259 Rifah Nazirinin m\u00fcavini kimi m\u0259n \u0259sas\u0259n COVID-19 \u0259leyhin\u0259 t\u0259dbirl\u0259rd\u0259 i\u015ftirak etmi\u015f\u0259m. Bu koronavirus b\u00f6hran\u0131na girdiyimiz zaman m\u00fcxt\u0259lif m\u00fczakir\u0259l\u0259ri davam etdirm\u0259li v\u0259 onu sona \u00e7atd\u0131rmaq \u00fc\u00e7\u00fcn t\u0259dbirl\u0259r g\u00f6rm\u0259liyik.<\/p>\n<p>M\u00fcharib\u0259 zaman\u0131 v\u0259 m\u00fcharib\u0259d\u0259n sonrak\u0131 \u00e7\u0259tin d\u00f6vrl\u0259rd\u0259n sa\u011f \u00e7\u0131xm\u0131\u015f, m\u00fcxt\u0259lif islahatlar h\u0259yata ke\u00e7irmi\u015f professor Muray kimi s\u0259l\u0259fl\u0259rimizin m\u00fcdrikliyini v\u0259 ruhunu miras alaraq bu \u00e7\u0259tinlikl\u0259rin \u00f6hd\u0259sind\u0259n g\u0259lm\u0259k \u0259zmind\u0259dir. Davaml\u0131 r\u0259hb\u0259rliyiniz \u00fc\u00e7\u00fcn minn\u0259tdar olar\u0131q.<\/p>\n<p>Bu g\u00fcn\u0259 q\u0259d\u0259r h\u0259yat yolda\u015f\u0131na p\u0259rd\u0259 arxas\u0131nda d\u0259st\u0259k olan xan\u0131m\u0131na da s\u0259mimi t\u0259\u015f\u0259kk\u00fcr\u00fcm\u00fc bildirir\u0259m.<\/p>\n<p>\u00dcmid edir\u0259m ki, c\u0259nab Muray bundan sonra da sa\u011flam olacaq v\u0259 daha da u\u011furlu olacaq v\u0259 bununla da t\u0259brik mesaj\u0131m\u0131 yekunla\u015fd\u0131r\u0131ram.<\/p>\n<p>25 oktyabr 2020-ci il N\u00fcmay\u0259nd\u0259l\u0259r Palatas\u0131n\u0131n \u00fczv\u00fc Hisayo \u0130nazu\u201d. Bu g\u00fcn b\u00f6y\u00fck t\u0259brikl\u0259r.\u201d<\/p>\n<figure class=\"wp-caption aligncenter\"><a href=\"https:\/\/photos.google.com\/share\/AF1QipMBAH8UYu5zHRZqWQroWGrzpi3ov2kb-zJMq4HBdm4YuxjMFhb4zCAr1IFoYHvvrg\/photo\/AF1QipPJGaynX0qEYE8DTp1qA-Z9L4sEtHJ3uttgCEc?key=eHBlV3ZubkFZNlZLX0pLOEFkaDRQVFNYRVZrZTh3\" target=\"_blank\" rel=\"noopener noreferrer\"><img decoding=\"async\" src=\"https:\/\/lh3.googleusercontent.com\/pw\/ACtC-3fQBCwE9BsbVmIo5ZDeA14QMZZgTBkiAKIeWinLUP0KNQr9tE9LNsvPKur2RcsF6a2BkFJLcEB0HCCkJ3NQwfQ4tXM-8PT6cJawfxJvh2DSGQtISzjUuv2LNPtI3AELepXUECA81-bpNr_kPVaGVnTX=w1984-h1322-no?authuser=0\" width=\"1984\" height=\"1322\" alt=\"Katib Yasuo \u0130\u00e7inohe mesaj\u0131 oxuyur\" class=\"size-medium\" \/><\/a><figcaption class=\"wp-caption-text\">Katib Yasuo \u0130\u00e7inohe mesaj\u0131 oxuyur<\/figcaption><\/figure>\n<h3>Murai Nobuo T\u0259r\u0259fdarlar\u0131 Assosiasiyas\u0131n\u0131n ke\u00e7mi\u015f s\u0259dri, c\u0259nab Ryoji Kikura<\/h3>\n<figure class=\"wp-caption aligncenter\"><a href=\"https:\/\/photos.google.com\/share\/AF1QipMBAH8UYu5zHRZqWQroWGrzpi3ov2kb-zJMq4HBdm4YuxjMFhb4zCAr1IFoYHvvrg\/photo\/AF1QipMAayr2q40u7Bx5xVVG1ZkCSXtvJKewblVVXnQ?key=eHBlV3ZubkFZNlZLX0pLOEFkaDRQVFNYRVZrZTh3\" target=\"_blank\" rel=\"noopener noreferrer\"><img decoding=\"async\" src=\"https:\/\/lh3.googleusercontent.com\/pw\/ACtC-3eQAREDkgkSLc-nZuAWbfudZLkpA-enc4YiPnsBFIcj3cmqz9kzKGPXMeA4WOZcGLHOrDpoVkzJ_Jc5mZcnTPg1nx7eEhEct0SXV3_Xqv398hoMedZENLCpWO-8w67i4BOme_fahfXbOhTkaxwF9yGX=w1984-h1322-no?authuser=0\" width=\"1984\" height=\"1322\" alt=\"Murai Nobuo T\u0259r\u0259fdarlar\u0131 Assosiasiyas\u0131n\u0131n ke\u00e7mi\u015f s\u0259dri, c\u0259nab Ryoji Kikura\" class=\"size-medium\" \/><\/a><figcaption class=\"wp-caption-text\">Murai Nobuo T\u0259r\u0259fdarlar\u0131 Assosiasiyas\u0131n\u0131n ke\u00e7mi\u015f s\u0259dri, c\u0259nab Ryoji Kikura<\/figcaption><\/figure>\n<p>&quot;C\u0259nab v\u0259 xan\u0131m Murai Nobuonu Do\u011fan G\u00fcn\u0259\u015f, Q\u0131z\u0131l v\u0259 G\u00fcm\u00fc\u015f \u015f\u00fcalar ordeni il\u0259 t\u0259ltif olunmalar\u0131 m\u00fcnasib\u0259til\u0259 \u00fcr\u0259kd\u0259n t\u0259brik etm\u0259k ist\u0259rdim. T\u0259brikl\u0259r \u00e7ox y\u00fcks\u0259k qiym\u0259tl\u0259ndirilir. M\u0259n \u00e7ox \u00e7\u0259tin g\u00fcnl\u0259r ya\u015fad\u0131\u011f\u0131na inand\u0131\u011f\u0131m h\u0259yat yolda\u015f\u0131n\u0131z\u0131 x\u00fcsusil\u0259 t\u0259brik edir\u0259m.<\/p>\n<p>Kitary\u016b Town, milli siyas\u0259td\u0259 Kita Masakiyo v\u0259 prefektura m\u0259clisinin \u00fczv\u00fc kimi Qoto Mioha\u00e7inin ard\u0131nca \u00fc\u00e7\u00fcnc\u00fc \u015f\u0259xsin aktiv rol oynamas\u0131 imkan\u0131 \u0259ld\u0259 etdi.<\/p>\n<p>M\u0259n Muray\u0131n prefektura m\u0259clisind\u0259 namiz\u0259d olma\u011f\u0131m\u0131 ist\u0259m\u0259sinin s\u0259b\u0259bl\u0259rini izah etm\u0259k ist\u0259rdim.<\/p>\n<p>Sora\u00e7i regionunda prefektura m\u0259clisinin \u00fczvl\u0259ri kimi Numata \u015f\u0259h\u0259rind\u0259n olan c\u0259nab Naokazu Tsuqava v\u0259 Urausu q\u0259s\u0259b\u0259sind\u0259n olan c\u0259nab Arata Ohno t\u0259kc\u0259 Sora\u00e7id\u0259 deyil, b\u00fct\u00f6vl\u00fckd\u0259 Hokkaydoda k\u0259nd t\u0259s\u0259rr\u00fcfat\u0131n\u0131 nec\u0259 yax\u015f\u0131la\u015fd\u0131rmaq bar\u0259d\u0259 d\u00fc\u015f\u00fcnm\u0259k \u00fc\u00e7\u00fcn \u00e7ox \u00e7al\u0131\u015f\u0131blar.<\/p>\n<p>C\u0259nab Ohno Arata t\u0259qa\u00fcd\u0259 \u00e7\u0131xanda, m\u00fcxt\u0259lif t\u0259\u015fkilatlar m\u00fczakir\u0259l\u0259r apard\u0131 v\u0259 Hokkaydo K\u0259nd T\u0259s\u0259rr\u00fcfat\u0131 Kooperativl\u0259ri Federasiyas\u0131n\u0131n o zamank\u0131 s\u0259dr m\u00fcavini c\u0259nab Naomuneji r\u0259hb\u0259rlik etdi v\u0259 1991-ci ilin aprelind\u0259 Hokuryu \u015f\u0259h\u0259rini ziyar\u0259t etdi. sol. Xahi\u015f bel\u0259 idi: ``Z\u0259hm\u0259t olmasa, fermerl\u0259r h\u0259r\u0259kat\u0131 da daxil olmaqla Murai-ni d\u0259st\u0259kl\u0259m\u0259k \u00fc\u00e7\u00fcn \u0259lind\u0259n g\u0259l\u0259ni edin.&#039;&#039;<\/p>\n<p>Qay\u0131dandan sonra aidiyyat\u0131 t\u0259r\u0259fl\u0259r aras\u0131nda m\u00fczakir\u0259 apard\u0131q v\u0259 t\u0259\u0259cc\u00fcbl\u0259ndik ki, h\u0259qiq\u0259t\u0259n bel\u0259 ki\u00e7ik bir k\u0259ndd\u0259 Muray m\u00fc\u0259llimin g\u00f6zl\u0259diyi \u015f\u0259kild\u0259 se\u00e7ki ke\u00e7ir\u0259 bil\u0259rikmi? &quot;Bir \u00e7ox insan \u00f6z narahatl\u0131\u011f\u0131n\u0131 ifad\u0259 etdi. B\u0259l\u0259diyy\u0259 s\u0259dri Yamamoto da Kitaryu \u015f\u0259h\u0259rinin h\u0259qiq\u0259t\u0259n d\u00fczg\u00fcn se\u00e7im olub-olmamas\u0131ndan narahat idi.<\/p>\n<p>Nao ikinci d\u0259f\u0259 g\u0259l\u0259nd\u0259 dedi: \u201c\u018fg\u0259r Muray indi aya\u011fa qalxmasa, Hokkaydonun k\u0259nd t\u0259s\u0259rr\u00fcfat\u0131 b\u00f6y\u00fck probleml\u0259 \u00fczl\u0259\u015f\u0259c\u0259k. Z\u0259hm\u0259t olmasa n\u0259 laz\u0131md\u0131rsa edin. M\u0259n\u0259 dedil\u0259r ki, Hokkaydo K\u0259nd T\u0259s\u0259rr\u00fcfat\u0131 Kooperativ Assosiasiyalar\u0131 Federasiyas\u0131, Hokuren, \u015einren, Koseiren v\u0259 Hokkaydo V\u0259t\u0259nda\u015f H\u0259r\u0259kat\u0131 h\u0259rt\u0259r\u0259fli d\u0259st\u0259k ver\u0259c\u0259kl\u0259r, ona g\u00f6r\u0259 d\u0259 Hokuryu \u015f\u0259h\u0259rind\u0259ki rolu \u00fcz\u0259rim\u0259 g\u00f6t\u00fcrm\u0259y\u0259 q\u0259rar verdim.<\/p>\n<p>Bu g\u00fcn buraya topla\u015fan \u015f\u0259h\u0259r \u0259halisinin \u00e7oxu Muray\u0131n G\u0259ncl\u0259r Qrupunun, K\u0259nd T\u0259s\u0259rr\u00fcfat\u0131 Kooperativinin G\u0259ncl\u0259r B\u00f6lm\u0259sinin, Fermerl\u0259r \u015euras\u0131n\u0131n v\u0259 H\u00fcquq\u015f\u00fcnaslar Qrupu Layih\u0259sinin \u00fczv\u00fc oldu\u011fu d\u00f6vrd\u0259 ona k\u00f6m\u0259klik g\u00f6st\u0259rmi\u015f insanlard\u0131r.<\/p>\n<p>D\u00fc\u015f\u00fcn\u00fcr\u0259m ki, Muraya niy\u0259 t\u0259l\u0259bat oldu\u011funu ba\u015fa d\u00fc\u015f\u0259 bil\u0259rsiniz. Ki\u00e7ik k\u0259nd olsa da, ilk se\u00e7kid\u0259 etibarl\u0131 s\u0259sl\u0259rin 60%-d\u0259n \u00e7oxunun d\u0259st\u0259yini ald\u0131q. \u0130kinci d\u0259f\u0259, h\u0259qiq\u0259t\u0259n \u00e7\u0259tin bir b\u00f6hran\u0131n ortas\u0131nda, Murai Nobuo, Kitaryu \u015f\u0259h\u0259rind\u0259 etibarl\u0131 s\u0259sl\u0259rin 79,8% (t\u0259xmin\u0259n 80%) t\u0259msil etm\u0259k \u00fc\u00e7\u00fcn yazd\u0131. \u0130lk d\u0259f\u0259 idi ki, Muray o vaxta q\u0259d\u0259r ke\u00e7iril\u0259n se\u00e7kil\u0259rd\u0259 \u015f\u0259h\u0259rd\u0259n bu q\u0259d\u0259r d\u0259st\u0259k al\u0131rd\u0131.<\/p>\n<p>D\u00fc\u015f\u00fcn\u00fcr\u0259m ki, Muray bu k\u0259ndd\u0259 h\u0259mi\u015f\u0259 od k\u00fcr\u0259si olmas\u0131, n\u0259inki z\u0259hm\u0259t \u00e7\u0259km\u0259si, h\u0259m d\u0259 iddias\u0131n\u0131 ortaya qoymas\u0131, \u00f6nc\u00fcl olaca\u011f\u0131n\u0131 dem\u0259si v\u0259 bunun \u00fc\u00e7\u00fcn h\u0259yat\u0131n\u0131 risk\u0259 ataca\u011f\u0131 \u00fc\u00e7\u00fcn \u015f\u0259h\u0259r camaat\u0131n\u0131n d\u0259st\u0259yini qazan\u0131b.<\/p>\n<p>Muray\u0131n indi 88 ya\u015f\u0131 var v\u0259 100 ya\u015f\u0131na h\u0259l\u0259 vaxt\u0131 var. Bug\u00fcnk\u00fc c\u0259miyy\u0259td\u0259 dinc, t\u0259hl\u00fck\u0259siz v\u0259 firavan h\u0259yat s\u00fcrm\u0259k \u00fc\u00e7\u00fcn k\u0259nd t\u0259s\u0259rr\u00fcfat\u0131 v\u0259 k\u0259nd yerl\u0259ri sa\u011flam olmal\u0131d\u0131r. \u00dcmid edirik ki, eyni ehtirasla bizi ruhland\u0131rmaqda v\u0259 ruhland\u0131rmaqda davam ed\u0259c\u0259ksiniz.<\/p>\n<p>C\u0259nab Murai, b\u00fct\u00fcn z\u0259hm\u0259tin\u0259 g\u00f6r\u0259 h\u0259yat yolda\u015f\u0131n\u0131za \u00fcr\u0259kd\u0259n t\u0259\u015f\u0259kk\u00fcr etm\u0259k ist\u0259yir\u0259m. T\u0259brik edir\u0259m\u201d, - Huanq Canq bildirib.<\/p>\n<figure class=\"wp-caption aligncenter\"><a href=\"https:\/\/photos.google.com\/share\/AF1QipMBAH8UYu5zHRZqWQroWGrzpi3ov2kb-zJMq4HBdm4YuxjMFhb4zCAr1IFoYHvvrg\/photo\/AF1QipPfii5zT57CcFuNYZDEtCsSRxNjjwj3LDmnt6U?key=eHBlV3ZubkFZNlZLX0pLOEFkaDRQVFNYRVZrZTh3\" target=\"_blank\" rel=\"noopener noreferrer\"><img decoding=\"async\" src=\"https:\/\/lh3.googleusercontent.com\/pw\/ACtC-3cvHod59i0bnC98CrqORj7g1mrJkb4KnEAOCv-VgZTt7pTF6laXrsW6cv-K_DXMsnsoTuEwICfeNV2UOCCGLA88Q8_66qstJVfrGt9tR4FT0Zm3VGW4dNAiI8t1GF6AmewMyLT1scSzfuOWQb70bWzr=w1984-h1322-no?authuser=0\" width=\"1984\" height=\"1322\" alt=\"Ryoji Kikuran\u0131n hekay\u0259si\" class=\"size-medium\" \/><\/a><figcaption class=\"wp-caption-text\">Ryoji Kikuran\u0131n hekay\u0259si<\/figcaption><\/figure>\n<h2>T\u0259brik teleqram\u0131 t\u0259qdimat\u0131<\/h2>\n<p>T\u0259brik teleqram\u0131n\u0131 Kitaryu \u015e\u0259h\u0259r \u015euras\u0131 Katibliyinin katibi Akiko Tabata oxuyub.<\/p>\n<figure class=\"wp-caption aligncenter\"><a href=\"https:\/\/photos.google.com\/share\/AF1QipMBAH8UYu5zHRZqWQroWGrzpi3ov2kb-zJMq4HBdm4YuxjMFhb4zCAr1IFoYHvvrg\/photo\/AF1QipMcjvq6ij-PGHsQ6yNFD4Vdm7rlrz2kMTYlA1s?key=eHBlV3ZubkFZNlZLX0pLOEFkaDRQVFNYRVZrZTh3\" target=\"_blank\" rel=\"noopener noreferrer\"><img decoding=\"async\" src=\"https:\/\/lh3.googleusercontent.com\/pw\/ACtC-3cwwOtcsYiFzbt31Rrd5g01dl8dzPMuQOl7HYWrsOo22z6h0rRatD-DFEbN17IlyUpYBPrKjZxQjhpykz39SpAxTMW1uJq40f_X1cfXG6wLqNFXIrhTf1Zy8QmyPAuwzvOP_o-f2IP6Ve0UFgQQzxln=w1984-h1322-no?authuser=0\" width=\"1984\" height=\"1322\" alt=\"T\u0259brik teleqram\u0131 t\u0259qdimat\u0131\" class=\"size-medium\" \/><\/a><figcaption class=\"wp-caption-text\">T\u0259brik teleqram\u0131 t\u0259qdimat\u0131<\/figcaption><\/figure>\n<h3>Hokkaydo qubernatoru Naomi\u00e7i Suzuki<\/h3>\n<p>\u201cBu g\u00fcn Hokkaydo Prefektural Assambleyas\u0131n\u0131n ke\u00e7mi\u015f \u00fczv\u00fc c\u0259nab Murai Nobuonun Do\u011fan G\u00fcn\u0259\u015f, Q\u0131z\u0131l v\u0259 G\u00fcm\u00fc\u015f \u015f\u00fcalar ordenini almas\u0131 m\u00fcnasib\u0259til\u0259 ke\u00e7iril\u0259n bayram m\u00fcnasib\u0259til\u0259 yerli ictimaiyy\u0259ti \u00fcr\u0259kd\u0259n t\u0259brik etm\u0259k ist\u0259rdim.<\/p>\n<p>E\u015fitmi\u015f\u0259m ki, h\u0259tta prefektura m\u0259clisind\u0259n c\u0259sar\u0259tl\u0259 t\u0259qa\u00fcd\u0259 \u00e7\u0131xd\u0131qdan sonra da k\u0259nd t\u0259s\u0259rr\u00fcfat\u0131, c\u0259miyy\u0259t v\u0259 ail\u0259niz \u00fc\u00e7\u00fcn \u00e7ox \u00e7al\u0131\u015fmaqda davam edirsiniz. \u00dcmid edir\u0259m ki, siz bundan sonra da sa\u011flaml\u0131\u011f\u0131n\u0131z\u0131 qoruyub saxlayacaq v\u0259 Hokkaydo v\u0259 Hokuryu \u015f\u0259h\u0259rinin administrasiyas\u0131na d\u0259st\u0259yinizi davam etdir\u0259c\u0259ksiniz. T\u0259brikl\u0259rimi sizd\u0259n Hokkaydo v\u0259 Hokuryu \u015f\u0259h\u0259rinin administrasiyas\u0131n\u0131 d\u0259st\u0259kl\u0259m\u0259y\u0259 davam etm\u0259yi xahi\u015f etm\u0259kl\u0259 yekunla\u015fd\u0131rmaq ist\u0259rdim\u201d.<\/p>\n<h3>Hokkaydonun ke\u00e7mi\u015f qubernatoru v\u0259 \u015eura Palatas\u0131n\u0131n \u00fczv\u00fc Harumi Takaha\u015fi<\/h3>\n<p>&quot;M\u0259n Professor Muray\u0131 Do\u011fan G\u00fcn\u0259\u015f, Q\u0131z\u0131l v\u0259 G\u00fcm\u00fc\u015f \u015f\u00fcalar ordenini almas\u0131 m\u00fcnasib\u0259til\u0259 \u00fcr\u0259kd\u0259n t\u0259brik edir\u0259m, bayram g\u00fcn\u0259baxanlar \u015f\u0259h\u0259ri olan Hokuryu \u015f\u0259h\u0259rind\u0259 ke\u00e7irilir. Onun Hokkaydonun \u00f6z k\u0259nd t\u0259s\u0259rr\u00fcfat\u0131 siyas\u0259tinin m\u00fczakir\u0259si v\u0259 formala\u015fmas\u0131nda b\u00f6y\u00fck nailiyy\u0259tl\u0259rin\u0259 g\u00f6r\u0259 minn\u0259tdarl\u0131\u011f\u0131m\u0131 v\u0259 h\u00f6rm\u0259timi bildirm\u0259k ist\u0259rdim.<\/p>\n<p>Biz &quot;Kenko Tendeko&quot; olaraq \u00fcmid edirik ki, bundan sonra da sa\u011flam v\u0259 u\u011furlu olacaqs\u0131n\u0131z. N\u0259hay\u0259t, Kitaryu \u015f\u0259h\u0259rind\u0259ki h\u0259r k\u0259s\u0259 d\u0259st\u0259y\u0259 g\u00f6r\u0259 t\u0259\u015f\u0259kk\u00fcr etm\u0259k ist\u0259rdim. Bu g\u00fcn professor Muray\u0131 t\u0259brik edir\u0259m\u201d.<\/p>\n<h3>C\u0259nab \u015eoji \u015eirakava, Hokkaydo Prefektura Assambleyas\u0131n\u0131n \u00fczv\u00fc<\/h3>\n<p>&quot;M\u0259n b\u00f6y\u00fck siyasi s\u0259l\u0259fim c\u0259nab Murai Nobuonun Do\u011fan G\u00fcn\u0259\u015f, Q\u0131z\u0131l v\u0259 G\u00fcm\u00fc\u015f \u015e\u00fcalar\u0131 ordenini almas\u0131 m\u00fcnasib\u0259til\u0259 t\u0259brikl\u0259rimi \u00e7atd\u0131rmaq ist\u0259rdim. T\u0259brikl\u0259rimi \u00e7atd\u0131rmaq \u00fc\u00e7\u00fcn ad\u0259t\u0259n i\u015ftirak ed\u0259rdim, lakin m\u0259n e\u015fitmi\u015f\u0259m ki, bug\u00fcnk\u00fc t\u0259dbir Yeni Hokkay-1-in COVID-19 infeksiyas\u0131 modeli il\u0259 \u0259laq\u0259dar ke\u00e7irilir. i\u015ftirak ed\u0259 bilm\u0259y\u0259c\u0259yimi ba\u015fa d\u00fc\u015f\u00fcrs\u00fcn\u00fcz.<\/p>\n<p>M\u0259nim vizit kart\u0131m\u0131 professor Murai yaz\u0131b. Bir fermer v\u0259 Hokkaydo Prefektural Assambleyas\u0131n\u0131n \u00fczv\u00fc kimi m\u0259n\u0259 onun k\u0259nd t\u0259s\u0259rr\u00fcfat\u0131 siyas\u0259ti haqq\u0131nda \u00e7\u00f6ld\u0259n dan\u0131\u015fmaq v\u0259 fermerl\u0259rin siyasi g\u00fcc\u00fcn\u00fc s\u0259f\u0259rb\u0259r etm\u0259k m\u00fcnasib\u0259ti miras qalm\u0131\u015fd\u0131r. Davaml\u0131 t\u0259klifl\u0259rinizi g\u00f6zl\u0259yirik.<\/p>\n<p>Hokuryudak\u0131 h\u0259r k\u0259s\u0259, bu ilki G\u00fcn\u0259baxan Festival\u0131 l\u0259\u011fv olunsa da, \u00fcmid edir\u0259m ki, Dr. Murai-nin bug\u00fcnk\u00fc qeyd edilm\u0259si \u015f\u0259h\u0259r\u0259 parlaq bir par\u0131lt\u0131 g\u0259tir\u0259c\u0259k. M\u0259n d\u0259 bu g\u00fcn\u0259 q\u0259d\u0259r Dr. Muraiy\u0259 d\u0259st\u0259k olan yerli ictimaiyy\u0259t\u0259 v\u0259 onun ail\u0259sin\u0259 \u00f6z t\u0259\u015f\u0259kk\u00fcr\u00fcm\u00fc v\u0259 minn\u0259tdarl\u0131\u011f\u0131m\u0131 bildirm\u0259k ist\u0259yir\u0259m.<\/p>\n<h3>Xan\u0131m Ruriko Kurose, xan\u0131m Mieko Fujise, xan\u0131m Naoko Suqawara<\/h3>\n<p>&quot;Bu m\u00fckafat\u0131 alma\u011f\u0131n\u0131z m\u00fcnasib\u0259til\u0259 sizi t\u0259brik edir\u0259m. Uzun m\u00fcdd\u0259t davam ed\u0259n m\u00fcnasib\u0259timiz \u0259rzind\u0259 siz\u0259 h\u00f6rm\u0259t etm\u0259kd\u0259n h\u0259zz ald\u0131m v\u0259 maraqland\u0131m ki, siz ciddi idiniz, yoxsa sad\u0259c\u0259 aktyorluq etdiniz. Lakin medal\u0131 ald\u0131qdan sonra ba\u015fqalar\u0131n\u0131 salamlamaq v\u0259 h\u0259tta h\u0259r\u0259k\u0259t etm\u0259k \u00e7\u0259tinl\u0259\u015fir. Z\u0259hm\u0259t olmasa, m\u0259n\u0259 t\u0259b\u0259ss\u00fcm v\u0259 enerji b\u0259x\u015f etm\u0259y\u0259 davam edin.<\/p>\n<p>Sizinl\u0259 haori v\u0259 hakamada g\u00f6r\u00fc\u015f\u0259 bilm\u0259s\u0259k d\u0259, uzaq Sapporodan olan Murai Bac\u0131lar\u0131 Klubunda ham\u0131m\u0131z \u00e7ox t\u0259sirl\u0259ndik v\u0259 \u00fc\u00e7qat vuru\u015fda \u00fcr\u0259kd\u0259n t\u0259brikl\u0259rimizi \u00e7atd\u0131rmaq ist\u0259rdik.&quot;<\/p>\n<figure class=\"wp-caption aligncenter\"><a href=\"https:\/\/photos.google.com\/share\/AF1QipMBAH8UYu5zHRZqWQroWGrzpi3ov2kb-zJMq4HBdm4YuxjMFhb4zCAr1IFoYHvvrg\/photo\/AF1QipPQWFUF8EHTQ0UfEgzPG8nug5pJMZWyWqpVU2w?key=eHBlV3ZubkFZNlZLX0pLOEFkaDRQVFNYRVZrZTh3\" target=\"_blank\" rel=\"noopener noreferrer\"><img decoding=\"async\" src=\"https:\/\/lh3.googleusercontent.com\/pw\/ACtC-3et_-i-wf4IC1Nkgb0UFph4w4p8MUnpYRsRy4pGZZ4kIAtdtkLrT-L7ZhqKDLj5Gs3_wGYVlDJETSMAZlgCU1eIqE01PqYjkiW6WB8toUiHgxrjA04UhWjWfTVUCDACVr717KdE6AoWd44-qix2OkiR=w1984-h1322-no?authuser=0\" width=\"1984\" height=\"1322\" alt=\"H\u0259r k\u0259s diqq\u0259tl\u0259 dinl\u0259yir\" class=\"size-medium\" \/><\/a><figcaption class=\"wp-caption-text\">H\u0259r k\u0259s diqq\u0259tl\u0259 dinl\u0259yir<\/figcaption><\/figure>\n<h2>Minn\u0259tdarl\u0131q: Nobuo Murai<\/h2>\n<figure class=\"wp-caption aligncenter\"><a href=\"https:\/\/photos.google.com\/share\/AF1QipMBAH8UYu5zHRZqWQroWGrzpi3ov2kb-zJMq4HBdm4YuxjMFhb4zCAr1IFoYHvvrg\/photo\/AF1QipPBHjludCgT_6-_EQ3TBqtGJz-u3cR43305RsY?key=eHBlV3ZubkFZNlZLX0pLOEFkaDRQVFNYRVZrZTh3\" target=\"_blank\" rel=\"noopener noreferrer\"><img decoding=\"async\" src=\"https:\/\/lh3.googleusercontent.com\/pw\/ACtC-3eMA5b6fBwKxj-3xx2Y95ob8NZa2RlQmCL5NAIh4fkQq3b_OmfwDnDyhsMPMVegORwczfygNBpXBXca4KiKuNLzx1vJeGV4DzGg7ItCExRpqCF2WpBIsQRbWq9n51yMILQoplb7zGqLxFTF-kHrP2Ce=w1984-h1322-no?authuser=0\" width=\"1984\" height=\"1322\" alt=\"C\u0259nab Murai \u00f6z t\u0259\u015f\u0259kk\u00fcr\u00fcn\u00fc bildirir\" class=\"size-medium\" \/><\/a><figcaption class=\"wp-caption-text\">C\u0259nab Murai \u00f6z t\u0259\u015f\u0259kk\u00fcr\u00fcn\u00fc bildirir<\/figcaption><\/figure>\n<p>&quot;Bu g\u00fcn i\u015ftirak ed\u0259n h\u0259r k\u0259s\u0259 t\u0259\u015f\u0259kk\u00fcr\u00fcm\u00fc bildirir\u0259m. Do\u011fan G\u00fcn\u0259\u015f, Q\u0131z\u0131l v\u0259 G\u00fcm\u00fc\u015f \u015f\u00fcalar ordenini alma\u011f\u0131n\u0131za g\u00f6r\u0259 bayramda i\u015ftirak etm\u0259k \u00fc\u00e7\u00fcn vaxt ay\u0131rd\u0131\u011f\u0131n\u0131z \u00fc\u00e7\u00fcn ham\u0131n\u0131za s\u0259mimi t\u0259\u015f\u0259kk\u00fcr\u00fcm\u00fc bildirir\u0259m.<\/p>\n<p>Hal-haz\u0131rda, bu g\u00fcn burada olan ham\u0131n\u0131za, m\u0259n\u0259 r\u0259hb\u0259rlik, d\u0259st\u0259k v\u0259 ruhland\u0131r\u0131c\u0131 ver\u0259n \u015f\u0259h\u0259rd\u0259 v\u0259 Sora\u00e7id\u0259 \u00e7oxlu insanlara t\u0259\u015f\u0259kk\u00fcr ed\u0259r\u0259k, bu m\u00fckafat\u0131 almaqdan nec\u0259 \u015f\u0259r\u0259f duydu\u011fumu d\u00fc\u015f\u00fcn\u00fcr\u0259m. Haz\u0131rda \u00f6z\u00fcm\u00fc inan\u0131lmaz d\u0259r\u0259c\u0259d\u0259 minn\u0259tdar v\u0259 h\u0259dsiz d\u0259r\u0259c\u0259d\u0259 xo\u015fb\u0259xt hiss edir\u0259m. V\u00fccudum titr\u0259yir, amma \u0259limd\u0259n g\u0259l\u0259ni ed\u0259c\u0259y\u0259m ki, salamla\u015f\u0131m.<\/p>\n<p>H\u0259r g\u00fcn xo\u015f d\u0259st\u0259yiniz\u0259 g\u00f6r\u0259 ham\u0131n\u0131za s\u0259mimi minn\u0259tdarl\u0131\u011f\u0131m\u0131 bildirm\u0259k ist\u0259yir\u0259m. \u018fvv\u0259ll\u0259r sizd\u0259n bel\u0259 s\u0259mimi salam almaq m\u0259nim \u00fc\u00e7\u00fcn inan\u0131lmaz \u015f\u0259r\u0259f idi. M\u0259n sad\u0259c\u0259 olaraq \u0259s\u0259bl\u0259\u015fir\u0259m v\u0259 t\u0259sirl\u0259nir\u0259m.<\/p>\n<p>M\u0259nim \u00fc\u00e7\u00fcn \u0259n \u00f6n\u0259mlisi ail\u0259mdir. N\u00f6vb\u0259ti \u0259n vacib \u015fey sa\u011flaml\u0131qd\u0131r. Biz 88 il \u0259rzind\u0259 bu yolda \u00e7ox \u00e7al\u0131\u015fmaqda davam etdik. V\u0259 n\u0259hay\u0259t, h\u0259yat yolda\u015f\u0131m 63 ildir evlidir v\u0259 s\u0259brl\u0259, d\u00f6z\u00fcml\u0259, m\u0259tan\u0259tl\u0259 d\u00f6z\u00fcb. \u0130nan\u0131ram ki, bir ail\u0259 \u00fczv\u00fc v\u0259 h\u0259yat yolda\u015f\u0131 kimi m\u0259n\u0259 g\u00f6st\u0259rdikl\u0259ri d\u0259st\u0259k, ruhland\u0131r\u0131c\u0131 v\u0259 ruhland\u0131r\u0131c\u0131 bu g\u00fcn bu \u015f\u0259r\u0259fi qazanma\u011f\u0131ma s\u0259b\u0259b olub.<\/p>\n<p>Nadir hallarda y\u00fcks\u0259k s\u0259sl\u0259 des\u0259m d\u0259, bu g\u00fcn h\u0259yat yolda\u015f\u0131ma t\u0259\u015f\u0259kk\u00fcr etm\u0259k \u00fc\u00e7\u00fcn bir ne\u00e7\u0259 k\u0259lm\u0259 dem\u0259k v\u0259 sonra salam\u0131m\u0131 yekunla\u015fd\u0131rmaq ist\u0259yir\u0259m. H\u0259r k\u0259s\u0259 \u00e7ox sa\u011f olun\u201d, - Muray bildirib.<\/p>\n<figure class=\"wp-caption aligncenter\"><a href=\"https:\/\/photos.google.com\/share\/AF1QipMBAH8UYu5zHRZqWQroWGrzpi3ov2kb-zJMq4HBdm4YuxjMFhb4zCAr1IFoYHvvrg\/photo\/AF1QipOBRzuCi6c-LLrLLziZMfGWW9mnbm7mMxCf9E0?key=eHBlV3ZubkFZNlZLX0pLOEFkaDRQVFNYRVZrZTh3\" target=\"_blank\" rel=\"noopener noreferrer\"><img decoding=\"async\" src=\"https:\/\/lh3.googleusercontent.com\/pw\/ACtC-3fP3JLT8d3ROiE3hwNvBCB6V6QBNuZs2N7s79ZHDyWOTMy7WPGgRKrUMdIN1ioClUHFCLW4mHnPtrPuAAlEDtss8BPq5IyNsifRRjf9983kcck-Wex_jwCM5IyZxlM58vI2bhn4e_I_yB8uDwwoJBPS=w1984-h1322-no?authuser=0\" width=\"1984\" height=\"1322\" alt=\"Xan\u0131m Reykoya t\u0259\u015f\u0259kk\u00fcr s\u00f6zl\u0259ri\" class=\"size-medium\" \/><\/a><figcaption class=\"wp-caption-text\">Xan\u0131m Reykoya t\u0259\u015f\u0259kk\u00fcr s\u00f6zl\u0259ri<\/figcaption><\/figure>\n<h2>Bayram<\/h2>\n<h3>Tost: C\u0259nab Takeshi Yamamoto, Hekisui \u015f\u0259h\u0259rinin s\u0259dri<\/h3>\n<figure class=\"wp-caption aligncenter\"><a href=\"https:\/\/photos.google.com\/share\/AF1QipMBAH8UYu5zHRZqWQroWGrzpi3ov2kb-zJMq4HBdm4YuxjMFhb4zCAr1IFoYHvvrg\/photo\/AF1QipM1_cnaPRK8xRCs5h8T41qUFaCS2dmvCXmuzi0?key=eHBlV3ZubkFZNlZLX0pLOEFkaDRQVFNYRVZrZTh3\" target=\"_blank\" rel=\"noopener noreferrer\"><img decoding=\"async\" src=\"https:\/\/lh3.googleusercontent.com\/pw\/ACtC-3cQj0vVAWWtRsTPVIx8BsM6563bt6_4mApO9lg0kKVkgzY8b7FFulFMxVhgu7ymipnd-QumrgCDptiqYsTieMbDlIi38SSTEvcGlQkkXp7OFw_5MrGwA8xFXvDmUkzAM1dfPZQKnFEvBX8WSQkG4CX2=w1984-h1322-no?authuser=0\" width=\"1984\" height=\"1322\" alt=\"Hekisui \u015f\u0259h\u0259rinin s\u0259dri Yamamoto Take\u015fi\" class=\"size-medium\" \/><\/a><figcaption class=\"wp-caption-text\">Hekisui \u015f\u0259h\u0259rinin s\u0259dri Yamamoto Take\u015fi<\/figcaption><\/figure>\n<p>&quot;C\u0259nab Murai Nobuonu Do\u011fan G\u00fcn\u0259\u015f, Q\u0131z\u0131l v\u0259 G\u00fcm\u00fc\u015f \u015f\u00fcalar ordeni almas\u0131 m\u00fcnasib\u0259til\u0259 t\u0259brik edir\u0259m. Yerli icman\u0131n bir \u00fczv\u00fc kimi m\u0259n son d\u0259r\u0259c\u0259 m\u0259mnunam.<\/p>\n<p>C\u0259nab Muray v\u0259 m\u0259n h\u0259r ikimiz eyni \u0259razid\u0259 fermerik. M\u0259n \u0259kin\u00e7ilikl\u0259 m\u0259\u015f\u011ful olma\u011fa ba\u015flayanda k\u0259nd t\u0259s\u0259rr\u00fcfat\u0131 yenic\u0259 modernl\u0259\u015fm\u0259y\u0259 ba\u015flay\u0131rd\u0131 v\u0259 o vaxta q\u0259d\u0259r biz \u0259l \u0259kin\u00e7iliyi s\u0259nayesi idik. Bu, b\u00f6y\u00fck \u00e7\u0259ltik tarlalar\u0131n\u0131n v\u0259 b\u00f6y\u00fck texnikan\u0131n t\u0259tbiqi il\u0259 k\u0259nd t\u0259s\u0259rr\u00fcfat\u0131n\u0131n m\u00fcasir d\u00f6vrl\u0259r\u0259 do\u011fru d\u0259yi\u015fdiyi bir d\u00f6vr idi.<\/p>\n<p>C\u0259nab Murai yerli ictimaiyy\u0259t\u0259 r\u0259hb\u0259rlik etdi, ham\u0131n\u0131 inand\u0131rd\u0131 v\u0259 layih\u0259ni h\u0259yata ke\u00e7irdi. Bundan sonra Hokuryu q\u0259s\u0259b\u0259si k\u0259nd t\u0259s\u0259rr\u00fcfat\u0131n\u0131n modernl\u0259\u015fdirilm\u0259sind\u0259 s\u00fcr\u0259tli ir\u0259lil\u0259yi\u015f g\u00f6rd\u00fc. O d\u00f6vrd\u0259 d\u00f6vl\u0259t m\u00fc\u0259ssis\u0259l\u0259ri var idi, lakin Hekisui Farm\u0131n\u0131 ilk yaradanlardan biri m\u0259hz Muray idi.<\/p>\n<p>Murai \u00f6z\u00fcn\u00fc fermerl\u0259ri a\u011f\u0131r t\u0259s\u0259rr\u00fcfat i\u015fl\u0259rind\u0259n azad etm\u0259y\u0259 v\u0259 k\u0259nd t\u0259s\u0259rr\u00fcfat\u0131n\u0131n modernl\u0259\u015fdirilm\u0259sin\u0259 k\u00f6m\u0259k etm\u0259y\u0259 \u00fcr\u0259kd\u0259n h\u0259sr etdi. N\u0259hay\u0259t, o, h\u0259tta Hokkaydo Prefektural Assambleyas\u0131n\u0131n \u00fczv\u00fc kimi d\u0259 f\u0259aliyy\u0259t g\u00f6st\u0259rmi\u015fdir. M\u0259n eyni \u0259razinin sakini kimi rayonda k\u0259nd t\u0259s\u0259rr\u00fcfat\u0131n\u0131n inki\u015faf\u0131 istiqam\u0259tind\u0259 g\u00f6st\u0259rdiyiniz s\u0259yl\u0259r\u0259 g\u00f6r\u0259 \u00e7ox m\u0259mnunam v\u0259 s\u0259mimi minn\u0259tdarl\u0131\u011f\u0131m\u0131 bildirm\u0259k ist\u0259yir\u0259m. \u00e7ox sa\u011f olun.<\/p>\n<p>Haz\u0131rda Murai-san asud\u0259 v\u0259 rahat h\u0259yat s\u00fcr\u00fcr, g\u00fcnl\u0259rini yerli qocalar klubunun \u00fczvl\u0259ri il\u0259 birlikd\u0259 h\u0259yatdan h\u0259zz alaraq ke\u00e7irir. \u00dcmid edir\u0259m ki, siz v\u0259 h\u0259yat yolda\u015f\u0131n\u0131z sa\u011flaml\u0131\u011f\u0131n\u0131z\u0131n qeydin\u0259 qalacaqs\u0131n\u0131z v\u0259 sa\u011flam g\u00f6r\u00fcnm\u0259y\u0259 davam ed\u0259c\u0259ksiniz.<\/p>\n<p>G\u0259lin, c\u0259nab Murainin davaml\u0131 sa\u011flaml\u0131\u011f\u0131 v\u0259 u\u011furlar\u0131 v\u0259 bug\u00fcnk\u00fc bayrama topla\u015fanlar\u0131n ham\u0131s\u0131n\u0131n sa\u011flaml\u0131\u011f\u0131 \u00fc\u00e7\u00fcn bir tost t\u0259klif ed\u0259k. sa\u011fol! ! ! &quot;<\/p>\n<figure class=\"wp-caption aligncenter\"><a href=\"https:\/\/photos.google.com\/share\/AF1QipMBAH8UYu5zHRZqWQroWGrzpi3ov2kb-zJMq4HBdm4YuxjMFhb4zCAr1IFoYHvvrg\/photo\/AF1QipOJyZRXRN7oMReQyC77iN59Q7lDZ6TOJLoOZQU?key=eHBlV3ZubkFZNlZLX0pLOEFkaDRQVFNYRVZrZTh3\" target=\"_blank\" rel=\"noopener noreferrer\"><img decoding=\"async\" src=\"https:\/\/lh3.googleusercontent.com\/pw\/ACtC-3d6lHTmTgaw91egI7B128oLy9vSd7DzE4kD9H2aDx0VqqS0FGYCiuV0QjqsRmloCccSkpaFRtVxZsVkvLMtEIdihh9guBfSlAtzpzVssH4PvyzK0R3kFGiltxu1-evxvT2nmAtR_0Gc6djqltGS-l4A=w1984-h1322-no?authuser=0\" width=\"1984\" height=\"1322\" alt=\"sa\u011fol! ! !\" class=\"size-medium\" \/><\/a><figcaption class=\"wp-caption-text\">sa\u011fol! ! !<\/figcaption><\/figure>\n<h3>Bayram yem\u0259yi (G\u00fcn\u0259baxan Park\u0131 Hokuryu Onsen)<\/h3>\n<figure class=\"wp-caption aligncenter\"><a href=\"https:\/\/photos.google.com\/share\/AF1QipMBAH8UYu5zHRZqWQroWGrzpi3ov2kb-zJMq4HBdm4YuxjMFhb4zCAr1IFoYHvvrg\/photo\/AF1QipP70TaK7cjwkLqUb00H0-4TzSJ4YVuWiRIT5FE?key=eHBlV3ZubkFZNlZLX0pLOEFkaDRQVFNYRVZrZTh3\" target=\"_blank\" rel=\"noopener noreferrer\"><img decoding=\"async\" src=\"https:\/\/lh3.googleusercontent.com\/pw\/ACtC-3cXJuePIxh1gRfWAxhuuOJ2iOfObAekWpCil091nUmM5OSyVm1Oj1MELOu6j0uOuZMT6QSKOySI9tdsfsA5GjMy1pk6_KeApyDugKdKlW3y9eEMw12yT1MgvIuDvfEerqYuIFlIA9ak5ax3cNZ34dy7=w1984-h1322-no?authuser=0\" width=\"1984\" height=\"1322\" alt=\"Bayram yem\u0259yi\" class=\"size-medium\" \/><\/a><figcaption class=\"wp-caption-text\">Bayram yem\u0259yi<\/figcaption><\/figure>\n<h3>G\u00fcl\u00fc\u015fl\u0259rl\u0259 dolu<\/h3>\n<figure class=\"wp-caption aligncenter\"><a href=\"https:\/\/photos.google.com\/share\/AF1QipMBAH8UYu5zHRZqWQroWGrzpi3ov2kb-zJMq4HBdm4YuxjMFhb4zCAr1IFoYHvvrg\/photo\/AF1QipMw4tIgxg4WA737CpYAMEGA7F7raZ4CvSck76M?key=eHBlV3ZubkFZNlZLX0pLOEFkaDRQVFNYRVZrZTh3\" target=\"_blank\" rel=\"noopener noreferrer\"><img decoding=\"async\" src=\"https:\/\/lh3.googleusercontent.com\/pw\/ACtC-3fAqkMgqaE_AnRwUw9PX3GxjXw_6kOjONHhFyYhE-qLWcb5lAuoOUJ65y3A0-XFCARActovTNFARKX5anyZU_rQSNYo9-_3fc0vop616Tq9bTX8X6rAQHSwL8cYWnvCkF4x0E7juKcHD9rLtW0q85Ok=w1984-h1322-no?authuser=0\" width=\"1984\" height=\"1322\" alt=\"Dinc \u015f\u0259kild\u0259. . .\" class=\"size-medium\" \/><\/a><figcaption class=\"wp-caption-text\">Dinc \u015f\u0259kild\u0259. . .<\/figcaption><\/figure>\n<figure class=\"wp-caption aligncenter\"><a href=\"https:\/\/photos.google.com\/share\/AF1QipMBAH8UYu5zHRZqWQroWGrzpi3ov2kb-zJMq4HBdm4YuxjMFhb4zCAr1IFoYHvvrg\/photo\/AF1QipNyj8DgSAYuz6I5pfPcu6TfS1WiCDYnr7MWSN4?key=eHBlV3ZubkFZNlZLX0pLOEFkaDRQVFNYRVZrZTh3\" target=\"_blank\" rel=\"noopener noreferrer\"><img decoding=\"async\" src=\"https:\/\/lh3.googleusercontent.com\/pw\/ACtC-3c9mL407fDRVWNk0vI8YpOZJKWF-0oxLsKm_JIOsivvd4-YSEIVDtouQnyged6XjGKQQq5iUG_0r6yX1pdPTDCk7wO2Q3iCXwMTWqrc7cBHLsRafByqdxPmwJf67pHbOfF7XcsmpJbIURQjpqpudxzo=w1984-h1322-no?authuser=0\" width=\"1984\" height=\"1322\" alt=\"Nostalji. . .\" class=\"size-medium\" \/><\/a><figcaption class=\"wp-caption-text\">Nostalji. . .<\/figcaption><\/figure>\n<figure class=\"wp-caption aligncenter\"><a href=\"https:\/\/photos.google.com\/share\/AF1QipMBAH8UYu5zHRZqWQroWGrzpi3ov2kb-zJMq4HBdm4YuxjMFhb4zCAr1IFoYHvvrg\/photo\/AF1QipMa0SzY4Hjo_25AoIWewOF0HlBicLHoykrhnhA?key=eHBlV3ZubkFZNlZLX0pLOEFkaDRQVFNYRVZrZTh3\" target=\"_blank\" rel=\"noopener noreferrer\"><img decoding=\"async\" src=\"https:\/\/lh3.googleusercontent.com\/pw\/ACtC-3c36_-dRjEM2D3OQRaoysuaSemqSvELxBS1AygVRX81-AGvrz6GbIJrYrj550OfFV7ifu9052gv9Hrfn5cyX8VfrLaU8DuvrdY7ALKxsAR7254nhh5snhgs0fn0cIZU6zeNVmA1SEvOiwiWJOpIKsMI=w1984-h1322-no?authuser=0\" width=\"1984\" height=\"1322\" alt=\"S\u00f6hb\u0259t canl\u0131 ke\u00e7di. . .\" class=\"size-medium\" \/><\/a><figcaption class=\"wp-caption-text\">S\u00f6hb\u0259t canl\u0131 ke\u00e7di. . .<\/figcaption><\/figure>\n<figure class=\"wp-caption aligncenter\"><a href=\"https:\/\/photos.google.com\/share\/AF1QipMBAH8UYu5zHRZqWQroWGrzpi3ov2kb-zJMq4HBdm4YuxjMFhb4zCAr1IFoYHvvrg\/photo\/AF1QipMJmSSt31ribAf1wOTmOyb2zF4WEdi_PW3R5ik?key=eHBlV3ZubkFZNlZLX0pLOEFkaDRQVFNYRVZrZTh3\" target=\"_blank\" rel=\"noopener noreferrer\"><img decoding=\"async\" src=\"https:\/\/lh3.googleusercontent.com\/pw\/ACtC-3cnqkonErjbrmlM21eSRUu4ffib-eb2erUDgs37zxivXxeSO2XjPo948p0CwtU1admZOcpPPuQiNPrsG83J85Zv9ERHUf3rUr7oYI2fQtAszH8UQkxiAHiNZTjotmehzotapHMG12dgn9voZfnWV7dM=w1984-h1322-no?authuser=0\" width=\"1984\" height=\"1322\" alt=\"Analar aras\u0131nda da m\u0259\u015fhurdur!\" class=\"size-medium\" \/><\/a><figcaption class=\"wp-caption-text\">Analar aras\u0131nda da m\u0259\u015fhurdur!<\/figcaption><\/figure>\n<figure class=\"wp-caption aligncenter\"><a href=\"https:\/\/photos.google.com\/share\/AF1QipMBAH8UYu5zHRZqWQroWGrzpi3ov2kb-zJMq4HBdm4YuxjMFhb4zCAr1IFoYHvvrg\/photo\/AF1QipOURVb-QXQClrrmrZjdTUkaposT7IjOUz-g7h8?key=eHBlV3ZubkFZNlZLX0pLOEFkaDRQVFNYRVZrZTh3\" target=\"_blank\" rel=\"noopener noreferrer\"><img decoding=\"async\" src=\"https:\/\/lh3.googleusercontent.com\/pw\/ACtC-3eb_PLWPLFy_w7EGfn_w_zcLPyRd6AWk1tk5viluYbzFil6GRIe50WR0hmcSW5d_MJqfEiCjAKhmnFrq5ROKIihebFFprFLKMkIF22Y0zfgVQciMn0GuQuo7HJukaYLQfbVf6St3cGEdpeupFjyxkSR=w1984-h1322-no?authuser=0\" width=\"1984\" height=\"1322\" alt=\"T\u0259b\u0259ss\u00fcm d\u0259 yaran\u0131r. . .\" class=\"size-medium\" \/><\/a><figcaption class=\"wp-caption-text\">T\u0259b\u0259ss\u00fcm d\u0259 yaran\u0131r. . .<\/figcaption><\/figure>\n<figure class=\"wp-caption aligncenter\"><a href=\"https:\/\/photos.google.com\/share\/AF1QipMBAH8UYu5zHRZqWQroWGrzpi3ov2kb-zJMq4HBdm4YuxjMFhb4zCAr1IFoYHvvrg\/photo\/AF1QipNEaimQ9VQcsqG1oEXiOmRVbQGPFiqWprBFzdY?key=eHBlV3ZubkFZNlZLX0pLOEFkaDRQVFNYRVZrZTh3\" target=\"_blank\" rel=\"noopener noreferrer\"><img decoding=\"async\" src=\"https:\/\/lh3.googleusercontent.com\/pw\/ACtC-3f38WHNG6VYhHqAzMS0mmJSehs_wKOthAOZIRpCFQN0QS0d7V8DMnWUOd1ujD_raUe-XqWWRP9xs8Zjq0TqZtVws3x198tFmdFZgF1HSZiYgFrlqAagEc6Dx96usy6gqOOB-D0gNjexpbvfQP6t8J12=w1984-h1322-no?authuser=0\" width=\"1984\" height=\"1322\" alt=\"G\u00fcl\u00fc\u015fl\u0259rl\u0259 dolu!\" class=\"size-medium\" \/><\/a><figcaption class=\"wp-caption-text\">G\u00fcl\u00fc\u015fl\u0259rl\u0259 dolu!<\/figcaption><\/figure>\n<h3>\u00dc\u00e7 alq\u0131\u015f: Hokuryu Fermerl\u0259r \u015euras\u0131n\u0131n ke\u00e7mi\u015f s\u0259dri Seisuke Tanaka<\/h3>\n<figure class=\"wp-caption aligncenter\"><a href=\"https:\/\/photos.google.com\/share\/AF1QipMBAH8UYu5zHRZqWQroWGrzpi3ov2kb-zJMq4HBdm4YuxjMFhb4zCAr1IFoYHvvrg\/photo\/AF1QipMTdCsz7i35RM20ugXeA5xapDdrLN8kYPGat_A?key=eHBlV3ZubkFZNlZLX0pLOEFkaDRQVFNYRVZrZTh3\" target=\"_blank\" rel=\"noopener noreferrer\"><img decoding=\"async\" src=\"https:\/\/lh3.googleusercontent.com\/pw\/ACtC-3c5AoBKn7PkiqIAPgb8RK4mfAYuN4HXph45aCgEsAb8dqpaFoGgIBtKJXTCU_3oohfTELywQkh9PCINGl915XZwHdesxA1ApXBZzdlqDqvW1460neadlMa1zSdNakPFPYoEaS3r_XzIAdmxdju_R6MN=w1984-h1322-no?authuser=0\" width=\"1984\" height=\"1322\" alt=\"Hokuryu Fermerl\u0259r \u015euras\u0131n\u0131n ke\u00e7mi\u015f s\u0259dri Morisuke Tanaka\" class=\"size-medium\" \/><\/a><figcaption class=\"wp-caption-text\">Hokuryu Fermerl\u0259r \u015euras\u0131n\u0131n ke\u00e7mi\u015f s\u0259dri Morisuke Tanaka<\/figcaption><\/figure>\n<p>\u201cZ\u0259hm\u0259t olmasa anlay\u0131n ki, bu g\u00fcn buraya topla\u015fan ham\u0131n\u0131z aras\u0131nda m\u0259n c\u0259nab Muraiy\u0259 \u0259n \u00e7ox borclu olan \u015f\u0259xs oldu\u011fuma inan\u0131ram v\u0259 buna g\u00f6r\u0259 d\u0259 salam\u0131 \u00e7atd\u0131rmaq rolunu q\u0259bul etdim.<\/p>\n<p>M\u0259n c\u0259nab Murai il\u0259 ilk d\u0259f\u0259 G\u0259ncl\u0259r Qrupunda tan\u0131\u015f oldum. C\u0259nab Murai g\u0259ncl\u0259r qrupunun r\u0259hb\u0259ridir v\u0259 eyni zamanda Hokuryu q\u0259s\u0259b\u0259sind\u0259ki g\u0259ncl\u0259r qrupunun komit\u0259 s\u0259dridir. Sora\u00e7i K\u0259nd T\u0259s\u0259rr\u00fcfat\u0131 Kooperativ G\u0259ncl\u0259r \u015e\u00f6b\u0259sinin s\u0259dri v\u0259zif\u0259sind\u0259 \u00e7al\u0131\u015fd\u0131qdan sonra o, Hokkaydo K\u0259nd T\u0259s\u0259rr\u00fcfat\u0131 Kooperativi G\u0259ncl\u0259r \u015e\u00f6b\u0259sinin s\u0259dr m\u00fcavini v\u0259 Sora\u00e7i Fermerl\u0259r Birliyinin s\u0259dri, daha sonra is\u0259 Kitaryu \u015e\u0259h\u0259r \u015euras\u0131n\u0131n vitse-spikeri v\u0259zif\u0259l\u0259rind\u0259 \u00e7al\u0131\u015f\u0131b.<\/p>\n<p>Getdiyim yolda c\u0259nab Murai h\u0259mi\u015f\u0259 m\u0259nim b\u00f6y\u00fck kimi orada olub v\u0259 sad\u0259c\u0259 bir ya\u015fl\u0131dan daha \u00e7ox, m\u0259nim m\u00fc\u0259llimim kimi m\u0259n\u0259 r\u0259hb\u0259rlik edib. Ona g\u00f6r\u0259 d\u0259 b\u0259d\u0259nimi par\u00e7alasan\u0131z, \u00e7ox g\u00fcman ki, h\u0259r t\u0259r\u0259fd\u0259n \u201cMuray\u201d adl\u0131 hiss\u0259l\u0259r \u00e7\u0131xacaq. t\u0259\u015f\u0259kk\u00fcr edir\u0259m. Bundan sonra o, prefektura m\u0259clisind\u0259 \u00e7ox \u00e7al\u0131\u015fd\u0131 v\u0259 bu g\u00fcn m\u00fckafat\u0131 ala bildi. Z\u0259hm\u0259tiniz\u0259 g\u00f6r\u0259 \u00e7ox sa\u011f olun.<\/p>\n<p>N\u0259hay\u0259t, yaln\u0131z bir m\u0259qam\u0131 qeyd etm\u0259k ist\u0259rdim. O vaxt Sora\u00e7\u0131 Fermerl\u0259r C\u0259miyy\u0259tinin s\u0259dri v\u0259 o vaxtk\u0131 K\u0259nd T\u0259s\u0259rr\u00fcfat\u0131, Me\u015f\u0259 v\u0259 Bal\u0131q\u00e7\u0131l\u0131q Nazirinin i\u015ftirak\u0131 n\u0259z\u0259rd\u0259 tutuldu\u011fundan, m\u0259n d\u0259 h\u0259r \u015f\u0259h\u0259rd\u0259n, k\u0259ndd\u0259n n\u00fcmay\u0259nd\u0259l\u0259rin qat\u0131ld\u0131\u011f\u0131 toplant\u0131da i\u015ftirak etdim.<\/p>\n<p>Sora\u00e7id\u0259 k\u0259nd t\u0259s\u0259rr\u00fcfat\u0131n\u0131 t\u0259msil ed\u0259n fermerl\u0259r assosiasiyas\u0131n\u0131n s\u0259dri c\u0259nab Murai K\u0259nd T\u0259s\u0259rr\u00fcfat\u0131, Me\u015f\u0259 T\u0259s\u0259rr\u00fcfat\u0131 v\u0259 Bal\u0131q\u00e7\u0131l\u0131q Nazirin\u0259 dedi: &quot;K\u0259nd T\u0259s\u0259rr\u00fcfat\u0131, Me\u015f\u0259 v\u0259 Bal\u0131q\u00e7\u0131l\u0131q Nazirinin i\u015fi biz fermerl\u0259rin t\u0259r\u0259find\u0259 olmaqd\u0131r. Haz\u0131rda Hokkaydonun k\u0259nd t\u0259s\u0259rr\u00fcfat\u0131 s\u0259nayesi geni\u015f miqyasl\u0131 s\u0259rmay\u0259l\u0259r, geni\u015f s\u0259rmay\u0259l\u0259r hesab\u0131na inki\u015faf edir. ma\u015f\u0131nlar v\u0259 s. M\u0259n onlar\u0131n son d\u0259r\u0259c\u0259 q\u0131sa v\u0259 g\u00fccl\u00fc petisiyas\u0131n\u0131 h\u0259l\u0259 d\u0259 xat\u0131rlay\u0131ram: &quot;Biz insanlar aras\u0131nda ticar\u0259ti inki\u015faf etdirm\u0259k v\u0259 Hokkaydo \u015ftat\u0131n\u0131 qurmaq \u00fc\u00e7\u00fcn n\u0259yin bahas\u0131na olursa olsun k\u0259skin t\u0259dbirl\u0259r g\u00f6r\u00fclm\u0259sin\u0259 \u00e7a\u011f\u0131r\u0131r\u0131q&quot;.<\/p>\n<p>H\u0259r k\u0259sin dediyi kimi, \u0259rin u\u011furlar\u0131 n\u0259 q\u0259d\u0259r \u00e7ox olarsa, arvad\u0131n da y\u00fck\u00fc v\u0259 m\u0259suliyy\u0259ti bir o q\u0259d\u0259r \u00e7ox olar. Bu m\u00fckafat\u0131 c\u0259nab v\u0259 xan\u0131m Murai birlikd\u0259 ald\u0131lar. Buna g\u00f6r\u0259 d\u0259 t\u0259dbiri h\u0259r ikiniz \u00fc\u00e7\u00fcn \u00fc\u00e7 alq\u0131\u015fla yekunla\u015fd\u0131rmaq ist\u0259rdim.<\/p>\n<p>Do\u011fan G\u00fcn\u0259\u015f, Q\u0131z\u0131l v\u0259 G\u00fcm\u00fc\u015f \u015e\u00fcalar ordeni alan Murai Nobuo v\u0259 Reykoya ya\u015fa! Ura! Ura! &quot;<\/p>\n<figure class=\"wp-caption aligncenter\"><a href=\"https:\/\/photos.google.com\/share\/AF1QipMBAH8UYu5zHRZqWQroWGrzpi3ov2kb-zJMq4HBdm4YuxjMFhb4zCAr1IFoYHvvrg\/photo\/AF1QipNLPP6LIfBzmNRo6e7ncDMyrp0Tv6Tz011Y2lg?key=eHBlV3ZubkFZNlZLX0pLOEFkaDRQVFNYRVZrZTh3\" target=\"_blank\" rel=\"noopener noreferrer\"><img decoding=\"async\" src=\"https:\/\/lh3.googleusercontent.com\/pw\/ACtC-3fPJIVPFzhRw3bc11MNHxIKf06qCCCFnSNv_TWg6vR3LGMR9N-25kCuCbp3S5x0wMNvuUG-jiC_BlBZ3guIRmMRjpVDAfYGZmajcNTPd_P6j1Rik4xzY5p5du4hcCCiH7AVGmUmaaKfEURREGyjQuCF=w1984-h1322-no?authuser=0\" width=\"1984\" height=\"1322\" alt=\"Ura! Ura! Ura!\" class=\"size-medium\" \/><\/a><figcaption class=\"wp-caption-text\">Ura! Ura! Ura!<\/figcaption><\/figure>\n<h2>C\u0259nab v\u0259 xan\u0131m Muray s\u0259hn\u0259ni t\u0259rk edirl\u0259r.<\/h2>\n<figure class=\"wp-caption aligncenter\"><a href=\"https:\/\/photos.google.com\/share\/AF1QipMBAH8UYu5zHRZqWQroWGrzpi3ov2kb-zJMq4HBdm4YuxjMFhb4zCAr1IFoYHvvrg\/photo\/AF1QipO0QwTFNlFBbp16BbgEKaP9ejtwGap4tgAzMhI?key=eHBlV3ZubkFZNlZLX0pLOEFkaDRQVFNYRVZrZTh3\" target=\"_blank\" rel=\"noopener noreferrer\"><img decoding=\"async\" src=\"https:\/\/lh3.googleusercontent.com\/pw\/ACtC-3eAbjDi4RChp7u7eI-2BiNI9uXtx7THdHNaQ2266vXGkGD_PHXVYreasqcHkBdzWTLKTmt7PHCR-o5ACT30g89z2j4vd3CuhwrRCRn3rwP_FHR4iVm8mSrXJwR73g66RMExCr13IcwsZovRewKdEI09=w1984-h1322-no?authuser=0\" width=\"1984\" height=\"1322\" alt=\"C\u0259nab v\u0259 xan\u0131m Muray s\u0259hn\u0259ni t\u0259rk edirl\u0259r.\" class=\"size-medium\" \/><\/a><figcaption class=\"wp-caption-text\">C\u0259nab v\u0259 xan\u0131m Muray s\u0259hn\u0259ni t\u0259rk edirl\u0259r.<\/figcaption><\/figure>\n<figure class=\"wp-caption aligncenter\"><a href=\"https:\/\/photos.google.com\/share\/AF1QipMBAH8UYu5zHRZqWQroWGrzpi3ov2kb-zJMq4HBdm4YuxjMFhb4zCAr1IFoYHvvrg\/photo\/AF1QipPEsmvNRDSTTwTCCcUk5ozgKJD_SUX8Fl2khw0?key=eHBlV3ZubkFZNlZLX0pLOEFkaDRQVFNYRVZrZTh3\" target=\"_blank\" rel=\"noopener noreferrer\"><img decoding=\"async\" src=\"https:\/\/lh3.googleusercontent.com\/pw\/ACtC-3cEFi2GSTr5fRglIb0pF3heoLXXaaoEWNnt23CwRZGSvbLvfXz53wSzO9K6ga70w_ex2UCQoISv6aCc48XkeBSzpEnGmT7AHbefFhQiMJN8Fxx-a6wsWxmlN3akL6KEnIb5Z6218PG_Kivg9GjfsTNG=w1984-h1322-no?authuser=0\" width=\"1984\" height=\"1322\" alt=\"T\u0259\u015f\u0259kk\u00fcrl\u0259r salamlar!\" class=\"size-medium\" \/><\/a><figcaption class=\"wp-caption-text\">T\u0259\u015f\u0259kk\u00fcrl\u0259r salamlar!<\/figcaption><\/figure>\n<p>Bu \u015f\u0259r\u0259fli m\u00fckafat m\u00fcnasib\u0259til\u0259 sizi \u00fcr\u0259kd\u0259n t\u0259brik etm\u0259k ist\u0259rdik.<br \/>\nNobuo v\u0259 Reiko Muraiy\u0259 onlar\u0131n \u00e7oxillik g\u00f6rk\u0259mli nailiyy\u0259tl\u0259rini v\u0259 z\u0259hm\u0259tl\u0259rini qiym\u0259tl\u0259ndir\u0259n bu \u015f\u0259r\u0259fli v\u0259 \u015f\u0259r\u0259fli m\u00fckafata g\u00f6r\u0259 sonsuz h\u00f6rm\u0259timizi, minn\u0259tdarl\u0131\u011f\u0131m\u0131z\u0131 v\u0259 dualar\u0131m\u0131z\u0131 bildirm\u0259k ist\u0259rdik. . .<\/p>\n<figure class=\"wp-caption aligncenter\"><a href=\"https:\/\/photos.google.com\/share\/AF1QipMBAH8UYu5zHRZqWQroWGrzpi3ov2kb-zJMq4HBdm4YuxjMFhb4zCAr1IFoYHvvrg\/photo\/AF1QipNuyjEMwXZRwsLAHxq3DO1F6xdoZBB8md2rIZ8?key=eHBlV3ZubkFZNlZLX0pLOEFkaDRQVFNYRVZrZTh3\" target=\"_blank\" rel=\"noopener noreferrer\"><img decoding=\"async\" src=\"https:\/\/lh3.googleusercontent.com\/pw\/ACtC-3eT4J6FTEsN-rtUkn6caNFaCunZGsoIPoqfiGiUKGOaYrVShfZU7O3go1z3WQl7kPAi096WfWgdfST2k7SlSh8tyFpMUmw4Q-hfu0Rcr-w0n92nUzL_TMHBNSDK78LfhHVGU9_3u6jh76xud1i8LfCB=w1984-h1322-no?authuser=0\" width=\"1984\" height=\"1322\" alt=\"Sonsuz h\u00f6rm\u0259t, minn\u0259t v\u0259 dualarla. . .\" class=\"size-medium\" \/><\/a><figcaption class=\"wp-caption-text\">Sonsuz h\u00f6rm\u0259t, minn\u0259t v\u0259 dualarla. . .<\/figcaption><\/figure>\n\u3000<\/p>\n<h2>Dig\u0259r foto\u015f\u0259kill\u0259r<\/h2>\n<p>\u30fb<a href=\"https:\/\/photos.app.goo.gl\/yRvHLjzTu3bkNZq96\" rel=\"noopener noreferrer\" target=\"_blank\">C\u0259nab Nobuo Murai \u00fc\u00e7\u00fcn &quot;\u00c7\u0131xan G\u00fcn\u0259\u015f, Q\u0131z\u0131l v\u0259 G\u00fcm\u00fc\u015f \u015e\u00fcalar\u0131n Ordeni&quot; \u00fc\u00e7\u00fcn 2020 Bahar M\u00fckafat\u0131 Bayram\u0131n\u0131n foto\u015f\u0259kill\u0259ri (128 \u015f\u0259kil) burada m\u00f6vcuddur &gt;&gt;<\/a><\/p>\n<h2>\u018flaq\u0259dar m\u0259qal\u0259l\u0259r<\/h2>\n\n        <div class=\"site-blogcard-premium\">\n            <div class=\"bc-label-custom\">\u018flaq\u0259dar m\u0259qal\u0259l\u0259r<\/div>\n            <div class=\"bc-flex-container\">\n                <div class=\"bc-main-text\">\n                    <div class=\"bc-title-link-box\">\n                        <a href=\"https:\/\/portal.hokuryu.info\/az\/topics\/culture\/20190508.html\/\" target=\"_blank\">Assambleya M\u0259zunlar\u0131 Assosiasiyas\u0131, Itaya Qon\u015fuluq Assosiasiyas\u0131 v\u0259 Haiku Assosiasiyas\u0131n\u0131n &quot;Michi&quot; Hokuryu B\u00f6lm\u0259si - Hokuryu \u015e\u0259h\u0259r Portal\u0131 (Hokkaydo) - Yaponiyan\u0131n 1 n\u00f6mr\u0259li g\u00fcn\u0259baxan k\u0259ndi t\u0259r\u0259find\u0259n t\u0259\u015fkil edil\u0259n To\u015fihiro Nakamuran\u0131n Do\u011fan G\u00fcn\u0259\u015f, G\u00fcm\u00fc\u015f \u015e\u00fcalar ordeni il\u0259 t\u0259ltif edilm\u0259sinin qeyd edilm\u0259si.<\/a>\n                    <\/div>\n                    <div class=\"bc-excerpt-box\">Hokuryu \u015e\u0259h\u0259r \u015euras\u0131n\u0131n ke\u00e7mi\u015f \u00fczv\u00fc c\u0259nab To\u015fihiro Nakamura (88 ya\u015f) 1 fevral 2019-cu il tarixind\u0259n etibar\u0259n Ya\u015fl\u0131 V\u0259t\u0259nda\u015flar\u0131n F\u0259xri M\u00fckafatlar\u0131nda &quot;Do\u011fan G\u00fcn\u0259\u015f, Q\u0131z\u0131l \u015e\u00fcalar v\u0259 Rozet&quot; m\u00fckafat\u0131na layiq g\u00f6r\u00fcl\u00fcb...<\/div>\n                <\/div>\n                <div class=\"bc-thumbnail-box\">\n                    <a href=\"https:\/\/portal.hokuryu.info\/az\/topics\/culture\/20190508.html\/\" target=\"_blank\">\n                        <div class=\"bc-img-zoom-wrap\">\n                            <img decoding=\"async\" src=\"https:\/\/lh3.googleusercontent.com\/glr9D2kxNix6HeeQlHoFe57T3knzytMKDYRLebl0Pks5fP39EAewy1qA1y_DjqOxn_y_gBOrcrVcoCK-kO3Ht7siH3V62U5FJyZVss_6dPkmMvWtMtrXYKS83ANQRZjSrRxat3OQIZw_VaZlvBuIgA_Wgjj66uas0glnNewE-Ec5Ak2ATTliN4uxmQquI-mUMjVxV6_xAJt1WBk_ZsNdHSo-5IKTNW5_L9vzoAwNwF6l-OouTkDYN5Yh-az2li6PIRQsiQnAdmj6wQNpt8cz1n0eB5EWyD2tJCGsoNWuoouRjtyfyNS4Gt2Xm6xvIgsya9zxhQjVZTDqb688Z6jgOru8hqBvgD2K728iLWC8TSzHhvdt5GPB8-8Oc9J7IRE3_WbrB6fINJwnuDBZbbNk3ujewXW3D3wjL_LDbrYakX4vKcdy_TsRCii3JK5tqtoDmCZRmZcu22zr03Lx6dkG8PnAUrjLzggpVO2WERLWOv-ITSw1nxNwdGhlalRGn8sTmTmLdlUkE6-JyzhpD0OVlnbwsbnHRjxyI3H2vwWzSk5RLcd0UGbcNcuzA2l0FEgNhmVOSxvUilfrFGoFHJp_Et-Tkq-42CRu2XH25neIvJMz138zB_sRvHEZ-UzZCcaVFyr7xXB16y0ZhvE1OS9J8TSmUkIGtBF_eXIs_ApAC4U2f3bnZcI3A08ztwR9Mk0MGtIeMGJyXkXh93BuhZZ8qiJq=w1420-h946-no\" alt=\"Assambleya M\u0259zunlar\u0131 Assosiasiyas\u0131, Itaya Qon\u015fuluq Assosiasiyas\u0131 v\u0259 Haiku Assosiasiyas\u0131n\u0131n &quot;Michi&quot; Hokuryu B\u00f6lm\u0259si - Hokuryu \u015e\u0259h\u0259r Portal\u0131 (Hokkaydo) - Yaponiyan\u0131n 1 n\u00f6mr\u0259li g\u00fcn\u0259baxan k\u0259ndi t\u0259r\u0259find\u0259n t\u0259\u015fkil edil\u0259n To\u015fihiro Nakamuran\u0131n Do\u011fan G\u00fcn\u0259\u015f, G\u00fcm\u00fc\u015f \u015e\u00fcalar ordeni il\u0259 t\u0259ltif edilm\u0259sinin qeyd edilm\u0259si.\">\n                        <\/div>\n                    <\/a>\n                <\/div>\n            <\/div>\n        <\/div>\n\n        <div class=\"site-blogcard-premium\">\n            <div class=\"bc-label-custom\">\u018flaq\u0259dar m\u0259qal\u0259l\u0259r<\/div>\n            <div class=\"bc-flex-container\">\n                <div class=\"bc-main-text\">\n                    <div class=\"bc-title-link-box\">\n                        <a href=\"https:\/\/portal.hokuryu.info\/az\/topics\/culture\/20190116.html\/\" target=\"_blank\">2018-ci ilin pay\u0131z\u0131nda Mavi lent medal\u0131 alan c\u0259nab Koichi Matsuda \u00fc\u00e7\u00fcn bayram t\u0259dbiri ke\u00e7irildi. Bayram t\u0259dbirin\u0259 onun ibtidai v\u0259 orta m\u0259kt\u0259b sinif yolda\u015flar\u0131 v\u0259 \u0130taya m\u0259h\u0259ll\u0259 birliyi r\u0259hb\u0259rlik edirdi. - Hokuryu \u015e\u0259h\u0259r Portal\u0131 (Hokkaydo) - Yaponiyan\u0131n 1 n\u00f6mr\u0259li g\u00fcn\u0259baxan k\u0259ndi<\/a>\n                    <\/div>\n                    <div class=\"bc-excerpt-box\">19 noyabr 2018-ci il tarixind\u0259 2018-ci ilin Pay\u0131z F\u0259xri M\u00fckafatlar\u0131n\u0131n sahibl\u0259ri m\u00fc\u0259yy\u0259n edildi v\u0259 m\u00fckafatlar r\u0259smi olaraq 3 noyabrda t\u0259qdim edildi.<\/div>\n                <\/div>\n                <div class=\"bc-thumbnail-box\">\n                    <a href=\"https:\/\/portal.hokuryu.info\/az\/topics\/culture\/20190116.html\/\" target=\"_blank\">\n                        <div class=\"bc-img-zoom-wrap\">\n                            <img decoding=\"async\" src=\"https:\/\/lh3.googleusercontent.com\/Kxpgb_bXMFr6SDJfyBfWHZC63_50WhOww5FfXdti4ZFuGcjfUMJxuo5ursmrcnROMWq_J5MCWjIW8GOoToh_vOJeKgxlRn5ygFPby8xpgsXoWFPheyVRaTq6w4BiwCPhNvChN3mpkiTvjtxajeMrOvcV1tWFK5hCgIgVQvRunEa-T978m5pP7tuAs9WtobLq3lw9WlxMnh3-EFEIM6EBFFEDrycOXm_DQbS9lC4HA8FtCeqBIXjcwzIksSbVI0VgYceHeoD5m5jNF9HBfRMPaup6IZQDuoEgGYU0y3zIxVPHZa9sUvkWGLuHKFeEKejIBHNuLxF6GMXKQLItUt5xNnWAKxwxKzwssehgP2LGac3BnuSnhCKQIUYjrmo281nXFW7BPEbrYYppdKUF6zCQgL4LFXxE2_eu25H4JGUr-G_tGPN1BJ4xNiv8tECaFIqhDozqOvp21oTu0eQKiVYu4E01BpH-j5XUmFbshvbIisRpOb-IN68NjpLcG9qZYfUgqXeZQOr5HwAUpZQlvQARMdHptsp4L7ctFILigJXqKN6iv_f5lYevl8KSnKdk1PAkGiINdAT8uNON8KLkLbynLjYCSaA6EFlEI7b32EBecV0hdsNEEkgUbpWVrRfuQtT_8jN1oMvYyfOc2czHWbsFW16X35vG8sxXJD5e0wA7Wqxicp15zFWfeD9Ip6XYbGHkON5AkMJwiSjY817ZzQ=w1393-h929-no\" alt=\"2018-ci ilin pay\u0131z\u0131nda Mavi lent medal\u0131 alan c\u0259nab Koichi Matsuda \u00fc\u00e7\u00fcn bayram t\u0259dbiri ke\u00e7irildi. Bayram t\u0259dbirin\u0259 onun ibtidai v\u0259 orta m\u0259kt\u0259b sinif yolda\u015flar\u0131 v\u0259 \u0130taya m\u0259h\u0259ll\u0259 birliyi r\u0259hb\u0259rlik edirdi. - Hokuryu \u015e\u0259h\u0259r Portal\u0131 (Hokkaydo) - Yaponiyan\u0131n 1 n\u00f6mr\u0259li g\u00fcn\u0259baxan k\u0259ndi\">\n                        <\/div>\n                    <\/a>\n                <\/div>\n            <\/div>\n        <\/div>\n\n        <div class=\"site-blogcard-premium\">\n            <div class=\"bc-label-custom\">\u018flaq\u0259dar m\u0259qal\u0259l\u0259r<\/div>\n            <div class=\"bc-flex-container\">\n                <div class=\"bc-main-text\">\n                    <div class=\"bc-title-link-box\">\n                        <a href=\"https:\/\/portal.hokuryu.info\/az\/topics\/culture\/20161213.html\/\" target=\"_blank\">2016-c\u0131 ilin pay\u0131z\u0131nda C\u0259nab Hajime Hoshiban\u0131n M\u00fcq\u0259dd\u0259s X\u0259zin\u0259 Ordenini Rozetka il\u0259 Q\u0131z\u0131l \u015e\u00fcalar\u0131 almas\u0131 \u00fc\u00e7\u00fcn qeyd olundu - Hokuryu \u015e\u0259h\u0259r Portal\u0131 (Hokkaydo) - Yaponiyan\u0131n 1 n\u00f6mr\u0259li g\u00fcn\u0259baxan k\u0259ndi<\/a>\n                    <\/div>\n                    <div class=\"bc-excerpt-box\">N\u0259f\u0259s k\u0259s\u0259n Yapon m\u0259nz\u0259r\u0259si: Hokkaydo, Hokuryu q\u0259s\u0259b\u0259sind\u0259ki &quot;G\u00fcn\u0259baxan k\u0259ndi&quot;. Hokkaydoda m\u0259\u015fhur turistik yer. Z\u0259hm\u0259t olmasa, \u0259n az\u0131 bir d\u0259f\u0259 buraya ba\u015f \u00e7\u0259kin. (Rice Somelie...).<\/div>\n                <\/div>\n                <div class=\"bc-thumbnail-box\">\n                    <a href=\"https:\/\/portal.hokuryu.info\/az\/topics\/culture\/20161213.html\/\" target=\"_blank\">\n                        <div class=\"bc-img-zoom-wrap\">\n                            <img decoding=\"async\" src=\"https:\/\/lh3.googleusercontent.com\/V4AJHrVcyJ29m2XkmfwnwbSS8mUOr2J361mZiGI9aZsDfBSRmyzu-d0sIyS19E93ODTvcp9tNjN1_xqk0L2y_mY_nwELh3SJAYbtHywf7-y95hOg_LJJpu9C6fsK9Lo_TzcJ0nXPzBC_x6lkTYVWv6nkGZWo-m806fiVoJZq7EaHsy06--MFpKXsHZPtxjDYsEYzaQqM5ZfVLd9TtbKoV9SEyfWMgzQ9koMnJaiQxFNgdQZcrMNLXTsloqwkwkb0E9XIqnF2mPwGfuEvubzEQ0Gmf4y3YFN4REuT_zJ2LWBCXK9vHrocI3rLcG-0tNkzIE0ZWI2ngy3QGcdyXjdJyHb7H5qVp-ULgYN6OA2lMYxPw878GDBcAv2dtQfvJ5IFsfigN4opdunXTNZ02iyExHYobbk0YvQ9W1dPmTtRvKGP3baZpFs0hiZtS18lLnJ7ijUjD6cy51HP_73GxXqqYE1KshG49AcmYmzU5Gi5Qh7oqMxfwIcp_dr5vAdYCWxFWrKAwAyDQ1ApFxiNIPbgmW_scoggXresfy3ZqEmIexrYZmdoUveiBaWkK34hU8jVQpdwHPB_T6sdNAci_Nclby7iebm0suHw0JcEuXKwniPSUgAv7moIVQS4IvCkN87f1kRUfdbARhspEX27mEyT3Sx5H9lcLfMskBFc1IJ_Cw=w1441-h960-no\" alt=\"2016-c\u0131 ilin pay\u0131z\u0131nda C\u0259nab Hajime Hoshiban\u0131n M\u00fcq\u0259dd\u0259s X\u0259zin\u0259 Ordenini Rozetka il\u0259 Q\u0131z\u0131l \u015e\u00fcalar\u0131 almas\u0131 \u00fc\u00e7\u00fcn qeyd olundu - Hokuryu \u015e\u0259h\u0259r Portal\u0131 (Hokkaydo) - Yaponiyan\u0131n 1 n\u00f6mr\u0259li g\u00fcn\u0259baxan k\u0259ndi\">\n                        <\/div>\n                    <\/a>\n                <\/div>\n            <\/div>\n        <\/div>\n\n        <div class=\"site-blogcard-premium\">\n            <div class=\"bc-label-custom\">\u018flaq\u0259dar m\u0259qal\u0259l\u0259r<\/div>\n            <div class=\"bc-flex-container\">\n                <div class=\"bc-main-text\">\n                    <div class=\"bc-title-link-box\">\n                        <a href=\"https:\/\/portal.hokuryu.info\/az\/topics\/culture\/20131219.html\/\" target=\"_blank\">2013-c\u00fc ilin pay\u0131z\u0131nda Do\u011fan G\u00fcn\u0259\u015f, Q\u0131z\u0131l v\u0259 G\u00fcm\u00fc\u015f \u015f\u00fcalar ordenini alan c\u0259nab Kitakiyo Masami \u00fc\u00e7\u00fcn bayram t\u0259dbiri ke\u00e7irildi - Hokuryu \u015e\u0259h\u0259r Portal\u0131 (Hokkaydo) - Yaponiyan\u0131n 1 n\u00f6mr\u0259li g\u00fcn\u0259baxan k\u0259ndi<\/a>\n                    <\/div>\n                    <div class=\"bc-excerpt-box\">Siz\u0259 2100 \u0259halisi v\u0259 40% ya\u015flanma nisb\u0259ti olan canl\u0131 bir \u015f\u0259h\u0259rin &quot;indiki&quot;ni t\u0259qdim edirik. G\u00fcn\u0259baxanlar kimi, ail\u0259l\u0259r d\u0259 harmoniya i\u00e7ind\u0259 ya\u015fay\u0131rlar...<\/div>\n                <\/div>\n                <div class=\"bc-thumbnail-box\">\n                    <a href=\"https:\/\/portal.hokuryu.info\/az\/topics\/culture\/20131219.html\/\" target=\"_blank\">\n                        <div class=\"bc-img-zoom-wrap\">\n                            <img decoding=\"async\" src=\"https:\/\/lh4.googleusercontent.com\/-B9qUblgKWII\/Uq_FCnSdGaI\/AAAAAAAA-DI\/tNzOOlvqXmE\/w1319-h873-no\/K5+38147\" alt=\"2013-c\u00fc ilin pay\u0131z\u0131nda Do\u011fan G\u00fcn\u0259\u015f, Q\u0131z\u0131l v\u0259 G\u00fcm\u00fc\u015f \u015f\u00fcalar ordenini alan c\u0259nab Kitakiyo Masami \u00fc\u00e7\u00fcn bayram t\u0259dbiri ke\u00e7irildi - Hokuryu \u015e\u0259h\u0259r Portal\u0131 (Hokkaydo) - Yaponiyan\u0131n 1 n\u00f6mr\u0259li g\u00fcn\u0259baxan k\u0259ndi\">\n                        <\/div>\n                    <\/a>\n                <\/div>\n            <\/div>\n        <\/div>\n\u3000<br \/>\n\u30fb<a href=\"https:\/\/portal.hokuryu.info\/az\/topics\/culture\/20190508.html\/\" rel=\"noopener\" target=\"_blank\">C\u0259nab To\u015fihiro Nakamuran\u0131n 2019-cu ilin Bahar\u0131nda Do\u011fan G\u00fcn\u0259\u015f, G\u00fcm\u00fc\u015f \u015e\u00fcalar\u0131n ordenini almas\u0131 \u00fc\u00e7\u00fcn qeyd olundu<\/a>(8 may 2019-cu il)<br \/>\n\u30fb<a href=\"https:\/\/portal.hokuryu.info\/az\/topics\/culture\/20190116.html\/\" rel=\"noopener\" target=\"_blank\">2018-ci ilin pay\u0131z m\u00fckafat\u0131 &quot;Mavi lent medal\u0131&quot; laureat\u0131 c\u0259nab Koichi Matsuda \u00fc\u00e7\u00fcn bayram t\u0259dbiri ke\u00e7irilib<\/a>(16 yanvar 2019-cu il)<br \/>\n\u30fb<a href=\"https:\/\/portal.hokuryu.info\/az\/topics\/culture\/20161213.html\/\" rel=\"noopener\" target=\"_blank\">C\u0259nab Hajime Hoshiban\u0131n 2016-c\u0131 ilin pay\u0131z\u0131 \u00fc\u00e7\u00fcn M\u00fcq\u0259dd\u0259s X\u0259zin\u0259, Q\u0131z\u0131l v\u0259 G\u00fcm\u00fc\u015f \u015e\u00fcalar ordenini almas\u0131 m\u00fcnasib\u0259til\u0259 bayram t\u0259dbiri ke\u00e7irilib<\/a>(13 dekabr 2016-c\u0131 il)<br \/>\n\u30fb<a href=\"https:\/\/portal.hokuryu.info\/az\/topics\/culture\/20131219.html\/\" rel=\"noopener\" target=\"_blank\">2013-c\u00fc ilin pay\u0131z\u0131 \u00fc\u00e7\u00fcn Do\u011fan G\u00fcn\u0259\u015f, Q\u0131z\u0131l v\u0259 G\u00fcm\u00fc\u015f \u015f\u00fcalar ordenini alan c\u0259nab Kitakiyotaka Kita \u00fc\u00e7\u00fcn bayram t\u0259dbiri ke\u00e7irilib<\/a>(19 dekabr 2013-c\u00fc il)<\/p>\n<p>\u25c7 \u00c7\u0259kili\u015f v\u0259 montaj: Noboru Terauchi M\u00fcsahib\u0259 v\u0259 m\u0259tn: \u0130kuko Terau\u00e7i<\/p>","protected":false},"excerpt":{"rendered":"<p>\uff12\uff10\uff12\uff10\u5e74\uff11\uff10\u6708\uff12\uff17\u65e5\uff08\u706b\uff09 \u4ee4\u548c\uff12\u5e74\u5ea6\u6625\u306e\u53d9\u52f2\u306b\u3066\u6751\u4e95\u5ba3\u592b\u6c0f\u304c\u3001\u6c38\u5e74\u306b\u6e21\u308b\u5730\u65b9\u81ea\u6cbb\u3068\u5730\u57df\u632f\u8208\u306b\u5bfe\u3059\u308b\u529f\u7e3e\u304c\u8a8d\u3081\u3089\u308c\u300c\u65ed\u65e5\u53cc\u5149\u7ae0\u300d\u3092\u53d7\u7ae0\u3055\u308c\u307e\u3057\u305f\u3002 \u3053\u306e\u6804\u8a89\u3092\u304a\u795d\u3044\u3057\u53d7\u7ae0\u795d\u8cc0\u4f1a\u304c\u3001\uff11\uff10\u6708\uff12\uff15\u65e5\uff08\u65e5\uff09 [&hellip;]<\/p>\n","protected":false},"author":1,"featured_media":5630,"comment_status":"open","ping_status":"open","sticky":false,"template":"","format":"standard","meta":{"footnotes":""},"categories":[4],"tags":[],"class_list":["post-5627","post","type-post","status-publish","format-standard","has-post-thumbnail","hentry","category-cover-story"],"_links":{"self":[{"href":"https:\/\/portal.hokuryu.info\/az\/wp-json\/wp\/v2\/posts\/5627","targetHints":{"allow":["GET"]}}],"collection":[{"href":"https:\/\/portal.hokuryu.info\/az\/wp-json\/wp\/v2\/posts"}],"about":[{"href":"https:\/\/portal.hokuryu.info\/az\/wp-json\/wp\/v2\/types\/post"}],"author":[{"embeddable":true,"href":"https:\/\/portal.hokuryu.info\/az\/wp-json\/wp\/v2\/users\/1"}],"replies":[{"embeddable":true,"href":"https:\/\/portal.hokuryu.info\/az\/wp-json\/wp\/v2\/comments?post=5627"}],"version-history":[{"count":0,"href":"https:\/\/portal.hokuryu.info\/az\/wp-json\/wp\/v2\/posts\/5627\/revisions"}],"wp:featuredmedia":[{"embeddable":true,"href":"https:\/\/portal.hokuryu.info\/az\/wp-json\/wp\/v2\/media\/5630"}],"wp:attachment":[{"href":"https:\/\/portal.hokuryu.info\/az\/wp-json\/wp\/v2\/media?parent=5627"}],"wp:term":[{"taxonomy":"category","embeddable":true,"href":"https:\/\/portal.hokuryu.info\/az\/wp-json\/wp\/v2\/categories?post=5627"},{"taxonomy":"post_tag","embeddable":true,"href":"https:\/\/portal.hokuryu.info\/az\/wp-json\/wp\/v2\/tags?post=5627"}],"curies":[{"name":"wp","href":"https:\/\/api.w.org\/{rel}","templated":true}]}}