{"id":55623,"date":"2025-02-17T09:36:22","date_gmt":"2025-02-17T00:36:22","guid":{"rendered":"https:\/\/portal.hokuryu.info\/?p=55623"},"modified":"2025-02-17T17:14:59","modified_gmt":"2025-02-17T08:14:59","slug":"hokuryu-s%c9%99h%c9%99r-surasinin-hesabat-sessiyasi-v%c9%99-sura-kafesi-dostluq-v%c9%99-ah%c9%99ngdar-atmosfer","status":"publish","type":"post","link":"https:\/\/portal.hokuryu.info\/az\/55623\/","title":{"rendered":"Hokuryu \u015e\u0259h\u0259r \u015euras\u0131n\u0131n Hesabat Sessiyas\u0131 v\u0259 \u015eura Kafesi: \u015e\u0259h\u0259r \u0259halisinin s\u0259rb\u0259st v\u0259 asanl\u0131qla fikir m\u00fcbadil\u0259si apara bil\u0259c\u0259yi mehriban v\u0259 harmonik forum"},"content":{"rendered":"<p>C\u00fcm\u0259, 14 fevral 2025-ci il<\/p>\n<p>\u00c7\u0259r\u015f\u0259nb\u0259 g\u00fcn\u00fc, fevral\u0131n 12-d\u0259, saat 15:00-dan etibar\u0259n Hokuryu \u015e\u0259h\u0259r \u015euras\u0131, Hokuryu Town Ticar\u0259t Canland\u0131rma Mexanizmi olan COCOWA-n\u0131n \u00e7oxm\u0259qs\u0259dli m\u0259kan\u0131nda &quot;\u015eura Hesabat\u0131 Sessiyas\u0131 v\u0259 \u015eura Kafesi&quot; ke\u00e7irdi. T\u0259xmin\u0259n 20 \u015f\u0259h\u0259r sakini v\u0259 m\u0259clis \u00fczv\u00fc i\u015ftirak etdi v\u0259 m\u00fczakir\u0259 canl\u0131 v\u0259 \u0259yl\u0259nc\u0259li, dostluq \u015f\u0259raitind\u0259 ke\u00e7di.<\/p>\n<h2>Hokuryu \u015e\u0259h\u0259r \u015euras\u0131n\u0131n Hesabat Sessiyas\u0131 v\u0259 \u015eura Kafesi<\/h2>\n<figure class=\"wp-caption aligncenter\"><a href=\"https:\/\/photos.google.com\/share\/AF1QipOf0NXuJUp1VxEDQ4k8Y5TEmNJ1-t-DViS_ZJLfXlQx3crpGpJJR5MqZw50wWIeYA\/photo\/AF1QipPVXGvQqjz0_t_GJswEvB7hyEbySAB-I1Aouaw?key=LUFXY21lZGRwSGtEc2Q5c2NMYm13bkoyMnZJNFd3\" target=\"_blank\"><img decoding=\"async\" src=\"https:\/\/lh3.googleusercontent.com\/pw\/AP1GczNs6qIbVlXujTuz4RhQ2PQtrD3_vsW5oq_PHJZ5AU-xlH54x_j0qavSwOM-om5t_hWU5u5YisUXGNzH5Aptfjb51ZefHKh5tr1QYhIi_Y9omz2kVyZloaC6E4wR9q_7IDMeFyQJVsa1P0YMigxb1kQs=w2000-h1333-s-no-gm?authuser=0\" width=\"1140\" height=\"1520\" alt=\"Hokuryu \u015e\u0259h\u0259r \u015euras\u0131n\u0131n Hesabat Sessiyas\u0131\" class=\"size-full\" \/><\/a><figcaption class=\"wp-caption-text\">Hokuryu \u015e\u0259h\u0259r \u015euras\u0131n\u0131n Hesabat Sessiyas\u0131<\/figcaption><\/figure>\n<figure class=\"wp-caption aligncenter\"><a href=\"https:\/\/photos.google.com\/share\/AF1QipOf0NXuJUp1VxEDQ4k8Y5TEmNJ1-t-DViS_ZJLfXlQx3crpGpJJR5MqZw50wWIeYA\/photo\/AF1QipNFQSIOHOanQrFPh_p8mUDBTD1SEOY8G-YzyO4?key=LUFXY21lZGRwSGtEc2Q5c2NMYm13bkoyMnZJNFd3\" target=\"_blank\"><img decoding=\"async\" src=\"https:\/\/lh3.googleusercontent.com\/pw\/AP1GczMbCWce9dHEy1I5zPf0dUh94WdXcT3JNXKCN5zn5-8rG3bw8FdvImYzeuHYkhCRl34ERU24DsD-8dGtuxRK0FK66j3IvxtmDEUDfd5spNp8qYvN50uDuB7XMgs5GPMaPTBFXB3zsD2J-fEiUgPR0xep=w1140-h1520-s-no-gm?authuser=0\" width=\"1140\" height=\"1520\" alt=\"Parlament kafesi\" class=\"size-full\" \/><\/a><figcaption class=\"wp-caption-text\">Parlament kafesi<\/figcaption><\/figure>\n<h3>S\u00fcfr\u0259d\u0259 \u015firniyyat v\u0259 \u00e7i\u00e7\u0259kl\u0259r<\/h3>\n<p>\u0130lk c\u0259hd olaraq, &quot;Parlament Kafesi&quot; \u00fcslubu t\u0259qdim edildi v\u0259 bu, \u015f\u0259h\u0259r sakinl\u0259rinin v\u0259 \u015fura \u00fczvl\u0259rinin q\u0259hv\u0259, \u00e7ay v\u0259 q\u0259lyanalt\u0131lar \u00fcz\u0259rind\u0259 rahat bir atmosferd\u0259 bir-biri il\u0259 t\u0259sad\u00fcfi \u00fcnsiyy\u0259t qura bil\u0259c\u0259yi bir m\u0259kan yaratd\u0131.<\/p>\n<figure class=\"wp-caption aligncenter\"><a href=\"https:\/\/photos.google.com\/share\/AF1QipOf0NXuJUp1VxEDQ4k8Y5TEmNJ1-t-DViS_ZJLfXlQx3crpGpJJR5MqZw50wWIeYA\/photo\/AF1QipPq_2Is9FbMNH8Ayvv383LdAB6qslNXa4n82hY?key=LUFXY21lZGRwSGtEc2Q5c2NMYm13bkoyMnZJNFd3\" target=\"_blank\"><img decoding=\"async\" src=\"https:\/\/lh3.googleusercontent.com\/pw\/AP1GczMWsixiVVah0vSuIAayo-is-VukYbwbWhjaUaNtpTlu1Dv7E9PEshUdewQpWEaKi0rd5rKdUyCLCE5ufl1KR6uuNjAHWf-D1H_gpFOPn8u7t9EtpPUYnhZPL8NvT4IUrbc-mDkdvsnxRdfbMCXuaQYb=w2000-h1333-s-no-gm?authuser=0\" width=\"2000\" height=\"1333\" alt=\"S\u00fcfr\u0259 \u015firniyyatlarla, g\u00fcll\u0259rl\u0259 b\u0259z\u0259dilib.\" class=\"size-full\" \/><\/a><figcaption class=\"wp-caption-text\">S\u00fcfr\u0259 \u015firniyyatlarla, g\u00fcll\u0259rl\u0259 b\u0259z\u0259dilib.<\/figcaption><\/figure>\n<figure class=\"wp-caption aligncenter\"><a href=\"https:\/\/photos.google.com\/share\/AF1QipOf0NXuJUp1VxEDQ4k8Y5TEmNJ1-t-DViS_ZJLfXlQx3crpGpJJR5MqZw50wWIeYA\/photo\/AF1QipOdGYGiRO0SYGEg6q1KoS__5A-lgYu_5wWwUEM?key=LUFXY21lZGRwSGtEc2Q5c2NMYm13bkoyMnZJNFd3\" target=\"_blank\"><img decoding=\"async\" src=\"https:\/\/lh3.googleusercontent.com\/pw\/AP1GczOb7V2vKrR5H8nwoN3AW5csfdYiiQVh2gqWNItgSbP0kStFeX89o35nDOByMaKqhw8mzkJzEcUzVbGVC8PJkWc8hKKIVitKk4flv4aLPussjB3zFK0YaNOafaXJvonar-YMQKYIELeILMRK9JovWXub=w2000-h1333-s-no-gm?authuser=0\" width=\"2000\" height=\"1333\" alt=\"\u0130\u00e7ki k\u00fcnc\u00fc\" class=\"size-full\" \/><\/a><figcaption class=\"wp-caption-text\">\u0130\u00e7ki k\u00fcnc\u00fc<\/figcaption><\/figure>\n<h3>Moderator: C\u0259nab Nobuaki Teragaki<\/h3>\n<figure class=\"wp-caption aligncenter\"><a href=\"https:\/\/photos.google.com\/share\/AF1QipOf0NXuJUp1VxEDQ4k8Y5TEmNJ1-t-DViS_ZJLfXlQx3crpGpJJR5MqZw50wWIeYA\/photo\/AF1QipOeqs4HVBhplLlEIcPhCsVQ3EH7XISK3EGGu8g?key=LUFXY21lZGRwSGtEc2Q5c2NMYm13bkoyMnZJNFd3\" target=\"_blank\"><img decoding=\"async\" src=\"https:\/\/lh3.googleusercontent.com\/pw\/AP1GczNdwls9fp5PAY9Z5aCrVrBaQm1k4B4vykYDKdu_nJ-0mLDKnBMLj7tKUHy56YLImSP_9oGJjOQMGTrx_VNVRFJVjpM4fWIeysqNl6XeyMa5tQLpGD1HGYUxcjm5zgSyA1i_WSiMq1WFiDVSypdK2MJw=w2000-h1333-s-no-gm?authuser=0\" width=\"2000\" height=\"1333\" alt=\"Moderator: \u015eura \u00fczv\u00fc Nobuaki Teragaki\" class=\"size-full\" \/><\/a><figcaption class=\"wp-caption-text\">Moderator: \u015eura \u00fczv\u00fc Nobuaki Teragaki<\/figcaption><\/figure>\n<h2>a\u00e7\u0131l\u0131\u015f<\/h2>\n<h3>S\u0259dr \u015eoi\u00e7i Nakamura a\u00e7\u0131l\u0131\u015f nitqi<\/h3>\n<figure class=\"wp-caption aligncenter\"><a href=\"https:\/\/photos.google.com\/share\/AF1QipOf0NXuJUp1VxEDQ4k8Y5TEmNJ1-t-DViS_ZJLfXlQx3crpGpJJR5MqZw50wWIeYA\/photo\/AF1QipOCHapOU06lYSKrhBwjrlmc2p7OjpQp4V1MimU?key=LUFXY21lZGRwSGtEc2Q5c2NMYm13bkoyMnZJNFd3\" target=\"_blank\"><img decoding=\"async\" src=\"https:\/\/lh3.googleusercontent.com\/pw\/AP1GczMLiX1Josf5z6c6ufO3bX3LNYktnjTUu4oqDqvNP-VlDnuHtyvwl-hw6LLrZo5qlkR7JwFiUCS_qeCrK-7xQQBSYtk0x7UkDE-fzg4bfqMcF0jcAyXCIETJC71N1TF85iGD_S-cZlK6zzFRIqytsXES=w2000-h1333-s-no-gm?authuser=0\" width=\"2000\" height=\"1333\" alt=\"S\u0259dr Nakamuradan salamlar\" class=\"size-full\" \/><\/a><figcaption class=\"wp-caption-text\">S\u0259dr Nakamuradan salamlar<\/figcaption><\/figure>\n<p>&quot;Hokuryu \u015e\u0259h\u0259r \u015euras\u0131n\u0131n \u018fsas S\u0259r\u0259ncam\u0131na \u0259sas\u0259n, ild\u0259 bir d\u0259f\u0259 m\u0259clisin hesabat y\u0131\u011f\u0131nca\u011f\u0131 ke\u00e7ir\u0259c\u0259yik. Bu d\u0259f\u0259d\u0259n etibar\u0259n ilk d\u0259f\u0259 olaraq i\u00e7ki v\u0259 q\u0259lyanalt\u0131lar t\u0259qdim ed\u0259c\u0259yik v\u0259 &quot;M\u0259clis kafesi&quot; adl\u0131 yeni \u00fcslub q\u0259bul etdik&quot;, - dey\u0259 s\u0259dr Nakamura bildirib. Y\u0131\u011f\u0131ncaq m\u0259clis \u00fczvl\u0259rinin \u00e7at\u0131\u015fmazl\u0131\u011f\u0131, m\u0259clis \u00fczvl\u0259rinin maa\u015flar\u0131, regional y\u00fcks\u0259li\u015f kuponlar\u0131ndan istifad\u0259 il\u0259 ba\u011fl\u0131 m\u00fczakir\u0259l\u0259rl\u0259 ba\u015flay\u0131b.<\/p>\n<figure class=\"wp-caption aligncenter\"><a href=\"https:\/\/photos.google.com\/share\/AF1QipOf0NXuJUp1VxEDQ4k8Y5TEmNJ1-t-DViS_ZJLfXlQx3crpGpJJR5MqZw50wWIeYA\/photo\/AF1QipMW2g3TDQBhQwwX30b2TyupH-weMbj82mXSaM4?key=LUFXY21lZGRwSGtEc2Q5c2NMYm13bkoyMnZJNFd3\" target=\"_blank\"><img decoding=\"async\" src=\"https:\/\/lh3.googleusercontent.com\/pw\/AP1GczP08qqtJy2ORdHVX8M_vgZIVnWb5QZIp9egzehw0isI4Pm3XRctr5XSMU9AbKWJU5wlj7Rubp5wUrVlRvKwhQM8wublnrbsQU0ta3J8nM9ek_dtrsVRztcoY2PFSQhyL12tIsbrZ2TL0X5fFZBlh4Cd=w2000-h1333-s-no-gm?authuser=0\" width=\"2000\" height=\"1333\" alt=\"\u0130ki qrupda s\u00f6hb\u0259t\" class=\"size-full\" \/><\/a><figcaption class=\"wp-caption-text\">\u0130ki qrupda s\u00f6hb\u0259t<\/figcaption><\/figure>\n<figure class=\"wp-caption aligncenter\"><a href=\"https:\/\/photos.google.com\/share\/AF1QipOf0NXuJUp1VxEDQ4k8Y5TEmNJ1-t-DViS_ZJLfXlQx3crpGpJJR5MqZw50wWIeYA\/photo\/AF1QipN6trMEKEOOTUtl780n2-g1gL1hYe10NuVb__o?key=LUFXY21lZGRwSGtEc2Q5c2NMYm13bkoyMnZJNFd3\" target=\"_blank\"><img decoding=\"async\" src=\"https:\/\/lh3.googleusercontent.com\/pw\/AP1GczM46MF9RuwdXI7ahsK4bszAyAmK6olNoj1pBsbx7gY197QbuoIfBhcKoh_QayR2hQ30csm1-GRM_MDT1qD4rwET8vbQU81vL5dVOXJzss32ql53l66jG-VH7OBfNRCSYswwFYa1P5_ozmwfukPh0gH7=w2000-h1333-s-no-gm?authuser=0\" width=\"2000\" height=\"1333\" alt=\"Qrup m\u00fczakir\u0259si\" class=\"size-full\" \/><\/a><figcaption class=\"wp-caption-text\">Qrup m\u00fczakir\u0259si<\/figcaption><\/figure>\n<h2>Hokuryu \u015e\u0259h\u0259r \u015euras\u0131n\u0131n Hesabat Sessiyas\u0131<\/h2>\n<p>Y\u0131\u011f\u0131nca\u011f\u0131n hesabat y\u0131\u011f\u0131nca\u011f\u0131n\u0131n ke\u00e7irilm\u0259sind\u0259 m\u0259qs\u0259d toplant\u0131lar haqq\u0131nda \u015f\u0259h\u0259r \u0259halisin\u0259 hesabat verm\u0259k, onlar\u0131n m\u00fcxt\u0259lif fikirl\u0259rini dinl\u0259m\u0259k, onlarla \u00fcnsiyy\u0259t qurmaq v\u0259 \u015f\u0259h\u0259rin abadla\u015fd\u0131r\u0131lmas\u0131nda v\u0259t\u0259nda\u015flar\u0131n f\u0259al i\u015ftirak\u0131na nail olmaqd\u0131r.<\/p>\n<h3>\u015eura \u00fczv\u00fc Kazuo Kimuran\u0131n parlament hesabat\u0131<\/h3>\n<figure class=\"wp-caption aligncenter\"><a href=\"https:\/\/photos.google.com\/share\/AF1QipOf0NXuJUp1VxEDQ4k8Y5TEmNJ1-t-DViS_ZJLfXlQx3crpGpJJR5MqZw50wWIeYA\/photo\/AF1QipNYxZHSlnijyB_eDESWnaPh-tlL4ww5I89AOWI?key=LUFXY21lZGRwSGtEc2Q5c2NMYm13bkoyMnZJNFd3\" target=\"_blank\"><img decoding=\"async\" src=\"https:\/\/lh3.googleusercontent.com\/pw\/AP1GczNmfqjiJk3jmtyx1wgx8vVRVdsc_IjaA4SSOmnBNjIKTd3MSDY01DTtr8ONvr8XTui4PsICXDpGRLY5yuPlnKIT-wK5FwAesFRytZ-LZKGsqkauDSamyNOxjGuxJYIrkMJ8vLjWgftGU05A0SNPO3Ao=w2000-h1333-s-no-gm?authuser=0\" width=\"2000\" height=\"1333\" alt=\"\u015eura \u00fczv\u00fc Kimura t\u0259r\u0259find\u0259n Parlament f\u0259aliyy\u0259ti haqq\u0131nda hesabat\" class=\"size-full\" \/><\/a><figcaption class=\"wp-caption-text\">\u015eura \u00fczv\u00fc Kimura t\u0259r\u0259find\u0259n Parlament f\u0259aliyy\u0259ti haqq\u0131nda hesabat<\/figcaption><\/figure>\n<h4>M\u00fcxt\u0259lif komit\u0259 f\u0259aliyy\u0259tl\u0259rinin v\u0259 h\u0259r bir komit\u0259nin \u00fczvl\u0259rinin t\u0259qdimat\u0131<\/h4>\n<ul>\n<li>Hesabatda toplant\u0131 f\u0259aliyy\u0259tl\u0259ri il\u0259 ba\u011fl\u0131 bir illik hesabat, el\u0259c\u0259 d\u0259 h\u0259r bir komit\u0259nin ara\u015fd\u0131rmalar\u0131, m\u00fcxt\u0259lif r\u0259yl\u0259r, icra t\u0259f\u0259rr\u00fcatlar\u0131, yoxlamalar, layih\u0259 b\u00fcdc\u0259l\u0259ri v\u0259 Hokuryu Town d\u0259st\u0259k sistemi haqq\u0131nda m\u0259lumatlar yer al\u0131rd\u0131.<\/li>\n<li>\u00dcmumi M\u0259s\u0259l\u0259l\u0259r v\u0259 S\u0259naye Daimi Komit\u0259 (7 \u00fczv), Assambleyan\u0131n \u0130dar\u0259 Edilm\u0259si \u00fczr\u0259 Komit\u0259 (4 \u00fczv), \u0130ctimai \u018flaq\u0259l\u0259r \u00fczr\u0259 X\u00fcsusi Komit\u0259 (5 \u00fczv), \u015e\u0259h\u0259rsalma v\u0259 Dig\u0259r \u0130stintaq M\u0259s\u0259l\u0259l\u0259ri \u00fczr\u0259 X\u00fcsusi Komit\u0259 (8 \u00fczv), F\u0259lak\u0259tl\u0259r\u0259 Haz\u0131rl\u0131q \u00fczr\u0259 X\u00fcsusi Komit\u0259 (8 \u00fczv), T\u0259fti\u015f Komit\u0259si (1 \u00fczv), \u00dcmumi \u015eura (8 \u00fczv), K\u0259nd T\u0259s\u0259rr\u00fcfat\u0131n\u0131n G\u0259l\u0259c\u0259yi \u00fczr\u0259 X\u00fcsusi Komit\u0259 (\u00dczvl\u0259r)<\/li>\n<\/ul>\n<h2>Parlament kafesi v\u0259 r\u0259y m\u00fcbadil\u0259si toplant\u0131s\u0131<\/h2>\n<p>Bu fikir m\u00fcbadil\u0259si i\u015ftirak\u00e7\u0131lar iki qrupa b\u00f6l\u00fcn\u0259r\u0259k m\u00fczakir\u0259y\u0259 \u0259saslanan g\u00f6r\u00fc\u015f format\u0131nda apar\u0131l\u0131b. Dan\u0131\u015fan \u015f\u0259xs \u0259lind\u0259 &quot;Talking Object (TO)&quot; adl\u0131 ki\u00e7ik doldurulmu\u015f oyuncaq tutmu\u015fdu. Dan\u0131\u015f\u0131b qurtard\u0131qdan sonra \u201cTO\u201d i\u015far\u0259sini n\u00f6vb\u0259ti \u015f\u0259xs\u0259 \u00f6t\u00fcrd\u00fcl\u0259r v\u0259 n\u00f6vb\u0259 il\u0259 m\u00fczakir\u0259ni davam etdirdil\u0259r.<\/p>\n<figure class=\"wp-caption aligncenter\"><a href=\"https:\/\/photos.google.com\/share\/AF1QipOf0NXuJUp1VxEDQ4k8Y5TEmNJ1-t-DViS_ZJLfXlQx3crpGpJJR5MqZw50wWIeYA\/photo\/AF1QipNNTCjjcAQ4qBtpjK0bCWdaZVLJ2fAyTPDgFZA?key=LUFXY21lZGRwSGtEc2Q5c2NMYm13bkoyMnZJNFd3\" target=\"_blank\"><img decoding=\"async\" src=\"https:\/\/lh3.googleusercontent.com\/pw\/AP1GczOaGIvWIgvVOcNrkrmQGbVMlX_i7v7lZAxvlByM53V5UIJqkqNmTC3iUgV5EG_IQOajCpiloG-ZhJht65QTgA-VAN9flDhNUE30yfU_yp0TtDOIquajSwLokaoFgpPUcMdtF25Z1ugCt0P2rO1UWjDK=w2000-h1333-s-no-gm?authuser=0\" width=\"2000\" height=\"1333\" alt=\"Dan\u0131\u015fan Obyekti (TO) \u00e7evir\u0259r\u0259k fikir m\u00fcbadil\u0259si\" class=\"size-full\" \/><\/a><figcaption class=\"wp-caption-text\">Dan\u0131\u015fan Obyekti (TO) \u00e7evir\u0259r\u0259k fikir m\u00fcbadil\u0259si<\/figcaption><\/figure>\n<p>\u00dc\u00e7 m\u00f6vzu m\u00fc\u0259yy\u0259n edilir v\u0259 h\u0259r bir qrup h\u0259r bir m\u00f6vzunu t\u0259xmin\u0259n 20 d\u0259qiq\u0259 (h\u0259r bir \u015f\u0259xs\u0259 t\u0259xmin\u0259n 3 d\u0259qiq\u0259 vaxt ay\u0131racaq) (dan\u0131\u015fma vaxt\u0131) m\u00fczakir\u0259 ed\u0259c\u0259k, bundan sonra h\u0259r qrupdan bir n\u00fcmay\u0259nd\u0259 \u00fcmumil\u0259\u015fdirib \u00f6z fikirl\u0259rini t\u0259qdim ed\u0259c\u0259k v\u0259 h\u0259r k\u0259s \u00f6z m\u00fczakir\u0259sinin m\u0259zmununu b\u00f6l\u00fc\u015f\u0259c\u0259k (payla\u015fma vaxt\u0131).<\/p>\n<p>H\u0259r bir m\u00f6vzu \u00fczr\u0259 \u00e7\u0131x\u0131\u015fdan \u0259vv\u0259l mill\u0259t v\u0259kill\u0259ri izahat verdil\u0259r.<\/p>\n<figure class=\"wp-caption aligncenter\"><a href=\"https:\/\/photos.google.com\/share\/AF1QipOf0NXuJUp1VxEDQ4k8Y5TEmNJ1-t-DViS_ZJLfXlQx3crpGpJJR5MqZw50wWIeYA\/photo\/AF1QipOtJAamKpNnTszX9bIQSRx3ASyRwewitZJv9wU?key=LUFXY21lZGRwSGtEc2Q5c2NMYm13bkoyMnZJNFd3\" target=\"_blank\"><img decoding=\"async\" src=\"https:\/\/lh3.googleusercontent.com\/pw\/AP1GczMF0XaVncavBdZgK6Lxd3XgK-7ZSKRruD68QNWZcmwcPDo-ktOp61RDv-R3Ms-0KMDh_e9Roa-HtxGJn4u3vryrDNc1icpeQQfLwqnHv7l_cCU9iQ2rSgTycicfpEspRW862EORsoKxjEToGBT0QzB1=w2000-h1333-s-no-gm?authuser=0\" width=\"2000\" height=\"1333\" alt=\"Pulsuz v\u0259 asan fikir m\u00fcbadil\u0259si\" class=\"size-full\" \/><\/a><figcaption class=\"wp-caption-text\">Pulsuz v\u0259 asan fikir m\u00fcbadil\u0259si<\/figcaption><\/figure>\n<h3>1. Yerli ictimai n\u0259qliyyat haqq\u0131nda: \u015eura \u00fczv\u00fc Manabu Okino<\/h3>\n<p>2022-ci ilin mart ay\u0131nda Sorachi Chuo Bus Kitary\u016b Takikawa x\u0259tti dayand\u0131r\u0131ld\u0131 v\u0259 aprel ay\u0131nda Takikawa Fukagawa \u0259razisin\u0259 giri\u015fi t\u0259min etm\u0259k \u00fc\u00e7\u00fcn \u015f\u0259h\u0259r avtobusu Kitary\u016b Meiseiushi Line istifad\u0259y\u0259 verildi.<\/p>\n<p>Hokuryudan \u00e7\u0131xan d\u00f6rd avtobus v\u0259 \u0130moseu\u015fid\u0259n qay\u0131dan \u00fc\u00e7 avtobus var idi v\u0259 planl\u0131 v\u0259 sifari\u015fli avtobuslar var idi. H\u0259m\u00e7inin avtobuslarda gedi\u015f haqq\u0131 v\u0259 t\u0259l\u0259b\u0259 \u015f\u0259h\u0259r\u0259traf\u0131 gedi\u015f haqq\u0131 il\u0259 ba\u011fl\u0131 izahat verilib. H\u0259m\u00e7inin \u015f\u0259h\u0259rdaxili gedi\u015f-g\u0259li\u015f \u00fc\u00e7\u00fcn \u00fcmumi taksi v\u0259 m\u0259kt\u0259b avtobuslar\u0131n\u0131n istifad\u0259\u00e7il\u0259rinin say\u0131 v\u0259 gedi\u015f haqq\u0131 il\u0259 ba\u011fl\u0131 izahat verilib.<\/p>\n<figure class=\"wp-caption aligncenter\"><a href=\"https:\/\/photos.google.com\/share\/AF1QipOf0NXuJUp1VxEDQ4k8Y5TEmNJ1-t-DViS_ZJLfXlQx3crpGpJJR5MqZw50wWIeYA\/photo\/AF1QipOainEjxwA4jhx3pUMCdeinTABbaafxwoqr4Jk?key=LUFXY21lZGRwSGtEc2Q5c2NMYm13bkoyMnZJNFd3\" target=\"_blank\"><img decoding=\"async\" src=\"https:\/\/lh3.googleusercontent.com\/pw\/AP1GczMW5YczLOg7Xm0msaxt1nHWc2EyMQil8FHWpPN3hj5mhL8GQ3NldSEVsR8btV9Ez6oGI6dl9Lr9OyEXQ4FBj0DvjMuMrdrGLwJjUQuEBkThi8zkrkIIYeH9Za-c9TxCkpcKns6RHQ9CIB8VA7HJ2bds=w2000-h1333-s-no-gm?authuser=0\" width=\"2000\" height=\"1333\" alt=\"\u015eura \u00fczv\u00fc Okinodan izahat\" class=\"size-full\" \/><\/a><figcaption class=\"wp-caption-text\">\u015eura \u00fczv\u00fc Okinodan izahat<\/figcaption><\/figure>\n<h4>Dan\u0131\u015fma vaxt\u0131<\/h4>\n<figure class=\"wp-caption aligncenter\"><a href=\"https:\/\/photos.google.com\/share\/AF1QipOf0NXuJUp1VxEDQ4k8Y5TEmNJ1-t-DViS_ZJLfXlQx3crpGpJJR5MqZw50wWIeYA\/photo\/AF1QipMLU8Ejh4SjZelOkuMXuzV1ccTJcPfA-0x9UIM?key=LUFXY21lZGRwSGtEc2Q5c2NMYm13bkoyMnZJNFd3\" target=\"_blank\"><img decoding=\"async\" src=\"https:\/\/lh3.googleusercontent.com\/pw\/AP1GczPnKf-LeFMp5fYCn2p_JF9olfw2UYy9M0Vgp5uPxeFMx2ukNGaNw_y5zPV8sfoOSxzMaUvYuQK_rQ6CSHpHhoF7MuQ9PpAuViaHTkIxi0JOEnKY5UR_Y1FsxR496vdLuWrgjPjWhlJZvPn5Igmv35Pl=w2000-h1333-s-no-gm?authuser=0\" width=\"2000\" height=\"1333\" alt=\"Bir-bir fikir m\u00fcbadil\u0259si aparark\u0259n...\" class=\"size-full\" \/><\/a><figcaption class=\"wp-caption-text\">Bir-bir fikir m\u00fcbadil\u0259si aparark\u0259n...<\/figcaption><\/figure>\n<figure class=\"wp-caption aligncenter\"><a href=\"https:\/\/photos.google.com\/share\/AF1QipOf0NXuJUp1VxEDQ4k8Y5TEmNJ1-t-DViS_ZJLfXlQx3crpGpJJR5MqZw50wWIeYA\/photo\/AF1QipPwOy1fIxup12SskRlNlS3kI_EQf2fETvfzyBs?key=LUFXY21lZGRwSGtEc2Q5c2NMYm13bkoyMnZJNFd3\" target=\"_blank\"><img decoding=\"async\" src=\"https:\/\/lh3.googleusercontent.com\/pw\/AP1GczNElYXgGQQwsTi0WyWkDAxhTJ0GgECiwtLEAx6IWC_8iEwa6O5FBMnzdSTTUCpELi1i7XdUFm9AuOqZgc8YnZHli-5JZxOvgRHvYdBaa5zin12sjWzzV5z5-UsOV-c7c9gqVu3h7a9OtmVh4JGOslsn=w2000-h1333-s-no-gm?authuser=0\" width=\"2000\" height=\"1333\" alt=\"Canl\u0131 fikir m\u00fcbadil\u0259si...\" class=\"size-full\" \/><\/a><figcaption class=\"wp-caption-text\">Canl\u0131 fikir m\u00fcbadil\u0259si...<\/figcaption><\/figure>\n<h4>Vaxt\u0131 Payla\u015f\u0131n<\/h4>\n<p><strong>A qrupu<\/strong><\/p>\n<ul>\n<li>M\u0259n Fukaqava \u015e\u0259h\u0259r X\u0259st\u0259xanas\u0131na birba\u015fa u\u00e7u\u015f ist\u0259yir\u0259m.<\/li>\n<li>Hal-haz\u0131rda valideynl\u0259r orta m\u0259kt\u0259b \u015fagirdl\u0259rini klub f\u0259aliyy\u0259tl\u0259rin\u0259 v\u0259 yar\u0131m\u015ftat i\u015fl\u0259r\u0259 da\u015f\u0131maq \u00fc\u00e7\u00fcn m\u0259suliyy\u0259t da\u015f\u0131y\u0131rlar.<\/li>\n<li>\u0130ctimai n\u0259qliyyat\u0131n olmamas\u0131, ehtimal ki, turistl\u0259rin Himawari no Sato-ya giri\u015fin\u0259 d\u0259 t\u0259sir edir.<\/li>\n<\/ul>\n<p><strong>B qrupu<\/strong><\/p>\n<ul>\n<li>Haz\u0131rda Imobeushi avtobus dayanaca\u011f\u0131nda g\u00f6zl\u0259m\u0259 m\u00fcdd\u0259ti a\u011fr\u0131d\u0131r. U\u015faqlar\u0131m\u0131n m\u0259kt\u0259b\u0259 rahat getm\u0259sin\u0259 imkan ver\u0259n avtobus ist\u0259yir\u0259m.<\/li>\n<li>He\u00e7 bir dayanacaq olmadan birba\u015fa m\u0259kt\u0259b\u0259 ged\u0259n s\u0259h\u0259r avtobusuna n\u0259 dem\u0259k olar?<\/li>\n<li>Taksil\u0259r \u0259lveri\u015fsizdir, \u00e7\u00fcnki onlardan istifad\u0259 ed\u0259 bil\u0259c\u0259yiniz saat v\u0259 g\u00fcnl\u0259rd\u0259 m\u0259hdudiyy\u0259tl\u0259r var.<\/li>\n<li>Niy\u0259 \u0259sas\u0259n x\u0259st\u0259xanalara getm\u0259k, h\u0259m d\u0259 al\u0131\u015f-veri\u015f etm\u0259k \u00fc\u00e7\u00fcn istifad\u0259 oluna bil\u0259n ya\u015fl\u0131lar \u00fc\u00e7\u00fcn g\u0259zinti payla\u015f\u0131m\u0131n\u0131 d\u00fc\u015f\u00fcnm\u0259y\u0259k?<\/li>\n<li>Avtomobilin payla\u015f\u0131lmas\u0131n\u0131n t\u0259tbiqi s\u0131\u011forta t\u0259dbirl\u0259ri t\u0259l\u0259b edir, buna g\u00f6r\u0259 d\u0259 \u015f\u0259h\u0259r d\u0259st\u0259k ver\u0259 v\u0259 k\u00f6n\u00fcll\u00fcl\u0259r qrupu yarada bil\u0259rmi?<\/li>\n<\/ul>\n<figure class=\"wp-caption aligncenter\"><a href=\"https:\/\/photos.google.com\/share\/AF1QipOf0NXuJUp1VxEDQ4k8Y5TEmNJ1-t-DViS_ZJLfXlQx3crpGpJJR5MqZw50wWIeYA\/photo\/AF1QipOVGqg4NH6cuR1kDaZduJuT3iuTMGfk_ZWJOak?key=LUFXY21lZGRwSGtEc2Q5c2NMYm13bkoyMnZJNFd3\" target=\"_blank\"><img decoding=\"async\" src=\"https:\/\/lh3.googleusercontent.com\/pw\/AP1GczPhMSNkyTq76ODrotbAQrDy2oJbMm5WcjG0LZA_qxpG66WZj1LM-fNwKft3mXPD4IJgxhHUSxIjgCF6GchrFpNSVhRuQJ5ExFK2MMwJKWHmyF7V0Tb1GbPsYMKxE7P7RwKv6162fIm7kcvyiZDbFbTf=w2000-h1333-s-no-gm?authuser=0\" width=\"2000\" height=\"1333\" alt=\"Vaxt\u0131 Payla\u015f\u0131n\" class=\"size-full\" \/><\/a><figcaption class=\"wp-caption-text\">Vaxt\u0131 Payla\u015f\u0131n<\/figcaption><\/figure>\n<h3>2. M\u0259kt\u0259b v\u0259 dig\u0259r kompleks obyektl\u0259rl\u0259 ba\u011fl\u0131: \u015euran\u0131n \u00fczv\u00fc Yoshiko Hayashi<\/h3>\n<p>Hokuryu q\u0259s\u0259b\u0259sind\u0259ki m\u0259kt\u0259b t\u0259hsilinin \u0259sas f\u0259ls\u0259f\u0259si &quot;m\u0259kt\u0259b t\u0259hsil m\u00fchitini yax\u015f\u0131la\u015fd\u0131rma\u011fa \u00e7al\u0131\u015fmaq v\u0259 c\u0259miyy\u0259tl\u0259 ah\u0259ngdar bir m\u0259kt\u0259b yaratma\u011f\u0131 h\u0259d\u0259fl\u0259m\u0259kdir ki, u\u015faqlar \u00f6z arzu v\u0259 m\u0259qs\u0259dl\u0259rin\u0259 \u00e7atmaq \u00fc\u00e7\u00fcn ehtiyac duyduqlar\u0131 h\u0259yat bacar\u0131qlar\u0131n\u0131 inki\u015faf etdir\u0259 bilsinl\u0259r v\u0259 f\u0259rdiliy\u0259 v\u0259 m\u00fcxt\u0259lifliy\u0259 h\u00f6rm\u0259t ed\u0259r\u0259k g\u0259l\u0259c\u0259y\u0259 u\u00e7a bilsinl\u0259r.&quot;<\/p>\n<p>Kitaryu Town haz\u0131rda 2029-cu maliyy\u0259 ilind\u0259 a\u00e7\u0131lmas\u0131 m\u0259qs\u0259di il\u0259 ibtidai sinifd\u0259n orta m\u0259kt\u0259b\u0259 q\u0259d\u0259r icbari t\u0259hsil\u0259 \u0259saslanan m\u0259kt\u0259b kompleksinin inki\u015faf\u0131 \u00fcz\u0259rind\u0259 i\u015fl\u0259yir.<\/p>\n<p>N\u0259zar\u0259t komit\u0259si yarad\u0131l\u0131b v\u0259 2024-c\u00fc ilin fevral-dekabr aylar\u0131 aras\u0131nda \u00fcmumilikd\u0259 be\u015f d\u0259f\u0259 g\u00f6r\u00fc\u015f\u00fcb. Plan layih\u0259si \u015f\u0259h\u0259r \u0259halisi aras\u0131nda sor\u011fular, sakinl\u0259rl\u0259 g\u00f6r\u00fc\u015fl\u0259r v\u0259 ibtidai v\u0259 ki\u00e7ik orta m\u0259kt\u0259b m\u00fc\u0259lliml\u0259ri il\u0259 m\u00fcsahib\u0259l\u0259r vasit\u0259sil\u0259 t\u0259rtib edilib.<\/p>\n<p>Hokuryu q\u0259s\u0259b\u0259sinin M\u0259kt\u0259b T\u0259hsili \u00fczr\u0259 \u018fsas Siyas\u0259tinin v\u0259 Kompleks Obyektl\u0259rin \u018fsas Plan\u0131n\u0131n layih\u0259sin\u0259 dair ictimai r\u0259yl\u0259r 10 Fevral Bazar ert\u0259sind\u0259n 28 Fevral 2025-ci il C\u00fcm\u0259 g\u00fcn\u00fcn\u0259 q\u0259d\u0259r toplan\u0131r.<\/p>\n<figure class=\"wp-caption aligncenter\"><a href=\"https:\/\/photos.google.com\/share\/AF1QipOf0NXuJUp1VxEDQ4k8Y5TEmNJ1-t-DViS_ZJLfXlQx3crpGpJJR5MqZw50wWIeYA\/photo\/AF1QipOWfEVKa7H3S5QIsxT6JYdgTravhICqr1VWJzY?key=LUFXY21lZGRwSGtEc2Q5c2NMYm13bkoyMnZJNFd3\" target=\"_blank\"><img decoding=\"async\" src=\"https:\/\/lh3.googleusercontent.com\/pw\/AP1GczN130fHX5qaPjZMafVA61vz88z8PfdHtosfm99I7lmB1PsT19kC6H5BZqIomBWr-Rjqr7z2LqOsstNVmhxxtrwRIc6M4rkPaEAl_Wll-fTfoPtzfPNaDlLbIDQpacPQrojj5XNLfQ6_yNUVfpG5FUqM=w2000-h1333-s-no-gm?authuser=0\" width=\"2000\" height=\"1333\" alt=\"M\u00fc\u015favir Yo\u015fiko Haya\u015fi t\u0259r\u0259find\u0259n izahat\" class=\"size-full\" \/><\/a><figcaption class=\"wp-caption-text\">M\u00fc\u015favir Yo\u015fiko Haya\u015fi t\u0259r\u0259find\u0259n izahat<\/figcaption><\/figure>\n<h4>Dan\u0131\u015fma vaxt\u0131<\/h4>\n<figure class=\"wp-caption aligncenter\"><a href=\"https:\/\/photos.google.com\/share\/AF1QipOf0NXuJUp1VxEDQ4k8Y5TEmNJ1-t-DViS_ZJLfXlQx3crpGpJJR5MqZw50wWIeYA\/photo\/AF1QipMLU8Ejh4SjZelOkuMXuzV1ccTJcPfA-0x9UIM?key=LUFXY21lZGRwSGtEc2Q5c2NMYm13bkoyMnZJNFd3\" target=\"_blank\"><img decoding=\"async\" src=\"https:\/\/lh3.googleusercontent.com\/pw\/AP1GczPnKf-LeFMp5fYCn2p_JF9olfw2UYy9M0Vgp5uPxeFMx2ukNGaNw_y5zPV8sfoOSxzMaUvYuQK_rQ6CSHpHhoF7MuQ9PpAuViaHTkIxi0JOEnKY5UR_Y1FsxR496vdLuWrgjPjWhlJZvPn5Igmv35Pl=w2000-h1333-s-no-gm?authuser=0\" width=\"2000\" height=\"1333\" alt=\"S\u0259rb\u0259st fikir m\u00fcbadil\u0259si\" class=\"size-full\" \/><\/a><figcaption class=\"wp-caption-text\">S\u0259rb\u0259st fikir m\u00fcbadil\u0259si<\/figcaption><\/figure>\n<h4>Vaxt\u0131 Payla\u015f\u0131n<\/h4>\n<figure class=\"wp-caption aligncenter\"><a href=\"https:\/\/photos.google.com\/share\/AF1QipOf0NXuJUp1VxEDQ4k8Y5TEmNJ1-t-DViS_ZJLfXlQx3crpGpJJR5MqZw50wWIeYA\/photo\/AF1QipNiQKIAmzQiCfIT2ZfASHO40GUcdWysHLVVVsM?key=LUFXY21lZGRwSGtEc2Q5c2NMYm13bkoyMnZJNFd3\" target=\"_blank\"><img decoding=\"async\" src=\"https:\/\/lh3.googleusercontent.com\/pw\/AP1GczOWC3mxuE-KKUaxos3xX-8hFvIcnxkCrbhA1qWZuYgb9fYNRgXb3lfeNtI8SSnlZm0IvGkqCTu9tUnUuQ2CeVAw1PakQVqDrAILUfTdzM_8tuNUxdvbSuFrkjAJd8AdP8BZ90nSgYJghsYy0dKXWZiY=w2000-h1333-s-no-gm?authuser=0\" width=\"2000\" height=\"1333\" alt=\"Vaxt\u0131 Payla\u015f\u0131n\" class=\"size-full\" \/><\/a><figcaption class=\"wp-caption-text\">Vaxt\u0131 Payla\u015f\u0131n<\/figcaption><\/figure>\n<p><strong>A qrupu<\/strong><\/p>\n<ul>\n<li>Doqquz illik sistemin b\u00f6lg\u00fcs\u00fc hara \u00e7\u0259kil\u0259c\u0259k? Hiss edir\u0259m ki, m\u0259kt\u0259b idar\u0259\u00e7iliyi v\u0259 sinifin t\u0259rtibat\u0131 &quot;6-3&quot; v\u0259 ya &quot;4-3-2&quot; olmas\u0131ndan as\u0131l\u0131 olaraq d\u0259yi\u015f\u0259c\u0259k.<\/li>\n<li>M\u0259n g\u0259nc analar v\u0259 onlar\u0131n u\u015faqlar\u0131 \u00fc\u00e7\u00fcn yer ist\u0259yir\u0259m. Haz\u0131rda k\u00f6rp\u0259l\u0259r evi-u\u015faq ba\u011f\u00e7as\u0131nda parkinq yeri oldu\u011fundan onlar\u0131n uzun m\u00fcdd\u0259t qalmaqlar\u0131 \u00e7\u0259tindir.<\/li>\n<li>Haz\u0131rda u\u015faqlar m\u0259kt\u0259bd\u0259n m\u0259kt\u0259bd\u0259nk\u0259nar qay\u011f\u0131ya, sonra is\u0259 ev\u0259 gedirl\u0259r. M\u0259kt\u0259bd\u0259n sonra qay\u011f\u0131 yaln\u0131z \u00fc\u00e7\u00fcnc\u00fc sinfi \u0259hat\u0259 edir, buna g\u00f6r\u0259 d\u0259 d\u00f6rd\u00fcnc\u00fc v\u0259 yuxar\u0131 sinifl\u0259rd\u0259 olan u\u015faqlar m\u0259kt\u0259bl\u0259 ev aras\u0131nda gedib-g\u0259lirl\u0259r. Yax\u015f\u0131 olard\u0131 ki, \u015f\u0259h\u0259rd\u0259ki k\u00f6n\u00fcll\u00fcl\u0259r kimi valideynl\u0259ri ev\u0259 qay\u0131dana q\u0259d\u0259r iki saata yax\u0131n onlara baxmaq \u00fc\u00e7\u00fcn sistem yarad\u0131ls\u0131n.<\/li>\n<li>U\u015faqlar\u0131n yerli sakinl\u0259rl\u0259 bir araya g\u0259l\u0259 bil\u0259c\u0259yi bir yer olsa yax\u015f\u0131 olard\u0131. Ya\u015f\u0131ndan, sinif s\u0259viyy\u0259sind\u0259n as\u0131l\u0131 olmayaraq yerli sakinl\u0259rin d\u0259rsl\u0259rind\u0259 k\u00f6m\u0259klik g\u00f6st\u0259r\u0259 bil\u0259c\u0259yi, u\u015faqlarla \u015fogi oynaya bil\u0259c\u0259yi, onlarla s\u00f6hb\u0259t ed\u0259 bil\u0259c\u0259yi bir yer olsa yax\u015f\u0131 olard\u0131.<\/li>\n<\/ul>\n<p><strong>B qrupu<\/strong><\/p>\n<ul>\n<li>Ke\u00e7mi\u015f orta m\u0259kt\u0259b \u0259razisind\u0259n istifad\u0259 planlar\u0131ndan biri d\u0259 onu d\u00fc\u015f\u0259rg\u0259 kimi istifad\u0259 etm\u0259kdir.<\/li>\n<li>U\u015faqlar\u0131n v\u0259 b\u00f6y\u00fckl\u0259rin qar\u015f\u0131l\u0131ql\u0131 \u0259laq\u0259 qura bil\u0259c\u0259yi bir yer olsa yax\u015f\u0131 olard\u0131.<\/li>\n<\/ul>\n<h4>\u0130stinadlar<\/h4>\n<div class=\"img-move\">\n<strong><a href=\"https:\/\/www.nippon-foundation.or.jp\/what\/projects\/child-third-place\/\" target=\"_blank\">\u2742 U\u015faqlar \u00fc\u00e7\u00fcn \u00dc\u00e7\u00fcnc\u00fc Yer [Nippon Fondu]<\/a>\u3000\u3000<a href=\"https:\/\/www.bgf.or.jp\/activity\/daisan-ibasho\/top.html\" target=\"_blank\">\u2742 U\u015faqlar \u00fc\u00e7\u00fcn \u00dc\u00e7\u00fcnc\u00fc Yer [B&amp;G Foundation]<\/a><\/strong>\n<\/div>\n<h4>3. Himawari no Sato-da parkinq haqlar\u0131n\u0131n m\u0259nims\u0259nilm\u0259si il\u0259 ba\u011fl\u0131: \u015eura \u00fczv\u00fc Masato Sawada<\/h4>\n<p>T\u0259xmin\u0259n d\u00f6rd il \u0259vv\u0259l bir m\u0259sl\u0259h\u0259t\u00e7i Himawari no Sato-nun g\u0259l\u0259c\u0259yini milli miqyasda subsidiyala\u015fd\u0131r\u0131lan bir layih\u0259 olaraq t\u0259klif etdi v\u0259 \u015f\u0259h\u0259r \u0259halisinin d\u0259 daxil oldu\u011fu bir komit\u0259 bu m\u0259s\u0259l\u0259ni n\u0259z\u0259rd\u0259n ke\u00e7irir.<\/p>\n<p>Hokuryu \u015f\u0259h\u0259rinin g\u0259l\u0259c\u0259yi \u00fc\u00e7\u00fcn b\u00f6y\u00fck bir plan. \u015e\u0259h\u0259rin g\u0259l\u0259c\u0259yini n\u0259z\u0259r\u0259 alaraq, \u015f\u0259h\u0259rin \u0259halisinin azalmas\u0131 fonunda regional canland\u0131rma t\u0259dbirl\u0259rin\u0259 ehtiyac var.<\/p>\n<p>G\u00fcn\u0259baxanlara diqq\u0259t yetirm\u0259kl\u0259 turizmi art\u0131rmaq yollar\u0131 il\u0259 ba\u011fl\u0131 a\u00e7\u0131q m\u00fczakir\u0259l\u0259r apar\u0131r\u0131q. Biz m\u00fcxt\u0259lif fikirl\u0259ri toplayaca\u011f\u0131q v\u0259 onlar\u0131 \u015f\u0259h\u0259rin siyas\u0259tind\u0259 \u0259ks etdir\u0259c\u0259yik. Turizmin t\u0259\u015fviqi m\u00fczakir\u0259 olunur, lakin konkret q\u0259rarlar q\u0259bul edilm\u0259yib.<\/p>\n<figure class=\"wp-caption aligncenter\"><a href=\"https:\/\/photos.google.com\/share\/AF1QipOf0NXuJUp1VxEDQ4k8Y5TEmNJ1-t-DViS_ZJLfXlQx3crpGpJJR5MqZw50wWIeYA\/photo\/AF1QipNQ84UBJBVaLkXpteAxWWIaCPV_37riOaXMK9g?key=LUFXY21lZGRwSGtEc2Q5c2NMYm13bkoyMnZJNFd3\" target=\"_blank\"><img decoding=\"async\" src=\"https:\/\/lh3.googleusercontent.com\/pw\/AP1GczPtw5juJaM7UGALKKCi5WFVf3rrEI9UNL5UowAkZTIKJiiR874_CaDHRHD7y-ibQWPWpKNXicUlITfJSPe5sUitUVheV5HCkhaBctSyqfqoHEPp9GioVBxzNhqQIB29_o8uLMipWEt-jkjxhYmx_lQ4=w2000-h1333-s-no-gm?authuser=0\" width=\"2000\" height=\"1333\" alt=\"\u015eura \u00fczv\u00fc Masato Sawada t\u0259r\u0259find\u0259n izahat\" class=\"size-full\" \/><\/a><figcaption class=\"wp-caption-text\">\u015eura \u00fczv\u00fc Masato Sawada t\u0259r\u0259find\u0259n izahat<\/figcaption><\/figure>\n<h4>Dan\u0131\u015fma vaxt\u0131<\/h4>\n<figure class=\"wp-caption aligncenter\"><a href=\"https:\/\/photos.google.com\/share\/AF1QipOf0NXuJUp1VxEDQ4k8Y5TEmNJ1-t-DViS_ZJLfXlQx3crpGpJJR5MqZw50wWIeYA\/photo\/AF1QipPTItmA62LQJSdyQNdU0TH1N33x534h2jcu4z4?key=LUFXY21lZGRwSGtEc2Q5c2NMYm13bkoyMnZJNFd3\" target=\"_blank\"><img decoding=\"async\" src=\"https:\/\/lh3.googleusercontent.com\/pw\/AP1GczNe66j23Hmt7SzqUEvdVQB9zRHkNdXTJuGr8e1YVhUj0_Dd3FiOUVR7QCZcvEbd6Z9fM8ojR8or6_zJhvJ3J21Z1HRNdqCoH3CGe4W9iRdXpNEriscLnzgjGpOGVGLG32b1eK80hTNL6UvMZX3X3jKF=w2000-h1500-s-no-gm?authuser=0\" width=\"2000\" height=\"1500\" alt=\"Bu mehriban v\u0259 \u0259yl\u0259nc\u0259li bir atmosfer idi.\" class=\"size-full\" \/><\/a><figcaption class=\"wp-caption-text\">Bu mehriban v\u0259 \u0259yl\u0259nc\u0259li bir atmosfer idi.<\/figcaption><\/figure>\n<h4>Vaxt\u0131 Payla\u015f\u0131n<\/h4>\n<p><strong>A qrupu<\/strong><\/p>\n<ul>\n<li>Dey\u0259s\u0259n parkinq haqlar\u0131n\u0131n y\u0131\u011f\u0131lmas\u0131nda problem var. Bir sikk\u0259 haqq\u0131 (500 yen) toplama vaxt\u0131n\u0131 azaltmaq \u00fc\u00e7\u00fcn yax\u015f\u0131 olard\u0131. B\u0259s d\u00fc\u015f\u0259rg\u0259\u00e7il\u0259r? \u018fg\u0259r giri\u015f haqq\u0131 tutulursa, ziyar\u0259t\u00e7il\u0259r \u00fc\u00e7\u00fcn x\u00fcsusi g\u00fcz\u0259\u015ftl\u0259r\u0259 ehtiyac olmazd\u0131m\u0131?<\/li>\n<\/ul>\n<p><strong>B qrupu<\/strong><\/p>\n<ul>\n<li>Himawari no Sato \u00fc\u00e7\u00fcn illik \u0259m\u0259liyyat x\u0259rcl\u0259ri t\u0259xmin\u0259n 30 milyon yendir. G\u0259lirl\u0259ri c\u00fczi d\u0259 olsa art\u0131rma\u011f\u0131n yollar\u0131 il\u0259 ba\u011fl\u0131 m\u00fczakir\u0259l\u0259r ba\u015flay\u0131b.<\/li>\n<li>B\u0259lk\u0259 indiki g\u00fcn\u0259baxandan daha g\u00f6z\u0259l sort axtaraq?<\/li>\n<li>G\u00fcn\u0259baxan festival\u0131 isti yay aylar\u0131nda ba\u015f verir, b\u0259s k\u00f6lg\u0259li me\u015f\u0259l\u0259rd\u0259 kollar\u0131n dibini k\u0259s\u0259r\u0259k istirah\u0259t yerl\u0259rinin say\u0131n\u0131 art\u0131rmaq nec\u0259 olar?<\/li>\n<\/ul>\n<figure class=\"wp-caption aligncenter\"><a href=\"https:\/\/photos.google.com\/share\/AF1QipOf0NXuJUp1VxEDQ4k8Y5TEmNJ1-t-DViS_ZJLfXlQx3crpGpJJR5MqZw50wWIeYA\/photo\/AF1QipNHbiSlp72WnVPYQoMq4MTVvbgCuiP3b-hIlNU?key=LUFXY21lZGRwSGtEc2Q5c2NMYm13bkoyMnZJNFd3\" target=\"_blank\"><img decoding=\"async\" src=\"https:\/\/lh3.googleusercontent.com\/pw\/AP1GczOAr2KAgGP_eN5KFshfO6C2ERbDT8kLJivRpO85TB-IVhoCBQPWsuXOJnMSnTTY2WNIB-mVsg-FIMMBbc_BfZwtl4kamlZQS-xwV8qrq0rkYj71D1IuF5dWsT6-zFQ0xySfZkOAGzpxJaGzFZfHgw64=w2000-h1333-s-no-gm?authuser=0\" width=\"2000\" height=\"1333\" alt=\"Vaxt\u0131 Payla\u015f\u0131n\" class=\"size-full\" \/><\/a><figcaption class=\"wp-caption-text\">Vaxt\u0131 Payla\u015f\u0131n<\/figcaption><\/figure>\n<h3>Tsutomu Sakamotodan \u015f\u0259rhl\u0259r (Hokuryu Town G\u00fcn\u0259baxan Turizm Assosiasiyas\u0131n\u0131n ke\u00e7mi\u015f prezidenti v\u0259 Hokuryu \u015e\u0259h\u0259r \u015euras\u0131n\u0131n ke\u00e7mi\u015f \u00fczv\u00fc)<\/h3>\n<figure class=\"wp-caption aligncenter\"><a href=\"https:\/\/photos.google.com\/share\/AF1QipOf0NXuJUp1VxEDQ4k8Y5TEmNJ1-t-DViS_ZJLfXlQx3crpGpJJR5MqZw50wWIeYA\/photo\/AF1QipN2ky76LE2xY7TEAUcoZajeVLslrFZd16YPqaA?key=LUFXY21lZGRwSGtEc2Q5c2NMYm13bkoyMnZJNFd3\" target=\"_blank\"><img decoding=\"async\" src=\"https:\/\/lh3.googleusercontent.com\/pw\/AP1GczNeNmO5pmHS_1-NihhD9AWNbFgmW4CgQDBg7rFYW1t_JzVgpvgpHbRnuWeozjymZLA6NzLThptj4nRHi7hm-kmDjBp_wj7x4hwXlAxBcwvIhC53qR5gik2SoE1jGU03FnPsi8AiBpjQTHVq0xd5T1A1=w2000-h1333-s-no-gm?authuser=0\" width=\"2000\" height=\"1333\" alt=\"Tsutomu Sakamotodan \u015f\u0259rhl\u0259r\" class=\"size-full\" \/><\/a><figcaption class=\"wp-caption-text\">Tsutomu Sakamotodan \u015f\u0259rhl\u0259r<\/figcaption><\/figure>\n<p>&quot;M\u0259n \u00e7ox \u015fadam ki, bu Parlament Hesabat\u0131 &quot;Parlament Kafesi&quot; \u015f\u0259klind\u0259 ke\u00e7irildi v\u0259 bu, \u00e7ox maraql\u0131 konfrans oldu. Biz b\u00f6y\u00fck d\u0259yi\u015fiklikl\u0259r d\u00f6vr\u00fcnd\u0259 ya\u015fay\u0131r\u0131q v\u0259 h\u00f6kum\u0259t g\u00f6r\u00fcnm\u0259mi\u015f maliyy\u0259 \u00e7\u0259tinlikl\u0259ri il\u0259 \u00fcz-\u00fcz\u0259dir v\u0259 m\u0259n hesab edir\u0259m ki, parlamentaril\u0259r \u00e7oxlu \u00e7\u0259tinlikl\u0259rl\u0259 \u00fczl\u0259\u015firl\u0259r.<\/p>\n<p>&quot;M\u0259kt\u0259b obyektl\u0259rinin plan\u0131 da g\u00f6z\u0259ldir. D\u00fc\u015f\u00fcn\u00fcr\u0259m ki, bunun \u00fc\u00e7\u00fcn b\u00f6y\u00fck b\u00fcdc\u0259 t\u0259l\u0259b olunacaq. \u0130ndi h\u0259ll etm\u0259li oldu\u011fumuz \u0259n b\u00f6y\u00fck m\u0259s\u0259l\u0259 \u015f\u0259h\u0259rimizin sa\u011f qalmas\u0131 v\u0259 b\u00fct\u00fcn \u015f\u0259h\u0259r sakinl\u0259rinin bir araya g\u0259l\u0259r\u0259k m\u00fcxt\u0259lif m\u0259s\u0259l\u0259l\u0259ri h\u0259ll etm\u0259sidir&quot; dedi Tsutomu Sakamoto.<\/p>\n<h2>C\u0259nab Nobuaki Teragakid\u0259n t\u0259\u015f\u0259kk\u00fcr mesaj\u0131<\/h2>\n<figure class=\"wp-caption aligncenter\"><a href=\"https:\/\/photos.google.com\/share\/AF1QipOf0NXuJUp1VxEDQ4k8Y5TEmNJ1-t-DViS_ZJLfXlQx3crpGpJJR5MqZw50wWIeYA\/photo\/AF1QipMAaHNRo0z9H7ZdNASikfApAubyQM442xc8UvU?key=LUFXY21lZGRwSGtEc2Q5c2NMYm13bkoyMnZJNFd3\" target=\"_blank\"><img decoding=\"async\" src=\"https:\/\/lh3.googleusercontent.com\/pw\/AP1GczP_0Njzvre8bAnZsjPWZuezAtqEVO3HaAPlFSY7uxHqS1C8ot0wsDnRkoUZxB4jlw9c1Xpz-czGp1IJfE5hQ82oXR4WaidzrNdoGu2KJew2ob0rP7M4qUVnT4MpaMm_8k327fic5b6DrujWJhdpWnKB=w2000-h1333-s-no-gm?authuser=0\" width=\"2000\" height=\"1333\" alt=\"\u015eura \u00fczv\u00fc Teragakid\u0259n t\u0259\u015f\u0259kk\u00fcr mesaj\u0131\" class=\"size-full\" \/><\/a><figcaption class=\"wp-caption-text\">\u015eura \u00fczv\u00fc Teragakid\u0259n t\u0259\u015f\u0259kk\u00fcr mesaj\u0131<\/figcaption><\/figure>\n<p>\u201cBiz b\u00fct\u00fcn \u015f\u0259h\u0259r sakinl\u0259rin\u0259 bel\u0259 uzun m\u00fcdd\u0259t \u0259rzind\u0259 i\u015ftirak etdikl\u0259rin\u0259 g\u00f6r\u0259 t\u0259\u015f\u0259kk\u00fcr etm\u0259k ist\u0259rdik.<\/p>\n<p>2025-ci ild\u0259 \u00fczvl\u0259rimiz haqq\u0131nda hesabat verm\u0259k \u00fc\u00e7\u00fcn ilk d\u0259f\u0259 &quot;Qanunverici Kafe&quot;mizi ke\u00e7irdik. Bu, tamamil\u0259 yeni c\u0259hd oldu\u011fundan, bir q\u0259d\u0259r t\u0259r\u0259dd\u00fcdl\u0259 davam etdik.<\/p>\n<p>N\u0259hay\u0259t, daha bir ne\u00e7\u0259 s\u00f6z ist\u0259m\u0259kl\u0259 bu g\u00f6r\u00fc\u015f\u00fc ba\u011flamaq ist\u0259rdim\u201d, - \u015euran\u0131n \u00fczv\u00fc Nobuaki Teragaki bildirib.<\/p>\n<h2>Keiko Ozaki, s\u0259dr m\u00fcavini v\u0259 ba\u015f \u015f\u0259rh\u00e7i<\/h2>\n<figure class=\"wp-caption aligncenter\"><a href=\"https:\/\/photos.google.com\/share\/AF1QipOf0NXuJUp1VxEDQ4k8Y5TEmNJ1-t-DViS_ZJLfXlQx3crpGpJJR5MqZw50wWIeYA\/photo\/AF1QipOQ1dcF49OvLKS0LMUuDnKrmj1f91eqpW4IFes?key=LUFXY21lZGRwSGtEc2Q5c2NMYm13bkoyMnZJNFd3\" target=\"_blank\"><img decoding=\"async\" src=\"https:\/\/lh3.googleusercontent.com\/pw\/AP1GczPRTYAht4j9X6JypaaRASyQK0lMTjYjgiX5vnREKCBik1UaXyBfOgDGgJFzfu1XO8xfdy0rZFgQGyfbWN8pxktZfwrU06utQOXTzErQ5qbypBSsXze6XxPxalHmKj1fWX97tXJw8VpE0JnKl1v9Tx7v=w2000-h1333-s-no-gm?authuser=0\" width=\"2000\" height=\"1333\" alt=\"S\u0259dr m\u00fcavini Keiko Ozakinin \u00fcmumi \u015f\u0259rhl\u0259ri\" class=\"size-full\" \/><\/a><figcaption class=\"wp-caption-text\">S\u0259dr m\u00fcavini Keiko Ozakinin \u00fcmumi \u015f\u0259rhl\u0259ri<\/figcaption><\/figure>\n<p>\u201cHesab edir\u0259m ki, h\u0259r k\u0259sin \u00f6z fikirl\u0259rini b\u00f6l\u00fc\u015fm\u0259kd\u0259 rahat hiss etdiyi bir atmosferd\u0259 bu \u015f\u0259kild\u0259 fikir m\u00fcbadil\u0259si apara bilm\u0259yimiz \u00e7ox g\u00f6z\u0259l idi.<\/p>\n<p>Assambleyan\u0131n t\u0259rkibi d\u0259 m\u00fcxt\u0259lif komit\u0259l\u0259r v\u0259 Kita Sorachi Qism\u0259n \u0130\u015fl\u0259r Assosiasiyas\u0131 da daxil olmaqla h\u0259r k\u0259s t\u0259r\u0259find\u0259n t\u0259\u015fkil edilir. M\u00fcnt\u0259z\u0259m iclaslar ild\u0259 d\u00f6rd d\u0259f\u0259 ke\u00e7irilir. H\u0259r k\u0259s \u00f6z i\u015fi il\u0259 m\u0259\u015f\u011ful olma\u011f\u0131 bacar\u0131r. D\u00fc\u015f\u00fcn\u00fcr\u0259m ki, bizim i\u015fimiz h\u0259r k\u0259sin fikrini dinl\u0259m\u0259k, d\u00fcz\u0259li\u015fl\u0259r etm\u0259k, onlara forma verm\u0259kdir.<\/p>\n<p>&quot;H\u0259r birimizin \u00f6z \u015f\u0259xsiyy\u0259timiz v\u0259 t\u0259cr\u00fcb\u0259 sah\u0259l\u0259rimiz var. D\u00fc\u015f\u00fcn\u00fcr\u0259m ki, biz m\u00fcxt\u0259lif yollarla m\u00fcxt\u0259lif fikirl\u0259ri q\u0259bul edib onlara cavab ver\u0259 bil\u0259rik. Z\u0259hm\u0259t olmasa, biziml\u0259 \u0259laq\u0259 saxlay\u0131n. \u00c7ox sa\u011f olun&quot;, - s\u0259dr m\u00fcavini Keiko Ozaki bildirib.<\/p>\n<h2>\u0130\u015ftirak ed\u0259n \u015f\u0259h\u0259r sakinl\u0259rinin t\u0259\u0259ss\u00fcratlar\u0131<\/h2>\n<p>&quot;Bu &quot;Parlament Kafesi&quot;nin insanlar\u0131n \u00f6z fikirl\u0259rini asanl\u0131qla ifad\u0259 ed\u0259 bil\u0259c\u0259yi rahat bir atmosferd\u0259 ke\u00e7irilm\u0259si \u00e7ox g\u00f6z\u0259l idi. Bel\u0259 bir atmosferin olmas\u0131 \u00e7ox g\u00f6z\u0259ldir!&quot; - dey\u0259 i\u015ftirak ed\u0259n \u015f\u0259h\u0259rlil\u0259rd\u0259n biri g\u00fcl\u00fcms\u0259y\u0259r\u0259k dedi.<\/p>\n<figure class=\"wp-caption aligncenter\"><a href=\"https:\/\/photos.google.com\/share\/AF1QipOf0NXuJUp1VxEDQ4k8Y5TEmNJ1-t-DViS_ZJLfXlQx3crpGpJJR5MqZw50wWIeYA\/photo\/AF1QipPIPVrMslt0ZMpE8qtsuLD2gMaeWDBNu8OMIp0?key=LUFXY21lZGRwSGtEc2Q5c2NMYm13bkoyMnZJNFd3\" target=\"_blank\"><img decoding=\"async\" src=\"https:\/\/lh3.googleusercontent.com\/pw\/AP1GczO4ZUxhJA0BwCqXtmu_tRVHfuAw6XeDl3bkUJST_b9i34jqibdK-zspwNmoijUlPXrDJYonUWdLJapsKENWaKZxUOMGQjYAaaP_ich9F6RA5PSNU5FhaNPkTox0DV_3jBY68IEJVCRprDrpxw1uwEjT=w2000-h1333-s-no-gm?authuser=0\" width=\"2000\" height=\"1333\" alt=\"Biz Kitaryu \u015f\u0259h\u0259rinin sakinl\u0259rin\u0259 \u00f6z hekay\u0259l\u0259rini s\u0259rb\u0259st \u015f\u0259kild\u0259 b\u00f6l\u00fc\u015fm\u0259k imkan\u0131 yaratd\u0131qlar\u0131na g\u00f6r\u0259 minn\u0259tdar\u0131q!\" class=\"size-full\" \/><\/a><figcaption class=\"wp-caption-text\">Biz Kitaryu \u015f\u0259h\u0259rinin sakinl\u0259rin\u0259 \u00f6z hekay\u0259l\u0259rini s\u0259rb\u0259st \u015f\u0259kild\u0259 b\u00f6l\u00fc\u015fm\u0259k imkan\u0131 yaratd\u0131qlar\u0131na g\u00f6r\u0259 minn\u0259tdar\u0131q!<\/figcaption><\/figure>\n<p>Hokuryu Town Council Report &amp; Council Cafe-d\u0259 biz \u015f\u0259h\u0259r sakinl\u0259rinin m\u00fcxt\u0259lif s\u0259sl\u0259rini dinl\u0259yirik v\u0259 canl\u0131l\u0131q v\u0259 t\u0259b\u0259ss\u00fcml\u0259 dolu bir \u015f\u0259h\u0259r yaratmaq \u00fc\u00e7\u00fcn birlikd\u0259 \u00e7al\u0131\u015f\u0131r\u0131q!<\/p>\n<p>Sonsuz sevgi, minn\u0259tdarl\u0131q v\u0259 dualarla \u201cAsambleya kafesi\u201dn\u0259 \u015f\u0259h\u0259r sakinl\u0259rinin mehriban, ah\u0259ngdar v\u0259 rahat m\u00fchitd\u0259 s\u0259rb\u0259st \u015f\u0259kild\u0259 dan\u0131\u015fa bil\u0259c\u0259yi, fikir m\u00fcbadil\u0259si apard\u0131\u011f\u0131 m\u0259kan olmas\u0131n\u0131 arzu edirik.<\/p>\n<h2>Youtube videolar\u0131<\/h2>\n<div class=\"youtube\"><iframe title=\"Hokuryu \u015e\u0259h\u0259r \u015euras\u0131n\u0131n Hesabat Sessiyas\u0131 v\u0259 \u015eura Kafesi: \u015e\u0259h\u0259r \u0259halisinin s\u0259rb\u0259st v\u0259 asanl\u0131qla fikir m\u00fcbadil\u0259si apara bil\u0259c\u0259yi mehriban v\u0259 harmonik forum\" src=\"https:\/\/www.youtube.com\/embed\/aixjhIloH54?feature=oembed\" frameborder=\"0\" allow=\"accelerometer; autoplay; clipboard-write; encrypted-media; gyroscope; picture-in-picture; web-share\" referrerpolicy=\"strict-origin-when-cross-origin\" allowfullscreen><\/iframe><\/div>\n<h2>\u015f\u0259kil<\/h2>\n<div class=\"img-move\">\n<img decoding=\"async\" src=\"https:\/\/ehokkaido.net\/wp-content\/uploads\/2021\/12\/2021-12-06-11.41.12.png\" style=\"vertical-align:middle;\"> <a href=\"https:\/\/photos.app.goo.gl\/jdwvemK655khzV3z5\" target=\"_blank\" rel=\"noopener noreferrer\">Hokuryu Town Council Cafe (81 \u015f\u0259kil) fotolar\u0131 burada &gt;&gt;<\/a><\/div>\n<h2>\u018flaq\u0259dar m\u0259qal\u0259l\u0259r<\/h2>\n\n        <div class=\"site-blogcard-premium\">\n            <div class=\"bc-label-custom\">\u018flaq\u0259dar m\u0259qal\u0259l\u0259r<\/div>\n            <div class=\"bc-flex-container\">\n                <div class=\"bc-main-text\">\n                    <div class=\"bc-title-link-box\">\n                        <a href=\"https:\/\/portal.hokuryu.info\/az\/55701\/\" target=\"_blank\">https:\/\/portal.hokuryu.info\/55701<\/a>\n                    <\/div>\n                    <div class=\"bc-excerpt-box\">S\u0259hif\u0259 m\u0259lumatlar\u0131n\u0131 \u0259ld\u0259 etm\u0259k m\u00fcmk\u00fcn deyil.<\/div>\n                <\/div>\n                <div class=\"bc-thumbnail-box\">\n                    <a href=\"https:\/\/portal.hokuryu.info\/az\/55701\/\" target=\"_blank\">\n                        <div class=\"bc-img-zoom-wrap\">\n                            <img decoding=\"async\" src=\"https:\/\/portal.hokuryu.info\/wp\/wp-content\/uploads\/2026\/02\/20230802DSC06445_1.jpg\" alt=\"https:\/\/portal.hokuryu.info\/55701\">\n                        <\/div>\n                    <\/a>\n                <\/div>\n            <\/div>\n        <\/div>\n\n        <div class=\"site-blogcard-premium\">\n            <div class=\"bc-label-custom\">\u018flaq\u0259dar m\u0259qal\u0259l\u0259r<\/div>\n            <div class=\"bc-flex-container\">\n                <div class=\"bc-main-text\">\n                    <div class=\"bc-title-link-box\">\n                        <a href=\"https:\/\/portal.hokuryu.info\/az\/kateqoriya\/ictimai-qurum\/sura\/\" target=\"_blank\">Hokuryu \u015e\u0259h\u0259r \u015euras\u0131 (Kateqoriya)<\/a>\n                    <\/div>\n                    <div class=\"bc-excerpt-box\">Bu, &quot;Hokuryu \u015e\u0259h\u0259r \u015euras\u0131&quot; kateqoriyas\u0131ndak\u0131 m\u0259qal\u0259l\u0259rin siyah\u0131s\u0131d\u0131r.<\/div>\n                <\/div>\n                <div class=\"bc-thumbnail-box\">\n                    <a href=\"https:\/\/portal.hokuryu.info\/az\/kateqoriya\/ictimai-qurum\/sura\/\" target=\"_blank\">\n                        <div class=\"bc-img-zoom-wrap\">\n                            <img decoding=\"async\" src=\"https:\/\/portal.hokuryu.info\/wp\/wp-content\/uploads\/2026\/02\/20230802DSC06445_1.jpg\" alt=\"Hokuryu \u015e\u0259h\u0259r \u015euras\u0131 (Kateqoriya)\">\n                        <\/div>\n                    <\/a>\n                <\/div>\n            <\/div>\n        <\/div>\n<p>\u25c7 M\u00fcsahib\u0259 v\u0259 m\u0259tn: Ikuko Terauchi (foto\u015f\u0259kil v\u0259 redakt\u0259 yard\u0131m\u0131: Noboru Terauchi)<\/p>","protected":false},"excerpt":{"rendered":"<p>\uff12\uff10\uff12\uff15\u5e74\uff12\u6708\uff11\uff14\u65e5\uff08\u91d1\uff09 \uff12\u6708\uff11\uff12\u65e5\uff08\u6c34\uff09\uff11\uff15\uff1a\uff10\uff10\u301c\u3001\u5317\u7adc\u753a\u8b70\u4f1a\u306b\u3088\u308b\u300c\u8b70\u4f1a\u5831\u544a\u4f1a \uff06 \u8b70\u4f1a\u30ab\u30d5\u30a7\u300d\u304c\u3001\u5317\u7adc\u753a\u5546\u696d\u6d3b\u6027\u5316\u65bd\u8a2d\u30b3\u30b3\u30ef\uff08COCOWA\uff09\u306e\u591a\u76ee\u7684\u30b9\u30da\u30fc\u30b9\u306b\u3066\u958b\u50ac\u3055\u308c\u307e\u3057\u305f\u3002\u753a\u6c11\u30fb\u8b70\u54e1\u306e\u65b9 [&hellip;]<\/p>\n","protected":false},"author":1,"featured_media":55659,"comment_status":"open","ping_status":"open","sticky":false,"template":"","format":"standard","meta":{"footnotes":""},"categories":[4,67],"tags":[],"class_list":["post-55623","post","type-post","status-publish","format-standard","has-post-thumbnail","hentry","category-cover-story","category-council"],"_links":{"self":[{"href":"https:\/\/portal.hokuryu.info\/az\/wp-json\/wp\/v2\/posts\/55623","targetHints":{"allow":["GET"]}}],"collection":[{"href":"https:\/\/portal.hokuryu.info\/az\/wp-json\/wp\/v2\/posts"}],"about":[{"href":"https:\/\/portal.hokuryu.info\/az\/wp-json\/wp\/v2\/types\/post"}],"author":[{"embeddable":true,"href":"https:\/\/portal.hokuryu.info\/az\/wp-json\/wp\/v2\/users\/1"}],"replies":[{"embeddable":true,"href":"https:\/\/portal.hokuryu.info\/az\/wp-json\/wp\/v2\/comments?post=55623"}],"version-history":[{"count":0,"href":"https:\/\/portal.hokuryu.info\/az\/wp-json\/wp\/v2\/posts\/55623\/revisions"}],"wp:featuredmedia":[{"embeddable":true,"href":"https:\/\/portal.hokuryu.info\/az\/wp-json\/wp\/v2\/media\/55659"}],"wp:attachment":[{"href":"https:\/\/portal.hokuryu.info\/az\/wp-json\/wp\/v2\/media?parent=55623"}],"wp:term":[{"taxonomy":"category","embeddable":true,"href":"https:\/\/portal.hokuryu.info\/az\/wp-json\/wp\/v2\/categories?post=55623"},{"taxonomy":"post_tag","embeddable":true,"href":"https:\/\/portal.hokuryu.info\/az\/wp-json\/wp\/v2\/tags?post=55623"}],"curies":[{"name":"wp","href":"https:\/\/api.w.org\/{rel}","templated":true}]}}