{"id":54953,"date":"2025-01-27T17:00:00","date_gmt":"2025-01-27T08:00:00","guid":{"rendered":"https:\/\/portal.hokuryu.info\/?p=54953"},"modified":"2025-01-31T20:38:53","modified_gmt":"2025-01-31T11:38:53","slug":"17-ci-bg-milli-zirv%c9%99si-2025-hokuryu-town-10-da-keciril%c9%99c%c9%99k","status":"publish","type":"post","link":"https:\/\/portal.hokuryu.info\/az\/54953\/","title":{"rendered":"17-ci B&amp;G Milli Zirv\u0259si 2025 ke\u00e7iril\u0259c\u0259k v\u0259 Hokuryu \u015e\u0259h\u0259ri ard\u0131c\u0131l 10-cu il X\u00fcsusi Qiym\u0259tl\u0259ndirm\u0259 M\u0259rk\u0259zi kimi tan\u0131nacaq!"},"content":{"rendered":"<p>Bazar ert\u0259si, 27 yanvar 2025-ci il<\/p>\n<p>\u00c7\u0259r\u015f\u0259nb\u0259 g\u00fcn\u00fc, yanvar\u0131n 22-d\u0259 Bellesalle Tokyo Nihonbashi-d\u0259 (\u00c7uo-ku, Tokio) 17-ci B&amp;G Milli Sammiti ke\u00e7irildi. 17-ci B&amp;G Milli Sammitinin m\u00f6vzusu &quot;Mikro v\u0259 Makro Perspektivl\u0259rd\u0259n \u0130ctimai Obyektl\u0259r&quot; idi v\u0259 sammitd\u0259 Nippon Fondunun s\u0259dri Yohei Sasakavan\u0131n x\u00fcsusi a\u00e7\u0131l\u0131\u015f nitqi, yerli h\u00f6kum\u0259t r\u0259hb\u0259rl\u0259rinin n\u00fcmun\u0259 ara\u015fd\u0131rmas\u0131 t\u0259qdimatlar\u0131 v\u0259 \u018fla M\u0259rk\u0259z M\u00fckafat\u0131n\u0131n t\u0259qdimat\u0131 olmu\u015fdur.<\/p>\n<p>Mer Yasuhiro Sasaki v\u0259 Kitaryu \u015f\u0259h\u0259rind\u0259n olan T\u0259hsil \u00fczr\u0259 N\u0259zar\u0259t\u00e7i Yo\u015fiki Tanaka m\u0259rasimd\u0259 i\u015ftirak etdil\u0259r v\u0259 ard\u0131c\u0131l 10-cu il \u00fc\u00e7\u00fcn x\u00fcsusi A reytinq m\u0259rk\u0259zi kimi tan\u0131nd\u0131lar.<\/p>\n<h2>17-ci B&amp;G Milli Zirv\u0259si<\/h2>\n<figure class=\"wp-caption aligncenter\"><a href=\"https:\/\/photos.google.com\/share\/AF1QipNCIEEehDyv0BIPjWmkOCGOAkKvcgM0JKh0rTbCAV-hQquJrwvrv4rKafH7S5Inxg\/photo\/AF1QipMtqhboR3TQwhS4DiJ31nvgILfen1M5kfN2xic?key=MU96cGl6c0dfMVpJc2djQ2I3RW5ESXBLY0ZVMmhR\" target=\"_blank\"><img decoding=\"async\" src=\"https:\/\/lh3.googleusercontent.com\/pw\/AP1GczMay174upvxThvOcgpT-dY45kMuet6l1oTRsZ1BbEoVtABcqqXbCeu0jtLPi4oekaaKqaTMdn1XQW09aFdy5QP7JNLelbPMDSPX_fp1fNHuiiyVp19za4MxyVF7KBph-i3Oj_aSqgwR0x-W6n9x80xd=w595-h841-s-no-gm?authuser=1\" width=\"500\" alt=\"17-ci B&amp;G Milli Zirv\u0259si 2025\" class=\"size-full\" style=\"border:solid 1px lightgray\"\/><\/a><figcaption class=\"wp-caption-text\">17-ci B&amp;G Milli Zirv\u0259si 2025<\/figcaption><\/figure>\n<figure class=\"wp-caption aligncenter\"><a href=\"https:\/\/photos.google.com\/share\/AF1QipNCIEEehDyv0BIPjWmkOCGOAkKvcgM0JKh0rTbCAV-hQquJrwvrv4rKafH7S5Inxg\/photo\/AF1QipNl4BbW7_V5dn1QnN5hOaBdRLS2BWJujHeTgJc?key=MU96cGl6c0dfMVpJc2djQ2I3RW5ESXBLY0ZVMmhR\" target=\"_blank\"><img decoding=\"async\" src=\"https:\/\/lh3.googleusercontent.com\/pw\/AP1GczP-ayeOsTD6J1l05RkT8sCffMD3ENr46YqR8r0xjoZn7ARPKxKS54ashExocOTJ37klFhmdClCKsEiBLd5W5B2nMclP__l2D1E19JHZSTAu1Cs-_kRnlegGHOZ1N493SVN1ToXlNwmasr8IF-0VlAmj=w2000-h1500-s-no-gm?authuser=0\" width=\"2000\" height=\"1500\" alt=\"Bellesalle Tokyo Nihonbashi (Chuo Ward, Tokio)\" class=\"size-full\" \/><\/a><figcaption class=\"wp-caption-text\">Bellesalle Tokyo Nihonbashi (Chuo Ward, Tokio)<\/figcaption><\/figure>\n<figure class=\"wp-caption aligncenter\"><a href=\"https:\/\/photos.google.com\/share\/AF1QipNCIEEehDyv0BIPjWmkOCGOAkKvcgM0JKh0rTbCAV-hQquJrwvrv4rKafH7S5Inxg\/photo\/AF1QipN0CwoNM1k9wxm6yhAydRVnRQ2F-mITluTja2U?key=MU96cGl6c0dfMVpJc2djQ2I3RW5ESXBLY0ZVMmhR\" target=\"_blank\"><img decoding=\"async\" src=\"https:\/\/lh3.googleusercontent.com\/pw\/AP1GczPw01DsvgXzPpMtpOkgQxFK5bHM2eDgdOIAunV2K9tbP1TlN_t4vxVhpP_mk6Q3miovVcE7B7bJyjTiKskF7CGoZ4zbjNAcQsgJvdGuALfiPqw7ojmN5d94G_01POrGSKlkwCG04QKyDY2Cbe7vu8d-=w2000-h1500-s-no-gm?authuser=0\" width=\"2000\" height=\"1500\" alt=\"17-ci B&amp;G Milli Zirv\u0259si\" class=\"size-full\" \/><\/a><figcaption class=\"wp-caption-text\">17-ci B&amp;G Milli Zirv\u0259si<\/figcaption><\/figure>\n<h3>B&amp;G Fondu<\/h3>\n<p>B&amp;G Fondu (ad\u0131 1 aprel 2023-c\u00fc ild\u0259 d\u0259yi\u015fdiril\u0259c\u0259k) 1973-c\u00fc ild\u0259 Motorlu Qay\u0131q Yar\u0131\u015f\u0131 Qanununun 20-ci ild\u00f6n\u00fcm\u00fcn\u00fc qeyd etm\u0259k \u00fc\u00e7\u00fcn yarad\u0131l\u0131b v\u0259 bu il 52-ci ild\u00f6n\u00fcm\u00fcn\u00fc qeyd edir. Fond, f\u0259aliyy\u0259ti g\u0259ncl\u0259rin sa\u011flam inki\u015faf\u0131n\u0131 t\u0259\u015fviq etm\u0259k v\u0259 yerli icmalar\u0131 canland\u0131rmaq v\u0259 yaratmaqdan ibar\u0259t olan ictimai maraqlara \u0259saslanan bir fonddur.<\/p>\n<h3>\u00d6lk\u0259 \u00fczr\u0259 360 yerli \u00f6z\u00fcn\u00fcidar\u0259etm\u0259 orqan\u0131ndan 273 b\u0259l\u0259diyy\u0259 s\u0259dri d\u0259 daxil olmaqla \u00fcmumilikd\u0259 800 n\u0259f\u0259r i\u015ftirak edib.<\/h3>\n<p>17-ci B&amp;G Milli Sammitind\u0259 \u00f6lk\u0259 \u00fczr\u0259 45 prefekturadan v\u0259 360 yerli h\u00f6kum\u0259td\u0259n 273 b\u0259l\u0259diyy\u0259 ba\u015f\u00e7\u0131s\u0131, 24 b\u0259l\u0259diyy\u0259 s\u0259drinin m\u00fcavini v\u0259 196 t\u0259hsil inspektoru, h\u0259m\u00e7inin qonaqlar v\u0259 yerli h\u00f6kum\u0259t r\u0259smil\u0259ri d\u0259 daxil olmaqla t\u0259xmin\u0259n 800 n\u0259f\u0259r i\u015ftirak edib.<\/p>\n<figure class=\"wp-caption aligncenter\"><a href=\"https:\/\/photos.google.com\/share\/AF1QipNCIEEehDyv0BIPjWmkOCGOAkKvcgM0JKh0rTbCAV-hQquJrwvrv4rKafH7S5Inxg\/photo\/AF1QipP8ut7DyuZHE2FNmEs15t5YUb2dMj1tfI6Hw88?key=MU96cGl6c0dfMVpJc2djQ2I3RW5ESXBLY0ZVMmhR\" target=\"_blank\"><img decoding=\"async\" src=\"https:\/\/lh3.googleusercontent.com\/pw\/AP1GczNmN-g7M0V98R0h6jR_Wxa7dzPrJgvH00yvFxy8EBaLnE9N3CxUebjd-cQwoy7-glK__CdFgFvqtxKfLlqubvvacVinOjnuIXimWLBEfyDL2a_-ZcewoIxUkQrKh58GfpSnTYEM3gR0_5Uyoa3L3meZ=w2000-h1500-s-no-gm?authuser=0\" width=\"2000\" height=\"1500\" alt=\"Qeydiyyat: \u00d6lk\u0259 \u00fczr\u0259 45 prefektura (379 b\u0259l\u0259diyy\u0259) i\u015ftirak edib\" class=\"size-full\" \/><\/a><figcaption class=\"wp-caption-text\">Qeydiyyat: \u00d6lk\u0259 \u00fczr\u0259 45 prefektura (379 b\u0259l\u0259diyy\u0259) i\u015ftirak edib<\/figcaption><\/figure>\n<figure class=\"wp-caption aligncenter\"><a href=\"https:\/\/photos.google.com\/share\/AF1QipNCIEEehDyv0BIPjWmkOCGOAkKvcgM0JKh0rTbCAV-hQquJrwvrv4rKafH7S5Inxg\/photo\/AF1QipOOI9ovER_KwL6db0KNTTULm19HmKgzxD93vCA?key=MU96cGl6c0dfMVpJc2djQ2I3RW5ESXBLY0ZVMmhR\" target=\"_blank\"><img decoding=\"async\" src=\"https:\/\/lh3.googleusercontent.com\/pw\/AP1GczPAPbPSKXEUcOdL-H4t7uvxuRU84HAqQkfp327cOem0STju8tw7Pw1ZuyL5fBiZq3JbVwywG3Iy2Cm1PxzpvYuCAL8xygxqwJTOb0qR0q7eYLz2mp8ECJ7FvwX1CLFr8jipUCXDaoeBP8HwS0mnbzlW=w2000-h1500-s-no-gm?authuser=0\" width=\"2000\" height=\"1500\" alt=\"oturma c\u0259dv\u0259li\" class=\"size-full\" \/><\/a><figcaption class=\"wp-caption-text\">oturma c\u0259dv\u0259li<\/figcaption><\/figure>\n<h3>Hokkaydodan 32 yerli h\u00f6kum\u0259t i\u015ftirak etdi<\/h3>\n<p>Hokkaydodan 32 b\u0259l\u0259diyy\u0259 i\u015ftirak etdi: Sunagawa City, Obira Town, Akkeshi Town, Kenbuchi Town, Taiki Town, Takasu Town, Shari Town, Aibetsu Town, Enbetsu Town, Shinshinotsu Village, Ozora Town,<strong>Hokuryu q\u0259s\u0259b\u0259si<\/strong>Y\u0131\u011f\u0131ncaqda a\u015fa\u011f\u0131dak\u0131 \u015f\u0259h\u0259rl\u0259r i\u015ftirak etdi (t\u0259qdim olunan s\u0259n\u0259dl\u0259rd\u0259 g\u00f6st\u0259ril\u0259n ard\u0131c\u0131ll\u0131qla): Esashi Town, Shimokawa Town, Hiqashikagura Town, Nayoro City, Shakotan Town, Wassamu Town, Ashibetsu City, Oshamanbe Town, Kamifurano Town, Hiqashikawa Town, Biei Town, Ishikari City, Urausu Town, Cityamiz Town, Numabetsu Town, Cityamiz Town, Numabetsu Town, Ichimaebu Town, Ichimae Town, Ichimae Town, Urausu Town, Sitiabetsu Town, Nuchimaeta Town Takikawa \u015f\u0259h\u0259ri, Furubira \u015f\u0259h\u0259ri v\u0259 Muroran \u015f\u0259h\u0259ri.<\/p>\n<h3>Hokuryu Town 10 il ard\u0131c\u0131l olaraq x\u00fcsusi A reytinqi al\u0131r<\/h3>\n<p>Bu d\u0259f\u0259 iki m\u0259rk\u0259z 20 il dalbadal X\u00fcsusi A, 21 m\u0259rk\u0259z is\u0259 10 il ard\u0131c\u0131l olaraq X\u00fcsusi A reytinqi al\u0131b. Hokkaydoda be\u015f m\u0259rk\u0259z 10 il ard\u0131c\u0131l olaraq X\u00fcsusi A reytinqini ald\u0131 v\u0259 \u015f\u0259h\u0259rimiz B&amp;G D\u0259niz M\u0259rk\u0259zi \u018fla D\u0259niz M\u0259rk\u0259zi m\u00fckafat\u0131na layiq g\u00f6r\u00fcld\u00fc.<\/p>\n<p>Bu d\u0259niz m\u0259rk\u0259zinin qiym\u0259tl\u0259ndirilm\u0259sinin \u0259sas m\u0259qs\u0259di h\u0259r bir obyektin idar\u0259etm\u0259 v\u0259 istismar aspektl\u0259rini d\u0259rk etm\u0259k, f\u0259aliyy\u0259tl\u0259ri canland\u0131rmaq v\u0259 B&amp;G Fondu t\u0259r\u0259find\u0259n h\u0259yata ke\u00e7iril\u0259n d\u0259st\u0259k f\u0259aliyy\u0259tl\u0259ri \u00fc\u00e7\u00fcn g\u00f6st\u0259rici kimi xidm\u0259t etm\u0259kdir. Alt\u0131 s\u0259viyy\u0259li qiym\u0259tl\u0259ndirm\u0259l\u0259r \u0259n y\u00fcks\u0259k s\u0259viyy\u0259 olan X\u00fcsusi A-dan E-y\u0259 q\u0259d\u0259r apar\u0131l\u0131r (istifad\u0259\u00e7il\u0259rin say\u0131n\u0131, hadis\u0259 v\u0259ziyy\u0259tini, obyektin texniki xidm\u0259tini v\u0259 s. k\u0259miyy\u0259tc\u0259 yoxlayan meyarlar c\u0259dv\u0259li \u0259sas\u0131nda).<\/p>\n<h3>icraat<\/h3>\n<p>Y\u0131\u011f\u0131nca\u011fa B&amp;G Fondunun \u0259m\u0259kda\u015flar\u0131, Regional Canland\u0131rma Departamentinin F\u0259lak\u0259tl\u0259rin Qar\u015f\u0131s\u0131n\u0131n Al\u0131nmas\u0131n\u0131n T\u0259\u015fviqi \u015e\u00f6b\u0259sind\u0259n Mei Katase v\u0259 Regional Canland\u0131rma Departamentinin U\u015faqlara D\u0259st\u0259k \u015e\u00f6b\u0259sind\u0259n Mai Oqava s\u0259drlik etdi.<\/p>\n<figure class=\"wp-caption aligncenter\"><a href=\"https:\/\/photos.google.com\/share\/AF1QipNCIEEehDyv0BIPjWmkOCGOAkKvcgM0JKh0rTbCAV-hQquJrwvrv4rKafH7S5Inxg\/photo\/AF1QipNiavO09wYgkgBmwaO0SCLj9_HdqreYcCVRLpg?key=MU96cGl6c0dfMVpJc2djQ2I3RW5ESXBLY0ZVMmhR\" target=\"_blank\"><img decoding=\"async\" src=\"https:\/\/lh3.googleusercontent.com\/pw\/AP1GczMTeHa5FC0XMIpc-0ti80NI7-RJ5DjES3xDFTznrGC39c3mZFRH4U1nihXcnl3GdCmUc4NS8KNW5v47q38vEWbe_vOLW36jtcwKAZQLv_S1oqNOpoyqQHtOmbAcfvyO7KdGmvPwGH4aOJ6qy2tdVyuA=w2000-h1333-s-no-gm?authuser=0\" width=\"2000\" height=\"1333\" alt=\"Prosesl\u0259r: Xan\u0131m Mei Katase, F\u0259lak\u0259tl\u0259rin Qar\u015f\u0131s\u0131n\u0131n Al\u0131nmas\u0131n\u0131n T\u0259\u015fviqi \u015e\u00f6b\u0259si, Regional Canland\u0131rma Departamenti v\u0259 Xan\u0131m Mai Oqava, Regional Canland\u0131rma Departamentinin U\u015faqlara D\u0259st\u0259k \u015e\u00f6b\u0259si\" class=\"size-full\" \/><\/a><figcaption class=\"wp-caption-text\">Prosesl\u0259r: Xan\u0131m Mei Katase, F\u0259lak\u0259tl\u0259rin Qar\u015f\u0131s\u0131n\u0131n Al\u0131nmas\u0131n\u0131n T\u0259\u015fviqi \u015e\u00f6b\u0259si, Regional Canland\u0131rma Departamenti v\u0259 Xan\u0131m Mai Oqava, Regional Canland\u0131rma Departamentinin U\u015faqlara D\u0259st\u0259k \u015e\u00f6b\u0259si<\/figcaption><\/figure>\n<h2>1-ci hiss\u0259<\/h2>\n<figure class=\"wp-caption aligncenter\"><a href=\"https:\/\/photos.google.com\/share\/AF1QipNCIEEehDyv0BIPjWmkOCGOAkKvcgM0JKh0rTbCAV-hQquJrwvrv4rKafH7S5Inxg\/photo\/AF1QipM1i7oaAIrfqYqCcLWk_08dLL-uryCCMm4TR08?key=MU96cGl6c0dfMVpJc2djQ2I3RW5ESXBLY0ZVMmhR\" target=\"_blank\"><img decoding=\"async\" src=\"https:\/\/lh3.googleusercontent.com\/pw\/AP1GczNW3vJLgfYl0KVdL2F1Aear7JM3htCxEmZ90wfYyCYIn4ltyUdOO8FQbyFjFpcUoOA8u4yUr4v45bNzJPzrkuqH2qP4CB7ioOJw3S1Y89ZJt4qaUltzP8zomVokLqoaOYwN1uH2PPEYp4p1w2ZzuMkd=w2000-h1333-s-no-gm?authuser=0\" width=\"2000\" height=\"1333\" alt=\"1-ci hiss\u0259 ke\u00e7irildi\" class=\"size-full\" \/><\/a><figcaption class=\"wp-caption-text\">1-ci hiss\u0259 ke\u00e7irildi<\/figcaption><\/figure>\n<h3>T\u0259\u015fkilat\u00e7\u0131dan giri\u015f s\u00f6z\u00fc: B&amp;G Fondunun s\u0259dri Yasuyoshi Maeda (Takikava \u015f\u0259h\u0259rinin meri, Hokkaydo)<\/h3>\n<p>B&amp;G Fondunun s\u0259dri Yasuyo\u015fi Maeda i\u015ftirak ed\u0259n h\u0259r k\u0259s\u0259 minn\u0259tdarl\u0131\u011f\u0131n\u0131 bildirib v\u0259 dedi: \u201cBiz \u015fax\u0259l\u0259ndirici sosial probleml\u0259rin h\u0259lli yollar\u0131n\u0131 tapmaq \u00fc\u00e7\u00fcn yerli h\u00f6kum\u0259tl\u0259rl\u0259 birlikd\u0259 i\u015fl\u0259m\u0259k niyy\u0259tind\u0259yik v\u0259 regionun g\u0259l\u0259c\u0259k inki\u015faf\u0131 \u00fc\u00e7\u00fcn \u201cg\u0259ncl\u0259rin sa\u011flam yarad\u0131lmas\u0131 v\u0259 regionlar\u0131n yenid\u0259n qurulmas\u0131\u201d prinsipl\u0259ri \u0259sas\u0131nda \u0259vv\u0259lkind\u0259n daha geni\u015f layih\u0259l\u0259rin t\u0259\u015fviqi \u00fc\u00e7\u00fcn b\u00fct\u00fcn g\u00fcc\u00fcm\u00fczl\u0259 \u00e7al\u0131\u015fmaq niyy\u0259tind\u0259yik\u201d.<\/p>\n<figure class=\"wp-caption aligncenter\"><a href=\"https:\/\/photos.google.com\/share\/AF1QipNCIEEehDyv0BIPjWmkOCGOAkKvcgM0JKh0rTbCAV-hQquJrwvrv4rKafH7S5Inxg\/photo\/AF1QipPnHNsJGdtlHlvpSmAwQwHIwxHQkH9M-QV5cE8?key=MU96cGl6c0dfMVpJc2djQ2I3RW5ESXBLY0ZVMmhR\" target=\"_blank\"><img decoding=\"async\" src=\"https:\/\/lh3.googleusercontent.com\/pw\/AP1GczNidlSfl8EZYf4Py27kpxCfXBghvSpj1JG84xcAOUbIRE5S6gLqwuTr_2ZMGvLEXrF67HXPhUZD5E8hr6gXnT2G_qFJT8HYj5HFq3E-AWluqhHa_c_vjSLMNd9Dv0o718__8bVXq10V-dREidIXBtph=w2000-h1333-s-no-gm?authuser=0\" width=\"2000\" height=\"1333\" alt=\"C\u0259nab Yasuyoshi Maeda, B&amp;G Fondunun s\u0259dri\" class=\"size-full\" \/><\/a><figcaption class=\"wp-caption-text\">C\u0259nab Yasuyoshi Maeda, B&amp;G Fondunun s\u0259dri<\/figcaption><\/figure>\n<h3>Qonaq t\u0259qdimat\u0131<\/h3>\n<p>Nippon Fondunun s\u0259dri, Nippon Fondunun idar\u0259edici direktoru Yohei Sasakawa, Nippon Fondunun icra\u00e7\u0131 direktoru Junpei Sasakava, Nippon Fondunun icra\u00e7\u0131 direktoru Hideo Sato, B&amp;G Fondunun m\u00fc\u015faviri Yuki Ki\u015fi (aktrisa v\u0259 r\u0259ssam), Mari Company Inc. ba\u015f direktoru, Mari Tanigawa v\u0259 SansukeuG Fondunun direktoru, Sankei Shimbun-un redaktor yaz\u0131\u00e7\u0131s\u0131), Genichi Kobayashi, B&amp;G Fondunun Obyektl\u0259rin T\u0259kmill\u0259\u015fdirilm\u0259si Komit\u0259si (Kobayashi Memarl\u0131q \u0130nstitutunun n\u00fcmay\u0259nd\u0259si), B&amp;G Fondunun s\u0259dri, Kokichi Maeda (Takikava \u015f\u0259h\u0259rinin meri, Hokkaydo), B&amp;G Fondunun s\u0259dri, B&amp;G Fondunun s\u0259dri, B&amp;G Fondunun direktoru, Samoaki, B&amp;G Fondu Asahida, B&amp;G Fondunun idar\u0259edici direktoru, Masato \u0130wai, B&amp;G Fondunun icra\u00e7\u0131 direktoru<\/p>\n<figure class=\"wp-caption aligncenter\"><a href=\"https:\/\/photos.google.com\/share\/AF1QipNCIEEehDyv0BIPjWmkOCGOAkKvcgM0JKh0rTbCAV-hQquJrwvrv4rKafH7S5Inxg\/photo\/AF1QipNfkVTONyJdYfyenBQvczKREWMtOpqaQ5Nk8OM?key=MU96cGl6c0dfMVpJc2djQ2I3RW5ESXBLY0ZVMmhR\" target=\"_blank\"><img decoding=\"async\" src=\"https:\/\/lh3.googleusercontent.com\/pw\/AP1GczMAQ-burhxmdQOupvFsmxbG-vwEiDXB1pDXIRMErkqKAZSvVKu43QjiETjVyb_R18eezVsbKjLiELvvijbMyuu8fI8rIkl0O5KdDPJwTA0NhIZo0RxL21A4l_YY1DQnNZj39y4MedCsasBiX8EXgxVH=w2000-h1333-s-no-gm?authuser=0\" width=\"2000\" height=\"1333\" alt=\"Qonaq t\u0259qdimat\u0131\" class=\"size-full\" \/><\/a><figcaption class=\"wp-caption-text\">Qonaq t\u0259qdimat\u0131<\/figcaption><\/figure>\n<h3>Giri\u015f:<br \/>\nF\u0259lak\u0259tin qar\u015f\u0131s\u0131n\u0131n al\u0131nmas\u0131 bazalar\u0131n\u0131n yarad\u0131lmas\u0131 v\u0259 f\u0259lak\u0259t zaman\u0131 qar\u015f\u0131l\u0131ql\u0131 d\u0259st\u0259k sisteml\u0259rinin qurulmas\u0131 layih\u0259si<\/h3>\n<h4>1. B&amp;G Foundation Qar\u015f\u0131l\u0131ql\u0131 D\u0259st\u0259k haqq\u0131nda:<br \/>\nRandai Fujie, F\u0259lak\u0259tin Qar\u015f\u0131s\u0131n\u0131n Al\u0131nmas\u0131n\u0131n T\u0259\u015fviqi \u015e\u00f6b\u0259si, Regional Canland\u0131rma Departamenti, B&amp;G Fondu<\/h4>\n<figure class=\"wp-caption aligncenter\"><a href=\"https:\/\/photos.google.com\/share\/AF1QipNCIEEehDyv0BIPjWmkOCGOAkKvcgM0JKh0rTbCAV-hQquJrwvrv4rKafH7S5Inxg\/photo\/AF1QipP5HrX9LNmEuUpbTGc00V11SQEYFzx3WP6whco?key=MU96cGl6c0dfMVpJc2djQ2I3RW5ESXBLY0ZVMmhR\" target=\"_blank\"><img decoding=\"async\" src=\"https:\/\/lh3.googleusercontent.com\/pw\/AP1GczM_PZEmmqY8pkcqx0UmWF5VAH0oz306AH-vxHtkhU9LdV4543VlvbE8oFA1KdUzCOr0r8IL9PGUlCszYt1AkAjKKkcUPerCl57waWYreUw4qm6nbW9kM9lQCDtcnjGSyXXyMvZVXv6AJHOvQKwF6eXd=w2000-h1333-s-no-gm?authuser=0\" width=\"2000\" height=\"1333\" alt=\"Randai Fujie, F\u0259lak\u0259tin Qar\u015f\u0131s\u0131n\u0131n Al\u0131nmas\u0131n\u0131n T\u0259\u015fviqi \u015e\u00f6b\u0259si, Regional Canland\u0131rma Departamenti\" class=\"size-full\" \/><\/a><figcaption class=\"wp-caption-text\">Randai Fujie, F\u0259lak\u0259tin Qar\u015f\u0131s\u0131n\u0131n Al\u0131nmas\u0131n\u0131n T\u0259\u015fviqi \u015e\u00f6b\u0259si, Regional Canland\u0131rma Departamenti<\/figcaption><\/figure>\n<ul>\n<li>2024-c\u00fc il\u0259 q\u0259d\u0259r \u00f6lk\u0259 \u00fczr\u0259 69 yer\u0259 q\u0259d\u0259r geni\u015fl\u0259ndirin<\/li>\n<li>F\u0259lak\u0259tin qar\u015f\u0131s\u0131n\u0131n al\u0131nmas\u0131na d\u0259st\u0259k icmal\u0131, f\u0259lak\u0259tin qar\u015f\u0131s\u0131n\u0131n al\u0131nmas\u0131 bazalar\u0131na m\u0259xsus avadanl\u0131qlar (hidravlik ekskavatorlar, s\u00fcr\u00fc\u015fm\u0259 zibilxanalar\u0131, xilasedici qay\u0131qlar v\u0259 s.)<\/li>\n<li>Noto yar\u0131madas\u0131ndak\u0131 z\u0259lz\u0259l\u0259 v\u0259 g\u00fccl\u00fc ya\u011f\u0131\u015f f\u0259lak\u0259tl\u0259ri zaman\u0131 istifad\u0259 n\u00fcmun\u0259l\u0259ri t\u0259qdim olunur<\/li>\n<\/ul>\n<figure class=\"wp-caption aligncenter\"><a href=\"https:\/\/photos.google.com\/share\/AF1QipNCIEEehDyv0BIPjWmkOCGOAkKvcgM0JKh0rTbCAV-hQquJrwvrv4rKafH7S5Inxg\/photo\/AF1QipO8iF02VBICtebhP58bfROmdk7KLmKyyH-EKUQ?key=MU96cGl6c0dfMVpJc2djQ2I3RW5ESXBLY0ZVMmhR\" target=\"_blank\"><img decoding=\"async\" src=\"https:\/\/lh3.googleusercontent.com\/pw\/AP1GczM8YEkyooh9WBx0G7SciJXSSE72J__PXtRxwZzly81HEVPjxjWKAtr07vnryguxpq_l4hIb8uQpMqP5bA-Ku9h2L72kR5S-G9yi3g0zOM80dxaQOStlTxT5dDp-mkipOvIKtHseBEtsiCNmLrU4YvWi=w2000-h1333-s-no-gm?authuser=0\" width=\"2000\" height=\"1333\" alt=\"F\u0259lak\u0259tl\u0259rin qar\u015f\u0131s\u0131n\u0131n al\u0131nmas\u0131 m\u0259rk\u0259zl\u0259ri vasit\u0259sil\u0259 f\u0259lak\u0259tl\u0259r zaman\u0131 qar\u015f\u0131l\u0131ql\u0131 d\u0259st\u0259k haqq\u0131nda m\u0259lumat\" class=\"size-full\" \/><\/a><figcaption class=\"wp-caption-text\">F\u0259lak\u0259tl\u0259rin qar\u015f\u0131s\u0131n\u0131n al\u0131nmas\u0131 m\u0259rk\u0259zl\u0259ri vasit\u0259sil\u0259 f\u0259lak\u0259tl\u0259r zaman\u0131 qar\u015f\u0131l\u0131ql\u0131 d\u0259st\u0259k haqq\u0131nda m\u0259lumat<\/figcaption><\/figure>\n<h4>2. Aomori prefekturas\u0131n\u0131n Hirakava q\u0259s\u0259b\u0259sind\u0259 d\u0259y\u0259n ziyan:<br \/>\nC\u0259nab Takamasa Susuda, Hirakava \u015f\u0259h\u0259ri, Aomori prefekturas\u0131n\u0131n t\u0259hsil \u00fczr\u0259 r\u0259hb\u0259ri<\/h4>\n<figure class=\"wp-caption aligncenter\"><a href=\"https:\/\/photos.google.com\/share\/AF1QipNCIEEehDyv0BIPjWmkOCGOAkKvcgM0JKh0rTbCAV-hQquJrwvrv4rKafH7S5Inxg\/photo\/AF1QipMMoeUkxq7ZWIiHp8WrXe5lx2TTpI5GrUA11sA?key=MU96cGl6c0dfMVpJc2djQ2I3RW5ESXBLY0ZVMmhR\" target=\"_blank\"><img decoding=\"async\" src=\"https:\/\/lh3.googleusercontent.com\/pw\/AP1GczPsaw-cuWeDw6IN3kbrXxX63_AdicP2AYLF5IvdBS3fbFW9V2qO7IQYrZx46bvFvgdVt92U1Fbb_G4CvMfHnOiuN5lJne7Nudoyz2VC-Z9RJnIpXnT-LKehqM959d6H-Zg-YMQ8rPEJT3g34SDbZkkE=w2000-h1333-s-no-gm?authuser=0\" width=\"2000\" height=\"1333\" alt=\"C\u0259nab Takanori Susuda, Hirakava \u015e\u0259h\u0259ri, Aomori Prefekturas\u0131n\u0131n T\u0259hsil \u00fczr\u0259 N\u0259zar\u0259ti\" class=\"size-full\" \/><\/a><figcaption class=\"wp-caption-text\">C\u0259nab Takanori Susuda, Hirakava \u015e\u0259h\u0259ri, Aomori Prefekturas\u0131n\u0131n T\u0259hsil \u00fczr\u0259 N\u0259zar\u0259ti<\/figcaption><\/figure>\n<p>Rekord qar ya\u011f\u0131\u015f\u0131 Aomori prefekturas\u0131n\u0131n Tsuqaru b\u00f6lg\u0259sind\u0259 g\u00fccl\u00fc qar f\u0259lak\u0259tin\u0259 s\u0259b\u0259b olub. B&amp;G Fondu vasit\u0259sil\u0259 &quot;F\u0259lak\u0259tin Qar\u015f\u0131s\u0131n\u0131n Al\u0131nmas\u0131 Bazas\u0131n\u0131n yarad\u0131lmas\u0131 v\u0259 Qar\u015f\u0131l\u0131ql\u0131 D\u0259st\u0259k Sisteminin yarad\u0131lmas\u0131&quot; layih\u0259si \u00e7\u0259r\u00e7iv\u0259sind\u0259 B&amp;G Fondu vasit\u0259sil\u0259 a\u011f\u0131r texnika yerl\u0259\u015fdirilib, h\u0259m Oqa \u015f\u0259h\u0259rind\u0259n, h\u0259m Akita prefekturas\u0131ndan, h\u0259m d\u0259 \u0130vate prefekturas\u0131n\u0131n Kuji \u015f\u0259h\u0259rind\u0259n a\u011f\u0131r texnika v\u0259 operatorlar g\u00f6nd\u0259rilib.<\/p>\n<figure class=\"wp-caption aligncenter\"><a href=\"https:\/\/photos.google.com\/share\/AF1QipNCIEEehDyv0BIPjWmkOCGOAkKvcgM0JKh0rTbCAV-hQquJrwvrv4rKafH7S5Inxg\/photo\/AF1QipPw7HZBlMxCUTptI6hFomty1cdUzVIp1sxr8Wg?key=MU96cGl6c0dfMVpJc2djQ2I3RW5ESXBLY0ZVMmhR\" target=\"_blank\"><img decoding=\"async\" src=\"https:\/\/lh3.googleusercontent.com\/pw\/AP1GczNpMx2vwaCgzcKPAed9DUKUhbk30pOwdvldhasX1MZmo4F7pU28dndR54Z1TezEpTb4NoDdHHuhNw_UKRlGQPJfTM3tBGcpLRlxbAadXhzIlnZwE8n_1JP6v-kbEfKXpqd4jC7N7NHKf-ts7o8SkDyE=w2000-h1333-s-no-gm?authuser=0\" width=\"2000\" height=\"1333\" alt=\"Oga City-d\u0259 d\u0259st\u0259k v\u0259ziyy\u0259ti\" class=\"size-full\" \/><\/a><figcaption class=\"wp-caption-text\">Oga City-d\u0259 d\u0259st\u0259k v\u0259ziyy\u0259ti<\/figcaption><\/figure>\n<h2>X\u00fcsusi \u018fsas \u00e7\u0131x\u0131\u015f &quot;Yaponiyan\u0131n g\u0259l\u0259c\u0259yi t\u0259hl\u00fck\u0259d\u0259dirmi?&quot;<br \/>\nNippon Fondunun s\u0259dri Yohei Sasakava<\/h2>\n<h3>S\u0259dr Yohei Sasakavan\u0131n profili<\/h3>\n<ul>\n<li>8 yanvar 1939-cu ild\u0259 anadan olub (Showa 14), 86 ya\u015f\u0131nda<\/li>\n<li>Nippon Fondunun s\u0259dri: 2005 (iyul 2005-d\u0259n indiy\u0259d\u0259k)<\/li>\n<li>Sasakava S\u00fclh Fondunun f\u0259xri s\u0259dri: \u0130yul 2016 -<\/li>\n<li>\u00dcST (\u00dcmumd\u00fcnya S\u0259hiyy\u0259 T\u0259\u015fkilat\u0131) C\u00fczam\u0131n aradan qald\u0131r\u0131lmas\u0131 \u00fczr\u0259 s\u0259fir: May 2001 -<\/li>\n<li>Yaponiya H\u00f6kum\u0259ti C\u00fczam \u0130nsan Haqlar\u0131 Maarifl\u0259ndirm\u0259 S\u0259firi: Sentyabr 2007 -<\/li>\n<li>Yaponiya H\u00f6kum\u0259tinin Myanmada Milli Bar\u0131\u015f\u0131q \u00fczr\u0259 X\u00fcsusi El\u00e7isi: Fevral 2013 -<\/li>\n<li>Bahar 2024 Dekorasiyalar\u0131: Do\u011fan G\u00fcn\u0259\u015f Ordeninin B\u00f6y\u00fck Kordonu v\u0259 M\u0259d\u0259ni F\u0259xri F\u0259xri: 29 aprel 2019-cu ild\u0259 burax\u0131ld\u0131<\/li>\n<\/ul>\n<p>S\u0259dr Sasakava Yohei rifah, t\u0259hsil v\u0259 beyn\u0259lxalq \u0259m\u0259kda\u015fl\u0131q sah\u0259l\u0259rind\u0259 layih\u0259l\u0259ri d\u0259st\u0259kl\u0259y\u0259n ictimai maraqlara \u0259saslanan bir fond olan Nippon Fondunun s\u0259dri, h\u0259m\u00e7inin \u00dcST (\u00dcmumd\u00fcnya S\u0259hiyy\u0259 T\u0259\u015fkilat\u0131) xo\u015fm\u0259raml\u0131 Ambali Embali kimi xidm\u0259t d\u0259 daxil olmaqla geni\u015f sah\u0259l\u0259rd\u0259 uzun ill\u0259r g\u0259rgin \u0259m\u0259yi v\u0259 f\u0259aliyy\u0259tin\u0259 g\u00f6r\u0259 y\u00fcks\u0259k qiym\u0259tl\u0259ndirilir.<\/p>\n<figure class=\"wp-caption aligncenter\"><a href=\"https:\/\/photos.google.com\/share\/AF1QipNCIEEehDyv0BIPjWmkOCGOAkKvcgM0JKh0rTbCAV-hQquJrwvrv4rKafH7S5Inxg\/photo\/AF1QipMQBuhJY1A-96FEuM8fY2rKsiXOYYRWXbKuzN0?key=MU96cGl6c0dfMVpJc2djQ2I3RW5ESXBLY0ZVMmhR\" target=\"_blank\"><img decoding=\"async\" src=\"https:\/\/lh3.googleusercontent.com\/pw\/AP1GczN2neDa4eb1ieuk7ZWyJ1mufUJRvXtJ03xsKGAoK6uS452QjvzCMR1HYvguWE2bAeRNWXX2WvlMu7-5OX-WeVAWRNEhd3blhmd2i6xHeOuB8ijKzYyWZsPqwsnB0zv5WXBevH-INT39lV0YTLj0lL2U=w2000-h1333-s-no-gm?authuser=0\" width=\"2000\" height=\"1333\" alt=\"Nippon Fondunun s\u0259dri Yohei Sasakava\" class=\"size-full\" \/><\/a><figcaption class=\"wp-caption-text\">Nippon Fondunun s\u0259dri Yohei Sasakava<\/figcaption><\/figure>\n<p>T\u0259dbirin ke\u00e7irildiyi g\u00fcn b\u00fct\u00fcn i\u015ftirak\u00e7\u0131lara S\u0259dr Sasakava Yoheinin \u201cSevimli V\u0259t\u0259nimiz\u0259 II\u201d (Sankei Shimbun n\u0259\u015frl\u0259ri) kitab\u0131n\u0131n imzal\u0131 n\u00fcsx\u0259si verildi.<\/p>\n<figure class=\"wp-caption aligncenter\"><a href=\"https:\/\/photos.google.com\/share\/AF1QipNCIEEehDyv0BIPjWmkOCGOAkKvcgM0JKh0rTbCAV-hQquJrwvrv4rKafH7S5Inxg\/photo\/AF1QipM1y_UCnh52TSP6EQVmluA-jJeEf5POe_5de_w?key=MU96cGl6c0dfMVpJc2djQ2I3RW5ESXBLY0ZVMmhR\" target=\"_blank\"><img decoding=\"async\" src=\"https:\/\/lh3.googleusercontent.com\/pw\/AP1GczMUIg7vFaROCPlUR_MNz3MsEU6Itbvw8rKtFk-QhfX8qhoHeR-1G2JFXYkoIEUvD_Hrj5cb2ljkJy4syvfajD63Bt5Fd757aM4jkMznrSF-z2Rk2bfkg20i-jxvEl1UOxTrht_qzEDAy3uoKQsBIlK-=w2000-h1333-s-no-gm?authuser=0\" width=\"2000\" height=\"1333\" alt=\"S\u0259dr Yohei Sasakavan\u0131n imzas\u0131 il\u0259 &quot;Sevimli V\u0259t\u0259nim\u0259 II&quot;\" class=\"size-full\" \/><\/a><figcaption class=\"wp-caption-text\">S\u0259dr Yohei Sasakavan\u0131n imzas\u0131 il\u0259 &quot;Sevimli V\u0259t\u0259nim\u0259 II&quot;<\/figcaption><\/figure>\n<h3>X\u00fcsusi \u0259sas \u00e7\u0131x\u0131\u015f\/x\u00fclas\u0259<\/h3>\n<h4>1. Yumoristik \u00f6z\u00fcn\u00fc t\u0259qdimat v\u0259 m\u00fchazir\u0259 haqq\u0131nda d\u00fc\u015f\u00fcnc\u0259l\u0259r<\/h4>\n<p>M\u00fchazir\u0259 s\u0259dr Sasakavan\u0131n yumoristik \u00f6z\u00fcn\u00fc t\u0259qdimat\u0131 il\u0259 ba\u015flad\u0131. O, \u00f6z evliliyind\u0259n bir epizod payla\u015faraq insanlar\u0131 inand\u0131rmaqda yax\u015f\u0131 olmad\u0131\u011f\u0131n\u0131 a\u00e7\u0131qlay\u0131b. Bununla bel\u0259, o, uzun ill\u0259r B&amp;G Fondunun f\u0259aliyy\u0259tini d\u0259st\u0259kl\u0259y\u0259n S\u0259dr Maeda v\u0259 Prezident Sugahara da minn\u0259tdarl\u0131\u011f\u0131n\u0131 bildirib v\u0259 bu m\u00fchazir\u0259nin niy\u0259 q\u0259bul edildiyini izah edib.<\/p>\n<h4>2. B&amp;G Fondunun yarad\u0131lmas\u0131 v\u0259 vaxt\u0131ndan \u0259vv\u0259l bir bax\u0131\u015f<\/h4>\n<p>M\u00fchazir\u0259 B&amp;G Fondunun 52-ci ild\u00f6n\u00fcm\u00fc m\u00fcnasib\u0259til\u0259 t\u0259brik nitqi il\u0259 ciddi \u015f\u0259kild\u0259 ba\u015flad\u0131. B&amp;G Fondunun ba\u015flan\u011f\u0131c n\u00f6qt\u0259sinin fondun ilk yarand\u0131\u011f\u0131 zaman Ryoichi Sasakavan\u0131n Almaniyada ald\u0131\u011f\u0131 m\u0259sl\u0259h\u0259t oldu\u011fu, &quot;yerli ictimaiyy\u0259ti vur\u011fulayan idman qur\u011fular\u0131n\u0131n \u0259h\u0259miyy\u0259tinin&quot; B&amp;G Fondunun ba\u015flan\u011f\u0131c n\u00f6qt\u0259si oldu\u011fu izah edildi. O d\u00f6vrd\u0259 yerli h\u00f6kum\u0259tl\u0259r b\u00fcdc\u0259l\u0259ri t\u0259min etm\u0259kd\u0259 \u00e7\u0259tinlik \u00e7\u0259kirdil\u0259r, lakin o, g\u0259l\u0259c\u0259y\u0259 baxan obyektl\u0259r\u0259 ehtiyac oldu\u011funu s\u00f6yl\u0259di v\u0259 bu, bu g\u00fcn fondun inki\u015faf\u0131na nec\u0259 g\u0259tirib \u00e7\u0131xard\u0131\u011f\u0131na dair t\u0259sirli bir hekay\u0259 idi.<\/p>\n<h4>3. D\u0259yi\u015f\u0259n zaman v\u0259 beyn\u0259lxalq v\u0259ziyy\u0259t<\/h4>\n<p>D\u00f6vr &quot;Meiji uzaq bir xatir\u0259dir&quot;d\u0259n &quot;Showa uzaq bir yadda\u015fd\u0131r&quot;a d\u0259yi\u015fdi. \u015eou d\u00f6vr\u00fcn\u00fcn 100-c\u00fc ild\u00f6n\u00fcm\u00fcn\u0259 yax\u0131nla\u015fd\u0131qca, d\u00fcnyada v\u0259ziyy\u0259t d\u0259 k\u0259skin \u015f\u0259kild\u0259 d\u0259yi\u015fir. O, prezident Tramp\u0131n ortaya \u00e7\u0131xmas\u0131, qlobal istil\u0259\u015fm\u0259 n\u0259tic\u0259sind\u0259 iqlim d\u0259yi\u015fikliyi v\u0259 Yaponiyan\u0131 \u0259hat\u0259 ed\u0259n beyn\u0259lxalq v\u0259ziyy\u0259tl\u0259 ba\u011fl\u0131 konkret misallar g\u0259tir\u0259rk\u0259n b\u00f6hran hissini ifad\u0259 edib. X\u00fcsusil\u0259, o, d\u0259niz m\u00fchitind\u0259ki d\u0259yi\u015fiklikl\u0259rin Yaponiyan\u0131n yem\u0259k m\u0259d\u0259niyy\u0259tin\u0259 t\u0259siri il\u0259 ba\u011fl\u0131 \u00e7ox vacib bir m\u0259qama toxundu.<\/p>\n<figure class=\"wp-caption aligncenter\"><a href=\"https:\/\/photos.google.com\/share\/AF1QipNCIEEehDyv0BIPjWmkOCGOAkKvcgM0JKh0rTbCAV-hQquJrwvrv4rKafH7S5Inxg\/photo\/AF1QipN7LdVvanPOFjRyd6JRGEqf9SVNypg6-tGZpzE?key=MU96cGl6c0dfMVpJc2djQ2I3RW5ESXBLY0ZVMmhR\" target=\"_blank\"><img decoding=\"async\" src=\"https:\/\/lh3.googleusercontent.com\/pw\/AP1GczPAoOgDPCr_hPgBOJrIT4yspG7gJQYrCkuk2Akjjr0T7njiCa4xXl0hA6Ufq0FVKlkJ7eYz2ZXpxJBlb8MprZk28sxc-qIHBmva301zNZ7D4Y2eeR333gX3wOlUgxfEnsLb32mQGygnH5vsP3pBXsru=w2000-h1333-s-no-gm?authuser=0\" width=\"2000\" height=\"1333\" alt=\"Showa d\u00f6vr\u00fcn\u00fcn 100-c\u00fc ili v\u0259 d\u0259yi\u015f\u0259n d\u00fcnya v\u0259ziyy\u0259ti\" class=\"size-full\" \/><\/a><figcaption class=\"wp-caption-text\">Showa d\u00f6vr\u00fcn\u00fcn 100-c\u00fc ili v\u0259 d\u0259yi\u015f\u0259n d\u00fcnya v\u0259ziyy\u0259ti<\/figcaption><\/figure>\n<h4>4. Yaponiyan\u0131n s\u00fclh\u00fc v\u0259 m\u00fcst\u0259qilliyi v\u0259 \u201cictimai r\u0259yd\u0259n\u201d \u201cictimai r\u0259y\u0259\u201d ke\u00e7id <\/h4>\n<p>Yaponiya niy\u0259 s\u00fclhd\u0259dir? Yaponiya Konstitusiyas\u0131n\u0131n preambulas\u0131na toxunan s\u0259dr Sasakava dig\u0259r \u00f6lk\u0259l\u0259rin xo\u015f niyy\u0259tin\u0259 \u0259saslanan milli t\u0259hl\u00fck\u0259sizliyin t\u0259hl\u00fck\u0259l\u0259rini qeyd etdi. Daha sonra o, Yaponiyan\u0131n haz\u0131rk\u0131 v\u0259ziyy\u0259ti il\u0259 ba\u011fl\u0131 x\u0259b\u0259rdarl\u0131q ed\u0259r\u0259k, m\u00fcst\u0259qil konstitusiya, milli ordu, casuslu\u011fa qar\u015f\u0131 qanun, kiber t\u0259dbirl\u0259r v\u0259 silah istehsal\u0131 imkanlar\u0131 kimi h\u0259qiqi m\u00fcst\u0259qil bir xalq \u00fc\u00e7\u00fcn z\u0259ruri olan elementl\u0259ri sadalad\u0131.<\/p>\n<p>Burada ortaya \u00e7\u0131xan a\u00e7ar s\u00f6z \u201cictimai r\u0259y\u201d s\u00f6z\u00fc idi. M\u00fcharib\u0259d\u0259n sonrak\u0131 Yaponiyada kanci simvolu &quot;yoron&quot; istifad\u0259d\u0259n \u00e7\u0131xd\u0131, buna g\u00f6r\u0259 d\u0259 &quot;seron&quot; s\u00f6z\u00fc daha \u00e7ox yay\u0131ld\u0131. Bununla bel\u0259, s\u0259dr Sasakava izah etdi ki, &quot;ictimai r\u0259y&quot; xalq\u0131n hissiyyat\u0131d\u0131r, &quot;ictimai r\u0259y&quot; is\u0259 g\u0259l\u0259c\u0259y\u0259 baxan liderl\u0259rin fikridir. O vur\u011fulay\u0131b ki, m\u00f6vcud v\u0259ziyy\u0259td\u0259n \u00e7\u0131xmaq \u00fc\u00e7\u00fcn xalq\u0131n \u0259hval-ruhiyy\u0259si deyil, r\u0259hb\u0259rlikl\u0259 \u201cictimai r\u0259y\u201d laz\u0131md\u0131r.<\/p>\n<figure class=\"wp-caption aligncenter\"><a href=\"https:\/\/photos.google.com\/share\/AF1QipNCIEEehDyv0BIPjWmkOCGOAkKvcgM0JKh0rTbCAV-hQquJrwvrv4rKafH7S5Inxg\/photo\/AF1QipObMKjc6_w4d2fT2eqI8kW_1aK2R71zHeQOn3o?key=MU96cGl6c0dfMVpJc2djQ2I3RW5ESXBLY0ZVMmhR\" target=\"_blank\"><img decoding=\"async\" src=\"https:\/\/lh3.googleusercontent.com\/pw\/AP1GczN1ceuKGBS0AnfxgD_NfMIBxaN2VncLRFIhb7qLnVVfyjTW6jj1HWg5C_BwF2uC4Y1Hgq0pUq6EqtCLjRyOk6OPaU6vqRDyJEEJB5TnAVfQAblTJ7fglJX2ZIlBy6JDwfxgbCrW2I5DBeAByAM2cmoF=w2000-h1333-s-no-gm?authuser=0\" width=\"2000\" height=\"1333\" alt=\"\u201c\u0130ctimai r\u0259y\u201dd\u0259n \u201cictimai r\u0259y\u0259\u201d \" class=\"size-full\" \/><\/a><figcaption class=\"wp-caption-text\">\u201c\u0130ctimai r\u0259y\u201dd\u0259n \u201cictimai r\u0259y\u0259\u201d<\/figcaption><\/figure>\n<h4>5. R\u0259hb\u0259rliyin v\u0259 ictimai r\u0259yin g\u0259l\u0259c\u0259yi a\u00e7maq g\u00fcc\u00fc<\/h4>\n<p> N\u0259hay\u0259t, S\u0259dr Sasakava Uesugi Yozan, Saito Takao v\u0259 Kobayashi Torasaburo kimi tarixi \u015f\u0259xsiyy\u0259tl\u0259ri misal \u00e7\u0259k\u0259r\u0259k \u00f6lk\u0259si \u00fc\u00e7\u00fcn g\u00fccl\u00fc \u0259zmkarl\u0131\u011f\u0131n v\u0259 f\u0259aliyy\u0259tin g\u0259l\u0259c\u0259y\u0259 yol a\u00e7aca\u011f\u0131n\u0131 n\u00fcmayi\u015f etdirdi. O, \u201cictimai r\u0259yin\u201d formala\u015fd\u0131r\u0131lmas\u0131n\u0131n v\u0259 status-kvo il\u0259 kifay\u0259tl\u0259nm\u0259d\u0259n, b\u0259z\u0259n b\u0259y\u0259nilm\u0259m\u0259kd\u0259n qorxmadan h\u0259r\u0259k\u0259t etm\u0259yin vacibliyini vur\u011fulay\u0131b. N\u0259hay\u0259t, o, B&amp;G Fondunun davaml\u0131l\u0131\u011f\u0131na h\u00f6rm\u0259tini ifad\u0259 etdi v\u0259 Nippon Fondunun k\u00f6m\u0259k etm\u0259k \u00fc\u00e7\u00fcn ed\u0259 bil\u0259c\u0259yi bir \u015fey olarsa, onu f\u0259al \u015f\u0259kild\u0259 d\u0259st\u0259kl\u0259m\u0259k ist\u0259diyini s\u00f6yl\u0259di.<\/p>\n<figure class=\"wp-caption aligncenter\"><a href=\"https:\/\/photos.google.com\/share\/AF1QipNCIEEehDyv0BIPjWmkOCGOAkKvcgM0JKh0rTbCAV-hQquJrwvrv4rKafH7S5Inxg\/photo\/AF1QipOwgBhn32QyYmc9KSLsHIMTpl8kHTbdxp6gkdU?key=MU96cGl6c0dfMVpJc2djQ2I3RW5ESXBLY0ZVMmhR\" target=\"_blank\"><img decoding=\"async\" src=\"https:\/\/lh3.googleusercontent.com\/pw\/AP1GczNzKygLd8yA0ROzdXVHL7-x_yLv7oFL7jAzCXzJZhWtLJdTvxSMAcnlRhC0-CpmtkhItjVfD7B17gTRHWaLM43up8jv9Kj2NPWcoyl-JkE4gxiMCz623VSTg06Q5vBVrxJqAyhGLFqqbmguAWOQ4gdH=w2000-h1333-s-no-gm?authuser=0\" width=\"2000\" height=\"1333\" alt=\"Liderlik v\u0259 g\u0259l\u0259c\u0259yi a\u00e7maq \u00fc\u00e7\u00fcn ictimai r\u0259yin g\u00fcc\u00fc\" class=\"size-full\" \/><\/a><figcaption class=\"wp-caption-text\">Liderlik v\u0259 g\u0259l\u0259c\u0259yi a\u00e7maq \u00fc\u00e7\u00fcn ictimai r\u0259yin g\u00fcc\u00fc<\/figcaption><\/figure>\n<p>Bu m\u00fchazir\u0259 vasit\u0259sil\u0259 biz\u0259 status-kvo il\u0259 kifay\u0259tl\u0259nm\u0259yin, g\u0259l\u0259c\u0259y\u0259 g\u00f6zl\u0259 baxma\u011f\u0131n vacibliyi xat\u0131rlad\u0131ld\u0131. S\u0259dr Sasakavan\u0131n ehtirasl\u0131 mesaj\u0131 bizim q\u0259lbimizd\u0259 d\u0259rin rezonans do\u011furdu v\u0259 sabahdan etibar\u0259n h\u0259r\u0259k\u0259t t\u0259rzimizi \u00e7ox d\u0259yi\u015f\u0259c\u0259k b\u00f6y\u00fck g\u00fcc m\u0259nb\u0259yin\u0259 \u00e7evril\u0259c\u0259k.<\/p>\n<figure class=\"wp-caption aligncenter\"><a href=\"https:\/\/photos.google.com\/share\/AF1QipNCIEEehDyv0BIPjWmkOCGOAkKvcgM0JKh0rTbCAV-hQquJrwvrv4rKafH7S5Inxg\/photo\/AF1QipNRFK5Tq2iXu7ME136rmrf4TXWXhi_Uipsbk3Q?key=MU96cGl6c0dfMVpJc2djQ2I3RW5ESXBLY0ZVMmhR\" target=\"_blank\"><img decoding=\"async\" src=\"https:\/\/lh3.googleusercontent.com\/pw\/AP1GczMnKXvFpAPJnw5YNhecVE_Ild53XTFKhz2oQMm7gPIEeoQEAiIL9FaMtb2L-RaRSuKvLdVDdPiCQcx8YbXVCe1xsqVzgEFT1zC7vaUve8GLjJHx_bR8MH_cwY8xfH7_QRqz2G_jWVmYEmdQVsyaHNOU=w2000-h1333-s-no-gm?authuser=0\" width=\"2000\" height=\"1333\" alt=\"Minn\u0259tdarl\u0131qla, S\u0259dr Sasakava Yohei biz\u0259 \u00f6z avtoqraf\u0131n\u0131 v\u0259 kitab\u0131n\u0131 t\u0259qdim ed\u0259c\u0259kdir!\" class=\"size-full\" \/><\/a><figcaption class=\"wp-caption-text\">Minn\u0259tdarl\u0131qla, S\u0259dr Sasakava Yohei biz\u0259 \u00f6z avtoqraf\u0131n\u0131 v\u0259 kitab\u0131n\u0131 t\u0259qdim ed\u0259c\u0259kdir!<\/figcaption><\/figure>\n<h4>\u00c7\u0131x\u0131\u015f\u0131n tam m\u0259tni: &quot;Sasakawa Yohei Blog&quot;<\/h4>\n\n        <div class=\"site-blogcard-premium\">\n            <div class=\"bc-label-custom\">\u018flaq\u0259dar m\u0259qal\u0259l\u0259r<\/div>\n            <div class=\"bc-flex-container\">\n                <div class=\"bc-main-text\">\n                    <div class=\"bc-title-link-box\">\n                        <a href=\"https:\/\/blog.canpan.info\/sasakawa\/archive\/9450\" target=\"_blank\">&quot;B&amp;G Fondunun 17-ci Milli Zirv\u0259 M\u00fchazir\u0259si&quot; - 800 i\u015ftirak\u00e7\u0131 - Yohei Sasakawa Bloqu (Nippon Fondunun F\u0259xri S\u0259dri)<\/a>\n                    <\/div>\n                    <div class=\"bc-excerpt-box\"><\/div>\n                <\/div>\n                <div class=\"bc-thumbnail-box\">\n                    <a href=\"https:\/\/blog.canpan.info\/sasakawa\/archive\/9450\" target=\"_blank\">\n                        <div class=\"bc-img-zoom-wrap\">\n                            <img decoding=\"async\" src=\"https:\/\/blog.canpan.info\/sasakawa\/img\/Image_20250123_155139_897-thumbnail2.jpeg\" alt=\"&quot;B&amp;G Fondunun 17-ci Milli Zirv\u0259 M\u00fchazir\u0259si&quot; - 800 i\u015ftirak\u00e7\u0131 - Yohei Sasakawa Bloqu (Nippon Fondunun F\u0259xri S\u0259dri)\">\n                        <\/div>\n                    <\/a>\n                <\/div>\n            <\/div>\n        <\/div>\n<h3>fasil\u0259<\/h3>\n<h2>2-ci hiss\u0259<\/h2>\n<ul>\n<li><strong>s\u0259dr:<\/strong>Fukui prefekturas\u0131n\u0131n Ono \u015f\u0259h\u0259rinin meri \u015eiho \u0130\u015fiyama<\/li>\n<li><strong>s\u0259dr m\u00fcavini:<\/strong>Kumamoto prefekturas\u0131n\u0131n Nankan \u015f\u0259h\u0259rinin meri Yasuhiko Sato<\/li>\n<li><strong>s\u0259dr m\u00fcavini:<\/strong>Naqano prefekturas\u0131n\u0131n Hakuba k\u0259ndinin meri Toshiro Maruyama<\/li>\n<\/ul>\n<figure class=\"wp-caption aligncenter\"><a href=\"https:\/\/photos.google.com\/share\/AF1QipNCIEEehDyv0BIPjWmkOCGOAkKvcgM0JKh0rTbCAV-hQquJrwvrv4rKafH7S5Inxg\/photo\/AF1QipP8AKesDZqLmYLiGxXeA8NxOVslsbvdy1Sd4O4?key=MU96cGl6c0dfMVpJc2djQ2I3RW5ESXBLY0ZVMmhR\" target=\"_blank\"><img decoding=\"async\" src=\"https:\/\/lh3.googleusercontent.com\/pw\/AP1GczNWf7fJgwwDn_3bZDK04U0MF9xTofs-vs_Y_1SW_7lun7vKcW9LQhqZYl_VFwasT0Pz6V-4mdAfZm9bxp9PHFKC0y-lcWDT2EaEkCJyElPKLrJvAf7VZrYY_FSH9vzr7VrfJrcP8BEGcakHY9Daubox=w2000-h1333-s-no-gm?authuser=0\" width=\"2000\" height=\"1333\" alt=\"S\u0259dr: B\u0259l\u0259diyy\u0259 Ba\u015f\u00e7\u0131s\u0131 \u0130\u015fiyama \u015eiho, s\u0259dr m\u00fcavini: \u015e\u0259h\u0259r meri Sato Yasuhiko, s\u0259dr m\u00fcavini: K\u0259nd meri Maruyama Toshiro\" class=\"size-full\" \/><\/a><figcaption class=\"wp-caption-text\">S\u0259dr: B\u0259l\u0259diyy\u0259 Ba\u015f\u00e7\u0131s\u0131 \u0130\u015fiyama \u015eiho, s\u0259dr m\u00fcavini: \u015e\u0259h\u0259r meri Sato Yasuhiko, s\u0259dr m\u00fcavini: K\u0259nd meri Maruyama Toshiro<\/figcaption><\/figure>\n<figure class=\"wp-caption aligncenter\"><a href=\"https:\/\/photos.google.com\/share\/AF1QipNCIEEehDyv0BIPjWmkOCGOAkKvcgM0JKh0rTbCAV-hQquJrwvrv4rKafH7S5Inxg\/photo\/AF1QipNVz7B-w81m6EMpfgUHyeVhUz0P6iZbwqnv1OA?key=MU96cGl6c0dfMVpJc2djQ2I3RW5ESXBLY0ZVMmhR\" target=\"_blank\"><img decoding=\"async\" src=\"https:\/\/lh3.googleusercontent.com\/pw\/AP1GczOkqEJcQE8Cnodi3v1gtC4WFyAEC1iPyDkyXSWwTIDkclDdndW72csON1Oo18U8CZAw-ihuQUSle-Lp_jCWet7v3R3n14BnT_s9dPjzXSfa78LmhkmWlnzwVLGXM23ytPIzCQAIqoI_EdlUwIPyJOVs=w2000-h1333-s-no-gm?authuser=0\" width=\"2000\" height=\"1333\" alt=\"Mikro v\u0259 Makronun t\u0259rifi\" class=\"size-full\" \/><\/a><figcaption class=\"wp-caption-text\">Mikro v\u0259 Makronun t\u0259rifi<\/figcaption><\/figure>\n<h3>Case Study 1: Mikro Perspektiv<br \/>\n\u018flilliyi olan insanlar\u0131n n\u00f6qteyi-n\u0259z\u0259rind\u0259n ictimai obyektl\u0259rin v\u0259ziyy\u0259ti - X\u00fcsusi obyektl\u0259rin inki\u015faf\u0131 v\u0259 yeni n\u0259sil qay\u0131qxanadan istifad\u0259 n\u00fcmun\u0259si: B\u0259l\u0259diyy\u0259 Ba\u015f\u00e7\u0131s\u0131 \u0130\u015fiyama Takataka, Kami \u015f\u0259h\u0259ri, Miyagi prefekturas\u0131<\/h3>\n<figure class=\"wp-caption aligncenter\"><a href=\"https:\/\/photos.google.com\/share\/AF1QipNCIEEehDyv0BIPjWmkOCGOAkKvcgM0JKh0rTbCAV-hQquJrwvrv4rKafH7S5Inxg\/photo\/AF1QipOPbhGCIYFqrsPhATfO6jLW1PW4ZJnV4PvcfTQ?key=MU96cGl6c0dfMVpJc2djQ2I3RW5ESXBLY0ZVMmhR\" target=\"_blank\"><img decoding=\"async\" src=\"https:\/\/lh3.googleusercontent.com\/pw\/AP1GczNp0P3d2l95Zwk9Aj5-iOmXp2PQ9FkMF19zouwYYNSfOttkHojBMlJKlHDwBc7EP01oZhjkdJjuNkiJVVLTOAyMG64ECvQv70h5ILUMelK6dJz4xnNvdaCTIR5I5g1uXA77XMRZe3n0Iq1IQH-3w0KD=w2000-h1333-s-no-gm?authuser=0\" width=\"2000\" height=\"1333\" alt=\"Miyagi Kengami \u015f\u0259h\u0259rinin meri, Takataka \u0130\u015fiyama\" class=\"size-full\" \/><\/a><figcaption class=\"wp-caption-text\">Miyagi Kengami \u015f\u0259h\u0259rinin meri, Takataka \u0130\u015fiyama<\/figcaption><\/figure>\n<p>V\u0259qfin d\u0259st\u0259yi il\u0259 2019-2021-ci ill\u0259rd\u0259 Kami-ma\u00e7id\u0259ki Nakaniida D\u0259niz M\u0259rk\u0259zi &quot;ham\u0131n\u0131n birlikd\u0259 \u0259yl\u0259n\u0259 bil\u0259c\u0259yi m\u0259rk\u0259z&quot; kimi yenid\u0259n do\u011fuldu. B\u00fct\u00fcn obyekt mane\u0259siz, pill\u0259k\u0259nsiz panduslar, \u0259lil arabas\u0131 \u00fc\u00e7\u00fcn n\u0259z\u0259rd\u0259 tutulmu\u015f du\u015f otaqlar\u0131 v\u0259 \u00e7oxm\u0259qs\u0259dli tualetl\u0259rl\u0259 t\u0259chiz edilib. Yeni ofisin yarad\u0131lmas\u0131 il\u0259 art\u0131q tam \u015ftatl\u0131 i\u015f\u00e7il\u0259r m\u00f6vcuddur v\u0259 bu, \u0259lilliyi olan insanlar\u0131n bu obyektd\u0259n rahatl\u0131qla istifad\u0259 ed\u0259 bilm\u0259l\u0259ri \u00fc\u00e7\u00fcn \u015f\u0259rait yarad\u0131r.<\/p>\n<figure class=\"wp-caption aligncenter\"><a href=\"https:\/\/photos.google.com\/share\/AF1QipNCIEEehDyv0BIPjWmkOCGOAkKvcgM0JKh0rTbCAV-hQquJrwvrv4rKafH7S5Inxg\/photo\/AF1QipO1tLn5Q-fJOauI8TNRQ100NGSerWDZRlyyFAA?key=MU96cGl6c0dfMVpJc2djQ2I3RW5ESXBLY0ZVMmhR\" target=\"_blank\"><img decoding=\"async\" src=\"https:\/\/lh3.googleusercontent.com\/pw\/AP1GczP1tD-DcbuOo47z0cIMJpYnDhHRM9eaxqHkH8LoeKILjEDrwOygH-A304MAHrWSr8ZjDpmfmCYdhHsZK5avPhoF0UQNdlbFrvz6bylKlX7QRcMx8907BmiLc_HC7y5EQZsk8KKmn62-J9nO41YA91DK=w2000-h1333-s-no-gm?authuser=0\" width=\"2000\" height=\"1333\" alt=\"\u0130nkl\u00fcziv m\u0259kt\u0259b\" class=\"size-full\" \/><\/a><figcaption class=\"wp-caption-text\">\u0130nkl\u00fcziv m\u0259kt\u0259b<\/figcaption><\/figure>\n<h3>Case Study 2: Makro Perspektiv<br \/>\nTaiki \u015f\u0259h\u0259rinin Kompleks Plan\u0131na \u0259saslanan x\u00fcsusi hovuz qur\u011fular\u0131ndan istifad\u0259 n\u00fcmun\u0259si: Taiki \u015f\u0259h\u0259rinin meri Yutaka Kurokava, Hokkaydo<\/h3>\n<figure class=\"wp-caption aligncenter\"><a href=\"https:\/\/photos.google.com\/share\/AF1QipNCIEEehDyv0BIPjWmkOCGOAkKvcgM0JKh0rTbCAV-hQquJrwvrv4rKafH7S5Inxg\/photo\/AF1QipN--onPedW_8CbG9-RoboQAaZ5F1N10fc6NlSs?key=MU96cGl6c0dfMVpJc2djQ2I3RW5ESXBLY0ZVMmhR\" target=\"_blank\"><img decoding=\"async\" src=\"https:\/\/lh3.googleusercontent.com\/pw\/AP1GczPBi9Lq3Nf2WWDw_LvRQWtDq6zUTsjzrlyjlY0ciykZW9Fh92KxG-7RdpgfsIEhb16_5wp1Aw-rjliWIbXBIzqxo-kXx86utSycuQKx9VOR0KccAdbv-CtYVIYG_sVcB5w-o6dUE0syBNczpaNvRskj=w2000-h1333-s-no-gm?authuser=0\" width=\"2000\" height=\"1333\" alt=\"Taiki \u015f\u0259h\u0259rinin meri, Hokkaydo, Yutaka Kurokava\" class=\"size-full\" \/><\/a><figcaption class=\"wp-caption-text\">Taiki \u015f\u0259h\u0259rinin meri, Hokkaydo, Yutaka Kurokava<\/figcaption><\/figure>\n<p>2023-c\u00fc maliyy\u0259 ilind\u0259 (Reiwa 5), Taiki Town D\u0259niz M\u0259rk\u0259zi dam \u00f6rt\u00fcy\u00fc hovuzu ibtidai m\u0259kt\u0259b\u0259 biti\u015fik qapal\u0131 q\u0131zd\u0131r\u0131lan hovuzla \u0259v\u0259z etm\u0259k \u00fc\u00e7\u00fcn t\u0259m\u0259l qrant\u0131ndan istifad\u0259 ed\u0259c\u0259kdir. Hovuzun istilik m\u0259nb\u0259yi a\u011fac biok\u00fctl\u0259 qazan\u0131ndan istifad\u0259 edir. M\u0259rk\u0259zd\u0259 25 metrlik hovuz (4 zolaq), ki\u00e7ik ya\u015fl\u0131 t\u0259l\u0259b\u0259l\u0259r \u00fc\u00e7\u00fcn hovuz v\u0259 u\u015faq hovuzu il\u0259 yana\u015f\u0131, istilik ota\u011f\u0131, mane\u0259siz tualetl\u0259r, bax\u0131\u015f zonas\u0131, t\u0259hl\u00fck\u0259sizlik kameralar\u0131 v\u0259 z\u0259lz\u0259l\u0259nin \u0259ks ax\u0131n\u0131n\u0131n qar\u015f\u0131s\u0131n\u0131n al\u0131nmas\u0131 cihaz\u0131 kimi obyektl\u0259r d\u0259 qura\u015fd\u0131r\u0131lacaq.<\/p>\n<figure class=\"wp-caption aligncenter\"><a href=\"https:\/\/photos.google.com\/share\/AF1QipNCIEEehDyv0BIPjWmkOCGOAkKvcgM0JKh0rTbCAV-hQquJrwvrv4rKafH7S5Inxg\/photo\/AF1QipNNlIEQYdnLUfgxfrm-qS-3jn1XD_EVgRMZcyo?key=MU96cGl6c0dfMVpJc2djQ2I3RW5ESXBLY0ZVMmhR\" target=\"_blank\"><img decoding=\"async\" src=\"https:\/\/lh3.googleusercontent.com\/pw\/AP1GczPTMLZ-3FK0gvxU3uQB8ZV23WGCVLQ9dGiOLS3UfUm4vfBLJpvpVDK38XZP64UVVltdn6E-IEsSPD7BrpZcKR1ZlCxbqHjZSegNE3SxUe1zCohwB8pVkvIL46ianoOT9HDrGBfPVicRPJOCRKGsC1N2=w2000-h1333-s-no-gm?authuser=0\" width=\"2000\" height=\"1333\" alt=\"Yeni hovuzda \u00fczg\u00fc\u00e7\u00fcl\u00fck v\u0259 g\u0259zinti d\u0259rsl\u0259ri\" class=\"size-full\" \/><\/a><figcaption class=\"wp-caption-text\">Yeni hovuzda \u00fczg\u00fc\u00e7\u00fcl\u00fck v\u0259 g\u0259zinti d\u0259rsl\u0259ri<\/figcaption><\/figure>\n<h3>B&amp;G Milli Liderl\u0259r Assosiasiyas\u0131ndan t\u0259l\u0259bl\u0259r:<br \/>\nT\u0259limat\u00e7\u0131lar\u0131n T\u0259limi v\u0259 \u0130stifad\u0259si: B&amp;G Milli T\u0259limat\u00e7\u0131 Assosiasiyas\u0131n\u0131n s\u0259dri, Sukenao Kudo (Aomori prefekturas\u0131n\u0131n Nanbu \u015f\u0259h\u0259rinin meri)<\/h3>\n<figure class=\"wp-caption aligncenter\"><a href=\"https:\/\/photos.google.com\/share\/AF1QipNCIEEehDyv0BIPjWmkOCGOAkKvcgM0JKh0rTbCAV-hQquJrwvrv4rKafH7S5Inxg\/photo\/AF1QipNdNIfLXgFDklSUMprES1Sy7cNkHS0PQdz5haU?key=MU96cGl6c0dfMVpJc2djQ2I3RW5ESXBLY0ZVMmhR\" target=\"_blank\"><img decoding=\"async\" src=\"https:\/\/lh3.googleusercontent.com\/pw\/AP1GczM3hOJyRYbEeHIWgCtXJi5KOAiugOq9nkda9dIrhOtUsTlqurakLPDFvSbgMJsJbc0BtrSZroluViRZskh1bcvOilPQ3tEgRHkxYW1riXmVoYDofpNyfkD70U-qg2a8mCvOvJE1PSombVgkUXxmO7JK=w2000-h1333-s-no-gm?authuser=0\" width=\"2000\" height=\"1333\" alt=\"Aomori prefekturas\u0131n\u0131n Nanbu \u015f\u0259h\u0259rinin meri\" class=\"size-full\" \/><\/a><figcaption class=\"wp-caption-text\">Aomori prefekturas\u0131n\u0131n Nanbu \u015f\u0259h\u0259rinin meri<\/figcaption><\/figure>\n<ul>\n<li>2025-ci il \u00fc\u00e7\u00fcn m\u0259rk\u0259z t\u0259limat\u00e7\u0131 haz\u0131rl\u0131\u011f\u0131 kursunun g\u00f6nd\u0259rilm\u0259si \u00fc\u00e7\u00fcn sor\u011fu<\/li>\n<li>Regional liderlik g\u00f6r\u00fc\u015fl\u0259rind\u0259ki f\u0259aliyy\u0259tl\u0259r (B&amp;G liderl\u0259rinin geni\u015f f\u0259aliyy\u0259tl\u0259ri)<\/li>\n<li>Liderl\u0259r\u0259 3K-n\u0131n t\u0259\u015fviqi: &quot;T\u0259lim g\u00f6nd\u0259rilm\u0259si&quot;, &quot;F\u0259aliyy\u0259tl\u0259ri ba\u015fa d\u00fc\u015fm\u0259k&quot; v\u0259 &quot;\u00dcnsiyy\u0259t qurmaq&quot;<\/li>\n<\/ul>\n<figure class=\"wp-caption aligncenter\"><a href=\"https:\/\/photos.google.com\/share\/AF1QipNCIEEehDyv0BIPjWmkOCGOAkKvcgM0JKh0rTbCAV-hQquJrwvrv4rKafH7S5Inxg\/photo\/AF1QipNvWETbMX6VqX6E4gPDiywPFx1iWrzcukDZcmk?key=MU96cGl6c0dfMVpJc2djQ2I3RW5ESXBLY0ZVMmhR\" target=\"_blank\"><img decoding=\"async\" src=\"https:\/\/lh3.googleusercontent.com\/pw\/AP1GczOKJJmLxVZU8cecQZEgkZJ4eAE4bTNqDsOmSEi4_CG0PJD4fNN1HAZs6mkQZ1Smzq8YXYvLwXhHHYs2yQnPrIExWyVcppgkVGtQDT0oO12fYmt7EHx99UA22firDnrcdmQXvpTc-SW8HgA0uglFRbu7=w2000-h1333-s-no-gm?authuser=0\" width=\"2000\" height=\"1333\" alt=\"B&amp;G liderl\u0259rinin geni\u015f f\u0259aliyy\u0259tl\u0259ri\" class=\"size-full\" \/><\/a><figcaption class=\"wp-caption-text\">B&amp;G liderl\u0259rinin geni\u015f f\u0259aliyy\u0259tl\u0259ri<\/figcaption><\/figure>\n<h3>21-ci B&amp;G Milli N\u0259zar\u0259t\u00e7il\u0259r Konfrans\u0131ndan hesabat:<br \/>\nB&amp;G Milli T\u0259hsil N\u0259zar\u0259ti Konfrans\u0131n\u0131n S\u0259dri, Noriko Yoneda (T\u0259hsil Ba\u015f\u00e7\u0131s\u0131, Yabu \u015e\u0259h\u0259ri, Hyoqo Prefekturas\u0131)<\/h3>\n<figure class=\"wp-caption aligncenter\"><a href=\"https:\/\/photos.google.com\/share\/AF1QipNCIEEehDyv0BIPjWmkOCGOAkKvcgM0JKh0rTbCAV-hQquJrwvrv4rKafH7S5Inxg\/photo\/AF1QipOcd9fLMWBqp7ryYB1Ja_j773LDTYMXvgMDk94?key=MU96cGl6c0dfMVpJc2djQ2I3RW5ESXBLY0ZVMmhR\" target=\"_blank\"><img decoding=\"async\" src=\"https:\/\/lh3.googleusercontent.com\/pw\/AP1GczOxTB_NhW-v1c934Mn5aAZ_e_7bolj-THB7M_om7ahMRsMD_21tlnjQzTkbeMpWeFYEVANE8Tlm_bbvO5ivmh4NGxWmOub5RPqjKnJoqp7mfZIb1NTMDmSUhLEi2x7Rnly66mOgCCBsldNrrgLp3_U2=w2000-h1333-s-no-gm?authuser=0\" width=\"2000\" height=\"1333\" alt=\"B&amp;G Milli T\u0259hsil N\u0259zar\u0259ti Konfrans\u0131n\u0131n S\u0259dri, Hyoqo Prefekturas\u0131n\u0131n Yabu \u015f\u0259h\u0259rinin T\u0259hsil N\u0259zar\u0259ti Xan\u0131m Noriko Yoneda\" class=\"size-full\" \/><\/a><figcaption class=\"wp-caption-text\">B&amp;G Milli T\u0259hsil N\u0259zar\u0259ti Konfrans\u0131n\u0131n S\u0259dri, Hyoqo Prefekturas\u0131n\u0131n Yabu \u015f\u0259h\u0259rinin T\u0259hsil N\u0259zar\u0259ti Xan\u0131m Noriko Yoneda<\/figcaption><\/figure>\n<ul>\n<li>21-ci B&amp;G Milli T\u0259hsil N\u0259zar\u0259t\u00e7il\u0259ri Konfrans\u0131 22 Noyabr 2024-c\u00fc il C\u00fcm\u0259 g\u00fcn\u00fc, 45 prefekturada 238 b\u0259l\u0259diyy\u0259d\u0259n 222 n\u0259zar\u0259t\u00e7i d\u0259 daxil olmaqla c\u0259mi 295 i\u015ftirak\u00e7\u0131 il\u0259 ke\u00e7irildi.<\/li>\n<li>\u018fsas \u00e7\u0131x\u0131\u015f: &quot;Yerli klub f\u0259aliyy\u0259tinin yeni formas\u0131n\u0131n yarad\u0131lmas\u0131: Akihisa \u015eirota, Mirai Chizu General Incorporated Assosiasiyas\u0131n\u0131n N\u00fcmay\u0259nd\u0259 Direktoru&quot;<\/li>\n<li>Dig\u0259r i\u015f t\u0259qdimatlar\u0131<\/li>\n<li>T\u0259hsil N\u0259zar\u0259t\u00e7il\u0259rinin 21-ci Milli Konfrans\u0131 T\u00f6vsiy\u0259l\u0259r: M\u00fcxt\u0259lif f\u0259aliyy\u0259tl\u0259r\u0259 imkan ver\u0259n m\u00fchitin yarad\u0131lmas\u0131<\/li>\n<\/ul>\n<figure class=\"wp-caption aligncenter\"><a href=\"https:\/\/photos.google.com\/share\/AF1QipNCIEEehDyv0BIPjWmkOCGOAkKvcgM0JKh0rTbCAV-hQquJrwvrv4rKafH7S5Inxg\/photo\/AF1QipPuFz9_sDUOoBlmKsXRpbsRxgbc9oVpgyhYGTc?key=MU96cGl6c0dfMVpJc2djQ2I3RW5ESXBLY0ZVMmhR\" target=\"_blank\"><img decoding=\"async\" src=\"https:\/\/lh3.googleusercontent.com\/pw\/AP1GczOfUGO3s8sTeLuHFgCiuxFK0njegdbiEJOK-p-kcLdIo_BwDKdnwKRNzcHh1RGB6w9RXYTSmDI9UR2BiesEXi6cKu7ouErhXgJOC7Wj5-iTlC5S7Cq7A0N1YevnKLRcg2ntROwX1jfx2fwdVuzDOlaK=w2000-h1333-s-no-gm?authuser=0\" width=\"2000\" height=\"1333\" alt=\"T\u0259hsil N\u0259zar\u0259t\u00e7il\u0259rinin 21-ci Milli Konfrans\u0131n\u0131n t\u00f6vsiy\u0259l\u0259ri\" class=\"size-full\" \/><\/a><figcaption class=\"wp-caption-text\">T\u0259hsil N\u0259zar\u0259t\u00e7il\u0259rinin 21-ci Milli Konfrans\u0131n\u0131n t\u00f6vsiy\u0259l\u0259ri<\/figcaption><\/figure>\n<h3>B&amp;G Dostluq Layih\u0259sinin Aral\u0131q Hesabat\u0131<br \/>\n2024-c\u00fc ild\u0259 Noto Yar\u0131madas\u0131 Z\u0259lz\u0259l\u0259si F\u0259lak\u0259tin\u0259 Yard\u0131m Layih\u0259si \u00fczr\u0259 ir\u0259lil\u0259yi\u015f hesabat\u0131: Tomoaki Asahida, B&amp;G Fondunun \u0130cra\u00e7\u0131 Direktoru<\/h3>\n<figure class=\"wp-caption aligncenter\"><a href=\"https:\/\/photos.google.com\/share\/AF1QipNCIEEehDyv0BIPjWmkOCGOAkKvcgM0JKh0rTbCAV-hQquJrwvrv4rKafH7S5Inxg\/photo\/AF1QipO-2NIp8_s8uUjDkH6exgANulg16_WLV20qNU8?key=MU96cGl6c0dfMVpJc2djQ2I3RW5ESXBLY0ZVMmhR\" target=\"_blank\"><img decoding=\"async\" src=\"https:\/\/lh3.googleusercontent.com\/pw\/AP1GczOS85BriN7TpUS__La4AJRNO_Uc6gcku1iBSeaGbzxav5C3FDYMcUdpxzE9_LFaylIElMWzk0_wD7s_PbejcNXrN94ghIBegv_7O4rD2vDtBYb2JovyVc5Ob2Wbr8xYGW5IgpPchjwZXm_FClg_3pfb=w2000-h1333-s-no-gm?authuser=0\" width=\"2000\" height=\"1333\" alt=\"Tomoaki Asahida, B&amp;G Fondunun icra\u00e7\u0131 direktoru\" class=\"size-full\" \/><\/a><figcaption class=\"wp-caption-text\">Tomoaki Asahida, B&amp;G Fondunun icra\u00e7\u0131 direktoru<\/figcaption><\/figure>\n<ul>\n<li>H\u0259d\u0259f b\u0259l\u0259diyy\u0259l\u0259r: Anamizu Town, Shika Town, Nanao City D\u0259st\u0259yin \u00fcmumi m\u0259bl\u0259\u011fi: 23,773,501 yen <\/li>\n<li>\u0130cra\u00e7\u0131 direktor: F\u0259lak\u0259t B\u00f6lg\u0259si D\u0259niz M\u0259rk\u0259zinin haz\u0131rk\u0131 v\u0259ziyy\u0259tinin izah\u0131:<br \/>\nD\u0259niz idman\u0131 t\u0259cr\u00fcb\u0259l\u0259rini t\u0259klif etm\u0259k, u\u015faqlar \u00fc\u00e7\u00fcn oyun meydan\u00e7alar\u0131 v\u0259 t\u0259cr\u00fcb\u0259 f\u0259aliyy\u0259tl\u0259ri t\u0259min etm\u0259k, m\u00fcv\u0259qq\u0259ti ya\u015fay\u0131\u015f kompleksl\u0259ri \u00fc\u00e7\u00fcn al\u0131\u015f-veri\u015f d\u0259st\u0259yi g\u00f6st\u0259rm\u0259k, u\u015faq rifah\u0131 m\u00fc\u0259ssis\u0259l\u0259rin\u0259 i\u00e7kil\u0259r ba\u011f\u0131\u015flamaq, ya\u015fl\u0131lar \u00fc\u00e7\u00fcn qay\u011f\u0131 g\u00f6st\u0259r\u0259n m\u00fc\u0259ssis\u0259l\u0259r\u0259 ba\u015f \u00e7\u0259km\u0259kl\u0259 \u0259l bax\u0131m\u0131 xidm\u0259tinin g\u00f6st\u0259rilm\u0259si v\u0259 z\u0259lz\u0259l\u0259 f\u0259lak\u0259tind\u0259n \u00f6l\u0259n ail\u0259l\u0259r \u00fc\u00e7\u00fcn Obon festival\u0131na d\u0259st\u0259k verm\u0259k.<\/li>\n<\/ul>\n<figure class=\"wp-caption aligncenter\"><a href=\"https:\/\/photos.google.com\/share\/AF1QipNCIEEehDyv0BIPjWmkOCGOAkKvcgM0JKh0rTbCAV-hQquJrwvrv4rKafH7S5Inxg\/photo\/AF1QipN7hUKODjQ_wfwZJQLCwbwWj6R0fPWZzZVMuh8?key=MU96cGl6c0dfMVpJc2djQ2I3RW5ESXBLY0ZVMmhR\" target=\"_blank\"><img decoding=\"async\" src=\"https:\/\/lh3.googleusercontent.com\/pw\/AP1GczOMX06fKLlEvXn-IirGfntdxkCS5aDMaa1oCfnmvEma6QcLyQWCH0aTHB3ixn-huQp7n3-seack-i547r4H566LETS6Na1LasbX62Mswo_ur_mKcmJ2hXX7UHRqcY4D5-PzAA4_8nihDyHmZhUhBsTu=w2000-h1333-s-no-gm?authuser=0\" width=\"2000\" height=\"1333\" alt=\"B&amp;G Dostluq Layih\u0259si\" class=\"size-full\" \/><\/a><figcaption class=\"wp-caption-text\">B&amp;G Dostluq Layih\u0259si<\/figcaption><\/figure>\n<h3>\u0130\u015fikava prefekturas\u0131n\u0131n Anamizu q\u0259s\u0259b\u0259sind\u0259ki yenid\u0259nqurma i\u015fl\u0259rinin cari v\u0259ziyy\u0259ti haqq\u0131nda hesabat<br \/>\nJunko Oma, \u0130\u015fikava prefekturas\u0131n\u0131n Anamizu \u015f\u0259h\u0259ri, T\u0259hsil r\u0259isi<\/h3>\n<figure class=\"wp-caption aligncenter\"><a href=\"https:\/\/photos.google.com\/share\/AF1QipNCIEEehDyv0BIPjWmkOCGOAkKvcgM0JKh0rTbCAV-hQquJrwvrv4rKafH7S5Inxg\/photo\/AF1QipO3AwEKdwi8IamUgBQjnoHrLRxIAXQrAke-oL0?key=MU96cGl6c0dfMVpJc2djQ2I3RW5ESXBLY0ZVMmhR\" target=\"_blank\"><img decoding=\"async\" src=\"https:\/\/lh3.googleusercontent.com\/pw\/AP1GczPgypZkKG-LufMH9VyCiU1b8ZoIVtMNeDPCvO0P7AusRZVhI51JSCgk8HHCXVYmzd1O2I5ZKQsNskShrnnBBgZHEaU2CT4pFrvonK60nvvv8OL45iXYqmBEzgNSYoeUND-xBYfb3aMVZ8rS-SLF7kd0=w2000-h1333-s-no-gm?authuser=0\" width=\"2000\" height=\"1333\" alt=\"Xan\u0131m Junko Oma, \u0130\u015fikava prefekturas\u0131n\u0131n Anamizu \u015f\u0259h\u0259ri, T\u0259hsil \u00fczr\u0259 N\u0259zar\u0259t\u00e7i\" class=\"size-full\" \/><\/a><figcaption class=\"wp-caption-text\">Xan\u0131m Junko Oma, \u0130\u015fikava prefekturas\u0131n\u0131n Anamizu \u015f\u0259h\u0259ri, T\u0259hsil \u00fczr\u0259 N\u0259zar\u0259t\u00e7i<\/figcaption><\/figure>\n<ul>\n<li>M\u00fcv\u0259qq\u0259ti ya\u015fay\u0131\u015f yerl\u0259rinin m\u00f6vcud v\u0259ziyy\u0259ti \u30fbOnlayn hibrid d\u0259rsl\u0259r (3-c\u00fc kurs orta m\u0259kt\u0259b t\u0259l\u0259b\u0259l\u0259ri)<\/li>\n<li>U\u015faq ba\u011f\u00e7as\u0131 v\u0259 ibtidai sinif \u015fagirdl\u0259ri birlikd\u0259 vaxt ke\u00e7irirl\u0259r, yard\u0131m l\u0259vazimatlar\u0131ndan istifad\u0259 ed\u0259r\u0259k m\u0259kt\u0259b naharlar\u0131n\u0131 yeyirl\u0259r v\u0259 m\u0259kt\u0259b h\u0259yat\u0131 qurmaq \u00fc\u00e7\u00fcn bir-birl\u0259ri il\u0259 \u0259m\u0259kda\u015fl\u0131q edirl\u0259r.<\/li>\n<li>M\u00fcv\u0259qq\u0259ti ibtidai m\u0259kt\u0259b binas\u0131n\u0131n tikintisi ba\u015fa \u00e7atd\u0131qdan sonra s\u0259kkiz ayl\u0131q fasil\u0259d\u0259n sonra d\u0259rsl\u0259r b\u0259rpa edilib.<\/li>\n<li>U\u015faqlar m\u0259kt\u0259b\u0259 \u00fczl\u0259rind\u0259 t\u0259b\u0259ss\u00fcml\u0259 gedirl\u0259r<\/li>\n<li>B&amp;G Fondunun \u0259trafl\u0131 d\u0259st\u0259yi say\u0259sind\u0259 u\u015faqlar z\u0259lz\u0259l\u0259 il\u0259 ba\u011fl\u0131 k\u0259d\u0259rli xatir\u0259l\u0259rini xo\u015fb\u0259xt xatir\u0259l\u0259rl\u0259 \u0259v\u0259z edirl\u0259r.<\/li>\n<li>Sizin c\u0259sar\u0259tiniz v\u0259 enerjiniz m\u0259n\u0259 \u0259limd\u0259n g\u0259l\u0259ni etm\u0259k \u00fc\u00e7\u00fcn g\u00fcc verdi. T\u0259\u015f\u0259kk\u00fcr edir\u0259m!<\/li>\n<\/ul>\n<h3>M\u00fcraci\u0259tl\u0259r \u00fc\u00e7\u00fcn z\u0259ng edin! G\u0259l\u0259n il Fondun Qrant Proqramlar\u0131 haqq\u0131nda m\u0259lumat<br \/>\nNana Wakabayashi, D\u0259niz M\u0259rk\u0259zi Klub B\u00f6lm\u0259si, Biznes B\u00f6lm\u0259si<\/h3>\n<figure class=\"wp-caption aligncenter\"><a href=\"https:\/\/photos.google.com\/share\/AF1QipNCIEEehDyv0BIPjWmkOCGOAkKvcgM0JKh0rTbCAV-hQquJrwvrv4rKafH7S5Inxg\/photo\/AF1QipNlV-A8w3LW5K4A19Kku0ld_Zd3dWeyU3PJoJs?key=MU96cGl6c0dfMVpJc2djQ2I3RW5ESXBLY0ZVMmhR\" target=\"_blank\"><img decoding=\"async\" src=\"https:\/\/lh3.googleusercontent.com\/pw\/AP1GczNugtjxKJWSyaaIrzbkl_neBU6QIKV1Pj2nHNWMJF2bFrqKbg4s18cKxKDMRxL78iWpBaMgj5ioPsCSBoTfhO4C8rcE-4uxELQQlqG5T-UvC6XArpHcdiqIM0lRUlrs-c4KXuk0IqEG-7NLDMQ6FpMq=w2000-h1333-s-no-gm?authuser=0\" width=\"2000\" height=\"1333\" alt=\"Nana Wakabayashi, Biznes B\u00f6lm\u0259si, D\u0259niz M\u0259rk\u0259zi Klub B\u00f6lm\u0259si\" class=\"size-full\" \/><\/a><figcaption class=\"wp-caption-text\">Nana Wakabayashi, Biznes B\u00f6lm\u0259si, D\u0259niz M\u0259rk\u0259zi Klub B\u00f6lm\u0259si<\/figcaption><\/figure>\n<ul>\n<li>\u0130stilik vurmas\u0131n\u0131n qar\u015f\u0131s\u0131n\u0131n al\u0131nmas\u0131 \u00fc\u00e7\u00fcn x\u00fcsusi d\u0259st\u0259k layih\u0259si: D\u0259niz M\u0259rk\u0259zinin hovuzu \u0259traf\u0131nda ilk yard\u0131m m\u0259nt\u0259q\u0259l\u0259rinin qura\u015fd\u0131r\u0131lmas\u0131 (2025-ci maliyy\u0259 ilind\u0259 15 yerl\u0259 m\u0259hdudla\u015f\u0131r)<\/li>\n<li>&quot;B&amp;G Toplama Qutular\u0131n\u0131n (\u00e7im\u0259rlikd\u0259ki zibil qutular\u0131 \u00fc\u00e7\u00fcn)&quot; qura\u015fd\u0131r\u0131lmas\u0131<\/li>\n<li>D\u0259niz Klubu haqq\u0131nda m\u0259lumat<\/li>\n<\/ul>\n<figure class=\"wp-caption aligncenter\"><a href=\"https:\/\/photos.google.com\/share\/AF1QipNCIEEehDyv0BIPjWmkOCGOAkKvcgM0JKh0rTbCAV-hQquJrwvrv4rKafH7S5Inxg\/photo\/AF1QipPN90xfcfOO-XunMkx6nrM-_fbPQKDwXzkWvYI?key=MU96cGl6c0dfMVpJc2djQ2I3RW5ESXBLY0ZVMmhR\" target=\"_blank\"><img decoding=\"async\" src=\"https:\/\/lh3.googleusercontent.com\/pw\/AP1GczN7E5Sk2sB77YxwKP7GbOwGugeTziExDy3ckXp0W9r3e0abju1-y-NJ-Xy9JM0_AIaNt6WFlH0AkM1SVlfTFk5ocLGhKxk4JMOk1YapdgN7OmJePM70vuEkkeZ4A_ZiK7MoivHqihqOYd07b0eBsnyt=w2000-h1333-s-no-gm?authuser=0\" width=\"2000\" height=\"1333\" alt=\"Kolleksiya qutusunun qura\u015fd\u0131r\u0131lmas\u0131 layih\u0259si\" class=\"size-full\" \/><\/a><figcaption class=\"wp-caption-text\">Kolleksiya qutusunun qura\u015fd\u0131r\u0131lmas\u0131 layih\u0259si<\/figcaption><\/figure>\n<h3>Yerli h\u00f6kum\u0259tl\u0259r t\u0259r\u0259find\u0259n g\u00f6nd\u0259ril\u0259n kursantlar\u0131n t\u0259qdimat\u0131<\/h3>\n<figure class=\"wp-caption aligncenter\"><a href=\"https:\/\/photos.google.com\/share\/AF1QipNCIEEehDyv0BIPjWmkOCGOAkKvcgM0JKh0rTbCAV-hQquJrwvrv4rKafH7S5Inxg\/photo\/AF1QipMnLLQH0KBtCyPXuJlFgbJi61ge_05_gQiMn-s?key=MU96cGl6c0dfMVpJc2djQ2I3RW5ESXBLY0ZVMmhR\" target=\"_blank\"><img decoding=\"async\" src=\"https:\/\/lh3.googleusercontent.com\/pw\/AP1GczM1zgPgmAfeuJNlugZsiWSpjgiWJIcjkFFI8a8u0Qa83VA1lx1UAtQ7xLbCopdaihNfI5VMd7QvSLNp4MFQIdCceoltRn3L0as9cekd7JZoJTmZnmCWSRzCAfubwsomczMvnAwElE0RhaTErSV_8knV=w2000-h1333-s-no-gm?authuser=0\" width=\"2000\" height=\"1333\" alt=\"Yerli h\u00f6kum\u0259tl\u0259r t\u0259r\u0259find\u0259n g\u00f6nd\u0259ril\u0259n kursantlar (c\u0259nab Mitsuteru Hirotomi, c\u0259nab Kazuhiro Kayama, xan\u0131m Hideko Matsuoka)\" class=\"size-full\" \/><\/a><figcaption class=\"wp-caption-text\">Yerli h\u00f6kum\u0259tl\u0259r t\u0259r\u0259find\u0259n g\u00f6nd\u0259ril\u0259n kursantlar (c\u0259nab Mitsuteru Hirotomi, c\u0259nab Kazuhiro Kayama, xan\u0131m Hideko Matsuoka)<\/figcaption><\/figure>\n<ul>\n<li>Aibetsu Town, Hokkaydo \u2192 Biznes Departamentin\u0259, D\u0259niz M\u0259rk\u0259zin\u0259 v\u0259 Klub \u015e\u00f6b\u0259sin\u0259 t\u0259yin edilib: Mitsuteru Hirotomi<\/li>\n<li>Okayama Prefekturas\u0131n\u0131n Nagi Town \u015f\u0259h\u0259rind\u0259n ezam olunmu\u015f \u2192 Biznes Departamentin\u0259, D\u0259niz M\u0259rk\u0259zin\u0259 v\u0259 Klub \u015e\u00f6b\u0259sin\u0259 t\u0259yin edilmi\u015fdir: Kazuhiro Kayama<\/li>\n<li>Kaqo\u015fima prefekturas\u0131n\u0131n Amagi \u015f\u0259h\u0259rind\u0259n ezam olunmu\u015f \u2192 Planla\u015fd\u0131rma Departamentinin Planla\u015fd\u0131rma v\u0259 \u0130ctimaiyy\u0259tl\u0259 \u018flaq\u0259l\u0259r \u015e\u00f6b\u0259sin\u0259 t\u0259yin edilmi\u015fdir: Hideko Matsuoka<\/li>\n<li>F\u0259lak\u0259td\u0259n xilasetm\u0259 layih\u0259sinin planla\u015fd\u0131r\u0131lmas\u0131 v\u0259 planla\u015fd\u0131r\u0131lmas\u0131: &quot;\u018fll\u0259r\u0259 qulluq \u00fc\u00e7\u00fcn ya\u015fl\u0131lar\u0131n qay\u011f\u0131s\u0131na qalmaq&quot;:<br \/>\nT\u0259dbir zehni v\u0259 b\u0259d\u0259ni t\u0259rav\u0259tl\u0259ndirm\u0259k m\u0259qs\u0259di il\u0259 planla\u015fd\u0131r\u0131l\u0131b v\u0259 psixi sa\u011flaml\u0131\u011f\u0131n yax\u015f\u0131la\u015fmas\u0131na s\u0259b\u0259b olub.<\/li>\n<\/ul>\n<figure class=\"wp-caption aligncenter\"><a href=\"https:\/\/photos.google.com\/share\/AF1QipNCIEEehDyv0BIPjWmkOCGOAkKvcgM0JKh0rTbCAV-hQquJrwvrv4rKafH7S5Inxg\/photo\/AF1QipN5kQ8ddo27aAQGz9PN59iKoaxHpSxJmVPsuoY?key=MU96cGl6c0dfMVpJc2djQ2I3RW5ESXBLY0ZVMmhR\" target=\"_blank\"><img decoding=\"async\" src=\"https:\/\/lh3.googleusercontent.com\/pw\/AP1GczOmZzJd27VwduzRPcjXLIsvNEMeqTeuvhDPAB-OpnsntFkRA7Ysmls_S49jzy6_kxirpJMwm5Idvc5z-gd9GmLj9p0qYkZocVJ9WgSLqDEPtpuZRusE3PoRUaDb-tS8Y_lVgsazdfANfHxI1Gu1jKZf=w2000-h1333-s-no-gm?authuser=0\" width=\"2000\" height=\"1333\" alt=\"\u018fl bax\u0131m\u0131 \u00fc\u00e7\u00fcn ya\u015fl\u0131 bax\u0131m m\u00fc\u0259ssis\u0259l\u0259rin\u0259 ba\u015f \u00e7\u0259km\u0259k\" class=\"size-full\" \/><\/a><figcaption class=\"wp-caption-text\">\u018fl bax\u0131m\u0131 \u00fc\u00e7\u00fcn ya\u015fl\u0131 bax\u0131m m\u00fc\u0259ssis\u0259l\u0259rin\u0259 ba\u015f \u00e7\u0259km\u0259k<\/figcaption><\/figure>\n<h2>3-c\u00fc hiss\u0259<\/h2>\n<h3>M\u00fckafat: 10 il ard\u0131c\u0131l olaraq X\u00fcsusi Qiym\u0259tl\u0259ndirm\u0259 M\u0259rk\u0259zi<\/h3>\n<figure class=\"wp-caption aligncenter\"><a href=\"https:\/\/photos.google.com\/share\/AF1QipNCIEEehDyv0BIPjWmkOCGOAkKvcgM0JKh0rTbCAV-hQquJrwvrv4rKafH7S5Inxg\/photo\/AF1QipO9RjMDplQlPoSzltKVGrCXlZxsXqbaAPxr4YE?key=MU96cGl6c0dfMVpJc2djQ2I3RW5ESXBLY0ZVMmhR\" target=\"_blank\"><img decoding=\"async\" src=\"https:\/\/lh3.googleusercontent.com\/pw\/AP1GczMxwMQq-YimjZEbwlMijjIxT6FrfncWxESFp4LVOqiUFWZyyQ0XuxNTEXQwlcX9u4ByAQ-TrKdn0-oZJWBI2D3iP4E-Bv98FsmoynKuT2l_da414nnVka65zeHuGJc7bM1dxQ_xQS_qKNmN2aWivheO=w2000-h1333-s-no-gm?authuser=0\" width=\"2000\" height=\"1333\" alt=\"Ard\u0131c\u0131l 10 il \u0259rzind\u0259 X\u00fcsusi A Qiym\u0259tl\u0259ndirm\u0259 M\u0259rk\u0259zi m\u00fckafat\u0131na layiq g\u00f6r\u00fcl\u00fcb\" class=\"size-full\" \/><\/a><figcaption class=\"wp-caption-text\">Ard\u0131c\u0131l 10 il \u0259rzind\u0259 X\u00fcsusi A Qiym\u0259tl\u0259ndirm\u0259 M\u0259rk\u0259zi m\u00fckafat\u0131na layiq g\u00f6r\u00fcl\u00fcb<\/figcaption><\/figure>\n<p>*Ard\u0131c\u0131l 10-cu X\u00fcsusi Qiym\u0259tl\u0259ndirm\u0259 M\u0259rk\u0259zi M\u00fckafatlar\u0131nda \u00e7oxlu qalibl\u0259r oldu\u011funa g\u00f6r\u0259, onlar video il\u0259 t\u0259qdim olundu v\u0259 bir n\u00fcmay\u0259nd\u0259 m\u00fckafat\u0131 s\u0259hn\u0259d\u0259 ald\u0131.<\/p>\n<h4>Hokuryu \u015e\u0259h\u0259r M\u00fckafat\u0131<\/h4>\n<figure class=\"wp-caption aligncenter\"><a href=\"https:\/\/photos.google.com\/share\/AF1QipNCIEEehDyv0BIPjWmkOCGOAkKvcgM0JKh0rTbCAV-hQquJrwvrv4rKafH7S5Inxg\/photo\/AF1QipOJV14rfJoXVdK6v2d4BdaEaVwdk-S7kzV0wds?key=MU96cGl6c0dfMVpJc2djQ2I3RW5ESXBLY0ZVMmhR\" target=\"_blank\"><img decoding=\"async\" src=\"https:\/\/lh3.googleusercontent.com\/pw\/AP1GczOBTAlAXWbX9iyzSndPW0MkVuEHjdEsEV9iXhJEdPLEtnio8QoJldhJWmJghLay25_CDdzKTPMj5Z5mxGNWgPcEJdcAN1hpKg2M9Z8WIApqwx-4AxppuG7gDFFVkUZN24Rz7JqU6bkunl_gVpgAIMUd=w2000-h1333-s-no-gm?authuser=0\" width=\"2000\" height=\"1333\" alt=\"Hokuryu q\u0259s\u0259b\u0259si, ki\u00e7ik, lakin parlaq \u015f\u0259h\u0259r: &quot;Yaponiyan\u0131n 1 n\u00f6mr\u0259li g\u00fcn\u0259baxan k\u0259ndi&quot;\" class=\"size-full\" \/><\/a><figcaption class=\"wp-caption-text\">Hokuryu q\u0259s\u0259b\u0259si, ki\u00e7ik, lakin parlaq \u015f\u0259h\u0259r: &quot;Yaponiyan\u0131n 1 n\u00f6mr\u0259li g\u00fcn\u0259baxan k\u0259ndi&quot;<\/figcaption><\/figure>\n<figure class=\"wp-caption aligncenter\"><a href=\"https:\/\/photos.google.com\/share\/AF1QipNCIEEehDyv0BIPjWmkOCGOAkKvcgM0JKh0rTbCAV-hQquJrwvrv4rKafH7S5Inxg\/photo\/AF1QipMh4lZCe3X6aRK84Ci9efaBjwcJHEiP9bgduVs?key=MU96cGl6c0dfMVpJc2djQ2I3RW5ESXBLY0ZVMmhR\" target=\"_blank\"><img decoding=\"async\" src=\"https:\/\/lh3.googleusercontent.com\/pw\/AP1GczM3WzIj_zBlh4FncRq5iW8-XD3LAEc3CP87OQV4cW61PUuM7YptIQOqKnvgLS8vDYn8CavGLk0027GRlFaDK5DusGs_I1KjmuTG8AudbMerMxT9oyH4usLjOF9JVv963wxbPXcZVEhL9CbRZyZzJ4It=w2000-h1333-s-no-gm?authuser=0\" width=\"2000\" height=\"1333\" alt=\"C\u0259nab Yasuhiro Sasaki, Hokuryu \u015f\u0259h\u0259ri\" class=\"size-full\" \/><\/a><figcaption class=\"wp-caption-text\">C\u0259nab Yasuhiro Sasaki, Hokuryu \u015f\u0259h\u0259ri<\/figcaption><\/figure>\n<h4>21 b\u0259l\u0259diyy\u0259nin ham\u0131s\u0131 m\u00fckafatland\u0131r\u0131l\u0131b<\/h4>\n<ol>\n<li>B&amp;G D\u0259niz M\u0259rk\u0259zi, Obira \u015f\u0259h\u0259ri, Hokkaydo\u2026 B\u0259l\u0259diyy\u0259 Ba\u015f\u00e7\u0131s\u0131 Seki Tsuquo<\/li>\n<li>B&amp;G D\u0259niz M\u0259rk\u0259zi, Enbetsu \u015f\u0259h\u0259ri, Hokkaydo\u2026\u2026\u2026B\u0259l\u0259diyy\u0259 meri Masato Kunibe<\/li>\n<li><strong>B&amp;G D\u0259niz M\u0259rk\u0259zi, Hokuryu q\u0259s\u0259b\u0259si, Hokkaydo... B\u0259l\u0259diyy\u0259 Ba\u015f\u00e7\u0131s\u0131 Yasuhiro Sasaki<\/strong><\/li>\n<li>B&amp;G D\u0259niz M\u0259rk\u0259zi, Ashibetsu \u015e\u0259h\u0259ri, Hokkaydo\u2026 B\u0259l\u0259diyy\u0259 Ba\u015f\u00e7\u0131s\u0131 Hagiwara<\/li>\n<li>B&amp;G D\u0259niz M\u0259rk\u0259zi, Kamifurano \u015f\u0259h\u0259ri, Hokkaydo... B\u0259l\u0259diyy\u0259 Ba\u015f\u00e7\u0131s\u0131 \u015eigeru Saito<\/li>\n<li>B&amp;G D\u0259niz M\u0259rk\u0259zi, Onoe, Hirakava \u015f\u0259h\u0259ri, Aomori prefekturas\u0131... B\u0259l\u0259diyy\u0259 Ba\u015f\u00e7\u0131s\u0131 Tadayuki Naqao<\/li>\n<li>B&amp;G D\u0259niz M\u0259rk\u0259zi, Tanei\u00e7i, Hirono-\u00e7o, \u0130vate prefekturas\u0131... B\u0259l\u0259diyy\u0259 Ba\u015f\u00e7\u0131s\u0131 Masayoshi Okamoto<\/li>\n<li>B&amp;G D\u0259niz M\u0259rk\u0259zi, Nishime, Yurihonjo \u015f\u0259h\u0259ri, Akita prefekturas\u0131. B\u0259l\u0259diyy\u0259 Ba\u015f\u00e7\u0131s\u0131 Takanobu Minato<\/li>\n<li>B&amp;G D\u0259niz M\u0259rk\u0259zi, Yo\u015fimi \u015f\u0259h\u0259ri, Sayama prefekturas\u0131...B\u0259l\u0259diyy\u0259 meri Yo\u015fio Miyazaki<\/li>\n<li>B&amp;G D\u0259niz M\u0259rk\u0259zi, Aikata, Niigata City, Niigata Prefecture\u2026..B\u0259l\u0259diyy\u0259 meri Yaichi Nakahara<\/li>\n<li>B&amp;G Marine Center, Niitsu, Niigata City, Niigata Prefecture\u2026 B\u0259l\u0259diyy\u0259 Ba\u015f\u00e7\u0131s\u0131 Yaichi Nakahara<\/li>\n<li>B&amp;G Marine Center, Ogi, Sado City, Niigata Prefecture\u2026B\u0259l\u0259diyy\u0259 meri Ryuqo Vatanabe<\/li>\n<li>B&amp;G Marine Center, Yao, Toyama City, Toyama Prefecture\u2026B\u0259l\u0259diyy\u0259 s\u0259dri Hirohisa Fujii<\/li>\n<li>B&amp;G D\u0259niz M\u0259rk\u0259zi, Maruoka, Sakai \u015e\u0259h\u0259ri, Fukui Prefekturas\u0131\u2026..B\u0259l\u0259diyy\u0259 meri Yo\u015fitaka \u0130keda<\/li>\n<li>B&amp;G D\u0259niz M\u0259rk\u0259zi, Nakatsuqava \u015f\u0259h\u0259ri, Gifu prefekturas\u0131... B\u0259l\u0259diyy\u0259 Ba\u015f\u00e7\u0131s\u0131 Hito\u015fi Oquri<\/li>\n<li>B&amp;G D\u0259niz M\u0259rk\u0259zi, Tomika \u015f\u0259h\u0259ri, Gifu prefekturas\u0131...B\u0259l\u0259diyy\u0259 meri Keita Vatanabe<\/li>\n<li>B&amp;G D\u0259niz M\u0259rk\u0259zi, Toda, Numazu \u015f\u0259h\u0259ri, \u015eizuoka prefekturas\u0131\u2026 B\u0259l\u0259diyy\u0259 Ba\u015f\u00e7\u0131s\u0131 \u015eui\u00e7i Yorishige<\/li>\n<li>B&amp;G D\u0259niz M\u0259rk\u0259zi, Kosakai, Toyokava \u015f\u0259h\u0259ri, Ai\u00e7i prefekturas\u0131...B\u0259l\u0259diyy\u0259 meri Yukio Takemoto<\/li>\n<li>B&amp;G D\u0259niz M\u0259rk\u0259zi, Taqa \u015f\u0259h\u0259ri, \u015eiqa prefekturas\u0131...B\u0259l\u0259diyy\u0259 meri Kubo Hisayo\u015fi<\/li>\n<li>B&amp;G D\u0259niz M\u0259rk\u0259zi, Asakura, \u0130mabari \u015f\u0259h\u0259ri, Ehime prefekturas\u0131\u2026..B\u0259l\u0259diyy\u0259 meri \u015eigeki Tokunaga<\/li>\n<li>B&amp;G D\u0259niz M\u0259rk\u0259zi, Otomo Town, Fukuoka prefekturas\u0131... B\u0259l\u0259diyy\u0259 Ba\u015f\u00e7\u0131s\u0131 Joji Nagahara<\/li>\n<\/ol>\n<h3>20 il dalbadal X\u00fcsusi A reytinqi alm\u0131\u015f m\u0259rk\u0259z<\/h3>\n<ol>\n<li>B&amp;G D\u0259niz M\u0259rk\u0259zi, Fu\u00e7u \u015f\u0259h\u0259ri, Xirosima prefekturas\u0131... Mer Ono<\/li>\n<li>B&amp;G Marine Center, Misato, Ainan Town, Ehime Prefekturas\u0131.... B\u0259l\u0259diyy\u0259 Ba\u015f\u00e7\u0131s\u0131 \u0130kuo Nakamura<\/li>\n<\/ol>\n<figure class=\"wp-caption aligncenter\"><a href=\"https:\/\/photos.google.com\/share\/AF1QipNCIEEehDyv0BIPjWmkOCGOAkKvcgM0JKh0rTbCAV-hQquJrwvrv4rKafH7S5Inxg\/photo\/AF1QipPDAnyvpZ9ePJIUlHh2lkvul-PBsiyeXtbpOPo?key=MU96cGl6c0dfMVpJc2djQ2I3RW5ESXBLY0ZVMmhR\" target=\"_blank\"><img decoding=\"async\" src=\"https:\/\/lh3.googleusercontent.com\/pw\/AP1GczMIU00gD60M-51WGl5UZFgwuvfJKr3oSlB2H6JZUXf-RK5RQyHHtm-F637rGBlo3RlzU3K1QPa4B5BPCVgswve693fk3IMgIu_ElgUexKrKKJpyNHvuaXzX6tDKKkpyp817XnRx7gPKM4KWhn6rYFqz=w2000-h1333-s-no-gm?authuser=0\" width=\"2000\" height=\"1333\" alt=\"Ard\u0131c\u0131l 20 il \u0259rzind\u0259 X\u00fcsusi A d\u0259r\u0259c\u0259li M\u0259rk\u0259z M\u00fckafat\u0131na layiq g\u00f6r\u00fcl\u00fcb (Xirosima prefekturas\u0131n\u0131n Fu\u00e7u \u015f\u0259h\u0259rind\u0259ki B&amp;G D\u0259niz M\u0259rk\u0259zinin meri Ono \u015einto v\u0259 Ehime prefekturas\u0131n\u0131n Ainan \u015f\u0259h\u0259ri, Mi\u015fou \u015f\u0259h\u0259rind\u0259ki B&amp;G D\u0259niz M\u0259rk\u0259zinin meri Nakamura \u0130ehira)\" class=\"size-full\" \/><\/a><figcaption class=\"wp-caption-text\">Ard\u0131c\u0131l 20-ci il X\u00fcsusi A d\u0259r\u0259c\u0259li M\u0259rk\u0259z M\u00fckafat\u0131: Hirosima Prefekturas\u0131 Fu\u00e7u \u015e\u0259h\u0259ri B&amp;G D\u0259niz M\u0259rk\u0259zi, B\u0259l\u0259diyy\u0259 Ba\u015f\u00e7\u0131s\u0131 Ono \u015einto<br \/>\nB\u0259l\u0259diyy\u0259 Ba\u015f\u00e7\u0131s\u0131 Nakamura Ikuo, B&amp;G D\u0259niz M\u0259rk\u0259zi, Ainan \u015f\u0259h\u0259ri, Ehime prefekturas\u0131<\/figcaption><\/figure>\n<h3>Milli Zirv\u0259 Birg\u0259 B\u0259yannam\u0259si<\/h3>\n<figure class=\"wp-caption aligncenter\"><a href=\"https:\/\/photos.google.com\/share\/AF1QipNCIEEehDyv0BIPjWmkOCGOAkKvcgM0JKh0rTbCAV-hQquJrwvrv4rKafH7S5Inxg\/photo\/AF1QipMQew5oyJw1zo8QAaQbUEtovIknWZcuvyeNkkk?key=MU96cGl6c0dfMVpJc2djQ2I3RW5ESXBLY0ZVMmhR\" target=\"_blank\"><img decoding=\"async\" src=\"https:\/\/lh3.googleusercontent.com\/pw\/AP1GczOVUSv818q59vwGQwv6QQbrFagcGhKC9vXw9vVdQ8dk0LTJxSIyUDgrZ1ZXIRHwaaEGEPDQj4OgZJ4h4kr51fjZKgD628rP2cIa8s3bSbI14LCw46_s2MPeP7rKhmh4-wDT9JNVezyQ9Oo3RY6A2ngX=w2000-h1333-s-no-gm?authuser=0\" width=\"2000\" height=\"1333\" alt=\"birg\u0259 b\u0259yannam\u0259\" class=\"size-full\" \/><\/a><figcaption class=\"wp-caption-text\">birg\u0259 b\u0259yannam\u0259<\/figcaption><\/figure>\n<p>\u0130nsanlar\u0131n istifad\u0259 etm\u0259k ist\u0259diyi obyekti deyil, h\u0259r k\u0259sin istifad\u0259 ed\u0259 bil\u0259c\u0259yi bir obyekt yaratmaq: G\u0259lin D\u0259niz M\u0259rk\u0259zini \u0259hat\u0259 ed\u0259n yerli icman\u0131n ehtiyaclar\u0131n\u0131 anlayaq v\u0259 onu daha c\u0259lbedici obyekt\u0259 \u00e7evirm\u0259k \u00fc\u00e7\u00fcn d\u0259y\u0259r \u0259lav\u0259 ed\u0259k!<\/p>\n<figure class=\"wp-caption aligncenter\"><a href=\"https:\/\/photos.google.com\/share\/AF1QipNCIEEehDyv0BIPjWmkOCGOAkKvcgM0JKh0rTbCAV-hQquJrwvrv4rKafH7S5Inxg\/photo\/AF1QipPnwX1MQ9dN39_eGG5uhUiiaE3FwW2XWGzEt9g?key=MU96cGl6c0dfMVpJc2djQ2I3RW5ESXBLY0ZVMmhR\" target=\"_blank\"><img decoding=\"async\" src=\"https:\/\/lh3.googleusercontent.com\/pw\/AP1GczPwbjYgpl2tjhlZ_V9LmAY55kxK3F50VlfNNZKANyJaf1w4MasEJXiguMf-JHlt6Aki2P2Nds7-mTqLmmdYPRyzMzwZj3Y5QZTAHQyldgNo1nYydMmfxyNR1Blt2k8nqIPivbvjI1ODc7Bhn1HJZzk5=w2000-h1333-s-no-gm?authuser=0\" width=\"2000\" height=\"1333\" alt=\"Daha c\u0259lbedici obyekt\u0259 yenil\u0259ndi!\" class=\"size-full\" \/><\/a><figcaption class=\"wp-caption-text\">Daha c\u0259lbedici obyekt\u0259 yenil\u0259ndi!<\/figcaption><\/figure>\n<h3>B&amp;G Fondunun m\u00fcv\u0259kkili Yuki Ki\u015finin yekun s\u00f6z\u00fc<\/h3>\n<figure class=\"wp-caption aligncenter\"><a href=\"https:\/\/photos.google.com\/share\/AF1QipNCIEEehDyv0BIPjWmkOCGOAkKvcgM0JKh0rTbCAV-hQquJrwvrv4rKafH7S5Inxg\/photo\/AF1QipNdIKNAoHBvOdTcfE2J6HYteVMDTuj9DtyLh8w?key=MU96cGl6c0dfMVpJc2djQ2I3RW5ESXBLY0ZVMmhR\" target=\"_blank\"><img decoding=\"async\" src=\"https:\/\/lh3.googleusercontent.com\/pw\/AP1GczPk-nNNb1lPXCOsyNUmOhxDC7-TPyDZfKHW5sjFhhvOpRf49SMs1SJ4eJHDYElepb8D3Zp1jRAW3Sq-u4KK2djowOTX9Fvhqoz67uKIYR4t9YuFqz9Bap2hyNy2uDzoFqqaOMEEwk1AMzlHggn5SHTN=w2000-h1333-s-no-gm?authuser=0\" width=\"2000\" height=\"1333\" alt=\"Yuki Ki\u015fi, B&amp;G Fondunun q\u0259yyumudur\" class=\"size-full\" \/><\/a><figcaption class=\"wp-caption-text\">Yuki Ki\u015fi, B&amp;G Fondunun q\u0259yyumudur<\/figcaption><\/figure>\n<p>M\u00fc\u015favir Yuki Ki\u015fi Milli Zirv\u0259d\u0259n ilhamland\u0131\u011f\u0131n\u0131 v\u0259 Kami Town, Miyagi prefekturas\u0131 v\u0259 Hokkaydo Taiki \u015f\u0259h\u0259rinin n\u00fcmun\u0259 ara\u015fd\u0131rmalar\u0131ndan t\u0259sirl\u0259ndiyini bildirdi. O, h\u0259m\u00e7inin D\u0259niz M\u0259rk\u0259zind\u0259n istifad\u0259d\u0259 \u00e7evik d\u00fc\u015f\u00fcnc\u0259nin vacibliyini vur\u011fulad\u0131.<\/p>\n<figure class=\"wp-caption aligncenter\"><a href=\"https:\/\/photos.google.com\/share\/AF1QipNCIEEehDyv0BIPjWmkOCGOAkKvcgM0JKh0rTbCAV-hQquJrwvrv4rKafH7S5Inxg\/photo\/AF1QipO2QiFV9hKEfRowJaoxR02ZIFIpgX-PPPCi9sU?key=MU96cGl6c0dfMVpJc2djQ2I3RW5ESXBLY0ZVMmhR\" target=\"_blank\"><img decoding=\"async\" src=\"https:\/\/lh3.googleusercontent.com\/pw\/AP1GczPKgn-cJxAWFfPBS5ExIUsv0D_-KphLWYIxt_O4louKtPEFIjTpJw13RlXT5BW5yYEL5zhmiV2a9qaiP0P9L08yIaxiBRvO-D3KoPp9kenUqpLpvqGjNxPNuLncw0bIk9kll8Accen_51s4YML0XVOu=w2000-h1333-s-no-gm?authuser=0\" width=\"2000\" height=\"1333\" alt=\"B&amp;G Milli Sammiti ba\u015fa \u00e7at\u0131r\" class=\"size-full\" \/><\/a><figcaption class=\"wp-caption-text\">B&amp;G Milli Sammiti ba\u015fa \u00e7at\u0131r<\/figcaption><\/figure>\n<figure class=\"wp-caption aligncenter\"><a href=\"https:\/\/photos.google.com\/share\/AF1QipNCIEEehDyv0BIPjWmkOCGOAkKvcgM0JKh0rTbCAV-hQquJrwvrv4rKafH7S5Inxg\/photo\/AF1QipPacWbPOcORHVDhZDaUCaWRSeuEB3vHiGkjyaA?key=MU96cGl6c0dfMVpJc2djQ2I3RW5ESXBLY0ZVMmhR\" target=\"_blank\"><img decoding=\"async\" src=\"https:\/\/lh3.googleusercontent.com\/pw\/AP1GczOnYnx8D-FMr2Hi33f050l7pHyexk7qJn_yDUaF6ByFShUbv2O2vAnLVf3R7_7OtrLzfnxmneax3lQLJ79UKMEyZtyc6HMiAvSVsvI957WqtDhb5yrV7fbD58A-fE1GZ-owbcdIsRUEqZpKryYj-huJ=w2000-h1500-s-no-gm?authuser=0\" width=\"2000\" height=\"1500\" alt=\"B&amp;G Fonduna g\u0259ncl\u0259rin b\u00f6y\u00fck arzular\u0131n\u0131n geni\u015fl\u0259ndirilm\u0259sind\u0259 b\u00f6y\u00fck \u0259m\u0259yin\u0259 g\u00f6r\u0259 \u00fcr\u0259kd\u0259n t\u0259\u015f\u0259kk\u00fcr\u00fcm\u00fcz\u00fc bildiririk!\" class=\"size-full\" \/><\/a><figcaption class=\"wp-caption-text\">B&amp;G Fonduna g\u0259ncl\u0259rin b\u00f6y\u00fck arzular\u0131n\u0131n geni\u015fl\u0259ndirilm\u0259sind\u0259 b\u00f6y\u00fck \u0259m\u0259yin\u0259 g\u00f6r\u0259 \u00fcr\u0259kd\u0259n t\u0259\u015f\u0259kk\u00fcr\u00fcm\u00fcz\u00fc bildiririk!<\/figcaption><\/figure>\n<p>\u201cU\u015faqlar\u0131n g\u00f6zl\u0259rinin par\u0131ldad\u0131\u011f\u0131, g\u0259ncl\u0259rin b\u00f6y\u00fck arzulardan dan\u0131\u015fd\u0131\u011f\u0131, ya\u015fl\u0131lar\u0131n is\u0259 mehriban t\u0259b\u0259ss\u00fcml\u0259 g\u00fcnl\u0259rini ke\u00e7irdiyi g\u00f6z\u0259l s\u0259hn\u0259l\u0259rl\u0259 dolu g\u0259l\u0259c\u0259k yaratmaq\u201d anlay\u0131\u015f\u0131 il\u0259 geni\u015f perspektivl\u0259 f\u0259aliyy\u0259t g\u00f6st\u0259r\u0259n, Yaponiyan\u0131n g\u0259l\u0259c\u0259yin\u0259 parlaq v\u0259 enerjili titr\u0259m\u0259l\u0259rl\u0259 r\u0259hb\u0259rlik ed\u0259n B&amp;G Fondunun b\u00f6y\u00fck nailiyy\u0259tl\u0259ri \u00fc\u00e7\u00fcn sonsuz sevgi, minn\u0259tdarl\u0131q v\u0259 dualarla.<\/p>\n<h2>Youtube videolar\u0131<\/h2>\n<div class=\"youtube\"><iframe title=\"17-ci B&amp;G Milli Zirv\u0259si 2025 ke\u00e7iril\u0259c\u0259k v\u0259 Hokuryu \u015e\u0259h\u0259ri ard\u0131c\u0131l 10-cu il X\u00fcsusi Qiym\u0259tl\u0259ndirm\u0259 M\u0259rk\u0259zi kimi tan\u0131nacaq!\" src=\"https:\/\/www.youtube.com\/embed\/2aBqYyXcJhE?feature=oembed\" frameborder=\"0\" allow=\"accelerometer; autoplay; clipboard-write; encrypted-media; gyroscope; picture-in-picture; web-share\" referrerpolicy=\"strict-origin-when-cross-origin\" allowfullscreen><\/iframe><\/div>\n<div class=\"youtube\"><iframe title=\"17-ci B&amp;G Milli Zirv\u0259si 2025 X\u00fcsusi \u018fsas \u00c7\u0131x\u0131\u015f\u0131 &quot;Yaponiyan\u0131n g\u0259l\u0259c\u0259yi t\u0259hl\u00fck\u0259d\u0259dirmi?&quot; Nippon Fondunun s\u0259dri Yohei Sasakava t\u0259r\u0259find\u0259n\" src=\"https:\/\/www.youtube.com\/embed\/iqzYIms7_Z0?feature=oembed\" frameborder=\"0\" allow=\"accelerometer; autoplay; clipboard-write; encrypted-media; gyroscope; picture-in-picture; web-share\" referrerpolicy=\"strict-origin-when-cross-origin\" allowfullscreen><\/iframe><\/div>\n<h2>Dig\u0259r foto\u015f\u0259kill\u0259r<\/h2>\n<div class=\"img-move\"><img decoding=\"async\" style=\"vertical-align: middle;\" src=\"https:\/\/ehokkaido.net\/wp-content\/uploads\/2021\/12\/2021-12-06-11.41.12.png\" \/> <a href=\"https:\/\/photos.app.goo.gl\/V85bG46RrXcWSoGb8\" target=\"_blank\" rel=\"noopener noreferrer\">17-ci B&amp;G Milli Sammit 2025-d\u0259n fotolar (325 \u015f\u0259kil) burada m\u00f6vcuddur &gt;&gt;<\/a><\/div>\n<h2>\u018flaq\u0259dar Saytlar<\/h2>\n\n        <div class=\"site-blogcard-premium\">\n            <div class=\"bc-label-custom\">\u018flaq\u0259dar m\u0259qal\u0259l\u0259r<\/div>\n            <div class=\"bc-flex-container\">\n                <div class=\"bc-main-text\">\n                    <div class=\"bc-title-link-box\">\n                        <a href=\"https:\/\/www.bgf.or.jp\/kaigi\/summit\/2025\/20250124_summit.html\" target=\"_blank\">17-ci &quot;B&amp;G Milli Zirv\u0259si&quot; ke\u00e7irildi | B&amp;G Fondu<\/a>\n                    <\/div>\n                    <div class=\"bc-excerpt-box\"><\/div>\n                <\/div>\n                <div class=\"bc-thumbnail-box\">\n                    <a href=\"https:\/\/www.bgf.or.jp\/kaigi\/summit\/2025\/20250124_summit.html\" target=\"_blank\">\n                        <div class=\"bc-img-zoom-wrap\">\n                            <img decoding=\"async\" src=\"https:\/\/www.bgf.or.jp\/wp-content\/uploads\/2025\/01\/20250124_summit_topindex.jpg\" alt=\"17-ci &quot;B&amp;G Milli Zirv\u0259si&quot; ke\u00e7irildi | B&amp;G Fondu\">\n                        <\/div>\n                    <\/a>\n                <\/div>\n            <\/div>\n        <\/div>\n\u3000<br \/>\n\n        <div class=\"site-blogcard-premium\">\n            <div class=\"bc-label-custom\">\u018flaq\u0259dar m\u0259qal\u0259l\u0259r<\/div>\n            <div class=\"bc-flex-container\">\n                <div class=\"bc-main-text\">\n                    <div class=\"bc-title-link-box\">\n                        <a href=\"https:\/\/www.isenp.co.jp\/2025\/01\/24\/123453\" target=\"_blank\">https:\/\/www.isenp.co.jp\/2025\/01\/24\/123453<\/a>\n                    <\/div>\n                    <div class=\"bc-excerpt-box\">S\u0259hif\u0259 m\u0259lumatlar\u0131n\u0131 \u0259ld\u0259 etm\u0259k m\u00fcmk\u00fcn deyil.<\/div>\n                <\/div>\n                <div class=\"bc-thumbnail-box\">\n                    <a href=\"https:\/\/www.isenp.co.jp\/2025\/01\/24\/123453\" target=\"_blank\">\n                        <div class=\"bc-img-zoom-wrap\">\n                            <img decoding=\"async\" src=\"https:\/\/portal.hokuryu.info\/wp\/wp-content\/uploads\/2026\/02\/20230802DSC06445_1.jpg\" alt=\"https:\/\/www.isenp.co.jp\/2025\/01\/24\/123453\">\n                        <\/div>\n                    <\/a>\n                <\/div>\n            <\/div>\n        <\/div>\n\n        <div class=\"site-blogcard-premium\">\n            <div class=\"bc-label-custom\">\u018flaq\u0259dar m\u0259qal\u0259l\u0259r<\/div>\n            <div class=\"bc-flex-container\">\n                <div class=\"bc-main-text\">\n                    <div class=\"bc-title-link-box\">\n                        <a href=\"https:\/\/www.muromin.jp\/news.php?id=120539\" target=\"_blank\">Siyas\u0259t\u00e7il\u0259r liderlik n\u00fcmayi\u015f etdirm\u0259lidirl\u0259r: Nippon Fondunun s\u0259dri Sasakava milli sammitd\u0259 b\u0259l\u0259diyy\u0259 ba\u015f\u00e7\u0131lar\u0131na m\u00fcraci\u0259t edir | Muroran Minpo Onlayn N\u0259\u015fr<\/a>\n                    <\/div>\n                    <div class=\"bc-excerpt-box\">[Tokio] B&amp;G Fondu (S\u0259dr: Yasuyoshi Maeda, Tokio) 22-d\u0259 Tokioda 17-ci Milli Zirv\u0259 Toplant\u0131s\u0131n\u0131 ke\u00e7irdi v\u0259...<\/div>\n                <\/div>\n                <div class=\"bc-thumbnail-box\">\n                    <a href=\"https:\/\/www.muromin.jp\/news.php?id=120539\" target=\"_blank\">\n                        <div class=\"bc-img-zoom-wrap\">\n                            <img decoding=\"async\" src=\"https:\/\/www.muromin.jp\/up\/img\/m\/20250123201336509_2288701705.jpg\" alt=\"Siyas\u0259t\u00e7il\u0259r liderlik n\u00fcmayi\u015f etdirm\u0259lidirl\u0259r: Nippon Fondunun s\u0259dri Sasakava milli sammitd\u0259 b\u0259l\u0259diyy\u0259 ba\u015f\u00e7\u0131lar\u0131na m\u00fcraci\u0259t edir | Muroran Minpo Onlayn N\u0259\u015fr\">\n                        <\/div>\n                    <\/a>\n                <\/div>\n            <\/div>\n        <\/div>\n\n        <div class=\"site-blogcard-premium\">\n            <div class=\"bc-label-custom\">\u018flaq\u0259dar m\u0259qal\u0259l\u0259r<\/div>\n            <div class=\"bc-flex-container\">\n                <div class=\"bc-main-text\">\n                    <div class=\"bc-title-link-box\">\n                        <a href=\"https:\/\/blog.goo.ne.jp\/yasuhiko-fujisawa\/e\/f4cc8078f8f245d510b5cb3b5510a162\" target=\"_blank\">https:\/\/blog.goo.ne.jp\/yasuhiko-fujisawa\/e\/f4cc8078f8f245d510b5cb3b5510a162<\/a>\n                    <\/div>\n                    <div class=\"bc-excerpt-box\">S\u0259hif\u0259 m\u0259lumatlar\u0131n\u0131 \u0259ld\u0259 etm\u0259k m\u00fcmk\u00fcn deyil.<\/div>\n                <\/div>\n                <div class=\"bc-thumbnail-box\">\n                    <a href=\"https:\/\/blog.goo.ne.jp\/yasuhiko-fujisawa\/e\/f4cc8078f8f245d510b5cb3b5510a162\" target=\"_blank\">\n                        <div class=\"bc-img-zoom-wrap\">\n                            <img decoding=\"async\" src=\"https:\/\/portal.hokuryu.info\/wp\/wp-content\/uploads\/2026\/02\/20230802DSC06445_1.jpg\" alt=\"https:\/\/blog.goo.ne.jp\/yasuhiko-fujisawa\/e\/f4cc8078f8f245d510b5cb3b5510a162\">\n                        <\/div>\n                    <\/a>\n                <\/div>\n            <\/div>\n        <\/div>\n\n        <div class=\"site-blogcard-premium\">\n            <div class=\"bc-label-custom\">\u018flaq\u0259dar m\u0259qal\u0259l\u0259r<\/div>\n            <div class=\"bc-flex-container\">\n                <div class=\"bc-main-text\">\n                    <div class=\"bc-title-link-box\">\n                        <a href=\"https:\/\/www.city.fukui-sakai.lg.jp\/shogai-gakusyu\/houdou\/r6\/20250123bghyousyou.html\" target=\"_blank\">Fukui prefekturas\u0131n\u0131n Sakai \u015f\u0259h\u0259rind\u0259 yerl\u0259\u015f\u0259n Maruoka B&amp;G D\u0259niz M\u0259rk\u0259zi ard\u0131c\u0131l 10-cu ildir ki, &quot;X\u00fcsusi A&quot; d\u0259r\u0259c\u0259sin\u0259 layiq g\u00f6r\u00fcl\u00fcb.<\/a>\n                    <\/div>\n                    <div class=\"bc-excerpt-box\"><\/div>\n                <\/div>\n                <div class=\"bc-thumbnail-box\">\n                    <a href=\"https:\/\/www.city.fukui-sakai.lg.jp\/shogai-gakusyu\/houdou\/r6\/20250123bghyousyou.html\" target=\"_blank\">\n                        <div class=\"bc-img-zoom-wrap\">\n                            <img decoding=\"async\" src=\"https:\/\/www.city.fukui-sakai.lg.jp\/shared\/images\/sns\/logo.png\" alt=\"Fukui prefekturas\u0131n\u0131n Sakai \u015f\u0259h\u0259rind\u0259 yerl\u0259\u015f\u0259n Maruoka B&amp;G D\u0259niz M\u0259rk\u0259zi ard\u0131c\u0131l 10-cu ildir ki, &quot;X\u00fcsusi A&quot; d\u0259r\u0259c\u0259sin\u0259 layiq g\u00f6r\u00fcl\u00fcb.\">\n                        <\/div>\n                    <\/a>\n                <\/div>\n            <\/div>\n        <\/div>\n\n        <div class=\"site-blogcard-premium\">\n            <div class=\"bc-label-custom\">\u018flaq\u0259dar m\u0259qal\u0259l\u0259r<\/div>\n            <div class=\"bc-flex-container\">\n                <div class=\"bc-main-text\">\n                    <div class=\"bc-title-link-box\">\n                        <a href=\"https:\/\/www.city.taketa.oita.jp\/soshiki\/somuka\/hisyo\/shichonoheya\/ugoki2025\/10808.html\" target=\"_blank\">22 Yanvar 2025-ci il tarixli t\u0259dbirl\u0259r \/ Taketa City<\/a>\n                    <\/div>\n                    <div class=\"bc-excerpt-box\"><\/div>\n                <\/div>\n                <div class=\"bc-thumbnail-box\">\n                    <a href=\"https:\/\/www.city.taketa.oita.jp\/soshiki\/somuka\/hisyo\/shichonoheya\/ugoki2025\/10808.html\" target=\"_blank\">\n                        <div class=\"bc-img-zoom-wrap\">\n                            <img decoding=\"async\" src=\"https:\/\/www.city.taketa.oita.jp\/material\/images\/group\/1\/544739488296337410.jpg\" alt=\"22 Yanvar 2025-ci il tarixli t\u0259dbirl\u0259r \/ Taketa City\">\n                        <\/div>\n                    <\/a>\n                <\/div>\n            <\/div>\n        <\/div>\n<p>\u25c7 M\u00fcsahib\u0259 v\u0259 m\u0259tn: Ikuko Terauchi (foto\u015f\u0259kil v\u0259 redakt\u0259 yard\u0131m\u0131: Noboru Terauchi)<\/p>","protected":false},"excerpt":{"rendered":"<p>\uff12\uff10\uff12\uff15\u5e74\uff11\u6708\uff12\uff17\u65e5\uff08\u6708\uff09 \uff11\u6708\uff12\uff12\u65e5\uff08\u6c34\uff09\u3001\u300c\u7b2c\uff11\uff17\u56de\uff22\uff06\uff27\u5168\u56fd\u30b5\u30df\u30c3\u30c8\u300d\u304c\u30d9\u30eb\u30b5\u30fc\u30eb\u6771\u4eac\u65e5\u672c\u6a4b\uff08\u6771\u4eac\u90fd\u4e2d\u592e\u533a\uff09\u306b\u3066\u958b\u50ac\u3055\u308c\u307e\u3057\u305f\u3002\u4eca\u56de\u306e\u7b2c\uff11\uff17\u56de\uff22\uff06\uff27\u5168\u56fd\u30b5\u30df\u30c3\u30c8\u3067\u306f\u3001\u300c\u30df\u30af\u30ed\u3068\u30de\u30af\u30ed\u3067\u898b\u308b\u516c\u5171\u65bd [&hellip;]<\/p>\n","protected":false},"author":1,"featured_media":54987,"comment_status":"open","ping_status":"open","sticky":false,"template":"","format":"standard","meta":{"footnotes":""},"categories":[4,75,23],"tags":[],"class_list":["post-54953","post","type-post","status-publish","format-standard","has-post-thumbnail","hentry","category-cover-story","category-sasaki-yasuhiro-mayor","category-board-of-education"],"_links":{"self":[{"href":"https:\/\/portal.hokuryu.info\/az\/wp-json\/wp\/v2\/posts\/54953","targetHints":{"allow":["GET"]}}],"collection":[{"href":"https:\/\/portal.hokuryu.info\/az\/wp-json\/wp\/v2\/posts"}],"about":[{"href":"https:\/\/portal.hokuryu.info\/az\/wp-json\/wp\/v2\/types\/post"}],"author":[{"embeddable":true,"href":"https:\/\/portal.hokuryu.info\/az\/wp-json\/wp\/v2\/users\/1"}],"replies":[{"embeddable":true,"href":"https:\/\/portal.hokuryu.info\/az\/wp-json\/wp\/v2\/comments?post=54953"}],"version-history":[{"count":0,"href":"https:\/\/portal.hokuryu.info\/az\/wp-json\/wp\/v2\/posts\/54953\/revisions"}],"wp:featuredmedia":[{"embeddable":true,"href":"https:\/\/portal.hokuryu.info\/az\/wp-json\/wp\/v2\/media\/54987"}],"wp:attachment":[{"href":"https:\/\/portal.hokuryu.info\/az\/wp-json\/wp\/v2\/media?parent=54953"}],"wp:term":[{"taxonomy":"category","embeddable":true,"href":"https:\/\/portal.hokuryu.info\/az\/wp-json\/wp\/v2\/categories?post=54953"},{"taxonomy":"post_tag","embeddable":true,"href":"https:\/\/portal.hokuryu.info\/az\/wp-json\/wp\/v2\/tags?post=54953"}],"curies":[{"name":"wp","href":"https:\/\/api.w.org\/{rel}","templated":true}]}}