{"id":49499,"date":"2024-08-13T09:38:37","date_gmt":"2024-08-13T00:38:37","guid":{"rendered":"https:\/\/portal.hokuryu.info\/?p=49499"},"modified":"2025-03-10T16:35:14","modified_gmt":"2025-03-10T07:35:14","slug":"soraci-regional-inkisaf-burosunun-direktoru-kenichi-suzuki-hokuryunun-g%c9%99l%c9%99c%c9%99yi-adli-cixis-edir","status":"publish","type":"post","link":"https:\/\/portal.hokuryu.info\/az\/49499\/","title":{"rendered":"Sora\u00e7i Regional \u0130nki\u015faf B\u00fcrosunun direktoru Kenichi Suzuki \u201cG\u0259l\u0259c\u0259kd\u0259 Hokuryu q\u0259s\u0259b\u0259sind\u0259 k\u0259nd t\u0259s\u0259rr\u00fcfat\u0131ndan n\u0259 g\u00f6zl\u0259yirik\u201d adl\u0131 m\u0259ruz\u0259 il\u0259 \u00e7\u0131x\u0131\u015f edib v\u0259 fikir m\u00fcbadil\u0259si sessiyas\u0131 ke\u00e7irib."},"content":{"rendered":"<p>\u00c7\u0259r\u015f\u0259nb\u0259 ax\u015fam\u0131, 13 avqust 2024-c\u00fc il<\/p>\n<p>Bazar ert\u0259si, avqustun 5-i saat 16:00-dan etibar\u0259n Hokkaydo Ba\u015f B\u00fcrosunun direktoru c\u0259nab Kenichi Suzuki Hokuriku \u015f\u0259h\u0259rinin g\u0259nc fermerl\u0259rin\u0259 m\u00fchazir\u0259 oxumaq v\u0259 Hokuriku \u015f\u0259h\u0259rinin kommersiya f\u0259aliyy\u0259tini canland\u0131rma obyektinin \u00e7oxm\u0259qs\u0259dli m\u0259kan\u0131nda onlarla fikir m\u00fcbadil\u0259si aparmaq \u00fc\u00e7\u00fcn d\u0259v\u0259t edildi.<\/p>\n<h2>M\u00fchazir\u0259: G\u0259l\u0259c\u0259kd\u0259 Hokuryu q\u0259s\u0259b\u0259sind\u0259 k\u0259nd t\u0259s\u0259rr\u00fcfat\u0131ndan n\u0259 g\u00f6zl\u0259m\u0259k olar<br \/>\n- Su aktivl\u0259\u015fdirm\u0259 subsidiyas\u0131n\u0131n n\u0259z\u0259rd\u0259n ke\u00e7irilm\u0259si il\u0259 on il sonra Sorachi k\u0259nd t\u0259s\u0259rr\u00fcfat\u0131n\u0131 bir f\u00fcrs\u0259t olaraq n\u0259z\u0259rd\u0259n ke\u00e7ir\u0259r\u0259k -<\/h2>\n<h3>Moderator: Merin m\u00fcavini Masaaki Okuda<\/h3>\n<figure class=\"wp-caption aligncenter\"><a href=\"https:\/\/photos.google.com\/share\/AF1QipO0BM1sk7kZR4zzBZLz3prDf9FtrQRDUOlEFbVvI1eaIiprQMqf87M1fs2sT9K99Q\/photo\/AF1QipNw_zQyTpdBAeVNLbd0DlqMADCigdf4VUCiHD8?key=aWRzZ2NhNjlheWN6SjFqNWZKdTBwam9tcVFNQVp3\"target=\"_blank\"><img decoding=\"async\" src=\"https:\/\/lh3.googleusercontent.com\/pw\/AP1GczPNx3CA-e2o1t0deU-0ELTrpxWfpBl4gBsW3bGI3Mi4L0UhmOm5gUCkWW7PdXvxGr5Up9RbsbbvdvOflIVMv3NzbIbEDJjbfyPIbe8zSugGRUET5qG7hf2ap5SP1uwy_yme7iJz8_d5XnBamm1qX6Eu=w2000-h1333-s-no-gm?authuser=0\" width=\"2000\" height=\"1333\" alt=\"T\u0259dbirin moderatorlu\u011fu mer m\u00fcavini Masaaki Okuda olub.\" class=\"size-full\" \/><\/a><figcaption class=\"wp-caption-text\">T\u0259dbirin moderatorlu\u011fu mer m\u00fcavini Masaaki Okuda olub.<\/figcaption><\/figure>\n<h3>B\u0259l\u0259diyy\u0259 s\u0259dri Yasuhiro Sasakinin \u00e7\u0131x\u0131\u015f\u0131<\/h3>\n<figure class=\"wp-caption alignnone\"><a href=\"https:\/\/photos.google.com\/share\/AF1QipO0BM1sk7kZR4zzBZLz3prDf9FtrQRDUOlEFbVvI1eaIiprQMqf87M1fs2sT9K99Q\/photo\/AF1QipNIuiXZqJqnBt6WF10kcW6LNXCbNXkLGhkd4G8?key=aWRzZ2NhNjlheWN6SjFqNWZKdTBwam9tcVFNQVp3\"><img decoding=\"async\" src=\"https:\/\/lh3.googleusercontent.com\/pw\/AP1GczNdPiuxR3DKaUXbYZUGDK24jbK60P8h7D48OcacdBmi--s0iuutjDOOVeqE2jDqS0S0OMwsHvjf8FzNq-N9jbsrErAEjFU47PoriWnCRA_cv0U8RQNzoCkAh_gtHVJCix5YGydlGCdNIN3tO7ef7Bea=w2000-h1333-s-no-gm?authuser=0\" width=\"2000\" height=\"1333\" alt=\"B\u0259l\u0259diyy\u0259 Ba\u015f\u00e7\u0131s\u0131 Yasuhiro Sasaki\" class=\"size-full\" \/><\/a><figcaption class=\"wp-caption-text\">B\u0259l\u0259diyy\u0259 Ba\u015f\u00e7\u0131s\u0131 Yasuhiro Sasaki<\/figcaption><\/figure>\n<p>&quot;\u00dcmid edir\u0259m ki, direktor Suzuki v\u0259 b\u00f6lm\u0259 r\u0259isi Noqaminin s\u00f6hb\u0259tini dinl\u0259dikd\u0259n v\u0259 sizin ham\u0131n\u0131zla fikir m\u00fcbadil\u0259si apard\u0131qdan sonra onlarla dostlu\u011funuzu daha da d\u0259rinl\u0259\u015fdir\u0259 bil\u0259c\u0259ksiniz&quot; dedi mer Sasaki.<\/p>\n<h3>R\u0259y m\u00fcbadil\u0259si i\u015ftirak\u00e7\u0131lar\u0131<\/h3>\n<h4>Hokkaydo Sorachi Regional \u0130nki\u015faf B\u00fcrosu: 2 n\u0259f\u0259r<\/h4>\n<ul>\n<li>Kenichi Suzuki, Sorachi Regional \u0130nki\u015faf B\u00fcrosunun direktoru<\/li>\n<li>Tatsuya Noqami, K\u0259nd T\u0259s\u0259rr\u00fcfat\u0131 Direktoru, S\u0259nayenin T\u0259\u015fviqi Departamentinin Sora\u00e7i Regional \u0130nki\u015faf B\u00fcrosunun<\/li>\n<\/ul>\n<h4>Hokuryu q\u0259s\u0259b\u0259si: 19 n\u0259f\u0259r<\/h4>\n<ul>\n<li>Hokuryu \u015f\u0259h\u0259rinin meri Yasuhiro Sasaki<\/li>\n<li>Masaaki Okuda, Hokuryu \u015f\u0259h\u0259ri merinin m\u00fcavini<\/li>\n<li>Katsuyoshi Takahashi, \u00dcmumi \u0130\u015fl\u0259r \u015e\u00f6b\u0259si, Hokuryu Town Hall<\/li>\n<li>Hokuryu Town K\u0259nd T\u0259s\u0259rr\u00fcfat\u0131n\u0131n T\u0259\u015fviqi \u015euras\u0131, Komit\u0259 \u00dczv\u00fc Satoshi Hashimoto<\/li>\n<li>Masayuki Takada, Hokuryu Town K\u0259nd T\u0259s\u0259rr\u00fcfat\u0131n\u0131n T\u0259\u015fviqi \u015euras\u0131n\u0131n \u00fczv\u00fc (Farm Zenzo Co., Ltd.-nin n\u00fcmay\u0259nd\u0259si)<\/li>\n<li>Tomohiro Fukase, Hokuryu Rayon JA Agri D\u0259st\u0259k \u015euras\u0131n\u0131n (F\u0259rdi Fermer) n\u00fcmay\u0259nd\u0259si<\/li>\n<li>Takahiro Fujii, Hokuryu Rayon JA Agri D\u0259st\u0259k \u015euras\u0131n\u0131n vitse-prezidenti (F\u0259rdi Fermer)<\/li>\n<li>Yuta Kawamura, Auditor (F\u0259rdi Fermer), G\u0259ncl\u0259r \u015e\u00f6b\u0259si, JA Kitasorachi Hokuryu K\u0259nd T\u0259s\u0259rr\u00fcfat\u0131 Kooperativi<\/li>\n<li>Tatsuya Yoshioka, JA Kitasorachi Hokuryu K\u0259nd T\u0259s\u0259rr\u00fcfat\u0131 Kooperativi G\u0259ncl\u0259r \u015e\u00f6b\u0259sinin K\u0259nd T\u0259s\u0259rr\u00fcfat\u0131n\u0131n \u0130dar\u0259 Edilm\u0259si v\u0259 K\u0259nd T\u0259s\u0259rr\u00fcfat\u0131 Siyas\u0259ti B\u00f6lm\u0259sinin S\u0259dri (Horyu Farm, K\u0259nd T\u0259s\u0259rr\u00fcfat\u0131 Kooperativl\u0259ri Assosiasiyas\u0131)<\/li>\n<li>Hiroto Sakamaki, Honoka K\u0259nd T\u0259s\u0259rr\u00fcfat\u0131 Kooperativ Assosiasiyas\u0131n\u0131n direktoru<\/li>\n<li>Honoka K\u0259nd T\u0259s\u0259rr\u00fcfat\u0131 Kooperativ Birliyi, Yoshio Taishi<\/li>\n<li>Junpei Mihara, Hokuryu Ticar\u0259t v\u0259 S\u0259naye Palatas\u0131n\u0131n G\u0259ncl\u0259r B\u00f6lm\u0259sinin direktoru (Hekisui Co., Ltd.)<\/li>\n<li>Tetsuya Yamazaki, Hokuriku Ticar\u0259t v\u0259 S\u0259naye Palatas\u0131n\u0131n G\u0259ncl\u0259r \u015f\u00f6b\u0259sinin m\u00fcdir m\u00fcavini (Hei Construction Co., Ltd.)<\/li>\n<li>Hokuryu \u0130n\u015faat S\u0259nayesi Assosiasiyas\u0131n\u0131n s\u0259dri Kenseikai, Kiyohiko Fujinobu (Hokuko Construction Co., Ltd.)<\/li>\n<li>Shinichi Sasaki, Hokuryu \u0130n\u015faat S\u0259nayesi Assosiasiyas\u0131n\u0131n s\u0259dr m\u00fcavini Kenseikai (Hokuso Co., Ltd.)<\/li>\n<li>Kiyotaka Fujinobu, Planla\u015fd\u0131rma Komit\u0259sinin s\u0259dri, Hokuryu \u0130n\u015faat S\u0259nayesi Assosiasiyas\u0131 Kenseikai (Shiomi Construction Co., Ltd.)<\/li>\n<li>Keiko Tsuzuki, Hokuryu \u015e\u0259h\u0259r Ofisinin S\u0259naye \u015e\u00f6b\u0259sinin Direktoru<\/li>\n<li>Junichi Iguchi, M\u00fc\u015favir, S\u0259naye \u015e\u00f6b\u0259si, Hokuryu Town Hall<\/li>\n<li>Hokuryu \u015e\u0259h\u0259r K\u0259nd T\u0259s\u0259rr\u00fcfat\u0131 Komit\u0259sinin ba\u015f katibi \u0130kuo Hase<\/li>\n<\/ul>\n<h3>Kenichi Suzuki, Sorachi Regional \u0130nki\u015faf B\u00fcrosunun ba\u015f direktoru, Hokkaydo<\/h3>\n<figure class=\"wp-caption aligncenter\"><a href=\"https:\/\/photos.google.com\/share\/AF1QipO0BM1sk7kZR4zzBZLz3prDf9FtrQRDUOlEFbVvI1eaIiprQMqf87M1fs2sT9K99Q\/photo\/AF1QipPSrVvLbI7PzCpBDKHnvt9Y3fX_ep9yWBWChl0?key=aWRzZ2NhNjlheWN6SjFqNWZKdTBwam9tcVFNQVp3\"><img decoding=\"async\" src=\"https:\/\/lh3.googleusercontent.com\/pw\/AP1GczPowORMMJD_Ba0TLNMTHsp6ndGmFO9naoWRvCqJZxi76JqfzfYQkOyK1FLzSCkwrj1mqnNtPDAyy5eW2UQvCruvLdjIi_TJL-GncF4xxCNCcD3n7AEinrCJp2m8hLpgQx6rjlDCSEDsbfplhSvTAd7w=w2000-h1333-s-no-gm?authuser=0\" width=\"2000\" height=\"1333\" alt=\"Kenichi Suzuki, Sorachi Regional \u0130nki\u015faf B\u00fcrosunun ba\u015f direktoru, Hokkaydo\" class=\"size-full\" \/><\/a><figcaption class=\"wp-caption-text\">Kenichi Suzuki, Sorachi Regional \u0130nki\u015faf B\u00fcrosunun ba\u015f direktoru, Hokkaydo<\/figcaption><\/figure>\n<h3>M\u00fchazir\u0259: G\u0259l\u0259c\u0259kd\u0259 Hokuryu q\u0259s\u0259b\u0259sind\u0259 k\u0259nd t\u0259s\u0259rr\u00fcfat\u0131ndan n\u0259 g\u00f6zl\u0259m\u0259k olar<br \/>\n- Su aktivl\u0259\u015fdirm\u0259 subsidiyas\u0131n\u0131n n\u0259z\u0259rd\u0259n ke\u00e7irilm\u0259si il\u0259 on il sonra Sorachi k\u0259nd t\u0259s\u0259rr\u00fcfat\u0131n\u0131 bir f\u00fcrs\u0259t olaraq n\u0259z\u0259rd\u0259n ke\u00e7ir\u0259r\u0259k -<\/h3>\n<ol>\n<li>\u00f6z\u00fcn\u00fc t\u0259qdimetm\u0259<\/li>\n<li>\u018frzaq, K\u0259nd T\u0259s\u0259rr\u00fcfat\u0131 v\u0259 K\u0259nd T\u0259s\u0259rr\u00fcfat\u0131 haqq\u0131nda \u018fsas Qanuna edil\u0259n qism\u0259n d\u0259yi\u015fikliyin x\u00fclas\u0259si<\/li>\n<li>Hokkaydoda k\u0259nd t\u0259s\u0259rr\u00fcfat\u0131n\u0131n cari v\u0259ziyy\u0259ti v\u0259 probleml\u0259ri<\/li>\n<li>Sorachi K\u0259nd T\u0259s\u0259rr\u00fcfat\u0131n\u0131n h\u0259d\u0259f almal\u0131 oldu\u011fu istiqam\u0259t<\/li>\n<li>Sorachi K\u0259nd T\u0259s\u0259rr\u00fcfat\u0131 T\u0259\u015f\u0259bb\u00fcsl\u0259rinin N\u00fcmun\u0259l\u0259ri<\/li>\n<li>Hokuryuda k\u0259nd t\u0259s\u0259rr\u00fcfat\u0131na \u00fcmidl\u0259r<\/li>\n<li>N\u0259tic\u0259<\/li>\n<\/ol>\n<figure class=\"wp-caption aligncenter\"><a href=\"https:\/\/photos.google.com\/share\/AF1QipO0BM1sk7kZR4zzBZLz3prDf9FtrQRDUOlEFbVvI1eaIiprQMqf87M1fs2sT9K99Q\/photo\/AF1QipPpO2TaL-xK-VAzok7k8FCRxNY0Z9oqmanAeTA?key=aWRzZ2NhNjlheWN6SjFqNWZKdTBwam9tcVFNQVp3\"><img decoding=\"async\" src=\"https:\/\/lh3.googleusercontent.com\/pw\/AP1GczMMfhxA53ONo_pR_ZuVo6-8l8NTGrc2D3eeqTfxe1qFWXqW6fmqs7Zmj2d7CpQ3O76T1uASlGdwUQ-s9Qpmfbys3sAWpHp6EW3KKstxtjgpWaeKXLxXtUzfKFYxREc0P5RHtw1NwXbXFjc21SKM0GOz=w2000-h1333-s-no-gm?authuser=0\" width=\"2000\" height=\"1333\" alt=\"19 g\u0259nc i\u015ftirak etdi!\" class=\"size-full\" \/><\/a><figcaption class=\"wp-caption-text\">19 g\u0259nc i\u015ftirak etdi!<\/figcaption><\/figure>\n<h4>1. \u00d6z\u00fcn\u00fc t\u0259qdim etm\u0259<\/h4>\n<ul>\n<li>Oxotsk prefekturas\u0131n\u0131n Saroma \u015f\u0259h\u0259rind\u0259 anadan olub (1967-ci ilin iyununda 57 ya\u015f\u0131nda anadan olub)<\/li>\n<li>\u0130vate Universitetinin K\u0259nd T\u0259s\u0259rr\u00fcfat\u0131 fak\u00fclt\u0259sini bitirdikd\u0259n sonra 1992-ci ilin aprelind\u0259 Hokkaydo Prefektura H\u00f6kum\u0259tin\u0259 qo\u015fuldu.<\/li>\n<li>2005-ci ilin aprel ay\u0131ndan o, \u00fc\u00e7 il m\u00fcdd\u0259tind\u0259 Sora\u00e7i Subprefekturas\u0131n\u0131n K\u0259nd T\u0259s\u0259rr\u00fcfat\u0131 B\u00f6lm\u0259sinin \u0130stehsal\u0131n T\u0259\u015fviqi \u015e\u00f6b\u0259sinin r\u0259isi v\u0259zif\u0259sind\u0259 \u00e7al\u0131\u015fm\u0131\u015fd\u0131r.<\/li>\n<li>O, Hokkaydo Prefektura H\u00f6kum\u0259tinin K\u0259nd T\u0259s\u0259rr\u00fcfat\u0131 Siyas\u0259ti \u015e\u00f6b\u0259sinin Direktoru v\u0259 K\u0259nd T\u0259s\u0259rr\u00fcfat\u0131 Siyas\u0259ti Departamentinin Direktor m\u00fcavini v\u0259zif\u0259l\u0259rind\u0259 \u00e7al\u0131\u015f\u0131b v\u0259 2023-c\u00fc ilin iyun ay\u0131nda Sora\u00e7i Regional \u0130nki\u015faf B\u00fcrosunun direktoru t\u0259yin edilib.<\/li>\n<li>Hobbil\u0259r\u0259 qa\u00e7\u0131\u015f v\u0259 xiz\u0259k s\u00fcrm\u0259k daxildir.<\/li>\n<\/ul>\n<h4>\u2461 \u018frzaq, K\u0259nd T\u0259s\u0259rr\u00fcfat\u0131 v\u0259 K\u0259nd T\u0259s\u0259rr\u00fcfat\u0131 haqq\u0131nda \u018fsas Qanuna qism\u0259n d\u00fcz\u0259li\u015fin x\u00fclas\u0259si<\/h4>\n<p>D\u0259yi\u015fikliyin konturlar\u0131 k\u0259nd t\u0259s\u0259rr\u00fcfat\u0131 v\u0259 k\u0259nd yerl\u0259rini \u0259hat\u0259 ed\u0259n \u015f\u0259raitd\u0259 ba\u015f ver\u0259n m\u00fcxt\u0259lif d\u0259yi\u015fiklikl\u0259r\u0259 cavab verm\u0259k v\u0259 \u0259rzaq t\u0259hl\u00fck\u0259sizliyinin yarad\u0131lmas\u0131, \u0259traf m\u00fchitl\u0259 harmoniyada qida sisteminin t\u0259min edilm\u0259si, k\u0259nd t\u0259s\u0259rr\u00fcfat\u0131n\u0131n davaml\u0131 inki\u015faf\u0131 \u00fc\u00e7\u00fcn m\u0259hsuldarl\u0131\u011f\u0131n art\u0131r\u0131lmas\u0131 v\u0259 k\u0259nd yerl\u0259rinin t\u0259\u015fviqi (yerli resurslardan s\u0259m\u0259r\u0259li istifad\u0259, k\u0259nd t\u0259s\u0259rr\u00fcfat\u0131 v\u0259 heyvandarl\u0131q \u0259leyhin\u0259 t\u0259dbirl\u0259r, heyvandarl\u0131q v\u0259 heyvandarl\u0131q \u0259leyhin\u0259 t\u0259dbirl\u0259r) il\u0259 ba\u011fl\u0131 \u0259sas siyas\u0259tl\u0259ri m\u00fc\u0259yy\u0259n etm\u0259kd\u0259n ibar\u0259tdir. v\u0259 heyvanlar\u0131n z\u0259d\u0259l\u0259nm\u0259si).<\/p>\n<p><strong>\u0130stinad i\u015fi<\/strong><\/p>\n<ol>\n<li>\u018frzaqla \u00f6z\u00fcn\u00fc t\u0259min etm\u0259 nisb\u0259tinin azalmas\u0131 (Yaponiyan\u0131n \u0259rzaqla \u00f6z\u00fcn\u00fc t\u0259min etm\u0259 s\u0259viyy\u0259si G7 \u00f6lk\u0259l\u0259ri aras\u0131nda \u0259n a\u015fa\u011f\u0131 s\u0259viyy\u0259d\u0259dir v\u0259 \u00f6lk\u0259 2030-cu il\u0259 q\u0259d\u0259r onu 45%-\u0259 \u00e7atd\u0131rma\u011f\u0131 h\u0259d\u0259fl\u0259yir)<\/li>\n<li>Yerli istehsal oluna bil\u0259n inqrediyentl\u0259rd\u0259n istifad\u0259 ed\u0259r\u0259k menyunu n\u0259z\u0259rd\u0259n ke\u00e7ir\u0259k<\/li>\n<li>G\u00fcbr\u0259 qiym\u0259tl\u0259rind\u0259ki tendensiyaya g\u0259linc\u0259, haz\u0131rda kimy\u0259vi g\u00fcbr\u0259l\u0259rin \u00e7oxu xaricd\u0259n g\u0259tirilir, qiym\u0259tl\u0259r is\u0259 havaya qalx\u0131r. G\u0259l\u0259c\u0259kd\u0259 heyvandarl\u0131q v\u0259 \u0259kin\u00e7ilik aras\u0131nda \u0259m\u0259kda\u015fl\u0131q yolu il\u0259 kompostun t\u0259min edilm\u0259si v\u0259 lil g\u00fcbr\u0259sind\u0259n s\u0259m\u0259r\u0259li istifad\u0259 edilm\u0259si kimi m\u00f6vcud daxili resurslardan s\u0259m\u0259r\u0259li istifad\u0259 etm\u0259k vacib olacaqd\u0131r.<\/li>\n<li>\u0130stehsal materiallar\u0131n\u0131n v\u0259 istehlak qiym\u0259tl\u0259rinin bahala\u015fmas\u0131 n\u0259z\u0259r\u0259 al\u0131nmaqla k\u0259nd t\u0259s\u0259rr\u00fcfat\u0131 m\u0259hsullar\u0131na m\u00fcvafiq qiym\u0259tl\u0259rin m\u00fc\u0259yy\u0259n edilm\u0259sin\u0259 bax\u0131lmas\u0131.<\/li>\n<li>Hokkaydonun iqlimi illik orta temperaturun artmas\u0131, ya\u011f\u0131nt\u0131lar\u0131n artmas\u0131, g\u00fcn\u0259\u015f radiasiyas\u0131n\u0131n azalmas\u0131, \u015faxtas\u0131z m\u00fcdd\u0259tin uzad\u0131lmas\u0131 v\u0259 qar\u0131n erk\u0259n \u0259rim\u0259si daxil olmaqla b\u00f6y\u00fck d\u0259yi\u015fiklikl\u0259r\u0259 m\u0259ruz qal\u0131r.<\/li>\n<li>Leysan ya\u011f\u0131\u015flar\u0131n\u0131n artmas\u0131<\/li>\n<li>\u0130stiliy\u0259davaml\u0131 d\u00fcy\u00fcn\u00fcn inki\u015faf\u0131. Hokkaydoda onlar haz\u0131rk\u0131 soyuq d\u00f6z\u00fcml\u00fcl\u00fcy\u00fc v\u0259 yax\u015f\u0131 dad\u0131 istiliy\u0259 d\u00f6z\u00fcml\u00fcl\u00fcy\u00fc birl\u0259\u015fdir\u0259n Hokkaydo tipli istiliy\u0259davaml\u0131 d\u00fcy\u00fc haz\u0131rlama\u011f\u0131 d\u00fc\u015f\u00fcn\u00fcrl\u0259r. Haz\u0131rk\u0131 sortlar\u0131n h\u0259m suyun, h\u0259m d\u0259 g\u00fcbr\u0259 idar\u0259\u00e7iliyinin h\u0259rt\u0259r\u0259fli olmas\u0131n\u0131 n\u0259z\u0259r\u0259 almaq laz\u0131md\u0131r.<\/li>\n<li>D\u00fcnya \u0259halisinin art\u0131m\u0131 (\u0259sas\u0259n Asiya v\u0259 Afrikada) 2050-ci il\u0259 q\u0259d\u0259r 10 milyarddan bir q\u0259d\u0259r az olacaq<\/li>\n<li>Hokkaydo v\u0259 Sora\u00e7i b\u00f6lg\u0259si \u00fc\u00e7\u00fcn \u0259hali meyll\u0259ri v\u0259 t\u0259xminl\u0259r (\u0259hali azalmas\u0131)<\/li>\n<li>D\u00fcy\u00fc \u0259kin\u00e7il\u0259rinin say\u0131n\u0131n azalmas\u0131 v\u0259 d\u00fcy\u00fc q\u0131tl\u0131\u011f\u0131. M\u00fcmk\u00fcnd\u00fcr ki, 2025-ci il\u0259 q\u0259d\u0259r biz 100% daxili \u00f6z\u00fcn\u00fc t\u0259min ed\u0259 bilm\u0259y\u0259c\u0259yik v\u0259 2030-cu il\u0259 q\u0259d\u0259r d\u00fcy\u00fc il\u0259 t\u0259min etm\u0259k \u00fc\u00e7\u00fcn yemd\u0259n \u0259sas qidaya ke\u00e7m\u0259k laz\u0131md\u0131rm\u0131? ? Z\u0259if m\u0259hsul olarsa, h\u00f6kum\u0259tin d\u00fcy\u00fc ehtiyat\u0131 2040-c\u0131 il\u0259 q\u0259d\u0259r t\u00fck\u0259n\u0259c\u0259k! ?<\/li>\n<\/ol>\n<h3>\u2462 Hokkaydoda k\u0259nd t\u0259s\u0259rr\u00fcfat\u0131n\u0131n cari v\u0259ziyy\u0259ti v\u0259 probleml\u0259ri<\/h3>\n<ol>\n<li><strong>Bu\u011fda istehsal\u0131 meyll\u0259ri:<\/strong>D\u00fcy\u00fc \u00e7\u0259ltikinin m\u0259hsuldarl\u0131\u011f\u0131n\u0131n yax\u015f\u0131la\u015fd\u0131r\u0131lmas\u0131 \u0259kin d\u00f6vriyy\u0259si vasit\u0259sil\u0259 d\u00fcy\u00fc \u00e7\u0259ltikinin funksionall\u0131\u011f\u0131n\u0131 qorumaq \u00fc\u00e7\u00fcn vacibdir<\/li>\n<li><strong>Hokkaydo soya istehsal\u0131:<\/strong>Say\u0131 ild\u0259n-il\u0259 art\u0131r v\u0259 \u00f6lk\u0259nin 40%-ni t\u0259\u015fkil edir. Hokkaydoda m\u0259hsuldarl\u0131\u011f\u0131n g\u00fccl\u0259ndirilm\u0259si son d\u0259r\u0259c\u0259 vacibdir v\u0259 biz t\u0259kc\u0259 bec\u0259ril\u0259n sah\u0259l\u0259rd\u0259 deyil, h\u0259m d\u0259 n\u00f6vb\u0259li \u0259kin sah\u0259l\u0259rind\u0259 m\u0259hsuldarl\u0131\u011f\u0131 art\u0131rmaq \u00fc\u00e7\u00fcn \u00e7al\u0131\u015fmal\u0131y\u0131q.<\/li>\n<li><strong>Qaraba\u015faq istehsal\u0131:<\/strong>Da\u011flara \u00e7evrilmi\u015f \u0259kin sah\u0259l\u0259rind\u0259 qaraba\u015faq istehsal\u0131n\u0131n davam etdirilm\u0259si \u00fc\u00e7\u00fcn vahid sah\u0259d\u0259n \u0259ld\u0259 olunan m\u0259hsuldarl\u0131\u011f\u0131 indiki s\u0259viyy\u0259d\u0259n art\u0131rmaq laz\u0131md\u0131r.<\/li>\n<li><strong>K\u0259nd t\u0259s\u0259rr\u00fcfat\u0131 m\u0259hsulunda meyll\u0259r:<\/strong>Hokkaydodak\u0131 d\u00f6rd \u0259sas prefektura b\u00fcrosu aras\u0131nda Toka\u00e7i birinci, Aba\u015firi, Kamikava v\u0259 Sora\u00e7i yer al\u0131r.<\/li>\n<li><strong>D\u0259yi\u015fikliy\u0259 cavab:<\/strong>\u00c7arlz Darvin demi\u015fdir: \u201cN\u00f6vl\u0259rin n\u0259 \u0259n g\u00fccl\u00fcs\u00fc sa\u011f qal\u0131r, n\u0259 d\u0259 \u0259n a\u011f\u0131ll\u0131s\u0131, d\u0259yi\u015fm\u0259y\u0259 \u0259n uy\u011funla\u015fa bil\u0259nl\u0259rdir\u201d.<\/li>\n<li>Tarixi v\u0259 \u0259n\u0259n\u0259l\u0259ri qorumaq, eyni zamanda h\u0259r d\u00f6vr\u0259 uy\u011fun \u0259kin\u00e7ilikl\u0259 m\u0259\u015f\u011ful olmaq vacibdir.<\/li>\n<\/ol>\n<h4>\u2463 Sorachi k\u0259nd t\u0259s\u0259rr\u00fcfat\u0131n\u0131n h\u0259d\u0259f almal\u0131 oldu\u011fu istiqam\u0259t<\/h4>\n<ol>\n<li><strong>Suyun aktivl\u0259\u015fdirilm\u0259si qrantlar\u0131n\u0131n n\u0259z\u0259rd\u0259n ke\u00e7irilm\u0259si:<\/strong>Siyas\u0259t ondan ibar\u0259tdir ki, n\u00f6vb\u0259ti be\u015f ild\u0259 (2022-2026) bir d\u0259f\u0259 d\u0259 olsun su alt\u0131nda qalmayan k\u0259nd t\u0259s\u0259rr\u00fcfat\u0131 torpaqlar\u0131 subsidiya \u00fc\u00e7\u00fcn uy\u011fun olmayacaq. \u018fg\u0259r da\u015fq\u0131n bir aydan art\u0131q apar\u0131l\u0131bsa v\u0259 m\u0259hsulun davaml\u0131 z\u0259d\u0259l\u0259nm\u0259si n\u0259tic\u0259sind\u0259 m\u0259hsul itkisi ba\u015f verm\u0259yibs\u0259, da\u015fq\u0131n ba\u015f vermi\u015f hesab olunur.\n<li><strong>Sorachi k\u0259nd t\u0259s\u0259rr\u00fcfat\u0131n\u0131n g\u00f6zl\u0259ntil\u0259ri v\u0259 rollar\u0131:<\/strong>Sorachi k\u0259nd t\u0259s\u0259rr\u00fcfat\u0131 \u0259rzaqla \u00f6z\u00fcn\u00fct\u0259minat\u0131n yax\u015f\u0131la\u015fd\u0131r\u0131lmas\u0131na v\u0259 \u0259rzaq t\u0259hl\u00fck\u0259sizliyinin g\u00fccl\u0259ndirilm\u0259sin\u0259 m\u00fcmk\u00fcn q\u0259d\u0259r t\u00f6hf\u0259 verir.<br \/>\n\u018fsas m\u0259qamlar \u201cinsan resurslar\u0131n\u0131n inki\u015faf\u0131 (texnika v\u0259 bilikl\u0259rin \u00f6t\u00fcr\u00fclm\u0259si sisteminin yarad\u0131lmas\u0131)\u201d, \u201ctorpa\u011f\u0131n haz\u0131rlanmas\u0131 (kompostun qorunmas\u0131 v\u0259 ondan s\u0259m\u0259r\u0259li istifad\u0259 edilm\u0259si, torpaq analizinin apar\u0131lmas\u0131)\u201d v\u0259 \u201ct\u0259l\u0259b\u0259 uy\u011fun istehsal (y\u00fcks\u0259k keyfiyy\u0259tli v\u0259 ucuz \u00e7\u0259ltik aras\u0131nda \u00e7\u0259ltik \u00e7\u0259ltikinin q\u00fctbl\u0259\u015fdirilm\u0259si, \u00e7\u0259ltik n\u00f6vb\u0259si il\u0259 i\u015f, tarlada y\u00fcks\u0259k m\u0259hsuldarl\u0131q, y\u00fcks\u0259k m\u0259hsuldarl\u0131q \u00fc\u00e7\u00fcn i\u015f)\u201ddir. Biz h\u0259m\u00e7inin k\u0259nd t\u0259s\u0259rr\u00fcfat\u0131 v\u0259 k\u0259nd yerl\u0259rinin inki\u015faf\u0131 layih\u0259l\u0259rini t\u0259\u015fviq ed\u0259c\u0259yik v\u0259 istehsal v\u0259 paylama sisteml\u0259rini t\u0259kmill\u0259\u015fdir\u0259c\u0259yik (birl\u0259\u015fm\u0259 yolu il\u0259 s\u0259m\u0259r\u0259liliyin art\u0131r\u0131lmas\u0131, k\u0259nd t\u0259s\u0259rr\u00fcfat\u0131 kooperativl\u0259ri aras\u0131nda \u0259m\u0259kda\u015fl\u0131q vasit\u0259sil\u0259 lotlar\u0131n t\u0259min edilm\u0259si).\n<\/ol>\n<h4>\u2464 Sorachi k\u0259nd t\u0259s\u0259rr\u00fcfat\u0131 t\u0259\u015f\u0259bb\u00fcsl\u0259rinin n\u00fcmun\u0259l\u0259ri<\/h4>\n<ol>\n<li>Sorachi tipli \u0259kin d\u00f6vriyy\u0259sinin t\u0259\u015fviqi (davaml\u0131 \u0259kinl\u0259rin qar\u015f\u0131s\u0131n\u0131 almaq \u00fc\u00e7\u00fcn birba\u015fa quru toxumun t\u0259tbiqi)<\/li>\n<li>Yem d\u00fcy\u00fc istehsal\u0131 (WCS) v\u0259 heyvandarl\u0131q<\/li>\n<li>Sake d\u00fcy\u00fc istehsal\u0131, Yamada Nishiki (Kato Farm, Ashibetsu City)<\/li>\n<li>Sar\u0131msaq istehsal\u0131 (JA Pinne t\u0259\u015f\u0259bb\u00fcs\u00fc)<br \/>\n\u30fbTarlalarda yeni m\u0259hsullar\u0131n t\u0259\u015fviqi (sar\u0131msaq, \u015firin kartof, f\u0131st\u0131q)<\/li>\n<li>Emal \u00fc\u00e7\u00fcn pomidor istehsal\u0131 (Hokkaydo Emal\u0131 Pomidorunun Geni\u015fl\u0259ndirilm\u0259si \u015euras\u0131n\u0131n v\u0259 JA \u0130vamizavan\u0131n t\u0259\u015f\u0259bb\u00fcsl\u0259ri)<\/li>\n<li>Sorachi \u00c7i\u00e7\u0259k \u0130stehsal\u0131<\/li>\n<li>\u015e\u0259rab \u00fcz\u00fcm (\u015f\u0259rab\u00e7\u0131l\u0131q) istehsal\u0131<\/li>\n<li>Kanalizasiya \u00e7amurunun g\u00fcbr\u0259 kimi istifad\u0259si (Iwamizawa City t\u0259\u015f\u0259bb\u00fcs\u00fc)<\/li>\n<\/ol>\n<h4>\u2465 Hokuryu q\u0259s\u0259b\u0259sind\u0259 k\u0259nd t\u0259s\u0259rr\u00fcfat\u0131 \u00fc\u00e7\u00fcn g\u00f6zl\u0259ntil\u0259r<\/h4>\n<ol>\n<li><strong>D\u00fcy\u00fc \u00e7\u0259ltikl\u0259rinin funksionall\u0131\u011f\u0131n\u0131n saxlanmas\u0131 v\u0259 t\u0259min edilm\u0259si<\/strong><br \/>\n\u30fbD\u00fcy\u00fc (y\u00fcks\u0259k keyfiyy\u0259tli d\u00fcy\u00fc, x\u00fcsusi bec\u0259ril\u0259n d\u00fcy\u00fc (g\u00fcn\u0259baxan d\u00fcy\u00fc), sake d\u00fcy\u00fc, ixrac d\u00fcy\u00fc)<br \/>\n\u30fb\u00c7lov tarlas\u0131n\u0131n rotasiyas\u0131 (d\u00fcy\u00fc, bu\u011fda, soya v\u0259 qaraba\u015faq yarmas\u0131 il\u0259 d\u00f6rd illik \u0259kin d\u00f6vriyy\u0259si)<br \/>\n\u30fbY\u00fcks\u0259k g\u0259lirli bitkil\u0259r (g\u00fcn\u0259baxan qarp\u0131z\u0131, g\u00fcn\u0259baxan bostan\u0131, \u00e7i\u00e7\u0259kl\u0259r)<\/li>\n<li><strong>K\u0259nd t\u0259s\u0259rr\u00fcfat\u0131 idar\u0259\u00e7iliyinin davaml\u0131 inki\u015faf\u0131<\/strong><br \/>\n\u30fbK\u0259nd t\u0259s\u0259rr\u00fcfat\u0131 korporasiyalar\u0131n\u0131n yarad\u0131lmas\u0131 (\u0259kin sah\u0259l\u0259rinin saxlanmas\u0131 v\u0259 idar\u0259 edilm\u0259si)<br \/>\n\u30fbK\u0259nd t\u0259s\u0259rr\u00fcfat\u0131 i\u015fl\u0259rin\u0259 d\u0259st\u0259k t\u0259\u015fkilatlar\u0131n\u0131n (podrat\u00e7\u0131lar\u0131n) yarad\u0131lmas\u0131 (i\u015f\u00e7i q\u00fcvv\u0259sini \u0259lav\u0259 etm\u0259k v\u0259 i\u015fin s\u0259m\u0259r\u0259liliyini art\u0131rmaq \u00fc\u00e7\u00fcn)<br \/>\n\u30fbA\u011f\u0131ll\u0131 k\u0259nd t\u0259s\u0259rr\u00fcfat\u0131n\u0131n t\u0259\u015fviqi<br \/>\n\u30fbK\u0259nd t\u0259s\u0259rr\u00fcfat\u0131 m\u0259hsullar\u0131n\u0131n brendl\u0259\u015fdirilm\u0259si (lotlar\u0131n t\u0259min edilm\u0259si, regional \u0259m\u0259kda\u015fl\u0131q)<\/li>\n<\/ol>\n<h4>\u2466 N\u0259tic\u0259<\/h4>\n<p>\u201cYem\u0259k h\u0259yat\u0131n m\u0259nb\u0259yidir (ya\u015famaq yem\u0259kdir) v\u0259 Hokuryu q\u0259s\u0259b\u0259sind\u0259ki k\u0259nd t\u0259s\u0259rr\u00fcfat\u0131 yapon xalq\u0131 \u00fc\u00e7\u00fcn \u0259rzaq istehsal etm\u0259y\u0259 davam etm\u0259k potensial\u0131na malikdir.<\/p>\n<p>\u0130st\u0259yir\u0259m ki, ham\u0131 k\u0259nd t\u0259s\u0259rr\u00fcfat\u0131na d\u0259y\u0259r versin v\u0259 bununla f\u0259xr etsin.<\/p>\n<p>Bundan 10 il sonra g\u0259l\u0259c\u0259k d\u00f6vr \u00fc\u00e7\u00fcn \u0259sas s\u00f6zl\u0259r \u201ct\u0259l\u0259b\u0259 uy\u011fun istehsal\u201d v\u0259 \u201cd\u0259yi\u015fikliy\u0259 uy\u011funla\u015fma\u201dd\u0131r v\u0259 m\u0259n ist\u0259rdim ki, bu sah\u0259d\u0259 i\u015fl\u0259m\u0259y\u0259 davam ed\u0259rk\u0259n bunlar\u0131 diqq\u0259td\u0259 saxlayas\u0131n\u0131z.\u201d Direktor Suzuki sessiyan\u0131 yekunla\u015fd\u0131rd\u0131.<\/p>\n<p>D\u0259y\u0259rli v\u0259 g\u00f6z\u0259l fikirl\u0259riniz\u0259 g\u00f6r\u0259 direktor Suzukiy\u0259 \u00e7ox sa\u011f olun.<\/p>\n<figure class=\"wp-caption alignnone\"><a href=\"https:\/\/photos.google.com\/share\/AF1QipO0BM1sk7kZR4zzBZLz3prDf9FtrQRDUOlEFbVvI1eaIiprQMqf87M1fs2sT9K99Q\/photo\/AF1QipNrtuhFIZvtIssWyMwnXQiKlX3jOnZpvwYPH5M?key=aWRzZ2NhNjlheWN6SjFqNWZKdTBwam9tcVFNQVp3\"><img decoding=\"async\" src=\"https:\/\/lh3.googleusercontent.com\/pw\/AP1GczMXQrUAWCRZ3vsC8oj1ftDAnXY7HWank0LPx7s2EyMJvx1cUkYSh1JLX8zWWqScQyZKaPUCdiMYR5A5bPtww1M03Mg7HmH-sP8Lzru22UWVyXDqB0vzp3_KQ8fKBkcV0zpA1rsN9RUHg4A9-gEA4laR=w2000-h1333-s-no-gm?authuser=0\" width=\"2000\" height=\"1333\" alt=\"Q&amp;A\" class=\"size-full\" \/><\/a><figcaption class=\"wp-caption-text\">Q&amp;A<\/figcaption><\/figure>\n<h3>Q&amp;A<\/h3>\n<ul>\n<li>A\u011f\u0131ll\u0131 K\u0259nd T\u0259s\u0259rr\u00fcfat\u0131 haqq\u0131nda<\/li>\n<li>\u0130nfrastrukturun inki\u015faf\u0131na t\u0259l\u0259bat (a\u015fa\u011f\u0131 s\u0131xl\u0131ql\u0131 \u0259razil\u0259rd\u0259)<\/li>\n<li>Torpa\u011f\u0131n haz\u0131rlanmas\u0131 (kompost v\u0259 g\u00fcbr\u0259 t\u0259dbirl\u0259ri) haqq\u0131nda<\/li>\n<li>Torpa\u011f\u0131n diaqnostikas\u0131n\u0131n apar\u0131lmas\u0131 (torpa\u011f\u0131n keyfiyy\u0259tinin z\u0259ruri komponentl\u0259rinin yoxlan\u0131lmas\u0131) haqq\u0131nda<\/li>\n<li>Subsidiya d\u0259st\u0259yi sistemi<\/li>\n<li>Kompostda k\u0259nd t\u0259s\u0259rr\u00fcfat\u0131 v\u0259 heyvandarl\u0131q aras\u0131nda \u0259m\u0259kda\u015fl\u0131q haqq\u0131nda<\/li>\n<li>Yeni fermerl\u0259ri q\u0259bul etm\u0259k \u00fc\u00e7\u00fcn sistemin yarad\u0131lmas\u0131<\/li>\n<li>N\u0259qliyyat m\u0259s\u0259l\u0259l\u0259ri il\u0259 ba\u011fl\u0131<\/li>\n<\/ol>\n<p>M\u00fcxt\u0259lif suallar v\u0259 fikirl\u0259r s\u0259sl\u0259ndirilib v\u0259 bu, canl\u0131 m\u00fczakir\u0259l\u0259r\u0259 s\u0259b\u0259b olub.<\/p>\n<figure class=\"wp-caption aligncenter\"><a href=\"https:\/\/photos.google.com\/share\/AF1QipO0BM1sk7kZR4zzBZLz3prDf9FtrQRDUOlEFbVvI1eaIiprQMqf87M1fs2sT9K99Q\/photo\/AF1QipOXU0bRzUiNi7SbiB1bQ_dRCDVKQokWXQgWtdA?key=aWRzZ2NhNjlheWN6SjFqNWZKdTBwam9tcVFNQVp3\"><img decoding=\"async\" src=\"https:\/\/lh3.googleusercontent.com\/pw\/AP1GczOjAorroiZZBBE5yX4K7uMvbQZqnP6fvD1PDS-FAhsesmVMHBDywMnoyN8DyHU6Nq1IKZwAjl-4-IhONctlDQYKxTNVVae79eT0MDajUQsDJ-4ydPE9ia4Pu5_3BrU_vWei9ryLVHm4pVFC3qPehzW2=w2000-h1333-s-no-gm?authuser=0\" width=\"2000\" height=\"1333\" alt=\"M\u00fcsb\u0259t s\u00f6hb\u0259tl\u0259r \u00e7oxdur!\" class=\"size-full\" \/><\/a><figcaption class=\"wp-caption-text\">M\u00fcsb\u0259t s\u00f6hb\u0259tl\u0259r \u00e7oxdur!<\/figcaption><\/figure>\n<figure class=\"wp-caption aligncenter\"><a href=\"https:\/\/photos.google.com\/share\/AF1QipO0BM1sk7kZR4zzBZLz3prDf9FtrQRDUOlEFbVvI1eaIiprQMqf87M1fs2sT9K99Q\/photo\/AF1QipMZWjCOcWX5_PJqzbu584GqJCLiSBOnuOx9Rxc?key=aWRzZ2NhNjlheWN6SjFqNWZKdTBwam9tcVFNQVp3\"><img decoding=\"async\" src=\"https:\/\/lh3.googleusercontent.com\/pw\/AP1GczPqQ2NQOig8IZb6bnrzbxtsX79aco_5_4KyXbHHxrPV_f_X4QLds8KayxXZXrMGllpn5m1YKLFw6bQm7VxuTn7Uxzchs3axTVROzpRz1docD_ybRTn7kB9ezvKvQfvRSTarXZTEEfp6SJcOSWJT06l_=w2000-h1333-s-no-gm?authuser=0\" width=\"2000\" height=\"1333\" alt=\"H\u0259v\u0259sli m\u00fczakir\u0259\" class=\"size-full\" \/><\/a><figcaption class=\"wp-caption-text\">H\u0259v\u0259sli m\u00fczakir\u0259<\/figcaption><\/figure>\n<figure class=\"wp-caption aligncenter\"><a href=\"https:\/\/photos.google.com\/share\/AF1QipO0BM1sk7kZR4zzBZLz3prDf9FtrQRDUOlEFbVvI1eaIiprQMqf87M1fs2sT9K99Q\/photo\/AF1QipPR7si4WTj3x4EtPtcISurDpctMHBe4zxAjzLo?key=aWRzZ2NhNjlheWN6SjFqNWZKdTBwam9tcVFNQVp3\"><img decoding=\"async\" src=\"https:\/\/lh3.googleusercontent.com\/pw\/AP1GczP0JxJNlzlAtHJ50KKw4ds2PjqIn33LoouOPPR8hOqO9TTw1TRmXNczcelBhGw-fjdTBU2c8sUuGOqWo1auWSMV1SZ8yXxYXEiWANU3oXPnwSlcw-l1rb2M5j6lCLmRHYqlAY07IboxgsCbiVVkHHgh=w2000-h1333-s-no-gm?authuser=0\" width=\"2000\" height=\"1333\" alt=\"Direktor Suzuki suallara d\u0259rhal cavab verir\" class=\"size-full\" \/><\/a><figcaption class=\"wp-caption-text\">Direktor Suzuki suallara d\u0259rhal cavab verir<\/figcaption><\/figure>\n<figure class=\"wp-caption aligncenter\"><a href=\"https:\/\/photos.google.com\/share\/AF1QipO0BM1sk7kZR4zzBZLz3prDf9FtrQRDUOlEFbVvI1eaIiprQMqf87M1fs2sT9K99Q\/photo\/AF1QipPMBNUW1TCXKinpr5fcf9uXt_aWAGuefagl7WI?key=aWRzZ2NhNjlheWN6SjFqNWZKdTBwam9tcVFNQVp3\"><img decoding=\"async\" src=\"https:\/\/lh3.googleusercontent.com\/pw\/AP1GczMsbdJdF9XXpGSkyOvh_x8JUXyoOyP9gIAtK9x_IrW9P9ulch4jNLNmlqxdVe4fAsSpYfhNkr4_MS-DIpf5Zujj5mZtJIVmZHlwnR6-Dl15aoXmpsnp2Wv0UXA3KT6lmusbQk9fMzPBlRahAP2f4vbq=w2000-h1333-s-no-gm?authuser=0\" width=\"2000\" height=\"1333\" alt=\"Canl\u0131 fikir m\u00fcbadil\u0259si apar\u0131ld\u0131!\" class=\"size-full\" \/><\/a><figcaption class=\"wp-caption-text\">Canl\u0131 fikir m\u00fcbadil\u0259si apar\u0131ld\u0131!<\/figcaption><\/figure>\n<p>Sonsuz sevgi, minn\u0259tdarl\u0131q v\u0259 dualarla g\u0259l\u0259c\u0259y\u0259 r\u0259hb\u0259rlik ed\u0259c\u0259k Hokuryu \u015f\u0259h\u0259rciyinin g\u0259ncl\u0259rin\u0259 Sora\u00e7i \u00dcmumi \u0130nki\u015faf B\u00fcrosunun direktoru Kenichi Suzukinin d\u0259y\u0259rli \u00e7\u0131x\u0131\u015f\u0131n\u0131 dinl\u0259m\u0259k, f\u0259al \u015f\u0259kild\u0259 fikir m\u00fcbadil\u0259si aparmaq v\u0259 Sora\u00e7i k\u0259nd t\u0259s\u0259rr\u00fcfat\u0131n\u0131n g\u0259l\u0259c\u0259k d\u0259yi\u015fiklikl\u0259r\u0259 nec\u0259 uy\u011funla\u015fa bil\u0259c\u0259yi bar\u0259d\u0259 d\u00fc\u015f\u00fcnm\u0259k \u00fc\u00e7\u00fcn \u0259v\u0259zolunmaz f\u00fcrs\u0259t arzulay\u0131r\u0131q. . .<\/p>\n<h2>Dig\u0259r foto\u015f\u0259kill\u0259r<\/h2>\n<div class=\"img-move\"><img decoding=\"async\" style=\"vertical-align: middle;\" src=\"https:\/\/ehokkaido.net\/wp-content\/uploads\/2021\/12\/2021-12-06-11.41.12.png\" \/> <a href=\"https:\/\/photos.app.goo.gl\/A7ZVuo9EyEg99RQ56\" target=\"_blank\" rel=\"noopener noreferrer\">Sora\u00e7i Regional \u0130nki\u015faf B\u00fcrosunun direktoru Kenichi Suzukinin &quot;G\u0259l\u0259c\u0259kd\u0259 Hokuryu q\u0259s\u0259b\u0259sind\u0259 k\u0259nd t\u0259s\u0259rr\u00fcfat\u0131ndan g\u00f6zl\u0259diyimiz&quot; m\u00fchazir\u0259sinin foto\u015f\u0259kill\u0259ri (37 \u015f\u0259kil) \u00fc\u00e7\u00fcn buraya klikl\u0259yin &gt;&gt;<\/a><\/div>\n<h2>\u018flaq\u0259dar m\u0259qal\u0259l\u0259r<\/h2>\n\n\u3000<\/p>\n<p>\u25c7 M\u00fcsahib\u0259 v\u0259 m\u0259tn: Ikuko Terauchi (foto\u015f\u0259kil v\u0259 redakt\u0259 yard\u0131m\u0131: Noboru Terauchi)<\/p>","protected":false},"excerpt":{"rendered":"<p>\uff12\uff10\uff12\uff14\u5e74\uff18\u6708\uff11\uff13\u65e5\uff08\u706b\uff09 \uff18\u6708\uff15\u65e5\uff08\u6708\uff09\uff11\uff16\uff1a\uff10\uff10\u301c\u3001\u5317\u6d77\u9053\u7a7a\u77e5\u7dcf\u5408\u632f\u8208\u5c40\u30fb\u9234\u6728\u8ce2\u4e00 \u5c40\u9577\u3092\u304a\u62db\u304d\u3057\u3001\u300c\u5317\u7adc\u753a\u8fb2\u696d\u9752\u5e74\u3078\u306e\u8b1b\u8a71\u300d\u3068\u8fb2\u696d\u9752\u5e74\u305f\u3061\u3068\u306e\u610f\u898b\u4ea4\u63db\u304c\u3001\u5317\u7adc\u753a\u5546\u696d\u6d3b\u6027\u5316\u65bd\u8a2d\u300cCOCOWA\u300d\u591a\u76ee [&hellip;]<\/p>\n","protected":false},"author":1,"featured_media":49518,"comment_status":"open","ping_status":"open","sticky":false,"template":"","format":"standard","meta":{"footnotes":""},"categories":[4,75,100,14],"tags":[],"class_list":["post-49499","post","type-post","status-publish","format-standard","has-post-thumbnail","hentry","category-cover-story","category-sasaki-yasuhiro-mayor","category-sunflower_watermelon","category-hokuryu-town"],"_links":{"self":[{"href":"https:\/\/portal.hokuryu.info\/az\/wp-json\/wp\/v2\/posts\/49499","targetHints":{"allow":["GET"]}}],"collection":[{"href":"https:\/\/portal.hokuryu.info\/az\/wp-json\/wp\/v2\/posts"}],"about":[{"href":"https:\/\/portal.hokuryu.info\/az\/wp-json\/wp\/v2\/types\/post"}],"author":[{"embeddable":true,"href":"https:\/\/portal.hokuryu.info\/az\/wp-json\/wp\/v2\/users\/1"}],"replies":[{"embeddable":true,"href":"https:\/\/portal.hokuryu.info\/az\/wp-json\/wp\/v2\/comments?post=49499"}],"version-history":[{"count":0,"href":"https:\/\/portal.hokuryu.info\/az\/wp-json\/wp\/v2\/posts\/49499\/revisions"}],"wp:featuredmedia":[{"embeddable":true,"href":"https:\/\/portal.hokuryu.info\/az\/wp-json\/wp\/v2\/media\/49518"}],"wp:attachment":[{"href":"https:\/\/portal.hokuryu.info\/az\/wp-json\/wp\/v2\/media?parent=49499"}],"wp:term":[{"taxonomy":"category","embeddable":true,"href":"https:\/\/portal.hokuryu.info\/az\/wp-json\/wp\/v2\/categories?post=49499"},{"taxonomy":"post_tag","embeddable":true,"href":"https:\/\/portal.hokuryu.info\/az\/wp-json\/wp\/v2\/tags?post=49499"}],"curies":[{"name":"wp","href":"https:\/\/api.w.org\/{rel}","templated":true}]}}