{"id":4836,"date":"2020-09-25T06:40:51","date_gmt":"2020-09-24T21:40:51","guid":{"rendered":"https:\/\/portal.hokuryu.info\/?p=4836"},"modified":"2020-09-25T08:16:01","modified_gmt":"2020-09-24T23:16:01","slug":"poct-4836","status":"publish","type":"post","link":"https:\/\/portal.hokuryu.info\/az\/4836\/","title":{"rendered":"P\u0259hriz \u00dczvl\u0259ri Qrupu: Hokuryu Town (Hokkaydo) [No.1] Kurosengoku Biznes Kooperativ Assosiasiyas\u0131nda Toxum v\u0259 Fidan Akt\u0131na D\u0259yi\u015fiklik \u00fczr\u0259 Yerli Y\u0131\u011f\u0131ncaq"},"content":{"rendered":"<p>C\u00fcm\u0259, 25 sentyabr 2020-ci il<\/p>\n<p>C\u00fcm\u0259 ax\u015fam\u0131, sentyabr\u0131n 10-da, Hokkaydo Toxum Assosiasiyas\u0131n\u0131n (S\u0259dr: Hisada Tokuji) t\u0259qdimat\u0131 il\u0259 Yaponiya Kommunist Partiyas\u0131 parlamentinin \u00fczvl\u0259ri il\u0259 Toxum v\u0259 Fidan Akt\u0131 il\u0259 ba\u011fl\u0131 m\u0259s\u0259l\u0259l\u0259ri m\u00fczakir\u0259 etm\u0259k \u00fc\u00e7\u00fcn Kitaryu \u015f\u0259h\u0259rind\u0259 yerli m\u00fczakir\u0259 toplant\u0131s\u0131 ke\u00e7irildi.<\/p>\n<h2>P\u0259hriz \u00fczvl\u0259rin\u0259 bax\u0131\u015f<\/h2>\n<h3>Milli M\u0259clisin deputat\u0131<\/h3>\n<p>P\u0259hriz qrupunun \u00fczvl\u0259ri \u015euralar Palatas\u0131n\u0131n \u00fczv\u00fc Kami Tomoko (Kommunist Partiyas\u0131), N\u00fcmay\u0259nd\u0259l\u0259r Palatas\u0131n\u0131n \u00fczv\u00fc Tamura Takaaki (Kommunist Partiyas\u0131), Tai Kyosei (Kami katibi), Kawabe Takashi (Tamuran\u0131n katibi), Yamaqu\u00e7i Kaori (Tamuran\u0131n katibi), Represent Partiyas\u0131n\u0131n ke\u00e7mi\u015f \u00fczv\u00fc Hataya Kommunist Partiyas\u0131n\u0131n ke\u00e7mi\u015f \u00fczv\u00fcd\u00fcr. Yaponiya Kommunist Partiyas\u0131 P\u0259hriz Qrupunun Hokkaydo Ofisinin Ba\u015f Katibi Oda \u0130\u00e7iro, Hokkaydo Toxum Assosiasiyas\u0131n\u0131n s\u0259dri Hisada Tokuji (Hokkaydo Universitetind\u0259 qonaq professor) v\u0259 Okuno Teppei (NHK-nin Sapporo Baza Yay\u0131m Stansiyas\u0131n\u0131n direktoru).<br \/>\n\ufffc<\/p>\n<figure class=\"wp-caption aligncenter\"><a href=\"https:\/\/photos.google.com\/share\/AF1QipMKIuWXhJmvce-BtC11Oeu-7dAIX1eITNMxmCiWAGzp2KPvCgR8pXMFtOWvjvVUMg\/photo\/AF1QipO4MXfQPwVN1HDaumWNgWPLjCGqK4ba_CS5KxY?key=bmRwYjF1WmRra3Z5MU5OREtCbWgyclhHR2oxOTRn\" target=\"_blank\" rel=\"noopener noreferrer\"><img decoding=\"async\" class=\"size-medium\" src=\"https:\/\/lh3.googleusercontent.com\/pw\/ACtC-3cU8WA2bpbGiqb6c1OsGoS3eJDpjreAdBCVkSw87l7ai7U5wN7ucfTuhrGe3M_JzXfvQHpSr6hGGFQIV1Ljf9Rh0zkPvkiQ8zjHmU02DZQO1L4OSbObj3I2UKJASIEZzfzyfbMG8mcjfRCz-xp_SN61=w2000-h1332-no?authuser=0\" alt=\"H\u00f6rm\u0259tli i\u015ftirak\u00e7\u0131lar,\" width=\"1998\" height=\"1332\" \/><\/a><figcaption class=\"wp-caption-text\">H\u00f6rm\u0259tli i\u015ftirak\u00e7\u0131lar,<\/figcaption><\/figure>\n<h3>c\u0259dv\u0259li<\/h3>\n<p>Hokuryu \u015f\u0259h\u0259rind\u0259 n\u00fcmay\u0259nd\u0259 hey\u0259ti Kurosengoku Biznes Kooperativi (S\u0259dr Takada Yukio) il\u0259 m\u00fczakir\u0259 v\u0259 sah\u0259 turu, Honoka K\u0259nd T\u0259s\u0259rr\u00fcfat\u0131 Kooperativinin \u00fczvl\u0259ri (N\u00fcmay\u0259nd\u0259 Mizutani \u015eigeki) il\u0259 m\u00fczakir\u0259 v\u0259 Hokuryuda me\u015f\u0259 t\u0259s\u0259rr\u00fcfat\u0131 il\u0259 m\u0259\u015f\u011ful olan Kamii Tatsuya il\u0259 m\u00fczakir\u0259l\u0259r apar\u0131b.<\/p>\n<p>09:00-12:00 JA Kitasorachi Hokuryu Filial\u0131n\u0131n Konfrans Salonunda Toxum Qanununun m\u00fczakir\u0259si v\u0259 Kurosengoku soya fasulyesinin tarla t\u0259fti\u015fi<br \/>\n13:30-15:20 Honoka K\u0259nd T\u0259s\u0259rr\u00fcfat\u0131 Kooperativ Ofisind\u0259 \u00fczvl\u0259rl\u0259 g\u00f6r\u00fc\u015f<br \/>\n15:30-17:00 G\u00fcn\u0259baxan Park\u0131nda Hokuryu Onsen restoran\u0131nda Fusha restoran\u0131nda Tatsuya Uei il\u0259 \u00f6z-\u00f6z\u00fcn\u0259 a\u011fac k\u0259s\u0259n me\u015f\u0259\u00e7ilik haqq\u0131nda m\u00fczakir\u0259<\/p>\n<h2>Kurosengoku Biznes Kooperativ Assosiasiyas\u0131 (S\u0259dr Yukio Takada) il\u0259 s\u00f6hb\u0259t (JA Kitasorachi Hokuryu filial\u0131nda)<\/h2>\n<figure class=\"wp-caption aligncenter\"><a href=\"https:\/\/photos.google.com\/share\/AF1QipMuuKKcDpR3W9syn2W0ijIp0oG9a417fLKogbSTbh5iTPAVhDnWzloTYLSC2vJVQg\/photo\/AF1QipPrDvu28lP5_BaiV6peFwQSnjnZ1QVsylzxTYg?key=bzRuTG1mTFFWcU5Na01Dakw3QmpEekdnVVpFdUhn\" target=\"_blank\" rel=\"noopener noreferrer\"><img decoding=\"async\" class=\"size-medium\" src=\"https:\/\/lh3.googleusercontent.com\/pw\/ACtC-3e-a6ff_ywxkctF58hYfHOLLMbQv4lZC3sBBKlgvVECxPnNaMVRJTUH0qPZ9f4p8WgpIoARkq2S6skqEXczq4ttHUNCBDfuzkCZekSNc-r-yvMCOIbEGAq70Yt9sYIbSs07ocR58fFH0tpCuWgJjtj4=w1346-h897-no?authuser=0\" alt=\"JA Kitasorachi Hokuryu filial\u0131 (Hokuryu Town, Hokkaydo)\" width=\"1346\" height=\"897\" \/><\/a><figcaption class=\"wp-caption-text\">JA Kitasorachi Hokuryu filial\u0131 (Hokuryu Town, Hokkaydo)<\/figcaption><\/figure>\n<p>\ufffc<\/p>\n<figure class=\"wp-caption aligncenter\"><a href=\"https:\/\/photos.google.com\/share\/AF1QipMKIuWXhJmvce-BtC11Oeu-7dAIX1eITNMxmCiWAGzp2KPvCgR8pXMFtOWvjvVUMg\/photo\/AF1QipN_BUYEa1YTLsg1DCgUuBJoBk1YB-8YxsbnoV0?key=bmRwYjF1WmRra3Z5MU5OREtCbWgyclhHR2oxOTRn\" target=\"_blank\" rel=\"noopener noreferrer\"><img decoding=\"async\" class=\"size-medium\" src=\"https:\/\/lh3.googleusercontent.com\/pw\/ACtC-3dkUIoIYU8DtlumYCK0OlQOm4Jfc7LD_uYYtENOaLwgUsUTNSSR5KVSEEhKL5NzDLoiusH__2alg8Q-v91a8hhfzqTYpAJW9Pp0e__7DGmdz0wQbPmbvx2eVXJvIqtE0o7LGtWlg__O2oDrYeTkqE35=w2000-h1332-no?authuser=0\" alt=\" &quot;C\u0259nn\u0259t, Yer v\u0259 Su&quot; fotosunda soldan: Qoto Sanoha\u00e7inin (d\u0259rn\u0259yin 5-ci r\u0259hb\u0259ri), Kita Masakiyonun (birliyin birinci r\u0259hb\u0259ri) v\u0259 Kaci Hikotaronun b\u00fcstl\u0259ri\" width=\"1998\" height=\"1332\" \/><\/a><figcaption class=\"wp-caption-text\">&quot;C\u0259nn\u0259t, Yer v\u0259 Su&quot; fotosunda soldan: Qoto Sanoha\u00e7inin (d\u0259rn\u0259yin 5-ci r\u0259hb\u0259ri), Kita Masakiyonun (birliyin birinci r\u0259hb\u0259ri) v\u0259 Kaci Hikotaronun b\u00fcstl\u0259ri<\/figcaption><\/figure>\n<h3>JA Kitasorachi-nin ke\u00e7mi\u015f prezidenti v\u0259 n\u00fcmay\u0259nd\u0259 direktoru Ryoji Kikuran\u0131n \u00e7\u0131x\u0131\u015f\u0131<\/h3>\n<p>Paylanm\u0131\u015f materiallar \u0259sas\u0131nda Kitaryu \u015f\u0259h\u0259rinin k\u0259nd t\u0259s\u0259rr\u00fcfat\u0131 t\u0259\u015f\u0259bb\u00fcsl\u0259ri haqq\u0131nda izahat verilib.<br \/>\n\ufffc<\/p>\n<figure class=\"wp-caption aligncenter\"><a href=\"https:\/\/photos.google.com\/share\/AF1QipMKIuWXhJmvce-BtC11Oeu-7dAIX1eITNMxmCiWAGzp2KPvCgR8pXMFtOWvjvVUMg\/photo\/AF1QipO5jrYerQRbmRhSRaRnQMg8yQOvHTgGGMBlZ9A?key=bmRwYjF1WmRra3Z5MU5OREtCbWgyclhHR2oxOTRn\" target=\"_blank\" rel=\"noopener noreferrer\"><img decoding=\"async\" class=\"size-medium\" src=\"https:\/\/lh3.googleusercontent.com\/pw\/ACtC-3fvJVWA8nwcHNfax0WKSpNrHW8zmwTgdKVKfgsfoHqpLEZil9cDsDv_hC_6pImI2cRCaKR1vHjY3bd5QST4E_N1f6WHTJRlpNYFtniyvRlXSFb-OL_hM7emlcDNcMAamACNmvnudqy2HZ7eJv-ltL98=w2000-h1332-no?authuser=0\" alt=\"C\u0259nab Ryoji Kikura Hokuryu \u015f\u0259h\u0259rinin t\u0259\u015f\u0259bb\u00fcsl\u0259rini izah edir\" width=\"1998\" height=\"1332\" \/><\/a><figcaption class=\"wp-caption-text\">C\u0259nab Ryoji Kikura Hokuryu \u015f\u0259h\u0259rinin t\u0259\u015f\u0259bb\u00fcsl\u0259rini izah edir<\/figcaption><\/figure>\n<figure class=\"wp-caption aligncenter\"><a href=\"https:\/\/photos.google.com\/share\/AF1QipMKIuWXhJmvce-BtC11Oeu-7dAIX1eITNMxmCiWAGzp2KPvCgR8pXMFtOWvjvVUMg\/photo\/AF1QipMtsyzy7nxLnILIAbkvjnT02bjqo5ToEF9mzLA?key=bmRwYjF1WmRra3Z5MU5OREtCbWgyclhHR2oxOTRn\" target=\"_blank\" rel=\"noopener noreferrer\"><img decoding=\"async\" class=\"size-medium\" src=\"https:\/\/lh3.googleusercontent.com\/pw\/ACtC-3dRc_4Q9ERBANgvb-mxJ_WLydJ0KmAA_g3-NV4y4k9aa_OW3DVn_F2vfCD2cCiM1qyyXDqMcJ5Zadk3iD62EzGWwBIXze8HtEMXNQeZvzZxjkcYyFGM1ZjoSInaaQTzr-Ej6lQKPM1SkU5dJ_NxKhR2=w2000-h1332-no?authuser=0\" alt=\"&quot;Yem\u0259k h\u0259yatd\u0131r&quot; - ruh\" width=\"1998\" height=\"1332\" \/><\/a><figcaption class=\"wp-caption-text\">&quot;Yem\u0259k h\u0259yatd\u0131r&quot; - ruh<\/figcaption><\/figure>\n<p>C\u0259nab Kikuran\u0131n \u00fcmumi moderatorlu\u011fu il\u0259 i\u015ftirak\u00e7\u0131lar \u00e7\u0131x\u0131\u015flar etdil\u0259r.<\/p>\n<h3>\u015eura \u00fczvl\u0259ri Palatas\u0131n\u0131n \u00fczv\u00fc Tomoko Kami<\/h3>\n<p>\ufffc<\/p>\n<figure class=\"wp-caption aligncenter\"><a href=\"https:\/\/photos.google.com\/share\/AF1QipMKIuWXhJmvce-BtC11Oeu-7dAIX1eITNMxmCiWAGzp2KPvCgR8pXMFtOWvjvVUMg\/photo\/AF1QipN9HiF-CoQvcm7D7htqaclQ_FwaQ2pkoTDU0no?key=bmRwYjF1WmRra3Z5MU5OREtCbWgyclhHR2oxOTRn\" target=\"_blank\" rel=\"noopener noreferrer\"><img decoding=\"async\" class=\"size-medium\" src=\"https:\/\/lh3.googleusercontent.com\/pw\/ACtC-3d8kfvSPSVeCkAsXr92QcmsuniX2L34SjgWK3AYKn1QohWhbdMQMo2fZRkI4cY_KKrLf-0mbGg3AekVxP2gHtOxlz_b_eHKJauxjie9xGU0GdiB_A1tlAWP0FCYhwaON3FrGj6M0dmNahfBCv7oARHB=w2000-h1332-no?authuser=0\" alt=\"Tomoko Kami\" width=\"1998\" height=\"1332\" \/><\/a><figcaption class=\"wp-caption-text\">Tomoko Kami<\/figcaption><\/figure>\n<h4>Hokuryu q\u0259s\u0259b\u0259si il\u0259 \u0259laq\u0259<\/h4>\n<p>Kitaryu \u015f\u0259h\u0259ri il\u0259 \u0259laq\u0259miz 1991-ci ild\u0259 ba\u015flad\u0131 (Heisei 3). O zaman m\u0259n M\u00fc\u015favirl\u0259r Palatas\u0131n\u0131n proporsional t\u0259msil\u00e7iliyin\u0259 namiz\u0259d idim v\u0259 Hokkaydonun m\u00fcxt\u0259lif hiss\u0259l\u0259rini ziyar\u0259t ed\u0259rk\u0259n Kitaryu \u015f\u0259h\u0259rini ziyar\u0259t etdim. Ryoji Kikura Hokuryu \u015e\u0259h\u0259r K\u0259nd T\u0259s\u0259rr\u00fcfat\u0131 Kooperativinin n\u00fcmay\u0259nd\u0259 direktoru v\u0259 s\u0259dri v\u0259zif\u0259sind\u0259 \u00e7al\u0131\u015f\u0131b.<\/p>\n<p>O d\u00f6vrd\u0259 u\u015faqlar aras\u0131nda atopik dermatit artmaqda idi. &quot;U\u015faqlar\u0131n yediyi yem\u0259kl\u0259r t\u0259hl\u00fck\u0259siz olmal\u0131d\u0131r&quot; n\u00f6qteyi-n\u0259z\u0259rind\u0259n, atopik dermatitin yax\u015f\u0131la\u015fd\u0131r\u0131lmas\u0131nda t\u0259sirli oldu\u011fu deyil\u0259n &quot;Yukihikari&quot; adl\u0131 m\u00fcxt\u0259lif d\u00fcy\u00fc \u00fcz\u0259rind\u0259 i\u015fl\u0259dikl\u0259ri yoxlama turunda Kitaryu q\u0259s\u0259b\u0259sin\u0259 ba\u015f \u00e7\u0259kdik.<\/p>\n<p>S\u0259f\u0259rim zaman\u0131 m\u0259nd\u0259 g\u00fccl\u00fc t\u0259\u0259ss\u00fcrat yaradan bir \u015f\u0259rh d\u0259 c\u0259nab Kikuran\u0131n \u201cYaponiyada k\u0259nd t\u0259s\u0259rr\u00fcfat\u0131n\u0131n z\u0259ruri olub-olmad\u0131\u011f\u0131n\u0131 ayd\u0131nla\u015fd\u0131r\u0131n\u201d fikri oldu. Dig\u0259r t\u0259r\u0259fd\u0259n, onun \u015f\u0259rhl\u0259ri o d\u00f6vrd\u0259 Yaponiyan\u0131n k\u0259nd t\u0259s\u0259rr\u00fcfat\u0131n\u0131n haz\u0131rk\u0131 v\u0259ziyy\u0259ti il\u0259 ba\u011fl\u0131 \u015f\u00fcbh\u0259l\u0259r\u0259 cavab olaraq edildi v\u0259 bu, k\u0259nd t\u0259s\u0259rr\u00fcfat\u0131n\u0131n laz\u0131m olmad\u0131\u011f\u0131 kimi g\u00f6r\u00fcnd\u00fc.<\/p>\n<p>Daha sonra P\u0259hrizd\u0259 sual zaman\u0131 \u201cYaponiyaya k\u0259nd t\u0259s\u0259rr\u00fcfat\u0131 laz\u0131md\u0131r, ya yox?\u201d sual\u0131n\u0131 verdim. Hokkaydoda yerli bir insan\u0131n fikri kimi.<\/p>\n<p>\u201cYem\u0259k h\u0259yatd\u0131r\u201d dey\u0259n k\u0259nd t\u0259s\u0259rr\u00fcfat\u0131n\u0131n \u0259h\u0259miyy\u0259ti m\u0259nd\u0259 g\u00fccl\u00fc t\u0259\u0259ss\u00fcratla qald\u0131.<\/p>\n<h4>Siyasi tendensiyalar<\/h4>\n<p>2001-ci ild\u0259n \u015euran\u0131n \u00fczv\u00fc, K\u0259nd T\u0259s\u0259rr\u00fcfat\u0131, Me\u015f\u0259 v\u0259 Bal\u0131q\u00e7\u0131l\u0131q Komit\u0259sinin \u00fczv\u00fcd\u00fcr. Yaponiya k\u0259nd t\u0259s\u0259rr\u00fcfat\u0131 idxal\u0131n\u0131n liberalla\u015fd\u0131r\u0131lmas\u0131 yolunda ir\u0259lil\u0259dikc\u0259, s\u0259m\u0259r\u0259liliyi prioritetl\u0259\u015fdir\u0259n &quot;aqressiv k\u0259nd t\u0259s\u0259rr\u00fcfat\u0131 siyas\u0259ti&quot; t\u0259\u015fviq edildi v\u0259 sanki m\u00fch\u00fcm \u015feyl\u0259r n\u0259z\u0259rd\u0259n qa\u00e7\u0131r\u0131ld\u0131.<\/p>\n<p>Ba\u015f nazir Abenin avqustun sonunda istefa verdiyini elan etm\u0259sind\u0259n sonra partiya haz\u0131rda yeni prezidenti se\u00e7m\u0259k prosesind\u0259dir. Hiss edir\u0259m ki, bu, h\u0259m daxili, h\u0259m d\u0259 xarici siyas\u0259td\u0259 t\u0131xac\u0131n t\u0259zah\u00fcr\u00fcd\u00fcr. Hesab edir\u0259m ki, biz indi siyas\u0259tin istiqam\u0259tini k\u00f6k\u00fcnd\u0259n d\u0259yi\u015fdirm\u0259li oldu\u011fumuz kritik bir d\u00f6vrd\u0259yik.<br \/>\n\ufffc<\/p>\n<figure class=\"wp-caption aligncenter\"><a href=\"https:\/\/photos.google.com\/share\/AF1QipMKIuWXhJmvce-BtC11Oeu-7dAIX1eITNMxmCiWAGzp2KPvCgR8pXMFtOWvjvVUMg\/photo\/AF1QipNStMievoeiCQV6SGfUTgp13ZAo5hSHiPktlOs?key=bmRwYjF1WmRra3Z5MU5OREtCbWgyclhHR2oxOTRn\" target=\"_blank\" rel=\"noopener noreferrer\"><img decoding=\"async\" class=\"size-medium\" src=\"https:\/\/lh3.googleusercontent.com\/pw\/ACtC-3dyuYZJVxFkILk_MeUuA-8R1yXZMLoHp1JvgVSsvQS_iMcsssuGWksKXWXZmokIX9UupxRF48Vy4UHOMTqMla58T56LJuIqrVh-3hiJ8i6XpLF6LWFh3G0Kr5oPXSWGvwjBKiksVv_ylhNwNDiRg7VN=w2000-h1332-no?authuser=0\" alt=\"C\u0259nab Kami Hokuryu q\u0259s\u0259b\u0259sin\u0259 s\u0259f\u0259rinin m\u0259qs\u0259di haqq\u0131nda dan\u0131\u015f\u0131r\" width=\"1998\" height=\"1332\" \/><\/a><figcaption class=\"wp-caption-text\">C\u0259nab Kami Hokuryu q\u0259s\u0259b\u0259sin\u0259 s\u0259f\u0259rinin m\u0259qs\u0259di haqq\u0131nda dan\u0131\u015f\u0131r<\/figcaption><\/figure>\n<h4>Bu s\u0259f\u0259rin m\u0259qs\u0259di Hokuryu<\/h4>\n<p>Haz\u0131rda P\u0259hrizd\u0259 Nazirl\u0259r Kabineti Toxumlar v\u0259 Fidanlar Qanununa yenid\u0259n bax\u0131lmas\u0131n\u0131 t\u0259sdiql\u0259yib, lakin \u00f6lk\u0259nin h\u0259r yerind\u0259n petisiya imzalar\u0131n\u0131n toplanmas\u0131 v\u0259 internetd\u0259 \u00e7oxlu m\u00fczakir\u0259l\u0259r\u0259 s\u0259b\u0259b olmas\u0131 s\u0259b\u0259bind\u0259n Toxumlar v\u0259 Fidanlar Qanununa yenid\u0259n bax\u0131lmas\u0131 art\u0131q m\u00fczakir\u0259 olunur.<\/p>\n<p>Bu s\u0259f\u0259rin m\u0259qs\u0259di n\u00f6vb\u0259ti P\u0259hriz sessiyas\u0131nda m\u00fczakir\u0259l\u0259r\u0259 haz\u0131rl\u0131q \u00fc\u00e7\u00fcn bu m\u0259rh\u0259l\u0259d\u0259 h\u0259rt\u0259r\u0259fli ara\u015fd\u0131rma aparmaqd\u0131r.<\/p>\n<p>Fermerl\u0259rin \u201cevd\u0259 toxum\u00e7uluq\u201dda qar\u015f\u0131la\u015fd\u0131qlar\u0131 s\u0259yl\u0259r v\u0259 \u00e7\u0259tinlikl\u0259r, o c\u00fcml\u0259d\u0259n qanun q\u0259bul olunarsa ortaya \u00e7\u0131xacaq t\u0259sirl\u0259r v\u0259 probleml\u0259r haqq\u0131nda \u0259trafl\u0131 e\u015fitdikd\u0259n sonra P\u0259hrizd\u0259 i\u015ftirak etm\u0259k ist\u0259rdim.<\/p>\n<p>Bundan \u0259lav\u0259, fermerl\u0259rin \u201cToxum v\u0259 tinglik haqq\u0131nda\u201d qanunla ba\u011fl\u0131 m\u00f6vcud v\u0259ziyy\u0259t v\u0259 m\u0259s\u0259l\u0259l\u0259rd\u0259n tam m\u0259lumatl\u0131 olmas\u0131 vacibdir v\u0259 bu m\u0259lumat\u0131 onlara d\u00fczg\u00fcn \u00e7atd\u0131rmaq ist\u0259rdik.<\/p>\n<h3>Takaaki Tamura, N\u00fcmay\u0259nd\u0259l\u0259r Palatas\u0131n\u0131n \u00fczv\u00fc<\/h3>\n<p>\ufffc<\/p>\n<figure class=\"wp-caption aligncenter\"><a href=\"https:\/\/photos.google.com\/share\/AF1QipMKIuWXhJmvce-BtC11Oeu-7dAIX1eITNMxmCiWAGzp2KPvCgR8pXMFtOWvjvVUMg\/photo\/AF1QipOotYxnRKdvc6Yzz6K8XUEhJpfIfajwEV_4uPc?key=bmRwYjF1WmRra3Z5MU5OREtCbWgyclhHR2oxOTRn\" target=\"_blank\" rel=\"noopener noreferrer\"><img decoding=\"async\" class=\"size-medium\" src=\"https:\/\/lh3.googleusercontent.com\/pw\/ACtC-3fEr4w9ADhhrI651RqSAshAvd6Qq7ILfsWPQREUHbTYjVnl_Fh92-Pk1cRAvoGwD3uewWPPCMqvTZjg3nFwPnvxL7oq8_IfsFBLCRpGrqQAarKI-9KxVPmfD2Et88weq-oSnycN0xBDX1RDQl2TfXv4=w2000-h1332-no?authuser=0\" alt=\"Takaaki Tamura\" width=\"1998\" height=\"1332\" \/><\/a><figcaption class=\"wp-caption-text\">Takaaki Tamura<\/figcaption><\/figure>\n<p>M\u0259n N\u00fcmay\u0259nd\u0259l\u0259r Palatas\u0131n\u0131n \u00fczv\u00fcy\u0259m, K\u0259nd T\u0259s\u0259rr\u00fcfat\u0131, Me\u015f\u0259 T\u0259s\u0259rr\u00fcfat\u0131 v\u0259 Bal\u0131q\u00e7\u0131l\u0131q Komit\u0259sinin \u00fczv\u00fcy\u0259m, Kyu\u015fu v\u0259 Okinavan\u0131n proporsional n\u00fcmay\u0259nd\u0259siy\u0259m v\u0259 1961-ci ild\u0259 Kitakyushu \u015f\u0259h\u0259rind\u0259 anadan olmu\u015fam (Showa 36).<\/p>\n<p>Toxum Qanununu canland\u0131rmaq t\u0259klifi m\u00fczakir\u0259 olunur v\u0259 yerli h\u00f6kum\u0259tl\u0259r d\u0259 toxumlar\u0131n vacib oldu\u011funa dair artan tendensiya yaradan s\u0259r\u0259ncamlar q\u0259bul edirl\u0259r.<\/p>\n<p>Toxum v\u0259 Fidan Akt\u0131na t\u0259klif olunan d\u00fcz\u0259li\u015fl\u0259r Yaponiyan\u0131n m\u00fck\u0259mm\u0259l yeti\u015fdirm\u0259 bilikl\u0259rinin qorunmas\u0131na y\u00f6n\u0259lmi\u015f m\u00fch\u00fcm qanun layih\u0259sidir v\u0259 onlar\u0131n t\u0259xir\u0259 sal\u0131nd\u0131\u011f\u0131 v\u0259 m\u00fcnt\u0259z\u0259m P\u0259hriz sessiyas\u0131nda m\u00fczakir\u0259 olunmad\u0131\u011f\u0131 g\u00f6r\u00fcnm\u0259mi\u015f v\u0259 nadir hald\u0131r.<\/p>\n<p>COVID-19 pandemiyas\u0131 fonunda Yaponiyan\u0131n k\u0259nd t\u0259s\u0259rr\u00fcfat\u0131n\u0131n \u00f6z\u00fcn\u00fc t\u0259min etm\u0259 s\u0259viyy\u0259si azal\u0131r, ictimai r\u0259y is\u0259 Yaponiyan\u0131n k\u0259nd t\u0259s\u0259rr\u00fcfat\u0131n\u0131n oldu\u011fu kimi davam edib-etm\u0259m\u0259si il\u0259 ba\u011fl\u0131 sual do\u011furur. Bu v\u0259ziyy\u0259td\u0259 k\u0259nd t\u0259s\u0259rr\u00fcfat\u0131 sah\u0259sind\u0259 olanlar\u0131n fikirl\u0259rini e\u015fitm\u0259k v\u0259 m\u00fczakir\u0259 etm\u0259k imkan\u0131m\u0131z oldu\u011fu \u00fc\u00e7\u00fcn h\u0259qiq\u0259t\u0259n minn\u0259tdar\u0131q, \u00e7\u00fcnki bu, h\u0259m d\u0259y\u0259rli, h\u0259m d\u0259 vaxt\u0131nda. t\u0259\u015f\u0259kk\u00fcr edir\u0259m.<\/p>\n<h3>Kurosengoku Biznes Kooperativ Assosiasiyas\u0131n\u0131n s\u0259dri Yukio Takada<\/h3>\n<p>\ufffc<\/p>\n<figure class=\"wp-caption aligncenter\"><a href=\"https:\/\/photos.google.com\/share\/AF1QipMKIuWXhJmvce-BtC11Oeu-7dAIX1eITNMxmCiWAGzp2KPvCgR8pXMFtOWvjvVUMg\/photo\/AF1QipMbRkZKOr2H0fyjtLY5KmFfJZtNhpiqx3zvuBs?key=bmRwYjF1WmRra3Z5MU5OREtCbWgyclhHR2oxOTRn\" target=\"_blank\" rel=\"noopener noreferrer\"><img decoding=\"async\" class=\"size-medium\" src=\"https:\/\/lh3.googleusercontent.com\/pw\/ACtC-3c-WpxHO_Ij2CirjQJcAo1sKw0863aYgqZnoUDFg3ZgCrPQ5ot_W-yZRNTXuwwFOHVJj3xnT-G8pWps46dAAQW0-OP77S39y9wvoDdhOS6tYm_7jSTjOKgiXTJ0nMJs92Ha53zKucX25_FdC5LhNvpw=w2000-h1332-no?authuser=0\" alt=\"Yukio Takada Kurosengoku soyas\u0131 haqq\u0131nda dan\u0131\u015f\u0131r\" width=\"1998\" height=\"1332\" \/><\/a><figcaption class=\"wp-caption-text\">Yukio Takada Kurosengoku soyas\u0131 haqq\u0131nda dan\u0131\u015f\u0131r<\/figcaption><\/figure>\n<h4>Kurosengoku Biznes Kooperativ Assosiasiyas\u0131n\u0131n tarixi<\/h4>\n<p>60 ya\u015f\u0131ma kimi \u0259kin\u00e7ilikl\u0259 m\u0259\u015f\u011ful olmu\u015fam. 2004-c\u00fc ild\u0259 Hokkaydoda (Heisei 16) canland\u0131r\u0131lan Kurosengoku soyas\u0131 yerli Hokkaydo \u00e7e\u015fididir. Biz korporasiyan\u0131 2007-ci ild\u0259 (Heisei 19) Kurosengoku soya paxlas\u0131n\u0131n sa\u011flam h\u0259yat\u0131n\u0131 canland\u0131rmaq arzusu il\u0259 qurduq.<\/p>\n<p>Son 15 il \u0259rzind\u0259 \u00e7oxlu d\u00f6n\u00fc\u015fl\u0259r olsa da, biz indi m\u0259hsullar\u0131m\u0131z\u0131 davaml\u0131 olaraq istehsal v\u0259 sat\u0131r\u0131q.<\/p>\n<p>\u0130ki il \u0259vv\u0259l, 2018-ci ild\u0259 (Heisei 30) birliyimiz Nazirl\u0259r Kabineti Katibliyi v\u0259 K\u0259nd T\u0259s\u0259rr\u00fcfat\u0131, Me\u015f\u0259 T\u0259s\u0259rr\u00fcfat\u0131 v\u0259 Bal\u0131q\u00e7\u0131l\u0131q Nazirliyinin sponsorlu\u011fu il\u0259 ke\u00e7iril\u0259n 5-ci K\u0259nd X\u0259zin\u0259l\u0259rini K\u0259\u015ff et t\u0259dbirinin qalibi kimi tan\u0131n\u0131b. \u00d6lk\u0259 \u00fczr\u0259 1015 m\u00fcraci\u0259t aras\u0131ndan 32 m\u00fck\u0259mm\u0259l n\u00fcmun\u0259 se\u00e7ilmi\u015fdir. Hokkaydo blokunda 98 \u0259riz\u0259\u00e7i aras\u0131ndan \u00fc\u00e7 t\u0259\u015fkilat, o c\u00fcml\u0259d\u0259n Kurosengoku Biznes Kooperativi se\u00e7ilib. Se\u00e7im sertifikat\u0131n\u0131n t\u0259qdimetm\u0259 m\u0259rasimi v\u0259 ictimai toplant\u0131 Ba\u015f Nazirlikd\u0259 ke\u00e7irilib.<\/p>\n<h4>\u018ffsan\u0259vi Kurosengoku soyas\u0131<\/h4>\n<p>Kurosengoku soyas\u0131 &quot;t\u0259hl\u00fck\u0259siz, t\u0259hl\u00fck\u0259siz, t\u0259bii v\u0259 sa\u011flam Kurosengoku soyas\u0131&quot; kimi tan\u0131n\u0131r v\u0259 biz h\u0259r k\u0259sin bu soyalar\u0131n g\u00fcn\u0259\u015fin g\u00fcc\u00fc v\u0259 Hokkaydo torpa\u011f\u0131n\u0131n g\u00fcc\u00fc say\u0259sind\u0259 sa\u011flaml\u0131\u011fa ba\u011fl\u0131 oldu\u011funu bilm\u0259sini ist\u0259yirik.<\/p>\n<p>Toxumlara g\u0259ldikd\u0259, Kurosengoku iki n\u00f6vd\u0259 g\u0259lir: yerli n\u00f6v v\u0259 yerli n\u00f6vl\u0259rin t\u0259kmill\u0259\u015fdirilmi\u015f versiyas\u0131 olan yeni n\u00f6v &quot;Ryukei No. 3&quot;.<\/p>\n<p>Bu yerli sort 1942-ci ild\u0259 (Showa 17) Hokkaydo T\u0259dqiqat T\u0259\u015fkilat\u0131n\u0131n M\u0259rk\u0259zi K\u0259nd T\u0259s\u0259rr\u00fcfat\u0131 T\u0259cr\u00fcb\u0259 Stansiyas\u0131 t\u0259r\u0259find\u0259n Toka\u00e7i \u0259razisind\u0259 heyvan yemi, mal-qara yemi v\u0259 ya\u015f\u0131l peyin kimi istifad\u0259 \u00fc\u00e7\u00fcn \u0259la tarla bitkisi \u00e7e\u015fidi olan &quot;Vasei Kurosengoku&quot; (Erk\u0259n Kurosengoku) adland\u0131r\u0131lm\u0131\u015fd\u0131r. Lakin m\u00fcxt\u0259lif ya\u015f\u0131l peyin v\u0259 kimy\u0259vi g\u00fcbr\u0259l\u0259rin inki\u015faf\u0131 il\u0259 Kurosengoku soyas\u0131 istifad\u0259d\u0259n \u00e7\u0131xd\u0131 v\u0259 1959-cu ild\u0259 (Showa 34) onlar\u0131n qeydiyyat\u0131 l\u0259\u011fv edildi v\u0259 bir m\u00fcdd\u0259t dayand\u0131r\u0131ld\u0131.<\/p>\n<p>2001-ci ild\u0259 Hokkaydonun Mori \u015f\u0259h\u0259rind\u0259n olan k\u0259nd t\u0259s\u0259rr\u00fcfat\u0131 t\u0259dqiqat\u00e7\u0131s\u0131 Jun Tanaka yerli Kurosengoku soya n\u00f6v\u00fcn\u00fc k\u0259\u015ff etdi v\u0259 50 toxumdan 28-i u\u011furla c\u00fcc\u0259rdi. Buna g\u00f6r\u0259 d\u0259 onu \u0259fsan\u0259vi Kurosengoku soyas\u0131 adland\u0131r\u0131rlar.<\/p>\n<p>2005-ci ild\u0259 (Heisei 17), Hokuryu Town, Takikawa City v\u0259 Otobe Town-da Kurosengoku soyas\u0131n\u0131n bec\u0259rilm\u0259si ba\u015flad\u0131. 2007-ci ild\u0259 (Heisei 19), Hokuryu q\u0259s\u0259b\u0259sind\u0259 Kurosengoku Biznes Kooperativi yarad\u0131ld\u0131 v\u0259 bu g\u00fcn\u0259 q\u0259d\u0259r varl\u0131\u011f\u0131n\u0131 davam etdirir.<\/p>\n<h4>Yeni t\u0259kmill\u0259\u015fdirilmi\u015f \u00e7e\u015fid, &quot;Ryukei No. 3&quot;<\/h4>\n<p>\u0130llik t\u0259xmin\u0259n 360 ton m\u0259hsul \u0259ld\u0259 ed\u0259r\u0259k biznes yax\u015f\u0131 ba\u015flad\u0131. 2009-cu ild\u0259 (Heisei 21), iqtisadi t\u0259n\u0259zz\u00fcl zaman\u0131 mallar\u0131n sat\u0131ld\u0131\u011f\u0131 vasit\u0259\u00e7i iflas etdi. Onlarla birlikd\u0259 inventar y\u0259h\u0259rl\u0259ndiyi \u00fc\u00e7\u00fcn \u00f6d\u0259ni\u015fl\u0259ri almaq perspektivi k\u0259sildi v\u0259 onlar istehsal\u00e7\u0131lar\u0131na pul \u00f6d\u0259y\u0259 bilm\u0259dil\u0259r.<\/p>\n<p>V\u0259ziyy\u0259ti daha da pisl\u0259\u015fdirm\u0259k \u00fc\u00e7\u00fcn, gec pay\u0131zda ya\u011fan qar qorxulu bir v\u0259ziyy\u0259t yaratd\u0131 ki, Kurosengokunun tarlalar\u0131 m\u0259hsul y\u0131\u011f\u0131m\u0131na az qalm\u0131\u015f qarda basd\u0131r\u0131ld\u0131.<\/p>\n<p>Kurosengoku soyas\u0131 y\u00fcks\u0259k y\u0131\u011f\u0131lm\u0131\u015f temperatura (\u00fcmumi g\u00fcnd\u0259lik hava temperaturu) malik olan v\u0259 qar ya\u011fana q\u0259d\u0259r erk\u0259n \u0259kilib pay\u0131z\u0131n sonlar\u0131nda y\u0131\u011f\u0131lan soya n\u00f6v\u00fcd\u00fcr.<br \/>\n\ufffc<\/p>\n<figure class=\"wp-caption aligncenter\"><a href=\"https:\/\/photos.google.com\/share\/AF1QipMKIuWXhJmvce-BtC11Oeu-7dAIX1eITNMxmCiWAGzp2KPvCgR8pXMFtOWvjvVUMg\/photo\/AF1QipMhvSpvVhiD_qcWBZN6c2Mh0t-wrDaOemgADDA?key=bmRwYjF1WmRra3Z5MU5OREtCbWgyclhHR2oxOTRn\" target=\"_blank\" rel=\"noopener noreferrer\"><img decoding=\"async\" class=\"size-medium\" src=\"https:\/\/lh3.googleusercontent.com\/pw\/ACtC-3e1w_E-uDxeA_aOpPKzZ64VkxAViPKMZVbKpnB8kM_jrP4H1YolkojZ50aAlg8m033O-lLH6aDhi5MNO2bN9l8nYhsc3ZKcjeGjqKhj_ow__RobGWUaDtXSaCJsXbg0Gu4p0p3FMerfq6tm6is5L5KR=w2000-h1332-no?authuser=0\" alt=\"H\u0259r k\u0259s diqq\u0259tl\u0259 dinl\u0259yir\" width=\"1998\" height=\"1332\" \/><\/a><figcaption class=\"wp-caption-text\">H\u0259r k\u0259s diqq\u0259tl\u0259 dinl\u0259yir<\/figcaption><\/figure>\n<p>Buna g\u00f6r\u0259 d\u0259, erk\u0259n yeti\u015fm\u0259, g\u00fccl\u00fc yerl\u0259\u015fm\u0259 m\u00fcqavim\u0259ti v\u0259 sabit y\u00fcks\u0259k m\u0259hsuldarl\u0131\u011f\u0131 h\u0259d\u0259fl\u0259y\u0259n sortun t\u0259kmill\u0259\u015fdirilm\u0259si \u00fcz\u0259rind\u0259 i\u015fl\u0259m\u0259k q\u0259rar\u0131na g\u0259ldik.<\/p>\n<p>2009-cu ild\u0259 biz Takushoku Universitetinin Hokkaydo Junior Kollecinin f\u0259xri professoru v\u0259 ictimai maraqlara malik olan Hokkaydo K\u0259nd T\u0259s\u0259rr\u00fcfat\u0131 Assosiasiyas\u0131n\u0131n m\u00fc\u015faviri (ke\u00e7mi\u015f s\u0259dr v\u0259 direktor) professor Takashi Sanbuichid\u0259n Kurosengoku n\u00f6v\u00fcn\u00fcn yax\u015f\u0131la\u015fd\u0131r\u0131lmas\u0131na k\u00f6m\u0259k etm\u0259sini xahi\u015f etdik. O, ist\u0259yini b\u00f6y\u00fck h\u0259v\u0259sl\u0259 q\u0259bul ed\u0259r\u0259k, \u201cBa\u015fa d\u00fc\u015f\u00fcr\u0259m, dostluqdan \u00e7e\u015fidi yax\u015f\u0131la\u015fd\u0131raca\u011fam\u201d dey\u0259r\u0259k, s\u00fcni yeti\u015fdirm\u0259 il\u0259 ba\u011fl\u0131 ara\u015fd\u0131rmalar ba\u015flad\u0131.<\/p>\n<p>2014-c\u00fc ild\u0259 K\u0259nd T\u0259s\u0259rr\u00fcfat\u0131, Me\u015f\u0259 T\u0259s\u0259rr\u00fcfat\u0131 v\u0259 Bal\u0131q\u00e7\u0131l\u0131q Nazirliyinin \u00fc\u00e7 illik subsidiyas\u0131ndan istifad\u0259 ed\u0259r\u0259k, biz Hokuryu \u015e\u0259h\u0259r Konsorsiumunu t\u0259\u015fkil etdik v\u0259 \u00e7e\u015fidin yax\u015f\u0131la\u015fd\u0131r\u0131lmas\u0131n\u0131 t\u0259\u015fviq etdik.<\/p>\n<p>Geni\u015f t\u0259dqiqat v\u0259 yeti\u015fdirm\u0259 yolu il\u0259 Kurosengoku soyas\u0131 t\u0259xmin\u0259n bir h\u0259ft\u0259 \u0259vv\u0259l y\u0131\u011f\u0131la bil\u0259n, yerl\u0259\u015fdirm\u0259y\u0259 daha davaml\u0131 olan v\u0259 m\u0259hsuldarl\u0131\u011f\u0131n faktiki art\u0131m\u0131 il\u0259 n\u0259tic\u0259l\u0259n\u0259c\u0259yi g\u00f6zl\u0259nil\u0259n \u00fcst\u00fcn soya kimi yeti\u015fdirilmi\u015fdir.<\/p>\n<p>2016-c\u0131 ild\u0259 K\u0259nd T\u0259s\u0259rr\u00fcfat\u0131, Me\u015f\u0259 T\u0259s\u0259rr\u00fcfat\u0131 v\u0259 Bal\u0131q T\u0259s\u0259rr\u00fcfat\u0131 Nazirliyin\u0259 \u201cRyukei No 3\u201d damazl\u0131q x\u0259tti \u00fc\u00e7\u00fcn sort m\u00fcraci\u0259ti verilmi\u015f v\u0259 q\u0259bul edilmi\u015f, \u00fcmumi bec\u0259rm\u0259y\u0259 ba\u015flan\u0131lm\u0131\u015fd\u0131r.<\/p>\n<h4>Toxumlar &quot;fermerl\u0259rin ba\u015flan\u011f\u0131c\u0131d\u0131r&quot;<\/h4>\n<p>Haz\u0131rda istehsal\u0131n t\u0259qrib\u0259n 50%-i yerli &quot;Kurosenqoku soya&quot; v\u0259 yeni t\u0259kmill\u0259\u015fdirilmi\u015f &quot;Ryukei No. 3&quot; sortu aras\u0131nda b\u00f6l\u00fcn\u00fcr v\u0259 onlar ayr\u0131ca istehsal olunur v\u0259 sat\u0131l\u0131r.<\/p>\n<p>&quot;Ryukei No. 3&quot; il\u0259 \u0259laq\u0259dar olaraq, \u00e7e\u015fidin yarad\u0131c\u0131s\u0131 Dr. Sanbuichi Takashi il\u0259 lisenziya m\u00fcqavil\u0259si imzalad\u0131q. M\u00fcqavil\u0259y\u0259 \u0259sas\u0259n, biz professor Takashi Sanbunichiy\u0259 lisenziya haqq\u0131 \u00f6d\u0259yirik.<\/p>\n<p>Toxumlar \u201ct\u0259s\u0259rr\u00fcfat\u0131n ba\u015flan\u011f\u0131c\u0131d\u0131r\u201d v\u0259 m\u0259nc\u0259, \u0259n vacib hiss\u0259dir. Biz hiss edirik ki, do\u011fma Kurosengoku soyas\u0131n\u0131 v\u0259 professorumuz t\u0259r\u0259find\u0259n haz\u0131rlanm\u0131\u015f yeni \u201cRyukei \u21163\u201d sortunu m\u0259h\u0259bb\u0259tl\u0259 v\u0259 diqq\u0259tl\u0259 bec\u0259rm\u0259k kooperativin \u00fczvl\u0259ri kimi bizim v\u0259zif\u0259mizdir.<\/p>\n<h2>fikir m\u00fcbadil\u0259si<\/h2>\n<h3><strong>sual:<\/strong>Qeyd\u0259 al\u0131nm\u0131\u015f \u00e7e\u015fid t\u0259kmill\u0259\u015fdirilmi\u015f &quot;Ryukei \u21163&quot;d\u00fcr, b\u0259s yerli sort olan &quot;Kurosenqoku&quot; haqq\u0131nda n\u0259 dem\u0259k olar?<\/h3>\n<p><strong>\u30fbCavab (S\u0259dr Takada):<\/strong>Do\u011fma \u201cKurosenqoku\u201d soya sortu Hokkaydonun m\u00fcxt\u0259lif yerl\u0259rind\u0259 bec\u0259rilir.<\/p>\n<h3><strong>sual:<\/strong>Qeydiyyatdan ke\u00e7mi\u015f &quot;Ryukei No 3&quot; sortu \u00f6z-\u00f6z\u00fcn\u0259 bec\u0259rilirmi?<\/h3>\n<p><strong>\u30fbCavab (S\u0259dr Takada):<\/strong>d\u00fczd\u00fcr. Kurosengoku soyas\u0131 Hideki Okayaman\u0131n \u0130vamizava yax\u0131nl\u0131\u011f\u0131ndak\u0131 tarlalar\u0131nda &quot;Ryukei No. 3&quot; \u00e7e\u015fidi \u00fc\u00e7\u00fcn toxum kimi istifad\u0259 olunmaq \u00fc\u00e7\u00fcn yeti\u015fdirilir.<\/p>\n<h3><strong>C\u0259nab Hisada:<\/strong><\/h3>\n<p>N\u0259 q\u0259d\u0259r ki, seleksiya\u00e7\u0131 toxumun qiym\u0259tini qald\u0131rmay\u0131b, satmaqdan imtina edib, he\u00e7 bir problem olmayacaq.<\/p>\n<p>Bununla bel\u0259, indi genom redakt\u0259 texnologiyas\u0131na malik xarici \u015firk\u0259tl\u0259r v\u0259 iri yerli korporasiyalar yerli n\u00f6vl\u0259r\u0259 m\u00fcmk\u00fcn q\u0259d\u0259r yax\u0131n olan yeni sortlar yarada bilirl\u0259r. Bel\u0259 hallarda \u015firk\u0259tl\u0259rin toxum h\u00fcquqlar\u0131n\u0131n talan edilm\u0259si riski var, ona g\u00f6r\u0259 d\u0259 d\u00fc\u015f\u00fcn\u00fcr\u0259m ki, g\u0259l\u0259c\u0259kd\u0259 bunu diqq\u0259tl\u0259 izl\u0259m\u0259liyik.<\/p>\n<figure class=\"wp-caption aligncenter\"><a href=\"https:\/\/photos.google.com\/share\/AF1QipMKIuWXhJmvce-BtC11Oeu-7dAIX1eITNMxmCiWAGzp2KPvCgR8pXMFtOWvjvVUMg\/photo\/AF1QipOTITlbHl2J4i0y3yQu6dT-C5ITw3gTLM06Yns?key=bmRwYjF1WmRra3Z5MU5OREtCbWgyclhHR2oxOTRn\" target=\"_blank\" rel=\"noopener noreferrer\"><img decoding=\"async\" class=\"size-medium\" src=\"https:\/\/lh3.googleusercontent.com\/pw\/ACtC-3fQsFefpToI2leHIq60KZ3BeDmhgEaHZS7LsUtKvtlGmiAOYMvzBcIr49pwuEByvDbNONUE4Ur5GtIGh6OzZr8VES8ZRav4dv0C2ILucATsdviTnFBGK6vxKnrRgzIEdCpizsRmBh1ONMTf7Gr0ZGa8=w2000-h1332-no?authuser=0\" alt=\"T\u0259kmill\u0259\u015fdirilmi\u015f sort &quot;Ryukei No. 3&quot; haqq\u0131nda\" width=\"1998\" height=\"1332\" \/><\/a><figcaption class=\"wp-caption-text\">T\u0259kmill\u0259\u015fdirilmi\u015f sort &quot;Ryukei No. 3&quot; haqq\u0131nda<\/figcaption><\/figure>\n<h3><strong>S\u0259dr Takada:<\/strong><\/h3>\n<p>Hal-haz\u0131rda Kurosengoku soya il\u0259 ba\u011fl\u0131 problem onlar\u0131n z\u0259r\u0259rvericil\u0259r\u0259 v\u0259 x\u0259st\u0259likl\u0259r\u0259, o c\u00fcml\u0259d\u0259n soya kist nematoduna qar\u015f\u0131 z\u0259if m\u00fcqavim\u0259t g\u00f6st\u0259rm\u0259sidir. Buna g\u00f6r\u0259 d\u0259 biz \u201cSuzumaru R\u201d a\u011f soya sortundan istifad\u0259 ed\u0259r\u0259k nematoda davaml\u0131 qara soya sortunun t\u0259kmill\u0259\u015fdirilm\u0259si \u00fcz\u0259rind\u0259 i\u015fl\u0259yirik.<\/p>\n<p>M\u0259n professor Sambui\u00e7i il\u0259 b\u00f6y\u00fck etimad m\u00fcnasib\u0259tl\u0259ri qurmu\u015fam. Professorun s\u0259yl\u0259ri az deyil v\u0259 onun h\u0259yat\u0131n\u0131 Kurosengokunun t\u0259dqiqin\u0259 v\u0259 inki\u015faf\u0131na h\u0259sr etdiyin\u0259 g\u00f6r\u0259 d\u0259rind\u0259n t\u0259vaz\u00f6karam.<\/p>\n<h3><strong>Ka\u011f\u0131z MP:<\/strong><\/h3>\n<p>G\u0259l\u0259c\u0259kd\u0259 b\u00f6y\u00fck \u015firk\u0259tl\u0259rin m\u0259hsulu yax\u015f\u0131la\u015fd\u0131rmaq \u00fc\u00e7\u00fcn genomik texnologiyadan istifad\u0259 ed\u0259 bil\u0259c\u0259yini bil\u0259r\u0259k, ehtiyatla h\u0259r\u0259k\u0259t etm\u0259liyik.<\/p>\n<figure class=\"wp-caption aligncenter\"><a href=\"https:\/\/photos.google.com\/share\/AF1QipMKIuWXhJmvce-BtC11Oeu-7dAIX1eITNMxmCiWAGzp2KPvCgR8pXMFtOWvjvVUMg\/photo\/AF1QipOrMluaI-735zdr92uiHTjLKamnVuggXVuF304?key=bmRwYjF1WmRra3Z5MU5OREtCbWgyclhHR2oxOTRn\" target=\"_blank\" rel=\"noopener noreferrer\"><img decoding=\"async\" class=\"size-medium\" src=\"https:\/\/lh3.googleusercontent.com\/pw\/ACtC-3dfD5BI98-M5oJECglHxlGl-NPUBeyXkyEgrOy0ZQr9ZkAESGeA2a_nL8nNUJihWDz-s9ACDUZkTSQ3PSaFgURWKTzip3FHfP7_f7m2L4L8GsGPr0syjp2DPnXvvY2J_WHaFI0xyPEV3S_BMr-_DLfB=w2000-h1332-no?authuser=0\" alt=\"B\u00f6y\u00fck \u015firk\u0259t texnologiyas\u0131n\u0131n t\u0259hl\u00fck\u0259l\u0259ri\" width=\"1998\" height=\"1332\" \/><\/a><figcaption class=\"wp-caption-text\">B\u00f6y\u00fck \u015firk\u0259t texnologiyas\u0131n\u0131n t\u0259hl\u00fck\u0259l\u0259ri<\/figcaption><\/figure>\n<h3><strong>Dig\u0259r \u015f\u0259rhl\u0259r:<\/strong><\/h3>\n<p>M\u0259s\u0259l\u0259n, g\u0259l\u0259c\u0259kd\u0259 genetik analiz n\u0259tic\u0259sind\u0259 indiki \u201cKurosenqoku soya paxlas\u0131n\u0131n nematodlara qar\u015f\u0131 m\u00fcqavim\u0259ti az olan\u201d sortunu t\u0259kmill\u0259\u015fdirm\u0259k \u00fc\u00e7\u00fcn genom texnologiyas\u0131ndan istifad\u0259 ed\u0259n \u015firk\u0259tin onu yeni sort kimi qeydiyyatdan ke\u00e7irib d\u00fcnyaya buraxmaq riski var.<\/p>\n<p>- M\u0259hsulu daha y\u00fcks\u0259k, dad\u0131 indiki Kurosengoku soyas\u0131 il\u0259 eyni, nematodlara davaml\u0131, tez b\u00f6y\u00fcy\u0259n Kurosengoku soyas\u0131n\u0131 ara\u015fd\u0131r\u0131b inki\u015faf etdirs\u0259k v\u0259 ba\u015fqa rayonlara satsaq, yay\u0131larsa, Kurosengoku soyas\u0131n\u0131n \u201cd\u0259y\u0259ri\u201d \u0259lind\u0259n al\u0131nar.<\/p>\n<h3><strong>S\u0259dr Takada:<\/strong><\/h3>\n<p>G\u0259l\u0259c\u0259kl\u0259 ba\u011fl\u0131 \u00e7\u0259tin ola bil\u0259c\u0259k \u00e7oxlu narahatl\u0131qlar var v\u0259 biz h\u00fcquqi aspektl\u0259rl\u0259 ba\u011fl\u0131 m\u0259sl\u0259h\u0259t\u00e7il\u0259r v\u0259 dig\u0259r ekspertl\u0259rl\u0259 m\u0259sl\u0259h\u0259tl\u0259\u015fm\u0259yi v\u0259 yarand\u0131qda onlarla m\u0259\u015f\u011ful olma\u011f\u0131 planla\u015fd\u0131r\u0131r\u0131q.<\/p>\n<p>Bununla bel\u0259, Kurosengoku soya paxlas\u0131na, o c\u00fcml\u0259d\u0259n h\u0259yat\u0131n\u0131 \u00e7e\u015fidin yax\u015f\u0131la\u015fd\u0131r\u0131lmas\u0131na h\u0259sr etmi\u015f professor Sanbuichi Takashi, onu bec\u0259rm\u0259k \u00fc\u00e7\u00fcn \u00e7\u0259tinlikl\u0259ri d\u0259f ed\u0259n istehsal\u00e7\u0131lar v\u0259 Kurosengoku soyas\u0131n\u0131n p\u0259r\u0259sti\u015fkar\u0131 olan v\u0259 uzun ill\u0259r onlara d\u0259st\u0259k olan istehlak\u00e7\u0131lar da daxil olmaqla, bizim Kurosengoku soya paxlas\u0131na \u00f6l\u00e7\u00fcy\u0259g\u0259lm\u0259z inam v\u0259 ehtiras\u0131m\u0131z var.<\/p>\n<p>N\u0259 q\u0259d\u0259r ki, biz bu hissi ya\u015fay\u0131r\u0131q, biz narahatl\u0131qlar\u0131n \u00f6hd\u0259sind\u0259n g\u0259l\u0259 bil\u0259c\u0259yimiz\u0259 v\u0259 t\u0259hl\u00fck\u0259siz, t\u0259hl\u00fck\u0259siz v\u0259 sa\u011flam Kurosengoku soya paxlas\u0131n\u0131n m\u00f6vcudlu\u011funu t\u0259min ed\u0259 bil\u0259c\u0259yimiz\u0259 d\u0259rind\u0259n inanaraq \u00e7ox \u00e7al\u0131\u015f\u0131r\u0131q.<br \/>\n\ufffc<\/p>\n<figure class=\"wp-caption aligncenter\"><a href=\"https:\/\/photos.google.com\/share\/AF1QipMKIuWXhJmvce-BtC11Oeu-7dAIX1eITNMxmCiWAGzp2KPvCgR8pXMFtOWvjvVUMg\/photo\/AF1QipNyJGrDBoVoG_w803AaM2DCixo3-xVCpXjzYZs?key=bmRwYjF1WmRra3Z5MU5OREtCbWgyclhHR2oxOTRn\" target=\"_blank\" rel=\"noopener noreferrer\"><img decoding=\"async\" class=\"size-medium\" src=\"https:\/\/lh3.googleusercontent.com\/pw\/ACtC-3eqQazuV_N3JrAmF8khQJcPUZykM4m6b_cWsoMfln3ACkLZzSYAaAcP-S5AUBQzKBDUtdEwhrYpfW7hPeisugHF-_zJG04GJmVUn6Wm3New415LmCbcunnLwPCzCrg8odJRCqXiXmlM42-DXIMaP6_c=w2000-h1332-no?authuser=0\" alt=\"\u0130stehsal\u00e7\u0131n\u0131n etibarl\u0131l\u0131\u011f\u0131 haqq\u0131nda\" width=\"1998\" height=\"1332\" \/><\/a><figcaption class=\"wp-caption-text\">\u0130stehsal\u00e7\u0131n\u0131n etibarl\u0131l\u0131\u011f\u0131 haqq\u0131nda<\/figcaption><\/figure>\n<h3><strong>Ka\u011f\u0131z MP:<\/strong><\/h3>\n<p>S\u0259dr Takadan\u0131n dediyi kimi, istehlak\u00e7\u0131larla etimad m\u00fcnasib\u0259tl\u0259rinin qurulmas\u0131 son d\u0259r\u0259c\u0259 vacibdir.<\/p>\n<p>\u018fvv\u0259ll\u0259r Toxum Akt\u0131 (\u018fsas K\u0259nd T\u0259s\u0259rr\u00fcfat\u0131 Bitki Toxumu Akt\u0131) \u0259sas\u0131nda \u0259sas k\u0259nd t\u0259s\u0259rr\u00fcfat\u0131 bitkil\u0259ri d\u00fcy\u00fc, soya v\u0259 bu\u011fda kimi m\u00fc\u0259yy\u0259n edilirdi.<\/p>\n<p>T\u0259nziml\u0259yici \u0130slahatlar \u015euras\u0131na t\u0259qdim edil\u0259n yegan\u0259 materiallar d\u00fcy\u00fc il\u0259 ba\u011fl\u0131 materiallar idi; soya v\u0259 ya bu\u011fda il\u0259 ba\u011fl\u0131 he\u00e7 bir material t\u0259qdim edilm\u0259mi\u015fdir. O zaman h\u00f6kum\u0259tin diqq\u0259ti sanki d\u00fcy\u00fcy\u0259 y\u00f6n\u0259lmi\u015fdi.<\/p>\n<p>G\u0259l\u0259c\u0259kd\u0259 h\u00f6kum\u0259tin bunu nec\u0259 t\u0259\u015fviq ed\u0259c\u0259yi b\u0259lli deyil, lakin d\u00fcy\u00fc Yaponiyada \u0259sas qida oldu\u011fundan, qanun toxum hiss\u0259sinin d\u0259qiq m\u00fc\u0259yy\u0259n edilm\u0259li oldu\u011funu bildirir. Lakin d\u00f6vl\u0259t bunu l\u0259\u011fv edib.<\/p>\n<p>S\u00f6hb\u0259t d\u00fcy\u00fcd\u0259n gedirs\u0259, Mitsui Chemicals Agro Inc.-nin hibrid d\u00fcy\u00fc \u00e7e\u015fidi &quot;Mitsuhikari&quot; F1 sortudur, y\u0259ni istehsal\u00e7\u0131lar onu h\u0259r il almal\u0131 olurlar v\u0259 toxum qiym\u0259tl\u0259rinin h\u0259r il artmas\u0131 il\u0259 istehsal\u00e7\u0131lar\u0131 daim narahat ed\u0259n d\u00fcy\u00fcd\u00fcr.<\/p>\n<p>Toxum Akt\u0131na bu d\u0259f\u0259 niy\u0259 yenid\u0259n bax\u0131ld\u0131\u011f\u0131 il\u0259 ba\u011fl\u0131 \u0259sas suala cavab olaraq, ham\u0131 raz\u0131la\u015f\u0131r ki, h\u00f6kum\u0259tin m\u0259qs\u0259di \u201cYaponiyada haz\u0131rlanm\u0131\u015f m\u00fck\u0259mm\u0259l heyvandarl\u0131q bilikl\u0259rinin xaric\u0259 s\u0131zmas\u0131n\u0131n qar\u015f\u0131s\u0131n\u0131 almaq v\u0259 \u0259qli m\u00fclkiyy\u0259t h\u00fcquqlar\u0131n\u0131 qorumaqd\u0131r\u201d.<\/p>\n<p>Bununla bel\u0259, bunun h\u0259yata ke\u00e7irilm\u0259si \u00fc\u00e7\u00fcn t\u0259l\u0259b olunan x\u00fcsusi h\u00fcquqi d\u0259yi\u015fiklikl\u0259r\u0259 indiy\u0259d\u0259k s\u0259rb\u0259st \u015f\u0259kild\u0259 t\u0259tbiq edil\u0259n evd\u0259 toxum y\u0131\u011f\u0131m\u0131n\u0131n qada\u011fan edilm\u0259si d\u0259 daxildir.<\/p>\n<p>Qeydiyyata al\u0131nmam\u0131\u015f yerli n\u00f6vl\u0259r v\u0259 \u00fcmumi n\u00f6vl\u0259r \u00fc\u00e7\u00fcn icaz\u0259 t\u0259l\u0259b olunmad\u0131\u011f\u0131ndan, qanuna yenid\u0259n bax\u0131ld\u0131qdan sonra da h\u0259r \u015feyin \u0259sas\u0259n \u0259vv\u0259lki kimi qalaca\u011f\u0131 d\u00fc\u015f\u00fcn\u00fcl\u00fcrd\u00fc. Bununla bel\u0259, m\u0259n \u0259slind\u0259 ona baxanda, Hokkaydonun \u00e7oxlu sayda qeydiyyatdan ke\u00e7mi\u015f n\u00f6vl\u0259rinin oldu\u011funu g\u00f6r\u0259nd\u0259 \u00e7ox t\u0259\u0259cc\u00fcbl\u0259ndim.<\/p>\n<p>Fermerl\u0259r qeydiyyatdan ke\u00e7mi\u015f sortlardan istifad\u0259 edir v\u0259 b\u0259z\u0259n \u00f6z toxum kolleksiyas\u0131 vasit\u0259sil\u0259 \u00fcst\u00fcn mutant sortlar istehsal edirl\u0259r. Fermerl\u0259rin s\u0259yi il\u0259 \u0259ld\u0259 edil\u0259n bir \u015feyin qada\u011fan edilm\u0259si onlar\u0131n h\u00fcquqlar\u0131n\u0131n m\u0259hrum edilm\u0259si il\u0259 n\u0259tic\u0259l\u0259n\u0259 bil\u0259r.<br \/>\n\ufffc<\/p>\n<figure class=\"wp-caption aligncenter\"><a href=\"https:\/\/photos.google.com\/share\/AF1QipMKIuWXhJmvce-BtC11Oeu-7dAIX1eITNMxmCiWAGzp2KPvCgR8pXMFtOWvjvVUMg\/photo\/AF1QipNVJh99bdoOqsAUj_yh7VtMFBpCkOiR16vv-ks?key=bmRwYjF1WmRra3Z5MU5OREtCbWgyclhHR2oxOTRn\" target=\"_blank\" rel=\"noopener noreferrer\"><img decoding=\"async\" class=\"size-medium\" src=\"https:\/\/lh3.googleusercontent.com\/pw\/ACtC-3eNvuFNN1OEIJ7UvC7DKsYF1m1_WBe1_ok1NZnpdzpQKheb1biAnujFRCmPlwgD5QOL-duWJvReMq_UBaNBL0SlqbXaYUBLvSWLmkKkOu-84r-uayc2gYvhRrzRZsgGLv2lxNU_9gd1a4pu8YVuMCjw=w2000-h1332-no?authuser=0\" alt=\"Yaponiyan\u0131n \u00fcst\u00fcn sortlar\u0131n\u0131 qorumaq \u00fc\u00e7\u00fcn hans\u0131 t\u0259dbirl\u0259r g\u00f6r\u00fcl\u00fcr? . .\" width=\"1998\" height=\"1332\" \/><\/a><figcaption class=\"wp-caption-text\">Yaponiyan\u0131n \u00fcst\u00fcn sortlar\u0131n\u0131 qorumaq \u00fc\u00e7\u00fcn hans\u0131 t\u0259dbirl\u0259r g\u00f6r\u00fcl\u00fcr? . .<\/figcaption><\/figure>\n<h3><strong>S\u0259dr Takada:<\/strong><\/h3>\n<p>Kurosengoku soyas\u0131 \u00fc\u00e7\u00fcn biz &quot;regional kollektiv ticar\u0259t ni\u015fan\u0131&quot;n\u0131 qeydiyyatdan ke\u00e7irm\u0259y\u0259 \u00e7al\u0131\u015fd\u0131q, lakin Kurosengoku soyas\u0131 Hokkaydonun m\u00fcxt\u0259lif yerl\u0259rind\u0259 yeti\u015fdirildiyi \u00fc\u00e7\u00fcn sabit regional brendi t\u0259min etm\u0259k \u00e7\u0259tindir v\u0259 qeydiyyat m\u00fcmk\u00fcn deyildi.<\/p>\n<h3><strong>sual:<\/strong>M\u0259n ba\u015fa d\u00fc\u015f\u00fcr\u0259m ki, Kurosengoku soya toxumlar\u0131 (Ryukei \u21163) \u0130vamizava \u015f\u0259h\u0259rind\u0259n Okayama adl\u0131 istehsal\u00e7\u0131 t\u0259r\u0259find\u0259n yeti\u015fdirilir. Onlar ciddi qaydalara uy\u011fun olaraq bec\u0259rilirmi?<\/h3>\n<p>\ufffc<\/p>\n<figure class=\"wp-caption aligncenter\"><a href=\"https:\/\/photos.google.com\/share\/AF1QipMKIuWXhJmvce-BtC11Oeu-7dAIX1eITNMxmCiWAGzp2KPvCgR8pXMFtOWvjvVUMg\/photo\/AF1QipMmKRc_SQ-ofRnI2aEpnTtiMOAvUsUSYnZuMoY?key=bmRwYjF1WmRra3Z5MU5OREtCbWgyclhHR2oxOTRn\" target=\"_blank\" rel=\"noopener noreferrer\"><img decoding=\"async\" class=\"size-medium\" src=\"https:\/\/lh3.googleusercontent.com\/pw\/ACtC-3emJhr9TQ7zYeTNRWCbun1hv9VafHO1-r_R1rGIElRGDw4dgRWR_ErWbQyroOsel1TV2p1HLK3rK5hibzAGFIf6XGPnPEINXNsz3yIWOvUlZhkGJczHQecZl9Th4KaYWgPTCTCzsjZP01EVdlMR72BL=w2000-h1332-no?authuser=0\" alt=\"\u0130\u00e7iro Oda (Hokkaydo Qanunvericilik Qrupunun Ba\u015f Katibi)\" width=\"1998\" height=\"1332\" \/><\/a><figcaption class=\"wp-caption-text\">\u0130\u00e7iro Oda (Hokkaydo Qanunvericilik Qrupunun Ba\u015f Katibi)<\/figcaption><\/figure>\n<p><strong>Cavab (S\u0259dr Takada):<\/strong><\/p>\n<p>&quot;C\u0259nab Okayaman\u0131n fermas\u0131 doktor Sambui\u00e7inin evinin yax\u0131nl\u0131\u011f\u0131nda yerl\u0259\u015fir v\u0259 doktor Sambui\u00e7i fermaya m\u00fct\u0259madi olaraq ba\u015f \u00e7\u0259kir v\u0259 onu yoxlamaq v\u0259 n\u0259zar\u0259t edir. Orada y\u0131\u011f\u0131lan &quot;Ryukei No 3&quot; toxumlar\u0131n\u0131n ham\u0131s\u0131 toplan\u0131r v\u0259 Kurosengoku Biznes Kooperativ Assosiasiyas\u0131n\u0131n (Hokuryu q\u0259s\u0259b\u0259si) anbar\u0131nda saxlan\u0131l\u0131r.<\/p>\n<p>Bundan \u0259lav\u0259, yerli sortlar \u00fc\u00e7\u00fcn Kurosengoku Ticar\u0259t Kooperativi (Hokuryu q\u0259s\u0259b\u0259si) t\u0259r\u0259find\u0259n toplanan toxumlardan n\u00f6vb\u0259ti il \u00fc\u00e7\u00fcn toxum kimi istifad\u0259 olunmaq \u00fc\u00e7\u00fcn \u0259n yax\u015f\u0131 paxlalar se\u00e7ilir v\u0259 h\u0259r b\u00f6lg\u0259d\u0259 istehsal\u00e7\u0131lara paylan\u0131r.<\/p>\n<p>B\u00fct\u00fcn y\u0131\u011f\u0131lm\u0131\u015f lobya v\u0259 \u0259kin toxumlar\u0131 Kurosengoku Biznes Kooperativi t\u0259r\u0259find\u0259n kollektiv \u015f\u0259kild\u0259 idar\u0259 olunur. Anbarda yerli \u201cKurosenqoku soya\u201d v\u0259 t\u0259kmill\u0259\u015fdirilmi\u015f \u201cRyukei No.3\u201d sortlar\u0131 bir-birin\u0259 qar\u0131\u015fmas\u0131n dey\u0259 tam ayr\u0131laraq diqq\u0259tl\u0259 saxlan\u0131l\u0131r.<\/p>\n<h3><strong>sual:<\/strong>S: 3 n\u00f6mr\u0259li Ryukei \u00fc\u00e7\u00fcn bec\u0259rm\u0259 \u00fcsulu adi soya \u00fc\u00e7\u00fcn olandan f\u0259rqlidirmi? Pestisidl\u0259rin istifad\u0259si il\u0259 nec\u0259 m\u0259\u015f\u011ful olursunuz?<\/h3>\n<p><strong>Cavab (S\u0259dr Takada):<\/strong><\/p>\n<p>Bec\u0259rm\u0259 \u00fcsullar\u0131 b\u00f6lg\u0259d\u0259n b\u00f6lg\u0259y\u0259 d\u0259yi\u015fir v\u0259 m\u0259hsul yerli k\u0259nd t\u0259s\u0259rr\u00fcfat\u0131 kooperativl\u0259rinin r\u0259hb\u0259rliyi alt\u0131nda yeti\u015fdirilir. Biz \u0259kinl\u0259rimizi herbisidl\u0259rd\u0259n m\u00fcmk\u00fcn q\u0259d\u0259r az istifad\u0259 etm\u0259kl\u0259 bec\u0259ririk.<\/p>\n<p>Kurosengoku soyalar\u0131 \u00e7i\u00e7\u0259kl\u0259ndiyi andan paxla yeti\u015f\u0259n\u0259 q\u0259d\u0259r paxla k\u00f6k g\u00fcv\u0259sinin (x\u0259st\u0259lik v\u0259 z\u0259r\u0259rverici) invaziyalar\u0131na h\u0259ssasd\u0131r. Bu, h\u0259mi\u015f\u0259 l\u0259zz\u0259tli paxlalara yol tapan v\u0259 onlar\u0131 yey\u0259n \u00e7ox \u0259ziyy\u0259tli bir h\u0259\u015f\u0259ratd\u0131r. \u00c7i\u00e7\u0259kl\u0259ndikd\u0259n sonra bir v\u0259 ya iki d\u0259f\u0259 bu z\u0259r\u0259rverici il\u0259 m\u00fcbariz\u0259 aparmaq \u00fc\u00e7\u00fcn insektisidl\u0259r s\u0259pirik.<\/p>\n<p>Bundan \u0259lav\u0259, istifad\u0259 olunan pestisidl\u0259r d\u0259 daxil olmaqla, bec\u0259rm\u0259 tarixi il\u0259 ba\u011fl\u0131 istehsal m\u0259lumatlar\u0131n\u0131n izl\u0259nilm\u0259sini t\u0259min edir v\u0259 onu h\u0259rt\u0259r\u0259fli idar\u0259 edirik. Bu d\u0259f\u0259 biz y\u00fcks\u0259k d\u0259qiqlikl\u0259 r\u0259ng \u00e7e\u015fidl\u0259m\u0259 ma\u015f\u0131nlar\u0131n\u0131n t\u0259tbiqi il\u0259 ir\u0259lil\u0259yirik.<\/p>\n<h3><strong>sual:<\/strong>Kurosengoku soyas\u0131 Hokkaydonun h\u0259r hans\u0131 bir b\u00f6lg\u0259sind\u0259 yeti\u015fdiril\u0259 bil\u0259rmi?<\/h3>\n<p><strong>Cavab (S\u0259dr Takada):<\/strong><\/p>\n<p>B\u00f6y\u00fck temperatur f\u0259rql\u0259ri olan \u0259razil\u0259r bec\u0259rilm\u0259si \u00fc\u00e7\u00fcn \u0259lveri\u015flidir. Hokkaydoda, haz\u0131rda \u0259n \u015fimal k\u0259nar \u0259razi olan Kamikava rayonunun \u015eibetsu \u015f\u0259h\u0259rind\u0259 \u0259kin sah\u0259l\u0259ri var.<\/p>\n<p>Bundan \u0259lav\u0259, Kurosengoku soyas\u0131 adi soyadan daha y\u00fcks\u0259k y\u0131\u011f\u0131lm\u0131\u015f temperatura malikdir.<\/p>\n<p>Akkumulyasiya temperaturu toxum \u0259kil\u0259n andan meyv\u0259 yeti\u015f\u0259n\u0259 q\u0259d\u0259r h\u0259r g\u00fcn \u0259lav\u0259 olunan \u00fcmumi temperaturdur. Normal lobya 2300 d\u0259r\u0259c\u0259 y\u0131\u011f\u0131lm\u0131\u015f temperatura malik oldu\u011fu halda, Kurosengoku paxlas\u0131n\u0131n y\u0131\u011f\u0131lm\u0131\u015f temperaturu 2700 d\u0259r\u0259c\u0259dir v\u0259 daha \u00e7ox saat g\u00fcn\u0259\u015f i\u015f\u0131\u011f\u0131 t\u0259l\u0259b edir.<\/p>\n<p>Onlar b\u00f6y\u00fcm\u0259k \u00fc\u00e7\u00fcn daha \u00e7ox g\u00fcn\u0259\u015f g\u00fcc\u00fcn\u00fc (i\u015f\u0131\u011f\u0131) ald\u0131qlar\u0131ndan, \u015firin v\u0259 dadl\u0131 g\u00fccl\u00fc lobyalard\u0131r.<\/p>\n<p>Kurosenqoku soyas\u0131 da dig\u0259r paxlalara nisb\u0259t\u0259n tez \u0259kil\u0259n v\u0259 gec y\u0131\u011f\u0131lan m\u0259hsuldur.<\/p>\n<p>Toxum \u0259kilm\u0259si may bayramlar\u0131ndan d\u0259rhal sonra ba\u015f ver\u0259c\u0259k. Toxumlar\u0131n \u00e7ox erk\u0259n \u0259kilm\u0259si d\u0259 \u015faxta, alaq otlar\u0131 v\u0259 h\u0259\u015f\u0259ratlarla ba\u011fl\u0131 probleml\u0259r yarada bil\u0259r. M\u0259hsul y\u0131\u011f\u0131m\u0131 oktyabr\u0131n sonunda, qar ya\u011fmazdan \u0259vv\u0259l ba\u015f verir, bu da m\u0259hsul y\u0131\u011fmaq q\u0259rar\u0131n\u0131 \u00e7ox \u00e7\u0259tinl\u0259\u015fdirir.<\/p>\n<p>Bundan \u0259lav\u0259, Kurosengoku soyas\u0131 havaya h\u0259ssas olan \u00e7ox z\u0259rif lobyad\u0131r, buna g\u00f6r\u0259 m\u0259hsul m\u0259hsuldarl\u0131\u011f\u0131 ild\u0259n-il\u0259 \u00e7ox d\u0259yi\u015fir.<\/p>\n<p>Biz sa\u011flaml\u0131\u011fa diqq\u0259t yetir\u0259n istehlak\u00e7\u0131lar\u0131n say\u0131n\u0131n ild\u0259n-il\u0259 artd\u0131\u011f\u0131 bir d\u00fcnyada ya\u015fay\u0131r\u0131q. T\u0259bi\u0259tin g\u00fcc\u00fc il\u0259 yeti\u015fdiril\u0259n v\u0259 qatq\u0131s\u0131z qidalar\u0131n q\u0259bulunun sa\u011flaml\u0131\u011fa s\u0259b\u0259b oldu\u011funa inan\u0131r\u0131q.<\/p>\n<figure class=\"wp-caption aligncenter\"><a href=\"https:\/\/photos.google.com\/share\/AF1QipMKIuWXhJmvce-BtC11Oeu-7dAIX1eITNMxmCiWAGzp2KPvCgR8pXMFtOWvjvVUMg\/photo\/AF1QipMhvSpvVhiD_qcWBZN6c2Mh0t-wrDaOemgADDA?key=bmRwYjF1WmRra3Z5MU5OREtCbWgyclhHR2oxOTRn\" target=\"_blank\" rel=\"noopener noreferrer\"><img decoding=\"async\" class=\"size-medium\" src=\"https:\/\/lh3.googleusercontent.com\/pw\/ACtC-3e1w_E-uDxeA_aOpPKzZ64VkxAViPKMZVbKpnB8kM_jrP4H1YolkojZ50aAlg8m033O-lLH6aDhi5MNO2bN9l8nYhsc3ZKcjeGjqKhj_ow__RobGWUaDtXSaCJsXbg0Gu4p0p3FMerfq6tm6is5L5KR=w2000-h1332-no?authuser=0\" alt=\"Do\u011fma Kurosengoku soyas\u0131n\u0131n m\u00f6vcudlu\u011fu\" width=\"1998\" height=\"1332\" \/><\/a><figcaption class=\"wp-caption-text\">Do\u011fma Kurosengoku soyas\u0131n\u0131n m\u00f6vcudlu\u011fu<\/figcaption><\/figure>\n<h3><strong>Ryoji Kikura:<\/strong><\/h3>\n<p>Son ill\u0259rd\u0259 atopik dermatitli insanlar\u0131n say\u0131 ild\u0259n-il\u0259 art\u0131r. Son ara\u015fd\u0131rmalar Yukihikari d\u00fcy\u00fcs\u00fcn\u00fcn d\u00fcy\u00fc allergiyas\u0131n\u0131 bo\u011fmaqda t\u0259sirli oldu\u011funu t\u0259sdiql\u0259yib.<\/p>\n<p>Hokuryu q\u0259s\u0259b\u0259sind\u0259 \u201cYukihikari\u201d d\u00fcy\u00fc sortunun bec\u0259rilm\u0259si davam etdirilir. Bu d\u00fcy\u00fc \u00fc\u00e7\u00fcn bec\u0259ril\u0259n sah\u0259 k\u0259skin \u015f\u0259kild\u0259 azal\u0131b v\u0259 Hokuren yaln\u0131z iki ild\u0259 bir d\u0259f\u0259 toxum verir. Hokuryu q\u0259s\u0259b\u0259sind\u0259 bu \u00e7e\u015fidin n\u0259sli k\u0259silm\u0259m\u0259si laz\u0131m oldu\u011funa inanan insanlar h\u0259r il \u00f6z toxumlar\u0131n\u0131 toplay\u0131rlar. Biz b\u00f6hran hiss edirik ki, bu \u00fcst\u00fcn sortlar\u0131n say\u0131 getdikc\u0259 azal\u0131r v\u0259 d\u0259y\u0259rini itirir.<\/p>\n<h3><strong>Ka\u011f\u0131z MP:<\/strong><\/h3>\n<p>Haz\u0131rda Toxum Akt\u0131n\u0131n l\u0259\u011fv edilm\u0259sinin m\u0259qs\u0259dinin xaric\u0259 \u201cbilik\u201d ax\u0131n\u0131n\u0131n qar\u015f\u0131s\u0131n\u0131 almaq oldu\u011fu bildirilir. Bundan \u0259lav\u0259, d\u00f6vl\u0259t \u00f6z\u0259l sektora d\u00f6vl\u0259t v\u0259 fermerl\u0259r t\u0259r\u0259find\u0259n uzun ill\u0259r g\u0259rgin z\u0259hm\u0259tl\u0259 idar\u0259 olunan v\u0259 t\u0259dqiq edil\u0259n \u00fcst\u00fcn sortlar\u0131n toxumlar\u0131n\u0131 ver\u0259c\u0259k.<\/p>\n<p>S\u0131naq m\u0259rk\u0259zl\u0259rind\u0259 v\u0259 s. h\u00fcquqi n\u0259zar\u0259t alt\u0131nda h\u0259yata ke\u00e7irildiyi \u00fc\u00e7\u00fcn avadanl\u0131q, pul v\u0259 insan t\u0259l\u0259b olunurdu. H\u00f6kum\u0259t toplad\u0131\u011f\u0131 bilik v\u0259 t\u0259cr\u00fcb\u0259nin \u00f6z\u0259l sektora t\u0259qdim edilm\u0259sini t\u0259l\u0259b ed\u0259n bildiri\u015f yaym\u0131\u015fd\u0131r. Bu texnologiyan\u0131n \u00f6z\u0259l sektor al\u0131c\u0131lar\u0131 aras\u0131nda xarici \u015firk\u0259tl\u0259r d\u0259 var. Burada ziddiyy\u0259t yaran\u0131r. Bu, \u00fcst\u00fcn sortlar\u0131n xaric\u0259 ixrac\u0131na s\u0259b\u0259b ola bil\u0259r.<\/p>\n<p>Toxumlar\u0131 xaric\u0259 ixrac edil\u0259n \u201cShine Muscat\u201d \u00fcz\u00fcm, \u00e7iy\u0259l\u0259k v\u0259 dig\u0259r \u00fcz\u00fcml\u0259r\u0259 g\u0259linc\u0259, K\u0259nd T\u0259s\u0259rr\u00fcfat\u0131, Me\u015f\u0259 T\u0259s\u0259rr\u00fcfat\u0131 v\u0259 Bal\u0131q T\u0259s\u0259rr\u00fcfat\u0131 Nazirliyi toxumlar\u0131 \u00f6lk\u0259 kimi xaricd\u0259 qeydiyyatdan ke\u00e7irs\u0259ydi, bunun qar\u015f\u0131s\u0131n\u0131 ala bil\u0259rdi, lakin bu al\u0131nmad\u0131.<\/p>\n<p>Q\u0259rib\u0259 deyilmi ki, indi m\u0259suliyy\u0259t \u00f6z toxumunu istehsal ed\u0259n fermerl\u0259rin \u00fcz\u0259rin\u0259 d\u00fc\u015f\u00fcr?<\/p>\n<h3><strong>C\u0259nab Huang Cang:<\/strong><\/h3>\n<p>Fermerl\u0259r k\u0259nd t\u0259s\u0259rr\u00fcfat\u0131n\u0131n texnologiyan\u0131 rasional v\u0259 elmi \u015f\u0259kild\u0259 geni\u015f ictimaiyy\u0259t\u0259 t\u0259qdim etm\u0259kl\u0259 inki\u015faf ed\u0259c\u0259yi il\u0259 ba\u011fl\u0131 s\u0259hv t\u0259\u0259ss\u00fcrat alt\u0131ndad\u0131rlar. \u00c7ox az adam\u0131n buna qar\u015f\u0131 \u00e7\u0131xmas\u0131na t\u0259\u0259cc\u00fcb edir\u0259m, ola bilsin ki, onlar faktiki v\u0259ziyy\u0259ti tam d\u0259rk etmirl\u0259r.<\/p>\n<p>&quot;Toxumlar h\u0259yat m\u0259nb\u0259yidir.&quot; M\u0259n ba\u015fa d\u00fc\u015fm\u00fcr\u0259m ki, m\u0259nim \u00fc\u00e7\u00fcn bu q\u0259d\u0259r vacib olan bir \u015fey indi niy\u0259 yenid\u0259n n\u0259z\u0259rd\u0259n ke\u00e7irilm\u0259lidir?<\/p>\n<h3><strong>\u015eura \u00fczv\u00fc Tamura:<\/strong><\/h3>\n<p>\ufffc<\/p>\n<figure class=\"wp-caption aligncenter\"><a href=\"https:\/\/photos.google.com\/share\/AF1QipMKIuWXhJmvce-BtC11Oeu-7dAIX1eITNMxmCiWAGzp2KPvCgR8pXMFtOWvjvVUMg\/photo\/AF1QipNJpNZyrzs_T36JHX8p_hlbjws4kI-4yO4zO3w?key=bmRwYjF1WmRra3Z5MU5OREtCbWgyclhHR2oxOTRn\" target=\"_blank\" rel=\"noopener noreferrer\"><img decoding=\"async\" class=\"size-medium\" src=\"https:\/\/lh3.googleusercontent.com\/pw\/ACtC-3cxQ0F2f7f35Mq8psYdswT-cDsoUY3FihQupg4mpf3f5t-rgaEQk4-zRUS5zdnoBpmMHRhQeANQNQmb6z4zA2iYGy_RODfeRuZVwLH0qWUjbKUfzVICVUp4wZCIUxMl80-XOQBSBob_ofR_vYXoHtOu=w2000-h1332-no?authuser=0\" alt=\"Takaaki Tamura, parlament \u00fczv\u00fc\" width=\"1998\" height=\"1332\" \/><\/a><figcaption class=\"wp-caption-text\">Takaaki Tamura, parlament \u00fczv\u00fc<\/figcaption><\/figure>\n<p>D\u00fc\u015f\u00fcn\u00fcr\u0259m ki, h\u00f6kum\u0259td\u0259n, i\u015f d\u00fcnyas\u0131ndan v\u0259 xarici korporasiyalardan k\u0259narda olanlar\u0131n \u0259sl mahiyy\u0259tinin n\u0259d\u0259n ibar\u0259t oldu\u011funu d\u00fc\u015f\u00fcnm\u0259liyik. Dey\u0259s\u0259n, &quot;qiym\u0259tini \u00f6d\u0259yin v\u0259 standartla\u015fd\u0131r\u0131lm\u0131\u015f m\u0259hsullar al\u0131n. Bundan ba\u015fqa he\u00e7 n\u0259 etm\u0259yin. Bu, \u0259n stabil i\u015fdir&quot; deyir.<\/p>\n<p>Biliyin xaric\u0259 s\u0131zmas\u0131n\u0131n qar\u015f\u0131s\u0131n\u0131 almaqdan dan\u0131\u015fark\u0259n, s\u0259rh\u0259d n\u0259zar\u0259ti haqq\u0131nda n\u0259 dem\u0259k olar? Toxumlar\u0131 xaric\u0259 cibinizd\u0259 da\u015f\u0131maq asand\u0131r. \u018fg\u0259r biz h\u0259qiq\u0259t\u0259n biliyin xaric\u0259 s\u0131zmas\u0131n\u0131n qar\u015f\u0131s\u0131n\u0131 almaq ist\u0259yiriks\u0259, m\u0259nc\u0259 \u0259n yax\u015f\u0131s\u0131 K\u0259nd T\u0259s\u0259rr\u00fcfat\u0131, Me\u015f\u0259 T\u0259s\u0259rr\u00fcfat\u0131 v\u0259 Bal\u0131q\u00e7\u0131l\u0131q Nazirliyinin dediyi kimi \u00f6lk\u0259l\u0259rin bir-birini qeydiyyatdan ke\u00e7irm\u0259sidir.<\/p>\n<p>Yerd\u0259ki fermerl\u0259ri g\u00fcnahland\u0131rmaq araban\u0131 at\u0131n qaba\u011f\u0131na qoymaqd\u0131r v\u0259 m\u0259nc\u0259, bunun arxas\u0131nda n\u0259l\u0259r oldu\u011funu g\u00f6rm\u0259liyik. C\u0259nab Kikuran\u0131n dediyi kimi, b\u00f6hran hissi s\u00fcr\u0259tl\u0259 art\u0131r.<\/p>\n<h3><strong>C\u0259nab Huang Cang:<\/strong><\/h3>\n<p>COVID-19 pandemiyas\u0131 a\u00e7\u0131q \u015f\u0259kild\u0259 g\u00f6st\u0259rdi ki, xaricd\u0259n etibar etm\u0259y\u0259 davam ed\u0259 bilm\u0259y\u0259c\u0259yimiz b\u0259zi qidalar var. Biz n\u0259h\u0259ng kapital\u0131n i\u015ftirak etm\u0259sin\u0259 v\u0259 yaln\u0131z \u0259n qiym\u0259tli m\u0259hsullar\u0131n yeti\u015fdirilm\u0259sin\u0259 icaz\u0259 ver\u0259c\u0259yik. \u00dcst\u0259lik, yerli fermerl\u0259rin onlar\u0131 \u00f6z \u00f6lk\u0259l\u0259rind\u0259 bec\u0259rm\u0259sin\u0259 m\u0259hdudiyy\u0259tl\u0259r var.<\/p>\n<p>\u018fn b\u00f6y\u00fck problem istehlak\u00e7\u0131lar \u00fc\u00e7\u00fcnd\u00fcr. \u0130stehlak\u00e7\u0131lar yaln\u0131z t\u0259nziml\u0259n\u0259n \u015f\u0259kild\u0259 istehsal olunan\u0131 ala bil\u0259rl\u0259r. Y\u00fcks\u0259k qiym\u0259t \u00f6d\u0259nilm\u0259lidir.<\/p>\n<p>Qida h\u0259mi\u015f\u0259 \u0259cdadlar\u0131m\u0131z\u0131n h\u0259yatlar\u0131n\u0131 qorumaq \u00fc\u00e7\u00fcn etdikl\u0259ri bir \u015fey olmu\u015fdur. Biz h\u0259mi\u015f\u0259 yem\u0259yi ya\u015famaq vasit\u0259si kimi d\u0259y\u0259rl\u0259ndirmi\u015fik.<\/p>\n<h3><strong>C\u0259nab Hisada:<\/strong><\/h3>\n<p>\ufffc<\/p>\n<figure class=\"wp-caption aligncenter\"><a href=\"https:\/\/photos.google.com\/share\/AF1QipMKIuWXhJmvce-BtC11Oeu-7dAIX1eITNMxmCiWAGzp2KPvCgR8pXMFtOWvjvVUMg\/photo\/AF1QipMWY-VrxBI9iZ24qbvnG716DPSx1BWaG25S_Pk?key=bmRwYjF1WmRra3Z5MU5OREtCbWgyclhHR2oxOTRn\" target=\"_blank\" rel=\"noopener noreferrer\"><img decoding=\"async\" class=\"size-medium\" src=\"https:\/\/lh3.googleusercontent.com\/pw\/ACtC-3cSU4_4HM1rdiOem_O8Vq-NhrXociVcraxo15pfUGjZJWM8Rl6cRGkixq8foUpKb2hw2sNI6BE2l32I9daBmBsXDRNZa7p_bj4QLJL_L-ehbtJJSKL3GCCEbx7PwQXwhDr0Lm9tBqrzGE3IxVM8tyg_=w2000-h1332-no?authuser=0\" alt=\"Tokuji Hisada\" width=\"1998\" height=\"1332\" \/><\/a><figcaption class=\"wp-caption-text\">Tokuji Hisada<\/figcaption><\/figure>\n<p>M\u00fcharib\u0259d\u0259n \u0259vv\u0259l Yaponiya d\u00fcy\u00fcsev\u0259r bir \u00f6lk\u0259 idi. M\u00fcharib\u0259d\u0259n sonra AB\u015e Yaponiyaya art\u0131q bu\u011fda g\u0259tirdi v\u0259 \u00f6lk\u0259 daxilind\u0259 \u00e7\u00f6r\u0259k yem\u0259k kampaniyas\u0131na ba\u015flad\u0131.<\/p>\n<p>M\u0259kt\u0259bl\u0259rd\u0259 nahar yem\u0259kl\u0259ri t\u0259dric\u0259n \u00e7\u00f6r\u0259y\u0259 ke\u00e7di. \u00c7\u00f6r\u0259k, spagetti, yem\u0259k \u00fcsullar\u0131 v\u0259 onun haz\u0131rlanma yollar\u0131 populyarla\u015fd\u0131 v\u0259 c\u0259mi 30 il \u0259rzind\u0259 Yaponiya d\u00fcy\u00fc yem\u0259kd\u0259n \u00e7\u00f6r\u0259k yem\u0259y\u0259 ke\u00e7di.<\/p>\n<p>Bu s\u0259h\u0259r q\u0259zetd\u0259 idi, amma bu hekay\u0259 1980-ci ild\u0259 ba\u015flad\u0131. 40 il ke\u00e7s\u0259 d\u0259, biz h\u0259l\u0259 d\u0259 bu h\u0259d\u0259fi davam etdiririk. Bu aral\u0131\u011f\u0131n uzunlu\u011fu inan\u0131lmazd\u0131r.<\/p>\n<p>Yem\u0259k v\u0259rdi\u015fl\u0259rini d\u0259yi\u015fdirm\u0259k uzun m\u00fcdd\u0259t t\u0259l\u0259b edir. \u0130nsanlar\u0131n yem\u0259k se\u00e7iml\u0259rini v\u0259 yem\u0259k se\u00e7dikl\u0259ri qidalar\u0131 d\u0259yi\u015fm\u0259k \u00fc\u00e7\u00fcn vaxt laz\u0131md\u0131r.<\/p>\n<p>Haz\u0131rda xaricd\u0259 m\u0259\u015fhur olan \u015fey d\u00fcy\u00fcd\u00fcr. \u00d6z\u0259l istehsal edil\u0259n \u00e7oxlu d\u00fcy\u00fc Hokkaydodan ba\u015fqa prefekturalara idxal olunur. Art\u0131q 38 prefekturada \u201cMitsuhikari\u201d d\u00fcy\u00fc \u00e7e\u015fidi yeti\u015fdirilir. Mitsui Chemicals Agro Inc. yax\u0131n iki-\u00fc\u00e7 il \u0259rzind\u0259 d\u00fcy\u00fc sat\u0131\u015flar\u0131n\u0131 100 d\u0259f\u0259 art\u0131rma\u011f\u0131 planla\u015fd\u0131r\u0131r. H\u0259d\u0259f d\u00fcy\u00fcd\u00fcr.<\/p>\n<p>M\u00fcharib\u0259d\u0259n sonra yaponlar d\u00fcy\u00fcd\u0259n imtina etm\u0259k m\u0259cburiyy\u0259tind\u0259 qald\u0131lar v\u0259 bu\u011fda m\u0259d\u0259niyy\u0259tini m\u0259nims\u0259m\u0259y\u0259 m\u0259cbur oldular. M\u00fc\u0259yy\u0259n d\u0259r\u0259c\u0259d\u0259 u\u011fur qazand\u0131lar, lakin h\u0259l\u0259 d\u0259 qald\u0131\u011f\u0131na g\u00f6r\u0259, \u00e7ox g\u00fcman ki, \u00f6z \u0259qli m\u00fclkiyy\u0259tl\u0259ri \u00fc\u00e7\u00fcn onu \u0259l\u0259 ke\u00e7irm\u0259y\u0259 \u00e7al\u0131\u015fan g\u00fccl\u00fc q\u00fcvv\u0259l\u0259r var.<\/p>\n<p>Bu yolla, magistrl\u0259r yapon fermerl\u0259rin\u0259 \u00f6z \u00fcsullar\u0131n\u0131 m\u0259nims\u0259m\u0259l\u0259ri \u00fc\u00e7\u00fcn t\u0259sir g\u00f6st\u0259rirl\u0259r. D\u00fcy\u00fc \u00fcz\u0259rind\u0259 n\u0259zar\u0259ti \u0259ld\u0259 etdikd\u0259n sonra siz lobya v\u0259 t\u0259r\u0259v\u0259zl\u0259r \u00fcz\u0259rind\u0259 d\u0259 n\u0259zar\u0259tinizi geni\u015fl\u0259ndir\u0259 bil\u0259c\u0259ksiniz. \u00dcmid edir\u0259m ki, z\u0259hm\u0259t \u00e7\u0259kib yeti\u015fdirdiyiniz m\u0259hsullara yax\u015f\u0131 qulluq ed\u0259c\u0259k v\u0259 qoruyacaqs\u0131n\u0131z.<\/p>\n<figure class=\"wp-caption aligncenter\"><a href=\"https:\/\/photos.google.com\/share\/AF1QipMKIuWXhJmvce-BtC11Oeu-7dAIX1eITNMxmCiWAGzp2KPvCgR8pXMFtOWvjvVUMg\/photo\/AF1QipNLbUX8_gJd7lTamZpYwmCC1uT1RTqjKNw5Xb8?key=bmRwYjF1WmRra3Z5MU5OREtCbWgyclhHR2oxOTRn\" target=\"_blank\" rel=\"noopener noreferrer\"><img decoding=\"async\" class=\"size-medium\" src=\"https:\/\/lh3.googleusercontent.com\/pw\/ACtC-3c6b2KaZkSk26vQAGki1EyeGH7rdJFPvZqv6p3Khm1JOnpTHLKr6mruTXTKslCOccZpEW5U8BbKicauBd6Y93bX6O2b08uQHOfNbU0cxMnJuWSVgSvwUnZdcdpNbAPKR25I4RrzU2z1ULymvIWx8MOG=w1346-h897-no?authuser=0\" alt=\"C\u0259nab Tokuji Hisada\" width=\"1776\" height=\"1332\" \/><\/a><figcaption class=\"wp-caption-text\">C\u0259nab Tokuji Hisada<\/figcaption><\/figure>\n<p>C\u0259nab Tai Kyoseinin (Kami-nin katibi) d\u00fc\u015f\u00fcnc\u0259liliyi say\u0259sind\u0259 h\u0259r k\u0259s\u0259 Diet Building \u00fczv\u00fc ni\u015fan\u0131 konfeti (alma \u0259tirli) v\u0259 Diet Building konfeti (sidr \u0259tirli) payland\u0131! !<br \/>\n\ufffc<\/p>\n<figure class=\"wp-caption aligncenter\"><a href=\"https:\/\/photos.google.com\/share\/AF1QipMKIuWXhJmvce-BtC11Oeu-7dAIX1eITNMxmCiWAGzp2KPvCgR8pXMFtOWvjvVUMg\/photo\/AF1QipO3Wc-eiycQKeqNczU0PeydaKyoHgJHXcKRNdA?key=bmRwYjF1WmRra3Z5MU5OREtCbWgyclhHR2oxOTRn\" target=\"_blank\" rel=\"noopener noreferrer\"><img decoding=\"async\" class=\"size-medium\" src=\"https:\/\/lh3.googleusercontent.com\/pw\/ACtC-3e950rrU0nvKnRZdvjgKXRYbPgNLdXggt2huK7PlfeKJvWLvRVHIoo9pqXjmI6u1sLMWQ0QR12iCFJi4TRaYgqjCHlA68hsp_HgTldj3lrRJy6rkP-T-hFwgq2YX55DsEAiKHrRY_tP6vHK6o3SYQWg=w1776-h1332-no?authuser=0\" alt=\"Parlament binas\u0131 konfeti\" width=\"1776\" height=\"1332\" \/><\/a><figcaption class=\"wp-caption-text\">Parlament binas\u0131 konfeti<\/figcaption><\/figure>\n<p>\ufffc<\/p>\n<figure class=\"wp-caption aligncenter\"><a href=\"https:\/\/photos.google.com\/share\/AF1QipNs6tzDrKJvEWTu17twPTFbU-7v1wFwc1cSddsqYZUHrY33CU5djytH37mk7HZoUg\/photo\/AF1QipPiR-mujWuPWxbgNgEx_rv4kfrDRZ8gG7GT_3k?key=ZzlsWDM3SUN0eUM3eWl1WmN1VFlFbWw2dUUxZnpR\" target=\"_blank\" rel=\"noopener noreferrer\"><img decoding=\"async\" class=\"size-medium\" src=\"https:\/\/lh3.googleusercontent.com\/pw\/ACtC-3fy6bk3YZA2M-ew8YyIqewn7lEK_-RVD8WWRF8ePdcGMoRVnrUP78YpLHUEh1QyyY-5o6PRJGqXzF1BefQheCFuDHj4y_8Fa_UgYsapLUFkT1aXdQSgv7oJHeJvxyPVa58mmKOr8gbYe11xEHDRz25M=w2000-h1332-no?authuser=0\" alt=\"G\u00fcn\u0259baxan Park\u0131 Hokuryu Onsen\" width=\"1998\" height=\"1332\" \/><\/a><figcaption class=\"wp-caption-text\">G\u00fcn\u0259baxan Park\u0131 Hokuryu Onsen<\/figcaption><\/figure>\n<p>Burada Kurosengoku Biznes Kooperativ Assosiasiyas\u0131 il\u0259 m\u00fczakir\u0259 yekunla\u015fd\u0131 v\u0259 S\u0259dr Takada b\u0259l\u0259d\u00e7i olaraq biz G\u00fcn\u0259baxan Park\u0131 Kitaryu Onsenin qar\u015f\u0131s\u0131ndak\u0131 Kurosengoku soya tarlalar\u0131n\u0131 g\u0259zdik.<\/p>\n<p>Direktor Takadan\u0131n izahat\u0131n\u0131 dinl\u0259y\u0259rk\u0259n Kurosengoku soyas\u0131n\u0131n b\u00f6y\u00fcm\u0259sini m\u00fc\u015fahid\u0259 etdik. Kurosengoku soyalar\u0131 h\u0259l\u0259 d\u0259 ya\u015f\u0131l, inki\u015faf m\u0259rh\u0259l\u0259sind\u0259 idi, lakin biz onlar\u0131 xam halda s\u0131nad\u0131q.<\/p>\n<p>Direktor Takada izah etdi ki, Kurosengoku soyas\u0131 adi soya (edamame) il\u0259 m\u00fcqayis\u0259d\u0259 toksik deyil, ona g\u00f6r\u0259 d\u0259 onlar\u0131 edamame m\u00f6vs\u00fcm\u00fcnd\u0259 xam yeyil\u0259 bil\u0259r.<br \/>\n\ufffc<\/p>\n<figure class=\"wp-caption aligncenter\"><a href=\"https:\/\/photos.google.com\/share\/AF1QipMKIuWXhJmvce-BtC11Oeu-7dAIX1eITNMxmCiWAGzp2KPvCgR8pXMFtOWvjvVUMg\/photo\/AF1QipM2r7VeCT_XD1ODqw4ZH5feFwwMty7lPdoWjUs?key=bmRwYjF1WmRra3Z5MU5OREtCbWgyclhHR2oxOTRn\" target=\"_blank\" rel=\"noopener noreferrer\"><img decoding=\"async\" class=\"size-medium\" src=\"https:\/\/lh3.googleusercontent.com\/pw\/ACtC-3f3Cz9J1N6sOd3_FZAiM59hZNNVg5Y2nZYr0KOdw6_i-K4QtLFCvtvUrqb_c0LQpFIVsOFshYNMrwgc_NjX_7x1yPB6Ne2uUfbQT7Of3dYUyOTNb3kj5o2s0CJS25r6VQmt3v1FrZA7cQCAm7ZwFKh8=w2000-h1332-no?authuser=0\" alt=\"Kurosengoku soya sah\u0259si\" width=\"1998\" height=\"1332\" \/><\/a><figcaption class=\"wp-caption-text\">Kurosengoku soya sah\u0259si<\/figcaption><\/figure>\n<p>\ufffc<\/p>\n<figure class=\"wp-caption aligncenter\"><a href=\"https:\/\/photos.google.com\/share\/AF1QipMKIuWXhJmvce-BtC11Oeu-7dAIX1eITNMxmCiWAGzp2KPvCgR8pXMFtOWvjvVUMg\/photo\/AF1QipMDq-N0GWw5wr48dTi1p1R5613MEWhkecIhq9k?key=bmRwYjF1WmRra3Z5MU5OREtCbWgyclhHR2oxOTRn\" target=\"_blank\" rel=\"noopener noreferrer\"><img decoding=\"async\" class=\"size-medium\" src=\"https:\/\/lh3.googleusercontent.com\/pw\/ACtC-3fLo954r6WjcSkXSvh9RWGkirn0HxWAbqI9nYNL-M8Pvkarfc35S3bYRdBRvGUupYdc7zCeXQUm0rN2fnwFdPVqk6bjb_B85ZY_6tQFYwQdAdJftEeQaPQE7iYoFsnaTFOgiJ3QUvKPBrb7WFlPxKE0=w2000-h1332-no?authuser=0\" alt=\"Kurosengoku soya paxlas\u0131ndan mavi edamame\" width=\"1998\" height=\"1332\" \/><\/a><figcaption class=\"wp-caption-text\">Kurosengoku soya paxlas\u0131ndan mavi edamame<\/figcaption><\/figure>\n<p>\ufffc<\/p>\n<figure class=\"wp-caption aligncenter\"><a href=\"https:\/\/photos.google.com\/share\/AF1QipMKIuWXhJmvce-BtC11Oeu-7dAIX1eITNMxmCiWAGzp2KPvCgR8pXMFtOWvjvVUMg\/photo\/AF1QipMvU9Xr_hNnr9AR8hfQJdgFl-0BMfbDh7Y4Txg?key=bmRwYjF1WmRra3Z5MU5OREtCbWgyclhHR2oxOTRn\" target=\"_blank\" rel=\"noopener noreferrer\"><img decoding=\"async\" class=\"size-medium\" src=\"https:\/\/lh3.googleusercontent.com\/pw\/ACtC-3e0c_MPG96slR6LzGvhkaMnz63CckUqbE-4b6bvUQMpaoGsHDkrldUGD3f7KA6OJCL33z6uPhM70sIfsVRsXeA2rcBpdIDirFo8tfWQQzTnXTshbQlIf_OqVoB4d4Q2tqtnHgBKIgDsEV-BsQD__13e=w2000-h1332-no?authuser=0\" alt=\"Kurosengoku soya paxlas\u0131n\u0131n b\u00f6y\u00fcm\u0259sinin yoxlan\u0131lmas\u0131\" width=\"1998\" height=\"1332\" \/><\/a><figcaption class=\"wp-caption-text\">Kurosengoku soya paxlas\u0131n\u0131n b\u00f6y\u00fcm\u0259sinin yoxlan\u0131lmas\u0131<\/figcaption><\/figure>\n<figure class=\"wp-caption aligncenter\"><a href=\"https:\/\/photos.google.com\/share\/AF1QipMKIuWXhJmvce-BtC11Oeu-7dAIX1eITNMxmCiWAGzp2KPvCgR8pXMFtOWvjvVUMg\/photo\/AF1QipMrZ73y5opl_Bm52bBe-s89feQe0smREHAW3Pw?key=bmRwYjF1WmRra3Z5MU5OREtCbWgyclhHR2oxOTRn\" target=\"_blank\" rel=\"noopener noreferrer\"><img decoding=\"async\" class=\"size-medium\" src=\"https:\/\/lh3.googleusercontent.com\/pw\/ACtC-3fsYDwcCDWmKgR2R5pMZRxn4nWtJh1ydt4KIi-8qN40OrxfkWiIfqGpoY-3Qxe2yTnTKQ0n3pDyROAv5WcA5I8sRj2N-oNLFRuP3cou8UkdZlOlJoXbgffkKEuLmdZsyIdpTagC7z3ny90rfLF5wVi3=w2000-h1332-no?authuser=0\" alt=\"Ham\u0131 xam Kurosengoku soyas\u0131n\u0131n dad\u0131na bax\u0131r\" width=\"1998\" height=\"1332\" \/><\/a><figcaption class=\"wp-caption-text\">Ham\u0131 xam Kurosengoku soyas\u0131n\u0131n dad\u0131na bax\u0131r<\/figcaption><\/figure>\n<p>\ufffc<\/p>\n<figure class=\"wp-caption aligncenter\"><a href=\"https:\/\/photos.google.com\/share\/AF1QipMKIuWXhJmvce-BtC11Oeu-7dAIX1eITNMxmCiWAGzp2KPvCgR8pXMFtOWvjvVUMg\/photo\/AF1QipOYzSOduZSqFBjniRK61ajRF5jlcy5gnYM1sik?key=bmRwYjF1WmRra3Z5MU5OREtCbWgyclhHR2oxOTRn\" target=\"_blank\" rel=\"noopener noreferrer\"><img decoding=\"async\" class=\"size-medium\" src=\"https:\/\/lh3.googleusercontent.com\/pw\/ACtC-3cTuh832098zy4QYXXQhLgJzITEi8NfB6skJRCLqtjPg7TuJsVBaId5H1LWcCydaXRO8N29CgDJHbXUvP7Sr56_G5PucAaVHI4Knp4si5xZF5CeYqd4XhpYiLfZgaaLsxxqkU9SRzLQeOoV12HJGI1B=w2000-h1332-no?authuser=0\" alt=\"G\u00f6r\u00fcr\u0259m, dad\u0131 budur!\" width=\"1998\" height=\"1332\" \/><\/a><figcaption class=\"wp-caption-text\">G\u00f6r\u00fcr\u0259m, dad\u0131 budur!<\/figcaption><\/figure>\n<figure class=\"wp-caption aligncenter\"><a href=\"https:\/\/photos.google.com\/share\/AF1QipMKIuWXhJmvce-BtC11Oeu-7dAIX1eITNMxmCiWAGzp2KPvCgR8pXMFtOWvjvVUMg\/photo\/AF1QipMPUU5kCBRuqj3GEZ-1m8ycNZnG8ynSluds0jk?key=bmRwYjF1WmRra3Z5MU5OREtCbWgyclhHR2oxOTRn\" target=\"_blank\" rel=\"noopener noreferrer\"><img decoding=\"async\" class=\"size-medium\" src=\"https:\/\/lh3.googleusercontent.com\/pw\/ACtC-3cRjqMuJFZHfDPkctGrIE3iklKwCqD7Ap8du6qw6bBovJ_CmPGQ5099HpQvf9lZTgcfpsYXrgQNA-zq30HKiLFldrLiUZDki-yhMoNs8_9gGxxtWC0-DBmYKCUVu9MWBXb7QMKYiRwkqXz7MUM80-ku=w2000-h1332-no?authuser=0\" alt=\"Bu xam Kurosengoku soya paxlas\u0131d\u0131r!\" width=\"1998\" height=\"1332\" \/><\/a><figcaption class=\"wp-caption-text\">Bu xam Kurosengoku soya paxlas\u0131d\u0131r!<\/figcaption><\/figure>\n<p>\ufffc<\/p>\n<figure class=\"wp-caption aligncenter\"><a href=\"https:\/\/photos.google.com\/share\/AF1QipMKIuWXhJmvce-BtC11Oeu-7dAIX1eITNMxmCiWAGzp2KPvCgR8pXMFtOWvjvVUMg\/photo\/AF1QipNzM9ElzOHKiz0TK0obFS3jq6BQ_En7w-R3h2g?key=bmRwYjF1WmRra3Z5MU5OREtCbWgyclhHR2oxOTRn\" target=\"_blank\" rel=\"noopener noreferrer\"><img decoding=\"async\" class=\"size-medium\" src=\"https:\/\/lh3.googleusercontent.com\/pw\/ACtC-3cjR4_3jEslA3yP2AeSERd6oWzyw_EItSLHyX7fPlzU0REPY7TiD-tT9rPz1e9SqxXKMxuLQeo0-kaggxJooYZgIfXau8Xjtg7AOnbgzcxiLAGHvWf3Af7DdD2XYlryFri7O6Oq-lODeUAi37tM1OoL=w2000-h1332-no?authuser=0\" alt=\"Ham\u0131 Hokuryu Onsen t\u0259r\u0259f\u0259 gedir\" width=\"1998\" height=\"1332\" \/><\/a><figcaption class=\"wp-caption-text\">Ham\u0131 Hokuryu Onsen t\u0259r\u0259f\u0259 gedir<\/figcaption><\/figure>\n<p>Turdan sonra h\u0259r k\u0259s G\u00fcn\u0259baxan Park\u0131 Kitaryu Onsend\u0259ki Kazaguruma restoran\u0131nda nahar etm\u0259y\u0259 getdi.<\/p>\n<p><a href=\"https:\/\/portal.hokuryu.info\/az\/4841\/\">Yaz\u0131 g\u00fcnortadan sonra davam edir. . .<\/a><\/p>\n<h2>Dig\u0259r foto\u015f\u0259kill\u0259r<\/h2>\n<p>\u30fb<a href=\"https:\/\/photos.app.goo.gl\/uyTkUq2p3xmqzZsy5\" target=\"_blank\" rel=\"noopener noreferrer\">Diet hey\u0259tinin Hokuryu q\u0259s\u0259b\u0259sind\u0259 (Hokkaydo) yerind\u0259 g\u00f6r\u00fc\u015f\u00fcn\u00fcn foto\u015f\u0259kill\u0259ri (182 \u015f\u0259kil) burada &gt;&gt;<\/a><\/p>\n<h3>\u018flaq\u0259dar m\u0259qal\u0259l\u0259r<\/h3>\n<p>\u30fb<a href=\"https:\/\/portal.hokuryu.info\/az\/kurosengokubean.html\/\" rel=\"noopener noreferrer\" target=\"_blank\">Kurosengoku Biznes Kooperativ Assosiasiyas\u0131n\u0131n Giri\u015f S\u0259hif\u0259si<\/a><br \/>\n\u30fb<a href=\"https:\/\/kurosengoku.or.jp\/\" rel=\"noopener noreferrer\" target=\"_blank\">Kurosengoku Biznes Kooperativ Assosiasiyas\u0131n\u0131n onlayn ma\u011fazas\u0131<\/a><br \/>\n\u30fb<a href=\"https:\/\/portal.hokuryu.info\/az\/topics\/agri\/20180514\/\" rel=\"noopener noreferrer\" target=\"_blank\">Takushoku Universitetinin Hokkaydo Junior Kollecinin f\u0259xri professoru, professor Takashi Sanbuichi il\u0259 yeni Kurosengoku soya \u00e7e\u015fidi &quot;Ryukei No 3&quot; haqq\u0131nda dan\u0131\u015fd\u0131q.<\/a>(14 may 2018-ci il)<\/p>\n<p>\u30fb<a href=\"https:\/\/portal.hokuryu.info\/az\/3277\/\">Ke\u00e7mi\u015f K\u0259nd T\u0259s\u0259rr\u00fcfat\u0131, Me\u015f\u0259 T\u0259s\u0259rr\u00fcfat\u0131 v\u0259 Bal\u0131q\u00e7\u0131l\u0131q Naziri Masahiko Yamada v\u0259 kinorejissor Masaki Haramura \u201cHokuryu Town\u201da ba\u015f \u00e7\u0259kib, \u201cToxum v\u0259 Qida T\u0259hl\u00fck\u0259sizliyi\u201d m\u00f6vzusunda s\u0259n\u0259dli film istehsal\u0131 v\u0259 Kurosengoku Biznes Kooperativ Assosiasiyas\u0131 il\u0259 m\u00fcsahib\u0259<\/a>(25 iyun 2020-ci il)<\/p>\n<p>\u30fb<a href=\"https:\/\/portal.hokuryu.info\/az\/4836\/\" target=\"_blank\" rel=\"noopener noreferrer\">P\u0259hriz \u00dczvl\u0259ri Qrupu: Hokuryu Town (Hokkaydo) [No.1] Kurosengoku Biznes Kooperativ Assosiasiyas\u0131nda Toxum v\u0259 Fidan Akt\u0131na D\u0259yi\u015fiklik \u00fczr\u0259 Yerli Y\u0131\u011f\u0131ncaq<\/a><br \/>\n\u30fb<a href=\"https:\/\/portal.hokuryu.info\/az\/4841\/\" target=\"_blank\" rel=\"noopener noreferrer\">Toxum v\u0259 Fidan Akt\u0131na [No.2] Honoka K\u0259nd T\u0259s\u0259rr\u00fcfat\u0131 Kooperativinin Yenid\u0259n Bax\u0131lmas\u0131na dair Hokuryu \u015e\u0259h\u0259rind\u0259 (Hokkaydo) P\u0259hriz \u00dczvl\u0259rinin Qrup Toplant\u0131s\u0131<\/a><br \/>\n\u30fb<a href=\"https:\/\/portal.hokuryu.info\/az\/4845\/\" target=\"_blank\" rel=\"noopener noreferrer\">Hokuryu \u015f\u0259h\u0259rind\u0259 (Hokkaydo) \u00f6z-\u00f6z\u00fcn\u0259 a\u011fac k\u0259s\u0259n me\u015f\u0259 t\u0259s\u0259rr\u00fcfat\u0131 il\u0259 ba\u011fl\u0131 p\u0259hriz \u00fczvl\u0259ri il\u0259 g\u00f6r\u00fc\u015f [\u21163] Tatsuya Kamii il\u0259 g\u00f6r\u00fc\u015f v\u0259 m\u00fcbadil\u0259<\/a><\/p>\n<p>\u25c7 \u00c7\u0259kili\u015f v\u0259 montaj: Noboru Terauchi M\u00fcsahib\u0259 v\u0259 m\u0259tn: \u0130kuko Terau\u00e7i<\/p>","protected":false},"excerpt":{"rendered":"<p>\uff12\uff10\uff12\uff10\u5e74\uff19\u6708\uff12\uff15\u65e5\uff08\u91d1\uff09 \uff19\u6708\uff11\uff10\u65e5\uff08\u6728\uff09\u3001\u5317\u6d77\u9053\u305f\u306d\u306e\u4f1a\uff08\u4e45\u7530\u5fb3\u4e8c \u4f1a\u9577\uff09\u306e\u3054\u7d39\u4ecb\u306b\u3088\u308a\u3001\u65e5\u672c\u5171\u7523\u515a\u8b70\u54e1\u56e3\u306e\u65b9\u3005\u3068\u306e\u7a2e\u82d7\u6cd5\u3092\u3081\u3050\u308b\u554f\u984c\u306b\u3064\u3044\u3066\u306e\u73fe\u5730\u61c7\u8ac7\u4f1a\u304c\u5317\u7adc\u753a\u306b\u3066\u958b\u50ac\u3055\u308c\u307e\u3057\u305f\u3002 \u56fd\u4f1a\u8b70\u54e1\u56e3\u306e [&hellip;]<\/p>\n","protected":false},"author":1,"featured_media":4837,"comment_status":"open","ping_status":"open","sticky":false,"template":"","format":"standard","meta":{"footnotes":""},"categories":[4],"tags":[],"class_list":["post-4836","post","type-post","status-publish","format-standard","has-post-thumbnail","hentry","category-cover-story"],"_links":{"self":[{"href":"https:\/\/portal.hokuryu.info\/az\/wp-json\/wp\/v2\/posts\/4836","targetHints":{"allow":["GET"]}}],"collection":[{"href":"https:\/\/portal.hokuryu.info\/az\/wp-json\/wp\/v2\/posts"}],"about":[{"href":"https:\/\/portal.hokuryu.info\/az\/wp-json\/wp\/v2\/types\/post"}],"author":[{"embeddable":true,"href":"https:\/\/portal.hokuryu.info\/az\/wp-json\/wp\/v2\/users\/1"}],"replies":[{"embeddable":true,"href":"https:\/\/portal.hokuryu.info\/az\/wp-json\/wp\/v2\/comments?post=4836"}],"version-history":[{"count":0,"href":"https:\/\/portal.hokuryu.info\/az\/wp-json\/wp\/v2\/posts\/4836\/revisions"}],"wp:featuredmedia":[{"embeddable":true,"href":"https:\/\/portal.hokuryu.info\/az\/wp-json\/wp\/v2\/media\/4837"}],"wp:attachment":[{"href":"https:\/\/portal.hokuryu.info\/az\/wp-json\/wp\/v2\/media?parent=4836"}],"wp:term":[{"taxonomy":"category","embeddable":true,"href":"https:\/\/portal.hokuryu.info\/az\/wp-json\/wp\/v2\/categories?post=4836"},{"taxonomy":"post_tag","embeddable":true,"href":"https:\/\/portal.hokuryu.info\/az\/wp-json\/wp\/v2\/tags?post=4836"}],"curies":[{"name":"wp","href":"https:\/\/api.w.org\/{rel}","templated":true}]}}