{"id":46288,"date":"2024-06-14T16:04:48","date_gmt":"2024-06-14T07:04:48","guid":{"rendered":"https:\/\/portal.hokuryu.info\/?p=46288"},"modified":"2024-07-11T13:46:05","modified_gmt":"2024-07-11T04:46:05","slug":"hokkaydo-prefektura-hokum%c9%99tin%c9%99-n%c9%99zak%c9%99t-ziyar%c9%99ti-38-ci-hokuryu-s%c9%99h%c9%99r-gun%c9%99baxan-festivali","status":"publish","type":"post","link":"https:\/\/portal.hokuryu.info\/az\/46288\/","title":{"rendered":"Hokkaydo Prefekturas\u0131n\u0131n H\u00f6kum\u0259t Ofisin\u0259 n\u0259zak\u0259tl\u0259 ziyar\u0259t: \u00dcmid edirik ki, &quot;38-ci Hokuryu \u015e\u0259h\u0259r G\u00fcn\u0259baxan Festival\u0131&quot; v\u0259 &quot;Kurosenqoku Soya&quot; dan z\u00f6vq alacaqs\u0131n\u0131z!"},"content":{"rendered":"<p>C\u00fcm\u0259 ax\u015fam\u0131, 13 iyun 2024-c\u00fc il<\/p>\n<p>Chi-Ka-Ho-da (Sapporo Station Underground Plaza) m\u00fcst\u0259qil stend kimi t\u0259\u015fkil edil\u0259n &quot;Chi-Ka-Ho-da Phantom Kurosengoku Soya S\u0259rgisi&quot;nin (Kurosenqoku Biznes Kooperativ Assosiasiyas\u0131) ikinci g\u00fcn\u00fcnd\u0259 B\u0259l\u0259diyy\u0259 Ba\u015f\u00e7\u0131s\u0131 Sasaki Yasuhiro t\u0259\u015fviq etm\u0259k \u00fc\u00e7\u00fcn Kurosengoku Soya stendini ziyar\u0259t etdi.<\/p>\n<h2>Hokkaydo Prefekturas\u0131n\u0131n H\u00f6kum\u0259t Ofisinin N\u0259zak\u0259t Ziyar\u0259ti<\/h2>\n<p>H\u0259min g\u00fcn B\u0259l\u0259diyy\u0259 Ba\u015f\u00e7\u0131s\u0131 Sasaki Yasuhiro, Hokuriku \u015e\u0259h\u0259r G\u00fcn\u0259baxan Turizm Assosiasiyas\u0131n\u0131n s\u0259dri Takada Yukio (Kurosenqoku \u0130\u015fg\u00fczar Kooperativinin s\u0259dri) v\u0259 Hokuriku B\u0259l\u0259diyy\u0259sinin \u00dcmumi \u0130\u015fl\u0259r \u015e\u00f6b\u0259sinin r\u0259isi Nanba Hajime Hokkaydo Prefekturas\u0131n\u0131n h\u00f6kum\u0259t ofisin\u0259 n\u0259zak\u0259tl\u0259 ba\u015f \u00e7\u0259kmi\u015fl\u0259r. 2024 v\u0259 Kurosengoku Natto &amp; Kurosengoku Kinako Kremi suvenir kimi.<\/p>\n<p>T\u0259\u0259ss\u00fcf ki, Qubernator Naomi\u00e7i Suzuki h\u0259min g\u00fcn i\u015fg\u00fczar s\u0259f\u0259rd\u0259 idi, ona g\u00f6r\u0259 d\u0259 biz onunla g\u00f6r\u00fc\u015f\u0259 bilm\u0259dik, lakin Qubernator Katibliyinin direktoru Hiro\u015fi Kitakaze il\u0259 g\u00f6r\u00fc\u015f\u0259 bildik v\u0259 Hokuryu \u015f\u0259h\u0259rinin t\u0259bli\u011find\u0259 b\u00f6y\u00fck i\u015f g\u00f6rd\u00fck.<\/p>\n<p>Daha sonra o, K\u0259nd T\u0259s\u0259rr\u00fcfat\u0131 Siyas\u0259ti Departamenti, \u0130qtisadi M\u0259s\u0259l\u0259l\u0259r \u015e\u00f6b\u0259si v\u0259 s.-d\u0259 olub v\u0259 t\u0259dbirin t\u0259bli\u011fi m\u0259qs\u0259dil\u0259 \u201c38-ci Kitaryu \u015e\u0259h\u0259r G\u00fcn\u0259baxan Festival\u0131 2024\u201d \u00fc\u00e7\u00fcn posterl\u0259r paylay\u0131b.<\/p>\n<h3>Salam verdiyim h\u0259r k\u0259s<\/h3>\n<ul>\n<li>Hiro\u015fi Kitakaze, Qubernatorlu\u011fun Katibliyinin direktoru, Hokkaydo H\u0259rt\u0259r\u0259fli Siyas\u0259t Departamenti<\/li>\n<li>Hokkaydo Prefekturas\u0131n\u0131n K\u0259nd T\u0259s\u0259rr\u00fcfat\u0131 Departamentinin direktoru Yutaka Mitobe<\/li>\n<li>Masakazu Oura, Hokkaydo Prefektura H\u00f6kum\u0259tinin K\u0259nd T\u0259s\u0259rr\u00fcfat\u0131 Departamentinin Direktor m\u00fcavini<\/li>\n<li>C\u0259nab Seiichi Kuroshima, K\u0259nd T\u0259s\u0259rr\u00fcfat\u0131 Siyas\u0259ti \u015e\u00f6b\u0259sinin Direktoru, K\u0259nd T\u0259s\u0259rr\u00fcfat\u0131 Siyas\u0259ti Departamenti, Hokkaydo Prefekturas\u0131 H\u00f6kum\u0259ti<\/li>\n<li>Toshihiro Odagiri, Hokkaydo \u0130qtisadiyyat Departamentinin Turizm T\u0259\u015fviqi \u00fczr\u0259 N\u0259zar\u0259t\u00e7isi<\/li>\n<\/ul>\n<figure class=\"wp-caption aligncenter\"><a href=\"https:\/\/photos.google.com\/share\/AF1QipPXttjUX09nWktIt-qJUYLq-EBVdJiL9VMrOcshB38LGidRgW1smJayhbjYZZlxwg\/photo\/AF1QipMSkCeXpFR66oossToczQTYUhugf_PmlzMvKtU?key=Z1Q5RTBUQ3NOVXZzT2xydEQzSnRjTzFRNmF6R2JR\" target=\"_blank\" rel=\"noopener\"><img decoding=\"async\" src=\"https:\/\/lh3.googleusercontent.com\/pw\/AP1GczO7qVpLsxA99BvVTPdG0-esRcFW_e-m_8eSxRYvhOlPsjeHYPAEKh_pZp4sjyTL50ktokSml6B4elP2ihyP7lD48gn9ea8fo10isjJlCVVVFerVSDZ4IrmTrrwP_RJeyb1G3jPa6qoPVjm_civ_ZDur=w2000-h1500-s-no-gm?authuser=0\" width=\"2000\" height=\"1500\" alt=\"Hiro\u015fi Kitakaze, Qubernatorlu\u011fun Katibliyinin direktoru, Hokkaydo H\u0259rt\u0259r\u0259fli Siyas\u0259t Departamenti\" class=\"size-full\" \/><\/a><figcaption class=\"wp-caption-text\">Hiro\u015fi Kitakaze, Qubernatorlu\u011fun Katibliyinin direktoru, Hokkaydo H\u0259rt\u0259r\u0259fli Siyas\u0259t Departamenti<\/figcaption><\/figure>\n<figure class=\"wp-caption aligncenter\"><a href=\"https:\/\/photos.google.com\/share\/AF1QipPXttjUX09nWktIt-qJUYLq-EBVdJiL9VMrOcshB38LGidRgW1smJayhbjYZZlxwg\/photo\/AF1QipPWEgiQR8sQIvMrZQ6kklpZbW6jKMWq1Q5O1UQ?key=Z1Q5RTBUQ3NOVXZzT2xydEQzSnRjTzFRNmF6R2JR\" target=\"_blank\" rel=\"noopener\"><img decoding=\"async\" src=\"https:\/\/lh3.googleusercontent.com\/pw\/AP1GczPx5H8wQl9ZoyHZyErsYrsH1TlZe_oYGpenAc8QNs2QIKG1e7k7mufaNK5pxqSVE0ZTZx5BT0eadzZvCvdJ2qRenIu-KBFlcvVBY8Jrwb4vNq5RU8ce4uMzHvzDgbsxy6Ys4MRVjkDy4I624M0dHHjt=w2000-h1500-s-no-gm?authuser=0\" width=\"2000\" height=\"1500\" alt=\"Hokkaydo Prefekturas\u0131n\u0131n K\u0259nd T\u0259s\u0259rr\u00fcfat\u0131 Departamentinin direktoru Yutaka Mitobe (ortada) v\u0259 direktor m\u00fcavini Masakazu Oura (sa\u011fda)\" class=\"size-full\" \/><\/a><figcaption class=\"wp-caption-text\">Hokkaydo Prefekturas\u0131n\u0131n K\u0259nd T\u0259s\u0259rr\u00fcfat\u0131 Departamentinin direktoru Yutaka Mitobe (ortada) v\u0259 direktor m\u00fcavini Masakazu Oura (sa\u011fda)<\/figcaption><\/figure>\n<figure class=\"wp-caption aligncenter\"><a href=\"https:\/\/photos.google.com\/share\/AF1QipPXttjUX09nWktIt-qJUYLq-EBVdJiL9VMrOcshB38LGidRgW1smJayhbjYZZlxwg\/photo\/AF1QipN6JRpVyJoCcrjTi8hXsW1QfWK9m0mzxKiypQ8?key=Z1Q5RTBUQ3NOVXZzT2xydEQzSnRjTzFRNmF6R2JR\" target=\"_blank\" rel=\"noopener\"><img decoding=\"async\" src=\"https:\/\/lh3.googleusercontent.com\/pw\/AP1GczMi5lNVte5pRu6YVjTGmdRFJIQaXJZQvbuOiIX8j1kZPc6vD0-_zBFSdJb6Xnf55lO_2XTNzXqrsAmSqJDEeqsmZuGEJnfcaZCcvlW1ByvIxcKpinA9eFDWhCAnuBiCkLdsQ3xV-GxhLYvWxLZIsCYj=w2000-h1500-s-no-gm?authuser=0\" width=\"2000\" height=\"1500\" alt=\"Toshihiro Odagiri, Hokkaydo \u0130qtisadiyyat Departamentinin Turizm T\u0259\u015fviqi \u00fczr\u0259 N\u0259zar\u0259t\u00e7isi\" class=\"size-full\" \/><\/a><figcaption class=\"wp-caption-text\">Toshihiro Odagiri, Hokkaydo \u0130qtisadiyyat Departamentinin Turizm T\u0259\u015fviqi \u00fczr\u0259 N\u0259zar\u0259t\u00e7isi<\/figcaption><\/figure>\n<figure class=\"wp-caption aligncenter\"><a href=\"https:\/\/photos.google.com\/share\/AF1QipPXttjUX09nWktIt-qJUYLq-EBVdJiL9VMrOcshB38LGidRgW1smJayhbjYZZlxwg\/photo\/AF1QipPccauXTsGXe-ZtgY_nxOah14kpP-uFSsmqGKU?key=Z1Q5RTBUQ3NOVXZzT2xydEQzSnRjTzFRNmF6R2JR\" target=\"_blank\" rel=\"noopener\"><img decoding=\"async\" src=\"https:\/\/lh3.googleusercontent.com\/pw\/AP1GczPzHzaKBcHPUzoqStiJAgA4vhQZkeAVKpqyc4XV7f6hdf6oVs0g0su7pcvABoOfJFkR6XfOwGJtJ3wxnPB9s-AEekU4d2gzddJPxItMxIpNmpVV9DsjaRhiY50Vb7q08HSfG0SXTqSLD-05jj3-u-vb=w2000-h1500-s-no-gm?authuser=0\" width=\"2000\" height=\"1500\" alt=\"Hokkaydo Prefekturas\u0131n\u0131n H\u00f6kum\u0259t \u0130dar\u0259sinin qar\u015f\u0131s\u0131nda...\" class=\"size-full\" \/><\/a><figcaption class=\"wp-caption-text\">Hokkaydo Prefekturas\u0131n\u0131n H\u00f6kum\u0259t \u0130dar\u0259sinin qar\u015f\u0131s\u0131nda...<\/figcaption><\/figure>\n<figure class=\"wp-caption aligncenter\"><a href=\"https:\/\/photos.google.com\/share\/AF1QipPXttjUX09nWktIt-qJUYLq-EBVdJiL9VMrOcshB38LGidRgW1smJayhbjYZZlxwg\/photo\/AF1QipM3BKsORnfu8qs0QnIdaYHW7Dn5zRAAKZWQrbM?key=Z1Q5RTBUQ3NOVXZzT2xydEQzSnRjTzFRNmF6R2JR\" target=\"_blank\" rel=\"noopener\"><img decoding=\"async\" src=\"https:\/\/lh3.googleusercontent.com\/pw\/AP1GczOw_6-r0Tkm4H0K2wLTKoeeOjIV1Ip0byiC-8ghWu-Y5Qoye6zGXVCgGPtZXZ5SF4_lnEWIrP9cIlNqwUjxXmRPPBHIsgAPHWMyDBLm1HVVgTDfUdc_XAORInkLn2fCp6Wmt5Xr4hjO1kMrNesGFql6=w2000-h1500-s-no-gm?authuser=0\" width=\"2000\" height=\"1500\" alt=\"\u018fyal\u0259t h\u00f6kum\u0259t idar\u0259sinin yax\u0131nl\u0131\u011f\u0131ndak\u0131 binalar\" class=\"size-full\" \/><\/a><figcaption class=\"wp-caption-text\">\u018fyal\u0259t h\u00f6kum\u0259t idar\u0259sinin yax\u0131nl\u0131\u011f\u0131ndak\u0131 binalar<\/figcaption><\/figure>\n<p>\u00dcmid edirik ki, 38-ci Hokuryu \u015e\u0259h\u0259r G\u00fcn\u0259baxan Festival\u0131 2024 \u00fc\u00e7\u00fcn afi\u015falar geni\u015f yay\u0131lacaq, Hokuryu \u015e\u0259h\u0259rinin sar\u0131 xo\u015fb\u0259xtlik g\u00fcn\u0259baxanlar\u0131 Hokkaydo Prefekturas\u0131n\u0131n H\u00f6kum\u0259t Ofisind\u0259 \u00e7i\u00e7\u0259k a\u00e7acaq v\u0259 b\u00fct\u00fcn Hokkaydo xalq\u0131na xo\u015fb\u0259xt t\u0259b\u0259ss\u00fcml\u0259r b\u0259x\u015f ed\u0259 bil\u0259c\u0259yik.<\/p>\n<figure id=\"attachment_46357\" class=\"wp-caption aligncenter\"><a href=\"https:\/\/portal.hokuryu.info\/wp\/wp-content\/uploads\/2024\/06\/7083059e4844ebab72daf7e2826687cb.jpg\"><img decoding=\"async\" src=\"https:\/\/portal.hokuryu.info\/wp\/wp-content\/uploads\/2024\/06\/7083059e4844ebab72daf7e2826687cb.jpg\" alt=\"38-ci Hokuryu \u015e\u0259h\u0259r G\u00fcn\u0259baxan Festival\u0131 2024\" width=\"600\" \/><\/a><figcaption class=\"wp-caption-text\">38-ci Hokuryu \u015e\u0259h\u0259r G\u00fcn\u0259baxan Festival\u0131 2024<\/figcaption><\/figure>\n<figure id=\"attachment_46357\" class=\"wp-caption aligncenter\"><a href=\"https:\/\/photos.google.com\/share\/AF1QipPXttjUX09nWktIt-qJUYLq-EBVdJiL9VMrOcshB38LGidRgW1smJayhbjYZZlxwg\/photo\/AF1QipPLFEkuyN1RJXmSybuFzNZj0J0odA8zr14w3Kw?key=Z1Q5RTBUQ3NOVXZzT2xydEQzSnRjTzFRNmF6R2JR\" target=\"_blank\" rel=\"noopener\"><img decoding=\"async\" src=\"https:\/\/lh3.googleusercontent.com\/pw\/AP1GczMZ7BhpDziWhXJcseJHGx6QjqaeDAlvCncrCFSrIERpWsE5FSaRHS8aFmfuQoDlz0hWl0JmS_V1K1F8Lf06W0rX5pZwJXjhdTw8N3DpfezR1ZpQ19HlJwHw0xIrREUQxis3xwPpJCOOKP6kmRbKAugc=w1414-h1884-s-no-gm?authuser=0\" alt=\"Daha sonra qubernator Naomi\u00e7i Suzukid\u0259n m\u0259ktub ald\u0131m.\" width=\"600\" \/><\/a><figcaption class=\"wp-caption-text\">Bir ne\u00e7\u0259 g\u00fcnd\u0259n sonra qubernator Naomi\u00e7i Suzukid\u0259n m\u0259ktub ald\u0131m.<br \/>\nt\u0259\u015f\u0259kk\u00fcr edir\u0259m<\/figcaption><\/figure>\n<h2>Youtube videolar\u0131<\/h2>\n<div class=\"youtube\"><iframe title=\"Hokkaydo Prefekturas\u0131n\u0131n H\u00f6kum\u0259t Ofisin\u0259 n\u0259zak\u0259tl\u0259 ziyar\u0259t: 38-ci Hokuryu \u015e\u0259h\u0259r G\u00fcn\u0259baxan Festival\u0131 v\u0259 Kurosengoku Soya Paxlas\u0131 \u00fc\u00e7\u00fcn d\u0259st\u0259yinizi g\u00f6zl\u0259yirik!\" src=\"https:\/\/www.youtube.com\/embed\/ewDTX1JISXU?feature=oembed\" frameborder=\"0\" allow=\"accelerometer; autoplay; clipboard-write; encrypted-media; gyroscope; picture-in-picture; web-share\" referrerpolicy=\"strict-origin-when-cross-origin\" allowfullscreen><\/iframe><\/div>\n<h2>Dig\u0259r foto\u015f\u0259kill\u0259r<\/h2>\n<div class=\"img-move\"><img decoding=\"async\" style=\"vertical-align: middle;\" src=\"https:\/\/ehokkaido.net\/wp-content\/uploads\/2021\/12\/2021-12-06-11.41.12.png\" \/> <a href=\"https:\/\/lh3.googleusercontent.com\/pw\/AP1GczMZ7BhpDziWhXJcseJHGx6QjqaeDAlvCncrCFSrIERpWsE5FSaRHS8aFmfuQoDlz0hWl0JmS_V1K1F8Lf06W0rX5pZwJXjhdTw8N3DpfezR1ZpQ19HlJwHw0xIrREUQxis3xwPpJCOOKP6kmRbKAugc=w1414-h1884-s-no-gm?authuser=0\" target=\"_blank\" rel=\"noopener noreferrer\">[Hokkaydo Prefekturas\u0131n\u0131n H\u00f6kum\u0259t Ofisini ziyar\u0259t edin] G\u00fcn\u0259baxan Festival\u0131n\u0131n foto\u015f\u0259kill\u0259ri (18 \u015f\u0259kil) v\u0259 Kurosengoku soya m\u0259hsulunun t\u0259qdimat\u0131 \u00fc\u00e7\u00fcn bura klikl\u0259yin &gt;&gt;<\/a><\/div>\n<h2>\u018flaq\u0259dar m\u0259qal\u0259l\u0259r<\/h2>\n\n\n\u3000<br \/>\n\u25c7 M\u00fcsahib\u0259 v\u0259 m\u0259tn: Ikuko Terauchi (foto\u015f\u0259kil v\u0259 redakt\u0259 yard\u0131m\u0131: Noboru Terauchi)<\/p>","protected":false},"excerpt":{"rendered":"<p>\uff12\uff10\uff12\uff14\u5e74\uff16\u6708\uff11\uff13\u65e5\uff08\u6728\uff09 \u30c1\u30fb\u30ab\u30fb\u30db\uff08\u672d\u5e4c\u99c5\u524d\u901a\u5730\u4e0b\u5e83\u5834\uff09\u306b\u3066\u3001\u300c\u5e7b\u306e\u9ed2\u5343\u77f3\u5927\u8c46\u30d5\u30a7\u30a2 in \u30c1\u30ab\u30db\u300d\uff08\u9ed2\u5343\u77f3\u4e8b\u696d\u5354\u540c\u7d44\u5408\uff09\u3092\u5358\u72ec\u51fa\u5e97\u4e2d\u306e\uff12\u65e5\u76ee\u306e\uff16\u6708\uff11\uff11\u65e5\uff08\u706b\uff09\u5348\u5f8c\u3001\u4f50\u3005\u6728\u5eb7\u5b8f \u753a\u9577\u304c\u9ed2\u5343\u77f3\u5927\u8c46\u30d6 [&hellip;]<\/p>\n","protected":false},"author":1,"featured_media":46378,"comment_status":"open","ping_status":"open","sticky":false,"template":"","format":"standard","meta":{"footnotes":""},"categories":[4,38,76,9],"tags":[],"class_list":["post-46288","post","type-post","status-publish","format-standard","has-post-thumbnail","hentry","category-cover-story","category-sfoil","category-bloom2024","category-kurosengoku"],"_links":{"self":[{"href":"https:\/\/portal.hokuryu.info\/az\/wp-json\/wp\/v2\/posts\/46288","targetHints":{"allow":["GET"]}}],"collection":[{"href":"https:\/\/portal.hokuryu.info\/az\/wp-json\/wp\/v2\/posts"}],"about":[{"href":"https:\/\/portal.hokuryu.info\/az\/wp-json\/wp\/v2\/types\/post"}],"author":[{"embeddable":true,"href":"https:\/\/portal.hokuryu.info\/az\/wp-json\/wp\/v2\/users\/1"}],"replies":[{"embeddable":true,"href":"https:\/\/portal.hokuryu.info\/az\/wp-json\/wp\/v2\/comments?post=46288"}],"version-history":[{"count":0,"href":"https:\/\/portal.hokuryu.info\/az\/wp-json\/wp\/v2\/posts\/46288\/revisions"}],"wp:featuredmedia":[{"embeddable":true,"href":"https:\/\/portal.hokuryu.info\/az\/wp-json\/wp\/v2\/media\/46378"}],"wp:attachment":[{"href":"https:\/\/portal.hokuryu.info\/az\/wp-json\/wp\/v2\/media?parent=46288"}],"wp:term":[{"taxonomy":"category","embeddable":true,"href":"https:\/\/portal.hokuryu.info\/az\/wp-json\/wp\/v2\/categories?post=46288"},{"taxonomy":"post_tag","embeddable":true,"href":"https:\/\/portal.hokuryu.info\/az\/wp-json\/wp\/v2\/tags?post=46288"}],"curies":[{"name":"wp","href":"https:\/\/api.w.org\/{rel}","templated":true}]}}