{"id":46233,"date":"2024-06-14T16:03:59","date_gmt":"2024-06-14T07:03:59","guid":{"rendered":"https:\/\/portal.hokuryu.info\/?p=46233"},"modified":"2024-06-28T08:05:15","modified_gmt":"2024-06-27T23:05:15","slug":"kurosengoku-biznes-kooperativ-assosiasiyasi-phantom-kurosengoku-soy-fair-kecir%c9%99c%c9%99k","status":"publish","type":"post","link":"https:\/\/portal.hokuryu.info\/az\/46233\/","title":{"rendered":"Kurosengoku Biznes Kooperativi \u00f6z d\u00fckan\u0131 (Sapporo Station Underground Plaza) kimi &quot;\u00c7ikahoda Phantom Kurosengoku Soy Fair&quot; ke\u00e7ir\u0259c\u0259k v\u0259 Sapporoda m\u00fcnt\u0259z\u0259m olaraq t\u00f6vl\u0259 a\u00e7acaq!"},"content":{"rendered":"<p>C\u00fcm\u0259, 14 iyun 2024-c\u00fc il<\/p>\n<p>Bazar ert\u0259si, 10 iyun v\u0259 11 iyun \u00c7\u0259r\u015f\u0259nb\u0259 ax\u015fam\u0131, Kurosengoku Biznes Kooperativi Chi-Ka-Hoda (Sapporo Ekimae-dori Yeralt\u0131 Plaza) &quot;\u00c7i-Ka-Hoda \u018ffsan\u0259vi Kurosengoku Soya S\u0259rgisi&quot; adl\u0131 t\u0259k stend ke\u00e7ir\u0259c\u0259k.<\/p>\n<h2>\u00c7ikahoda \u0259fsan\u0259vi Kurosengoku soya s\u0259rgisi<\/h2>\n<p>Sapporodak\u0131 m\u00fc\u015ft\u0259ril\u0259rin &quot;T\u0259xmin\u0259n iki-\u00fc\u00e7 ayda bir t\u00f6vl\u0259 qura bils\u0259niz \u0259la olard\u0131&quot; dey\u0259n ist\u0259kl\u0259rin\u0259 cavab olaraq icra\u00e7\u0131 direktor Yuji Takada bu t\u0259l\u0259bi cavabland\u0131rmaq q\u0259rar\u0131na g\u0259ldi v\u0259 bel\u0259likl\u0259 t\u0259dbir t\u0259\u015fkil olundu.<\/p>\n<h3>&quot;Ikoi no Kukan Kita 1 Higashi&quot;nin 7-ci \u00e7\u0131x\u0131\u015f\u0131n\u0131n yax\u0131nl\u0131\u011f\u0131nda<\/h3>\n<p>Ma\u011fazan\u0131n yeri \u00c7i-Ka-Hoda (Sapporo Ekimae-dori Yeralt\u0131 Plaza) &quot;Ikoi no Kukan Kita 1 Higashi&quot;nin 7-ci \u00e7\u0131x\u0131\u015f\u0131n\u0131n yax\u0131nl\u0131\u011f\u0131nda, Sapporo Kitaichijo Ekimae-dori Binas\u0131d\u0131r.<\/p>\n<figure class=\"wp-caption aligncenter\"><a href=\"https:\/\/photos.google.com\/share\/AF1QipP2u0Dg1Icz61Ynxq01oU3_-et-nZAQXbKx50WTeBhSDktjF5iDaDOcbjw2_nkBFg\/photo\/AF1QipNqDcBE55daeQhAmrfLNxm9jNcap5SLm5FR_CA?key=UG1Ib2R4THdTQ0RZRmthcGRHQkh0ZTktekQzRlZ3\" target=\"_blank\" rel=\"noopener\"><img decoding=\"async\" src=\"https:\/\/lh3.googleusercontent.com\/pw\/AP1GczM1tYXYxqGoOXiyHGy2benxyLUD4Ysi5PZAqwlY7UbIjEuXCIMxIME9_DiPzQbiUPWGiJMnqPb8PX9OYDZB5X9Hnzp_KmKcCEwo8ik8qisG-cN9sI0iImgXz6mcPixCTqhKknOPGxhsx9YWP0OvVXsj=w2000-h1500-s-no-gm?authuser=0\" width=\"2000\" height=\"1500\" alt=\"&quot;Ikoi no Kukan Kita 1 Higashi&quot;nin 7-ci \u00e7\u0131x\u0131\u015f\u0131n\u0131n yax\u0131nl\u0131\u011f\u0131nda\" class=\"size-full\" \/><\/a><figcaption class=\"wp-caption-text\">&quot;Ikoi no Kukan Kita 1 Higashi&quot;nin 7-ci \u00e7\u0131x\u0131\u015f\u0131n\u0131n yax\u0131nl\u0131\u011f\u0131nda<\/figcaption><\/figure>\n<figure class=\"wp-caption aligncenter\"><a href=\"https:\/\/photos.google.com\/share\/AF1QipP2u0Dg1Icz61Ynxq01oU3_-et-nZAQXbKx50WTeBhSDktjF5iDaDOcbjw2_nkBFg\/photo\/AF1QipP48RNi7vRMFjeejUe6B38w6PFhAv7TsMpDM_4?key=UG1Ib2R4THdTQ0RZRmthcGRHQkh0ZTktekQzRlZ3\" target=\"_blank\" rel=\"noopener\"><img decoding=\"async\" src=\"https:\/\/lh3.googleusercontent.com\/pw\/AP1GczPq2YBrpBoijo_CituIjdxwZfFXrJjaJOvafcWKdJzdiHPmntvXdaJ6CEur0jd2CPbhHiPtgIWP_cxZhA6cM3r95Dn7n5-epy9vkl_wCN0LbgpwYwx-CI7fAskx9QyVjeBCqwqDStDobvnj5vCVnuTr=w2000-h1500-s-no-gm?authuser=0\" width=\"2000\" height=\"1500\" alt=\"Kurosengoku soya k\u00f6\u015fk\u00fc\" class=\"size-full\" \/><\/a><figcaption class=\"wp-caption-text\">Kurosengoku soya k\u00f6\u015fk\u00fc<\/figcaption><\/figure>\n<h3>Kurosenqoku soya, Kurosengoku don, Kurosengoku soya unu, Kurosengoku soya \u0259ti, Kurosengoku sar\u011f\u0131, Kurosengoku \u00e7ay\u0131 v\u0259 s.<\/h3>\n<p>Sat\u0131\u015fda olan m\u0259hsullara xam Kurosengoku soya paxlas\u0131, Kurosengoku don, Kurosengoku kinako (soya unu), Kurosengoku soya \u0259ti, Kurosengoku sar\u011f\u0131, Kurosengoku \u00e7ay\u0131 v\u0259 s. daxildir.<\/p>\n<h4>M\u0259\u015fhur Kurosengoku soya m\u0259hsullar\u0131n\u0131n tam \u00e7e\u015fidi! ! !<\/h4>\n<figure class=\"wp-caption aligncenter\"><a href=\"https:\/\/photos.google.com\/share\/AF1QipP2u0Dg1Icz61Ynxq01oU3_-et-nZAQXbKx50WTeBhSDktjF5iDaDOcbjw2_nkBFg\/photo\/AF1QipO5qlLYVVkPe_k04RDEQlSnraYFDpRwAdrECV0?key=UG1Ib2R4THdTQ0RZRmthcGRHQkh0ZTktekQzRlZ3\" target=\"_blank\" rel=\"noopener\"><img decoding=\"async\" src=\"https:\/\/lh3.googleusercontent.com\/pw\/AP1GczOZvJLqJO1wgPTQlbGgV05wgKfwbZtE0kmt2omi2OlbEKG2AB7l_pvnCjZ-cmP5I2KgPKcxnPiVXvxsgzmDkSzvBRgx-C7nLF3pZVv3jua0GfuyeUvOv49SxQdhWX5iHHaO8n7a3cCb8afViIbtX24p=w2000-h1500-s-no-gm?authuser=0\" width=\"2000\" height=\"1500\" alt=\"Kurosengoku soya emal m\u0259hsullar\u0131 d\u00fcz\u00fcl\u00fcb\" class=\"size-full\" \/><\/a><figcaption class=\"wp-caption-text\">Kurosengoku soya emal m\u0259hsullar\u0131 d\u00fcz\u00fcl\u00fcb<\/figcaption><\/figure>\n<figure class=\"wp-caption aligncenter\"><a href=\"https:\/\/photos.google.com\/share\/AF1QipP2u0Dg1Icz61Ynxq01oU3_-et-nZAQXbKx50WTeBhSDktjF5iDaDOcbjw2_nkBFg\/photo\/AF1QipOaCiISLBnA2nR0_hPqZDRVLqwUhesgxNXvmG0?key=UG1Ib2R4THdTQ0RZRmthcGRHQkh0ZTktekQzRlZ3\" target=\"_blank\" rel=\"noopener\"><img decoding=\"async\" src=\"https:\/\/lh3.googleusercontent.com\/pw\/AP1GczPTaUxuOGgdHepKs_caNed6tG2Ow83SPuadt9dyDjmGhvhdSTMKuBSn1hXPv4gPc2SoOZ9zky4Ol2d_PevuvHXnT4DNpL_hKhN4Jq8avd6sT2yxLi_9qhVRQvQ9h4IEZe-9AGUM3K_YXOGfmj4jBidc=w2000-h1500-s-no-gm?authuser=0\" width=\"2000\" height=\"1500\" alt=\"B\u00fct\u00fcn afi\u015falar icra\u00e7\u0131 direktor Takadan\u0131n orijinal \u0259s\u0259rl\u0259ridir\" class=\"size-full\" \/><\/a><figcaption class=\"wp-caption-text\">B\u00fct\u00fcn afi\u015falar icra\u00e7\u0131 direktor Takadan\u0131n orijinal \u0259s\u0259rl\u0259ridir<\/figcaption><\/figure>\n<h4>S\u0131naq m\u0259hsulu olaraq bizd\u0259 &quot;Kurosengoku Kinako 25g&quot; (150 yen) var!<br \/>\nUcuz m\u0259hsul kimi &quot;G\u00fcn\u0259baxan ya\u011f\u0131 v\u0259 Kurosengoku sar\u011f\u0131&quot; adi qiym\u0259td\u0259n 700 yen a\u015fa\u011f\u0131, 500 yen-\u0259 sat\u0131l\u0131r!<\/h4>\n<figure class=\"wp-caption aligncenter\"><a href=\"https:\/\/photos.google.com\/share\/AF1QipP2u0Dg1Icz61Ynxq01oU3_-et-nZAQXbKx50WTeBhSDktjF5iDaDOcbjw2_nkBFg\/photo\/AF1QipNj7U99DALYQfvOSGU1RjG7iMktoVGcVY50__A?key=UG1Ib2R4THdTQ0RZRmthcGRHQkh0ZTktekQzRlZ3\" target=\"_blank\" rel=\"noopener\"><img decoding=\"async\" src=\"https:\/\/lh3.googleusercontent.com\/pw\/AP1GczP2zvFl9OnPS5Ajt9Z2aPboxBP9Z1-0kxVjues1CKrPR7mSeSeBEhqRJhVuVdo9umvjG9sGM7u3ogyutqeLvDcjWLqjIlSfC5eVQ5H8reryZuH5gUg2qjikQsOOltJ4mL62FtJ4K8MzdnZ517L-OZqJ=w2000-h1500-s-no-gm?authuser=0\" width=\"2000\" height=\"1500\" alt=\"S\u0131naq m\u0259hsulu &quot;Kurosengoku Kinako 25g&quot; (150 yen) v\u0259 ucuz m\u0259hsul &quot;G\u00fcn\u0259baxan ya\u011f\u0131 v\u0259 Kurosengoku sar\u011f\u0131&quot; adi qiym\u0259t 700 yen \u0259v\u0259zin\u0259 500 yen qiym\u0259tind\u0259dir.\" class=\"size-full\" \/><\/a><figcaption class=\"wp-caption-text\">S\u0131naq m\u0259hsulu &quot;Kurosengoku Kinako 25g&quot; (150 yen) v\u0259 ucuz m\u0259hsul &quot;G\u00fcn\u0259baxan ya\u011f\u0131 v\u0259 Kurosengoku sar\u011f\u0131&quot; adi qiym\u0259t 700 yen \u0259v\u0259zin\u0259 500 yen qiym\u0259tind\u0259dir.<\/figcaption><\/figure>\n<h3>M\u0259hsulun t\u0259sviri: Pop t\u0259sviri<\/h3>\n<h4>Xam Kurosengoku soya fasulyesi<\/h4>\n<p>Qaynad\u0131lm\u0131\u015f lobya v\u0259 lobya d\u00fcy\u00fc \u00fc\u00e7\u00fcn m\u00fck\u0259mm\u0259ldir!<br \/>\nKi\u00e7ik qara soya, ya\u015f\u0131l gil\u0259meyv\u0259 il\u0259 xarakteriz\u0259 olunur, qida madd\u0259l\u0259ri il\u0259 z\u0259ngindir v\u0259 \u00f6z\u00fcn\u0259m\u0259xsus \u015firinliy\u0259 malikdir!<\/p>\n<h4>Kurosengokudon<\/h4>\n<p>Alkoqollu q\u0259lyanalt\u0131 kimi, lobyal\u0131 d\u00fcy\u00fcd\u0259, q\u0131zard\u0131lm\u0131\u015f yumurtada v\u0259 ist\u0259nil\u0259n yem\u0259kd\u0259, h\u0259tta \u015firniyyatda da oldu\u011fu kimi dadl\u0131d\u0131r!<\/p>\n<h4>Kurosengoku lopalar\u0131<\/h4>\n<p>Buxarlanm\u0131\u015f v\u0259 s\u0131x\u0131lm\u0131\u015f Kurosengoku soya lopalar\u0131!<\/p>\n<h4>Kurosengoku Kinako<\/h4>\n<p>Kinako istilik \u0259m\u0259l\u0259 g\u0259tirm\u0259m\u0259k \u00fc\u00e7\u00fcn x\u00fcsusi da\u015f d\u0259yirmanda yava\u015f-yava\u015f \u00fcy\u00fcd\u00fcl\u00fcr, n\u0259tic\u0259d\u0259 \u0259tirli v\u0259 \u015firin soya unu \u0259ld\u0259 edilir. M\u00fcmk\u00fcn q\u0259d\u0259r pisl\u0259\u015fm\u0259nin qar\u015f\u0131s\u0131n\u0131 almaq \u00fc\u00e7\u00fcn, b\u00fckm\u0259 qal\u0131n al\u00fcminium folqa istifad\u0259 ed\u0259r\u0259k h\u0259yata ke\u00e7irilir. Miso \u015forbas\u0131, q\u0259hv\u0259, qat\u0131q, dondurma v\u0259 s.<\/p>\n<h4>Kurosengoku soya \u0259ti<\/h4>\n<p>\u0130l\u0131q suda n\u0259ml\u0259ndirin v\u0259 qiym\u0259 \u0259t \u0259v\u0259zi kimi istifad\u0259 edin. O, \u0259t sousu, mapo tofu, q\u0131zard\u0131lm\u0131\u015f t\u0259r\u0259v\u0259zl\u0259r, keema k\u00f6ri v\u0259 tako d\u00fcy\u00fc d\u0259 daxil olmaqla geni\u015f \u00e7e\u015fidd\u0259 yem\u0259kl\u0259rd\u0259 istifad\u0259 olunur.<\/p>\n<h4>Kurosengoku paltar\u0131<\/h4>\n<p>Kurosengoku soya il\u0259 haz\u0131rlanm\u0131\u015f d\u0259bd\u0259b\u0259li v\u0259 \u0259tirli g\u00fcn\u0259baxan ya\u011f\u0131 sar\u011f\u0131!<br \/>\nSalatlar, q\u0131zard\u0131lm\u0131\u015f \u0259t v\u0259 gyoza \u00fc\u00e7\u00fcn l\u0259zz\u0259tli sous!<\/p>\n<h3>Ma\u011fazaya g\u0259l\u0259n m\u00fc\u015ft\u0259ril\u0259r<\/h3>\n<p>A\u00e7\u0131ld\u0131\u011f\u0131m\u0131z g\u00fcnd\u0259n ma\u011fazam\u0131za daimi olaraq Kurosengoku soya h\u0259v\u0259skarlar\u0131 v\u0259 tan\u0131\u015flar g\u0259lir.<\/p>\n<p>Kurosengoku soya paxlas\u0131 haqq\u0131nda he\u00e7 e\u015fitm\u0259mi\u015f b\u0259zi m\u00fc\u015ft\u0259ril\u0259r k\u00f6\u015fk\u00fcn yan\u0131nda dayan\u0131b maraqla soru\u015fdular: &quot;Bu lobya n\u0259dir? M\u0259n onlar\u0131 nec\u0259 bi\u015firir\u0259m?&quot; . .<\/p>\n<p>Sonra Kurosengoku soyas\u0131n\u0131n qida d\u0259y\u0259rini v\u0259 bi\u015firm\u0259 \u00fcsullar\u0131n\u0131 \u00f6yr\u0259ndikd\u0259n sonra \u0259min olanlar v\u0259 onlar\u0131 b\u00f6y\u00fck miqdarda alma\u011fa ba\u015flayanlar var.<\/p>\n<figure class=\"wp-caption aligncenter\"><a href=\"https:\/\/photos.google.com\/share\/AF1QipP2u0Dg1Icz61Ynxq01oU3_-et-nZAQXbKx50WTeBhSDktjF5iDaDOcbjw2_nkBFg\/photo\/AF1QipMQpxeeHolY3ah-_z39np9mkKiYXD9RcGjK3GA?key=UG1Ib2R4THdTQ0RZRmthcGRHQkh0ZTktekQzRlZ3\" target=\"_blank\" rel=\"noopener\"><img decoding=\"async\" src=\"https:\/\/lh3.googleusercontent.com\/pw\/AP1GczPZObirWYPm4rKvDxieOBSmoYEFyQInZ6lAuqYD2aZ0Svo8jiX0MTVLD-BU_At-l8gbe9fjNavNMFXTFVXvYmPQsCJQVRMs57QDnQ-B4qSVNEplkmEC93mdia1PDifZP19mN6y4LGwxG11u3Gq0Qw00=w2000-h1500-s-no-gm?authuser=0\" width=\"2000\" height=\"1500\" alt=\"Stand\u0131 ziyar\u0259t ed\u0259n m\u00fc\u015ft\u0259ril\u0259r\" class=\"size-full\" \/><\/a><figcaption class=\"wp-caption-text\">Stand\u0131 ziyar\u0259t ed\u0259n m\u00fc\u015ft\u0259ril\u0259r<\/figcaption><\/figure>\n<figure class=\"wp-caption aligncenter\"><a href=\"https:\/\/photos.google.com\/share\/AF1QipP2u0Dg1Icz61Ynxq01oU3_-et-nZAQXbKx50WTeBhSDktjF5iDaDOcbjw2_nkBFg\/photo\/AF1QipNjVjpMYymGoJwFUI-dRxTrBPbLbnMaLfNUN68?key=UG1Ib2R4THdTQ0RZRmthcGRHQkh0ZTktekQzRlZ3\" target=\"_blank\" rel=\"noopener\"><img decoding=\"async\" src=\"https:\/\/lh3.googleusercontent.com\/pw\/AP1GczORKBBbVvPnQlZxuvvBmj36x_MOJniJxKhMpCfj9Wi4bpNqH-b76i9DQgfjD-vojfdx_4Zao8qQGDQx7_iOIHv0sQQodGIGw5nwsab8y7tZd-Zfv0LBds6VXYiTI9c9f5QSBddEmcO_WbxR-0Dfwg0L=w2000-h1500-s-no-gm?authuser=0\" width=\"2000\" height=\"1500\" alt=\"Sat\u0131nalmalar\u0131n\u0131z \u00fc\u00e7\u00fcn \u00e7ox sa\u011f olun!\" class=\"size-full\" \/><\/a><figcaption class=\"wp-caption-text\">Sat\u0131nalmalar\u0131n\u0131z \u00fc\u00e7\u00fcn \u00e7ox sa\u011f olun!<\/figcaption><\/figure>\n<figure class=\"wp-caption aligncenter\"><a href=\"https:\/\/photos.google.com\/share\/AF1QipP2u0Dg1Icz61Ynxq01oU3_-et-nZAQXbKx50WTeBhSDktjF5iDaDOcbjw2_nkBFg\/photo\/AF1QipNLZ6JH4HDEkaGYDAdIvTQFzLXgVQcgwU3SIlA?key=UG1Ib2R4THdTQ0RZRmthcGRHQkh0ZTktekQzRlZ3\" target=\"_blank\" rel=\"noopener\"><img decoding=\"async\" src=\"https:\/\/lh3.googleusercontent.com\/pw\/AP1GczNXvU9oFFF40Iw9vZP_r-ttzsZKUV8ihmRSqn8D9P3R50qdqs5QMTqON7XnPj9YCgsBNmMrYinUiHqtU20RMpiSkBGyo4-SzS2rg-tijgrJh-YJuzr9qnqui2xqASHAocY_GHDG3PcLLMVg2zA8kWep=w2000-h1500-s-no-gm?authuser=0\" width=\"2000\" height=\"1500\" alt=\"Bizi m\u00fcnt\u0259z\u0259m ziyar\u0259t edin!\" class=\"size-full\" \/><\/a><figcaption class=\"wp-caption-text\">Bizi m\u00fcnt\u0259z\u0259m ziyar\u0259t edin!<\/figcaption><\/figure>\n<h3>[Goutabi Hokkaido] il\u0259 \u0259m\u0259kda\u015fl\u0131q layih\u0259si haz\u0131rda davam edir<\/h3>\n<p>Bazar ert\u0259si, iyunun 10-u ax\u015fam, Hokkaydo x\u00fcsusi ya\u015fay\u0131\u015f yerl\u0259rinin rezervasiyas\u0131 sah\u0259sini [Goutabi Hokkaydo] idar\u0259 ed\u0259n Hokkaido Value Scope Co., Ltd.,<a href=\"https:\/\/www.v-scope.co.jp\/overview\/#ceo\" rel=\"noopener\" target=\"_blank\">Shigemichi Miura N\u00fcmay\u0259nd\u0259 Direktoru v\u0259 Prezidenti<\/a>, Planla\u015fd\u0131rma Meneceri Ayuko Fujimura v\u0259 ba\u015fqalar\u0131 ma\u011fazaya ba\u015f \u00e7\u0259kdil\u0259r!<\/p>\n<p>\u0130cra\u00e7\u0131 direktor Takada Yuji il\u0259 m\u00fczakir\u0259 etdik v\u0259 \u00f6yr\u0259ndik ki, haz\u0131rda Quutabi Hokkaydo v\u0259 Kurosengoku Biznes Kooperativi aras\u0131nda birg\u0259 h\u0259diyy\u0259 layih\u0259si davam edir! S\u0259birsizlikl\u0259 g\u00f6zl\u0259yir\u0259m~\u266a<\/p>\n<figure class=\"wp-caption aligncenter\"><a href=\"https:\/\/photos.google.com\/share\/AF1QipP2u0Dg1Icz61Ynxq01oU3_-et-nZAQXbKx50WTeBhSDktjF5iDaDOcbjw2_nkBFg\/photo\/AF1QipNM1dT1cvmWfPQEXgfN805rQuDW7YeTBuNruRQ?key=UG1Ib2R4THdTQ0RZRmthcGRHQkh0ZTktekQzRlZ3\" target=\"_blank\" rel=\"noopener\"><img decoding=\"async\" src=\"https:\/\/lh3.googleusercontent.com\/pw\/AP1GczN95Le-E1QpMqYf6AhMc9kGulRrrW1cHrFgYu9luXWjdWsF9_15nuvC3yBgSIVl6rKxN8rC3fSIM0b0aEldZ5edSSXmgyGzQOX77yRWo0XCSJIlIlNqqLJl5YcGS8pubYoLPZes2VznYglu4ww3ijGH=w2000-h1500-s-no-gm?authuser=0\" width=\"2000\" height=\"1500\" alt=\"&quot;Goutabi Hokkaido&quot;-nu idar\u0259 ed\u0259n Hokkaido Valuescope-un prezidenti v\u0259 ba\u015f direktoru \u015eigemi\u00e7i Miura, Planla\u015fd\u0131rma Meneceri Ayuko Fujimura v\u0259 ba\u015fqalar\u0131 ma\u011fazaya ba\u015f \u00e7\u0259kdil\u0259r!\" class=\"size-full\" \/><\/a><figcaption class=\"wp-caption-text\">&quot;Goutabi Hokkaido&quot;-nu idar\u0259 ed\u0259n Hokkaido Valuescope-un prezidenti v\u0259 ba\u015f direktoru \u015eigemi\u00e7i Miura, Planla\u015fd\u0131rma Meneceri Ayuko Fujimura v\u0259 ba\u015fqalar\u0131 ma\u011fazaya ba\u015f \u00e7\u0259kdil\u0259r!<\/figcaption><\/figure>\n<figure class=\"wp-caption aligncenter\"><a href=\"https:\/\/photos.google.com\/share\/AF1QipP2u0Dg1Icz61Ynxq01oU3_-et-nZAQXbKx50WTeBhSDktjF5iDaDOcbjw2_nkBFg\/photo\/AF1QipNeSGhVLFrfdhgrr-U0kDBFKQYZB3uEgHdwLA8?key=UG1Ib2R4THdTQ0RZRmthcGRHQkh0ZTktekQzRlZ3\" target=\"_blank\" rel=\"noopener\"><img decoding=\"async\" src=\"https:\/\/lh3.googleusercontent.com\/pw\/AP1GczNsvCs1ClgWkACUP8ugp1RNpg23Ud_JyG51njjBD0wACk10PGUArrCk7gjHFs7b0IGrgHGccXL1WrfXGuIDI-2byWcyck3ScKtlSzpSGAp0QxLhJQZRxa2Ltr19UZeAXdIpJDHaGJUovJI3zo058150=w2000-h1500-s-no-gm?authuser=0\" width=\"2000\" height=\"1500\" alt=\"Giveaway kampaniyas\u0131 davam edir!\" class=\"size-full\" \/><\/a><figcaption class=\"wp-caption-text\">Giveaway kampaniyas\u0131 davam edir!<\/figcaption><\/figure>\n\n        <div class=\"site-blogcard-premium\">\n            <div class=\"bc-label-custom\">\u018flaq\u0259dar m\u0259qal\u0259l\u0259r<\/div>\n            <div class=\"bc-flex-container\">\n                <div class=\"bc-main-text\">\n                    <div class=\"bc-title-link-box\">\n                        <a href=\"https:\/\/www.gutabi.jp\/event\/detail\/899\" target=\"_blank\">39-cu G\u00fcn\u0259baxan Festival\u0131 | Hokkaydo Turizm | Guutabi Hokkaydo<\/a>\n                    <\/div>\n                    <div class=\"bc-excerpt-box\">\u0130\u015fikari\/Sorachi T\u0259dbiri: 39-cu G\u00fcn\u0259baxan Festival\u0131. Yay \u00e7i\u00e7\u0259yi olan g\u00fcn\u0259baxanlar t\u0259xmin\u0259n 23 hektar \u0259razid\u0259 \u00e7i\u00e7\u0259k a\u00e7\u0131r...<\/div>\n                <\/div>\n                <div class=\"bc-thumbnail-box\">\n                    <a href=\"https:\/\/www.gutabi.jp\/event\/detail\/899\" target=\"_blank\">\n                        <div class=\"bc-img-zoom-wrap\">\n                            <img decoding=\"async\" src=\"https:\/\/static.gutabi.jp\/static\/responsive\/images\/ogp.jpg\" alt=\"39-cu G\u00fcn\u0259baxan Festival\u0131 | Hokkaydo Turizm | Guutabi Hokkaydo\">\n                        <\/div>\n                    <\/a>\n                <\/div>\n            <\/div>\n        <\/div>\n<h3>B\u0259l\u0259diyy\u0259 Ba\u015f\u00e7\u0131s\u0131 Sasaki Yasuhiro t\u0259\u015fviq etm\u0259k \u00fc\u00e7\u00fcn ziyar\u0259t edir<\/h3>\n<p>H\u0259m\u00e7inin, ikinci g\u00fcn, 11 iyun (\u00e7\u0259r\u015f\u0259nb\u0259 ax\u015fam\u0131) g\u00fcnortadan sonra, B\u0259l\u0259diyy\u0259 Ba\u015f\u00e7\u0131s\u0131 Sasaki Yasuhiro, Hokuriku Town \u00dcmumi \u0130\u015fl\u0259r \u015e\u00f6b\u0259sinin r\u0259isi Minamiha Hajime il\u0259 birlikd\u0259 komandaya h\u0259v\u0259sl\u0259ndirm\u0259k \u00fc\u00e7\u00fcn s\u0259f\u0259r etdi.<\/p>\n<figure class=\"wp-caption aligncenter\"><a href=\"https:\/\/photos.google.com\/share\/AF1QipP2u0Dg1Icz61Ynxq01oU3_-et-nZAQXbKx50WTeBhSDktjF5iDaDOcbjw2_nkBFg\/photo\/AF1QipNkd8p1kiVNu_0iUcnaZshz8ktFgvPIOBdK3r0?key=UG1Ib2R4THdTQ0RZRmthcGRHQkh0ZTktekQzRlZ3\" target=\"_blank\" rel=\"noopener\"><img decoding=\"async\" src=\"https:\/\/lh3.googleusercontent.com\/pw\/AP1GczMTT4XclZe3bbghVQBGC6_HX50uNJAD9TKekJqX89MnNrJZNKt_kanWu0XyR6AllPbfkixPro0vjoZN96Byp1IzJgX8QWAIVrCpJVvKy3LpXCWCFiqe-Vj6Pd4iROYIfwn8HMJ_wR6TRa-1F_-fdyJh=w2000-h1500-s-no-gm?authuser=0\" width=\"2000\" height=\"1500\" alt=\"B\u0259l\u0259diyy\u0259 Ba\u015f\u00e7\u0131s\u0131 Sasaki bizi t\u0259\u015fviq etm\u0259k \u00fc\u00e7\u00fcn ziyar\u0259t edir!\" class=\"size-full\" \/><\/a><figcaption class=\"wp-caption-text\">B\u0259l\u0259diyy\u0259 Ba\u015f\u00e7\u0131s\u0131 Sasaki bizi t\u0259\u015fviq etm\u0259k \u00fc\u00e7\u00fcn ziyar\u0259t edir!<\/figcaption><\/figure>\n<h4>Nishiyama Ramen \u0259m\u0259kda\u015fl\u0131q d\u0259sti<\/h4>\n<p>O, s\u0259dr Takada Yukio il\u0259 birlikd\u0259 ramen d\u00fckan\u0131nda qurulan Ni\u015fiyama Rameni ziyar\u0259t etdi v\u0259 salamlad\u0131.<\/p>\n<figure class=\"wp-caption aligncenter\"><a href=\"https:\/\/photos.google.com\/share\/AF1QipP2u0Dg1Icz61Ynxq01oU3_-et-nZAQXbKx50WTeBhSDktjF5iDaDOcbjw2_nkBFg\/photo\/AF1QipPGW5zy1EJG0IkGwpGTHK63xQXnfLDxgcp0ekk?key=UG1Ib2R4THdTQ0RZRmthcGRHQkh0ZTktekQzRlZ3\"><img decoding=\"async\" src=\"https:\/\/lh3.googleusercontent.com\/pw\/AP1GczOChfzYCaBXhEZHJ6MD6jtQxoEqQdUAOivIzeu9MArOL080wZnjT3xprsslnOwIHT3ZZBIUmVD_3YRDi71_FXLAbudOx3BT0oQavIHWG5A8EkF2U6j8ZYmNltVjyPr_pbtbgB6A0wWSiT8GqYDGDl4E=w2000-h1500-s-no-gm?authuser=0\" width=\"2000\" height=\"1500\" alt=\"Nishiyama Ramen stendini ziyar\u0259t edin\" class=\"size-full\" \/><\/a><figcaption class=\"wp-caption-text\">Nishiyama Ramen stendini ziyar\u0259t edin<\/figcaption><\/figure>\n<p>Ni\u015fiyama Ramenin &quot;Hokkaydo Umaimono Avqust Seti&quot;n\u0259 iki porsiya Komefutei Abura Soba, Kurosengoku soyas\u0131 v\u0259 do\u011franm\u0131\u015f k\u0259l\u0259m (iki st\u0259kan \u00fc\u00e7\u00fcn) il\u0259 haz\u0131rlanm\u0131\u015f d\u00fcy\u00fc \u0259dviyyat\u0131 v\u0259 Hokkaydo, Hokuryu \u015f\u0259h\u0259rind\u0259n iki st\u0259kan Nanatsuboshi d\u00fcy\u00fc daxildir.<\/p>\n<figure class=\"wp-caption aligncenter\"><a href=\"https:\/\/photos.google.com\/share\/AF1QipP2u0Dg1Icz61Ynxq01oU3_-et-nZAQXbKx50WTeBhSDktjF5iDaDOcbjw2_nkBFg\/photo\/AF1QipPRsozPv6mUbBmh1_SUoxV-IZC0p3l6bSsogvg?key=UG1Ib2R4THdTQ0RZRmthcGRHQkh0ZTktekQzRlZ3\" target=\"_blank\" rel=\"noopener\"><img decoding=\"async\" src=\"https:\/\/lh3.googleusercontent.com\/pw\/AP1GczOAXUbNkQvaZittMHJ4Rd9pPc5D9ZCwnu9lpiXi8SMGh_x6DfAzT_c2J_pxY_tv0dPfeoYSeMVM2KYrh0cueLmrzLK2MFaZd_Hzn674kFO4Wawack64iJUNDQFZUF3aqbbKZALd2wDWZtMp48fvlTqR=w2000-h1500-s-no-gm?authuser=0\" width=\"2000\" height=\"1500\" alt=\"Nishiyama Ramen v\u0259 Kurosengoku d\u00fcy\u00fcl\u0259rinin birl\u0259\u015fm\u0259sind\u0259n ibar\u0259t l\u0259zz\u0259tli d\u0259st!\" class=\"size-full\" \/><\/a><figcaption class=\"wp-caption-text\">Nishiyama Ramen v\u0259 Kurosengoku d\u00fcy\u00fcl\u0259rinin birl\u0259\u015fm\u0259sind\u0259n ibar\u0259t l\u0259zz\u0259tli d\u0259st!<\/figcaption><\/figure>\n\n        <div class=\"site-blogcard-premium\">\n            <div class=\"bc-label-custom\">\u018flaq\u0259dar m\u0259qal\u0259l\u0259r<\/div>\n            <div class=\"bc-flex-container\">\n                <div class=\"bc-main-text\">\n                    <div class=\"bc-title-link-box\">\n                        <a href=\"https:\/\/www.ramen.jp\" target=\"_blank\">Nishiyama Seimen Co., Ltd. - \u0259ri\u015ft\u0259 haz\u0131rlamaqda 70 illik t\u0259cr\u00fcb\u0259. Sapporo Ni\u015fiyama Ramen<\/a>\n                    <\/div>\n                    <div class=\"bc-excerpt-box\">70 illik \u0259ri\u015ft\u0259 istehsal\u0131. Buraya Ni\u015fiyama \u0259ri\u015ft\u0259 fabrikinin tarixi, \u0259ri\u015ft\u0259 istehsal\u0131na olan \u00f6hd\u0259liyimiz, biznes\u0259 startap d\u0259st\u0259yi v\u0259 yem\u0259k bi\u015firm\u0259 r\u0259hb\u0259rliyi, el\u0259c\u0259 d\u0259 keyfiyy\u0259t\u0259 v\u0259 \u0259lveri\u015fli qiym\u0259t\u0259 olan \u00f6hd\u0259liyimiz daxildir...<\/div>\n                <\/div>\n                <div class=\"bc-thumbnail-box\">\n                    <a href=\"https:\/\/www.ramen.jp\" target=\"_blank\">\n                        <div class=\"bc-img-zoom-wrap\">\n                            <img decoding=\"async\" src=\"http:\/\/www.ramen.jp\/shared\/images\/logo_ogp.jpg\" alt=\"Nishiyama Seimen Co., Ltd. - \u0259ri\u015ft\u0259 haz\u0131rlamaqda 70 illik t\u0259cr\u00fcb\u0259. Sapporo Ni\u015fiyama Ramen\">\n                        <\/div>\n                    <\/a>\n                <\/div>\n            <\/div>\n        <\/div>\n<h2>Daimi soba restoran\u0131 Nagara<\/h2>\n<p>Yerl\u0259\u015fdiyi yer Showa binas\u0131n\u0131n zirz\u0259mi m\u0259rt\u0259b\u0259sind\u0259, 5-chome Odori Nishi, Chuo-ku, Sapporo.<\/p>\n<figure id=\"attachment_46343\" class=\"wp-caption aligncenter\"><a href=\"https:\/\/maps.app.goo.gl\/81Vry5VQrGu7XeMq8\" target=\"_blank\" rel=\"noopener\"><img decoding=\"async\" src=\"https:\/\/portal.hokuryu.info\/wp\/wp-content\/uploads\/2024\/06\/2024-06-14-14.31.42.jpg\" alt=\"Dayan\u0131b yeyin soba restoran\u0131 Nagara (Sapporo)\" width=\"1328\" height=\"976\" class=\"size-full wp-image-46343\" style=\"border:solid 1px blue\"\/><figcaption class=\"wp-caption-text\">Dayan\u0131b yeyin soba restoran\u0131 Nagara (Sapporo)<\/a><\/figcaption><\/figure>\n<p>\u0130dar\u0259edici Direktor Takadan\u0131n uzun m\u00fcdd\u0259t f\u0259aliyy\u0259t g\u00f6st\u0259r\u0259n, soba dayan\u0131b-yey\u0259n restoran\u0131 Nagara, Kurosengoku soya d\u00fcy\u00fc toplar\u0131 t\u0259qdim edir, ona g\u00f6r\u0259 d\u0259 nahara getm\u0259y\u0259 q\u0259rar verdik!<\/p>\n<figure class=\"wp-caption aligncenter\"><a href=\"https:\/\/photos.google.com\/share\/AF1QipP2u0Dg1Icz61Ynxq01oU3_-et-nZAQXbKx50WTeBhSDktjF5iDaDOcbjw2_nkBFg\/photo\/AF1QipO3sCVlgTanmUTm7aTrawSJx9pHoq7ELAccuNU?key=UG1Ib2R4THdTQ0RZRmthcGRHQkh0ZTktekQzRlZ3\" target=\"_blank\" rel=\"noopener\"><img decoding=\"async\" src=\"https:\/\/lh3.googleusercontent.com\/pw\/AP1GczPzveVoPLruZz-vLhYtaTsr915G16A0sg4uJW4tdN0xvzkFxWuen1QhOMHxQ-UOO4sY-YnRyathocixGrf4kIqJJn9dxOJt7XoTlaOQGAXqRfJbc67zmbXF7A8zHpMDvmlAkb5xAcKlJGeH5lt9C3b-=w2000-h1500-s-no-gm?authuser=0\" width=\"2000\" height=\"1500\" alt=\"Daimi soba restoran\u0131 &quot;Nagara&quot;\" class=\"size-full\" \/><\/a><figcaption class=\"wp-caption-text\">Daimi soba restoran\u0131 &quot;Nagara&quot;<\/figcaption><\/figure>\n<p>Nahar vaxt\u0131 oldu\u011fu \u00fc\u00e7\u00fcn pi\u015ftaxtada oturaca\u011f\u0131m\u0131z\u0131 g\u00f6zl\u0259m\u0259li olduq. . . Orijinal, l\u0259zz\u0259tli da\u015fi \u015forbas\u0131 t\u0259qdim ed\u0259n m\u0259\u015fhur restoran.<\/p>\n<figure class=\"wp-caption aligncenter\"><a href=\"https:\/\/photos.google.com\/share\/AF1QipP2u0Dg1Icz61Ynxq01oU3_-et-nZAQXbKx50WTeBhSDktjF5iDaDOcbjw2_nkBFg\/photo\/AF1QipMD4QdkUKaWaTEX9C_zAYFlPOdpyu5pFs1Z6pw?key=UG1Ib2R4THdTQ0RZRmthcGRHQkh0ZTktekQzRlZ3\" target=\"_blank\" rel=\"noopener\"><img decoding=\"async\" src=\"https:\/\/lh3.googleusercontent.com\/pw\/AP1GczMQkIqeOKf_1DiwTdpK3GZhb7WFl8CzBDtWMEmat0welXMgZnM2dib9lfAY1E21r3SZBU3V3ikykWshab6lVGVv4E5uyyMpFKLAdkNlBwJSqz1VrSoNCWX_TKWtS0nS040MkMB5ei_gXshv08n7jpn3=w2000-h1500-s-no-gm?authuser=0\" width=\"2000\" height=\"1500\" alt=\"T\u0259r\u0259v\u0259z tempura soba v\u0259 Kurosengoku soya d\u00fcy\u00fc toplar\u0131\" class=\"size-full\" \/><\/a><figcaption class=\"wp-caption-text\">T\u0259r\u0259v\u0259z tempura soba v\u0259 qara soya d\u00fcy\u00fc toplar\u0131<\/figcaption><\/figure>\n<p>B\u0259zi m\u00fc\u015ft\u0259ril\u0259r Kurosengoku soya d\u00fcy\u00fc toplar\u0131 v\u0259 inari su\u015fid\u0259n ibar\u0259t d\u0259stl\u0259r sifari\u015f edirl\u0259r! ! !<br \/>\ndadl\u0131! erk\u0259n! ucuz! Dolduran v\u0259 \u00e7ox m\u0259mnun ed\u0259n l\u0259zz\u0259tli soba \u0259ri\u015ft\u0259l\u0259ri!<\/p>\n<figure class=\"wp-caption aligncenter\"><a href=\"https:\/\/photos.google.com\/share\/AF1QipP2u0Dg1Icz61Ynxq01oU3_-et-nZAQXbKx50WTeBhSDktjF5iDaDOcbjw2_nkBFg\/photo\/AF1QipMMa1JZazItYvTTmYj2mzhaEPfcqhPu3WpJ9bo?key=UG1Ib2R4THdTQ0RZRmthcGRHQkh0ZTktekQzRlZ3\" target=\"_blank\" rel=\"noopener\"><img decoding=\"async\" src=\"https:\/\/lh3.googleusercontent.com\/pw\/AP1GczNli9TrTnr-Dtor0m3XEW_CJQJhCjiJnd03KnPIYvcc1P8ObmDGtblmILDoDlC3U5D3hdoKoAilo0Cn9-twsbsEDZzpSJI-KTRNgu1-qPe2o8seszXqVlkfsSsRP2p1IvEySufLjCarGDQx6yVJpeeo=w2000-h1500-s-no-gm?authuser=0\" width=\"2000\" height=\"1500\" alt=\"Kurosengoku soya d\u00fcy\u00fc toplar\u0131 v\u0259 inari t\u0259klif edirik!\" class=\"size-full\" \/><\/a><figcaption class=\"wp-caption-text\">Kurosengoku soya d\u00fcy\u00fc toplar\u0131 v\u0259 inari t\u0259klif edirik!<\/figcaption><\/figure>\n<figure class=\"wp-caption aligncenter\"><a href=\"https:\/\/photos.google.com\/share\/AF1QipP2u0Dg1Icz61Ynxq01oU3_-et-nZAQXbKx50WTeBhSDktjF5iDaDOcbjw2_nkBFg\/photo\/AF1QipMjyN_SryOX6kD2cS4lJlxTtagGPfBeN8ubCTY?key=UG1Ib2R4THdTQ0RZRmthcGRHQkh0ZTktekQzRlZ3\" target=\"_blank\" rel=\"noopener\"><img decoding=\"async\" src=\"https:\/\/lh3.googleusercontent.com\/pw\/AP1GczMZR8eyFrDB3JP7sUuT8WvzhJ8lZC8Ch9tOQZ2wJ5gPmPz4qBUYVwfs06rygccJGAawEajpd37QUkN6EfqYWTXGxJKs_QMpb0toZGGHuw5sjjSBl9p74rXv0-lRgG0QC37rXA6K7KYtkXujZgN9Sznf=w2000-h1500-s-no-gm?authuser=0\" width=\"2000\" height=\"1500\" alt=\"\u018ffsan\u0259vi Kurosengoku soya d\u00fcy\u00fc toplar\u0131 v\u0259 UMEYA-n\u0131n Kurosengoku krem puflar\u0131\" class=\"size-full\" \/><\/a><figcaption class=\"wp-caption-text\">\u018ffsan\u0259vi Kurosengoku soya d\u00fcy\u00fc toplar\u0131 v\u0259 UMEYA-n\u0131n Kurosengoku krem puflar\u0131<\/figcaption><\/figure>\n<figure id=\"attachment_46342\" class=\"wp-caption aligncenter\"><a href=\"https:\/\/www.instagram.com\/yorunonagara\/?hl\"><img decoding=\"async\" src=\"https:\/\/portal.hokuryu.info\/wp\/wp-content\/uploads\/2024\/06\/2024-06-14-14.28.40.jpg\" alt=\"Daimi Soba Restoran\u0131 Nagara (Sapporo City) Instagram\" width=\"2110\" height=\"1434\" class=\"size-full wp-image-46342\" \/><figcaption class=\"wp-caption-text\">Daimi Soba Restoran\u0131 Nagara (Sapporo City) Instagram<\/a><\/figcaption><\/figure>\n<p><center><img decoding=\"async\" src=\"https:\/\/portal.hokuryu.info\/wp\/wp-content\/uploads\/2024\/06\/2024-06-14-14.35.47.png\" width=\"15\"> ~ <img decoding=\"async\" src=\"https:\/\/portal.hokuryu.info\/wp\/wp-content\/uploads\/2024\/06\/2024-06-14-14.35.47.png\" width=\"15\"> ~ <img decoding=\"async\" src=\"https:\/\/portal.hokuryu.info\/wp\/wp-content\/uploads\/2024\/06\/2024-06-14-14.35.47.png\" width=\"15\"> ~ <img decoding=\"async\" src=\"https:\/\/portal.hokuryu.info\/wp\/wp-content\/uploads\/2024\/06\/2024-06-14-14.35.47.png\" width=\"15\"> ~ <img decoding=\"async\" src=\"https:\/\/portal.hokuryu.info\/wp\/wp-content\/uploads\/2024\/06\/2024-06-14-14.35.47.png\" width=\"15\"> ~ <img decoding=\"async\" src=\"https:\/\/portal.hokuryu.info\/wp\/wp-content\/uploads\/2024\/06\/2024-06-14-14.35.47.png\" width=\"15\"><\/center><\/p>\n<p>Sapporo Chi-Ka-Ho-da iki g\u00fcnl\u00fck Kurosengoku Soya S\u0259rgisi!<br \/>\nS\u0259rh\u0259dsiz sevgi, minn\u0259tdarl\u0131q v\u0259 dualarla Sapporoda Kurosengoku soya paxlas\u0131 haqq\u0131nda m\u0259lumatl\u0131l\u0131\u011f\u0131 art\u0131racaq v\u0259 Kurosengoku soyas\u0131n\u0131n cazib\u0259sini daha da \u00e7ox insana \u00e7atd\u0131racaq &quot;\u00c7ikahoda Phantom Kurosengoku Soya S\u0259rgisi&quot;n\u0259 s\u0259mimi minn\u0259tdarl\u0131\u011f\u0131m\u0131z\u0131 bildirm\u0259k ist\u0259rdik. . .<\/p>\n<figure class=\"wp-caption aligncenter\"><a href=\"https:\/\/photos.google.com\/share\/AF1QipP2u0Dg1Icz61Ynxq01oU3_-et-nZAQXbKx50WTeBhSDktjF5iDaDOcbjw2_nkBFg\/photo\/AF1QipPNpWdWIrGelxY5HKSQW7uyWOj8Osn7b5WC7Tg?key=UG1Ib2R4THdTQ0RZRmthcGRHQkh0ZTktekQzRlZ3\" target=\"_blank\" rel=\"noopener\"><img decoding=\"async\" src=\"https:\/\/lh3.googleusercontent.com\/pw\/AP1GczPC6YeQ6n0bpR6iv5SxGoQ4NmvNCkENP7En4WkzeHOcruOYwRHcDq6ELnsJZ2nRzMIRbqXsa9w7nuNVsri9KKne2GwhtUa-47XRm4uH7Qlu8pYGf7HKLlrEpn-1t8v3IbQyEOSIH_B4trhG9mdD_fwq=w2000-h1500-s-no-gm?authuser=0\" width=\"2000\" height=\"1500\" alt=\"Kurosengoku soya paxlas\u0131n\u0131n c\u0259lbediciliyini art\u0131rd\u0131\u011f\u0131 \u00fc\u00e7\u00fcn \u00c7ikahoda ke\u00e7iril\u0259n Kurosengoku Soya S\u0259rgisin\u0259 minn\u0259tdarl\u0131\u011f\u0131m\u0131z\u0131 bildirm\u0259k ist\u0259rdik. . .\" class=\"size-full\" \/><\/a><figcaption class=\"wp-caption-text\">Kurosengoku soya paxlas\u0131n\u0131n c\u0259lbediciliyini art\u0131rd\u0131\u011f\u0131 \u00fc\u00e7\u00fcn \u00c7ikahoda ke\u00e7iril\u0259n Kurosengoku Soya S\u0259rgisin\u0259 minn\u0259tdarl\u0131\u011f\u0131m\u0131z\u0131 bildirm\u0259k ist\u0259rdik. . .<\/figcaption><\/figure>\n<h2>Youtube videolar\u0131<\/h2>\n<div class=\"youtube\"><iframe title=\"Kurosengoku Biznes Kooperativi bir ne\u00e7\u0259 ayda bir d\u0259f\u0259 Sapporoda t\u00f6vl\u0259 a\u00e7araq t\u0259k ba\u015f\u0131na (Sapporo Ekimae-dori Yeralt\u0131 Plaza) &quot;Chi-Ka-Ho-da Phantom Kurosengoku Soy Fair&quot; ke\u00e7ir\u0259c\u0259k!\" src=\"https:\/\/www.youtube.com\/embed\/_97Gou1asnI?feature=oembed\" frameborder=\"0\" allow=\"accelerometer; autoplay; clipboard-write; encrypted-media; gyroscope; picture-in-picture; web-share\" referrerpolicy=\"strict-origin-when-cross-origin\" allowfullscreen><\/iframe><\/div>\n<h2>Dig\u0259r foto\u015f\u0259kill\u0259r<\/h2>\n<div class=\"img-move\"><img decoding=\"async\" style=\"vertical-align: middle;\" src=\"https:\/\/ehokkaido.net\/wp-content\/uploads\/2021\/12\/2021-12-06-11.41.12.png\" \/> <a href=\"https:\/\/photos.app.goo.gl\/VXDdyiNuczPBAfPq8\" target=\"_blank\" rel=\"noopener noreferrer\">\u00c7ikahoda Kurosengoku Soya S\u0259rgisind\u0259n ilk foto\u015f\u0259kill\u0259r d\u0259sti (108 \u015f\u0259kil) \u00fc\u00e7\u00fcn buraya klikl\u0259yin &gt;&gt;<\/a><\/div>\n<h2>\u018flaq\u0259dar m\u0259qal\u0259l\u0259r<\/h2>\n\n\u3000<br \/>\n\u25c7 M\u00fcsahib\u0259 v\u0259 m\u0259tn: Ikuko Terauchi (foto\u015f\u0259kil v\u0259 redakt\u0259 yard\u0131m\u0131: Noboru Terauchi)<\/p>","protected":false},"excerpt":{"rendered":"<p>\uff12\uff10\uff12\uff14\u5e74\uff16\u6708\uff11\uff14\u65e5\uff08\u91d1\uff09 \uff16\u6708\uff11\uff10\u65e5\uff08\u6708\uff09\u30fb\uff16\u6708\uff11\uff11\u65e5\uff08\u706b\uff09\u3001\u30c1\u30fb\u30ab\u30fb\u30db\uff08\u672d\u5e4c\u99c5\u524d\u901a\u5730\u4e0b\u5e83\u5834\uff09\u306b\u3066\u3001\u9ed2\u5343\u77f3\u4e8b\u696d\u5354\u540c\u7d44\u5408\u304c\u300c\u5e7b\u306e\u9ed2\u5343\u77f3\u5927\u8c46\u30d5\u30a7\u30a2 in \u30c1\u30ab\u30db\u300d\u3092\u5358\u72ec\u3067\u51fa\u5e97\u3002 \u5e7b\u306e\u9ed2\u5343\u77f3\u5927\u8c46\u30d5\u30a7\u30a2 i [&hellip;]<\/p>\n","protected":false},"author":1,"featured_media":46284,"comment_status":"open","ping_status":"open","sticky":false,"template":"","format":"standard","meta":{"footnotes":""},"categories":[4,72,9],"tags":[],"class_list":["post-46233","post","type-post","status-publish","format-standard","has-post-thumbnail","hentry","category-cover-story","category-kurosengoku_jyoumu","category-kurosengoku"],"_links":{"self":[{"href":"https:\/\/portal.hokuryu.info\/az\/wp-json\/wp\/v2\/posts\/46233","targetHints":{"allow":["GET"]}}],"collection":[{"href":"https:\/\/portal.hokuryu.info\/az\/wp-json\/wp\/v2\/posts"}],"about":[{"href":"https:\/\/portal.hokuryu.info\/az\/wp-json\/wp\/v2\/types\/post"}],"author":[{"embeddable":true,"href":"https:\/\/portal.hokuryu.info\/az\/wp-json\/wp\/v2\/users\/1"}],"replies":[{"embeddable":true,"href":"https:\/\/portal.hokuryu.info\/az\/wp-json\/wp\/v2\/comments?post=46233"}],"version-history":[{"count":0,"href":"https:\/\/portal.hokuryu.info\/az\/wp-json\/wp\/v2\/posts\/46233\/revisions"}],"wp:featuredmedia":[{"embeddable":true,"href":"https:\/\/portal.hokuryu.info\/az\/wp-json\/wp\/v2\/media\/46284"}],"wp:attachment":[{"href":"https:\/\/portal.hokuryu.info\/az\/wp-json\/wp\/v2\/media?parent=46233"}],"wp:term":[{"taxonomy":"category","embeddable":true,"href":"https:\/\/portal.hokuryu.info\/az\/wp-json\/wp\/v2\/categories?post=46233"},{"taxonomy":"post_tag","embeddable":true,"href":"https:\/\/portal.hokuryu.info\/az\/wp-json\/wp\/v2\/tags?post=46233"}],"curies":[{"name":"wp","href":"https:\/\/api.w.org\/{rel}","templated":true}]}}