{"id":39032,"date":"2023-10-27T09:34:31","date_gmt":"2023-10-27T00:34:31","guid":{"rendered":"https:\/\/portal.hokuryu.info\/?p=39032"},"modified":"2023-10-27T06:46:10","modified_gmt":"2023-10-26T21:46:10","slug":"hokuryu-s%c9%99h%c9%99rinin-meri-yutaka-sanonun-f%c9%99aliyy%c9%99t-hesabati-26-oktyabr-cum%c9%99-axsami-sapporo-s%c9%99h%c9%99ri","status":"publish","type":"post","link":"https:\/\/portal.hokuryu.info\/az\/39032\/","title":{"rendered":"Hokuryu \u015f\u0259h\u0259rinin meri Yutaka Sanonun f\u0259aliyy\u0259t hesabat\u0131: C\u00fcm\u0259 ax\u015fam\u0131, 26 oktyabr (Sapporo \u015f\u0259h\u0259ri) Hokkaydo \u015e\u0259h\u0259r v\u0259 K\u0259nd Assosiasiyas\u0131n\u0131n K\u0259nd T\u0259s\u0259rr\u00fcfat\u0131, Me\u015f\u0259\u00e7ilik v\u0259 Bal\u0131q\u00e7\u0131l\u0131q Daimi Komit\u0259si, Hokkaydo \u015e\u0259h\u0259r v\u0259 K\u0259nd Assosiasiyas\u0131n\u0131n Siyas\u0259t Y\u0131\u011f\u0131nca\u011f\u0131, K\u0259nd T\u0259s\u0259rr\u00fcfat\u0131, Me\u015f\u0259\u00e7ilik v\u0259 Bal\u0131q\u00e7\u0131l\u0131q \u00fczr\u0259 Alt Komit\u0259, Hokkaydo \u015e\u0259h\u0259ri v\u0259 K\u0259nd T\u0259s\u0259rr\u00fcfat\u0131 Birliyi v\u0259 Me\u015f\u0259 T\u0259s\u0259rr\u00fcfat\u0131. 14 Hokkaydo B\u00f6lg\u0259sind\u0259 K\u0259nd Assosiasiyalar\u0131, Hokkaydo Qubernatoru il\u0259 G\u00f6r\u00fc\u015f"},"content":{"rendered":"<p>C\u00fcm\u0259, 27 oktyabr 2023-c\u00fc il<\/p>\n<p><center><iframe src=\"https:\/\/www.facebook.com\/plugins\/post.php?href=https%3A%2F%2Fwww.facebook.com%2Fpermalink.php%3Fstory_fbid%3Dpfbid08XKX78zjwq17ij6eHMTK43EdPbk3fqZe9w5P5ptboJVnnkEFX1673Lfmi1x2owRol%26id%3D100071715884260&#038;show_text=true&#038;width=650\" width=\"650\" height=\"922\" style=\"border:none;overflow:hidden\" scrolling=\"no\" frameborder=\"0\" allowfullscreen=\"true\" allow=\"autoplay; clipboard-write; encrypted-media; picture-in-picture; web-share\"><\/iframe><\/center><\/p>","protected":false},"excerpt":{"rendered":"<p>C\u00fcm\u0259, 27 oktyabr 2023-c\u00fc il<\/p>","protected":false},"author":1,"featured_media":39023,"comment_status":"open","ping_status":"open","sticky":false,"template":"","format":"standard","meta":{"footnotes":""},"categories":[5],"tags":[],"class_list":["post-39032","post","type-post","status-publish","format-standard","has-post-thumbnail","hentry","category-sano-yutaka-formermayor"],"_links":{"self":[{"href":"https:\/\/portal.hokuryu.info\/az\/wp-json\/wp\/v2\/posts\/39032","targetHints":{"allow":["GET"]}}],"collection":[{"href":"https:\/\/portal.hokuryu.info\/az\/wp-json\/wp\/v2\/posts"}],"about":[{"href":"https:\/\/portal.hokuryu.info\/az\/wp-json\/wp\/v2\/types\/post"}],"author":[{"embeddable":true,"href":"https:\/\/portal.hokuryu.info\/az\/wp-json\/wp\/v2\/users\/1"}],"replies":[{"embeddable":true,"href":"https:\/\/portal.hokuryu.info\/az\/wp-json\/wp\/v2\/comments?post=39032"}],"version-history":[{"count":0,"href":"https:\/\/portal.hokuryu.info\/az\/wp-json\/wp\/v2\/posts\/39032\/revisions"}],"wp:featuredmedia":[{"embeddable":true,"href":"https:\/\/portal.hokuryu.info\/az\/wp-json\/wp\/v2\/media\/39023"}],"wp:attachment":[{"href":"https:\/\/portal.hokuryu.info\/az\/wp-json\/wp\/v2\/media?parent=39032"}],"wp:term":[{"taxonomy":"category","embeddable":true,"href":"https:\/\/portal.hokuryu.info\/az\/wp-json\/wp\/v2\/categories?post=39032"},{"taxonomy":"post_tag","embeddable":true,"href":"https:\/\/portal.hokuryu.info\/az\/wp-json\/wp\/v2\/tags?post=39032"}],"curies":[{"name":"wp","href":"https:\/\/api.w.org\/{rel}","templated":true}]}}