{"id":36220,"date":"2023-08-07T09:35:30","date_gmt":"2023-08-07T00:35:30","guid":{"rendered":"https:\/\/portal.hokuryu.info\/?p=36220"},"modified":"2023-08-14T09:55:55","modified_gmt":"2023-08-14T00:55:55","slug":"hokuryu-s%c9%99h%c9%99rinin-meri-yutaka-sano-f%c9%99aliyy%c9%99t-hesabati-4-avqust-cum%c9%99-icmanin-tohf%c9%99si","status":"publish","type":"post","link":"https:\/\/portal.hokuryu.info\/az\/36220\/","title":{"rendered":"Hokuryu \u015f\u0259h\u0259rinin meri Sano Yutaka t\u0259r\u0259find\u0259n f\u0259aliyy\u0259t hesabat\u0131; Avqustun 4-\u00fc (C\u00fcm\u0259) Yerli ictimaiyy\u0259t\u0259 verdiyi t\u00f6hf\u0259l\u0259r\u0259 g\u00f6r\u0259 t\u0259\u015f\u0259kk\u00fcr m\u0259ktubunun t\u0259qdim edilm\u0259si m\u0259rasimi, Miboshi magistral su s\u0131zmas\u0131 q\u0259zas\u0131n\u0131n yerind\u0259 ara\u015fd\u0131rmas\u0131, N\u00fcmay\u0259nd\u0259l\u0259r Palatas\u0131n\u0131n \u00fczv\u00fc \u0130natsu Hisami\u00e7inin seminar\u0131, K\u0259nd T\u0259s\u0259rr\u00fcfat\u0131 Korporasiyas\u0131n\u0131n \u0130vamizava filial\u0131n\u0131n r\u0259hb\u0259rinin ziyar\u0259ti v\u0259 be\u015f g\u00fcn \u0259rzind\u0259 Hokuryu q\u0259s\u0259b\u0259sind\u0259 ya\u015fayan m\u00fc\u015fahid\u0259\u00e7il\u0259r \u00fc\u00e7\u00fcn \u015f\u0259b\u0259k\u0259 t\u0259dbiri"},"content":{"rendered":"<p>Bazar ert\u0259si, 7 avqust 2023-c\u00fc il<\/p>\n<p><center><iframe src=\"https:\/\/www.facebook.com\/plugins\/post.php?href=https%3A%2F%2Fwww.facebook.com%2Fpermalink.php%3Fstory_fbid%3Dpfbid0nVievCq7jRgN6aS9cMbDAb6oPysSnqcrdRPyeREkUjpkTPuUu3KqBQwB4odmcDuXl%26id%3D100071715884260&#038;show_text=true&#038;width=650\" width=\"650\" height=\"922\" style=\"border:none;overflow:hidden\" scrolling=\"no\" frameborder=\"0\" allowfullscreen=\"true\" allow=\"autoplay; clipboard-write; encrypted-media; picture-in-picture; web-share\"><\/iframe><\/center><\/p>","protected":false},"excerpt":{"rendered":"<p>Bazar ert\u0259si, 7 avqust 2023-c\u00fc il<\/p>","protected":false},"author":1,"featured_media":36222,"comment_status":"open","ping_status":"open","sticky":false,"template":"","format":"standard","meta":{"footnotes":""},"categories":[5],"tags":[],"class_list":["post-36220","post","type-post","status-publish","format-standard","has-post-thumbnail","hentry","category-sano-yutaka-formermayor"],"_links":{"self":[{"href":"https:\/\/portal.hokuryu.info\/az\/wp-json\/wp\/v2\/posts\/36220","targetHints":{"allow":["GET"]}}],"collection":[{"href":"https:\/\/portal.hokuryu.info\/az\/wp-json\/wp\/v2\/posts"}],"about":[{"href":"https:\/\/portal.hokuryu.info\/az\/wp-json\/wp\/v2\/types\/post"}],"author":[{"embeddable":true,"href":"https:\/\/portal.hokuryu.info\/az\/wp-json\/wp\/v2\/users\/1"}],"replies":[{"embeddable":true,"href":"https:\/\/portal.hokuryu.info\/az\/wp-json\/wp\/v2\/comments?post=36220"}],"version-history":[{"count":0,"href":"https:\/\/portal.hokuryu.info\/az\/wp-json\/wp\/v2\/posts\/36220\/revisions"}],"wp:featuredmedia":[{"embeddable":true,"href":"https:\/\/portal.hokuryu.info\/az\/wp-json\/wp\/v2\/media\/36222"}],"wp:attachment":[{"href":"https:\/\/portal.hokuryu.info\/az\/wp-json\/wp\/v2\/media?parent=36220"}],"wp:term":[{"taxonomy":"category","embeddable":true,"href":"https:\/\/portal.hokuryu.info\/az\/wp-json\/wp\/v2\/categories?post=36220"},{"taxonomy":"post_tag","embeddable":true,"href":"https:\/\/portal.hokuryu.info\/az\/wp-json\/wp\/v2\/tags?post=36220"}],"curies":[{"name":"wp","href":"https:\/\/api.w.org\/{rel}","templated":true}]}}