{"id":36217,"date":"2023-08-03T09:35:46","date_gmt":"2023-08-03T00:35:46","guid":{"rendered":"https:\/\/portal.hokuryu.info\/?p=36217"},"modified":"2023-08-14T09:51:21","modified_gmt":"2023-08-14T00:51:21","slug":"hokuryu-s%c9%99h%c9%99rinin-meri-yutaka-sano-f%c9%99aliyy%c9%99t-hesabati-2-avqust-c%c9%99rs%c9%99nb%c9%99-axsami-su-m%c9%99nb%c9%99si-mes%c9%99l%c9%99nm%c9%99si","status":"publish","type":"post","link":"https:\/\/portal.hokuryu.info\/az\/36217\/","title":{"rendered":"Hokuryu \u015f\u0259h\u0259rinin meri Yutaka Sano t\u0259r\u0259find\u0259n f\u0259aliyy\u0259t hesabat\u0131: 2 avqust (\u00e7\u0259r\u015f\u0259nb\u0259 g\u00fcn\u00fc) Su M\u0259nb\u0259si Me\u015f\u0259l\u0259rinin B\u0259rpas\u0131 \u00fczr\u0259 \u015eura \u015euras\u0131n\u0131n iclas\u0131 (Tokio), 2024-c\u00fc maliyy\u0259 ilinin b\u00fcdc\u0259 sor\u011fusu f\u0259aliyy\u0259ti \u2726 M\u00fcsahib\u0259 ~ Tsuyoshi Vatanabe, K\u0259nd T\u0259s\u0259rr\u00fcfat\u0131, Me\u015f\u0259 T\u0259s\u0259rr\u00fcfat\u0131 v\u0259 Bal\u0131q\u00e7\u0131l\u0131q Nazirliyinin Nazirl\u0259r Kabinetinin Ba\u015f Katibi, \u2726Toyaya, Toyaya, \u2726 Forest-in M\u00fcsahib\u0259si Agentlik, \u2726 M\u00fcsahib\u0259 ~ Eiji Tanimura, Me\u015f\u0259 Siyas\u0259ti Departamentinin direktoru"},"content":{"rendered":"<p>3 avqust 2023-c\u00fc il, c\u00fcm\u0259 ax\u015fam\u0131<\/p>\n<p><center><iframe src=\"https:\/\/www.facebook.com\/plugins\/post.php?href=https%3A%2F%2Fwww.facebook.com%2Fpermalink.php%3Fstory_fbid%3Dpfbid0ADnZBorvh7VCP96AJfYgRgYzm2EGxsJ1SbAEgr5TbCqeUGHQPJ12dSGrVmL6Jn76l%26id%3D100071715884260&#038;show_text=true&#038;width=650\" width=\"650\" height=\"922\" style=\"border:none;overflow:hidden\" scrolling=\"no\" frameborder=\"0\" allowfullscreen=\"true\" allow=\"autoplay; clipboard-write; encrypted-media; picture-in-picture; web-share\"><\/iframe><\/center><\/p>","protected":false},"excerpt":{"rendered":"<p>3 avqust 2023-c\u00fc il, c\u00fcm\u0259 ax\u015fam\u0131<\/p>","protected":false},"author":1,"featured_media":36218,"comment_status":"open","ping_status":"open","sticky":false,"template":"","format":"standard","meta":{"footnotes":""},"categories":[5],"tags":[],"class_list":["post-36217","post","type-post","status-publish","format-standard","has-post-thumbnail","hentry","category-sano-yutaka-formermayor"],"_links":{"self":[{"href":"https:\/\/portal.hokuryu.info\/az\/wp-json\/wp\/v2\/posts\/36217","targetHints":{"allow":["GET"]}}],"collection":[{"href":"https:\/\/portal.hokuryu.info\/az\/wp-json\/wp\/v2\/posts"}],"about":[{"href":"https:\/\/portal.hokuryu.info\/az\/wp-json\/wp\/v2\/types\/post"}],"author":[{"embeddable":true,"href":"https:\/\/portal.hokuryu.info\/az\/wp-json\/wp\/v2\/users\/1"}],"replies":[{"embeddable":true,"href":"https:\/\/portal.hokuryu.info\/az\/wp-json\/wp\/v2\/comments?post=36217"}],"version-history":[{"count":0,"href":"https:\/\/portal.hokuryu.info\/az\/wp-json\/wp\/v2\/posts\/36217\/revisions"}],"wp:featuredmedia":[{"embeddable":true,"href":"https:\/\/portal.hokuryu.info\/az\/wp-json\/wp\/v2\/media\/36218"}],"wp:attachment":[{"href":"https:\/\/portal.hokuryu.info\/az\/wp-json\/wp\/v2\/media?parent=36217"}],"wp:term":[{"taxonomy":"category","embeddable":true,"href":"https:\/\/portal.hokuryu.info\/az\/wp-json\/wp\/v2\/categories?post=36217"},{"taxonomy":"post_tag","embeddable":true,"href":"https:\/\/portal.hokuryu.info\/az\/wp-json\/wp\/v2\/tags?post=36217"}],"curies":[{"name":"wp","href":"https:\/\/api.w.org\/{rel}","templated":true}]}}